{"id":1006,"date":"2025-05-19T09:45:29","date_gmt":"2025-05-19T09:45:29","guid":{"rendered":"https:\/\/www.inteligenia.info\/?p=1006"},"modified":"2025-05-19T09:45:31","modified_gmt":"2025-05-19T09:45:31","slug":"analisis-del-apagon-en-espana-del-28-de-abril-de-2025-analisis-multidimensional-de-causas-consecuencias-y-escenarios-prospectivos","status":"publish","type":"post","link":"https:\/\/www.inteligenia.info\/home\/analisis-del-apagon-en-espana-del-28-de-abril-de-2025-analisis-multidimensional-de-causas-consecuencias-y-escenarios-prospectivos\/","title":{"rendered":"An\u00e1lisis del Apag\u00f3n en Espa\u00f1a del 28 de Abril de 2025: An\u00e1lisis Multidimensional de Causas, Consecuencias y Escenarios Prospectivos"},"content":{"rendered":"\n<p style=\"font-size:15px\"><\/p>\n\n\n\n<p class=\"has-text-align-center\" style=\"font-size:30px\"><strong>Elaborado por la Unidad de Inteligencia en Pr\u00e1cticas &#8211; 12 de Mayo de 2025<\/strong><\/p>\n\n\n\n<p style=\"font-size:15px\"><strong>INTRODUCCI\u00d3N<\/strong><\/p>\n\n\n\n<p style=\"font-size:15px\">El pasado <strong>28 de abril de 2025 <\/strong>se produjo un <strong>apag\u00f3n nacional <\/strong>que afect\u00f3 a la Pen\u00ednsula Ib\u00e9rica, dejando sin electricidad a millones de personas en <strong>Espa\u00f1a<\/strong>, <strong>Portugal y algunas zonas del sur de Francia<\/strong>. El corte de energ\u00eda <strong>comenz\u00f3 a las 12:33 <\/strong>horas del mediod\u00eda y en algunas partes se prolong\u00f3 hasta 10 horas. Este incidente provoc\u00f3 una <strong>disrupci\u00f3n a nivel general, <\/strong>lo que afect\u00f3 al transporte, a las comunicaciones y a los servicios esenciales en las regiones involucradas.<\/p>\n\n\n\n<p style=\"font-size:15px\">Las <strong>causas del apag\u00f3n siguen siendo investigadas <\/strong>por parte de las autoridades, con informes iniciales que apuntan a una ca\u00edda s\u00fabita y significativa en la generaci\u00f3n de energ\u00eda. Aunque la causa exacta no est\u00e1 clara, el evento ha puesto en el <strong>foco la resiliencia por parte de la infraestructura energ\u00e9tica de Espa\u00f1a<\/strong>, lo que ha generado preocupaci\u00f3n entre la poblaci\u00f3n y los expertos. &nbsp;<\/p>\n\n\n\n<p style=\"font-size:15px\"><strong>CRONOLOG\u00cdA DE LOS HECHOS:<\/strong><\/p>\n\n\n\n<p style=\"font-size:15px\"><strong>28 de abril de 2025:<\/strong><\/p>\n\n\n\n<p style=\"font-size:15px\">\u25cf 12:03- 12:07\/ 12:19- 12:21: Dos <strong>periodos de oscilaciones <\/strong>(variaciones en la potencia y la frecuencia) <strong>en el \u00e1rea s\u00edncrona de la Europa continental<\/strong>. Fueron mitigados por los operadores de Espa\u00f1a y Francia.<\/p>\n\n\n\n<p style=\"font-size:15px\">\u25cf 12:33: <strong>Apag\u00f3n general <\/strong>en toda la Pen\u00ednsula Ib\u00e9rica. Se produce una <strong>p\u00e9rdida de potencia de 15 gigavatios<\/strong>. Esta p\u00e9rdida <strong>super\u00f3 al cortafuegos <\/strong>y al sistema de respaldo, lo que <strong>desconect\u00f3 a Espa\u00f1a de la red europea <\/strong>autom\u00e1ticamente <strong>y caus\u00f3 el apag\u00f3n <\/strong>generalizado.<\/p>\n\n\n\n<p style=\"font-size:15px\">\u25cf 13:00: <strong>Red El\u00e9ctrica Espa\u00f1ola activa planes de restauraci\u00f3n <\/strong>de la electricidad.<\/p>\n\n\n\n<p style=\"font-size:15px\">\u25cf 13:30: <strong>Restauraci\u00f3n parcial de la conexi\u00f3n con la red europea <\/strong>por Catalu\u00f1a.<\/p>\n\n\n\n<p style=\"font-size:15px\">\u25cf 14:00: <strong>Movilizaci\u00f3n <\/strong>de los <strong>servicios de emergencia<\/strong>.<\/p>\n\n\n\n<p style=\"font-size:15px\">\u25cf 15:00: <strong>Reuni\u00f3n <\/strong>extraordinaria del <strong>Consejo de Seguridad Nacional<\/strong>.<\/p>\n\n\n\n<p style=\"font-size:15px\">\u25cf 15:30: <strong>Recuperaci\u00f3n parcial de la tensi\u00f3n <\/strong>en el norte, sur y oeste peninsular y <strong>solicitud de activaci\u00f3n de niveles de emergencia <\/strong>por varias Comunidades Aut\u00f3nomas.<\/p>\n\n\n\n<p style=\"font-size:15px\">\u25cf 17:15: <strong>Conferencia de prensa del Presidente del Gobierno<\/strong>.<\/p>\n\n\n\n<p style=\"font-size:15px\">\u25cf 17:30: <strong>Suministro restaurado en gran parte de la periferia peninsular<\/strong>.<\/p>\n\n\n\n<p style=\"font-size:15px\">\u25cf 18:00: La <strong>Polic\u00eda Nacional activa todas las unidades de seguridad ciudadana<\/strong>.<\/p>\n\n\n\n<p style=\"font-size:15px\">\u25cf 22:00: <strong>40% de la demanda el\u00e9ctrica <\/strong>ya es <strong>atendida<\/strong>.<\/p>\n\n\n\n<p style=\"font-size:15px\">\u25cf 22:50: <strong>Comparecencia del presidente del Gobierno<\/strong>.<\/p>\n\n\n\n<p style=\"font-size:15px\">\u25cf 23:15: El <strong>gobierno reporta alcanzar el 51,3% de la demanda recuperada<\/strong>.<\/p>\n\n\n\n<p style=\"font-size:15px\">\u25cf 23:57: Activaci\u00f3n del <strong>nivel 3 de protecci\u00f3n civil <\/strong>en <strong>Andaluc\u00eda, Castilla La Mancha, Extremadura, Galicia, La Rioja, Madrid, Regi\u00f3n de Murcia y Comunitat Valenciana<\/strong>.<\/p>\n\n\n\n<p style=\"font-size:15px\">\u25cf 23:57: Algunas <strong>Comunidades Aut\u00f3nomas ya han recuperado el 97% <\/strong>del suministro, <strong>otras se encuentran al 13%<\/strong>.<\/p>\n\n\n\n<p style=\"font-size:15px\"><strong>29 de abril de 2025:<\/strong><\/p>\n\n\n\n<p style=\"font-size:15px\">\u25cf <strong>Diversas zonas <\/strong>de Madrid, Barcelona, etc: <strong>habilitadas para que pasen la noche urgencias y viajeros atrapados por el cierre de trenes y aviones<\/strong>.<\/p>\n\n\n\n<p style=\"font-size:15px\">\u25cf 7:00: Atendida el <strong>99.95% de la demanda energ\u00e9tica<\/strong>. El <strong>100% <\/strong>de las s<strong>ubestaciones de la red de transportes <\/strong>est\u00e1n repuestas.<\/p>\n\n\n\n<p style=\"font-size:15px\">\u25cf 9:00: Su Majestad <strong>el Rey preside una nueva reuni\u00f3n extraordinaria del Consejo de Seguridad Nacional en el Palacio de la Moncloa<\/strong>.<\/p>\n\n\n\n<p style=\"font-size:15px\">\u25cf 11:30: <strong>Reuni\u00f3n del comit\u00e9 de coordinaci\u00f3n <\/strong>presidida por el ministro de Interior.<\/p>\n\n\n\n<p style=\"font-size:15px\">\u25cf 13:40: La <strong>Audiencia Nacional comienza investigaciones <\/strong>sobre el apag\u00f3n.<\/p>\n\n\n\n<p style=\"font-size:15px\">\u25cf 15:50<strong>: Segunda reuni\u00f3n extraordinaria del Consejo de Seguridad Nacional del d\u00eda en el Palacio de la Moncloa.<\/strong><\/p>\n\n\n\n<p style=\"font-size:15px\">\u25cf 16:00: El <strong>Presidente comparece para pedir explicaciones a las empresas privadas <\/strong>que gestionan el servicio de electricidad en Espa\u00f1a.<\/p>\n\n\n\n<p style=\"font-size:15px\">\u25cf 17:00: Las <strong>p\u00e9rdidas por el apag\u00f3n <\/strong>del d\u00eda anterior son <strong>valoradas en 1.600 millones.<\/strong><\/p>\n\n\n\n<p style=\"font-size:15px\">\u25cf 18:20: <strong>Bruselas da un plazo de tres meses <\/strong>a Espa\u00f1a <strong>para que explique lo sucedido con el apag\u00f3n.<\/strong><\/p>\n\n\n\n<p style=\"font-size:15px\">\u25cf 20:30: <strong>Reuni\u00f3n del comit\u00e9 de coordinaci\u00f3n <\/strong>presidida por el ministro de Interior.<\/p>\n\n\n\n<p style=\"font-size:15px\"><strong>30 de abril de 2025:<\/strong><\/p>\n\n\n\n<p style=\"font-size:15px\">\u25cf La <strong>Presidenta de la Red El\u00e9ctrica Espa\u00f1ola descarta dimitir.<\/strong><\/p>\n\n\n\n<p style=\"font-size:15px\">\u25cf 10:00: La <strong>Audiencia Nacional descarta <\/strong>que el apag\u00f3n fuese un <strong>ciberataque<\/strong>.<\/p>\n\n\n\n<p style=\"font-size:15px\">\u25cf 12:00: El <strong>recuento de muertos <\/strong>por el apag\u00f3n <strong>alcanza las seis v\u00edctimas<\/strong>.<\/p>\n\n\n\n<p style=\"font-size:15px\">\u25cf 13:40: <strong>Sumar pide <\/strong>que se <strong>depure <\/strong>el <strong>oligopolio de la energ\u00eda<\/strong>.<\/p>\n\n\n\n<p style=\"font-size:15px\"><strong>5 de mayo de 2025:<\/strong><\/p>\n\n\n\n<p style=\"font-size:15px\">\u25cf 9:00: <strong>Red El\u00e9ctrica Espa\u00f1ola pierde 800 millones <\/strong>de euros <strong>en la Bolsa espa\u00f1ola la semana siguiente al apag\u00f3n.<\/strong><\/p>\n\n\n\n<p style=\"font-size:15px\">\u25cf 9:48h: <strong>Aagesen <\/strong>desvela una <strong>nueva p\u00e9rdida 19 segundos antes del apag\u00f3n en varias instalaciones <\/strong>del sur de <strong>Espa\u00f1a.<\/strong><\/p>\n\n\n\n<p style=\"font-size:15px\">\u25cf 20:58: <strong>CNI revela <\/strong>que <strong>S\u00e1nchez dio \u00f3rdenes <\/strong>de <strong>buscar excusas <\/strong>r\u00e1pidas para justificar el <strong>apag\u00f3n nacional.<\/strong><\/p>\n\n\n\n<p style=\"font-size:15px\"><strong>12 de mayo de 2025:<\/strong><\/p>\n\n\n\n<p style=\"font-size:15px\">\u25cf 1:30: El <strong>52,6% de la poblaci\u00f3n cree <\/strong>que el presidente del gobierno, Pedro S\u00e1nchez, <strong>oculta datos del apag\u00f3n.<\/strong><\/p>\n\n\n\n<p style=\"font-size:15px\"><strong>HIP\u00d3TESIS:<\/strong><\/p>\n\n\n\n<p style=\"font-size:15px\"><strong>1. Fen\u00f3meno medioambiental inusual.<\/strong><\/p>\n\n\n\n<p style=\"font-size:15px\">&#8211; Fuente: Gobierno de Portugal.<\/p>\n\n\n\n<p style=\"font-size:15px\">&#8211; Probabilidad: Baja.<\/p>\n\n\n\n<p style=\"font-size:15px\"><strong>2. Ciberataque <\/strong>de un tercer estado o una organizaci\u00f3n criminal.<\/p>\n\n\n\n<p style=\"font-size:15px\">&#8211; Fuente: CNI en las primeras horas de apag\u00f3n.<\/p>\n\n\n\n<p style=\"font-size:15px\">&#8211; Probabilidad: Baja.<\/p>\n\n\n\n<p style=\"font-size:15px\"><strong>3. Fallo t\u00e9cnico <\/strong>del sistema o la infraestructura nacional de energ\u00eda.<\/p>\n\n\n\n<p style=\"font-size:15px\">&#8211; Fuente: Red El\u00e9ctrica Espa\u00f1ola.<\/p>\n\n\n\n<p style=\"font-size:15px\">&#8211; Probabilidad: Media alta.<\/p>\n\n\n\n<p style=\"font-size:15px\"><strong>4. Provocado por el propio Estado.<\/strong><\/p>\n\n\n\n<p style=\"font-size:15px\">&#8211; Fuente: Unidad de Inteligencia en Pr\u00e1cticas<\/p>\n\n\n\n<p style=\"font-size:15px\">&#8211; Probabilidad: Baja.<\/p>\n\n\n\n<p style=\"font-size:15px\"><strong>5. Error de control y gesti\u00f3n <\/strong>del suministro el\u00e9ctrico.<\/p>\n\n\n\n<p style=\"font-size:15px\">&#8211; Fuente: Gobierno de Portugal.<\/p>\n\n\n\n<p style=\"font-size:15px\">&#8211; Probabilidad: Alta.<\/p>\n\n\n\n<p style=\"font-size:15px\"><strong>6. Estrategia<\/strong> para <strong>aumentar el discurso de miedo en la poblaci\u00f3n <\/strong>y que acepte sin reparo el aumento en defensa.<\/p>\n\n\n\n<p style=\"font-size:15px\">&#8211; Fuente: Unidad de Inteligencia en Pr\u00e1cticas<\/p>\n\n\n\n<p style=\"font-size:15px\">&#8211; Probabilidad: Baja.<\/p>\n\n\n\n<p style=\"font-size:15px\"><strong>7. P\u00e9rdida de potencia <\/strong>en el sur de Espa\u00f1a a consecuencia de una <strong>bajada de la frecuencia e incremento en la tensi\u00f3n <\/strong>de la red.<\/p>\n\n\n\n<p style=\"font-size:15px\">&#8211; Fuente: Red Europea de Gestores de Redes de Transporte de Electricidad (ENTSO-E).<\/p>\n\n\n\n<p style=\"font-size:15px\">&#8211; Probabilidad: Alta.<\/p>\n\n\n\n<p style=\"font-size:15px\"><strong>FUTUROS ESCENARIOS POSIBLES<\/strong><\/p>\n\n\n\n<p style=\"font-size:15px\"><strong>ESCENARIO 1: Espa\u00f1a aumenta el uso de la energ\u00eda nuclear.<\/strong><\/p>\n\n\n\n<p style=\"font-size:15px\"><strong>Espa\u00f1a retomar\u00eda el uso de la energ\u00eda nuclear <\/strong>nacional, <strong>generando aspectos positivos<\/strong>, como reducir las grandes emisiones de CO\u2082 y otros gases de efecto invernadero <strong>contribuyendo a los objetivos clim\u00e1ticos europeos<\/strong>; menor dependencia de importaciones energ\u00e9ticas, mejorando su seguridad energ\u00e9tica y sirviendo como respaldo estable para las energ\u00edas renovables intermitentes. Tambi\u00e9n, se incrementar\u00eda significativamente el empleo cualificado en ingenier\u00eda, f\u00edsica nuclear y mantenimiento. Bien es cierto que este escenario exigir\u00eda <strong>inversiones millonarias y d\u00e9cadas de planificaci\u00f3n<\/strong>, para poder reabrir o construir nuevas centrales nucleares, lo que <strong>generar\u00eda fuertes debates sociales <\/strong>sobre la<\/p>\n\n\n\n<p style=\"font-size:15px\">seguridad y la gesti\u00f3n de residuos radiactivos, siendo, de nuevo, los residuos nucleares de alta actividad un problema sin soluci\u00f3n definitiva.<\/p>\n\n\n\n<p style=\"font-size:15px\">Apostar por la energ\u00eda nuclear en Espa\u00f1a podr\u00eda ser una <strong>herramienta \u00fatil para la transici\u00f3n energ\u00e9tica<\/strong>, siempre que existiera una adecuada gesti\u00f3n de los desaf\u00edos t\u00e9cnicos, sociales y medioambientales, adem\u00e1s de poder acarrear con el gasto econ\u00f3mico que suponen.<\/p>\n\n\n\n<p style=\"font-size:15px\"><strong>Probabilidad: <\/strong>Baja.<\/p>\n\n\n\n<p style=\"font-size:15px\"><strong>ESCENARIO 2: Espa\u00f1a logra aumentar las capacidades de almacenaje de energ\u00edas renovables.<\/strong><\/p>\n\n\n\n<p style=\"font-size:15px\">Debido a que en la actualidad <strong>no existe un medio de almacenamiento \u00f3ptimo <\/strong>de energ\u00edas renovables, <strong>este escenario proyecta un aumento de estas capacidades<\/strong>. Con ello se har\u00eda frente a un <strong>mayor aprovechamiento de la energ\u00eda solar y e\u00f3lica<\/strong>, disminuyendo as\u00ed la necesidad de importar energ\u00eda o la utilizaci\u00f3n de combustibles f\u00f3siles como respaldo y <strong>se reducir\u00edan considerablemente los vertidos de energ\u00eda <\/strong>no aprovechada por saturaci\u00f3n de red. Por ende, la <strong>transici\u00f3n energ\u00e9tica ser\u00eda m\u00e1s r\u00e1pida, sostenible y resiliente <\/strong>frente a crisis internacionales y har\u00eda que <strong>Espa\u00f1a se convierta en un l\u00edder tecnol\u00f3gico <\/strong>en bater\u00edas, hidr\u00f3geno verde o bombeo hidr\u00e1ulico. Asimismo, el <strong>precio de la electricidad podr\u00eda volverse m\u00e1s estable y predecible <\/strong>para consumidores e industrias e incluso producir un descenso en los precios. Es cierto que para cumplimiento de este escenario, las <strong>redes el\u00e9ctricas tendr\u00edan que modernizarse <\/strong>para integrar estos nuevos sistemas de almacenamiento.<\/p>\n\n\n\n<p style=\"font-size:15px\">Aumentar la capacidad de almacenamiento renovable <strong>convertir\u00eda a Espa\u00f1a en un modelo de sostenibilidad energ\u00e9tica<\/strong>, favoreciendo una econom\u00eda verde, estable y con proyecci\u00f3n internacional.<\/p>\n\n\n\n<p style=\"font-size:15px\"><strong>Probabilidad: <\/strong>Media- Alta.<\/p>\n\n\n\n<p style=\"font-size:15px\"><strong>ESCENARIO 3: Espa\u00f1a consigue independizarse de las energ\u00edas f\u00f3siles.<\/strong><\/p>\n\n\n\n<p style=\"font-size:15px\">El enfoque se centra en la <strong>total independencia de Espa\u00f1a de las energ\u00edas f\u00f3siles<\/strong>, lo que eliminar\u00eda por completo la sujeci\u00f3n de Espa\u00f1a con el gas y el petr\u00f3leo extranjero, especialmente de pa\u00edses inestables o estados no aliados, <strong>ahorrando <\/strong>as\u00ed, <strong>miles de millones en importaciones <\/strong>de combustibles cada a\u00f1o. El transporte, la industria y la calefacci\u00f3n se electrificar\u00edan en su mayor\u00eda, con energ\u00eda limpia, regener\u00e1ndose y, por ende, mejorando la calidad del aire notablemente, reduciendo enfermedades respiratorias y cardiovasculares. Sin embargo, habr\u00eda que lidiar con el hecho de que <strong>algunos sectores<\/strong>, como el del gas natural y el petr\u00f3leo, <strong>sufrir\u00edan p\u00e9rdidas econ\u00f3micas y reconversiones laborales<\/strong>. Con este escenario, <strong>Espa\u00f1a cumplir\u00eda <\/strong>de manera precoz y acelerada con los <strong>objetivos clim\u00e1ticos de la UE y el Acuerdo de Par\u00eds <\/strong>y podr\u00eda invertir en exportar energ\u00eda renovable o tecnolog\u00eda verde, reforzando su posici\u00f3n en Europa, pero <strong>no sin encontrar resistencia de grandes lobbies internacionales y cierto rechazo social.<\/strong><\/p>\n\n\n\n<p style=\"font-size:15px\">Alcanzar la independencia de los combustibles f\u00f3siles <strong>posicionar\u00eda a Espa\u00f1a como un referente mundial en transici\u00f3n ecol\u00f3gica<\/strong>, aunque requerir\u00eda una planificaci\u00f3n justa y reorientaci\u00f3n para los sectores afectados.<\/p>\n\n\n\n<p style=\"font-size:15px\"><strong>Probabilidad: <\/strong>Baja.<\/p>\n\n\n\n<p style=\"font-size:15px\"><strong>ESCENARIO 4: Espa\u00f1a alcanza nuevos acuerdos energ\u00e9ticos con pa\u00edses vecinos.<\/strong><\/p>\n\n\n\n<p style=\"font-size:15px\">En previsi\u00f3n de posibles bajadas de tensi\u00f3n o volver a un apag\u00f3n nacional como el del lunes 28 de abril, <strong>el gobierno, <\/strong>a trav\u00e9s del Ministerio de Asuntos Exteriores, llevar\u00eda a cabo y <strong>alcanzar\u00eda diversos acuerdos en relaci\u00f3n con la energ\u00eda <\/strong>con los pa\u00edses geogr\u00e1ficamente m\u00e1s cercanos: Portugal, Francia y Marruecos.<\/p>\n\n\n\n<p style=\"font-size:15px\">Estos acuerdos <strong>permitir\u00edan <\/strong>tener una <strong>mayor seguridad <\/strong>y tranquilidad ante situaciones similares pr\u00f3ximas <strong>y fomentar\u00edan una relaci\u00f3n de cooperaci\u00f3n y ayuda <\/strong>entre las naciones involucradas, lo que posteriormente favorecer\u00eda las relaciones internacionales entre los implicados en otras materias relacionadas o de inter\u00e9s mutuo.<\/p>\n\n\n\n<p style=\"font-size:15px\"><strong>Probabilidad: <\/strong>Media &#8211; alta.<\/p>\n\n\n\n<p style=\"font-size:15px\"><strong>ESCENARIO 5: Las infraestructuras cr\u00edticas de Espa\u00f1a se centran en su modernizaci\u00f3n, digitalizaci\u00f3n y securizaci\u00f3n.<\/strong><\/p>\n\n\n\n<p style=\"font-size:15px\">Tras el apag\u00f3n, <strong>Red El\u00e9ctrica Espa\u00f1ola y otros agentes <\/strong>implicados en el sector energ\u00e9tico, con la ayuda del gobierno central y las Comunidades Aut\u00f3nomas, <strong>se centrar\u00edan en la modernizaci\u00f3n, digitalizaci\u00f3n y securizaci\u00f3n de la red el\u00e9ctrica <\/strong>anticuada que tiene el pa\u00eds en la actualidad.<\/p>\n\n\n\n<p style=\"font-size:15px\">Los <strong>proyectos <\/strong>de millones de euros <strong>se tomar\u00edan su tiempo en ser aprobados. <\/strong>Posteriormente y de <strong>manera paulatina<\/strong>, la <strong>red se cambiar\u00eda para permitir un mayor control <\/strong>de la misma <strong>con tecnolog\u00eda puntera <\/strong>y favoreciendo los materiales de producci\u00f3n nacional. Este mayor dominio sobre la red, dar\u00eda la capacidad de una <strong>mejor gesti\u00f3n <\/strong>de la misma, <strong>abaratando <\/strong>los <strong>costes<\/strong>, <strong>ahorrando energ\u00eda y favoreciendo la reducci\u00f3n de la dependencia en la producci\u00f3n de electricidad de fuentes renovables, como la fotovoltaica o la e\u00f3lica.<\/strong><\/p>\n\n\n\n<p style=\"font-size:15px\"><strong>Probabilidad: Media &#8211; alta.<\/strong><\/p>\n\n\n\n<p style=\"font-size:15px\"><strong>ESCENARIO 6 (Escenario infierno): Ataques a las infraestructuras cr\u00edticas de la Red el\u00e9ctrica mediante ciberataques masivos.<\/strong><\/p>\n\n\n\n<p style=\"font-size:15px\">Espa\u00f1a y la <strong>Administraci\u00f3n General del Estado<\/strong>, especialmente ciertos ministerios clave como Sanidad, Defensa, Hacienda, Econom\u00eda o Interior, <strong>comenzar\u00edan a sufrir ciberataques masivos <\/strong>en sus sistemas el\u00e9ctricos y de ciberseguridad. Pese al aumento de la inversi\u00f3n en ciberdefensa por parte del gobierno, estas <strong>amenazas conseguir\u00edan penetrar <\/strong>en los sistemas bajo ataque <strong>y producir\u00edan diversos apagones <\/strong>en la red, borrados, <strong>robos de informaci\u00f3n <\/strong>o, incluso, <strong>\u00f3rdenes y autorizaciones falsas <\/strong>que provocar\u00edan el caos o <strong>evidenciar\u00edan vulnerabilidades <\/strong>que terceros pa\u00edses podr\u00edan aprovechar.<\/p>\n\n\n\n<p style=\"font-size:15px\">Esta vulnerabilidad <strong>reflejar\u00eda <\/strong>a la comunidad internacional un <strong>estado d\u00e9bil y sin control efectivo de la situaci\u00f3n<\/strong>, convirtiendo a Espa\u00f1a en un <strong>aliado poco fiable<\/strong>. Adem\u00e1s, las diversas acciones llevadas a cabo tras los hackeos se plasmar\u00e1n en <strong>grandes p\u00e9rdidas econ\u00f3micas y en situaciones de caos e inseguridad social.<\/strong><\/p>\n\n\n\n<p style=\"font-size:15px\">Todo esto llevar\u00eda a una <strong>alta tasa de paro e inflaci\u00f3n. <\/strong>La p\u00e9rdida masiva de empleos y la subida desproporcionada de los costes sumir\u00eda en el desorden al pa\u00eds. Con bastante probabilidad, se ejecutar\u00eda un \u00e9xodo masivo de poblaci\u00f3n a las zonas rurales para paliar relativamente la situaci\u00f3n, pero <strong>el gobierno central <\/strong>se ver\u00eda obligado, igualmente, a <strong>llevar a cabo medidas <\/strong>de racionamiento de comida y de control militar de las calles <strong>para evitar mayor caos social.<\/strong><\/p>\n\n\n\n<p style=\"font-size:15px\"><strong>Probabilidad: <\/strong>Media &#8211; baja.<\/p>\n\n\n\n<p style=\"font-size:15px\"><strong>ESCENARIO 7 (Escenario cielo): Autosuficiencia con energ\u00edas renovables.<\/strong><\/p>\n\n\n\n<p style=\"font-size:15px\">La mejora del <strong>almacenamiento de la energ\u00eda <\/strong>mediante el uso de bater\u00edas o sistemas de bombeo hidr\u00e1ulico y de la eficiencia de las fuentes, as\u00ed como de la <strong>concienciaci\u00f3n <\/strong>de la poblaci\u00f3n sobre el autoconsumo y la sostenibilidad, <strong>conseguir\u00edan sostener un sistema energ\u00e9tico basado al 100% en las energ\u00edas renovables. <\/strong>Todo esto tiene como consecuencia una gran estabilidad y <strong>abaratamiento del coste en la producci\u00f3n de energ\u00eda<\/strong>, lo que se plasma tambi\u00e9n en los precios finales ante el consumidor.<\/p>\n\n\n\n<p style=\"font-size:15px\">Gracias a una mayor inversi\u00f3n y planificaci\u00f3n industrial, <strong>Espa\u00f1a se convertir\u00eda en un referente internacional de las energ\u00edas renovables <\/strong>y superar\u00eda la mala posici\u00f3n en la que actualmente se encuentra despu\u00e9s del reciente apag\u00f3n. El <strong>sistema espa\u00f1ol <\/strong>de obtenci\u00f3n y suministro el\u00e9ctrico, ser\u00eda <strong>copiado y adaptado r\u00e1pidamente entre nuestros principales aliados <\/strong>(Alemania, EEUU, Francia o Italia, entre otros) contando en un gran porcentaje con la <strong>participaci\u00f3n de importantes empresas espa\u00f1olas.<\/strong><\/p>\n\n\n\n<p style=\"font-size:15px\">Esto conllevar\u00eda un efecto importante en la econom\u00eda, produciendo un <strong>resurgir de la industria y generando miles de empleos <\/strong>directos e indirectos en diferentes niveles educativos y orientaciones profesionales, lo que ayudar\u00eda a <strong>reducir el paro y bajar la inflaci\u00f3n econ\u00f3mica<\/strong>.<\/p>\n\n\n\n<p style=\"font-size:15px\"><strong>Probabilidad: <\/strong>Baja.<\/p>\n\n\n\n<p style=\"font-size:15px\"><strong>ESCENARIO 8: Descubrimiento y explotaci\u00f3n de nuevas fuentes duraderas y fiables de energ\u00eda.<\/strong><\/p>\n\n\n\n<p style=\"font-size:15px\">En 2024 la energ\u00eda nuclear aport\u00f3 el 20% de la electricidad, situ\u00e1ndose como la segunda fuente de energ\u00eda tras la e\u00f3lica, que supuso el 23,2%. La modernizaci\u00f3n del parque renovable ha evidenciado la necesidad de contar con una generaci\u00f3n de base firme que compense las fluctuaciones de sol y viento.<\/p>\n\n\n\n<p style=\"font-size:15px\">El <strong>papel del uranio ser\u00eda de alta relevancia <\/strong>en Espa\u00f1a, ya que es el segundo titular (28.500 t) de reservas estimadas a nivel europeo por detr\u00e1s de la Rep\u00fablica Checa. Estas reservas fueron explotadas hasta finales de los a\u00f1os 90. La Sociedad Nuclear Espa\u00f1ola destaca que <strong>el uranio es el combustible por excelencia de los reactores nucleares <\/strong>y no tiene un uso industrial alternativo relevante. La <strong>relocalizaci\u00f3n de la miner\u00eda de uranio <\/strong>permitir\u00eda <strong>reducir la dependencia de suministros externos <\/strong>y garantizar el acceso a combustible a un plazo de tiempo m\u00e1s largo.<\/p>\n\n\n\n<p style=\"font-size:15px\">Las zonas en las que m\u00e1s abunda el uranio son Castilla y Le\u00f3n (en donde se encuentra el mayor yacimiento del Macizo Ib\u00e9rico, el \u2018Saelices el Chico\u2019) y Extremadura. Por otro lado, las zonas en donde m\u00e1s escasea son Galicia, las Islas Baleares y Andaluc\u00eda meridional. El uso de uranio propio permitir\u00eda reducir la dependencia de importaciones de pa\u00edses con riesgos geopol\u00edticos, lo que asegurar\u00eda el abastecimiento de combustible para toda la flota nuclear.<\/p>\n\n\n\n<p style=\"font-size:15px\">La puesta en valor de las reservas de uranio <strong>permitir\u00eda prevenir la recurrencia de apagones garantizando un suministro estable y aut\u00f3nomo <\/strong>que reforzar\u00eda la seguridad energ\u00e9tica de Espa\u00f1a.<\/p>\n\n\n\n<p style=\"font-size:15px\"><strong>Probabilidad: <\/strong>Baja.<\/p>\n\n\n\n<p style=\"font-size:15px\"><strong>ESCENARIO 9: Reforma de la Estrategia Nacional de Ciberseguridad 2019 y la elaboraci\u00f3n de planes de contingencia para la sociedad.<\/strong><\/p>\n\n\n\n<p style=\"font-size:15px\">La <strong>Estrategia de 2019 reconoce la amenaza a las infraestructuras cr\u00edticas<\/strong>, entre las que se encuentra la red el\u00e9ctrica, tambi\u00e9n <strong>establece l\u00edneas de acci\u00f3n <\/strong>para reforzar la resiliencia de redes y sistemas de informaci\u00f3n que sostienen servicios esenciales; sin embargo, <strong>no <\/strong>incluye escenarios concretos sobre apagones ni <strong>describe qu\u00e9 pasos habr\u00eda que seguir <\/strong>ante un supuesto corte masivo de suministro el\u00e9ctrico en Espa\u00f1a.<\/p>\n\n\n\n<p style=\"font-size:15px\">Esta <strong>reforma establecer\u00eda un protocolo claro <\/strong>seg\u00fan los distintos niveles de alerta <strong>y responsabilidades compartidas <\/strong>entre los organismos competentes. Tambi\u00e9n <strong>integrar\u00eda a Red El\u00e9ctrica en los centros de coordinaci\u00f3n de ciberseguridad <\/strong>para mejorar la comunicaci\u00f3n, y <strong>ofrecer\u00eda formaci\u00f3n a los equipos y expertos en seguridad <\/strong>para estar preparados a la hora de detectar y responder la anomal\u00eda con rapidez.<\/p>\n\n\n\n<p style=\"font-size:15px\">Es por ello que <strong>se har\u00eda necesaria y se llevar\u00eda a cabo una reforma <\/strong>completa de la Estrategia Nacional de Ciberseguridad, siendo esta <strong>alineada con la Estrategia Nacional de Defensa<\/strong>, la <strong>agenda de pol\u00edtica exterior <\/strong>del gobierno y la <strong>planificaci\u00f3n prospectiva de las Fuerzas Armadas <\/strong>(en relaci\u00f3n con proyectos como \u00abArmada 2050\u00bb y \u00abFuerza 2035\u00bb).<\/p>\n\n\n\n<p style=\"font-size:15px\"><strong>Probabilidad: <\/strong>Media-Alta.<\/p>\n\n\n\n<p style=\"font-size:15px\"><strong>ESCENARIOS ESPEC\u00cdFICOS SI SE PRODUCEN M\u00c1S APAGONES<\/strong><\/p>\n\n\n\n<p style=\"font-size:15px\"><strong>ESCENARIO 1: Apagones en Comunidades Aut\u00f3nomas espec\u00edficas seg\u00fan \u00e9poca del a\u00f1o.<\/strong><\/p>\n\n\n\n<p style=\"font-size:15px\">1.1 Apagones reiterados en la comunidad aut\u00f3noma de Andaluc\u00eda en \u00e9poca de verano.<\/p>\n\n\n\n<p style=\"font-size:15px\">Andaluc\u00eda sufrir\u00eda apagones reiterados en \u00e9poca de <strong>verano<\/strong>, como sucedi\u00f3 en 2004, debido a la vinculaci\u00f3n entre sus <strong>elevadas temperaturas <\/strong>y el <strong>aumento del consumo el\u00e9ctrico de los ciudadanos<\/strong>, que sobrepasar\u00e1 el l\u00edmite de producci\u00f3n\/demanda, ya que Andaluc\u00eda enfrenta olas de calor intensas, que incrementan significativamente el uso de sistemas de climatizaci\u00f3n en hogares, empresas e industrias. La <strong>infraestructura el\u00e9ctrica espa\u00f1ola es vulnerable<\/strong>, reflejado con el reciente apag\u00f3n nacional, pero adem\u00e1s la <strong>red de distribuci\u00f3n <\/strong>en algunas \u00e1reas de Andaluc\u00eda presenta <strong>limitaciones que pueden dificultar la gesti\u00f3n de picos de demanda<\/strong>. Por a\u00f1adido, la regi\u00f3n depende en gran medida de dos fuentes de energ\u00eda, petr\u00f3leo (45%) y gas natural (21,3%), lo que puede <strong>limitar la flexibilidad del sistema el\u00e9ctrico <\/strong>para adaptarse a fluctuaciones en la demanda o interrupciones en el suministro.<\/p>\n\n\n\n<p style=\"font-size:15px\">Es cierto que se han activado e implementado <strong>planes de garant\u00eda de suministro el\u00e9ctrico <\/strong>los pasados a\u00f1os en esta \u00e9poca, y se han realizado inspecciones y mantenimiento preventivo, pero aun as\u00ed, la <strong>infraestructura a\u00fan enfrenta desaf\u00edos para adaptarse a las crecientes exigencias energ\u00e9ticas<\/strong>, y m\u00e1s ahora despu\u00e9s del cero energ\u00e9tico producido.<\/p>\n\n\n\n<p style=\"font-size:15px\">Este escenario <strong>afectar\u00eda <\/strong>a factores tan importantes como la <strong>seguridad, <\/strong>ya que el alumbrado p\u00fablico por las noches y los sistemas de videovigilancia fallar\u00edan por lo que aumentar\u00eda la inseguridad, la <strong>salud<\/strong>, propiciando golpes de calor, que no podr\u00e1n ser atendidos por la interrupci\u00f3n de servicios sanitarios y a la <strong>vida cotidiana<\/strong>, con cortes de agua, limitaci\u00f3n de comunicaciones,etc.<\/p>\n\n\n\n<p style=\"font-size:15px\">En concreto, todos estos efectos y sobre todo para Andaluc\u00eda en verano, generar\u00edan p\u00e9rdidas econ\u00f3micas masivas, ya que el factor mayormente afectado ser\u00eda el <strong>turismo, comercios, industrias, hoteles y supermercados<\/strong>.<\/p>\n\n\n\n<p style=\"font-size:15px\"><strong>Probabilidad<\/strong>: Alta<\/p>\n\n\n\n<p style=\"font-size:15px\">1.2 Apagones reiterados en la comunidad aut\u00f3noma de Castilla y Le\u00f3n en \u00e9poca de invierno.<\/p>\n\n\n\n<p style=\"font-size:15px\"><strong>Castilla y Le\u00f3n <\/strong>sufrir\u00eda apagones reiterados en \u00e9poca de invierno, debido a su <strong>ubicaci\u00f3n geogr\u00e1fica<\/strong>, ya que se encuentra en una zona de Espa\u00f1a donde en invierno se producen temperaturas de fr\u00edo extremas, haciendo que el consumo de energ\u00eda y la demanda de electricidad aumente y sobrepase el l\u00edmite por el uso de la calefacci\u00f3n. La <strong>industria <\/strong>que posee la regi\u00f3n es muy <strong>sensible a los cortes de energ\u00eda<\/strong>, lo que acabar\u00eda provocando problemas econ\u00f3micos y sociales. Al igual que la infraestructura nacional, actualmente la infraestructura energ\u00e9tica en Castilla y Le\u00f3n <strong>no est\u00e1 preparada para soportar la demanda alta durante los meses de invierno<\/strong>.<\/p>\n\n\n\n<p style=\"font-size:15px\">En este escenario, las consecuencias ser\u00edan <strong>graves y posiblemente m\u00e1s peligrosas <\/strong>que en otras estaciones, dada la dependencia del suministro el\u00e9ctrico para la calefacci\u00f3n, el transporte y la vida diaria en climas fr\u00edos. Algunos de ellos ser\u00edan riesgo de hipotermias, <strong>mayor incidencia de enfermedades y sobre todo el aumento de uso de m\u00e9todos peligrosos <\/strong>de calefacci\u00f3n, todo ello con <strong>colapsos en los servicios esenciales de salud.<\/strong><\/p>\n\n\n\n<p style=\"font-size:15px\"><strong>Probabilidad<\/strong>: Alta<\/p>\n\n\n\n<p style=\"font-size:15px\"><strong>ESCENARIO 2: Apagones en Comunidades Aut\u00f3nomas (CC. AA.) seg\u00fan la demanda y la producci\u00f3n.<\/strong><\/p>\n\n\n\n<p style=\"font-size:15px\">2.1 Apag\u00f3n en Castilla y Le\u00f3n y CC. AA. dependientes.<\/p>\n\n\n\n<p style=\"font-size:15px\"><strong>Castilla y Le\u00f3n sufrir\u00eda un apag\u00f3n debido a la caracter\u00edstica impredecible de las energ\u00edas renovables<\/strong>, afectando <strong>tambi\u00e9n a otras CC. AA. que no sean autosuficientes <\/strong>y necesiten del excedente de energ\u00eda de Castilla y Le\u00f3n para suplir la demanda.<\/p>\n\n\n\n<p style=\"font-size:15px\">Castilla y Le\u00f3n es la Comunidad Aut\u00f3noma (C.A.) con <strong>mayor generaci\u00f3n de energ\u00eda a partir de las energ\u00edas renovables<\/strong>, siendo esta el 92,8 % del total de la energ\u00eda que produce. Sus principales <strong>fuentes <\/strong>son la <strong>e\u00f3lica <\/strong>(46,2%) y la <strong>hidr\u00e1ulica <\/strong>(32,5%). Adem\u00e1s, es una de las pocas CC. AA. que <strong>produce m\u00e1s de lo que demanda<\/strong>. Esto la convierte en una C.A. <strong>fundamental para el aporte el\u00e9ctrico al resto de comunidades <\/strong>que no son autosuficientes.<\/p>\n\n\n\n<p style=\"font-size:15px\">Sin embargo, el hecho de que <strong>casi la totalidad de sus fuentes <\/strong>sean <strong>renovables <\/strong>la hace impredecible ya que <strong>depende de las condiciones clim\u00e1ticas<\/strong>, sobre todo del viento, para obtener energ\u00eda. Por ende, <strong>si las condiciones clim\u00e1ticas no favorecen esa generaci\u00f3n de energ\u00eda, podr\u00eda generarse una insuficiencia en la red <\/strong>que produjese un apag\u00f3n en Castilla y Le\u00f3n al no tener suficiente energ\u00eda, afectando as\u00ed a otras comunidades dependientes.<\/p>\n\n\n\n<p style=\"font-size:15px\"><strong>Probabilidad: <\/strong>Media.<\/p>\n\n\n\n<p style=\"font-size:15px\">2.2 Apag\u00f3n en la Comunidad de Madrid.<\/p>\n\n\n\n<p style=\"font-size:15px\">Se produce una <strong>falta de excedente de energ\u00eda en las CC. AA. espa\u00f1olas<\/strong>, por una alta demanda de la poblaci\u00f3n. <strong>Madrid, <\/strong>por su condici\u00f3n de ser la capital espa\u00f1ola, y tener la mayor cantidad de habitantes de Espa\u00f1a, <strong>no puede abastecer la alta demanda<\/strong>, porque \u00e9sta ha superado su l\u00edmite de producci\u00f3n, siendo el 4,8% de lo<\/p>\n\n\n\n<p style=\"font-size:15px\">que consume. Debido a que Madrid <strong>es totalmente dependiente de la energ\u00eda excedente que produce el resto de CC. AA.<\/strong>, y que en este caso ese excedente no existir\u00eda, se producir\u00eda el apag\u00f3n en la capital, reflejando ser una regi\u00f3n vulnerable y con m\u00e1s posibilidades de apagones reiterados que las CC. AA. m\u00e1s autosuficientes.<\/p>\n\n\n\n<p style=\"font-size:15px\"><strong>Probabilidad<\/strong>: Media.<\/p>\n\n\n\n<p style=\"font-size:15px\"><strong>ESCENARIO 3: Crisis institucional y social (Escenario infierno).<\/strong><\/p>\n\n\n\n<p style=\"font-size:15px\">Tras el apag\u00f3n, la sociedad llevar\u00eda durante unas <strong>primeras horas una clara confusi\u00f3n, incertidumbre generalizada <\/strong>y se podr\u00eda incluir hasta negaci\u00f3n de lo que est\u00e1 ocurriendo. Sin dejar eso de lado, habr\u00eda una <strong>mayor cohesi\u00f3n referida a <\/strong>que sobre todo en barrios y <strong>zonas <\/strong>con mayor cohesi\u00f3n <strong>comunitaria, <\/strong>los vecinos comenzar\u00edan a compartir recursos b\u00e1sicos. Adem\u00e1s, se <strong>constituir\u00edan grupos autoorganizados <\/strong>para proteger por ejemplo a mayores o informar a otros. Los d\u00edas siguientes esta <strong>sensaci\u00f3n de cohesi\u00f3n sufrir\u00eda diversas crisis y se formar\u00edan grupos m\u00e1s peque\u00f1os <\/strong>con un enfoque en las relaciones previas de amistad y familia.<\/p>\n\n\n\n<p style=\"font-size:15px\">La p\u00e9rdida reiterada y\/o alargada de suministro el\u00e9ctrico en la poblaci\u00f3n, <strong>agravar\u00eda m\u00e1s la ya importante crisis institucional <\/strong>actual de ciertas administraci\u00f3n p\u00fablicas espa\u00f1olas, agrandando el descontento general. Esto se plasmar\u00eda en intensas <strong>campa\u00f1as y di\u00e1logos contrarios al gobierno en redes sociales<\/strong>, <strong>manifestaciones multitudinarias <\/strong>en plazas y calles clave <strong>de las ciudades importantes <\/strong>de Espa\u00f1a, como Barcelona, Bilbao, Madrid, Pamplona, Sevilla o Valencia y en una mayor <strong>crisis y rivalidad interna entre y en los partidos pol\u00edticos que participan en las Cortes Generales<\/strong>. Posteriormente a los apagones, <strong>este tipo de crisis persistir\u00eda, <\/strong>siendo m\u00e1s intensas en funci\u00f3n de diversos factores, como el n\u00famero de apagones o la duraci\u00f3n de los mismos.<\/p>\n\n\n\n<p style=\"font-size:15px\">Esta <strong>erosi\u00f3n de confianza en el Ejecutivo <\/strong>dar\u00eda lugar a una <strong>crisis pol\u00edtica interna<\/strong>, en la cual los partidos de la oposici\u00f3n reclamar\u00edan responsabilidades y, por ende, dimisiones, a la vez que crecer\u00eda la presi\u00f3n medi\u00e1tica sobre los l\u00edderes pol\u00edticos.<\/p>\n\n\n\n<p style=\"font-size:15px\">Esta situaci\u00f3n <strong>obligar\u00eda al Gobierno central <\/strong>y a la c\u00fapula del Ejecutivo a <strong>destinar esfuerzos y recursos para paliar estos efectos <\/strong>sociales y pol\u00edticos, <strong>mientras luchan en un ambiente cada vez m\u00e1s adverso <\/strong>para promover y conseguir aprobar sus medidas pol\u00edticas.<\/p>\n\n\n\n<p style=\"font-size:15px\"><strong>Se elaborar\u00edan <\/strong>conjuntamente entre el Ministerio de Defensa y el Ministerio de Interior, <strong>protocolos de actuaci\u00f3n <\/strong>para futuros apagones centrados en la protecci\u00f3n de infraestructuras cr\u00edticas e instalaciones clave de car\u00e1cter pol\u00edtico y militar, as\u00ed como, en la vigilancia urbana o en el control de masas.<\/p>\n\n\n\n<p style=\"font-size:15px\">En el caso de nuevos apagones, cuando el <strong>Gobierno central <\/strong>lo considere, se <strong>activar\u00edan <\/strong>los <strong>protocolos correspondientes <\/strong>con una serie de medidas pol\u00edticas, sociales y legislativas, donde a las <strong>Fuerzas Armadas le ser\u00edan asignadas diversas misiones <\/strong>en territorio nacional, con el fin de mantener el orden y la paz social, <strong>en coordinaci\u00f3n <\/strong>a las misiones de mantenimiento del orden p\u00fablico de los <strong>Cuerpos de Seguridad del Estado<\/strong>, formados por la Polic\u00eda Nacional, polic\u00edas auton\u00f3micas y polic\u00edas locales. Una de las reacciones por parte del Gobierno ante la ola de protestas, podr\u00eda ser la <strong>prohibici\u00f3n y banalizaci\u00f3n <\/strong>de estas mismas <strong>concentraciones, <\/strong>mediante los Cuerpos y las Fuerzas de Seguridad del Estado; alimentando a\u00fan m\u00e1s el desencanto y la crispaci\u00f3n social y profundizando la <strong>polarizaci\u00f3n de la sociedad.<\/strong><\/p>\n\n\n\n<p style=\"font-size:15px\">Entre estas medidas, se <strong>formar\u00edan patrullas y diversos contingentes de vigilancia<\/strong>. Adem\u00e1s, se impondr\u00eda <strong>seguridad militar a instalaciones clave del gobierno <\/strong>como el Palacio de la Moncloa, el Congreso de los Diputados, el Senado o los Cuarteles Generales, as\u00ed como <strong>a infraestructuras cr\u00edticas <\/strong>como aeropuertos, puertos navales o centrales de producci\u00f3n el\u00e9ctrica.<\/p>\n\n\n\n<p style=\"font-size:15px\">Esta situaci\u00f3n dar\u00eda lugar a una <strong>divisi\u00f3n de la sociedad, <\/strong>donde por un lado existir\u00eda la <strong>resistencia a este control<\/strong>, debido a la constante supervisi\u00f3n militar y retirada de derechos fundamentales y por otro, <strong>una parte de la sociedad que aceptar\u00eda de manera gradual <\/strong>la nueva realidad, <strong>adoptando una actitud cooperativa.<\/strong><\/p>\n\n\n\n<p style=\"font-size:15px\"><strong>Probabilidad: <\/strong>Media- Alta<\/p>\n\n\n\n<p style=\"font-size:15px\"><strong>ESCENARIO 4: Apagones en los pa\u00edses vecinos de Espa\u00f1a<\/strong><\/p>\n\n\n\n<p style=\"font-size:15px\">Se producen apagones en los pa\u00edses vecinos de Espa\u00f1a, debido a las interconexiones el\u00e9ctricas teniendo efectos directos sobre el suministro y la estabilidad del sistema espa\u00f1ol.<\/p>\n\n\n\n<p style=\"font-size:15px\">4.1 Apag\u00f3n general en Portugal<\/p>\n\n\n\n<p style=\"font-size:15px\">Se generar\u00eda un <strong>apag\u00f3n general en Portugal <\/strong>y\/o en sus zonas colindantes con Espa\u00f1a, desconectando la interconexi\u00f3n el\u00e9ctrica y creando zonas fronterizas que no tendr\u00edan respaldo adicional cuando la demanda aumente, incrementando el <strong>riesgo de cortes localizados<\/strong>. En las comarcas fronterizas, principales afectadas en territorio espa\u00f1ol, el recorte de intercambios se traducir\u00eda en <strong>menores flujos de trabajo para contratistas locales y posibles interrupciones en el suministro de agua <\/strong>(dependiente de las estaciones de bombeo el\u00e9ctricas). Asimismo, tanto la <strong>miner\u00eda <\/strong>como el <strong>turismo rural <\/strong>podr\u00edan verse afectados por restricciones el\u00e9ctricas conjuntas, con el efecto directo en la hosteler\u00eda y el peque\u00f1o comercio.<\/p>\n\n\n\n<p style=\"font-size:15px\">4. 2 Apag\u00f3n general en Francia<\/p>\n\n\n\n<p style=\"font-size:15px\">Se generar\u00eda un apag\u00f3n general en Francia, provocando que Espa\u00f1a deje de recibir la energ\u00eda que llega por los cables y el sistema ib\u00e9rico, pasando Espa\u00f1a a desempe\u00f1ar una situaci\u00f3n de <strong>isla energ\u00e9tica <\/strong>m\u00e1s pronunciada, con un <strong>margen de maniobra menor, <\/strong>ante los picos de demanda. Sin la llegada de la energ\u00eda nuclear francesa, el precio de la energ\u00eda en Espa\u00f1a se duplicar\u00eda, hasta niveles vistos en<\/p>\n\n\n\n<p style=\"font-size:15px\">crisis anteriores, en concreto en las <strong>horas valle, <\/strong>donde Francia exporta a Espa\u00f1a energ\u00eda a un precio m\u00e1s barato.<\/p>\n\n\n\n<p style=\"font-size:15px\">El encarecimiento de los precios impactar\u00eda a nivel dom\u00e9stico y comercial, sobre todo en los hogares m\u00e1s vulnerables. Para poder solventar esta carencia, ser\u00eda necesario poner en funcionamiento las <strong>centrales de gas<\/strong>, aumentando el <strong>costo econ\u00f3mico <\/strong>y los <strong>contaminantes<\/strong>. Esta medida aumentar\u00eda la <strong>presi\u00f3n sobre los costes <\/strong>e incrementar\u00eda el <strong>riesgo de interrupciones puntuales en el suministro, <\/strong>en el caso que la demanda supere la capacidad de generaci\u00f3n interna.<\/p>\n\n\n\n<p style=\"font-size:15px\"><strong>Probabilidad: <\/strong>Media-Alta<\/p>\n\n\n\n<p style=\"font-size:15px\"><strong>ESCENARIO 5 (Escenario cielo): Se mantienen los servicios esenciales por el almacenamiento de energ\u00edas renovables en Espa\u00f1a.<\/strong><\/p>\n\n\n\n<p style=\"font-size:15px\">El sector energ\u00e9tico espa\u00f1ol <strong>al invertir en innovaci\u00f3n e investigaci\u00f3n, <\/strong>en coordinaci\u00f3n con otras industrias y sectores del entorno nacional, ser\u00eda capaz de producir <strong>grandes sistemas de almacenamiento de energ\u00eda el\u00e9ctrica con procedencia de energ\u00edas renovables <\/strong>que permitir\u00edan ser completamente aut\u00f3nomos del sistema el\u00e9ctrico nacional. Espec\u00edficamente, Espa\u00f1a habr\u00eda invertido fuertemente en renovables (solar y e\u00f3lica) y habr\u00eda desplegado <strong>almacenamiento energ\u00e9tico a gran escala <\/strong>(bater\u00edas, hidr\u00f3geno verde, bombeo hidr\u00e1ulico) y <strong>micro redes locales<\/strong>.<\/p>\n\n\n\n<p style=\"font-size:15px\"><strong>En este escenario los hospitales se desconectar\u00edan de la red principal <\/strong>y pasar\u00edan a <strong>modo isla<\/strong>, alimentados por bater\u00edas de ion-litio de gran capacidad y <strong>paneles solares en cubierta<\/strong>. Asimismo, ventiladores, quir\u00f3fanos, bancos de sangre y unidades de cuidados intensivos siguen activos. En regiones rurales, centros de salud m\u00e1s peque\u00f1os operar\u00edan con sistemas h\u00edbridos solar + bater\u00eda + generadores de biog\u00e1s.<\/p>\n\n\n\n<p style=\"font-size:15px\">Las estaciones de bombeo de agua potable y las depuradoras funcionar\u00edan con <strong>energ\u00eda almacenada en bater\u00edas comunitarias<\/strong>. En algunas regiones, especialmente zonas de costa, se utilizar\u00edan <strong>desaladoras alimentadas por parques solares cercanos con respaldo en bater\u00edas o hidr\u00f3geno<\/strong>.<\/p>\n\n\n\n<p style=\"font-size:15px\">Para las comunicaciones, los repetidores y centros de datos clave estar\u00edan equipados con <strong>sistemas UPS (fuente de alimentaci\u00f3n ininterrumpida) <\/strong>y microcentrales renovables que garantizan al menos 48 h de operaci\u00f3n aut\u00f3noma. El acceso a servicios de emergencia, SMS y datos b\u00e1sicos seguir\u00edan funcionando en todo el territorio.<\/p>\n\n\n\n<p style=\"font-size:15px\">El alumbrado p\u00fablico se gestionar\u00eda mediante micro redes locales alimentadas por <strong>comunidades energ\u00e9ticas <\/strong>(paneles solares en barrios con bater\u00edas compartidas) manteniendo operativos sem\u00e1foros, alumbrado m\u00ednimo y c\u00e1maras de seguridad. Con respecto a los establecimiento de seguridad nacional, las comisar\u00edas de polic\u00eda y cuarteles de la Guardia Civil, estar\u00edan conectados a sistemas de almacenamiento energ\u00e9tico dedicados<\/p>\n\n\n\n<p style=\"font-size:15px\">El transporte p\u00fablico, en las grandes ciudades como Madrid, Barcelona o Sevilla, las l\u00edneas de metro esenciales y tranv\u00edas operar\u00edan en modo de emergencia con <strong>bater\u00edas urbanas y centrales de respaldo<\/strong>. Los <strong>autobuses el\u00e9ctricos <\/strong>se cargar\u00edan en puntos cr\u00edticos conectados a estaciones fotovoltaicas con acumuladores. &nbsp;De esta forma, Espa\u00f1a ser\u00eda capaz de mantener los servicios esenciales sin que la vida cotidiana se viera severamente afectada.<\/p>\n\n\n\n<p style=\"font-size:15px\">Paulatinamente y con el tiempo, los sistemas se generalizar\u00edan y se <strong>abaratar\u00edan los costes<\/strong>, lo que permitir\u00eda la adquisici\u00f3n e instalaci\u00f3n de todos estos sistemas en grandes empresas, importantes centros log\u00edsticos, centros urbanos, ayuntamientos, etc. Todo esto acabar\u00eda blindando la <strong>obtenci\u00f3n de energ\u00eda y la seguridad energ\u00e9tica<\/strong>, haciendo de Espa\u00f1a un referente internacional en energ\u00edas renovables. &nbsp;<\/p>\n\n\n\n<p style=\"font-size:15px\"><strong>Probabilidad: <\/strong>Baja.<\/p>\n\n\n\n<p style=\"font-size:15px\"><strong>CONCLUSIONES DE POSIBLES APAGONES FUTUROS<\/strong><\/p>\n\n\n\n<p style=\"font-size:15px\">En general, <strong>Espa\u00f1a presenta un riesgo elevado de cortes de suministro <\/strong>estacionales y geogr\u00e1ficos, siendo las Comunidad Aut\u00f3nomas m\u00e1s susceptibles de sufrir cortes, Andaluc\u00eda, con apagones reiterados durante los meses de veranos por las altas temperaturas; y Castilla y Le\u00f3n, siendo vulnerable a cortes de luz en invierno debido a la demanda de calefacci\u00f3n, ambos superando la capacidad de producci\u00f3n\/demanda de las redes locales. Esta <strong>situaci\u00f3n se ve agravada por la dependencia de fuentes renovables imprevisibles <\/strong>(hasta el 92,8% en Castilla y Le\u00f3n) <strong>y <\/strong>de la <strong>interconexi\u00f3n con terceros pa\u00edses<\/strong>, como Francia y Portugal, cuya quiebra puede desencadenar en comunidades importadoras, como es el caso de Madrid. Como se ha mencionado en algunos de los escenarios anteriores, un <strong>corte prolongado desencadenar\u00eda<\/strong>, inicialmente, <strong>solidaridad vecinal, <\/strong>pero <strong>derivar\u00eda <\/strong>al cabo del tiempo en su <strong>fragmentaci\u00f3n <\/strong>y protestas masivas, llevando a una <strong>erosi\u00f3n de la legitimidad institucional con el riesgo de respuestas represivas.<\/strong><\/p>\n\n\n\n<p style=\"font-size:15px\">La mejor opci\u00f3n, para <strong>mitigar de manera sostenible este ciclo <\/strong>consiste en <strong>diversificar el mix energ\u00e9tico, <\/strong>incorporando fuentes como el hidr\u00f3geno renovable y el bombeo hidr\u00e1ulico, <strong>modernizando las redes<\/strong>, <strong>manteniendo <\/strong>y revitalizado la <strong>energ\u00eda nuclear<\/strong>, <strong>estableciendo protocolos de resiliencia social <\/strong>y civil y <strong>acordando suministros de emergencia <\/strong>rec\u00edprocos con los pa\u00edses vecinos y aliados.<\/p>\n\n\n\n<p style=\"font-size:15px\"><strong>A largo plazo, <\/strong>la <strong>estrategia es alcanzar la autonom\u00eda estrat\u00e9gica y blindar la estabilidad institucional, <\/strong>por lo que deben <strong>desarrollarse <\/strong>y desplegarse urgentemente ciertos <strong>sistemas masivos de almacenamiento <\/strong>de energ\u00eda el\u00e9ctrica provenientes de energ\u00edas renovables <strong>y <\/strong>dise\u00f1ar <strong>protocolos de actuaci\u00f3n <\/strong>para emergencias.<\/p>\n\n\n\n<p style=\"font-size:15px\">El <strong>escenario cielo<\/strong>, entendido como el escenario donde se logran los mejores resultados posibles y se aprovechan de forma m\u00e1s satisfactoria las oportunidades que se plantean a futuro para el actor principal, el Gobierno de Espa\u00f1a, se presenta<\/p>\n\n\n\n<p style=\"font-size:15px\">mediante una <strong>r\u00e1pida, coordinada y eficaz inversi\u00f3n en sistemas de almacenamiento de energ\u00eda renovable<\/strong>, permitiendo a Espa\u00f1a asegurar el suministro el\u00e9ctrico en servicios esenciales, extender esta tecnolog\u00eda a toda la sociedad y posicionarse como l\u00edder internacional en seguridad y sostenibilidad energ\u00e9tica. Aumentando la capacidad de almacenamiento renovable, <strong>convertir\u00eda a Espa\u00f1a en un modelo de sostenibilidad energ\u00e9tica <\/strong>y adem\u00e1s, reducir\u00eda la dependencia de fuentes espec\u00edficas favoreciendo una econom\u00eda verde, estable y con proyecci\u00f3n internacional.<\/p>\n\n\n\n<p style=\"font-size:15px\">En contraposici\u00f3n, se encuentra el <strong>escenario infierno<\/strong>, entendido como aquel escenario donde las oportunidades no son aprovechadas por el actor principal, sino que estas, benefician a los agentes hostiles, contrarios a los intereses nacionales, manifestando riesgos que perjudican a la sociedad espa\u00f1ola. Este escenario es generado por una situaci\u00f3n de un <strong>apag\u00f3n prolongado en Espa\u00f1a, el cual generar\u00eda <\/strong>inicialmente solidaridad ciudadana, pero r\u00e1pidamente evolucionar\u00eda hacia una <strong>crisis institucional y pol\u00edtica<\/strong>.<\/p>\n\n\n\n<p style=\"font-size:15px\">El <strong>aumento del descontento social<\/strong>, las protestas masivas y la <strong>intervenci\u00f3n del Estado con medidas de control reforzadas, <\/strong>incluyendo presencia militar y restricci\u00f3n de derechos, llevar\u00edan a una gran <strong>divisi\u00f3n de la sociedad <\/strong>espa\u00f1ola entre resistencia y aceptaci\u00f3n a las medidas adoptadas por el gobierno<strong>, <\/strong>profundizando a\u00fan m\u00e1s la gran polarizaci\u00f3n ciudadana y <strong>debilitando la estabilidad democr\u00e1tica de Espa\u00f1a<\/strong>.<\/p>\n\n\n\n<p style=\"font-size:15px\">Con algunos de los <strong>escenarios <\/strong>expuestos se <strong>refleja la vulnerabilidad, insuficiencia y envejecimiento de la red el\u00e9ctrica espa\u00f1ola y la falta de planes de previsi\u00f3n eficaces y realistas <\/strong>por parte del Ejecutivo nacional para casos similares. Si no se realizan <strong>cambios urgentes y se lleva a cabo la modernizaci\u00f3n de la infraestructura clave y cr\u00edtica del suministro el\u00e9ctrico, fomentando a su vez las energ\u00edas renovables y manteniendo la energ\u00eda nuclear, <\/strong>aumentar\u00e1n las<\/p>\n\n\n\n<p style=\"font-size:15px\">probabilidades de los escenarios negativos expuestos, trayendo consigo consecuencias perjudiciales.<\/p>\n\n\n\n<p style=\"font-size:15px\">De esta manera, es <strong>imprescindible incorporar la dimensi\u00f3n de ciber-resiliencia <\/strong>de la red el\u00e9ctrica, debido que, <strong>cualquier ataque <\/strong>o sabotaje a los sistemas de control, <strong>podr\u00eda desencadenar fallos en cascada <\/strong>con impactos equiparables a los provocados por sobrecargas f\u00edsicas. Por ende, la <strong>adopci\u00f3n de protocolos y herramientas de defensa, <\/strong>frente a amenazas h\u00edbridas, as\u00ed como la <strong>coordinaci\u00f3n ciber institucional <\/strong>de la Administraci\u00f3n P\u00fablica para la vigilancia y respuesta r\u00e1pida, se convierte en un <strong>elemento fundamental para <\/strong>preservar la continuidad del suministro el\u00e9ctrico y <strong>garantizar la seguridad nacional.<\/strong><\/p>\n\n\n\n<p style=\"font-size:15px\">Desde otra perspectiva, muchos de los <strong>escenarios muestran tambi\u00e9n las principales oportunidades y prioridades <\/strong>a tener en cuenta para un correcto y eficaz plan de previsi\u00f3n y contenci\u00f3n para escenarios futuros similares. Asimismo, existen <strong>posibles v\u00edas de actuaci\u00f3n para modernizar las infraestructuras cr\u00edticas de obtenci\u00f3n de energ\u00eda, <\/strong>sea renovable, nuclear o tradicional <strong>y mejorar as\u00ed la posici\u00f3n internacional espa\u00f1ola <\/strong>en el \u00e1mbito de la energ\u00eda a nivel industrial y tecnol\u00f3gico.<\/p>\n\n\n\n<p style=\"font-size:15px\"><strong>RECOMENDACIONES ESTRAT\u00c9GICAS<\/strong><\/p>\n\n\n\n<p style=\"font-size:15px\">Con el fin de evitar que un suceso parecido acontezca de nuevo, UNITIA GEN-1 recomienda:<\/p>\n\n\n\n<p style=\"font-size:15px\"><strong>1. Modernizaci\u00f3n de la infraestructura cr\u00edtica de la red el\u00e9ctrica, unido a su digitalizaci\u00f3n y securizaci\u00f3n.<\/strong><\/p>\n\n\n\n<p style=\"font-size:15px\"><strong>2. Aumentar las capacidades de almacenaje de las energ\u00edas renovables.<\/strong><\/p>\n\n\n\n<p style=\"font-size:15px\"><strong>3. Mantener la energ\u00eda nuclear en funcionamiento.<\/strong><\/p>\n\n\n\n<p style=\"font-size:15px\"><strong>4. Fomentar la relaci\u00f3n de interconexiones energ\u00e9ticas con otros pa\u00edses aliados y vecinos geogr\u00e1ficos.<\/strong><\/p>\n\n\n\n<p style=\"font-size:15px\"><strong>5. Disminuir la dependencia a la energ\u00eda el\u00e9ctrica: <\/strong>Fomentar la integraci\u00f3n de energ\u00edas renovables, la producci\u00f3n de energ\u00eda nuclear y aumentar la flexibilidad del sistema el\u00e9ctrico.<\/p>\n\n\n\n<p style=\"font-size:15px\"><strong>6. Implementar programas de eficiencia energ\u00e9tica: <\/strong>Promover el uso eficiente de la energ\u00eda en hogares y empresas para disminuir la demanda durante los periodos cr\u00edticos.<\/p>\n\n\n\n<p style=\"font-size:15px\"><strong>7. Desarrollar sistemas de almacenamiento energ\u00e9tico: <\/strong>Utilizar tecnolog\u00edas como bater\u00edas para almacenar energ\u00eda durante periodos de baja demanda y liberarla durante picos de consumo.<\/p>\n\n\n\n<p style=\"font-size:15px\"><strong>8. Desarrollar y\/o mejorar los planes de contingencia y actuaci\u00f3n en caso de emergencia, <\/strong>reformando entre otros el Plan de Seguridad Energ\u00e9tica Nacional.<\/p>\n\n\n\n<p style=\"font-size:15px\"><strong>9. Subvenciones para asociaciones de vecinos que desarrollen planes locales de emergencia.<\/strong><\/p>\n\n\n\n<p style=\"font-size:15px\"><strong>10. Fomento de cooperativas energ\u00e9ticas y huertos urbanos como estrategias de soberan\u00eda local.<\/strong><\/p>\n\n\n\n<p style=\"font-size:15px\"><strong>11. Campa\u00f1as de formaci\u00f3n y concienciaci\u00f3n a la sociedad sobre los apagones, el uso responsable de energ\u00eda y sus impactos.<\/strong><\/p>\n\n\n\n<p style=\"font-size:15px\"><strong>12. Enfoque preventivo centrado en reforzar el tejido comunitario<\/strong>, estableciendo puntos seguros, definiendo espacios f\u00edsicos de reuni\u00f3n ante emergencias (como centros escolares o parroquias) con manuales impresos, botiquines, linternas, radios, etc.<\/p>\n\n\n\n<p style=\"font-size:15px\"><strong>13. Preparaci\u00f3n emocional a la poblaci\u00f3n, <\/strong>mediante formaciones pr\u00e1cticas sobre gesti\u00f3n emocional en crisis, organizaci\u00f3n sin electricidad y habilidades colectivas y aumentando la cultura de prevenci\u00f3n mediante campa\u00f1as con enfoque psicosocial, y<\/p>\n\n\n\n<p style=\"font-size:15px\"><strong>14. Dise\u00f1ar entornos sociales resilientes, <\/strong>promoviendo \u201cgrupos de respuesta comunitaria\u201d (tipo red vecinal) para coordinar ayuda mutua, detectar personas vulnerables, organizar vigilancia y seguridad comunitaria y compartir recursos b\u00e1sicos en situaciones de crisis.<\/p>\n\n\n\n<p><\/p>\n","protected":false},"excerpt":{"rendered":"<p>Elaborado por la Unidad de Inteligencia en Pr\u00e1cticas &#8211; 12 de Mayo de 2025 INTRODUCCI\u00d3N El pasado 28 de abril de 2025 se produjo un apag\u00f3n nacional que afect\u00f3 a la Pen\u00ednsula Ib\u00e9rica, dejando sin electricidad a millones de personas en Espa\u00f1a, Portugal y algunas zonas del sur de Francia. El corte de energ\u00eda comenz\u00f3 [&hellip;]<\/p>\n","protected":false},"author":1,"featured_media":1009,"comment_status":"open","ping_status":"open","sticky":false,"template":"","format":"standard","meta":{"saved_in_kubio":false,"footnotes":""},"categories":[13,20,15],"tags":[],"class_list":["post-1006","post","type-post","status-publish","format-standard","has-post-thumbnail","hentry","category-articulos","category-inteligencia","category-seguridad-y-defensa"],"yoast_head":"<!-- This site is optimized with the Yoast SEO plugin v27.0 - https:\/\/yoast.com\/product\/yoast-seo-wordpress\/ -->\n<title>An\u00e1lisis del Apag\u00f3n en Espa\u00f1a del 28 de Abril de 2025: An\u00e1lisis Multidimensional de Causas, Consecuencias y Escenarios Prospectivos - Inteligenia<\/title>\n<meta name=\"robots\" content=\"index, follow, max-snippet:-1, max-image-preview:large, max-video-preview:-1\" \/>\n<link rel=\"canonical\" href=\"https:\/\/www.inteligenia.info\/home\/analisis-del-apagon-en-espana-del-28-de-abril-de-2025-analisis-multidimensional-de-causas-consecuencias-y-escenarios-prospectivos\/\" \/>\n<meta property=\"og:locale\" content=\"es_ES\" \/>\n<meta property=\"og:type\" content=\"article\" \/>\n<meta property=\"og:title\" content=\"An\u00e1lisis del Apag\u00f3n en Espa\u00f1a del 28 de Abril de 2025: An\u00e1lisis Multidimensional de Causas, Consecuencias y Escenarios Prospectivos - Inteligenia\" \/>\n<meta property=\"og:description\" content=\"Elaborado por la Unidad de Inteligencia en Pr\u00e1cticas &#8211; 12 de Mayo de 2025 INTRODUCCI\u00d3N El pasado 28 de abril de 2025 se produjo un apag\u00f3n nacional que afect\u00f3 a la Pen\u00ednsula Ib\u00e9rica, dejando sin electricidad a millones de personas en Espa\u00f1a, Portugal y algunas zonas del sur de Francia. El corte de energ\u00eda comenz\u00f3 [&hellip;]\" \/>\n<meta property=\"og:url\" content=\"https:\/\/www.inteligenia.info\/home\/analisis-del-apagon-en-espana-del-28-de-abril-de-2025-analisis-multidimensional-de-causas-consecuencias-y-escenarios-prospectivos\/\" \/>\n<meta property=\"og:site_name\" content=\"Inteligenia\" \/>\n<meta property=\"article:published_time\" content=\"2025-05-19T09:45:29+00:00\" \/>\n<meta property=\"article:modified_time\" content=\"2025-05-19T09:45:31+00:00\" \/>\n<meta property=\"og:image\" content=\"https:\/\/www.inteligenia.info\/wp-content\/uploads\/2025\/05\/ENERG-ESP-2.png\" \/>\n\t<meta property=\"og:image:width\" content=\"819\" \/>\n\t<meta property=\"og:image:height\" content=\"634\" \/>\n\t<meta property=\"og:image:type\" content=\"image\/png\" \/>\n<meta name=\"author\" content=\"admin\" \/>\n<meta name=\"twitter:card\" content=\"summary_large_image\" \/>\n<meta name=\"twitter:creator\" content=\"@INTELIGENIA_\" \/>\n<meta name=\"twitter:site\" content=\"@INTELIGENIA_\" \/>\n<meta name=\"twitter:label1\" content=\"Escrito por\" \/>\n\t<meta name=\"twitter:data1\" content=\"admin\" \/>\n\t<meta name=\"twitter:label2\" content=\"Tiempo de lectura\" \/>\n\t<meta name=\"twitter:data2\" content=\"27 minutos\" \/>\n<script type=\"application\/ld+json\" class=\"yoast-schema-graph\">{\"@context\":\"https:\/\/schema.org\",\"@graph\":[{\"@type\":\"Article\",\"@id\":\"https:\/\/www.inteligenia.info\/home\/analisis-del-apagon-en-espana-del-28-de-abril-de-2025-analisis-multidimensional-de-causas-consecuencias-y-escenarios-prospectivos\/#article\",\"isPartOf\":{\"@id\":\"https:\/\/www.inteligenia.info\/home\/analisis-del-apagon-en-espana-del-28-de-abril-de-2025-analisis-multidimensional-de-causas-consecuencias-y-escenarios-prospectivos\/\"},\"author\":{\"name\":\"admin\",\"@id\":\"https:\/\/www.inteligenia.info\/home\/#\/schema\/person\/1bf90ee63c207f611a224f9c17dbf031\"},\"headline\":\"An\u00e1lisis del Apag\u00f3n en Espa\u00f1a del 28 de Abril de 2025: An\u00e1lisis Multidimensional de Causas, Consecuencias y Escenarios Prospectivos\",\"datePublished\":\"2025-05-19T09:45:29+00:00\",\"dateModified\":\"2025-05-19T09:45:31+00:00\",\"mainEntityOfPage\":{\"@id\":\"https:\/\/www.inteligenia.info\/home\/analisis-del-apagon-en-espana-del-28-de-abril-de-2025-analisis-multidimensional-de-causas-consecuencias-y-escenarios-prospectivos\/\"},\"wordCount\":6441,\"commentCount\":0,\"publisher\":{\"@id\":\"https:\/\/www.inteligenia.info\/home\/#organization\"},\"image\":{\"@id\":\"https:\/\/www.inteligenia.info\/home\/analisis-del-apagon-en-espana-del-28-de-abril-de-2025-analisis-multidimensional-de-causas-consecuencias-y-escenarios-prospectivos\/#primaryimage\"},\"thumbnailUrl\":\"https:\/\/www.inteligenia.info\/wp-content\/uploads\/2025\/05\/ENERG-ESP-2.png\",\"articleSection\":[\"Art\u00edculos\",\"Inteligencia\",\"Seguridad y Defensa\"],\"inLanguage\":\"es\",\"potentialAction\":[{\"@type\":\"CommentAction\",\"name\":\"Comment\",\"target\":[\"https:\/\/www.inteligenia.info\/home\/analisis-del-apagon-en-espana-del-28-de-abril-de-2025-analisis-multidimensional-de-causas-consecuencias-y-escenarios-prospectivos\/#respond\"]}]},{\"@type\":\"WebPage\",\"@id\":\"https:\/\/www.inteligenia.info\/home\/analisis-del-apagon-en-espana-del-28-de-abril-de-2025-analisis-multidimensional-de-causas-consecuencias-y-escenarios-prospectivos\/\",\"url\":\"https:\/\/www.inteligenia.info\/home\/analisis-del-apagon-en-espana-del-28-de-abril-de-2025-analisis-multidimensional-de-causas-consecuencias-y-escenarios-prospectivos\/\",\"name\":\"An\u00e1lisis del Apag\u00f3n en Espa\u00f1a del 28 de Abril de 2025: An\u00e1lisis Multidimensional de Causas, Consecuencias y Escenarios Prospectivos - Inteligenia\",\"isPartOf\":{\"@id\":\"https:\/\/www.inteligenia.info\/home\/#website\"},\"primaryImageOfPage\":{\"@id\":\"https:\/\/www.inteligenia.info\/home\/analisis-del-apagon-en-espana-del-28-de-abril-de-2025-analisis-multidimensional-de-causas-consecuencias-y-escenarios-prospectivos\/#primaryimage\"},\"image\":{\"@id\":\"https:\/\/www.inteligenia.info\/home\/analisis-del-apagon-en-espana-del-28-de-abril-de-2025-analisis-multidimensional-de-causas-consecuencias-y-escenarios-prospectivos\/#primaryimage\"},\"thumbnailUrl\":\"https:\/\/www.inteligenia.info\/wp-content\/uploads\/2025\/05\/ENERG-ESP-2.png\",\"datePublished\":\"2025-05-19T09:45:29+00:00\",\"dateModified\":\"2025-05-19T09:45:31+00:00\",\"breadcrumb\":{\"@id\":\"https:\/\/www.inteligenia.info\/home\/analisis-del-apagon-en-espana-del-28-de-abril-de-2025-analisis-multidimensional-de-causas-consecuencias-y-escenarios-prospectivos\/#breadcrumb\"},\"inLanguage\":\"es\",\"potentialAction\":[{\"@type\":\"ReadAction\",\"target\":[\"https:\/\/www.inteligenia.info\/home\/analisis-del-apagon-en-espana-del-28-de-abril-de-2025-analisis-multidimensional-de-causas-consecuencias-y-escenarios-prospectivos\/\"]}]},{\"@type\":\"ImageObject\",\"inLanguage\":\"es\",\"@id\":\"https:\/\/www.inteligenia.info\/home\/analisis-del-apagon-en-espana-del-28-de-abril-de-2025-analisis-multidimensional-de-causas-consecuencias-y-escenarios-prospectivos\/#primaryimage\",\"url\":\"https:\/\/www.inteligenia.info\/wp-content\/uploads\/2025\/05\/ENERG-ESP-2.png\",\"contentUrl\":\"https:\/\/www.inteligenia.info\/wp-content\/uploads\/2025\/05\/ENERG-ESP-2.png\",\"width\":819,\"height\":634},{\"@type\":\"BreadcrumbList\",\"@id\":\"https:\/\/www.inteligenia.info\/home\/analisis-del-apagon-en-espana-del-28-de-abril-de-2025-analisis-multidimensional-de-causas-consecuencias-y-escenarios-prospectivos\/#breadcrumb\",\"itemListElement\":[{\"@type\":\"ListItem\",\"position\":1,\"name\":\"Portada\",\"item\":\"https:\/\/www.inteligenia.info\/home\/\"},{\"@type\":\"ListItem\",\"position\":2,\"name\":\"An\u00e1lisis del Apag\u00f3n en Espa\u00f1a del 28 de Abril de 2025: An\u00e1lisis Multidimensional de Causas, Consecuencias y Escenarios Prospectivos\"}]},{\"@type\":\"WebSite\",\"@id\":\"https:\/\/www.inteligenia.info\/home\/#website\",\"url\":\"https:\/\/www.inteligenia.info\/home\/\",\"name\":\"Inteligenia\",\"description\":\"\",\"publisher\":{\"@id\":\"https:\/\/www.inteligenia.info\/home\/#organization\"},\"potentialAction\":[{\"@type\":\"SearchAction\",\"target\":{\"@type\":\"EntryPoint\",\"urlTemplate\":\"https:\/\/www.inteligenia.info\/home\/?s={search_term_string}\"},\"query-input\":{\"@type\":\"PropertyValueSpecification\",\"valueRequired\":true,\"valueName\":\"search_term_string\"}}],\"inLanguage\":\"es\"},{\"@type\":\"Organization\",\"@id\":\"https:\/\/www.inteligenia.info\/home\/#organization\",\"name\":\"Inteligenia\",\"url\":\"https:\/\/www.inteligenia.info\/home\/\",\"logo\":{\"@type\":\"ImageObject\",\"inLanguage\":\"es\",\"@id\":\"https:\/\/www.inteligenia.info\/home\/#\/schema\/logo\/image\/\",\"url\":\"https:\/\/www.inteligenia.info\/wp-content\/uploads\/2024\/06\/transparent_logo-1-e1718047668142.png\",\"contentUrl\":\"https:\/\/www.inteligenia.info\/wp-content\/uploads\/2024\/06\/transparent_logo-1-e1718047668142.png\",\"width\":674,\"height\":141,\"caption\":\"Inteligenia\"},\"image\":{\"@id\":\"https:\/\/www.inteligenia.info\/home\/#\/schema\/logo\/image\/\"},\"sameAs\":[\"https:\/\/x.com\/INTELIGENIA_\",\"https:\/\/www.linkedin.com\/company\/inteligenia\/?viewAsMember=true\"]},{\"@type\":\"Person\",\"@id\":\"https:\/\/www.inteligenia.info\/home\/#\/schema\/person\/1bf90ee63c207f611a224f9c17dbf031\",\"name\":\"admin\",\"image\":{\"@type\":\"ImageObject\",\"inLanguage\":\"es\",\"@id\":\"https:\/\/www.inteligenia.info\/home\/#\/schema\/person\/image\/\",\"url\":\"https:\/\/secure.gravatar.com\/avatar\/ed712be762908ac190eb3beb8cf9efb0dc9c425bd7b69d40ba8746efca2909c6?s=96&d=mm&r=g\",\"contentUrl\":\"https:\/\/secure.gravatar.com\/avatar\/ed712be762908ac190eb3beb8cf9efb0dc9c425bd7b69d40ba8746efca2909c6?s=96&d=mm&r=g\",\"caption\":\"admin\"},\"sameAs\":[\"http:\/\/www.inteligenia.info\"],\"url\":\"https:\/\/www.inteligenia.info\/home\/author\/admin\/\"}]}<\/script>\n<!-- \/ Yoast SEO plugin. -->","yoast_head_json":{"title":"An\u00e1lisis del Apag\u00f3n en Espa\u00f1a del 28 de Abril de 2025: An\u00e1lisis Multidimensional de Causas, Consecuencias y Escenarios Prospectivos - Inteligenia","robots":{"index":"index","follow":"follow","max-snippet":"max-snippet:-1","max-image-preview":"max-image-preview:large","max-video-preview":"max-video-preview:-1"},"canonical":"https:\/\/www.inteligenia.info\/home\/analisis-del-apagon-en-espana-del-28-de-abril-de-2025-analisis-multidimensional-de-causas-consecuencias-y-escenarios-prospectivos\/","og_locale":"es_ES","og_type":"article","og_title":"An\u00e1lisis del Apag\u00f3n en Espa\u00f1a del 28 de Abril de 2025: An\u00e1lisis Multidimensional de Causas, Consecuencias y Escenarios Prospectivos - Inteligenia","og_description":"Elaborado por la Unidad de Inteligencia en Pr\u00e1cticas &#8211; 12 de Mayo de 2025 INTRODUCCI\u00d3N El pasado 28 de abril de 2025 se produjo un apag\u00f3n nacional que afect\u00f3 a la Pen\u00ednsula Ib\u00e9rica, dejando sin electricidad a millones de personas en Espa\u00f1a, Portugal y algunas zonas del sur de Francia. El corte de energ\u00eda comenz\u00f3 [&hellip;]","og_url":"https:\/\/www.inteligenia.info\/home\/analisis-del-apagon-en-espana-del-28-de-abril-de-2025-analisis-multidimensional-de-causas-consecuencias-y-escenarios-prospectivos\/","og_site_name":"Inteligenia","article_published_time":"2025-05-19T09:45:29+00:00","article_modified_time":"2025-05-19T09:45:31+00:00","og_image":[{"width":819,"height":634,"url":"https:\/\/www.inteligenia.info\/wp-content\/uploads\/2025\/05\/ENERG-ESP-2.png","type":"image\/png"}],"author":"admin","twitter_card":"summary_large_image","twitter_creator":"@INTELIGENIA_","twitter_site":"@INTELIGENIA_","twitter_misc":{"Escrito por":"admin","Tiempo de lectura":"27 minutos"},"schema":{"@context":"https:\/\/schema.org","@graph":[{"@type":"Article","@id":"https:\/\/www.inteligenia.info\/home\/analisis-del-apagon-en-espana-del-28-de-abril-de-2025-analisis-multidimensional-de-causas-consecuencias-y-escenarios-prospectivos\/#article","isPartOf":{"@id":"https:\/\/www.inteligenia.info\/home\/analisis-del-apagon-en-espana-del-28-de-abril-de-2025-analisis-multidimensional-de-causas-consecuencias-y-escenarios-prospectivos\/"},"author":{"name":"admin","@id":"https:\/\/www.inteligenia.info\/home\/#\/schema\/person\/1bf90ee63c207f611a224f9c17dbf031"},"headline":"An\u00e1lisis del Apag\u00f3n en Espa\u00f1a del 28 de Abril de 2025: An\u00e1lisis Multidimensional de Causas, Consecuencias y Escenarios Prospectivos","datePublished":"2025-05-19T09:45:29+00:00","dateModified":"2025-05-19T09:45:31+00:00","mainEntityOfPage":{"@id":"https:\/\/www.inteligenia.info\/home\/analisis-del-apagon-en-espana-del-28-de-abril-de-2025-analisis-multidimensional-de-causas-consecuencias-y-escenarios-prospectivos\/"},"wordCount":6441,"commentCount":0,"publisher":{"@id":"https:\/\/www.inteligenia.info\/home\/#organization"},"image":{"@id":"https:\/\/www.inteligenia.info\/home\/analisis-del-apagon-en-espana-del-28-de-abril-de-2025-analisis-multidimensional-de-causas-consecuencias-y-escenarios-prospectivos\/#primaryimage"},"thumbnailUrl":"https:\/\/www.inteligenia.info\/wp-content\/uploads\/2025\/05\/ENERG-ESP-2.png","articleSection":["Art\u00edculos","Inteligencia","Seguridad y Defensa"],"inLanguage":"es","potentialAction":[{"@type":"CommentAction","name":"Comment","target":["https:\/\/www.inteligenia.info\/home\/analisis-del-apagon-en-espana-del-28-de-abril-de-2025-analisis-multidimensional-de-causas-consecuencias-y-escenarios-prospectivos\/#respond"]}]},{"@type":"WebPage","@id":"https:\/\/www.inteligenia.info\/home\/analisis-del-apagon-en-espana-del-28-de-abril-de-2025-analisis-multidimensional-de-causas-consecuencias-y-escenarios-prospectivos\/","url":"https:\/\/www.inteligenia.info\/home\/analisis-del-apagon-en-espana-del-28-de-abril-de-2025-analisis-multidimensional-de-causas-consecuencias-y-escenarios-prospectivos\/","name":"An\u00e1lisis del Apag\u00f3n en Espa\u00f1a del 28 de Abril de 2025: An\u00e1lisis Multidimensional de Causas, Consecuencias y Escenarios Prospectivos - Inteligenia","isPartOf":{"@id":"https:\/\/www.inteligenia.info\/home\/#website"},"primaryImageOfPage":{"@id":"https:\/\/www.inteligenia.info\/home\/analisis-del-apagon-en-espana-del-28-de-abril-de-2025-analisis-multidimensional-de-causas-consecuencias-y-escenarios-prospectivos\/#primaryimage"},"image":{"@id":"https:\/\/www.inteligenia.info\/home\/analisis-del-apagon-en-espana-del-28-de-abril-de-2025-analisis-multidimensional-de-causas-consecuencias-y-escenarios-prospectivos\/#primaryimage"},"thumbnailUrl":"https:\/\/www.inteligenia.info\/wp-content\/uploads\/2025\/05\/ENERG-ESP-2.png","datePublished":"2025-05-19T09:45:29+00:00","dateModified":"2025-05-19T09:45:31+00:00","breadcrumb":{"@id":"https:\/\/www.inteligenia.info\/home\/analisis-del-apagon-en-espana-del-28-de-abril-de-2025-analisis-multidimensional-de-causas-consecuencias-y-escenarios-prospectivos\/#breadcrumb"},"inLanguage":"es","potentialAction":[{"@type":"ReadAction","target":["https:\/\/www.inteligenia.info\/home\/analisis-del-apagon-en-espana-del-28-de-abril-de-2025-analisis-multidimensional-de-causas-consecuencias-y-escenarios-prospectivos\/"]}]},{"@type":"ImageObject","inLanguage":"es","@id":"https:\/\/www.inteligenia.info\/home\/analisis-del-apagon-en-espana-del-28-de-abril-de-2025-analisis-multidimensional-de-causas-consecuencias-y-escenarios-prospectivos\/#primaryimage","url":"https:\/\/www.inteligenia.info\/wp-content\/uploads\/2025\/05\/ENERG-ESP-2.png","contentUrl":"https:\/\/www.inteligenia.info\/wp-content\/uploads\/2025\/05\/ENERG-ESP-2.png","width":819,"height":634},{"@type":"BreadcrumbList","@id":"https:\/\/www.inteligenia.info\/home\/analisis-del-apagon-en-espana-del-28-de-abril-de-2025-analisis-multidimensional-de-causas-consecuencias-y-escenarios-prospectivos\/#breadcrumb","itemListElement":[{"@type":"ListItem","position":1,"name":"Portada","item":"https:\/\/www.inteligenia.info\/home\/"},{"@type":"ListItem","position":2,"name":"An\u00e1lisis del Apag\u00f3n en Espa\u00f1a del 28 de Abril de 2025: An\u00e1lisis Multidimensional de Causas, Consecuencias y Escenarios Prospectivos"}]},{"@type":"WebSite","@id":"https:\/\/www.inteligenia.info\/home\/#website","url":"https:\/\/www.inteligenia.info\/home\/","name":"Inteligenia","description":"","publisher":{"@id":"https:\/\/www.inteligenia.info\/home\/#organization"},"potentialAction":[{"@type":"SearchAction","target":{"@type":"EntryPoint","urlTemplate":"https:\/\/www.inteligenia.info\/home\/?s={search_term_string}"},"query-input":{"@type":"PropertyValueSpecification","valueRequired":true,"valueName":"search_term_string"}}],"inLanguage":"es"},{"@type":"Organization","@id":"https:\/\/www.inteligenia.info\/home\/#organization","name":"Inteligenia","url":"https:\/\/www.inteligenia.info\/home\/","logo":{"@type":"ImageObject","inLanguage":"es","@id":"https:\/\/www.inteligenia.info\/home\/#\/schema\/logo\/image\/","url":"https:\/\/www.inteligenia.info\/wp-content\/uploads\/2024\/06\/transparent_logo-1-e1718047668142.png","contentUrl":"https:\/\/www.inteligenia.info\/wp-content\/uploads\/2024\/06\/transparent_logo-1-e1718047668142.png","width":674,"height":141,"caption":"Inteligenia"},"image":{"@id":"https:\/\/www.inteligenia.info\/home\/#\/schema\/logo\/image\/"},"sameAs":["https:\/\/x.com\/INTELIGENIA_","https:\/\/www.linkedin.com\/company\/inteligenia\/?viewAsMember=true"]},{"@type":"Person","@id":"https:\/\/www.inteligenia.info\/home\/#\/schema\/person\/1bf90ee63c207f611a224f9c17dbf031","name":"admin","image":{"@type":"ImageObject","inLanguage":"es","@id":"https:\/\/www.inteligenia.info\/home\/#\/schema\/person\/image\/","url":"https:\/\/secure.gravatar.com\/avatar\/ed712be762908ac190eb3beb8cf9efb0dc9c425bd7b69d40ba8746efca2909c6?s=96&d=mm&r=g","contentUrl":"https:\/\/secure.gravatar.com\/avatar\/ed712be762908ac190eb3beb8cf9efb0dc9c425bd7b69d40ba8746efca2909c6?s=96&d=mm&r=g","caption":"admin"},"sameAs":["http:\/\/www.inteligenia.info"],"url":"https:\/\/www.inteligenia.info\/home\/author\/admin\/"}]}},"_links":{"self":[{"href":"https:\/\/www.inteligenia.info\/home\/wp-json\/wp\/v2\/posts\/1006","targetHints":{"allow":["GET"]}}],"collection":[{"href":"https:\/\/www.inteligenia.info\/home\/wp-json\/wp\/v2\/posts"}],"about":[{"href":"https:\/\/www.inteligenia.info\/home\/wp-json\/wp\/v2\/types\/post"}],"author":[{"embeddable":true,"href":"https:\/\/www.inteligenia.info\/home\/wp-json\/wp\/v2\/users\/1"}],"replies":[{"embeddable":true,"href":"https:\/\/www.inteligenia.info\/home\/wp-json\/wp\/v2\/comments?post=1006"}],"version-history":[{"count":1,"href":"https:\/\/www.inteligenia.info\/home\/wp-json\/wp\/v2\/posts\/1006\/revisions"}],"predecessor-version":[{"id":1010,"href":"https:\/\/www.inteligenia.info\/home\/wp-json\/wp\/v2\/posts\/1006\/revisions\/1010"}],"wp:featuredmedia":[{"embeddable":true,"href":"https:\/\/www.inteligenia.info\/home\/wp-json\/wp\/v2\/media\/1009"}],"wp:attachment":[{"href":"https:\/\/www.inteligenia.info\/home\/wp-json\/wp\/v2\/media?parent=1006"}],"wp:term":[{"taxonomy":"category","embeddable":true,"href":"https:\/\/www.inteligenia.info\/home\/wp-json\/wp\/v2\/categories?post=1006"},{"taxonomy":"post_tag","embeddable":true,"href":"https:\/\/www.inteligenia.info\/home\/wp-json\/wp\/v2\/tags?post=1006"}],"curies":[{"name":"wp","href":"https:\/\/api.w.org\/{rel}","templated":true}]}}