{"id":1032,"date":"2025-06-05T07:42:12","date_gmt":"2025-06-05T07:42:12","guid":{"rendered":"https:\/\/www.inteligenia.info\/?p=1032"},"modified":"2025-06-05T07:52:46","modified_gmt":"2025-06-05T07:52:46","slug":"evaluacion-estrategica-de-la-relacion-bilateral-hispano-marroqui-en-2025-una-relacion-asimetrica-en-un-contexto-geopolitico-cambiante","status":"publish","type":"post","link":"https:\/\/www.inteligenia.info\/home\/evaluacion-estrategica-de-la-relacion-bilateral-hispano-marroqui-en-2025-una-relacion-asimetrica-en-un-contexto-geopolitico-cambiante\/","title":{"rendered":"Evaluaci\u00f3n estrat\u00e9gica de la relaci\u00f3n bilateral hispano-marroqu\u00ed en 2025. Una relaci\u00f3n asim\u00e9trica en un contexto geopol\u00edtico cambiante"},"content":{"rendered":"\n<hr class=\"wp-block-separator has-css-opacity is-style-default\"\/>\n\n\n\n<blockquote class=\"wp-block-quote has-text-align-center is-style-large is-layout-flow wp-block-quote-is-layout-flow\">\n<figure class=\"wp-block-gallery has-nested-images columns-default is-cropped wp-block-gallery-1 is-layout-flex wp-block-gallery-is-layout-flex\">\n<figure class=\"wp-block-image size-large is-style-rounded\" style=\"margin-top:0;margin-bottom:0\"><img loading=\"lazy\" decoding=\"async\" width=\"1024\" height=\"570\" data-id=\"923\" src=\"https:\/\/www.inteligenia.info\/wp-content\/uploads\/2025\/03\/Captura-de-pantalla-2024-11-11-085302-1-1024x570.png\" alt=\"\" class=\"wp-image-923\" srcset=\"https:\/\/www.inteligenia.info\/wp-content\/uploads\/2025\/03\/Captura-de-pantalla-2024-11-11-085302-1-1024x570.png 1024w, https:\/\/www.inteligenia.info\/wp-content\/uploads\/2025\/03\/Captura-de-pantalla-2024-11-11-085302-1-300x167.png 300w, https:\/\/www.inteligenia.info\/wp-content\/uploads\/2025\/03\/Captura-de-pantalla-2024-11-11-085302-1-768x427.png 768w, https:\/\/www.inteligenia.info\/wp-content\/uploads\/2025\/03\/Captura-de-pantalla-2024-11-11-085302-1.png 1120w\" sizes=\"(max-width: 1024px) 100vw, 1024px\" \/><\/figure>\n<\/figure>\n\n\n\n<p class=\"has-text-align-left\" style=\"font-size:18px\"><strong>Fernando J. P\u00e9rez.&nbsp;<\/strong>Granadino. Analista y asesor estrat\u00e9gico de inteligencia en campos relacionados con la geopol\u00edtica, el terrorismo y la seguridad y con conocimientos en materia de campa\u00f1as de comunicaci\u00f3n estrat\u00e9gica y tem\u00e1tica audiovisual (cortometrajes, marketing, spots, branding).<br>Graduado en Ingenier\u00eda Qu\u00edmica por la UGR, con M\u00e1ster en Energ\u00edas Renovables, Cambio Clim\u00e1tico y Desarrollo Sostenible por la USC y con experiencia en el sector de la energ\u00eda fotovolt\u00e1ica.<\/p>\n\n\n\n<p class=\"has-text-align-left\" style=\"font-size:18px\">Apasionado por las diferentes interrelaciones en el tablero geopol\u00edtico y el desarrollo tecnol\u00f3gico y sociopol\u00edtico.<\/p>\n<\/blockquote>\n\n\n\n<hr class=\"wp-block-separator has-css-opacity is-style-default\"\/>\n\n\n\n<h2 class=\"wp-block-heading has-x-large-font-size\">1. Introducci\u00f3n<\/h2>\n\n\n\n<p>Este informe de inteligencia estrat\u00e9gica analiza la complejidad de las relaciones bilaterales entre Espa\u00f1a y Marruecos a fecha de 2025, marcadas por una aparente cooperaci\u00f3n diplom\u00e1tica y econ\u00f3mica que contrasta con tensiones cont\u00ednuas de car\u00e1cter territorial, migratorio y geopol\u00edtico.<\/p>\n\n\n\n<p>La idea principal de este an\u00e1lisis es comprobar que, pese a los discursos oficiales sobre \u00abel mejor momento hist\u00f3rico\u00bb de las relaciones, Marruecos mantiene una estrategia continuada de presi\u00f3n hacia Espa\u00f1a en diversos \u00e1mbitos; manifiest\u00e1ndose a trav\u00e9s de la instrumentalizaci\u00f3n de flujos migratorios, reclamaciones territoriales sobre Ceuta y Melilla y expansi\u00f3n de sus \u00e1reas mar\u00edtimas sobre Canarias y un progresivo incremento de su capacidad militar y diplom\u00e1tica con apoyo de otras potencias.<\/p>\n\n\n\n<p>El objetivo de este informe es identificar las vulnerabilidades estrat\u00e9gicas para Espa\u00f1a en dicha relaci\u00f3n y el posible desarrollo de escenarios a medio plazo.<\/p>\n\n\n\n<h2 class=\"wp-block-heading has-x-large-font-size\">2. Ideas clave<\/h2>\n\n\n\n<ul class=\"wp-block-list\">\n<li>La relaci\u00f3n bilateral se caracteriza por una asimetr\u00eda estrat\u00e9gica donde la primera adopta una postura reactiva frente a una pol\u00edtica marroqu\u00ed proactiva y de presi\u00f3n calculada.<\/li>\n\n\n\n<li>Marruecos utiliza estrat\u00e9gicamente la migraci\u00f3n, las relaciones econ\u00f3micas y sus alianzas internacionales para obtener concesiones pol\u00edticas y crear presi\u00f3n.<\/li>\n\n\n\n<li>La modernizaci\u00f3n de las capacidades militares y econ\u00f3micas marroqu\u00edes genera un desequilibrio en el balance de fuerzas regionales, con especial peligro para Ceuta y Melilla.<\/li>\n\n\n\n<li>La cooperaci\u00f3n econ\u00f3mica y energ\u00e9tica presenta oportunidades de desarrollo conjunto, pero tambi\u00e9n riesgos de interdependencia y competencia directa en sectores estrat\u00e9gicos.<\/li>\n\n\n\n<li>Espa\u00f1a carece de una estrategia coherente a largo plazo hacia Marruecos.<\/li>\n<\/ul>\n\n\n\n<h2 class=\"wp-block-heading has-x-large-font-size\">3. Desarrollo &#8211; An\u00e1lisis<\/h2>\n\n\n\n<h2 class=\"wp-block-heading has-large-font-size\">3.1 Marco geopol\u00edtico actual del norte de \u00c1frica y el sur de Europa<\/h2>\n\n\n\n<p>El Mediterr\u00e1neo Occidental se ha convertido en un espacio complejo donde se alinean intereses de potencias globales para consolidar su orden mundial. El retroceso estadounidense en zonas de \u00c1frica ha abierto paso a una mayor influencia de actores como China y Rusia, mientras que el regreso de Donald Trump ha reforzado el apoyo estadounidense a Marruecos, especialmente en relaci\u00f3n con el S\u00e1hara Occidental.<\/p>\n\n\n\n<p>La situaci\u00f3n energ\u00e9tica global ha redoblado el inter\u00e9s europeo por el norte de \u00c1frica como proveedor alternativo, con Marruecos emergiendo como actor clave en la transici\u00f3n energ\u00e9tica. Al mismo tiempo, la creciente inestabilidad en el Sahel ha convertido al Magreb en una zona de contenci\u00f3n para Europa ante amenazas como el terrorismo, el crimen organizado y la inmigraci\u00f3n ilegal.<\/p>\n\n\n\n<p>A esto se suma el debilitamiento de los lazos internos de la Uni\u00f3n Europea, con divisiones entre Estados miembros, agravadas por el auge de partidos alternativos. En este escenario, el Estrecho de Gibraltar adquiere un valor geopol\u00edtico cr\u00edtico, no solo como ruta comercial imprescindible y por la que transitan m\u00e1s de 100.000 buques al a\u00f1o; sino como frontera sur de Europa y punto clave en la gesti\u00f3n de los flujos migratorios.<\/p>\n\n\n\n<p><strong>Intereses geoestrat\u00e9gicos de Marruecos en la regi\u00f3n<\/strong><\/p>\n\n\n\n<p>La estrategia marroqu\u00ed se fundamenta en torno a varios ejes para afianzarse como potencia regional dominante:<\/p>\n\n\n\n<ul class=\"wp-block-list\">\n<li>Proyecci\u00f3n hacia el Mediterr\u00e1neo Occidental, con una clara visi\u00f3n de influencia mar\u00edtima que incluye la delimitaci\u00f3n unilateral de sus aguas territoriales (realizada en 2020) y el desarrollo de su Marina Real, con la adquisici\u00f3n de fragatas y corbetas.<\/li>\n\n\n\n<li>Posicionamiento como Hub energ\u00e9tico regional, con ambiciosos proyectos de energ\u00edas renovables mediantw programas masivos de parques solares y e\u00f3licos tanto para consumo interno como exportaci\u00f3n de electricidad e hidr\u00f3geno verde hacia Europa.<\/li>\n\n\n\n<li>Hegemon\u00eda frente a Argelia, su principal competidor y con quien mantiene una rivalidad hist\u00f3rica intensificada en los \u00faltimos a\u00f1os por la cuesti\u00f3n saharaui, el cierre del gasoducto Magreb-Europa y la carrera armament\u00edstica.<\/li>\n<\/ul>\n\n\n\n<p><strong>El papel de Espa\u00f1a en el Mediterr\u00e1neo occidental<\/strong><\/p>\n\n\n\n<p>Espa\u00f1a mantiene una posici\u00f3n geopol\u00edtica compleja basada en contradicciones estrat\u00e9gicas que debilitan su capacidad de maniobra regional:<\/p>\n\n\n\n<ul class=\"wp-block-list\">\n<li>Su condici\u00f3n de frontera sur de la Uni\u00f3n Europea le otorga una responsabilidad cr\u00edtica en el control migratorio y la seguridad, pero tambi\u00e9n la hace vulnerable a las presiones que Marruecos puede utilizar como instrumento de negociaci\u00f3n.<\/li>\n\n\n\n<li>La defensa de los territorios de soberan\u00eda espa\u00f1ola (Ceuta, Melilla, islas y pe\u00f1ones) son una prioridad estrat\u00e9gica incuestionable, pero con limitaciones derivadas de su ambigua cobertura bajo el paraguas de la OTAN debido a la interpretaci\u00f3n restrictiva del Art\u00edculo 6 del Tratado de Washington.<\/li>\n\n\n\n<li>Sus intereses econ\u00f3micos en Marruecos (con m\u00e1s de 700 empresas espa\u00f1olas operando en el pa\u00eds magreb\u00ed y un intercambio comercial que supera los 22.500 millones de euros en 2025) generan una interdependencia que Rabat utiliza como palanca de presi\u00f3n para el sistema socioecon\u00f3mico espa\u00f1ol.<\/li>\n<\/ul>\n\n\n\n<h2 class=\"wp-block-heading has-large-font-size\">3.2. Conflictos territoriales y diplom\u00e1ticos<\/h2>\n\n\n\n<h3 class=\"wp-block-heading\" style=\"font-size:20px\">3.2.1. Instrumentalizaci\u00f3n de flujos migratorios<\/h3>\n\n\n\n<p>Este punto es uno de los instrumentos de presi\u00f3n m\u00e1s efectivos y visibles de la estrategia marroqu\u00ed hacia Espa\u00f1a. En 2025, este patr\u00f3n se mantiene con variaciones t\u00e1cticas:<\/p>\n\n\n\n<ul class=\"wp-block-list\">\n<li><strong>UJso selectivo de la presi\u00f3n migratoria<\/strong>. Calibrar los flujos migratorios como respuesta a decisiones pol\u00edticas espa\u00f1olas. Seg\u00fan datos oficiales, en 2024 las autoridades marroqu\u00edes frustraron 78.685 intentos de emigraci\u00f3n irregular.<\/li>\n<\/ul>\n\n\n\n<p>El Ministerio del Interior marroqu\u00ed cifr\u00f3 en 14 los intentos de entrada masiva a Ceuta y Melilla durante 2024, con una localizaci\u00f3n temporal que coincide con periodos de negociaci\u00f3n o tensi\u00f3n entre ambos pa\u00edses.<\/p>\n\n\n\n<ul class=\"wp-block-list\">\n<li><strong>Propaganda a la carta<\/strong>. Rabat presenta simult\u00e1neamente dos narrativas contradictorias: hacia Europa se posiciona como \u00absocio imprescindible\u00bb en la contenci\u00f3n migratoria (solicitando fondos adicionales para este fin), mientras que internamente cultiva la imagen de protector de los derechos de los migrantes frente a la \u00abEuropa fortaleza\u00bb.<\/li>\n\n\n\n<li><strong>Infiltraci\u00f3n de elementos de inteligencia<\/strong>. Diversos peri\u00f3dicos y analistas indican que entre los flujos migratorios y en otros eventos se habr\u00edan podido detectar posibles agentes marroqu\u00edes cuya misi\u00f3n debe incluir recopilar informaci\u00f3n sobre dispositivos de seguridad espa\u00f1oles y establecer redes de influencia en territorio espa\u00f1ol.<\/li>\n<\/ul>\n\n\n\n<p>Esta estrategia ha demostrado ser altamente efectiva para Marruecos, logrando concesiones pol\u00edticas significativas de Espa\u00f1a y la UE. La Uni\u00f3n Europea ha multiplicado su apoyo financiero a Marruecos en esta materia, alcanzando los 500 millones de euros para el periodo 2023-2027.<\/p>\n\n\n\n<h3 class=\"wp-block-heading\" style=\"font-size:20px\">3.2.2. Tensiones por el S\u00e1hara Occidental y el reconocimiento internacional<\/h3>\n\n\n\n<p>Este conflicto contin\u00faa siendo uno de los principales puntos de fricci\u00f3n en las relaciones entre ambos pa\u00edses. Al reconocimiento estadounidense de 2020 y el giro espa\u00f1ol, otros pa\u00edses europeos como Francia y Alemania han matizado sus posiciones tradicionales para alinearse parcialmente, aunque sin llegar al reconocimiento expl\u00edcito de soberan\u00eda:<\/p>\n\n\n\n<ul class=\"wp-block-list\">\n<li><strong>Marruecos ha intensificado su control efectivo sobre el territorio<\/strong> a trav\u00e9s de grandes inversiones en infraestructuras (la carretera Tiznit-Dakhla en 2024), el desarrollo de proyectos energ\u00e9ticos estrat\u00e9gicos (como el megaproyecto de hidr\u00f3geno verde en el S\u00e1hara) y la pol\u00edtica de asentamientos y control administrativo completo en el S\u00e1hara.<\/li>\n\n\n\n<li><strong>Tensiones con Argelia<\/strong>. El apoyo espa\u00f1ol a la posici\u00f3n marroqu\u00ed ha deteriorado gravemente las relaciones con Argelia, principal respaldo del Frente Polisario. La suspensi\u00f3n por parte de Argelia del Tratado de Amistad con Espa\u00f1a en 2022 sigue vigente en 2025, con repercusiones en el suministro energ\u00e9tico y el comercio bilateral.<\/li>\n<\/ul>\n\n\n\n<h3 class=\"wp-block-heading\" style=\"font-size:20px\">3.2.3.Cuestiones territoriales y militares: Ceuta, Melilla y aguas jurisdiccionales<\/h3>\n\n\n\n<p>La soberan\u00eda espa\u00f1ola sobre Ceuta, Melilla y los pe\u00f1ones e islas del norte de \u00c1frica contin\u00faa siendo objeto de cuestionamiento por parte de Marruecos, que ha desplegado estrategias de presi\u00f3n cada vez m\u00e1s sofisticadas en distintos \u00e1mbitos. Un informe publicado en marzo de 2025 por un centro de pensamiento marroqu\u00ed suger\u00eda un enfoque m\u00e1s proactivo por parte de Rabat respecto a Ceuta y Melilla, aludiendo a su intenci\u00f3n de \u201crecuperar\u201d lo que consideran territorios hist\u00f3ricos.<\/p>\n\n\n\n<p>Esta ofensiva no se limita a lo militar, sino que combina presiones econ\u00f3micas, diplom\u00e1ticas, culturales y simb\u00f3licas. La apertura de las aduanas de Ceuta y Melilla en 2025 no logr\u00f3 reactivar el comercio debido a restricciones impuestas unilateralmente por Marruecos, al tiempo que Rabat potencia infraestructuras alternativas como el puerto Tanger Med II y la zona franca de Fnideq. Paralelamente, se ha producido un claro refuerzo militar en el entorno de ambas ciudades:<\/p>\n\n\n\n<ul class=\"wp-block-list\">\n<li>Modernizaci\u00f3n de la base naval de M&#8217;diq, a solo 40 km de Ceuta.<\/li>\n\n\n\n<li>Ampliaci\u00f3n de la base a\u00e9rea de Tetu\u00e1n con capacidad para aeronaves de combate F-16.<\/li>\n\n\n\n<li>Despliegue de unidades de defensa costera equipadas con misiles antibuque cerca de ambas ciudades.<\/li>\n<\/ul>\n\n\n\n<p>Este contexto se ve agravado por la ambig\u00fcedad jur\u00eddica en torno al Art\u00edculo 6 del Tratado de Washington, que no menciona expresamente los territorios espa\u00f1oles en \u00c1frica; lo que deja sin garant\u00edas formales su inclusi\u00f3n en el art\u00edculo 5 sobre defensa colectiva. Aunque el secretario general de la Alianza ha declarado que \u201cEspa\u00f1a puede contar con la solidaridad de la OTAN\u201d, la incertidumbre persiste.<\/p>\n\n\n\n<p>Junto a estas amenazas externas, Espa\u00f1a enfrenta vulnerabilidades estrat\u00e9gicas internas que podr\u00edan ser explotadas en contextos de crisis. Ceuta y Melilla, al carecer de conexi\u00f3n terrestre con la pen\u00ednsula, dependen totalmente de l\u00edneas de suministro mar\u00edtimas y a\u00e9reas vulnerables en caso de bloqueo o conflicto. Aunque Espa\u00f1a ha mejorado notablemente la vigilancia fronteriza y el despliegue de capacidades de respuesta r\u00e1pida, persisten importantes carencias en \u00e1reas como la autonom\u00eda energ\u00e9tica, la ciberdefensa o la resiliencia social frente a amenazas h\u00edbridas, lo que limita su capacidad de reacci\u00f3n ante una escalada multifactorial.<\/p>\n\n\n\n<p>Tambi\u00e9n se ha intensificado la presi\u00f3n cultural e identitaria mediante programas educativos, religiosos y culturales promovidos desde Rabat y apoyados por representantes locales, en un intento de desgastar progresivamente la legitimidad de la presencia espa\u00f1ola y reforzar la narrativa de que esta soberan\u00eda es an\u00f3mala o transitoria. Adem\u00e1s, la compleja composici\u00f3n social de ambas ciudades, con alto porcentaje de poblaci\u00f3n de origen magreb\u00ed y confesi\u00f3n musulmana, puede ser instrumentalizada mediante discursos identitarios. La sociedad espa\u00f1ola, por su parte, ha mostrado sensibilidad ante campa\u00f1as de desinformaci\u00f3n vinculadas a Marruecos, que han generado alarma social y percepci\u00f3n de amenaza.<\/p>\n\n\n\n<p>En el \u00e1mbito econ\u00f3mico, se observa una creciente asimetr\u00eda en sectores clave, con Marruecos ganando protagonismo y capacidad de influencia. A esto se suma el desarrollo acelerado de sus capacidades cibern\u00e9ticas que plantea un riesgo potencial para infraestructuras cr\u00edticas espa\u00f1olas, especialmente en zonas cercanas al territorio marroqu\u00ed.<\/p>\n\n\n\n<h3 class=\"wp-block-heading\" style=\"font-size:20px\">3.2.4.Uso del chantaje diplom\u00e1tico y presi\u00f3n pol\u00edtica<\/h3>\n\n\n\n<p>Marruecos ha perfeccionado una diplomacia transaccional basada en la l\u00f3gica de \u201cconcesiones a cambio de normalidad\u201d. Cada gesto de cooperaci\u00f3n se presenta como una cesi\u00f3n que debe ser recompensada por parte de Espa\u00f1a, generando una relaci\u00f3n asim\u00e9trica y condicionada. Esta din\u00e1mica se complementa con la creaci\u00f3n deliberada de crisis diplom\u00e1ticas.<\/p>\n\n\n\n<p>En el plano internacional, Rabat instrumentaliza foros multilaterales como la Uni\u00f3n Africana o la Liga \u00c1rabe para legitimar sus posturas en conflictos bilaterales, logrando resoluciones favorables. Al mismo tiempo, desarrolla una estrategia de lawfare, utilizando tribunales europeos (como el TJUE) para cuestionar acuerdos comerciales. Paralelamente, Marruecos ha intensificado sus campa\u00f1as de influencia en Espa\u00f1a y Europa. Esto incluye la financiaci\u00f3n indirecta de medios afines, operaciones coordinadas en redes sociales, activaci\u00f3n de redes de lobby en \u00e1mbitos pol\u00edticos y empresariales, y el uso estrat\u00e9gico de la di\u00e1spora marroqu\u00ed como herramienta de presi\u00f3n blanda.<\/p>\n\n\n\n<h2 class=\"wp-block-heading has-large-font-size\">3.3. Seguridad y Defensa<\/h2>\n\n\n\n<h3 class=\"wp-block-heading\" style=\"font-size:20px\">3.3.1.Capacidad militar de Marruecos, actualizada a 2025<\/h3>\n\n\n\n<p>Marruecos est\u00e1 modernizando de forma r\u00e1pida su grueso militar, consolid\u00e1ndose como una potencia regional y alterando el equilibrio de fuerzas en el Magreb:<\/p>\n\n\n\n<ul class=\"wp-block-list\">\n<li>Seg\u00fan GlobalFirepower 2025, Marruecos ocupa el puesto 59 entre 145 ej\u00e9rcitos, con un presupuesto de defensa de 12.300 millones de euros, un 7,25% m\u00e1s que en 2024.<\/li>\n\n\n\n<li>Sus Fuerzas Armadas Reales cuentan con Con cerca de 195.000 efectivos activos y 150.000 reservistas, las Fuerzas Armadas Reales marroqu\u00edes duplican en tama\u00f1o a las espa\u00f1olas, lo que genera un claro desbalance num\u00e9rico pese a las ventajas tecnol\u00f3gicas de Espa\u00f1a. Las adquisiciones clave incluyen:\n<ul class=\"wp-block-list\">\n<li>Cazas F-16 Viper y modernizaci\u00f3n con capacidades electr\u00f3nicas avanzadas.<\/li>\n\n\n\n<li>Drones de combate como el Bayraktar TB2 turco y el IAI Heron israel\u00ed.<\/li>\n\n\n\n<li>Refuerzo antia\u00e9reo con 600 misiles Stinger FIM-92K autorizados por EE.UU. en 2025 (825 millones de d\u00f3lares), adem\u00e1s de sistemas de medio y largo alcance.<\/li>\n\n\n\n<li>Expansi\u00f3n naval con nuevas fragatas FREMM italianas, patrulleras r\u00e1pidas e infraestructuras en el Mediterr\u00e1neo y Atl\u00e1ntico.<\/li>\n\n\n\n<li>Mejora terrestre con carros Abrams M1A1SA, blindados VAB Mark 3 y 24 helic\u00f3pteros de ataque AH-64E Apache.<\/li>\n<\/ul>\n<\/li>\n\n\n\n<li>En el \u00e1mbito industrial, Marruecos impulsa una base de defensa nacional mediante Joint ventures con fabricantes internacionales para producci\u00f3n y mantenimiento local, avances en ciberseguridad y guerra electr\u00f3nica con apoyo de EE.UU. e Israel y una mejora del I+D para drones, buscando autonom\u00eda tecnol\u00f3gica.<\/li>\n<\/ul>\n\n\n\n<h3 class=\"wp-block-heading\" style=\"font-size:20px\">3.3.2.Presencia militar espa\u00f1ola en Ceuta, Melilla y Canarias<\/h3>\n\n\n\n<p>Espa\u00f1a mantiene un despliegue militar permanente en Ceuta y Melilla, con unos 3.200 efectivos en la primera y 3.000 en la segunda. Ambas cuentan con sistemas de artiller\u00eda y defensas costeras, aunque limitados frente a amenazas a\u00e9reas avanzadas.<\/p>\n\n\n\n<p>En Canarias, la Base Naval de Las Palmas ha sido modernizada para operar patrulleros de altura y, ocasionalmente, buques mayores. La Base A\u00e9rea de Gando aloja de forma permanente aviones EF-2000 Typhoon, preparados para ser reforzados con rapidez.<\/p>\n\n\n\n<ul class=\"wp-block-list\">\n<li>La estrategia espa\u00f1ola se basa en la capacidad de proyectar fuerzas desde la pen\u00ednsula. Ejercicios como Eagle Eye y African Lion han probado la rapidez de despliegue de la Fuerza de Acci\u00f3n R\u00e1pida, que puede llegar a Ceuta y Melilla en menos de 48 horas, siempre que se mantenga el control del Estrecho de Gibraltar.<\/li>\n\n\n\n<li>El sistema de vigilancia SIVE ha sido actualizado con tecnolog\u00eda avanzada y complementado con drones operativos. Adem\u00e1s, en 2024 se inaugur\u00f3 un Centro de Operaciones Conjuntas en Ceuta con capacidad de mando y control integrado.<\/li>\n\n\n\n<li>En el \u00e1mbito de la OTAN, Espa\u00f1a ha logrado cierta inclusi\u00f3n en la planificaci\u00f3n aliada. Ejercicios como Steadfast Defender 202<em>5<\/em> ya contemplan escenarios en el flanco sur. Sin embargo, las bases de Rota y Mor\u00f3n no est\u00e1n directamente ligadas a esa defensa.<\/li>\n<\/ul>\n\n\n\n<p>&nbsp;A pesar de estos recursos, persisten vulnerabilidades derivadas del aislamiento geogr\u00e1fico, la superioridad num\u00e9rica marroqu\u00ed en la regi\u00f3n y las limitaciones log\u00edsticas para sostener un conflicto prolongado. Expertos coinciden en que las fuerzas desplegadas podr\u00edan contener incursiones convencionales limitadas, pero se ver\u00edan comprometidas ante operaciones de mayor escala o escenarios de guerra h\u00edbrida.<\/p>\n\n\n\n<h3 class=\"wp-block-heading\" style=\"font-size:20px\">3.3.3. \u00bfUna nueva Marcha Verde? Presiones no convencionales.<\/h3>\n\n\n\n<p>Diversos indicios apuntan a que Marruecos podr\u00eda estar explorando estrategias de presi\u00f3n no violenta sobre Ceuta y Melilla, inspiradas en la Marcha Verde de 1975 pero adaptadas. Documentos estrat\u00e9gicos marroqu\u00edes han planteado escenarios de \u201crecuperaci\u00f3n pac\u00edfica\u201d de ambos territorios. Estas ideas se apoyan en capacidades ya demostradas, como la movilizaci\u00f3n social masiva vista en mayo de 2021, cuando unas 10.000 personas cruzaron a Ceuta, en lo que ha sido interpretado como un ensayo limitado con fines t\u00e1cticos. Diferentes fuentes, as\u00ed como opiniones de altos cargos del Ej\u00e9rcito espa\u00f1ol apuntan a posibles tareas de reconocimiento y planificaci\u00f3n espec\u00edficas por parte marroqu\u00ed. Paralelamente, se ha intensificado la difusi\u00f3n de narrativas sobre la \u00abmarroquinidad\u00bb de Ceuta y Melilla dentro de los propios territorios.<\/p>\n\n\n\n<p>El contexto internacional tambi\u00e9n juega un papel clave. El Mundial de 2030, que Marruecos organizar\u00e1 junto a Espa\u00f1a y Portugal, podr\u00eda ser utilizado para proyectar una imagen de cooperaci\u00f3n y reducir las alertas sobre posibles acciones futuras. Por otro lado se abri\u00f3 la idea de que lobbies marroqu\u00eds se daban justo despu\u00e9s de 2030 para iniciar operaciones de subversi\u00f3n por parte de los musulmanes de Ceuta y Melilla.<\/p>\n\n\n\n<p>Es importante se\u00f1alar que no existen evidencias concluyentes de planes operativos inminentes, sino m\u00e1s bien indicios de un desarrollo conceptual y gradual que podr\u00edan materializarse en escenarios futuros si las condiciones geopol\u00edticas se consideraran favorables. La estrategia marroqu\u00ed parece priorizar la presi\u00f3n multidimensional y de subversi\u00f3n propia para no generar respuestas adversas de la comunidad internacional.<\/p>\n\n\n\n<h2 class=\"wp-block-heading has-large-font-size\">3.4. Alineamientos Geopol\u00edticos<\/h2>\n\n\n\n<h3 class=\"wp-block-heading\" style=\"font-size:20px\">3.4.1. La alianza tripartita de Marruecos<\/h3>\n\n\n\n<p>En 2025, la alianza entre Marruecos, EE.UU. e Israel se ha afianzado como un eje geopol\u00edtico clave en el norte de \u00c1frica, con implicaciones directas para Espa\u00f1a y el equilibrio regional.<\/p>\n\n\n\n<p>La designaci\u00f3n de Marruecos como \u00abaliado preferente no-OTAN\u00bb ha facilitado un fuerte aumento en transferencias de armamento y colaboraci\u00f3n en inteligencia. La venta reciente de 600 misiles Stinger y ejercicios conjuntos como African Lion 2025 (con participaci\u00f3n israel\u00ed) reflejan el alto nivel de cooperaci\u00f3n militar bilateral. Desde los Acuerdos de Abraham (2020), las relaciones se han convertido en una asociaci\u00f3n. Rabat alberga una misi\u00f3n militar israel\u00ed permanente y recibe tecnolog\u00eda avanzada en vigilancia, ciberseguridad y drones. Tambi\u00e9n se desarrollan proyectos conjuntos en agricultura, gesti\u00f3n h\u00eddrica y energ\u00edas renovables y se perfila la creaci\u00f3n de un fondo Marruecos\u2013EE.UU.\u2013Israel para financiar proyectos estrat\u00e9gicos.<\/p>\n\n\n\n<p>Esto ha tensado las relaciones con Argelia y ha dotado a Marruecos de capacidades avanzadas que podr\u00edan emplearse en escenarios sensibles, pero representa uno de los desarrollos geopol\u00edticos m\u00e1s significativos para Espa\u00f1a, alterando el contexto estrat\u00e9gico en el que puede operar, modificando los c\u00e1lculos de seguridad y temiendo deber enfrentar a EE.UU. e Israel en diferentes contextos diplom\u00e1ticos.<\/p>\n\n\n\n<h3 class=\"wp-block-heading\" style=\"font-size:20px\">3.4.2. Posiciones internacionales. \u00bfEst\u00e1 la balanza econ\u00f3mica decantada hacia Marruecos?<\/h3>\n\n\n\n<p>La UE mantiene una posici\u00f3n ambigua y fragmentada frente a las tensiones entre Espa\u00f1a y Marruecos, marcada por divisiones internas. Mientras el bloque mediterr\u00e1neo (Espa\u00f1a, Italia, Grecia) enfatiza la seguridad y migraci\u00f3n, el eje franco-alem\u00e1n prioriza la estabilidad econ\u00f3mica. Los pa\u00edses del Este, poco implicados, solo muestran inter\u00e9s cuando se trata de flujos migratorios. Dicha posici\u00f3n se est\u00e1 viendo cada vez m\u00e1s afectada por los intereses econ\u00f3micos predominantes. El comercio UE\u2013Marruecos super\u00f3 los 45.000 millones de euros en 2024, con fuerte presencia en sectores estrat\u00e9gicos; generando un lobby pro-marroqu\u00ed dentro de la UE. A su vez, dicha ambig\u00fcedad OTAN beneficia a Marruecos en escenarios de presi\u00f3n limitada y obligando a Espa\u00f1a a mantener capacidades defensivas muy selectivas y de bajo perfil. Tambi\u00e9n complica la planificaci\u00f3n militar a largo plazo. Adem\u00e1s, se ha reforzado la cooperaci\u00f3n con Marruecos en vigilancia mar\u00edtima y ciberdefensa, con mensajes m\u00e1s claros de apoyo de socios como EE.UU. y Reino Unido, deslegitimandocada vez m\u00e1s al supuesto socio preferente, Espa\u00f1a. A su vez, diferentes estados miembros como Polonia, Hungr\u00eda o Eslovaquia mantienen posturas ambiguas, ya que se oponen a priorizar el sur en la pol\u00edtica de vecindad de la UE, pero refuerzan v\u00ednculos comerciales con Marruecos.<\/p>\n\n\n\n<p>Por su parte, desde la adhesi\u00f3n de China a la Iniciativa de la Franja y la Ruta en 2022, Marruecos ha fortalecido su relaci\u00f3n con China mediante inversiones en infraestructuras clave como T\u00e1nger Med y cooperaci\u00f3n tecnol\u00f3gica en sectores como 5G, energ\u00eda verde y transporte. Esta alianza refuerza la autonom\u00eda estrat\u00e9gica frente a Espa\u00f1a.<\/p>\n\n\n\n<p>Respecto a Rusia, aunque centrada en Argelia, ha incrementado su implicaci\u00f3n en Marruecos con visitas diplom\u00e1ticas de alto nivel, acuerdos energ\u00e9ticos (Gazprom\u2013ONHYM) y campa\u00f1as a trav\u00e9s de medios como RT y Sputnik.<\/p>\n\n\n\n<h2 class=\"wp-block-heading has-large-font-size\">3.5. Lobby pol\u00edtico y la di\u00e1spora marroqu\u00ed<\/h2>\n\n\n\n<p>La presencia del lobby marroqu\u00ed en instituciones supranacionales se ha intensificado notablemente su actividad de influencia en el \u00e1mbito pol\u00edtico europeo. Esta estrategia se articula en torno a una red con los siguientes componentes:<\/p>\n\n\n\n<ul class=\"wp-block-list\">\n<li>Influencia en el Parlamento Europeo con maniobras para condicionar resoluciones y posicionamientos.<\/li>\n\n\n\n<li>Financiaci\u00f3n de think tanks y fundaciones que promueven narrativas favorables a Rabat en foros acad\u00e9micos y medi\u00e1ticos y contrataci\u00f3n de empresas de relaciones p\u00fablicas dedicadas a mejorar la imagen internacional de Marruecos.<\/li>\n\n\n\n<li>Captaci\u00f3n de ex responsables pol\u00edticos europeos, incluidos espa\u00f1oles, como asesores o consultores estrat\u00e9gicos.<\/li>\n<\/ul>\n\n\n\n<p>Uno de los casos m\u00e1s destacados en 2025 fue la pol\u00e9mica surgida en medios espa\u00f1oles bajo el titular \u201cTenemos un lobby marroqu\u00ed en Espa\u00f1a\u201d, que puso de relieve las crecientes preocupaciones sobre la capacidad de Marruecos para influir en decisiones clave a nivel institucional y pol\u00edtico.<\/p>\n\n\n\n<p>En 2025, la comunidad marroqu\u00ed se ha convertido en la principal fuerza laboral extranjera en Espa\u00f1a, con m\u00e1s de 343.000 afiliados a la Seguridad Social. Este colectivo desempe\u00f1a un papel central en la estrategia de proyecci\u00f3n de poder blando de Rabat, que ejerce un control activo sobre su di\u00e1spora, al tiempo que vigila la actividad de la disidencia pol\u00edtica. Adem\u00e1s, esta comunidad reproduce en gran medida estructuras sociales tradicionales. La participaci\u00f3n femenina en el mercado laboral sigue siendo baja (solo un 26% de los afiliados son mujeres).<\/p>\n\n\n\n<h2 class=\"wp-block-heading has-large-font-size\">3.6. Escenarios estrat\u00e9gicos de evoluci\u00f3n hispano-marroqu\u00ed<\/h2>\n\n\n\n<ul class=\"wp-block-list\">\n<li><strong><u>ESCENARIO 1. TENSI\u00d3N CONTROLADA Y PRESI\u00d3N INTERMITENTE<\/u><\/strong><\/li>\n<\/ul>\n\n\n\n<p><strong>Descripci\u00f3n<\/strong><em>:<\/em> Episodios c\u00edclicos de tensi\u00f3n, con instrumentos h\u00edbridos de presi\u00f3n estrat\u00e9gica.<\/p>\n\n\n\n<p><strong>Acciones y consecuencias:<\/strong><\/p>\n\n\n\n<ul class=\"wp-block-list\">\n<li>Crisis diplom\u00e1ticas c\u00edclicas provocadas para renegociar posiciones o forzar concesiones.<\/li>\n\n\n\n<li>Uso instrumental de flujos migratorios. Hostigamiento indirecto a trav\u00e9s de trabas comerciales, administrativas y campa\u00f1as informativas.<\/li>\n\n\n\n<li>Espa\u00f1a responde mediante diplomacia parcialmente reactiva, concesiones constantes que no amenacen su Seguridad Nacional y refuerzo limitado de su disuasi\u00f3n.<\/li>\n\n\n\n<li>La UE no sanciona comportamientos desestabilizadores y Marruecos se convierte en socio importante de las asociaciones europeas, degradando el poder de Espa\u00f1a.<\/li>\n<\/ul>\n\n\n\n<p><strong>Probabilidad<\/strong>: Probable-Altamente probable \u2192 Escenario base, compatible con patrones hist\u00f3ricos de la relaci\u00f3n bilateral.<\/p>\n\n\n\n<ul class=\"wp-block-list\">\n<li><strong><u>ESCENARIO 2. CONTENCI\u00d3N Y NORMALIZACI\u00d3N GRADUAL<\/u><\/strong><\/li>\n<\/ul>\n\n\n\n<p><strong>Descripci\u00f3n<\/strong><em>:<\/em> Se consolida la din\u00e1mica de estabilizaci\u00f3n bilateral asim\u00e9trica sin alteraciones profundas. Estabilidad a medio plazo.<\/p>\n\n\n\n<p><strong>Acciones y consecuencias<\/strong>:<\/p>\n\n\n\n<ul class=\"wp-block-list\">\n<li>Mantenimiento del statu quo territorial en Ceuta y Melilla y Canarias, con reconocimiento por parte de Marruecos, pero sin acciones concretas.<\/li>\n\n\n\n<li>Reforzamiento de la cooperaci\u00f3n en seguridad, antiterrorismo y control migratorio. Aumento del comercio bilateral y de las inversiones cruzadas.<\/li>\n\n\n\n<li>Espa\u00f1a mantiene el apoyo pol\u00edtico al plan marroqu\u00ed para el S\u00e1hara Occidental, mayor presencia de los lobbies musulmanes en dichos territorios y mayor inversi\u00f3n en Marruecos.<\/li>\n<\/ul>\n\n\n\n<p><strong>Probabilidad<\/strong>: Poco probable- Posibilidad realista \u2192 Coherente seg\u00fan posible evoluci\u00f3n mediante acuerdos multilaterales e incentivos de ambas partes, con mediaci\u00f3n de EE.UU.<\/p>\n\n\n\n<ul class=\"wp-block-list\">\n<li><strong><u>ESCENARIO 3. ESCALADA Y CONFLICTO<\/u><\/strong><\/li>\n<\/ul>\n\n\n\n<p><strong>Descripci\u00f3n<\/strong><em>:<\/em> Ruptura gradual de la contenci\u00f3n con pasos coercitivos, generando una crisis de seguridad regional y con posible detonante b\u00e9lico como respuesta.<\/p>\n\n\n\n<p><strong>Acciones y consecuencias:<\/strong><\/p>\n\n\n\n<ul class=\"wp-block-list\">\n<li>Movilizaci\u00f3n masiva de civiles en Ceuta o Melilla y ocupaci\u00f3n simb\u00f3lica o armada de islotes o pe\u00f1ones como medida de presi\u00f3n territorial. Posible comienzo de subversi\u00f3n.<\/li>\n\n\n\n<li>Imposici\u00f3n de restricciones comerciales, cierre de fronteras y Estado de Sitio.<\/li>\n\n\n\n<li>Riesgo de choque entre fuerzas en zonas sensibles dentro de los territorios y posible respuesta de Marruecos para \u2018defender a su poblaci\u00f3n\u2019.<\/li>\n\n\n\n<li>Reacci\u00f3n europea dividida sin respuesta inmediata de defensa colectiva. Choques diplom\u00e1ticos con EE.UU. e Israel.<\/li>\n\n\n\n<li>Espa\u00f1a enfrenta dificultad operativa para responder sin apoyo aliado y debe realizar un trasvase de Fuerzas Armadas por el Estrecho.<\/li>\n<\/ul>\n\n\n\n<p><strong>Probabilidad<\/strong>: Altamente Improbable \u2192 Escenario disruptivo; plausible si fallan mecanismos de disuasi\u00f3n y coordinaci\u00f3n internacional y entra en juego la resistencia armada.<\/p>\n\n\n\n<div data-wp-interactive=\"core\/file\" class=\"wp-block-file aligncenter\"><object data-wp-bind--hidden=\"!state.hasPdfPreview\" hidden class=\"wp-block-file__embed\" data=\"https:\/\/www.inteligenia.info\/wp-content\/uploads\/2025\/06\/Evaluacion-estrategica-de-la-relacion-bilateral-hispano-marroqui.pdf\" type=\"application\/pdf\" style=\"width:100%;height:600px\" aria-label=\"Incrustado de Evaluacion estrategica de la relacion bilateral hispano marroqui.\"><\/object><a id=\"wp-block-file--media-8cb65839-9e2a-4671-9e75-02fc939d62d0\" href=\"https:\/\/www.inteligenia.info\/wp-content\/uploads\/2025\/06\/Evaluacion-estrategica-de-la-relacion-bilateral-hispano-marroqui.pdf\" target=\"_blank\" rel=\"noreferrer noopener\">Evaluacion estrategica de la relacion bilateral hispano marroqui<\/a><a href=\"https:\/\/www.inteligenia.info\/wp-content\/uploads\/2025\/06\/Evaluacion-estrategica-de-la-relacion-bilateral-hispano-marroqui.pdf\" class=\"wp-block-file__button wp-element-button\" download aria-describedby=\"wp-block-file--media-8cb65839-9e2a-4671-9e75-02fc939d62d0\">Descarga<\/a><\/div>\n","protected":false},"excerpt":{"rendered":"<p>1. Introducci\u00f3n Este informe de inteligencia estrat\u00e9gica analiza la complejidad de las relaciones bilaterales entre Espa\u00f1a y Marruecos a fecha de 2025, marcadas por una aparente cooperaci\u00f3n diplom\u00e1tica y econ\u00f3mica que contrasta con tensiones cont\u00ednuas de car\u00e1cter territorial, migratorio y geopol\u00edtico. La idea principal de este an\u00e1lisis es comprobar que, pese a los discursos oficiales [&hellip;]<\/p>\n","protected":false},"author":1,"featured_media":1036,"comment_status":"open","ping_status":"open","sticky":false,"template":"","format":"standard","meta":{"saved_in_kubio":false,"footnotes":""},"categories":[13,17,15],"tags":[],"class_list":["post-1032","post","type-post","status-publish","format-standard","has-post-thumbnail","hentry","category-articulos","category-geopolitica-y-geoestrategia","category-seguridad-y-defensa"],"yoast_head":"<!-- This site is optimized with the Yoast SEO plugin v27.0 - https:\/\/yoast.com\/product\/yoast-seo-wordpress\/ -->\n<title>Evaluaci\u00f3n estrat\u00e9gica de la relaci\u00f3n bilateral hispano-marroqu\u00ed en 2025. Una relaci\u00f3n asim\u00e9trica en un contexto geopol\u00edtico cambiante - Inteligenia<\/title>\n<meta name=\"robots\" content=\"index, follow, max-snippet:-1, max-image-preview:large, max-video-preview:-1\" \/>\n<link rel=\"canonical\" href=\"https:\/\/www.inteligenia.info\/home\/evaluacion-estrategica-de-la-relacion-bilateral-hispano-marroqui-en-2025-una-relacion-asimetrica-en-un-contexto-geopolitico-cambiante\/\" \/>\n<meta property=\"og:locale\" content=\"es_ES\" \/>\n<meta property=\"og:type\" content=\"article\" \/>\n<meta property=\"og:title\" content=\"Evaluaci\u00f3n estrat\u00e9gica de la relaci\u00f3n bilateral hispano-marroqu\u00ed en 2025. Una relaci\u00f3n asim\u00e9trica en un contexto geopol\u00edtico cambiante - Inteligenia\" \/>\n<meta property=\"og:description\" content=\"1. Introducci\u00f3n Este informe de inteligencia estrat\u00e9gica analiza la complejidad de las relaciones bilaterales entre Espa\u00f1a y Marruecos a fecha de 2025, marcadas por una aparente cooperaci\u00f3n diplom\u00e1tica y econ\u00f3mica que contrasta con tensiones cont\u00ednuas de car\u00e1cter territorial, migratorio y geopol\u00edtico. La idea principal de este an\u00e1lisis es comprobar que, pese a los discursos oficiales [&hellip;]\" \/>\n<meta property=\"og:url\" content=\"https:\/\/www.inteligenia.info\/home\/evaluacion-estrategica-de-la-relacion-bilateral-hispano-marroqui-en-2025-una-relacion-asimetrica-en-un-contexto-geopolitico-cambiante\/\" \/>\n<meta property=\"og:site_name\" content=\"Inteligenia\" \/>\n<meta property=\"article:published_time\" content=\"2025-06-05T07:42:12+00:00\" \/>\n<meta property=\"article:modified_time\" content=\"2025-06-05T07:52:46+00:00\" \/>\n<meta property=\"og:image\" content=\"https:\/\/www.inteligenia.info\/wp-content\/uploads\/2025\/06\/Captura.png\" \/>\n\t<meta property=\"og:image:width\" content=\"858\" \/>\n\t<meta property=\"og:image:height\" content=\"679\" \/>\n\t<meta property=\"og:image:type\" content=\"image\/png\" \/>\n<meta name=\"author\" content=\"admin\" \/>\n<meta name=\"twitter:card\" content=\"summary_large_image\" \/>\n<meta name=\"twitter:creator\" content=\"@INTELIGENIA_\" \/>\n<meta name=\"twitter:site\" content=\"@INTELIGENIA_\" \/>\n<meta name=\"twitter:label1\" content=\"Escrito por\" \/>\n\t<meta name=\"twitter:data1\" content=\"admin\" \/>\n\t<meta name=\"twitter:label2\" content=\"Tiempo de lectura\" \/>\n\t<meta name=\"twitter:data2\" content=\"17 minutos\" \/>\n<script type=\"application\/ld+json\" class=\"yoast-schema-graph\">{\"@context\":\"https:\/\/schema.org\",\"@graph\":[{\"@type\":\"Article\",\"@id\":\"https:\/\/www.inteligenia.info\/home\/evaluacion-estrategica-de-la-relacion-bilateral-hispano-marroqui-en-2025-una-relacion-asimetrica-en-un-contexto-geopolitico-cambiante\/#article\",\"isPartOf\":{\"@id\":\"https:\/\/www.inteligenia.info\/home\/evaluacion-estrategica-de-la-relacion-bilateral-hispano-marroqui-en-2025-una-relacion-asimetrica-en-un-contexto-geopolitico-cambiante\/\"},\"author\":{\"name\":\"admin\",\"@id\":\"https:\/\/www.inteligenia.info\/home\/#\/schema\/person\/1bf90ee63c207f611a224f9c17dbf031\"},\"headline\":\"Evaluaci\u00f3n estrat\u00e9gica de la relaci\u00f3n bilateral hispano-marroqu\u00ed en 2025. Una relaci\u00f3n asim\u00e9trica en un contexto geopol\u00edtico cambiante\",\"datePublished\":\"2025-06-05T07:42:12+00:00\",\"dateModified\":\"2025-06-05T07:52:46+00:00\",\"mainEntityOfPage\":{\"@id\":\"https:\/\/www.inteligenia.info\/home\/evaluacion-estrategica-de-la-relacion-bilateral-hispano-marroqui-en-2025-una-relacion-asimetrica-en-un-contexto-geopolitico-cambiante\/\"},\"wordCount\":4122,\"commentCount\":0,\"publisher\":{\"@id\":\"https:\/\/www.inteligenia.info\/home\/#organization\"},\"image\":{\"@id\":\"https:\/\/www.inteligenia.info\/home\/evaluacion-estrategica-de-la-relacion-bilateral-hispano-marroqui-en-2025-una-relacion-asimetrica-en-un-contexto-geopolitico-cambiante\/#primaryimage\"},\"thumbnailUrl\":\"https:\/\/www.inteligenia.info\/wp-content\/uploads\/2025\/06\/Captura.png\",\"articleSection\":[\"Art\u00edculos\",\"Geopolitica y Geoestrategia\",\"Seguridad y Defensa\"],\"inLanguage\":\"es\",\"potentialAction\":[{\"@type\":\"CommentAction\",\"name\":\"Comment\",\"target\":[\"https:\/\/www.inteligenia.info\/home\/evaluacion-estrategica-de-la-relacion-bilateral-hispano-marroqui-en-2025-una-relacion-asimetrica-en-un-contexto-geopolitico-cambiante\/#respond\"]}]},{\"@type\":\"WebPage\",\"@id\":\"https:\/\/www.inteligenia.info\/home\/evaluacion-estrategica-de-la-relacion-bilateral-hispano-marroqui-en-2025-una-relacion-asimetrica-en-un-contexto-geopolitico-cambiante\/\",\"url\":\"https:\/\/www.inteligenia.info\/home\/evaluacion-estrategica-de-la-relacion-bilateral-hispano-marroqui-en-2025-una-relacion-asimetrica-en-un-contexto-geopolitico-cambiante\/\",\"name\":\"Evaluaci\u00f3n estrat\u00e9gica de la relaci\u00f3n bilateral hispano-marroqu\u00ed en 2025. Una relaci\u00f3n asim\u00e9trica en un contexto geopol\u00edtico cambiante - Inteligenia\",\"isPartOf\":{\"@id\":\"https:\/\/www.inteligenia.info\/home\/#website\"},\"primaryImageOfPage\":{\"@id\":\"https:\/\/www.inteligenia.info\/home\/evaluacion-estrategica-de-la-relacion-bilateral-hispano-marroqui-en-2025-una-relacion-asimetrica-en-un-contexto-geopolitico-cambiante\/#primaryimage\"},\"image\":{\"@id\":\"https:\/\/www.inteligenia.info\/home\/evaluacion-estrategica-de-la-relacion-bilateral-hispano-marroqui-en-2025-una-relacion-asimetrica-en-un-contexto-geopolitico-cambiante\/#primaryimage\"},\"thumbnailUrl\":\"https:\/\/www.inteligenia.info\/wp-content\/uploads\/2025\/06\/Captura.png\",\"datePublished\":\"2025-06-05T07:42:12+00:00\",\"dateModified\":\"2025-06-05T07:52:46+00:00\",\"breadcrumb\":{\"@id\":\"https:\/\/www.inteligenia.info\/home\/evaluacion-estrategica-de-la-relacion-bilateral-hispano-marroqui-en-2025-una-relacion-asimetrica-en-un-contexto-geopolitico-cambiante\/#breadcrumb\"},\"inLanguage\":\"es\",\"potentialAction\":[{\"@type\":\"ReadAction\",\"target\":[\"https:\/\/www.inteligenia.info\/home\/evaluacion-estrategica-de-la-relacion-bilateral-hispano-marroqui-en-2025-una-relacion-asimetrica-en-un-contexto-geopolitico-cambiante\/\"]}]},{\"@type\":\"ImageObject\",\"inLanguage\":\"es\",\"@id\":\"https:\/\/www.inteligenia.info\/home\/evaluacion-estrategica-de-la-relacion-bilateral-hispano-marroqui-en-2025-una-relacion-asimetrica-en-un-contexto-geopolitico-cambiante\/#primaryimage\",\"url\":\"https:\/\/www.inteligenia.info\/wp-content\/uploads\/2025\/06\/Captura.png\",\"contentUrl\":\"https:\/\/www.inteligenia.info\/wp-content\/uploads\/2025\/06\/Captura.png\",\"width\":858,\"height\":679},{\"@type\":\"BreadcrumbList\",\"@id\":\"https:\/\/www.inteligenia.info\/home\/evaluacion-estrategica-de-la-relacion-bilateral-hispano-marroqui-en-2025-una-relacion-asimetrica-en-un-contexto-geopolitico-cambiante\/#breadcrumb\",\"itemListElement\":[{\"@type\":\"ListItem\",\"position\":1,\"name\":\"Portada\",\"item\":\"https:\/\/www.inteligenia.info\/home\/\"},{\"@type\":\"ListItem\",\"position\":2,\"name\":\"Evaluaci\u00f3n estrat\u00e9gica de la relaci\u00f3n bilateral hispano-marroqu\u00ed en 2025. Una relaci\u00f3n asim\u00e9trica en un contexto geopol\u00edtico cambiante\"}]},{\"@type\":\"WebSite\",\"@id\":\"https:\/\/www.inteligenia.info\/home\/#website\",\"url\":\"https:\/\/www.inteligenia.info\/home\/\",\"name\":\"Inteligenia\",\"description\":\"\",\"publisher\":{\"@id\":\"https:\/\/www.inteligenia.info\/home\/#organization\"},\"potentialAction\":[{\"@type\":\"SearchAction\",\"target\":{\"@type\":\"EntryPoint\",\"urlTemplate\":\"https:\/\/www.inteligenia.info\/home\/?s={search_term_string}\"},\"query-input\":{\"@type\":\"PropertyValueSpecification\",\"valueRequired\":true,\"valueName\":\"search_term_string\"}}],\"inLanguage\":\"es\"},{\"@type\":\"Organization\",\"@id\":\"https:\/\/www.inteligenia.info\/home\/#organization\",\"name\":\"Inteligenia\",\"url\":\"https:\/\/www.inteligenia.info\/home\/\",\"logo\":{\"@type\":\"ImageObject\",\"inLanguage\":\"es\",\"@id\":\"https:\/\/www.inteligenia.info\/home\/#\/schema\/logo\/image\/\",\"url\":\"https:\/\/www.inteligenia.info\/wp-content\/uploads\/2024\/06\/transparent_logo-1-e1718047668142.png\",\"contentUrl\":\"https:\/\/www.inteligenia.info\/wp-content\/uploads\/2024\/06\/transparent_logo-1-e1718047668142.png\",\"width\":674,\"height\":141,\"caption\":\"Inteligenia\"},\"image\":{\"@id\":\"https:\/\/www.inteligenia.info\/home\/#\/schema\/logo\/image\/\"},\"sameAs\":[\"https:\/\/x.com\/INTELIGENIA_\",\"https:\/\/www.linkedin.com\/company\/inteligenia\/?viewAsMember=true\"]},{\"@type\":\"Person\",\"@id\":\"https:\/\/www.inteligenia.info\/home\/#\/schema\/person\/1bf90ee63c207f611a224f9c17dbf031\",\"name\":\"admin\",\"image\":{\"@type\":\"ImageObject\",\"inLanguage\":\"es\",\"@id\":\"https:\/\/www.inteligenia.info\/home\/#\/schema\/person\/image\/\",\"url\":\"https:\/\/secure.gravatar.com\/avatar\/ed712be762908ac190eb3beb8cf9efb0dc9c425bd7b69d40ba8746efca2909c6?s=96&d=mm&r=g\",\"contentUrl\":\"https:\/\/secure.gravatar.com\/avatar\/ed712be762908ac190eb3beb8cf9efb0dc9c425bd7b69d40ba8746efca2909c6?s=96&d=mm&r=g\",\"caption\":\"admin\"},\"sameAs\":[\"http:\/\/www.inteligenia.info\"],\"url\":\"https:\/\/www.inteligenia.info\/home\/author\/admin\/\"}]}<\/script>\n<!-- \/ Yoast SEO plugin. -->","yoast_head_json":{"title":"Evaluaci\u00f3n estrat\u00e9gica de la relaci\u00f3n bilateral hispano-marroqu\u00ed en 2025. Una relaci\u00f3n asim\u00e9trica en un contexto geopol\u00edtico cambiante - Inteligenia","robots":{"index":"index","follow":"follow","max-snippet":"max-snippet:-1","max-image-preview":"max-image-preview:large","max-video-preview":"max-video-preview:-1"},"canonical":"https:\/\/www.inteligenia.info\/home\/evaluacion-estrategica-de-la-relacion-bilateral-hispano-marroqui-en-2025-una-relacion-asimetrica-en-un-contexto-geopolitico-cambiante\/","og_locale":"es_ES","og_type":"article","og_title":"Evaluaci\u00f3n estrat\u00e9gica de la relaci\u00f3n bilateral hispano-marroqu\u00ed en 2025. Una relaci\u00f3n asim\u00e9trica en un contexto geopol\u00edtico cambiante - Inteligenia","og_description":"1. Introducci\u00f3n Este informe de inteligencia estrat\u00e9gica analiza la complejidad de las relaciones bilaterales entre Espa\u00f1a y Marruecos a fecha de 2025, marcadas por una aparente cooperaci\u00f3n diplom\u00e1tica y econ\u00f3mica que contrasta con tensiones cont\u00ednuas de car\u00e1cter territorial, migratorio y geopol\u00edtico. La idea principal de este an\u00e1lisis es comprobar que, pese a los discursos oficiales [&hellip;]","og_url":"https:\/\/www.inteligenia.info\/home\/evaluacion-estrategica-de-la-relacion-bilateral-hispano-marroqui-en-2025-una-relacion-asimetrica-en-un-contexto-geopolitico-cambiante\/","og_site_name":"Inteligenia","article_published_time":"2025-06-05T07:42:12+00:00","article_modified_time":"2025-06-05T07:52:46+00:00","og_image":[{"width":858,"height":679,"url":"https:\/\/www.inteligenia.info\/wp-content\/uploads\/2025\/06\/Captura.png","type":"image\/png"}],"author":"admin","twitter_card":"summary_large_image","twitter_creator":"@INTELIGENIA_","twitter_site":"@INTELIGENIA_","twitter_misc":{"Escrito por":"admin","Tiempo de lectura":"17 minutos"},"schema":{"@context":"https:\/\/schema.org","@graph":[{"@type":"Article","@id":"https:\/\/www.inteligenia.info\/home\/evaluacion-estrategica-de-la-relacion-bilateral-hispano-marroqui-en-2025-una-relacion-asimetrica-en-un-contexto-geopolitico-cambiante\/#article","isPartOf":{"@id":"https:\/\/www.inteligenia.info\/home\/evaluacion-estrategica-de-la-relacion-bilateral-hispano-marroqui-en-2025-una-relacion-asimetrica-en-un-contexto-geopolitico-cambiante\/"},"author":{"name":"admin","@id":"https:\/\/www.inteligenia.info\/home\/#\/schema\/person\/1bf90ee63c207f611a224f9c17dbf031"},"headline":"Evaluaci\u00f3n estrat\u00e9gica de la relaci\u00f3n bilateral hispano-marroqu\u00ed en 2025. Una relaci\u00f3n asim\u00e9trica en un contexto geopol\u00edtico cambiante","datePublished":"2025-06-05T07:42:12+00:00","dateModified":"2025-06-05T07:52:46+00:00","mainEntityOfPage":{"@id":"https:\/\/www.inteligenia.info\/home\/evaluacion-estrategica-de-la-relacion-bilateral-hispano-marroqui-en-2025-una-relacion-asimetrica-en-un-contexto-geopolitico-cambiante\/"},"wordCount":4122,"commentCount":0,"publisher":{"@id":"https:\/\/www.inteligenia.info\/home\/#organization"},"image":{"@id":"https:\/\/www.inteligenia.info\/home\/evaluacion-estrategica-de-la-relacion-bilateral-hispano-marroqui-en-2025-una-relacion-asimetrica-en-un-contexto-geopolitico-cambiante\/#primaryimage"},"thumbnailUrl":"https:\/\/www.inteligenia.info\/wp-content\/uploads\/2025\/06\/Captura.png","articleSection":["Art\u00edculos","Geopolitica y Geoestrategia","Seguridad y Defensa"],"inLanguage":"es","potentialAction":[{"@type":"CommentAction","name":"Comment","target":["https:\/\/www.inteligenia.info\/home\/evaluacion-estrategica-de-la-relacion-bilateral-hispano-marroqui-en-2025-una-relacion-asimetrica-en-un-contexto-geopolitico-cambiante\/#respond"]}]},{"@type":"WebPage","@id":"https:\/\/www.inteligenia.info\/home\/evaluacion-estrategica-de-la-relacion-bilateral-hispano-marroqui-en-2025-una-relacion-asimetrica-en-un-contexto-geopolitico-cambiante\/","url":"https:\/\/www.inteligenia.info\/home\/evaluacion-estrategica-de-la-relacion-bilateral-hispano-marroqui-en-2025-una-relacion-asimetrica-en-un-contexto-geopolitico-cambiante\/","name":"Evaluaci\u00f3n estrat\u00e9gica de la relaci\u00f3n bilateral hispano-marroqu\u00ed en 2025. Una relaci\u00f3n asim\u00e9trica en un contexto geopol\u00edtico cambiante - Inteligenia","isPartOf":{"@id":"https:\/\/www.inteligenia.info\/home\/#website"},"primaryImageOfPage":{"@id":"https:\/\/www.inteligenia.info\/home\/evaluacion-estrategica-de-la-relacion-bilateral-hispano-marroqui-en-2025-una-relacion-asimetrica-en-un-contexto-geopolitico-cambiante\/#primaryimage"},"image":{"@id":"https:\/\/www.inteligenia.info\/home\/evaluacion-estrategica-de-la-relacion-bilateral-hispano-marroqui-en-2025-una-relacion-asimetrica-en-un-contexto-geopolitico-cambiante\/#primaryimage"},"thumbnailUrl":"https:\/\/www.inteligenia.info\/wp-content\/uploads\/2025\/06\/Captura.png","datePublished":"2025-06-05T07:42:12+00:00","dateModified":"2025-06-05T07:52:46+00:00","breadcrumb":{"@id":"https:\/\/www.inteligenia.info\/home\/evaluacion-estrategica-de-la-relacion-bilateral-hispano-marroqui-en-2025-una-relacion-asimetrica-en-un-contexto-geopolitico-cambiante\/#breadcrumb"},"inLanguage":"es","potentialAction":[{"@type":"ReadAction","target":["https:\/\/www.inteligenia.info\/home\/evaluacion-estrategica-de-la-relacion-bilateral-hispano-marroqui-en-2025-una-relacion-asimetrica-en-un-contexto-geopolitico-cambiante\/"]}]},{"@type":"ImageObject","inLanguage":"es","@id":"https:\/\/www.inteligenia.info\/home\/evaluacion-estrategica-de-la-relacion-bilateral-hispano-marroqui-en-2025-una-relacion-asimetrica-en-un-contexto-geopolitico-cambiante\/#primaryimage","url":"https:\/\/www.inteligenia.info\/wp-content\/uploads\/2025\/06\/Captura.png","contentUrl":"https:\/\/www.inteligenia.info\/wp-content\/uploads\/2025\/06\/Captura.png","width":858,"height":679},{"@type":"BreadcrumbList","@id":"https:\/\/www.inteligenia.info\/home\/evaluacion-estrategica-de-la-relacion-bilateral-hispano-marroqui-en-2025-una-relacion-asimetrica-en-un-contexto-geopolitico-cambiante\/#breadcrumb","itemListElement":[{"@type":"ListItem","position":1,"name":"Portada","item":"https:\/\/www.inteligenia.info\/home\/"},{"@type":"ListItem","position":2,"name":"Evaluaci\u00f3n estrat\u00e9gica de la relaci\u00f3n bilateral hispano-marroqu\u00ed en 2025. Una relaci\u00f3n asim\u00e9trica en un contexto geopol\u00edtico cambiante"}]},{"@type":"WebSite","@id":"https:\/\/www.inteligenia.info\/home\/#website","url":"https:\/\/www.inteligenia.info\/home\/","name":"Inteligenia","description":"","publisher":{"@id":"https:\/\/www.inteligenia.info\/home\/#organization"},"potentialAction":[{"@type":"SearchAction","target":{"@type":"EntryPoint","urlTemplate":"https:\/\/www.inteligenia.info\/home\/?s={search_term_string}"},"query-input":{"@type":"PropertyValueSpecification","valueRequired":true,"valueName":"search_term_string"}}],"inLanguage":"es"},{"@type":"Organization","@id":"https:\/\/www.inteligenia.info\/home\/#organization","name":"Inteligenia","url":"https:\/\/www.inteligenia.info\/home\/","logo":{"@type":"ImageObject","inLanguage":"es","@id":"https:\/\/www.inteligenia.info\/home\/#\/schema\/logo\/image\/","url":"https:\/\/www.inteligenia.info\/wp-content\/uploads\/2024\/06\/transparent_logo-1-e1718047668142.png","contentUrl":"https:\/\/www.inteligenia.info\/wp-content\/uploads\/2024\/06\/transparent_logo-1-e1718047668142.png","width":674,"height":141,"caption":"Inteligenia"},"image":{"@id":"https:\/\/www.inteligenia.info\/home\/#\/schema\/logo\/image\/"},"sameAs":["https:\/\/x.com\/INTELIGENIA_","https:\/\/www.linkedin.com\/company\/inteligenia\/?viewAsMember=true"]},{"@type":"Person","@id":"https:\/\/www.inteligenia.info\/home\/#\/schema\/person\/1bf90ee63c207f611a224f9c17dbf031","name":"admin","image":{"@type":"ImageObject","inLanguage":"es","@id":"https:\/\/www.inteligenia.info\/home\/#\/schema\/person\/image\/","url":"https:\/\/secure.gravatar.com\/avatar\/ed712be762908ac190eb3beb8cf9efb0dc9c425bd7b69d40ba8746efca2909c6?s=96&d=mm&r=g","contentUrl":"https:\/\/secure.gravatar.com\/avatar\/ed712be762908ac190eb3beb8cf9efb0dc9c425bd7b69d40ba8746efca2909c6?s=96&d=mm&r=g","caption":"admin"},"sameAs":["http:\/\/www.inteligenia.info"],"url":"https:\/\/www.inteligenia.info\/home\/author\/admin\/"}]}},"_links":{"self":[{"href":"https:\/\/www.inteligenia.info\/home\/wp-json\/wp\/v2\/posts\/1032","targetHints":{"allow":["GET"]}}],"collection":[{"href":"https:\/\/www.inteligenia.info\/home\/wp-json\/wp\/v2\/posts"}],"about":[{"href":"https:\/\/www.inteligenia.info\/home\/wp-json\/wp\/v2\/types\/post"}],"author":[{"embeddable":true,"href":"https:\/\/www.inteligenia.info\/home\/wp-json\/wp\/v2\/users\/1"}],"replies":[{"embeddable":true,"href":"https:\/\/www.inteligenia.info\/home\/wp-json\/wp\/v2\/comments?post=1032"}],"version-history":[{"count":2,"href":"https:\/\/www.inteligenia.info\/home\/wp-json\/wp\/v2\/posts\/1032\/revisions"}],"predecessor-version":[{"id":1039,"href":"https:\/\/www.inteligenia.info\/home\/wp-json\/wp\/v2\/posts\/1032\/revisions\/1039"}],"wp:featuredmedia":[{"embeddable":true,"href":"https:\/\/www.inteligenia.info\/home\/wp-json\/wp\/v2\/media\/1036"}],"wp:attachment":[{"href":"https:\/\/www.inteligenia.info\/home\/wp-json\/wp\/v2\/media?parent=1032"}],"wp:term":[{"taxonomy":"category","embeddable":true,"href":"https:\/\/www.inteligenia.info\/home\/wp-json\/wp\/v2\/categories?post=1032"},{"taxonomy":"post_tag","embeddable":true,"href":"https:\/\/www.inteligenia.info\/home\/wp-json\/wp\/v2\/tags?post=1032"}],"curies":[{"name":"wp","href":"https:\/\/api.w.org\/{rel}","templated":true}]}}