{"id":1081,"date":"2025-06-19T11:14:58","date_gmt":"2025-06-19T11:14:58","guid":{"rendered":"https:\/\/www.inteligenia.info\/?p=1081"},"modified":"2025-06-19T11:15:00","modified_gmt":"2025-06-19T11:15:00","slug":"el-impacto-de-la-libre-portacion-de-armas-en-la-imagen-de-ee-uu-como-garante-de-seguridad-internacional","status":"publish","type":"post","link":"https:\/\/www.inteligenia.info\/home\/el-impacto-de-la-libre-portacion-de-armas-en-la-imagen-de-ee-uu-como-garante-de-seguridad-internacional\/","title":{"rendered":"EL IMPACTO DE LA LIBRE PORTACI\u00d3N DE ARMAS EN LA IMAGEN DE EE. UU. COMO GARANTE DE SEGURIDAD INTERNACIONAL"},"content":{"rendered":"\n<hr class=\"wp-block-separator has-css-opacity is-style-default\"\/>\n\n\n\n<blockquote class=\"wp-block-quote has-text-align-center is-style-large is-layout-flow wp-block-quote-is-layout-flow\">\n<p style=\"font-size:18px\"><strong>Claudia Mateos D\u00edaz<\/strong> es analista en formaci\u00f3n especializada en inteligencia y seguridad internacional. Actualmente se encuentra en Prosegur Research y ha colaborado en el Centro de An\u00e1lisis y Prospectiva de la Guardia Civil. Graduada del Doble Grado de Traducci\u00f3n e Interpretaci\u00f3n y Relaciones Internacionales, es reci\u00e9n graduada de un m\u00e1ster propio en Ciberseguridad, as\u00ed como cursa otro M\u00e1ster en An\u00e1lisis de Inteligencia. Ha participado en programas como el NATO Field School y colabora con diversos think-tanks en temas de \u00edndole internacional. Sus principales \u00e1reas de inter\u00e9s incluyen el an\u00e1lisis y prevenci\u00f3n de amenazas, la seguridad interior, la influencia de la geopol\u00edtica y la cooperaci\u00f3n internacional en defensa.<\/p>\n\n\n<\/blockquote>\n\n\n\n<hr class=\"wp-block-separator has-css-opacity is-style-default\"\/>\n\n\n\n<h3 class=\"wp-block-heading\">Resumen<\/h3>\n\n\n\n<p>El presente trabajo pretende analizar la balanza parad\u00f3jica entre las libertades individuales y la seguridad colectiva en el sistema penal estadounidense, concretamente en la exploraci\u00f3n y an\u00e1lisis de la laxa regulaci\u00f3n de armas en Estados Unidos, que impacta negativamente en su imagen como garante de seguridad internacional, limitando su influencia y credibilidad en la pol\u00edtica exterior. Estados Unidos es actualmente la primera potencia econ\u00f3mica mundial y se encuentra entre los pa\u00edses m\u00e1s poblados y grandes del mundo, por lo que no podemos negar su importancia en la esfera internacional. La investigaci\u00f3n busca comprender c\u00f3mo estos temas generan tensiones en una naci\u00f3n que, aunque defensora de los derechos humanos, solo ha ratificado cinco de los dieciocho tratados internacionales al respecto. De esta manera, se ofrecer\u00e1 una perspectiva cr\u00edtica y fundamentada que resalte la necesidad avanzar hacia una justicia penal m\u00e1s equitativa y respetuosa.<\/p>\n\n\n\n<p><em>Palabras clave<\/em>: armas de fuego, libertades individuales, seguridad colectiva, pol\u00edtica exterior, derecho internacional<\/p>\n\n\n\n<h3 class=\"wp-block-heading\">Abstract<\/h3>\n\n\n\n<p>This paper aims to analyze the paradoxical balance between civil liberties and collective security in the U.S. penal system, specifically in the exploration and analysis of the lax regulation of arms in the United States, which negatively impacts its image as a guarantor of international security, limiting its influence and credibility in foreign policy. The United States is currently the world&#8217;s leading economic power and is among the most populous and largest countries in the world, so we cannot deny its importance in the international sphere. The research seeks to understand how these issues generate tensions in a nation that,<\/p>\n\n\n\n<p>although a champion of human rights, has ratified only five of the eighteen international human rights treaties. In this way, it will offer a critical and informed perspective that highlights the need to move towards a more equitable and respectful criminal justice system.<\/p>\n\n\n\n<p><em>Keywords<\/em>: firearms, civil liberties, collective security, foreign policy, international law<\/p>\n\n\n\n<h2 class=\"wp-block-heading\">1.\u00a0Introducci\u00f3n<\/h2>\n\n\n\n<p>La seguridad internacional es uno de los pilares fundamentales para garantizar la estabilidad y desarrollo global en este mundo interconectado. Actualmente somos testigos de amenazas terroristas, conflictos armados y crisis humanitarias por doquier, lo que hace necesario una colaboraci\u00f3n entre estados y la creaci\u00f3n de marcos jur\u00eddicos y organismos para mitigar riesgos a nivel global. En este contexto, Estados Unidos ha desempe\u00f1ado un papel esencial como garante de la seguridad y defensa internacional desde el fin de la Segunda Guerra Mundial. Es innegable el poder que este pa\u00eds tiene en el sistema global y su influencia es palpable en la toma de decisiones de foros internacionales, el despliegue de bases militares en sus aliados y en su liderazgo global en alianzas estrat\u00e9gicas como la OTAN.<\/p>\n\n\n\n<p>A lo largo de los a\u00f1os se han llevado a cabo estudios y casos reales de fallos dentro del sistema penal estadounidense que han provocado controversias y debates acerca del precio de la libertad individual de las personas en un pa\u00eds clave, aunque lleno de disparidades. La coherencia entre el liderazgo estadounidense y pol\u00edticas internas controvertidas, como la libre portaci\u00f3n de armas, plantea interrogantes sobre c\u00f3mo afectan su credibilidad y proyectar autoridad moral en el nuevo orden mundial.<\/p>\n\n\n\n<p>El sistema penal de Estados Unidos, primera potencia mundial y representaci\u00f3n de los valores democr\u00e1ticos y con una constituci\u00f3n en la que se han basado muchas otras, est\u00e1 hoy en d\u00eda en el punto de mira por su papel como mediador<\/p>\n\n\n\n<p>o apoyo en diferentes conflictos activos. La libertad individual y los derechos humanos son dos puntos clave, que ahora parecen incoherentes con una \u00e9tica social y un sistema menos equitativo por las pr\u00e1cticas implementadas. La paradoja entre la defensa de la libertad individual y la seguridad colectiva generan dudas sobre su credibilidad como garante de la seguridad global.<\/p>\n\n\n\n<h2 class=\"wp-block-heading\">2.\u00a0La libertad individual<\/h2>\n\n\n\n<p>La importancia de la libertad individual en Estados Unidos se ha consolidado como un principio fundamental, que ha modificado la identidad nacional y ha supuesto uno de los pilares bajo los que se encuentra el pa\u00eds.<\/p>\n\n\n\n<p>Sin ir m\u00e1s lejos, debemos destacar el <em>Bill of Rights <\/em>-las diez primeras enmiendas de la Constituci\u00f3n- y su importancia sobre las libertades individuales, como la de religi\u00f3n o prensa, as\u00ed como la lucha por la abolici\u00f3n de la esclavitud, que aseguraron los derechos de los individuos contra el poder del Estado. La promoci\u00f3n de la libertad individual ha sido una justificaci\u00f3n recurrente en la pol\u00edtica exterior del pa\u00eds, tanto con la Doctrina Monroe, las acciones perpetradas durante la Guerra Fr\u00eda o la \u00abGuerra contra el Terror\u00bb, bajo la que Estados Unidos invadi\u00f3 Afganist\u00e1n; que han consolidado as\u00ed su papel como defensor de la democracia a nivel mundial.<\/p>\n\n\n\n<p>En el \u00e1mbito econ\u00f3mico, la historia de esta naci\u00f3n est\u00e1 marcada por la libertad en el \u00e1mbito empresarial. El capitalismo, el emprendimiento y la riqueza son palabras clave que caracterizan el modelo econ\u00f3mico de Estados Unidos. La libertad que otorga esta naci\u00f3n para que un individuo persiga sus sue\u00f1os y pueda autorrealizarse y ser autosuficiente es clave para el llamado <em>American Dream<\/em>.<\/p>\n\n\n\n<h2 class=\"wp-block-heading\">3. Derecho internacional en Estados Unidos<\/h2>\n\n\n\n<p>La Declaraci\u00f3n Universal de los Derechos Humanos es universal, por lo que se aplica a todas las personas de todos los pa\u00edses del mundo. En el caso de Estados Unidos, aunque no est\u00e1 expl\u00edcita, s\u00ed est\u00e1 incorporada el marco jur\u00eddico del <em>Bill of Rights<\/em>.<\/p>\n\n\n\n<p>El derecho internacional se basa en dos principios: el derecho consuetudinario y los tratados o convenios internacionales. Cabe destacar que este pa\u00eds solo hab\u00eda firmado y ratificado cinco de los 18 tratados internacionales de derechos humanos seg\u00fan Naciones Unidas (El Diario, 2020), el segundo pa\u00eds con menos ratificaciones en materia de derechos humanos, por detr\u00e1s de But\u00e1n.<\/p>\n\n\n\n<p>El esencialismo cultural es un t\u00e9rmino antropol\u00f3gico que defiende que los valores culturales de una sociedad son \u00fanicos dentro de un grupo cultural, con una esencia y naturaleza \u00fanica, lo que les dota de una mentalidad diferente a la de otra sociedad. Para entender el esencialismo cultural de una sociedad tenemos que entender el funcionamiento de la maquinaria social y su historia. Por ello, debemos centrarnos en el derecho consuetudinario, que se basa en aquellas tradiciones y normas inherentes por haberse desarrollado a lo largo del tiempo y ya arraigadas y aceptadas. Estados Unidos naci\u00f3 de un conjunto de colonias, cuyas normas y pr\u00e1cticas ya estaban aceptadas e interiorizadas, lo que el gobierno federal, m\u00e1s tarde, tuvo en cuenta a la hora de conformar normas en el contexto internacional.<\/p>\n\n\n\n<p>Estados Unidos es uno de los cinco miembros permanentes del Consejo de Seguridad de la Organizaci\u00f3n de Naciones Unidas (ONU), por lo que su peso en el derecho internacional es innegable. No obstante, \u00bfes Estados Unidos el pa\u00eds hegem\u00f3nico en materia \u00e9tica que intentan hacer creer? \u00bfCumple los convenios y tratados de DDHH y el Derecho Internacional Humanitario?\u00a0(Ana Margarita Carmona-Tamayo, Juan Jos\u00e9 G\u00f3mez-Betancur, 2021).<\/p>\n\n\n\n<p>Los pa\u00edses que reconocen los tratados y convenios deben firmarlos y ratificarlos, ya que, de no hacerlo, no est\u00e1n obligados a cumplirlos ni a acatarlos. Firmarlos y no ratificarlos solo significa el reconocimiento del tratado por parte del pa\u00eds. El incumplimiento de estas obligaciones internacionales tiene consecuencias jur\u00eddicas por parte de organismos jur\u00eddicos como la Corte Penal Internacional (CPI), cuyo tratado fundacional no ha sido ratificado por Estados Unidos; la Corte Internacional de Justicia (CIJ), que la reconoce con limitaciones; y la Corte Interamericana de Derechos Humanos (CIDH), de la que no es miembro ni reconoce su jurisdicci\u00f3n.<\/p>\n\n\n\n<p>Como describe el portal suizo SWI, el rechazo de Estados Unidos a la CPI se remonta a los presuntos cr\u00edmenes de los soldados estadounidenses por sus acciones militares en Irak o contra la CIA en cr\u00edmenes de lesa humanidad en Afganist\u00e1n. Asimismo, las limitaciones de reconocimiento de la CIJ ponen en relieve la hipocres\u00eda de Estados Unidos debido a acciones pasadas cometidas que puedan contradecir sus intereses nacionales y sus ideas pragm\u00e1ticas en temas de defensa y seguridad. Un ejemplo de esto es cuando Ir\u00e1n denunci\u00f3 a EE. UU. a la CIJ por la imposici\u00f3n econ\u00f3mica en una provincia del pa\u00eds en compensaci\u00f3n por sus v\u00edctimas de terrorismo\u00a0a pesar de existir un tratado de amistad vigente en el momento entre ambos pa\u00edses.<\/p>\n\n\n\n<h2 class=\"wp-block-heading\">4. Libre portaci\u00f3n de armas<\/h2>\n\n\n\n<p>La libre portaci\u00f3n de armas es una cualidad integrada en la sociedad estadounidense que viene dado por la evoluci\u00f3n en la historia de los derechos y libertades. Estados Unidos es un pa\u00eds con una <em>cultura de la libertad <\/em>muy integrada: \u00ab<em>La vida, la libertad y la b\u00fasqueda de la felicidad\u00bb <\/em>(Declaraci\u00f3n de Independencia de los Estados Unidos).<\/p>\n\n\n\n<p>La libre portaci\u00f3n de armas es un derecho que se manifiesta en la Segunda Enmienda de la Constituci\u00f3n de Estados Unidos y est\u00e1 fuertemente enraizado en la cultura y tradici\u00f3n de la sociedad, ya que deriva del derecho reconocido a los protestantes ingleses en su declaraci\u00f3n de derechos de 1689 de que nunca ser\u00edan desarmados.<\/p>\n\n\n\n<p>La interpretaci\u00f3n del derecho de los ciudadanos a poseer y portar armas para prop\u00f3sitos individualistas est\u00e1 estrechamente relacionada con el uso de las armas para la leg\u00edtima defensa. Las milicias que salieron victoriosas de la Guerra de la Independencia (1775-1783) contra Gran Breta\u00f1a hab\u00edan desempe\u00f1ado un papel fundamental y se debi\u00f3, en gran medida, a la opini\u00f3n p\u00fablica favorable a que la mejor forma de defensa era la portaci\u00f3n propia de armas. Esta supervivencia cultural, tanto para hacer frente a amenazas por parte de tribus nativas, como por colonizar el nuevo continente, es una ejemplificaci\u00f3n del enfoque del particularismo hist\u00f3rico de Estados Unidos. \u00abLas culturas son \u00fanicas, resultado de una evoluci\u00f3n propia\u00bb (Franz Boas, 1911).<\/p>\n\n\n\n<p>Los padres fundadores, que establecieron la Constituci\u00f3n de Estados Unidos, defend\u00edan que la mejor protecci\u00f3n frente a la tentaci\u00f3n de una dictadura, tiran\u00eda o aristocracia era que la poblaci\u00f3n pudiera armarse libremente. De este modo, la tenencia de armas se manten\u00eda como un derecho y se recogi\u00f3 en la Carta de Derechos de los Estados Unidos (<em>Bill of Rights<\/em>), ratificada el 15 de diciembre de 1791.<\/p>\n\n\n\n<h2 class=\"wp-block-heading\">5. Violencia armada<\/h2>\n\n\n\n<p>La Segunda Enmienda de la Constituci\u00f3n defiende el derecho a que un ciudadano puede tener y portar armas, aunque es la Agencia de Alcohol, Tabaco, Armas de Fuego y Explosivos (ATF), dentro del Departamento de Justicia, la que se encarga de regular todo lo relacionado con las armas de fuego y municiones, como el env\u00edo y transporte de estas.<\/p>\n\n\n\n<p>Mantener un ej\u00e9rcito al servicio de la sociedad civil y el derecho a la insurgencia para evitar los abusos del estado y asegurar la democracia son principios b\u00e1sicos del derecho natural y la Constituci\u00f3n solo puede prever revoluciones que se den mediante un proceso pol\u00edtico. Existen diversas leyes federales que regulan la compra y posesi\u00f3n de armas. No obstante, cada estado tiene las suyas propias y el estado no puede interferir a nivel estatal, por lo que la regulaci\u00f3n se hace compleja a la hora de uniformarla. Por ello, muchos estados intentan desalentar esta posesi\u00f3n a trav\u00e9s de medios burocr\u00e1ticos extensos, exhaustivos y con numerosas restricciones.<\/p>\n\n\n\n<p>Las leyes federales distinguen dos tipos de armas de fuego: las armas largas (escopetas o rifles de ca\u00f1\u00f3n de m\u00e1s de 40,64 cm) y las armas cortas (con un ca\u00f1\u00f3n m\u00e1s corto de 40,64 cm). Tambi\u00e9n se hace otra divisi\u00f3n en cuanto a la portaci\u00f3n: ya que puede ser <em>a la vista<\/em>, en la que puedes llevar el arma en p\u00fablico, o la <em>oculta<\/em>, en la que no es visible. Para la obtenci\u00f3n de un arma de fuego en Estados Unidos se debe ser mayor de 18 a\u00f1os para armas largas, 21 a\u00f1os para armas cortas de defensa personal, poder identificarse legalmente y tener documentos que lo apoyen, y rellenar un formulario de la ATF. Las \u00fanicas personas a las que se les proh\u00edbe legalmente poseer un arma de fuego son los condenados por un delito grave, asalto, violencia dom\u00e9stica o amenazas terroristas.<\/p>\n\n\n\n<p>En m\u00e1s de cuarenta estados, las personas pueden portar rifles semiautom\u00e1ticos cargados en p\u00fablico sin ninguna licencia, simplemente siguiendo las caracter\u00edsticas que delimita la ley federal. Solamente cinco estados: California, Illinois, Maryland, Minnesota, Nueva Jersey y Nueva York proh\u00edben a los ciudadanos portar armas cargadas. Por otro lado, los estados m\u00e1s laxos son Utah, Tennessee, Wyoming y Montana, todos estados republicanos actualmente.<\/p>\n\n\n\n<p>Una de las consignas de la campa\u00f1a electoral del 2020 del actual presidente de Estados Unidos, Joe Biden, era reformar la pol\u00edtica de control de armas y una reestructuraci\u00f3n de las instituciones involucradas. De esa manera, el Congreso aprob\u00f3 en 2022 la Ley Bipartidista de Comunidades M\u00e1s Seguras, descrita como la \u00abm\u00e1s comprensiva\u00bb en treinta a\u00f1os por el centro de prevenci\u00f3n de la violencia armada (Brady, 2023). Esta incluye disposiciones destinadas a financiar programas de \u00f3rdenes de protecci\u00f3n, de intervenci\u00f3n en materia de violencia comunitaria con armas de fuego, as\u00ed como medidas de protecci\u00f3n para las v\u00edctimas de la violencia de g\u00e9nero en el \u00e1mbito familiar, y la ampliaci\u00f3n del procedimiento de revisi\u00f3n de antecedentes de las personas menores de 21 a\u00f1os que compraran armas. La ley ha representado un avance, pero no ampl\u00eda las salvaguardias b\u00e1sicas esenciales relativas a las armas de fuego, como, por ejemplo, la comprobaci\u00f3n general de antecedentes en todas las compras de armas de fuego o la prohibici\u00f3n de las armas de asalto y los cargadores de gran capacidad.<\/p>\n\n\n\n<p>Los estados con restricciones m\u00e1s severas al acceso a las armas de fuego han experimentado reducciones en ciertos tipos de violencia armada. Por ejemplo, un estudio de la Universidad de Boston concluy\u00f3 que los estados m\u00e1s estrictos tienen tasas de homicidio un 15 % m\u00e1s bajas que los estados que carecen de tales leyes.<\/p>\n\n\n\n<p>Una de las reformas que m\u00e1s ayudaron a restringir la portaci\u00f3n de armas fue el Background Check Improvement Act de 2018, que mejor\u00f3 la precisi\u00f3n de los datos en el Sistema Nacional de Verificaci\u00f3n de Antecedentes Penales y as\u00ed previno de que personas con antecedentes penales o problemas de salud mental pudiesen adquirir armas de fuego. Al impedir este acceso, se consigui\u00f3 proteger la seguridad colectiva y los derechos humanos de las personas de su alrededor al no cometerse ciertos tipos de delitos, como tiroteos masivos.<\/p>\n\n\n\n<p>Estas leyes han demostrado tener un impacto en la reducci\u00f3n de la tasa de suicidios y violencia con armas de fuego seg\u00fan el Centro para el Control y Prevenci\u00f3n de Enfermedades (CDC), ya que identifican a personas que presentan un riesgo tanto para ellas mismas como para otros. Si bien, seg\u00fan estudios esto ha reducido la compra y uso de armas, como en Connecticut e Indiana, hay debate sobre el equilibrio entre la seguridad p\u00fablico y los derechos humanos, y las libertades individuales.<\/p>\n\n\n\n<p>Vemos una clara infracci\u00f3n internacional cuando el gobierno norteamericano, en aras de obtener beneficios propios, ataca los derechos humanos consagrados por la comunidad global.<\/p>\n\n\n\n<p>    <strong><em> 5.1 Datos<\/em><\/strong><\/p>\n\n\n\n<p>De acuerdo con una encuesta Gallup en 2020, el grupo que m\u00e1s tiende a poseer armas son los hombres (45 %), blancos (38 %), conservadores (45 %), que residen en \u00e1reas rurales (48 %) y que votan al partido republicano (50 %). El apoyo a las armas est\u00e1 politizado en el pa\u00eds y son los republicanos los m\u00e1s fieles. La mayor\u00eda de ellos (79 %) considera que este derecho mejora la seguridad frente a la mayor\u00eda dem\u00f3crata (78 %), que defiende lo contrario.<\/p>\n\n\n\n<p>Estados Unidos es el \u00fanico pa\u00eds del mundo con m\u00e1s armas que habitantes, con 120 armas de fuego por cada 100 habitantes. Un estudio de la General Social Survey de 2021 calcul\u00f3 que 400 millones de armas de fuego\u00a0est\u00e1n en posesi\u00f3n de solamente un 32 % de la poblaci\u00f3n y el 39 % de los hogares tienen armas de fuego, un 7 % m\u00e1s desde el 2016.<\/p>\n\n\n\n<p>La violencia con arma de fuego sigue estando muy extendida por todo el pa\u00eds, estando presente en aproximadamente el 80 % de los homicidios. En 2024, aproximadamente 41 000 personas fueron asesinadas por un arma de fuego y se produjeron m\u00e1s de 500 tiroteos masivos, lo que nos deja casi dos tiroteos masivos por d\u00eda. Como recoge una investigaci\u00f3n del Pew Research Center, entre 2019 y 2021 el n\u00famero de muertes de ni\u00f1os y adolescentes por armas (incluyendo homicidios, suicidios y accidentes) aument\u00f3 casi un 50 %, pasando de los 1 732 a los 2 590.<\/p>\n\n\n\n<p>Seg\u00fan datos de Amnist\u00eda Internacional, en 2020, tras la pandemia de COVID-19 y la cuarentena, la violencia con arma de fuego se convirti\u00f3 en la principal causa de muerte entre la poblaci\u00f3n infantil y adolescente por primera vez en 40 a\u00f1os.<\/p>\n\n\n\n<p><strong><em>     5.2 Magnicidios<\/em><\/strong><\/p>\n\n\n\n<ol class=\"wp-block-list\"><\/ol>\n\n\n\n<p>Es imprescindible ilustrar un apartado sobre magnicidios en Estados Unidos, sobre todo a ra\u00edz del intento de asesinato al electo presidente Donald Trump (2025-2029) del pasado julio de 2024. La frecuencia de magnicidios e intentos de ello en este pa\u00eds pone en relieve la vulnerabilidad a la que est\u00e1n sometidas las figuras pol\u00edticas estadounidense. Este riesgo son una clara ejemplificaci\u00f3n de la debilidad e inestabilidad pol\u00edtica, que puede ser interpretado como una fragilidad democr\u00e1tica interior que afecta a la comunidad internacional.<\/p>\n\n\n\n<p>La regulaci\u00f3n de la libre portaci\u00f3n de armas es, como vemos, no solo un motivo de divisi\u00f3n p\u00fablica, sino un peligro con componente pol\u00edtico que puede suponer una amenaza para el gobierno en s\u00ed.<\/p>\n\n\n\n<p>El primero de todos los magnicidios en la historia de EE. UU. fue el de Abraham Lincoln, tras un disparo en la cabeza en 1865. Durante el siglo XX los magnicidios e intentos de ellos fueron m\u00e1s numerosos. En 1912, Theodore Roosevelt sobrevivi\u00f3 a un intento de asesinato; el 35\u00ba presidente, John F. Kennedy, fue mortalmente asesinado en 1963 por disparos; un intento de magnicidio en 1975 al presidente Gerald Ford; y otro intento de asesinato al presidente Ronald Reagan, en 1981.<\/p>\n\n\n\n<p>El 13 de julio de 2024, el expresidente estadounidense y candidato republicano a las elecciones 2024, Donald Trump, sufri\u00f3 un intento de asesinato en un mitin pol\u00edtico en Pensilvania. La reacci\u00f3n internacional fue evidente y l\u00edderes de pa\u00edses como Alemania o Australia condenaron este ataque como un acto que \u00abamenaza la democracia\u00bb. Si un pa\u00eds no puede proteger a sus l\u00edderes de las propias amenazas internas cuestiona c\u00f3mo puede proteger al resto de la comunidad internacional y sus garant\u00edas de l\u00edder en seguridad.<\/p>\n\n\n\n<p>Con solo estos ejemplos ya se resalta la alta cantidad de asesinatos que se han cometido a figurares importantes en un pa\u00eds democr\u00e1tico, todos perpetrados por armas de fuego. Los motivos son variados y complejos: ideolog\u00eda pol\u00edtica en su mayor\u00eda, problemas mentales o, incluso, venganza personal. Esta violencia pol\u00edtica se debe al f\u00e1cil acceso a las armas, ya que la disponibilidad favorece la comisi\u00f3n de actos violentos y a la violaci\u00f3n de los derechos humanos que se analiza en este trabajo.<\/p>\n\n\n\n<p>Esta relaci\u00f3n proporcional entre el f\u00e1cil acceso a armas de fuego y la creciente violencia pol\u00edtica pone de manifiesto una clara contradicci\u00f3n: Estados Unidos busca exportar estabilidad, valores democr\u00e1ticos y seguridad, pero su incapacidad para regular la violencia interior pone en entredicho su liderazgo moral.<\/p>\n\n\n\n<p>  <strong><em>   5.3 Casos Jur\u00eddicos<\/em><\/strong><\/p>\n\n\n\n<p>A continuaci\u00f3n, se examinar\u00e1n casos jur\u00eddicos que han tenido un impacto significativo en Estados Unidos y ejemplifican la tensi\u00f3n entre las libertades individuales y la protecci\u00f3n de los derechos dentro del contexto penal. Con ellos, se destacar\u00e1 las incongruencias de las decisiones judiciales que han moldeado a la sociedad y cultura estadounidense.<\/p>\n\n\n\n<p>       <em>5.3.1 United States v. Cruikshank<\/em><\/p>\n\n\n\n<ol class=\"wp-block-list\"><\/ol>\n\n\n\n<p>Esta es una de las sentencias del Tribunal Supremo m\u00e1s conocidas, cuyas implicaciones fueron significativas para los derechos civiles y la aplicaci\u00f3n de las leyes en cuanto a la libertad individual y la libre portaci\u00f3n de armas.<\/p>\n\n\n\n<p>En 1873, un grupo de exsoldados confederados, vinculados al Ku Klux Klan, asesinaron a m\u00e1s de sesenta afroamericanos, que quer\u00edan alistarse en la milicia del Estado de Luisiana, en la masacre de Colfax<a href=\"#_bookmark21\">22<\/a>. La Corte Suprema fall\u00f3 en favor de estos exsoldados, ya que sosten\u00edan que las leyes federales (Segunda Enmienda) no estaban hechas para proteger a las personas de otros civiles, sino del propio gobierno. Como los atacantes no era parte del Gobierno, estos fueron absueltos.<\/p>\n\n\n\n<p>Esta decisi\u00f3n muestra una incongruencia en la medida en la que EE. UU se jacta de defender las libertades individuales, pero, a su vez, en la pr\u00e1ctica no protege a otros civiles, especialmente afroamericanos. Esta Segunda Enmienda es una contradicci\u00f3n entre la proclamada defensa de la libertad y la seguridad colectiva, lo que afecta a su imagen de garante de protector a otros pa\u00edses.<\/p>\n\n\n\n<p>       <em>5.3.2 District of Columbia v. Heller<\/em><\/p>\n\n\n\n<ol class=\"wp-block-list\"><\/ol>\n\n\n\n<p>Esta fue una decisi\u00f3n hist\u00f3rica de la Corte Suprema de Estados Unidos en 2008, que abordaba la Segunda Enmienda. El distrito de Columbia hab\u00eda implementado una serie de restricciones para el acceso a las armas, por lo que Dick Anthony Heller, un oficial de seguridad, present\u00f3 una demanda despu\u00e9s de que se le negara el registro de una pistola para su hogar. La primera parte del texto de la Segunda Enmienda nos habla de la necesidad de \u00abuna milicia bien ordenada\u00bb, que a menudo no se tiene en cuenta y solo se fija en la cl\u00e1usula operativa: \u00abel derecho del pueblo a poseer y portar armas\u00bb. La Corte Suprema, en una decisi\u00f3n de 5-4, fall\u00f3 a favor de Heller. El tribunal sostuvo que la Segunda Enmienda protege el derecho individual a la libre portaci\u00f3n de armas, independientemente de la pertenencia a una milicia estatal. Esto confirma la interpretaci\u00f3n aut\u00f3noma del derecho a portar armas, se\u00f1alando que este no se encuentra subordinado a la pertenencia a una milicia, sino que cualquier estadounidense goza de derecho a las armas. La incongruencia se ve en c\u00f3mo Estados Unidos proclama proteger las libertades individuales, como el derecho a poseer armas, pero esto puede entrar en conflicto con seguridad colectiva. Las leyes estrictas que intentaron implementar estaban dise\u00f1adas para reducir la violencia armada y tiroteos, pero una vez m\u00e1s, en EE. UU. prevalecen las libertades individuales y autonom\u00eda, al respeto y derecho a una vida digna y segura<\/p>\n\n\n\n<p>      <em> 5.3.3 2017 Las Vegas Shooting<\/em><\/p>\n\n\n\n<ol class=\"wp-block-list\"><\/ol>\n\n\n\n<p>Stephen Paddock, contable de m\u00e1s de 60 a\u00f1os, perpetr\u00f3 un tiroteo masivo que acab\u00f3 con la vida de 59 personas y dej\u00f3 a m\u00e1s de 850 heridos. Esto ocurri\u00f3 en octubre de 2017, cuando dispar\u00f3 desde su habitaci\u00f3n en el piso 32\u00ba a la multitud de un concierto al aire libre. Este ha sido el tiroteo m\u00e1s mort\u00edfero en la historia de Estados Unidos\u00a0y ejemplifica lo peligroso que es el f\u00e1cil acceso a armas de fuego.<\/p>\n\n\n\n<h2 class=\"wp-block-heading\">6. An\u00e1lisis comparativo internacional<\/h2>\n\n\n\n<p>Como se observa, la proliferaci\u00f3n de armas de fuego y episodios recurrentes de violencia armada dentro de sus fronteras proyectan una imagen que puede corromper su autoridad moral. El debate entre libertad individual y seguridad colectiva es necesario para responder a las demandas internas acerca de la seguridad. La Segunda Enmienda defiende la autodefensa y la libre portaci\u00f3n de armas. Defensores de estas alegan que un f\u00e1cil acceso a ellas protege a la sociedad de<\/p>\n\n\n\n<p>las altas tasas de mortalidad y lesiones. Asimismo, la revista acad\u00e9mica Taylor &amp; Francis public\u00f3 un estudio en 2014 que analizaba los datos de los 50 estados. Este concluy\u00f3 que las leyes de armas m\u00e1s estrictas pueden reducir las muertes por armas de fuego, y que los estados con leyes de control m\u00e1s tolerantes ten\u00edan m\u00e1s ingresos hospitalarios por lesiones infantiles relacionadas con armas. Este dato tan alarmante es la viva imagen de un problema de seguridad interior que afecta gravemente a su posici\u00f3n en el mundo actual en la seguridad colectiva de Occidente.<\/p>\n\n\n\n<p>Estados Unidos es el pa\u00eds con m\u00e1s armas de fuego per c\u00e1pita con 120 por cada 100 habitantes, m\u00e1s del doble que el segundo pa\u00eds. M\u00e1s de la mitad de las armas en posesi\u00f3n de civiles se halla en Am\u00e9rica y el segundo clasificado es Yemen, con 52,8 armas por cada 100 habitantes.<\/p>\n\n\n\n<p>A su vez, EE. UU. cuenta con la tasa de homicidios con armas de fuego m\u00e1s alta del primer mundo. EL pa\u00eds tiene una tasa de posesi\u00f3n de armas 22 veces mayor que la UE y 23 veces mayor que Australia (Institute for Health Metrics and Evaluation, 2019).<\/p>\n\n\n\n<p>Otro de las consecuencias de la libre portaci\u00f3n de armas que afecta directamente a los derechos y libertades de cada individuo es la existencia de tiroteos masivos: habituales en Estados Unidos. Entre 1998 y 2019, Estados Unidos represent\u00f3 el 73 % de todos los tiroteos masivos -aquel con al menos cuatro muertos en 24h- y el 62 % de todas las muertes relacionadas en pa\u00edses desarrollados.<\/p>\n\n\n\n<p>Hay pa\u00edses que, tras atentados y una alta tasa de violencia armada, han adoptado una regulaci\u00f3n estricta de armas de fuego y han visto una mejor\u00eda. Por ejemplo, Reino Unido, tras un atentado perpetrado en 1996, que dej\u00f3 a diecis\u00e9is ni\u00f1os y un adulto fallecidos, endureci\u00f3 sus leyes de armas y prohibi\u00f3 la mayor parte de la tenencia privada de armas de mano. Esto consigui\u00f3 que las muertes por arma de fuego se redujeran una cuarta parte en solamente una d\u00e9cada.<\/p>\n\n\n\n<p>Ese mismo a\u00f1o, se produjo un atentado con m\u00e1s de 35 v\u00edctimas en Australia. En apenas tres meses se impuls\u00f3 el Acuerdo Nacional sobre Armas de Fuego (National Firearms Agreement) en toda la Commonwealth. Se prohibi\u00f3 la venta, compra, libre tenencia y utilizaci\u00f3n de armas autom\u00e1ticas y semiautom\u00e1ticas, y se establecieron disposiciones m\u00e1s estrictas para el registro y presentaci\u00f3n de informes para realizar transferencias de propiedad. En los 10 a\u00f1os siguientes, las muertes por arma de fuego en Australia se redujeron en m\u00e1s de un 50 % y un descenso medio del 74 % en las tasas de suicidio con armas de fuego.<\/p>\n\n\n\n<h2 class=\"wp-block-heading\">7. Opini\u00f3n p\u00fablica<\/h2>\n\n\n\n<p>La opini\u00f3n p\u00fablica puede definirse como ese espacio construido a trav\u00e9s de medios, elecciones y sondeos que refleja la opini\u00f3n mayoritaria de una sociedad sobre los asuntos que esa sociedad considera m\u00e1s importantes. Es esencial saber la tendencia de la sociedad a la hora de liderar un pa\u00eds, ya que una democracia se basa en la escucha al pueblo y en focalizar los esfuerzos en conducir sus pol\u00edticas a los deseos de la poblaci\u00f3n para garantizar un estado de bienestar.<\/p>\n\n\n\n<p>No obstante, la opini\u00f3n p\u00fablica tambi\u00e9n puede encontrarse con barreras: exceso de informaci\u00f3n, de canales o falta de escucha por parte de los poderes. La teor\u00eda de <em>Agenda setting <\/em>(Teor\u00eda del establecimiento de la agenda) defiende que los medios de comunicaci\u00f3n de masas tienen influencia sobre la sociedad al establecer las prioridades por la cobertura que le dan a los diferentes asuntos; lo que puede graduar la importancia de informaci\u00f3n que van a hacer llegar al p\u00fablico e influir en la agenda p\u00fablica. Sin ir m\u00e1s lejos, seg\u00fan el informe anual del Departamento de Vivienda y Urbanismo de 2022, el 65 % de los ciudadanos no tienen capacidad de ahorro, aunque los medios de comunicaci\u00f3n solo hacen eco de la guerra comercial con China. De hecho, seg\u00fan una encuesta del Pew Research Center, el 41 % de la poblaci\u00f3n alega que China es la mayor amenaza al pa\u00eds.<\/p>\n\n\n\n<p>Estados Unidos siempre se ha caracterizado por la protecci\u00f3n de los valores liberales, equilibr\u00e1ndolos siempre con intereses pragm\u00e1ticos de seguridad. La Segunda Enmienda se encuentra muy enraizada en la sociedad estadounidense; no obstante, las crecientes tasas de criminalidad y tiroteos masivos han hecho cambiar la percepci\u00f3n en parte de la poblaci\u00f3n. A finales del siglo XX y principios del siglo XXI, la Asociaci\u00f3n Nacional del Rifle (NRA) se convirti\u00f3 en una fuerza pol\u00edtica que defend\u00eda por bandera el derecho a la libre portaci\u00f3n de armas. No obstante, organizaciones como Everytown for Gun Safety o March for Our Lives se han popularizado para defender un mayor control de las armas y en contra de las violencia de las armas de fuego.<\/p>\n\n\n\n<p>Como vemos, la opini\u00f3n p\u00fablica est\u00e1 bastante polarizada, con una fuerte divisi\u00f3n entre aquellos que defienden y los que no. A finales de la d\u00e9cada de los 90, despu\u00e9s de tiroteos como la masacre de Columbine en 1999, en el que dos alumnos mataron a 15 personas e hirieron a otras 24, se produjo un ascenso en el apoyo a una legislaci\u00f3n m\u00e1s fuerte sobre el control de armas; el 60 % apoyaban leyes m\u00e1s estrictas. De esta manera, los continuos atentados, tiroteos masivos, escolares, etc. fueron cobrando importancia para los movimientos abolicionistas de armas o los que exig\u00edan m\u00e1s control.<\/p>\n\n\n\n<p>Durante la presidencia de Donald Trump (2017-2021) el apoyo a la libre portaci\u00f3n de armas aument\u00f3 y el apoyo al control de estas disminuy\u00f3. Seg\u00fan Pew Research, en 2021, el apoyo al derecho a portar armas alcanz\u00f3 el 53 % (6 % m\u00e1s que en 2017), comparado con el 46 % (un 5 % menos que en 2017) que apoyaba el control de armas.<\/p>\n\n\n\n<p>El Quinnipiac University Polling Institute\u00a0public\u00f3 un sondeo en 2021 que demostraba lo politizado de este \u00abderecho\u00bb: el 91 % de los dem\u00f3cratas apoyan leyes de armas m\u00e1s estrictas, mientras que los republicanos se oponen en un 74 %. Actualmente, es el 86 % de los dem\u00f3cratas, el 60 % de los independientes y el 27 % de los republicanos quieren leyes m\u00e1s estrictas.<\/p>\n\n\n\n<h2 class=\"wp-block-heading\">8. Conclusi\u00f3n<\/h2>\n\n\n\n<p>Estados Unidos se suele presentar como un ejemplo a seguir en su defensa de los derechos humanos y la democracia en su discurso oficial, aunque solo ha ratificado cinco de los dieciocho tratados internacionales en materia de DD.HH. A menudo critica a otros pa\u00edses por violaciones de DD. HH. y cuestiones democr\u00e1ticas, mientras que su propio compromiso con estos principios puede ser inconsistente.<\/p>\n\n\n\n<p>El relativismo cultural nos permite entender que los valores y normas de una sociedad deben ser comprendidos en su propio contexto. Seg\u00fan la teor\u00eda del Choque de Civilizaciones de Samuel Huntington, estas diferencias ilustran c\u00f3mo los valores culturales y la percepci\u00f3n de la libertad pueden variar significativamente entre civilizaciones, subrayando las prioridades y valores fundamentales que se confrontan entre las naciones de un mundo globalizado. No podemos observar las culturas como entidades est\u00e1ticas y homog\u00e9neas, ya que limitar\u00eda nuestra comprensi\u00f3n de las din\u00e1micas sociales, sino que est\u00e1 en constante cambio y transformaci\u00f3n por la sociedad.<\/p>\n\n\n\n<p>Como vemos, la laxa regulaci\u00f3n de armas no solo plantea serios desaf\u00edos para su seguridad interior, sino tambi\u00e9n como l\u00edder en seguridad global. Magnicidios, tiroteos masivos, decenas de miles de homicidios\u2026 todo motivado por el f\u00e1cil acceso a las armas, que proyecta una imagen de inestabilidad en su liderazgo global.<\/p>\n\n\n\n<p>Mientras que Estados Unidos se presenta como defensor en los derechos humanos y promotor de los valores de Occidente y democracia, estas contradicciones minan a capacidad para mantener su importancia como potencia hegem\u00f3nica. Resulta primordial un enfoque que garantice una regulaci\u00f3n y control efectiva sobre las armas para garantizar una seguridad colectiva.<\/p>\n\n\n\n<div data-wp-interactive=\"core\/file\" class=\"wp-block-file aligncenter\"><object data-wp-bind--hidden=\"!state.hasPdfPreview\" hidden class=\"wp-block-file__embed\" data=\"https:\/\/www.inteligenia.info\/wp-content\/uploads\/2025\/06\/EL-IMPACTO-DE-LA-LIBRE-PORTACION-DE-ARMAS-EN-LA-IMAGEN-DE-EE.-UU.-COMO-GARANTE-DE-SEGURIDAD-INTERNACIONAL.pdf\" type=\"application\/pdf\" style=\"width:100%;height:600px\" aria-label=\"Incrustado de EL IMPACTO DE LA LIBRE PORTACI\u00d3N DE ARMAS EN LA IMAGEN DE EE. UU. COMO GARANTE DE SEGURIDAD INTERNACIONAL.\"><\/object><a id=\"wp-block-file--media-ad95db57-c1a2-45d4-9357-b72478f1c1a8\" href=\"https:\/\/www.inteligenia.info\/wp-content\/uploads\/2025\/06\/EL-IMPACTO-DE-LA-LIBRE-PORTACION-DE-ARMAS-EN-LA-IMAGEN-DE-EE.-UU.-COMO-GARANTE-DE-SEGURIDAD-INTERNACIONAL.pdf\">EL IMPACTO DE LA LIBRE PORTACI\u00d3N DE ARMAS EN LA IMAGEN DE EE. UU. COMO GARANTE DE SEGURIDAD INTERNACIONAL<\/a><a href=\"https:\/\/www.inteligenia.info\/wp-content\/uploads\/2025\/06\/EL-IMPACTO-DE-LA-LIBRE-PORTACION-DE-ARMAS-EN-LA-IMAGEN-DE-EE.-UU.-COMO-GARANTE-DE-SEGURIDAD-INTERNACIONAL.pdf\" class=\"wp-block-file__button wp-element-button\" download aria-describedby=\"wp-block-file--media-ad95db57-c1a2-45d4-9357-b72478f1c1a8\">Descarga<\/a><\/div>\n","protected":false},"excerpt":{"rendered":"<p>Resumen El presente trabajo pretende analizar la balanza parad\u00f3jica entre las libertades individuales y la seguridad colectiva en el sistema penal estadounidense, concretamente en la exploraci\u00f3n y an\u00e1lisis de la laxa regulaci\u00f3n de armas en Estados Unidos, que impacta negativamente en su imagen como garante de seguridad internacional, limitando su influencia y credibilidad en la [&hellip;]<\/p>\n","protected":false},"author":1,"featured_media":1083,"comment_status":"open","ping_status":"open","sticky":false,"template":"","format":"standard","meta":{"saved_in_kubio":false,"footnotes":""},"categories":[13,17,15],"tags":[],"class_list":["post-1081","post","type-post","status-publish","format-standard","has-post-thumbnail","hentry","category-articulos","category-geopolitica-y-geoestrategia","category-seguridad-y-defensa"],"yoast_head":"<!-- This site is optimized with the Yoast SEO plugin v27.0 - https:\/\/yoast.com\/product\/yoast-seo-wordpress\/ -->\n<title>EL IMPACTO DE LA LIBRE PORTACI\u00d3N DE ARMAS EN LA IMAGEN DE EE. UU. COMO GARANTE DE SEGURIDAD INTERNACIONAL - Inteligenia<\/title>\n<meta name=\"robots\" content=\"index, follow, max-snippet:-1, max-image-preview:large, max-video-preview:-1\" \/>\n<link rel=\"canonical\" href=\"https:\/\/www.inteligenia.info\/home\/el-impacto-de-la-libre-portacion-de-armas-en-la-imagen-de-ee-uu-como-garante-de-seguridad-internacional\/\" \/>\n<meta property=\"og:locale\" content=\"es_ES\" \/>\n<meta property=\"og:type\" content=\"article\" \/>\n<meta property=\"og:title\" content=\"EL IMPACTO DE LA LIBRE PORTACI\u00d3N DE ARMAS EN LA IMAGEN DE EE. UU. COMO GARANTE DE SEGURIDAD INTERNACIONAL - Inteligenia\" \/>\n<meta property=\"og:description\" content=\"Resumen El presente trabajo pretende analizar la balanza parad\u00f3jica entre las libertades individuales y la seguridad colectiva en el sistema penal estadounidense, concretamente en la exploraci\u00f3n y an\u00e1lisis de la laxa regulaci\u00f3n de armas en Estados Unidos, que impacta negativamente en su imagen como garante de seguridad internacional, limitando su influencia y credibilidad en la [&hellip;]\" \/>\n<meta property=\"og:url\" content=\"https:\/\/www.inteligenia.info\/home\/el-impacto-de-la-libre-portacion-de-armas-en-la-imagen-de-ee-uu-como-garante-de-seguridad-internacional\/\" \/>\n<meta property=\"og:site_name\" content=\"Inteligenia\" \/>\n<meta property=\"article:published_time\" content=\"2025-06-19T11:14:58+00:00\" \/>\n<meta property=\"article:modified_time\" content=\"2025-06-19T11:15:00+00:00\" \/>\n<meta property=\"og:image\" content=\"https:\/\/www.inteligenia.info\/wp-content\/uploads\/2025\/06\/Fotografia-articulo-Inteligenia-scaled.jpeg\" \/>\n\t<meta property=\"og:image:width\" content=\"2560\" \/>\n\t<meta property=\"og:image:height\" content=\"1707\" \/>\n\t<meta property=\"og:image:type\" content=\"image\/jpeg\" \/>\n<meta name=\"author\" content=\"admin\" \/>\n<meta name=\"twitter:card\" content=\"summary_large_image\" \/>\n<meta name=\"twitter:creator\" content=\"@INTELIGENIA_\" \/>\n<meta name=\"twitter:site\" content=\"@INTELIGENIA_\" \/>\n<meta name=\"twitter:label1\" content=\"Escrito por\" \/>\n\t<meta name=\"twitter:data1\" content=\"admin\" \/>\n\t<meta name=\"twitter:label2\" content=\"Tiempo de lectura\" \/>\n\t<meta name=\"twitter:data2\" content=\"24 minutos\" \/>\n<script type=\"application\/ld+json\" class=\"yoast-schema-graph\">{\"@context\":\"https:\/\/schema.org\",\"@graph\":[{\"@type\":\"Article\",\"@id\":\"https:\/\/www.inteligenia.info\/home\/el-impacto-de-la-libre-portacion-de-armas-en-la-imagen-de-ee-uu-como-garante-de-seguridad-internacional\/#article\",\"isPartOf\":{\"@id\":\"https:\/\/www.inteligenia.info\/home\/el-impacto-de-la-libre-portacion-de-armas-en-la-imagen-de-ee-uu-como-garante-de-seguridad-internacional\/\"},\"author\":{\"name\":\"admin\",\"@id\":\"https:\/\/www.inteligenia.info\/home\/#\/schema\/person\/1bf90ee63c207f611a224f9c17dbf031\"},\"headline\":\"EL IMPACTO DE LA LIBRE PORTACI\u00d3N DE ARMAS EN LA IMAGEN DE EE. UU. COMO GARANTE DE SEGURIDAD INTERNACIONAL\",\"datePublished\":\"2025-06-19T11:14:58+00:00\",\"dateModified\":\"2025-06-19T11:15:00+00:00\",\"mainEntityOfPage\":{\"@id\":\"https:\/\/www.inteligenia.info\/home\/el-impacto-de-la-libre-portacion-de-armas-en-la-imagen-de-ee-uu-como-garante-de-seguridad-internacional\/\"},\"wordCount\":5470,\"commentCount\":0,\"publisher\":{\"@id\":\"https:\/\/www.inteligenia.info\/home\/#organization\"},\"image\":{\"@id\":\"https:\/\/www.inteligenia.info\/home\/el-impacto-de-la-libre-portacion-de-armas-en-la-imagen-de-ee-uu-como-garante-de-seguridad-internacional\/#primaryimage\"},\"thumbnailUrl\":\"https:\/\/www.inteligenia.info\/wp-content\/uploads\/2025\/06\/Fotografia-articulo-Inteligenia-scaled.jpeg\",\"articleSection\":[\"Art\u00edculos\",\"Geopolitica y Geoestrategia\",\"Seguridad y Defensa\"],\"inLanguage\":\"es\",\"potentialAction\":[{\"@type\":\"CommentAction\",\"name\":\"Comment\",\"target\":[\"https:\/\/www.inteligenia.info\/home\/el-impacto-de-la-libre-portacion-de-armas-en-la-imagen-de-ee-uu-como-garante-de-seguridad-internacional\/#respond\"]}]},{\"@type\":\"WebPage\",\"@id\":\"https:\/\/www.inteligenia.info\/home\/el-impacto-de-la-libre-portacion-de-armas-en-la-imagen-de-ee-uu-como-garante-de-seguridad-internacional\/\",\"url\":\"https:\/\/www.inteligenia.info\/home\/el-impacto-de-la-libre-portacion-de-armas-en-la-imagen-de-ee-uu-como-garante-de-seguridad-internacional\/\",\"name\":\"EL IMPACTO DE LA LIBRE PORTACI\u00d3N DE ARMAS EN LA IMAGEN DE EE. UU. COMO GARANTE DE SEGURIDAD INTERNACIONAL - Inteligenia\",\"isPartOf\":{\"@id\":\"https:\/\/www.inteligenia.info\/home\/#website\"},\"primaryImageOfPage\":{\"@id\":\"https:\/\/www.inteligenia.info\/home\/el-impacto-de-la-libre-portacion-de-armas-en-la-imagen-de-ee-uu-como-garante-de-seguridad-internacional\/#primaryimage\"},\"image\":{\"@id\":\"https:\/\/www.inteligenia.info\/home\/el-impacto-de-la-libre-portacion-de-armas-en-la-imagen-de-ee-uu-como-garante-de-seguridad-internacional\/#primaryimage\"},\"thumbnailUrl\":\"https:\/\/www.inteligenia.info\/wp-content\/uploads\/2025\/06\/Fotografia-articulo-Inteligenia-scaled.jpeg\",\"datePublished\":\"2025-06-19T11:14:58+00:00\",\"dateModified\":\"2025-06-19T11:15:00+00:00\",\"breadcrumb\":{\"@id\":\"https:\/\/www.inteligenia.info\/home\/el-impacto-de-la-libre-portacion-de-armas-en-la-imagen-de-ee-uu-como-garante-de-seguridad-internacional\/#breadcrumb\"},\"inLanguage\":\"es\",\"potentialAction\":[{\"@type\":\"ReadAction\",\"target\":[\"https:\/\/www.inteligenia.info\/home\/el-impacto-de-la-libre-portacion-de-armas-en-la-imagen-de-ee-uu-como-garante-de-seguridad-internacional\/\"]}]},{\"@type\":\"ImageObject\",\"inLanguage\":\"es\",\"@id\":\"https:\/\/www.inteligenia.info\/home\/el-impacto-de-la-libre-portacion-de-armas-en-la-imagen-de-ee-uu-como-garante-de-seguridad-internacional\/#primaryimage\",\"url\":\"https:\/\/www.inteligenia.info\/wp-content\/uploads\/2025\/06\/Fotografia-articulo-Inteligenia-scaled.jpeg\",\"contentUrl\":\"https:\/\/www.inteligenia.info\/wp-content\/uploads\/2025\/06\/Fotografia-articulo-Inteligenia-scaled.jpeg\",\"width\":2560,\"height\":1707},{\"@type\":\"BreadcrumbList\",\"@id\":\"https:\/\/www.inteligenia.info\/home\/el-impacto-de-la-libre-portacion-de-armas-en-la-imagen-de-ee-uu-como-garante-de-seguridad-internacional\/#breadcrumb\",\"itemListElement\":[{\"@type\":\"ListItem\",\"position\":1,\"name\":\"Portada\",\"item\":\"https:\/\/www.inteligenia.info\/home\/\"},{\"@type\":\"ListItem\",\"position\":2,\"name\":\"EL IMPACTO DE LA LIBRE PORTACI\u00d3N DE ARMAS EN LA IMAGEN DE EE. UU. COMO GARANTE DE SEGURIDAD INTERNACIONAL\"}]},{\"@type\":\"WebSite\",\"@id\":\"https:\/\/www.inteligenia.info\/home\/#website\",\"url\":\"https:\/\/www.inteligenia.info\/home\/\",\"name\":\"Inteligenia\",\"description\":\"\",\"publisher\":{\"@id\":\"https:\/\/www.inteligenia.info\/home\/#organization\"},\"potentialAction\":[{\"@type\":\"SearchAction\",\"target\":{\"@type\":\"EntryPoint\",\"urlTemplate\":\"https:\/\/www.inteligenia.info\/home\/?s={search_term_string}\"},\"query-input\":{\"@type\":\"PropertyValueSpecification\",\"valueRequired\":true,\"valueName\":\"search_term_string\"}}],\"inLanguage\":\"es\"},{\"@type\":\"Organization\",\"@id\":\"https:\/\/www.inteligenia.info\/home\/#organization\",\"name\":\"Inteligenia\",\"url\":\"https:\/\/www.inteligenia.info\/home\/\",\"logo\":{\"@type\":\"ImageObject\",\"inLanguage\":\"es\",\"@id\":\"https:\/\/www.inteligenia.info\/home\/#\/schema\/logo\/image\/\",\"url\":\"https:\/\/www.inteligenia.info\/wp-content\/uploads\/2024\/06\/transparent_logo-1-e1718047668142.png\",\"contentUrl\":\"https:\/\/www.inteligenia.info\/wp-content\/uploads\/2024\/06\/transparent_logo-1-e1718047668142.png\",\"width\":674,\"height\":141,\"caption\":\"Inteligenia\"},\"image\":{\"@id\":\"https:\/\/www.inteligenia.info\/home\/#\/schema\/logo\/image\/\"},\"sameAs\":[\"https:\/\/x.com\/INTELIGENIA_\",\"https:\/\/www.linkedin.com\/company\/inteligenia\/?viewAsMember=true\"]},{\"@type\":\"Person\",\"@id\":\"https:\/\/www.inteligenia.info\/home\/#\/schema\/person\/1bf90ee63c207f611a224f9c17dbf031\",\"name\":\"admin\",\"image\":{\"@type\":\"ImageObject\",\"inLanguage\":\"es\",\"@id\":\"https:\/\/www.inteligenia.info\/home\/#\/schema\/person\/image\/\",\"url\":\"https:\/\/secure.gravatar.com\/avatar\/ed712be762908ac190eb3beb8cf9efb0dc9c425bd7b69d40ba8746efca2909c6?s=96&d=mm&r=g\",\"contentUrl\":\"https:\/\/secure.gravatar.com\/avatar\/ed712be762908ac190eb3beb8cf9efb0dc9c425bd7b69d40ba8746efca2909c6?s=96&d=mm&r=g\",\"caption\":\"admin\"},\"sameAs\":[\"http:\/\/www.inteligenia.info\"],\"url\":\"https:\/\/www.inteligenia.info\/home\/author\/admin\/\"}]}<\/script>\n<!-- \/ Yoast SEO plugin. -->","yoast_head_json":{"title":"EL IMPACTO DE LA LIBRE PORTACI\u00d3N DE ARMAS EN LA IMAGEN DE EE. UU. COMO GARANTE DE SEGURIDAD INTERNACIONAL - Inteligenia","robots":{"index":"index","follow":"follow","max-snippet":"max-snippet:-1","max-image-preview":"max-image-preview:large","max-video-preview":"max-video-preview:-1"},"canonical":"https:\/\/www.inteligenia.info\/home\/el-impacto-de-la-libre-portacion-de-armas-en-la-imagen-de-ee-uu-como-garante-de-seguridad-internacional\/","og_locale":"es_ES","og_type":"article","og_title":"EL IMPACTO DE LA LIBRE PORTACI\u00d3N DE ARMAS EN LA IMAGEN DE EE. UU. COMO GARANTE DE SEGURIDAD INTERNACIONAL - Inteligenia","og_description":"Resumen El presente trabajo pretende analizar la balanza parad\u00f3jica entre las libertades individuales y la seguridad colectiva en el sistema penal estadounidense, concretamente en la exploraci\u00f3n y an\u00e1lisis de la laxa regulaci\u00f3n de armas en Estados Unidos, que impacta negativamente en su imagen como garante de seguridad internacional, limitando su influencia y credibilidad en la [&hellip;]","og_url":"https:\/\/www.inteligenia.info\/home\/el-impacto-de-la-libre-portacion-de-armas-en-la-imagen-de-ee-uu-como-garante-de-seguridad-internacional\/","og_site_name":"Inteligenia","article_published_time":"2025-06-19T11:14:58+00:00","article_modified_time":"2025-06-19T11:15:00+00:00","og_image":[{"width":2560,"height":1707,"url":"https:\/\/www.inteligenia.info\/wp-content\/uploads\/2025\/06\/Fotografia-articulo-Inteligenia-scaled.jpeg","type":"image\/jpeg"}],"author":"admin","twitter_card":"summary_large_image","twitter_creator":"@INTELIGENIA_","twitter_site":"@INTELIGENIA_","twitter_misc":{"Escrito por":"admin","Tiempo de lectura":"24 minutos"},"schema":{"@context":"https:\/\/schema.org","@graph":[{"@type":"Article","@id":"https:\/\/www.inteligenia.info\/home\/el-impacto-de-la-libre-portacion-de-armas-en-la-imagen-de-ee-uu-como-garante-de-seguridad-internacional\/#article","isPartOf":{"@id":"https:\/\/www.inteligenia.info\/home\/el-impacto-de-la-libre-portacion-de-armas-en-la-imagen-de-ee-uu-como-garante-de-seguridad-internacional\/"},"author":{"name":"admin","@id":"https:\/\/www.inteligenia.info\/home\/#\/schema\/person\/1bf90ee63c207f611a224f9c17dbf031"},"headline":"EL IMPACTO DE LA LIBRE PORTACI\u00d3N DE ARMAS EN LA IMAGEN DE EE. UU. COMO GARANTE DE SEGURIDAD INTERNACIONAL","datePublished":"2025-06-19T11:14:58+00:00","dateModified":"2025-06-19T11:15:00+00:00","mainEntityOfPage":{"@id":"https:\/\/www.inteligenia.info\/home\/el-impacto-de-la-libre-portacion-de-armas-en-la-imagen-de-ee-uu-como-garante-de-seguridad-internacional\/"},"wordCount":5470,"commentCount":0,"publisher":{"@id":"https:\/\/www.inteligenia.info\/home\/#organization"},"image":{"@id":"https:\/\/www.inteligenia.info\/home\/el-impacto-de-la-libre-portacion-de-armas-en-la-imagen-de-ee-uu-como-garante-de-seguridad-internacional\/#primaryimage"},"thumbnailUrl":"https:\/\/www.inteligenia.info\/wp-content\/uploads\/2025\/06\/Fotografia-articulo-Inteligenia-scaled.jpeg","articleSection":["Art\u00edculos","Geopolitica y Geoestrategia","Seguridad y Defensa"],"inLanguage":"es","potentialAction":[{"@type":"CommentAction","name":"Comment","target":["https:\/\/www.inteligenia.info\/home\/el-impacto-de-la-libre-portacion-de-armas-en-la-imagen-de-ee-uu-como-garante-de-seguridad-internacional\/#respond"]}]},{"@type":"WebPage","@id":"https:\/\/www.inteligenia.info\/home\/el-impacto-de-la-libre-portacion-de-armas-en-la-imagen-de-ee-uu-como-garante-de-seguridad-internacional\/","url":"https:\/\/www.inteligenia.info\/home\/el-impacto-de-la-libre-portacion-de-armas-en-la-imagen-de-ee-uu-como-garante-de-seguridad-internacional\/","name":"EL IMPACTO DE LA LIBRE PORTACI\u00d3N DE ARMAS EN LA IMAGEN DE EE. UU. COMO GARANTE DE SEGURIDAD INTERNACIONAL - Inteligenia","isPartOf":{"@id":"https:\/\/www.inteligenia.info\/home\/#website"},"primaryImageOfPage":{"@id":"https:\/\/www.inteligenia.info\/home\/el-impacto-de-la-libre-portacion-de-armas-en-la-imagen-de-ee-uu-como-garante-de-seguridad-internacional\/#primaryimage"},"image":{"@id":"https:\/\/www.inteligenia.info\/home\/el-impacto-de-la-libre-portacion-de-armas-en-la-imagen-de-ee-uu-como-garante-de-seguridad-internacional\/#primaryimage"},"thumbnailUrl":"https:\/\/www.inteligenia.info\/wp-content\/uploads\/2025\/06\/Fotografia-articulo-Inteligenia-scaled.jpeg","datePublished":"2025-06-19T11:14:58+00:00","dateModified":"2025-06-19T11:15:00+00:00","breadcrumb":{"@id":"https:\/\/www.inteligenia.info\/home\/el-impacto-de-la-libre-portacion-de-armas-en-la-imagen-de-ee-uu-como-garante-de-seguridad-internacional\/#breadcrumb"},"inLanguage":"es","potentialAction":[{"@type":"ReadAction","target":["https:\/\/www.inteligenia.info\/home\/el-impacto-de-la-libre-portacion-de-armas-en-la-imagen-de-ee-uu-como-garante-de-seguridad-internacional\/"]}]},{"@type":"ImageObject","inLanguage":"es","@id":"https:\/\/www.inteligenia.info\/home\/el-impacto-de-la-libre-portacion-de-armas-en-la-imagen-de-ee-uu-como-garante-de-seguridad-internacional\/#primaryimage","url":"https:\/\/www.inteligenia.info\/wp-content\/uploads\/2025\/06\/Fotografia-articulo-Inteligenia-scaled.jpeg","contentUrl":"https:\/\/www.inteligenia.info\/wp-content\/uploads\/2025\/06\/Fotografia-articulo-Inteligenia-scaled.jpeg","width":2560,"height":1707},{"@type":"BreadcrumbList","@id":"https:\/\/www.inteligenia.info\/home\/el-impacto-de-la-libre-portacion-de-armas-en-la-imagen-de-ee-uu-como-garante-de-seguridad-internacional\/#breadcrumb","itemListElement":[{"@type":"ListItem","position":1,"name":"Portada","item":"https:\/\/www.inteligenia.info\/home\/"},{"@type":"ListItem","position":2,"name":"EL IMPACTO DE LA LIBRE PORTACI\u00d3N DE ARMAS EN LA IMAGEN DE EE. UU. COMO GARANTE DE SEGURIDAD INTERNACIONAL"}]},{"@type":"WebSite","@id":"https:\/\/www.inteligenia.info\/home\/#website","url":"https:\/\/www.inteligenia.info\/home\/","name":"Inteligenia","description":"","publisher":{"@id":"https:\/\/www.inteligenia.info\/home\/#organization"},"potentialAction":[{"@type":"SearchAction","target":{"@type":"EntryPoint","urlTemplate":"https:\/\/www.inteligenia.info\/home\/?s={search_term_string}"},"query-input":{"@type":"PropertyValueSpecification","valueRequired":true,"valueName":"search_term_string"}}],"inLanguage":"es"},{"@type":"Organization","@id":"https:\/\/www.inteligenia.info\/home\/#organization","name":"Inteligenia","url":"https:\/\/www.inteligenia.info\/home\/","logo":{"@type":"ImageObject","inLanguage":"es","@id":"https:\/\/www.inteligenia.info\/home\/#\/schema\/logo\/image\/","url":"https:\/\/www.inteligenia.info\/wp-content\/uploads\/2024\/06\/transparent_logo-1-e1718047668142.png","contentUrl":"https:\/\/www.inteligenia.info\/wp-content\/uploads\/2024\/06\/transparent_logo-1-e1718047668142.png","width":674,"height":141,"caption":"Inteligenia"},"image":{"@id":"https:\/\/www.inteligenia.info\/home\/#\/schema\/logo\/image\/"},"sameAs":["https:\/\/x.com\/INTELIGENIA_","https:\/\/www.linkedin.com\/company\/inteligenia\/?viewAsMember=true"]},{"@type":"Person","@id":"https:\/\/www.inteligenia.info\/home\/#\/schema\/person\/1bf90ee63c207f611a224f9c17dbf031","name":"admin","image":{"@type":"ImageObject","inLanguage":"es","@id":"https:\/\/www.inteligenia.info\/home\/#\/schema\/person\/image\/","url":"https:\/\/secure.gravatar.com\/avatar\/ed712be762908ac190eb3beb8cf9efb0dc9c425bd7b69d40ba8746efca2909c6?s=96&d=mm&r=g","contentUrl":"https:\/\/secure.gravatar.com\/avatar\/ed712be762908ac190eb3beb8cf9efb0dc9c425bd7b69d40ba8746efca2909c6?s=96&d=mm&r=g","caption":"admin"},"sameAs":["http:\/\/www.inteligenia.info"],"url":"https:\/\/www.inteligenia.info\/home\/author\/admin\/"}]}},"_links":{"self":[{"href":"https:\/\/www.inteligenia.info\/home\/wp-json\/wp\/v2\/posts\/1081","targetHints":{"allow":["GET"]}}],"collection":[{"href":"https:\/\/www.inteligenia.info\/home\/wp-json\/wp\/v2\/posts"}],"about":[{"href":"https:\/\/www.inteligenia.info\/home\/wp-json\/wp\/v2\/types\/post"}],"author":[{"embeddable":true,"href":"https:\/\/www.inteligenia.info\/home\/wp-json\/wp\/v2\/users\/1"}],"replies":[{"embeddable":true,"href":"https:\/\/www.inteligenia.info\/home\/wp-json\/wp\/v2\/comments?post=1081"}],"version-history":[{"count":1,"href":"https:\/\/www.inteligenia.info\/home\/wp-json\/wp\/v2\/posts\/1081\/revisions"}],"predecessor-version":[{"id":1084,"href":"https:\/\/www.inteligenia.info\/home\/wp-json\/wp\/v2\/posts\/1081\/revisions\/1084"}],"wp:featuredmedia":[{"embeddable":true,"href":"https:\/\/www.inteligenia.info\/home\/wp-json\/wp\/v2\/media\/1083"}],"wp:attachment":[{"href":"https:\/\/www.inteligenia.info\/home\/wp-json\/wp\/v2\/media?parent=1081"}],"wp:term":[{"taxonomy":"category","embeddable":true,"href":"https:\/\/www.inteligenia.info\/home\/wp-json\/wp\/v2\/categories?post=1081"},{"taxonomy":"post_tag","embeddable":true,"href":"https:\/\/www.inteligenia.info\/home\/wp-json\/wp\/v2\/tags?post=1081"}],"curies":[{"name":"wp","href":"https:\/\/api.w.org\/{rel}","templated":true}]}}