{"id":1096,"date":"2025-06-30T16:23:35","date_gmt":"2025-06-30T16:23:35","guid":{"rendered":"https:\/\/www.inteligenia.info\/?p=1096"},"modified":"2025-06-30T16:32:30","modified_gmt":"2025-06-30T16:32:30","slug":"atentados-historicos-atentado-a-los-marines-eeuu-1983-beirut","status":"publish","type":"post","link":"https:\/\/www.inteligenia.info\/home\/atentados-historicos-atentado-a-los-marines-eeuu-1983-beirut\/","title":{"rendered":"ATENTADOS HISTORICOS &#8211; Atentado a los Marines EEUU 1983 Beirut"},"content":{"rendered":"\n<hr class=\"wp-block-separator has-css-opacity is-style-default\"\/>\n\n\n<div class=\"wp-block-image is-style-rounded\">\n<figure class=\"aligncenter size-large is-resized\"><img loading=\"lazy\" decoding=\"async\" width=\"1024\" height=\"1019\" src=\"https:\/\/www.inteligenia.info\/wp-content\/uploads\/2025\/03\/Foto-DOCHC-1024x1019.jpg\" alt=\"\" class=\"wp-image-929\" style=\"width:150px;height:150px\" srcset=\"https:\/\/www.inteligenia.info\/wp-content\/uploads\/2025\/03\/Foto-DOCHC-1024x1019.jpg 1024w, https:\/\/www.inteligenia.info\/wp-content\/uploads\/2025\/03\/Foto-DOCHC-300x300.jpg 300w, https:\/\/www.inteligenia.info\/wp-content\/uploads\/2025\/03\/Foto-DOCHC-150x150.jpg 150w, https:\/\/www.inteligenia.info\/wp-content\/uploads\/2025\/03\/Foto-DOCHC-768x764.jpg 768w, https:\/\/www.inteligenia.info\/wp-content\/uploads\/2025\/03\/Foto-DOCHC.jpg 1080w\" sizes=\"(max-width: 1024px) 100vw, 1024px\" \/><\/figure>\n<\/div>\n\n\n<blockquote class=\"wp-block-quote has-text-align-center is-style-large is-layout-flow wp-block-quote-is-layout-flow\">\n<p style=\"font-size:18px\"><strong>Oswaldo Chomba Castro.&nbsp;<\/strong>&nbsp;Per\u00fa . Analista&nbsp;de inteligencia en campos relacionados con la seguridad, el terrorismo y la seguridad&nbsp;f\u00edsica e Investigaciones corporativas&nbsp;y con conocimientos en materia de criminolog\u00eda corporativa y negociaciones criticas.<\/p>\n\n\n\n<p style=\"font-size:18px\">Graduado en la Marina de Guerra del Per\u00fa&nbsp;,como Infante de Marina&nbsp; y con Calificaci\u00f3n de Inteligencia en Guerra No convencional . Formado como&nbsp; Analista de Inteligencia&nbsp;en la Escuela de Postgrado del Centro de altos estudios Nacionales CAEN.&nbsp;Veterano de la Pacificaci\u00f3n&nbsp;nacional y conflictos externos.<\/p>\n\n\n\n<p style=\"font-size:18px\">Apasionado por las diferentes ciencias de la Historia de la Inteligencia estrat\u00e9gica&nbsp;y militar. As\u00ed&nbsp;como al estudio de la seguridad ciudadana y&nbsp;corporativa.&nbsp;<\/p>\n<\/blockquote>\n\n\n\n<hr class=\"wp-block-separator has-css-opacity is-style-default\"\/>\n\n\n\n<h3 class=\"wp-block-heading\">INTRODUCCION<\/h3>\n\n\n\n<h4 class=\"wp-block-heading\"><strong>E S C E N A R I O S<\/strong><\/h4>\n\n\n\n<p style=\"font-size:18px\">El d\u00eda que Hezbollah humill\u00f3 a los Marines en Beirut dos de los jefes de Hezbollah eliminados por las Fuerzas de Defensa de Israel en el L\u00edbano en las \u00faltimas semanas estaban se\u00f1alados entre los responsables del atentado que mat\u00f3 cientos de marines en Beirut en 1983. Estados Unidos ofrec\u00eda millones de d\u00f3lares por su captura o muerte.<\/p>\n\n\n\n<h4 class=\"wp-block-heading\">S I T U A C I O N<\/h4>\n\n\n\n<p style=\"font-size:18px\">En la escalada del enfrentamiento con Hezbollah, las Fuerzas de Defensa de Israel (FDI) pr\u00e1cticamente descabezaron a la dirigencia del grupo islamista, incluyendo a dos l\u00edderes se\u00f1alados entre los responsables del domingo negro de los Marines estadounidenses en 1983 en Beirut.<\/p>\n\n\n\n<h4 class=\"wp-block-heading\">L I D E R E S  T E R R O R I S T A S<\/h4>\n\n\n\n<p style=\"font-size:18px\">Uno de ellos era Ibrahim Aqil, jefe de la fuerza Radwan, la unidad de operaciones especiales de Hezbollah: fue alcanzado el 20 de setiembre del 2024 por un \u00abataque preciso\u00bb de la Fuerza A\u00e9rea de Israel contra su escondite en Dahieh, un suburbio de la capital libanesa.<\/p>\n\n\n<div class=\"wp-block-image\">\n<figure class=\"aligncenter size-full\"><img loading=\"lazy\" decoding=\"async\" width=\"1012\" height=\"670\" src=\"https:\/\/www.inteligenia.info\/wp-content\/uploads\/2025\/06\/image-9.png\" alt=\"\" class=\"wp-image-1097\" srcset=\"https:\/\/www.inteligenia.info\/wp-content\/uploads\/2025\/06\/image-9.png 1012w, https:\/\/www.inteligenia.info\/wp-content\/uploads\/2025\/06\/image-9-300x199.png 300w, https:\/\/www.inteligenia.info\/wp-content\/uploads\/2025\/06\/image-9-768x508.png 768w\" sizes=\"(max-width: 1012px) 100vw, 1012px\" \/><\/figure>\n<\/div>\n\n\n<p style=\"font-size:18px\">El otro era el temible Fuad Shukr, uno de los m\u00e1ximos l\u00edderes militares de Hezbollah y considerado brazo derecho de su l\u00edder, Hassan Nasrallah.<\/p>\n\n\n\n<p style=\"font-size:18px\">Shukr, a quien se se\u00f1al\u00f3 responsable de la muerte de doce ni\u00f1os drusos en el norte de Israel por la explosi\u00f3n de un cohete lanzado por Hezbollah desde el sur del L\u00edbano, muri\u00f3 tambi\u00e9n bajo el fuego de la aviaci\u00f3n militar israel\u00ed el 30 de julio del 2024 en la misma zona de Beirut.<br><\/p>\n\n\n\n<p style=\"font-size:18px\">Ambos ten\u00edan una larga historia con Hezbollah, tan antigua que se remontaba a los or\u00edgenes de esta violenta organizaci\u00f3n chiita patrocinada por el r\u00e9gimen autocr\u00e1tico de Teher\u00e1n.<br>Y, dentro de esa historia, compart\u00edan la presunta participaci\u00f3n en los ataques del 23 de octubre de 1983, el domingo negro en que dos atacantes suicidas cargados con enormes cargas de explosivos en sus camionetas hicieron saltar por los aires el cuartel de los Marines en Beirut y la base de los paracaidistas franceses en el L\u00edbano.<\/p>\n\n\n<div class=\"wp-block-image\">\n<figure class=\"aligncenter size-full\"><img loading=\"lazy\" decoding=\"async\" width=\"982\" height=\"594\" src=\"https:\/\/www.inteligenia.info\/wp-content\/uploads\/2025\/06\/image-10.png\" alt=\"\" class=\"wp-image-1098\" srcset=\"https:\/\/www.inteligenia.info\/wp-content\/uploads\/2025\/06\/image-10.png 982w, https:\/\/www.inteligenia.info\/wp-content\/uploads\/2025\/06\/image-10-300x181.png 300w, https:\/\/www.inteligenia.info\/wp-content\/uploads\/2025\/06\/image-10-768x465.png 768w\" sizes=\"(max-width: 982px) 100vw, 982px\" \/><\/figure>\n<\/div>\n\n\n<h3 class=\"wp-block-heading\">Antes, la embajada de EE. UU. en Beirut<\/h3>\n\n\n\n<p style=\"font-size:18px\">Aqil (nacido en 1958, 1961 o 1962), se\u00f1alaron las investigaciones de losservicios de inteligencia, fue un \u00abmiembro principal\u00bb de la c\u00e9lula terroristaque organiz\u00f3 el doble atentado, en el que murieron 241 militares de Estados Unidos, cincuenta y ocho de Francia y doce civiles.Tambi\u00e9n era buscado por su participaci\u00f3n en la voladura de la embajada de Estados Unidos en la capital libanesa el 18 de abril de 1983, pocas semanas antes del ataque contra los Marines y que caus\u00f3 la muerte de sesenta y tres personas, incluyendo diecisiete estadounidenses.<\/p>\n\n\n\n<h3 class=\"wp-block-heading\">Un recuento de bajas no visto desde Vietnam<\/h3>\n\n\n\n<p style=\"font-size:18px\">Cuando el conductor suicida aceler\u00f3 su camioneta Mercedes amarilla hacia el cuartel, \u00abel \u00fanico per\u00edmetro defensivo exterior\u00bb al que se enfrent\u00f3 fue un alambre de p\u00faas de algo m\u00e1s de un metro de altura, a\u00f1adi\u00f3 el informe citando un libro del investigador Patrick Sloyan. El impacto caus\u00f3 un desastre de enormes proporciones, el recuento de muertos m\u00e1s grande en un solo d\u00eda para el Cuerpo de Marines desde la batalla de Iwo Jima en la Segunda Guerra Mundial. Y la peor cifra de bajas en un solo d\u00eda para las Fuerzas Armadas estadounidenses desde el primer d\u00eda de la Ofensiva del Tet en la Guerra de Vietnam.<\/p>\n\n\n\n<p style=\"font-size:18px\"><br>Las im\u00e1genes despachadas por los reporteros gr\u00e1ficos a las redacciones de diarios de todo el mundo hablaban solas: donde estaban las barracas solo hab\u00eda tierra arrasada. Cuerpos de soldados muertos y heridos deambulando<br>por doquier. Aunque pasaron m\u00e1s de cuarenta a\u00f1os, el trauma no deja dormir a los sobrevivientes. Despu\u00e9s de que se inform\u00f3 la muerte de Aqil, el Washington Post, un diario al que no se puede se\u00f1alar como pro-israel\u00ed, comparti\u00f3 un t\u00edtulo esclarecedor.<\/p>\n\n\n\n<p style=\"font-size:18px\">Con ese marco, los marines, que estaban alojados en un terreno bajo cerca del aeropuerto de Beirut, eran blancos f\u00e1ciles para el fuego chiita desde las monta\u00f1as cercanas, pero no esperaban la irrupci\u00f3n de la camioneta cargada con explosivos.<\/p>\n\n\n\n<p style=\"font-size:18px\"><br>Un relato de los hechos publicado por el portal Marine Corps Times afirma que los militares estadounidenses no contaban siquiera con informaci\u00f3n de inteligencia que les indicara la posibilidad de un ataque tan audaz y mort\u00edfero.<\/p>\n\n\n\n<h3 class=\"wp-block-heading\" style=\"font-size:35px\">Conclusiones<\/h3>\n\n\n\n<p style=\"font-size:18px\">El atentado contra los cuarteles en Beirut en 1983 fue un ataque terrorista que tuvo lugar en la ma\u00f1ana del domingo 23 de octubre de 1983, cuando dos camiones bomba impactaron en sendos edificios en Beirut, capital del L\u00edbano, que albergaban a militares estadounidenses y franceses de la Fuerza Multinacional en el L\u00edbano.<\/p>\n\n\n\n<p style=\"font-size:18px\">Una operaci\u00f3n militar de mantenimiento de la paz durante la guerra civil libanesa. El ataque mat\u00f3 a 307 personas: 241 militares estadounidenses y 58 franceses, adem\u00e1s de seis civiles y los dos atacantes suicidas.<\/p>\n\n\n<div class=\"wp-block-image\">\n<figure class=\"aligncenter size-large\"><img loading=\"lazy\" decoding=\"async\" width=\"1024\" height=\"831\" src=\"https:\/\/www.inteligenia.info\/wp-content\/uploads\/2025\/06\/image-12-1024x831.png\" alt=\"\" class=\"wp-image-1100\" srcset=\"https:\/\/www.inteligenia.info\/wp-content\/uploads\/2025\/06\/image-12-1024x831.png 1024w, https:\/\/www.inteligenia.info\/wp-content\/uploads\/2025\/06\/image-12-300x243.png 300w, https:\/\/www.inteligenia.info\/wp-content\/uploads\/2025\/06\/image-12-768x623.png 768w, https:\/\/www.inteligenia.info\/wp-content\/uploads\/2025\/06\/image-12.png 1140w\" sizes=\"(max-width: 1024px) 100vw, 1024px\" \/><\/figure>\n<\/div>\n\n\n<p style=\"font-size:18px\">Alrededor de las 06:22 del 23 de octubre de 1983, un cami\u00f3n Mercedes-Benz amarillo de 19 toneladas con plataforma de estaca se dirigi\u00f3 al aeropuerto internacional de Beirut. El 1.er Batall\u00f3n 8.\u00ba de Infanter\u00eda de Marina (BLT), comandado por el teniente coronel Larry Gerlach, era un elemento subordinado de la 24.\u00aa MAU.<br>El cami\u00f3n no era el cami\u00f3n cisterna que esperaban, sino un cami\u00f3n secuestrado que transportaba explosivos.<br>El conductor gir\u00f3 su cami\u00f3n hacia un camino de acceso que conduc\u00eda al complejo. Rode\u00f3 el estacionamiento y aceler\u00f3 para atravesar una barrera de alambre de p\u00faas de 5 pies (1,5 m) de altura que separaba el estacionamiento del edificio.<\/p>\n\n\n\n<p style=\"font-size:18px\">El alambre estall\u00f3 \u00abcomo si alguien caminara sobre ramitas\u00bb.Luego, el cami\u00f3n pas\u00f3 entre dos puestos de vigilancia y atraves\u00f3 una puerta abierta para veh\u00edculos en la cerca de alambre del per\u00edmetro, se estrell\u00f3 contra una caseta de guardia frente al edificio y contra el vest\u00edbulo del edificio que serv\u00eda como cuartel para el 1.er Batall\u00f3n 8.\u00ba de Infanter\u00eda de Marina (BLT). Los centinelas en la puerta estaban operando bajo las reglas de combate, lo que hac\u00eda muy dif\u00edcil responder r\u00e1pidamente al ataque. El d\u00eda del atentado se orden\u00f3 a los centinelas que mantuvieran un cargador insertado en su arma, el cerrojo cerrado, el arma en la caja fuerte y sin balas en la rec\u00e1mara. Solo un centinela, LCpl Eddie DiFranco, pudo cargar su arma. Sin embargo, para ese momento el cami\u00f3n ya estaba estrell\u00e1ndose contra la entrada del edificio.<\/p>\n\n\n<div class=\"wp-block-image\">\n<figure class=\"aligncenter size-full\"><img loading=\"lazy\" decoding=\"async\" width=\"750\" height=\"375\" src=\"https:\/\/www.inteligenia.info\/wp-content\/uploads\/2025\/06\/image-13.png\" alt=\"\" class=\"wp-image-1101\" srcset=\"https:\/\/www.inteligenia.info\/wp-content\/uploads\/2025\/06\/image-13.png 750w, https:\/\/www.inteligenia.info\/wp-content\/uploads\/2025\/06\/image-13-300x150.png 300w\" sizes=\"(max-width: 750px) 100vw, 750px\" \/><\/figure>\n<\/div>\n\n\n<p style=\"font-size:18px\">El atacante suicida, un ciudadano iran\u00ed llamado Ismail Ascari,deton\u00f3 una carga de explosivos estimada con posterioridad en unos 9.525 kilogramos (21.000 libras) de TNT. La fuerza de la explosi\u00f3n derrumb\u00f3 el edificio de cuatro pisos y lo dej\u00f3 reducido a escombros, matando por aplastamiento a 241 militares estadounidenses.<\/p>\n\n\n\n<p style=\"font-size:18px\"><strong>Seg\u00fan Eric Hammel en su historia de la fuerza de desembarco de la Marina de los Estados Unidos:<\/strong><\/p>\n\n\n\n<p style=\"font-size:18px\"><em>La fuerza de la explosi\u00f3n levant\u00f3 inicialmente toda la estructura de cuatro pisos, cortando las bases de las columnas de soporte de hormig\u00f3n, cada una de las cuales med\u00eda quince pies de circunferencia y estaba reforzada por numerosas varillas de acero de una pulgada y tres cuartos. A continuaci\u00f3n, el edificio se desplom\u00f3 sobre s\u00ed mismo. Una enorme onda expansiva y una bola de gas en llamas fueron lanzadas en todas direcciones.<\/em><\/p>\n\n\n<div class=\"wp-block-image\">\n<figure class=\"aligncenter size-full\"><img loading=\"lazy\" decoding=\"async\" width=\"600\" height=\"560\" src=\"https:\/\/www.inteligenia.info\/wp-content\/uploads\/2025\/06\/image-14.png\" alt=\"\" class=\"wp-image-1102\" srcset=\"https:\/\/www.inteligenia.info\/wp-content\/uploads\/2025\/06\/image-14.png 600w, https:\/\/www.inteligenia.info\/wp-content\/uploads\/2025\/06\/image-14-300x280.png 300w\" sizes=\"(max-width: 600px) 100vw, 600px\" \/><\/figure>\n<\/div>\n\n\n<p style=\"font-size:18px\">El mecanismo explosivo era un dispositivo mejorado con gas que consist\u00eda en butano comprimido en botes, empleados junto con tetranitrato de pentaeritritol (PETN) para crear un explosivo de combustible y aire. La bomba se hab\u00eda transportado sobre una capa de hormig\u00f3n cubierta con una losa de m\u00e1rmol, con el objetivo de dirigir la explosi\u00f3n hacia arriba.<\/p>\n\n\n\n<p style=\"font-size:18px\">A pesar de la falta de sofisticaci\u00f3n y la amplia disponibilidad de sus componentes, el dispositivo mejorado con gas demostr\u00f3 ser un arma letal. Estos dispositivos eran similares a las armas termob\u00e1ricas o de combustible-aire, lo que explica la gran explosi\u00f3n y el da\u00f1o ocasionado. Una investigaci\u00f3n forense posterior, realizada por la Oficina Federal de Investigaciones (FBI), determin\u00f3 que la bomba era tan poderosa que probablemente habr\u00eda derribado el edificio incluso si los centinelas hubieran logrado detener el cami\u00f3n entre la puerta y el edificio.<\/p>\n\n\n<div class=\"wp-block-image\">\n<figure class=\"aligncenter size-full\"><img loading=\"lazy\" decoding=\"async\" width=\"512\" height=\"342\" src=\"https:\/\/www.inteligenia.info\/wp-content\/uploads\/2025\/06\/image-15.png\" alt=\"\" class=\"wp-image-1103\" srcset=\"https:\/\/www.inteligenia.info\/wp-content\/uploads\/2025\/06\/image-15.png 512w, https:\/\/www.inteligenia.info\/wp-content\/uploads\/2025\/06\/image-15-300x200.png 300w\" sizes=\"(max-width: 512px) 100vw, 512px\" \/><\/figure>\n<\/div>\n\n\n<p style=\"font-size:18px\">El atentado con bomba contra un cuartel de marines estadounidenses en Beirut, en 1983, marc\u00f3 el inicio de la \u00abguerra contra el terrorismo\u00bb por parte de Estados Unidos, que lanz\u00f3 advertencias a Ir\u00e1n y al grupo Hezbol\u00e1.<\/p>\n\n\n\n<p style=\"font-size:18px\">\u00abHace exactamente 42 a\u00f1os, Estados Unidos fue empujado a una guerra contra un enemigo como el que nunca hab\u00eda enfrentado\u00bb.<\/p>\n\n\n\n<p style=\"font-size:18px\">\u00abEl atentado contra los cuarteles en Beirut fue el primer disparo en una guerra en la que seguimos desde entonces: la guerra mundial contra el terrorismo\u00bb.<\/p>\n\n\n\n<p style=\"font-size:18px\">Recordamos la presencia de soldados estadounidenses en el L\u00edbano, Libia, Nigeria, Afganist\u00e1n, Irak \u00aby muchos otros campos de batalla en el medio\u00bb.<\/p>\n","protected":false},"excerpt":{"rendered":"<p>Oswaldo Chomba Castro.&nbsp;&nbsp;Per\u00fa . Analista&nbsp;de inteligencia en campos relacionados con la seguridad, el terrorismo y la seguridad&nbsp;f\u00edsica e Investigaciones corporativas&nbsp;y con conocimientos en materia de criminolog\u00eda corporativa y negociaciones criticas. Graduado en la Marina de Guerra del Per\u00fa&nbsp;,como Infante de Marina&nbsp; y con Calificaci\u00f3n de Inteligencia en Guerra No convencional . Formado como&nbsp; Analista de [&hellip;]<\/p>\n","protected":false},"author":1,"featured_media":1105,"comment_status":"open","ping_status":"open","sticky":false,"template":"","format":"standard","meta":{"saved_in_kubio":false,"footnotes":""},"categories":[13],"tags":[],"class_list":["post-1096","post","type-post","status-publish","format-standard","has-post-thumbnail","hentry","category-articulos"],"yoast_head":"<!-- This site is optimized with the Yoast SEO plugin v27.0 - https:\/\/yoast.com\/product\/yoast-seo-wordpress\/ -->\n<title>ATENTADOS HISTORICOS - Atentado a los Marines EEUU 1983 Beirut - Inteligenia<\/title>\n<meta name=\"robots\" content=\"index, follow, max-snippet:-1, max-image-preview:large, max-video-preview:-1\" \/>\n<link rel=\"canonical\" href=\"https:\/\/www.inteligenia.info\/home\/atentados-historicos-atentado-a-los-marines-eeuu-1983-beirut\/\" \/>\n<meta property=\"og:locale\" content=\"es_ES\" \/>\n<meta property=\"og:type\" content=\"article\" \/>\n<meta property=\"og:title\" content=\"ATENTADOS HISTORICOS - Atentado a los Marines EEUU 1983 Beirut - Inteligenia\" \/>\n<meta property=\"og:description\" content=\"Oswaldo Chomba Castro.&nbsp;&nbsp;Per\u00fa . Analista&nbsp;de inteligencia en campos relacionados con la seguridad, el terrorismo y la seguridad&nbsp;f\u00edsica e Investigaciones corporativas&nbsp;y con conocimientos en materia de criminolog\u00eda corporativa y negociaciones criticas. Graduado en la Marina de Guerra del Per\u00fa&nbsp;,como Infante de Marina&nbsp; y con Calificaci\u00f3n de Inteligencia en Guerra No convencional . Formado como&nbsp; Analista de [&hellip;]\" \/>\n<meta property=\"og:url\" content=\"https:\/\/www.inteligenia.info\/home\/atentados-historicos-atentado-a-los-marines-eeuu-1983-beirut\/\" \/>\n<meta property=\"og:site_name\" content=\"Inteligenia\" \/>\n<meta property=\"article:published_time\" content=\"2025-06-30T16:23:35+00:00\" \/>\n<meta property=\"article:modified_time\" content=\"2025-06-30T16:32:30+00:00\" \/>\n<meta property=\"og:image\" content=\"https:\/\/www.inteligenia.info\/wp-content\/uploads\/2025\/06\/Captura-de-pantalla-2025-06-30-183011.png\" \/>\n\t<meta property=\"og:image:width\" content=\"1007\" \/>\n\t<meta property=\"og:image:height\" content=\"664\" \/>\n\t<meta property=\"og:image:type\" content=\"image\/png\" \/>\n<meta name=\"author\" content=\"admin\" \/>\n<meta name=\"twitter:card\" content=\"summary_large_image\" \/>\n<meta name=\"twitter:creator\" content=\"@INTELIGENIA_\" \/>\n<meta name=\"twitter:site\" content=\"@INTELIGENIA_\" \/>\n<meta name=\"twitter:label1\" content=\"Escrito por\" \/>\n\t<meta name=\"twitter:data1\" content=\"admin\" \/>\n\t<meta name=\"twitter:label2\" content=\"Tiempo de lectura\" \/>\n\t<meta name=\"twitter:data2\" content=\"9 minutos\" \/>\n<script type=\"application\/ld+json\" class=\"yoast-schema-graph\">{\"@context\":\"https:\/\/schema.org\",\"@graph\":[{\"@type\":\"Article\",\"@id\":\"https:\/\/www.inteligenia.info\/home\/atentados-historicos-atentado-a-los-marines-eeuu-1983-beirut\/#article\",\"isPartOf\":{\"@id\":\"https:\/\/www.inteligenia.info\/home\/atentados-historicos-atentado-a-los-marines-eeuu-1983-beirut\/\"},\"author\":{\"name\":\"admin\",\"@id\":\"https:\/\/www.inteligenia.info\/home\/#\/schema\/person\/1bf90ee63c207f611a224f9c17dbf031\"},\"headline\":\"ATENTADOS HISTORICOS &#8211; Atentado a los Marines EEUU 1983 Beirut\",\"datePublished\":\"2025-06-30T16:23:35+00:00\",\"dateModified\":\"2025-06-30T16:32:30+00:00\",\"mainEntityOfPage\":{\"@id\":\"https:\/\/www.inteligenia.info\/home\/atentados-historicos-atentado-a-los-marines-eeuu-1983-beirut\/\"},\"wordCount\":1629,\"commentCount\":0,\"publisher\":{\"@id\":\"https:\/\/www.inteligenia.info\/home\/#organization\"},\"image\":{\"@id\":\"https:\/\/www.inteligenia.info\/home\/atentados-historicos-atentado-a-los-marines-eeuu-1983-beirut\/#primaryimage\"},\"thumbnailUrl\":\"https:\/\/www.inteligenia.info\/wp-content\/uploads\/2025\/06\/Captura-de-pantalla-2025-06-30-183011.png\",\"articleSection\":[\"Art\u00edculos\"],\"inLanguage\":\"es\",\"potentialAction\":[{\"@type\":\"CommentAction\",\"name\":\"Comment\",\"target\":[\"https:\/\/www.inteligenia.info\/home\/atentados-historicos-atentado-a-los-marines-eeuu-1983-beirut\/#respond\"]}]},{\"@type\":\"WebPage\",\"@id\":\"https:\/\/www.inteligenia.info\/home\/atentados-historicos-atentado-a-los-marines-eeuu-1983-beirut\/\",\"url\":\"https:\/\/www.inteligenia.info\/home\/atentados-historicos-atentado-a-los-marines-eeuu-1983-beirut\/\",\"name\":\"ATENTADOS HISTORICOS - Atentado a los Marines EEUU 1983 Beirut - Inteligenia\",\"isPartOf\":{\"@id\":\"https:\/\/www.inteligenia.info\/home\/#website\"},\"primaryImageOfPage\":{\"@id\":\"https:\/\/www.inteligenia.info\/home\/atentados-historicos-atentado-a-los-marines-eeuu-1983-beirut\/#primaryimage\"},\"image\":{\"@id\":\"https:\/\/www.inteligenia.info\/home\/atentados-historicos-atentado-a-los-marines-eeuu-1983-beirut\/#primaryimage\"},\"thumbnailUrl\":\"https:\/\/www.inteligenia.info\/wp-content\/uploads\/2025\/06\/Captura-de-pantalla-2025-06-30-183011.png\",\"datePublished\":\"2025-06-30T16:23:35+00:00\",\"dateModified\":\"2025-06-30T16:32:30+00:00\",\"breadcrumb\":{\"@id\":\"https:\/\/www.inteligenia.info\/home\/atentados-historicos-atentado-a-los-marines-eeuu-1983-beirut\/#breadcrumb\"},\"inLanguage\":\"es\",\"potentialAction\":[{\"@type\":\"ReadAction\",\"target\":[\"https:\/\/www.inteligenia.info\/home\/atentados-historicos-atentado-a-los-marines-eeuu-1983-beirut\/\"]}]},{\"@type\":\"ImageObject\",\"inLanguage\":\"es\",\"@id\":\"https:\/\/www.inteligenia.info\/home\/atentados-historicos-atentado-a-los-marines-eeuu-1983-beirut\/#primaryimage\",\"url\":\"https:\/\/www.inteligenia.info\/wp-content\/uploads\/2025\/06\/Captura-de-pantalla-2025-06-30-183011.png\",\"contentUrl\":\"https:\/\/www.inteligenia.info\/wp-content\/uploads\/2025\/06\/Captura-de-pantalla-2025-06-30-183011.png\",\"width\":1007,\"height\":664},{\"@type\":\"BreadcrumbList\",\"@id\":\"https:\/\/www.inteligenia.info\/home\/atentados-historicos-atentado-a-los-marines-eeuu-1983-beirut\/#breadcrumb\",\"itemListElement\":[{\"@type\":\"ListItem\",\"position\":1,\"name\":\"Portada\",\"item\":\"https:\/\/www.inteligenia.info\/home\/\"},{\"@type\":\"ListItem\",\"position\":2,\"name\":\"ATENTADOS HISTORICOS &#8211; Atentado a los Marines EEUU 1983 Beirut\"}]},{\"@type\":\"WebSite\",\"@id\":\"https:\/\/www.inteligenia.info\/home\/#website\",\"url\":\"https:\/\/www.inteligenia.info\/home\/\",\"name\":\"Inteligenia\",\"description\":\"\",\"publisher\":{\"@id\":\"https:\/\/www.inteligenia.info\/home\/#organization\"},\"potentialAction\":[{\"@type\":\"SearchAction\",\"target\":{\"@type\":\"EntryPoint\",\"urlTemplate\":\"https:\/\/www.inteligenia.info\/home\/?s={search_term_string}\"},\"query-input\":{\"@type\":\"PropertyValueSpecification\",\"valueRequired\":true,\"valueName\":\"search_term_string\"}}],\"inLanguage\":\"es\"},{\"@type\":\"Organization\",\"@id\":\"https:\/\/www.inteligenia.info\/home\/#organization\",\"name\":\"Inteligenia\",\"url\":\"https:\/\/www.inteligenia.info\/home\/\",\"logo\":{\"@type\":\"ImageObject\",\"inLanguage\":\"es\",\"@id\":\"https:\/\/www.inteligenia.info\/home\/#\/schema\/logo\/image\/\",\"url\":\"https:\/\/www.inteligenia.info\/wp-content\/uploads\/2024\/06\/transparent_logo-1-e1718047668142.png\",\"contentUrl\":\"https:\/\/www.inteligenia.info\/wp-content\/uploads\/2024\/06\/transparent_logo-1-e1718047668142.png\",\"width\":674,\"height\":141,\"caption\":\"Inteligenia\"},\"image\":{\"@id\":\"https:\/\/www.inteligenia.info\/home\/#\/schema\/logo\/image\/\"},\"sameAs\":[\"https:\/\/x.com\/INTELIGENIA_\",\"https:\/\/www.linkedin.com\/company\/inteligenia\/?viewAsMember=true\"]},{\"@type\":\"Person\",\"@id\":\"https:\/\/www.inteligenia.info\/home\/#\/schema\/person\/1bf90ee63c207f611a224f9c17dbf031\",\"name\":\"admin\",\"image\":{\"@type\":\"ImageObject\",\"inLanguage\":\"es\",\"@id\":\"https:\/\/www.inteligenia.info\/home\/#\/schema\/person\/image\/\",\"url\":\"https:\/\/secure.gravatar.com\/avatar\/ed712be762908ac190eb3beb8cf9efb0dc9c425bd7b69d40ba8746efca2909c6?s=96&d=mm&r=g\",\"contentUrl\":\"https:\/\/secure.gravatar.com\/avatar\/ed712be762908ac190eb3beb8cf9efb0dc9c425bd7b69d40ba8746efca2909c6?s=96&d=mm&r=g\",\"caption\":\"admin\"},\"sameAs\":[\"http:\/\/www.inteligenia.info\"],\"url\":\"https:\/\/www.inteligenia.info\/home\/author\/admin\/\"}]}<\/script>\n<!-- \/ Yoast SEO plugin. -->","yoast_head_json":{"title":"ATENTADOS HISTORICOS - Atentado a los Marines EEUU 1983 Beirut - Inteligenia","robots":{"index":"index","follow":"follow","max-snippet":"max-snippet:-1","max-image-preview":"max-image-preview:large","max-video-preview":"max-video-preview:-1"},"canonical":"https:\/\/www.inteligenia.info\/home\/atentados-historicos-atentado-a-los-marines-eeuu-1983-beirut\/","og_locale":"es_ES","og_type":"article","og_title":"ATENTADOS HISTORICOS - Atentado a los Marines EEUU 1983 Beirut - Inteligenia","og_description":"Oswaldo Chomba Castro.&nbsp;&nbsp;Per\u00fa . Analista&nbsp;de inteligencia en campos relacionados con la seguridad, el terrorismo y la seguridad&nbsp;f\u00edsica e Investigaciones corporativas&nbsp;y con conocimientos en materia de criminolog\u00eda corporativa y negociaciones criticas. Graduado en la Marina de Guerra del Per\u00fa&nbsp;,como Infante de Marina&nbsp; y con Calificaci\u00f3n de Inteligencia en Guerra No convencional . Formado como&nbsp; Analista de [&hellip;]","og_url":"https:\/\/www.inteligenia.info\/home\/atentados-historicos-atentado-a-los-marines-eeuu-1983-beirut\/","og_site_name":"Inteligenia","article_published_time":"2025-06-30T16:23:35+00:00","article_modified_time":"2025-06-30T16:32:30+00:00","og_image":[{"width":1007,"height":664,"url":"https:\/\/www.inteligenia.info\/wp-content\/uploads\/2025\/06\/Captura-de-pantalla-2025-06-30-183011.png","type":"image\/png"}],"author":"admin","twitter_card":"summary_large_image","twitter_creator":"@INTELIGENIA_","twitter_site":"@INTELIGENIA_","twitter_misc":{"Escrito por":"admin","Tiempo de lectura":"9 minutos"},"schema":{"@context":"https:\/\/schema.org","@graph":[{"@type":"Article","@id":"https:\/\/www.inteligenia.info\/home\/atentados-historicos-atentado-a-los-marines-eeuu-1983-beirut\/#article","isPartOf":{"@id":"https:\/\/www.inteligenia.info\/home\/atentados-historicos-atentado-a-los-marines-eeuu-1983-beirut\/"},"author":{"name":"admin","@id":"https:\/\/www.inteligenia.info\/home\/#\/schema\/person\/1bf90ee63c207f611a224f9c17dbf031"},"headline":"ATENTADOS HISTORICOS &#8211; Atentado a los Marines EEUU 1983 Beirut","datePublished":"2025-06-30T16:23:35+00:00","dateModified":"2025-06-30T16:32:30+00:00","mainEntityOfPage":{"@id":"https:\/\/www.inteligenia.info\/home\/atentados-historicos-atentado-a-los-marines-eeuu-1983-beirut\/"},"wordCount":1629,"commentCount":0,"publisher":{"@id":"https:\/\/www.inteligenia.info\/home\/#organization"},"image":{"@id":"https:\/\/www.inteligenia.info\/home\/atentados-historicos-atentado-a-los-marines-eeuu-1983-beirut\/#primaryimage"},"thumbnailUrl":"https:\/\/www.inteligenia.info\/wp-content\/uploads\/2025\/06\/Captura-de-pantalla-2025-06-30-183011.png","articleSection":["Art\u00edculos"],"inLanguage":"es","potentialAction":[{"@type":"CommentAction","name":"Comment","target":["https:\/\/www.inteligenia.info\/home\/atentados-historicos-atentado-a-los-marines-eeuu-1983-beirut\/#respond"]}]},{"@type":"WebPage","@id":"https:\/\/www.inteligenia.info\/home\/atentados-historicos-atentado-a-los-marines-eeuu-1983-beirut\/","url":"https:\/\/www.inteligenia.info\/home\/atentados-historicos-atentado-a-los-marines-eeuu-1983-beirut\/","name":"ATENTADOS HISTORICOS - Atentado a los Marines EEUU 1983 Beirut - Inteligenia","isPartOf":{"@id":"https:\/\/www.inteligenia.info\/home\/#website"},"primaryImageOfPage":{"@id":"https:\/\/www.inteligenia.info\/home\/atentados-historicos-atentado-a-los-marines-eeuu-1983-beirut\/#primaryimage"},"image":{"@id":"https:\/\/www.inteligenia.info\/home\/atentados-historicos-atentado-a-los-marines-eeuu-1983-beirut\/#primaryimage"},"thumbnailUrl":"https:\/\/www.inteligenia.info\/wp-content\/uploads\/2025\/06\/Captura-de-pantalla-2025-06-30-183011.png","datePublished":"2025-06-30T16:23:35+00:00","dateModified":"2025-06-30T16:32:30+00:00","breadcrumb":{"@id":"https:\/\/www.inteligenia.info\/home\/atentados-historicos-atentado-a-los-marines-eeuu-1983-beirut\/#breadcrumb"},"inLanguage":"es","potentialAction":[{"@type":"ReadAction","target":["https:\/\/www.inteligenia.info\/home\/atentados-historicos-atentado-a-los-marines-eeuu-1983-beirut\/"]}]},{"@type":"ImageObject","inLanguage":"es","@id":"https:\/\/www.inteligenia.info\/home\/atentados-historicos-atentado-a-los-marines-eeuu-1983-beirut\/#primaryimage","url":"https:\/\/www.inteligenia.info\/wp-content\/uploads\/2025\/06\/Captura-de-pantalla-2025-06-30-183011.png","contentUrl":"https:\/\/www.inteligenia.info\/wp-content\/uploads\/2025\/06\/Captura-de-pantalla-2025-06-30-183011.png","width":1007,"height":664},{"@type":"BreadcrumbList","@id":"https:\/\/www.inteligenia.info\/home\/atentados-historicos-atentado-a-los-marines-eeuu-1983-beirut\/#breadcrumb","itemListElement":[{"@type":"ListItem","position":1,"name":"Portada","item":"https:\/\/www.inteligenia.info\/home\/"},{"@type":"ListItem","position":2,"name":"ATENTADOS HISTORICOS &#8211; Atentado a los Marines EEUU 1983 Beirut"}]},{"@type":"WebSite","@id":"https:\/\/www.inteligenia.info\/home\/#website","url":"https:\/\/www.inteligenia.info\/home\/","name":"Inteligenia","description":"","publisher":{"@id":"https:\/\/www.inteligenia.info\/home\/#organization"},"potentialAction":[{"@type":"SearchAction","target":{"@type":"EntryPoint","urlTemplate":"https:\/\/www.inteligenia.info\/home\/?s={search_term_string}"},"query-input":{"@type":"PropertyValueSpecification","valueRequired":true,"valueName":"search_term_string"}}],"inLanguage":"es"},{"@type":"Organization","@id":"https:\/\/www.inteligenia.info\/home\/#organization","name":"Inteligenia","url":"https:\/\/www.inteligenia.info\/home\/","logo":{"@type":"ImageObject","inLanguage":"es","@id":"https:\/\/www.inteligenia.info\/home\/#\/schema\/logo\/image\/","url":"https:\/\/www.inteligenia.info\/wp-content\/uploads\/2024\/06\/transparent_logo-1-e1718047668142.png","contentUrl":"https:\/\/www.inteligenia.info\/wp-content\/uploads\/2024\/06\/transparent_logo-1-e1718047668142.png","width":674,"height":141,"caption":"Inteligenia"},"image":{"@id":"https:\/\/www.inteligenia.info\/home\/#\/schema\/logo\/image\/"},"sameAs":["https:\/\/x.com\/INTELIGENIA_","https:\/\/www.linkedin.com\/company\/inteligenia\/?viewAsMember=true"]},{"@type":"Person","@id":"https:\/\/www.inteligenia.info\/home\/#\/schema\/person\/1bf90ee63c207f611a224f9c17dbf031","name":"admin","image":{"@type":"ImageObject","inLanguage":"es","@id":"https:\/\/www.inteligenia.info\/home\/#\/schema\/person\/image\/","url":"https:\/\/secure.gravatar.com\/avatar\/ed712be762908ac190eb3beb8cf9efb0dc9c425bd7b69d40ba8746efca2909c6?s=96&d=mm&r=g","contentUrl":"https:\/\/secure.gravatar.com\/avatar\/ed712be762908ac190eb3beb8cf9efb0dc9c425bd7b69d40ba8746efca2909c6?s=96&d=mm&r=g","caption":"admin"},"sameAs":["http:\/\/www.inteligenia.info"],"url":"https:\/\/www.inteligenia.info\/home\/author\/admin\/"}]}},"_links":{"self":[{"href":"https:\/\/www.inteligenia.info\/home\/wp-json\/wp\/v2\/posts\/1096","targetHints":{"allow":["GET"]}}],"collection":[{"href":"https:\/\/www.inteligenia.info\/home\/wp-json\/wp\/v2\/posts"}],"about":[{"href":"https:\/\/www.inteligenia.info\/home\/wp-json\/wp\/v2\/types\/post"}],"author":[{"embeddable":true,"href":"https:\/\/www.inteligenia.info\/home\/wp-json\/wp\/v2\/users\/1"}],"replies":[{"embeddable":true,"href":"https:\/\/www.inteligenia.info\/home\/wp-json\/wp\/v2\/comments?post=1096"}],"version-history":[{"count":1,"href":"https:\/\/www.inteligenia.info\/home\/wp-json\/wp\/v2\/posts\/1096\/revisions"}],"predecessor-version":[{"id":1104,"href":"https:\/\/www.inteligenia.info\/home\/wp-json\/wp\/v2\/posts\/1096\/revisions\/1104"}],"wp:featuredmedia":[{"embeddable":true,"href":"https:\/\/www.inteligenia.info\/home\/wp-json\/wp\/v2\/media\/1105"}],"wp:attachment":[{"href":"https:\/\/www.inteligenia.info\/home\/wp-json\/wp\/v2\/media?parent=1096"}],"wp:term":[{"taxonomy":"category","embeddable":true,"href":"https:\/\/www.inteligenia.info\/home\/wp-json\/wp\/v2\/categories?post=1096"},{"taxonomy":"post_tag","embeddable":true,"href":"https:\/\/www.inteligenia.info\/home\/wp-json\/wp\/v2\/tags?post=1096"}],"curies":[{"name":"wp","href":"https:\/\/api.w.org\/{rel}","templated":true}]}}