{"id":1112,"date":"2025-07-04T08:09:03","date_gmt":"2025-07-04T08:09:03","guid":{"rendered":"https:\/\/www.inteligenia.info\/?p=1112"},"modified":"2025-07-04T08:09:04","modified_gmt":"2025-07-04T08:09:04","slug":"la-evolucion-del-yihadismo-en-el-sahel-de-la-insurgencia-armada-a-la-aspiracion-politica","status":"publish","type":"post","link":"https:\/\/www.inteligenia.info\/home\/la-evolucion-del-yihadismo-en-el-sahel-de-la-insurgencia-armada-a-la-aspiracion-politica\/","title":{"rendered":"La evoluci\u00f3n del yihadismo en el Sahel: de la insurgencia armada a la aspiraci\u00f3n pol\u00edtica."},"content":{"rendered":"\n<hr class=\"wp-block-separator has-css-opacity is-style-default\"\/>\n\n\n<div class=\"wp-block-image is-style-rounded\">\n<figure class=\"aligncenter size-full is-resized\"><img loading=\"lazy\" decoding=\"async\" width=\"867\" height=\"1015\" src=\"https:\/\/www.inteligenia.info\/wp-content\/uploads\/2025\/07\/1000123210.jpg\" alt=\"\" class=\"wp-image-1114\" style=\"aspect-ratio:1;width:254px;height:auto\" srcset=\"https:\/\/www.inteligenia.info\/wp-content\/uploads\/2025\/07\/1000123210.jpg 867w, https:\/\/www.inteligenia.info\/wp-content\/uploads\/2025\/07\/1000123210-256x300.jpg 256w, https:\/\/www.inteligenia.info\/wp-content\/uploads\/2025\/07\/1000123210-768x899.jpg 768w\" sizes=\"(max-width: 867px) 100vw, 867px\" \/><\/figure>\n<\/div>\n\n\n<blockquote class=\"wp-block-quote has-text-align-center is-style-large is-layout-flow wp-block-quote-is-layout-flow\">\n<p style=\"font-size:20px\"><strong>Mat\u00edas Lencina Moya<\/strong>\u00a0es Licenciado en Ciencias Pol\u00edticas y M\u00e1ster en Relaciones Internacionales. Actualmente se desempe\u00f1a como analista en ciberseguridad, con experiencia en entornos gubernamentales internacionales e infraestructuras cr\u00edticas. Ha complementado su formaci\u00f3n con diversos cursos en ciberinteligencia, desarrollando un enfoque estrat\u00e9gico y multidisciplinar en el an\u00e1lisis de riesgos y amenazas en el ciberespacio.\u00a0<\/p>\n\n\n<\/blockquote>\n\n\n\n<hr class=\"wp-block-separator has-css-opacity is-style-default\"\/>\n\n\n\n<p>Un art\u00edculo publicado por Asiem El Difraoui en El Grand Continent \u00ab<a href=\"https:\/\/legrandcontinent.eu\/es\/2025\/06\/16\/el-yihadismo-politico-desde-siria-hasta-el-sahel-geopolitica-de-una-conquista\/\"><strong>El Yihadismo pol\u00edtico desde Siria hasta el Sahel: Geopol\u00edtica de una conquista\u00bb<\/strong><\/a>, plantea un escenario clave: el \u00e9xito pol\u00edtico del HTS en Siria \u2014ahora bajo el liderazgo de Ahmad Al-Sharaa\u2014 est\u00e1 provocando un <strong>\u00abefecto se\u00f1al\u00bb<\/strong> para otras organizaciones yihadistas globales, especialmente en regiones inestables como el Sahel. Este giro estrat\u00e9gico, de la insurgencia violenta hacia formas de legitimaci\u00f3n pol\u00edtica, refleja una tendencia creciente: el <strong>\u00abyihadismo pol\u00edtico\u00bb<\/strong>.<\/p>\n\n\n\n<p>En este articulo analizare nuevos matices y similitudes con casos parecidos y como podr\u00eda llegar a desarrollarse su evoluci\u00f3n.<\/p>\n\n\n\n<h3 class=\"wp-block-heading\"><strong>De terroristas buscados a actores pol\u00edticos<\/strong><\/h3>\n\n\n\n<p>HTS, inicialmente una escisi\u00f3n de Al Qaeda en Siria, ha pasado de ser una organizaci\u00f3n insurgente por consolidar el control territorial en Idlib con estructuras administrativas, tribunales, servicios sanitarios y hasta una pol\u00edtica exterior informal. El reconocimiento t\u00e1cito de l\u00edderes como Al-Sharaa por figuras como Emmanuel Macron o Recep Tayyip Erdo\u011fan no es menor: sugiere que estamos ante un posible nuevo paradigma del yihadismo post-violencia.<\/p>\n\n\n\n<p><em>\u201cLa toma del poder por parte de Al-Sharaa ha tenido un efecto se\u00f1al para otros grupos yihadistas. La posibilidad de obtener legitimidad pol\u00edtica tras a\u00f1os de lucha cambia las reglas del juego\u201d<\/em>. \u2014 Asiem el Difraoui<\/p>\n\n\n\n<h3 class=\"wp-block-heading\"><strong>\u00bfUn modelo similar al del IRA y ETA?<\/strong><\/h3>\n\n\n\n<p>Existen paralelismos hist\u00f3ricos. El Provisional IRA en Irlanda del Norte y ETA en el Pa\u00eds Vasco fueron, durante d\u00e9cadas, organizaciones armadas nacionalistas que combinaban la violencia con una presencia pol\u00edtica indirecta. Con el tiempo, ambas abandonaron las armas \u2014parcial o totalmente\u2014 en favor de una estrategia institucional: Sinn F\u00e9in en el caso irland\u00e9s; la izquierda abertzale, en el caso espa\u00f1ol.<\/p>\n\n\n\n<p>En ambos casos, el camino hacia la normalizaci\u00f3n implic\u00f3:<\/p>\n\n\n\n<ul class=\"wp-block-list\">\n<li>Fracturas internas entre pragm\u00e1ticos y radicales.<\/li>\n\n\n\n<li>Cansancio de la poblaci\u00f3n civil con la violencia.<\/li>\n\n\n\n<li>Apertura pol\u00edtica para acoger a exmilitantes.<\/li>\n\n\n\n<li>Incentivos internacionales (UE, EEUU) para desescalar el conflicto.<\/li>\n<\/ul>\n\n\n\n<p>\u00bfEs posible algo similar con el yihadismo pol\u00edtico actual?<\/p>\n\n\n\n<h3 class=\"wp-block-heading\"><strong>\u00bfQu\u00e9 dice el Sahel?<\/strong><\/h3>\n\n\n\n<p>En la regi\u00f3n del Sahel, donde act\u00faan grupos como Jama\u2019at Nusrat al-Islam wal-Muslimin (JNIM), se observa una din\u00e1mica interesante. Este grupo \u2014afiliado a Al Qaeda\u2014 ha mostrado voluntad de formar coaliciones pol\u00edticas locales y establecer protoestructuras de gobernanza, especialmente en Mali y Burkina Faso. El ejemplo sirio no ha pasado desapercibido.<\/p>\n\n\n\n<p>Pero el Sahel tambi\u00e9n alberga a actores como el Estado Isl\u00e1mico del Gran S\u00e1hara (ISGS), que siguen fieles al caos total, como se describe en el manifiesto yihadista \u201cGesti\u00f3n de la barbarie\u201d. Su rechazo a cualquier forma de moderaci\u00f3n recuerda a las facciones escindidas del IRA o los sectores m\u00e1s irreductibles de ETA en sus \u00faltimas etapas.<\/p>\n\n\n\n<h3 class=\"wp-block-heading\"><strong>\u00bfUna salida pol\u00edtica al yihadismo?<\/strong><\/h3>\n\n\n\n<p>Un posible \u201cmodelo de transici\u00f3n\u201d \u2014al estilo Sinn F\u00e9in o la izquierda abertzale\u2014 requiere varios elementos a\u00fan ausentes en la mayor\u00eda de los contextos yihadistas:<\/p>\n\n\n<div class=\"wp-block-image\">\n<figure class=\"aligncenter size-full\"><img loading=\"lazy\" decoding=\"async\" width=\"886\" height=\"483\" src=\"https:\/\/www.inteligenia.info\/wp-content\/uploads\/2025\/07\/image.png\" alt=\"\" class=\"wp-image-1115\" srcset=\"https:\/\/www.inteligenia.info\/wp-content\/uploads\/2025\/07\/image.png 886w, https:\/\/www.inteligenia.info\/wp-content\/uploads\/2025\/07\/image-300x164.png 300w, https:\/\/www.inteligenia.info\/wp-content\/uploads\/2025\/07\/image-768x419.png 768w\" sizes=\"(max-width: 886px) 100vw, 886px\" \/><\/figure>\n<\/div>\n\n\n<p>Si HTS en Siria consolida su modelo, y si la comunidad internacional opta por una diplomacia pragm\u00e1tica, podr\u00edamos ver replicado este \u201cyihadismo pol\u00edtico institucionalizado\u201d en otras regiones.<\/p>\n\n\n\n<h3 class=\"wp-block-heading\"><strong>\u00bfEl futuro del yihadismo es pol\u00edtico?<\/strong><\/h3>\n\n\n\n<p>Ni el yihadismo ni el islamismo son bloques monol\u00edticos o inmutables. As\u00ed como el IRA se transform\u00f3 en Sinn F\u00e9in y ETA renunci\u00f3 a las armas, algunos grupos yihadistas podr\u00edan estar iniciando un camino, todav\u00eda incierto, hacia formas de legitimidad pol\u00edtica. La historia reciente muestra que, con incentivos adecuados, incluso los actores m\u00e1s radicales pueden reconvertirse.<\/p>\n\n\n\n<p>El desaf\u00edo para las democracias liberales, las instituciones multilaterales y los organismos de seguridad ser\u00e1 distinguir entre moderaci\u00f3n t\u00e1ctica y transformaci\u00f3n real. Y, sobre todo, no repetir errores pasados de aislamiento total o intervencionismo indiscriminado.<\/p>\n\n\n\n<p>El caso sirio, con todas sus contradicciones, se convierte as\u00ed en una pieza clave para entender el futuro del extremismo global.<\/p>\n","protected":false},"excerpt":{"rendered":"<p>Un art\u00edculo publicado por Asiem El Difraoui en El Grand Continent \u00abEl Yihadismo pol\u00edtico desde Siria hasta el Sahel: Geopol\u00edtica de una conquista\u00bb, plantea un escenario clave: el \u00e9xito pol\u00edtico del HTS en Siria \u2014ahora bajo el liderazgo de Ahmad Al-Sharaa\u2014 est\u00e1 provocando un \u00abefecto se\u00f1al\u00bb para otras organizaciones yihadistas globales, especialmente en regiones inestables [&hellip;]<\/p>\n","protected":false},"author":1,"featured_media":1116,"comment_status":"open","ping_status":"open","sticky":false,"template":"","format":"standard","meta":{"saved_in_kubio":false,"footnotes":""},"categories":[17,15,1],"tags":[],"class_list":["post-1112","post","type-post","status-publish","format-standard","has-post-thumbnail","hentry","category-geopolitica-y-geoestrategia","category-seguridad-y-defensa","category-sin-categoria"],"yoast_head":"<!-- This site is optimized with the Yoast SEO plugin v27.0 - https:\/\/yoast.com\/product\/yoast-seo-wordpress\/ -->\n<title>La evoluci\u00f3n del yihadismo en el Sahel: de la insurgencia armada a la aspiraci\u00f3n pol\u00edtica. - Inteligenia<\/title>\n<meta name=\"robots\" content=\"index, follow, max-snippet:-1, max-image-preview:large, max-video-preview:-1\" \/>\n<link rel=\"canonical\" href=\"https:\/\/www.inteligenia.info\/home\/la-evolucion-del-yihadismo-en-el-sahel-de-la-insurgencia-armada-a-la-aspiracion-politica\/\" \/>\n<meta property=\"og:locale\" content=\"es_ES\" \/>\n<meta property=\"og:type\" content=\"article\" \/>\n<meta property=\"og:title\" content=\"La evoluci\u00f3n del yihadismo en el Sahel: de la insurgencia armada a la aspiraci\u00f3n pol\u00edtica. - Inteligenia\" \/>\n<meta property=\"og:description\" content=\"Un art\u00edculo publicado por Asiem El Difraoui en El Grand Continent \u00abEl Yihadismo pol\u00edtico desde Siria hasta el Sahel: Geopol\u00edtica de una conquista\u00bb, plantea un escenario clave: el \u00e9xito pol\u00edtico del HTS en Siria \u2014ahora bajo el liderazgo de Ahmad Al-Sharaa\u2014 est\u00e1 provocando un \u00abefecto se\u00f1al\u00bb para otras organizaciones yihadistas globales, especialmente en regiones inestables [&hellip;]\" \/>\n<meta property=\"og:url\" content=\"https:\/\/www.inteligenia.info\/home\/la-evolucion-del-yihadismo-en-el-sahel-de-la-insurgencia-armada-a-la-aspiracion-politica\/\" \/>\n<meta property=\"og:site_name\" content=\"Inteligenia\" \/>\n<meta property=\"article:published_time\" content=\"2025-07-04T08:09:03+00:00\" \/>\n<meta property=\"article:modified_time\" content=\"2025-07-04T08:09:04+00:00\" \/>\n<meta property=\"og:image\" content=\"https:\/\/www.inteligenia.info\/wp-content\/uploads\/2025\/07\/Imagen1.jpg\" \/>\n\t<meta property=\"og:image:width\" content=\"517\" \/>\n\t<meta property=\"og:image:height\" content=\"290\" \/>\n\t<meta property=\"og:image:type\" content=\"image\/jpeg\" \/>\n<meta name=\"author\" content=\"admin\" \/>\n<meta name=\"twitter:card\" content=\"summary_large_image\" \/>\n<meta name=\"twitter:creator\" content=\"@INTELIGENIA_\" \/>\n<meta name=\"twitter:site\" content=\"@INTELIGENIA_\" \/>\n<meta name=\"twitter:label1\" content=\"Escrito por\" \/>\n\t<meta name=\"twitter:data1\" content=\"admin\" \/>\n\t<meta name=\"twitter:label2\" content=\"Tiempo de lectura\" \/>\n\t<meta name=\"twitter:data2\" content=\"4 minutos\" \/>\n<script type=\"application\/ld+json\" class=\"yoast-schema-graph\">{\"@context\":\"https:\/\/schema.org\",\"@graph\":[{\"@type\":\"Article\",\"@id\":\"https:\/\/www.inteligenia.info\/home\/la-evolucion-del-yihadismo-en-el-sahel-de-la-insurgencia-armada-a-la-aspiracion-politica\/#article\",\"isPartOf\":{\"@id\":\"https:\/\/www.inteligenia.info\/home\/la-evolucion-del-yihadismo-en-el-sahel-de-la-insurgencia-armada-a-la-aspiracion-politica\/\"},\"author\":{\"name\":\"admin\",\"@id\":\"https:\/\/www.inteligenia.info\/home\/#\/schema\/person\/1bf90ee63c207f611a224f9c17dbf031\"},\"headline\":\"La evoluci\u00f3n del yihadismo en el Sahel: de la insurgencia armada a la aspiraci\u00f3n pol\u00edtica.\",\"datePublished\":\"2025-07-04T08:09:03+00:00\",\"dateModified\":\"2025-07-04T08:09:04+00:00\",\"mainEntityOfPage\":{\"@id\":\"https:\/\/www.inteligenia.info\/home\/la-evolucion-del-yihadismo-en-el-sahel-de-la-insurgencia-armada-a-la-aspiracion-politica\/\"},\"wordCount\":746,\"commentCount\":1,\"publisher\":{\"@id\":\"https:\/\/www.inteligenia.info\/home\/#organization\"},\"image\":{\"@id\":\"https:\/\/www.inteligenia.info\/home\/la-evolucion-del-yihadismo-en-el-sahel-de-la-insurgencia-armada-a-la-aspiracion-politica\/#primaryimage\"},\"thumbnailUrl\":\"https:\/\/www.inteligenia.info\/wp-content\/uploads\/2025\/07\/Imagen1.jpg\",\"articleSection\":[\"Geopolitica y Geoestrategia\",\"Seguridad y Defensa\"],\"inLanguage\":\"es\",\"potentialAction\":[{\"@type\":\"CommentAction\",\"name\":\"Comment\",\"target\":[\"https:\/\/www.inteligenia.info\/home\/la-evolucion-del-yihadismo-en-el-sahel-de-la-insurgencia-armada-a-la-aspiracion-politica\/#respond\"]}]},{\"@type\":\"WebPage\",\"@id\":\"https:\/\/www.inteligenia.info\/home\/la-evolucion-del-yihadismo-en-el-sahel-de-la-insurgencia-armada-a-la-aspiracion-politica\/\",\"url\":\"https:\/\/www.inteligenia.info\/home\/la-evolucion-del-yihadismo-en-el-sahel-de-la-insurgencia-armada-a-la-aspiracion-politica\/\",\"name\":\"La evoluci\u00f3n del yihadismo en el Sahel: de la insurgencia armada a la aspiraci\u00f3n pol\u00edtica. - Inteligenia\",\"isPartOf\":{\"@id\":\"https:\/\/www.inteligenia.info\/home\/#website\"},\"primaryImageOfPage\":{\"@id\":\"https:\/\/www.inteligenia.info\/home\/la-evolucion-del-yihadismo-en-el-sahel-de-la-insurgencia-armada-a-la-aspiracion-politica\/#primaryimage\"},\"image\":{\"@id\":\"https:\/\/www.inteligenia.info\/home\/la-evolucion-del-yihadismo-en-el-sahel-de-la-insurgencia-armada-a-la-aspiracion-politica\/#primaryimage\"},\"thumbnailUrl\":\"https:\/\/www.inteligenia.info\/wp-content\/uploads\/2025\/07\/Imagen1.jpg\",\"datePublished\":\"2025-07-04T08:09:03+00:00\",\"dateModified\":\"2025-07-04T08:09:04+00:00\",\"breadcrumb\":{\"@id\":\"https:\/\/www.inteligenia.info\/home\/la-evolucion-del-yihadismo-en-el-sahel-de-la-insurgencia-armada-a-la-aspiracion-politica\/#breadcrumb\"},\"inLanguage\":\"es\",\"potentialAction\":[{\"@type\":\"ReadAction\",\"target\":[\"https:\/\/www.inteligenia.info\/home\/la-evolucion-del-yihadismo-en-el-sahel-de-la-insurgencia-armada-a-la-aspiracion-politica\/\"]}]},{\"@type\":\"ImageObject\",\"inLanguage\":\"es\",\"@id\":\"https:\/\/www.inteligenia.info\/home\/la-evolucion-del-yihadismo-en-el-sahel-de-la-insurgencia-armada-a-la-aspiracion-politica\/#primaryimage\",\"url\":\"https:\/\/www.inteligenia.info\/wp-content\/uploads\/2025\/07\/Imagen1.jpg\",\"contentUrl\":\"https:\/\/www.inteligenia.info\/wp-content\/uploads\/2025\/07\/Imagen1.jpg\",\"width\":517,\"height\":290},{\"@type\":\"BreadcrumbList\",\"@id\":\"https:\/\/www.inteligenia.info\/home\/la-evolucion-del-yihadismo-en-el-sahel-de-la-insurgencia-armada-a-la-aspiracion-politica\/#breadcrumb\",\"itemListElement\":[{\"@type\":\"ListItem\",\"position\":1,\"name\":\"Portada\",\"item\":\"https:\/\/www.inteligenia.info\/home\/\"},{\"@type\":\"ListItem\",\"position\":2,\"name\":\"La evoluci\u00f3n del yihadismo en el Sahel: de la insurgencia armada a la aspiraci\u00f3n pol\u00edtica.\"}]},{\"@type\":\"WebSite\",\"@id\":\"https:\/\/www.inteligenia.info\/home\/#website\",\"url\":\"https:\/\/www.inteligenia.info\/home\/\",\"name\":\"Inteligenia\",\"description\":\"\",\"publisher\":{\"@id\":\"https:\/\/www.inteligenia.info\/home\/#organization\"},\"potentialAction\":[{\"@type\":\"SearchAction\",\"target\":{\"@type\":\"EntryPoint\",\"urlTemplate\":\"https:\/\/www.inteligenia.info\/home\/?s={search_term_string}\"},\"query-input\":{\"@type\":\"PropertyValueSpecification\",\"valueRequired\":true,\"valueName\":\"search_term_string\"}}],\"inLanguage\":\"es\"},{\"@type\":\"Organization\",\"@id\":\"https:\/\/www.inteligenia.info\/home\/#organization\",\"name\":\"Inteligenia\",\"url\":\"https:\/\/www.inteligenia.info\/home\/\",\"logo\":{\"@type\":\"ImageObject\",\"inLanguage\":\"es\",\"@id\":\"https:\/\/www.inteligenia.info\/home\/#\/schema\/logo\/image\/\",\"url\":\"https:\/\/www.inteligenia.info\/wp-content\/uploads\/2024\/06\/transparent_logo-1-e1718047668142.png\",\"contentUrl\":\"https:\/\/www.inteligenia.info\/wp-content\/uploads\/2024\/06\/transparent_logo-1-e1718047668142.png\",\"width\":674,\"height\":141,\"caption\":\"Inteligenia\"},\"image\":{\"@id\":\"https:\/\/www.inteligenia.info\/home\/#\/schema\/logo\/image\/\"},\"sameAs\":[\"https:\/\/x.com\/INTELIGENIA_\",\"https:\/\/www.linkedin.com\/company\/inteligenia\/?viewAsMember=true\"]},{\"@type\":\"Person\",\"@id\":\"https:\/\/www.inteligenia.info\/home\/#\/schema\/person\/1bf90ee63c207f611a224f9c17dbf031\",\"name\":\"admin\",\"image\":{\"@type\":\"ImageObject\",\"inLanguage\":\"es\",\"@id\":\"https:\/\/www.inteligenia.info\/home\/#\/schema\/person\/image\/\",\"url\":\"https:\/\/secure.gravatar.com\/avatar\/ed712be762908ac190eb3beb8cf9efb0dc9c425bd7b69d40ba8746efca2909c6?s=96&d=mm&r=g\",\"contentUrl\":\"https:\/\/secure.gravatar.com\/avatar\/ed712be762908ac190eb3beb8cf9efb0dc9c425bd7b69d40ba8746efca2909c6?s=96&d=mm&r=g\",\"caption\":\"admin\"},\"sameAs\":[\"http:\/\/www.inteligenia.info\"],\"url\":\"https:\/\/www.inteligenia.info\/home\/author\/admin\/\"}]}<\/script>\n<!-- \/ Yoast SEO plugin. -->","yoast_head_json":{"title":"La evoluci\u00f3n del yihadismo en el Sahel: de la insurgencia armada a la aspiraci\u00f3n pol\u00edtica. - Inteligenia","robots":{"index":"index","follow":"follow","max-snippet":"max-snippet:-1","max-image-preview":"max-image-preview:large","max-video-preview":"max-video-preview:-1"},"canonical":"https:\/\/www.inteligenia.info\/home\/la-evolucion-del-yihadismo-en-el-sahel-de-la-insurgencia-armada-a-la-aspiracion-politica\/","og_locale":"es_ES","og_type":"article","og_title":"La evoluci\u00f3n del yihadismo en el Sahel: de la insurgencia armada a la aspiraci\u00f3n pol\u00edtica. - Inteligenia","og_description":"Un art\u00edculo publicado por Asiem El Difraoui en El Grand Continent \u00abEl Yihadismo pol\u00edtico desde Siria hasta el Sahel: Geopol\u00edtica de una conquista\u00bb, plantea un escenario clave: el \u00e9xito pol\u00edtico del HTS en Siria \u2014ahora bajo el liderazgo de Ahmad Al-Sharaa\u2014 est\u00e1 provocando un \u00abefecto se\u00f1al\u00bb para otras organizaciones yihadistas globales, especialmente en regiones inestables [&hellip;]","og_url":"https:\/\/www.inteligenia.info\/home\/la-evolucion-del-yihadismo-en-el-sahel-de-la-insurgencia-armada-a-la-aspiracion-politica\/","og_site_name":"Inteligenia","article_published_time":"2025-07-04T08:09:03+00:00","article_modified_time":"2025-07-04T08:09:04+00:00","og_image":[{"width":517,"height":290,"url":"https:\/\/www.inteligenia.info\/wp-content\/uploads\/2025\/07\/Imagen1.jpg","type":"image\/jpeg"}],"author":"admin","twitter_card":"summary_large_image","twitter_creator":"@INTELIGENIA_","twitter_site":"@INTELIGENIA_","twitter_misc":{"Escrito por":"admin","Tiempo de lectura":"4 minutos"},"schema":{"@context":"https:\/\/schema.org","@graph":[{"@type":"Article","@id":"https:\/\/www.inteligenia.info\/home\/la-evolucion-del-yihadismo-en-el-sahel-de-la-insurgencia-armada-a-la-aspiracion-politica\/#article","isPartOf":{"@id":"https:\/\/www.inteligenia.info\/home\/la-evolucion-del-yihadismo-en-el-sahel-de-la-insurgencia-armada-a-la-aspiracion-politica\/"},"author":{"name":"admin","@id":"https:\/\/www.inteligenia.info\/home\/#\/schema\/person\/1bf90ee63c207f611a224f9c17dbf031"},"headline":"La evoluci\u00f3n del yihadismo en el Sahel: de la insurgencia armada a la aspiraci\u00f3n pol\u00edtica.","datePublished":"2025-07-04T08:09:03+00:00","dateModified":"2025-07-04T08:09:04+00:00","mainEntityOfPage":{"@id":"https:\/\/www.inteligenia.info\/home\/la-evolucion-del-yihadismo-en-el-sahel-de-la-insurgencia-armada-a-la-aspiracion-politica\/"},"wordCount":746,"commentCount":1,"publisher":{"@id":"https:\/\/www.inteligenia.info\/home\/#organization"},"image":{"@id":"https:\/\/www.inteligenia.info\/home\/la-evolucion-del-yihadismo-en-el-sahel-de-la-insurgencia-armada-a-la-aspiracion-politica\/#primaryimage"},"thumbnailUrl":"https:\/\/www.inteligenia.info\/wp-content\/uploads\/2025\/07\/Imagen1.jpg","articleSection":["Geopolitica y Geoestrategia","Seguridad y Defensa"],"inLanguage":"es","potentialAction":[{"@type":"CommentAction","name":"Comment","target":["https:\/\/www.inteligenia.info\/home\/la-evolucion-del-yihadismo-en-el-sahel-de-la-insurgencia-armada-a-la-aspiracion-politica\/#respond"]}]},{"@type":"WebPage","@id":"https:\/\/www.inteligenia.info\/home\/la-evolucion-del-yihadismo-en-el-sahel-de-la-insurgencia-armada-a-la-aspiracion-politica\/","url":"https:\/\/www.inteligenia.info\/home\/la-evolucion-del-yihadismo-en-el-sahel-de-la-insurgencia-armada-a-la-aspiracion-politica\/","name":"La evoluci\u00f3n del yihadismo en el Sahel: de la insurgencia armada a la aspiraci\u00f3n pol\u00edtica. - Inteligenia","isPartOf":{"@id":"https:\/\/www.inteligenia.info\/home\/#website"},"primaryImageOfPage":{"@id":"https:\/\/www.inteligenia.info\/home\/la-evolucion-del-yihadismo-en-el-sahel-de-la-insurgencia-armada-a-la-aspiracion-politica\/#primaryimage"},"image":{"@id":"https:\/\/www.inteligenia.info\/home\/la-evolucion-del-yihadismo-en-el-sahel-de-la-insurgencia-armada-a-la-aspiracion-politica\/#primaryimage"},"thumbnailUrl":"https:\/\/www.inteligenia.info\/wp-content\/uploads\/2025\/07\/Imagen1.jpg","datePublished":"2025-07-04T08:09:03+00:00","dateModified":"2025-07-04T08:09:04+00:00","breadcrumb":{"@id":"https:\/\/www.inteligenia.info\/home\/la-evolucion-del-yihadismo-en-el-sahel-de-la-insurgencia-armada-a-la-aspiracion-politica\/#breadcrumb"},"inLanguage":"es","potentialAction":[{"@type":"ReadAction","target":["https:\/\/www.inteligenia.info\/home\/la-evolucion-del-yihadismo-en-el-sahel-de-la-insurgencia-armada-a-la-aspiracion-politica\/"]}]},{"@type":"ImageObject","inLanguage":"es","@id":"https:\/\/www.inteligenia.info\/home\/la-evolucion-del-yihadismo-en-el-sahel-de-la-insurgencia-armada-a-la-aspiracion-politica\/#primaryimage","url":"https:\/\/www.inteligenia.info\/wp-content\/uploads\/2025\/07\/Imagen1.jpg","contentUrl":"https:\/\/www.inteligenia.info\/wp-content\/uploads\/2025\/07\/Imagen1.jpg","width":517,"height":290},{"@type":"BreadcrumbList","@id":"https:\/\/www.inteligenia.info\/home\/la-evolucion-del-yihadismo-en-el-sahel-de-la-insurgencia-armada-a-la-aspiracion-politica\/#breadcrumb","itemListElement":[{"@type":"ListItem","position":1,"name":"Portada","item":"https:\/\/www.inteligenia.info\/home\/"},{"@type":"ListItem","position":2,"name":"La evoluci\u00f3n del yihadismo en el Sahel: de la insurgencia armada a la aspiraci\u00f3n pol\u00edtica."}]},{"@type":"WebSite","@id":"https:\/\/www.inteligenia.info\/home\/#website","url":"https:\/\/www.inteligenia.info\/home\/","name":"Inteligenia","description":"","publisher":{"@id":"https:\/\/www.inteligenia.info\/home\/#organization"},"potentialAction":[{"@type":"SearchAction","target":{"@type":"EntryPoint","urlTemplate":"https:\/\/www.inteligenia.info\/home\/?s={search_term_string}"},"query-input":{"@type":"PropertyValueSpecification","valueRequired":true,"valueName":"search_term_string"}}],"inLanguage":"es"},{"@type":"Organization","@id":"https:\/\/www.inteligenia.info\/home\/#organization","name":"Inteligenia","url":"https:\/\/www.inteligenia.info\/home\/","logo":{"@type":"ImageObject","inLanguage":"es","@id":"https:\/\/www.inteligenia.info\/home\/#\/schema\/logo\/image\/","url":"https:\/\/www.inteligenia.info\/wp-content\/uploads\/2024\/06\/transparent_logo-1-e1718047668142.png","contentUrl":"https:\/\/www.inteligenia.info\/wp-content\/uploads\/2024\/06\/transparent_logo-1-e1718047668142.png","width":674,"height":141,"caption":"Inteligenia"},"image":{"@id":"https:\/\/www.inteligenia.info\/home\/#\/schema\/logo\/image\/"},"sameAs":["https:\/\/x.com\/INTELIGENIA_","https:\/\/www.linkedin.com\/company\/inteligenia\/?viewAsMember=true"]},{"@type":"Person","@id":"https:\/\/www.inteligenia.info\/home\/#\/schema\/person\/1bf90ee63c207f611a224f9c17dbf031","name":"admin","image":{"@type":"ImageObject","inLanguage":"es","@id":"https:\/\/www.inteligenia.info\/home\/#\/schema\/person\/image\/","url":"https:\/\/secure.gravatar.com\/avatar\/ed712be762908ac190eb3beb8cf9efb0dc9c425bd7b69d40ba8746efca2909c6?s=96&d=mm&r=g","contentUrl":"https:\/\/secure.gravatar.com\/avatar\/ed712be762908ac190eb3beb8cf9efb0dc9c425bd7b69d40ba8746efca2909c6?s=96&d=mm&r=g","caption":"admin"},"sameAs":["http:\/\/www.inteligenia.info"],"url":"https:\/\/www.inteligenia.info\/home\/author\/admin\/"}]}},"_links":{"self":[{"href":"https:\/\/www.inteligenia.info\/home\/wp-json\/wp\/v2\/posts\/1112","targetHints":{"allow":["GET"]}}],"collection":[{"href":"https:\/\/www.inteligenia.info\/home\/wp-json\/wp\/v2\/posts"}],"about":[{"href":"https:\/\/www.inteligenia.info\/home\/wp-json\/wp\/v2\/types\/post"}],"author":[{"embeddable":true,"href":"https:\/\/www.inteligenia.info\/home\/wp-json\/wp\/v2\/users\/1"}],"replies":[{"embeddable":true,"href":"https:\/\/www.inteligenia.info\/home\/wp-json\/wp\/v2\/comments?post=1112"}],"version-history":[{"count":1,"href":"https:\/\/www.inteligenia.info\/home\/wp-json\/wp\/v2\/posts\/1112\/revisions"}],"predecessor-version":[{"id":1117,"href":"https:\/\/www.inteligenia.info\/home\/wp-json\/wp\/v2\/posts\/1112\/revisions\/1117"}],"wp:featuredmedia":[{"embeddable":true,"href":"https:\/\/www.inteligenia.info\/home\/wp-json\/wp\/v2\/media\/1116"}],"wp:attachment":[{"href":"https:\/\/www.inteligenia.info\/home\/wp-json\/wp\/v2\/media?parent=1112"}],"wp:term":[{"taxonomy":"category","embeddable":true,"href":"https:\/\/www.inteligenia.info\/home\/wp-json\/wp\/v2\/categories?post=1112"},{"taxonomy":"post_tag","embeddable":true,"href":"https:\/\/www.inteligenia.info\/home\/wp-json\/wp\/v2\/tags?post=1112"}],"curies":[{"name":"wp","href":"https:\/\/api.w.org\/{rel}","templated":true}]}}