{"id":1131,"date":"2025-07-24T10:20:58","date_gmt":"2025-07-24T10:20:58","guid":{"rendered":"https:\/\/www.inteligenia.info\/?p=1131"},"modified":"2025-07-27T09:24:11","modified_gmt":"2025-07-27T09:24:11","slug":"gestion-del-conocimiento-como-activo-estrategico-en-la-era-digital","status":"publish","type":"post","link":"https:\/\/www.inteligenia.info\/home\/gestion-del-conocimiento-como-activo-estrategico-en-la-era-digital\/","title":{"rendered":"Gesti\u00f3n del Conocimiento como Activo Estrat\u00e9gico en la Era Digital"},"content":{"rendered":"\n<p>En la actualidad, marcada por la aceleraci\u00f3n tecnol\u00f3gica, la complejidad del entorno competitivo y la abundancia de datos, la <strong>Gesti\u00f3n del Conocimiento (GC)<\/strong> ha dejado de ser un proceso auxiliar para convertirse en un <strong>activo estrat\u00e9gico esencial<\/strong>. Este art\u00edculo \u2014escrito por \u00c1lvaro Serrano, Director de INTELIGENIA\u2014 ofrece un an\u00e1lisis integral de c\u00f3mo la GC impulsa la sostenibilidad, la innovaci\u00f3n y la inteligencia organizacional en la era digital.<\/p>\n\n\n\n<p>El documento aborda las <strong>tipolog\u00edas de conocimiento (expl\u00edcito, t\u00e1cito e impl\u00edcito)<\/strong>, el papel del <strong>capital intelectual<\/strong>, y la importancia de integrar herramientas tecnol\u00f3gicas avanzadas como la <strong>inteligencia artificial<\/strong>, los <strong>sistemas colaborativos<\/strong>, los <strong>gr\u00e1ficos de conocimiento<\/strong>, y las <strong>plataformas de anal\u00edtica avanzada<\/strong>. Asimismo, profundiza en la relaci\u00f3n entre la GC y disciplinas clave como la <strong>inteligencia estrat\u00e9gica<\/strong>, la <strong>seguridad y defensa nacional<\/strong>, y el <strong>an\u00e1lisis de inteligencia<\/strong>.<\/p>\n\n\n\n<p>Entre sus principales aportes se destacan:<\/p>\n\n\n\n<ul class=\"wp-block-list\">\n<li>Un marco conceptual actualizado sobre la GC y su ciclo de vida.<\/li>\n\n\n\n<li>El rol de las distintas inteligencias (emocional, organizacional, competitiva y artificial) en la gesti\u00f3n del conocimiento.<\/li>\n\n\n\n<li>Aplicaciones reales y desaf\u00edos tecnol\u00f3gicos, humanos y culturales en su implementaci\u00f3n.<\/li>\n\n\n\n<li>Tendencias emergentes que est\u00e1n redefiniendo sus alcances, como la IA generativa y los KXP (plataformas de experiencia de conocimiento).<\/li>\n\n\n\n<li>Beneficios concretos para la toma de decisiones, la productividad, la innovaci\u00f3n continua y la retenci\u00f3n del conocimiento cr\u00edtico.<\/li>\n<\/ul>\n\n\n\n<p>El art\u00edculo concluye que <strong>la Gesti\u00f3n del Conocimiento es hoy una funci\u00f3n estrat\u00e9gica transversal<\/strong> que fortalece la resiliencia, acelera el aprendizaje organizativo y genera ventajas competitivas sostenibles. Su adopci\u00f3n no solo mejora el rendimiento operativo, sino que tambi\u00e9n prepara a las organizaciones para anticipar cambios, adaptarse con agilidad y mantenerse relevantes en la econom\u00eda del conocimiento.<\/p>\n\n\n\n<p>Descarga el art\u00edculo completo a continuaci\u00f3n para explorar en profundidad los conceptos, metodolog\u00edas y casos de uso propuestos.<\/p>\n\n\n\n<div data-wp-interactive=\"core\/file\" class=\"wp-block-file aligncenter\"><object data-wp-bind--hidden=\"!state.hasPdfPreview\" hidden class=\"wp-block-file__embed\" data=\"https:\/\/www.inteligenia.info\/wp-content\/uploads\/2025\/07\/250724-Gestion-del-Conocimiento-como-Activo-Estrategico-en-la-Era-Digital-2.pdf\" type=\"application\/pdf\" style=\"width:100%;height:600px\" aria-label=\"Incrustado de 250724 - Gesti\u00f3n del Conocimiento como Activo Estrat\u00e9gico en la Era Digital.\"><\/object><a id=\"wp-block-file--media-0a01cce0-a6d1-4815-8cbd-d775008e6073\" href=\"https:\/\/www.inteligenia.info\/wp-content\/uploads\/2025\/07\/250724-Gestion-del-Conocimiento-como-Activo-Estrategico-en-la-Era-Digital-2.pdf\">250724 &#8211; Gesti\u00f3n del Conocimiento como Activo Estrat\u00e9gico en la Era Digital<\/a><a href=\"https:\/\/www.inteligenia.info\/wp-content\/uploads\/2025\/07\/250724-Gestion-del-Conocimiento-como-Activo-Estrategico-en-la-Era-Digital-2.pdf\" class=\"wp-block-file__button wp-element-button\" download aria-describedby=\"wp-block-file--media-0a01cce0-a6d1-4815-8cbd-d775008e6073\">Descarga<\/a><\/div>\n","protected":false},"excerpt":{"rendered":"<p>En la actualidad, marcada por la aceleraci\u00f3n tecnol\u00f3gica, la complejidad del entorno competitivo y la abundancia de datos, la Gesti\u00f3n del Conocimiento (GC) ha dejado de ser un proceso auxiliar para convertirse en un activo estrat\u00e9gico esencial. Este art\u00edculo \u2014escrito por \u00c1lvaro Serrano, Director de INTELIGENIA\u2014 ofrece un an\u00e1lisis integral de c\u00f3mo la GC impulsa [&hellip;]<\/p>\n","protected":false},"author":1,"featured_media":1133,"comment_status":"open","ping_status":"open","sticky":false,"template":"","format":"standard","meta":{"saved_in_kubio":false,"footnotes":""},"categories":[13,20,21],"tags":[],"class_list":["post-1131","post","type-post","status-publish","format-standard","has-post-thumbnail","hentry","category-articulos","category-inteligencia","category-tecnologia"],"yoast_head":"<!-- This site is optimized with the Yoast SEO plugin v27.0 - https:\/\/yoast.com\/product\/yoast-seo-wordpress\/ -->\n<title>Gesti\u00f3n del Conocimiento como Activo Estrat\u00e9gico en la Era Digital - Inteligenia<\/title>\n<meta name=\"robots\" content=\"index, follow, max-snippet:-1, max-image-preview:large, max-video-preview:-1\" \/>\n<link rel=\"canonical\" href=\"https:\/\/www.inteligenia.info\/home\/gestion-del-conocimiento-como-activo-estrategico-en-la-era-digital\/\" \/>\n<meta property=\"og:locale\" content=\"es_ES\" \/>\n<meta property=\"og:type\" content=\"article\" \/>\n<meta property=\"og:title\" content=\"Gesti\u00f3n del Conocimiento como Activo Estrat\u00e9gico en la Era Digital - Inteligenia\" \/>\n<meta property=\"og:description\" content=\"En la actualidad, marcada por la aceleraci\u00f3n tecnol\u00f3gica, la complejidad del entorno competitivo y la abundancia de datos, la Gesti\u00f3n del Conocimiento (GC) ha dejado de ser un proceso auxiliar para convertirse en un activo estrat\u00e9gico esencial. Este art\u00edculo \u2014escrito por \u00c1lvaro Serrano, Director de INTELIGENIA\u2014 ofrece un an\u00e1lisis integral de c\u00f3mo la GC impulsa [&hellip;]\" \/>\n<meta property=\"og:url\" content=\"https:\/\/www.inteligenia.info\/home\/gestion-del-conocimiento-como-activo-estrategico-en-la-era-digital\/\" \/>\n<meta property=\"og:site_name\" content=\"Inteligenia\" \/>\n<meta property=\"article:published_time\" content=\"2025-07-24T10:20:58+00:00\" \/>\n<meta property=\"article:modified_time\" content=\"2025-07-27T09:24:11+00:00\" \/>\n<meta property=\"og:image\" content=\"https:\/\/www.inteligenia.info\/wp-content\/uploads\/2025\/07\/ChatGPT-Image-24-jul-2025-12_11_58-1.png\" \/>\n\t<meta property=\"og:image:width\" content=\"1024\" \/>\n\t<meta property=\"og:image:height\" content=\"924\" \/>\n\t<meta property=\"og:image:type\" content=\"image\/png\" \/>\n<meta name=\"author\" content=\"admin\" \/>\n<meta name=\"twitter:card\" content=\"summary_large_image\" \/>\n<meta name=\"twitter:creator\" content=\"@INTELIGENIA_\" \/>\n<meta name=\"twitter:site\" content=\"@INTELIGENIA_\" \/>\n<meta name=\"twitter:label1\" content=\"Escrito por\" \/>\n\t<meta name=\"twitter:data1\" content=\"admin\" \/>\n\t<meta name=\"twitter:label2\" content=\"Tiempo de lectura\" \/>\n\t<meta name=\"twitter:data2\" content=\"2 minutos\" \/>\n<script type=\"application\/ld+json\" class=\"yoast-schema-graph\">{\"@context\":\"https:\/\/schema.org\",\"@graph\":[{\"@type\":\"Article\",\"@id\":\"https:\/\/www.inteligenia.info\/home\/gestion-del-conocimiento-como-activo-estrategico-en-la-era-digital\/#article\",\"isPartOf\":{\"@id\":\"https:\/\/www.inteligenia.info\/home\/gestion-del-conocimiento-como-activo-estrategico-en-la-era-digital\/\"},\"author\":{\"name\":\"admin\",\"@id\":\"https:\/\/www.inteligenia.info\/home\/#\/schema\/person\/1bf90ee63c207f611a224f9c17dbf031\"},\"headline\":\"Gesti\u00f3n del Conocimiento como Activo Estrat\u00e9gico en la Era Digital\",\"datePublished\":\"2025-07-24T10:20:58+00:00\",\"dateModified\":\"2025-07-27T09:24:11+00:00\",\"mainEntityOfPage\":{\"@id\":\"https:\/\/www.inteligenia.info\/home\/gestion-del-conocimiento-como-activo-estrategico-en-la-era-digital\/\"},\"wordCount\":351,\"commentCount\":1,\"publisher\":{\"@id\":\"https:\/\/www.inteligenia.info\/home\/#organization\"},\"image\":{\"@id\":\"https:\/\/www.inteligenia.info\/home\/gestion-del-conocimiento-como-activo-estrategico-en-la-era-digital\/#primaryimage\"},\"thumbnailUrl\":\"https:\/\/www.inteligenia.info\/wp-content\/uploads\/2025\/07\/ChatGPT-Image-24-jul-2025-12_11_58-1.png\",\"articleSection\":[\"Art\u00edculos\",\"Inteligencia\",\"Tecnolog\u00eda\"],\"inLanguage\":\"es\",\"potentialAction\":[{\"@type\":\"CommentAction\",\"name\":\"Comment\",\"target\":[\"https:\/\/www.inteligenia.info\/home\/gestion-del-conocimiento-como-activo-estrategico-en-la-era-digital\/#respond\"]}]},{\"@type\":\"WebPage\",\"@id\":\"https:\/\/www.inteligenia.info\/home\/gestion-del-conocimiento-como-activo-estrategico-en-la-era-digital\/\",\"url\":\"https:\/\/www.inteligenia.info\/home\/gestion-del-conocimiento-como-activo-estrategico-en-la-era-digital\/\",\"name\":\"Gesti\u00f3n del Conocimiento como Activo Estrat\u00e9gico en la Era Digital - Inteligenia\",\"isPartOf\":{\"@id\":\"https:\/\/www.inteligenia.info\/home\/#website\"},\"primaryImageOfPage\":{\"@id\":\"https:\/\/www.inteligenia.info\/home\/gestion-del-conocimiento-como-activo-estrategico-en-la-era-digital\/#primaryimage\"},\"image\":{\"@id\":\"https:\/\/www.inteligenia.info\/home\/gestion-del-conocimiento-como-activo-estrategico-en-la-era-digital\/#primaryimage\"},\"thumbnailUrl\":\"https:\/\/www.inteligenia.info\/wp-content\/uploads\/2025\/07\/ChatGPT-Image-24-jul-2025-12_11_58-1.png\",\"datePublished\":\"2025-07-24T10:20:58+00:00\",\"dateModified\":\"2025-07-27T09:24:11+00:00\",\"breadcrumb\":{\"@id\":\"https:\/\/www.inteligenia.info\/home\/gestion-del-conocimiento-como-activo-estrategico-en-la-era-digital\/#breadcrumb\"},\"inLanguage\":\"es\",\"potentialAction\":[{\"@type\":\"ReadAction\",\"target\":[\"https:\/\/www.inteligenia.info\/home\/gestion-del-conocimiento-como-activo-estrategico-en-la-era-digital\/\"]}]},{\"@type\":\"ImageObject\",\"inLanguage\":\"es\",\"@id\":\"https:\/\/www.inteligenia.info\/home\/gestion-del-conocimiento-como-activo-estrategico-en-la-era-digital\/#primaryimage\",\"url\":\"https:\/\/www.inteligenia.info\/wp-content\/uploads\/2025\/07\/ChatGPT-Image-24-jul-2025-12_11_58-1.png\",\"contentUrl\":\"https:\/\/www.inteligenia.info\/wp-content\/uploads\/2025\/07\/ChatGPT-Image-24-jul-2025-12_11_58-1.png\",\"width\":1024,\"height\":924},{\"@type\":\"BreadcrumbList\",\"@id\":\"https:\/\/www.inteligenia.info\/home\/gestion-del-conocimiento-como-activo-estrategico-en-la-era-digital\/#breadcrumb\",\"itemListElement\":[{\"@type\":\"ListItem\",\"position\":1,\"name\":\"Portada\",\"item\":\"https:\/\/www.inteligenia.info\/home\/\"},{\"@type\":\"ListItem\",\"position\":2,\"name\":\"Gesti\u00f3n del Conocimiento como Activo Estrat\u00e9gico en la Era Digital\"}]},{\"@type\":\"WebSite\",\"@id\":\"https:\/\/www.inteligenia.info\/home\/#website\",\"url\":\"https:\/\/www.inteligenia.info\/home\/\",\"name\":\"Inteligenia\",\"description\":\"\",\"publisher\":{\"@id\":\"https:\/\/www.inteligenia.info\/home\/#organization\"},\"potentialAction\":[{\"@type\":\"SearchAction\",\"target\":{\"@type\":\"EntryPoint\",\"urlTemplate\":\"https:\/\/www.inteligenia.info\/home\/?s={search_term_string}\"},\"query-input\":{\"@type\":\"PropertyValueSpecification\",\"valueRequired\":true,\"valueName\":\"search_term_string\"}}],\"inLanguage\":\"es\"},{\"@type\":\"Organization\",\"@id\":\"https:\/\/www.inteligenia.info\/home\/#organization\",\"name\":\"Inteligenia\",\"url\":\"https:\/\/www.inteligenia.info\/home\/\",\"logo\":{\"@type\":\"ImageObject\",\"inLanguage\":\"es\",\"@id\":\"https:\/\/www.inteligenia.info\/home\/#\/schema\/logo\/image\/\",\"url\":\"https:\/\/www.inteligenia.info\/wp-content\/uploads\/2024\/06\/transparent_logo-1-e1718047668142.png\",\"contentUrl\":\"https:\/\/www.inteligenia.info\/wp-content\/uploads\/2024\/06\/transparent_logo-1-e1718047668142.png\",\"width\":674,\"height\":141,\"caption\":\"Inteligenia\"},\"image\":{\"@id\":\"https:\/\/www.inteligenia.info\/home\/#\/schema\/logo\/image\/\"},\"sameAs\":[\"https:\/\/x.com\/INTELIGENIA_\",\"https:\/\/www.linkedin.com\/company\/inteligenia\/?viewAsMember=true\"]},{\"@type\":\"Person\",\"@id\":\"https:\/\/www.inteligenia.info\/home\/#\/schema\/person\/1bf90ee63c207f611a224f9c17dbf031\",\"name\":\"admin\",\"image\":{\"@type\":\"ImageObject\",\"inLanguage\":\"es\",\"@id\":\"https:\/\/www.inteligenia.info\/home\/#\/schema\/person\/image\/\",\"url\":\"https:\/\/secure.gravatar.com\/avatar\/ed712be762908ac190eb3beb8cf9efb0dc9c425bd7b69d40ba8746efca2909c6?s=96&d=mm&r=g\",\"contentUrl\":\"https:\/\/secure.gravatar.com\/avatar\/ed712be762908ac190eb3beb8cf9efb0dc9c425bd7b69d40ba8746efca2909c6?s=96&d=mm&r=g\",\"caption\":\"admin\"},\"sameAs\":[\"http:\/\/www.inteligenia.info\"],\"url\":\"https:\/\/www.inteligenia.info\/home\/author\/admin\/\"}]}<\/script>\n<!-- \/ Yoast SEO plugin. -->","yoast_head_json":{"title":"Gesti\u00f3n del Conocimiento como Activo Estrat\u00e9gico en la Era Digital - Inteligenia","robots":{"index":"index","follow":"follow","max-snippet":"max-snippet:-1","max-image-preview":"max-image-preview:large","max-video-preview":"max-video-preview:-1"},"canonical":"https:\/\/www.inteligenia.info\/home\/gestion-del-conocimiento-como-activo-estrategico-en-la-era-digital\/","og_locale":"es_ES","og_type":"article","og_title":"Gesti\u00f3n del Conocimiento como Activo Estrat\u00e9gico en la Era Digital - Inteligenia","og_description":"En la actualidad, marcada por la aceleraci\u00f3n tecnol\u00f3gica, la complejidad del entorno competitivo y la abundancia de datos, la Gesti\u00f3n del Conocimiento (GC) ha dejado de ser un proceso auxiliar para convertirse en un activo estrat\u00e9gico esencial. Este art\u00edculo \u2014escrito por \u00c1lvaro Serrano, Director de INTELIGENIA\u2014 ofrece un an\u00e1lisis integral de c\u00f3mo la GC impulsa [&hellip;]","og_url":"https:\/\/www.inteligenia.info\/home\/gestion-del-conocimiento-como-activo-estrategico-en-la-era-digital\/","og_site_name":"Inteligenia","article_published_time":"2025-07-24T10:20:58+00:00","article_modified_time":"2025-07-27T09:24:11+00:00","og_image":[{"width":1024,"height":924,"url":"https:\/\/www.inteligenia.info\/wp-content\/uploads\/2025\/07\/ChatGPT-Image-24-jul-2025-12_11_58-1.png","type":"image\/png"}],"author":"admin","twitter_card":"summary_large_image","twitter_creator":"@INTELIGENIA_","twitter_site":"@INTELIGENIA_","twitter_misc":{"Escrito por":"admin","Tiempo de lectura":"2 minutos"},"schema":{"@context":"https:\/\/schema.org","@graph":[{"@type":"Article","@id":"https:\/\/www.inteligenia.info\/home\/gestion-del-conocimiento-como-activo-estrategico-en-la-era-digital\/#article","isPartOf":{"@id":"https:\/\/www.inteligenia.info\/home\/gestion-del-conocimiento-como-activo-estrategico-en-la-era-digital\/"},"author":{"name":"admin","@id":"https:\/\/www.inteligenia.info\/home\/#\/schema\/person\/1bf90ee63c207f611a224f9c17dbf031"},"headline":"Gesti\u00f3n del Conocimiento como Activo Estrat\u00e9gico en la Era Digital","datePublished":"2025-07-24T10:20:58+00:00","dateModified":"2025-07-27T09:24:11+00:00","mainEntityOfPage":{"@id":"https:\/\/www.inteligenia.info\/home\/gestion-del-conocimiento-como-activo-estrategico-en-la-era-digital\/"},"wordCount":351,"commentCount":1,"publisher":{"@id":"https:\/\/www.inteligenia.info\/home\/#organization"},"image":{"@id":"https:\/\/www.inteligenia.info\/home\/gestion-del-conocimiento-como-activo-estrategico-en-la-era-digital\/#primaryimage"},"thumbnailUrl":"https:\/\/www.inteligenia.info\/wp-content\/uploads\/2025\/07\/ChatGPT-Image-24-jul-2025-12_11_58-1.png","articleSection":["Art\u00edculos","Inteligencia","Tecnolog\u00eda"],"inLanguage":"es","potentialAction":[{"@type":"CommentAction","name":"Comment","target":["https:\/\/www.inteligenia.info\/home\/gestion-del-conocimiento-como-activo-estrategico-en-la-era-digital\/#respond"]}]},{"@type":"WebPage","@id":"https:\/\/www.inteligenia.info\/home\/gestion-del-conocimiento-como-activo-estrategico-en-la-era-digital\/","url":"https:\/\/www.inteligenia.info\/home\/gestion-del-conocimiento-como-activo-estrategico-en-la-era-digital\/","name":"Gesti\u00f3n del Conocimiento como Activo Estrat\u00e9gico en la Era Digital - Inteligenia","isPartOf":{"@id":"https:\/\/www.inteligenia.info\/home\/#website"},"primaryImageOfPage":{"@id":"https:\/\/www.inteligenia.info\/home\/gestion-del-conocimiento-como-activo-estrategico-en-la-era-digital\/#primaryimage"},"image":{"@id":"https:\/\/www.inteligenia.info\/home\/gestion-del-conocimiento-como-activo-estrategico-en-la-era-digital\/#primaryimage"},"thumbnailUrl":"https:\/\/www.inteligenia.info\/wp-content\/uploads\/2025\/07\/ChatGPT-Image-24-jul-2025-12_11_58-1.png","datePublished":"2025-07-24T10:20:58+00:00","dateModified":"2025-07-27T09:24:11+00:00","breadcrumb":{"@id":"https:\/\/www.inteligenia.info\/home\/gestion-del-conocimiento-como-activo-estrategico-en-la-era-digital\/#breadcrumb"},"inLanguage":"es","potentialAction":[{"@type":"ReadAction","target":["https:\/\/www.inteligenia.info\/home\/gestion-del-conocimiento-como-activo-estrategico-en-la-era-digital\/"]}]},{"@type":"ImageObject","inLanguage":"es","@id":"https:\/\/www.inteligenia.info\/home\/gestion-del-conocimiento-como-activo-estrategico-en-la-era-digital\/#primaryimage","url":"https:\/\/www.inteligenia.info\/wp-content\/uploads\/2025\/07\/ChatGPT-Image-24-jul-2025-12_11_58-1.png","contentUrl":"https:\/\/www.inteligenia.info\/wp-content\/uploads\/2025\/07\/ChatGPT-Image-24-jul-2025-12_11_58-1.png","width":1024,"height":924},{"@type":"BreadcrumbList","@id":"https:\/\/www.inteligenia.info\/home\/gestion-del-conocimiento-como-activo-estrategico-en-la-era-digital\/#breadcrumb","itemListElement":[{"@type":"ListItem","position":1,"name":"Portada","item":"https:\/\/www.inteligenia.info\/home\/"},{"@type":"ListItem","position":2,"name":"Gesti\u00f3n del Conocimiento como Activo Estrat\u00e9gico en la Era Digital"}]},{"@type":"WebSite","@id":"https:\/\/www.inteligenia.info\/home\/#website","url":"https:\/\/www.inteligenia.info\/home\/","name":"Inteligenia","description":"","publisher":{"@id":"https:\/\/www.inteligenia.info\/home\/#organization"},"potentialAction":[{"@type":"SearchAction","target":{"@type":"EntryPoint","urlTemplate":"https:\/\/www.inteligenia.info\/home\/?s={search_term_string}"},"query-input":{"@type":"PropertyValueSpecification","valueRequired":true,"valueName":"search_term_string"}}],"inLanguage":"es"},{"@type":"Organization","@id":"https:\/\/www.inteligenia.info\/home\/#organization","name":"Inteligenia","url":"https:\/\/www.inteligenia.info\/home\/","logo":{"@type":"ImageObject","inLanguage":"es","@id":"https:\/\/www.inteligenia.info\/home\/#\/schema\/logo\/image\/","url":"https:\/\/www.inteligenia.info\/wp-content\/uploads\/2024\/06\/transparent_logo-1-e1718047668142.png","contentUrl":"https:\/\/www.inteligenia.info\/wp-content\/uploads\/2024\/06\/transparent_logo-1-e1718047668142.png","width":674,"height":141,"caption":"Inteligenia"},"image":{"@id":"https:\/\/www.inteligenia.info\/home\/#\/schema\/logo\/image\/"},"sameAs":["https:\/\/x.com\/INTELIGENIA_","https:\/\/www.linkedin.com\/company\/inteligenia\/?viewAsMember=true"]},{"@type":"Person","@id":"https:\/\/www.inteligenia.info\/home\/#\/schema\/person\/1bf90ee63c207f611a224f9c17dbf031","name":"admin","image":{"@type":"ImageObject","inLanguage":"es","@id":"https:\/\/www.inteligenia.info\/home\/#\/schema\/person\/image\/","url":"https:\/\/secure.gravatar.com\/avatar\/ed712be762908ac190eb3beb8cf9efb0dc9c425bd7b69d40ba8746efca2909c6?s=96&d=mm&r=g","contentUrl":"https:\/\/secure.gravatar.com\/avatar\/ed712be762908ac190eb3beb8cf9efb0dc9c425bd7b69d40ba8746efca2909c6?s=96&d=mm&r=g","caption":"admin"},"sameAs":["http:\/\/www.inteligenia.info"],"url":"https:\/\/www.inteligenia.info\/home\/author\/admin\/"}]}},"_links":{"self":[{"href":"https:\/\/www.inteligenia.info\/home\/wp-json\/wp\/v2\/posts\/1131","targetHints":{"allow":["GET"]}}],"collection":[{"href":"https:\/\/www.inteligenia.info\/home\/wp-json\/wp\/v2\/posts"}],"about":[{"href":"https:\/\/www.inteligenia.info\/home\/wp-json\/wp\/v2\/types\/post"}],"author":[{"embeddable":true,"href":"https:\/\/www.inteligenia.info\/home\/wp-json\/wp\/v2\/users\/1"}],"replies":[{"embeddable":true,"href":"https:\/\/www.inteligenia.info\/home\/wp-json\/wp\/v2\/comments?post=1131"}],"version-history":[{"count":3,"href":"https:\/\/www.inteligenia.info\/home\/wp-json\/wp\/v2\/posts\/1131\/revisions"}],"predecessor-version":[{"id":1141,"href":"https:\/\/www.inteligenia.info\/home\/wp-json\/wp\/v2\/posts\/1131\/revisions\/1141"}],"wp:featuredmedia":[{"embeddable":true,"href":"https:\/\/www.inteligenia.info\/home\/wp-json\/wp\/v2\/media\/1133"}],"wp:attachment":[{"href":"https:\/\/www.inteligenia.info\/home\/wp-json\/wp\/v2\/media?parent=1131"}],"wp:term":[{"taxonomy":"category","embeddable":true,"href":"https:\/\/www.inteligenia.info\/home\/wp-json\/wp\/v2\/categories?post=1131"},{"taxonomy":"post_tag","embeddable":true,"href":"https:\/\/www.inteligenia.info\/home\/wp-json\/wp\/v2\/tags?post=1131"}],"curies":[{"name":"wp","href":"https:\/\/api.w.org\/{rel}","templated":true}]}}