{"id":1144,"date":"2025-07-31T10:50:02","date_gmt":"2025-07-31T10:50:02","guid":{"rendered":"https:\/\/www.inteligenia.info\/?p=1144"},"modified":"2025-07-31T10:50:02","modified_gmt":"2025-07-31T10:50:02","slug":"nuevas-vacantes-para-nuestro-programa-de-practicas-en-unidades-de-inteligencia","status":"publish","type":"post","link":"https:\/\/www.inteligenia.info\/home\/nuevas-vacantes-para-nuestro-programa-de-practicas-en-unidades-de-inteligencia\/","title":{"rendered":"Nuevas vacantes para nuestro programa de pr\u00e1cticas en Unidades de Inteligencia"},"content":{"rendered":"\n<p>Nos complace anunciar la apertura de una o dos vacantes para incorporarse a nuestro programa de pr\u00e1cticas en las Unidades de Inteligencia. Estas pr\u00e1cticas comenzar\u00e1n el pr\u00f3ximo 1 de septiembre y se desarrollar\u00e1n en modalidad h\u00edbrida u online, seg\u00fan las circunstancias del candidato y las necesidades del equipo.<\/p>\n\n\n\n<p><strong>\u00bfA qui\u00e9n va dirigido este programa?<\/strong><\/p>\n\n\n\n<p>Estamos en b\u00fasqueda de estudiantes que se encuentren actualmente en periodo formativo o que cuenten con la autorizaci\u00f3n de su instituci\u00f3n educativa para realizar pr\u00e1cticas extracurriculares. Es imprescindible que los candidatos puedan formalizar un convenio de pr\u00e1cticas con nosotros, ya sea mediante un acuerdo ya existente entre nuestra entidad y su universidad o centro de estudios, o permitiendo la firma de un nuevo convenio.<\/p>\n\n\n\n<p>El perfil que buscamos est\u00e1 orientado a personas con un marcado inter\u00e9s profesional en los \u00e1mbitos de la inteligencia, la geopol\u00edtica, la defensa, la seguridad o el an\u00e1lisis estrat\u00e9gico. Se valorar\u00e1 especialmente el compromiso, la capacidad de aprendizaje y la motivaci\u00f3n por desarrollarse en sectores tan exigentes como apasionantes.<\/p>\n\n\n\n<p>Aunque las pr\u00e1cticas se realizar\u00e1n en modalidad h\u00edbrida o remota, se dar\u00e1 preferencia a candidatos que residan en Madrid o que puedan desplazarse puntualmente a la ciudad para determinadas actividades presenciales.<\/p>\n\n\n\n<p><strong>Plazo y forma de presentaci\u00f3n de candidaturas<\/strong><\/p>\n\n\n\n<p>La fecha l\u00edmite para el env\u00edo de candidaturas es el 10 de agosto. Si est\u00e1s interesado en formar parte de este programa, te invitamos a enviar tu curr\u00edculum vitae a la direcci\u00f3n de correo electr\u00f3nico: <a>practicas@inteligenia.info<\/a>. En el asunto del correo debes indicar: \u00abPr\u00e1cticas Unidades de Inteligencia\u00bb.<\/p>\n\n\n\n<p>Esta es una excelente oportunidad para adentrarse en el mundo de la inteligencia y dar los primeros pasos hacia una carrera profesional en uno de los sectores m\u00e1s estrat\u00e9gicos y din\u00e1micos de la actualidad.<\/p>\n\n\n\n<p>Esperamos tu candidatura.<\/p>\n","protected":false},"excerpt":{"rendered":"<p>Nos complace anunciar la apertura de una o dos vacantes para incorporarse a nuestro programa de pr\u00e1cticas en las Unidades de Inteligencia. Estas pr\u00e1cticas comenzar\u00e1n el pr\u00f3ximo 1 de septiembre y se desarrollar\u00e1n en modalidad h\u00edbrida u online, seg\u00fan las circunstancias del candidato y las necesidades del equipo. \u00bfA qui\u00e9n va dirigido este programa? Estamos [&hellip;]<\/p>\n","protected":false},"author":1,"featured_media":1145,"comment_status":"open","ping_status":"open","sticky":false,"template":"","format":"standard","meta":{"saved_in_kubio":false,"footnotes":""},"categories":[12],"tags":[],"class_list":["post-1144","post","type-post","status-publish","format-standard","has-post-thumbnail","hentry","category-noticias"],"yoast_head":"<!-- This site is optimized with the Yoast SEO plugin v27.0 - https:\/\/yoast.com\/product\/yoast-seo-wordpress\/ -->\n<title>Nuevas vacantes para nuestro programa de pr\u00e1cticas en Unidades de Inteligencia - Inteligenia<\/title>\n<meta name=\"robots\" content=\"index, follow, max-snippet:-1, max-image-preview:large, max-video-preview:-1\" \/>\n<link rel=\"canonical\" href=\"https:\/\/www.inteligenia.info\/home\/nuevas-vacantes-para-nuestro-programa-de-practicas-en-unidades-de-inteligencia\/\" \/>\n<meta property=\"og:locale\" content=\"es_ES\" \/>\n<meta property=\"og:type\" content=\"article\" \/>\n<meta property=\"og:title\" content=\"Nuevas vacantes para nuestro programa de pr\u00e1cticas en Unidades de Inteligencia - Inteligenia\" \/>\n<meta property=\"og:description\" content=\"Nos complace anunciar la apertura de una o dos vacantes para incorporarse a nuestro programa de pr\u00e1cticas en las Unidades de Inteligencia. Estas pr\u00e1cticas comenzar\u00e1n el pr\u00f3ximo 1 de septiembre y se desarrollar\u00e1n en modalidad h\u00edbrida u online, seg\u00fan las circunstancias del candidato y las necesidades del equipo. \u00bfA qui\u00e9n va dirigido este programa? Estamos [&hellip;]\" \/>\n<meta property=\"og:url\" content=\"https:\/\/www.inteligenia.info\/home\/nuevas-vacantes-para-nuestro-programa-de-practicas-en-unidades-de-inteligencia\/\" \/>\n<meta property=\"og:site_name\" content=\"Inteligenia\" \/>\n<meta property=\"article:published_time\" content=\"2025-07-31T10:50:02+00:00\" \/>\n<meta property=\"og:image\" content=\"https:\/\/www.inteligenia.info\/wp-content\/uploads\/2025\/07\/Captura.png\" \/>\n\t<meta property=\"og:image:width\" content=\"1501\" \/>\n\t<meta property=\"og:image:height\" content=\"843\" \/>\n\t<meta property=\"og:image:type\" content=\"image\/png\" \/>\n<meta name=\"author\" content=\"admin\" \/>\n<meta name=\"twitter:card\" content=\"summary_large_image\" \/>\n<meta name=\"twitter:creator\" content=\"@INTELIGENIA_\" \/>\n<meta name=\"twitter:site\" content=\"@INTELIGENIA_\" \/>\n<meta name=\"twitter:label1\" content=\"Escrito por\" \/>\n\t<meta name=\"twitter:data1\" content=\"admin\" \/>\n\t<meta name=\"twitter:label2\" content=\"Tiempo de lectura\" \/>\n\t<meta name=\"twitter:data2\" content=\"2 minutos\" \/>\n<script type=\"application\/ld+json\" class=\"yoast-schema-graph\">{\"@context\":\"https:\/\/schema.org\",\"@graph\":[{\"@type\":\"Article\",\"@id\":\"https:\/\/www.inteligenia.info\/home\/nuevas-vacantes-para-nuestro-programa-de-practicas-en-unidades-de-inteligencia\/#article\",\"isPartOf\":{\"@id\":\"https:\/\/www.inteligenia.info\/home\/nuevas-vacantes-para-nuestro-programa-de-practicas-en-unidades-de-inteligencia\/\"},\"author\":{\"name\":\"admin\",\"@id\":\"https:\/\/www.inteligenia.info\/home\/#\/schema\/person\/1bf90ee63c207f611a224f9c17dbf031\"},\"headline\":\"Nuevas vacantes para nuestro programa de pr\u00e1cticas en Unidades de Inteligencia\",\"datePublished\":\"2025-07-31T10:50:02+00:00\",\"mainEntityOfPage\":{\"@id\":\"https:\/\/www.inteligenia.info\/home\/nuevas-vacantes-para-nuestro-programa-de-practicas-en-unidades-de-inteligencia\/\"},\"wordCount\":333,\"commentCount\":0,\"publisher\":{\"@id\":\"https:\/\/www.inteligenia.info\/home\/#organization\"},\"image\":{\"@id\":\"https:\/\/www.inteligenia.info\/home\/nuevas-vacantes-para-nuestro-programa-de-practicas-en-unidades-de-inteligencia\/#primaryimage\"},\"thumbnailUrl\":\"https:\/\/www.inteligenia.info\/wp-content\/uploads\/2025\/07\/Captura.png\",\"articleSection\":[\"Noticias\"],\"inLanguage\":\"es\",\"potentialAction\":[{\"@type\":\"CommentAction\",\"name\":\"Comment\",\"target\":[\"https:\/\/www.inteligenia.info\/home\/nuevas-vacantes-para-nuestro-programa-de-practicas-en-unidades-de-inteligencia\/#respond\"]}]},{\"@type\":\"WebPage\",\"@id\":\"https:\/\/www.inteligenia.info\/home\/nuevas-vacantes-para-nuestro-programa-de-practicas-en-unidades-de-inteligencia\/\",\"url\":\"https:\/\/www.inteligenia.info\/home\/nuevas-vacantes-para-nuestro-programa-de-practicas-en-unidades-de-inteligencia\/\",\"name\":\"Nuevas vacantes para nuestro programa de pr\u00e1cticas en Unidades de Inteligencia - Inteligenia\",\"isPartOf\":{\"@id\":\"https:\/\/www.inteligenia.info\/home\/#website\"},\"primaryImageOfPage\":{\"@id\":\"https:\/\/www.inteligenia.info\/home\/nuevas-vacantes-para-nuestro-programa-de-practicas-en-unidades-de-inteligencia\/#primaryimage\"},\"image\":{\"@id\":\"https:\/\/www.inteligenia.info\/home\/nuevas-vacantes-para-nuestro-programa-de-practicas-en-unidades-de-inteligencia\/#primaryimage\"},\"thumbnailUrl\":\"https:\/\/www.inteligenia.info\/wp-content\/uploads\/2025\/07\/Captura.png\",\"datePublished\":\"2025-07-31T10:50:02+00:00\",\"breadcrumb\":{\"@id\":\"https:\/\/www.inteligenia.info\/home\/nuevas-vacantes-para-nuestro-programa-de-practicas-en-unidades-de-inteligencia\/#breadcrumb\"},\"inLanguage\":\"es\",\"potentialAction\":[{\"@type\":\"ReadAction\",\"target\":[\"https:\/\/www.inteligenia.info\/home\/nuevas-vacantes-para-nuestro-programa-de-practicas-en-unidades-de-inteligencia\/\"]}]},{\"@type\":\"ImageObject\",\"inLanguage\":\"es\",\"@id\":\"https:\/\/www.inteligenia.info\/home\/nuevas-vacantes-para-nuestro-programa-de-practicas-en-unidades-de-inteligencia\/#primaryimage\",\"url\":\"https:\/\/www.inteligenia.info\/wp-content\/uploads\/2025\/07\/Captura.png\",\"contentUrl\":\"https:\/\/www.inteligenia.info\/wp-content\/uploads\/2025\/07\/Captura.png\",\"width\":1501,\"height\":843},{\"@type\":\"BreadcrumbList\",\"@id\":\"https:\/\/www.inteligenia.info\/home\/nuevas-vacantes-para-nuestro-programa-de-practicas-en-unidades-de-inteligencia\/#breadcrumb\",\"itemListElement\":[{\"@type\":\"ListItem\",\"position\":1,\"name\":\"Portada\",\"item\":\"https:\/\/www.inteligenia.info\/home\/\"},{\"@type\":\"ListItem\",\"position\":2,\"name\":\"Nuevas vacantes para nuestro programa de pr\u00e1cticas en Unidades de Inteligencia\"}]},{\"@type\":\"WebSite\",\"@id\":\"https:\/\/www.inteligenia.info\/home\/#website\",\"url\":\"https:\/\/www.inteligenia.info\/home\/\",\"name\":\"Inteligenia\",\"description\":\"\",\"publisher\":{\"@id\":\"https:\/\/www.inteligenia.info\/home\/#organization\"},\"potentialAction\":[{\"@type\":\"SearchAction\",\"target\":{\"@type\":\"EntryPoint\",\"urlTemplate\":\"https:\/\/www.inteligenia.info\/home\/?s={search_term_string}\"},\"query-input\":{\"@type\":\"PropertyValueSpecification\",\"valueRequired\":true,\"valueName\":\"search_term_string\"}}],\"inLanguage\":\"es\"},{\"@type\":\"Organization\",\"@id\":\"https:\/\/www.inteligenia.info\/home\/#organization\",\"name\":\"Inteligenia\",\"url\":\"https:\/\/www.inteligenia.info\/home\/\",\"logo\":{\"@type\":\"ImageObject\",\"inLanguage\":\"es\",\"@id\":\"https:\/\/www.inteligenia.info\/home\/#\/schema\/logo\/image\/\",\"url\":\"https:\/\/www.inteligenia.info\/wp-content\/uploads\/2024\/06\/transparent_logo-1-e1718047668142.png\",\"contentUrl\":\"https:\/\/www.inteligenia.info\/wp-content\/uploads\/2024\/06\/transparent_logo-1-e1718047668142.png\",\"width\":674,\"height\":141,\"caption\":\"Inteligenia\"},\"image\":{\"@id\":\"https:\/\/www.inteligenia.info\/home\/#\/schema\/logo\/image\/\"},\"sameAs\":[\"https:\/\/x.com\/INTELIGENIA_\",\"https:\/\/www.linkedin.com\/company\/inteligenia\/?viewAsMember=true\"]},{\"@type\":\"Person\",\"@id\":\"https:\/\/www.inteligenia.info\/home\/#\/schema\/person\/1bf90ee63c207f611a224f9c17dbf031\",\"name\":\"admin\",\"image\":{\"@type\":\"ImageObject\",\"inLanguage\":\"es\",\"@id\":\"https:\/\/www.inteligenia.info\/home\/#\/schema\/person\/image\/\",\"url\":\"https:\/\/secure.gravatar.com\/avatar\/ed712be762908ac190eb3beb8cf9efb0dc9c425bd7b69d40ba8746efca2909c6?s=96&d=mm&r=g\",\"contentUrl\":\"https:\/\/secure.gravatar.com\/avatar\/ed712be762908ac190eb3beb8cf9efb0dc9c425bd7b69d40ba8746efca2909c6?s=96&d=mm&r=g\",\"caption\":\"admin\"},\"sameAs\":[\"http:\/\/www.inteligenia.info\"],\"url\":\"https:\/\/www.inteligenia.info\/home\/author\/admin\/\"}]}<\/script>\n<!-- \/ Yoast SEO plugin. -->","yoast_head_json":{"title":"Nuevas vacantes para nuestro programa de pr\u00e1cticas en Unidades de Inteligencia - Inteligenia","robots":{"index":"index","follow":"follow","max-snippet":"max-snippet:-1","max-image-preview":"max-image-preview:large","max-video-preview":"max-video-preview:-1"},"canonical":"https:\/\/www.inteligenia.info\/home\/nuevas-vacantes-para-nuestro-programa-de-practicas-en-unidades-de-inteligencia\/","og_locale":"es_ES","og_type":"article","og_title":"Nuevas vacantes para nuestro programa de pr\u00e1cticas en Unidades de Inteligencia - Inteligenia","og_description":"Nos complace anunciar la apertura de una o dos vacantes para incorporarse a nuestro programa de pr\u00e1cticas en las Unidades de Inteligencia. Estas pr\u00e1cticas comenzar\u00e1n el pr\u00f3ximo 1 de septiembre y se desarrollar\u00e1n en modalidad h\u00edbrida u online, seg\u00fan las circunstancias del candidato y las necesidades del equipo. \u00bfA qui\u00e9n va dirigido este programa? Estamos [&hellip;]","og_url":"https:\/\/www.inteligenia.info\/home\/nuevas-vacantes-para-nuestro-programa-de-practicas-en-unidades-de-inteligencia\/","og_site_name":"Inteligenia","article_published_time":"2025-07-31T10:50:02+00:00","og_image":[{"width":1501,"height":843,"url":"https:\/\/www.inteligenia.info\/wp-content\/uploads\/2025\/07\/Captura.png","type":"image\/png"}],"author":"admin","twitter_card":"summary_large_image","twitter_creator":"@INTELIGENIA_","twitter_site":"@INTELIGENIA_","twitter_misc":{"Escrito por":"admin","Tiempo de lectura":"2 minutos"},"schema":{"@context":"https:\/\/schema.org","@graph":[{"@type":"Article","@id":"https:\/\/www.inteligenia.info\/home\/nuevas-vacantes-para-nuestro-programa-de-practicas-en-unidades-de-inteligencia\/#article","isPartOf":{"@id":"https:\/\/www.inteligenia.info\/home\/nuevas-vacantes-para-nuestro-programa-de-practicas-en-unidades-de-inteligencia\/"},"author":{"name":"admin","@id":"https:\/\/www.inteligenia.info\/home\/#\/schema\/person\/1bf90ee63c207f611a224f9c17dbf031"},"headline":"Nuevas vacantes para nuestro programa de pr\u00e1cticas en Unidades de Inteligencia","datePublished":"2025-07-31T10:50:02+00:00","mainEntityOfPage":{"@id":"https:\/\/www.inteligenia.info\/home\/nuevas-vacantes-para-nuestro-programa-de-practicas-en-unidades-de-inteligencia\/"},"wordCount":333,"commentCount":0,"publisher":{"@id":"https:\/\/www.inteligenia.info\/home\/#organization"},"image":{"@id":"https:\/\/www.inteligenia.info\/home\/nuevas-vacantes-para-nuestro-programa-de-practicas-en-unidades-de-inteligencia\/#primaryimage"},"thumbnailUrl":"https:\/\/www.inteligenia.info\/wp-content\/uploads\/2025\/07\/Captura.png","articleSection":["Noticias"],"inLanguage":"es","potentialAction":[{"@type":"CommentAction","name":"Comment","target":["https:\/\/www.inteligenia.info\/home\/nuevas-vacantes-para-nuestro-programa-de-practicas-en-unidades-de-inteligencia\/#respond"]}]},{"@type":"WebPage","@id":"https:\/\/www.inteligenia.info\/home\/nuevas-vacantes-para-nuestro-programa-de-practicas-en-unidades-de-inteligencia\/","url":"https:\/\/www.inteligenia.info\/home\/nuevas-vacantes-para-nuestro-programa-de-practicas-en-unidades-de-inteligencia\/","name":"Nuevas vacantes para nuestro programa de pr\u00e1cticas en Unidades de Inteligencia - Inteligenia","isPartOf":{"@id":"https:\/\/www.inteligenia.info\/home\/#website"},"primaryImageOfPage":{"@id":"https:\/\/www.inteligenia.info\/home\/nuevas-vacantes-para-nuestro-programa-de-practicas-en-unidades-de-inteligencia\/#primaryimage"},"image":{"@id":"https:\/\/www.inteligenia.info\/home\/nuevas-vacantes-para-nuestro-programa-de-practicas-en-unidades-de-inteligencia\/#primaryimage"},"thumbnailUrl":"https:\/\/www.inteligenia.info\/wp-content\/uploads\/2025\/07\/Captura.png","datePublished":"2025-07-31T10:50:02+00:00","breadcrumb":{"@id":"https:\/\/www.inteligenia.info\/home\/nuevas-vacantes-para-nuestro-programa-de-practicas-en-unidades-de-inteligencia\/#breadcrumb"},"inLanguage":"es","potentialAction":[{"@type":"ReadAction","target":["https:\/\/www.inteligenia.info\/home\/nuevas-vacantes-para-nuestro-programa-de-practicas-en-unidades-de-inteligencia\/"]}]},{"@type":"ImageObject","inLanguage":"es","@id":"https:\/\/www.inteligenia.info\/home\/nuevas-vacantes-para-nuestro-programa-de-practicas-en-unidades-de-inteligencia\/#primaryimage","url":"https:\/\/www.inteligenia.info\/wp-content\/uploads\/2025\/07\/Captura.png","contentUrl":"https:\/\/www.inteligenia.info\/wp-content\/uploads\/2025\/07\/Captura.png","width":1501,"height":843},{"@type":"BreadcrumbList","@id":"https:\/\/www.inteligenia.info\/home\/nuevas-vacantes-para-nuestro-programa-de-practicas-en-unidades-de-inteligencia\/#breadcrumb","itemListElement":[{"@type":"ListItem","position":1,"name":"Portada","item":"https:\/\/www.inteligenia.info\/home\/"},{"@type":"ListItem","position":2,"name":"Nuevas vacantes para nuestro programa de pr\u00e1cticas en Unidades de Inteligencia"}]},{"@type":"WebSite","@id":"https:\/\/www.inteligenia.info\/home\/#website","url":"https:\/\/www.inteligenia.info\/home\/","name":"Inteligenia","description":"","publisher":{"@id":"https:\/\/www.inteligenia.info\/home\/#organization"},"potentialAction":[{"@type":"SearchAction","target":{"@type":"EntryPoint","urlTemplate":"https:\/\/www.inteligenia.info\/home\/?s={search_term_string}"},"query-input":{"@type":"PropertyValueSpecification","valueRequired":true,"valueName":"search_term_string"}}],"inLanguage":"es"},{"@type":"Organization","@id":"https:\/\/www.inteligenia.info\/home\/#organization","name":"Inteligenia","url":"https:\/\/www.inteligenia.info\/home\/","logo":{"@type":"ImageObject","inLanguage":"es","@id":"https:\/\/www.inteligenia.info\/home\/#\/schema\/logo\/image\/","url":"https:\/\/www.inteligenia.info\/wp-content\/uploads\/2024\/06\/transparent_logo-1-e1718047668142.png","contentUrl":"https:\/\/www.inteligenia.info\/wp-content\/uploads\/2024\/06\/transparent_logo-1-e1718047668142.png","width":674,"height":141,"caption":"Inteligenia"},"image":{"@id":"https:\/\/www.inteligenia.info\/home\/#\/schema\/logo\/image\/"},"sameAs":["https:\/\/x.com\/INTELIGENIA_","https:\/\/www.linkedin.com\/company\/inteligenia\/?viewAsMember=true"]},{"@type":"Person","@id":"https:\/\/www.inteligenia.info\/home\/#\/schema\/person\/1bf90ee63c207f611a224f9c17dbf031","name":"admin","image":{"@type":"ImageObject","inLanguage":"es","@id":"https:\/\/www.inteligenia.info\/home\/#\/schema\/person\/image\/","url":"https:\/\/secure.gravatar.com\/avatar\/ed712be762908ac190eb3beb8cf9efb0dc9c425bd7b69d40ba8746efca2909c6?s=96&d=mm&r=g","contentUrl":"https:\/\/secure.gravatar.com\/avatar\/ed712be762908ac190eb3beb8cf9efb0dc9c425bd7b69d40ba8746efca2909c6?s=96&d=mm&r=g","caption":"admin"},"sameAs":["http:\/\/www.inteligenia.info"],"url":"https:\/\/www.inteligenia.info\/home\/author\/admin\/"}]}},"_links":{"self":[{"href":"https:\/\/www.inteligenia.info\/home\/wp-json\/wp\/v2\/posts\/1144","targetHints":{"allow":["GET"]}}],"collection":[{"href":"https:\/\/www.inteligenia.info\/home\/wp-json\/wp\/v2\/posts"}],"about":[{"href":"https:\/\/www.inteligenia.info\/home\/wp-json\/wp\/v2\/types\/post"}],"author":[{"embeddable":true,"href":"https:\/\/www.inteligenia.info\/home\/wp-json\/wp\/v2\/users\/1"}],"replies":[{"embeddable":true,"href":"https:\/\/www.inteligenia.info\/home\/wp-json\/wp\/v2\/comments?post=1144"}],"version-history":[{"count":1,"href":"https:\/\/www.inteligenia.info\/home\/wp-json\/wp\/v2\/posts\/1144\/revisions"}],"predecessor-version":[{"id":1146,"href":"https:\/\/www.inteligenia.info\/home\/wp-json\/wp\/v2\/posts\/1144\/revisions\/1146"}],"wp:featuredmedia":[{"embeddable":true,"href":"https:\/\/www.inteligenia.info\/home\/wp-json\/wp\/v2\/media\/1145"}],"wp:attachment":[{"href":"https:\/\/www.inteligenia.info\/home\/wp-json\/wp\/v2\/media?parent=1144"}],"wp:term":[{"taxonomy":"category","embeddable":true,"href":"https:\/\/www.inteligenia.info\/home\/wp-json\/wp\/v2\/categories?post=1144"},{"taxonomy":"post_tag","embeddable":true,"href":"https:\/\/www.inteligenia.info\/home\/wp-json\/wp\/v2\/tags?post=1144"}],"curies":[{"name":"wp","href":"https:\/\/api.w.org\/{rel}","templated":true}]}}