{"id":1188,"date":"2025-09-25T10:01:32","date_gmt":"2025-09-25T10:01:32","guid":{"rendered":"https:\/\/www.inteligenia.info\/?p=1188"},"modified":"2025-09-25T10:14:40","modified_gmt":"2025-09-25T10:14:40","slug":"congreso-lisa-institute-2025-el-futuro-del-talento-en-seguridad-inteligencia-y-defensa","status":"publish","type":"post","link":"https:\/\/www.inteligenia.info\/home\/congreso-lisa-institute-2025-el-futuro-del-talento-en-seguridad-inteligencia-y-defensa\/","title":{"rendered":"Congreso LISA Institute 2025 &#8211; El Futuro del Talento en Seguridad, Inteligencia y Defensa"},"content":{"rendered":"\n<p>El pasado <strong>18 de septiembre<\/strong>, una delegaci\u00f3n de <strong>Inteligenia<\/strong>, compuesta por nuestros analistas de inteligencia en pr\u00e1cticas, tuvo la oportunidad de asistir al <strong>#CongresoLISA2025 \u201cEl Futuro del Talento en Seguridad, Inteligencia y Defensa\u201d<\/strong>, celebrado en la <strong>Asociaci\u00f3n Pro Hu\u00e9rfanos de la Guardia Civil<\/strong>. Esta jornada reuni\u00f3 a destacados expertos del \u00e1mbito p\u00fablico, privado y acad\u00e9mico para debatir sobre los principales retos y oportunidades en seguridad, inteligencia, ciberseguridad, criminolog\u00eda, geopol\u00edtica y prospectiva estrat\u00e9gica.<\/p>\n\n\n\n<p>Durante el congreso, nuestros analistas siguieron atentamente cada ponencia y mesa redonda, examinando los contenidos con rigor y profundidad para elaborar este art\u00edculo. Entre los temas tratados se incluyeron la <strong>atracci\u00f3n y retenci\u00f3n de talento en Fuerzas y Cuerpos de Seguridad<\/strong>, la <strong>evoluci\u00f3n de la inteligencia y la contrainteligencia<\/strong>, la <strong>ciberseguridad como \u00e1mbito estrat\u00e9gico<\/strong>, la <strong>geopol\u00edtica y las relaciones internacionales<\/strong>, el <strong>presente y futuro de la criminolog\u00eda<\/strong>, y la <strong>prospectiva estrat\u00e9gica aplicada a organizaciones y empresas<\/strong>.<\/p>\n\n\n\n<p>Antes de iniciar las ponencias, <strong>Daniel Villegas<\/strong>, Director General de LISA Institute, realiz\u00f3 un recorrido hist\u00f3rico por los acontecimientos que han marcado el siglo XXI y que dieron origen a la instituci\u00f3n, contextualizando la relevancia del congreso y subrayando la necesidad de desarrollar talento capacitado para responder a los desaf\u00edos presentes y futuros del sector.<\/p>\n\n\n\n<p><\/p>\n\n\n<div class=\"wp-block-image\">\n<figure class=\"aligncenter size-large is-resized\"><img loading=\"lazy\" decoding=\"async\" width=\"768\" height=\"1024\" src=\"https:\/\/www.inteligenia.info\/wp-content\/uploads\/2025\/09\/IMG_20250918_095213-768x1024.jpg\" alt=\"\" class=\"wp-image-1189\" style=\"object-fit:cover;width:450px;height:450px\" srcset=\"https:\/\/www.inteligenia.info\/wp-content\/uploads\/2025\/09\/IMG_20250918_095213-768x1024.jpg 768w, https:\/\/www.inteligenia.info\/wp-content\/uploads\/2025\/09\/IMG_20250918_095213-225x300.jpg 225w, https:\/\/www.inteligenia.info\/wp-content\/uploads\/2025\/09\/IMG_20250918_095213-1152x1536.jpg 1152w, https:\/\/www.inteligenia.info\/wp-content\/uploads\/2025\/09\/IMG_20250918_095213-1536x2048.jpg 1536w, https:\/\/www.inteligenia.info\/wp-content\/uploads\/2025\/09\/IMG_20250918_095213-810x1080.jpg 810w, https:\/\/www.inteligenia.info\/wp-content\/uploads\/2025\/09\/IMG_20250918_095213-scaled.jpg 1920w\" sizes=\"(max-width: 768px) 100vw, 768px\" \/><\/figure>\n<\/div>\n\n\n<p>En las siguientes l\u00edneas, presentamos un <strong>resumen anal\u00edtico y detallado<\/strong> de cada mesa, con los principales aprendizajes, reflexiones y conclusiones extra\u00eddas por nuestro equipo de Inteligenia, ofreciendo una visi\u00f3n integral del evento y de las tendencias que definir\u00e1n el futuro de la seguridad, la inteligencia y la defensa.<\/p>\n\n\n\n<h3 class=\"wp-block-heading has-kubio-color-4-color has-text-color has-link-color wp-elements-7238f7a7115872dc0c98fe19ecba653d\">MESA #1: Talento y capacidades institucionales en Seguridad, Inteligencia y Defensa.<\/h3>\n\n\n\n<p>La mesa inaugural del <strong>Congreso LISA 2025<\/strong> abord\u00f3 un tema clave para el presente y el futuro del sector: la <strong>atracci\u00f3n y retenci\u00f3n del talento en las Fuerzas y Cuerpos de Seguridad<\/strong>. En este panel participaron representantes de alto nivel de la Polic\u00eda Nacional, las Fuerzas Armadas y la Guardia Civil, quienes compartieron su visi\u00f3n y experiencia sobre c\u00f3mo gestionar y potenciar los perfiles profesionales que integran sus instituciones.<\/p>\n\n\n\n<p>En primer lugar, intervino el <strong>Comisario Principal Carlos V\u00e1zquez Ara<\/strong>, Director de la Escuela Nacional de Polic\u00eda, en representaci\u00f3n del <strong>Cuerpo Nacional de Polic\u00eda<\/strong>. Subray\u00f3 que para \u00e9l el concepto de talento est\u00e1 intr\u00ednsecamente ligado al de <strong>servicio p\u00fablico<\/strong>. Orgulloso del prestigio y reconocimiento que tiene la Polic\u00eda Nacional, destac\u00f3 que el reto no es tanto atraer talento como <strong>evaluarlo y seleccionarlo adecuadamente<\/strong>, poniendo en valor las <strong>oportunidades de desarrollo profesional<\/strong> que ofrece el Cuerpo: formaci\u00f3n continua, movilidad interna y convenios con universidades y centros formativos.<\/p>\n\n\n\n<p>A continuaci\u00f3n, tom\u00f3 la palabra el <strong>Coronel (EA) Jos\u00e9 M\u00aa Sant\u00e9<\/strong>, de la <strong>Direcci\u00f3n General de Reclutamiento y Ense\u00f1anza Militar<\/strong>, en representaci\u00f3n de las <strong>Fuerzas Armadas<\/strong>. Coincidi\u00f3 en que el prestigio de la instituci\u00f3n permite <strong>seleccionar a los mejores perfiles<\/strong>, y recalc\u00f3 que su labor se centra en identificar los intereses y capacidades individuales para formarlos de manera especializada. \u201cEn el Ej\u00e9rcito puedes llegar a ser lo que quieras ser\u201d, afirm\u00f3, se\u00f1alando que esto es posible gracias al esfuerzo constante en <strong>innovaci\u00f3n<\/strong> y a la <strong>actualizaci\u00f3n normativa<\/strong> en materia de ense\u00f1anza militar.<\/p>\n\n\n\n<p>Por \u00faltimo, intervino el <strong>Teniente Coronel Blas Guillam\u00f3n<\/strong>, de la <strong>Direcci\u00f3n del Centro Universitario de la Guardia Civil<\/strong>, quien remarc\u00f3 que el concepto de <strong>talento es din\u00e1mico<\/strong> y debe adaptarse tanto a la sociedad como al contexto geopol\u00edtico. Destac\u00f3 la importancia de la <strong>innovaci\u00f3n y la actualizaci\u00f3n constante de los planes formativos<\/strong>, incorporando materias de plena actualidad como <strong>an\u00e1lisis de datos, ciberdelincuencia o crimen organizado<\/strong>, con el objetivo de preparar a los futuros profesionales para los desaf\u00edos presentes y futuros.<\/p>\n\n\n<div class=\"wp-block-image\">\n<figure class=\"aligncenter size-large is-resized\"><img loading=\"lazy\" decoding=\"async\" width=\"1024\" height=\"768\" src=\"https:\/\/www.inteligenia.info\/wp-content\/uploads\/2025\/09\/IMG_20250918_104755-1024x768.jpg\" alt=\"\" class=\"wp-image-1190\" style=\"aspect-ratio:1;width:450px\" srcset=\"https:\/\/www.inteligenia.info\/wp-content\/uploads\/2025\/09\/IMG_20250918_104755-1024x768.jpg 1024w, https:\/\/www.inteligenia.info\/wp-content\/uploads\/2025\/09\/IMG_20250918_104755-300x225.jpg 300w, https:\/\/www.inteligenia.info\/wp-content\/uploads\/2025\/09\/IMG_20250918_104755-768x576.jpg 768w, https:\/\/www.inteligenia.info\/wp-content\/uploads\/2025\/09\/IMG_20250918_104755-1536x1152.jpg 1536w, https:\/\/www.inteligenia.info\/wp-content\/uploads\/2025\/09\/IMG_20250918_104755-2048x1536.jpg 2048w, https:\/\/www.inteligenia.info\/wp-content\/uploads\/2025\/09\/IMG_20250918_104755-1440x1080.jpg 1440w\" sizes=\"(max-width: 1024px) 100vw, 1024px\" \/><\/figure>\n<\/div>\n\n\n<h3 class=\"wp-block-heading has-kubio-color-4-color has-text-color has-link-color wp-elements-c0824d8a1e8b02bc2521c20ef4263574\">MESA #2: Inteligencia: obtenci\u00f3n, an\u00e1lisis y apoyo a la toma de decisiones.<\/h3>\n\n\n\n<p>La <strong>Mesa 2 <\/strong>se centr\u00f3 en la <strong>evoluci\u00f3n del concepto de inteligencia<\/strong> y en los <strong>desaf\u00edos y oportunidades<\/strong> que afronta el sector en un contexto de transformaci\u00f3n acelerada. El panel cont\u00f3 con representantes de tres \u00e1mbitos complementarios:<\/p>\n\n\n\n<ul class=\"wp-block-list\">\n<li><strong>Sector p\u00fablico<\/strong>: <strong>Javier Nievas<\/strong>, Coronel del <strong>Centro Nacional de Inteligencia (CNI)<\/strong>.<\/li>\n\n\n\n<li><strong>Sector privado<\/strong>: <strong>Joaqu\u00edn Gonz\u00e1lez<\/strong>, Jefe del Departamento de Inteligencia del <strong>Grupo FCC<\/strong>, y <strong>Javier Rodr\u00edguez<\/strong>, Director de Contrainteligencia en infraestructuras cr\u00edticas del <strong>IBEX 35<\/strong> y con trayectoria previa en la Guardia Civil.<\/li>\n\n\n\n<li><strong>\u00c1mbito acad\u00e9mico<\/strong>: <strong>Eugenia Hern\u00e1ndez<\/strong>, Directora de la <strong>Unidad de An\u00e1lisis de Inteligencia de la Universidad Aut\u00f3noma de Madrid (UAM)<\/strong> y miembro del <strong>Observatorio de Vida Militar en el Congreso de los Diputados<\/strong>.<\/li>\n<\/ul>\n\n\n\n<p>Durante el debate, hubo consenso en que el <strong>n\u00facleo conceptual de la inteligencia se mantiene estable<\/strong> y contin\u00faa siendo esencial para la <strong>toma de decisiones estrat\u00e9gicas<\/strong>. Sin embargo, coincidieron en que la gran revoluci\u00f3n reside en <strong>las nuevas formas de hacer inteligencia<\/strong>, especialmente en la <strong>obtenci\u00f3n y gesti\u00f3n de la informaci\u00f3n mediante tecnolog\u00edas emergentes<\/strong>. Asimismo, se subray\u00f3 un cambio significativo en la <strong>comunicaci\u00f3n y gesti\u00f3n del conocimiento<\/strong>: del modelo tradicional basado en la <strong>compartimentaci\u00f3n de la informaci\u00f3n<\/strong>, se ha pasado a uno que incorpora la <strong>necesidad de compartirla<\/strong>, dada la complejidad y transversalidad de las amenazas actuales.<\/p>\n\n\n\n<p>En este sentido, los ponentes destacaron como retos prioritarios la <strong>incorporaci\u00f3n del sector privado<\/strong> \u2014especialmente las <strong>empresas de infraestructuras cr\u00edticas<\/strong>\u2014 en la arquitectura de la <strong>seguridad nacional<\/strong>, as\u00ed como la creciente importancia de la <strong>contrainteligencia<\/strong> frente a amenazas cada vez m\u00e1s sofisticadas.<\/p>\n\n\n\n<p>En cuanto a las <strong>oportunidades profesionales<\/strong>, se subray\u00f3 el auge del inter\u00e9s por desarrollar <strong>capacidades propias en inteligencia dentro del sector privado<\/strong>. Tanto en el \u00e1mbito p\u00fablico como en el privado, se describi\u00f3 al perfil ideal del analista de inteligencia como alguien con <strong>gran inquietud intelectual<\/strong>, <strong>capacidad anal\u00edtica<\/strong>, <strong>neutralidad ideol\u00f3gica<\/strong>, habilidades blandas como la <strong>comunicaci\u00f3n eficaz<\/strong>, la <strong>adaptabilidad<\/strong> y las <strong>habilidades sociales<\/strong>. Adem\u00e1s, se recalc\u00f3 que la inteligencia no debe entenderse como una disciplina acad\u00e9mica cerrada, sino como un <strong>conjunto de herramientas aplicables a sectores concretos<\/strong> para comprender mejor su entorno y tomar decisiones fundamentadas, siempre dentro de unos <strong>principios \u00e9ticos y legales<\/strong> indispensables.<\/p>\n\n\n\n<p>El debate puso de manifiesto que, aunque el <strong>concepto de inteligencia permanece estable<\/strong>, el contexto geopol\u00edtico, tecnol\u00f3gico y social exige una <strong>adaptaci\u00f3n constante de sus m\u00e9todos, estructuras y actores<\/strong> para seguir siendo eficaz ante los desaf\u00edos del presente y del futuro.<\/p>\n\n\n<div class=\"wp-block-image\">\n<figure class=\"aligncenter size-large is-resized\"><img loading=\"lazy\" decoding=\"async\" width=\"1024\" height=\"768\" src=\"https:\/\/www.inteligenia.info\/wp-content\/uploads\/2025\/09\/IMG_20250918_120845-1024x768.jpg\" alt=\"\" class=\"wp-image-1191\" style=\"width:450px\" srcset=\"https:\/\/www.inteligenia.info\/wp-content\/uploads\/2025\/09\/IMG_20250918_120845-1024x768.jpg 1024w, https:\/\/www.inteligenia.info\/wp-content\/uploads\/2025\/09\/IMG_20250918_120845-300x225.jpg 300w, https:\/\/www.inteligenia.info\/wp-content\/uploads\/2025\/09\/IMG_20250918_120845-768x576.jpg 768w, https:\/\/www.inteligenia.info\/wp-content\/uploads\/2025\/09\/IMG_20250918_120845-1536x1152.jpg 1536w, https:\/\/www.inteligenia.info\/wp-content\/uploads\/2025\/09\/IMG_20250918_120845-2048x1536.jpg 2048w, https:\/\/www.inteligenia.info\/wp-content\/uploads\/2025\/09\/IMG_20250918_120845-1440x1080.jpg 1440w\" sizes=\"(max-width: 1024px) 100vw, 1024px\" \/><\/figure>\n<\/div>\n\n\n<h3 class=\"wp-block-heading has-kubio-color-4-color has-text-color has-link-color wp-elements-50760248cbc4d659a323dd76a3718691\">MESA #3: Ciberseguridad: la gran oportunidad, tanto para t\u00e9cnicos y no t\u00e9cnicos.<\/h3>\n\n\n\n<p>La <strong>Mesa 3 <\/strong>se centr\u00f3 en la <strong>ciberseguridad como \u00e1mbito estrat\u00e9gico<\/strong>, destacando las <strong>oportunidades profesionales tanto para perfiles t\u00e9cnicos como no t\u00e9cnicos<\/strong>. Participaron expertos del sector p\u00fablico y privado: el <strong>Capit\u00e1n de Fragata E. P\u00e9rez de Tena<\/strong> (MCCE), <strong>Leandro Gobierno<\/strong> (Polic\u00eda Nacional), <strong>Marc Rivero<\/strong> (Kaspersky) y <strong>David Marug\u00e1n<\/strong> (Titanium Industrial Security).<\/p>\n\n\n\n<p>Durante la sesi\u00f3n, los ponentes coincidieron en que la <strong>demanda de profesionales en ciberseguridad crece especialmente en sectores cr\u00edticos<\/strong>, con \u00e9nfasis en la <strong>Tecnolog\u00eda Operacional (OT)<\/strong>, y que esto requiere un <strong>amplio abanico de perfiles<\/strong>, tanto t\u00e9cnicos como no t\u00e9cnicos. Subrayaron la importancia de <strong>retener talento<\/strong> mediante mejores condiciones laborales, as\u00ed como de <strong>invertir en soluciones nacionales<\/strong> y reforzar la <strong>formaci\u00f3n continua de los agentes<\/strong>.<\/p>\n\n\n\n<p>Asimismo, destacaron la necesidad de <strong>fortalecer la colaboraci\u00f3n p\u00fablico-privada y c\u00edvico-militar<\/strong>, junto con el desarrollo de <strong>herramientas propias adaptadas a las amenazas actuales<\/strong>. La mesa concluy\u00f3 con un turno de preguntas del p\u00fablico, donde se abordaron temas de m\u00e1xima actualidad como <strong>deep fakes, inteligencia artificial y estrategias de inversi\u00f3n en ciberseguridad<\/strong>.<\/p>\n\n\n\n<p>La sesi\u00f3n evidenci\u00f3 que la ciberseguridad no solo es un <strong>sector en crecimiento<\/strong>, sino tambi\u00e9n un <strong>\u00e1mbito estrat\u00e9gico que requiere adaptaci\u00f3n, innovaci\u00f3n y colaboraci\u00f3n interinstitucional<\/strong> para responder a las amenazas cada vez m\u00e1s sofisticadas.<\/p>\n\n\n<div class=\"wp-block-image\">\n<figure class=\"aligncenter size-large is-resized\"><img loading=\"lazy\" decoding=\"async\" width=\"1024\" height=\"768\" src=\"https:\/\/www.inteligenia.info\/wp-content\/uploads\/2025\/09\/IMG_20250918_132121-1024x768.jpg\" alt=\"\" class=\"wp-image-1192\" style=\"object-fit:cover;width:450px;height:450px\" srcset=\"https:\/\/www.inteligenia.info\/wp-content\/uploads\/2025\/09\/IMG_20250918_132121-1024x768.jpg 1024w, https:\/\/www.inteligenia.info\/wp-content\/uploads\/2025\/09\/IMG_20250918_132121-300x225.jpg 300w, https:\/\/www.inteligenia.info\/wp-content\/uploads\/2025\/09\/IMG_20250918_132121-768x576.jpg 768w, https:\/\/www.inteligenia.info\/wp-content\/uploads\/2025\/09\/IMG_20250918_132121-1536x1152.jpg 1536w, https:\/\/www.inteligenia.info\/wp-content\/uploads\/2025\/09\/IMG_20250918_132121-2048x1536.jpg 2048w, https:\/\/www.inteligenia.info\/wp-content\/uploads\/2025\/09\/IMG_20250918_132121-1440x1080.jpg 1440w\" sizes=\"(max-width: 1024px) 100vw, 1024px\" \/><\/figure>\n<\/div>\n\n\n<h3 class=\"wp-block-heading has-kubio-color-4-color has-text-color has-link-color wp-elements-5db89aca637b9959bbba9fc3fd182d7b\">MESA #4: Internacional y Geopol\u00edtica: roles y organizaciones que necesitan comprender el plano internacional.<\/h3>\n\n\n\n<p>En la <strong>cuarta mesa del Congreso<\/strong> participaron expertos de diversos \u00e1mbitos: <strong>Alejandro Remesal<\/strong> (Ministerio de Ciencia, Innovaci\u00f3n y Universidades), <strong>Diego Uriel<\/strong> (Spanish Business Liaison for Multilateral Development Banks in Africa), <strong>Daniel Iriarte<\/strong> (periodista especializado en geopol\u00edtica y dominio cognitivo) y <strong>Alejandro L\u00f3pez<\/strong> (Descifrando la Guerra).<\/p>\n\n\n\n<p>El debate se inici\u00f3 con un an\u00e1lisis sobre la <strong>creciente influencia de la geopol\u00edtica y las relaciones internacionales<\/strong> en \u00e1reas como la econom\u00eda, la seguridad y la vida cotidiana. Se subray\u00f3 que lo internacional ya no puede considerarse ajeno, dado que sus efectos impactan directamente en lo local, y su comprensi\u00f3n resulta <strong>clave para anticipar su impacto en Espa\u00f1a<\/strong>. A nivel europeo, los participantes destacaron una <strong>triple incertidumbre actual<\/strong> \u2014paz, econom\u00eda y democracia\u2014, problemas que parec\u00edan superados pero que vuelven a golpear con fuerza a la sociedad europea. En este escenario, la <strong>gobernanza global<\/strong> se convierte en un elemento esencial para enfrentar riesgos que no conocen fronteras.<\/p>\n\n\n\n<p>Entre las principales amenazas identificadas estuvieron la <strong>polarizaci\u00f3n<\/strong>, la <strong>desinformaci\u00f3n<\/strong>, las <strong>campa\u00f1as de guerra cognitiva<\/strong> y la <strong>falta de presencia en espacios clave<\/strong>, lo que puede conducir a que los intereses nacionales no est\u00e9n adecuadamente representados. Frente a ello, los expertos enfatizaron la necesidad de <strong>superar los sesgos personales<\/strong>, basar el an\u00e1lisis en los hechos y no en deseos o ideolog\u00edas, y <strong>detectar y comprender las tendencias de fondo<\/strong>, aunque estas resulten inc\u00f3modas. En este contexto, el <strong>an\u00e1lisis internacional<\/strong> se convierte en un ejercicio indispensable para gobiernos, empresas y ciudadanos, quienes deben aprender a gestionar la incertidumbre en un mundo cada vez m\u00e1s inmediato e interconectado.<\/p>\n\n\n\n<p>Finalmente, los ponentes se\u00f1alaron que la <strong>formaci\u00f3n interdisciplinar, la capacidad anal\u00edtica y la comunicaci\u00f3n efectiva<\/strong> son aptitudes clave para la proyecci\u00f3n profesional \u2014y tambi\u00e9n personal\u2014 de cara al futuro.<\/p>\n\n\n\n<p>Destacamos tres frases de esta mesa:<\/p>\n\n\n\n<p>\ud83d\udde3\ufe0f \u201cLas relaciones internacionales son un campo cada vez m\u00e1s reclamado en el \u00e1mbito p\u00fablico, as\u00ed como en el privado\u201d.<br>\ud83d\udde3\ufe0f\u201cSi no estamos, alguien estar\u00e1 por nosotros\u201d.<br>\ud83d\udde3\ufe0f\u201cLa clave est\u00e1 en salir de la caja de resonancia, escuchar al otro y analizar lo que sucede, no lo que uno quiere que suceda\u201d.<\/p>\n\n\n<div class=\"wp-block-image\">\n<figure class=\"aligncenter size-large is-resized\"><img loading=\"lazy\" decoding=\"async\" width=\"1024\" height=\"768\" src=\"https:\/\/www.inteligenia.info\/wp-content\/uploads\/2025\/09\/IMG_20250918_154545-1024x768.jpg\" alt=\"\" class=\"wp-image-1193\" style=\"object-fit:cover;width:450px;height:450px\" srcset=\"https:\/\/www.inteligenia.info\/wp-content\/uploads\/2025\/09\/IMG_20250918_154545-1024x768.jpg 1024w, https:\/\/www.inteligenia.info\/wp-content\/uploads\/2025\/09\/IMG_20250918_154545-300x225.jpg 300w, https:\/\/www.inteligenia.info\/wp-content\/uploads\/2025\/09\/IMG_20250918_154545-768x576.jpg 768w, https:\/\/www.inteligenia.info\/wp-content\/uploads\/2025\/09\/IMG_20250918_154545-1536x1152.jpg 1536w, https:\/\/www.inteligenia.info\/wp-content\/uploads\/2025\/09\/IMG_20250918_154545-2048x1536.jpg 2048w, https:\/\/www.inteligenia.info\/wp-content\/uploads\/2025\/09\/IMG_20250918_154545-1440x1080.jpg 1440w\" sizes=\"(max-width: 1024px) 100vw, 1024px\" \/><\/figure>\n<\/div>\n\n\n<h3 class=\"wp-block-heading has-kubio-color-4-color has-text-color has-link-color wp-elements-837c1a1fd81254ac0015003ae53a030b\">MESA #5: Seguridad y Criminolog\u00eda: prevenci\u00f3n, an\u00e1lisis e investigaci\u00f3n en el sector p\u00fablico y corporativo.<\/h3>\n\n\n\n<p>La <strong>quinta mesa<\/strong> se centr\u00f3 en el <strong>presente y futuro de la criminolog\u00eda<\/strong>, abordando tanto las oportunidades profesionales como las competencias esenciales del crimin\u00f3logo moderno. Participaron expertos del \u00e1mbito p\u00fablico y privado: <strong>Zaida Medina<\/strong> (Investigadora Criminal de la Guardia Civil), <strong>Iciar Iriondo<\/strong> (Directora-Fundadora de DACRIM) y <strong>Salvador Gamero<\/strong> (Fundador de Cibergia), quienes ofrecieron una visi\u00f3n amplia y enriquecedora sobre la disciplina.<\/p>\n\n\n\n<p>Durante el debate se exploraron las <strong>salidas profesionales del crimin\u00f3logo<\/strong>, destacando \u00e1reas como: la <strong>pericia judicial<\/strong>, la <strong>ciberseguridad<\/strong>, el <strong>apoyo a v\u00edctimas a trav\u00e9s de la victimolog\u00eda<\/strong>, la <strong>investigaci\u00f3n de delitos complejos mediante an\u00e1lisis de datos de inteligencia<\/strong>, la <strong>seguridad corporativa<\/strong> (prevenci\u00f3n de acoso, fraude, entre otros), la <strong>investigaci\u00f3n privada<\/strong> y funciones dentro de las <strong>Fuerzas y Cuerpos de Seguridad del Estado<\/strong>.<\/p>\n\n\n\n<p>Asimismo, se analiz\u00f3 el <strong>papel emergente del crimin\u00f3logo en seguridad<\/strong>, enfatizando su contribuci\u00f3n a la <strong>detecci\u00f3n de patrones delictivos, modus operandi y perfiles criminol\u00f3gicos<\/strong>. En paralelo, los ponentes destacaron las <strong>aptitudes esenciales<\/strong> para desarrollar con \u00e9xito la profesi\u00f3n, entre las que se incluyen: <strong>empat\u00eda, \u00e9tica profesional, pensamiento cr\u00edtico, capacidad de an\u00e1lisis, habilidades comunicativas, trabajo en equipo, adaptabilidad, formaci\u00f3n continua y vocaci\u00f3n de servicio<\/strong>.<\/p>\n\n\n\n<p>Finalmente, una pregunta del p\u00fablico puso de manifiesto la <strong>colaboraci\u00f3n entre crimin\u00f3logos del \u00e1mbito privado y las Fuerzas y Cuerpos de Seguridad<\/strong>, ejemplificando c\u00f3mo esta interacci\u00f3n comienza <strong>donde el marco legal establece los l\u00edmites de actuaci\u00f3n para el profesional privado<\/strong>, garantizando un trabajo coordinado y efectivo en la prevenci\u00f3n e investigaci\u00f3n del delito.<\/p>\n\n\n<div class=\"wp-block-image\">\n<figure class=\"aligncenter size-large is-resized\"><img loading=\"lazy\" decoding=\"async\" width=\"1024\" height=\"768\" src=\"https:\/\/www.inteligenia.info\/wp-content\/uploads\/2025\/09\/IMG_20250918_164509-1024x768.jpg\" alt=\"\" class=\"wp-image-1194\" style=\"object-fit:cover;width:450px;height:450px\" srcset=\"https:\/\/www.inteligenia.info\/wp-content\/uploads\/2025\/09\/IMG_20250918_164509-1024x768.jpg 1024w, https:\/\/www.inteligenia.info\/wp-content\/uploads\/2025\/09\/IMG_20250918_164509-300x225.jpg 300w, https:\/\/www.inteligenia.info\/wp-content\/uploads\/2025\/09\/IMG_20250918_164509-768x576.jpg 768w, https:\/\/www.inteligenia.info\/wp-content\/uploads\/2025\/09\/IMG_20250918_164509-1536x1152.jpg 1536w, https:\/\/www.inteligenia.info\/wp-content\/uploads\/2025\/09\/IMG_20250918_164509-2048x1536.jpg 2048w, https:\/\/www.inteligenia.info\/wp-content\/uploads\/2025\/09\/IMG_20250918_164509-1440x1080.jpg 1440w\" sizes=\"(max-width: 1024px) 100vw, 1024px\" \/><\/figure>\n<\/div>\n\n\n<h3 class=\"wp-block-heading has-kubio-color-4-color has-text-color has-link-color wp-elements-7d2605523ef7bb50fe481fbe8ca8bb4f\">MESA #6: Estrategia y Prospectiva: c\u00f3mo potenciar la anticipaci\u00f3n para asesorar a decisores en instituciones y empresas.<\/h3>\n\n\n\n<p>La <strong>\u00faltima mesa del Congreso<\/strong>, moderada por <strong>Jordi Serra<\/strong>, Director de Estrategia y Prospectiva de LISA Institute, cont\u00f3 con la participaci\u00f3n de destacados expertos: <strong>Jos\u00e9 Luis Calvo<\/strong> (Coronel del Ej\u00e9rcito de Tierra), <strong>Juan Bustamante<\/strong> (Coronel (R) del Ej\u00e9rcito de Tierra), <strong>Jos\u00e9 Antonio Mathes<\/strong> (Jefe de \u00c1rea en la CITCO) y <strong>Hugo Zunzarren<\/strong> (CISO &amp; Corporate Intelligence Lead en Bravent).<\/p>\n\n\n\n<p>El debate se centr\u00f3 en dos cuestiones principales: la <strong>importancia de la capacidad de las organizaciones para anticiparse a su entorno<\/strong> y la <strong>identificaci\u00f3n de instituciones o sectores que aplican con mayor \u00e9xito la perspectiva estrat\u00e9gica<\/strong>. Respecto a la primera cuesti\u00f3n, los ponentes destacaron la <strong>exigencia y competitividad del panorama empresarial actual<\/strong>, as\u00ed como la necesidad de una <strong>planificaci\u00f3n estrat\u00e9gica s\u00f3lida<\/strong> para alcanzar los objetivos organizacionales.<\/p>\n\n\n\n<p>En relaci\u00f3n con la segunda cuesti\u00f3n, se resalt\u00f3 que las <strong>Fuerzas Armadas han desarrollado metodolog\u00edas de prospectiva<\/strong> debido a sus propias necesidades estrat\u00e9gicas, convirti\u00e9ndose en un referente en la materia. No obstante, tambi\u00e9n se reconoci\u00f3 que <strong>grandes empresas tecnol\u00f3gicas aplican estas metodolog\u00edas<\/strong>, aunque se enfrentan a la presi\u00f3n de obtener resultados inmediatos que pueden limitar la planificaci\u00f3n a largo plazo.<\/p>\n\n\n\n<p>Finalmente, ante una pregunta del p\u00fablico, se subray\u00f3 el <strong>valor de la prospectiva en otros \u00e1mbitos<\/strong>, como el estudio y la <strong>prevenci\u00f3n de desastres naturales<\/strong> y la evaluaci\u00f3n de los <strong>efectos del cambio clim\u00e1tico<\/strong>, demostrando que la anticipaci\u00f3n estrat\u00e9gica es una herramienta \u00fatil m\u00e1s all\u00e1 del entorno militar o empresarial, con aplicaciones de amplio impacto social y econ\u00f3mico.<\/p>\n\n\n<div class=\"wp-block-image\">\n<figure class=\"aligncenter size-large is-resized\"><img loading=\"lazy\" decoding=\"async\" width=\"1024\" height=\"768\" src=\"https:\/\/www.inteligenia.info\/wp-content\/uploads\/2025\/09\/A200EF67-C3BC-4899-AAAC-2542FBF87815-1024x768.jpeg\" alt=\"\" class=\"wp-image-1195\" style=\"object-fit:cover;width:450px;height:450px\" srcset=\"https:\/\/www.inteligenia.info\/wp-content\/uploads\/2025\/09\/A200EF67-C3BC-4899-AAAC-2542FBF87815-1024x768.jpeg 1024w, https:\/\/www.inteligenia.info\/wp-content\/uploads\/2025\/09\/A200EF67-C3BC-4899-AAAC-2542FBF87815-300x225.jpeg 300w, https:\/\/www.inteligenia.info\/wp-content\/uploads\/2025\/09\/A200EF67-C3BC-4899-AAAC-2542FBF87815-768x576.jpeg 768w, https:\/\/www.inteligenia.info\/wp-content\/uploads\/2025\/09\/A200EF67-C3BC-4899-AAAC-2542FBF87815-1536x1152.jpeg 1536w, https:\/\/www.inteligenia.info\/wp-content\/uploads\/2025\/09\/A200EF67-C3BC-4899-AAAC-2542FBF87815-2048x1536.jpeg 2048w, https:\/\/www.inteligenia.info\/wp-content\/uploads\/2025\/09\/A200EF67-C3BC-4899-AAAC-2542FBF87815-1440x1080.jpeg 1440w\" sizes=\"(max-width: 1024px) 100vw, 1024px\" \/><\/figure>\n<\/div>\n\n\n<p>En conclusi\u00f3n, el <strong>Congreso LISA 2025<\/strong> puso de manifiesto que, aunque los fundamentos de seguridad, inteligencia y defensa se mantienen s\u00f3lidos, los m\u00e9todos, herramientas y perfiles profesionales deben <strong>adaptarse de manera constante<\/strong> a un entorno cada vez m\u00e1s complejo, interconectado y tecnol\u00f3gico. La jornada evidenci\u00f3 la importancia de <strong>desarrollar talento multidisciplinar<\/strong>, capaz de combinar habilidades t\u00e9cnicas y anal\u00edticas con competencias \u00e9ticas, comunicativas y estrat\u00e9gicas, as\u00ed como la necesidad de <strong>fomentar la colaboraci\u00f3n p\u00fablico-privada y la coordinaci\u00f3n interinstitucional<\/strong>. Asimismo, qued\u00f3 claro que la anticipaci\u00f3n, la innovaci\u00f3n y la formaci\u00f3n continua son elementos esenciales para que instituciones, empresas y profesionales puedan <strong>responder de manera eficaz a los desaf\u00edos actuales y futuros<\/strong>, desde la ciberseguridad hasta la criminolog\u00eda, la geopol\u00edtica y la prospectiva estrat\u00e9gica. <\/p>\n\n\n\n<p>Desde <strong>Inteligenia<\/strong> queremos expresar nuestro <strong>agradecimiento a LISA Institute<\/strong> por permitirnos asistir y participar en esta experiencia enriquecedora, que sin duda contribuye al desarrollo y formaci\u00f3n de nuestro equipo.<\/p>\n","protected":false},"excerpt":{"rendered":"<p>El pasado 18 de septiembre, una delegaci\u00f3n de Inteligenia, compuesta por nuestros analistas de inteligencia en pr\u00e1cticas, tuvo la oportunidad de asistir al #CongresoLISA2025 \u201cEl Futuro del Talento en Seguridad, Inteligencia y Defensa\u201d, celebrado en la Asociaci\u00f3n Pro Hu\u00e9rfanos de la Guardia Civil. Esta jornada reuni\u00f3 a destacados expertos del \u00e1mbito p\u00fablico, privado y acad\u00e9mico [&hellip;]<\/p>\n","protected":false},"author":1,"featured_media":1197,"comment_status":"open","ping_status":"open","sticky":false,"template":"","format":"standard","meta":{"saved_in_kubio":false,"footnotes":""},"categories":[12],"tags":[],"class_list":["post-1188","post","type-post","status-publish","format-standard","has-post-thumbnail","hentry","category-noticias"],"yoast_head":"<!-- This site is optimized with the Yoast SEO plugin v27.0 - https:\/\/yoast.com\/product\/yoast-seo-wordpress\/ -->\n<title>Congreso LISA Institute 2025 - El Futuro del Talento en Seguridad, Inteligencia y Defensa - Inteligenia<\/title>\n<meta name=\"robots\" content=\"index, follow, max-snippet:-1, max-image-preview:large, max-video-preview:-1\" \/>\n<link rel=\"canonical\" href=\"https:\/\/www.inteligenia.info\/home\/congreso-lisa-institute-2025-el-futuro-del-talento-en-seguridad-inteligencia-y-defensa\/\" \/>\n<meta property=\"og:locale\" content=\"es_ES\" \/>\n<meta property=\"og:type\" content=\"article\" \/>\n<meta property=\"og:title\" content=\"Congreso LISA Institute 2025 - El Futuro del Talento en Seguridad, Inteligencia y Defensa - Inteligenia\" \/>\n<meta property=\"og:description\" content=\"El pasado 18 de septiembre, una delegaci\u00f3n de Inteligenia, compuesta por nuestros analistas de inteligencia en pr\u00e1cticas, tuvo la oportunidad de asistir al #CongresoLISA2025 \u201cEl Futuro del Talento en Seguridad, Inteligencia y Defensa\u201d, celebrado en la Asociaci\u00f3n Pro Hu\u00e9rfanos de la Guardia Civil. Esta jornada reuni\u00f3 a destacados expertos del \u00e1mbito p\u00fablico, privado y acad\u00e9mico [&hellip;]\" \/>\n<meta property=\"og:url\" content=\"https:\/\/www.inteligenia.info\/home\/congreso-lisa-institute-2025-el-futuro-del-talento-en-seguridad-inteligencia-y-defensa\/\" \/>\n<meta property=\"og:site_name\" content=\"Inteligenia\" \/>\n<meta property=\"article:published_time\" content=\"2025-09-25T10:01:32+00:00\" \/>\n<meta property=\"article:modified_time\" content=\"2025-09-25T10:14:40+00:00\" \/>\n<meta property=\"og:image\" content=\"https:\/\/www.inteligenia.info\/wp-content\/uploads\/2025\/09\/Captura-de-pantalla-2025-09-25-115828-e1758794476466.png\" \/>\n\t<meta property=\"og:image:width\" content=\"500\" \/>\n\t<meta property=\"og:image:height\" content=\"229\" \/>\n\t<meta property=\"og:image:type\" content=\"image\/png\" \/>\n<meta name=\"author\" content=\"admin\" \/>\n<meta name=\"twitter:card\" content=\"summary_large_image\" \/>\n<meta name=\"twitter:creator\" content=\"@INTELIGENIA_\" \/>\n<meta name=\"twitter:site\" content=\"@INTELIGENIA_\" \/>\n<meta name=\"twitter:label1\" content=\"Escrito por\" \/>\n\t<meta name=\"twitter:data1\" content=\"admin\" \/>\n\t<meta name=\"twitter:label2\" content=\"Tiempo de lectura\" \/>\n\t<meta name=\"twitter:data2\" content=\"12 minutos\" \/>\n<script type=\"application\/ld+json\" class=\"yoast-schema-graph\">{\"@context\":\"https:\/\/schema.org\",\"@graph\":[{\"@type\":\"Article\",\"@id\":\"https:\/\/www.inteligenia.info\/home\/congreso-lisa-institute-2025-el-futuro-del-talento-en-seguridad-inteligencia-y-defensa\/#article\",\"isPartOf\":{\"@id\":\"https:\/\/www.inteligenia.info\/home\/congreso-lisa-institute-2025-el-futuro-del-talento-en-seguridad-inteligencia-y-defensa\/\"},\"author\":{\"name\":\"admin\",\"@id\":\"https:\/\/www.inteligenia.info\/home\/#\/schema\/person\/1bf90ee63c207f611a224f9c17dbf031\"},\"headline\":\"Congreso LISA Institute 2025 &#8211; El Futuro del Talento en Seguridad, Inteligencia y Defensa\",\"datePublished\":\"2025-09-25T10:01:32+00:00\",\"dateModified\":\"2025-09-25T10:14:40+00:00\",\"mainEntityOfPage\":{\"@id\":\"https:\/\/www.inteligenia.info\/home\/congreso-lisa-institute-2025-el-futuro-del-talento-en-seguridad-inteligencia-y-defensa\/\"},\"wordCount\":2471,\"commentCount\":0,\"publisher\":{\"@id\":\"https:\/\/www.inteligenia.info\/home\/#organization\"},\"image\":{\"@id\":\"https:\/\/www.inteligenia.info\/home\/congreso-lisa-institute-2025-el-futuro-del-talento-en-seguridad-inteligencia-y-defensa\/#primaryimage\"},\"thumbnailUrl\":\"https:\/\/www.inteligenia.info\/wp-content\/uploads\/2025\/09\/Captura-de-pantalla-2025-09-25-115828-e1758794476466.png\",\"articleSection\":[\"Noticias\"],\"inLanguage\":\"es\",\"potentialAction\":[{\"@type\":\"CommentAction\",\"name\":\"Comment\",\"target\":[\"https:\/\/www.inteligenia.info\/home\/congreso-lisa-institute-2025-el-futuro-del-talento-en-seguridad-inteligencia-y-defensa\/#respond\"]}]},{\"@type\":\"WebPage\",\"@id\":\"https:\/\/www.inteligenia.info\/home\/congreso-lisa-institute-2025-el-futuro-del-talento-en-seguridad-inteligencia-y-defensa\/\",\"url\":\"https:\/\/www.inteligenia.info\/home\/congreso-lisa-institute-2025-el-futuro-del-talento-en-seguridad-inteligencia-y-defensa\/\",\"name\":\"Congreso LISA Institute 2025 - El Futuro del Talento en Seguridad, Inteligencia y Defensa - Inteligenia\",\"isPartOf\":{\"@id\":\"https:\/\/www.inteligenia.info\/home\/#website\"},\"primaryImageOfPage\":{\"@id\":\"https:\/\/www.inteligenia.info\/home\/congreso-lisa-institute-2025-el-futuro-del-talento-en-seguridad-inteligencia-y-defensa\/#primaryimage\"},\"image\":{\"@id\":\"https:\/\/www.inteligenia.info\/home\/congreso-lisa-institute-2025-el-futuro-del-talento-en-seguridad-inteligencia-y-defensa\/#primaryimage\"},\"thumbnailUrl\":\"https:\/\/www.inteligenia.info\/wp-content\/uploads\/2025\/09\/Captura-de-pantalla-2025-09-25-115828-e1758794476466.png\",\"datePublished\":\"2025-09-25T10:01:32+00:00\",\"dateModified\":\"2025-09-25T10:14:40+00:00\",\"breadcrumb\":{\"@id\":\"https:\/\/www.inteligenia.info\/home\/congreso-lisa-institute-2025-el-futuro-del-talento-en-seguridad-inteligencia-y-defensa\/#breadcrumb\"},\"inLanguage\":\"es\",\"potentialAction\":[{\"@type\":\"ReadAction\",\"target\":[\"https:\/\/www.inteligenia.info\/home\/congreso-lisa-institute-2025-el-futuro-del-talento-en-seguridad-inteligencia-y-defensa\/\"]}]},{\"@type\":\"ImageObject\",\"inLanguage\":\"es\",\"@id\":\"https:\/\/www.inteligenia.info\/home\/congreso-lisa-institute-2025-el-futuro-del-talento-en-seguridad-inteligencia-y-defensa\/#primaryimage\",\"url\":\"https:\/\/www.inteligenia.info\/wp-content\/uploads\/2025\/09\/Captura-de-pantalla-2025-09-25-115828-e1758794476466.png\",\"contentUrl\":\"https:\/\/www.inteligenia.info\/wp-content\/uploads\/2025\/09\/Captura-de-pantalla-2025-09-25-115828-e1758794476466.png\",\"width\":500,\"height\":229},{\"@type\":\"BreadcrumbList\",\"@id\":\"https:\/\/www.inteligenia.info\/home\/congreso-lisa-institute-2025-el-futuro-del-talento-en-seguridad-inteligencia-y-defensa\/#breadcrumb\",\"itemListElement\":[{\"@type\":\"ListItem\",\"position\":1,\"name\":\"Portada\",\"item\":\"https:\/\/www.inteligenia.info\/home\/\"},{\"@type\":\"ListItem\",\"position\":2,\"name\":\"Congreso LISA Institute 2025 &#8211; El Futuro del Talento en Seguridad, Inteligencia y Defensa\"}]},{\"@type\":\"WebSite\",\"@id\":\"https:\/\/www.inteligenia.info\/home\/#website\",\"url\":\"https:\/\/www.inteligenia.info\/home\/\",\"name\":\"Inteligenia\",\"description\":\"\",\"publisher\":{\"@id\":\"https:\/\/www.inteligenia.info\/home\/#organization\"},\"potentialAction\":[{\"@type\":\"SearchAction\",\"target\":{\"@type\":\"EntryPoint\",\"urlTemplate\":\"https:\/\/www.inteligenia.info\/home\/?s={search_term_string}\"},\"query-input\":{\"@type\":\"PropertyValueSpecification\",\"valueRequired\":true,\"valueName\":\"search_term_string\"}}],\"inLanguage\":\"es\"},{\"@type\":\"Organization\",\"@id\":\"https:\/\/www.inteligenia.info\/home\/#organization\",\"name\":\"Inteligenia\",\"url\":\"https:\/\/www.inteligenia.info\/home\/\",\"logo\":{\"@type\":\"ImageObject\",\"inLanguage\":\"es\",\"@id\":\"https:\/\/www.inteligenia.info\/home\/#\/schema\/logo\/image\/\",\"url\":\"https:\/\/www.inteligenia.info\/wp-content\/uploads\/2024\/06\/transparent_logo-1-e1718047668142.png\",\"contentUrl\":\"https:\/\/www.inteligenia.info\/wp-content\/uploads\/2024\/06\/transparent_logo-1-e1718047668142.png\",\"width\":674,\"height\":141,\"caption\":\"Inteligenia\"},\"image\":{\"@id\":\"https:\/\/www.inteligenia.info\/home\/#\/schema\/logo\/image\/\"},\"sameAs\":[\"https:\/\/x.com\/INTELIGENIA_\",\"https:\/\/www.linkedin.com\/company\/inteligenia\/?viewAsMember=true\"]},{\"@type\":\"Person\",\"@id\":\"https:\/\/www.inteligenia.info\/home\/#\/schema\/person\/1bf90ee63c207f611a224f9c17dbf031\",\"name\":\"admin\",\"image\":{\"@type\":\"ImageObject\",\"inLanguage\":\"es\",\"@id\":\"https:\/\/www.inteligenia.info\/home\/#\/schema\/person\/image\/\",\"url\":\"https:\/\/secure.gravatar.com\/avatar\/ed712be762908ac190eb3beb8cf9efb0dc9c425bd7b69d40ba8746efca2909c6?s=96&d=mm&r=g\",\"contentUrl\":\"https:\/\/secure.gravatar.com\/avatar\/ed712be762908ac190eb3beb8cf9efb0dc9c425bd7b69d40ba8746efca2909c6?s=96&d=mm&r=g\",\"caption\":\"admin\"},\"sameAs\":[\"http:\/\/www.inteligenia.info\"],\"url\":\"https:\/\/www.inteligenia.info\/home\/author\/admin\/\"}]}<\/script>\n<!-- \/ Yoast SEO plugin. -->","yoast_head_json":{"title":"Congreso LISA Institute 2025 - El Futuro del Talento en Seguridad, Inteligencia y Defensa - Inteligenia","robots":{"index":"index","follow":"follow","max-snippet":"max-snippet:-1","max-image-preview":"max-image-preview:large","max-video-preview":"max-video-preview:-1"},"canonical":"https:\/\/www.inteligenia.info\/home\/congreso-lisa-institute-2025-el-futuro-del-talento-en-seguridad-inteligencia-y-defensa\/","og_locale":"es_ES","og_type":"article","og_title":"Congreso LISA Institute 2025 - El Futuro del Talento en Seguridad, Inteligencia y Defensa - Inteligenia","og_description":"El pasado 18 de septiembre, una delegaci\u00f3n de Inteligenia, compuesta por nuestros analistas de inteligencia en pr\u00e1cticas, tuvo la oportunidad de asistir al #CongresoLISA2025 \u201cEl Futuro del Talento en Seguridad, Inteligencia y Defensa\u201d, celebrado en la Asociaci\u00f3n Pro Hu\u00e9rfanos de la Guardia Civil. Esta jornada reuni\u00f3 a destacados expertos del \u00e1mbito p\u00fablico, privado y acad\u00e9mico [&hellip;]","og_url":"https:\/\/www.inteligenia.info\/home\/congreso-lisa-institute-2025-el-futuro-del-talento-en-seguridad-inteligencia-y-defensa\/","og_site_name":"Inteligenia","article_published_time":"2025-09-25T10:01:32+00:00","article_modified_time":"2025-09-25T10:14:40+00:00","og_image":[{"width":500,"height":229,"url":"https:\/\/www.inteligenia.info\/wp-content\/uploads\/2025\/09\/Captura-de-pantalla-2025-09-25-115828-e1758794476466.png","type":"image\/png"}],"author":"admin","twitter_card":"summary_large_image","twitter_creator":"@INTELIGENIA_","twitter_site":"@INTELIGENIA_","twitter_misc":{"Escrito por":"admin","Tiempo de lectura":"12 minutos"},"schema":{"@context":"https:\/\/schema.org","@graph":[{"@type":"Article","@id":"https:\/\/www.inteligenia.info\/home\/congreso-lisa-institute-2025-el-futuro-del-talento-en-seguridad-inteligencia-y-defensa\/#article","isPartOf":{"@id":"https:\/\/www.inteligenia.info\/home\/congreso-lisa-institute-2025-el-futuro-del-talento-en-seguridad-inteligencia-y-defensa\/"},"author":{"name":"admin","@id":"https:\/\/www.inteligenia.info\/home\/#\/schema\/person\/1bf90ee63c207f611a224f9c17dbf031"},"headline":"Congreso LISA Institute 2025 &#8211; El Futuro del Talento en Seguridad, Inteligencia y Defensa","datePublished":"2025-09-25T10:01:32+00:00","dateModified":"2025-09-25T10:14:40+00:00","mainEntityOfPage":{"@id":"https:\/\/www.inteligenia.info\/home\/congreso-lisa-institute-2025-el-futuro-del-talento-en-seguridad-inteligencia-y-defensa\/"},"wordCount":2471,"commentCount":0,"publisher":{"@id":"https:\/\/www.inteligenia.info\/home\/#organization"},"image":{"@id":"https:\/\/www.inteligenia.info\/home\/congreso-lisa-institute-2025-el-futuro-del-talento-en-seguridad-inteligencia-y-defensa\/#primaryimage"},"thumbnailUrl":"https:\/\/www.inteligenia.info\/wp-content\/uploads\/2025\/09\/Captura-de-pantalla-2025-09-25-115828-e1758794476466.png","articleSection":["Noticias"],"inLanguage":"es","potentialAction":[{"@type":"CommentAction","name":"Comment","target":["https:\/\/www.inteligenia.info\/home\/congreso-lisa-institute-2025-el-futuro-del-talento-en-seguridad-inteligencia-y-defensa\/#respond"]}]},{"@type":"WebPage","@id":"https:\/\/www.inteligenia.info\/home\/congreso-lisa-institute-2025-el-futuro-del-talento-en-seguridad-inteligencia-y-defensa\/","url":"https:\/\/www.inteligenia.info\/home\/congreso-lisa-institute-2025-el-futuro-del-talento-en-seguridad-inteligencia-y-defensa\/","name":"Congreso LISA Institute 2025 - El Futuro del Talento en Seguridad, Inteligencia y Defensa - Inteligenia","isPartOf":{"@id":"https:\/\/www.inteligenia.info\/home\/#website"},"primaryImageOfPage":{"@id":"https:\/\/www.inteligenia.info\/home\/congreso-lisa-institute-2025-el-futuro-del-talento-en-seguridad-inteligencia-y-defensa\/#primaryimage"},"image":{"@id":"https:\/\/www.inteligenia.info\/home\/congreso-lisa-institute-2025-el-futuro-del-talento-en-seguridad-inteligencia-y-defensa\/#primaryimage"},"thumbnailUrl":"https:\/\/www.inteligenia.info\/wp-content\/uploads\/2025\/09\/Captura-de-pantalla-2025-09-25-115828-e1758794476466.png","datePublished":"2025-09-25T10:01:32+00:00","dateModified":"2025-09-25T10:14:40+00:00","breadcrumb":{"@id":"https:\/\/www.inteligenia.info\/home\/congreso-lisa-institute-2025-el-futuro-del-talento-en-seguridad-inteligencia-y-defensa\/#breadcrumb"},"inLanguage":"es","potentialAction":[{"@type":"ReadAction","target":["https:\/\/www.inteligenia.info\/home\/congreso-lisa-institute-2025-el-futuro-del-talento-en-seguridad-inteligencia-y-defensa\/"]}]},{"@type":"ImageObject","inLanguage":"es","@id":"https:\/\/www.inteligenia.info\/home\/congreso-lisa-institute-2025-el-futuro-del-talento-en-seguridad-inteligencia-y-defensa\/#primaryimage","url":"https:\/\/www.inteligenia.info\/wp-content\/uploads\/2025\/09\/Captura-de-pantalla-2025-09-25-115828-e1758794476466.png","contentUrl":"https:\/\/www.inteligenia.info\/wp-content\/uploads\/2025\/09\/Captura-de-pantalla-2025-09-25-115828-e1758794476466.png","width":500,"height":229},{"@type":"BreadcrumbList","@id":"https:\/\/www.inteligenia.info\/home\/congreso-lisa-institute-2025-el-futuro-del-talento-en-seguridad-inteligencia-y-defensa\/#breadcrumb","itemListElement":[{"@type":"ListItem","position":1,"name":"Portada","item":"https:\/\/www.inteligenia.info\/home\/"},{"@type":"ListItem","position":2,"name":"Congreso LISA Institute 2025 &#8211; El Futuro del Talento en Seguridad, Inteligencia y Defensa"}]},{"@type":"WebSite","@id":"https:\/\/www.inteligenia.info\/home\/#website","url":"https:\/\/www.inteligenia.info\/home\/","name":"Inteligenia","description":"","publisher":{"@id":"https:\/\/www.inteligenia.info\/home\/#organization"},"potentialAction":[{"@type":"SearchAction","target":{"@type":"EntryPoint","urlTemplate":"https:\/\/www.inteligenia.info\/home\/?s={search_term_string}"},"query-input":{"@type":"PropertyValueSpecification","valueRequired":true,"valueName":"search_term_string"}}],"inLanguage":"es"},{"@type":"Organization","@id":"https:\/\/www.inteligenia.info\/home\/#organization","name":"Inteligenia","url":"https:\/\/www.inteligenia.info\/home\/","logo":{"@type":"ImageObject","inLanguage":"es","@id":"https:\/\/www.inteligenia.info\/home\/#\/schema\/logo\/image\/","url":"https:\/\/www.inteligenia.info\/wp-content\/uploads\/2024\/06\/transparent_logo-1-e1718047668142.png","contentUrl":"https:\/\/www.inteligenia.info\/wp-content\/uploads\/2024\/06\/transparent_logo-1-e1718047668142.png","width":674,"height":141,"caption":"Inteligenia"},"image":{"@id":"https:\/\/www.inteligenia.info\/home\/#\/schema\/logo\/image\/"},"sameAs":["https:\/\/x.com\/INTELIGENIA_","https:\/\/www.linkedin.com\/company\/inteligenia\/?viewAsMember=true"]},{"@type":"Person","@id":"https:\/\/www.inteligenia.info\/home\/#\/schema\/person\/1bf90ee63c207f611a224f9c17dbf031","name":"admin","image":{"@type":"ImageObject","inLanguage":"es","@id":"https:\/\/www.inteligenia.info\/home\/#\/schema\/person\/image\/","url":"https:\/\/secure.gravatar.com\/avatar\/ed712be762908ac190eb3beb8cf9efb0dc9c425bd7b69d40ba8746efca2909c6?s=96&d=mm&r=g","contentUrl":"https:\/\/secure.gravatar.com\/avatar\/ed712be762908ac190eb3beb8cf9efb0dc9c425bd7b69d40ba8746efca2909c6?s=96&d=mm&r=g","caption":"admin"},"sameAs":["http:\/\/www.inteligenia.info"],"url":"https:\/\/www.inteligenia.info\/home\/author\/admin\/"}]}},"_links":{"self":[{"href":"https:\/\/www.inteligenia.info\/home\/wp-json\/wp\/v2\/posts\/1188","targetHints":{"allow":["GET"]}}],"collection":[{"href":"https:\/\/www.inteligenia.info\/home\/wp-json\/wp\/v2\/posts"}],"about":[{"href":"https:\/\/www.inteligenia.info\/home\/wp-json\/wp\/v2\/types\/post"}],"author":[{"embeddable":true,"href":"https:\/\/www.inteligenia.info\/home\/wp-json\/wp\/v2\/users\/1"}],"replies":[{"embeddable":true,"href":"https:\/\/www.inteligenia.info\/home\/wp-json\/wp\/v2\/comments?post=1188"}],"version-history":[{"count":3,"href":"https:\/\/www.inteligenia.info\/home\/wp-json\/wp\/v2\/posts\/1188\/revisions"}],"predecessor-version":[{"id":1200,"href":"https:\/\/www.inteligenia.info\/home\/wp-json\/wp\/v2\/posts\/1188\/revisions\/1200"}],"wp:featuredmedia":[{"embeddable":true,"href":"https:\/\/www.inteligenia.info\/home\/wp-json\/wp\/v2\/media\/1197"}],"wp:attachment":[{"href":"https:\/\/www.inteligenia.info\/home\/wp-json\/wp\/v2\/media?parent=1188"}],"wp:term":[{"taxonomy":"category","embeddable":true,"href":"https:\/\/www.inteligenia.info\/home\/wp-json\/wp\/v2\/categories?post=1188"},{"taxonomy":"post_tag","embeddable":true,"href":"https:\/\/www.inteligenia.info\/home\/wp-json\/wp\/v2\/tags?post=1188"}],"curies":[{"name":"wp","href":"https:\/\/api.w.org\/{rel}","templated":true}]}}