{"id":1201,"date":"2025-09-29T07:38:08","date_gmt":"2025-09-29T07:38:08","guid":{"rendered":"https:\/\/www.inteligenia.info\/?p=1201"},"modified":"2025-09-29T07:38:10","modified_gmt":"2025-09-29T07:38:10","slug":"inteligencia-estrategica-de-seguridad-nacional-america-latina-y-el-caribe","status":"publish","type":"post","link":"https:\/\/www.inteligenia.info\/home\/inteligencia-estrategica-de-seguridad-nacional-america-latina-y-el-caribe\/","title":{"rendered":"INTELIGENCIA ESTRAT\u00c9GICA DE SEGURIDAD NACIONAL &#8211; Am\u00e9rica Latina y el Caribe"},"content":{"rendered":"\n<hr class=\"wp-block-separator has-css-opacity is-style-default\"\/>\n\n\n<div class=\"wp-block-image is-style-rounded\">\n<figure class=\"aligncenter size-full is-resized\"><img decoding=\"async\" src=\"https:\/\/www.inteligenia.info\/wp-content\/uploads\/2025\/09\/LOGO-nombre-COLOR-webp.webp\" alt=\"\" class=\"wp-image-1203\" style=\"width:416px;height:auto\"\/><\/figure>\n<\/div>\n\n\n<blockquote class=\"wp-block-quote has-text-align-center is-style-large is-layout-flow wp-block-quote-is-layout-flow\">\n<p>Es el <strong>primer think tank independiente de Am\u00e9rica Latina<\/strong> especializado en an\u00e1lisis de seguridad, inteligencia y gobernanza estrat\u00e9gica, con sede en Argentina. Su compromiso consiste en <strong>transformar el conocimiento especializado en una herramienta para la toma de decisiones informadas<\/strong>, estableciendo nuevos est\u00e1ndares de excelencia en el an\u00e1lisis de seguridad latinoamericano y aplicando la <strong>metodolog\u00eda anal\u00edtica rigurosa de Sherman Kent<\/strong> a los desaf\u00edos contempor\u00e1neos de la regi\u00f3n.<\/p>\n\n\n<\/blockquote>\n\n\n\n<hr class=\"wp-block-separator has-css-opacity is-style-default\"\/>\n\n\n\n<p>El <strong>Primer Informe FUSK (julio 2025)<\/strong> constituye un an\u00e1lisis integral sobre la seguridad nacional en Am\u00e9rica Latina y el Caribe. El documento identifica y eval\u00faa las principales amenazas que afectan a la regi\u00f3n, diferenciando entre factores tradicionales y emergentes, y subraya la necesidad urgente de respuestas coordinadas para preservar la estabilidad hemisf\u00e9rica.<\/p>\n\n\n\n<h3 class=\"wp-block-heading has-kubio-color-4-color has-text-color has-link-color wp-elements-ef4261d363ab76d22da479435c35fefe\">1. Convergencia de amenazas sin precedentes<\/h3>\n\n\n\n<p>Am\u00e9rica Latina enfrenta actualmente la <strong>mayor concentraci\u00f3n y complejidad de riesgos en su historia contempor\u00e1nea<\/strong>. Con solo el 8 % de la poblaci\u00f3n mundial, la regi\u00f3n concentra el 25 % de los homicidios globales y alberga redes criminales que generan m\u00e1s de 150 mil millones de d\u00f3lares anuales. La combinaci\u00f3n de violencia, crimen organizado, terrorismo y ciberataques representa un desaf\u00edo sist\u00e9mico que amenaza la gobernabilidad y la seguridad regional.<\/p>\n\n\n\n<h3 class=\"wp-block-heading has-kubio-color-4-color has-text-color has-link-color wp-elements-c36c7f4e385fe72147826f92b1a8aa62\">2. Crimen organizado transnacional<\/h3>\n\n\n\n<p>El informe documenta la <strong>evoluci\u00f3n estructural del crimen organizado<\/strong> hacia redes descentralizadas, m\u00e1s violentas y resilientes. Entre los hitos recientes destacan la <strong>captura de Ismael \u201cEl Mayo\u201d Zambada<\/strong>, que fragment\u00f3 al C\u00e1rtel de Sinaloa, y la <strong>alianza estrat\u00e9gica entre el PCC y el Comando Vermelho en Brasil<\/strong>, que controla el 70 % del sistema penitenciario y establece corredores il\u00edcitos hacia Europa. Rutas cr\u00edticas como el <strong>Corredor del Pac\u00edfico<\/strong> y la <strong>Hidrov\u00eda Paran\u00e1\u2013Paraguay<\/strong> se han consolidado como verdaderas \u201cautopistas del crimen\u201d.<\/p>\n\n\n\n<h3 class=\"wp-block-heading has-kubio-color-4-color has-text-color has-link-color wp-elements-6fc94573f44d53ec25d303c81e1fc91a\">3. Terrorismo y extremismo violento<\/h3>\n\n\n\n<p>Aunque la regi\u00f3n manten\u00eda un nivel de riesgo \u201cbajo\u201d seg\u00fan la ONU, el informe alerta sobre una <strong>mutaci\u00f3n hacia formas h\u00edbridas de terrorismo<\/strong> que combinan motivaciones pol\u00edticas, criminales y religiosas. Hezbollah mantiene presencia operativa en 16 pa\u00edses y genera 300 millones de d\u00f3lares anuales en actividades il\u00edcitas, integr\u00e1ndose con carteles locales y utilizando criptomonedas para financiarse. Al mismo tiempo, grupos armados como el ELN y las disidencias de las FARC intensifican operaciones en Colombia, mientras emergen redes transnacionales de extremismo tanto de derecha como de izquierda.<\/p>\n\n\n\n<h3 class=\"wp-block-heading has-kubio-color-4-color has-text-color has-link-color wp-elements-26c8bd39c1045917432b9c52b4f6eaab\">4. Ciberseguridad y guerra h\u00edbrida<\/h3>\n\n\n\n<p>La regi\u00f3n registra <strong>2.569 ataques cibern\u00e9ticos semanales por organizaci\u00f3n<\/strong>, 40 % por encima del promedio global. Brasil, Chile y M\u00e9xico concentran los incidentes m\u00e1s graves. Los ataques incluyen robo masivo de datos, ransomware a infraestructuras cr\u00edticas y campa\u00f1as de desinformaci\u00f3n impulsadas por actores estatales, especialmente Rusia y China. La <strong>baja madurez en ciberseguridad<\/strong> convierte a Am\u00e9rica Latina en un objetivo de alto valor para actores maliciosos.<\/p>\n\n\n\n<h3 class=\"wp-block-heading has-kubio-color-4-color has-text-color has-link-color wp-elements-c4d9911a57b4e95590eb29e8421c1bb4\">5. Inteligencia extranjera y operaciones de influencia<\/h3>\n\n\n\n<p>China, Rusia e Ir\u00e1n han incrementado su <strong>penetraci\u00f3n estrat\u00e9gica<\/strong> en Am\u00e9rica Latina. China controla puertos clave y redes 5G (como Chancay en Per\u00fa); Rusia opera radares en Venezuela y tropas en Nicaragua; e Ir\u00e1n facilita operaciones de Hezbollah desde Caracas. Estas potencias combinan inversiones en infraestructura, medios de comunicaci\u00f3n y tecnolog\u00eda para <strong>fortalecer su influencia y debilitar los v\u00ednculos con Occidente<\/strong>.<\/p>\n\n\n\n<h3 class=\"wp-block-heading has-kubio-color-4-color has-text-color has-link-color wp-elements-c036f28c447a19d5970512d0e609202f\">6. Amenazas emergentes<\/h3>\n\n\n\n<p>El informe advierte sobre <strong>nuevas amenazas de alto impacto futuro<\/strong>:<\/p>\n\n\n\n<ul class=\"wp-block-list\">\n<li><strong>Bioamenazas<\/strong> facilitadas por la integraci\u00f3n de IA y biotecnolog\u00eda.<\/li>\n\n\n\n<li><strong>Criptocrimen<\/strong>, que se ha convertido en el principal facilitador financiero de redes criminales.<\/li>\n\n\n\n<li><strong>Guerra cognitiva<\/strong>, que explota vulnerabilidades psicol\u00f3gicas y manipula narrativas sociales mediante IA generativa, deepfakes y campa\u00f1as coordinadas.<\/li>\n<\/ul>\n\n\n\n<p>Estas amenazas poseen un potencial disruptivo capaz de transformar el entorno de seguridad regional en menos de cinco a\u00f1os.<\/p>\n\n\n\n<h3 class=\"wp-block-heading has-kubio-color-4-color has-text-color has-link-color wp-elements-02b15e0973741020dba77178b46135de\">7. Pa\u00edses en riesgo cr\u00edtico y alto<\/h3>\n\n\n\n<p>Se identifican <strong>ocho pa\u00edses en riesgo cr\u00edtico<\/strong>: Hait\u00ed, Venezuela, Ecuador, M\u00e9xico, Colombia, Trinidad y Tobago, Honduras y Paraguay.<\/p>\n\n\n\n<ul class=\"wp-block-list\">\n<li><strong>Hait\u00ed<\/strong> constituye el caso m\u00e1s extremo de colapso estatal, con 90 % de su capital bajo control de pandillas.<\/li>\n\n\n\n<li><strong>Venezuela<\/strong> enfrenta una crisis terminal de legitimidad y exporta criminalidad a todo el continente a trav\u00e9s del Tren de Aragua.<\/li>\n\n\n\n<li><strong>Ecuador<\/strong> pas\u00f3 de \u201cisla de paz\u201d al pa\u00eds m\u00e1s violento de Sudam\u00e9rica.<\/li>\n\n\n\n<li><strong>M\u00e9xico<\/strong> vive una escalada tras la fragmentaci\u00f3n del C\u00e1rtel de Sinaloa.<\/li>\n<\/ul>\n\n\n\n<p>Otros pa\u00edses como Brasil, Guatemala, Jamaica, Per\u00fa y Argentina figuran en <strong>riesgo alto<\/strong>, con vulnerabilidades significativas aunque todav\u00eda manejables.<\/p>\n\n\n\n<h3 class=\"wp-block-heading has-kubio-color-4-color has-text-color has-link-color wp-elements-c47deb10078278e02b4bab07e08c5d69\">8. Conclusiones estrat\u00e9gicas<\/h3>\n\n\n\n<p>El informe concluye que la <strong>seguridad hemisf\u00e9rica se encuentra en riesgo de deterioro irreversible<\/strong> en la pr\u00f3xima d\u00e9cada si no se implementan medidas urgentes. Se recomienda:<\/p>\n\n\n\n<ul class=\"wp-block-list\">\n<li><strong>Coordinaci\u00f3n inmediata<\/strong> entre gobiernos nacionales, sector privado y organismos internacionales.<\/li>\n\n\n\n<li><strong>Integraci\u00f3n de pol\u00edticas de seguridad f\u00edsica, ciberdefensa y control financiero<\/strong>.<\/li>\n\n\n\n<li><strong>Refuerzo institucional y cooperaci\u00f3n transnacional<\/strong> para frenar la expansi\u00f3n del crimen organizado y mitigar amenazas emergentes.<\/li>\n<\/ul>\n\n\n\n<p>Sin estas acciones, las redes il\u00edcitas consolidar\u00e1n su poder, debilitando a\u00fan m\u00e1s las democracias y generando flujos migratorios masivos con repercusiones hemisf\u00e9ricas.<\/p>\n\n\n\n<h2 class=\"wp-block-heading has-kubio-color-4-color has-text-color has-link-color wp-elements-13d6e13beec843da93ca154dc95f9431\">INFORME COMPLETO<\/h2>\n\n\n\n<div data-wp-interactive=\"core\/file\" class=\"wp-block-file aligncenter\"><object data-wp-bind--hidden=\"!state.hasPdfPreview\" hidden class=\"wp-block-file__embed\" data=\"https:\/\/www.inteligenia.info\/wp-content\/uploads\/2025\/09\/FUSK-Primer-Informe-Julio25.pdf\" type=\"application\/pdf\" style=\"width:100%;height:600px\" aria-label=\"Incrustado de FUSK-Primer-Informe-Julio25.\"><\/object><a id=\"wp-block-file--media-52c24e33-9558-430d-af3a-fe0dc8ea3fc0\" href=\"https:\/\/www.inteligenia.info\/wp-content\/uploads\/2025\/09\/FUSK-Primer-Informe-Julio25.pdf\" target=\"_blank\" rel=\"noreferrer noopener\">FUSK-Primer-Informe-Julio25<\/a><a href=\"https:\/\/www.inteligenia.info\/wp-content\/uploads\/2025\/09\/FUSK-Primer-Informe-Julio25.pdf\" class=\"wp-block-file__button wp-element-button\" download aria-describedby=\"wp-block-file--media-52c24e33-9558-430d-af3a-fe0dc8ea3fc0\">Descarga<\/a><\/div>\n","protected":false},"excerpt":{"rendered":"<p>El Primer Informe FUSK (julio 2025) constituye un an\u00e1lisis integral sobre la seguridad nacional en Am\u00e9rica Latina y el Caribe. El documento identifica y eval\u00faa las principales amenazas que afectan a la regi\u00f3n, diferenciando entre factores tradicionales y emergentes, y subraya la necesidad urgente de respuestas coordinadas para preservar la estabilidad hemisf\u00e9rica. 1. Convergencia de [&hellip;]<\/p>\n","protected":false},"author":1,"featured_media":1203,"comment_status":"open","ping_status":"open","sticky":false,"template":"","format":"standard","meta":{"saved_in_kubio":false,"footnotes":""},"categories":[13,20],"tags":[],"class_list":["post-1201","post","type-post","status-publish","format-standard","has-post-thumbnail","hentry","category-articulos","category-inteligencia"],"yoast_head":"<!-- This site is optimized with the Yoast SEO plugin v27.0 - https:\/\/yoast.com\/product\/yoast-seo-wordpress\/ -->\n<title>INTELIGENCIA ESTRAT\u00c9GICA DE SEGURIDAD NACIONAL - Am\u00e9rica Latina y el Caribe - Inteligenia<\/title>\n<meta name=\"robots\" content=\"index, follow, max-snippet:-1, max-image-preview:large, max-video-preview:-1\" \/>\n<link rel=\"canonical\" href=\"https:\/\/www.inteligenia.info\/home\/inteligencia-estrategica-de-seguridad-nacional-america-latina-y-el-caribe\/\" \/>\n<meta property=\"og:locale\" content=\"es_ES\" \/>\n<meta property=\"og:type\" content=\"article\" \/>\n<meta property=\"og:title\" content=\"INTELIGENCIA ESTRAT\u00c9GICA DE SEGURIDAD NACIONAL - Am\u00e9rica Latina y el Caribe - Inteligenia\" \/>\n<meta property=\"og:description\" content=\"El Primer Informe FUSK (julio 2025) constituye un an\u00e1lisis integral sobre la seguridad nacional en Am\u00e9rica Latina y el Caribe. El documento identifica y eval\u00faa las principales amenazas que afectan a la regi\u00f3n, diferenciando entre factores tradicionales y emergentes, y subraya la necesidad urgente de respuestas coordinadas para preservar la estabilidad hemisf\u00e9rica. 1. Convergencia de [&hellip;]\" \/>\n<meta property=\"og:url\" content=\"https:\/\/www.inteligenia.info\/home\/inteligencia-estrategica-de-seguridad-nacional-america-latina-y-el-caribe\/\" \/>\n<meta property=\"og:site_name\" content=\"Inteligenia\" \/>\n<meta property=\"article:published_time\" content=\"2025-09-29T07:38:08+00:00\" \/>\n<meta property=\"article:modified_time\" content=\"2025-09-29T07:38:10+00:00\" \/>\n<meta property=\"og:image\" content=\"https:\/\/www.inteligenia.info\/wp-content\/uploads\/2025\/09\/LOGO-nombre-COLOR-webp-e1759131481323.webp\" \/>\n\t<meta property=\"og:image:width\" content=\"500\" \/>\n\t<meta property=\"og:image:height\" content=\"197\" \/>\n\t<meta property=\"og:image:type\" content=\"image\/webp\" \/>\n<meta name=\"author\" content=\"admin\" \/>\n<meta name=\"twitter:card\" content=\"summary_large_image\" \/>\n<meta name=\"twitter:creator\" content=\"@INTELIGENIA_\" \/>\n<meta name=\"twitter:site\" content=\"@INTELIGENIA_\" \/>\n<meta name=\"twitter:label1\" content=\"Escrito por\" \/>\n\t<meta name=\"twitter:data1\" content=\"admin\" \/>\n\t<meta name=\"twitter:label2\" content=\"Tiempo de lectura\" \/>\n\t<meta name=\"twitter:data2\" content=\"4 minutos\" \/>\n<script type=\"application\/ld+json\" class=\"yoast-schema-graph\">{\"@context\":\"https:\/\/schema.org\",\"@graph\":[{\"@type\":\"Article\",\"@id\":\"https:\/\/www.inteligenia.info\/home\/inteligencia-estrategica-de-seguridad-nacional-america-latina-y-el-caribe\/#article\",\"isPartOf\":{\"@id\":\"https:\/\/www.inteligenia.info\/home\/inteligencia-estrategica-de-seguridad-nacional-america-latina-y-el-caribe\/\"},\"author\":{\"name\":\"admin\",\"@id\":\"https:\/\/www.inteligenia.info\/home\/#\/schema\/person\/1bf90ee63c207f611a224f9c17dbf031\"},\"headline\":\"INTELIGENCIA ESTRAT\u00c9GICA DE SEGURIDAD NACIONAL &#8211; Am\u00e9rica Latina y el Caribe\",\"datePublished\":\"2025-09-29T07:38:08+00:00\",\"dateModified\":\"2025-09-29T07:38:10+00:00\",\"mainEntityOfPage\":{\"@id\":\"https:\/\/www.inteligenia.info\/home\/inteligencia-estrategica-de-seguridad-nacional-america-latina-y-el-caribe\/\"},\"wordCount\":862,\"commentCount\":0,\"publisher\":{\"@id\":\"https:\/\/www.inteligenia.info\/home\/#organization\"},\"image\":{\"@id\":\"https:\/\/www.inteligenia.info\/home\/inteligencia-estrategica-de-seguridad-nacional-america-latina-y-el-caribe\/#primaryimage\"},\"thumbnailUrl\":\"https:\/\/www.inteligenia.info\/wp-content\/uploads\/2025\/09\/LOGO-nombre-COLOR-webp-e1759131481323.webp\",\"articleSection\":[\"Art\u00edculos\",\"Inteligencia\"],\"inLanguage\":\"es\",\"potentialAction\":[{\"@type\":\"CommentAction\",\"name\":\"Comment\",\"target\":[\"https:\/\/www.inteligenia.info\/home\/inteligencia-estrategica-de-seguridad-nacional-america-latina-y-el-caribe\/#respond\"]}]},{\"@type\":\"WebPage\",\"@id\":\"https:\/\/www.inteligenia.info\/home\/inteligencia-estrategica-de-seguridad-nacional-america-latina-y-el-caribe\/\",\"url\":\"https:\/\/www.inteligenia.info\/home\/inteligencia-estrategica-de-seguridad-nacional-america-latina-y-el-caribe\/\",\"name\":\"INTELIGENCIA ESTRAT\u00c9GICA DE SEGURIDAD NACIONAL - Am\u00e9rica Latina y el Caribe - Inteligenia\",\"isPartOf\":{\"@id\":\"https:\/\/www.inteligenia.info\/home\/#website\"},\"primaryImageOfPage\":{\"@id\":\"https:\/\/www.inteligenia.info\/home\/inteligencia-estrategica-de-seguridad-nacional-america-latina-y-el-caribe\/#primaryimage\"},\"image\":{\"@id\":\"https:\/\/www.inteligenia.info\/home\/inteligencia-estrategica-de-seguridad-nacional-america-latina-y-el-caribe\/#primaryimage\"},\"thumbnailUrl\":\"https:\/\/www.inteligenia.info\/wp-content\/uploads\/2025\/09\/LOGO-nombre-COLOR-webp-e1759131481323.webp\",\"datePublished\":\"2025-09-29T07:38:08+00:00\",\"dateModified\":\"2025-09-29T07:38:10+00:00\",\"breadcrumb\":{\"@id\":\"https:\/\/www.inteligenia.info\/home\/inteligencia-estrategica-de-seguridad-nacional-america-latina-y-el-caribe\/#breadcrumb\"},\"inLanguage\":\"es\",\"potentialAction\":[{\"@type\":\"ReadAction\",\"target\":[\"https:\/\/www.inteligenia.info\/home\/inteligencia-estrategica-de-seguridad-nacional-america-latina-y-el-caribe\/\"]}]},{\"@type\":\"ImageObject\",\"inLanguage\":\"es\",\"@id\":\"https:\/\/www.inteligenia.info\/home\/inteligencia-estrategica-de-seguridad-nacional-america-latina-y-el-caribe\/#primaryimage\",\"url\":\"https:\/\/www.inteligenia.info\/wp-content\/uploads\/2025\/09\/LOGO-nombre-COLOR-webp-e1759131481323.webp\",\"contentUrl\":\"https:\/\/www.inteligenia.info\/wp-content\/uploads\/2025\/09\/LOGO-nombre-COLOR-webp-e1759131481323.webp\",\"width\":500,\"height\":197},{\"@type\":\"BreadcrumbList\",\"@id\":\"https:\/\/www.inteligenia.info\/home\/inteligencia-estrategica-de-seguridad-nacional-america-latina-y-el-caribe\/#breadcrumb\",\"itemListElement\":[{\"@type\":\"ListItem\",\"position\":1,\"name\":\"Portada\",\"item\":\"https:\/\/www.inteligenia.info\/home\/\"},{\"@type\":\"ListItem\",\"position\":2,\"name\":\"INTELIGENCIA ESTRAT\u00c9GICA DE SEGURIDAD NACIONAL &#8211; Am\u00e9rica Latina y el Caribe\"}]},{\"@type\":\"WebSite\",\"@id\":\"https:\/\/www.inteligenia.info\/home\/#website\",\"url\":\"https:\/\/www.inteligenia.info\/home\/\",\"name\":\"Inteligenia\",\"description\":\"\",\"publisher\":{\"@id\":\"https:\/\/www.inteligenia.info\/home\/#organization\"},\"potentialAction\":[{\"@type\":\"SearchAction\",\"target\":{\"@type\":\"EntryPoint\",\"urlTemplate\":\"https:\/\/www.inteligenia.info\/home\/?s={search_term_string}\"},\"query-input\":{\"@type\":\"PropertyValueSpecification\",\"valueRequired\":true,\"valueName\":\"search_term_string\"}}],\"inLanguage\":\"es\"},{\"@type\":\"Organization\",\"@id\":\"https:\/\/www.inteligenia.info\/home\/#organization\",\"name\":\"Inteligenia\",\"url\":\"https:\/\/www.inteligenia.info\/home\/\",\"logo\":{\"@type\":\"ImageObject\",\"inLanguage\":\"es\",\"@id\":\"https:\/\/www.inteligenia.info\/home\/#\/schema\/logo\/image\/\",\"url\":\"https:\/\/www.inteligenia.info\/wp-content\/uploads\/2024\/06\/transparent_logo-1-e1718047668142.png\",\"contentUrl\":\"https:\/\/www.inteligenia.info\/wp-content\/uploads\/2024\/06\/transparent_logo-1-e1718047668142.png\",\"width\":674,\"height\":141,\"caption\":\"Inteligenia\"},\"image\":{\"@id\":\"https:\/\/www.inteligenia.info\/home\/#\/schema\/logo\/image\/\"},\"sameAs\":[\"https:\/\/x.com\/INTELIGENIA_\",\"https:\/\/www.linkedin.com\/company\/inteligenia\/?viewAsMember=true\"]},{\"@type\":\"Person\",\"@id\":\"https:\/\/www.inteligenia.info\/home\/#\/schema\/person\/1bf90ee63c207f611a224f9c17dbf031\",\"name\":\"admin\",\"image\":{\"@type\":\"ImageObject\",\"inLanguage\":\"es\",\"@id\":\"https:\/\/www.inteligenia.info\/home\/#\/schema\/person\/image\/\",\"url\":\"https:\/\/secure.gravatar.com\/avatar\/ed712be762908ac190eb3beb8cf9efb0dc9c425bd7b69d40ba8746efca2909c6?s=96&d=mm&r=g\",\"contentUrl\":\"https:\/\/secure.gravatar.com\/avatar\/ed712be762908ac190eb3beb8cf9efb0dc9c425bd7b69d40ba8746efca2909c6?s=96&d=mm&r=g\",\"caption\":\"admin\"},\"sameAs\":[\"http:\/\/www.inteligenia.info\"],\"url\":\"https:\/\/www.inteligenia.info\/home\/author\/admin\/\"}]}<\/script>\n<!-- \/ Yoast SEO plugin. -->","yoast_head_json":{"title":"INTELIGENCIA ESTRAT\u00c9GICA DE SEGURIDAD NACIONAL - Am\u00e9rica Latina y el Caribe - Inteligenia","robots":{"index":"index","follow":"follow","max-snippet":"max-snippet:-1","max-image-preview":"max-image-preview:large","max-video-preview":"max-video-preview:-1"},"canonical":"https:\/\/www.inteligenia.info\/home\/inteligencia-estrategica-de-seguridad-nacional-america-latina-y-el-caribe\/","og_locale":"es_ES","og_type":"article","og_title":"INTELIGENCIA ESTRAT\u00c9GICA DE SEGURIDAD NACIONAL - Am\u00e9rica Latina y el Caribe - Inteligenia","og_description":"El Primer Informe FUSK (julio 2025) constituye un an\u00e1lisis integral sobre la seguridad nacional en Am\u00e9rica Latina y el Caribe. El documento identifica y eval\u00faa las principales amenazas que afectan a la regi\u00f3n, diferenciando entre factores tradicionales y emergentes, y subraya la necesidad urgente de respuestas coordinadas para preservar la estabilidad hemisf\u00e9rica. 1. Convergencia de [&hellip;]","og_url":"https:\/\/www.inteligenia.info\/home\/inteligencia-estrategica-de-seguridad-nacional-america-latina-y-el-caribe\/","og_site_name":"Inteligenia","article_published_time":"2025-09-29T07:38:08+00:00","article_modified_time":"2025-09-29T07:38:10+00:00","og_image":[{"width":500,"height":197,"url":"https:\/\/www.inteligenia.info\/wp-content\/uploads\/2025\/09\/LOGO-nombre-COLOR-webp-e1759131481323.webp","type":"image\/webp"}],"author":"admin","twitter_card":"summary_large_image","twitter_creator":"@INTELIGENIA_","twitter_site":"@INTELIGENIA_","twitter_misc":{"Escrito por":"admin","Tiempo de lectura":"4 minutos"},"schema":{"@context":"https:\/\/schema.org","@graph":[{"@type":"Article","@id":"https:\/\/www.inteligenia.info\/home\/inteligencia-estrategica-de-seguridad-nacional-america-latina-y-el-caribe\/#article","isPartOf":{"@id":"https:\/\/www.inteligenia.info\/home\/inteligencia-estrategica-de-seguridad-nacional-america-latina-y-el-caribe\/"},"author":{"name":"admin","@id":"https:\/\/www.inteligenia.info\/home\/#\/schema\/person\/1bf90ee63c207f611a224f9c17dbf031"},"headline":"INTELIGENCIA ESTRAT\u00c9GICA DE SEGURIDAD NACIONAL &#8211; Am\u00e9rica Latina y el Caribe","datePublished":"2025-09-29T07:38:08+00:00","dateModified":"2025-09-29T07:38:10+00:00","mainEntityOfPage":{"@id":"https:\/\/www.inteligenia.info\/home\/inteligencia-estrategica-de-seguridad-nacional-america-latina-y-el-caribe\/"},"wordCount":862,"commentCount":0,"publisher":{"@id":"https:\/\/www.inteligenia.info\/home\/#organization"},"image":{"@id":"https:\/\/www.inteligenia.info\/home\/inteligencia-estrategica-de-seguridad-nacional-america-latina-y-el-caribe\/#primaryimage"},"thumbnailUrl":"https:\/\/www.inteligenia.info\/wp-content\/uploads\/2025\/09\/LOGO-nombre-COLOR-webp-e1759131481323.webp","articleSection":["Art\u00edculos","Inteligencia"],"inLanguage":"es","potentialAction":[{"@type":"CommentAction","name":"Comment","target":["https:\/\/www.inteligenia.info\/home\/inteligencia-estrategica-de-seguridad-nacional-america-latina-y-el-caribe\/#respond"]}]},{"@type":"WebPage","@id":"https:\/\/www.inteligenia.info\/home\/inteligencia-estrategica-de-seguridad-nacional-america-latina-y-el-caribe\/","url":"https:\/\/www.inteligenia.info\/home\/inteligencia-estrategica-de-seguridad-nacional-america-latina-y-el-caribe\/","name":"INTELIGENCIA ESTRAT\u00c9GICA DE SEGURIDAD NACIONAL - Am\u00e9rica Latina y el Caribe - Inteligenia","isPartOf":{"@id":"https:\/\/www.inteligenia.info\/home\/#website"},"primaryImageOfPage":{"@id":"https:\/\/www.inteligenia.info\/home\/inteligencia-estrategica-de-seguridad-nacional-america-latina-y-el-caribe\/#primaryimage"},"image":{"@id":"https:\/\/www.inteligenia.info\/home\/inteligencia-estrategica-de-seguridad-nacional-america-latina-y-el-caribe\/#primaryimage"},"thumbnailUrl":"https:\/\/www.inteligenia.info\/wp-content\/uploads\/2025\/09\/LOGO-nombre-COLOR-webp-e1759131481323.webp","datePublished":"2025-09-29T07:38:08+00:00","dateModified":"2025-09-29T07:38:10+00:00","breadcrumb":{"@id":"https:\/\/www.inteligenia.info\/home\/inteligencia-estrategica-de-seguridad-nacional-america-latina-y-el-caribe\/#breadcrumb"},"inLanguage":"es","potentialAction":[{"@type":"ReadAction","target":["https:\/\/www.inteligenia.info\/home\/inteligencia-estrategica-de-seguridad-nacional-america-latina-y-el-caribe\/"]}]},{"@type":"ImageObject","inLanguage":"es","@id":"https:\/\/www.inteligenia.info\/home\/inteligencia-estrategica-de-seguridad-nacional-america-latina-y-el-caribe\/#primaryimage","url":"https:\/\/www.inteligenia.info\/wp-content\/uploads\/2025\/09\/LOGO-nombre-COLOR-webp-e1759131481323.webp","contentUrl":"https:\/\/www.inteligenia.info\/wp-content\/uploads\/2025\/09\/LOGO-nombre-COLOR-webp-e1759131481323.webp","width":500,"height":197},{"@type":"BreadcrumbList","@id":"https:\/\/www.inteligenia.info\/home\/inteligencia-estrategica-de-seguridad-nacional-america-latina-y-el-caribe\/#breadcrumb","itemListElement":[{"@type":"ListItem","position":1,"name":"Portada","item":"https:\/\/www.inteligenia.info\/home\/"},{"@type":"ListItem","position":2,"name":"INTELIGENCIA ESTRAT\u00c9GICA DE SEGURIDAD NACIONAL &#8211; Am\u00e9rica Latina y el Caribe"}]},{"@type":"WebSite","@id":"https:\/\/www.inteligenia.info\/home\/#website","url":"https:\/\/www.inteligenia.info\/home\/","name":"Inteligenia","description":"","publisher":{"@id":"https:\/\/www.inteligenia.info\/home\/#organization"},"potentialAction":[{"@type":"SearchAction","target":{"@type":"EntryPoint","urlTemplate":"https:\/\/www.inteligenia.info\/home\/?s={search_term_string}"},"query-input":{"@type":"PropertyValueSpecification","valueRequired":true,"valueName":"search_term_string"}}],"inLanguage":"es"},{"@type":"Organization","@id":"https:\/\/www.inteligenia.info\/home\/#organization","name":"Inteligenia","url":"https:\/\/www.inteligenia.info\/home\/","logo":{"@type":"ImageObject","inLanguage":"es","@id":"https:\/\/www.inteligenia.info\/home\/#\/schema\/logo\/image\/","url":"https:\/\/www.inteligenia.info\/wp-content\/uploads\/2024\/06\/transparent_logo-1-e1718047668142.png","contentUrl":"https:\/\/www.inteligenia.info\/wp-content\/uploads\/2024\/06\/transparent_logo-1-e1718047668142.png","width":674,"height":141,"caption":"Inteligenia"},"image":{"@id":"https:\/\/www.inteligenia.info\/home\/#\/schema\/logo\/image\/"},"sameAs":["https:\/\/x.com\/INTELIGENIA_","https:\/\/www.linkedin.com\/company\/inteligenia\/?viewAsMember=true"]},{"@type":"Person","@id":"https:\/\/www.inteligenia.info\/home\/#\/schema\/person\/1bf90ee63c207f611a224f9c17dbf031","name":"admin","image":{"@type":"ImageObject","inLanguage":"es","@id":"https:\/\/www.inteligenia.info\/home\/#\/schema\/person\/image\/","url":"https:\/\/secure.gravatar.com\/avatar\/ed712be762908ac190eb3beb8cf9efb0dc9c425bd7b69d40ba8746efca2909c6?s=96&d=mm&r=g","contentUrl":"https:\/\/secure.gravatar.com\/avatar\/ed712be762908ac190eb3beb8cf9efb0dc9c425bd7b69d40ba8746efca2909c6?s=96&d=mm&r=g","caption":"admin"},"sameAs":["http:\/\/www.inteligenia.info"],"url":"https:\/\/www.inteligenia.info\/home\/author\/admin\/"}]}},"_links":{"self":[{"href":"https:\/\/www.inteligenia.info\/home\/wp-json\/wp\/v2\/posts\/1201","targetHints":{"allow":["GET"]}}],"collection":[{"href":"https:\/\/www.inteligenia.info\/home\/wp-json\/wp\/v2\/posts"}],"about":[{"href":"https:\/\/www.inteligenia.info\/home\/wp-json\/wp\/v2\/types\/post"}],"author":[{"embeddable":true,"href":"https:\/\/www.inteligenia.info\/home\/wp-json\/wp\/v2\/users\/1"}],"replies":[{"embeddable":true,"href":"https:\/\/www.inteligenia.info\/home\/wp-json\/wp\/v2\/comments?post=1201"}],"version-history":[{"count":1,"href":"https:\/\/www.inteligenia.info\/home\/wp-json\/wp\/v2\/posts\/1201\/revisions"}],"predecessor-version":[{"id":1204,"href":"https:\/\/www.inteligenia.info\/home\/wp-json\/wp\/v2\/posts\/1201\/revisions\/1204"}],"wp:featuredmedia":[{"embeddable":true,"href":"https:\/\/www.inteligenia.info\/home\/wp-json\/wp\/v2\/media\/1203"}],"wp:attachment":[{"href":"https:\/\/www.inteligenia.info\/home\/wp-json\/wp\/v2\/media?parent=1201"}],"wp:term":[{"taxonomy":"category","embeddable":true,"href":"https:\/\/www.inteligenia.info\/home\/wp-json\/wp\/v2\/categories?post=1201"},{"taxonomy":"post_tag","embeddable":true,"href":"https:\/\/www.inteligenia.info\/home\/wp-json\/wp\/v2\/tags?post=1201"}],"curies":[{"name":"wp","href":"https:\/\/api.w.org\/{rel}","templated":true}]}}