{"id":1205,"date":"2025-09-30T08:49:18","date_gmt":"2025-09-30T08:49:18","guid":{"rendered":"https:\/\/www.inteligenia.info\/?p=1205"},"modified":"2025-09-30T08:49:19","modified_gmt":"2025-09-30T08:49:19","slug":"analisis-sobre-las-protestas-y-movilizaciones-en-marruecos","status":"publish","type":"post","link":"https:\/\/www.inteligenia.info\/home\/analisis-sobre-las-protestas-y-movilizaciones-en-marruecos\/","title":{"rendered":"ANALISIS SOBRE LAS PROTESTAS Y MOVILIZACIONES EN MARRUECOS"},"content":{"rendered":"\n<p class=\"has-text-align-center\"><strong>27\u201330 SEPTIEMBRE 2025 &#8211; Departamento Inteligencia Anal\u00edtica<\/strong><\/p>\n\n\n\n<p>El presente <strong>an\u00e1lisis de inteligencia estrat\u00e9gica<\/strong> eval\u00faa las movilizaciones ocurridas en Marruecos entre el <strong>27 y el 30 de septiembre de 2025<\/strong>. Incluye una identificaci\u00f3n de factores estructurales y detonantes inmediatos, un mapeo de actores y su din\u00e1mica, una s\u00edntesis de la respuesta institucional y una valoraci\u00f3n de riesgos y escenarios plausibles a corto y medio plazo. El enfoque es operativo y objetivo: presentar hechos verificados p\u00fablicamente, inferencias plausibles y se\u00f1ales de alerta \u00fatiles para seguimiento, sin proponer soluciones pol\u00edticas concretas.<\/p>\n\n\n\n<h3 class=\"wp-block-heading has-kubio-color-4-color has-text-color has-link-color wp-elements-d6d55ee1d79e4b89a42f1d697e9c53ed\">PUNTOS CLAVE<\/h3>\n\n\n\n<ul class=\"wp-block-list\">\n<li><strong>Horizonte temporal:<\/strong> Movilizaciones iniciadas el <strong>27 de Septiembre de 2025<\/strong>; actividad sostenida entre el 27 y 29 de Septiembre.<\/li>\n\n\n\n<li><strong>N\u00facleo promotor:<\/strong> <strong>J\u00f3venes de la Generaci\u00f3n Z<\/strong>, organizados de forma descentralizada en redes sociales (canales identificados: <strong>GenZ212<\/strong>, <strong>Morocco Youth Voices<\/strong>).<\/li>\n\n\n\n<li><strong>Demandas principales:<\/strong> <strong>Mejoras en salud y educaci\u00f3n p\u00fablicas<\/strong>, <strong>creaci\u00f3n de empleo juvenil<\/strong>, <strong>lucha contra la corrupci\u00f3n<\/strong> y rechazo a la <strong>prioridad presupuestaria hacia megaproyectos deportivos<\/strong>.<\/li>\n\n\n\n<li><strong>Geograf\u00eda de impacto:<\/strong> Afectaci\u00f3n en centros urbanos (principalmente <strong>Rabat<\/strong> y <strong>Casablanca<\/strong>) y episodios relevantes en <strong>Marrakech, Agadir, T\u00e1nger, Fez, Meknes<\/strong> y <strong>Oujda<\/strong>.<\/li>\n\n\n\n<li><strong>Respuesta estatal:<\/strong> Estrategia de <strong>contenci\u00f3n operativa<\/strong> mediante despliegues policiales localizados, dispersi\u00f3n de concentraciones, incautaci\u00f3n de dispositivos denunciada y detenciones masivas provisionales.<\/li>\n\n\n\n<li><strong>Din\u00e1mica comunicativa:<\/strong> Alta dependencia de <strong>plataformas digitales<\/strong> (TikTok, Discord); difusi\u00f3n audiovisual r\u00e1pida y riesgo concomitante de <strong>desinformaci\u00f3n<\/strong>.<\/li>\n\n\n\n<li><strong>Riesgo estrat\u00e9gico:<\/strong> Visibilidad p\u00fablica reducida por la contenci\u00f3n, pero persistencia de d\u00e9ficits estructurales que mantienen una probabilidad no trivial de <strong>reactivaci\u00f3n o escalada<\/strong>.<\/li>\n<\/ul>\n\n\n\n<h3 class=\"wp-block-heading has-kubio-color-4-color has-text-color has-link-color wp-elements-250a6d67a4eb90507675d14221e4e566\">EVOLUCI\u00d3N DE LOS HECHOS Y DIN\u00c1MICA EN EL TERRENO<\/h3>\n\n\n\n<p>El contexto estructural que precede a las movilizaciones combina <strong>alto desempleo juvenil<\/strong>, <strong>deficiencias sostenidas en provisi\u00f3n sanitaria y educativa<\/strong>, y una percepci\u00f3n p\u00fablica de asignaci\u00f3n de recursos que prioriza infraestructuras de alto perfil por sobre servicios b\u00e1sicos. Incidentes concretos \u2014<strong>fallos asistenciales en hospitales locales<\/strong> y <strong>problemas no resueltos tras el terremoto de 2023<\/strong>\u2014 actuaron como <strong>catalizadores<\/strong> que convirtieron la indignaci\u00f3n latente en movilizaci\u00f3n visible.<\/p>\n\n\n\n<p>La movilizaci\u00f3n se organiz\u00f3 de forma <strong>descentralizada y digital<\/strong>: canales en redes sociales facilitaron convocatorias r\u00e1pidas y c\u00f3digos de conducta orientados a la no violencia. En ausencia de liderazgo formal, los promotores operaron como nodos de coordinaci\u00f3n, lo que complic\u00f3 la identificaci\u00f3n de interlocutores con capacidad de negociar en nombre de la protesta.<\/p>\n\n\n\n<p>Operativamente, el 27\/09 se registraron concentraciones iniciales en plazas y puntos emblem\u00e1ticos de varias ciudades; las fuerzas de seguridad procedieron a dispersarlas y realizaron las primeras detenciones. Los d\u00edas siguientes (28\u201329\/09) continu\u00f3 la din\u00e1mica: nuevos puntos de protesta, bloqueos localizados \u2014por ejemplo en ejes viales de Casablanca\u2014 y un acumulado de detenciones reportado por fuentes oficiales y organizaciones de derechos humanos. La acci\u00f3n estatal fue preventiva y de mayor amplitud: un <strong>despliegue policial masivo<\/strong> que impidi\u00f3 la mayor\u00eda de concentraciones previstas, con detenciones adicionales y denuncias relativas a la <strong>incautaci\u00f3n de dispositivos<\/strong> y restricciones en la cobertura medi\u00e1tica local.<\/p>\n\n\n\n<p>La respuesta institucional opt\u00f3 por <strong>priorizar el restablecimiento del orden p\u00fablico<\/strong>. Esa estrategia logr\u00f3 reducir la capacidad de manifestaci\u00f3n abierta a corto plazo, pero gener\u00f3 costos de legitimidad y aliment\u00f3 un riesgo de <strong>acumulaci\u00f3n de resentimiento<\/strong>. La ausencia de interlocutores estructurados limita las v\u00edas de soluci\u00f3n basadas en negociaci\u00f3n tradicional, y la r\u00e1pida viralizaci\u00f3n de contenidos en redes aumenta la probabilidad de difusi\u00f3n de material no verificado que puede escalar tensiones.<\/p>\n\n\n\n<h3 class=\"wp-block-heading has-kubio-color-4-color has-text-color has-link-color wp-elements-2b154e7e6a57fe7f88879e4f9dd60785\"><strong>CONCLUSIONES Y POSIBLES ESCENARIOS FUTUROS<\/strong><\/h3>\n\n\n\n<ol class=\"wp-block-list\">\n<li><strong>Naturaleza del fen\u00f3meno:<\/strong> Movimiento <strong>generacional y estructural<\/strong>, articulado digitalmente y con demandas socioecon\u00f3micas claras; su descentralizaci\u00f3n impide resolverlo \u00fanicamente mediante interlocuciones tradicionales.<\/li>\n\n\n\n<li><strong>Efectividad de la contenci\u00f3n:<\/strong> La contenci\u00f3n operativa ha sido eficaz para <strong>reducir visibilidad p\u00fablica<\/strong> en el corto plazo, pero <strong>no aborda<\/strong> las causas subyacentes que motivaron la movilizaci\u00f3n.<\/li>\n\n\n\n<li><strong>Riesgo de radicalizaci\u00f3n latente:<\/strong> La combinaci\u00f3n de detenciones masivas, falta de v\u00edas de di\u00e1logo verificables y persistencia de d\u00e9ficits p\u00fablicos incrementa la probabilidad de <strong>radicalizaci\u00f3n<\/strong> de segmentos juveniles o de cambio en el repertorio t\u00e1ctico de la protesta.<\/li>\n\n\n\n<li><strong>Coste reputacional y econ\u00f3mico:<\/strong> Una gesti\u00f3n prolongada centrada en la coerci\u00f3n puede derivar en <strong>riesgos reputacionales internacionales<\/strong> y efectos adversos sobre turismo e inversi\u00f3n si la situaci\u00f3n se percibe como crisis de gobernabilidad.<\/li>\n\n\n\n<li><strong>Necesidad de se\u00f1ales verificables:<\/strong> Para mitigar riesgos, son necesarias medidas <strong>puntuales y verificables<\/strong> en salud, educaci\u00f3n y empleo juvenil, acompa\u00f1adas de <strong>transparencia<\/strong> en el tratamiento de detenciones y garant\u00edas procesales.<\/li>\n<\/ol>\n\n\n\n<h4 class=\"wp-block-heading has-kubio-color-4-color has-text-color has-link-color wp-elements-9a697eda12cf52b6b03893a9426c257e\"><strong>Escenarios plausibles<\/strong><\/h4>\n\n\n\n<p><strong>Escenario A \u2014 Contenci\u00f3n con concesiones limitadas (probabilidad moderada):<\/strong> Anuncios sectoriales y mesas t\u00e9cnicas que reducen la tensi\u00f3n si la implementaci\u00f3n resulta verificable.<\/p>\n\n\n\n<p><strong>Escenario B \u2014 Contenci\u00f3n autoritaria sostenida (probabilidad moderada\u2013alta):<\/strong> Represi\u00f3n continuada que disminuye la visibilidad p\u00fablica pero mantiene malestar latente y aumenta la probabilidad de brotes futuros.<\/p>\n\n\n\n<p><strong>Escenario C \u2014 Escalada y politizaci\u00f3n (probabilidad baja\u2013moderada):<\/strong> Entrada de actores estructurados (sindicatos, partidos) y ampliaci\u00f3n del conflicto hacia demandas pol\u00edticas m\u00e1s amplias.<\/p>\n\n\n\n<p><strong>Escenario D \u2014 Apertura negociada y reformas (probabilidad baja):<\/strong> Paquete amplio de reformas y recursos sociales que podr\u00eda conducir a una desescalada estructural si es monitoreado y aplicado con transparencia.<\/p>\n","protected":false},"excerpt":{"rendered":"<p>27\u201330 SEPTIEMBRE 2025 &#8211; Departamento Inteligencia Anal\u00edtica El presente an\u00e1lisis de inteligencia estrat\u00e9gica eval\u00faa las movilizaciones ocurridas en Marruecos entre el 27 y el 30 de septiembre de 2025. Incluye una identificaci\u00f3n de factores estructurales y detonantes inmediatos, un mapeo de actores y su din\u00e1mica, una s\u00edntesis de la respuesta institucional y una valoraci\u00f3n de [&hellip;]<\/p>\n","protected":false},"author":1,"featured_media":1206,"comment_status":"open","ping_status":"open","sticky":false,"template":"","format":"standard","meta":{"saved_in_kubio":false,"footnotes":""},"categories":[13,20],"tags":[],"class_list":["post-1205","post","type-post","status-publish","format-standard","has-post-thumbnail","hentry","category-articulos","category-inteligencia"],"yoast_head":"<!-- This site is optimized with the Yoast SEO plugin v27.0 - https:\/\/yoast.com\/product\/yoast-seo-wordpress\/ -->\n<title>ANALISIS SOBRE LAS PROTESTAS Y MOVILIZACIONES EN MARRUECOS - Inteligenia<\/title>\n<meta name=\"robots\" content=\"index, follow, max-snippet:-1, max-image-preview:large, max-video-preview:-1\" \/>\n<link rel=\"canonical\" href=\"https:\/\/www.inteligenia.info\/home\/analisis-sobre-las-protestas-y-movilizaciones-en-marruecos\/\" \/>\n<meta property=\"og:locale\" content=\"es_ES\" \/>\n<meta property=\"og:type\" content=\"article\" \/>\n<meta property=\"og:title\" content=\"ANALISIS SOBRE LAS PROTESTAS Y MOVILIZACIONES EN MARRUECOS - Inteligenia\" \/>\n<meta property=\"og:description\" content=\"27\u201330 SEPTIEMBRE 2025 &#8211; Departamento Inteligencia Anal\u00edtica El presente an\u00e1lisis de inteligencia estrat\u00e9gica eval\u00faa las movilizaciones ocurridas en Marruecos entre el 27 y el 30 de septiembre de 2025. Incluye una identificaci\u00f3n de factores estructurales y detonantes inmediatos, un mapeo de actores y su din\u00e1mica, una s\u00edntesis de la respuesta institucional y una valoraci\u00f3n de [&hellip;]\" \/>\n<meta property=\"og:url\" content=\"https:\/\/www.inteligenia.info\/home\/analisis-sobre-las-protestas-y-movilizaciones-en-marruecos\/\" \/>\n<meta property=\"og:site_name\" content=\"Inteligenia\" \/>\n<meta property=\"article:published_time\" content=\"2025-09-30T08:49:18+00:00\" \/>\n<meta property=\"article:modified_time\" content=\"2025-09-30T08:49:19+00:00\" \/>\n<meta property=\"og:image\" content=\"https:\/\/www.inteligenia.info\/wp-content\/uploads\/2025\/09\/ChatGPT-Image-30-sept-2025-10_46_54.png\" \/>\n\t<meta property=\"og:image:width\" content=\"1024\" \/>\n\t<meta property=\"og:image:height\" content=\"683\" \/>\n\t<meta property=\"og:image:type\" content=\"image\/png\" \/>\n<meta name=\"author\" content=\"admin\" \/>\n<meta name=\"twitter:card\" content=\"summary_large_image\" \/>\n<meta name=\"twitter:creator\" content=\"@INTELIGENIA_\" \/>\n<meta name=\"twitter:site\" content=\"@INTELIGENIA_\" \/>\n<meta name=\"twitter:label1\" content=\"Escrito por\" \/>\n\t<meta name=\"twitter:data1\" content=\"admin\" \/>\n\t<meta name=\"twitter:label2\" content=\"Tiempo de lectura\" \/>\n\t<meta name=\"twitter:data2\" content=\"4 minutos\" \/>\n<script type=\"application\/ld+json\" class=\"yoast-schema-graph\">{\"@context\":\"https:\/\/schema.org\",\"@graph\":[{\"@type\":\"Article\",\"@id\":\"https:\/\/www.inteligenia.info\/home\/analisis-sobre-las-protestas-y-movilizaciones-en-marruecos\/#article\",\"isPartOf\":{\"@id\":\"https:\/\/www.inteligenia.info\/home\/analisis-sobre-las-protestas-y-movilizaciones-en-marruecos\/\"},\"author\":{\"name\":\"admin\",\"@id\":\"https:\/\/www.inteligenia.info\/home\/#\/schema\/person\/1bf90ee63c207f611a224f9c17dbf031\"},\"headline\":\"ANALISIS SOBRE LAS PROTESTAS Y MOVILIZACIONES EN MARRUECOS\",\"datePublished\":\"2025-09-30T08:49:18+00:00\",\"dateModified\":\"2025-09-30T08:49:19+00:00\",\"mainEntityOfPage\":{\"@id\":\"https:\/\/www.inteligenia.info\/home\/analisis-sobre-las-protestas-y-movilizaciones-en-marruecos\/\"},\"wordCount\":886,\"commentCount\":0,\"publisher\":{\"@id\":\"https:\/\/www.inteligenia.info\/home\/#organization\"},\"image\":{\"@id\":\"https:\/\/www.inteligenia.info\/home\/analisis-sobre-las-protestas-y-movilizaciones-en-marruecos\/#primaryimage\"},\"thumbnailUrl\":\"https:\/\/www.inteligenia.info\/wp-content\/uploads\/2025\/09\/ChatGPT-Image-30-sept-2025-10_46_54.png\",\"articleSection\":[\"Art\u00edculos\",\"Inteligencia\"],\"inLanguage\":\"es\",\"potentialAction\":[{\"@type\":\"CommentAction\",\"name\":\"Comment\",\"target\":[\"https:\/\/www.inteligenia.info\/home\/analisis-sobre-las-protestas-y-movilizaciones-en-marruecos\/#respond\"]}]},{\"@type\":\"WebPage\",\"@id\":\"https:\/\/www.inteligenia.info\/home\/analisis-sobre-las-protestas-y-movilizaciones-en-marruecos\/\",\"url\":\"https:\/\/www.inteligenia.info\/home\/analisis-sobre-las-protestas-y-movilizaciones-en-marruecos\/\",\"name\":\"ANALISIS SOBRE LAS PROTESTAS Y MOVILIZACIONES EN MARRUECOS - Inteligenia\",\"isPartOf\":{\"@id\":\"https:\/\/www.inteligenia.info\/home\/#website\"},\"primaryImageOfPage\":{\"@id\":\"https:\/\/www.inteligenia.info\/home\/analisis-sobre-las-protestas-y-movilizaciones-en-marruecos\/#primaryimage\"},\"image\":{\"@id\":\"https:\/\/www.inteligenia.info\/home\/analisis-sobre-las-protestas-y-movilizaciones-en-marruecos\/#primaryimage\"},\"thumbnailUrl\":\"https:\/\/www.inteligenia.info\/wp-content\/uploads\/2025\/09\/ChatGPT-Image-30-sept-2025-10_46_54.png\",\"datePublished\":\"2025-09-30T08:49:18+00:00\",\"dateModified\":\"2025-09-30T08:49:19+00:00\",\"breadcrumb\":{\"@id\":\"https:\/\/www.inteligenia.info\/home\/analisis-sobre-las-protestas-y-movilizaciones-en-marruecos\/#breadcrumb\"},\"inLanguage\":\"es\",\"potentialAction\":[{\"@type\":\"ReadAction\",\"target\":[\"https:\/\/www.inteligenia.info\/home\/analisis-sobre-las-protestas-y-movilizaciones-en-marruecos\/\"]}]},{\"@type\":\"ImageObject\",\"inLanguage\":\"es\",\"@id\":\"https:\/\/www.inteligenia.info\/home\/analisis-sobre-las-protestas-y-movilizaciones-en-marruecos\/#primaryimage\",\"url\":\"https:\/\/www.inteligenia.info\/wp-content\/uploads\/2025\/09\/ChatGPT-Image-30-sept-2025-10_46_54.png\",\"contentUrl\":\"https:\/\/www.inteligenia.info\/wp-content\/uploads\/2025\/09\/ChatGPT-Image-30-sept-2025-10_46_54.png\",\"width\":1536,\"height\":1024},{\"@type\":\"BreadcrumbList\",\"@id\":\"https:\/\/www.inteligenia.info\/home\/analisis-sobre-las-protestas-y-movilizaciones-en-marruecos\/#breadcrumb\",\"itemListElement\":[{\"@type\":\"ListItem\",\"position\":1,\"name\":\"Portada\",\"item\":\"https:\/\/www.inteligenia.info\/home\/\"},{\"@type\":\"ListItem\",\"position\":2,\"name\":\"ANALISIS SOBRE LAS PROTESTAS Y MOVILIZACIONES EN MARRUECOS\"}]},{\"@type\":\"WebSite\",\"@id\":\"https:\/\/www.inteligenia.info\/home\/#website\",\"url\":\"https:\/\/www.inteligenia.info\/home\/\",\"name\":\"Inteligenia\",\"description\":\"\",\"publisher\":{\"@id\":\"https:\/\/www.inteligenia.info\/home\/#organization\"},\"potentialAction\":[{\"@type\":\"SearchAction\",\"target\":{\"@type\":\"EntryPoint\",\"urlTemplate\":\"https:\/\/www.inteligenia.info\/home\/?s={search_term_string}\"},\"query-input\":{\"@type\":\"PropertyValueSpecification\",\"valueRequired\":true,\"valueName\":\"search_term_string\"}}],\"inLanguage\":\"es\"},{\"@type\":\"Organization\",\"@id\":\"https:\/\/www.inteligenia.info\/home\/#organization\",\"name\":\"Inteligenia\",\"url\":\"https:\/\/www.inteligenia.info\/home\/\",\"logo\":{\"@type\":\"ImageObject\",\"inLanguage\":\"es\",\"@id\":\"https:\/\/www.inteligenia.info\/home\/#\/schema\/logo\/image\/\",\"url\":\"https:\/\/www.inteligenia.info\/wp-content\/uploads\/2024\/06\/transparent_logo-1-e1718047668142.png\",\"contentUrl\":\"https:\/\/www.inteligenia.info\/wp-content\/uploads\/2024\/06\/transparent_logo-1-e1718047668142.png\",\"width\":674,\"height\":141,\"caption\":\"Inteligenia\"},\"image\":{\"@id\":\"https:\/\/www.inteligenia.info\/home\/#\/schema\/logo\/image\/\"},\"sameAs\":[\"https:\/\/x.com\/INTELIGENIA_\",\"https:\/\/www.linkedin.com\/company\/inteligenia\/?viewAsMember=true\"]},{\"@type\":\"Person\",\"@id\":\"https:\/\/www.inteligenia.info\/home\/#\/schema\/person\/1bf90ee63c207f611a224f9c17dbf031\",\"name\":\"admin\",\"image\":{\"@type\":\"ImageObject\",\"inLanguage\":\"es\",\"@id\":\"https:\/\/www.inteligenia.info\/home\/#\/schema\/person\/image\/\",\"url\":\"https:\/\/secure.gravatar.com\/avatar\/ed712be762908ac190eb3beb8cf9efb0dc9c425bd7b69d40ba8746efca2909c6?s=96&d=mm&r=g\",\"contentUrl\":\"https:\/\/secure.gravatar.com\/avatar\/ed712be762908ac190eb3beb8cf9efb0dc9c425bd7b69d40ba8746efca2909c6?s=96&d=mm&r=g\",\"caption\":\"admin\"},\"sameAs\":[\"http:\/\/www.inteligenia.info\"],\"url\":\"https:\/\/www.inteligenia.info\/home\/author\/admin\/\"}]}<\/script>\n<!-- \/ Yoast SEO plugin. -->","yoast_head_json":{"title":"ANALISIS SOBRE LAS PROTESTAS Y MOVILIZACIONES EN MARRUECOS - Inteligenia","robots":{"index":"index","follow":"follow","max-snippet":"max-snippet:-1","max-image-preview":"max-image-preview:large","max-video-preview":"max-video-preview:-1"},"canonical":"https:\/\/www.inteligenia.info\/home\/analisis-sobre-las-protestas-y-movilizaciones-en-marruecos\/","og_locale":"es_ES","og_type":"article","og_title":"ANALISIS SOBRE LAS PROTESTAS Y MOVILIZACIONES EN MARRUECOS - Inteligenia","og_description":"27\u201330 SEPTIEMBRE 2025 &#8211; Departamento Inteligencia Anal\u00edtica El presente an\u00e1lisis de inteligencia estrat\u00e9gica eval\u00faa las movilizaciones ocurridas en Marruecos entre el 27 y el 30 de septiembre de 2025. Incluye una identificaci\u00f3n de factores estructurales y detonantes inmediatos, un mapeo de actores y su din\u00e1mica, una s\u00edntesis de la respuesta institucional y una valoraci\u00f3n de [&hellip;]","og_url":"https:\/\/www.inteligenia.info\/home\/analisis-sobre-las-protestas-y-movilizaciones-en-marruecos\/","og_site_name":"Inteligenia","article_published_time":"2025-09-30T08:49:18+00:00","article_modified_time":"2025-09-30T08:49:19+00:00","og_image":[{"url":"https:\/\/www.inteligenia.info\/wp-content\/uploads\/2025\/09\/ChatGPT-Image-30-sept-2025-10_46_54.png","width":1024,"height":683,"type":"image\/png"}],"author":"admin","twitter_card":"summary_large_image","twitter_creator":"@INTELIGENIA_","twitter_site":"@INTELIGENIA_","twitter_misc":{"Escrito por":"admin","Tiempo de lectura":"4 minutos"},"schema":{"@context":"https:\/\/schema.org","@graph":[{"@type":"Article","@id":"https:\/\/www.inteligenia.info\/home\/analisis-sobre-las-protestas-y-movilizaciones-en-marruecos\/#article","isPartOf":{"@id":"https:\/\/www.inteligenia.info\/home\/analisis-sobre-las-protestas-y-movilizaciones-en-marruecos\/"},"author":{"name":"admin","@id":"https:\/\/www.inteligenia.info\/home\/#\/schema\/person\/1bf90ee63c207f611a224f9c17dbf031"},"headline":"ANALISIS SOBRE LAS PROTESTAS Y MOVILIZACIONES EN MARRUECOS","datePublished":"2025-09-30T08:49:18+00:00","dateModified":"2025-09-30T08:49:19+00:00","mainEntityOfPage":{"@id":"https:\/\/www.inteligenia.info\/home\/analisis-sobre-las-protestas-y-movilizaciones-en-marruecos\/"},"wordCount":886,"commentCount":0,"publisher":{"@id":"https:\/\/www.inteligenia.info\/home\/#organization"},"image":{"@id":"https:\/\/www.inteligenia.info\/home\/analisis-sobre-las-protestas-y-movilizaciones-en-marruecos\/#primaryimage"},"thumbnailUrl":"https:\/\/www.inteligenia.info\/wp-content\/uploads\/2025\/09\/ChatGPT-Image-30-sept-2025-10_46_54.png","articleSection":["Art\u00edculos","Inteligencia"],"inLanguage":"es","potentialAction":[{"@type":"CommentAction","name":"Comment","target":["https:\/\/www.inteligenia.info\/home\/analisis-sobre-las-protestas-y-movilizaciones-en-marruecos\/#respond"]}]},{"@type":"WebPage","@id":"https:\/\/www.inteligenia.info\/home\/analisis-sobre-las-protestas-y-movilizaciones-en-marruecos\/","url":"https:\/\/www.inteligenia.info\/home\/analisis-sobre-las-protestas-y-movilizaciones-en-marruecos\/","name":"ANALISIS SOBRE LAS PROTESTAS Y MOVILIZACIONES EN MARRUECOS - Inteligenia","isPartOf":{"@id":"https:\/\/www.inteligenia.info\/home\/#website"},"primaryImageOfPage":{"@id":"https:\/\/www.inteligenia.info\/home\/analisis-sobre-las-protestas-y-movilizaciones-en-marruecos\/#primaryimage"},"image":{"@id":"https:\/\/www.inteligenia.info\/home\/analisis-sobre-las-protestas-y-movilizaciones-en-marruecos\/#primaryimage"},"thumbnailUrl":"https:\/\/www.inteligenia.info\/wp-content\/uploads\/2025\/09\/ChatGPT-Image-30-sept-2025-10_46_54.png","datePublished":"2025-09-30T08:49:18+00:00","dateModified":"2025-09-30T08:49:19+00:00","breadcrumb":{"@id":"https:\/\/www.inteligenia.info\/home\/analisis-sobre-las-protestas-y-movilizaciones-en-marruecos\/#breadcrumb"},"inLanguage":"es","potentialAction":[{"@type":"ReadAction","target":["https:\/\/www.inteligenia.info\/home\/analisis-sobre-las-protestas-y-movilizaciones-en-marruecos\/"]}]},{"@type":"ImageObject","inLanguage":"es","@id":"https:\/\/www.inteligenia.info\/home\/analisis-sobre-las-protestas-y-movilizaciones-en-marruecos\/#primaryimage","url":"https:\/\/www.inteligenia.info\/wp-content\/uploads\/2025\/09\/ChatGPT-Image-30-sept-2025-10_46_54.png","contentUrl":"https:\/\/www.inteligenia.info\/wp-content\/uploads\/2025\/09\/ChatGPT-Image-30-sept-2025-10_46_54.png","width":1536,"height":1024},{"@type":"BreadcrumbList","@id":"https:\/\/www.inteligenia.info\/home\/analisis-sobre-las-protestas-y-movilizaciones-en-marruecos\/#breadcrumb","itemListElement":[{"@type":"ListItem","position":1,"name":"Portada","item":"https:\/\/www.inteligenia.info\/home\/"},{"@type":"ListItem","position":2,"name":"ANALISIS SOBRE LAS PROTESTAS Y MOVILIZACIONES EN MARRUECOS"}]},{"@type":"WebSite","@id":"https:\/\/www.inteligenia.info\/home\/#website","url":"https:\/\/www.inteligenia.info\/home\/","name":"Inteligenia","description":"","publisher":{"@id":"https:\/\/www.inteligenia.info\/home\/#organization"},"potentialAction":[{"@type":"SearchAction","target":{"@type":"EntryPoint","urlTemplate":"https:\/\/www.inteligenia.info\/home\/?s={search_term_string}"},"query-input":{"@type":"PropertyValueSpecification","valueRequired":true,"valueName":"search_term_string"}}],"inLanguage":"es"},{"@type":"Organization","@id":"https:\/\/www.inteligenia.info\/home\/#organization","name":"Inteligenia","url":"https:\/\/www.inteligenia.info\/home\/","logo":{"@type":"ImageObject","inLanguage":"es","@id":"https:\/\/www.inteligenia.info\/home\/#\/schema\/logo\/image\/","url":"https:\/\/www.inteligenia.info\/wp-content\/uploads\/2024\/06\/transparent_logo-1-e1718047668142.png","contentUrl":"https:\/\/www.inteligenia.info\/wp-content\/uploads\/2024\/06\/transparent_logo-1-e1718047668142.png","width":674,"height":141,"caption":"Inteligenia"},"image":{"@id":"https:\/\/www.inteligenia.info\/home\/#\/schema\/logo\/image\/"},"sameAs":["https:\/\/x.com\/INTELIGENIA_","https:\/\/www.linkedin.com\/company\/inteligenia\/?viewAsMember=true"]},{"@type":"Person","@id":"https:\/\/www.inteligenia.info\/home\/#\/schema\/person\/1bf90ee63c207f611a224f9c17dbf031","name":"admin","image":{"@type":"ImageObject","inLanguage":"es","@id":"https:\/\/www.inteligenia.info\/home\/#\/schema\/person\/image\/","url":"https:\/\/secure.gravatar.com\/avatar\/ed712be762908ac190eb3beb8cf9efb0dc9c425bd7b69d40ba8746efca2909c6?s=96&d=mm&r=g","contentUrl":"https:\/\/secure.gravatar.com\/avatar\/ed712be762908ac190eb3beb8cf9efb0dc9c425bd7b69d40ba8746efca2909c6?s=96&d=mm&r=g","caption":"admin"},"sameAs":["http:\/\/www.inteligenia.info"],"url":"https:\/\/www.inteligenia.info\/home\/author\/admin\/"}]}},"_links":{"self":[{"href":"https:\/\/www.inteligenia.info\/home\/wp-json\/wp\/v2\/posts\/1205","targetHints":{"allow":["GET"]}}],"collection":[{"href":"https:\/\/www.inteligenia.info\/home\/wp-json\/wp\/v2\/posts"}],"about":[{"href":"https:\/\/www.inteligenia.info\/home\/wp-json\/wp\/v2\/types\/post"}],"author":[{"embeddable":true,"href":"https:\/\/www.inteligenia.info\/home\/wp-json\/wp\/v2\/users\/1"}],"replies":[{"embeddable":true,"href":"https:\/\/www.inteligenia.info\/home\/wp-json\/wp\/v2\/comments?post=1205"}],"version-history":[{"count":1,"href":"https:\/\/www.inteligenia.info\/home\/wp-json\/wp\/v2\/posts\/1205\/revisions"}],"predecessor-version":[{"id":1207,"href":"https:\/\/www.inteligenia.info\/home\/wp-json\/wp\/v2\/posts\/1205\/revisions\/1207"}],"wp:featuredmedia":[{"embeddable":true,"href":"https:\/\/www.inteligenia.info\/home\/wp-json\/wp\/v2\/media\/1206"}],"wp:attachment":[{"href":"https:\/\/www.inteligenia.info\/home\/wp-json\/wp\/v2\/media?parent=1205"}],"wp:term":[{"taxonomy":"category","embeddable":true,"href":"https:\/\/www.inteligenia.info\/home\/wp-json\/wp\/v2\/categories?post=1205"},{"taxonomy":"post_tag","embeddable":true,"href":"https:\/\/www.inteligenia.info\/home\/wp-json\/wp\/v2\/tags?post=1205"}],"curies":[{"name":"wp","href":"https:\/\/api.w.org\/{rel}","templated":true}]}}