{"id":1209,"date":"2025-10-02T09:01:50","date_gmt":"2025-10-02T09:01:50","guid":{"rendered":"https:\/\/www.inteligenia.info\/?p=1209"},"modified":"2025-10-02T09:01:51","modified_gmt":"2025-10-02T09:01:51","slug":"la-ventana-marroqui-una-oportunidad-estrategica-para-espana-en-el-magreb","status":"publish","type":"post","link":"https:\/\/www.inteligenia.info\/home\/la-ventana-marroqui-una-oportunidad-estrategica-para-espana-en-el-magreb\/","title":{"rendered":"La ventana marroqu\u00ed: una oportunidad estrat\u00e9gica para Espa\u00f1a en el Magreb"},"content":{"rendered":"\n<hr class=\"wp-block-separator has-css-opacity is-style-default\"\/>\n\n\n<div class=\"wp-block-image is-style-rounded\">\n<figure class=\"aligncenter size-large is-resized\"><img loading=\"lazy\" decoding=\"async\" width=\"1024\" height=\"723\" src=\"https:\/\/www.inteligenia.info\/wp-content\/uploads\/2025\/10\/IMG_1761-1-1024x723.jpg\" alt=\"\" class=\"wp-image-1211\" style=\"width:302px;height:auto\" srcset=\"https:\/\/www.inteligenia.info\/wp-content\/uploads\/2025\/10\/IMG_1761-1-1024x723.jpg 1024w, https:\/\/www.inteligenia.info\/wp-content\/uploads\/2025\/10\/IMG_1761-1-300x212.jpg 300w, https:\/\/www.inteligenia.info\/wp-content\/uploads\/2025\/10\/IMG_1761-1-768x542.jpg 768w, https:\/\/www.inteligenia.info\/wp-content\/uploads\/2025\/10\/IMG_1761-1-1536x1084.jpg 1536w, https:\/\/www.inteligenia.info\/wp-content\/uploads\/2025\/10\/IMG_1761-1-2048x1445.jpg 2048w, https:\/\/www.inteligenia.info\/wp-content\/uploads\/2025\/10\/IMG_1761-1-1530x1080.jpg 1530w\" sizes=\"(max-width: 1024px) 100vw, 1024px\" \/><\/figure>\n<\/div>\n\n\n<p style=\"font-size:20px\"><strong>Artiom Vnebreaci Popa<\/strong>. Licenciado en Filosof\u00eda y Letras, y estudiante de Antropolog\u00eda, con formaci\u00f3n avanzada en Estudios del Futuro, Prospectiva y Estudios Culturales. Especializado en an\u00e1lisis de inteligencia, contra-inteligencia, operaciones psicol\u00f3gicas, HUMINT y ciencias de la religi\u00f3n. Centra su investigaci\u00f3n en estrategia, geopol\u00edtica, crimen organizado y econom\u00eda digital sumergida.\u00a0Interesado en Europa del Este y Oriente Pr\u00f3ximo, combina conocimientos en astropol\u00edtica,\u00a0<em>smart-cities\u00a0<\/em>y mediaci\u00f3n de conflictos, con experiencia en prevenci\u00f3n de desastres y lucha contra la desinformaci\u00f3n.<\/p>\n\n\n\n<p><\/p>\n\n\n\n\n\n<hr class=\"wp-block-separator has-css-opacity is-style-default\"\/>\n\n\n\n<h3 class=\"wp-block-heading has-kubio-color-4-color has-text-color has-link-color wp-elements-ce19a8397de23155a990199d24358f8b\"><strong>1. Introducci\u00f3n<\/strong><\/h3>\n\n\n\n<h4 class=\"wp-block-heading has-kubio-color-4-color has-text-color has-link-color wp-elements-fc1af75bd6c7596fa225ccc6ef896e11\"><strong>1.1. Justificaci\u00f3n del an\u00e1lisis<\/strong><\/h4>\n\n\n\n<p>El Magreb constituye una regi\u00f3n de importancia estrat\u00e9gica vital para Espa\u00f1a y la Uni\u00f3n Europea. Su proximidad geogr\u00e1fica, los v\u00ednculos hist\u00f3ricos, las interdependencias econ\u00f3micas y los desaf\u00edos compartidos en materia de seguridad, migraci\u00f3n y energ\u00eda convierten a esta zona en un espacio prioritario para la pol\u00edtica exterior espa\u00f1ola. Las protestas que han estallado en Marruecos desde septiembre del 2025 bajo el movimiento <em>GenZ212 <\/em>no representan un episodio aislado de descontento social, sino un punto de inflexi\u00f3n que podr\u00eda redefinir el equilibrio de poder en el Mediterr\u00e1neo Occidental y el norte de \u00c1frica.<\/p>\n\n\n\n<p>Este an\u00e1lisis se justifica por tres razones fundamentales. En primer lugar, el contexto geopol\u00edtico global ha experimentado una transformaci\u00f3n radical en la \u00faltima d\u00e9cada. El ascenso de China como actor estructural en \u00c1frica, el repliegue relativo de Estados Unidos, la p\u00e9rdida de influencia europea (particularmente francesa) y la reorientaci\u00f3n estrat\u00e9gica de actores regionales como Argelia y Marruecos han reconfigurado el tablero magreb\u00ed. Espa\u00f1a, hist\u00f3ricamente relegada a un papel secundario frente a Francia en la regi\u00f3n, se encuentra ante una ventana de oportunidad sin precedentes para consolidarse como el socio europeo de referencia en el Magreb. En segundo lugar, la crisis interna del r\u00e9gimen marroqu\u00ed revela fracturas estructurales que trascienden la coyuntura. El desempleo juvenil superior al 40%, el colapso del sistema sanitario, la corrupci\u00f3n end\u00e9mica y la inversi\u00f3n desproporcionada en proyectos de prestigio como el Mundial 2030 evidencian un modelo de desarrollo agotado que genera indignaci\u00f3n social creciente. Esta situaci\u00f3n no solo amenaza la estabilidad de Marruecos, sino que tiene implicaciones directas para Espa\u00f1a en t\u00e9rminos de seguridad fronteriza, flujos migratorios, terrorismo y cooperaci\u00f3n econ\u00f3mica. En tercer lugar, la pol\u00edtica exterior espa\u00f1ola en el Magreb ha carecido hist\u00f3ricamente de coherencia estrat\u00e9gica. El giro de 2022 hacia el apoyo al plan de autonom\u00eda marroqu\u00ed para el S\u00e1hara Occidental gener\u00f3 consecuencias negativas inmediatas: ruptura diplom\u00e1tica con Argelia, p\u00e9rdida de credibilidad internacional y subordinaci\u00f3n a las presiones migratorias de Rabat. Las protestas actuales ofrecen la posibilidad de recalibrar esta pol\u00edtica desde una posici\u00f3n de principios, anticipando escenarios futuros y articulando una estrategia de largo plazo que combine intereses nacionales con valores democr\u00e1ticos.<\/p>\n\n\n\n<h4 class=\"wp-block-heading has-kubio-color-4-color has-text-color has-link-color wp-elements-ef0e63d75d4726da39dcb570ae802c4e\"><strong>1.2. Objetivos del an\u00e1lisis e ideas clave<\/strong><\/h4>\n\n\n\n<p>El siguiente an\u00e1lisis persigue tres objetivos fundamentales. En primer lugar, analizar la naturaleza, las causas estructurales y las implicaciones geopol\u00edticas de las protestas <em>GenZ212 <\/em>en Marruecos, contextualiz\u00e1ndolas en el marco de las transformaciones regionales y globales que afectan al Magreb. Se examinar\u00e1 la organizaci\u00f3n horizontal descentralizada del movimiento, su uso de plataformas digitales encriptadas, la ausencia de liderazgos centralizados y su capacidad de resistencia frente a la represi\u00f3n estatal, estableciendo conexiones con movimientos similares de la Generaci\u00f3n Z en el sudeste asi\u00e1tico.<\/p>\n\n\n\n<p>En segundo lugar, identificar las ventajas estrat\u00e9gicas espec\u00edficas de Espa\u00f1a frente a otros actores europeos y globales en el Magreb, evaluando c\u00f3mo su posici\u00f3n geogr\u00e1fica, su experiencia democr\u00e1tica, su ausencia relativa de lastre colonial y su pertenencia a la Uni\u00f3n Europea pueden convertirse en activos diplom\u00e1ticos decisivos. Se analizar\u00e1 el potencial espa\u00f1ol para desempe\u00f1ar un papel de mediaci\u00f3n triangular entre Europa, China y el Magreb, promoviendo un multilateralismo pragm\u00e1tico que reconozca la presencia estructural china sin renunciar a est\u00e1ndares democr\u00e1ticos y de desarrollo sostenible.<\/p>\n\n\n\n<p>En tercer lugar, proponer una estrategia integral y multidimensional para Espa\u00f1a que combine respaldo pol\u00edtico p\u00fablico a las demandas democr\u00e1ticas de los manifestantes, inversi\u00f3n econ\u00f3mica masiva y condicionada en sectores clave (energ\u00edas renovables, infraestructura sostenible, econom\u00eda digital), diplomacia cultural dirigida a la juventud marroqu\u00ed, presi\u00f3n multilateral coordinada en la Uni\u00f3n Europea y Naciones Unidas, y coherencia absoluta en la pol\u00edtica exterior respecto al S\u00e1hara Occidental y Argelia. Esta estrategia debe anticipar m\u00faltiples escenarios futuros (reforma controlada, represi\u00f3n total, escalada ca\u00f3tica o transici\u00f3n negociada) y articular respuestas flexibles que preserven los intereses nacionales espa\u00f1oles sin renunciar a principios democr\u00e1ticos fundamentales.<\/p>\n\n\n\n<h4 class=\"wp-block-heading has-kubio-color-4-color has-text-color has-link-color wp-elements-17a59775040cffaace6b1be28dd3138f\"><strong>1.3. Antecedente: el estallido de las protestas<\/strong><\/h4>\n\n\n\n<p>Bajo el apodo social <em>GenZ212<\/em>, miles de j\u00f3venes marroqu\u00edes han salido a las calles desde el 27 de septiembre del 2025 en ciudades como Rabat, Casablanca, Marrakech, Agadir y T\u00e1nger. Las protestas siguen en pie y el grito que resuena en las plazas es contundente: la ciudadan\u00eda del pa\u00eds vecino no quiere el Mundial sin antes <a href=\"https:\/\/www.elconfidencial.com\/mundo\/2025-09-30\/marruecos-protestas-juventud-sanidad-educacion-1hms_4218394\/\">hospitales y escuelas en condiciones<\/a>. Pero la contradicci\u00f3n es acuciante:\u00a0 mientras el r\u00e9gimen de Mohamed VI invierte miles de millones en la candidatura conjunta para el Mundial de F\u00fatbol 2030 con Espa\u00f1a y Portugal, el sistema sanitario marroqu\u00ed colapsa.<\/p>\n\n\n\n<p>El detonante inmediato fue ciertamente tr\u00e1gico, pero nada sorprendente. <a href=\"https:\/\/www.laizquierdadiario.com\/Genz212-masivas-movilizaciones-juveniles-en-Marruecos\">La muerte de ocho mujeres embarazadas en un hospital de Agadir<\/a> por falta de atenci\u00f3n m\u00e9dica adecuada y por negligencia sist\u00e9mica, mut\u00f3 la indignaci\u00f3n social en furia organizada de las protestas. Pero las causas son mucho m\u00e1s profundas que estas muertes. El desempleo juvenil en Marruecos <a href=\"https:\/\/es.tradingeconomics.com\/morocco\/youth-unemployment-rate\">supera el 40%<\/a>. As\u00ed, cada 4 de 10 j\u00f3venes marroqu\u00edes no tienen trabajo, ni perspectiva de futuro. La corrupci\u00f3n es tanto estructural como omnipresente. Una generaci\u00f3n entera siente que su futuro le ha sido secuestrado y que la promesa de progreso nacionalista ha sido una mentira para encubrir el clientelismo del r\u00e9gimen.<\/p>\n\n\n\n<p>Lo que distingue estas protestas de movimientos anteriores (incluidas las tibias manifestaciones del Movimiento 20 de febrero durante la Primavera \u00c1rabe), es su organizaci\u00f3n horizontal descentralizada. Los j\u00f3venes se coordinan en gran medida a trav\u00e9s del Discord y otras plataformas encriptadas, fuera del alcance inmediato de la vigilancia estatal. No existen l\u00edderes visibles a detener, ni tampoco organizaciones centralizadas que desmantelar. Es un <a href=\"https:\/\/dialnet.unirioja.es\/servlet\/articulo?codigo=7291896\">movimiento l\u00edquido<\/a>, adaptativo, virtual y resiliente. Es la primera incisi\u00f3n real de la Generaci\u00f3n Z en el mundo \u00e1rabe y se encuentra enlazada (con un contexto diferenciado) en las t\u00e1cticas de las protestas de <a href=\"https:\/\/www.lisanews.org\/actualidad\/las-claves-de-las-protestas-en-nepal-causas-y-antecedentes\/\">Nepal<\/a>, <a href=\"https:\/\/www.lisanews.org\/author\/artiom-vnebreaci-popa\/\">Indonesia<\/a> y <a href=\"https:\/\/www.lisanews.org\/internacional\/que-esta-pasando-en-filipinas-dinastias-corrupcion-y-desastres-ambientales\/\">Filipinas<\/a> en el sudeste asi\u00e1tico.<\/p>\n\n\n\n<p>El r\u00e9gimen alau\u00ed ha respondido de la \u00fanica manera con la que ha reconocido la realidad social compleja de su pa\u00eds todos estos a\u00f1os: contenci\u00f3n y represi\u00f3n. Detenciones masivas, el uso de gases lacrim\u00f3genos y porras, y la detenci\u00f3n de activistas en redadas nocturnas solo alimenta la narrativa de un sistema incapaz de dialogar con su propia ciudadan\u00eda.<\/p>\n\n\n\n<p>Pero este momento no es solo una crisis interna para el r\u00e9gimen de Mohamed VI. Es una ventana de oportunidad hist\u00f3rica para Espa\u00f1a, para la Uni\u00f3n Europea, y para todos aquellos que crean en un Marruecos sin monarqu\u00edas autoritarias, corrupci\u00f3n end\u00e9mica y desesperanza juvenil.<\/p>\n\n\n\n<h3 class=\"wp-block-heading has-kubio-color-4-color has-text-color has-link-color wp-elements-c70c00941ddae74c6184abfbd119ef1f\"><strong>2. El tablero geopol\u00edtico: la batalla por el Magreb<\/strong><\/h3>\n\n\n\n<p>Para comprender la magnitud de esta oportunidad, se ha de formular el contexto geopol\u00edtico del Magreb en 2025. Esta regi\u00f3n, que tanto Europa como Estados Unidos consideraban su \u00abpatio trasero\u00bb natural durante d\u00e9cadas, se ha convertido en un campo de batalla entre tres visiones del orden multipolar: la estadounidense, la europea y la china. El Magreb de la actualidad es radicalmente diferente al de hace una d\u00e9cada. Marruecos y Argelia se han convertido en pa\u00edses clave en la nueva globalizaci\u00f3n multipolar, ya que han aprendido a maniobrar entre grandes potencias. Ya no son receptores pasivos de pol\u00edticas dise\u00f1adas en Washington o Bruselas, sino actores con agencia propia.<\/p>\n\n\n\n<p>China ha desplegado en \u00c1frica (incluido el Magreb) una estrategia integral que combina infraestructura masiva, inversi\u00f3n industrial, comercio en expansi\u00f3n y diplomacia cultural sofisticada. Beijing construye puertos en T\u00e1nger, <a href=\"https:\/\/www.swissinfo.ch\/spa\/marruecos-inicia-las-obras-de-una-l%C3%ADnea-de-tren-de-alta-velocidad-entre-el-norte-y-el-sur\/89211719?utm_source=chatgpt.com\">financia trenes de alta velocidad en las regiones despobladas<\/a>, <a href=\"https:\/\/es.investing.com\/news\/stock-market-news\/marruecos-moviliza-7500-millones-de-euros-para-la-generalizacion-de-la-red-5g-para-2030-3233784?utm_source=chatgpt.com\">exporta tecnolog\u00eda 5G<\/a>, forma ingenieros y ense\u00f1a estrategia en universidades chinas. Pero lo m\u00e1s importante es que <a href=\"https:\/\/marruecom.com\/2025\/02\/14\/china-considera-a-marruecos-un-socio-estrategico-y-un-destino-clave-para-sus-inversiones\/?utm_source=chatgpt.com\">China no impone condiciones pol\u00edticas<\/a>, ni pregunta por derechos humanos o libertad de prensa, sino ofrece desarrollo sin muchos sermones. Para reg\u00edmenes autoritarios como el marroqu\u00ed, esta es una oferta m\u00e1s que plausible. De esta forma, los n\u00fameros regionales de inversi\u00f3n son mayores respecto a Occidente. <a href=\"https:\/\/www.realinstitutoelcano.org\/analisis\/china-en-el-magreb-relaciones-percepciones-y-perspectivas\/\">China ha suplantado a Estados Unidos y la Uni\u00f3n Europea como socio comercial<\/a>. Estados Unidos ve el Magreb como un problema de seguridad, no como oportunidad de desarrollo. Y esto revela esto una visi\u00f3n miope y cortoplacista.<\/p>\n\n\n\n<p>En Argelia, el panorama es a\u00fan m\u00e1s n\u00edtido. <a href=\"https:\/\/www.atalayar.com\/articulo\/politica\/creciente-influencia-rusia-sahel-obliga-argelia-replantear-estrategia-defensa\/20250510130000214532.html\">La Federaci\u00f3n Rusa<\/a> y la Rep\u00fablica Popular China han consolidado alianzas hist\u00f3ricas que se remontan a la Guerra Fr\u00eda y la lucha anticolonial. Argel mira hacia el este, no hacia Par\u00eds o Madrid. Esta reorientaci\u00f3n no es solo ideol\u00f3gica, sino pragm\u00e1tica. Argelia busca socios que la respeten como un igual y le d\u00e9 posibilidades comerciales siguiendo una agencia nacional, no como una excolonia a gestionar.<\/p>\n\n\n\n<p>La Uni\u00f3n Europea (hist\u00f3ricamente la potencia dominante en el Magreb), est\u00e1 perdiendo terreno pol\u00edtico mes tras mes. Su estrategia ha sido err\u00e1tica y contraproducente: pol\u00edticas migratorias cada vez m\u00e1s punitivas combinadas con ayudas al desarrollo insuficientes, acuerdos comerciales asim\u00e9tricos que benefician solo a una parte, y un discurso grandilocuente de valores democr\u00e1ticos y derechos humanos que no siempre se traduce en acciones concretas. La brecha entre ret\u00f3rica y realidad es cada vez clara. Pero el problema m\u00e1s profundo de La Uni\u00f3n Europea en relaci\u00f3n con el desquite colonial son la Rep\u00fablica Francesa, el Reino Unido y B\u00e9lgica. Estos pa\u00edses arrastran el lastre del colonialismo hist\u00f3rico y sus intervenciones modernas son percibidas con desconfianza popular. Mali, Burkina Faso y N\u00edger han expulsado a las fuerzas militares y diplom\u00e1ticas francesas en los \u00faltimos a\u00f1os. El <a href=\"https:\/\/elordenmundial.com\/que-es-francafrica\/\">modelo \u00abFran\u00e7afrique\u00bb,<\/a> una red neocolonial de influencia militar, econ\u00f3mica y pol\u00edtica que Par\u00eds mantuvo durante d\u00e9cadas, se encuentra en las \u00faltimas. Y con \u00e9l: la influencia europea en \u00c1frica.<\/p>\n\n\n\n<h3 class=\"wp-block-heading has-kubio-color-4-color has-text-color has-link-color wp-elements-29326292fe8c43812546e526e351ca87\"><strong>3. Contexto y ventana de posibilidad para Espa\u00f1a<\/strong><\/h3>\n\n\n\n<p>En el contexto actual del Magreb, Espa\u00f1a se encuentra ante una oportunidad hist\u00f3rica singular. A diferencia de Francia, Espa\u00f1a no posee el mismo legado colonial en el Magreb ni en la \u00c1frica subsahariana. Su relaci\u00f3n hist\u00f3rica con la regi\u00f3n magreb\u00ed (aunque no exenta de tensiones como el conflicto del S\u00e1hara Occidental, la situaci\u00f3n de las ciudades aut\u00f3nomas de Ceuta y Melilla, y los flujos migratorios) es cualitativamente distinta.<\/p>\n\n\n\n<p>Mientras que el Imperio espa\u00f1ol ejerci\u00f3 un extractivismo significativo en Am\u00e9rica, su presencia en \u00c1frica fue m\u00e1s limitada y espec\u00edfica. A diferencia de Francia o B\u00e9lgica, cuya colonizaci\u00f3n implic\u00f3 ocupaci\u00f3n territorial extensa, explotaci\u00f3n directa de recursos y administraci\u00f3n pol\u00edtica centralizada, la influencia espa\u00f1ola en el Magreb se concentr\u00f3 principalmente en enclaves estrat\u00e9gicos (Ceuta, Melilla y las plazas del norte de Marruecos), con periodos de control temporales y fragmentados. Esta din\u00e1mica, <a href=\"https:\/\/www.legadoandalusi.es\/revista\/del-al-andalus-que-aun-pervive\/\">combinada con la influencia cultural del Islam en la pen\u00ednsula ib\u00e9rica durante el periodo del Al-\u00c1ndalus<\/a>, gener\u00f3 v\u00ednculos culturales y sociales que actualmente facilitan un acercamiento diplom\u00e1tico basado en cooperaci\u00f3n y entendimiento mutuo, en lugar de memoria colonial conflictiva.<\/p>\n\n\n\n<p>Como miembro pleno de la Uni\u00f3n Europea, Espa\u00f1a puede canalizar recursos europeos sustanciales (fondos estructurales, programas institucionales y pol\u00edticas continentales complejas) con una narrativa menos asociada al colonialismo hist\u00f3rico. Esta posici\u00f3n permite presentar un modelo de cooperaci\u00f3n donde Espa\u00f1a act\u00fae como socio cre\u00edble y que proponga soluciones en lugar de imponerlas, consolid\u00e1ndose como el \u201cactor europeo confiable\u201d frente a naciones del Magreb y terceros actores globales.<\/p>\n\n\n\n<p>Espa\u00f1a puede adem\u00e1s desempe\u00f1ar un papel central en una diplomacia triangular innovadora (Europa, China y el Magreb). La estrategia no consiste en alinearse unilateralmente en un escenario de confrontaci\u00f3n geopol\u00edtica, sino en promover un multilateralismo pragm\u00e1tico que reconozca a China como un actor estructural permanente en la regi\u00f3n y, al mismo tiempo, como socio potencial en proyectos de desarrollo sostenible que generen beneficios tangibles para las poblaciones locales. Espa\u00f1a podr\u00eda recomendar a las instituciones europeas adoptar un enfoque cooperativo frente a la presencia china, en lugar de posturas confrontativas. Simult\u00e1neamente, ante Beijing, Espa\u00f1a podr\u00eda presentar a Europa como socio estrat\u00e9gico que garantiza el cumplimiento de est\u00e1ndares laborales, ambientales y de gobernanza, fomentando un desarrollo inclusivo y sostenible, evitando as\u00ed din\u00e1micas relacionales de dependencia neocolonial.<\/p>\n\n\n\n<p>Finalmente, Espa\u00f1a posee una credibilidad democr\u00e1tica tangible. <a href=\"https:\/\/www.cepc.gob.es\/sites\/default\/files\/2021-12\/35522rcec18007.pdf\">La transici\u00f3n de la dictadura franquista<\/a> a un sistema parlamentario estable y pr\u00f3spero constituye un referente global (particularmente en el mundo \u00e1rabe), donde los procesos de consolidaci\u00f3n institucional y democracia a\u00fan enfrentan desaf\u00edos significativos. Espa\u00f1a puede compartir experiencias sobre pactos pol\u00edticos, di\u00e1logo social, reconciliaci\u00f3n y construcci\u00f3n institucional (ofreciendo lecciones derivadas de su propio proceso de democratizaci\u00f3n). Este mensaje, respaldado por una experiencia hist\u00f3rica directa, permite establecer un di\u00e1logo basado en la credibilidad moral, evitando el paternalismo que caracteriza la intervenci\u00f3n de otras potencias europeas.<\/p>\n\n\n\n<h3 class=\"wp-block-heading has-kubio-color-4-color has-text-color has-link-color wp-elements-74cbb6e9260215651b27a4b7ed743cf6\"><strong>4. Estrategias potenciales de Espa\u00f1a frente a las protestas en Marruecos<\/strong><\/h3>\n\n\n\n<p>El derecho internacional establece un marco claro para el apoyo leg\u00edtimo a movimientos democr\u00e1ticos y de derechos humanos. Espa\u00f1a puede operar dentro de estos l\u00edmites, actuando con determinaci\u00f3n y claridad.<\/p>\n\n\n\n<ol class=\"wp-block-list\">\n<li>En primer lugar, el gobierno espa\u00f1ol debe emitir declaraciones pol\u00edticas p\u00fablicas que respalden las demandas leg\u00edtimas de los manifestantes (educaci\u00f3n de calidad, sanidad funcional, empleo digno, justicia social y rendici\u00f3n de cuentas) y condenen expl\u00edcitamente las detenciones arbitrarias, la represi\u00f3n policial desproporcionada y la censura digital. Debe promover p\u00fablicamente un di\u00e1logo genuino entre el r\u00e9gimen y la sociedad civil, evitando que el silencio se interprete como complicidad.<\/li>\n\n\n\n<li>En segundo lugar, Espa\u00f1a puede proporcionar apoyo financiero y t\u00e9cnico transparente a organizaciones de derechos humanos marroqu\u00edes. Esta asistencia, coordinada con ONG\u2019s espa\u00f1olas consolidadas, debe ser p\u00fablica, legal y defendible ante escrutinio internacional.<\/li>\n\n\n\n<li>En tercer lugar, se requiere presi\u00f3n multilateral sistem\u00e1tica y sostenida. Espa\u00f1a puede liderar iniciativas en la Uni\u00f3n Europea para condicionar parte de la ayuda al desarrollo a mejoras verificables en derechos humanos, as\u00ed como activar mecanismos del Consejo de Europa y del sistema de Naciones Unidas (relatores especiales, misiones de investigaci\u00f3n e informes peri\u00f3dicos) para un monitoreo continuo.<\/li>\n\n\n\n<li>En cuarto lugar, Espa\u00f1a puede respaldar a medios independientes y al periodismo libre mediante programas de formaci\u00f3n en investigaci\u00f3n, verificaci\u00f3n de datos, seguridad digital y protecci\u00f3n de fuentes, as\u00ed como espacios de difusi\u00f3n en medios espa\u00f1oles y europeos. Apoyar plataformas digitales que documenten protestas y represi\u00f3n permite generar archivos \u00fatiles para futuras rendiciones de cuentas. En este contexto, resulta relevante incorporar la influencia en ciberdefensa del Centro Nacional de Ciberseguridad (CN-CERT) y programas de formaci\u00f3n en conflictos informativos desarrollados por el Centro Nacional de Inteligencia (CNI), orientados a capacitar a periodistas y ONG\u2019s en la mitigaci\u00f3n de campa\u00f1as de manipulaci\u00f3n medi\u00e1tica.<\/li>\n<\/ol>\n\n\n\n<p>Asimismo, <a href=\"https:\/\/www.nonviolent-conflict.org\/wp-content\/uploads\/2014\/08\/How-NV-Struggle-Works-Spanish.pdf\">la teor\u00eda de la resistencia no violenta de Gene Sharp<\/a> ofrece un marco estrat\u00e9gico basado en 198 m\u00e9todos de acci\u00f3n c\u00edvica que permiten erosionar el poder de reg\u00edmenes autoritarios sin recurrir a la violencia. Espa\u00f1a puede facilitar talleres y seminarios sobre organizaci\u00f3n comunitaria descentralizada, campa\u00f1as de comunicaci\u00f3n, construcci\u00f3n de narrativas alternativas y t\u00e9cnicas de desobediencia civil no violenta (siempre dentro de los l\u00edmites legales).<\/p>\n\n\n\n<p>No obstante, existen limitaciones absolutas: Espa\u00f1a no debe financiar clandestinamente partidos pol\u00edticos, coordinar directamente estrategias de protesta, apoyar movimientos violentos o separatistas, ni realizar operaciones de inteligencia que puedan considerarse injerencia en la soberan\u00eda de Marruecos. Mantener estas fronteras garantiza que el apoyo a movimientos sociales permanezca dentro de los m\u00e1rgenes de legitimidad internacional.<\/p>\n\n\n\n<h3 class=\"wp-block-heading has-kubio-color-4-color has-text-color has-link-color wp-elements-1ea103f5fae435d1d897bc54b946d066\"><strong>5. Inversi\u00f3n econ\u00f3mica: el m\u00fasculo del poder blando<\/strong><\/h3>\n\n\n\n<p>El <a href=\"https:\/\/equipoeuropa.org\/poder-duro-poder-blando-y-el-futuro-de-la-relacion-transatlantica\/\">poder blando<\/a> requiere respaldo econ\u00f3mico tangible. Espa\u00f1a debe desplegar una estrategia de inversi\u00f3n masiva, inteligente y condicionada en Marruecos, que combine rentabilidad empresarial con transformaci\u00f3n social verificable.<\/p>\n\n\n\n<ul class=\"wp-block-list\">\n<li>El sector de energ\u00edas renovables constituye la prioridad estrat\u00e9gica. Marruecos posee un potencial solar y e\u00f3lico excepcional (sol proveniente del Sahara y los vientos atl\u00e1nticos). Empresas espa\u00f1olas l\u00edderes en el sector (Iberdrola, Acciona, Endesa, Naturgy) deben intensificar su presencia, garantizando creaci\u00f3n de empleo juvenil local, transferencia tecnol\u00f3gica y el cumplimiento de est\u00e1ndares laborales.<\/li>\n\n\n\n<li>La infraestructura sostenible representa el segundo eje. Marruecos requiere sistemas de transporte p\u00fablico modernos y limpios, gesti\u00f3n avanzada del agua ante estr\u00e9s h\u00eddrico, y expansi\u00f3n digital. Espa\u00f1a puede aportar su experiencia en metro, tranv\u00edas, autobuses el\u00e9ctricos, desalinizaci\u00f3n, reciclaje, irrigaci\u00f3n y tecnolog\u00eda digital, promoviendo transferencia de conocimiento y capacitaci\u00f3n profesional.<\/li>\n\n\n\n<li>El turismo cultural constituye el tercer vector. Espa\u00f1a y Marruecos pueden implementar un modelo responsable, de bajo impacto ambiental y orientado a comunidades locales, conectando rutas culturales (Andaluc\u00eda y el norte de Marruecos). Esto puede abrir la posibilidad para promover la gastronom\u00eda, la cultura y la conservaci\u00f3n patrimonial.<\/li>\n\n\n\n<li>La econom\u00eda digital y el emprendimiento tecnol\u00f3gico conforman el cuarto eje, relevante para la juventud urbana. Espa\u00f1a puede establecer fondos de <a href=\"https:\/\/www.telefonica.com\/es\/sala-comunicacion\/blog\/que-es-venture-capital\/\"><em>venture <\/em>capital<\/a> hispano-marroqu\u00edes, programas de intercambio de emprendedores y apoyo a <em>start-ups<\/em> locales, fomentando la creaci\u00f3n de iniciativas tecnol\u00f3gicas lideradas por j\u00f3venes.<\/li>\n<\/ul>\n\n\n\n<p>Toda inversi\u00f3n debe cumplir principios no negociables: transparencia absoluta (contratos y pagos auditables), impacto social verificable (empleo juvenil, transferencia tecnol\u00f3gica, mejora de condiciones laborales) y condicionalidad democr\u00e1tica expl\u00edcita (vinculaci\u00f3n a avances en libertades civiles y pol\u00edticas), con capacidad de suspensi\u00f3n o retiro de proyectos ante represi\u00f3n intensificada.<\/p>\n\n\n\n<h3 class=\"wp-block-heading has-kubio-color-4-color has-text-color has-link-color wp-elements-4259659c3de31d0fd44156c56638203b\"><strong>6. Diplomacia cultural: ganando corazones y mentes<\/strong><\/h3>\n\n\n\n<p>Espa\u00f1a puede desplegar una estrategia integral de diplomacia cultural dirigida a la juventud marroqu\u00ed, combinando educaci\u00f3n, medios, redes sociales y la di\u00e1spora. El Instituto Cervantes debe ampliar su presencia, creando espacios de pensamiento cr\u00edtico, debate democr\u00e1tico y encuentro intelectual. Los programas de intercambio educativo y formaci\u00f3n profesional deben incluir becas universitarias, capacitaci\u00f3n t\u00e9cnica en oficios de alta demanda e intercambios culturales y deportivos que fomenten v\u00ednculos duraderos.<\/p>\n\n\n\n<p>En medios y comunicaci\u00f3n, la RTVE puede lanzar un canal en \u00e1rabe (est\u00e1ndar y darija marroqu\u00ed) con programaci\u00f3n cultural, informativa y de entretenimiento, incluyendo documentales, series y debates pol\u00edticos que amplifiquen voces marginadas y den cobertura equilibrada de protestas. Espa\u00f1a debe capacitar a medios digitales independientes que normalicen el cuestionamiento del autoritarismo. En redes sociales, campa\u00f1as en TikTok, Instagram, YouTube, X y Twitch deben promover valores democr\u00e1ticos, igualdad de g\u00e9nero, derechos humanos, libertad de expresi\u00f3n y justicia social, con contenido atractivo para la Generaci\u00f3n Z.<\/p>\n\n\n\n<p>A su vez, la di\u00e1spora marroqu\u00ed en Espa\u00f1a (m\u00e1s de 800.000 personas) constituye un puente cultural estrat\u00e9gico que debe ser aprovechado mediante apoyo a asociaciones y colectivos que fomenten activismo transnacional seguro. Espa\u00f1a puede complementar esta estrategia con v\u00ednculos culturales y educativos con Am\u00e9rica Latina, fortaleciendo un frente internacional que respalde valores democr\u00e1ticos y desarrollo sostenible en Marruecos.<\/p>\n\n\n\n<h3 class=\"wp-block-heading has-kubio-color-4-color has-text-color has-link-color wp-elements-b90c8d258dc21548575d4e38719216fe\"><strong>7. S\u00e1hara, Argelia y coherencia en la pol\u00edtica exterior espa\u00f1ola<\/strong><\/h3>\n\n\n\n<p>La pol\u00edtica exterior espa\u00f1ola en el Magreb requiere un reposicionamiento estrat\u00e9gico y coherente. El apoyo de Espa\u00f1a en 2022 al plan de autonom\u00eda marroqu\u00ed para el S\u00e1hara Occidental gener\u00f3 consecuencias negativas inmediatas: ruptura total con Argelia (cierre de gas, espacio a\u00e9reo y retirada de embajadores), indignaci\u00f3n en la izquierda europea y p\u00e9rdida de credibilidad moral internacional. Esta incoherencia la autoridad \u00e9tica de Espa\u00f1a y demuestra vulnerabilidad frente a presiones econ\u00f3mico-migratorias de Marruecos. Las protestas internas en Marruecos ofrecen una ventana \u00fanica para recalibrar la pol\u00edtica espa\u00f1ola. De esta forma, se debe establecer condicionalidad clara en la relaci\u00f3n con Marruecos. La cooperaci\u00f3n bilateral (especialmente en seguridad, migraci\u00f3n e inversi\u00f3n econ\u00f3mica), debe encontrarse vinculada a avances verificables y respeto de los derechos del pueblo saharaui.<\/p>\n\n\n\n<p>La relaci\u00f3n con Argelia (actualmente deteriorada), requiere reconciliaci\u00f3n decidida. Espa\u00f1a debe reactivar el Tratado de Amistad de 2002 y convocar una cumbre bilateral de alto nivel centrada en cooperaci\u00f3n energ\u00e9tica y gesti\u00f3n coordinada de migraci\u00f3n. Asimismo, Espa\u00f1a debe reconocer expl\u00edcitamente el papel estabilizador de Argelia en el Sahel y promover cooperaci\u00f3n trilateral con la UE.<\/p>\n\n\n\n<p>La coherencia pol\u00edtica es fundamental. Espa\u00f1a ha apoyado sistem\u00e1ticamente a Palestina mediante reconocimiento formal, ayuda humanitaria parcial y cr\u00edtica a la ocupaci\u00f3n israel\u00ed. Los mismos principios deben aplicarse al S\u00e1hara Occidental. Esto implica equiparar apoyo humanitario, educativo y sanitario a los refugiados saharauis, promover activamente misiones de la ONU como MINURSO e insistir en el respeto al derecho de autodeterminaci\u00f3n del pueblo saharaui, mostrando congruencia entre valores declarados y acci\u00f3n pol\u00edtica.<\/p>\n\n\n\n<p>No obstante, debe reconocerse que la monarqu\u00eda marroqu\u00ed, incluso en escenarios de transici\u00f3n democr\u00e1tica o de apertura moderada, dif\u00edcilmente renunciar\u00e1 a sus pol\u00edticas agresivas hacia el S\u00e1hara Occidental ni a la confrontaci\u00f3n estructural con Argelia. Por lo que no todo se encuentra en la responsabilidad espa\u00f1ola. La clave, por tanto, no reside en esperar una conversi\u00f3n s\u00fabita de Rabat, sino en articular un \u201cplan cuadrante\u201d en el que Espa\u00f1a combine apoyo a las protestas y sectores moderados marroqu\u00edes, respaldo coherente al derecho saharaui y reconstrucci\u00f3n estrat\u00e9gica de la relaci\u00f3n con Argelia. Esta arquitectura diplom\u00e1tica, aunque gradual y compleja, es la \u00fanica v\u00eda realista para insertar coherencia de principios y estabilidad regional en la pol\u00edtica exterior espa\u00f1ola.<\/p>\n\n\n\n<h3 class=\"wp-block-heading has-kubio-color-4-color has-text-color has-link-color wp-elements-ec235166e78f10cb8498c053f83bb120\"><strong>8. Luchas palaciegas y transici\u00f3n incierta en Marruecos<\/strong><\/h3>\n\n\n\n<p>El deterioro f\u00edsico del rey Mohamed VI (marcado por cirug\u00edas card\u00edacas, apariciones en silla de ruedas y largas estancias en el extranjero) ha precipitado una fractura en el n\u00facleo del poder marroqu\u00ed. En torno a un monarca de 62 a\u00f1os debilitado, se intensifica la pugna entre facciones: generales de l\u00ednea dura responsables de la represi\u00f3n en el Rif, tecn\u00f3cratas formados en Occidente que abogan por reformas controladas, clanes empresariales enriquecidos por monopolios palaciegos, servicios de inteligencia rivales, y un heredero de apenas 21 a\u00f1os (Moulay Hassan) a\u00fan sin experiencia pol\u00edtica y rodeado de asesores que buscan manipularlo. Estas tensiones revelan que el r\u00e9gimen no es un bloque monol\u00edtico, sino una red de intereses en competencia que se preparan para un futuro incierto.<\/p>\n\n\n\n<p>En este contexto, la divisi\u00f3n interna del r\u00e9gimen abre oportunidades de influencia externa. Espa\u00f1a, sin necesidad de apostar por golpes de Estado ni conspiraciones, puede mantener contactos discretos con sectores reformistas dentro del <em>establishment <\/em>marroqu\u00ed (militares, empresarios, activistas y tecn\u00f3cratas conscientes de que la represi\u00f3n perpetua conduce al colapso) y ofrecerles respaldo pol\u00edtico. Una estrategia de diferenciaci\u00f3n permitir\u00eda separar a quienes insisten en la represi\u00f3n total de aquellos que conciben una transici\u00f3n negociada, creando as\u00ed condiciones graduales para una apertura democr\u00e1tica en Marruecos sin asumir riesgos de confrontaci\u00f3n directa.<\/p>\n\n\n\n<h3 class=\"wp-block-heading has-kubio-color-4-color has-text-color has-link-color wp-elements-66118ca4f40aaedeb03b501f6fcfa7aa\"><strong>9. Conclusiones y prospectiva estrat\u00e9gica<\/strong><\/h3>\n\n\n\n<p>Las protestas <em>GenZ212<\/em> representan un punto de inflexi\u00f3n en Marruecos y configuran una oportunidad estrat\u00e9gica sin precedentes para Espa\u00f1a en el Magreb. La crisis del r\u00e9gimen alau\u00ed es estructural: desempleo juvenil del 40%, colapso sanitario, corrupci\u00f3n end\u00e9mica y represi\u00f3n sistem\u00e1tica revelan un modelo agotado. Espa\u00f1a posee ventajas \u00fanicas frente a otros actores europeos (ausencia de lastre colonial equiparable al franc\u00e9s, credibilidad democr\u00e1tica derivada de su propia transici\u00f3n y capacidad de canalizar recursos europeos sin connotaciones neocoloniales). Esto le puede permitir posicionarse como el socio europeo confiable en un Magreb disputado entre China, Rusia, Estados Unidos y una Europa en retroceso.<\/p>\n\n\n\n<p>La estrategia espa\u00f1ola debe articularse en cinco ejes simult\u00e1neos: respaldo pol\u00edtico p\u00fablico a las demandas democr\u00e1ticas, inversi\u00f3n econ\u00f3mica masiva y condicionada (energ\u00edas renovables, infraestructura sostenible, econom\u00eda digital), diplomacia cultural dirigida a la juventud marroqu\u00ed, presi\u00f3n multilateral coordinada en la UE y Naciones Unidas, y coherencia absoluta respecto al S\u00e1hara Occidental y Argelia. El apoyo espa\u00f1ol al plan de autonom\u00eda marroqu\u00ed en 2022 empeor\u00f3 la credibilidad internacional del pa\u00eds y deterior\u00f3 su relaci\u00f3n con Argelia. Las protestas actuales ofrecen la posibilidad de recalibrar esta pol\u00edtica mediante condicionalidad clara: vincular cooperaci\u00f3n bilateral a avances verificables en derechos humanos, reconciliarse con Argelia y respetar el derecho de autodeterminaci\u00f3n saharaui.<\/p>\n\n\n\n<p>Un Marruecos democr\u00e1tico beneficiar\u00eda directamente los intereses espa\u00f1oles: alianza preferente en antiterrorismo e inteligencia, gesti\u00f3n migratoria constructiva, estabilidad regional en el Mediterr\u00e1neo Occidental y proyecci\u00f3n como potencia mediadora entre Europa, el Magreb y \u00c1frica subsahariana.<\/p>\n\n\n\n<p>No obstante, el \u00e9xito depende de variables que pueden anticipar <strong>4 escenarios<\/strong>:<\/p>\n\n\n\n<p><strong>Reforma controlada<\/strong> (\u224830%), donde el r\u00e9gimen concede ajustes cosm\u00e9ticos en servicios p\u00fablicos y libertades limitadas, manteniendo el poder intacto. Espa\u00f1a deber\u00eda aprovechar esta relativa vulnerabilidad para condicionar la cooperaci\u00f3n en seguridad, migraci\u00f3n e inversi\u00f3n a reformas verificables.<\/p>\n\n\n\n<p><strong>Represi\u00f3n total<\/strong> (\u224840%), donde el aparato de seguridad reprime las protestas con violencia masiva, generando crisis humanitaria, migratoria y diplom\u00e1tica. Espa\u00f1a tendr\u00eda la obligaci\u00f3n de liderar una respuesta europea firme con sanciones, aislamiento internacional y reposicionamiento sobre el S\u00e1hara.<\/p>\n\n\n\n<p><strong>Escalada y el caos<\/strong> (\u224820%), con protestas radicalizadas, violencia islamista emergente y p\u00e9rdida de control territorial por parte del r\u00e9gimen, replicando escenarios de Libia o Siria. Para Espa\u00f1a, este escenario implicar\u00eda una crisis migratoria sin precedentes y riesgo de desestabilizaci\u00f3n regional que alcanzar\u00eda incluso al Sahel.<\/p>\n\n\n\n<p>Por \u00faltimo, la <strong>transici\u00f3n negociada<\/strong> (\u224810%), con tecn\u00f3cratas y militares moderados pactando una democratizaci\u00f3n gradual. Este escenario permitir\u00eda a Espa\u00f1a desempe\u00f1ar un papel central, ofreciendo experiencia hist\u00f3rica de transici\u00f3n, apoyo t\u00e9cnico e institucional, fondos europeos y mediaci\u00f3n en el S\u00e1hara.<\/p>\n\n\n\n<p>Cabe destacar que un Marruecos democr\u00e1tico diferir\u00eda parcialmente de Israel. Mientras Tel Aviv percibe a Espa\u00f1a con desconfianza por su apoyo a Palestina, Rabat podr\u00eda convertirse en aliado preferente en antiterrorismo e inteligencia, compensando la p\u00e9rdida de informes israel\u00edes. Tambi\u00e9n se abrir\u00eda la posibilidad de una gesti\u00f3n migratoria m\u00e1s constructiva con la di\u00e1spora marroqu\u00ed en Espa\u00f1a, transform\u00e1ndola en puente pol\u00edtico y social en lugar de actor de tensiones. Sin embargo, Estados Unidos seguir\u00e1 siendo actor decisivo: una administraci\u00f3n progresista facilitar\u00eda la proyecci\u00f3n espa\u00f1ola en Marruecos y el Magreb, mientras una conservadora podr\u00eda bloquearla para evitar que otro pa\u00eds europeo acumule influencia estrat\u00e9gica. Espa\u00f1a deber\u00e1 equilibrar esta competencia transatl\u00e1ntica sin perder autonom\u00eda diplom\u00e1tica, ya que el riesgo de fracaso es claro. Si el r\u00e9gimen autoritario sobrevive y se radicaliza, Espa\u00f1a quedar\u00e1 atada a un socio cada vez m\u00e1s represivo y con m\u00e1s reticencias hacia el pa\u00eds ibero. Prepararse para todos los escenarios exige pragmatismo estrat\u00e9gico, pero tambi\u00e9n claridad en los principios: democracia, derechos humanos y coherencia internacional como pilares innegociables.<\/p>\n\n\n\n<div data-wp-interactive=\"core\/file\" class=\"wp-block-file aligncenter\"><object data-wp-bind--hidden=\"!state.hasPdfPreview\" hidden class=\"wp-block-file__embed\" data=\"https:\/\/www.inteligenia.info\/wp-content\/uploads\/2025\/10\/PropuestaEstrategiaEspanaMarruecos_ArtiomVnebreaciPopa-2.pdf\" type=\"application\/pdf\" style=\"width:100%;height:600px\" aria-label=\"Incrustado de PropuestaEstrategiaEspa\u00f1aMarruecos_ArtiomVnebreaciPopa (2).\"><\/object><a id=\"wp-block-file--media-eee2967d-f791-443f-8625-7e0eae13b77c\" href=\"https:\/\/www.inteligenia.info\/wp-content\/uploads\/2025\/10\/PropuestaEstrategiaEspanaMarruecos_ArtiomVnebreaciPopa-2.pdf\" target=\"_blank\" rel=\"noreferrer noopener\">PropuestaEstrategiaEspa\u00f1aMarruecos_ArtiomVnebreaciPopa (2)<\/a><a href=\"https:\/\/www.inteligenia.info\/wp-content\/uploads\/2025\/10\/PropuestaEstrategiaEspanaMarruecos_ArtiomVnebreaciPopa-2.pdf\" class=\"wp-block-file__button wp-element-button\" download aria-describedby=\"wp-block-file--media-eee2967d-f791-443f-8625-7e0eae13b77c\">Descarga<\/a><\/div>\n","protected":false},"excerpt":{"rendered":"<p>Artiom Vnebreaci Popa. Licenciado en Filosof\u00eda y Letras, y estudiante de Antropolog\u00eda, con formaci\u00f3n avanzada en Estudios del Futuro, Prospectiva y Estudios Culturales. Especializado en an\u00e1lisis de inteligencia, contra-inteligencia, operaciones psicol\u00f3gicas, HUMINT y ciencias de la religi\u00f3n. Centra su investigaci\u00f3n en estrategia, geopol\u00edtica, crimen organizado y econom\u00eda digital sumergida.\u00a0Interesado en Europa del Este y Oriente [&hellip;]<\/p>\n","protected":false},"author":1,"featured_media":1213,"comment_status":"open","ping_status":"open","sticky":false,"template":"","format":"standard","meta":{"saved_in_kubio":false,"footnotes":""},"categories":[13,17,24],"tags":[],"class_list":["post-1209","post","type-post","status-publish","format-standard","has-post-thumbnail","hentry","category-articulos","category-geopolitica-y-geoestrategia","category-prospectiva"],"yoast_head":"<!-- This site is optimized with the Yoast SEO plugin v27.0 - https:\/\/yoast.com\/product\/yoast-seo-wordpress\/ -->\n<title>La ventana marroqu\u00ed: una oportunidad estrat\u00e9gica para Espa\u00f1a en el Magreb - Inteligenia<\/title>\n<meta name=\"robots\" content=\"index, follow, max-snippet:-1, max-image-preview:large, max-video-preview:-1\" \/>\n<link rel=\"canonical\" href=\"https:\/\/www.inteligenia.info\/home\/la-ventana-marroqui-una-oportunidad-estrategica-para-espana-en-el-magreb\/\" \/>\n<meta property=\"og:locale\" content=\"es_ES\" \/>\n<meta property=\"og:type\" content=\"article\" \/>\n<meta property=\"og:title\" content=\"La ventana marroqu\u00ed: una oportunidad estrat\u00e9gica para Espa\u00f1a en el Magreb - Inteligenia\" \/>\n<meta property=\"og:description\" content=\"Artiom Vnebreaci Popa. Licenciado en Filosof\u00eda y Letras, y estudiante de Antropolog\u00eda, con formaci\u00f3n avanzada en Estudios del Futuro, Prospectiva y Estudios Culturales. Especializado en an\u00e1lisis de inteligencia, contra-inteligencia, operaciones psicol\u00f3gicas, HUMINT y ciencias de la religi\u00f3n. Centra su investigaci\u00f3n en estrategia, geopol\u00edtica, crimen organizado y econom\u00eda digital sumergida.\u00a0Interesado en Europa del Este y Oriente [&hellip;]\" \/>\n<meta property=\"og:url\" content=\"https:\/\/www.inteligenia.info\/home\/la-ventana-marroqui-una-oportunidad-estrategica-para-espana-en-el-magreb\/\" \/>\n<meta property=\"og:site_name\" content=\"Inteligenia\" \/>\n<meta property=\"article:published_time\" content=\"2025-10-02T09:01:50+00:00\" \/>\n<meta property=\"article:modified_time\" content=\"2025-10-02T09:01:51+00:00\" \/>\n<meta property=\"og:image\" content=\"https:\/\/www.inteligenia.info\/wp-content\/uploads\/2025\/10\/ChatGPT-Image-2-oct-2025-10_59_56.png\" \/>\n\t<meta property=\"og:image:width\" content=\"1024\" \/>\n\t<meta property=\"og:image:height\" content=\"683\" \/>\n\t<meta property=\"og:image:type\" content=\"image\/png\" \/>\n<meta name=\"author\" content=\"admin\" \/>\n<meta name=\"twitter:card\" content=\"summary_large_image\" \/>\n<meta name=\"twitter:creator\" content=\"@INTELIGENIA_\" \/>\n<meta name=\"twitter:site\" content=\"@INTELIGENIA_\" \/>\n<meta name=\"twitter:label1\" content=\"Escrito por\" \/>\n\t<meta name=\"twitter:data1\" content=\"admin\" \/>\n\t<meta name=\"twitter:label2\" content=\"Tiempo de lectura\" \/>\n\t<meta name=\"twitter:data2\" content=\"20 minutos\" \/>\n<script type=\"application\/ld+json\" class=\"yoast-schema-graph\">{\"@context\":\"https:\/\/schema.org\",\"@graph\":[{\"@type\":\"Article\",\"@id\":\"https:\/\/www.inteligenia.info\/home\/la-ventana-marroqui-una-oportunidad-estrategica-para-espana-en-el-magreb\/#article\",\"isPartOf\":{\"@id\":\"https:\/\/www.inteligenia.info\/home\/la-ventana-marroqui-una-oportunidad-estrategica-para-espana-en-el-magreb\/\"},\"author\":{\"name\":\"admin\",\"@id\":\"https:\/\/www.inteligenia.info\/home\/#\/schema\/person\/1bf90ee63c207f611a224f9c17dbf031\"},\"headline\":\"La ventana marroqu\u00ed: una oportunidad estrat\u00e9gica para Espa\u00f1a en el Magreb\",\"datePublished\":\"2025-10-02T09:01:50+00:00\",\"dateModified\":\"2025-10-02T09:01:51+00:00\",\"mainEntityOfPage\":{\"@id\":\"https:\/\/www.inteligenia.info\/home\/la-ventana-marroqui-una-oportunidad-estrategica-para-espana-en-el-magreb\/\"},\"wordCount\":4748,\"commentCount\":0,\"publisher\":{\"@id\":\"https:\/\/www.inteligenia.info\/home\/#organization\"},\"image\":{\"@id\":\"https:\/\/www.inteligenia.info\/home\/la-ventana-marroqui-una-oportunidad-estrategica-para-espana-en-el-magreb\/#primaryimage\"},\"thumbnailUrl\":\"https:\/\/www.inteligenia.info\/wp-content\/uploads\/2025\/10\/ChatGPT-Image-2-oct-2025-10_59_56.png\",\"articleSection\":[\"Art\u00edculos\",\"Geopolitica y Geoestrategia\",\"Prospectiva\"],\"inLanguage\":\"es\",\"potentialAction\":[{\"@type\":\"CommentAction\",\"name\":\"Comment\",\"target\":[\"https:\/\/www.inteligenia.info\/home\/la-ventana-marroqui-una-oportunidad-estrategica-para-espana-en-el-magreb\/#respond\"]}]},{\"@type\":\"WebPage\",\"@id\":\"https:\/\/www.inteligenia.info\/home\/la-ventana-marroqui-una-oportunidad-estrategica-para-espana-en-el-magreb\/\",\"url\":\"https:\/\/www.inteligenia.info\/home\/la-ventana-marroqui-una-oportunidad-estrategica-para-espana-en-el-magreb\/\",\"name\":\"La ventana marroqu\u00ed: una oportunidad estrat\u00e9gica para Espa\u00f1a en el Magreb - Inteligenia\",\"isPartOf\":{\"@id\":\"https:\/\/www.inteligenia.info\/home\/#website\"},\"primaryImageOfPage\":{\"@id\":\"https:\/\/www.inteligenia.info\/home\/la-ventana-marroqui-una-oportunidad-estrategica-para-espana-en-el-magreb\/#primaryimage\"},\"image\":{\"@id\":\"https:\/\/www.inteligenia.info\/home\/la-ventana-marroqui-una-oportunidad-estrategica-para-espana-en-el-magreb\/#primaryimage\"},\"thumbnailUrl\":\"https:\/\/www.inteligenia.info\/wp-content\/uploads\/2025\/10\/ChatGPT-Image-2-oct-2025-10_59_56.png\",\"datePublished\":\"2025-10-02T09:01:50+00:00\",\"dateModified\":\"2025-10-02T09:01:51+00:00\",\"breadcrumb\":{\"@id\":\"https:\/\/www.inteligenia.info\/home\/la-ventana-marroqui-una-oportunidad-estrategica-para-espana-en-el-magreb\/#breadcrumb\"},\"inLanguage\":\"es\",\"potentialAction\":[{\"@type\":\"ReadAction\",\"target\":[\"https:\/\/www.inteligenia.info\/home\/la-ventana-marroqui-una-oportunidad-estrategica-para-espana-en-el-magreb\/\"]}]},{\"@type\":\"ImageObject\",\"inLanguage\":\"es\",\"@id\":\"https:\/\/www.inteligenia.info\/home\/la-ventana-marroqui-una-oportunidad-estrategica-para-espana-en-el-magreb\/#primaryimage\",\"url\":\"https:\/\/www.inteligenia.info\/wp-content\/uploads\/2025\/10\/ChatGPT-Image-2-oct-2025-10_59_56.png\",\"contentUrl\":\"https:\/\/www.inteligenia.info\/wp-content\/uploads\/2025\/10\/ChatGPT-Image-2-oct-2025-10_59_56.png\",\"width\":1536,\"height\":1024},{\"@type\":\"BreadcrumbList\",\"@id\":\"https:\/\/www.inteligenia.info\/home\/la-ventana-marroqui-una-oportunidad-estrategica-para-espana-en-el-magreb\/#breadcrumb\",\"itemListElement\":[{\"@type\":\"ListItem\",\"position\":1,\"name\":\"Portada\",\"item\":\"https:\/\/www.inteligenia.info\/home\/\"},{\"@type\":\"ListItem\",\"position\":2,\"name\":\"La ventana marroqu\u00ed: una oportunidad estrat\u00e9gica para Espa\u00f1a en el Magreb\"}]},{\"@type\":\"WebSite\",\"@id\":\"https:\/\/www.inteligenia.info\/home\/#website\",\"url\":\"https:\/\/www.inteligenia.info\/home\/\",\"name\":\"Inteligenia\",\"description\":\"\",\"publisher\":{\"@id\":\"https:\/\/www.inteligenia.info\/home\/#organization\"},\"potentialAction\":[{\"@type\":\"SearchAction\",\"target\":{\"@type\":\"EntryPoint\",\"urlTemplate\":\"https:\/\/www.inteligenia.info\/home\/?s={search_term_string}\"},\"query-input\":{\"@type\":\"PropertyValueSpecification\",\"valueRequired\":true,\"valueName\":\"search_term_string\"}}],\"inLanguage\":\"es\"},{\"@type\":\"Organization\",\"@id\":\"https:\/\/www.inteligenia.info\/home\/#organization\",\"name\":\"Inteligenia\",\"url\":\"https:\/\/www.inteligenia.info\/home\/\",\"logo\":{\"@type\":\"ImageObject\",\"inLanguage\":\"es\",\"@id\":\"https:\/\/www.inteligenia.info\/home\/#\/schema\/logo\/image\/\",\"url\":\"https:\/\/www.inteligenia.info\/wp-content\/uploads\/2024\/06\/transparent_logo-1-e1718047668142.png\",\"contentUrl\":\"https:\/\/www.inteligenia.info\/wp-content\/uploads\/2024\/06\/transparent_logo-1-e1718047668142.png\",\"width\":674,\"height\":141,\"caption\":\"Inteligenia\"},\"image\":{\"@id\":\"https:\/\/www.inteligenia.info\/home\/#\/schema\/logo\/image\/\"},\"sameAs\":[\"https:\/\/x.com\/INTELIGENIA_\",\"https:\/\/www.linkedin.com\/company\/inteligenia\/?viewAsMember=true\"]},{\"@type\":\"Person\",\"@id\":\"https:\/\/www.inteligenia.info\/home\/#\/schema\/person\/1bf90ee63c207f611a224f9c17dbf031\",\"name\":\"admin\",\"image\":{\"@type\":\"ImageObject\",\"inLanguage\":\"es\",\"@id\":\"https:\/\/www.inteligenia.info\/home\/#\/schema\/person\/image\/\",\"url\":\"https:\/\/secure.gravatar.com\/avatar\/ed712be762908ac190eb3beb8cf9efb0dc9c425bd7b69d40ba8746efca2909c6?s=96&d=mm&r=g\",\"contentUrl\":\"https:\/\/secure.gravatar.com\/avatar\/ed712be762908ac190eb3beb8cf9efb0dc9c425bd7b69d40ba8746efca2909c6?s=96&d=mm&r=g\",\"caption\":\"admin\"},\"sameAs\":[\"http:\/\/www.inteligenia.info\"],\"url\":\"https:\/\/www.inteligenia.info\/home\/author\/admin\/\"}]}<\/script>\n<!-- \/ Yoast SEO plugin. -->","yoast_head_json":{"title":"La ventana marroqu\u00ed: una oportunidad estrat\u00e9gica para Espa\u00f1a en el Magreb - Inteligenia","robots":{"index":"index","follow":"follow","max-snippet":"max-snippet:-1","max-image-preview":"max-image-preview:large","max-video-preview":"max-video-preview:-1"},"canonical":"https:\/\/www.inteligenia.info\/home\/la-ventana-marroqui-una-oportunidad-estrategica-para-espana-en-el-magreb\/","og_locale":"es_ES","og_type":"article","og_title":"La ventana marroqu\u00ed: una oportunidad estrat\u00e9gica para Espa\u00f1a en el Magreb - Inteligenia","og_description":"Artiom Vnebreaci Popa. Licenciado en Filosof\u00eda y Letras, y estudiante de Antropolog\u00eda, con formaci\u00f3n avanzada en Estudios del Futuro, Prospectiva y Estudios Culturales. Especializado en an\u00e1lisis de inteligencia, contra-inteligencia, operaciones psicol\u00f3gicas, HUMINT y ciencias de la religi\u00f3n. Centra su investigaci\u00f3n en estrategia, geopol\u00edtica, crimen organizado y econom\u00eda digital sumergida.\u00a0Interesado en Europa del Este y Oriente [&hellip;]","og_url":"https:\/\/www.inteligenia.info\/home\/la-ventana-marroqui-una-oportunidad-estrategica-para-espana-en-el-magreb\/","og_site_name":"Inteligenia","article_published_time":"2025-10-02T09:01:50+00:00","article_modified_time":"2025-10-02T09:01:51+00:00","og_image":[{"url":"https:\/\/www.inteligenia.info\/wp-content\/uploads\/2025\/10\/ChatGPT-Image-2-oct-2025-10_59_56.png","width":1024,"height":683,"type":"image\/png"}],"author":"admin","twitter_card":"summary_large_image","twitter_creator":"@INTELIGENIA_","twitter_site":"@INTELIGENIA_","twitter_misc":{"Escrito por":"admin","Tiempo de lectura":"20 minutos"},"schema":{"@context":"https:\/\/schema.org","@graph":[{"@type":"Article","@id":"https:\/\/www.inteligenia.info\/home\/la-ventana-marroqui-una-oportunidad-estrategica-para-espana-en-el-magreb\/#article","isPartOf":{"@id":"https:\/\/www.inteligenia.info\/home\/la-ventana-marroqui-una-oportunidad-estrategica-para-espana-en-el-magreb\/"},"author":{"name":"admin","@id":"https:\/\/www.inteligenia.info\/home\/#\/schema\/person\/1bf90ee63c207f611a224f9c17dbf031"},"headline":"La ventana marroqu\u00ed: una oportunidad estrat\u00e9gica para Espa\u00f1a en el Magreb","datePublished":"2025-10-02T09:01:50+00:00","dateModified":"2025-10-02T09:01:51+00:00","mainEntityOfPage":{"@id":"https:\/\/www.inteligenia.info\/home\/la-ventana-marroqui-una-oportunidad-estrategica-para-espana-en-el-magreb\/"},"wordCount":4748,"commentCount":0,"publisher":{"@id":"https:\/\/www.inteligenia.info\/home\/#organization"},"image":{"@id":"https:\/\/www.inteligenia.info\/home\/la-ventana-marroqui-una-oportunidad-estrategica-para-espana-en-el-magreb\/#primaryimage"},"thumbnailUrl":"https:\/\/www.inteligenia.info\/wp-content\/uploads\/2025\/10\/ChatGPT-Image-2-oct-2025-10_59_56.png","articleSection":["Art\u00edculos","Geopolitica y Geoestrategia","Prospectiva"],"inLanguage":"es","potentialAction":[{"@type":"CommentAction","name":"Comment","target":["https:\/\/www.inteligenia.info\/home\/la-ventana-marroqui-una-oportunidad-estrategica-para-espana-en-el-magreb\/#respond"]}]},{"@type":"WebPage","@id":"https:\/\/www.inteligenia.info\/home\/la-ventana-marroqui-una-oportunidad-estrategica-para-espana-en-el-magreb\/","url":"https:\/\/www.inteligenia.info\/home\/la-ventana-marroqui-una-oportunidad-estrategica-para-espana-en-el-magreb\/","name":"La ventana marroqu\u00ed: una oportunidad estrat\u00e9gica para Espa\u00f1a en el Magreb - Inteligenia","isPartOf":{"@id":"https:\/\/www.inteligenia.info\/home\/#website"},"primaryImageOfPage":{"@id":"https:\/\/www.inteligenia.info\/home\/la-ventana-marroqui-una-oportunidad-estrategica-para-espana-en-el-magreb\/#primaryimage"},"image":{"@id":"https:\/\/www.inteligenia.info\/home\/la-ventana-marroqui-una-oportunidad-estrategica-para-espana-en-el-magreb\/#primaryimage"},"thumbnailUrl":"https:\/\/www.inteligenia.info\/wp-content\/uploads\/2025\/10\/ChatGPT-Image-2-oct-2025-10_59_56.png","datePublished":"2025-10-02T09:01:50+00:00","dateModified":"2025-10-02T09:01:51+00:00","breadcrumb":{"@id":"https:\/\/www.inteligenia.info\/home\/la-ventana-marroqui-una-oportunidad-estrategica-para-espana-en-el-magreb\/#breadcrumb"},"inLanguage":"es","potentialAction":[{"@type":"ReadAction","target":["https:\/\/www.inteligenia.info\/home\/la-ventana-marroqui-una-oportunidad-estrategica-para-espana-en-el-magreb\/"]}]},{"@type":"ImageObject","inLanguage":"es","@id":"https:\/\/www.inteligenia.info\/home\/la-ventana-marroqui-una-oportunidad-estrategica-para-espana-en-el-magreb\/#primaryimage","url":"https:\/\/www.inteligenia.info\/wp-content\/uploads\/2025\/10\/ChatGPT-Image-2-oct-2025-10_59_56.png","contentUrl":"https:\/\/www.inteligenia.info\/wp-content\/uploads\/2025\/10\/ChatGPT-Image-2-oct-2025-10_59_56.png","width":1536,"height":1024},{"@type":"BreadcrumbList","@id":"https:\/\/www.inteligenia.info\/home\/la-ventana-marroqui-una-oportunidad-estrategica-para-espana-en-el-magreb\/#breadcrumb","itemListElement":[{"@type":"ListItem","position":1,"name":"Portada","item":"https:\/\/www.inteligenia.info\/home\/"},{"@type":"ListItem","position":2,"name":"La ventana marroqu\u00ed: una oportunidad estrat\u00e9gica para Espa\u00f1a en el Magreb"}]},{"@type":"WebSite","@id":"https:\/\/www.inteligenia.info\/home\/#website","url":"https:\/\/www.inteligenia.info\/home\/","name":"Inteligenia","description":"","publisher":{"@id":"https:\/\/www.inteligenia.info\/home\/#organization"},"potentialAction":[{"@type":"SearchAction","target":{"@type":"EntryPoint","urlTemplate":"https:\/\/www.inteligenia.info\/home\/?s={search_term_string}"},"query-input":{"@type":"PropertyValueSpecification","valueRequired":true,"valueName":"search_term_string"}}],"inLanguage":"es"},{"@type":"Organization","@id":"https:\/\/www.inteligenia.info\/home\/#organization","name":"Inteligenia","url":"https:\/\/www.inteligenia.info\/home\/","logo":{"@type":"ImageObject","inLanguage":"es","@id":"https:\/\/www.inteligenia.info\/home\/#\/schema\/logo\/image\/","url":"https:\/\/www.inteligenia.info\/wp-content\/uploads\/2024\/06\/transparent_logo-1-e1718047668142.png","contentUrl":"https:\/\/www.inteligenia.info\/wp-content\/uploads\/2024\/06\/transparent_logo-1-e1718047668142.png","width":674,"height":141,"caption":"Inteligenia"},"image":{"@id":"https:\/\/www.inteligenia.info\/home\/#\/schema\/logo\/image\/"},"sameAs":["https:\/\/x.com\/INTELIGENIA_","https:\/\/www.linkedin.com\/company\/inteligenia\/?viewAsMember=true"]},{"@type":"Person","@id":"https:\/\/www.inteligenia.info\/home\/#\/schema\/person\/1bf90ee63c207f611a224f9c17dbf031","name":"admin","image":{"@type":"ImageObject","inLanguage":"es","@id":"https:\/\/www.inteligenia.info\/home\/#\/schema\/person\/image\/","url":"https:\/\/secure.gravatar.com\/avatar\/ed712be762908ac190eb3beb8cf9efb0dc9c425bd7b69d40ba8746efca2909c6?s=96&d=mm&r=g","contentUrl":"https:\/\/secure.gravatar.com\/avatar\/ed712be762908ac190eb3beb8cf9efb0dc9c425bd7b69d40ba8746efca2909c6?s=96&d=mm&r=g","caption":"admin"},"sameAs":["http:\/\/www.inteligenia.info"],"url":"https:\/\/www.inteligenia.info\/home\/author\/admin\/"}]}},"_links":{"self":[{"href":"https:\/\/www.inteligenia.info\/home\/wp-json\/wp\/v2\/posts\/1209","targetHints":{"allow":["GET"]}}],"collection":[{"href":"https:\/\/www.inteligenia.info\/home\/wp-json\/wp\/v2\/posts"}],"about":[{"href":"https:\/\/www.inteligenia.info\/home\/wp-json\/wp\/v2\/types\/post"}],"author":[{"embeddable":true,"href":"https:\/\/www.inteligenia.info\/home\/wp-json\/wp\/v2\/users\/1"}],"replies":[{"embeddable":true,"href":"https:\/\/www.inteligenia.info\/home\/wp-json\/wp\/v2\/comments?post=1209"}],"version-history":[{"count":1,"href":"https:\/\/www.inteligenia.info\/home\/wp-json\/wp\/v2\/posts\/1209\/revisions"}],"predecessor-version":[{"id":1214,"href":"https:\/\/www.inteligenia.info\/home\/wp-json\/wp\/v2\/posts\/1209\/revisions\/1214"}],"wp:featuredmedia":[{"embeddable":true,"href":"https:\/\/www.inteligenia.info\/home\/wp-json\/wp\/v2\/media\/1213"}],"wp:attachment":[{"href":"https:\/\/www.inteligenia.info\/home\/wp-json\/wp\/v2\/media?parent=1209"}],"wp:term":[{"taxonomy":"category","embeddable":true,"href":"https:\/\/www.inteligenia.info\/home\/wp-json\/wp\/v2\/categories?post=1209"},{"taxonomy":"post_tag","embeddable":true,"href":"https:\/\/www.inteligenia.info\/home\/wp-json\/wp\/v2\/tags?post=1209"}],"curies":[{"name":"wp","href":"https:\/\/api.w.org\/{rel}","templated":true}]}}