{"id":1215,"date":"2025-10-09T11:44:50","date_gmt":"2025-10-09T11:44:50","guid":{"rendered":"https:\/\/www.inteligenia.info\/?p=1215"},"modified":"2025-10-09T11:46:49","modified_gmt":"2025-10-09T11:46:49","slug":"terrorismo-yihadista-y-flujos-migratorios","status":"publish","type":"post","link":"https:\/\/www.inteligenia.info\/home\/terrorismo-yihadista-y-flujos-migratorios\/","title":{"rendered":"Terrorismo yihadista y flujos migratorios"},"content":{"rendered":"\n<p class=\"has-text-align-center\">Elaborado por:<\/p>\n\n\n\n<p class=\"has-text-align-center\"><strong>UNIDAD DE INTELIGENCIA EN PR\u00c1CTICAS &#8211; INTELIGENIA<\/strong><\/p>\n\n\n\n<h3 class=\"wp-block-heading has-kubio-color-4-color has-text-color has-link-color wp-elements-4834f834362db81fee489c57981e1e7b\"><strong>PROP\u00d3SITO<\/strong><\/h3>\n\n\n\n<p>Evaluar el riesgo de que redes yihadistas utilicen los flujos irregulares para infiltraci\u00f3n, financiaci\u00f3n o log\u00edstica, con especial atenci\u00f3n al Sahel y Magreb.<\/p>\n\n\n\n<h3 class=\"wp-block-heading has-kubio-color-4-color has-text-color has-link-color wp-elements-04a34ef4016a0bc81b32bbbd07a9fcbb\"><strong>PUNTOS CLAVE<\/strong><\/h3>\n\n\n\n<ol start=\"1\" class=\"wp-block-list\">\n<li><strong>La Estrategia Nacional contra el Terrorismo (ENCOT-2023)<\/strong>, enmarcada en la Estrategia de Seguridad Nacional, constata que predomina la orientaci\u00f3n yihadista en el terrorismo en Espa\u00f1a.<\/li>\n\n\n\n<li>La actividad yihadista en Espa\u00f1a est\u00e1 fuertemente vinculada a las personas de <strong>origen marroqu\u00ed<\/strong>. Sin embargo, la tendencia muestra que hay<strong> m\u00e1s probabilidad de radicalizaci\u00f3n <\/strong>de personas de origen marroqu\u00ed en Espa\u00f1a que en Marruecos.<\/li>\n\n\n\n<li>Aunque la <strong>radicalizaci\u00f3n online <\/strong>est\u00e1 muy extendida, en la mayor\u00eda de los casos se combina con la <strong>radicalizaci\u00f3n offline.<\/strong><\/li>\n\n\n\n<li>Marruecos tiene un<strong> alto control en el tejido religioso isl\u00e1mico <\/strong>en Espa\u00f1a.<\/li>\n<\/ol>\n\n\n\n<h3 class=\"wp-block-heading has-kubio-color-4-color has-text-color has-link-color wp-elements-870e8d964a05ab10ee33e2ba61432428\"><strong>Contexto hist\u00f3rico<\/strong><\/h3>\n\n\n\n<p>La amenaza terrorista para Espa\u00f1a siempre ha sido de gran relevancia en el entramado de la seguridad nacional. Especialmente por el per\u00edodo del terrorismo nacionalista de ETA. Sin embargo, con la expansi\u00f3n del <strong>terrorismo yihadista global <\/strong>en el \u00faltimo tercio del siglo pasado, este pas\u00f3 a convertirse en la mayor amenaza a la seguridad espa\u00f1ola.<\/p>\n\n\n\n<p>El terrorismo yihadista se consolid\u00f3 en el \u00faltimo tercio del siglo XX como resultado de una serie de conflictos geopol\u00edticos en el mundo isl\u00e1mico, que fueron utilizados por grupos extremistas como justificaci\u00f3n ideol\u00f3gica para promover una visi\u00f3n radical del islam. Entre los eventos clave se encuentran el conflicto palestino-israel\u00ed, la invasi\u00f3n sovi\u00e9tica de Afganist\u00e1n en 1979 \u2014considerada por muchos como el origen del yihadismo global\u2014, y la posterior intervenci\u00f3n estadounidense en Irak en 2003. Estos hechos alimentaron el sentimiento de agresi\u00f3n contra tierras isl\u00e1micas y motivaron a numerosos actores a involucrarse.<\/p>\n\n\n\n<p>En los a\u00f1os 90, el yihadismo se expandi\u00f3 por el norte de \u00c1frica y ya se hab\u00edan formado estructuras organizativas como <strong>Al Qaeda<\/strong> que derivaron en nuevas franquicias en otras ubicaciones geogr\u00e1ficas. A nivel organizativo, surgieron <strong>Al Qaeda en el Magreb Isl\u00e1mico (AQMI)<\/strong> y <strong>Jama&#8217;at Nusrat al-Islam wal-Muslimin (JNIM),<\/strong> activas en el Sahel y \u00c1frica Occidental. Por otro lado, el Estado Isl\u00e1mico que se instaura ya en el siglo XXI tambi\u00e9n se expandi\u00f3 por esta regi\u00f3n, con el <strong>Estado Isl\u00e1mico en el Gran S\u00e1hara (ISGS)<\/strong>&#8211; activo en Mali, el oeste de N\u00edger y el norte de Burkina Faso-, y la<strong> Provincia de \u00c1frica Occidental del Estado Isl\u00e1mico (ISWAP)<\/strong>&#8211; centra sus operaciones en Nigeria-.<\/p>\n\n\n\n<p>Esta regi\u00f3n, junto con Afganist\u00e1n y Somalia, se ha convertido en uno de los principales focos del terrorismo yihadista actual. Seg\u00fan datos del Observatorio Internacional de Estudios Sobre el Terrorismo, s\u00f3lo en el mes de en febrero de 2023 se registraron 89 ataques, lo que implica que m\u00e1s de tres atentados se comet\u00edan por d\u00eda, en su mayor\u00eda en \u00c1frica subsahariana.<\/p>\n\n\n\n<p>Tambi\u00e9n se extendi\u00f3 la figura del<strong> \u00ablobo solitario\u00bb,<\/strong> principalmente en Europa, que se trata de individuos auto radicalizados, principalmente a trav\u00e9s de internet y redes sociales, sin v\u00ednculos estructurales con organizaciones terroristas. Casos como los atentados del 11M en Madrid (2004), el 7J en Londres (2005) o el ataque a Charlie Hebdo en Par\u00eds (2015), evidencian c\u00f3mo la radicalizaci\u00f3n individual representa una amenaza significativa en Europa.<\/p>\n\n\n\n<figure class=\"wp-block-image size-full\"><img loading=\"lazy\" decoding=\"async\" width=\"940\" height=\"777\" src=\"https:\/\/www.inteligenia.info\/wp-content\/uploads\/2025\/10\/image.png\" alt=\"\" class=\"wp-image-1216\" srcset=\"https:\/\/www.inteligenia.info\/wp-content\/uploads\/2025\/10\/image.png 940w, https:\/\/www.inteligenia.info\/wp-content\/uploads\/2025\/10\/image-300x248.png 300w, https:\/\/www.inteligenia.info\/wp-content\/uploads\/2025\/10\/image-768x635.png 768w\" sizes=\"(max-width: 940px) 100vw, 940px\" \/><\/figure>\n\n\n\n<h3 class=\"wp-block-heading has-kubio-color-4-color has-text-color has-link-color wp-elements-a4111e1c5674df78eb9dae18513a048c\"><strong>Contexto actual<\/strong><\/h3>\n\n\n\n<p>Espa\u00f1a considera el terrorismo una de las principales amenazas para su seguridad nacional, especialmente el de car\u00e1cter yihadista, puesto que el terrorismo aut\u00f3ctono no representa a d\u00eda de hoy una amenaza relevante, aunque se mantiene la vigilancia. Durante el per\u00edodo de 2019 a 2023, de las 110 operaciones relacionadas con actividades de terrorismo que se llevaron a cabo en territorio espa\u00f1ol, m\u00e1s de un <strong>90 % estaban relacionadas con el terrorismo de etiolog\u00eda yihadista<\/strong> y algo m\u00e1s de un 5 % con el terrorismo aut\u00f3ctono.<\/p>\n\n\n\n<p>Ante esta amenaza, Espa\u00f1a lanza la <strong>Estrategia Nacional contra el Terrorismo (ENCOT-2023)<\/strong>, enmarcada en la Estrategia de Seguridad Nacional, que actualiza su enfoque para adaptarse a la evoluci\u00f3n del fen\u00f3meno terrorista. De acuerdo a las estrategias de las organizaciones internacionales de las que Espa\u00f1a es parte, manteniendo el modelo de la Estrategia contra el Terrorismo de la Uni\u00f3n Europea (UE), la del Consejo de Europa (CE) y la de Naciones Unidas (ONU).<\/p>\n\n\n\n<p>La ENCOT-2023 se concibe como un documento din\u00e1mico que permite su adaptaci\u00f3n ante las amenazas cambiantes y la evoluci\u00f3n de las t\u00e1cticas terroristas, as\u00ed como de la amenaza ligada a las pr\u00e1cticas de los diferentes grupos y de los distintos actores vinculados con los extremismos violentos. El ENCOT constata que el terrorismo en Espa\u00f1a:<\/p>\n\n\n\n<ul class=\"wp-block-list\">\n<li>Siguen siendo predominantemente de<strong> orientaci\u00f3n yihadista<\/strong>.<\/li>\n\n\n\n<li>Emplea cada vez m\u00e1s recursos de<strong> tecnolog\u00eda avanzada<\/strong> (drones, criptograf\u00eda y redes sociales) que facilita sus labores de captaci\u00f3n y radicalizaci\u00f3n, as\u00ed como la coordinaci\u00f3n y comunicaci\u00f3n m\u00e1s efectiva.<\/li>\n\n\n\n<li>Disponen de una <strong>estructura m\u00e1s descentralizada <\/strong>y difusa, lo que dificulta su identificaci\u00f3n y desmantelamiento.<\/li>\n\n\n\n<li>Han adoptado un enfoque cada vez m\u00e1s centrado en <strong>objetivos blandos<\/strong>, es decir, concentraciones multitudinarias en las v\u00edas p\u00fablicas que causen mayor n\u00famero de v\u00edctimas.<\/li>\n\n\n\n<li>Apoyan la actuaci\u00f3n de <strong>actores solitarios<\/strong> sin v\u00ednculos con organizaciones y con afectaci\u00f3n por alg\u00fan trastorno mental.<\/li>\n<\/ul>\n\n\n\n<p>Los<strong> actores en solitario<\/strong> se caracterizan por la auto radicalizaci\u00f3n debido a la accesibilidad a la propaganda extremista en l\u00ednea, la dificultad para su detecci\u00f3n y el empleo de cualquier instrumento como arma para llevar a cabo sus atentados.<\/p>\n\n\n\n<p>Otro elemento de gran relevancia en la lucha contra el terrorismo en Espa\u00f1a se trata del retorno de los <strong>Combatientes Terroristas Extranjeros (CTE)<\/strong>, dado que su presencia y actividad en zonas de conflicto que les ha proporcionado suficiente conocimiento operativo, experiencia en el manejo de armamento, contactos, conocimiento de rutas y agentes facilitadores. Adem\u00e1s de una posible posici\u00f3n de liderazgo, convirti\u00e9ndolos en ejes vertebradores de la concienciaci\u00f3n radical y con posibilidades reales en la posterior ejecuci\u00f3n de actos de terrorismo.<\/p>\n\n\n\n<p>Existen varios factores que han contribuido al aumento de esta amenaza:<\/p>\n\n\n\n<ul class=\"wp-block-list\">\n<li>La <strong>polarizaci\u00f3n <\/strong>inducida por la crisis econ\u00f3mica, sanitaria, social, energ\u00e9tica y migratoria, as\u00ed como una creciente desconfianza en las instituciones puede llevar a la adopci\u00f3n de ideolog\u00edas extremas o radicales, especialmente entre los j\u00f3venes.<\/li>\n\n\n\n<li>La <strong>discriminaci\u00f3n, el racismo y el sentimiento de agravio<\/strong>, que favorecen la adopci\u00f3n de ideolog\u00edas extremas o radicales, especialmente entre los grupos marginados o excluidos.<\/li>\n\n\n\n<li>La <strong>propaganda y la desinformaci\u00f3n empleadas<\/strong> para difundir y transmitir este tipo de ideolog\u00eda, especialmente a trav\u00e9s de las redes sociales y otros medios en l\u00ednea.<\/li>\n<\/ul>\n\n\n\n<p>Ante estas amenazas, el <strong>marco legislativo espa\u00f1ol <\/strong>recoge una serie de medidas para luchar contra el terrorismo y el extremismo violento, potenciando la cooperaci\u00f3n internacional e intensificando los procedimientos de control y vigilancia en los puntos de entrada y salida del pa\u00eds. Por eso, la Estrategia Nacional contra el Terrorismo se basa en cuatro pilares fundamentales:<\/p>\n\n\n\n<ul class=\"wp-block-list\">\n<li><strong>Prevenir<\/strong>: evitar la radicalizaci\u00f3n y el reclutamiento terrorista, con medidas marcadas en la lucha contra la radicalizaci\u00f3n, incluyendo la prevenci\u00f3n en prisiones y el control del retorno de CTE.<\/li>\n\n\n\n<li><strong>Proteger<\/strong>: garantizar la seguridad de la ciudadan\u00eda, las instituciones y los objetivos vulnerables frente a posibles ataques.<\/li>\n\n\n\n<li><strong>Perseguir<\/strong>: identificar, investigar y neutralizar a los terroristas y sus redes de apoyo, incluyendo log\u00edstica y financiaci\u00f3n.<\/li>\n\n\n\n<li><strong>Preparar<\/strong>: reducir el impacto de los atentados mediante una respuesta r\u00e1pida, apoyo a las v\u00edctimas y recuperaci\u00f3n efectiva.<\/li>\n<\/ul>\n\n\n\n<p>En este marco, se fijan como zonas prioritarias en cuanto a la lucha contra el terrorismo los <strong>Balcanes Occidentales, el Norte de \u00c1frica, Oriente Pr\u00f3ximo, la regi\u00f3n del Sahel y el Cuerno de \u00c1frica<\/strong>. La crisis multidimensional del Sahel afecta indudablemente a la estabilidad en la zona y, de manera directa, a los intereses nacionales de Espa\u00f1a, especialmente en lo que se refiere a la <strong>amenaza terrorista y al aumento de los flujos migratorios irregulares<\/strong> que pueden ser aprovechados por elementos terroristas para dar cobertura a sus desplazamientos. Por ello, Espa\u00f1a considera que los esfuerzos en la lucha antiterrorista en esta regi\u00f3n deben centrarse en misiones de adiestramiento enfocadas a capacitar a as fuerzas armadas y cuerpos de seguridad locales para la contenci\u00f3n del terrorismo, as\u00ed como en la mejora de los sistemas de control migratorio.<\/p>\n\n\n\n<p>En este sentido, el Magreb supone una <strong>puerta de entrada a Espa\u00f1a<\/strong> y, por ende, a Europa. Por lo que, en relaci\u00f3n al terrorismo yihadista, la situaci\u00f3n de seguridad en el Magreb contin\u00faa siendo uno de los factores que m\u00e1s incide en el nivel de amenaza terrorista en Espa\u00f1a y sobre nuestros intereses en dicha regi\u00f3n. Adem\u00e1s, existen varios elementos que mantienen esta amenaza, entre los que se encuentran los <strong>estrechos v\u00ednculos entre yihadistas magreb\u00edes con residentes en nuestro pa\u00eds,<\/strong> las conexiones puntuales entre redes de tr\u00e1fico de personas y yihadistas, as\u00ed como el elevado porcentaje de CTE y terroristas detenidos en Espa\u00f1a con esta procedencia.<\/p>\n\n\n\n<h3 class=\"wp-block-heading has-kubio-color-4-color has-text-color has-link-color wp-elements-1825f212fb19ac50ee5629ef6eed240d\"><strong>Evidencias del uso de las rutas migratorias irregulares para la infiltraci\u00f3n yihadista<\/strong><\/h3>\n\n\n\n<p>El terrorismo yihadista tiene dos vertientes en nuestro pa\u00eds, el de <strong>car\u00e1cter for\u00e1neo<\/strong>, propiamente procedente del extranjero, y el <strong>aut\u00f3ctono<\/strong>, que implica a personas con nacionalidad espa\u00f1ola. Al hablar de inmigraci\u00f3n y terrorismo, cabr\u00eda pensar que tiene unicamente caracter for\u00e1neo. Sin embargo, el perfil de los yihadistas detenidos, entre 2013 y 2017, en Espa\u00f1a revelaba una tendencia clara hacia la <strong>radicalizaci\u00f3n de individuos nacidos o criados en nuestro pa\u00eds<\/strong>, es decir, un fen\u00f3meno end\u00f3geno o \u00abhomegrown\u00bb. Seg\u00fan los datos, el 62,7% de los yihadistas durante ese periodo se radicalizaron en territorio espa\u00f1ol: <strong>un 56,8% eran inmigrantes de segunda generaci\u00f3n<\/strong> y un 5,9% no ten\u00edan ning\u00fan antecedente migratorio, lo que indica una <strong>ruptura con la imagen tradicional del terrorismo yihadista como fen\u00f3meno exclusivamente for\u00e1neo. <\/strong>Sin embargo, esto no es excluyente, puesto que seg\u00fan el Foro de Terrorismo global del instituto El Cano, el 73,4% del total de personas relacionadas con actividades yihadistas (2013-2017), en Espa\u00f1a, son de <strong>origen marroqu\u00ed.<\/strong> De forma que la correlaci\u00f3n entre el terrorismo yihadista y la inmigraci\u00f3n se basa en el origen de los involucrados en este tipo de actividades.<\/p>\n\n\n\n<p>Esta relaci\u00f3n entre terrorismo yihadista y origen marroqu\u00ed es coherente ya que siete de cada diez inmigrantes que llegan a Espa\u00f1a desde pa\u00edses con sociedades musulmanas, tienen nacionalidad o nacieron en Marruecos. Sin embargo, en los \u00faltimos a\u00f1os ha cambiado significativamente el perfil de los implicados en actividades yihadistas en Espa\u00f1a, tanto por nacionalidad como edad o sexo. Aunque la participaci\u00f3n de individuos de nacionalidad marroqu\u00ed sigue siendo muy elevada, esta realidad est\u00e1 cambiando. En 2023 y 2024, <strong>la nacionalidad m\u00e1s com\u00fan entre los detenidos fue la espa\u00f1ola<\/strong> (37% en 2023 y 44% en 2024), mientras que la marroqu\u00ed baj\u00f3 al 29%. Esto refleja un auge del yihadismo end\u00f3geno, influido por la presencia de <strong>segundas generaciones de musulmanes<\/strong> nacidos en Espa\u00f1a o <strong>personas de origen marroqu\u00ed con nacionalidad espa\u00f1ola<\/strong> tras a\u00f1os de residencia.<\/p>\n\n\n\n<p>Este dato adquiere especial relevancia si se compara con el peso que tiene la segunda generaci\u00f3n de inmigrantes en la sociedad espa\u00f1ola: mientras que solo representan un 25,5% del total de la poblaci\u00f3n musulmana inmigrante, su presencia entre los detenidos por terrorismo yihadista es m\u00e1s del doble. Por tanto, las <strong>segundas generaciones est\u00e1n sobrerrepresentadas<\/strong> en los datos de radicalizaci\u00f3n.<\/p>\n\n\n\n<p>Aunque el componente aut\u00f3ctono ha tomado fuerza, es innegable que se trata de una amenaza terrorista principalmente for\u00e1nea, puesto que <strong>la amplia mayor\u00eda de la poblaci\u00f3n musulmana que reside en Espa\u00f1a es de origen marroqu\u00ed.<\/strong> No obstante, Marruecos no es el \u00fanico foco for\u00e1neo de terrorismo ya que tambi\u00e9n destacan personas de origen tunecino, argelino, pakistan\u00ed o sirio.<\/p>\n\n\n\n<p>La mayor\u00eda de la poblaci\u00f3n musulmana de origen marroqu\u00ed en Espa\u00f1a procede de la inmigraci\u00f3n de primera generaci\u00f3n. Sin embargo, no son ellos quienes predominan entre los perfiles detenidos, sino sus hijos nacidos o criados en Espa\u00f1a, lo que refleja un <strong>problema interno que afecta a la integraci\u00f3n, el sentimiento de pertenencia y la construcci\u00f3n identitaria<\/strong> en territorio espa\u00f1ol.<\/p>\n\n\n\n<p>Este fen\u00f3meno es comparable al de otros pa\u00edses europeos con altos niveles de radicalizaci\u00f3n, donde tambi\u00e9n se observa que la actividad yihadista es m\u00e1s frecuente en contextos donde predominan las segundas generaciones musulmanas. J\u00f3venes que viven en tensi\u00f3n entre dos culturas (la de origen y la del pa\u00eds de acogida) pueden experimentar conflictos de identidad, sensaci\u00f3n de marginaci\u00f3n o falta de referentes s\u00f3lidos. En este contexto, la <strong>propaganda yihadista,<\/strong> especialmente a trav\u00e9s de redes sociales y entornos digitales, ofrece una narrativa de afirmaci\u00f3n y pertenencia que puede derivar en la adopci\u00f3n de posturas extremas.<\/p>\n\n\n\n<h3 class=\"wp-block-heading has-kubio-color-4-color has-text-color has-link-color wp-elements-017ec1abe3261372d91e51eae6121972\"><strong>Principales nodos de radicalizaci\u00f3n online\/offline relacionados con rutas migratorias<\/strong><\/h3>\n\n\n\n<p>En cuanto al<strong> componente geogr\u00e1fico de la radicalizaci\u00f3n y actividad terrorista,<\/strong> los individuos nacidos en Marruecos, especialmente en el Rif, siguen estando presentes en las redes yihadistas en Espa\u00f1a, aunque en menor proporci\u00f3n que las generaciones nacidas en territorio nacional. Por su parte, los radicalizados nacidos en Ceuta, Melilla o Catalu\u00f1a conforman lo que se ha denominado el <strong>componente aut\u00f3ctono del fen\u00f3meno<\/strong>. De hecho, es m\u00e1s probable que una persona de origen marroqu\u00ed se implique en actividades yihadistas si reside en Espa\u00f1a que si reside en Marruecos, lo que pone de manifiesto que tanto Espa\u00f1a como Marruecos enfrentan una amenaza compartida, pero con dimensiones diferentes: en Marruecos, m\u00e1s asociada al control territorial y a la prevenci\u00f3n; en Espa\u00f1a, a la vulnerabilidad social y a la radicalizaci\u00f3n interna.<\/p>\n\n\n\n<p>En el per\u00edodo de tiempo 2013-2017, 4 de cada 10 detenidos o personas relacionadas con el <strong>yihadismo condenados en Espa\u00f1a resid\u00edan en Catalu\u00f1a<\/strong>. Lo cual implicaba una sobrerrepresentaci\u00f3n del 27% de musulmanes que&nbsp; viven en Espa\u00f1a y viven en Catalu\u00f1a. Tambi\u00e9n destaca la presencia salafista en la comunidad, pues \u2153 de 256 lugares de culto isl\u00e1micos en Catalu\u00f1a eran salafistas.&nbsp;<\/p>\n\n\n\n<p>Respecto a la <strong>radicalizaci\u00f3n seg\u00fan la edad,<\/strong> tambi\u00e9n se ha producido un cambio notable. Si en 2020 predominaban los detenidos entre 32 y 38 a\u00f1os, en 2024 lo hicieron los j\u00f3venes de entre 18 y 24. Al sumar los 15 menores detenidos ese a\u00f1o, se concluye que m\u00e1s del 40% de los implicados ten\u00eda menos de 25 a\u00f1os.<\/p>\n\n\n\n<p>En cuanto al <strong>sexo<\/strong>, aunque los hombres siguen siendo mayor\u00eda, la participaci\u00f3n femenina ha aumentado ligeramente, alcanzando un 11% en 2024. Un dato llamativo es que mientras la edad media de los hombres detenidos tiende a disminuir, en el caso de las mujeres se incrementa, superando ya los 45 a\u00f1os.<\/p>\n\n\n\n<p>Otra de las caracter\u00edsticas de los detenidos se refiere a la <strong>situaci\u00f3n laboral<\/strong>, el perfil del detenido tambi\u00e9n ha cambiado: antes predominaban las personas con empleo, pero en <strong>2024 el 46% estaba desempleado.<\/strong><\/p>\n\n\n\n<p>En cuanto a los <strong>medios de radicalizaci\u00f3n<\/strong> podemos hablar de distintas estrategias. Los <strong>centros penitenciarios y centros de culto isl\u00e1mico<\/strong> destacan en cuanto a las formas de radicalizaci\u00f3n offline. Mientras que el peso de los medios online, como <strong>redes sociales o internet,<\/strong> es muy elevado.<\/p>\n\n\n\n<p>En estos t\u00e9rminos, los principales desaf\u00edos en la actualidad se identifican:<\/p>\n\n\n\n<ol class=\"wp-block-list\">\n<li>Los individuos auto radicalizados dispuestos a cometer atentados<\/li>\n\n\n\n<li>El retorno de combatientes terroristas extranjeros<\/li>\n\n\n\n<li>La radicalizaci\u00f3n en los centros penitenciarios<\/li>\n\n\n\n<li>La creciente implicaci\u00f3n de menores con un rol activo en actividades terroristas<\/li>\n<\/ol>\n\n\n\n<h3 class=\"wp-block-heading has-kubio-color-4-color has-text-color has-link-color wp-elements-3aceaeacbc368fc121352409c90268c6\"><strong>Centros de culto isl\u00e1mico<\/strong><\/h3>\n\n\n\n<p>El uso de las mezquitas y los centros de culto para el reclutamiento y la radicalizaci\u00f3n est\u00e1 extendido. En 2014, el 10% de los oratorios musulmanes en Espa\u00f1a (100 mezquitas), se dedicaban a divulgar el islamismo radical y al menos 30 de ellas contaban con escuelas igual de radicales que las habidas en Afganist\u00e1n. Sin embargo, se sabe que las mezquitas no son el principal \u00e1mbito de radicalizaci\u00f3n ya que el 73% de los casos se producen en domicilios particulares y m\u00e1s del 17% en centros penitenciarios.<\/p>\n\n\n\n<p>Adem\u00e1s, cabe destacar que <strong>Marruecos financia pr\u00e1cticamente la totalidad de las mezquitas <\/strong>en Ceuta y Melilla, y forman parte \u00edntegra del Ministerio de Asuntos Isl\u00e1micos de Marruecos. Mientras que su apoyo financiero tambi\u00e9n se expande por todo el territorio peninsular, destacando los centros de culto de la comunidad de Madrid y Catalu\u00f1a. Aunque el ministro de Asuntos Isl\u00e1micos, Ahmed Tawfiq, niega que esto tenga una implicaci\u00f3n pol\u00edtica y justifica que el 70% de los musulmanes en Espa\u00f1a son marroqu\u00edes.&nbsp;<\/p>\n\n\n\n<h3 class=\"wp-block-heading has-kubio-color-4-color has-text-color has-link-color wp-elements-fbba8601555caea24cdd2285d948eabd\"><strong>Centros penitenciarios<\/strong><\/h3>\n\n\n\n<p>En la actualidad, los <strong>centros penitenciarios se consideran uno de los principales focos para la captaci\u00f3n, el adoctrinamiento y el proselitismo yihadista en Espa\u00f1a<\/strong>, siendo probablemente el entorno m\u00e1s propicio para la proliferaci\u00f3n de nuevos casos de radicalizaci\u00f3n. Estos espacios re\u00fanen varios factores que favorecen los procesos de adoctrinamiento ideol\u00f3gico, como el aislamiento social, la frustraci\u00f3n personal, el sentimiento de agravio y la b\u00fasqueda de identidad o redenci\u00f3n por parte de los internos. Este entorno cerrado facilita el proselitismo y la captaci\u00f3n por parte de individuos radicalizados, que a menudo ejercen como l\u00edderes espirituales sobre otros presos, especialmente sobre condenados por delitos comunes y sin vinculaci\u00f3n previa con el extremismo religioso.<\/p>\n\n\n\n<p>Se encuentra una relaci\u00f3n estrecha entre individuos reportados a Europol por terrorismo (2016) y personas con antecedentes criminales o pertenecientes a entornos delictivos, lo que implica una relaci\u00f3n positiva entre susceptibilidad a la radicalizaci\u00f3n, reclutamiento y entornos delictivos.<\/p>\n\n\n\n<p>Este fen\u00f3meno no es exclusivo de Espa\u00f1a. A nivel internacional, la radicalizaci\u00f3n en prisi\u00f3n es una preocupaci\u00f3n creciente, ya que estos entornos pueden convertirse en terrenos f\u00e9rtiles para el extremismo violento, especialmente entre individuos que comparten trayectorias vitales marcadas por la marginalizaci\u00f3n, el resentimiento hacia el sistema y la carencia de v\u00ednculos sociales positivos.<\/p>\n\n\n\n<p>Por tanto,<strong> la radicalizaci\u00f3n carcelaria plantea un desaf\u00edo estructural y de seguridad, <\/strong>al combinar el riesgo de creaci\u00f3n de nuevos perfiles yihadistas con la posibilidad de que estos individuos salgan en libertad cuando cumplan las penas por delitos comunes y act\u00faen como catalizadores de futuras amenazas terroristas. Esta realidad exige un enfoque integral que combine medidas de prevenci\u00f3n, seguimiento, intervenci\u00f3n ideol\u00f3gica y reinserci\u00f3n dentro del sistema penitenciario. En este sentido, se han activado protocolos de seguimiento para detectar procesos de radicalizaci\u00f3n en internos condenados por otras tipolog\u00edas delictivas, as\u00ed como la libertad vigilada de ex convictos.<\/p>\n\n\n\n<h3 class=\"wp-block-heading has-kubio-color-4-color has-text-color has-link-color wp-elements-e8f3524386878c84a43e1298726cf2ba\"><strong>Medios online<\/strong><\/h3>\n\n\n\n<p>La mayor\u00eda de los estudios coinciden en que<strong> Internet no causa la radicalizaci\u00f3n yihadista<\/strong>, pero s\u00ed facilita y potencia su difusi\u00f3n, actuando como complemento de las din\u00e1micas presenciales. As\u00ed, las interacciones online normalmente juegan un papel clave al difundir ideas extremistas y provisionar informaci\u00f3n; crear comunidades en torno a ellas (reclutamiento); normalizar teor\u00edas de conspiraci\u00f3n y la desconfianza institucional; y facilita las redes de financiaci\u00f3n del terrorismo.<\/p>\n\n\n\n<p>Los factores offline \u2014como el entorno social, los conflictos identitarios o las experiencias de discriminaci\u00f3n\u2014 siguen teniendo un peso determinante. En este sentido, la exposici\u00f3n a propaganda extremista en l\u00ednea, tanto activa como pasiva, influye en el paso a la radicalizaci\u00f3n conductual,<strong> pero continua siendo habitual la combinaci\u00f3n con otros elementos no digitales. <\/strong>A pesar del uso intensivo del entorno digital por parte de los extremistas, la mayor\u00eda de los terroristas siguen operando en espacios tanto online como offline, lo que reafirma la naturaleza h\u00edbrida del fen\u00f3meno.<\/p>\n\n\n\n<p>La literatura reciente ha clasificado las formas de radicalizaci\u00f3n online en cuatro tipolog\u00edas distintas:<\/p>\n\n\n\n<ol start=\"1\" class=\"wp-block-list\">\n<li><strong>Integrada<\/strong>: conectada intensamente tanto en l\u00ednea como fuera de l\u00ednea. Uso intensivo de Internet como herramienta de planificaci\u00f3n.<\/li>\n\n\n\n<li><strong>Animada<\/strong>: uso elevado de Internet para establecer redes y planificar, pero con menor implicaci\u00f3n en encuentros f\u00edsicos.<\/li>\n\n\n\n<li><strong>Aislada<\/strong>: baja interacci\u00f3n tanto en l\u00ednea como fuera de ella. Algunos planifican a trav\u00e9s de Internet; otros act\u00faan de forma improvisada.<\/li>\n\n\n\n<li><strong>Encerrada<\/strong>: predominio de relaciones f\u00edsicas sobre las digitales, aunque con uso del entorno online como recurso complementario.<\/li>\n<\/ol>\n\n\n\n<p>En una investigaci\u00f3n sobre 439 terroristas en ocho pa\u00edses, un estudio de 2022 de Hamid y Ariza hall\u00f3 que la mayor\u00eda (238) se hab\u00eda radicalizado principalmente fuera de l\u00ednea. Por el contrario, 77 lo hicieron mayormente en l\u00ednea, 40 con una mezcla de ambos, y solo 8 podr\u00edan describirse como casos de \u201cradicalizaci\u00f3n en l\u00ednea asocial\u201d<\/p>\n\n\n\n<p>En lo que se refiere a las plataformas online por las que se difunde la radicalizaci\u00f3n, se encuentra que a inicios de la d\u00e9cada de 2010 el enfoque al respecto era laxo. En este sentido, las plataformas fueron un medio de utilidad para la difusi\u00f3n yihadista de gran alcance, ya que no hab\u00eda un enfoque proactivo de eliminaci\u00f3n de contenido. Sin embargo, a partir de 2016, comienza la lucha en estas plataformas contra la difusi\u00f3n de contenido de grupos terroristas en l\u00ednea.<\/p>\n\n\n\n<p>Hoy en d\u00eda, el entorno online es hostil a la difusi\u00f3n de contenido yihadista. Se usan p\u00e1ginas \u201cbalizas\u201d como Facebook, X o Telegram para dirigir a almacenes de contenido (como <a href=\"http:\/\/archive.org\">archive.org<\/a> ). A su vez, se complementa con \u201cagregadores\u201d, que recopilan enlaces y los almacenan en lugares como sitios web.<\/p>\n\n\n\n<p>Tech Against Terrorism identific\u00f3 trece categor\u00edas de plataformas usadas en este proceso, siendo las de intercambio de archivos y videos las m\u00e1s frecuentes. En 2020, su sistema de an\u00e1lisis de contenidos de terrorismo emiti\u00f3 10,959 alertas sobre contenido yihadista, logrando una tasa de eliminaci\u00f3n del 94%. Por otro lado, se\u00f1alan que ha habido migraciones a plataformas m\u00e1s laxas como Gab, donde la tasa de eliminaci\u00f3n se reduce pr\u00e1cticamente a la mitad.<\/p>\n\n\n\n<p>Hay otra preocupaci\u00f3n importante para la UE; la radicalizaci\u00f3n en base a los <strong>videojuegos<\/strong>. <strong>&nbsp;<\/strong>Gilles de Kerchove, ex coordinador antiterrorista de la UE, se\u00f1al\u00f3 que las plataformas de juegos tienen una fuerte dimensi\u00f3n social, lo que las hace \u00fatiles para reclutar y radicalizar a j\u00f3venes vulnerables. Los videojuegos son considerados no como parte del proceso de reclutamiento sino de reforzamiento de la ideolog\u00eda de los ya radicalizados.<\/p>\n\n\n\n<p>Otra preocupaci\u00f3n es que los algoritmos de recomendaci\u00f3n puedan estar creando <strong>\u201cburbujas de filtro\u201d<\/strong> radicales. De Kerchove advirti\u00f3 que la amplificaci\u00f3n de contenido da\u00f1ino legal podr\u00eda facilitar la radicalizaci\u00f3n. Aunque hoy las plataformas son mucho m\u00e1s eficaces eliminando material claramente ilegal, muchos actores extremistas producen \u201ccontenido lim\u00edtrofe\u201d dif\u00edcil de sancionar.<\/p>\n\n\n\n<p>Otra cuesti\u00f3n planteada por los acad\u00e9micos responde al formato que realmente logra la radicalizaci\u00f3n online. En un estudio de Wolfowicz et al. (2022), se concluye tras cuarenta y nueve estudios observacionales que el<strong> consumo de televisi\u00f3n no tiene efecto<\/strong>. Sin embargo, la exposici\u00f3n activa o pasiva al contenido radical en l\u00ednea si que se relaciona con el riesgo de radicalizaci\u00f3n.<\/p>\n\n\n\n<p>Dentro de las b\u00fasquedas activas en l\u00ednea, la asociaci\u00f3n m\u00e1s fuerte a la radicalizaci\u00f3n proviene del acceso a revistas yihadistas. Este hallazgo coincide con el estudio de Frissen (2021) en una muestra grande (&gt;1.800) de j\u00f3venes adultos belgas: la radicalizaci\u00f3n cognitiva autoinformada fue m\u00e1s pronunciada.<\/p>\n\n\n\n<p>En el caso concreto de la radicalizaci\u00f3n de individuos que consuman actos terroristas. El estudio exhaustivo de Hamid y Ariza (2022) ofrece la oportunidad para relacionar la v\u00eda de radicalizaci\u00f3n con la gravedad del acto terrorista. Esto permite una estimaci\u00f3n cuantificada y directa del nivel de amenaza derivado de los distintos modos de radicalizaci\u00f3n. Centr\u00e1ndose en los comportamientos de ataque, los autores crearon una base de datos con 439 atacantes yihadistas activos en ocho pa\u00edses occidentales entre 2014 y 2020. De estos, el 54% se radicaliz\u00f3 principalmente fuera de l\u00ednea, el 18% en l\u00ednea, y en un 9% se pudo establecer una mezcla de influencias en l\u00ednea y fuera de l\u00ednea. La radicalizaci\u00f3n en l\u00ednea t\u00edpicamente se acompa\u00f1a de interacci\u00f3n social. Solo el 2% de la muestra se ajust\u00f3 a una v\u00eda descrita como radicalizaci\u00f3n en l\u00ednea asocial. No se pudo establecer la v\u00eda de radicalizaci\u00f3n en el 17% de los casos<\/p>\n\n\n\n<p>Por \u00faltimo, se realizan evaluaciones de riesgo de radicalizaci\u00f3n en l\u00ednea, y se encuentra asociada al nivel m\u00e1s bajo en las tres dimensiones que son analizadas.<\/p>\n\n\n\n<p>En primer lugar, respecto al <strong>engagement <\/strong>o inter\u00e9s creciente o identificaci\u00f3n con una ideolog\u00eda extremista o con alg\u00fan grupo que la apoye. Solo el 32% del grupo en l\u00ednea se clasific\u00f3 como altamente comprometido, en comparaci\u00f3n con el 67% del grupo mixto y el 50% del grupo fuera de l\u00ednea.<\/p>\n\n\n\n<p>En segundo lugar, respecto a la <strong>intenci\u00f3n<\/strong>, es decir, la disposici\u00f3n futura a superar inhibiciones y actuar cometiendo delitos en nombre del grupo o causa. El 15% del grupo en l\u00ednea fue clasificado como alto, frente al 48% del grupo mixto y el 36% del grupo fuera de l\u00ednea.<\/p>\n\n\n\n<p>En tercer y \u00faltimo lugar,&nbsp; en relaci\u00f3n a la <strong>capacidad<\/strong>, que abarca los conocimientos, habilidades, redes y el entrenamiento general necesario para llevar a cabo actos terroristas: El grupo en l\u00ednea mostr\u00f3 niveles significativos (es decir, los m\u00e1s altos) s\u00f3lo en el 5% de los casos, frente al 41% en el grupo fuera de l\u00ednea y el 22% en el grupo mixto.<\/p>\n\n\n\n<h3 class=\"wp-block-heading has-kubio-color-4-color has-text-color has-link-color wp-elements-ee5236801b72d4874b711cd496413837\"><strong>V\u00ednculos entre redes del Sahel y Magreb y los flujos hacia Espa\u00f1a<\/strong><\/h3>\n\n\n\n<p>La<strong> inestabilidad estructural en el Sahel <\/strong>\u2014una regi\u00f3n marcada por el terrorismo, la debilidad institucional y graves crisis de gobernanza\u2014 ha generado un terreno f\u00e9rtil para la expansi\u00f3n de redes yihadistas. Esta situaci\u00f3n ha favorecido no solo el asentamiento de grupos como <strong>Al Qaeda del Magreb Isl\u00e1mico (AQMI) o Jama&#8217;at Nusrat al-Islam wal-Muslimin (JNIM)<\/strong>, sino tambi\u00e9n un aumento sostenido de los flujos migratorios irregulares hacia el norte de \u00c1frica, y desde all\u00ed hacia Europa, particularmente hacia Espa\u00f1a.<\/p>\n\n\n\n<p>La porosidad de las fronteras, la falta de control estatal en amplias zonas del Sahel y la presencia de conflictos armados han facilitado tanto el desplazamiento de personas como el tr\u00e1nsito de elementos radicalizados. Muchos migrantes que huyen de la violencia, el hambre o la inseguridad acaban siendo v\u00edctimas de redes criminales que, en algunos casos, est\u00e1n conectadas con c\u00e9lulas yihadistas. Esta realidad convierte a la regi\u00f3n en un espacio donde convergen los desaf\u00edos de la seguridad y los flujos migratorios, afectando directamente a pa\u00edses como Marruecos y, en consecuencia, a Espa\u00f1a.<\/p>\n\n\n\n<p>En este contexto, Marruecos ha sido un actor clave tanto como pa\u00eds de tr\u00e1nsito como de contenci\u00f3n. Seg\u00fan datos de sus propias autoridades, entre 2002 y 2017 se desarticularon 174 c\u00e9lulas terroristas, de las cuales 60 estaban vinculadas con organizaciones yihadistas activas en Siria e Irak. M\u00e1s de 1.660 combatientes terroristas extranjeros (CTE) partieron desde Marruecos hacia estas zonas de conflicto, algunos de ellos integrados en grupos como Sham al-Andalus o Estado Isl\u00e1mico (EI), este \u00faltimo de particular inter\u00e9s para Espa\u00f1a por su capacidad de atracci\u00f3n en el entorno hispanohablante.<\/p>\n\n\n\n<p>Una muestra del impacto directo sobre Espa\u00f1a es la <strong>desarticulaci\u00f3n de redes propagand\u00edsticas vinculadas al Daesh<\/strong>, como la denominada \u201cSarh al Khilafa\u201d, que operaba a trav\u00e9s de plataformas digitales como la \u201cFundaci\u00f3n I\u2019lam\u201d. Esta estructura difund\u00eda material yihadista traducido al castellano y evidenciaba la conexi\u00f3n entre los flujos del Sahel y Magreb y los procesos de radicalizaci\u00f3n en territorio espa\u00f1ol.<\/p>\n\n\n\n<p>En los \u00faltimos a\u00f1os, Espa\u00f1a ha registrado una tendencia clara:<strong> la mayor\u00eda de los detenidos por actividades yihadistas han mostrado afinidad con el Estado Isl\u00e1mico. <\/strong>En 2024, 58 de los 81 arrestados compart\u00edan esta ideolog\u00eda, lo que representa m\u00e1s del 70%. Esta persistencia ideol\u00f3gica, a pesar de la desaparici\u00f3n territorial del califato, demuestra que la influencia de Daesh sigue activa. Por el contrario, Al Qaeda ha perdido peso en el contexto espa\u00f1ol, sin registrar detenidos asociados a su ideolog\u00eda durante el \u00faltimo a\u00f1o.<\/p>\n\n\n\n<p>Estos datos confirman una conexi\u00f3n directa entre la expansi\u00f3n del yihadismo en el Sahel y Magreb y la amenaza que representa para Espa\u00f1a. La combinaci\u00f3n entre <strong>redes terroristas regionales, migraciones descontroladas y propaganda digital <\/strong>convierte a esta din\u00e1mica en uno de los principales retos de seguridad para el pa\u00eds.<\/p>\n\n\n\n<h3 class=\"wp-block-heading has-kubio-color-4-color has-text-color has-link-color wp-elements-a9c98dd0c18e0c98702ec8fab91da16f\"><strong>Cooperaci\u00f3n Marruecos-Espa\u00f1a en inteligencia antiterrorista y control de fronteras<\/strong><\/h3>\n\n\n\n<p>La cooperaci\u00f3n entre Espa\u00f1a y Marruecos en materia de lucha antiterrorista se ha consolidado como un pilar fundamental de la seguridad en la regi\u00f3n del Mediterr\u00e1neo occidental. En este sentido, ambos pa\u00edses han firmado una serie de acuerdos en materia de seguridad como el <strong>Convenio de cooperaci\u00f3n en materia de seguridad y lucha contra la delincuencia (2019), <\/strong>firmado en Rabat por los ministros del interior espa\u00f1ol y marroqu\u00ed, este acuerdo incluye la cooperaci\u00f3n en terrorismo, trata de seres humanos, inmigraci\u00f3n ilegal, extorsi\u00f3n, tr\u00e1fico de armas, drogas y otros delitos graves. Otro acuerdo anterior es el <strong>acuerdo de cooperaci\u00f3n policial transfronteriza (2010) <\/strong>que se enfoca en reforzar la colaboraci\u00f3n policial entre Espa\u00f1a y Marruecos en las zonas fronterizas.<\/p>\n\n\n\n<p>Un ejemplo reciente de esta cooperaci\u00f3n es la <strong>Operaci\u00f3n Shabaka (2024)<\/strong>, llevada a cabo por la Polic\u00eda Nacional espa\u00f1ola y la Direcci\u00f3n General de la Seguridad Territorial marroqu\u00ed (DGST). Esta acci\u00f3n conjunta permiti\u00f3 la detenci\u00f3n de nueve individuos en Espa\u00f1a y Marruecos, algunos de los cuales ten\u00edan antecedentes por terrorismo y v\u00ednculos con organizaciones como el Estado Isl\u00e1mico del Sahel. Los detenidos, que operaban en ciudades como Ceuta, Ibiza y Madrid, planeaban cometer atentados antes de desplazarse a zonas de conflicto. Esta operaci\u00f3n puso de manifiesto la capacidad operativa conjunta y la necesidad de cooperaci\u00f3n ante la amenaza compartida que representan los combatientes terroristas extranjeros para ambos pa\u00edses.<\/p>\n\n\n\n<p>Sin embargo, Espa\u00f1a tiene un desaf\u00edo en lo que respecta a la dependencia estrat\u00e9gica de Marruecos en materia de lucha antiterrorista, especialmente en comparaci\u00f3n con otras relaciones bilaterales como la de Marruecos con Francia, pa\u00eds que ha mostrado un mayor grado de autonom\u00eda en este terreno. Para Espa\u00f1a, el control de fronteras y el flujo de informaci\u00f3n desde Marruecos son esenciales, no solo para prevenir atentados, sino tambi\u00e9n para gestionar el fen\u00f3meno migratorio vinculado a la inestabilidad del Sahel y del Magreb.<\/p>\n\n\n\n<p>En este sentido, Marruecos tambi\u00e9n persigue intereses propios, como reforzar su papel como socio estrat\u00e9gico ante la Uni\u00f3n Europea y garantizar su<strong> control interno sobre las comunidades musulmanas en el exterior.<\/strong> Uno de los mecanismos utilizados es el control de las mezquitas, desde las cuales se ejerce influencia religiosa y, en ocasiones, tambi\u00e9n pol\u00edtica. Casos como el del<strong> im\u00e1n Omar El Hadouchi<\/strong>, vinculado a los atentados de Casablanca de 2003 y posteriormente activo en Espa\u00f1a, muestran la necesidad de una vigilancia m\u00e1s rigurosa sobre los l\u00edderes religiosos que predican en territorio espa\u00f1ol. A pesar de estar inhabilitado en su pa\u00eds, Hadouchi pudo dirigir el rezo en Espa\u00f1a, lo que evidencia una<strong> brecha en el control preventivo<\/strong>. A ra\u00edz de este acontecimiento, algunos imanes moderados comenzaron a colaborar con el Ministerio del Interior de Espa\u00f1a para identificar e impedir&nbsp; la entrada a los radicales expulsados por su extremismo de pa\u00edses musulmanes y que se desplazan con el objetivo de sentar doctrina.<\/p>\n\n\n\n<p>En el plano multilateral, Marruecos se muestra como un enclave imprescindible para Europa en la lucha contra el terrorismo, por tanto, mantiene tambi\u00e9n acuerdos antiterroristas con la Uni\u00f3n Europea, compartiendo objetivos comunes como la lucha contra la financiaci\u00f3n del terrorismo, la mejora del control fronterizo y la prevenci\u00f3n de la radicalizaci\u00f3n. Espa\u00f1a, por su parte, ha impulsado procesos de di\u00e1logo como el Proceso de Rabat (cofundado en 2006) y el Proceso de Jartum (2014), que promueven una migraci\u00f3n segura y regulada mediante la cooperaci\u00f3n entre la UE y los pa\u00edses africanos.<\/p>\n\n\n\n<h3 class=\"wp-block-heading has-kubio-color-4-color has-text-color has-link-color wp-elements-5ffc46d41c0061148863c60d942cb66c\"><strong>Conclusiones<\/strong><\/h3>\n\n\n\n<p>Tanto Espa\u00f1a como Marruecos comparten una posici\u00f3n geoestrat\u00e9gica que los expone a retos comunes, siendo el <strong>terrorismo yihadista <\/strong>uno de los m\u00e1s relevantes. En el caso espa\u00f1ol, esta amenaza se ha consolidado como la principal preocupaci\u00f3n en materia de seguridad nacional, superando incluso al terrorismo de car\u00e1cter nacionalista. Dado que el yihadismo est\u00e1 directamente vinculado con interpretaciones extremistas del islam y considerando que Espa\u00f1a no es una sociedad mayoritariamente musulmana, resulta evidente que este fen\u00f3meno no puede comprenderse sin atender al <strong>componente for\u00e1neo<\/strong>, especialmente el que proviene de la frontera sur.<\/p>\n\n\n\n<p>La relaci\u00f3n entre migraci\u00f3n y terrorismo, aunque dif\u00edcil de cuantificar de forma directa, plantea una preocupaci\u00f3n para las autoridades; <strong>la posibilidad de instrumentalizar los flujos migratorios como v\u00eda para introducir elementos radicalizados<\/strong>. Esto hace necesario abordar la radicalizaci\u00f3n desde una doble perspectiva. Por un lado, la <strong>integraci\u00f3n efectiva <\/strong>de las personas migrantes, especialmente las segundas generaciones, cuyas tensiones identitarias las hacen m\u00e1s vulnerables a procesos de auto radicalizaci\u00f3n. Por otro, el <strong>control riguroso de las fronteras<\/strong>, con el fin de disponer de informaci\u00f3n clara sobre qui\u00e9n entra y permanece en nuestro pa\u00eds.<\/p>\n\n\n\n<p>En este contexto, Marruecos se presenta como un socio clave en la lucha contra el yihadismo, no solo por su proximidad geogr\u00e1fica, sino tambi\u00e9n por la estrecha colaboraci\u00f3n en materia de inteligencia y seguridad. Sin embargo, esta cooperaci\u00f3n no debe traducirse en una dependencia estructural. Espa\u00f1a debe mantener una <strong>pol\u00edtica migratoria aut\u00f3noma y reforzar su capacidad de prevenci\u00f3n del extremismo <\/strong>desde sus propias instituciones.<\/p>\n\n\n\n<p>Un aspecto especialmente delicado de esta relaci\u00f3n es el control que ejerce Marruecos sobre parte del<strong> tejido religioso musulm\u00e1n en Espa\u00f1a<\/strong> mediante la financiaci\u00f3n de mezquitas. El peso de Marruecos en el \u00e1mbito religioso espa\u00f1ol plantea la necesidad de desvincular instituciones clave como la Comisi\u00f3n Isl\u00e1mica de Espa\u00f1a (CIE) del control de actores extranjeros.<\/p>\n\n\n\n<p>En definitiva, aunque la cooperaci\u00f3n con Marruecos es imprescindible para enfrentar una amenaza compartida como el terrorismo yihadista, Espa\u00f1a debe avanzar hacia una mayor autonom\u00eda estrat\u00e9gica. No se puede depender exclusivamente del apoyo marroqu\u00ed ni de la ayuda europea. La externalizaci\u00f3n de fronteras por parte de la UE ha demostrado ser insuficiente, ya que los flujos migratorios irregulares persisten. Por ello, es fundamental construir una pol\u00edtica integral que combine <strong>cooperaci\u00f3n internacional con una estrategia nacional s\u00f3lida,<\/strong> basada en la prevenci\u00f3n de la radicalizaci\u00f3n, la gesti\u00f3n eficaz de la migraci\u00f3n y el fortalecimiento de las estructuras internas de seguridad e integraci\u00f3n.<\/p>\n\n\n\n<h3 class=\"wp-block-heading has-text-align-center has-kubio-color-4-color has-text-color has-link-color wp-elements-2ca580c2c755f66ff45cf548abde0c9e\">Analisis completo<\/h3>\n\n\n\n<div data-wp-interactive=\"core\/file\" class=\"wp-block-file aligncenter\"><object data-wp-bind--hidden=\"!state.hasPdfPreview\" hidden class=\"wp-block-file__embed\" data=\"https:\/\/www.inteligenia.info\/wp-content\/uploads\/2025\/10\/251009-Terrorismo-yihadista-y-flujos-migratorios-Unidad-de-Inteligencia-en-Practicas.pdf\" type=\"application\/pdf\" style=\"width:100%;height:600px\" aria-label=\"Incrustado de 251009 - Terrorismo yihadista y flujos migratorios - Unidad de Inteligencia en Pr\u00e1cticas.\"><\/object><a id=\"wp-block-file--media-5fe98c2f-c434-45d9-9bc3-c02afa3c5407\" href=\"https:\/\/www.inteligenia.info\/wp-content\/uploads\/2025\/10\/251009-Terrorismo-yihadista-y-flujos-migratorios-Unidad-de-Inteligencia-en-Practicas.pdf\">251009 &#8211; Terrorismo yihadista y flujos migratorios &#8211; Unidad de Inteligencia en Pr\u00e1cticas<\/a><a href=\"https:\/\/www.inteligenia.info\/wp-content\/uploads\/2025\/10\/251009-Terrorismo-yihadista-y-flujos-migratorios-Unidad-de-Inteligencia-en-Practicas.pdf\" class=\"wp-block-file__button wp-element-button\" download aria-describedby=\"wp-block-file--media-5fe98c2f-c434-45d9-9bc3-c02afa3c5407\">Descarga<\/a><\/div>\n","protected":false},"excerpt":{"rendered":"<p>Elaborado por: UNIDAD DE INTELIGENCIA EN PR\u00c1CTICAS &#8211; INTELIGENIA PROP\u00d3SITO Evaluar el riesgo de que redes yihadistas utilicen los flujos irregulares para infiltraci\u00f3n, financiaci\u00f3n o log\u00edstica, con especial atenci\u00f3n al Sahel y Magreb. PUNTOS CLAVE Contexto hist\u00f3rico La amenaza terrorista para Espa\u00f1a siempre ha sido de gran relevancia en el entramado de la seguridad nacional. [&hellip;]<\/p>\n","protected":false},"author":1,"featured_media":1220,"comment_status":"open","ping_status":"open","sticky":false,"template":"","format":"standard","meta":{"saved_in_kubio":false,"footnotes":""},"categories":[13,17,15],"tags":[],"class_list":["post-1215","post","type-post","status-publish","format-standard","has-post-thumbnail","hentry","category-articulos","category-geopolitica-y-geoestrategia","category-seguridad-y-defensa"],"yoast_head":"<!-- This site is optimized with the Yoast SEO plugin v27.0 - https:\/\/yoast.com\/product\/yoast-seo-wordpress\/ -->\n<title>Terrorismo yihadista y flujos migratorios - Inteligenia<\/title>\n<meta name=\"robots\" content=\"index, follow, max-snippet:-1, max-image-preview:large, max-video-preview:-1\" \/>\n<link rel=\"canonical\" href=\"https:\/\/www.inteligenia.info\/home\/terrorismo-yihadista-y-flujos-migratorios\/\" \/>\n<meta property=\"og:locale\" content=\"es_ES\" \/>\n<meta property=\"og:type\" content=\"article\" \/>\n<meta property=\"og:title\" content=\"Terrorismo yihadista y flujos migratorios - Inteligenia\" \/>\n<meta property=\"og:description\" content=\"Elaborado por: UNIDAD DE INTELIGENCIA EN PR\u00c1CTICAS &#8211; INTELIGENIA PROP\u00d3SITO Evaluar el riesgo de que redes yihadistas utilicen los flujos irregulares para infiltraci\u00f3n, financiaci\u00f3n o log\u00edstica, con especial atenci\u00f3n al Sahel y Magreb. PUNTOS CLAVE Contexto hist\u00f3rico La amenaza terrorista para Espa\u00f1a siempre ha sido de gran relevancia en el entramado de la seguridad nacional. [&hellip;]\" \/>\n<meta property=\"og:url\" content=\"https:\/\/www.inteligenia.info\/home\/terrorismo-yihadista-y-flujos-migratorios\/\" \/>\n<meta property=\"og:site_name\" content=\"Inteligenia\" \/>\n<meta property=\"article:published_time\" content=\"2025-10-09T11:44:50+00:00\" \/>\n<meta property=\"article:modified_time\" content=\"2025-10-09T11:46:49+00:00\" \/>\n<meta property=\"og:image\" content=\"https:\/\/www.inteligenia.info\/wp-content\/uploads\/2025\/10\/Captura-de-pantalla-2025-10-09-134334-e1760010272750.png\" \/>\n\t<meta property=\"og:image:width\" content=\"334\" \/>\n\t<meta property=\"og:image:height\" content=\"289\" \/>\n\t<meta property=\"og:image:type\" content=\"image\/png\" \/>\n<meta name=\"author\" content=\"admin\" \/>\n<meta name=\"twitter:card\" content=\"summary_large_image\" \/>\n<meta name=\"twitter:creator\" content=\"@INTELIGENIA_\" \/>\n<meta name=\"twitter:site\" content=\"@INTELIGENIA_\" \/>\n<meta name=\"twitter:label1\" content=\"Escrito por\" \/>\n\t<meta name=\"twitter:data1\" content=\"admin\" \/>\n\t<meta name=\"twitter:label2\" content=\"Tiempo de lectura\" \/>\n\t<meta name=\"twitter:data2\" content=\"26 minutos\" \/>\n<script type=\"application\/ld+json\" class=\"yoast-schema-graph\">{\"@context\":\"https:\/\/schema.org\",\"@graph\":[{\"@type\":\"Article\",\"@id\":\"https:\/\/www.inteligenia.info\/home\/terrorismo-yihadista-y-flujos-migratorios\/#article\",\"isPartOf\":{\"@id\":\"https:\/\/www.inteligenia.info\/home\/terrorismo-yihadista-y-flujos-migratorios\/\"},\"author\":{\"name\":\"admin\",\"@id\":\"https:\/\/www.inteligenia.info\/home\/#\/schema\/person\/1bf90ee63c207f611a224f9c17dbf031\"},\"headline\":\"Terrorismo yihadista y flujos migratorios\",\"datePublished\":\"2025-10-09T11:44:50+00:00\",\"dateModified\":\"2025-10-09T11:46:49+00:00\",\"mainEntityOfPage\":{\"@id\":\"https:\/\/www.inteligenia.info\/home\/terrorismo-yihadista-y-flujos-migratorios\/\"},\"wordCount\":5951,\"commentCount\":0,\"publisher\":{\"@id\":\"https:\/\/www.inteligenia.info\/home\/#organization\"},\"image\":{\"@id\":\"https:\/\/www.inteligenia.info\/home\/terrorismo-yihadista-y-flujos-migratorios\/#primaryimage\"},\"thumbnailUrl\":\"https:\/\/www.inteligenia.info\/wp-content\/uploads\/2025\/10\/Captura-de-pantalla-2025-10-09-134334-e1760010272750.png\",\"articleSection\":[\"Art\u00edculos\",\"Geopolitica y Geoestrategia\",\"Seguridad y Defensa\"],\"inLanguage\":\"es\",\"potentialAction\":[{\"@type\":\"CommentAction\",\"name\":\"Comment\",\"target\":[\"https:\/\/www.inteligenia.info\/home\/terrorismo-yihadista-y-flujos-migratorios\/#respond\"]}]},{\"@type\":\"WebPage\",\"@id\":\"https:\/\/www.inteligenia.info\/home\/terrorismo-yihadista-y-flujos-migratorios\/\",\"url\":\"https:\/\/www.inteligenia.info\/home\/terrorismo-yihadista-y-flujos-migratorios\/\",\"name\":\"Terrorismo yihadista y flujos migratorios - Inteligenia\",\"isPartOf\":{\"@id\":\"https:\/\/www.inteligenia.info\/home\/#website\"},\"primaryImageOfPage\":{\"@id\":\"https:\/\/www.inteligenia.info\/home\/terrorismo-yihadista-y-flujos-migratorios\/#primaryimage\"},\"image\":{\"@id\":\"https:\/\/www.inteligenia.info\/home\/terrorismo-yihadista-y-flujos-migratorios\/#primaryimage\"},\"thumbnailUrl\":\"https:\/\/www.inteligenia.info\/wp-content\/uploads\/2025\/10\/Captura-de-pantalla-2025-10-09-134334-e1760010272750.png\",\"datePublished\":\"2025-10-09T11:44:50+00:00\",\"dateModified\":\"2025-10-09T11:46:49+00:00\",\"breadcrumb\":{\"@id\":\"https:\/\/www.inteligenia.info\/home\/terrorismo-yihadista-y-flujos-migratorios\/#breadcrumb\"},\"inLanguage\":\"es\",\"potentialAction\":[{\"@type\":\"ReadAction\",\"target\":[\"https:\/\/www.inteligenia.info\/home\/terrorismo-yihadista-y-flujos-migratorios\/\"]}]},{\"@type\":\"ImageObject\",\"inLanguage\":\"es\",\"@id\":\"https:\/\/www.inteligenia.info\/home\/terrorismo-yihadista-y-flujos-migratorios\/#primaryimage\",\"url\":\"https:\/\/www.inteligenia.info\/wp-content\/uploads\/2025\/10\/Captura-de-pantalla-2025-10-09-134334-e1760010272750.png\",\"contentUrl\":\"https:\/\/www.inteligenia.info\/wp-content\/uploads\/2025\/10\/Captura-de-pantalla-2025-10-09-134334-e1760010272750.png\",\"width\":334,\"height\":289},{\"@type\":\"BreadcrumbList\",\"@id\":\"https:\/\/www.inteligenia.info\/home\/terrorismo-yihadista-y-flujos-migratorios\/#breadcrumb\",\"itemListElement\":[{\"@type\":\"ListItem\",\"position\":1,\"name\":\"Portada\",\"item\":\"https:\/\/www.inteligenia.info\/home\/\"},{\"@type\":\"ListItem\",\"position\":2,\"name\":\"Terrorismo yihadista y flujos migratorios\"}]},{\"@type\":\"WebSite\",\"@id\":\"https:\/\/www.inteligenia.info\/home\/#website\",\"url\":\"https:\/\/www.inteligenia.info\/home\/\",\"name\":\"Inteligenia\",\"description\":\"\",\"publisher\":{\"@id\":\"https:\/\/www.inteligenia.info\/home\/#organization\"},\"potentialAction\":[{\"@type\":\"SearchAction\",\"target\":{\"@type\":\"EntryPoint\",\"urlTemplate\":\"https:\/\/www.inteligenia.info\/home\/?s={search_term_string}\"},\"query-input\":{\"@type\":\"PropertyValueSpecification\",\"valueRequired\":true,\"valueName\":\"search_term_string\"}}],\"inLanguage\":\"es\"},{\"@type\":\"Organization\",\"@id\":\"https:\/\/www.inteligenia.info\/home\/#organization\",\"name\":\"Inteligenia\",\"url\":\"https:\/\/www.inteligenia.info\/home\/\",\"logo\":{\"@type\":\"ImageObject\",\"inLanguage\":\"es\",\"@id\":\"https:\/\/www.inteligenia.info\/home\/#\/schema\/logo\/image\/\",\"url\":\"https:\/\/www.inteligenia.info\/wp-content\/uploads\/2024\/06\/transparent_logo-1-e1718047668142.png\",\"contentUrl\":\"https:\/\/www.inteligenia.info\/wp-content\/uploads\/2024\/06\/transparent_logo-1-e1718047668142.png\",\"width\":674,\"height\":141,\"caption\":\"Inteligenia\"},\"image\":{\"@id\":\"https:\/\/www.inteligenia.info\/home\/#\/schema\/logo\/image\/\"},\"sameAs\":[\"https:\/\/x.com\/INTELIGENIA_\",\"https:\/\/www.linkedin.com\/company\/inteligenia\/?viewAsMember=true\"]},{\"@type\":\"Person\",\"@id\":\"https:\/\/www.inteligenia.info\/home\/#\/schema\/person\/1bf90ee63c207f611a224f9c17dbf031\",\"name\":\"admin\",\"image\":{\"@type\":\"ImageObject\",\"inLanguage\":\"es\",\"@id\":\"https:\/\/www.inteligenia.info\/home\/#\/schema\/person\/image\/\",\"url\":\"https:\/\/secure.gravatar.com\/avatar\/ed712be762908ac190eb3beb8cf9efb0dc9c425bd7b69d40ba8746efca2909c6?s=96&d=mm&r=g\",\"contentUrl\":\"https:\/\/secure.gravatar.com\/avatar\/ed712be762908ac190eb3beb8cf9efb0dc9c425bd7b69d40ba8746efca2909c6?s=96&d=mm&r=g\",\"caption\":\"admin\"},\"sameAs\":[\"http:\/\/www.inteligenia.info\"],\"url\":\"https:\/\/www.inteligenia.info\/home\/author\/admin\/\"}]}<\/script>\n<!-- \/ Yoast SEO plugin. -->","yoast_head_json":{"title":"Terrorismo yihadista y flujos migratorios - Inteligenia","robots":{"index":"index","follow":"follow","max-snippet":"max-snippet:-1","max-image-preview":"max-image-preview:large","max-video-preview":"max-video-preview:-1"},"canonical":"https:\/\/www.inteligenia.info\/home\/terrorismo-yihadista-y-flujos-migratorios\/","og_locale":"es_ES","og_type":"article","og_title":"Terrorismo yihadista y flujos migratorios - Inteligenia","og_description":"Elaborado por: UNIDAD DE INTELIGENCIA EN PR\u00c1CTICAS &#8211; INTELIGENIA PROP\u00d3SITO Evaluar el riesgo de que redes yihadistas utilicen los flujos irregulares para infiltraci\u00f3n, financiaci\u00f3n o log\u00edstica, con especial atenci\u00f3n al Sahel y Magreb. PUNTOS CLAVE Contexto hist\u00f3rico La amenaza terrorista para Espa\u00f1a siempre ha sido de gran relevancia en el entramado de la seguridad nacional. [&hellip;]","og_url":"https:\/\/www.inteligenia.info\/home\/terrorismo-yihadista-y-flujos-migratorios\/","og_site_name":"Inteligenia","article_published_time":"2025-10-09T11:44:50+00:00","article_modified_time":"2025-10-09T11:46:49+00:00","og_image":[{"width":334,"height":289,"url":"https:\/\/www.inteligenia.info\/wp-content\/uploads\/2025\/10\/Captura-de-pantalla-2025-10-09-134334-e1760010272750.png","type":"image\/png"}],"author":"admin","twitter_card":"summary_large_image","twitter_creator":"@INTELIGENIA_","twitter_site":"@INTELIGENIA_","twitter_misc":{"Escrito por":"admin","Tiempo de lectura":"26 minutos"},"schema":{"@context":"https:\/\/schema.org","@graph":[{"@type":"Article","@id":"https:\/\/www.inteligenia.info\/home\/terrorismo-yihadista-y-flujos-migratorios\/#article","isPartOf":{"@id":"https:\/\/www.inteligenia.info\/home\/terrorismo-yihadista-y-flujos-migratorios\/"},"author":{"name":"admin","@id":"https:\/\/www.inteligenia.info\/home\/#\/schema\/person\/1bf90ee63c207f611a224f9c17dbf031"},"headline":"Terrorismo yihadista y flujos migratorios","datePublished":"2025-10-09T11:44:50+00:00","dateModified":"2025-10-09T11:46:49+00:00","mainEntityOfPage":{"@id":"https:\/\/www.inteligenia.info\/home\/terrorismo-yihadista-y-flujos-migratorios\/"},"wordCount":5951,"commentCount":0,"publisher":{"@id":"https:\/\/www.inteligenia.info\/home\/#organization"},"image":{"@id":"https:\/\/www.inteligenia.info\/home\/terrorismo-yihadista-y-flujos-migratorios\/#primaryimage"},"thumbnailUrl":"https:\/\/www.inteligenia.info\/wp-content\/uploads\/2025\/10\/Captura-de-pantalla-2025-10-09-134334-e1760010272750.png","articleSection":["Art\u00edculos","Geopolitica y Geoestrategia","Seguridad y Defensa"],"inLanguage":"es","potentialAction":[{"@type":"CommentAction","name":"Comment","target":["https:\/\/www.inteligenia.info\/home\/terrorismo-yihadista-y-flujos-migratorios\/#respond"]}]},{"@type":"WebPage","@id":"https:\/\/www.inteligenia.info\/home\/terrorismo-yihadista-y-flujos-migratorios\/","url":"https:\/\/www.inteligenia.info\/home\/terrorismo-yihadista-y-flujos-migratorios\/","name":"Terrorismo yihadista y flujos migratorios - Inteligenia","isPartOf":{"@id":"https:\/\/www.inteligenia.info\/home\/#website"},"primaryImageOfPage":{"@id":"https:\/\/www.inteligenia.info\/home\/terrorismo-yihadista-y-flujos-migratorios\/#primaryimage"},"image":{"@id":"https:\/\/www.inteligenia.info\/home\/terrorismo-yihadista-y-flujos-migratorios\/#primaryimage"},"thumbnailUrl":"https:\/\/www.inteligenia.info\/wp-content\/uploads\/2025\/10\/Captura-de-pantalla-2025-10-09-134334-e1760010272750.png","datePublished":"2025-10-09T11:44:50+00:00","dateModified":"2025-10-09T11:46:49+00:00","breadcrumb":{"@id":"https:\/\/www.inteligenia.info\/home\/terrorismo-yihadista-y-flujos-migratorios\/#breadcrumb"},"inLanguage":"es","potentialAction":[{"@type":"ReadAction","target":["https:\/\/www.inteligenia.info\/home\/terrorismo-yihadista-y-flujos-migratorios\/"]}]},{"@type":"ImageObject","inLanguage":"es","@id":"https:\/\/www.inteligenia.info\/home\/terrorismo-yihadista-y-flujos-migratorios\/#primaryimage","url":"https:\/\/www.inteligenia.info\/wp-content\/uploads\/2025\/10\/Captura-de-pantalla-2025-10-09-134334-e1760010272750.png","contentUrl":"https:\/\/www.inteligenia.info\/wp-content\/uploads\/2025\/10\/Captura-de-pantalla-2025-10-09-134334-e1760010272750.png","width":334,"height":289},{"@type":"BreadcrumbList","@id":"https:\/\/www.inteligenia.info\/home\/terrorismo-yihadista-y-flujos-migratorios\/#breadcrumb","itemListElement":[{"@type":"ListItem","position":1,"name":"Portada","item":"https:\/\/www.inteligenia.info\/home\/"},{"@type":"ListItem","position":2,"name":"Terrorismo yihadista y flujos migratorios"}]},{"@type":"WebSite","@id":"https:\/\/www.inteligenia.info\/home\/#website","url":"https:\/\/www.inteligenia.info\/home\/","name":"Inteligenia","description":"","publisher":{"@id":"https:\/\/www.inteligenia.info\/home\/#organization"},"potentialAction":[{"@type":"SearchAction","target":{"@type":"EntryPoint","urlTemplate":"https:\/\/www.inteligenia.info\/home\/?s={search_term_string}"},"query-input":{"@type":"PropertyValueSpecification","valueRequired":true,"valueName":"search_term_string"}}],"inLanguage":"es"},{"@type":"Organization","@id":"https:\/\/www.inteligenia.info\/home\/#organization","name":"Inteligenia","url":"https:\/\/www.inteligenia.info\/home\/","logo":{"@type":"ImageObject","inLanguage":"es","@id":"https:\/\/www.inteligenia.info\/home\/#\/schema\/logo\/image\/","url":"https:\/\/www.inteligenia.info\/wp-content\/uploads\/2024\/06\/transparent_logo-1-e1718047668142.png","contentUrl":"https:\/\/www.inteligenia.info\/wp-content\/uploads\/2024\/06\/transparent_logo-1-e1718047668142.png","width":674,"height":141,"caption":"Inteligenia"},"image":{"@id":"https:\/\/www.inteligenia.info\/home\/#\/schema\/logo\/image\/"},"sameAs":["https:\/\/x.com\/INTELIGENIA_","https:\/\/www.linkedin.com\/company\/inteligenia\/?viewAsMember=true"]},{"@type":"Person","@id":"https:\/\/www.inteligenia.info\/home\/#\/schema\/person\/1bf90ee63c207f611a224f9c17dbf031","name":"admin","image":{"@type":"ImageObject","inLanguage":"es","@id":"https:\/\/www.inteligenia.info\/home\/#\/schema\/person\/image\/","url":"https:\/\/secure.gravatar.com\/avatar\/ed712be762908ac190eb3beb8cf9efb0dc9c425bd7b69d40ba8746efca2909c6?s=96&d=mm&r=g","contentUrl":"https:\/\/secure.gravatar.com\/avatar\/ed712be762908ac190eb3beb8cf9efb0dc9c425bd7b69d40ba8746efca2909c6?s=96&d=mm&r=g","caption":"admin"},"sameAs":["http:\/\/www.inteligenia.info"],"url":"https:\/\/www.inteligenia.info\/home\/author\/admin\/"}]}},"_links":{"self":[{"href":"https:\/\/www.inteligenia.info\/home\/wp-json\/wp\/v2\/posts\/1215","targetHints":{"allow":["GET"]}}],"collection":[{"href":"https:\/\/www.inteligenia.info\/home\/wp-json\/wp\/v2\/posts"}],"about":[{"href":"https:\/\/www.inteligenia.info\/home\/wp-json\/wp\/v2\/types\/post"}],"author":[{"embeddable":true,"href":"https:\/\/www.inteligenia.info\/home\/wp-json\/wp\/v2\/users\/1"}],"replies":[{"embeddable":true,"href":"https:\/\/www.inteligenia.info\/home\/wp-json\/wp\/v2\/comments?post=1215"}],"version-history":[{"count":2,"href":"https:\/\/www.inteligenia.info\/home\/wp-json\/wp\/v2\/posts\/1215\/revisions"}],"predecessor-version":[{"id":1222,"href":"https:\/\/www.inteligenia.info\/home\/wp-json\/wp\/v2\/posts\/1215\/revisions\/1222"}],"wp:featuredmedia":[{"embeddable":true,"href":"https:\/\/www.inteligenia.info\/home\/wp-json\/wp\/v2\/media\/1220"}],"wp:attachment":[{"href":"https:\/\/www.inteligenia.info\/home\/wp-json\/wp\/v2\/media?parent=1215"}],"wp:term":[{"taxonomy":"category","embeddable":true,"href":"https:\/\/www.inteligenia.info\/home\/wp-json\/wp\/v2\/categories?post=1215"},{"taxonomy":"post_tag","embeddable":true,"href":"https:\/\/www.inteligenia.info\/home\/wp-json\/wp\/v2\/tags?post=1215"}],"curies":[{"name":"wp","href":"https:\/\/api.w.org\/{rel}","templated":true}]}}