{"id":1238,"date":"2025-10-23T13:06:40","date_gmt":"2025-10-23T13:06:40","guid":{"rendered":"https:\/\/www.inteligenia.info\/?p=1238"},"modified":"2025-10-23T14:04:10","modified_gmt":"2025-10-23T14:04:10","slug":"sahara-occidental-relaciones-diplomaticas-y-seguridad-regional","status":"publish","type":"post","link":"https:\/\/www.inteligenia.info\/home\/sahara-occidental-relaciones-diplomaticas-y-seguridad-regional\/","title":{"rendered":"S\u00c1HARA OCCIDENTAL &#8211; RELACIONES DIPLOM\u00c1TICAS Y SEGURIDAD REGIONAL"},"content":{"rendered":"\n<p class=\"has-text-align-center\"><strong>23 de Octubre de 2025<\/strong><\/p>\n\n\n\n<p class=\"has-text-align-center\"><strong>Elaborado por la Unidad de Inteligencia en Pr\u00e1cticas &#8211; Inteligenia&nbsp;<\/strong><\/p>\n\n\n\n<p class=\"has-kubio-color-1-color has-text-color has-link-color wp-elements-00a40c361d890c9a7196a99bb3a6b6fb\"><strong>PROP\u00d3SITO: <\/strong>Analizar la cuesti\u00f3n del S\u00e1hara Occidental con el fin de determinar c\u00f3mo las decisiones tomadas al respecto afectan a Espa\u00f1a e influyen en la seguridad regional y en los equilibrios diplom\u00e1ticos internacionales.<\/p>\n\n\n\n<p>La cuesti\u00f3n del S\u00e1hara Occidental es uno de los <strong>nodos principales en las relaciones hispano-marroqu\u00edes<\/strong> ha supuesto hist\u00f3ricamente un punto de fricci\u00f3n constante en cuestiones migratorias, diplom\u00e1ticas y econ\u00f3micas. Para Espa\u00f1a, el S\u00e1hara representa una <strong>responsabilidad tanto hist\u00f3rica como jur\u00eddica<\/strong>, condiciona la pol\u00edtica exterior de Madrid, afectando al fr\u00e1gil equilibrio diplom\u00e1tico existente con Rabat y Argel, as\u00ed como a la estabilidad regional. Adem\u00e1s,<strong> influye de manera considerable en la seguridad fronteriza, la cooperaci\u00f3n migratoria y en intereses econ\u00f3micos, pesqueros y energ\u00e9ticos<\/strong>, manteniendo vigente un <strong>debate interno <\/strong>por los lazos hist\u00f3ricos, jur\u00eddicos y humanitarios con el pueblo saharaui. El estudio de los eventos ocurridos en la regi\u00f3n, as\u00ed como del papel de actores internacionales involucrados, nos proporciona una radiograf\u00eda de c\u00f3mo <strong>el S\u00e1hara Occidental contin\u00faa siendo una cuesti\u00f3n estrat\u00e9gica para Espa\u00f1a<\/strong>, reflejando c\u00f3mo el pasado colonial a\u00fan pesa en las decisiones pol\u00edticas y la seguridad espa\u00f1ola en la actualidad.<\/p>\n\n\n\n<h4 class=\"wp-block-heading has-kubio-color-4-color has-text-color has-link-color wp-elements-07b074dbcd00d7b2185698f1ad480c1c\"><strong>Contexto hist\u00f3rico<\/strong><\/h4>\n\n\n\n<p>&nbsp;&nbsp;&nbsp;&nbsp;&nbsp;&nbsp;&nbsp;&nbsp;&nbsp;&nbsp;&nbsp; El S\u00e1hara Occidental es un territorio de aproximadamente <strong>266.000 km\u00b2<\/strong> situado a orillas del Oc\u00e9ano Atl\u00e1ntico, colindando con Marruecos al norte (500 km de frontera), con Argelia al noreste (70km) y con Mauritania al sur y al este (1.570 km). La <strong>primera manifestaci\u00f3n de la soberan\u00eda espa\u00f1ola<\/strong> en el territorio del S\u00e1hara (habitado por los saharauis, pueblo n\u00f3mada aut\u00f3ctono) tuvo lugar en <strong>noviembre de 1884<\/strong> en la pen\u00ednsula del R\u00edo de Oro. En la Conferencia de Berl\u00edn, celebrada al a\u00f1o siguiente, el gobierno espa\u00f1ol reclam\u00f3 un protectorado sobre la zona, as\u00ed como en la actual Guinea Ecuatorial, organizado posteriormente en dos unidades administrativas, la Guinea espa\u00f1ola y el \u00c1frica Occidental espa\u00f1ol. En virtud del Tratado de Fez de 1912 con Francia, Madrid pas\u00f3 a administrar el Rif, Ifni y la zona de Tarfaya como protectorados, mientras que Par\u00eds administraba Marruecos. Concretamente, en el art\u00edculo 6.2 del acuerdo hispanofranc\u00e9s, se establec\u00eda que el S\u00e1hara Occidental quedaba \u00ab<em>fuera del territorio marroqu\u00ed<\/em>\u201d.<\/p>\n\n\n\n<p>&nbsp;&nbsp;&nbsp;&nbsp;&nbsp;&nbsp;&nbsp;&nbsp;&nbsp;&nbsp;&nbsp; En el BOE n\u00fam. 12, de <strong>14 de enero de 1958<\/strong>, el S\u00e1hara y el Ifni se declararon provincias espa\u00f1olas (once a\u00f1os despu\u00e9s, Ifni fue entregada a Marruecos tras una sangrienta guerra) y se publica en el BOE n\u00fam. 95 de <strong>21 de abril de 1961<\/strong> sobre organizaci\u00f3n y r\u00e9gimen jur\u00eddico de la Provincia del S\u00e1hara. <strong>Espa\u00f1a dot\u00f3 a los saharauis de DNI en 1970<\/strong> y cuatro a\u00f1os despu\u00e9s realiz\u00f3 un censo.<\/p>\n\n\n\n<p>&nbsp;&nbsp;&nbsp;&nbsp;&nbsp;&nbsp;&nbsp;&nbsp;&nbsp;&nbsp;&nbsp; Mientras, en el plano internacional se aprob\u00f3 la<strong> Resoluci\u00f3n 1514 (XV) en 1960<\/strong> de la Asamblea General de las Naciones Unidas (ONU), sobre el proceso de descolonizaci\u00f3n: \u201c<em>todos los pueblos tienen el derecho de libre determinaci\u00f3n\u201d\u2026 \u201c<\/em>[constituyen formas del ejercicio del derecho de libre determinaci\u00f3n] <em>el establecimiento de un Estado soberano e independiente, la libre asociaci\u00f3n o integraci\u00f3n con un Estado independiente o la adquisici\u00f3n de cualquier otra condici\u00f3n pol\u00edtica libremente decidida por un pueblo<\/em>\u201d. Tres a\u00f1os m\u00e1s tarde, la ONU incluy\u00f3 al S\u00e1hara Occidental en la \u201c<em>lista preliminar de los Territorios a los que se aplica la Declaraci\u00f3n Sobre la Concesi\u00f3n de la Independencia a los Pa\u00edses y Pueblos Coloniales<\/em>\u201d (TNA), <strong>atribuyendo a Madrid la responsabilidad del proceso<\/strong>, de acuerdo con el art\u00edculo 73 de la Carta de las Naciones Unidas. Desde ese a\u00f1o, <strong>Espa\u00f1a es, <em>de iure<\/em>, la potencia administradora del S\u00e1hara Occidental<\/strong>, un territorio destinado a descolonizarse pero que a d\u00eda de hoy no se ha materializado.<\/p>\n\n\n\n<p>&nbsp;&nbsp;&nbsp;&nbsp;&nbsp;&nbsp;&nbsp;&nbsp;&nbsp;&nbsp;&nbsp; En <strong>1973, se cre\u00f3 el Frente Polisario<\/strong> (Frente Popular de Liberaci\u00f3n de Saguia el Hamra y R\u00edo de Oro) con el objetivo de conseguir la independencia de Espa\u00f1a y creaci\u00f3n de un Estado propio, bajo el lema \u201c<em>con el fusil arrebataremos la libertad<\/em>\u201d y con Brahim Ghali como Secretario General. D\u00edas despu\u00e9s de su creaci\u00f3n, el Frente comenz\u00f3 a atacar al ej\u00e9rcito espa\u00f1ol desplegado en el S\u00e1hara. As\u00ed, en <strong>1974, Madrid anuncia su voluntad de celebrar un proceso de descolonizaci\u00f3n del S\u00e1hara<\/strong> y consigo un <strong>refer\u00e9ndum de autodeterminaci\u00f3n<\/strong> el a\u00f1o siguiente, en conformidad con el derecho internacional. Este hecho no fue bien recibido en Rabat, que se opuso al proyecto espa\u00f1ol al tener aspiraciones soberanistas sobre el S\u00e1hara. Del mismo modo, Nuakchot respondi\u00f3 reclamando sus derechos sobre el territorio.&nbsp;<\/p>\n\n\n\n<p>&nbsp;&nbsp;&nbsp;&nbsp;&nbsp;&nbsp;&nbsp;&nbsp;&nbsp;&nbsp;&nbsp; Pero el <strong>punto de inflexi\u00f3n<\/strong> lleg\u00f3 en <strong>1975<\/strong>. El pistoletazo de salida fue de Marruecos, al invadir el S\u00e1hara Occidental con la denominada <strong><em>Marcha Verde<\/em> el 6 de noviembre<\/strong>; el 14 se firman los <strong>Acuerdos Tripartitos de Madrid<\/strong> (entre Espa\u00f1a, Mauritania y Marruecos) y Franco fallece el 20 de noviembre de ese mismo a\u00f1o. Estos acontecimientos marcaron la entrega de la administraci\u00f3n (no de la soberan\u00eda) de Espa\u00f1a al bloque mauritano-marroqu\u00ed y el <strong>comienzo de la guerra entre estos actores y el Frente Polisario<\/strong>. La ocupaci\u00f3n militar marroqu\u00ed del S\u00e1hara <strong>oblig\u00f3 a la poblaci\u00f3n saharaui a<\/strong> <strong>migrar a Tinduf, Argelia<\/strong>, la \u00fanica salida desde el S\u00e1hara sin entrar en territorio marroqu\u00ed o mauritano. En la actualidad, los saharauis siguen asentados en estos campos de refugiados. Ante los hechos, la ONU emiti\u00f3 la <strong>Resoluci\u00f3n 380\/1975 condenando las acciones de Marruecos<\/strong> e instando a Rabat al cese de las hostilidades y su retirada del territorio.<\/p>\n\n\n\n<p>&nbsp;&nbsp;&nbsp;&nbsp;&nbsp;&nbsp;&nbsp;&nbsp;&nbsp;&nbsp;&nbsp; En medio de los enfrentamientos, en <strong>febrero de 1976, se declara la Rep\u00fablica \u00c1rabe Saharaui Democr\u00e1tica<\/strong> (RASD) por el Consejo Nacional Saharaui. En abril, Marruecos y Mauritania se reparten oficialmente el territorio, obteniendo el primero hasta dos tercios de este. Pero, en 1978, sumida en una profunda crisis interna, <strong>Mauritania firm\u00f3 la paz con el gobierno saharaui y reconoci\u00f3 seis a\u00f1os despu\u00e9s la RASD.<\/strong> Para entonces, la formaci\u00f3n saharaui hab\u00eda aumentado su reconocimiento, sobre todo en \u00c1frica y en Latinoam\u00e9rica, as\u00ed como la membres\u00eda en <strong>1984<\/strong> como <strong>Estado de pleno Derecho de la Uni\u00f3n Africana<\/strong> (UA). Ese a\u00f1o, la ONU inst\u00f3 las negociaciones entre las partes y a la celebraci\u00f3n de un refer\u00e9ndum en el S\u00e1hara Occidental con la retirada previa de las tropas marroqu\u00edes. En abril de <strong>1990 se aprob\u00f3 el Plan de Arreglo<\/strong> \u2014a ra\u00edz de la aceptaci\u00f3n de las propuestas de Marruecos y el Frente Polisario\u2014 con la finalidad de:<\/p>\n\n\n\n<ul class=\"wp-block-list\">\n<li><strong>Celebrar un refer\u00e9ndum en el S\u00e1hara,<\/strong> libre y justo, para la resoluci\u00f3n del futuro estatus del territorio <strong>a <\/strong><strong>trav\u00e9s del derecho de autodeterminaci\u00f3n<\/strong>, con dos opciones: la independencia saharaui o su incorporaci\u00f3n a Marruecos.<\/li>\n\n\n\n<li><strong>Identificar y registrar <\/strong>aquellos <strong>con derecho a voto<\/strong> en el refer\u00e9ndum.<\/li>\n\n\n\n<li>Garantizar la <strong>liberaci\u00f3n de presos pol\u00edticos, intercambio de prisioneros y repatriaci\u00f3n de refugiados.<\/strong><\/li>\n\n\n\n<li><strong>Supervisar el alto el fuego<\/strong>.<\/li>\n\n\n\n<li>La creaci\u00f3n, un a\u00f1o despu\u00e9s, de la <strong>MINURSO <\/strong>\u2014Misi\u00f3n de las Naciones Unidas para el Refer\u00e9ndum del S\u00e1hara Occidental\u2014 <strong>para garantizar el proceso. <\/strong>Cada a\u00f1o, se renueva el mandato de la misi\u00f3n por votaci\u00f3n del Consejo de Seguridad de las Naciones Unidas (CSNU).<\/li>\n<\/ul>\n\n\n\n<p>En este contexto, la comunidad internacional (la ONU y la Corte Penal Internacional) ha expresado en numerosas ocasiones su opini\u00f3n (Resoluci\u00f3n 2229 en 1966; Resoluci\u00f3n 2625 en 1970; Resoluci\u00f3n 34\/37 de 1979) acerca de la cuesti\u00f3n del S\u00e1hara Occidental, reafirmando el <strong>\u201c<em>derecho inalienable del pueblo del S\u00e1hara Espa\u00f1ol a la libre determinaci\u00f3n<\/em>\u201d <\/strong>e <strong>instando a Espa\u00f1a al<\/strong> <strong>cumplimiento de sus obligaciones<\/strong> para con el territorio, as\u00ed como el <strong>cese de las aspiraciones marroqu\u00edes sobre el mismo<\/strong>. De hecho, en 2002, a petici\u00f3n del CSNU, el Asesor Jur\u00eddico de la ONU afirm\u00f3 que <strong>los Acuerdos de 1975<\/strong> entre Madrid, Rabat y Nuakchot <strong>no transfirieron ninguna soberan\u00eda a sus signatarios<\/strong>, por lo que Marruecos no es la potencia administradora del territorio.<\/p>\n\n\n\n<p>En 1999, cuando la misi\u00f3n pudo confeccionar un censo electoral para el refer\u00e9ndum de autodeterminaci\u00f3n, Marruecos se retir\u00f3 unilateralmente de lo acordado y propuso una tercera v\u00eda, que no lleg\u00f3 a ser aprobada por el Consejo de Seguridad. <strong>En<\/strong> <strong>2007, tanto Marruecos como el Frente Polisario presentaron sus propuestas oficiales<\/strong>, incompatibles entre s\u00ed.<\/p>\n\n\n\n<p>Desde entonces, la <strong>par\u00e1lisis en las negociaciones<\/strong> <strong>internacionales<\/strong> provoc\u00f3 que el conflicto se haya mantenido pr\u00e1cticamente congelado, sin apenas visibilidad exterior, hasta que en <strong>2020 la ruptura del alto el fuego reactiv\u00f3 la confrontaci\u00f3n armada<\/strong>. Hostilidades que, a baja intensidad pero con gran sufrimiento del pueblo saharaui, persisten actualmente.<\/p>\n\n\n\n<h4 class=\"wp-block-heading has-kubio-color-4-color has-text-color has-link-color wp-elements-8954ea5b54c8a751d4f52a39fd308104\"><strong>Contexto actual<\/strong><\/h4>\n\n\n\n<p>&nbsp;&nbsp;&nbsp;&nbsp;&nbsp;&nbsp;&nbsp;&nbsp;&nbsp;&nbsp;&nbsp; Una serie de eventos han vuelto a poner la cuesti\u00f3n del S\u00e1hara Occidental en primer plano: <strong>aumento del apoyo del Plan Marroqu\u00ed de 2007<\/strong> por <strong>potencias mundiales<\/strong> como Estados Unidos (EE. UU.), el <strong>estallido de los<\/strong> <strong>enfrentamientos en 2020<\/strong> entre las partes y la <strong>crisis de Ceuta del 2021<\/strong>. Estos acontecimientos derivaron en el cambio de postura del ejecutivo espa\u00f1ol, apoyando el plan marroqu\u00ed y rompiendo as\u00ed con la tradici\u00f3n de neutralidad adoptada por Madrid desde el comienzo de la andadura democr\u00e1tica en Espa\u00f1a.<\/p>\n\n\n\n<p>&nbsp;&nbsp;&nbsp;&nbsp;&nbsp;&nbsp;&nbsp;&nbsp;&nbsp;&nbsp;&nbsp; Tras 45 a\u00f1os de conflicto enquistado, el <strong>13 de noviembre de 2020 Marruecos invadi\u00f3 la zona de Guerguerat, en el sur del S\u00e1hara Occidental,<\/strong> quebrantando el Acuerdo Militar N\u00ba1\u201d1 (que establece dos \u00e1reas restringidas y la mejora de la infraestructura de defensa en dichas \u00e1reas) entre el Frente Polisario y la MINURSO, y entre \u00e9sta y Marruecos, de 1997 y 1998 respectivamente. As\u00ed, se <strong>rompi\u00f3 el alto al fuego establecido desde hac\u00eda d\u00e9cadas<\/strong> entre Marruecos y el Frente Polisario. Desde entonces, el Ej\u00e9rcito de Liberaci\u00f3n Popular Saharaui (ELPS) mantiene operaciones contra las fuerzas marroqu\u00edes en Mahbes, Smara, Guelta Zemmur, Houza y Farsia. Derivado de ello, se han<strong> denunciado agresiones a poblaciones saharauis, las relaciones entre Rabat y Argel se han deteriorado y actores internacionales clave comenzaron a posicionarse<\/strong><strong>, sobre todo a favor del \u00faltimo plan presentado por Marruecos<\/strong> para dar soluci\u00f3n a la cuesti\u00f3n del S\u00e1hara Occidental de 2007. En octubre de 2020, el CSNU aprob\u00f3 la Resoluci\u00f3n 2548\/2020, instando a las partes a retomar las conversaciones diplom\u00e1ticas ante el \u00faltimo estallido de las hostilidades, recordando las dem\u00e1s resoluciones anteriores emitidas por el organismo.<\/p>\n\n\n\n<p>&nbsp;&nbsp;&nbsp;&nbsp;&nbsp;&nbsp;&nbsp;&nbsp;&nbsp;&nbsp;&nbsp; En la actualidad, <strong>Marruecos controla la mayor parte del territorio<\/strong>, aproximadamente el 75% del total, <strong>dividido por un muro<\/strong> (mapa 1) y el Frente Polisario controla la parte este del S\u00e1hara Occidental, con el restante 25%. En esta zona se estima que hay colocadas alrededor de<strong> 10.000 minas antipersona<\/strong>. La base administrativa del Polisario se encuentra en los campamentos de refugiados en Argelia en Tinduf, que operan provisionalmente como un Estado independiente. Un informe de ACNUR en 2018 estima que en los campamentos de refugiados viven alrededor de 173.600 saharauis, desconoci\u00e9ndose la cifra en los territorios bajo control marroqu\u00ed. Seg\u00fan datos del <em>World Factbook <\/em>de la CIA, de 2018, hay <strong>619.500 saharauis en total<\/strong>.<\/p>\n\n\n\n<p>Adem\u00e1s, se destaca que este a\u00f1o <strong>la votaci\u00f3n para la renovaci\u00f3n del mandato de la MINURSO llega en un momento clave<\/strong>, al coincidir con el <strong>quincuag\u00e9simo aniversario de la Marcha Verde<\/strong> y en medio de enfrentamientos sobre el terreno. Asimismo, este proceso se enmarca en un <strong>contexto de creciente presi\u00f3n<\/strong> debido al <strong>aumento del respaldo al plan marroqu\u00ed<\/strong> de 2007, que contrasta con los objetivos de la MINURSO, as\u00ed como por los desaf\u00edos tanto presupuestarios como operativos que enfrenta la misi\u00f3n. La votaci\u00f3n, que se prev\u00e9 para el <strong>30 de octubre<\/strong>, viene precedida por una <strong>alta actividad diplom\u00e1tica<\/strong> entre los miembros del CSNU con Marruecos, y la <strong>nueva propuesta del Frente Polisario<\/strong>.<\/p>\n\n\n<div class=\"wp-block-image\">\n<figure class=\"aligncenter size-full\"><img loading=\"lazy\" decoding=\"async\" width=\"532\" height=\"540\" src=\"https:\/\/www.inteligenia.info\/wp-content\/uploads\/2025\/10\/image-1.png\" alt=\"\" class=\"wp-image-1239\" srcset=\"https:\/\/www.inteligenia.info\/wp-content\/uploads\/2025\/10\/image-1.png 532w, https:\/\/www.inteligenia.info\/wp-content\/uploads\/2025\/10\/image-1-296x300.png 296w\" sizes=\"(max-width: 532px) 100vw, 532px\" \/><\/figure>\n<\/div>\n\n\n<p class=\"has-text-align-center\"><em>Mapa 1: El exilio saharaui. Fuente: Descifrando la Guerra<\/em><\/p>\n\n\n\n<p>En este mapa, desarrollado por Fair Politik para el medio digital <em>Descifrando la Guerra<\/em>, encontramos la ubicaci\u00f3n de los campos de refugiados saharauis y de la MINURSO. Tambi\u00e9n se puede observar el trazo del muro, dividiendo las zonas.<\/p>\n\n\n\n<h4 class=\"wp-block-heading has-kubio-color-4-color has-text-color has-link-color wp-elements-87868c82f84cbe3bedd0dc59dbe9f6a4\"><strong>Plan Marroqu\u00ed de 2007<\/strong><\/h4>\n\n\n\n<p>&nbsp;&nbsp;&nbsp;&nbsp;&nbsp;&nbsp;&nbsp;&nbsp;&nbsp;&nbsp;&nbsp; La postura marroqu\u00ed se basa en la propuesta del proyecto de 35 puntos, en el que busca resolver el conflicto mediante la <strong>concesi\u00f3n de un estatus de autonom\u00eda al S\u00e1hara Occidental bajo la soberan\u00eda total de Marruecos.<\/strong><\/p>\n\n\n\n<p>&nbsp;&nbsp;&nbsp;&nbsp;&nbsp;&nbsp;&nbsp;&nbsp;&nbsp;&nbsp;&nbsp; El <strong>11 de abril de 2007<\/strong> Marruecos envi\u00f3 su propuesta de autonom\u00eda para el S\u00e1hara Occidental al CSNU. Si bien esta propuesta tiene tres antecedentes, en 1985, en 2001 y en 2003. En la primera, el Rey Hassan II propuso una autonom\u00eda para los saharauis en materia de administraci\u00f3n local, polic\u00eda, justicia y explotaci\u00f3n de recursos naturales, mientras que quedar\u00eda en manos de Rabat el ej\u00e9rcito y el control de las fronteras.<\/p>\n\n\n\n<p>&nbsp;&nbsp;&nbsp;&nbsp;&nbsp;&nbsp;&nbsp;&nbsp;&nbsp;&nbsp;&nbsp; Posteriormente, el Consejo aprueba el <strong>\u201cPlan Baker\u201d<\/strong> (por James Baker, el enviado personal del Secretario General), consistente en otorgar un r\u00e9gimen de autonom\u00eda de cinco a\u00f1os, tutelado por la ONU, seguido de un refer\u00e9ndum de autodeterminaci\u00f3n para la elecci\u00f3n de su propio futuro. <strong>Rechazado por Marruecos,<\/strong> en diciembre de 2003 presenta por primera vez una propuesta formal articulada de autonom\u00eda, calificada como \u201cinsuficiente\u201d por la oficina del Secretario General.<\/p>\n\n\n\n<p>&nbsp;&nbsp;&nbsp;&nbsp;&nbsp;&nbsp;&nbsp;&nbsp;&nbsp;&nbsp;&nbsp; <strong>El 9 de abril de 2004 Marruecos rechaza<\/strong> oficialmente la propuesta, as\u00ed como el <strong>principio de autodeterminaci\u00f3n<\/strong> (aceptado en los a\u00f1os 60 y posteriormente en los 80 y 90) <strong>y la celebraci\u00f3n de un refer\u00e9ndum para aplicarlo<\/strong>, pese a que ambos (ese principio y ese medio) est\u00e1n consagrados por la ONU. La propuesta de autonom\u00eda marroqu\u00ed <strong>excluye la opci\u00f3n de independencia<\/strong>, siendo esta \u201c<em>no negociable para el Reino<\/em>\u201d y que \u201c<em>est\u00e1 fuera de lugar que Marruecos entable negociaciones con quien sea acerca de su soberan\u00eda e integridad territorial<\/em>\u201d.<\/p>\n\n\n\n<p>&nbsp;&nbsp;&nbsp;&nbsp;&nbsp;&nbsp;&nbsp;&nbsp;&nbsp;&nbsp;&nbsp; En <strong>2007<\/strong>, Marruecos presenta su <strong>\u00faltimo plan hasta la fecha para dar soluci\u00f3n a la cuesti\u00f3n del S\u00e1hara Occidental<\/strong>, partiendo de las mismas premisas de propuestas anteriores, pero con alguna diferencia puntual a los ojos del derecho internacional (D.I), que, de hecho, genera incompatibilidades entre s\u00ed:<\/p>\n\n\n\n<ul class=\"wp-block-list\">\n<li>La incompatibilidad de la soberan\u00eda marroqu\u00ed y la autodeterminaci\u00f3n saharaui: si bien se acepta expresamente el principio de autodeterminaci\u00f3n en dos puntos, entra en contradicci\u00f3n con de otros pasajes: \u201c<em>Marruecos se<\/em> <em>compromete<\/em> <em>a someter una iniciativa para la negociaci\u00f3n de un estatuto de autonom\u00eda de la regi\u00f3n del S\u00e1hara, en el marco de la soberan\u00eda del Reino y de su unidad nacional\u201d<\/em> \u2026 <strong>estableciendo impl\u00edcitamente como premisa que el S\u00e1hara Occidental es ya marroqu\u00ed<\/strong>.<\/li>\n\n\n\n<li>Refer\u00e9ndum: sucede lo mismo, para que este sea <strong>legal seg\u00fan el D.I<\/strong> es indispensable que sea <strong>libre<\/strong>, <strong>democr\u00e1tico<\/strong> y <strong>supervisado<\/strong> por la Organizaci\u00f3n, lo que implica tener varias opciones donde elegir, y entre ellas, la independencia, no contemplada desde Rabat.<\/li>\n<\/ul>\n\n\n\n<p>As\u00ed, la <strong>propuesta fue rechazada por la ONU<\/strong>, al eliminar la posibilidad de ejercer el derecho a la libre determinaci\u00f3n del pueblo saharaui. En definitiva, el <strong>juego de palabras<\/strong> en la propuesta de Marruecos <strong>deriva<\/strong> <strong>realmente en ver c\u00f3mo se gestiona, dentro de Marruecos, el S\u00e1hara Occidental, disfrazado de un plan para la descolonizaci\u00f3n y autonom\u00eda conforme al D.I.<\/strong> M\u00e1s espec\u00edficamente en disposiciones del proyecto, como la distribuci\u00f3n de competencias, la resoluci\u00f3n de conflictos entre Marruecos y la regi\u00f3n, la organizaci\u00f3n de la autonom\u00eda y su garant\u00eda, los derechos fundamentales o el cuerpo electoral; aunque se explica su funcionamiento, todo carece de impacto real al incluir que las disposiciones deben estar siempre en conformidad con el art\u00edculo 19 de la Constituci\u00f3n marroqu\u00ed, el cual <strong>otorga al rey de Marruecos facultades muy amplias que, en la pr\u00e1ctica, lo colocan por encima de las instituciones democr\u00e1ticas<\/strong>, con un control sustancial del ejecutivo, legislativo, militar y religioso. De hecho, en muchos puntos, el proyecto de 2007 supone un retroceso en comparaci\u00f3n al presentado en 2003. Se destaca:<\/p>\n\n\n\n<ul class=\"wp-block-list\">\n<li><strong>La distribuci\u00f3n de competencias<\/strong>, que se le otorgan mayormente a Marruecos, especialmente las importantes, como la polic\u00eda no local, los recursos naturales o la justicia, as\u00ed como en \u00e1reas como el desarrollo econ\u00f3mico, la administraci\u00f3n local, la vivienda, la educaci\u00f3n, la sanidad, el comercio, la industria, el empleo y la cultura, entre otros. Las atribuidas a la <em>Regi\u00f3n Aut\u00f3noma del S\u00e1hara <\/em>(RAS) no tendr\u00edan apenas valor, ya que <strong>el poder absoluto del rey eliminar\u00eda cualquier autonom\u00eda<\/strong>.<\/li>\n<\/ul>\n\n\n\n<ul class=\"wp-block-list\">\n<li>En cuanto a la <strong>resoluci\u00f3n de conflictos<\/strong>, no se describe un \u00f3rgano neutral para ello, y todas las resoluciones que emanen de la RAS se deber\u00e1n ajustar a la Constituci\u00f3n del reino. Es decir, de nuevo, toda ley queda sujeta a la autoridad del monarca y al Consejo Constitucional, controlado por el mismo.<\/li>\n<\/ul>\n\n\n\n<ul class=\"wp-block-list\">\n<li>En el <strong>sistema de garant\u00eda de la autonom\u00eda del Plan Baker<\/strong> se establec\u00eda que el Estatuto no podr\u00eda ser modificado unilateralmente por Rabat, mientras que en el plan Marroqu\u00ed s\u00ed que se contempla impl\u00edcitamente esta posibilidad al convertirlo en un ap\u00e9ndice de la Constituci\u00f3n marroqu\u00ed (sujeta al monarca).<\/li>\n<\/ul>\n\n\n\n<h4 class=\"wp-block-heading has-kubio-color-4-color has-text-color has-link-color wp-elements-cc773b950dd115c072300c8689f07ec4\"><strong>Intereses de Marruecos en el S\u00e1hara<\/strong><\/h4>\n\n\n\n<p>&nbsp;&nbsp;&nbsp;&nbsp;&nbsp;&nbsp;&nbsp;&nbsp;&nbsp;&nbsp;&nbsp; <strong>El S\u00e1hara Occidental es un territorio muy rico en recursos naturales de todo tipo<\/strong>, contando con yacimientos de hidrocarburos, pesca, arena, fosfatos y otros minerales de gran valor. En tiempos de Franco, los recursos naturales ya eran uno de los principales intereses de los espa\u00f1oles en la regi\u00f3n. Mientras que la extracci\u00f3n de crudo era demasiado costosa, los yacimientos de fosfato eran de lo m\u00e1s rentable.<\/p>\n\n\n\n<ul class=\"wp-block-list\">\n<li>Extracci\u00f3n de minerales: El <strong>fosfato<\/strong> es uno de los minerales m\u00e1s importantes para la seguridad alimentaria mundial. Concretamente, la regi\u00f3n de Bucraa presenta uno de los <strong>yacimientos m\u00e1s grandes de mineral del planeta<\/strong>. Hoy en d\u00eda, la producci\u00f3n de esta zona supone el 10% del total de Marruecos, que posee en total el 70% de las reservas mundiales, estim\u00e1ndose que los saharauis que trabajan en esta explotaci\u00f3n no superan el 10%. Con respecto a otros minerales existentes en el S\u00e1hara, se destacan el <strong>hierro, oro y uranio,<\/strong> as\u00ed como estudios recientes revelan que posiblemente tambi\u00e9n se encuentren reservas de Diamante, Niobio, Tantalio, elementos de tierras raras, Tungsteno y Manganeso, adem\u00e1s de metales b\u00e1sicos como N\u00edquel, Cobre, Cromo o Cobalto.<\/li>\n<\/ul>\n\n\n\n<ul class=\"wp-block-list\">\n<li>Recursos pesqueros: las aguas del S\u00e1hara-Canarias albergan uno de los <strong>mejores caladeros pesqueros del Oc\u00e9ano Atl\u00e1ntico<\/strong>. La costa del S\u00e1hara represent\u00f3, seg\u00fan datos del gobierno marroqu\u00ed, hasta el 73% del total de las capturas anuales en 2020. Adem\u00e1s, se destaca la sobreexplotaci\u00f3n de los caladeros del S\u00e1hara, tanto por buques locales como comunitarios y extranjeros, seg\u00fan un informe de evaluaci\u00f3n de la UE en 2017. Los acuerdos pesqueros de la Uni\u00f3n con Marruecos ya han sido objeto de cr\u00edtica, tanto por los saharauis como por los propios tribunales de la UE, por incurrir en la violaci\u00f3n del D.I, al incorporar <em>de facto<\/em> estas aguas en los acuerdos econ\u00f3micos con Rabat. Lo mismo sucede, en este sentido, con la agricultura.<\/li>\n<\/ul>\n\n\n\n<ul class=\"wp-block-list\">\n<li>Exploraci\u00f3n de recursos petrol\u00edferos y gas\u00edsticos: Marruecos otorga licencias a empresas nacionales e internacionales para que exploren y puedan explotar los potenciales <strong>yacimientos de petr\u00f3leo y gas en territorio del S\u00e1hara Occidental<\/strong>. Asimismo, en t\u00e9rminos de energ\u00eda, estudios confirman que el territorio podr\u00eda producir suficiente energ\u00eda e\u00f3lica y solar para satisfacer las necesidades de gran parte de Europa. Marruecos prev\u00e9 instalar parques e\u00f3licos que se estima que supondr\u00e1n hasta el 42% de la capacidad el\u00e9ctrica marroqu\u00ed cuando entren en funcionamiento.<\/li>\n<\/ul>\n\n\n\n<p>&nbsp;&nbsp;&nbsp;&nbsp;&nbsp;&nbsp;&nbsp;&nbsp;&nbsp;&nbsp;&nbsp; Adem\u00e1s, el S\u00e1hara Occidental no s\u00f3lo posee un valor econ\u00f3mico. El inter\u00e9s de Rabat en este territorio trasciende lo comercial y material, al convertirse tambi\u00e9n en un <strong>s\u00edmbolo de unidad territorial, legitimidad del rey y prestigio internacional con una gran capacidad movilizadora.<\/strong><\/p>\n\n\n\n<h5 class=\"wp-block-heading has-kubio-color-4-color has-text-color has-link-color wp-elements-2648f66663335e82e1bc00473c0ce45a\"><em>Alianzas de Marruecos con potencias extranjeras<\/em><\/h5>\n\n\n\n<p>Marruecos ha conseguido hacer de su pol\u00edtica exterior una herramienta clave en su desarrollo, especialmente dentro del plano econ\u00f3mico, energ\u00e9tico y militar. Gracias a su diplomacia activa, su acercamiento con Israel, Estados Unidos y dem\u00e1s potencias han supuesto un <strong>punto de inflexi\u00f3n para el pa\u00eds africano<\/strong>.<\/p>\n\n\n\n<p>Dentro del<strong> plano migratorio<\/strong>, Marruecos podr\u00eda hacer uso de las rutas migratorias que cruzan su territorio para afectar a Espa\u00f1a, y as\u00ed tratar de alcanzar sus objetivos en el S\u00e1hara Occidental y las ciudades aut\u00f3nomas de Ceuta y Melilla. La presi\u00f3n migratoria, compuesta en mayor medida por poblaci\u00f3n de origen magreb\u00ed y subsahariana, se dirige a territorio espa\u00f1ol en base a unas rutas unas rutas principales, siendo sus destinos las Islas Canarias, las Islas Baleares, Ceuta, Melilla, y el sur\/sureste de la Pen\u00ednsula Ib\u00e9rica.<\/p>\n\n\n\n<p>Abordando el <strong>plano econ\u00f3mico<\/strong>, si bien es cierto que Espa\u00f1a contin\u00faa siendo el principal socio comercial de Marruecos, Rabat ha aumentado las inversiones provenientes de los pa\u00edses del Golfo, como Arabia Suad\u00ed, Emiratos \u00c1rabes Unidos y Qatar, y de China. En concreto, son especialmente importantes las inversiones en infraestructuras y tecnolog\u00edas del gigante asi\u00e1tico. Sin embargo, el apoyo de los pa\u00edses \u00e1rabes mencionados es doble, ya que, adem\u00e1s de colaborar en proyectos tur\u00edsticos y proporcionar financiaci\u00f3n a Marruecos, tambi\u00e9n defienden el plan de autonom\u00eda marroqu\u00ed para el S\u00e1hara Occidental. En t\u00e9rminos econ\u00f3micos, se destaca:<\/p>\n\n\n\n<ul class=\"wp-block-list\">\n<li><strong>Marruecos cuenta con una cierta dependencia del gas natural licuado (GNL) importado desde Espa\u00f1a<\/strong>, ya que no tiene grandes reservas naturales. Esta relaci\u00f3n en ocasiones se ve amenazada por la presencia de Argelia, que tambi\u00e9n mantiene importantes contratos con Espa\u00f1a. Por otro lado, en el S\u00e1hara podr\u00eda obtener recursos energ\u00e9ticos que le facilitar\u00edan la competitividad en este sector.<\/li>\n\n\n\n<li>Para hacer frente a sus dependencias, Marruecos lleva a\u00f1os desarrollando una extensa red de <strong>energ\u00edas renovables<\/strong>, especialmente en materia de energ\u00eda solar y e\u00f3lica. En este sentido, su alianza estrat\u00e9gica con EE.UU. favorece el desarrollo de proyectos energ\u00e9ticos a un menor coste.<\/li>\n<\/ul>\n\n\n\n<p>En el <strong>\u00e1mbito de la defensa<\/strong>,<strong> la modernizaci\u00f3n de la infraestructura militar marroqu\u00ed<\/strong> puede ser uno de los aspectos m\u00e1s relevantes para Espa\u00f1a. Marruecos, que cuenta con <strong>Estados Unidos, Israel y Francia como principales socios<\/strong> dentro de este sector, ha cometido importantes inversiones, como la compra de cazas F-16 y F-35, sistemas de defensa antia\u00e9rea Patriot, drones israel\u00edes y novedosos sistemas de ciberdefensa. La mayor\u00eda de este material estar\u00eda destinado a disuadir las posibles amenazas del Sahel o la propia seguridad interna del pa\u00eds, sin embargo, podr\u00edan ser utilizados m\u00e1s adelante en el S\u00e1hara Occidental contra las fuerzas del Frente Polisario.<\/p>\n\n\n\n<h4 class=\"wp-block-heading has-kubio-color-4-color has-text-color has-link-color wp-elements-8957240d97d9b5d0a6f447374090d211\"><strong>Propuesta del Frente Polisario<\/strong><\/h4>\n\n\n\n<p>&nbsp;&nbsp;&nbsp;&nbsp;&nbsp;&nbsp;&nbsp;&nbsp;&nbsp;&nbsp;&nbsp; En <strong>abril de 2007<\/strong>, bajo el t\u00edtulo \u201c<em>Propuesta del Frente\u202f<\/em>Polisario<em> para una soluci\u00f3n pol\u00edtica mutuamente aceptable que garantice la autodeterminaci\u00f3n del pueblo del S\u00e1hara Occidental<\/em>\u201d, la formaci\u00f3n saharaui <strong>present\u00f3 su postura oficial<\/strong> acerca de la cuesti\u00f3n. Expuesta en tres puntos principales, la hoja de ruta que se propone es la siguiente:<\/p>\n\n\n\n<ul class=\"wp-block-list\">\n<li><strong>El conflicto en el S\u00e1hara es una cuesti\u00f3n de descolonizaci\u00f3n<\/strong>, al ser declarado como TNA oficialmente en 1965, amparado por la ONU y la resoluci\u00f3n 1514 (XV).<\/li>\n\n\n\n<li><strong>La soluci\u00f3n del conflicto requiere la celebraci\u00f3n de un refer\u00e9ndum de autodeterminaci\u00f3n<\/strong>: partiendo de la base del primer punto, y bajo la aprobaci\u00f3n de las partes en el Plan de Arreglo de 1990, el CSNU y los planes Baker.<\/li>\n\n\n\n<li><strong>Predisposici\u00f3n del Frente Polisario para negociar <\/strong>con vistas a la celebraci\u00f3n del refer\u00e9ndum de autodeterminaci\u00f3n y al otorgamiento de <strong>garant\u00edas pos<\/strong><strong>\u2011refer\u00e9ndum<\/strong> a Marruecos y a los residentes marroqu\u00edes en el S\u00e1hara Occidental. Estas son:<\/li>\n<\/ul>\n\n\n\n<ul class=\"wp-block-list\">\n<li><strong>Reconocimiento mutuo de soberan\u00eda e integridad territorial<\/strong> entre el futuro Estado saharaui y Marruecos, basado en el respeto a las fronteras.<ul><li><strong>Garant\u00edas pol\u00edticas, sociales y jur\u00eddicas para la poblaci\u00f3n marroqu\u00ed residente en el S\u00e1hara Occidental.<\/strong><\/li><\/ul><ul><li><strong>Acuerdos de cooperaci\u00f3n econ\u00f3mica y explotaci\u00f3n conjunta de recursos naturales<\/strong>, as\u00ed como asociaciones en sectores comerciales y financieros.<\/li><\/ul>\n<ul class=\"wp-block-list\">\n<li><strong>Compromisos de seguridad y estabilidad regional<\/strong>, incluyendo la renuncia a reclamaciones por da\u00f1os del conflicto y cooperaci\u00f3n en el marco magreb\u00ed.<\/li>\n<\/ul>\n<\/li>\n<\/ul>\n\n\n\n<p>En definitiva, la propuesta del Frente Polisario busca mostrar su <strong>predisposici\u00f3n para entablar negociaciones con Marruecos sobre la base de los par\u00e1metros expuestos previamente y el derecho internacional,<\/strong> con vistas a alcanzar una soluci\u00f3n aceptada mutuamente. Si bien, tras la exposici\u00f3n de ambas propuestas, se constata la <strong>incompatibilidad entre estas,<\/strong> lo que ha llevado, tanto al conflicto y como a la comunidad internacional, al estancamiento.<\/p>\n\n\n\n<h4 class=\"wp-block-heading has-kubio-color-4-color has-text-color has-link-color wp-elements-7733ae930d870a1374c2e188388ec490\"><strong>Posici\u00f3n de Espa\u00f1a<\/strong><\/h4>\n\n\n\n<p>&nbsp;&nbsp;&nbsp;&nbsp;&nbsp;&nbsp;&nbsp;&nbsp;&nbsp;&nbsp;&nbsp; Desde la retirada de Espa\u00f1a en 1975 del territorio, la pol\u00edtica exterior espa\u00f1ola hacia el S\u00e1hara occidental se ha basado en una <strong>neutralidad diplom\u00e1tica, compromiso electoral y econ\u00f3mico<\/strong>. Esta postura del ejecutivo espa\u00f1ol, que se mantendr\u00eda hasta 2022, se expuso en los a\u00f1os 80 en una carta a la ONU del embajador espa\u00f1ol Jaime de Pini\u00e9s, la cual expresaba que Espa\u00f1a se consideraba desligada de toda responsabilidad internacional sobre el territorio al haber cesado su participaci\u00f3n en la administraci\u00f3n temporal establecida tras los Acuerdos de Madrid. No obstante, afirmaba que la descolonizaci\u00f3n del S\u00e1hara Occidental s\u00f3lo se considerar\u00eda completa cuando la poblaci\u00f3n saharaui pudiera expresar v\u00e1lidamente su voluntad, reconociendo su derecho a la autodeterminaci\u00f3n.<\/p>\n\n\n\n<p>&nbsp;&nbsp;&nbsp;&nbsp;&nbsp;&nbsp;&nbsp;&nbsp;&nbsp;&nbsp;&nbsp; As\u00ed, desde el retorno de la democracia en Espa\u00f1a, los sucesivos gobiernos (herederos de lo acordado por el r\u00e9gimen franquista) <strong>han mantenido una pol\u00edtica de neutralidad diplom\u00e1tica oficial respecto al S\u00e1hara Occidental<\/strong>, combinada con un respaldo tradicional a la causa del Frente Polisario. Esta ambig\u00fcedad se mantuvo con gobiernos posteriores del PSOE y del PP, que sol\u00edan expresar su apoyo a la autodeterminaci\u00f3n del pueblo saharaui durante las campa\u00f1as, pero sin modificar de forma sustantiva la pol\u00edtica exterior una vez electos. A pesar de esta neutralidad, <strong>Espa\u00f1a ha sostenido una cooperaci\u00f3n constante con las comunidades saharauis<\/strong>, destinando importantes flujos de ayuda econ\u00f3mica desde 1999, canalizados no s\u00f3lo por el Estado, sino tambi\u00e9n por ayuntamientos y organizaciones de la sociedad civil, <strong>reflejando un apoyo humanitario persistente m\u00e1s all\u00e1 del plano diplom\u00e1tico<\/strong>.<\/p>\n\n\n\n<p>&nbsp;&nbsp;&nbsp;&nbsp;&nbsp;&nbsp;&nbsp;&nbsp;&nbsp;&nbsp;&nbsp; El <strong>cambio de postura llega el 14 de marzo del 2022<\/strong> en un comunicado privado entre Pedro S\u00e1nchez y Mohamed VI. En dicha comunicaci\u00f3n, el presidente del gobierno espa\u00f1ol se enmarca en un <strong>cambio significativo de la postura tradicional de Espa\u00f1a <\/strong>respecto al S\u00e1hara Occidental. Por primera vez, un gobierno espa\u00f1ol <strong>manifest\u00f3 apoyo expl\u00edcito al plan de autonom\u00eda propuesto por Marruecos en 2007<\/strong>, al cual los gobiernos espa\u00f1oles anteriores, tanto del PSOE como del PP, se hab\u00edan opuesto de forma consistente:<\/p>\n\n\n\n<p class=\"has-text-align-right\"><em>\u201c<\/em>[Yo, Pedro S\u00e1nchez] r<em>econozco la importancia que tiene la cuesti\u00f3n del S\u00e1hara Occidental para Marruecos y los esfuerzos serios y cre\u00edbles de Marruecos, en el marco de Naciones Unidas, para encontrar una soluci\u00f3n mutuamente aceptable. En este sentido, Espa\u00f1a considera que la propuesta marroqu\u00ed de autonom\u00eda presentada en 2007 como la base m\u00e1s seria, cre\u00edble y realista para la resoluci\u00f3n de este diferendo\u201d<\/em><\/p>\n\n\n\n<p class=\"has-text-align-right\">Carta privada entre Pedro S\u00e1nchez y Mohamed VI.<\/p>\n\n\n\n<p>&nbsp;&nbsp;&nbsp;&nbsp;&nbsp;&nbsp;&nbsp;&nbsp;&nbsp;&nbsp;&nbsp; <strong>Este hecho acontece tras la crisis diplom\u00e1tica entre Marruecos y Espa\u00f1a por el hospedaje en 2021 en un hospital espa\u00f1ol de Brahim Ghali<\/strong>, principal dirigente del Frente Polisario, y la derivada<strong> crisis migratoria de Ceuta<\/strong> poco despu\u00e9s. De este modo, el cambio de postura espa\u00f1ol no s\u00f3lo acababa con la crisis bilateral, sino con la hist\u00f3rica pol\u00edtica de neutralidad oficial del gobierno espa\u00f1ol hasta ese entonces. Neutralidad que, hasta el comienzo de la crisis, el gobierno de S\u00e1nchez no hab\u00eda expresado la voluntad de modificar.<\/p>\n\n\n\n<p>&nbsp;&nbsp;&nbsp;&nbsp;&nbsp;&nbsp;&nbsp;&nbsp;&nbsp;&nbsp;&nbsp; En este sentido, <strong>las relaciones entre Espa\u00f1a y el Frente Polisario<\/strong> <strong>tambi\u00e9n se vieron seriamente afectadas<\/strong>. Hasta 2022, la relaci\u00f3n con \u00e9ste fue de apoyo moral, pol\u00edtico y humanitario, sin compromisos diplom\u00e1ticos formales ni pasos contundentes contra Marruecos. Sin embargo, el cambio de postura del ejecutivo espa\u00f1ol hizo que las relaciones entre el Frente Polisario y Espa\u00f1a se deterioraron notablemente hasta el punto de que el primero suspendi\u00f3 las relaciones diplom\u00e1ticas entre ambos, afirmando que no se recuperar\u00eda el contacto hasta que Madrid se adhiera a las resoluciones internacionales, as\u00ed como dej\u00f3 de ver a Espa\u00f1a como un mediador en el conflicto del S\u00e1hara.<\/p>\n\n\n\n<h5 class=\"wp-block-heading has-kubio-color-4-color has-text-color has-link-color wp-elements-46ae002c60a596ecb96d622ba8a34145\"><em>Crisis migratoria de Ceuta de 2021<\/em><\/h5>\n\n\n\n<p>El 18 de abril de 2021, el <strong>l\u00edder del Frente Polisario es trasladado<\/strong> en secreto a <strong>Logro\u00f1o<\/strong>, con la finalidad de recibir tratamiento contra el COVID-19. Cinco d\u00edas m\u00e1s tarde, el Ministerio de Asuntos Exteriores espa\u00f1ol difundi\u00f3 esta informaci\u00f3n, provocando una reacci\u00f3n inmediata de <strong>Marruecos<\/strong>, que <strong>calific\u00f3 los hechos como una \u201cactitud deplorable\u201d<\/strong> y exigi\u00f3 explicaciones al presidente Pedro S\u00e1nchez. Aproximadamente un mes m\u00e1s tarde, Marruecos relaj\u00f3 el control fronterizo y permiti\u00f3 el <strong>paso irregular de m\u00e1s de 8.000 personas<\/strong>, entre ellos un gran n\u00famero de menores no acompa\u00f1ados, <strong>a Ceuta en apenas 48 horas<\/strong>. Al grito de \u201c<em>come on in, boys\u201d<\/em>, narra un joven inmigrante en un reportaje del <em>New York Times<\/em> como las autoridades marroqu\u00edes incitaban al cruce hacia la ciudad aut\u00f3noma espa\u00f1ola. El mismo d\u00eda 18, la embajadora marroqu\u00ed en Espa\u00f1a, Karima Benyaich, expres\u00f3 que \u00ab<em>hay actos que tienen consecuencias<\/em>\u00bb en las relaciones entre pa\u00edses y que tales actos \u00ab<em>hay que asumirlos<\/em>\u201d, haciendo referencia a la decisi\u00f3n de Espa\u00f1a de acoger a Ghali para recibir atenci\u00f3n m\u00e9dica. Asimismo, el d\u00eda despu\u00e9s, el ministro marroqu\u00ed de Estado de Derechos Humanos y Relaciones con el Parlamento, Mustaf\u00e1 Ramid, public\u00f3 en su perfil de Facebook que \u201c[el gobierno espa\u00f1ol] <em>sab\u00eda que el precio por subestimar a Marruecos es muy alto<\/em>\u201d, <strong>vinculando la crisis fronteriza con el deterioro de las relaciones diplom\u00e1ticas hispano-marroqu\u00edes<\/strong>.<\/p>\n\n\n\n<h5 class=\"wp-block-heading has-kubio-color-4-color has-text-color has-link-color wp-elements-69ef032eb31821629c4bbeecb6290acd\"><em>\u00daltimos acontecimientos en Espa\u00f1a<\/em><em><\/em><\/h5>\n\n\n\n<p>&nbsp;&nbsp;&nbsp;&nbsp;&nbsp;&nbsp;&nbsp;&nbsp;&nbsp;&nbsp;&nbsp; En julio de 2025, el Partido Popular (PP) celebr\u00f3 su XXI Congreso Nacional. Entre las <strong>personalidades invitadas<\/strong>, se encontraba <strong>el delegado en Espa\u00f1a del Frente Polisario, <\/strong>Abdullah Al-Arabi, <strong>generando malestar en Rabat<\/strong>, que acab\u00f3 enviando una misiva al presidente del PP, seg\u00fan publica el diario <em>El Espa\u00f1ol<\/em>. En esta, advirti\u00f3 al jefe de la oposici\u00f3n espa\u00f1ola sobre el <strong>riesgo del deterioro de las relaciones si la formaci\u00f3n prosegu\u00eda con su apoyo al pueblo saharaui y no apoyaba el <\/strong><strong>plan marroqu\u00ed de 2007 para el S\u00e1hara Occidental<\/strong>. El emisor de la carta se vincula al Comit\u00e9 de Coordinaci\u00f3n para la Liberaci\u00f3n de Ceuta y Melilla, grupo compuesto por asociaciones nacionalistas marroqu\u00edes que reclaman la \u00abdescolonizaci\u00f3n\u00bb de las ciudades aut\u00f3nomas espa\u00f1olas. El organismo, reactivado en julio de este a\u00f1o, pone en marcha una <strong>estrategia de presi\u00f3n sobre los partidos espa\u00f1oles que disienten de la l\u00ednea oficial marroqu\u00ed<\/strong> respecto al S\u00e1hara, con medidas como campa\u00f1as de descr\u00e9dito, activismo territorial, presi\u00f3n medi\u00e1tica y advertencias no oficiales. La advertencia marroqu\u00ed se comprende en el contexto de incertidumbre pol\u00edtica en torno a las pr\u00f3ximas elecciones presidenciales espa\u00f1olas, la variedad de posturas en el espectro pol\u00edtico y c\u00f3mo ello podr\u00eda afectar a las relaciones hispano-marroqu\u00edes.<\/p>\n\n\n\n<p>&nbsp;&nbsp;&nbsp;&nbsp;&nbsp;&nbsp;&nbsp;&nbsp;&nbsp;&nbsp;&nbsp; M\u00e1s recientemente, el 19 de octubre, Nizar Baraka, ministro marroqu\u00ed y l\u00edder del partido Istiqlal, <strong>ha reiterado al PP la necesidad de que se sume a la posici\u00f3n oficial espa\u00f1ola<\/strong> y respalde el plan de autonom\u00eda marroqu\u00ed de 2007. Baraka inst\u00f3 a \u201c<em>sacar a Marruecos<\/em> [y al S\u00e1hara]<em> de la pol\u00edtica interna espa\u00f1ola<\/em>\u00bb y a alinearse con la mayor\u00eda de la Uni\u00f3n Europea y del Partido Popular Europeo. Para el ministro, hacerlo es la mejor manera de <em>\u201cluchar contra la inmigraci\u00f3n<\/em>\u201d, avanzar en el<em> \u201cinter\u00e9s y la estabilidad de la regi\u00f3n<\/em>\u201d y poner fin a un \u201c<em>conflicto artificial<\/em>\u201d.<\/p>\n\n\n\n<h5 class=\"wp-block-heading has-kubio-color-4-color has-text-color has-link-color wp-elements-a7a7c26134ec32710ba65e370e74a0d6\"><em>Saharauis en Espa\u00f1a<\/em><\/h5>\n\n\n\n<p>&nbsp;&nbsp;&nbsp;&nbsp;&nbsp;&nbsp;&nbsp;&nbsp;&nbsp;&nbsp;&nbsp; Se calcula que en Espa\u00f1a viven alrededor de 6.000 saharauis, seg\u00fan datos de ACNUR de 2020, y que el <strong>98% de los solicitantes del estatuto de ap\u00e1trida en Espa\u00f1a son saharauis<\/strong>, seg\u00fan datos del Ministerio del Interior de 2023 (los ap\u00e1tridas son uno de los grupos m\u00e1s vulnerables del mundo; al no tener una nacionalidad reconocida, no tienen acceso a servicios b\u00e1sicos ni a derechos fundamentales, como la educaci\u00f3n, empleo, sanidad o tr\u00e1mites legales como contraer matrimonio o certificar una defunci\u00f3n). En Espa\u00f1a existe un <strong>gran debate, tanto jur\u00eddico como moral, sobre la situaci\u00f3n del pueblo saharaui<\/strong>. Su estatus en un <strong>limbo legal<\/strong> se deriva de la adquisici\u00f3n de la nacionalidad espa\u00f1ola previa a la retirada de Espa\u00f1a del S\u00e1hara y la diferente jurisprudencia emitida desde entonces por tribunales espa\u00f1oles, que no ha sido uniforme. El <strong>Tribunal Supremo<\/strong> (Sentencia n\u00fam. 681\/2021, de 7 de octubre de 2021) finalmente, mantiene que <strong>el S\u00e1hara Occidental no puede considerarse Espa\u00f1a<\/strong>, por lo que <strong>sus naturales no son espa\u00f1oles de origen salvo que acrediten expresamente<\/strong> alguno de los t\u00edtulos legales de atribuci\u00f3n. Los saharauis en Espa\u00f1a se concentran en la regi\u00f3n del Pa\u00eds Vasco, si bien hay asociaciones del colectivo con presencia en Andaluc\u00eda, Madrid, Galicia, Extremadura, Catalu\u00f1a o La Rioja.<\/p>\n\n\n\n<p>&nbsp;&nbsp;&nbsp;&nbsp;&nbsp;&nbsp;&nbsp;&nbsp;&nbsp;&nbsp;&nbsp; Entre las asociaciones m\u00e1s activas est\u00e1n la Asociaci\u00f3n de Amigos del Pueblo Saharaui, la Delegaci\u00f3n Nacional Saharaui y delegaciones saharauis en distintas Comunidades Aut\u00f3nomas. Entre todas coordinan proyectos de ayuda humanitaria y sensibilizaci\u00f3n. Uno de los programas con mayor alcance es el de <strong><em>Vacaciones en Paz<\/em><\/strong>, que tiene como objetivo la acogida de menores saharauis procedentes de Tinduf en la temporada de verano de tres meses. Desde el a\u00f1o 2014 hasta 2024, cerca de 34.500 menores saharauis se han beneficiado de este programa, que se consolid\u00f3 como tal a mediados de los a\u00f1os 90. En el verano de 2025, alrededor de 3.000 menores se beneficiaron de este programa.<\/p>\n\n\n\n<h4 class=\"wp-block-heading has-kubio-color-4-color has-text-color has-link-color wp-elements-be5ea12efe953146393fa83715103690\"><strong>Papel de Argelia<\/strong><\/h4>\n\n\n\n<p>&nbsp;&nbsp;&nbsp;&nbsp;&nbsp;&nbsp;&nbsp;&nbsp;&nbsp;&nbsp;&nbsp; En la cuesti\u00f3n del S\u00e1hara Occidental,<strong> Argelia es un activo defensor de la causa saharaui, chocando directamente con su vecino del oeste.<\/strong> De hecho, la posici\u00f3n argelina apenas ha variado desde que la ONU empez\u00f3 a emitir resoluciones acerca de este territorio. Argelia defiende que el S\u00e1hara se trata de un TNA cuyo estatuto definitivo debe decidirse en un refer\u00e9ndum de libre determinaci\u00f3n. La firme posici\u00f3n de Argel puede deberse al complicado camino de Argelia hacia la independencia de Francia, ya que ha basado hist\u00f3ricamente su pol\u00edtica exterior tres principios: la defensa de la integridad territorial propia, la no injerencia en asuntos internos de terceros Estados y el apoyo activo a la autodeterminaci\u00f3n de los pueblos. En los foros internacionales, desde el comienzo de la cuesti\u00f3n del S\u00e1hara Occidental, Argelia defendi\u00f3 abiertamente el derecho de libre determinaci\u00f3n del pueblo saharaui, incluso antes de los Acuerdos Tripartitos de Madrid.<\/p>\n\n\n\n<p>&nbsp;&nbsp;&nbsp;&nbsp;&nbsp;&nbsp;&nbsp;&nbsp;&nbsp;&nbsp;&nbsp; En 1975 <strong>Argelia se empez\u00f3 a hacer cargo del adiestramiento de combatientes saharauis<\/strong> en sus bases de Tinduf y Bechar. Pero en 1978 falleci\u00f3 el presidente argelino Houari&nbsp; Boum\u00e9di\u00e8ne, dejando un interrogante hacia el apoyo de la causa saharaui por el siguiente, Chadli Benjdid. Este se caracteriz\u00f3 por hacer uso de una pol\u00edtica m\u00e1s pragm\u00e1tica y moderada, restableciendo oficialmente relaciones diplom\u00e1ticas con Rabat en 1989, abriendo las fronteras y realizando importantes acuerdos econ\u00f3micos y diplom\u00e1ticos. En 1991, en cierta medida gracias a la buena sinton\u00eda&nbsp; entre ambos y al deterioro econ\u00f3mico y social de las partes, se firma el Plan de Arreglo y se instaura un alto al fuego. En este punto, la situaci\u00f3n en Argelia comenz\u00f3 a complicarse seriamente y problemas internos derivaron en una guerra civil (el <em>Decenio negro)<\/em> que, junto con los atentados de GIA, gener\u00f3 que Argel se centrarse en cuestiones internas. La guerra civil argelina provoc\u00f3 un ambiente de desconfianza con Marruecos y, sumado a ello, en 1994 se produjo un atentado en Marrakech, atribuido desde la esfera marroqu\u00ed al servicio de inteligencia argelino. Desde entonces, Argelia cerr\u00f3 las fronteras terrestres y permanecen as\u00ed en la actualidad.<\/p>\n\n\n\n<p>&nbsp;&nbsp;&nbsp;&nbsp;&nbsp;&nbsp;&nbsp;&nbsp;&nbsp;&nbsp;&nbsp; A partir del estancamiento de la diplomacia en 1999, Argelia fue ganando protagonismo asumiendo un rol m\u00e1s activo en las conversaciones directas entre Marruecos y el Frente Polisario y haciendo observaciones a las propuestas presentadas por Baker. En 2007, tras la presentaci\u00f3n de la iniciativa marroqu\u00ed para el S\u00e1hara, la ONU celebr\u00f3 rondas de negociaciones entre el Polisario y Marruecos, con Argelia y Mauritania de observadores. Sin embargo, las negociaciones fracasaron, en parte por la negativa de Marruecos a dialogar directamente con el Polisario, al considerar que Argelia es la verdadera parte implicada. Desde entonces, como vemos, el <strong>conflicto ha permanecido estancado<\/strong>.<\/p>\n\n\n\n<p>&nbsp;&nbsp;&nbsp;&nbsp;&nbsp;&nbsp;&nbsp;&nbsp;&nbsp;&nbsp;&nbsp; Se habla, desde entonces, de una <strong>par\u00e1lisis diplom\u00e1tica argelina.<\/strong> Pero ello no ha deteriorado las relaciones con RASD, ya que <strong>ha continuado colaborando con el Frente Polisario<\/strong>, especialmente en educaci\u00f3n y salud. La Media Luna Argelina y otras organizaciones locales (<em>Rencontre et D\u00e9veloppement, SOS Femmes en D\u00e9tresse o AFAD<\/em>) apoyan a los refugiados distribuyendo de alimentos, equipamiento y productos de higiene.<\/p>\n\n\n\n<p>&nbsp;&nbsp;&nbsp;&nbsp;&nbsp;&nbsp;&nbsp;&nbsp;&nbsp;&nbsp;&nbsp; <strong>La reanudaci\u00f3n del conflicto entre Marruecos y el Frente Polisario el 13 de noviembre de 2020 ha agravado la situaci\u00f3n en el Magreb<\/strong>. Argelia respondi\u00f3 reforzando su frontera y advirtiendo a Rabat que cualquier violaci\u00f3n de \u00e9sta derivar\u00eda en una intervenci\u00f3n directa. Adem\u00e1s, la reforma constitucional de 2020 permite al ej\u00e9rcito argelino actuar fuera del pa\u00eds si se ven amenazados sus intereses, abriendo la posibilidad de una intervenci\u00f3n en el S\u00e1hara Occidental.<\/p>\n\n\n\n<p><em>&nbsp;&nbsp;&nbsp;&nbsp;&nbsp;&nbsp;&nbsp;&nbsp;&nbsp;&nbsp;&nbsp; <\/em><strong>Las represalias por el giro de discurso de Madrid no tardaron en llegar.<\/strong> Con el cambio de postura espa\u00f1ol, Argelia se quedaba sin un aliado s\u00f3lido en la causa pro-saharaui en la arena internacional. Entre las represalias, destac\u00f3 la suspensi\u00f3n del Tratado de Amistad, Buena Vecindad y Cooperaci\u00f3n firmado en 2003, as\u00ed como el cese de la colaboraci\u00f3n derivada del mismo en \u00e1mbitos clave como la cooperaci\u00f3n migratoria y las relaciones comerciales y tensiones acerca del flujo de gas que Argelia env\u00eda a Espa\u00f1a. La suspensi\u00f3n de la cooperaci\u00f3n en la lucha contra la migraci\u00f3n irregular ha derivado en una presi\u00f3n mayor sobre las costas espa\u00f1olas con un <strong>aumento de la inmigraci\u00f3n irregular que llega a las Islas Baleares<\/strong>: mientras que a nivel nacional las llegadas irregulares caen un 33%, las llegadas a las Islas ascienden un 79% en los \u00faltimos a\u00f1os. La delicada situaci\u00f3n de Argel ha provocado que la postura comercial adoptada tras 2022 se relaje, si bien las relaciones entre ambos a\u00fan no se han normalizado completamente.<\/p>\n\n\n\n<h4 class=\"wp-block-heading has-kubio-color-4-color has-text-color has-link-color wp-elements-675af35bf4d75ce5b77829925ad412e7\"><strong>Papel de Estados Unidos<\/strong><\/h4>\n\n\n\n<p>&nbsp;&nbsp;&nbsp;&nbsp;&nbsp;&nbsp;&nbsp;&nbsp;&nbsp;&nbsp;&nbsp; <strong>&nbsp;Estados Unidos trat\u00f3 de mantenerse neutral hasta la primera presidencia de Donald Trump,<\/strong> mediante una pol\u00edticabasada en apoyar el proceso de la ONU, sin reconocer ni la soberan\u00eda marroqu\u00ed ni a la RASD. Bajo el mandato de Obama, se reconoc\u00eda el control administrativo de Marruecos, pero no su soberan\u00eda, y durante los primeros a\u00f1os de Trump se destac\u00f3 el plan de autonom\u00eda marroqu\u00ed de 2007 como una opci\u00f3n seria y realista, hasta su apoyo oficial en 2020. Esta posici\u00f3n, centrada en una soluci\u00f3n negociada y en la estabilidad regional, continu\u00f3 de forma similar bajo la administraci\u00f3n Biden. Si bien, informes desclasificados de la CIA<strong> constatan las actividades encubiertas de Henry Kissinger <\/strong>\u2014pol\u00edtico y diplom\u00e1tico estadounidense entre 1969 y 1977\u2014 <strong>para ayudar a Marruecos en sus aspiraciones soberanistas sobre el territorio del S\u00e1hara<\/strong>. De hecho, se ha argumentado que la entrega de dicho territorio por parte del gobierno espa\u00f1ol derivaba de una presi\u00f3n sist\u00e9mica de intercambio de cartas, posiblemente siendo alguna o la combinaci\u00f3n de las siguientes:<\/p>\n\n\n\n<ul class=\"wp-block-list\">\n<li>Primero, la <strong>integraci\u00f3n<\/strong> de Espa\u00f1a a la <strong>OTAN y a la Uni\u00f3n Europea<\/strong>.<\/li>\n\n\n\n<li>Segundo, la posibilidad de que la entrega administrativa del S\u00e1hara Occidental hiciera las veces de moneda de cambio para con EE.UU., de manera que ese pa\u00eds convenciera a su siempre fiel aliado marroqu\u00ed de <strong>olvidar sus pretensiones sobre Ceuta y Melilla.<\/strong><\/li>\n\n\n\n<li>Tercero, la oportunidad de predicar con el ejemplo a Gran Breta\u00f1a, para que \u00e9sta, siguiendo los pasos de Espa\u00f1a hacia el S\u00e1hara Occidental<strong> entregara el pe\u00f1\u00f3n de Gibraltar a Madrid.<\/strong><\/li>\n\n\n\n<li>Cuarto, asegurar la continuaci\u00f3n de la corona yde<strong> Juan Carlos I como Rey de Espa\u00f1a<\/strong> a cambio de la entrega del territorio a Marruecos.<\/li>\n<\/ul>\n\n\n\n<p>&nbsp;&nbsp;&nbsp;&nbsp;&nbsp;&nbsp;&nbsp;&nbsp;&nbsp;&nbsp;&nbsp; De entre las razones de apoyo estrat\u00e9gico de Estados Unidos (y Francia) al rey Hassan II de Marruecos durante la Guerra Fr\u00eda, se debe a que el rey alau\u00ed era un firme anticomunista, aliado tradicional de la OTAN, y gobernaba un pa\u00eds ubicado estrat\u00e9gicamente en la entrada del Mediterr\u00e1neo. Permiti\u00f3 bases militares estadounidenses, el acceso de buques occidentales a sus puertos y busc\u00f3 moderar la hostilidad \u00e1rabe hacia Israel. Adem\u00e1s, tanto Washington como Par\u00eds entend\u00edan que <strong>la estabilidad de la corona marroqu\u00ed, tras las crisis internas de los a\u00f1os setenta, depend\u00eda en gran medida del \u00e9xito de su campa\u00f1a en el S\u00e1hara<\/strong>. Sin embargo, el apoyo estadounidense a Marruecos durante la gesti\u00f3n de Kissinger no fue una excepci\u00f3n. Tras la retirada de Espa\u00f1a, <strong>la resistencia del Frente Polisario a las fuerzas marroqu\u00edes y mauritanas fue m\u00e1s fuerte de lo esperado<\/strong>. A medida que el conflicto se intensificaba, el aumento significativo de la ayuda militar de EE. UU. en las presidencias de Carter y Reagan fue clave para que Marruecos lograra mantener su posici\u00f3n hasta el alto el fuego de 1991, que dej\u00f3 al pa\u00eds controlando la mayor parte del territorio del S\u00e1hara.<\/p>\n\n\n\n<p>&nbsp;&nbsp;&nbsp;&nbsp;&nbsp;&nbsp;&nbsp;&nbsp;&nbsp;&nbsp;&nbsp; Durante el gobierno de <strong>Obama<\/strong> se avivaron tensiones con Marruecos al proponer que<strong> la MINURSO incluyera un mecanismo de monitoreo de derechos humanos en el S\u00e1hara Occidental<\/strong>, lo que fue visto por Marruecos como una intromisi\u00f3n en su soberan\u00eda. Aunque EE.\u202fUU. retir\u00f3 la propuesta, Marruecos respondi\u00f3 cancelando en 2013 el ejercicio militar conjunto \u00ab<em>African Lion<\/em>\u00ab, en se\u00f1al de descontento.<\/p>\n\n\n\n<p>&nbsp;&nbsp;&nbsp;&nbsp;&nbsp;&nbsp;&nbsp;&nbsp;&nbsp;&nbsp;&nbsp; En 2020, poco antes de dejar Donald Trump el poder, <strong>en el contexto de los Acuerdos de Abraham, la administraci\u00f3n estadounidense modific\u00f3 su postura sobre el S\u00e1hara Occidental<\/strong>, us\u00e1ndolo como incentivo para lograr que Marruecos aceptara normalizar relaciones diplom\u00e1ticas con Israel. As\u00ed, el 4 de diciembre, Trump rompi\u00f3 con la pol\u00edtica tradicional estadounidense al <strong>reconocer oficialmente la soberan\u00eda de Marruecos sobre el S\u00e1hara Occidental<\/strong> y declarar que el plan de autonom\u00eda marroqu\u00ed era la \u00fanica soluci\u00f3n viable al conflicto: \u201c<em>NOW, THEREFORE, I, DONALD J. TRUMP, President of the United States of America (\u2026) proclaim that, the United States recognizes that the entire Western Sahara territory is part of the Kingdom of Morocco\u201d. <\/em>Esta decisi\u00f3n se vincul\u00f3 directamente al acuerdo de normalizaci\u00f3n de relaciones entre Marruecos e Israel, firmado el 22 de diciembre junto con EE.\u202fUU., como parte de los Acuerdos de Abraham. <strong>Jerusal\u00e9n<\/strong>, por su parte, <strong>reconoci\u00f3 la soberan\u00eda marroqu\u00ed sobre el territorio del S\u00e1hara Occidental<\/strong> en julio de 2023.<\/p>\n\n\n\n<p>&nbsp;&nbsp;&nbsp;&nbsp;&nbsp;&nbsp;&nbsp;&nbsp;&nbsp;&nbsp;&nbsp; <strong>La administraci\u00f3n Biden adopt\u00f3 una postura ambigua respecto al S\u00e1hara Occidental<\/strong>, ni revoc\u00f3 el reconocimiento de Trump a la soberan\u00eda marroqu\u00ed ni tampoco lo implement\u00f3 plenamente, manteniendo un lenguaje m\u00e1s neutral y sin avanzar en la apertura de un consulado en el territorio. En la actualidad, con <strong>Trump<\/strong> de vuelta en la Casa Blanca, se ha reiterado en numerosas ocasiones<strong> el apoyo a la marroquinidad del S\u00e1hara, <\/strong>y el gesto ha servido como <strong>incentivo para otros pa\u00edses<\/strong>.<\/p>\n\n\n\n<h4 class=\"wp-block-heading has-kubio-color-4-color has-text-color has-link-color wp-elements-3dc39c155254042ded1500eb1bc43ade\"><strong>Postura de Francia<\/strong><\/h4>\n\n\n\n<p>Par\u00eds ha demostrado ser un <strong>gran aliado del plan de Marruecos<\/strong> en el S\u00e1hara Occidental, desempe\u00f1ando un papel significativo desde el principio. Cuando el territorio se introdujo en la lista de TNA en 1963, el ejecutivo franc\u00e9s apoy\u00f3 entonces las reivindicaciones de Marruecos sobre \u00e9ste, ya que Rabat ofrec\u00eda la exploraci\u00f3n y explotaci\u00f3n del territorio en conjunto. <strong>En 2024 el presidente franc\u00e9s, Emmanuel Macron, oficializ\u00f3 el apoyo de Francia al plan de 2007,<\/strong> considerando que \u201c<em>el presente y el futuro del S\u00e1hara Occidental se inscriben en el marco de la soberan\u00eda marroqu\u00ed<\/em>\u201d. Tras ello, la postura de apoyo franc\u00e9s ha sido reafirmada en numerosas ocasiones, difundiendo hasta mapas de Marruecos que incluyen ya en sus fronteras el territorio del S\u00e1hara Occidental.<\/p>\n\n\n\n<p>&nbsp;&nbsp;&nbsp;&nbsp;&nbsp;&nbsp;&nbsp;&nbsp;&nbsp;&nbsp;&nbsp; <strong>Las oportunidades econ\u00f3micas han sido el motor para que Par\u00eds interviniera en el territorio.<\/strong> As\u00ed, las empresas francesas (y en muchas ocasiones junto con brit\u00e1nicas y estadounidense) desde el sector armament\u00edstico, comercial hasta el energ\u00e9tico han apoyado a Rabat en sus planes soberanistas a medida que se hac\u00edan hueco en las regiones del S\u00e1hara ya ocupadas por Marruecos. Las empresas francesas est\u00e1n tan volcadas en el S\u00e1hara hasta el punto de que, si \u00e9stas perdieran sus inversiones en el territorio, <strong>ocasionar\u00edan graves p\u00e9rdidas al Estado Franc\u00e9s<\/strong>.<\/p>\n\n\n\n<p>&nbsp;&nbsp;&nbsp;&nbsp;&nbsp;&nbsp;&nbsp;&nbsp;&nbsp;&nbsp;&nbsp; El papel de Francia es clave si se considera que tiene una <strong>silla en el CSNU con poder de veto.<\/strong> A lo largo de las negociaciones ocurridas en el siglo pasado, Francia no se mostr\u00f3 especialmente colaborativa, rechazando todos los planes Baker y proponiendo, junto a Washington y Londres, una \u201ctercera v\u00eda\u201d, dando soluci\u00f3n a la cuesti\u00f3n mediante un acuerdo pactado, sin contar con el Frente Polisario. Esta propuesta fracas\u00f3,<strong> rechazada tanto por Rusia como por China,<\/strong> profundizando el estancamiento del proceso diplom\u00e1tico. As\u00ed, el eje Par\u00eds-Rabat ofrece una<strong> protecci\u00f3n pol\u00edtica y diplom\u00e1tica<\/strong> que permite la presencia marroqu\u00ed en el S\u00e1hara Occidental, contando cada vez m\u00e1s <strong>con la complicidad de Estados Unidos<\/strong>. Recientemente, y en vista de la renovaci\u00f3n de la MINURSO, la hoja de ruta franco-marroqu\u00ed trata de enfocar sus esfuerzos en la actualizaci\u00f3n de la propuesta de 2007 para <strong>introducir<\/strong> <strong>referencias favorables <\/strong>para su aceptaci\u00f3n.<\/p>\n\n\n\n<h4 class=\"wp-block-heading has-kubio-color-4-color has-text-color has-link-color wp-elements-a5b01b8395541ae8e9c6025d99970cc7\"><strong>Papel de la Uni\u00f3n Europea<\/strong><\/h4>\n\n\n\n<p><strong>La UE no se ha posicionado expresamente sobre el caso del S\u00e1hara Occidental<\/strong>. Si bien no reconoce la soberan\u00eda marroqu\u00ed sobre el S\u00e1hara y apoya el proceso de paz de la ONU, Bruselas ha recibido numerosas <strong>cr\u00edticas de distintos sectores al firmar acuerdos con Marruecos que afectan directamente al S\u00e1hara sin contar con el consentimiento del pueblo saharaui.<\/strong> Por ejemplo, el abogado General Sr. Melchior Wathelet denunci\u00f3 la <strong>invalidez de dichos acuerdos al violar el principio de libre determinaci\u00f3n y la soberan\u00eda permanente sobre los recursos naturales del S\u00e1hara Occidental<\/strong>. Acus\u00f3 a la Uni\u00f3n de no haber respetado el derecho a la autodeterminaci\u00f3n saharaui ni las obligaciones derivadas del cumplimiento de las normas imperativas de D.I al as\u00ed establecerse en el art\u00edculo 3.5 del Tratado de la UE.<\/p>\n\n\n\n<p>De hecho, en 2016 el Tribunal de Justicia de la Uni\u00f3n (TJUE) emiti\u00f3 una sentencia&nbsp; relativa&nbsp; a&nbsp; la&nbsp; no&nbsp; aplicaci\u00f3n&nbsp; de&nbsp; los&nbsp; acuerdos&nbsp; comerciales&nbsp; entre Marruecos y la UE en el territorio del S\u00e1hara Occidental, confirmando, de este modo, que <strong>este territorio no forma parte de Marruecos<\/strong> y que, al no tener jurisdicci\u00f3n sobre este<strong>, los productos procedentes del S\u00e1hara no pod\u00edan entrar en los acuerdos comerciales entre Bruselas y Rabat.<\/strong> Independientemente de la resoluci\u00f3n, Bruselas continu\u00f3 con el acuerdo, aduciendo que contaba con un amplio apoyo en territorio saharaui, a pesar de que el propio Frente Polisario fue quien llev\u00f3 a la justicia el acuerdo.<\/p>\n\n\n\n<p>&nbsp;&nbsp;&nbsp;&nbsp;&nbsp;&nbsp;&nbsp;&nbsp;&nbsp;&nbsp;&nbsp; Pero no todo qued\u00f3 ah\u00ed. En 2018 (hasta en tres ocasiones diferentes) y en 2021, el TJUE volvi\u00f3 a emitir la misma postura, derivando en la sentencia final de 2024. Tras acumular los casos de C-778\/21 P, C-798\/21 P, C-779\/21 P y C-799\/21 P y bas\u00e1ndose en el dictamen del CIJ en 1975, el <strong>4 de octubre de 2024 confirm\u00f3 la nulidad<\/strong>, de nuevo, de \u201c<em>los Acuerdos comerciales UE-Marruecos\u2026 en materia de pesca y de productos agr\u00edcolas, a los que <strong>el pueblo del S\u00e1hara Occidental no prest\u00f3 su consentimiento, se celebraron vulnerando los principios de autodeterminaci\u00f3n<\/strong> y del efecto relativo de los tratado<\/em>\u201d. Con la nulidad el Tribunal busc\u00f3 desestimar los recursos presentados por el Consejo y la Comisi\u00f3n, que han sido acusadas de mantener los acuerdos con Marruecos en base a \u201cparches legales\u201d. Con todo esto, el TJUE mantiene asimismo cuatro afirmaciones:<\/p>\n\n\n\n<ul class=\"wp-block-list\">\n<li>El <strong>consentimiento<\/strong> debe obtenerse a trav\u00e9s de la representaci\u00f3n del pueblo del S\u00e1hara Occidental reconocida por la ONU, el <strong>Frente Polisario<\/strong>.<\/li>\n\n\n\n<li>Los <strong>productos provenientes del S\u00e1hara no podr\u00e1n etiquetarse como originarios de Marruecos<\/strong>.<\/li>\n\n\n\n<li>Siguiendo en esta l\u00ednea, el tribunal mantiene que la Comisi\u00f3n y el SEAE llevaron a cabo consultas, pero estas no se dirigieron al pueblo saharaui, sino a quienes residen en el territorio. <strong>Al estar gran parte del pueblo fuera de \u00e9l, no pueden considerarse una muestra v\u00e1lida de su consentimiento<\/strong>.<\/li>\n\n\n\n<li>Por \u00faltimo, seg\u00fan la doctrina, el <strong>consentimiento puede presumirse <\/strong>con dos condiciones estrictas: cuando el acuerdo no imponga obligaciones al pueblo tercero y le otorgue un <strong>beneficio claro, concreto y verificable derivado de la explotaci\u00f3n de sus recursos naturales<\/strong>, proporcional a la magnitud de dicha explotaci\u00f3n.<\/li>\n<\/ul>\n\n\n\n<p>El tribunal otorgaba una pr\u00f3rroga de 12 meses para realizar los cambios y adecuarse al D.I., plazo que finaliz\u00f3 a principios de octubre del 2025. As\u00ed, tomando como base de partida el \u00faltimo punto, la Comisi\u00f3n present\u00f3 un <strong>nuevo acuerdo<\/strong> <strong>provisional, negociado exclusivamente con Rabat<\/strong>. En vigor desde el 3 de octubre, se propone:<\/p>\n\n\n\n<ul class=\"wp-block-list\">\n<li><strong>Un etiquetado que indique el origen de los productos del S\u00e1hara <\/strong>expedidos por Marruecos \u2014\u201cregi\u00f3n de origen\u201d y no el tradicional \u201cpa\u00eds de origen\u201d\u2014, permitiendo que aquellos controlados por las autoridades aduaneras marroqu\u00edes gocen de las mismas ventajas comerciales que los productos del acuerdo con la UE.&nbsp;<\/li>\n\n\n\n<li>Se compromete a <strong>financiar proyectos<\/strong> en sectores clave de la regi\u00f3n \u2014controlada por Marruecos\u2014 en relaci\u00f3n con gesti\u00f3n de recursos h\u00eddricos, energ\u00eda o lucha contra la desertificaci\u00f3n, as\u00ed como a <strong>aumentar la ayuda humanitaria<\/strong> a los campamentos de refugiados saharauis en Tinduf.&nbsp;<\/li>\n<\/ul>\n\n\n\n<p>El acuerdo busca situarse en conformidad con la sentencia del TJUE, con el derecho de la UE y con el D.I., preservando al mismo tiempo las relaciones comerciales existentes y permitiendo as\u00ed que las importaciones de productos procedentes del S\u00e1hara Occidental contin\u00faen con los mismos tipos arancelarios preferenciales que los aplicables a Marruecos.&nbsp;<\/p>\n\n\n\n<p>&nbsp;&nbsp;&nbsp;&nbsp;&nbsp;&nbsp;&nbsp;&nbsp;&nbsp;&nbsp;&nbsp; Este acuerdo ha sido criticado r\u00e1pidamente por su<strong> falta de transparencia,<\/strong> as\u00ed como por las<strong> condiciones desleales al producto agr\u00edcola europeo. <\/strong>Entre las principales cr\u00edticas se encuentran el etiquetado confuso, la ocultaci\u00f3n y falta de participaci\u00f3n, la contradicci\u00f3n a las sentencias previas del TJUE, la consolidaci\u00f3n de la ocupaci\u00f3n marroqu\u00ed, y beneficio de la explotaci\u00f3n de recursos del S\u00e1hara.&nbsp;En especial, destaca el <strong>rechazo del Frente Polisario<\/strong>, <strong>\u00fanico actor que ha sido<\/strong> <strong>considerado por el Tribunal<\/strong> de Luxemburgo como \u201c<strong>legitimado<\/strong>\u201d para representar la opini\u00f3n del pueblo saharaui, y as\u00ed, dar su consentimiento. Por ello, la formaci\u00f3n saharaui recurrir\u00e1 el nuevo acuerdo UE-Marruecos ante el TJUE por violar la jurisprudencia europea.&nbsp;<\/p>\n\n\n\n<p>Pero el Frente Polisario no ha sido el \u00fanico en alzar la voz frente al Acuerdo. <strong>Desde el campo espa\u00f1ol, tambi\u00e9n se critica la nueva propuesta<\/strong> a contrarreloj de Bruselas, ya que los productos que proceden del Acuerdo llegan con costes laborales y medioambientales muy inferiores. Adem\u00e1s, con el solapamiento de calendarios, <strong>se perjudica enormemente la producci\u00f3n local<\/strong>. Uno de los ejemplos de la competencia desleal es la producci\u00f3n de tomate: En una d\u00e9cada, la producci\u00f3n espa\u00f1ola ha ca\u00eddo un 50% mientras que la de origen marroqu\u00ed se ha duplicado. A las quejas de los agricultores espa\u00f1oles se unen franceses, holandeses o portugueses, que ven como Bruselas sacrifica el producto europeo para mantener el acuerdo con Rabat.<\/p>\n\n\n\n<p>Independientemente, se puede argumentar asimismo que, debido a la pol\u00edtica la Pol\u00edtica de Vecindad de la Uni\u00f3n Europea y a la externalizaci\u00f3n de las fronteras, se ha generado una <strong>fuerte interdependencia entre las pol\u00edticas migratorias de Espa\u00f1a y los intereses de la UE<\/strong>, ya que la seguridad migratoria de una se apoya en las acciones de la otra. Si bien no existe evidencia de que desde Bruselas se ejerza presi\u00f3n, el cambio de postura del ejecutivo espa\u00f1ol apoyando el plan marroqu\u00ed para el S\u00e1hara obtuvo una recepci\u00f3n favorable en muchas de las capitales europeas que ya se hab\u00edan posicionado favorablemente en esta direcci\u00f3n. Al fin de cuentas, debido a su posici\u00f3n geogr\u00e1fica y a las medidas de la Uni\u00f3n, <strong>Marruecos juega un papel crucial como barrera migratoria<\/strong> y para preservar la estabilidad de los flujos migratorios que llegan a Europa.<\/p>\n\n\n\n<h4 class=\"wp-block-heading has-kubio-color-4-color has-text-color has-link-color wp-elements-38c29f2afebc2a6922cde5434878a99a\"><strong>Posici\u00f3n de China<\/strong><\/h4>\n\n\n\n<p>Las <strong>resoluciones de la Asamblea General de la ONU<\/strong> de los <strong>a\u00f1os 70<\/strong> fueron de las \u00fanicas votaciones de Pek\u00edn sobre la cuesti\u00f3n del S\u00e1hara Occidental en las que<strong> vot\u00f3 positivamente sobre el derecho a la autodeterminaci\u00f3n del pueblo saharaui<\/strong>. Cabe destacar que las declaraciones de presidentes chinos sobre otros TNA siguen esta l\u00ednea. <strong>Desde entonces<\/strong> y salvo en 1984 \u2014donde reiter\u00f3 el apoyo al S\u00e1hara\u2014, China ha adquirido una <strong>postura de no participaci\u00f3n<\/strong> a este respecto en la Asamblea, incluso en momentos clave como los Acuerdos Tripartitos o la Marcha Verde.<\/p>\n\n\n\n<p>En cuanto al <strong>Consejo de Seguridad<\/strong>, en el 2000, <strong>China apoy\u00f3<\/strong> la resoluci\u00f3n 1301 del 31 de mayo, sobre el <strong>mandato de la MINURSO<\/strong>, considerando importante su misi\u00f3n para terminar con las hostilidades y la adecuaci\u00f3n de las decisiones a la opini\u00f3n de la ONU. S\u00f3lo en una ocasi\u00f3n, en <strong>2018<\/strong>, tras la falta de consenso sobre la MINURSO, <strong>Pek\u00edn se abstuvo<\/strong> en una resoluci\u00f3n sobre la misi\u00f3n en el CSNU. Al abstenerse <strong>junto con Etiop\u00eda y Rusia, tildaron de \u201c<em>poco neutral y desequilibrada<\/em> <\/strong>[a favor de una de las partes]\u201d esta resoluci\u00f3n, al ser introducidos comentarios que t\u00edpicamente usa Marruecos: \u201c<em>la necesidad de avanzar hacia una soluci\u00f3n pol\u00edtica realista, viable y duradera para la cuesti\u00f3n del S\u00e1hara Occidental<\/em>\u201d. No obstante, <strong>Pek\u00edn no termina de condenar la ocupaci\u00f3n de Marruecos del S\u00e1hara Occidental<\/strong> y <strong>no hace referencia al respeto de los Derechos Humanos<\/strong> en el territorio \u2014para evitar alguna comparaci\u00f3n en territorios chinos o con respecto a su pol\u00edtica de no intervenci\u00f3n sobre los asuntos internos de otros pa\u00edses.<\/p>\n\n\n\n<p>En definitiva, China se mantiene en una <strong>neutralidad estrat\u00e9gica<\/strong>, balanceando sus intereses econ\u00f3micos y buenas relaciones con Argelia y Marruecos. <strong>Ambos son socios importantes en materia econ\u00f3mica<\/strong> y forman parte del <em>Belt and Road Initiative, <\/em>si bien recientemente parece estar <strong>profundizando m\u00e1s su alianza con Rabat<\/strong>.<\/p>\n\n\n\n<ul class=\"wp-block-list\">\n<li>Por un lado, se destacan las declaraciones conjuntas de Argel y Pek\u00edn en 2022 y 2023: \u201c<em>Las dos partes afirman su <strong>apoyo<\/strong> a los esfuerzos encaminados a alcanzar <strong>una soluci\u00f3n permanente y justa <\/strong><\/em><em>en el<strong> marco de la legalidad internacional<\/strong>, <strong>especialmente las resoluciones de las Naciones Unidas<\/strong>, de manera que se <strong>garantice la libre determinaci\u00f3n <\/strong>del S\u00e1hara en el contexto de arreglos consistentes con los<strong> principios y prop\u00f3sitos de la Carta <\/strong>de la ONU\u201d.<\/em><\/li>\n\n\n\n<li>Por otro lado, China, una vez m\u00e1s,<strong> no invit\u00f3 a la RASD al China-<em>Africa Forum<\/em><\/strong> (FOCAC, por sus siglas en ingl\u00e9s) pues s\u00f3lo Estados soberanos pueden participar. Y, recientemente, Pek\u00edn ha comentado la necesidad de una <strong>soluci\u00f3n \u201crealista\u201d,<\/strong> lenguaje usado por Marruecos y aquellos que respaldan su propuesta.<\/li>\n<\/ul>\n\n\n\n<h4 class=\"wp-block-heading has-kubio-color-4-color has-text-color has-link-color wp-elements-f9a2fb3492a0a96c5dffb221e780dee6\"><strong>Papel de Rusia<\/strong><\/h4>\n\n\n\n<p>La Federaci\u00f3n de <strong>Rusia<\/strong> ha mantenido tradicionalmente una <strong>posici\u00f3n de neutralidad cautelosa<\/strong> respecto a la situaci\u00f3n jur\u00eddica del S\u00e1hara Occidental, equilibrando as\u00ed sus relaciones tanto con su tradicionalaliado, Argelia, como con Marruecos. Como miembro permanente del CSNU, Rusia <strong>ha evitado respaldar expl\u00edcitamente a cualquier de las partes implicadas.<\/strong> As\u00ed como Marruecos, en su estrategia diplom\u00e1tica, opt\u00f3 por la neutralidad en el conflicto Rusia-Ucrania (2022), <strong>ganando as\u00ed las simpat\u00edas de Mosc\u00fa.<\/strong><\/p>\n\n\n\n<p>La neutralidad rusa se ha expresado especialmente por sus <strong>abstenciones en las votaciones<\/strong> anuales de las resoluciones que renovaban la <strong>MINURSO<\/strong>. Como para China, su principal argumento era que los <strong>textos presentados eran \u201c<em>desequilibrados<\/em>\u201d y \u201c<em>sesgados<\/em>\u201d<\/strong>, y <strong>reflejaban<\/strong> de alguna forma parcial <strong>las posiciones <\/strong>de <strong>una de las partes en conflicto.<\/strong> En particular, durante<strong> la adopci\u00f3n de la Resoluci\u00f3n 2602 (2021)<\/strong>, Rusia manifest\u00f3 su desacuerdo con el \u00e9nfasis otorgado al plan de autonom\u00eda propuesto por Marruecos, se\u00f1alando que tal enfoque podr\u00eda interpretarse como <strong>un intento de imponer una soluci\u00f3n unilateral<\/strong>. De esta manera, el Kremlin defendi\u00f3 la necesidad de mantener el <strong>principio de imparcialidad y respeto al marco de mediaci\u00f3n de la ONU<\/strong>.<\/p>\n\n\n\n<p>Por otro lado, el ministro de Asuntos Exteriores ruso, Sergu\u00e9i Lavrov, ha reiterado en m\u00faltiples ocasiones que la <strong>posici\u00f3n de Mosc\u00fa se basa en el respeto al principio de autodeterminaci\u00f3n de los pueblos<\/strong>, pero tambi\u00e9n en la <strong>integridad territorial de los Estados<\/strong>. Esta muestra de neutralidad tambi\u00e9n se ha manifestado en foros internacionales, como el Consejo de Derechos Humanos de la ONU, donde Mosc\u00fa ha evitado adoptar posturas que pudieran interpretarse como <strong>hostiles hacia Rabat o favorables al Frente Polisario<\/strong>. Del mismo modo, en declaraciones emitidas entre 2018 y 2019, durante las consultas mantenidas con el enviado personal del Secretario General de la ONU para el S\u00e1hara Occidental, Horst K\u00f6hler, Lavrov subray\u00f3 que cualquier <strong>soluci\u00f3n deb\u00eda surgir del di\u00e1logo pol\u00edtico y de un consenso entre las partes,<\/strong> <strong>rechazando cualquier tipo de imposici\u00f3n externa.<\/strong> En este sentido, la diplomacia rusa ha sostenido que la cuesti\u00f3n del S\u00e1hara Occidental debe resolverse \u201c<strong>de acuerdo con las resoluciones pertinentes del Consejo de Seguridad y en el marco de un proceso pol\u00edtico mutuamente aceptable<\/strong>\u201d. Sin embargo, es significativo que <strong>Mosc\u00fa no reconozca oficialmente a la RASD.<\/strong><\/p>\n\n\n\n<p>En s\u00edntesis, la posici\u00f3n de Rusia respecto al conflicto del S\u00e1hara Occidental ha estado guiada por una<strong> l\u00f3gica de neutralidad estrat\u00e9gica, <\/strong>sustentada en el respeto al derecho internacional, la preferencia por la mediaci\u00f3n multilateral y la protecci\u00f3n de sus propios intereses regionales. No obstante, los recientes gestos diplom\u00e1ticos y declaraciones de alto nivel \u2014como los realizados por Lavrov este octubre en favor del plan de autonom\u00eda marroqu\u00ed\u2014 parecen indicar un posible punto de inflexi\u00f3n en esta pol\u00edtica tradicional, orientando a<strong> Rusia hacia una mayor convergencia con la postura de Marruecos <\/strong>en el marco de las din\u00e1micas geopol\u00edticas contempor\u00e1neas.<\/p>\n\n\n\n<h4 class=\"wp-block-heading has-kubio-color-4-color has-text-color has-link-color wp-elements-1495e1608e13870ce26dc0d9fd5f084a\"><strong>\u00daltimos acontecimientos<\/strong><\/h4>\n\n\n\n<p><strong>&nbsp;&nbsp;&nbsp;&nbsp;&nbsp;&nbsp;&nbsp;&nbsp;&nbsp;&nbsp;&nbsp; <\/strong>Octubre vuelve a poner en el punto de mira al S\u00e1hara Occidental. El <strong>30 de este mes, <\/strong>se planea abordar en la<strong> votaci\u00f3n del CSNU prolongar<\/strong>, como cada a\u00f1o, <strong>la misi\u00f3n de la MINURSO.<\/strong> Con ello en mente y cumpli\u00e9ndose el 50 aniversario de la Marcha Verde, las potencias con derecho a veto y las partes implicadas se embarcaron en una diplomacia activa para poder desbloquear la cuesti\u00f3n lo m\u00e1s favorablemente a sus intereses.<\/p>\n\n\n\n<p>Por parte de <strong>Estados Unidos<\/strong>, el <strong>18 de octubre, <\/strong>la Casa Blanca sac\u00f3 a la luz un borrador de resoluci\u00f3n que mandar\u00eda a los miembros permanentes del CSNU en <strong>apoyo al plan de autonom\u00eda marroqu\u00ed como \u00fanica soluci\u00f3n al conflicto del S\u00e1hara Occidental.<\/strong> Este borrador incluye la renovaci\u00f3n del mandato de la MINURSO \u00fanicamente por tres meses, hasta <strong>enero de 2026<\/strong>, rompiendo con la periodicidad de renovaci\u00f3n anual de la misi\u00f3n y una posible \u201c<em>terminaci\u00f3n de la MINURSO<\/em>\u201d. Adem\u00e1s, posee expresiones como <strong>\u201cacoge con satisfacci\u00f3n el liderazgo del presidente Trump en la resoluci\u00f3n del conflicto\u201d,<\/strong> ajena al lenguaje de un texto de la ONU.<\/p>\n\n\n\n<p>D\u00edas despu\u00e9s, el <strong>20 de octubre,<\/strong> el enviado especial de Donald Trump para Oriente Medio, Steve Witkoff, dijo en una entrevista que EE. UU. trabaja en <strong>un acuerdo de paz entre Marruecos y Argelia que podr\u00eda concretarse en 60 d\u00edas<\/strong>; sin mencionar la cuesti\u00f3n del S\u00e1hara Occidental. Por \u00faltimo, las \u00faltimas declaraciones del d\u00eda <strong>22 de octubre<\/strong>, se\u00f1alan que Trump habr\u00eda emitido un<strong> ultim\u00e1tum a Argelia para que suspenda su apoyo al Frente Polisario<\/strong> y entre en di\u00e1logo directo con Marruecos, con el objetivo de estabilizar la regi\u00f3n del Magreb.<\/p>\n\n\n\n<p>Ante la reciente actividad estadounidense, el <strong>20 de octubre<\/strong>, el <strong>Frente Polisario<\/strong> present\u00f3 a la ONU una <strong>propuesta ampliada<\/strong> de su posici\u00f3n oficial de 2007 para resolver la cuesti\u00f3n del S\u00e1hara. Ello adolece a la Resoluci\u00f3n 2756 (2024) en la que se instaba a las partes a \u201c<em>ampliar sus posiciones<\/em>\u201d con la finalidad de&nbsp; desbloquear el proceso pol\u00edtico, adem\u00e1s de responder a la narrativa norteamericana y francesa. La ampliaci\u00f3n, \u201c<strong><em>de buena fe y sin condiciones previas<\/em><\/strong>\u201d, insta a \u201c<em>entablar <strong>negociaciones directas y serias<\/strong> con el Reino de Marruecos\u201d <\/em>para poder resolver \u201c<strong><em>urgentemente<\/em><\/strong>\u201d la cuesti\u00f3n del S\u00e1hara Occidental y \u201c<strong><em>alejarse de las soluciones basadas en el statu quo e impuestas unilateralmente<\/em><\/strong>\u201d. Asimismo, Ghali reiter\u00f3 la posici\u00f3n de su pueblo: \u201c<strong><em>la paz s\u00f3lo ser\u00e1 posible cuando el pueblo saharaui pueda decidir libremente su futuro\u201d.<\/em><\/strong><\/p>\n\n\n\n<p>&nbsp;&nbsp;&nbsp;&nbsp;&nbsp;&nbsp;&nbsp;&nbsp;&nbsp;&nbsp;&nbsp; En este contexto, la posici\u00f3n del resto de miembros del CSNU cobra especial relevancia. Por su parte, <strong>Reino Unido<\/strong> mostr\u00f3 su <strong>apoyo al plan marroqu\u00ed<\/strong> de 2007 el pasado mes de junio y <strong>todo apunta a que China continuar\u00e1 con su estrategia de neutralidad. <\/strong>&nbsp;Entonces, la postura de <strong>Mosc\u00fa<\/strong> puede ser <strong>determinante<\/strong>. Conscientes de ello, desde Rabat tratan de evitar el veto ruso:<\/p>\n\n\n\n<ul class=\"wp-block-list\">\n<li><strong>Acercamiento diplom\u00e1tico entre Rusia y Marruecos<\/strong>: celebraci\u00f3n de la 8\u00ba Comisi\u00f3n Mixta Intergubernamental en Mosc\u00fa el 16 de octubre, donde se<strong> profundiz\u00f3 la asociaci\u00f3n estrat\u00e9gica<\/strong> entre ambos pa\u00edses y se firm\u00f3 la renovaci\u00f3n del acuerdo de pesca mar\u00edtima entre Rusia y Marruecos \u2014expirado en 2024\u2014.<\/li>\n\n\n\n<li>En el marco de la reciente visita de alto nivel a Mosc\u00fa del ministro de asuntos exteriores marroqu\u00ed, Nasser Bourita, Lavrov <strong>declar\u00f3 que la propuesta de autonom\u00eda marroqu\u00ed podr\u00eda ser una soluci\u00f3n exitosa <\/strong>para el fin del conflicto, <strong>siempre que cumpla con el derecho internacional bajo la direcci\u00f3n de las ONU y tenga la aprobaci\u00f3n de todas las partes.<\/strong> Justifica el cambio de postura por considerar que \u201c<em>la realidad sobre el terreno ha cambiado<\/em>\u201d desde los a\u00f1os 80, y que el plan marroqu\u00ed es ahora una <strong>\u201copci\u00f3n realista<\/strong> para cerrar definitivamente el asunto\u201d.<\/li>\n<\/ul>\n\n\n\n<h4 class=\"wp-block-heading has-kubio-color-4-color has-text-color has-link-color wp-elements-02f42559bc3a82b6ac63473aabf0f9cc\"><strong>Conclusiones<\/strong><\/h4>\n\n\n\n<p>A modo de conclusi\u00f3n, a pesar de cumplir 50 a\u00f1os desde la retirada de los espa\u00f1oles del territorio, <strong>el S\u00e1hara Occidental sigue teniendo gran relevancia para los intereses espa\u00f1oles<\/strong>. Contin\u00faa como foco de tensi\u00f3n regional, afectando de forma directa a las relaciones bilaterales de Madrid con multiplicidad de actores, as\u00ed como ha influido directamente sobre los flujos migratorios que llegan a las costas espa\u00f1olas.<\/p>\n\n\n\n<p>La complejidad de la resoluci\u00f3n deriva de su descolonizaci\u00f3n inconclusa, pues <em>de iure,<\/em> <strong>Espa\u00f1a sigue siendo la potencia administradora del territorio<\/strong>, hecho que, seg\u00fan la legislaci\u00f3n internacional, no puede obviar ni traspasar de forma unilateral. As\u00ed, <strong>la ONU ha instado a Madrid en numerosas ocasiones<\/strong> a ejercer sus responsabilidades para con el pueblo saharaui de acuerdo con las resoluciones ya emitidas y el derecho internacional.<\/p>\n\n\n\n<p>Si bien los recursos naturales son de lo m\u00e1s atractivo para Marruecos y para las dem\u00e1s potencias mundiales que buscan su porci\u00f3n del pastel, <strong>la importancia del territorio trasciende el plano econ\u00f3mico, <\/strong>ya que para Rabat<strong> es una cuesti\u00f3n de legitimidad del r\u00e9gimen como garante de la unidad territorial y de proyecci\u00f3n de poder.<\/strong> Del mismo modo ocurre en Argelia, principal rival de Marruecos en la regi\u00f3n, convirtiendo la cuesti\u00f3n del S\u00e1hara en un <strong>asunto de seguridad<\/strong>.<\/p>\n\n\n\n<p>La cuesti\u00f3n del S\u00e1hara, asimismo, se podr\u00eda decir que se ha convertido en una <strong>herramienta de presi\u00f3n pol\u00edtica<\/strong>, con ejemplos como la crisis de Ceuta o las recientes advertencias al partido de la oposici\u00f3n. Se mostr\u00f3, de este modo, <strong>c\u00f3mo las relaciones bilaterales y los flujos migratorios fueron afectados por movimientos con respecto a la cuesti\u00f3n del S\u00e1hara<\/strong>, afectando directamente a la posici\u00f3n hist\u00f3rica de Espa\u00f1a, la seguridad fronteriza, la estabilidad regional y la relaci\u00f3n de Espa\u00f1a y de la Uni\u00f3n Europea con Marruecos, as\u00ed como con Argelia.<\/p>\n\n\n\n<p><strong>La Uni\u00f3n Europea contin\u00faa el pulso contra su propia legalidad<\/strong>, al presentar una nueva propuesta que contradice la jurisprudencia europea e internacional. El nuevo acuerdo pone en pie de guerra tanto a los agricultores europeos como al Frente Polisario.<\/p>\n\n\n\n<p>No se puede olvidar hacer menci\u00f3n del <strong>gran impacto humanitario<\/strong> que ha derivado del conflicto, ya varias generaciones de saharauis crecen y viven en los campos de refugiados en Argelia, del mismo modo que la reactivaci\u00f3n del conflicto armado aumenta el sufrimiento humano entre la poblaci\u00f3n. Asimismo, <strong>la di\u00e1spora se enfrenta a un limbo legal <\/strong>en el que miles de personas son actualmente ap\u00e1tridas, profundizando la vulnerabilidad del pueblo saharaui e impulsando un debate sobre la responsabilidad hist\u00f3rica y moral de Espa\u00f1a.<\/p>\n\n\n\n<p>En vista a la <strong>votaci\u00f3n sobre la MINURSO<\/strong> del d\u00eda <strong>30 de octubre<\/strong>, si bien tanto China como Rusia han mantenido tradicionalmente una neutralidad estrat\u00e9gica, la postura de Mosc\u00fa, esta vez, no est\u00e1 tan clara. La <strong>abstenci\u00f3n rusa ser\u00eda suficiente <\/strong>\u2013sin mediaci\u00f3n del veto chino\u2013 para<strong> sacar adelante una resoluci\u00f3n favorable a Marruecos.<\/strong> Por ello, la expectaci\u00f3n es m\u00e1xima, en un contexto internacional marcado por la rivalidad y negociaciones entre Putin y Trump en torno a la guerra de Ucrania.<\/p>\n\n\n\n<p>&nbsp;&nbsp;&nbsp;&nbsp;&nbsp;&nbsp;&nbsp;&nbsp;&nbsp;&nbsp;&nbsp; En definitiva, <strong>la cuesti\u00f3n del S\u00e1hara Occidental seguir\u00e1 representando un punto de fricci\u00f3n en las relaciones de Espa\u00f1a con Marruecos y con Argelia<\/strong>. La fr\u00e1gil salud del rey Mohamed VI y la cuesti\u00f3n de la sucesi\u00f3n al trono podr\u00eda alterar la pol\u00edtica marroqu\u00ed hacia el S\u00e1hara Occidental en los pr\u00f3ximos a\u00f1os. Espa\u00f1a, por su parte, a\u00fan <strong>posee responsabilidad hist\u00f3rica, moral y jur\u00eddica marcada por el derecho internacional, pendiente de finalizaci\u00f3n<\/strong>.<\/p>\n\n\n\n<h4 class=\"wp-block-heading has-kubio-color-4-color has-text-color has-link-color wp-elements-b29e31952422527bfed94dc1adbba157\"><strong>ANEXOS<\/strong><\/h4>\n\n\n\n<figure class=\"wp-block-image size-full\"><img loading=\"lazy\" decoding=\"async\" width=\"946\" height=\"573\" src=\"https:\/\/www.inteligenia.info\/wp-content\/uploads\/2025\/10\/image-2.png\" alt=\"\" class=\"wp-image-1240\" srcset=\"https:\/\/www.inteligenia.info\/wp-content\/uploads\/2025\/10\/image-2.png 946w, https:\/\/www.inteligenia.info\/wp-content\/uploads\/2025\/10\/image-2-300x182.png 300w, https:\/\/www.inteligenia.info\/wp-content\/uploads\/2025\/10\/image-2-768x465.png 768w\" sizes=\"(max-width: 946px) 100vw, 946px\" \/><\/figure>\n\n\n\n<p class=\"has-text-align-center\">Ilustraci\u00f3n 2: L\u00ednea temporal desde 1880 hasta 2025 de los eventos m\u00e1s destacados de la cuesti\u00f3n del S\u00e1hara Occidental. Fuente: elaboraci\u00f3n propia.<\/p>\n\n\n\n<p><\/p>\n\n\n\n<div data-wp-interactive=\"core\/file\" class=\"wp-block-file\"><object data-wp-bind--hidden=\"!state.hasPdfPreview\" hidden class=\"wp-block-file__embed\" data=\"https:\/\/www.inteligenia.info\/wp-content\/uploads\/2025\/10\/251023-Sahara-Occidental-relaciones-diplomaticas-y-seguridad-regional.pdf\" type=\"application\/pdf\" style=\"width:100%;height:600px\" aria-label=\"Incrustado de 251023 - S\u00e1hara Occidental, relaciones diplom\u00e1ticas y seguridad regional.\"><\/object><a id=\"wp-block-file--media-f29b20ce-79d2-4f80-ac60-e073610bea8b\" href=\"https:\/\/www.inteligenia.info\/wp-content\/uploads\/2025\/10\/251023-Sahara-Occidental-relaciones-diplomaticas-y-seguridad-regional.pdf\" target=\"_blank\" rel=\"noreferrer noopener\">251023 &#8211; S\u00e1hara Occidental, relaciones diplom\u00e1ticas y seguridad regional<\/a><a href=\"https:\/\/www.inteligenia.info\/wp-content\/uploads\/2025\/10\/251023-Sahara-Occidental-relaciones-diplomaticas-y-seguridad-regional.pdf\" class=\"wp-block-file__button wp-element-button\" download aria-describedby=\"wp-block-file--media-f29b20ce-79d2-4f80-ac60-e073610bea8b\">Descarga<\/a><\/div>\n","protected":false},"excerpt":{"rendered":"<p>23 de Octubre de 2025 Elaborado por la Unidad de Inteligencia en Pr\u00e1cticas &#8211; Inteligenia&nbsp; PROP\u00d3SITO: Analizar la cuesti\u00f3n del S\u00e1hara Occidental con el fin de determinar c\u00f3mo las decisiones tomadas al respecto afectan a Espa\u00f1a e influyen en la seguridad regional y en los equilibrios diplom\u00e1ticos internacionales. La cuesti\u00f3n del S\u00e1hara Occidental es uno [&hellip;]<\/p>\n","protected":false},"author":1,"featured_media":1242,"comment_status":"open","ping_status":"open","sticky":false,"template":"","format":"standard","meta":{"saved_in_kubio":false,"footnotes":""},"categories":[13,17,15],"tags":[],"class_list":["post-1238","post","type-post","status-publish","format-standard","has-post-thumbnail","hentry","category-articulos","category-geopolitica-y-geoestrategia","category-seguridad-y-defensa"],"yoast_head":"<!-- This site is optimized with the Yoast SEO plugin v27.0 - https:\/\/yoast.com\/product\/yoast-seo-wordpress\/ -->\n<title>S\u00c1HARA OCCIDENTAL - RELACIONES DIPLOM\u00c1TICAS Y SEGURIDAD REGIONAL - Inteligenia<\/title>\n<meta name=\"robots\" content=\"index, follow, max-snippet:-1, max-image-preview:large, max-video-preview:-1\" \/>\n<link rel=\"canonical\" href=\"https:\/\/www.inteligenia.info\/home\/sahara-occidental-relaciones-diplomaticas-y-seguridad-regional\/\" \/>\n<meta property=\"og:locale\" content=\"es_ES\" \/>\n<meta property=\"og:type\" content=\"article\" \/>\n<meta property=\"og:title\" content=\"S\u00c1HARA OCCIDENTAL - RELACIONES DIPLOM\u00c1TICAS Y SEGURIDAD REGIONAL - Inteligenia\" \/>\n<meta property=\"og:description\" content=\"23 de Octubre de 2025 Elaborado por la Unidad de Inteligencia en Pr\u00e1cticas &#8211; Inteligenia&nbsp; PROP\u00d3SITO: Analizar la cuesti\u00f3n del S\u00e1hara Occidental con el fin de determinar c\u00f3mo las decisiones tomadas al respecto afectan a Espa\u00f1a e influyen en la seguridad regional y en los equilibrios diplom\u00e1ticos internacionales. La cuesti\u00f3n del S\u00e1hara Occidental es uno [&hellip;]\" \/>\n<meta property=\"og:url\" content=\"https:\/\/www.inteligenia.info\/home\/sahara-occidental-relaciones-diplomaticas-y-seguridad-regional\/\" \/>\n<meta property=\"og:site_name\" content=\"Inteligenia\" \/>\n<meta property=\"article:published_time\" content=\"2025-10-23T13:06:40+00:00\" \/>\n<meta property=\"article:modified_time\" content=\"2025-10-23T14:04:10+00:00\" \/>\n<meta property=\"og:image\" content=\"https:\/\/www.inteligenia.info\/wp-content\/uploads\/2025\/10\/Captura-de-pantalla-2025-10-23-145754.png\" \/>\n\t<meta property=\"og:image:width\" content=\"791\" \/>\n\t<meta property=\"og:image:height\" content=\"519\" \/>\n\t<meta property=\"og:image:type\" content=\"image\/png\" \/>\n<meta name=\"author\" content=\"admin\" \/>\n<meta name=\"twitter:card\" content=\"summary_large_image\" \/>\n<meta name=\"twitter:creator\" content=\"@INTELIGENIA_\" \/>\n<meta name=\"twitter:site\" content=\"@INTELIGENIA_\" \/>\n<meta name=\"twitter:label1\" content=\"Escrito por\" \/>\n\t<meta name=\"twitter:data1\" content=\"admin\" \/>\n\t<meta name=\"twitter:label2\" content=\"Tiempo de lectura\" \/>\n\t<meta name=\"twitter:data2\" content=\"48 minutos\" \/>\n<script type=\"application\/ld+json\" class=\"yoast-schema-graph\">{\"@context\":\"https:\/\/schema.org\",\"@graph\":[{\"@type\":\"Article\",\"@id\":\"https:\/\/www.inteligenia.info\/home\/sahara-occidental-relaciones-diplomaticas-y-seguridad-regional\/#article\",\"isPartOf\":{\"@id\":\"https:\/\/www.inteligenia.info\/home\/sahara-occidental-relaciones-diplomaticas-y-seguridad-regional\/\"},\"author\":{\"name\":\"admin\",\"@id\":\"https:\/\/www.inteligenia.info\/home\/#\/schema\/person\/1bf90ee63c207f611a224f9c17dbf031\"},\"headline\":\"S\u00c1HARA OCCIDENTAL &#8211; RELACIONES DIPLOM\u00c1TICAS Y SEGURIDAD REGIONAL\",\"datePublished\":\"2025-10-23T13:06:40+00:00\",\"dateModified\":\"2025-10-23T14:04:10+00:00\",\"mainEntityOfPage\":{\"@id\":\"https:\/\/www.inteligenia.info\/home\/sahara-occidental-relaciones-diplomaticas-y-seguridad-regional\/\"},\"wordCount\":11762,\"commentCount\":0,\"publisher\":{\"@id\":\"https:\/\/www.inteligenia.info\/home\/#organization\"},\"image\":{\"@id\":\"https:\/\/www.inteligenia.info\/home\/sahara-occidental-relaciones-diplomaticas-y-seguridad-regional\/#primaryimage\"},\"thumbnailUrl\":\"https:\/\/www.inteligenia.info\/wp-content\/uploads\/2025\/10\/Captura-de-pantalla-2025-10-23-145754.png\",\"articleSection\":[\"Art\u00edculos\",\"Geopolitica y Geoestrategia\",\"Seguridad y Defensa\"],\"inLanguage\":\"es\",\"potentialAction\":[{\"@type\":\"CommentAction\",\"name\":\"Comment\",\"target\":[\"https:\/\/www.inteligenia.info\/home\/sahara-occidental-relaciones-diplomaticas-y-seguridad-regional\/#respond\"]}]},{\"@type\":\"WebPage\",\"@id\":\"https:\/\/www.inteligenia.info\/home\/sahara-occidental-relaciones-diplomaticas-y-seguridad-regional\/\",\"url\":\"https:\/\/www.inteligenia.info\/home\/sahara-occidental-relaciones-diplomaticas-y-seguridad-regional\/\",\"name\":\"S\u00c1HARA OCCIDENTAL - RELACIONES DIPLOM\u00c1TICAS Y SEGURIDAD REGIONAL - Inteligenia\",\"isPartOf\":{\"@id\":\"https:\/\/www.inteligenia.info\/home\/#website\"},\"primaryImageOfPage\":{\"@id\":\"https:\/\/www.inteligenia.info\/home\/sahara-occidental-relaciones-diplomaticas-y-seguridad-regional\/#primaryimage\"},\"image\":{\"@id\":\"https:\/\/www.inteligenia.info\/home\/sahara-occidental-relaciones-diplomaticas-y-seguridad-regional\/#primaryimage\"},\"thumbnailUrl\":\"https:\/\/www.inteligenia.info\/wp-content\/uploads\/2025\/10\/Captura-de-pantalla-2025-10-23-145754.png\",\"datePublished\":\"2025-10-23T13:06:40+00:00\",\"dateModified\":\"2025-10-23T14:04:10+00:00\",\"breadcrumb\":{\"@id\":\"https:\/\/www.inteligenia.info\/home\/sahara-occidental-relaciones-diplomaticas-y-seguridad-regional\/#breadcrumb\"},\"inLanguage\":\"es\",\"potentialAction\":[{\"@type\":\"ReadAction\",\"target\":[\"https:\/\/www.inteligenia.info\/home\/sahara-occidental-relaciones-diplomaticas-y-seguridad-regional\/\"]}]},{\"@type\":\"ImageObject\",\"inLanguage\":\"es\",\"@id\":\"https:\/\/www.inteligenia.info\/home\/sahara-occidental-relaciones-diplomaticas-y-seguridad-regional\/#primaryimage\",\"url\":\"https:\/\/www.inteligenia.info\/wp-content\/uploads\/2025\/10\/Captura-de-pantalla-2025-10-23-145754.png\",\"contentUrl\":\"https:\/\/www.inteligenia.info\/wp-content\/uploads\/2025\/10\/Captura-de-pantalla-2025-10-23-145754.png\",\"width\":791,\"height\":519},{\"@type\":\"BreadcrumbList\",\"@id\":\"https:\/\/www.inteligenia.info\/home\/sahara-occidental-relaciones-diplomaticas-y-seguridad-regional\/#breadcrumb\",\"itemListElement\":[{\"@type\":\"ListItem\",\"position\":1,\"name\":\"Portada\",\"item\":\"https:\/\/www.inteligenia.info\/home\/\"},{\"@type\":\"ListItem\",\"position\":2,\"name\":\"S\u00c1HARA OCCIDENTAL &#8211; RELACIONES DIPLOM\u00c1TICAS Y SEGURIDAD REGIONAL\"}]},{\"@type\":\"WebSite\",\"@id\":\"https:\/\/www.inteligenia.info\/home\/#website\",\"url\":\"https:\/\/www.inteligenia.info\/home\/\",\"name\":\"Inteligenia\",\"description\":\"\",\"publisher\":{\"@id\":\"https:\/\/www.inteligenia.info\/home\/#organization\"},\"potentialAction\":[{\"@type\":\"SearchAction\",\"target\":{\"@type\":\"EntryPoint\",\"urlTemplate\":\"https:\/\/www.inteligenia.info\/home\/?s={search_term_string}\"},\"query-input\":{\"@type\":\"PropertyValueSpecification\",\"valueRequired\":true,\"valueName\":\"search_term_string\"}}],\"inLanguage\":\"es\"},{\"@type\":\"Organization\",\"@id\":\"https:\/\/www.inteligenia.info\/home\/#organization\",\"name\":\"Inteligenia\",\"url\":\"https:\/\/www.inteligenia.info\/home\/\",\"logo\":{\"@type\":\"ImageObject\",\"inLanguage\":\"es\",\"@id\":\"https:\/\/www.inteligenia.info\/home\/#\/schema\/logo\/image\/\",\"url\":\"https:\/\/www.inteligenia.info\/wp-content\/uploads\/2024\/06\/transparent_logo-1-e1718047668142.png\",\"contentUrl\":\"https:\/\/www.inteligenia.info\/wp-content\/uploads\/2024\/06\/transparent_logo-1-e1718047668142.png\",\"width\":674,\"height\":141,\"caption\":\"Inteligenia\"},\"image\":{\"@id\":\"https:\/\/www.inteligenia.info\/home\/#\/schema\/logo\/image\/\"},\"sameAs\":[\"https:\/\/x.com\/INTELIGENIA_\",\"https:\/\/www.linkedin.com\/company\/inteligenia\/?viewAsMember=true\"]},{\"@type\":\"Person\",\"@id\":\"https:\/\/www.inteligenia.info\/home\/#\/schema\/person\/1bf90ee63c207f611a224f9c17dbf031\",\"name\":\"admin\",\"image\":{\"@type\":\"ImageObject\",\"inLanguage\":\"es\",\"@id\":\"https:\/\/www.inteligenia.info\/home\/#\/schema\/person\/image\/\",\"url\":\"https:\/\/secure.gravatar.com\/avatar\/ed712be762908ac190eb3beb8cf9efb0dc9c425bd7b69d40ba8746efca2909c6?s=96&d=mm&r=g\",\"contentUrl\":\"https:\/\/secure.gravatar.com\/avatar\/ed712be762908ac190eb3beb8cf9efb0dc9c425bd7b69d40ba8746efca2909c6?s=96&d=mm&r=g\",\"caption\":\"admin\"},\"sameAs\":[\"http:\/\/www.inteligenia.info\"],\"url\":\"https:\/\/www.inteligenia.info\/home\/author\/admin\/\"}]}<\/script>\n<!-- \/ Yoast SEO plugin. -->","yoast_head_json":{"title":"S\u00c1HARA OCCIDENTAL - RELACIONES DIPLOM\u00c1TICAS Y SEGURIDAD REGIONAL - Inteligenia","robots":{"index":"index","follow":"follow","max-snippet":"max-snippet:-1","max-image-preview":"max-image-preview:large","max-video-preview":"max-video-preview:-1"},"canonical":"https:\/\/www.inteligenia.info\/home\/sahara-occidental-relaciones-diplomaticas-y-seguridad-regional\/","og_locale":"es_ES","og_type":"article","og_title":"S\u00c1HARA OCCIDENTAL - RELACIONES DIPLOM\u00c1TICAS Y SEGURIDAD REGIONAL - Inteligenia","og_description":"23 de Octubre de 2025 Elaborado por la Unidad de Inteligencia en Pr\u00e1cticas &#8211; Inteligenia&nbsp; PROP\u00d3SITO: Analizar la cuesti\u00f3n del S\u00e1hara Occidental con el fin de determinar c\u00f3mo las decisiones tomadas al respecto afectan a Espa\u00f1a e influyen en la seguridad regional y en los equilibrios diplom\u00e1ticos internacionales. La cuesti\u00f3n del S\u00e1hara Occidental es uno [&hellip;]","og_url":"https:\/\/www.inteligenia.info\/home\/sahara-occidental-relaciones-diplomaticas-y-seguridad-regional\/","og_site_name":"Inteligenia","article_published_time":"2025-10-23T13:06:40+00:00","article_modified_time":"2025-10-23T14:04:10+00:00","og_image":[{"width":791,"height":519,"url":"https:\/\/www.inteligenia.info\/wp-content\/uploads\/2025\/10\/Captura-de-pantalla-2025-10-23-145754.png","type":"image\/png"}],"author":"admin","twitter_card":"summary_large_image","twitter_creator":"@INTELIGENIA_","twitter_site":"@INTELIGENIA_","twitter_misc":{"Escrito por":"admin","Tiempo de lectura":"48 minutos"},"schema":{"@context":"https:\/\/schema.org","@graph":[{"@type":"Article","@id":"https:\/\/www.inteligenia.info\/home\/sahara-occidental-relaciones-diplomaticas-y-seguridad-regional\/#article","isPartOf":{"@id":"https:\/\/www.inteligenia.info\/home\/sahara-occidental-relaciones-diplomaticas-y-seguridad-regional\/"},"author":{"name":"admin","@id":"https:\/\/www.inteligenia.info\/home\/#\/schema\/person\/1bf90ee63c207f611a224f9c17dbf031"},"headline":"S\u00c1HARA OCCIDENTAL &#8211; RELACIONES DIPLOM\u00c1TICAS Y SEGURIDAD REGIONAL","datePublished":"2025-10-23T13:06:40+00:00","dateModified":"2025-10-23T14:04:10+00:00","mainEntityOfPage":{"@id":"https:\/\/www.inteligenia.info\/home\/sahara-occidental-relaciones-diplomaticas-y-seguridad-regional\/"},"wordCount":11762,"commentCount":0,"publisher":{"@id":"https:\/\/www.inteligenia.info\/home\/#organization"},"image":{"@id":"https:\/\/www.inteligenia.info\/home\/sahara-occidental-relaciones-diplomaticas-y-seguridad-regional\/#primaryimage"},"thumbnailUrl":"https:\/\/www.inteligenia.info\/wp-content\/uploads\/2025\/10\/Captura-de-pantalla-2025-10-23-145754.png","articleSection":["Art\u00edculos","Geopolitica y Geoestrategia","Seguridad y Defensa"],"inLanguage":"es","potentialAction":[{"@type":"CommentAction","name":"Comment","target":["https:\/\/www.inteligenia.info\/home\/sahara-occidental-relaciones-diplomaticas-y-seguridad-regional\/#respond"]}]},{"@type":"WebPage","@id":"https:\/\/www.inteligenia.info\/home\/sahara-occidental-relaciones-diplomaticas-y-seguridad-regional\/","url":"https:\/\/www.inteligenia.info\/home\/sahara-occidental-relaciones-diplomaticas-y-seguridad-regional\/","name":"S\u00c1HARA OCCIDENTAL - RELACIONES DIPLOM\u00c1TICAS Y SEGURIDAD REGIONAL - Inteligenia","isPartOf":{"@id":"https:\/\/www.inteligenia.info\/home\/#website"},"primaryImageOfPage":{"@id":"https:\/\/www.inteligenia.info\/home\/sahara-occidental-relaciones-diplomaticas-y-seguridad-regional\/#primaryimage"},"image":{"@id":"https:\/\/www.inteligenia.info\/home\/sahara-occidental-relaciones-diplomaticas-y-seguridad-regional\/#primaryimage"},"thumbnailUrl":"https:\/\/www.inteligenia.info\/wp-content\/uploads\/2025\/10\/Captura-de-pantalla-2025-10-23-145754.png","datePublished":"2025-10-23T13:06:40+00:00","dateModified":"2025-10-23T14:04:10+00:00","breadcrumb":{"@id":"https:\/\/www.inteligenia.info\/home\/sahara-occidental-relaciones-diplomaticas-y-seguridad-regional\/#breadcrumb"},"inLanguage":"es","potentialAction":[{"@type":"ReadAction","target":["https:\/\/www.inteligenia.info\/home\/sahara-occidental-relaciones-diplomaticas-y-seguridad-regional\/"]}]},{"@type":"ImageObject","inLanguage":"es","@id":"https:\/\/www.inteligenia.info\/home\/sahara-occidental-relaciones-diplomaticas-y-seguridad-regional\/#primaryimage","url":"https:\/\/www.inteligenia.info\/wp-content\/uploads\/2025\/10\/Captura-de-pantalla-2025-10-23-145754.png","contentUrl":"https:\/\/www.inteligenia.info\/wp-content\/uploads\/2025\/10\/Captura-de-pantalla-2025-10-23-145754.png","width":791,"height":519},{"@type":"BreadcrumbList","@id":"https:\/\/www.inteligenia.info\/home\/sahara-occidental-relaciones-diplomaticas-y-seguridad-regional\/#breadcrumb","itemListElement":[{"@type":"ListItem","position":1,"name":"Portada","item":"https:\/\/www.inteligenia.info\/home\/"},{"@type":"ListItem","position":2,"name":"S\u00c1HARA OCCIDENTAL &#8211; RELACIONES DIPLOM\u00c1TICAS Y SEGURIDAD REGIONAL"}]},{"@type":"WebSite","@id":"https:\/\/www.inteligenia.info\/home\/#website","url":"https:\/\/www.inteligenia.info\/home\/","name":"Inteligenia","description":"","publisher":{"@id":"https:\/\/www.inteligenia.info\/home\/#organization"},"potentialAction":[{"@type":"SearchAction","target":{"@type":"EntryPoint","urlTemplate":"https:\/\/www.inteligenia.info\/home\/?s={search_term_string}"},"query-input":{"@type":"PropertyValueSpecification","valueRequired":true,"valueName":"search_term_string"}}],"inLanguage":"es"},{"@type":"Organization","@id":"https:\/\/www.inteligenia.info\/home\/#organization","name":"Inteligenia","url":"https:\/\/www.inteligenia.info\/home\/","logo":{"@type":"ImageObject","inLanguage":"es","@id":"https:\/\/www.inteligenia.info\/home\/#\/schema\/logo\/image\/","url":"https:\/\/www.inteligenia.info\/wp-content\/uploads\/2024\/06\/transparent_logo-1-e1718047668142.png","contentUrl":"https:\/\/www.inteligenia.info\/wp-content\/uploads\/2024\/06\/transparent_logo-1-e1718047668142.png","width":674,"height":141,"caption":"Inteligenia"},"image":{"@id":"https:\/\/www.inteligenia.info\/home\/#\/schema\/logo\/image\/"},"sameAs":["https:\/\/x.com\/INTELIGENIA_","https:\/\/www.linkedin.com\/company\/inteligenia\/?viewAsMember=true"]},{"@type":"Person","@id":"https:\/\/www.inteligenia.info\/home\/#\/schema\/person\/1bf90ee63c207f611a224f9c17dbf031","name":"admin","image":{"@type":"ImageObject","inLanguage":"es","@id":"https:\/\/www.inteligenia.info\/home\/#\/schema\/person\/image\/","url":"https:\/\/secure.gravatar.com\/avatar\/ed712be762908ac190eb3beb8cf9efb0dc9c425bd7b69d40ba8746efca2909c6?s=96&d=mm&r=g","contentUrl":"https:\/\/secure.gravatar.com\/avatar\/ed712be762908ac190eb3beb8cf9efb0dc9c425bd7b69d40ba8746efca2909c6?s=96&d=mm&r=g","caption":"admin"},"sameAs":["http:\/\/www.inteligenia.info"],"url":"https:\/\/www.inteligenia.info\/home\/author\/admin\/"}]}},"_links":{"self":[{"href":"https:\/\/www.inteligenia.info\/home\/wp-json\/wp\/v2\/posts\/1238","targetHints":{"allow":["GET"]}}],"collection":[{"href":"https:\/\/www.inteligenia.info\/home\/wp-json\/wp\/v2\/posts"}],"about":[{"href":"https:\/\/www.inteligenia.info\/home\/wp-json\/wp\/v2\/types\/post"}],"author":[{"embeddable":true,"href":"https:\/\/www.inteligenia.info\/home\/wp-json\/wp\/v2\/users\/1"}],"replies":[{"embeddable":true,"href":"https:\/\/www.inteligenia.info\/home\/wp-json\/wp\/v2\/comments?post=1238"}],"version-history":[{"count":2,"href":"https:\/\/www.inteligenia.info\/home\/wp-json\/wp\/v2\/posts\/1238\/revisions"}],"predecessor-version":[{"id":1245,"href":"https:\/\/www.inteligenia.info\/home\/wp-json\/wp\/v2\/posts\/1238\/revisions\/1245"}],"wp:featuredmedia":[{"embeddable":true,"href":"https:\/\/www.inteligenia.info\/home\/wp-json\/wp\/v2\/media\/1242"}],"wp:attachment":[{"href":"https:\/\/www.inteligenia.info\/home\/wp-json\/wp\/v2\/media?parent=1238"}],"wp:term":[{"taxonomy":"category","embeddable":true,"href":"https:\/\/www.inteligenia.info\/home\/wp-json\/wp\/v2\/categories?post=1238"},{"taxonomy":"post_tag","embeddable":true,"href":"https:\/\/www.inteligenia.info\/home\/wp-json\/wp\/v2\/tags?post=1238"}],"curies":[{"name":"wp","href":"https:\/\/api.w.org\/{rel}","templated":true}]}}