{"id":1246,"date":"2025-10-27T14:55:20","date_gmt":"2025-10-27T14:55:20","guid":{"rendered":"https:\/\/www.inteligenia.info\/?p=1246"},"modified":"2025-10-27T14:55:22","modified_gmt":"2025-10-27T14:55:22","slug":"el-triple-crimen-de-morena-lara-y-brenda-el-nuevo-rostro-de-la-violencia-narco-en-argentina","status":"publish","type":"post","link":"https:\/\/www.inteligenia.info\/home\/el-triple-crimen-de-morena-lara-y-brenda-el-nuevo-rostro-de-la-violencia-narco-en-argentina\/","title":{"rendered":"EL TRIPLE CRIMEN DE MORENA, LARA Y BRENDA: EL NUEVO ROSTRO DE LA VIOLENCIA NARCO EN ARGENTINA"},"content":{"rendered":"\n<hr class=\"wp-block-separator has-css-opacity is-style-default\"\/>\n\n\n\n<blockquote class=\"wp-block-quote has-text-align-center is-style-large is-layout-flow wp-block-quote-is-layout-flow\"><div class=\"wp-block-image\">\n<figure class=\"aligncenter size-full\"><img loading=\"lazy\" decoding=\"async\" width=\"221\" height=\"378\" src=\"https:\/\/www.inteligenia.info\/wp-content\/uploads\/2025\/10\/image-4.png\" alt=\"\" class=\"wp-image-1248\" srcset=\"https:\/\/www.inteligenia.info\/wp-content\/uploads\/2025\/10\/image-4.png 221w, https:\/\/www.inteligenia.info\/wp-content\/uploads\/2025\/10\/image-4-175x300.png 175w\" sizes=\"(max-width: 221px) 100vw, 221px\" \/><\/figure>\n<\/div>\n\n\n<p class=\"has-kubio-color-1-color has-text-color has-link-color wp-elements-c0ce8918e7a3bf714994f59522389ffe\" style=\"font-size:20px\"><strong>Marcelo Alejandro Cardama<\/strong>. T\u00e9cnico Superior en Seguridad P\u00fablica y Ciudadana \u2013 Egresado de la Escuela de Cadetes de la Polic\u00eda Federal Argentina; Licenciado en Seguridad Ciudadana \u2013Egresado del Instituto Universitario de la Polic\u00eda Federal Argentina; Cursando actualmente el \u00faltimo a\u00f1o de la Licenciatura en Investigaci\u00f3n Criminal en el Instituto Universitario Polic\u00eda Federal Argentina; Curso de Especializaci\u00f3n \u2013 Finanzas del Crimen Organizado y el Terrorismo: Medidas y Contramedidas, dictado por la Universidad Tecnol\u00f3gica Nacional \u2013 Facultad Regional Buenos Aires; Oficial de la Polic\u00eda Federal Argentina, con m\u00e1s de 18 a\u00f1os de trayectoria en la Instituci\u00f3n, cumpliendo funciones operativas en dependencias abocadas a la b\u00fasqueda de pr\u00f3fugos ordenadas por la Justicia como as\u00ed tambi\u00e9n, en cuestiones vinculadas a la Seguridad de Estado y Antiterrorismo.<\/p>\n\n\n\n<p class=\"has-kubio-color-1-color has-text-color has-link-color wp-elements-e95ceff5701510467312ed1a52e53219\" style=\"font-size:20px\">Consultor y Asesor de Seguridad Independiente en MAC CONSULTING SERVICE.<\/p>\n\n\n<\/blockquote>\n\n\n\n<hr class=\"wp-block-separator has-css-opacity is-style-default\"\/>\n\n\n\n<h4 class=\"wp-block-heading has-kubio-color-4-color has-text-color has-link-color wp-elements-ed306981aa479420b78978b6b3cfa1d0\"><strong><u>INTRODUCCI\u00d3N<\/u><\/strong><\/h4>\n\n\n\n<p>En estas \u00faltimas semanas, Argentina ha quedado horrorizada y conmocionada por un hecho que sacudi\u00f3 sin lugar a dudas el escenario local y marc\u00f3 un nuevo punto de inflexi\u00f3n en la lucha contra el Narcotr\u00e1fico, donde las postales de este Crimen est\u00e1n ce\u00f1idas por el sello de la venganza, la correcci\u00f3n y la ejemplificaci\u00f3n por parte de Organizaciones Criminales que, silenciosamente o bien con el visto bueno de los distintos Gobiernos de turno &nbsp;que hicieron la mirada hacia otro costado, han permitido la proliferaci\u00f3n de este fen\u00f3meno que, a la luz de los ojos de los ciudadanos argentinos, parec\u00eda algo lejano y solo de ciencia ficci\u00f3n.<\/p>\n\n\n\n<p>El homicidio de Brenda del Castillo (20), Moreno Verdi (20) y Lara Guti\u00e9rrez (15), acaecido el pasado 19 de Septiembre de 2025 en la Localidad de Florencio Varela, Provincia de Buenos Aires, conforma un punto de inclinaci\u00f3n en la balanza para la comprensi\u00f3n del Narcotr\u00e1fico en la Argentina, marcada por la brutalidad ejercida, a trav\u00e9s de la tortura, mutilaci\u00f3n y asesinato m\u00faltiple, y adem\u00e1s por la transmisi\u00f3n parcial de lo que estaba ocurriendo en las redes sociales privadas, donde este hecho lo introduce en una dimensi\u00f3n pr\u00e1cticamente in\u00e9dita para lo que est\u00e1 acostumbrado la ciudadan\u00eda, en la exhibici\u00f3n del Crimen Organizado en el pa\u00eds (Infobae, 2025; P\u00e1gina\/12, 2025).<\/p>\n\n\n\n<p>En el presente trabajo se abordar\u00e1 el an\u00e1lisis del triple crimen con la perspectiva hist\u00f3rica y adem\u00e1s comparada, que permitir\u00e1 una confrontaci\u00f3n con antecedentes locales acerca de este mismo modus operandi que tienen los grandes C\u00e1rteles de M\u00e9xico y Am\u00e9rica Latina, con el Triple Crimen de General Rodr\u00edguez (2008) y como estas din\u00e1micas a menor o gran escala, tienen una cierta similitud, donde claramente el objetivo es lograr identificar determinados patrones de convergencias y divergencias, as\u00ed como tambi\u00e9n tratar de llegar a una reflexi\u00f3n sobre las implicancias sociales, jur\u00eddicas y pol\u00edticas, en la implementaci\u00f3n de esta l\u00f3gica del \u201cNarcoterrorismo\u201d en contextos urbanos argentinos.<\/p>\n\n\n\n<ol class=\"wp-block-list\">\n<li class=\"has-kubio-color-4-color has-text-color has-link-color wp-elements-72f5704e3a11a8653386b277b53a5e00\"><em><u>Detalle de los Rasgos Criminol\u00f3gicos del Caso<\/u><\/em><\/li>\n<\/ol>\n\n\n\n<p>De la investigaci\u00f3n se desprende que el crimen b\u00e1sicamente respondi\u00f3 a cuestiones de ajustes de cuentas por el robo de Droga (3 o 4 Kilos de Coca\u00edna) o dinero en efectivo en una suma importante (alrededor de U$S 200.000), en la cual participaron varias personas con roles bien marcados y definidos, enga\u00f1o y traslado de las j\u00f3venes hasta el lugar de los asesinatos, apoyo log\u00edstico, sicarios, encargado de la transmisi\u00f3n en vivo, autor intelectual y limpiadores de la escena del Crimen, (Clar\u00edn, 2025). El hallazgo de los cuerpos sin vida en una vivienda, la adulteraci\u00f3n de las chapas patentes y la utilizaci\u00f3n de un grupo de car\u00e1cter privado en la Red Social Instagram para transmitir la tortura, dejan en claro el grado de planificaci\u00f3n que exist\u00eda y adem\u00e1s la voluntad de escenificaci\u00f3n de lo que estaban realizando.<\/p>\n\n\n\n<p>El caso revela en t\u00e9rminos criminol\u00f3gicos, tres caracter\u00edsticas centrales:<\/p>\n\n\n\n<ol style=\"list-style-type:lower-alpha\" class=\"wp-block-list\">\n<li>La violencia como mensaje, con la mutilaci\u00f3n y el sadismo, los que funcionan como \u201cnarco-mensajes\u201d con car\u00e1cter disciplinador (Ravelo, 2012).<\/li>\n<\/ol>\n\n\n\n<p>b) El importante rol que juega la era digital: en esta caso el streaming pasa a fomentar el tormento como medio de intimidaci\u00f3n y opera como un claro registro de lealtad o prueba de castigo dentro de la Organizaci\u00f3n Criminal (Atuesta &amp; P\u00e9rez, 2020).<\/p>\n\n\n\n<p>c) La victimizaci\u00f3n de mujeres muy j\u00f3venes, introduciendo la uni\u00f3n entre el femicidio y la violencia narco sin l\u00edmites, cuyo fen\u00f3meno cada vez se comienza a documentar en la Regi\u00f3n (Segato, 2016).<\/p>\n\n\n\n<figure class=\"wp-block-image size-full\"><img loading=\"lazy\" decoding=\"async\" width=\"860\" height=\"385\" src=\"https:\/\/www.inteligenia.info\/wp-content\/uploads\/2025\/10\/image-5.png\" alt=\"\" class=\"wp-image-1249\" srcset=\"https:\/\/www.inteligenia.info\/wp-content\/uploads\/2025\/10\/image-5.png 860w, https:\/\/www.inteligenia.info\/wp-content\/uploads\/2025\/10\/image-5-300x134.png 300w, https:\/\/www.inteligenia.info\/wp-content\/uploads\/2025\/10\/image-5-768x344.png 768w\" sizes=\"(max-width: 860px) 100vw, 860px\" \/><\/figure>\n\n\n\n<p class=\"has-text-align-center\"><em>Imagen: Recuperado de:<\/em><em> <\/em><em>https:\/\/www.semanarioargentino.miami\/sur\/2025\/09\/25\/<\/em><\/p>\n\n\n\n<p class=\"has-kubio-color-4-color has-text-color has-link-color wp-elements-8859dfbe343f020b0fe835d6f5089763\">2. <em><u>Simetr\u00edas con antecedentes en la Argentina<\/u>:<\/em><\/p>\n\n\n\n<ol class=\"wp-block-list\"><\/ol>\n\n\n\n<p>Lo m\u00e1s cercano a este caso, es el Triple Crimen de General Rodr\u00edguez, ocurrido en el a\u00f1o 2008, en la Provincia de Buenos Aires, en el que tres empresarios que se encontraban vinculados a la importaci\u00f3n de efedrina, fueron secuestrados, torturados y ejecutados, donde ambos casos comparten ciertas l\u00f3gicas:<\/p>\n\n\n\n<ul class=\"wp-block-list\">\n<li>Multiplicidad de v\u00edctimas.<\/li>\n\n\n\n<li>Relaci\u00f3n directa con el Narcotr\u00e1fico (drogas o precursores qu\u00edmicos).<\/li>\n\n\n\n<li>Participaci\u00f3n de autores materiales y la sospecha de autores intelectuales.<\/li>\n<\/ul>\n\n\n\n<p>&nbsp;A pesar de ello, existen diferencias marcadas: En el caso del a\u00f1o 2008, hab\u00eda una predominancia del negocio il\u00edcito transnacional (efedrina y c\u00e1rteles mexicanos), en cambio en el caso de este a\u00f1o, se ve de forma manifiesta la l\u00f3gica de la \u201cejemplificaci\u00f3n violenta\u201d con exposici\u00f3n digital, con rasgos m\u00e1s ligados a la cultura narco mexicana m\u00e1s actual (Saavedra &amp; Quiroz, 2011).<\/p>\n\n\n<div class=\"wp-block-image\">\n<figure class=\"aligncenter size-full\"><img loading=\"lazy\" decoding=\"async\" width=\"835\" height=\"398\" src=\"https:\/\/www.inteligenia.info\/wp-content\/uploads\/2025\/10\/image-7.png\" alt=\"\" class=\"wp-image-1251\" srcset=\"https:\/\/www.inteligenia.info\/wp-content\/uploads\/2025\/10\/image-7.png 835w, https:\/\/www.inteligenia.info\/wp-content\/uploads\/2025\/10\/image-7-300x143.png 300w, https:\/\/www.inteligenia.info\/wp-content\/uploads\/2025\/10\/image-7-768x366.png 768w\" sizes=\"(max-width: 835px) 100vw, 835px\" \/><\/figure>\n<\/div>\n\n\n<p class=\"has-text-align-center\"><em>Imagen: Recuperado de: https:\/\/www.lanacion.com.ar\/politica\/el-triple-crimen-de-general-rodriguez-las-victimas-los-hechos-la-investigacion-y-los-implicados-nid1816069\/<\/em><\/p>\n\n\n\n<p class=\"has-kubio-color-4-color has-text-color has-link-color wp-elements-90525e00d3cf7befe2df335cf8f98958\">3. <em><u>Similitudes con los C\u00e1rteles de Latinoam\u00e9rica\u00a0<\/u><\/em><\/p>\n\n\n\n<ol class=\"wp-block-list\"><\/ol>\n\n\n\n<p>En una comparaci\u00f3n con Organizaciones Criminales de gran envergadura como lo son el C\u00e1rtel de Sinaloa o (CJNG) C\u00e1rtel Jalisco Nueva Generaci\u00f3n, establece un paralelismo, es decir:<\/p>\n\n\n\n<ul class=\"wp-block-list\">\n<li>El uso de la violencia como forma de comunicaci\u00f3n: Los C\u00e1rteles mexicanos han colgado cuerpos en puentes o difundieron videos de ejecuciones; en el caso argentino, se utiliza las redes sociales privadas para exhibir la tortura.<\/li>\n\n\n\n<li>Distribuci\u00f3n de Roles: Existe una participaci\u00f3n de c\u00e9lulas bien marcadas (Astorga, 2016).<\/li>\n\n\n\n<li>La intimidaci\u00f3n como acto simb\u00f3lico: la violencia extrema utilizada, busca instalar un miedo social y colectivo, para disciplinar a las comunidades vulnerables.<\/li>\n<\/ul>\n\n\n\n<p>Vemos claramente, que existe una diferencia bien marcada, que mientras los C\u00e1rteles bregan por el control territorial y las econom\u00edas il\u00edcitas de car\u00e1cter transnacional, en cambio en Argentina, las distintas bandas, act\u00faan de forma m\u00e1s fragmentada, aunque van imitando sus t\u00e1cticas comunicacionales (D\u00edaz &amp; R\u00edos, 2020).<\/p>\n\n\n\n<p class=\"has-kubio-color-4-color has-text-color has-link-color wp-elements-a40df24a2f4631843d31cd395dbba659\">4. <em><u>Argentina y la sombra del Narcotr\u00e1fico<\/u><\/em><\/p>\n\n\n\n<p>Si bien en la Argentina, no se han encontrado la conformaci\u00f3n de grandes Organizaciones Criminales, si se han detectado bandas locales que se encargan de hacer llegar la droga a nuestro pa\u00eds, caso los Monos en la Ciudad de Rosario, o el Clan Alvarado en la misma Ciudad. Sin embargo, en los \u00faltimos a\u00f1os, se han observado en la zona de los asentamientos o villas como com\u00fanmente se le dicen en Argentina, gran confluencia de ciudadanos de origen Peruano y Paraguayo, cuyo mayor foco de conflictividad se encuentra en la Villa 1-11-14, ubicada en al coraz\u00f3n del barrio porte\u00f1o de Flores, cuyo asentamiento se encuentra divido por dos facciones, la banda de los \u201cPaisas\u201d (ciudadanos de origen paraguayo) en la venta de Marihuana y los Peruanos en la venta de coca\u00edna.<\/p>\n\n\n\n<p>Sin ir m\u00e1s lejos y haciendo referencia al caso del Triple Crimen de las J\u00f3venes este pasado 19 de Septiembre, la pesquisa apunta a la teor\u00eda que, la droga o el dinero sustra\u00eddo, por la joven Lara Guti\u00e9rrez (15), habr\u00eda sido \u201cmexicaneada\u201d a un grupo perteneciente de la comunidad peruana vinculada a la venta de drogas en la zona antes mencionada y que tiene puntos de conexi\u00f3n en la zona de Florencia Varela, donde fueron encontradas sin vidas las tres adolescentes, y tambi\u00e9n en otros puntos de Buenos Aires.<\/p>\n\n\n\n<p>Esta facci\u00f3n adem\u00e1s en Argentina, podr\u00eda tener v\u00ednculos con una Organizaci\u00f3n Criminal Peruana conocida como \u201cLos Pulpos\u201d, nacida en la zona de Trujillo de ese pa\u00eds y quienes tienen c\u00e9lulas en distintos sectores de la Regi\u00f3n, y que posiblemente hayan llegado a la Argentina, de la mano del que en la actualidad se considera el autor intelectual de los tres homicidios y orden\u00f3 la transmisi\u00f3n por medios digitales a un grupo reducido y privado de m\u00e1s de 40 personas, para que vieran lo que les pasaba a los que lo traicionaban.<\/p>\n\n\n\n<p>Este personaje que aparece en escena se conoce como \u201cPeque\u00f1o J\u201d, que hasta hace unas horas era todo un misterio su nombre o su rostro, pero que se logr\u00f3 determinar que se trata de Valverde Victoriano Tony Janzen, un&nbsp; joven de aproximadamente 20 a\u00f1os, pero que seg\u00fan relatan, es portador de un sadismo y crueldad aprendida en su ciudad natal.<\/p>\n\n\n\n<p>De este modo vemos como claramente Argentina en los \u00faltimos a\u00f1os se ha encontrado propensa a ser el foco de una nueva expansi\u00f3n de grandes Organizaciones, pero hasta el momento, ciertas pol\u00edticas de seguridad han permitido que bandas de gran porte o al estilo de los C\u00e1rteles, no lograran apoderarse de lleno del territorio Nacional, solo la presencia de terceras o cuartas l\u00edneas de mando que responde a un Jefe Narco en otro pa\u00eds.&nbsp;<\/p>\n\n\n\n<p>El ingreso de manera irregular de varios ciudadanos extranjeros, ha dejado al descubierto la permeabilidad de las fronteras, no logrando detectar a tiempo que muchos de ellos, ingresan al pa\u00eds con intenciones de convertir ciertos puntos de la Argentina, en peque\u00f1as sucursales del Narcotr\u00e1fico y que si no son abordadas con responsabilidad por parte de las Autoridades Nacionales, con pol\u00edticas de seguridad m\u00e1s s\u00f3lidas y firmeza en la lucha contra este flagelo, Argentina de a poco va camino en convertirse en un pa\u00eds codiciado para el Crimen Organizado.&nbsp;&nbsp; &nbsp;&nbsp;&nbsp;<\/p>\n\n\n\n<p class=\"has-kubio-color-4-color has-text-color has-link-color wp-elements-25c59566c20b056f89322994faff7f98\">5. <em><u>Conclusiones generales y sobre el Caso<\/u><\/em><\/p>\n\n\n\n<p>Como vimos a lo largo de esta presentaci\u00f3n, el Triple Crimen de Morena, Lara y Brenda, vislumbra que la violencia narco en la Argentina se encuentra mutando, desde episodios asociados a disputas comerciales como el caso de 2008, hacia nuevas din\u00e1micas de castigo p\u00fablico y con exhibici\u00f3n digital, con rasgos similares a las pr\u00e1cticas llevadas a cabo por los C\u00e1rteles Latinoamericanos.<\/p>\n\n\n\n<p>A pesar de que la escala de violencia, crueldad y sadismo que se vio, se encuentra lejos a lo que se est\u00e1 acostumbrado en M\u00e9xico, Ecuador o Per\u00fa, la imitaci\u00f3n de los repertorios violentos demuestra un riesgo que est\u00e1 en crecimiento.<\/p>\n\n\n\n<p>Es importante comprender estas conexiones hist\u00f3ricas y de car\u00e1cter comparativo, que sirven como clave para comenzar a dise\u00f1ar pol\u00edticas criminales m\u00e1s eficaces, fortaleciendo la cooperaci\u00f3n transnacional y prevenir la reproducci\u00f3n de car\u00e1cter simb\u00f3lico de la violencia por medio de las distintas plataformas digitales.<\/p>\n\n\n\n<div data-wp-interactive=\"core\/file\" class=\"wp-block-file\"><object data-wp-bind--hidden=\"!state.hasPdfPreview\" hidden class=\"wp-block-file__embed\" data=\"https:\/\/www.inteligenia.info\/wp-content\/uploads\/2025\/10\/ANALISIS-TRIPLE-CRIMEN-FLORENCIO-VARELA.pdf\" type=\"application\/pdf\" style=\"width:100%;height:600px\" aria-label=\"Incrustado de ANALISIS TRIPLE CRIMEN FLORENCIO VARELA.\"><\/object><a id=\"wp-block-file--media-e41a8ce6-7884-436c-a7c8-0c15ac6f39b5\" href=\"https:\/\/www.inteligenia.info\/wp-content\/uploads\/2025\/10\/ANALISIS-TRIPLE-CRIMEN-FLORENCIO-VARELA.pdf\">ANALISIS TRIPLE CRIMEN FLORENCIO VARELA<\/a><a href=\"https:\/\/www.inteligenia.info\/wp-content\/uploads\/2025\/10\/ANALISIS-TRIPLE-CRIMEN-FLORENCIO-VARELA.pdf\" class=\"wp-block-file__button wp-element-button\" download aria-describedby=\"wp-block-file--media-e41a8ce6-7884-436c-a7c8-0c15ac6f39b5\">Descarga<\/a><\/div>\n","protected":false},"excerpt":{"rendered":"<p>INTRODUCCI\u00d3N En estas \u00faltimas semanas, Argentina ha quedado horrorizada y conmocionada por un hecho que sacudi\u00f3 sin lugar a dudas el escenario local y marc\u00f3 un nuevo punto de inflexi\u00f3n en la lucha contra el Narcotr\u00e1fico, donde las postales de este Crimen est\u00e1n ce\u00f1idas por el sello de la venganza, la correcci\u00f3n y la ejemplificaci\u00f3n [&hellip;]<\/p>\n","protected":false},"author":1,"featured_media":1253,"comment_status":"open","ping_status":"open","sticky":false,"template":"","format":"standard","meta":{"saved_in_kubio":false,"footnotes":""},"categories":[13,16],"tags":[],"class_list":["post-1246","post","type-post","status-publish","format-standard","has-post-thumbnail","hentry","category-articulos","category-criminologia"],"yoast_head":"<!-- This site is optimized with the Yoast SEO plugin v27.0 - https:\/\/yoast.com\/product\/yoast-seo-wordpress\/ -->\n<title>EL TRIPLE CRIMEN DE MORENA, LARA Y BRENDA: EL NUEVO ROSTRO DE LA VIOLENCIA NARCO EN ARGENTINA - Inteligenia<\/title>\n<meta name=\"robots\" content=\"index, follow, max-snippet:-1, max-image-preview:large, max-video-preview:-1\" \/>\n<link rel=\"canonical\" href=\"https:\/\/www.inteligenia.info\/home\/el-triple-crimen-de-morena-lara-y-brenda-el-nuevo-rostro-de-la-violencia-narco-en-argentina\/\" \/>\n<meta property=\"og:locale\" content=\"es_ES\" \/>\n<meta property=\"og:type\" content=\"article\" \/>\n<meta property=\"og:title\" content=\"EL TRIPLE CRIMEN DE MORENA, LARA Y BRENDA: EL NUEVO ROSTRO DE LA VIOLENCIA NARCO EN ARGENTINA - Inteligenia\" \/>\n<meta property=\"og:description\" content=\"INTRODUCCI\u00d3N En estas \u00faltimas semanas, Argentina ha quedado horrorizada y conmocionada por un hecho que sacudi\u00f3 sin lugar a dudas el escenario local y marc\u00f3 un nuevo punto de inflexi\u00f3n en la lucha contra el Narcotr\u00e1fico, donde las postales de este Crimen est\u00e1n ce\u00f1idas por el sello de la venganza, la correcci\u00f3n y la ejemplificaci\u00f3n [&hellip;]\" \/>\n<meta property=\"og:url\" content=\"https:\/\/www.inteligenia.info\/home\/el-triple-crimen-de-morena-lara-y-brenda-el-nuevo-rostro-de-la-violencia-narco-en-argentina\/\" \/>\n<meta property=\"og:site_name\" content=\"Inteligenia\" \/>\n<meta property=\"article:published_time\" content=\"2025-10-27T14:55:20+00:00\" \/>\n<meta property=\"article:modified_time\" content=\"2025-10-27T14:55:22+00:00\" \/>\n<meta property=\"og:image\" content=\"https:\/\/www.inteligenia.info\/wp-content\/uploads\/2025\/10\/Captura-de-pantalla-2025-10-27-154958.png\" \/>\n\t<meta property=\"og:image:width\" content=\"710\" \/>\n\t<meta property=\"og:image:height\" content=\"738\" \/>\n\t<meta property=\"og:image:type\" content=\"image\/png\" \/>\n<meta name=\"author\" content=\"admin\" \/>\n<meta name=\"twitter:card\" content=\"summary_large_image\" \/>\n<meta name=\"twitter:creator\" content=\"@INTELIGENIA_\" \/>\n<meta name=\"twitter:site\" content=\"@INTELIGENIA_\" \/>\n<meta name=\"twitter:label1\" content=\"Escrito por\" \/>\n\t<meta name=\"twitter:data1\" content=\"admin\" \/>\n\t<meta name=\"twitter:label2\" content=\"Tiempo de lectura\" \/>\n\t<meta name=\"twitter:data2\" content=\"8 minutos\" \/>\n<script type=\"application\/ld+json\" class=\"yoast-schema-graph\">{\"@context\":\"https:\/\/schema.org\",\"@graph\":[{\"@type\":\"Article\",\"@id\":\"https:\/\/www.inteligenia.info\/home\/el-triple-crimen-de-morena-lara-y-brenda-el-nuevo-rostro-de-la-violencia-narco-en-argentina\/#article\",\"isPartOf\":{\"@id\":\"https:\/\/www.inteligenia.info\/home\/el-triple-crimen-de-morena-lara-y-brenda-el-nuevo-rostro-de-la-violencia-narco-en-argentina\/\"},\"author\":{\"name\":\"admin\",\"@id\":\"https:\/\/www.inteligenia.info\/home\/#\/schema\/person\/1bf90ee63c207f611a224f9c17dbf031\"},\"headline\":\"EL TRIPLE CRIMEN DE MORENA, LARA Y BRENDA: EL NUEVO ROSTRO DE LA VIOLENCIA NARCO EN ARGENTINA\",\"datePublished\":\"2025-10-27T14:55:20+00:00\",\"dateModified\":\"2025-10-27T14:55:22+00:00\",\"mainEntityOfPage\":{\"@id\":\"https:\/\/www.inteligenia.info\/home\/el-triple-crimen-de-morena-lara-y-brenda-el-nuevo-rostro-de-la-violencia-narco-en-argentina\/\"},\"wordCount\":1889,\"commentCount\":0,\"publisher\":{\"@id\":\"https:\/\/www.inteligenia.info\/home\/#organization\"},\"image\":{\"@id\":\"https:\/\/www.inteligenia.info\/home\/el-triple-crimen-de-morena-lara-y-brenda-el-nuevo-rostro-de-la-violencia-narco-en-argentina\/#primaryimage\"},\"thumbnailUrl\":\"https:\/\/www.inteligenia.info\/wp-content\/uploads\/2025\/10\/Captura-de-pantalla-2025-10-27-154958.png\",\"articleSection\":[\"Art\u00edculos\",\"Criminolog\u00eda\"],\"inLanguage\":\"es\",\"potentialAction\":[{\"@type\":\"CommentAction\",\"name\":\"Comment\",\"target\":[\"https:\/\/www.inteligenia.info\/home\/el-triple-crimen-de-morena-lara-y-brenda-el-nuevo-rostro-de-la-violencia-narco-en-argentina\/#respond\"]}]},{\"@type\":\"WebPage\",\"@id\":\"https:\/\/www.inteligenia.info\/home\/el-triple-crimen-de-morena-lara-y-brenda-el-nuevo-rostro-de-la-violencia-narco-en-argentina\/\",\"url\":\"https:\/\/www.inteligenia.info\/home\/el-triple-crimen-de-morena-lara-y-brenda-el-nuevo-rostro-de-la-violencia-narco-en-argentina\/\",\"name\":\"EL TRIPLE CRIMEN DE MORENA, LARA Y BRENDA: EL NUEVO ROSTRO DE LA VIOLENCIA NARCO EN ARGENTINA - Inteligenia\",\"isPartOf\":{\"@id\":\"https:\/\/www.inteligenia.info\/home\/#website\"},\"primaryImageOfPage\":{\"@id\":\"https:\/\/www.inteligenia.info\/home\/el-triple-crimen-de-morena-lara-y-brenda-el-nuevo-rostro-de-la-violencia-narco-en-argentina\/#primaryimage\"},\"image\":{\"@id\":\"https:\/\/www.inteligenia.info\/home\/el-triple-crimen-de-morena-lara-y-brenda-el-nuevo-rostro-de-la-violencia-narco-en-argentina\/#primaryimage\"},\"thumbnailUrl\":\"https:\/\/www.inteligenia.info\/wp-content\/uploads\/2025\/10\/Captura-de-pantalla-2025-10-27-154958.png\",\"datePublished\":\"2025-10-27T14:55:20+00:00\",\"dateModified\":\"2025-10-27T14:55:22+00:00\",\"breadcrumb\":{\"@id\":\"https:\/\/www.inteligenia.info\/home\/el-triple-crimen-de-morena-lara-y-brenda-el-nuevo-rostro-de-la-violencia-narco-en-argentina\/#breadcrumb\"},\"inLanguage\":\"es\",\"potentialAction\":[{\"@type\":\"ReadAction\",\"target\":[\"https:\/\/www.inteligenia.info\/home\/el-triple-crimen-de-morena-lara-y-brenda-el-nuevo-rostro-de-la-violencia-narco-en-argentina\/\"]}]},{\"@type\":\"ImageObject\",\"inLanguage\":\"es\",\"@id\":\"https:\/\/www.inteligenia.info\/home\/el-triple-crimen-de-morena-lara-y-brenda-el-nuevo-rostro-de-la-violencia-narco-en-argentina\/#primaryimage\",\"url\":\"https:\/\/www.inteligenia.info\/wp-content\/uploads\/2025\/10\/Captura-de-pantalla-2025-10-27-154958.png\",\"contentUrl\":\"https:\/\/www.inteligenia.info\/wp-content\/uploads\/2025\/10\/Captura-de-pantalla-2025-10-27-154958.png\",\"width\":710,\"height\":738},{\"@type\":\"BreadcrumbList\",\"@id\":\"https:\/\/www.inteligenia.info\/home\/el-triple-crimen-de-morena-lara-y-brenda-el-nuevo-rostro-de-la-violencia-narco-en-argentina\/#breadcrumb\",\"itemListElement\":[{\"@type\":\"ListItem\",\"position\":1,\"name\":\"Portada\",\"item\":\"https:\/\/www.inteligenia.info\/home\/\"},{\"@type\":\"ListItem\",\"position\":2,\"name\":\"EL TRIPLE CRIMEN DE MORENA, LARA Y BRENDA: EL NUEVO ROSTRO DE LA VIOLENCIA NARCO EN ARGENTINA\"}]},{\"@type\":\"WebSite\",\"@id\":\"https:\/\/www.inteligenia.info\/home\/#website\",\"url\":\"https:\/\/www.inteligenia.info\/home\/\",\"name\":\"Inteligenia\",\"description\":\"\",\"publisher\":{\"@id\":\"https:\/\/www.inteligenia.info\/home\/#organization\"},\"potentialAction\":[{\"@type\":\"SearchAction\",\"target\":{\"@type\":\"EntryPoint\",\"urlTemplate\":\"https:\/\/www.inteligenia.info\/home\/?s={search_term_string}\"},\"query-input\":{\"@type\":\"PropertyValueSpecification\",\"valueRequired\":true,\"valueName\":\"search_term_string\"}}],\"inLanguage\":\"es\"},{\"@type\":\"Organization\",\"@id\":\"https:\/\/www.inteligenia.info\/home\/#organization\",\"name\":\"Inteligenia\",\"url\":\"https:\/\/www.inteligenia.info\/home\/\",\"logo\":{\"@type\":\"ImageObject\",\"inLanguage\":\"es\",\"@id\":\"https:\/\/www.inteligenia.info\/home\/#\/schema\/logo\/image\/\",\"url\":\"https:\/\/www.inteligenia.info\/wp-content\/uploads\/2024\/06\/transparent_logo-1-e1718047668142.png\",\"contentUrl\":\"https:\/\/www.inteligenia.info\/wp-content\/uploads\/2024\/06\/transparent_logo-1-e1718047668142.png\",\"width\":674,\"height\":141,\"caption\":\"Inteligenia\"},\"image\":{\"@id\":\"https:\/\/www.inteligenia.info\/home\/#\/schema\/logo\/image\/\"},\"sameAs\":[\"https:\/\/x.com\/INTELIGENIA_\",\"https:\/\/www.linkedin.com\/company\/inteligenia\/?viewAsMember=true\"]},{\"@type\":\"Person\",\"@id\":\"https:\/\/www.inteligenia.info\/home\/#\/schema\/person\/1bf90ee63c207f611a224f9c17dbf031\",\"name\":\"admin\",\"image\":{\"@type\":\"ImageObject\",\"inLanguage\":\"es\",\"@id\":\"https:\/\/www.inteligenia.info\/home\/#\/schema\/person\/image\/\",\"url\":\"https:\/\/secure.gravatar.com\/avatar\/ed712be762908ac190eb3beb8cf9efb0dc9c425bd7b69d40ba8746efca2909c6?s=96&d=mm&r=g\",\"contentUrl\":\"https:\/\/secure.gravatar.com\/avatar\/ed712be762908ac190eb3beb8cf9efb0dc9c425bd7b69d40ba8746efca2909c6?s=96&d=mm&r=g\",\"caption\":\"admin\"},\"sameAs\":[\"http:\/\/www.inteligenia.info\"],\"url\":\"https:\/\/www.inteligenia.info\/home\/author\/admin\/\"}]}<\/script>\n<!-- \/ Yoast SEO plugin. -->","yoast_head_json":{"title":"EL TRIPLE CRIMEN DE MORENA, LARA Y BRENDA: EL NUEVO ROSTRO DE LA VIOLENCIA NARCO EN ARGENTINA - Inteligenia","robots":{"index":"index","follow":"follow","max-snippet":"max-snippet:-1","max-image-preview":"max-image-preview:large","max-video-preview":"max-video-preview:-1"},"canonical":"https:\/\/www.inteligenia.info\/home\/el-triple-crimen-de-morena-lara-y-brenda-el-nuevo-rostro-de-la-violencia-narco-en-argentina\/","og_locale":"es_ES","og_type":"article","og_title":"EL TRIPLE CRIMEN DE MORENA, LARA Y BRENDA: EL NUEVO ROSTRO DE LA VIOLENCIA NARCO EN ARGENTINA - Inteligenia","og_description":"INTRODUCCI\u00d3N En estas \u00faltimas semanas, Argentina ha quedado horrorizada y conmocionada por un hecho que sacudi\u00f3 sin lugar a dudas el escenario local y marc\u00f3 un nuevo punto de inflexi\u00f3n en la lucha contra el Narcotr\u00e1fico, donde las postales de este Crimen est\u00e1n ce\u00f1idas por el sello de la venganza, la correcci\u00f3n y la ejemplificaci\u00f3n [&hellip;]","og_url":"https:\/\/www.inteligenia.info\/home\/el-triple-crimen-de-morena-lara-y-brenda-el-nuevo-rostro-de-la-violencia-narco-en-argentina\/","og_site_name":"Inteligenia","article_published_time":"2025-10-27T14:55:20+00:00","article_modified_time":"2025-10-27T14:55:22+00:00","og_image":[{"width":710,"height":738,"url":"https:\/\/www.inteligenia.info\/wp-content\/uploads\/2025\/10\/Captura-de-pantalla-2025-10-27-154958.png","type":"image\/png"}],"author":"admin","twitter_card":"summary_large_image","twitter_creator":"@INTELIGENIA_","twitter_site":"@INTELIGENIA_","twitter_misc":{"Escrito por":"admin","Tiempo de lectura":"8 minutos"},"schema":{"@context":"https:\/\/schema.org","@graph":[{"@type":"Article","@id":"https:\/\/www.inteligenia.info\/home\/el-triple-crimen-de-morena-lara-y-brenda-el-nuevo-rostro-de-la-violencia-narco-en-argentina\/#article","isPartOf":{"@id":"https:\/\/www.inteligenia.info\/home\/el-triple-crimen-de-morena-lara-y-brenda-el-nuevo-rostro-de-la-violencia-narco-en-argentina\/"},"author":{"name":"admin","@id":"https:\/\/www.inteligenia.info\/home\/#\/schema\/person\/1bf90ee63c207f611a224f9c17dbf031"},"headline":"EL TRIPLE CRIMEN DE MORENA, LARA Y BRENDA: EL NUEVO ROSTRO DE LA VIOLENCIA NARCO EN ARGENTINA","datePublished":"2025-10-27T14:55:20+00:00","dateModified":"2025-10-27T14:55:22+00:00","mainEntityOfPage":{"@id":"https:\/\/www.inteligenia.info\/home\/el-triple-crimen-de-morena-lara-y-brenda-el-nuevo-rostro-de-la-violencia-narco-en-argentina\/"},"wordCount":1889,"commentCount":0,"publisher":{"@id":"https:\/\/www.inteligenia.info\/home\/#organization"},"image":{"@id":"https:\/\/www.inteligenia.info\/home\/el-triple-crimen-de-morena-lara-y-brenda-el-nuevo-rostro-de-la-violencia-narco-en-argentina\/#primaryimage"},"thumbnailUrl":"https:\/\/www.inteligenia.info\/wp-content\/uploads\/2025\/10\/Captura-de-pantalla-2025-10-27-154958.png","articleSection":["Art\u00edculos","Criminolog\u00eda"],"inLanguage":"es","potentialAction":[{"@type":"CommentAction","name":"Comment","target":["https:\/\/www.inteligenia.info\/home\/el-triple-crimen-de-morena-lara-y-brenda-el-nuevo-rostro-de-la-violencia-narco-en-argentina\/#respond"]}]},{"@type":"WebPage","@id":"https:\/\/www.inteligenia.info\/home\/el-triple-crimen-de-morena-lara-y-brenda-el-nuevo-rostro-de-la-violencia-narco-en-argentina\/","url":"https:\/\/www.inteligenia.info\/home\/el-triple-crimen-de-morena-lara-y-brenda-el-nuevo-rostro-de-la-violencia-narco-en-argentina\/","name":"EL TRIPLE CRIMEN DE MORENA, LARA Y BRENDA: EL NUEVO ROSTRO DE LA VIOLENCIA NARCO EN ARGENTINA - Inteligenia","isPartOf":{"@id":"https:\/\/www.inteligenia.info\/home\/#website"},"primaryImageOfPage":{"@id":"https:\/\/www.inteligenia.info\/home\/el-triple-crimen-de-morena-lara-y-brenda-el-nuevo-rostro-de-la-violencia-narco-en-argentina\/#primaryimage"},"image":{"@id":"https:\/\/www.inteligenia.info\/home\/el-triple-crimen-de-morena-lara-y-brenda-el-nuevo-rostro-de-la-violencia-narco-en-argentina\/#primaryimage"},"thumbnailUrl":"https:\/\/www.inteligenia.info\/wp-content\/uploads\/2025\/10\/Captura-de-pantalla-2025-10-27-154958.png","datePublished":"2025-10-27T14:55:20+00:00","dateModified":"2025-10-27T14:55:22+00:00","breadcrumb":{"@id":"https:\/\/www.inteligenia.info\/home\/el-triple-crimen-de-morena-lara-y-brenda-el-nuevo-rostro-de-la-violencia-narco-en-argentina\/#breadcrumb"},"inLanguage":"es","potentialAction":[{"@type":"ReadAction","target":["https:\/\/www.inteligenia.info\/home\/el-triple-crimen-de-morena-lara-y-brenda-el-nuevo-rostro-de-la-violencia-narco-en-argentina\/"]}]},{"@type":"ImageObject","inLanguage":"es","@id":"https:\/\/www.inteligenia.info\/home\/el-triple-crimen-de-morena-lara-y-brenda-el-nuevo-rostro-de-la-violencia-narco-en-argentina\/#primaryimage","url":"https:\/\/www.inteligenia.info\/wp-content\/uploads\/2025\/10\/Captura-de-pantalla-2025-10-27-154958.png","contentUrl":"https:\/\/www.inteligenia.info\/wp-content\/uploads\/2025\/10\/Captura-de-pantalla-2025-10-27-154958.png","width":710,"height":738},{"@type":"BreadcrumbList","@id":"https:\/\/www.inteligenia.info\/home\/el-triple-crimen-de-morena-lara-y-brenda-el-nuevo-rostro-de-la-violencia-narco-en-argentina\/#breadcrumb","itemListElement":[{"@type":"ListItem","position":1,"name":"Portada","item":"https:\/\/www.inteligenia.info\/home\/"},{"@type":"ListItem","position":2,"name":"EL TRIPLE CRIMEN DE MORENA, LARA Y BRENDA: EL NUEVO ROSTRO DE LA VIOLENCIA NARCO EN ARGENTINA"}]},{"@type":"WebSite","@id":"https:\/\/www.inteligenia.info\/home\/#website","url":"https:\/\/www.inteligenia.info\/home\/","name":"Inteligenia","description":"","publisher":{"@id":"https:\/\/www.inteligenia.info\/home\/#organization"},"potentialAction":[{"@type":"SearchAction","target":{"@type":"EntryPoint","urlTemplate":"https:\/\/www.inteligenia.info\/home\/?s={search_term_string}"},"query-input":{"@type":"PropertyValueSpecification","valueRequired":true,"valueName":"search_term_string"}}],"inLanguage":"es"},{"@type":"Organization","@id":"https:\/\/www.inteligenia.info\/home\/#organization","name":"Inteligenia","url":"https:\/\/www.inteligenia.info\/home\/","logo":{"@type":"ImageObject","inLanguage":"es","@id":"https:\/\/www.inteligenia.info\/home\/#\/schema\/logo\/image\/","url":"https:\/\/www.inteligenia.info\/wp-content\/uploads\/2024\/06\/transparent_logo-1-e1718047668142.png","contentUrl":"https:\/\/www.inteligenia.info\/wp-content\/uploads\/2024\/06\/transparent_logo-1-e1718047668142.png","width":674,"height":141,"caption":"Inteligenia"},"image":{"@id":"https:\/\/www.inteligenia.info\/home\/#\/schema\/logo\/image\/"},"sameAs":["https:\/\/x.com\/INTELIGENIA_","https:\/\/www.linkedin.com\/company\/inteligenia\/?viewAsMember=true"]},{"@type":"Person","@id":"https:\/\/www.inteligenia.info\/home\/#\/schema\/person\/1bf90ee63c207f611a224f9c17dbf031","name":"admin","image":{"@type":"ImageObject","inLanguage":"es","@id":"https:\/\/www.inteligenia.info\/home\/#\/schema\/person\/image\/","url":"https:\/\/secure.gravatar.com\/avatar\/ed712be762908ac190eb3beb8cf9efb0dc9c425bd7b69d40ba8746efca2909c6?s=96&d=mm&r=g","contentUrl":"https:\/\/secure.gravatar.com\/avatar\/ed712be762908ac190eb3beb8cf9efb0dc9c425bd7b69d40ba8746efca2909c6?s=96&d=mm&r=g","caption":"admin"},"sameAs":["http:\/\/www.inteligenia.info"],"url":"https:\/\/www.inteligenia.info\/home\/author\/admin\/"}]}},"_links":{"self":[{"href":"https:\/\/www.inteligenia.info\/home\/wp-json\/wp\/v2\/posts\/1246","targetHints":{"allow":["GET"]}}],"collection":[{"href":"https:\/\/www.inteligenia.info\/home\/wp-json\/wp\/v2\/posts"}],"about":[{"href":"https:\/\/www.inteligenia.info\/home\/wp-json\/wp\/v2\/types\/post"}],"author":[{"embeddable":true,"href":"https:\/\/www.inteligenia.info\/home\/wp-json\/wp\/v2\/users\/1"}],"replies":[{"embeddable":true,"href":"https:\/\/www.inteligenia.info\/home\/wp-json\/wp\/v2\/comments?post=1246"}],"version-history":[{"count":1,"href":"https:\/\/www.inteligenia.info\/home\/wp-json\/wp\/v2\/posts\/1246\/revisions"}],"predecessor-version":[{"id":1254,"href":"https:\/\/www.inteligenia.info\/home\/wp-json\/wp\/v2\/posts\/1246\/revisions\/1254"}],"wp:featuredmedia":[{"embeddable":true,"href":"https:\/\/www.inteligenia.info\/home\/wp-json\/wp\/v2\/media\/1253"}],"wp:attachment":[{"href":"https:\/\/www.inteligenia.info\/home\/wp-json\/wp\/v2\/media?parent=1246"}],"wp:term":[{"taxonomy":"category","embeddable":true,"href":"https:\/\/www.inteligenia.info\/home\/wp-json\/wp\/v2\/categories?post=1246"},{"taxonomy":"post_tag","embeddable":true,"href":"https:\/\/www.inteligenia.info\/home\/wp-json\/wp\/v2\/tags?post=1246"}],"curies":[{"name":"wp","href":"https:\/\/api.w.org\/{rel}","templated":true}]}}