{"id":1289,"date":"2025-11-07T07:46:12","date_gmt":"2025-11-07T07:46:12","guid":{"rendered":"https:\/\/www.inteligenia.info\/?p=1289"},"modified":"2025-11-07T07:46:14","modified_gmt":"2025-11-07T07:46:14","slug":"radiografia-de-la-salud-cognitiva-espanola-en-2025-autonomia-mental-en-la-era-del-secuestro-algoritmico","status":"publish","type":"post","link":"https:\/\/www.inteligenia.info\/home\/radiografia-de-la-salud-cognitiva-espanola-en-2025-autonomia-mental-en-la-era-del-secuestro-algoritmico\/","title":{"rendered":"Radiograf\u00eda de la salud cognitiva espa\u00f1ola en 2025 Autonom\u00eda mental en la era del secuestro algor\u00edtmico"},"content":{"rendered":"\n<hr class=\"wp-block-separator has-css-opacity is-style-default\"\/>\n\n\n\n<blockquote class=\"wp-block-quote has-text-align-center is-style-large is-layout-flow wp-block-quote-is-layout-flow\"><div class=\"wp-block-image\">\n<figure class=\"aligncenter size-large is-resized\"><img loading=\"lazy\" decoding=\"async\" width=\"1024\" height=\"723\" src=\"https:\/\/www.inteligenia.info\/wp-content\/uploads\/2025\/10\/IMG_1761-1-1024x723.jpg\" alt=\"\" class=\"wp-image-1211\" style=\"width:310px;height:auto\" srcset=\"https:\/\/www.inteligenia.info\/wp-content\/uploads\/2025\/10\/IMG_1761-1-1024x723.jpg 1024w, https:\/\/www.inteligenia.info\/wp-content\/uploads\/2025\/10\/IMG_1761-1-300x212.jpg 300w, https:\/\/www.inteligenia.info\/wp-content\/uploads\/2025\/10\/IMG_1761-1-768x542.jpg 768w, https:\/\/www.inteligenia.info\/wp-content\/uploads\/2025\/10\/IMG_1761-1-1536x1084.jpg 1536w, https:\/\/www.inteligenia.info\/wp-content\/uploads\/2025\/10\/IMG_1761-1-2048x1445.jpg 2048w, https:\/\/www.inteligenia.info\/wp-content\/uploads\/2025\/10\/IMG_1761-1-1530x1080.jpg 1530w\" sizes=\"(max-width: 1024px) 100vw, 1024px\" \/><\/figure>\n<\/div>\n\n\n<p class=\"has-text-align-left has-kubio-color-1-color has-text-color has-link-color wp-elements-6dde048170943bd8a071e3166d43b058\" style=\"font-size:20px\"><strong>Artiom Vnebreaci Popa<\/strong><em>. Licenciado en Filosof\u00eda y Letras, y estudiante de Antropolog\u00eda, con formaci\u00f3n avanzada en Estudios del Futuro, Prospectiva y Estudios Culturales. Especializado en an\u00e1lisis de inteligencia, contra-inteligencia, operaciones psicol\u00f3gicas, HUMINT y ciencias de la religi\u00f3n. Centra su investigaci\u00f3n en estrategia, geopol\u00edtica, crimen organizado y econom\u00eda digital sumergida.\u00a0Interesado en Europa del Este y Oriente Pr\u00f3ximo, combina conocimientos en astropol\u00edtica,\u00a0smart-cities\u00a0y mediaci\u00f3n de conflictos, con experiencia en prevenci\u00f3n de desastres y lucha contra la desinformaci\u00f3n.<\/em><\/p>\n\n\n<\/blockquote>\n\n\n\n<hr class=\"wp-block-separator has-css-opacity is-style-default\"\/>\n\n\n\n<h4 class=\"wp-block-heading has-kubio-color-4-color has-text-color has-link-color wp-elements-c8407190a09af4fbd60071351e399843\"><strong>1.&nbsp;&nbsp;&nbsp;&nbsp;&nbsp; <\/strong><strong>Justificaci\u00f3n y objetivos del an\u00e1lisis<\/strong><\/h4>\n\n\n\n<p>La salud cognitiva se ha convertido en uno de los grandes desaf\u00edos del siglo XXI. M\u00e1s all\u00e1 de la ausencia de enfermedades neurol\u00f3gicas, este concepto alude a la capacidad del cerebro para mantener su autonom\u00eda funcional: concentrarse, razonar cr\u00edticamente, recordar con precisi\u00f3n, controlar impulsos y reflexionar de manera consciente. En una era caracterizada por la sobreexposici\u00f3n sensorial, la aceleraci\u00f3n tecnol\u00f3gica y la hiperconectividad constante, la mente humana se ve sometida a un entorno de est\u00edmulos fragmentados que amenazan su estabilidad y claridad. <strong>En este contexto, cuidar la salud cognitiva equivale a preservar la libertad de pensamiento y la independencia mental frente a los mecanismos de manipulaci\u00f3n digital y la fatiga informativa.<\/strong><\/p>\n\n\n\n<p>Espa\u00f1a, en 2025, se encuentra en una situaci\u00f3n especialmente parad\u00f3jica. Mientras celebra uno de los mayores logros demogr\u00e1ficos del mundo (una esperanza de vida superior a los 83 a\u00f1os y un 20% de la poblaci\u00f3n mayor de 65), <strong>enfrenta una crisis silenciosa de deterioro cognitivo y emocional en amplios sectores de la sociedad.<\/strong> La fatiga mental, la ansiedad, la depresi\u00f3n y la p\u00e9rdida de capacidad atencional afectan a generaciones enteras (incluidos los j\u00f3venes), que muestran signos de agotamiento cognitivo derivados del uso compulsivo de dispositivos digitales y de la aceleraci\u00f3n sociopol\u00edtica de la vida diaria. <strong>Esta realidad, combinada con la saturaci\u00f3n informativa y la precariedad emocional, ha configurado lo que los expertos denominan un \u201csecuestro cognitivo\u201d: un proceso por el cual los algoritmos y las din\u00e1micas tecnol\u00f3gicas capturan la atenci\u00f3n, moldean el deseo y reducen la autonom\u00eda mental.<\/strong><\/p>\n\n\n\n<p>El an\u00e1lisis de esta situaci\u00f3n se justifica por su enorme impacto social, sanitario y econ\u00f3mico. La degradaci\u00f3n de la salud cognitiva no solo afecta a la calidad de vida individual, sino que compromete la liebrtad, la autonom\u00eda, la productividad laboral, la cohesi\u00f3n social y la capacidad democr\u00e1tica del pa\u00eds. Las cifras de estr\u00e9s, consumo de psicof\u00e1rmacos y trastornos mentales evidencian una emergencia que va m\u00e1s all\u00e1 del \u00e1mbito cl\u00ednico: se trata de una crisis cultural y estructural que redefine las bases mismas de la convivencia y del pensamiento. Comprender las causas y los mecanismos de esta fen\u00f3meno resulta indispensable para dise\u00f1ar estrategias p\u00fablicas que refuercen la resiliencia cognitiva, promuevan la educaci\u00f3n algor\u00edtmica y restituyan la capacidad de reflexi\u00f3n y juicio cr\u00edtico en la ciudadan\u00eda.<\/p>\n\n\n\n<p>El presente an\u00e1lisis tiene como objetivo diagnosticar el estado actual de la salud cognitiva en Espa\u00f1a y sus principales amenazas, identificando los mecanismos neuropsicol\u00f3gicos y sociales que sustentan el secuestro cognitivo contempor\u00e1neo. Asimismo, busca examinar sus consecuencias sobre la salud mental, la toma de decisiones estrat\u00e9gicas y la calidad democr\u00e1tica, comparando la situaci\u00f3n espa\u00f1ola con experiencias internacionales de prevenci\u00f3n y educaci\u00f3n cognitiva. Finalmente, propone una serie de medidas orientadas a fortalecer la autonom\u00eda mental mediante la alfabetizaci\u00f3n digital cr\u00edtica, la regulaci\u00f3n \u00e9tica de los algoritmos, la educaci\u00f3n atencional y el retorno a pr\u00e1cticas que fomenten la introspecci\u00f3n, la conexi\u00f3n humana y la contemplaci\u00f3n.<\/p>\n\n\n\n<h4 class=\"wp-block-heading has-kubio-color-4-color has-text-color has-link-color wp-elements-69b8db47f8a3dd642c7ffd132dd4efd6\"><strong>2.\u00a0\u00a0\u00a0\u00a0\u00a0 Ideas clave<\/strong><\/h4>\n\n\n\n<p>El an\u00e1lisis revela que <strong>la salud cognitiva es el n\u00facleo de la autonom\u00eda humana.<\/strong> No se limita al funcionamiento biol\u00f3gico del cerebro, sino que constituye la base de la libertad individual y de la capacidad para pensar de manera independiente. Protegerla implica resistir la manipulaci\u00f3n algor\u00edtmica y recuperar la atenci\u00f3n profunda en un entorno que premia la distracci\u00f3n.<\/p>\n\n\n\n<p>Espa\u00f1a atraviesa una aut\u00e9ntica \u201cparadoja cognitiva\u201d: mientras su poblaci\u00f3n alcanza niveles hist\u00f3ricos de longevidad y vitalidad f\u00edsica, se observa un deterioro acelerado de la salud mental y de la capacidad atencional en todas las edades. Este fen\u00f3meno est\u00e1 directamente relacionado con la hiperconectividad, la exposici\u00f3n constante a pantallas y el consumo de informaci\u00f3n fragmentada.<\/p>\n\n\n\n<p>El secuestro cognitivo se ha convertido en un fen\u00f3meno estructural y masivo. Las tecnolog\u00edas digitales, dise\u00f1adas para capturar la atenci\u00f3n y maximizar la interacci\u00f3n, fragmentan el pensamiento, erosionan el juicio cr\u00edtico y reducen la tolerancia a la ambig\u00fcedad. La sobrecarga informativa, el escapismo digital y la dependencia emocional de los entornos virtuales est\u00e1n transformando la arquitectura mental de la sociedad.<\/p>\n\n\n\n<p>Esta crisis no afecta \u00fanicamente al individuo, sino tambi\u00e9n al funcionamiento de las instituciones democr\u00e1ticas. La manipulaci\u00f3n algor\u00edtmica y la desinformaci\u00f3n generan fatiga epist\u00e9mica, polarizaci\u00f3n y p\u00e9rdida de confianza en las estructuras pol\u00edticas. En consecuencia, preservar la salud cognitiva se ha convertido en una cuesti\u00f3n de soberan\u00eda democr\u00e1tica y seguridad nacional.<\/p>\n\n\n\n<p>Frente a este panorama, la resiliencia cognitiva debe ser entendida como una pol\u00edtica de Estado. La educaci\u00f3n algor\u00edtmica, la alfabetizaci\u00f3n medi\u00e1tica, el derecho a la desconexi\u00f3n y la creaci\u00f3n de un \u201cescudo cognitivo\u201d nacional y europeo son pasos esenciales para garantizar la autonom\u00eda mental y proteger el pensamiento libre en la era digital. En definitiva, la batalla por la cognici\u00f3n es, al mismo tiempo, una batalla por la democracia, por la dignidad humana y por el futuro del pensamiento cr\u00edtico en la sociedad espa\u00f1ola del siglo XXI.<\/p>\n\n\n\n<h4 class=\"wp-block-heading has-kubio-color-4-color has-text-color has-link-color wp-elements-8fca68f1a8eab996c6bbdea865cb9894\"><strong>3.\u00a0\u00a0\u00a0\u00a0\u00a0 Introducci\u00f3n. La salud cognitiva como frontera existencial del siglo XXI<\/strong><\/h4>\n\n\n\n<p>Cuando se habla de salud cognitiva, se refiere a algo que trasciende la mera ausencia de patolog\u00eda neurol\u00f3gica. Se trata de la capacidad del cerebro para ejercer sus funciones ejecutivas fundamentales<strong> (concentraci\u00f3n sostenida, memoria operativa, razonamiento l\u00f3gico, juicio cr\u00edtico, control de impulsos y pensamiento reflexivo)<\/strong> de manera eficiente y resiliente frente a los desaf\u00edos estructurales y temporales del mundo. En un contexto hist\u00f3rico marcado por <a href=\"https:\/\/www.understood.org\/es-mx\/articles\/what-is-sensory-overload\">la sobrecarga sensorial<\/a>, <a href=\"https:\/\/www.atresmedia.com\/levanta-la-cabeza\/digitalizacion-sostenible\/cambios-habitos\/tecnologia-digital-capacidad-cognitiva-aliada-enemiga_20250425680b6ad75d71dc778a8ee325.html\">la aceleraci\u00f3n digital<\/a> y <a href=\"https:\/\/www.insst.es\/documentacion\/material-divulgativo-y-audiovisual\/carteles\/sabias-que-hiperconectividad-disponibilidad-permanente-afectan-seguridad-salud-ano-2022\">la hiperconectividad permanente<\/a>, <strong>la salud cognitiva se revela como el \u00faltimo basti\u00f3n de la autonom\u00eda individual y colectiva.<\/strong> No se trata simplemente de mantener funciones cerebrales intactas con el envejecimiento, sino de preservar la capacidad de pensar por uno mismo, de sostener la atenci\u00f3n ante est\u00edmulos fragmentados, de resistir la manipulaci\u00f3n algor\u00edtmica, de contribuir a la \u00f3ptima constituci\u00f3n narrativa del sentido y de mantener espacios internos de silencio contemplativo donde emerja el pensamiento genuino.<\/p>\n\n\n\n<p>Espa\u00f1a se encuentra en 2025 en una \u201cencrucijada neurohist\u00f3rica\u201d particularmente compleja. Por un lado, <strong>se ostenta una de las esperanzas de vida m\u00e1s altas del mundo <\/strong>(con el <a href=\"https:\/\/www.google.com\/search?q=20%2C3%25+de+la+poblaci%C3%B3n+superando+los+65+a%C3%B1os+seg%C3%BAn+el+Instituto+Nacional+de+Estad%C3%ADstica&amp;rlz=1C1YTUH_esES1062ES1062&amp;oq=20%2C3%25+de+la+poblaci%C3%B3n+superando+los+65+a%C3%B1os+seg%C3%BAn+el+Instituto+Nacional+de+Estad%C3%ADstica&amp;gs_lcrp=EgZjaHJvbWUyBggAEEUYOdIBBzM4MGowajeoAgCwAgA&amp;sourceid=chrome&amp;ie=UTF-8\">20,3% de la poblaci\u00f3n superando los 65 a\u00f1os seg\u00fan el Instituto Nacional de Estad\u00edstica<\/a>). Esta longevidad representa un logro civilizatorio indiscutible. Sin embargo, tal triunfo demogr\u00e1fico convive con una amenaza silenciosa que los neurocient\u00edficos y psiquiatras apenas comienzan a dimensionar: <strong>el deterioro cognitivo prematuro en poblaciones j\u00f3venes, directamente vinculado a patrones de consumo digital y a lo que el fil\u00f3sofo surcoreano Byung-Chul Han ha denominado \u00ab<\/strong><a href=\"https:\/\/elpais.com\/cultura\/2025-10-24\/byung-chul-han-en-los-premios-princesa-de-asturias-nos-hemos-convertido-en-una-herramienta-del-smartphone-nos-usa-a-nosotros-y-no-al-reves.html\"><strong>la psicopol\u00edtica de la era digital<\/strong><\/a><strong>\u00ab.<\/strong> Este fen\u00f3meno parad\u00f3jico configura una \u201cparadoja cognitiva\u201d que deviene en una sociedad que envejece manteniendo cierta vitalidad corporal pero que muestra signos preocupantes de fragilidad mental creciente en todas las franjas etarias.<\/p>\n\n\n\n<h4 class=\"wp-block-heading has-kubio-color-4-color has-text-color has-link-color wp-elements-c357262f6e09679f51a1671c73ccc702\"><strong>4 .  Situaci\u00f3n actual y tendencias: Espa\u00f1a en el contexto cognitivo global<\/strong><\/h4>\n\n\n\n<ol class=\"wp-block-list\"><\/ol>\n\n\n\n<p>La arquitectura de distracci\u00f3n permanente de los ecosistemas digitales est\u00e1 provocando un <strong>secuestro cognitivo<\/strong> que afecta a todas las edades. Los cerebros se \u201crecablean\u201d por el uso compulsivo de dispositivos y la sobreestimulaci\u00f3n de la vida moderna, alterando atenci\u00f3n, memoria prospectiva y tolerancia a la ambig\u00fcedad. Esto genera <a href=\"https:\/\/www.nebrija.com\/investigacion-universidad\/grupos\/centro-ciencia-cognitiva.php?utm_source=chatgpt.com\">fatiga cognitiva cr\u00f3nica<\/a>.<\/p>\n\n\n\n<p>En Espa\u00f1a, m\u00e1s de 800.000 personas padecen deterioro cognitivo o demencia, principalmente Alzheimer (70\u201377% de los casos), con una prevalencia del 45,3% en mayores de 85 a\u00f1os. Esta degradaci\u00f3n cognitiva no es solo fruto del envejecimiento: <strong>el 68% de los j\u00f3venes de 18 a 35 a\u00f1os <\/strong><a href=\"https:\/\/neuronrehab.es\/blog\/fatiga-cognitiva-sintomas-tratamiento\/\"><strong>presenta al menos tres s\u00edntomas de fatiga cognitiva<\/strong><\/a>, mientras que la sintomatolog\u00eda depresiva afecta al 29,8% de los adultos y el 27,4% de las consultas de atenci\u00f3n primaria <a href=\"https:\/\/www.ine.es\/dyngs\/Prensa\/ESdE2023.htm?utm_source=chatgpt.com\">se encuentran relacionadas con ansiedad, depresi\u00f3n o trastornos adaptativos<\/a>. El estr\u00e9s afecta al 60% de los espa\u00f1oles, <strong>reflej\u00e1ndose en el alto consumo de benzodiacepinas<\/strong> y <a href=\"https:\/\/www.sanidad.gob.es\/estadEstudios\/estadisticas\/estadisticas\/estMinisterio\/SIAP\/Salud_mental_datos.pdf\">en un absentismo laboral significativo<\/a>.<\/p>\n\n\n\n<p><strong>Los trastornos de conducta alimentaria han aumentado un 45% desde 2020<\/strong>, emergiendo nuevas <strong>patolog\u00edas emergentes relacionadas con la cultura digital<\/strong> como <a href=\"https:\/\/www.endocrino.cat\/es\/blog-endocrinologia.cfm\/ID\/6495\/ESP\/la-ortorexia-obsesion-por-comida-sana.htm\">ortorexia<\/a>, <a href=\"https:\/\/psicologaespecialistamalaga.com\/drunkorexia\/\">drunkorexia<\/a> y <a href=\"https:\/\/www.bbc.com\/mundo\/noticias-43864965\">dismorfia de Snapchat<\/a>, mientras que el suicidio alcanza 8,5 casos por 100.000 habitantes.<\/p>\n\n\n\n<p>A pesar de contar con infraestructura cient\u00edfica avanzada, con proyectos como <strong>IMPaCT <\/strong>(<a href=\"https:\/\/www.isciii.es\/w\/el-isciii-impulsa-a-traves-del-ciber-una-cohorte-de-200.000-personas-para-estudiar-y-mejorar-la-salud-de-la-poblacion-espanola-1\">Instituto de Salud Carlos III y CIBERESP<\/a>) que buscan seguir 200.000 personas durante 20 a\u00f1os para estudiar h\u00e1bitos, gen\u00e9tica y entorno en el deterioro cognitivo; la percepci\u00f3n ciudadana sobre la preparaci\u00f3n del sistema sanitario es negativa: <a href=\"https:\/\/www.oecd.org\/content\/dam\/oecd\/es\/publications\/reports\/2025\/10\/who-cares-how-to-support-and-recognize-the-caregivers-of-older-persons-in-latin-america-and-the-caribbean_835ad355\/7721fcd3-es.pdf?utm_source=chatgpt.com\"><strong>el 70% cree que la sanidad no est\u00e1 preparada para atender Alzheimer u otras demencias<\/strong><\/a><strong>.<\/strong>&nbsp;<\/p>\n\n\n\n<p>La inversi\u00f3n en salud mental apenas alcanza el 1,8% del presupuesto sanitario frente al 5% recomendado por la OMS, mientras que el coste directo e indirecto de los trastornos mentales supera los 25.000 millones de euros anuales (equivalente al 2% del PIB). Esta combinaci\u00f3n de envejecimiento, presi\u00f3n digital y malestar psicol\u00f3gico evidencia un <strong>secuestro cognitivo masivo<\/strong> que compromete la salud mental, la productividad y la sostenibilidad del sistema sanitario, planteando una crisis social, cognitiva y econ\u00f3mica que requiere respuestas urgentes y coordinadas.<\/p>\n\n\n\n<h4 class=\"wp-block-heading has-kubio-color-4-color has-text-color has-link-color wp-elements-0fdbe417ed6a60bf2b4331d870fd404a\"><strong>5.\u00a0\u00a0\u00a0\u00a0\u00a0 Mecanismos de secuestro cognitivo<\/strong><\/h4>\n\n\n\n<p>El secuestro cognitivo ocurre cuando las tecnolog\u00edas digitales, dise\u00f1adas deliberadamente para maximizar la atenci\u00f3n y el <em>engagement<\/em>, <strong>capturan nuestra autonom\u00eda mental<\/strong> y remodelan procesos cognitivos esenciales. Este fen\u00f3meno se manifiesta a trav\u00e9s de m\u00faltiples mecanismos interrelacionados:<\/p>\n\n\n\n<ul class=\"wp-block-list\">\n<li><strong>Fragmentaci\u00f3n atencional:<\/strong><\/li>\n<\/ul>\n\n\n\n<p>Notificaciones constantes, <em>feeds <\/em>interminables y contenidos cortos dividen la atenci\u00f3n en intervalos muy breves, <strong>reduciendo la capacidad de concentraci\u00f3n sostenida y de procesamiento profundo.<\/strong> En Espa\u00f1a, <a href=\"https:\/\/www.iabspain.es\/\">el usuario medio consulta su smartphone 158 veces al d\u00eda, y el 73% abandona contenidos que superan tres minutos.<\/a><\/p>\n\n\n\n<ul class=\"wp-block-list\">\n<li><strong>Reducci\u00f3n del metapensamiento y pensamiento cr\u00edtico:<\/strong><\/li>\n<\/ul>\n\n\n\n<p>El consumo pasivo de informaci\u00f3n pre-digerida y la constante estimulaci\u00f3n externa eliminan los espacios para la reflexi\u00f3n sobre los propios procesos mentales, debilitando la <strong>metacognici\u00f3n<\/strong> y la capacidad de planificaci\u00f3n estrat\u00e9gica, juicio moral y generaci\u00f3n de conocimiento.<\/p>\n\n\n\n<ul class=\"wp-block-list\">\n<li><strong>Degradaci\u00f3n cognitiva por contenido de baja calidad (\u201c<\/strong><a href=\"https:\/\/es.wikipedia.org\/wiki\/Podredumbre_mental\"><strong><em>brainrot<\/em><\/strong><\/a><strong>\u201d):<\/strong><\/li>\n<\/ul>\n\n\n\n<p>Memes, videos cortos y titulares sensacionalistas inducen pensamientos fragmentados, incapacidad para leer textos largos y ausencia de elaboraci\u00f3n cognitiva profunda.<\/p>\n\n\n\n<ul class=\"wp-block-list\">\n<li><strong>Hiperestimulaci\u00f3n emocional y <\/strong><a href=\"https:\/\/www.lavanguardia.com\/tecnologia\/20231109\/9356813\/que-doomscrolling-deberias-dejar-hacerlo-pvlv.html\"><strong><em>doomscrolling<\/em><\/strong><\/a><strong>:<\/strong><\/li>\n<\/ul>\n\n\n\n<p>La exposici\u00f3n prolongada al hiper-contenido genera malestar emocional, hipervigilancia y agotamiento de la funci\u00f3n ejecutiva de los procesos mentales. Los algoritmos priorizan informaci\u00f3n que provoca indignaci\u00f3n o miedo, creando ciclos de consumo compulsivo y vulnerabilidad emocional.<\/p>\n\n\n\n<ul class=\"wp-block-list\">\n<li><strong>Colonizaci\u00f3n de espacios introspectivos:<\/strong><\/li>\n<\/ul>\n\n\n\n<p>El aburrimiento creativo y el silencio, esenciales para la imaginaci\u00f3n, consolidaci\u00f3n de memoria y reflexi\u00f3n profunda, han sido reemplazados por <a href=\"https:\/\/ccadicciones.es\/el-binge-watching-o-la-adiccion-a-las-series\/\"><em>binge-watching<\/em><\/a> y <a href=\"https:\/\/www.elsaltodiario.com\/culturas\/macrofestivales-romantizacion-del-hiperconsumo\">m\u00fasica algor\u00edtmica continua<\/a>. Plataformas de <em>streaming <\/em>y <em>playlists <\/em>infinitas generan dependencia de est\u00edmulos externos, reduciendo la capacidad de introspecci\u00f3n y la tolerancia al vac\u00edo.<\/p>\n\n\n\n<ul class=\"wp-block-list\">\n<li><strong>Adicciones conductuales y digitales:<\/strong><ul><li>Pornograf\u00eda online (<a href=\"https:\/\/www.eldiasegovia.es\/noticia\/z4c376252-f3ea-c4a4-22383c9ac2bf0ce8\/202311\/el-126-de-los-jovenes-espanoles-consume-pornografia-a-diario?utm_source=chatgpt.com\">12% de j\u00f3venes de 16-29 a\u00f1os consumen pornograf\u00eda diariamente<\/a>).<\/li><\/ul><ul><li>Apuestas online (S<a href=\"https:\/\/www.dsca.gob.es\/es\/comunicacion\/notas-prensa\/consumo-alerta-numero-jugadores-aumentado-mas-20-bonos-bienvenida-ofrecen?utm_source=chatgpt.com\">eg\u00fan la DGOJ y el Ministerio de Derechos Sociales, Consumo y Agenda 2030, en 2024 el n\u00famero de jugadores activos de juego online aument\u00f3 un 21,63 % respecto al a\u00f1o anterior<\/a>).<\/li><\/ul>\n<ul class=\"wp-block-list\">\n<li>Dependencia de validaci\u00f3n social (\u201cvampirismo emocional\u201d). Estas adicciones activan circuitos dopamin\u00e9rgicos, deterioran la funci\u00f3n de apego emocional y promueven la toma de decisiones impulsiva.<\/li>\n<\/ul>\n<\/li>\n<\/ul>\n\n\n\n<p><\/p>\n\n\n\n<ul class=\"wp-block-list\">\n<li><strong>Paternalismo algor\u00edtmico y deseo implantado:<\/strong><\/li>\n<\/ul>\n\n\n\n<p>Algoritmos que predicen preferencias tambi\u00e9n <strong>moldean deseos<\/strong>, confundiendo lo implantado con lo aut\u00e9ntico. En Espa\u00f1a, <a href=\"https:\/\/cibuslink.it\/en\/In-Spain--artificial-intelligence-changes-the-way-of-shopping\/?utm_source=chatgpt.com\"><strong>un informe se\u00f1ala que el 35 % de los compradores online usan asistentes virtuales, y el 57 % usan IA como fuente de inspiraci\u00f3n para escoger ropa, comida u otros art\u00edculos.<\/strong><\/a> Esto erosiona la autonom\u00eda, dificulta la deliberaci\u00f3n consciente y limita la apertura a experiencias genuinamente nuevas.<\/p>\n\n\n\n<p>En conjunto, estos mecanismos generan una <strong>mente reactiva, fragmentada y dependiente de est\u00edmulos externos<\/strong>, donde la introspecci\u00f3n, la creatividad, el juicio cr\u00edtico y la autonom\u00eda se ven progresivamente degradados, configurando un <strong>secuestro cognitivo masivo y estructural<\/strong> en la era digital.<\/p>\n\n\n\n<h4 class=\"wp-block-heading has-kubio-color-4-color has-text-color has-link-color wp-elements-66a3ae33e0ef0e26befb527391893261\">6.  Escapismo digital y problem\u00e1tica cognitiva<\/h4>\n\n\n\n<p>El escapismo digital constituye una de las dimensiones m\u00e1s inquietantes del secuestro cognitivo contempor\u00e1neo:<strong> la tendencia a sustituir la experiencia vivida por entornos virtuales que prometen control, gratificaci\u00f3n instant\u00e1nea y alivio emocional.<\/strong> Videojuegos inmersivos, redes sociales, pornograf\u00eda online y realidades virtuales ofrecen refugios dise\u00f1ados algor\u00edtmicamente para capturar la atenci\u00f3n y modular el afecto, generando experiencias que, aunque subjetivamente placenteras, pueden derivar en deterioro psicol\u00f3gico y cognitivo significativo. Lo que comienza como entretenimiento o distracci\u00f3n puede terminar operando como mecanismo de defensa frente a la frustraci\u00f3n, la ansiedad o la insatisfacci\u00f3n existencial.<\/p>\n\n\n\n<p>La sustituci\u00f3n de la experiencia real por simulacros digitales supone el primer nivel de riesgo. Cada hora invertida en mundos virtuales reduce el tiempo disponible para interacciones f\u00edsicas y sociales aut\u00e9nticas, y esta sustituci\u00f3n no es neutra: los entornos digitales carecen de la riqueza sensorial, la imprevisibilidad y las consecuencias genuinas que caracterizan la vida no mediada. El cerebro de un jugador o usuario intensivo se adapta a la estructura de recompensas instant\u00e1neas y previsibles de lo digital, a costa de su tolerancia a la ambig\u00fcedad, la frustraci\u00f3n y la incertidumbre del mundo real. As\u00ed, <strong>la hiperexposici\u00f3n a entornos de certeza digital entrena mentes incapaces de sostener el vac\u00edo, el aburrimiento o la duda (tan importante para el mundo VUCA\/BANI): condiciones indispensables para la maduraci\u00f3n emocional y el pensamiento complejo.<\/strong><\/p>\n\n\n\n<p>Los mecanismos cognitivos que sostienen este escapismo <strong>act\u00faan como aut\u00e9nticos defensores del autoenga\u00f1o.<\/strong> El sesgo de confirmaci\u00f3n, amplificado por algoritmos que personalizan contenidos, valida la retirada del mundo: comunidades que glorifican el aislamiento, discursos que idealizan el refugio virtual y narrativas que presentan la realidad como hostil. El sesgo de certeza (la preferencia por entornos donde todo puede anticiparse) encuentra en los videojuegos y redes su escenario ideal: reglas claras, recompensas inmediatas, control absoluto. En contraste, la vida real, ambigua y desordenada, se percibe como insoportable. La evitaci\u00f3n del aburrimiento (patologizada culturalmente) refuerza el c\u00edrculo: los espacios de silencio mental que deber\u00edan permitir integraci\u00f3n emocional y reflexi\u00f3n son invadidos por est\u00edmulos constantes. Y la rehuida de la ambig\u00fcedad (la incapacidad para tolerar lo incierto y lo complejo) se convierte en uno de los s\u00edntomas cognitivos m\u00e1s graves del siglo digital.<\/p>\n\n\n\n<p>Espa\u00f1a ofrece un retrato paradigm\u00e1tico de este proceso. En 2024, <strong>el pa\u00eds ocupaba el tercer lugar europeo en adicci\u00f3n a videojuegos y mundos virtuales.<\/strong> Paralelamente, el uso terap\u00e9utico de la realidad virtual aument\u00f3, reflejando tanto el potencial cl\u00ednico de estas tecnolog\u00edas como su penetraci\u00f3n cultural. <a href=\"https:\/\/www.mdzol.com\/estilo\/2022\/4\/13\/un-estudio-advierte-sobre-los-peligros-del-metaverso-en-la-mente-humana-235408.html?utm_source=chatgpt.com\">Estudios<\/a> sobre el uso intensivo de entornos virtuales muestran un incremento en experiencias de despersonalizaci\u00f3n o desrealizaci\u00f3n (dificultad para distinguir lo real de lo virtual), aunque en la mayor\u00eda de los casos son s\u00edntomas leves y transitorios. Esta \u201ccrisis de realidad\u201d, <a href=\"https:\/\/raularagon.com.ar\/biblioteca\/libros\/Baudrillard\/Jean%20Baudrillard%20-%20Cultura%20y%20simulacro.pdf\">anticipada por Baudrillard en su noci\u00f3n de <em>simulacro<\/em><\/a>, ya no es solo una met\u00e1fora filos\u00f3fica sino una preocupaci\u00f3n psicol\u00f3gica tangible para una generaci\u00f3n formada entre pantallas y confinamientos prolongados.<\/p>\n\n\n\n<p><strong>El escapismo digital se entrelaza as\u00ed con la crisis de salud mental que atraviesa Espa\u00f1a en 2025.<\/strong><\/p>\n\n\n\n<h4 class=\"wp-block-heading has-kubio-color-4-color has-text-color has-link-color wp-elements-a8f57452caab2bf4198ce02078561af8\">7.  Impacto del secuestro cognitivo en analistas, tomadores de decisiones y la democracia<\/h4>\n\n\n\n<p>El secuestro cognitivo no afecta solo al individuo promedio, sino que tiene repercusiones estructurales en la capacidad de an\u00e1lisis estrat\u00e9gico, la toma de decisiones pol\u00edticas y la confianza ciudadana en los sistemas democr\u00e1ticos. La saturaci\u00f3n informativa y la manipulaci\u00f3n algor\u00edtmica generan un entorno de <strong>infoxicaci\u00f3n<\/strong> y fatiga epist\u00e9mica que compromete la autonom\u00eda cognitiva de actores clave.<\/p>\n\n\n\n<p><strong>1. Analistas de inteligencia y evaluaci\u00f3n estrat\u00e9gica:<\/strong><\/p>\n\n\n\n<p>Los profesionales de inteligencia enfrentan flujos de informaci\u00f3n cada vez m\u00e1s complejos y segmentados, donde la mezcla de datos ver\u00eddicos con contenidos manipulados reduce la fiabilidad de la informaci\u00f3n. La presi\u00f3n por procesar vol\u00famenes masivos de datos en tiempo real aumenta el riesgo de errores, retrasos en la interpretaci\u00f3n y sesgos de confirmaci\u00f3n. La exposici\u00f3n constante a desinformaci\u00f3n estructurada puede generar agotamiento cognitivo, afectando la capacidad de anticipar amenazas y dise\u00f1ar respuestas eficaces.<\/p>\n\n\n\n<p><strong>2. Tomadores de decisiones y gesti\u00f3n p\u00fablica:<\/strong><\/p>\n\n\n\n<p>La sobrecarga informativa compromete la deliberaci\u00f3n cr\u00edtica de l\u00edderes pol\u00edticos y gestores p\u00fablicos. La exposici\u00f3n a narrativas polarizadas y manipuladas puede inducir decisiones reactivas o basadas en percepciones distorsionadas, disminuyendo la calidad de la planificaci\u00f3n estrat\u00e9gica y la resiliencia institucional frente a crisis complejas. La normalizaci\u00f3n de interferencias cibern\u00e9ticas y campa\u00f1as de manipulaci\u00f3n psicol\u00f3gica convierte a la autonom\u00eda cognitiva de los decisores en un bien estrat\u00e9gico.<\/p>\n\n\n\n<p><strong>3. Ciudadan\u00eda y democracia:<\/strong><\/p>\n\n\n\n<p>Los ciudadanos tambi\u00e9n se ven afectados. La infoxicaci\u00f3n y la segmentaci\u00f3n algor\u00edtmica fragmentan la percepci\u00f3n colectiva, dificultan la formaci\u00f3n de consensos y reducen la capacidad de participaci\u00f3n c\u00edvica informada. La exposici\u00f3n constante a entornos de certeza digital y la validaci\u00f3n social dependiente de algoritmos puede reforzar sesgos cognitivos y generar tribalismo informativo. Esta erosi\u00f3n de la percepci\u00f3n objetiva amenaza la cohesi\u00f3n social y la confianza en las instituciones democr\u00e1ticas.<\/p>\n\n\n\n<h4 class=\"wp-block-heading has-kubio-color-4-color has-text-color has-link-color wp-elements-6cf6991036278b7ca664d2852212bc77\"><strong>8.  Lecciones internacionales, resiliencia cognitiva, riesgos y estrategias de futuro<\/strong><\/h4>\n\n\n\n<p>La transformaci\u00f3n digital y la hiperconectividad han hecho de la guerra cognitiva un fen\u00f3meno estructural consolidado, donde la manipulaci\u00f3n de la informaci\u00f3n y la saturaci\u00f3n algor\u00edtmica no son experimentos aislados, sino protocolos sistem\u00e1ticos. La corrosi\u00f3n de la verdad factual mediante desinformaci\u00f3n amplificada por IA generativa, microsegmentaci\u00f3n de audiencias y Big Data, junto con el uso masivo de <em>deepfakes <\/em>y <a href=\"https:\/\/revistas.ucm.es\/index.php\/HICS\/article\/view\/92238\"><em>astroturfing<\/em><\/a>, demuestra que el espacio cognitivo se ha convertido en un campo de batalla estrat\u00e9gico. Esta vulnerabilidad se extiende a la infraestructura cibern\u00e9tica cr\u00edtica y a la normalizaci\u00f3n del conflicto h\u00edbrido multivectorial, donde actores estatales y no estatales colaboran indirectamente, mientras persisten desaf\u00edos \u00e9ticos y legales sobre seguridad, libertad de expresi\u00f3n y veracidad de la informaci\u00f3n.<\/p>\n\n\n\n<p>Los riesgos proyectados hacia 2035 incluyen <strong>la fragmentaci\u00f3n de la sociedad en burbujas cognitivas, la reducci\u00f3n del <\/strong><a href=\"https:\/\/es.wikipedia.org\/wiki\/Intervalo_de_atenci%C3%B3n\"><strong><em>attention span<\/em><\/strong><\/a><strong> por sobrecarga informativa, la intervenci\u00f3n de agentes IA aut\u00f3nomos y la creaci\u00f3n de metaversos pol\u00edticos que refuerzan tribalismos digitales extremos.<\/strong> La mente humana, incapaz de procesar conscientemente la complejidad de la informaci\u00f3n, desarrolla arquitecturas fragmentadas que aumentan la fatiga psicol\u00f3gica y los trastornos cognitivos, mientras la manipulaci\u00f3n algor\u00edtmica del voto y de sistemas urbanos podr\u00eda comprometer tanto la democracia como la autonom\u00eda individual. Incluso en escenarios de verificaci\u00f3n tecnol\u00f3gica avanzada, la desconfianza generalizada puede generar hiper-relativismo y erosi\u00f3n del consenso objetivo.<\/p>\n\n\n\n<p><strong>Frente a estos desaf\u00edos, las experiencias internacionales ofrecen lecciones valiosas.<\/strong> Corea del Sur muestra que restricciones tecnol\u00f3gicas aisladas tienen eficacia limitada sin un cambio cultural, mientras que los pa\u00edses n\u00f3rdicos evidencian que la educaci\u00f3n, la prevenci\u00f3n y la gesti\u00f3n atencional fortalecen la resiliencia cognitiva. Francia y Canad\u00e1 destacan la importancia de derechos legales de desconexi\u00f3n y programas de envejecimiento activo, combinando estimulaci\u00f3n cognitiva, socializaci\u00f3n y mentor\u00eda intergeneracional.<\/p>\n\n\n\n<p>Espa\u00f1a, pese a su capacidad cient\u00edfica, necesita coordinar investigaci\u00f3n, educaci\u00f3n y pol\u00edticas p\u00fablicas para traducir conocimiento en protecci\u00f3n efectiva de la salud cognitiva. Una estrategia nacional integral requiere consolidar educaci\u00f3n algor\u00edtmica y alfabetizaci\u00f3n neurocr\u00edtica desde edades tempranas, ense\u00f1ando no solo el uso de tecnolog\u00eda, sino la comprensi\u00f3n de sus efectos sobre atenci\u00f3n, memoria y pensamiento cr\u00edtico. Esto implica ense\u00f1ar verificaci\u00f3n de contenidos, an\u00e1lisis de sesgos algor\u00edtmicos y resiliencia frente a la infoxicaci\u00f3n. <strong>Complementariamente, es necesario volver al cuerpo y reforzar la autonom\u00eda mental mediante pr\u00e1cticas que restauren la conexi\u00f3n f\u00edsica y social, espacios de silencio, ejercicio, juego y contemplaci\u00f3n, equilibrando la digitalizaci\u00f3n con experiencias sensoriales y cognitivas directas.<\/strong> La digitalizaci\u00f3n debe ser usada como herramienta, pero no convertirse en el n\u00facleo del modelo productivo ni en la medida exclusiva del desarrollo social.<\/p>\n\n\n\n<p>T\u00e9cnicamente, la creaci\u00f3n de un Escudo Cognitivo Nacional y Europeo permitir\u00eda detectar y bloquear campa\u00f1as de desinformaci\u00f3n antes de su viralizaci\u00f3n, apoyado por IA generativa y arquitecturas multimodales anti-manipulaci\u00f3n. La ciberdefensa cognitiva, el <em>fact-checking<\/em> automatizado, los espacios libres de tecnolog\u00edas avanzadas y la colaboraci\u00f3n p\u00fablico-privada en neuropsicolog\u00eda y ciberseguridad son esenciales para contrarrestar la fragmentaci\u00f3n de pensamiento y preservar la claridad mental.<\/p>\n\n\n\n<p>A nivel legal, la manipulaci\u00f3n cognitiva debe tipificarse como delito, incluyendo restricciones \u00e9ticas a neurotecnolog\u00edas, responsabilidad algor\u00edtmica vinculante y prohibici\u00f3n del <em>micro-targeting<\/em> basado en datos neuropsicol\u00f3gicos. La creaci\u00f3n de un Ministerio de la Cognici\u00f3n y un Tribunal Internacional de Cr\u00edmenes Cognitivos permitir\u00eda proteger la higiene cognitiva de la ciudadan\u00eda y establecer est\u00e1ndares internacionales de soberan\u00eda mental, complementados por una Declaraci\u00f3n Universal de los Derechos de la Mente.<\/p>\n\n\n\n<p>La educaci\u00f3n, la capacitaci\u00f3n y la prospectiva deben incluir entrenamiento en independencia cognitiva, gesti\u00f3n de fatiga informativa, simulaci\u00f3n de escenarios de riesgo y desarrollo de capacidades atencionales avanzadas. La socializaci\u00f3n fuera de burbujas cognitivas, la revalorizaci\u00f3n de la conexi\u00f3n f\u00edsica y la inversi\u00f3n en pensamiento profundo son estrategias esenciales para mitigar los efectos de la infoxicaci\u00f3n y el secuestro algor\u00edtmico de la atenci\u00f3n.<\/p>\n\n\n\n<p>En s\u00edntesis, la resiliencia cognitiva de Espa\u00f1a depende de un enfoque integral que combine educaci\u00f3n algor\u00edtmica, fortalecimiento de la autonom\u00eda mental, retorno al cuerpo, regulaci\u00f3n tecnol\u00f3gica, dise\u00f1o urbano y cultura p\u00fablica que valorice el pensamiento lento y la contemplaci\u00f3n. La digitalizaci\u00f3n puede potenciar capacidades humanas, pero solo si se orienta conscientemente hacia la ampliaci\u00f3n de la mente y no hacia su explotaci\u00f3n. La batalla por la cognici\u00f3n es, en \u00faltima instancia, la batalla por la autonom\u00eda individual y colectiva, la democracia deliberativa y el florecimiento humano en el siglo XXI.<\/p>\n\n\n\n<div data-wp-interactive=\"core\/file\" class=\"wp-block-file aligncenter\"><object data-wp-bind--hidden=\"!state.hasPdfPreview\" hidden class=\"wp-block-file__embed\" data=\"https:\/\/www.inteligenia.info\/wp-content\/uploads\/2025\/11\/Radiografia-de-la-Salud-Cognitiva-Espanola-2025-.pdf\" type=\"application\/pdf\" style=\"width:100%;height:600px\" aria-label=\"Incrustado de Radiograf\u00eda de la Salud Cognitiva Espa\u00f1ola 2025.\"><\/object><a id=\"wp-block-file--media-0c2ed084-14cf-4043-b29c-27ec6bf980af\" href=\"https:\/\/www.inteligenia.info\/wp-content\/uploads\/2025\/11\/Radiografia-de-la-Salud-Cognitiva-Espanola-2025-.pdf\" target=\"_blank\" rel=\"noreferrer noopener\">Radiograf\u00eda de la Salud Cognitiva Espa\u00f1ola 2025<\/a><a href=\"https:\/\/www.inteligenia.info\/wp-content\/uploads\/2025\/11\/Radiografia-de-la-Salud-Cognitiva-Espanola-2025-.pdf\" class=\"wp-block-file__button wp-element-button\" download aria-describedby=\"wp-block-file--media-0c2ed084-14cf-4043-b29c-27ec6bf980af\">Descarga<\/a><\/div>\n","protected":false},"excerpt":{"rendered":"<p>1.&nbsp;&nbsp;&nbsp;&nbsp;&nbsp; Justificaci\u00f3n y objetivos del an\u00e1lisis La salud cognitiva se ha convertido en uno de los grandes desaf\u00edos del siglo XXI. M\u00e1s all\u00e1 de la ausencia de enfermedades neurol\u00f3gicas, este concepto alude a la capacidad del cerebro para mantener su autonom\u00eda funcional: concentrarse, razonar cr\u00edticamente, recordar con precisi\u00f3n, controlar impulsos y reflexionar de manera consciente. [&hellip;]<\/p>\n","protected":false},"author":1,"featured_media":1291,"comment_status":"open","ping_status":"open","sticky":false,"template":"","format":"standard","meta":{"saved_in_kubio":false,"footnotes":""},"categories":[13,27,20],"tags":[],"class_list":["post-1289","post","type-post","status-publish","format-standard","has-post-thumbnail","hentry","category-articulos","category-cognitivo","category-inteligencia"],"yoast_head":"<!-- This site is optimized with the Yoast SEO plugin v27.0 - https:\/\/yoast.com\/product\/yoast-seo-wordpress\/ -->\n<title>Radiograf\u00eda de la salud cognitiva espa\u00f1ola en 2025 Autonom\u00eda mental en la era del secuestro algor\u00edtmico - Inteligenia<\/title>\n<meta name=\"robots\" content=\"index, follow, max-snippet:-1, max-image-preview:large, max-video-preview:-1\" \/>\n<link rel=\"canonical\" href=\"https:\/\/www.inteligenia.info\/home\/radiografia-de-la-salud-cognitiva-espanola-en-2025-autonomia-mental-en-la-era-del-secuestro-algoritmico\/\" \/>\n<meta property=\"og:locale\" content=\"es_ES\" \/>\n<meta property=\"og:type\" content=\"article\" \/>\n<meta property=\"og:title\" content=\"Radiograf\u00eda de la salud cognitiva espa\u00f1ola en 2025 Autonom\u00eda mental en la era del secuestro algor\u00edtmico - Inteligenia\" \/>\n<meta property=\"og:description\" content=\"1.&nbsp;&nbsp;&nbsp;&nbsp;&nbsp; Justificaci\u00f3n y objetivos del an\u00e1lisis La salud cognitiva se ha convertido en uno de los grandes desaf\u00edos del siglo XXI. M\u00e1s all\u00e1 de la ausencia de enfermedades neurol\u00f3gicas, este concepto alude a la capacidad del cerebro para mantener su autonom\u00eda funcional: concentrarse, razonar cr\u00edticamente, recordar con precisi\u00f3n, controlar impulsos y reflexionar de manera consciente. [&hellip;]\" \/>\n<meta property=\"og:url\" content=\"https:\/\/www.inteligenia.info\/home\/radiografia-de-la-salud-cognitiva-espanola-en-2025-autonomia-mental-en-la-era-del-secuestro-algoritmico\/\" \/>\n<meta property=\"og:site_name\" content=\"Inteligenia\" \/>\n<meta property=\"article:published_time\" content=\"2025-11-07T07:46:12+00:00\" \/>\n<meta property=\"article:modified_time\" content=\"2025-11-07T07:46:14+00:00\" \/>\n<meta property=\"og:image\" content=\"https:\/\/www.inteligenia.info\/wp-content\/uploads\/2025\/11\/Copia-Esquemas-mentales.png\" \/>\n\t<meta property=\"og:image:width\" content=\"1024\" \/>\n\t<meta property=\"og:image:height\" content=\"644\" \/>\n\t<meta property=\"og:image:type\" content=\"image\/png\" \/>\n<meta name=\"author\" content=\"admin\" \/>\n<meta name=\"twitter:card\" content=\"summary_large_image\" \/>\n<meta name=\"twitter:creator\" content=\"@INTELIGENIA_\" \/>\n<meta name=\"twitter:site\" content=\"@INTELIGENIA_\" \/>\n<meta name=\"twitter:label1\" content=\"Escrito por\" \/>\n\t<meta name=\"twitter:data1\" content=\"admin\" \/>\n\t<meta name=\"twitter:label2\" content=\"Tiempo de lectura\" \/>\n\t<meta name=\"twitter:data2\" content=\"16 minutos\" \/>\n<script type=\"application\/ld+json\" class=\"yoast-schema-graph\">{\"@context\":\"https:\/\/schema.org\",\"@graph\":[{\"@type\":\"Article\",\"@id\":\"https:\/\/www.inteligenia.info\/home\/radiografia-de-la-salud-cognitiva-espanola-en-2025-autonomia-mental-en-la-era-del-secuestro-algoritmico\/#article\",\"isPartOf\":{\"@id\":\"https:\/\/www.inteligenia.info\/home\/radiografia-de-la-salud-cognitiva-espanola-en-2025-autonomia-mental-en-la-era-del-secuestro-algoritmico\/\"},\"author\":{\"name\":\"admin\",\"@id\":\"https:\/\/www.inteligenia.info\/home\/#\/schema\/person\/1bf90ee63c207f611a224f9c17dbf031\"},\"headline\":\"Radiograf\u00eda de la salud cognitiva espa\u00f1ola en 2025 Autonom\u00eda mental en la era del secuestro algor\u00edtmico\",\"datePublished\":\"2025-11-07T07:46:12+00:00\",\"dateModified\":\"2025-11-07T07:46:14+00:00\",\"mainEntityOfPage\":{\"@id\":\"https:\/\/www.inteligenia.info\/home\/radiografia-de-la-salud-cognitiva-espanola-en-2025-autonomia-mental-en-la-era-del-secuestro-algoritmico\/\"},\"wordCount\":3904,\"commentCount\":0,\"publisher\":{\"@id\":\"https:\/\/www.inteligenia.info\/home\/#organization\"},\"image\":{\"@id\":\"https:\/\/www.inteligenia.info\/home\/radiografia-de-la-salud-cognitiva-espanola-en-2025-autonomia-mental-en-la-era-del-secuestro-algoritmico\/#primaryimage\"},\"thumbnailUrl\":\"https:\/\/www.inteligenia.info\/wp-content\/uploads\/2025\/11\/Copia-Esquemas-mentales.png\",\"articleSection\":[\"Art\u00edculos\",\"Cognitivo\",\"Inteligencia\"],\"inLanguage\":\"es\",\"potentialAction\":[{\"@type\":\"CommentAction\",\"name\":\"Comment\",\"target\":[\"https:\/\/www.inteligenia.info\/home\/radiografia-de-la-salud-cognitiva-espanola-en-2025-autonomia-mental-en-la-era-del-secuestro-algoritmico\/#respond\"]}]},{\"@type\":\"WebPage\",\"@id\":\"https:\/\/www.inteligenia.info\/home\/radiografia-de-la-salud-cognitiva-espanola-en-2025-autonomia-mental-en-la-era-del-secuestro-algoritmico\/\",\"url\":\"https:\/\/www.inteligenia.info\/home\/radiografia-de-la-salud-cognitiva-espanola-en-2025-autonomia-mental-en-la-era-del-secuestro-algoritmico\/\",\"name\":\"Radiograf\u00eda de la salud cognitiva espa\u00f1ola en 2025 Autonom\u00eda mental en la era del secuestro algor\u00edtmico - Inteligenia\",\"isPartOf\":{\"@id\":\"https:\/\/www.inteligenia.info\/home\/#website\"},\"primaryImageOfPage\":{\"@id\":\"https:\/\/www.inteligenia.info\/home\/radiografia-de-la-salud-cognitiva-espanola-en-2025-autonomia-mental-en-la-era-del-secuestro-algoritmico\/#primaryimage\"},\"image\":{\"@id\":\"https:\/\/www.inteligenia.info\/home\/radiografia-de-la-salud-cognitiva-espanola-en-2025-autonomia-mental-en-la-era-del-secuestro-algoritmico\/#primaryimage\"},\"thumbnailUrl\":\"https:\/\/www.inteligenia.info\/wp-content\/uploads\/2025\/11\/Copia-Esquemas-mentales.png\",\"datePublished\":\"2025-11-07T07:46:12+00:00\",\"dateModified\":\"2025-11-07T07:46:14+00:00\",\"breadcrumb\":{\"@id\":\"https:\/\/www.inteligenia.info\/home\/radiografia-de-la-salud-cognitiva-espanola-en-2025-autonomia-mental-en-la-era-del-secuestro-algoritmico\/#breadcrumb\"},\"inLanguage\":\"es\",\"potentialAction\":[{\"@type\":\"ReadAction\",\"target\":[\"https:\/\/www.inteligenia.info\/home\/radiografia-de-la-salud-cognitiva-espanola-en-2025-autonomia-mental-en-la-era-del-secuestro-algoritmico\/\"]}]},{\"@type\":\"ImageObject\",\"inLanguage\":\"es\",\"@id\":\"https:\/\/www.inteligenia.info\/home\/radiografia-de-la-salud-cognitiva-espanola-en-2025-autonomia-mental-en-la-era-del-secuestro-algoritmico\/#primaryimage\",\"url\":\"https:\/\/www.inteligenia.info\/wp-content\/uploads\/2025\/11\/Copia-Esquemas-mentales.png\",\"contentUrl\":\"https:\/\/www.inteligenia.info\/wp-content\/uploads\/2025\/11\/Copia-Esquemas-mentales.png\",\"width\":1024,\"height\":644},{\"@type\":\"BreadcrumbList\",\"@id\":\"https:\/\/www.inteligenia.info\/home\/radiografia-de-la-salud-cognitiva-espanola-en-2025-autonomia-mental-en-la-era-del-secuestro-algoritmico\/#breadcrumb\",\"itemListElement\":[{\"@type\":\"ListItem\",\"position\":1,\"name\":\"Portada\",\"item\":\"https:\/\/www.inteligenia.info\/home\/\"},{\"@type\":\"ListItem\",\"position\":2,\"name\":\"Radiograf\u00eda de la salud cognitiva espa\u00f1ola en 2025 Autonom\u00eda mental en la era del secuestro algor\u00edtmico\"}]},{\"@type\":\"WebSite\",\"@id\":\"https:\/\/www.inteligenia.info\/home\/#website\",\"url\":\"https:\/\/www.inteligenia.info\/home\/\",\"name\":\"Inteligenia\",\"description\":\"\",\"publisher\":{\"@id\":\"https:\/\/www.inteligenia.info\/home\/#organization\"},\"potentialAction\":[{\"@type\":\"SearchAction\",\"target\":{\"@type\":\"EntryPoint\",\"urlTemplate\":\"https:\/\/www.inteligenia.info\/home\/?s={search_term_string}\"},\"query-input\":{\"@type\":\"PropertyValueSpecification\",\"valueRequired\":true,\"valueName\":\"search_term_string\"}}],\"inLanguage\":\"es\"},{\"@type\":\"Organization\",\"@id\":\"https:\/\/www.inteligenia.info\/home\/#organization\",\"name\":\"Inteligenia\",\"url\":\"https:\/\/www.inteligenia.info\/home\/\",\"logo\":{\"@type\":\"ImageObject\",\"inLanguage\":\"es\",\"@id\":\"https:\/\/www.inteligenia.info\/home\/#\/schema\/logo\/image\/\",\"url\":\"https:\/\/www.inteligenia.info\/wp-content\/uploads\/2024\/06\/transparent_logo-1-e1718047668142.png\",\"contentUrl\":\"https:\/\/www.inteligenia.info\/wp-content\/uploads\/2024\/06\/transparent_logo-1-e1718047668142.png\",\"width\":674,\"height\":141,\"caption\":\"Inteligenia\"},\"image\":{\"@id\":\"https:\/\/www.inteligenia.info\/home\/#\/schema\/logo\/image\/\"},\"sameAs\":[\"https:\/\/x.com\/INTELIGENIA_\",\"https:\/\/www.linkedin.com\/company\/inteligenia\/?viewAsMember=true\"]},{\"@type\":\"Person\",\"@id\":\"https:\/\/www.inteligenia.info\/home\/#\/schema\/person\/1bf90ee63c207f611a224f9c17dbf031\",\"name\":\"admin\",\"image\":{\"@type\":\"ImageObject\",\"inLanguage\":\"es\",\"@id\":\"https:\/\/www.inteligenia.info\/home\/#\/schema\/person\/image\/\",\"url\":\"https:\/\/secure.gravatar.com\/avatar\/ed712be762908ac190eb3beb8cf9efb0dc9c425bd7b69d40ba8746efca2909c6?s=96&d=mm&r=g\",\"contentUrl\":\"https:\/\/secure.gravatar.com\/avatar\/ed712be762908ac190eb3beb8cf9efb0dc9c425bd7b69d40ba8746efca2909c6?s=96&d=mm&r=g\",\"caption\":\"admin\"},\"sameAs\":[\"http:\/\/www.inteligenia.info\"],\"url\":\"https:\/\/www.inteligenia.info\/home\/author\/admin\/\"}]}<\/script>\n<!-- \/ Yoast SEO plugin. -->","yoast_head_json":{"title":"Radiograf\u00eda de la salud cognitiva espa\u00f1ola en 2025 Autonom\u00eda mental en la era del secuestro algor\u00edtmico - Inteligenia","robots":{"index":"index","follow":"follow","max-snippet":"max-snippet:-1","max-image-preview":"max-image-preview:large","max-video-preview":"max-video-preview:-1"},"canonical":"https:\/\/www.inteligenia.info\/home\/radiografia-de-la-salud-cognitiva-espanola-en-2025-autonomia-mental-en-la-era-del-secuestro-algoritmico\/","og_locale":"es_ES","og_type":"article","og_title":"Radiograf\u00eda de la salud cognitiva espa\u00f1ola en 2025 Autonom\u00eda mental en la era del secuestro algor\u00edtmico - Inteligenia","og_description":"1.&nbsp;&nbsp;&nbsp;&nbsp;&nbsp; Justificaci\u00f3n y objetivos del an\u00e1lisis La salud cognitiva se ha convertido en uno de los grandes desaf\u00edos del siglo XXI. M\u00e1s all\u00e1 de la ausencia de enfermedades neurol\u00f3gicas, este concepto alude a la capacidad del cerebro para mantener su autonom\u00eda funcional: concentrarse, razonar cr\u00edticamente, recordar con precisi\u00f3n, controlar impulsos y reflexionar de manera consciente. [&hellip;]","og_url":"https:\/\/www.inteligenia.info\/home\/radiografia-de-la-salud-cognitiva-espanola-en-2025-autonomia-mental-en-la-era-del-secuestro-algoritmico\/","og_site_name":"Inteligenia","article_published_time":"2025-11-07T07:46:12+00:00","article_modified_time":"2025-11-07T07:46:14+00:00","og_image":[{"width":1024,"height":644,"url":"https:\/\/www.inteligenia.info\/wp-content\/uploads\/2025\/11\/Copia-Esquemas-mentales.png","type":"image\/png"}],"author":"admin","twitter_card":"summary_large_image","twitter_creator":"@INTELIGENIA_","twitter_site":"@INTELIGENIA_","twitter_misc":{"Escrito por":"admin","Tiempo de lectura":"16 minutos"},"schema":{"@context":"https:\/\/schema.org","@graph":[{"@type":"Article","@id":"https:\/\/www.inteligenia.info\/home\/radiografia-de-la-salud-cognitiva-espanola-en-2025-autonomia-mental-en-la-era-del-secuestro-algoritmico\/#article","isPartOf":{"@id":"https:\/\/www.inteligenia.info\/home\/radiografia-de-la-salud-cognitiva-espanola-en-2025-autonomia-mental-en-la-era-del-secuestro-algoritmico\/"},"author":{"name":"admin","@id":"https:\/\/www.inteligenia.info\/home\/#\/schema\/person\/1bf90ee63c207f611a224f9c17dbf031"},"headline":"Radiograf\u00eda de la salud cognitiva espa\u00f1ola en 2025 Autonom\u00eda mental en la era del secuestro algor\u00edtmico","datePublished":"2025-11-07T07:46:12+00:00","dateModified":"2025-11-07T07:46:14+00:00","mainEntityOfPage":{"@id":"https:\/\/www.inteligenia.info\/home\/radiografia-de-la-salud-cognitiva-espanola-en-2025-autonomia-mental-en-la-era-del-secuestro-algoritmico\/"},"wordCount":3904,"commentCount":0,"publisher":{"@id":"https:\/\/www.inteligenia.info\/home\/#organization"},"image":{"@id":"https:\/\/www.inteligenia.info\/home\/radiografia-de-la-salud-cognitiva-espanola-en-2025-autonomia-mental-en-la-era-del-secuestro-algoritmico\/#primaryimage"},"thumbnailUrl":"https:\/\/www.inteligenia.info\/wp-content\/uploads\/2025\/11\/Copia-Esquemas-mentales.png","articleSection":["Art\u00edculos","Cognitivo","Inteligencia"],"inLanguage":"es","potentialAction":[{"@type":"CommentAction","name":"Comment","target":["https:\/\/www.inteligenia.info\/home\/radiografia-de-la-salud-cognitiva-espanola-en-2025-autonomia-mental-en-la-era-del-secuestro-algoritmico\/#respond"]}]},{"@type":"WebPage","@id":"https:\/\/www.inteligenia.info\/home\/radiografia-de-la-salud-cognitiva-espanola-en-2025-autonomia-mental-en-la-era-del-secuestro-algoritmico\/","url":"https:\/\/www.inteligenia.info\/home\/radiografia-de-la-salud-cognitiva-espanola-en-2025-autonomia-mental-en-la-era-del-secuestro-algoritmico\/","name":"Radiograf\u00eda de la salud cognitiva espa\u00f1ola en 2025 Autonom\u00eda mental en la era del secuestro algor\u00edtmico - Inteligenia","isPartOf":{"@id":"https:\/\/www.inteligenia.info\/home\/#website"},"primaryImageOfPage":{"@id":"https:\/\/www.inteligenia.info\/home\/radiografia-de-la-salud-cognitiva-espanola-en-2025-autonomia-mental-en-la-era-del-secuestro-algoritmico\/#primaryimage"},"image":{"@id":"https:\/\/www.inteligenia.info\/home\/radiografia-de-la-salud-cognitiva-espanola-en-2025-autonomia-mental-en-la-era-del-secuestro-algoritmico\/#primaryimage"},"thumbnailUrl":"https:\/\/www.inteligenia.info\/wp-content\/uploads\/2025\/11\/Copia-Esquemas-mentales.png","datePublished":"2025-11-07T07:46:12+00:00","dateModified":"2025-11-07T07:46:14+00:00","breadcrumb":{"@id":"https:\/\/www.inteligenia.info\/home\/radiografia-de-la-salud-cognitiva-espanola-en-2025-autonomia-mental-en-la-era-del-secuestro-algoritmico\/#breadcrumb"},"inLanguage":"es","potentialAction":[{"@type":"ReadAction","target":["https:\/\/www.inteligenia.info\/home\/radiografia-de-la-salud-cognitiva-espanola-en-2025-autonomia-mental-en-la-era-del-secuestro-algoritmico\/"]}]},{"@type":"ImageObject","inLanguage":"es","@id":"https:\/\/www.inteligenia.info\/home\/radiografia-de-la-salud-cognitiva-espanola-en-2025-autonomia-mental-en-la-era-del-secuestro-algoritmico\/#primaryimage","url":"https:\/\/www.inteligenia.info\/wp-content\/uploads\/2025\/11\/Copia-Esquemas-mentales.png","contentUrl":"https:\/\/www.inteligenia.info\/wp-content\/uploads\/2025\/11\/Copia-Esquemas-mentales.png","width":1024,"height":644},{"@type":"BreadcrumbList","@id":"https:\/\/www.inteligenia.info\/home\/radiografia-de-la-salud-cognitiva-espanola-en-2025-autonomia-mental-en-la-era-del-secuestro-algoritmico\/#breadcrumb","itemListElement":[{"@type":"ListItem","position":1,"name":"Portada","item":"https:\/\/www.inteligenia.info\/home\/"},{"@type":"ListItem","position":2,"name":"Radiograf\u00eda de la salud cognitiva espa\u00f1ola en 2025 Autonom\u00eda mental en la era del secuestro algor\u00edtmico"}]},{"@type":"WebSite","@id":"https:\/\/www.inteligenia.info\/home\/#website","url":"https:\/\/www.inteligenia.info\/home\/","name":"Inteligenia","description":"","publisher":{"@id":"https:\/\/www.inteligenia.info\/home\/#organization"},"potentialAction":[{"@type":"SearchAction","target":{"@type":"EntryPoint","urlTemplate":"https:\/\/www.inteligenia.info\/home\/?s={search_term_string}"},"query-input":{"@type":"PropertyValueSpecification","valueRequired":true,"valueName":"search_term_string"}}],"inLanguage":"es"},{"@type":"Organization","@id":"https:\/\/www.inteligenia.info\/home\/#organization","name":"Inteligenia","url":"https:\/\/www.inteligenia.info\/home\/","logo":{"@type":"ImageObject","inLanguage":"es","@id":"https:\/\/www.inteligenia.info\/home\/#\/schema\/logo\/image\/","url":"https:\/\/www.inteligenia.info\/wp-content\/uploads\/2024\/06\/transparent_logo-1-e1718047668142.png","contentUrl":"https:\/\/www.inteligenia.info\/wp-content\/uploads\/2024\/06\/transparent_logo-1-e1718047668142.png","width":674,"height":141,"caption":"Inteligenia"},"image":{"@id":"https:\/\/www.inteligenia.info\/home\/#\/schema\/logo\/image\/"},"sameAs":["https:\/\/x.com\/INTELIGENIA_","https:\/\/www.linkedin.com\/company\/inteligenia\/?viewAsMember=true"]},{"@type":"Person","@id":"https:\/\/www.inteligenia.info\/home\/#\/schema\/person\/1bf90ee63c207f611a224f9c17dbf031","name":"admin","image":{"@type":"ImageObject","inLanguage":"es","@id":"https:\/\/www.inteligenia.info\/home\/#\/schema\/person\/image\/","url":"https:\/\/secure.gravatar.com\/avatar\/ed712be762908ac190eb3beb8cf9efb0dc9c425bd7b69d40ba8746efca2909c6?s=96&d=mm&r=g","contentUrl":"https:\/\/secure.gravatar.com\/avatar\/ed712be762908ac190eb3beb8cf9efb0dc9c425bd7b69d40ba8746efca2909c6?s=96&d=mm&r=g","caption":"admin"},"sameAs":["http:\/\/www.inteligenia.info"],"url":"https:\/\/www.inteligenia.info\/home\/author\/admin\/"}]}},"_links":{"self":[{"href":"https:\/\/www.inteligenia.info\/home\/wp-json\/wp\/v2\/posts\/1289","targetHints":{"allow":["GET"]}}],"collection":[{"href":"https:\/\/www.inteligenia.info\/home\/wp-json\/wp\/v2\/posts"}],"about":[{"href":"https:\/\/www.inteligenia.info\/home\/wp-json\/wp\/v2\/types\/post"}],"author":[{"embeddable":true,"href":"https:\/\/www.inteligenia.info\/home\/wp-json\/wp\/v2\/users\/1"}],"replies":[{"embeddable":true,"href":"https:\/\/www.inteligenia.info\/home\/wp-json\/wp\/v2\/comments?post=1289"}],"version-history":[{"count":1,"href":"https:\/\/www.inteligenia.info\/home\/wp-json\/wp\/v2\/posts\/1289\/revisions"}],"predecessor-version":[{"id":1293,"href":"https:\/\/www.inteligenia.info\/home\/wp-json\/wp\/v2\/posts\/1289\/revisions\/1293"}],"wp:featuredmedia":[{"embeddable":true,"href":"https:\/\/www.inteligenia.info\/home\/wp-json\/wp\/v2\/media\/1291"}],"wp:attachment":[{"href":"https:\/\/www.inteligenia.info\/home\/wp-json\/wp\/v2\/media?parent=1289"}],"wp:term":[{"taxonomy":"category","embeddable":true,"href":"https:\/\/www.inteligenia.info\/home\/wp-json\/wp\/v2\/categories?post=1289"},{"taxonomy":"post_tag","embeddable":true,"href":"https:\/\/www.inteligenia.info\/home\/wp-json\/wp\/v2\/tags?post=1289"}],"curies":[{"name":"wp","href":"https:\/\/api.w.org\/{rel}","templated":true}]}}