{"id":1295,"date":"2025-11-19T09:04:39","date_gmt":"2025-11-19T09:04:39","guid":{"rendered":"https:\/\/www.inteligenia.info\/?p=1295"},"modified":"2025-11-19T09:04:41","modified_gmt":"2025-11-19T09:04:41","slug":"la-necesidad-de-integrar-los-estudios-prospectivos-en-la-psique-cognitiva-colectiva","status":"publish","type":"post","link":"https:\/\/www.inteligenia.info\/home\/la-necesidad-de-integrar-los-estudios-prospectivos-en-la-psique-cognitiva-colectiva\/","title":{"rendered":"La necesidad de integrar los Estudios Prospectivos en la psique cognitiva colectiva"},"content":{"rendered":"\n<hr class=\"wp-block-separator has-css-opacity is-style-default\"\/>\n\n\n\n<blockquote class=\"wp-block-quote has-text-align-center is-style-large is-layout-flow wp-block-quote-is-layout-flow\"><div class=\"wp-block-image\">\n<figure class=\"aligncenter size-large is-resized\"><img loading=\"lazy\" decoding=\"async\" width=\"1024\" height=\"723\" src=\"https:\/\/www.inteligenia.info\/wp-content\/uploads\/2025\/11\/IMG_1761-1024x723.jpg\" alt=\"\" class=\"wp-image-1290\" style=\"width:324px;height:auto\" srcset=\"https:\/\/www.inteligenia.info\/wp-content\/uploads\/2025\/11\/IMG_1761-1024x723.jpg 1024w, https:\/\/www.inteligenia.info\/wp-content\/uploads\/2025\/11\/IMG_1761-300x212.jpg 300w, https:\/\/www.inteligenia.info\/wp-content\/uploads\/2025\/11\/IMG_1761-768x542.jpg 768w, https:\/\/www.inteligenia.info\/wp-content\/uploads\/2025\/11\/IMG_1761-1536x1084.jpg 1536w, https:\/\/www.inteligenia.info\/wp-content\/uploads\/2025\/11\/IMG_1761-2048x1445.jpg 2048w, https:\/\/www.inteligenia.info\/wp-content\/uploads\/2025\/11\/IMG_1761-1530x1080.jpg 1530w\" sizes=\"(max-width: 1024px) 100vw, 1024px\" \/><\/figure>\n<\/div>\n\n\n<p class=\"has-kubio-color-6-color has-text-color has-link-color wp-elements-15fa91634d1c4d688bcbf79a04d4faae\" style=\"font-size:20px\"><strong>Artiom Vnebreaci Popa<\/strong><em>. Licenciado en Filosof\u00eda y Letras, y estudiante de Antropolog\u00eda, con formaci\u00f3n avanzada en Estudios del Futuro, Prospectiva y Estudios Culturales. Especializado en an\u00e1lisis de inteligencia, contra-inteligencia, operaciones psicol\u00f3gicas, HUMINT y ciencias de la religi\u00f3n. Centra su investigaci\u00f3n en estrategia, geopol\u00edtica, crimen organizado y econom\u00eda digital sumergida.\u00a0Interesado en Europa del Este y Oriente Pr\u00f3ximo, combina conocimientos en astropol\u00edtica,\u00a0smart-cities\u00a0y mediaci\u00f3n de conflictos, con experiencia en prevenci\u00f3n de desastres y lucha contra la desinformaci\u00f3n.<\/em><\/p>\n\n\n<\/blockquote>\n\n\n\n<hr class=\"wp-block-separator has-css-opacity is-style-default\"\/>\n\n\n\n<h4 class=\"wp-block-heading has-kubio-color-4-color has-text-color has-link-color wp-elements-4cb645d4af460875014bcae96840643b\"><strong>1. Introducci\u00f3n: La colonizaci\u00f3n del futuro como acto pedag\u00f3gico<\/strong><\/h4>\n\n\n\n<p class=\"has-kubio-color-6-color has-text-color has-link-color wp-elements-7f9f3441352e75271cfda64e4d691155\">Existe una paradoja fundamental en nuestros sistemas educativos globales contempor\u00e1neos: <strong>formamos a generaciones enteras para navegar un mundo que ya no existe, mientras el futuro se construye aceleradamente sin su participaci\u00f3n consciente.<\/strong> Esta desconexi\u00f3n no es solo t\u00e9cnica o curricular, sino representa una fractura profunda en la psique cognitiva colectiva (una incapacidad sistem\u00e1tica para imaginar, anticipar y moldear los futuros posibles). Cuando un infante pregunta \u00ab\u00bfqu\u00e9 ser\u00e9 cuando sea mayor?\u00bb, no est\u00e1 formulando una pregunta ingenua sobre una vocaci\u00f3n profesional, <strong>sino est\u00e1 expresando una necesidad ontol\u00f3gica de ubicarse temporalmente, de proyectarse, de imaginar continuidades y rupturas.<\/strong> Sin embargo, nuestras instituciones educativas raramente reconocen esta pregunta como el punto de partida para desarrollar lo que podr\u00edamos llamar \u00abalfabetizaci\u00f3n futurista\u00bb o \u00abcompetencia prospectiva\u00bb.<\/p>\n\n\n\n<p class=\"has-kubio-color-6-color has-text-color has-link-color wp-elements-1213cb15722af78c487423902033bafe\">El futuro no es un territorio neutro que simplemente aguarda nuestra llegada. Es un <strong>espacio de disputa, imaginaci\u00f3n y poder<\/strong>. Quienes controlan las narrativas del futuro (qu\u00e9 futuros son posibles, deseables, probables o inevitables) ejercen <strong>una forma de hegemon\u00eda cultural<\/strong> tan potente como cualquier otro dominio sobre el presente.<\/p>\n\n\n\n<p class=\"has-kubio-color-6-color has-text-color has-link-color wp-elements-53e8cfb787302704fc25aed78487df31\">En la actualidad, <strong>proliferan discursos catastrofistas<\/strong> que presentan el porvenir como un destino inevitable de colapso, crisis permanente o control tecnol\u00f3gico total. Estas narrativas no son inocentes: al instalar el miedo como horizonte, <strong>preparan el terreno para aceptar pol\u00edticas que van en contra de nuestros propios intereses<\/strong>, desde el autoritarismo tecnocr\u00e1tico hasta la resignaci\u00f3n social ante la desigualdad o la vigilancia masiva (el fen\u00f3meno tiene base sociol\u00f3gica como <a href=\"https:\/\/www.yalelawjournal.org\/pdf\/F8.WashingtonFinalDraftWEB_5oupddai.pdf\"><em>weaponizing of fear<\/em><\/a>). Estamos asistiendo, as\u00ed, a una <strong>captura de nuestras proyecciones colectivas<\/strong>, una <strong>colonizaci\u00f3n del imaginario del futuro<\/strong> por parte de actores pol\u00edticos, medi\u00e1ticos y corporativos que utilizan el pesimismo como herramienta de control.<\/p>\n\n\n\n<p class=\"has-kubio-color-6-color has-text-color has-link-color wp-elements-cbd10675a0640c8a7d8e2ba7a5735aa2\">Por ello, integrar los <strong>estudios prospectivos<\/strong> desde la infancia hasta la adultez no constituye un lujo pedag\u00f3gico ni una moda educativa pasajera: es una <strong>necesidad civilizatoria<\/strong>, un <strong>acto de justicia intergeneracional<\/strong> y una <strong>estrategia de supervivencia colectiva<\/strong>.<\/p>\n\n\n\n<h4 class=\"wp-block-heading has-kubio-color-4-color has-text-color has-link-color wp-elements-ad969aa93d820bd82223c5829fab3a66\"><strong>2. Ideas clave<\/strong><\/h4>\n\n\n\n<p><strong>1. La colonizaci\u00f3n del futuro y la urgencia pedag\u00f3gica<\/strong><\/p>\n\n\n\n<p>Las narrativas catastrofistas y tecnocr\u00e1ticas han colonizado el imaginario colectivo, generando una fractura en la mente social: formamos generaciones sin ense\u00f1arles a imaginar ni a anticipar. La alfabetizaci\u00f3n futurista surge como una respuesta \u00e9tica y pol\u00edtica que busca devolver a la ciudadan\u00eda la capacidad de pensar y dise\u00f1ar el porvenir.<\/p>\n\n\n\n<p><strong>2. La prospectiva como disciplina y pr\u00e1ctica emancipadora<\/strong><\/p>\n\n\n\n<p>Desde el siglo XX, los estudios del futuro evolucionaron de la planificaci\u00f3n estrat\u00e9gica y militar hacia enfoques m\u00e1s cr\u00edticos, inclusivos y culturales. Hoy integran perspectivas feministas, decoloniales, ecol\u00f3gicas e ind\u00edgenas que reivindican el derecho a imaginar desde la diversidad y la justicia social.<\/p>\n\n\n\n<p><strong>3. La mente humana como organismo anticipatorio<\/strong><\/p>\n\n\n\n<p>La neurociencia confirma que imaginar el futuro es una funci\u00f3n cognitiva esencial. Educar la mente prospectiva implica fortalecer la capacidad de simulaci\u00f3n, empat\u00eda y pensamiento contraf\u00e1ctico desde la infancia, transformando el juego, la narraci\u00f3n y el error en herramientas para aprender a pensar en t\u00e9rminos de futuros posibles.<\/p>\n\n\n\n<p><strong>4. Educar en prospectiva por niveles<\/strong><\/p>\n\n\n\n<p>La educaci\u00f3n prospectiva debe adaptarse a cada etapa formativa:<\/p>\n\n\n\n<ul class=\"wp-block-list\">\n<li>En <strong>Primaria<\/strong>, se cultiva la imaginaci\u00f3n y el pensamiento sist\u00e9mico mediante escenarios, ciencia ficci\u00f3n y proyectos creativos.<\/li>\n\n\n\n<li>En <strong>Secundaria y Bachillerato<\/strong>, se ense\u00f1an m\u00e9todos formales de an\u00e1lisis de tendencias, escenarios y \u00e9tica futurista.<\/li>\n\n\n\n<li>En <strong>Formaci\u00f3n Profesional<\/strong>, se anticipan cambios sectoriales y se desarrollan competencias adaptativas.<\/li>\n\n\n\n<li>En <strong>Universidad<\/strong>, se impulsa la investigaci\u00f3n interdisciplinaria y la formaci\u00f3n de l\u00edderes capaces de dise\u00f1ar futuros sostenibles.<\/li>\n<\/ul>\n\n\n\n<p><strong>5. Impactos cognitivos, sociales y \u00e9ticos de la educaci\u00f3n prospectiva<\/strong><\/p>\n\n\n\n<p>La alfabetizaci\u00f3n futurista forma ciudadanos cr\u00edticos, resilientes y conscientes de sus sesgos. A nivel social, democratiza la imaginaci\u00f3n y otorga voz a grupos marginados en la construcci\u00f3n del porvenir. \u00c9ticamente, ampl\u00eda la responsabilidad humana hacia las generaciones futuras y el planeta.<\/p>\n\n\n\n<p><strong>6. La educaci\u00f3n prospectiva como condici\u00f3n civilizatoria<\/strong><\/p>\n\n\n\n<p>Frente a los riesgos globales -clim\u00e1ticos, tecnol\u00f3gicos y existenciales-, educar en prospectiva se convierte en una estrategia de supervivencia colectiva. No busca predecir el futuro, sino preparar mentes y culturas capaces de anticipar, decidir y actuar con horizonte.<\/p>\n\n\n\n<h4 class=\"wp-block-heading has-kubio-color-4-color has-text-color has-link-color wp-elements-afe8cc3eae0421a6db92a13383c1aa17\"><strong>3. Contexto hist\u00f3rico: los estudios del futuro como disciplina emergente<\/strong><\/h4>\n\n\n\n<p class=\"has-kubio-color-6-color has-text-color has-link-color wp-elements-179c3475841191576f3a474d9ebb5537\">Aunque la humanidad siempre ha especulado sobre el porvenir (desde or\u00e1culos antiguos hasta profetas religiosos), los estudios del futuro como disciplina sistem\u00e1tica emergieron de modo m\u00e1s claro en el siglo XX, especialmente tras la Segunda Guerra Mundial, cuando la posibilidad de un cambio radical -como el uso nuclear en Bombardeo de Hiroshima y Bombardeo de Nagasaki- mostr\u00f3 que la civilizaci\u00f3n pod\u00eda alterarse de forma s\u00fabita.<\/p>\n\n\n\n<p class=\"has-kubio-color-6-color has-text-color has-link-color wp-elements-73ae48252a3d8f6a509c905556596b85\">En este contexto de ansiedad existencial, el pensador franc\u00e9s Bertrand de Jouvenel public\u00f3 en 1964 su obra <a href=\"https:\/\/www.britannica.com\/biography\/Bertrand-de-Jouvenel\"><em>L\u2019Art de la conjecture<\/em><\/a>, en la que ofrece una fundamentaci\u00f3n filos\u00f3fica de la prospectiva. En torno a 1960, de Jouvenel cre\u00f3 el \u201c<a href=\"https:\/\/www.futuribles.com\/en\/qui-sommes-nous\/presentation-generale\/histoire\">proyecto Futuribles<\/a>\u201d con apoyo de la Ford Foundation. El objetivo buscado era el de promover un pensamiento riguroso sobre el futuro. En 1967 se constituy\u00f3 la asociaci\u00f3n Internationale Futuribles bajo su presidencia. Por otro lado, en Estados Unidos, el pensador Herman Kahn (vinculado a la RAND Corporation) es considerado pionero en el uso sistem\u00e1tico de escenarios para la planificaci\u00f3n de largo plazo, incluyendo estrategia militar. En 1961 Kahn dej\u00f3 RAND para fundar el <a href=\"https:\/\/www.hudson.org\/experts\/174-herman-kahn\">Hudson Institute<\/a>, orientado a la investigaci\u00f3n interdisciplinaria sobre el futuro. Este uso de escenarios y an\u00e1lisis de sistemas contribuy\u00f3 decisivamente al desarrollo de los estudios del futuro (futurolog\u00eda\/prospectiva) en Occidente. A su vez, el libro <a href=\"https:\/\/ciudadanoaustral.org\/biblioteca\/06.-Alvin-Toffler-El-shock-del-futuro.pdf\"><strong><em>Future Shock<\/em><\/strong><strong> de Alvin Toffler<\/strong><\/a> fue publicado en 1970, donde advert\u00eda sobre la aceleraci\u00f3n del cambio y formulaba el concepto de \u201canalfabetismo del futuro\u201d para se\u00f1alar que en \u00e9pocas de cambio r\u00e1pido el que no sepa aprender, desaprender y reaprender ser\u00e1 el iletrado del futuro.<\/p>\n\n\n\n<p class=\"has-kubio-color-6-color has-text-color has-link-color wp-elements-9577940e335cbac091e504c9ad75c1a1\">En 1973, el soci\u00f3logo estadounidense Daniel Bell public\u00f3 su influyente obra <a href=\"https:\/\/www.mona.uwi.edu\/dlis\/sites\/default\/files\/dlis\/D_-Bell-The-Coming-of-Post-Industrial-Society-1.pdf\"><em>The Coming of Post\u2011Industrial Society<\/em><\/a>, donde analiza la transici\u00f3n de econom\u00edas manufactureras hacia econom\u00edas de servicios e informaci\u00f3n, y considera que el conocimiento te\u00f3rico se convierte en eje de la innovaci\u00f3n. Al mismo tiempo, el informe <a href=\"https:\/\/www.donellameadows.org\/wp-content\/userfiles\/Limits-to-Growth-digital-scan-version.pdf\">The Limits to Growth (1972)<\/a> del Club de Roma anticip\u00f3 la modelizaci\u00f3n sist\u00e9mica para explorar escenarios de crecimiento y degradaci\u00f3n ambiental.<\/p>\n\n\n\n<p class=\"has-kubio-color-6-color has-text-color has-link-color wp-elements-8c81fdd319bb979ad7fdd4b467b7d3e3\">De esta forma, la institucionalizaci\u00f3n tambi\u00e9n avanz\u00f3: la <a href=\"https:\/\/wfsf.org\/\"><em>World Futures Studies Federation<\/em><\/a> (WFSF) fue fundada en Par\u00eds en 1973 como una red global de investigadores dedicados a explorar los m\u00faltiples caminos del porvenir. En Francia, el trabajo de Michel Godet consolid\u00f3 la prospectiva estrat\u00e9gica, integrando m\u00e9todos anal\u00edticos y participativos para la toma de decisiones a largo plazo. En Estados Unidos, la Universidad de Haw\u00e1i en M\u0101noa, bajo la direcci\u00f3n del futurista Jim Dator, se convirti\u00f3 desde la d\u00e9cada de 1970 en uno de los principales centros acad\u00e9micos dedicados a los <em>Future Studies,<\/em> proponiendo su c\u00e9lebre <strong>Ley de <em>Dator<\/em><\/strong>: <em>\u201cEl futuro no puede predecirse, pero los futuros pueden ser dise\u00f1ados\u201d<\/em>. Este enfoque enfatizaba la necesidad de imaginar futuros alternativos (no solo extrapolaciones del presente) y de formar ciudadanos capaces de pensar m\u00e1s all\u00e1 de lo dado.<\/p>\n\n\n\n<p class=\"has-kubio-color-6-color has-text-color has-link-color wp-elements-b9e36f5f7c6827df28e0d026e12f6f63\"><strong>Un rasgo esencial en la evoluci\u00f3n del campo es su doble vertiente.<\/strong> Por un lado, los estudios del futuro nacieron en estrecha relaci\u00f3n con estructuras de poder (militares, corporativas y gubernamentales) que los empleaban como herramientas de planificaci\u00f3n estrat\u00e9gica y control del riesgo. Pero paralelamente, <strong>emergieron corrientes cr\u00edticas y emancipadoras que utilizaron la prospectiva para imaginar alternativas radicales:<\/strong> futuros feministas, ecol\u00f3gicos, poscoloniales, decoloniales, <em>queer<\/em>, transhumanistas y poshumanistas (entre otros). Estas vertientes expandieron el horizonte del campo m\u00e1s all\u00e1 de la planificaci\u00f3n tecnocr\u00e1tica, cuestionando qui\u00e9n tiene derecho a imaginar y definir el porvenir. Los <a href=\"https:\/\/jfsdigital.org\/black-on-black-futures-a-call-to-diversify-the-discipline-of-black-futuring\/\"><strong><em>Black Futures Studies<\/em><\/strong><\/a>, por ejemplo, reinterpretan el futuro desde las experiencias de la di\u00e1spora africana y la memoria del trauma hist\u00f3rico junto a su consiguiente empoderamiento; mientras que los <strong>futuros posg\u00e9nero o <em>queer<\/em><\/strong>exploran realidades posibles donde las identidades no se organizan bajo las categor\u00edas binarias heredadas.<\/p>\n\n\n\n<p class=\"has-kubio-color-6-color has-text-color has-link-color wp-elements-9c4baffa94437f0e8f62dd2041677beb\">Hacia finales del siglo XX y comienzos del XXI, los estudios del futuro se diversifican profundamente. Surgen subcampos como la prospectiva tecnol\u00f3gica, los estudios de transici\u00f3n (<em>transition studies<\/em>), los futuros ind\u00edgenas, el afrofuturismo, el <em>solarpunk <\/em>y otros enfoques que reconocen que diferentes comunidades imaginan el porvenir desde posiciones culturales, hist\u00f3ricas y geogr\u00e1ficas diversas. <strong>Esta pluralidad es pedag\u00f3gicamente invaluable: ense\u00f1a que no existe un \u00fanico futuro leg\u00edtimo, sino una ecolog\u00eda de imaginarios en di\u00e1logo, conflicto y co-creaci\u00f3n.<\/strong><\/p>\n\n\n\n<p class=\"has-kubio-color-6-color has-text-color has-link-color wp-elements-a04c275f9744243caf0f28356274a0e5\">Esta tensi\u00f3n entre la prospectiva como herramienta de poder y como pr\u00e1ctica liberadora es central para su integraci\u00f3n educativa: \u00bfformaremos ciudadanos que simplemente se adapten a futuros dise\u00f1ados por \u00e9lites tecnocr\u00e1ticas, o <strong>agentes capaces de imaginar y construir futuros alternativos<\/strong> desde la diversidad, la equidad y la justicia? En definitiva, educar en prospectiva implica democratizar el derecho a imaginar.<\/p>\n\n\n\n<h4 class=\"wp-block-heading has-kubio-color-4-color has-text-color has-link-color wp-elements-dedf73ce84f21749502a5a7dbf6b9274\"><strong>4. Fundamentos neuropsicol\u00f3gicos y cognitivos: \u00bfpor qu\u00e9 la mente humana necesita futuros?<\/strong><\/h4>\n\n\n\n<p class=\"has-kubio-color-6-color has-text-color has-link-color wp-elements-23acee51c991318290ffc0f296ec6910\">La neurociencia contempor\u00e1nea muestra que el cerebro humano es, ante todo, una m\u00e1quina prospectiva. Como se\u00f1ala <strong>Antonio Damasio<\/strong>, <a href=\"https:\/\/people.ict.usc.edu\/~gratch\/CSCI534\/Readings\/The%20Somatic%20Marker%20Hypothesis%20and%20the%20Possible%20Functions%20of%20the%20Prefrontal%20Cortex%20%5BandDiscussion%5D.pdf\">las emociones funcionan como marcadores som\u00e1ticos que anticipan consecuencias futuras y gu\u00edan nuestras decisiones; cada elecci\u00f3n implica una simulaci\u00f3n mental del porvenir.<\/a> <strong>Daniel Gilbert<\/strong> confirma que gran parte de nuestra vida mental transcurre en futuros imaginados (planificando, anticipando, ensayando), aunque cometemos errores sistem\u00e1ticos. Es decir: proyectamos emociones presentes al futuro, sobrestimamos su duraci\u00f3n y subestimamos nuestra capacidad de adaptaci\u00f3n. Por ello, <strong>la educaci\u00f3n debe cultivar una metacognici\u00f3n futurista,<\/strong> ense\u00f1ando no solo a imaginar, sino a reconocer <strong>c\u00f3mo<\/strong> <strong>y desde d\u00f3nde<\/strong> imaginamos.<\/p>\n\n\n\n<p class=\"has-kubio-color-6-color has-text-color has-link-color wp-elements-de2dab04b0a6d36be5ee480268a4ce07\">Desde la pedagog\u00eda, <strong>Lev Vygotsky<\/strong> ofrece crear zonas de desarrollo pr\u00f3ximo para la imaginaci\u00f3n (donde el pensamiento futurista se expanda mediante gu\u00eda y colaboraci\u00f3n). Superar el sesgo de normalidad (la creencia de que el futuro ser\u00e1 como el presente) requiere, como plantea <strong>Tania Singer<\/strong>, desarrollar tolerancia a la ambig\u00fcedad. Adem\u00e1s, la imaginaci\u00f3n del futuro es <strong>social y colectiva<\/strong>: las visiones compartidas se construyen a trav\u00e9s de narrativas, s\u00edmbolos e instituciones. <strong>As\u00ed, cuando una sociedad pierde diversidad de imaginarios, pierde tambi\u00e9n su horizonte de posibilidad.<\/strong> Por ello, la educaci\u00f3n prospectiva debe crear ecosistemas de imaginaci\u00f3n compartida, no solo individuos que planifican su porvenir.<\/p>\n\n\n\n<p class=\"has-kubio-color-6-color has-text-color has-link-color wp-elements-604e598758626c95a4a5da4409d08492\">En este contexto, la <strong>infancia temprana<\/strong> es el terreno f\u00e9rtil donde se <strong>siembra la imaginaci\u00f3n radical<\/strong>. No se trata de ense\u00f1ar m\u00e9todos de escenarios, sino de cultivar las capacidades cognitivas, emocionales y \u00e9ticas que sustentan el pensamiento futurista. El <strong>juego libre<\/strong> es un \u201c<strong>ensayo de lo posible<\/strong>\u201d: un espacio donde los infantes exploran identidades, roles y mundos alternativos con bajo riesgo (algo as\u00ed como entorno \u201csimulado\u201d). Cuando un ni\u00f1o transforma un bloque en un cohete o un palo en una varita, est\u00e1 ejercitando <strong>abstracci\u00f3n simb\u00f3lica, simulaci\u00f3n mental y pensamiento contraf\u00e1ctico<\/strong> (las mismas bases cognitivas de la prospectiva). Asimismo, educar la mente prospectiva infantil implica tambi\u00e9n expandir la temporalidad. <strong>Actividades como plantar semillas, esperar un cumplea\u00f1os o narrar historias familiares ayudan a vincular presente, pasado y futuro.<\/strong> Los cuentos y relatos cumplen aqu\u00ed una funci\u00f3n formativa: ense\u00f1an que el cambio no es caos, sino transformaci\u00f3n comprensible. Introducir <strong>una diversidad de futuros<\/strong> ampl\u00eda el rango de lo imaginable y evita el encierro en narrativas hegem\u00f3nicas de corte lineal.<\/p>\n\n\n\n<p class=\"has-kubio-color-6-color has-text-color has-link-color wp-elements-b9381f9c028605a37d932c12c2fa0fbd\">Asimismo, debe cultivarse desde temprano lo que <strong>Karen Barad<\/strong> denomina responsabilidad \u00e9tica hacia futuros: <strong>comprender que nuestras acciones tienen consecuencias.<\/strong> Cuidar una planta, compartir un juguete o mantener limpio un parque son experiencias donde los infantes aprenden <strong>que el futuro no es ajeno, sino resultado de sus decisiones presentes. <\/strong>En este proceso, <strong>el error adquiere valor pedag\u00f3gico:<\/strong> equivocarse al predecir no es fallar, sino aprender a pensar en t\u00e9rminos de hip\u00f3tesis y consecuencias. <strong>Esta pedagog\u00eda del error fortalece la resiliencia cognitiva y prepara para navegar la incertidumbre.<\/strong><\/p>\n\n\n\n<p class=\"has-kubio-color-6-color has-text-color has-link-color wp-elements-bbaaa502c46f565ad9edb9b94c0d253d\">En s\u00edntesis, la mente humana <strong>necesita futuros<\/strong> porque anticipar, imaginar y proyectar son funciones esenciales de nuestra cognici\u00f3n y de nuestra vida social. Una <strong>educaci\u00f3n prospectiva<\/strong>, desde la primera infancia, debe nutrir esta capacidad innata (ense\u00f1ando a imaginar con sentido cr\u00edtico, empat\u00eda y responsabilidad). <strong>Solo as\u00ed podremos formar generaciones capaces no solo de adaptarse al futuro, sino de crearlo conscientemente<\/strong>.<\/p>\n\n\n\n<h4 class=\"wp-block-heading has-kubio-color-4-color has-text-color has-link-color wp-elements-30dc72b6404552ed8f362280ab105b1b\"><strong>5. Propuestas de educaci\u00f3n en Pensamiento Prospectivo por niveles educativos<\/strong><\/h4>\n\n\n\n<h5 class=\"wp-block-heading\"><strong><em>5.1. Educaci\u00f3n Primaria: construir escenarios y alfabetizar en futuros<\/em><\/strong><\/h5>\n\n\n\n<p>Los infantes deben desarrollar competencias prospectivas: imaginar posibilidades, evaluar plausibilidad, identificar tendencias, considerar consecuencias y reconocer incertidumbre. Es importante empezar con <strong>la proyecci\u00f3n de escenarios narrativos<\/strong> aplicados a los intereses y deseos propios de sus edades. Esto les ense\u00f1ar\u00e1 <strong>la existencia de m\u00faltiples futuros posibles<\/strong> (optimista, pesimista, intermedio) para cultivar un pensamiento no-binario. El <strong>m\u00e9todo de Rueda de Futuros<\/strong> les ayudar\u00e1 a explorar las consecuencias en cascada de cambios hipot\u00e9ticos, <strong>desarrollando pensamiento sist\u00e9mico<\/strong> <strong>al mostrar c\u00f3mo los cambios generan efectos interconectados en m\u00faltiples niveles.<\/strong> La <strong>ciencia ficci\u00f3n juvenil<\/strong> se debe de integrar curricularmente como pedagog\u00eda prospectiva para explorar dilemas \u00e9ticos y consecuencias tecnol\u00f3gicas, preguntando si los futuros presentados son posibles, deseables, y qu\u00e9 decisiones presentes nos acercar\u00edan o alejar\u00edan de ellos.<\/p>\n\n\n\n<p>A su vez, tales programas deben de tener su base en la realidad de los infantes. Se ha de conectar con contenidos tradicionales: ecosistemas que cambian con el clima, gr\u00e1ficas de tendencias poblacionales y de consumo, patrones hist\u00f3ricos de transformaci\u00f3n social. Se fomentar\u00e1 <strong>agencia infantil<\/strong> mediante proyectos donde dise\u00f1en soluciones y propongan mejoras, cultivando sentido de autor\u00eda sobre futuros y conectando con pedagog\u00edas de aprendizaje basado en proyectos. Se introducir\u00e1n <strong>preferencias y valores<\/strong> para deliberaci\u00f3n \u00e9tica: reconocer que futuros diferentes priorizan valores diferentes (libertad <em>vs <\/em>seguridad, crecimiento <em>vs <\/em>sostenibilidad, etc.). A su vez, se trabajar\u00e1 <strong>la esperanza activa<\/strong> (no optimismo ingenuo), que trata de reconocer problemas reales, pero tambi\u00e9n la capacidad humana de respuesta (estudiando crisis y soluciones emergentes posibles).<\/p>\n\n\n\n<h5 class=\"wp-block-heading\"><strong><em>5.2. Educaci\u00f3n Secundaria y Bachillerato: m\u00e9todos, \u00e9tica y Prospectiva aplicada<\/em><\/strong><\/h5>\n\n\n\n<p>Las asignaturas de \u00c9tica y Ciudadan\u00eda, frecuentemente formuladas sin aplicaci\u00f3n pr\u00e1ctica ni conexi\u00f3n con la experiencia humana real, podr\u00edan transformarse en una materia nueva y vertebradora: <strong>Estudios del Futuro<\/strong> <strong>o Futurolog\u00eda<\/strong>. Esta disciplina introducir\u00eda a los estudiantes en el pensamiento prospectivo como competencia c\u00edvica esencial. M\u00e1s adelante, en el bachillerato, la <strong>Filosof\u00eda<\/strong> debe mantenerse como obligatoria -pues aporta la base cr\u00edtica y epistemol\u00f3gica-, pero deber\u00eda <strong>complementarse con Futurolog\u00eda como asignatura igualmente obligatoria<\/strong>, sustituyendo espacios pedag\u00f3gicamente vac\u00edos como <strong>Tutor\u00eda<\/strong> (que en muchos contextos se ha convertido en un tiempo sin prop\u00f3sito formativo claro). En esta asignatura se introduce formalmente la <strong>alfabetizaci\u00f3n futurista<\/strong>, mediante m\u00e9todos fundamentales de la <strong>prospectiva<\/strong>: an\u00e1lisis de tendencias para identificar patrones emergentes, <strong>detecci\u00f3n de se\u00f1ales d\u00e9biles<\/strong> que anticipan cambios incipientes, y <strong>construcci\u00f3n de escenarios<\/strong> para explorar futuros plausibles alternativos. Se incorporan herramientas profesionales como el <strong>an\u00e1lisis STEEPV<\/strong> (Social, Tecnol\u00f3gico, Econ\u00f3mico, Ecol\u00f3gico, Pol\u00edtico y de Valores), el <strong>m\u00e9todo Delphi<\/strong> para consulta estructurada a expertos, y el <strong><em>backcasting<\/em><\/strong>, que parte del futuro deseado para dise\u00f1ar las acciones presentes necesarias. Para fortalecer el pensamiento sist\u00e9mico, los estudiantes aprenden <strong>an\u00e1lisis de impactos cruzados<\/strong>, que eval\u00faa interdependencias entre variables; <strong>an\u00e1lisis estructural<\/strong>, para mapear sistemas complejos; y <strong>juegos de actores<\/strong>, para comprender estrategias y conflictos entre diferentes intereses. Estas pr\u00e1cticas consolidan una visi\u00f3n anclada en la realidad, lejos del idealismo vac\u00edo. Adem\u00e1s, se introduce la <strong>vigilancia tecnol\u00f3gica<\/strong> y el <strong>escaneo ambiental<\/strong>, utilizando herramientas digitales de observaci\u00f3n y b\u00fasqueda especializadas, junto con el <strong>an\u00e1lisis de series temporales<\/strong> para reconocer patrones evolutivos. Todo ello se complementa con la <strong>construcci\u00f3n de modelos, m\u00e9tricas e indicadores<\/strong> que permitan <strong>simulaciones y modelizaciones<\/strong> de din\u00e1micas futuras, integrando pensamiento cuantitativo, creativo y \u00e9tico.<\/p>\n\n\n\n<p>Se ense\u00f1a a reconocer <strong>los riesgos de la especulaci\u00f3n<\/strong> mediante la <strong>fauna posnormal<\/strong>: cisnes negros (eventos improbables de alto impacto), elefantes en la habitaci\u00f3n (problemas evidentes que se ignoran), y medusas (problemas que reaparecen constantemente). <strong>El impensado<\/strong> refiere a eventos fuera de marcos mentales actuales, visualizables mediante <strong>el cono del futuro<\/strong> que mapea futuros posibles, plausibles, probables y preferibles. El <strong>an\u00e1lisis causal estratificado<\/strong> (CLA) explora futuros desde niveles superficiales (tendencias) hasta profundos (mitos y met\u00e1foras), permitiendo identificar <strong>futuros impensados<\/strong> que desaf\u00edan categor\u00edas actuales. Los <strong>escenarios integrados<\/strong> combinan m\u00faltiples metodolog\u00edas para mayor robustez. La <strong>visualizaci\u00f3n<\/strong> se emplea como herramienta poderosa de comunicaci\u00f3n prospectiva, y se ense\u00f1a a reconocer <strong>sesgos cognitivos<\/strong> que distorsionan anticipaci\u00f3n.<\/p>\n\n\n\n<p>A su vez, la <strong>\u00e9tica futurista<\/strong> se convierte en eje transversal: deliberaci\u00f3n moral sobre inteligencia artificial, edici\u00f3n gen\u00e9tica, vigilancia masiva, geoingenier\u00eda, etc. Se estudian marcos como la <strong>\u00e9tica de la responsabilidad<\/strong> (precauci\u00f3n frente a tecnolog\u00edas con consecuencias irreversibles) y la <strong>prioridad existencial<\/strong> (prevenir riesgos catastr\u00f3ficos como imperativo civilizatorio). Se critican <strong>futurismos hegem\u00f3nicos<\/strong>: corporaciones tecnol\u00f3gicas, <em>think tanks<\/em> occidentales y \u00e9lites producen narrativas dominantes (futuros hipertecnol\u00f3gicos, ciudades inteligentes, colonizaci\u00f3n espacial) que reflejan posiciones sociales espec\u00edficas. Se exponen perspectivas feministas, decoloniales, ind\u00edgenas y del Sur Global (econom\u00edas del cuidado, comunalidad, descrecimiento, buen vivir) <strong>para ense\u00f1ar que futuros son campos de poder, no meras extrapolaciones neutrales.<\/strong><\/p>\n\n\n\n<p>En conjunto, esta transformaci\u00f3n convierte la educaci\u00f3n en futuros en un <strong>laboratorio c\u00edvico y cognitivo<\/strong>, donde los estudiantes aprenden no solo a anticipar lo que viene, sino a <strong>imaginar, evaluar y construir colectivamente<\/strong> los futuros que desean habitar.<\/p>\n\n\n\n<h5 class=\"wp-block-heading\"><strong><em>5.3. Formaci\u00f3n Profesional: anticipar profesiones y capacidades transferibles<\/em><\/strong><\/h5>\n\n\n\n<p>La Formaci\u00f3n Profesional enfrenta el desaf\u00edo de preparar para empleos que cambiar\u00e1n radicalmente, por lo que desarrolla <strong>capacidades transferibles<\/strong>: aprender a aprender, adaptarse a nuevas herramientas, identificar tendencias, anticipar obsolescencia y reciclarse. Cada familia profesional incorpora <strong>prospectiva sectorial<\/strong>: en energ\u00edas renovables se exploran tecnolog\u00edas emergentes (bater\u00edas de estado s\u00f3lido, hidr\u00f3geno verde, fusi\u00f3n) y pol\u00edticas energ\u00e9ticas futuras; en cuidados sociosanitarios se anticipa envejecimiento poblacional, nuevas patolog\u00edas, tecnolog\u00edas asistivas y modelos comunitarios; en FP digital se comprenden tendencias como inteligencia artificial, computaci\u00f3n cu\u00e1ntica y realidad extendida.<\/p>\n\n\n\n<p>Se colabora con industrias <strong>para co-anticipar futuros con visi\u00f3n cr\u00edtica:<\/strong> qu\u00e9 futuros promueven ciertas industrias, qu\u00e9 alternativas existen, qu\u00e9 transiciones son socialmente justas, evitando subordinarse a intereses corporativos mientras se mantiene relevancia laboral.<\/p>\n\n\n\n<h5 class=\"wp-block-heading\"><strong><em>5.4. Educaci\u00f3n Superior: investigaci\u00f3n rigurosa y formaci\u00f3n de l\u00edderes<\/em><\/strong><\/h5>\n\n\n\n<p>La universidad debe ser <strong>epicentro de investigaci\u00f3n prospectiva rigurosa<\/strong> con departamentos interdisciplinares que conecten humanidades (filosof\u00eda, historia, literatura), ciencias sociales (sociolog\u00eda, econom\u00eda, ciencia pol\u00edtica), ciencias naturales (climatolog\u00eda, ecolog\u00eda, biolog\u00eda) e ingenier\u00edas. Temas cruciales deben incluir la modelizaci\u00f3n de futuros clim\u00e1ticos, econom\u00eda de transiciones, pol\u00edticas de anticipaci\u00f3n, \u00e9tica de riesgos existenciales, estudios de innovaci\u00f3n, prospectiva tecnol\u00f3gica e imaginarios sociales del futuro. <strong>Toda carrera incluye componentes prospectivos<\/strong>: Derecho explora regulaciones de inteligencia artificial, derechos de generaciones futuras y justicia clim\u00e1tica; Medicina anticipa medicina personalizada, edici\u00f3n gen\u00e9tica, envejecimiento y epidemias; Arquitectura dise\u00f1a para climas cambiantes, ciudades resilientes y materiales sostenibles; Humanidades analizan c\u00f3mo narrativas culturales moldean imaginarios del futuro.<\/p>\n\n\n\n<p>Los <strong>programas de posgrado en prospectiva estrat\u00e9gica<\/strong> forman profesionales capaces de asesorar gobiernos, corporaciones, ONGs y comunidades, siendo cr\u00edticos e interdisciplinares (no tecnocr\u00e1ticos), combinando m\u00e9todos anal\u00edticos con sensibilidad \u00e9tica, social y cultural. La investigaci\u00f3n debe alimentar <strong>prospectiva p\u00fablica<\/strong>: producir reportes sobre sectores clave (energ\u00eda, agua, alimentaci\u00f3n, salud), realizar consultas participativas sobre futuros deseables, generar escenarios accesibles para la ciudadan\u00eda, <strong>contribuyendo a democratizar la imaginaci\u00f3n del futuro y evitando que la universidad sea torre de marfil que especula abstractamente.<\/strong><\/p>\n\n\n\n<h4 class=\"wp-block-heading has-kubio-color-4-color has-text-color has-link-color wp-elements-bb469fedfc2848f74987b96f642e60fe\"><strong>6. Impactos cognitivos, sociales y civilizatorios de una educaci\u00f3n prospectiva<\/strong><\/h4>\n\n\n\n<p>Implementar una <strong>educaci\u00f3n prospectiva<\/strong> desde la infancia transformar\u00eda profundamente nuestra forma de pensar, sentir y organizarnos como sociedad. <strong>Cognitivamente<\/strong>, formar\u00eda ciudadanos con <strong>alfabetizaci\u00f3n futurista<\/strong>, capaces de pensar de modo <strong>sist\u00e9mico, cr\u00edtico, creativo y probabil\u00edstico<\/strong>, reconociendo sus propios <strong>sesgos cognitivos<\/strong> y comprendiendo interconexiones complejas. Estas habilidades no solo preparan para imaginar el porvenir, sino tambi\u00e9n para resolver problemas presentes con mayor adaptabilidad.<\/p>\n\n\n\n<p>En el plano <strong>psicol\u00f3gico<\/strong>, la prospectiva fortalece la <strong>resiliencia<\/strong>. Las investigaciones en psicolog\u00eda positiva muestran que quienes pueden imaginar <strong>futuros posibles y deseables<\/strong>, no fantas\u00edas irreales, exhiben <strong>mayor bienestar emocional y motivaci\u00f3n<\/strong>. Este enfoque fomenta lo que Viktor Frankl llam\u00f3 <strong>\u201coptimismo tr\u00e1gico\u201d<\/strong>: reconocer las adversidades sin perder la capacidad de actuar. A la vez, ense\u00f1a <strong>tolerancia a la ambig\u00fcedad<\/strong> (habilidad clave para sostener la incertidumbre sin caer en par\u00e1lisis ni negaci\u00f3n).<\/p>\n\n\n\n<p>En el \u00e1mbito <strong>social<\/strong>, democratizar la imaginaci\u00f3n del futuro es un <strong>acto de justicia cognitiva<\/strong>. Actualmente, las \u00e9lites pol\u00edticas y tecnol\u00f3gicas dise\u00f1an futuros sin la participaci\u00f3n de la mayor\u00eda. Una ciudadan\u00eda formada en prospectiva podr\u00eda <strong>producir contra-narrativas<\/strong>, imaginar <strong>alternativas comunitarias<\/strong> y disputar el monopolio del porvenir. Grupos hist\u00f3ricamente marginados (mujeres, pueblos ind\u00edgenas, j\u00f3venes, trabajadores precarios) tendr\u00edan las herramientas para <strong>formular sus propios futuros<\/strong> y exigir ser parte de las decisiones que los configuran. Adem\u00e1s, la prospectiva fomenta <strong>solidaridad intergeneracional<\/strong>, recordando que las acciones de hoy afectan a quienes vivir\u00e1n ma\u00f1ana. Cultivar desde la infancia la pregunta \u201c<strong>\u00bfc\u00f3mo impactar\u00e1 esto a quienes vivir\u00e1n en 2100?<\/strong>\u201d es una forma de educaci\u00f3n \u00e9tica extendida en el tiempo.<\/p>\n\n\n\n<p>Econ\u00f3micamente, la alfabetizaci\u00f3n futurista desarrolla <strong>empleabilidad flexible y pensamiento innovador<\/strong>. En mercados laborales cambiantes, las personas que anticipan tendencias y detectan oportunidades emergentes tienen mayor capacidad de adaptaci\u00f3n. Pero la educaci\u00f3n prospectiva no debe limitarse a la productividad individual: tambi\u00e9n impulsa la <strong>imaginaci\u00f3n de econom\u00edas alternativas<\/strong> (circulares, solidarias o regenerativas) que cuestionen el modelo extractivo dominante.<\/p>\n\n\n\n<p>En el plano <strong>pol\u00edtico<\/strong>, una ciudadan\u00eda prospectiva demandar\u00e1 <strong>planificaci\u00f3n a largo plazo<\/strong> y no simples gestiones cortoplacistas. <strong>Cuando los votantes valoran el futuro, los pol\u00edticos tienen incentivos para proponer visiones sostenibles, no promesas inmediatas ni nostalgias restauradoras. <\/strong>\u00c9ticamente, la prospectiva ampl\u00eda el horizonte de la moral: introduce una <strong>dimensi\u00f3n temporal<\/strong> que obliga a considerar nuestras responsabilidades hacia generaciones futuras y hacia formas de vida no humanas. Siguiendo las reflexiones de <strong>Derek Parfit<\/strong>, nuestras decisiones actuales afectan incluso qui\u00e9nes llegar\u00e1n a existir; por tanto, educar en prospectiva es educar en <strong>responsabilidad ontol\u00f3gica<\/strong>.<\/p>\n\n\n\n<p>A nivel <strong>civilizatorio<\/strong>, educar para imaginar futuros puede ser una <strong>condici\u00f3n de supervivencia<\/strong>. La humanidad enfrenta riesgos existenciales (cambio clim\u00e1tico, colapso ecol\u00f3gico, inteligencia artificial desalineada, armas nucleares, viajes espaciales) que solo pueden abordarse mediante <strong>coordinaci\u00f3n anticipatoria<\/strong>. Una sociedad prospectivamente educada estar\u00eda preparada para actuar antes de que las crisis se vuelvan irreversibles. <strong>En suma, la educaci\u00f3n prospectiva no busca predecir, sino preparar: crear culturas capaces de pensar, sentir y decidir con horizonte.<\/strong><\/p>\n\n\n\n<h4 class=\"wp-block-heading has-kubio-color-4-color has-text-color has-link-color wp-elements-7b43f07b1b6ec19f4ec37f036fc3dfcd\"><strong>Conclusi\u00f3n<\/strong><\/h4>\n\n\n\n<p>La educaci\u00f3n prospectiva constituye una herramienta indispensable para la formaci\u00f3n de ciudadanos cr\u00edticos, creativos y responsables, capaces de enfrentar los desaf\u00edos de un mundo en constante transformaci\u00f3n. <strong>Integrar los Estudios del Futuro desde la infancia hasta la universidad permite superar la desconexi\u00f3n entre el presente que vivimos y los futuros que se construyen sin nuestra participaci\u00f3n consciente, recuperando as\u00ed la capacidad colectiva de imaginar, anticipar y actuar sobre lo porvenir.<\/strong> La alfabetizaci\u00f3n futurista no solo fortalece habilidades cognitivas, como el pensamiento sist\u00e9mico, la simulaci\u00f3n mental y la tolerancia a la ambig\u00fcedad, sino que tambi\u00e9n desarrolla competencias emocionales y \u00e9ticas, fomentando la empat\u00eda, la responsabilidad hacia otros y la resiliencia frente a la incertidumbre.<\/p>\n\n\n\n<p>El an\u00e1lisis hist\u00f3rico demuestra que la prospectiva ha evolucionado desde su origen en la planificaci\u00f3n estrat\u00e9gica y militar hacia enfoques cr\u00edticos, inclusivos y culturales, incorporando perspectivas feministas, decoloniales, ecol\u00f3gicas, ind\u00edgenas y de comunidades hist\u00f3ricamente marginadas.<strong> Esto evidencia que los futuros no son neutros ni universales: son construcciones sociales y pol\u00edticas que reflejan relaciones de poder.<\/strong> La educaci\u00f3n prospectiva, al democratizar el derecho a imaginar, permite que todos los grupos sociales puedan participar en la definici\u00f3n de lo que ser\u00e1 posible, deseable o probable, generando sociedades m\u00e1s justas y equitativas.<\/p>\n\n\n\n<p>A nivel pedag\u00f3gico, la prospectiva debe adaptarse a cada etapa formativa: en la infancia, el juego, la narrativa y la experimentaci\u00f3n fomentan la imaginaci\u00f3n radical y la comprensi\u00f3n de la temporalidad; en primaria y secundaria, se introducen m\u00e9todos de an\u00e1lisis de tendencias, escenarios y \u00e9tica aplicada; en la formaci\u00f3n profesional, se anticipan transformaciones sectoriales y se desarrollan competencias transferibles; y en la educaci\u00f3n superior, la investigaci\u00f3n interdisciplinaria y la formaci\u00f3n de l\u00edderes estrat\u00e9gicos consolidan la capacidad de dise\u00f1ar futuros sostenibles. Esta progresi\u00f3n asegura que los individuos no solo se adapten al cambio, sino que contribuyan activamente a moldearlo.<\/p>\n\n\n\n<p>Los impactos de la educaci\u00f3n prospectiva son m\u00faltiples y profundos. Cognitivamente, ampl\u00eda la capacidad de pensamiento cr\u00edtico, creativo y probabil\u00edstico; psicol\u00f3gicamente, fortalece la resiliencia y promueve el optimismo tr\u00e1gico; socialmente, fomenta la participaci\u00f3n democr\u00e1tica, la solidaridad intergeneracional y la inclusi\u00f3n de voces hist\u00f3ricamente marginadas; \u00e9ticamente, ampl\u00eda la responsabilidad hacia generaciones futuras y hacia el planeta; econ\u00f3micamente, desarrolla habilidades adaptativas y pensamiento innovador; y civilizatoriamente, constituye una estrategia de supervivencia frente a riesgos globales como el cambio clim\u00e1tico, la desigualdad, las tecnolog\u00edas desalineadas y las amenazas existenciales.<\/p>\n\n\n\n<p>En s\u00edntesis, educar en prospectiva es mucho m\u00e1s que preparar para lo que vendr\u00e1: es formar culturas capaces de anticipar, decidir y actuar con conciencia, construyendo futuros diversos, sostenibles y justos. Es un compromiso con la humanidad y con el planeta, que reconoce que el futuro no es un destino inevitable, sino un espacio de creaci\u00f3n colectiva en el que cada acci\u00f3n presente determina lo que ser\u00e1 posible ma\u00f1ana. Solo a trav\u00e9s de esta educaci\u00f3n integral ser\u00e1 posible garantizar que las nuevas generaciones puedan no solo habitar el mundo, sino transformarlo con sentido, \u00e9tica y visi\u00f3n estrat\u00e9gica.<\/p>\n\n\n\n<div data-wp-interactive=\"core\/file\" class=\"wp-block-file aligncenter\"><object data-wp-bind--hidden=\"!state.hasPdfPreview\" hidden class=\"wp-block-file__embed\" data=\"https:\/\/www.inteligenia.info\/wp-content\/uploads\/2025\/11\/EstudiosProspectivos_ArtiomVnebreaciPopa.pdf\" type=\"application\/pdf\" style=\"width:100%;height:600px\" aria-label=\"Incrustado de EstudiosProspectivos_ArtiomVnebreaciPopa.\"><\/object><a id=\"wp-block-file--media-3e7ff1a2-8c28-4070-a572-7abcb05a3222\" href=\"https:\/\/www.inteligenia.info\/wp-content\/uploads\/2025\/11\/EstudiosProspectivos_ArtiomVnebreaciPopa.pdf\">EstudiosProspectivos_ArtiomVnebreaciPopa<\/a><a href=\"https:\/\/www.inteligenia.info\/wp-content\/uploads\/2025\/11\/EstudiosProspectivos_ArtiomVnebreaciPopa.pdf\" class=\"wp-block-file__button wp-element-button\" download aria-describedby=\"wp-block-file--media-3e7ff1a2-8c28-4070-a572-7abcb05a3222\">Descarga<\/a><\/div>\n","protected":false},"excerpt":{"rendered":"<p>1. Introducci\u00f3n: La colonizaci\u00f3n del futuro como acto pedag\u00f3gico Existe una paradoja fundamental en nuestros sistemas educativos globales contempor\u00e1neos: formamos a generaciones enteras para navegar un mundo que ya no existe, mientras el futuro se construye aceleradamente sin su participaci\u00f3n consciente. Esta desconexi\u00f3n no es solo t\u00e9cnica o curricular, sino representa una fractura profunda en [&hellip;]<\/p>\n","protected":false},"author":1,"featured_media":1297,"comment_status":"open","ping_status":"open","sticky":false,"template":"","format":"standard","meta":{"saved_in_kubio":false,"footnotes":""},"categories":[24],"tags":[],"class_list":["post-1295","post","type-post","status-publish","format-standard","has-post-thumbnail","hentry","category-prospectiva"],"yoast_head":"<!-- This site is optimized with the Yoast SEO plugin v27.0 - https:\/\/yoast.com\/product\/yoast-seo-wordpress\/ -->\n<title>La necesidad de integrar los Estudios Prospectivos en la psique cognitiva colectiva - Inteligenia<\/title>\n<meta name=\"robots\" content=\"index, follow, max-snippet:-1, max-image-preview:large, max-video-preview:-1\" \/>\n<link rel=\"canonical\" href=\"https:\/\/www.inteligenia.info\/home\/la-necesidad-de-integrar-los-estudios-prospectivos-en-la-psique-cognitiva-colectiva\/\" \/>\n<meta property=\"og:locale\" content=\"es_ES\" \/>\n<meta property=\"og:type\" content=\"article\" \/>\n<meta property=\"og:title\" content=\"La necesidad de integrar los Estudios Prospectivos en la psique cognitiva colectiva - Inteligenia\" \/>\n<meta property=\"og:description\" content=\"1. Introducci\u00f3n: La colonizaci\u00f3n del futuro como acto pedag\u00f3gico Existe una paradoja fundamental en nuestros sistemas educativos globales contempor\u00e1neos: formamos a generaciones enteras para navegar un mundo que ya no existe, mientras el futuro se construye aceleradamente sin su participaci\u00f3n consciente. Esta desconexi\u00f3n no es solo t\u00e9cnica o curricular, sino representa una fractura profunda en [&hellip;]\" \/>\n<meta property=\"og:url\" content=\"https:\/\/www.inteligenia.info\/home\/la-necesidad-de-integrar-los-estudios-prospectivos-en-la-psique-cognitiva-colectiva\/\" \/>\n<meta property=\"og:site_name\" content=\"Inteligenia\" \/>\n<meta property=\"article:published_time\" content=\"2025-11-19T09:04:39+00:00\" \/>\n<meta property=\"article:modified_time\" content=\"2025-11-19T09:04:41+00:00\" \/>\n<meta property=\"og:image\" content=\"https:\/\/www.inteligenia.info\/wp-content\/uploads\/2025\/11\/ChatGPT-Image-19-nov-2025-09_55_17-1024x683.png\" \/>\n\t<meta property=\"og:image:width\" content=\"1024\" \/>\n\t<meta property=\"og:image:height\" content=\"683\" \/>\n\t<meta property=\"og:image:type\" content=\"image\/png\" \/>\n<meta name=\"author\" content=\"admin\" \/>\n<meta name=\"twitter:card\" content=\"summary_large_image\" \/>\n<meta name=\"twitter:creator\" content=\"@INTELIGENIA_\" \/>\n<meta name=\"twitter:site\" content=\"@INTELIGENIA_\" \/>\n<meta name=\"twitter:label1\" content=\"Escrito por\" \/>\n\t<meta name=\"twitter:data1\" content=\"admin\" \/>\n\t<meta name=\"twitter:label2\" content=\"Tiempo de lectura\" \/>\n\t<meta name=\"twitter:data2\" content=\"19 minutos\" \/>\n<script type=\"application\/ld+json\" class=\"yoast-schema-graph\">{\"@context\":\"https:\/\/schema.org\",\"@graph\":[{\"@type\":\"Article\",\"@id\":\"https:\/\/www.inteligenia.info\/home\/la-necesidad-de-integrar-los-estudios-prospectivos-en-la-psique-cognitiva-colectiva\/#article\",\"isPartOf\":{\"@id\":\"https:\/\/www.inteligenia.info\/home\/la-necesidad-de-integrar-los-estudios-prospectivos-en-la-psique-cognitiva-colectiva\/\"},\"author\":{\"name\":\"admin\",\"@id\":\"https:\/\/www.inteligenia.info\/home\/#\/schema\/person\/1bf90ee63c207f611a224f9c17dbf031\"},\"headline\":\"La necesidad de integrar los Estudios Prospectivos en la psique cognitiva colectiva\",\"datePublished\":\"2025-11-19T09:04:39+00:00\",\"dateModified\":\"2025-11-19T09:04:41+00:00\",\"mainEntityOfPage\":{\"@id\":\"https:\/\/www.inteligenia.info\/home\/la-necesidad-de-integrar-los-estudios-prospectivos-en-la-psique-cognitiva-colectiva\/\"},\"wordCount\":4562,\"commentCount\":0,\"publisher\":{\"@id\":\"https:\/\/www.inteligenia.info\/home\/#organization\"},\"image\":{\"@id\":\"https:\/\/www.inteligenia.info\/home\/la-necesidad-de-integrar-los-estudios-prospectivos-en-la-psique-cognitiva-colectiva\/#primaryimage\"},\"thumbnailUrl\":\"https:\/\/www.inteligenia.info\/wp-content\/uploads\/2025\/11\/ChatGPT-Image-19-nov-2025-09_55_17.png\",\"articleSection\":[\"Prospectiva\"],\"inLanguage\":\"es\",\"potentialAction\":[{\"@type\":\"CommentAction\",\"name\":\"Comment\",\"target\":[\"https:\/\/www.inteligenia.info\/home\/la-necesidad-de-integrar-los-estudios-prospectivos-en-la-psique-cognitiva-colectiva\/#respond\"]}]},{\"@type\":\"WebPage\",\"@id\":\"https:\/\/www.inteligenia.info\/home\/la-necesidad-de-integrar-los-estudios-prospectivos-en-la-psique-cognitiva-colectiva\/\",\"url\":\"https:\/\/www.inteligenia.info\/home\/la-necesidad-de-integrar-los-estudios-prospectivos-en-la-psique-cognitiva-colectiva\/\",\"name\":\"La necesidad de integrar los Estudios Prospectivos en la psique cognitiva colectiva - Inteligenia\",\"isPartOf\":{\"@id\":\"https:\/\/www.inteligenia.info\/home\/#website\"},\"primaryImageOfPage\":{\"@id\":\"https:\/\/www.inteligenia.info\/home\/la-necesidad-de-integrar-los-estudios-prospectivos-en-la-psique-cognitiva-colectiva\/#primaryimage\"},\"image\":{\"@id\":\"https:\/\/www.inteligenia.info\/home\/la-necesidad-de-integrar-los-estudios-prospectivos-en-la-psique-cognitiva-colectiva\/#primaryimage\"},\"thumbnailUrl\":\"https:\/\/www.inteligenia.info\/wp-content\/uploads\/2025\/11\/ChatGPT-Image-19-nov-2025-09_55_17.png\",\"datePublished\":\"2025-11-19T09:04:39+00:00\",\"dateModified\":\"2025-11-19T09:04:41+00:00\",\"breadcrumb\":{\"@id\":\"https:\/\/www.inteligenia.info\/home\/la-necesidad-de-integrar-los-estudios-prospectivos-en-la-psique-cognitiva-colectiva\/#breadcrumb\"},\"inLanguage\":\"es\",\"potentialAction\":[{\"@type\":\"ReadAction\",\"target\":[\"https:\/\/www.inteligenia.info\/home\/la-necesidad-de-integrar-los-estudios-prospectivos-en-la-psique-cognitiva-colectiva\/\"]}]},{\"@type\":\"ImageObject\",\"inLanguage\":\"es\",\"@id\":\"https:\/\/www.inteligenia.info\/home\/la-necesidad-de-integrar-los-estudios-prospectivos-en-la-psique-cognitiva-colectiva\/#primaryimage\",\"url\":\"https:\/\/www.inteligenia.info\/wp-content\/uploads\/2025\/11\/ChatGPT-Image-19-nov-2025-09_55_17.png\",\"contentUrl\":\"https:\/\/www.inteligenia.info\/wp-content\/uploads\/2025\/11\/ChatGPT-Image-19-nov-2025-09_55_17.png\",\"width\":1536,\"height\":1024},{\"@type\":\"BreadcrumbList\",\"@id\":\"https:\/\/www.inteligenia.info\/home\/la-necesidad-de-integrar-los-estudios-prospectivos-en-la-psique-cognitiva-colectiva\/#breadcrumb\",\"itemListElement\":[{\"@type\":\"ListItem\",\"position\":1,\"name\":\"Portada\",\"item\":\"https:\/\/www.inteligenia.info\/home\/\"},{\"@type\":\"ListItem\",\"position\":2,\"name\":\"La necesidad de integrar los Estudios Prospectivos en la psique cognitiva colectiva\"}]},{\"@type\":\"WebSite\",\"@id\":\"https:\/\/www.inteligenia.info\/home\/#website\",\"url\":\"https:\/\/www.inteligenia.info\/home\/\",\"name\":\"Inteligenia\",\"description\":\"\",\"publisher\":{\"@id\":\"https:\/\/www.inteligenia.info\/home\/#organization\"},\"potentialAction\":[{\"@type\":\"SearchAction\",\"target\":{\"@type\":\"EntryPoint\",\"urlTemplate\":\"https:\/\/www.inteligenia.info\/home\/?s={search_term_string}\"},\"query-input\":{\"@type\":\"PropertyValueSpecification\",\"valueRequired\":true,\"valueName\":\"search_term_string\"}}],\"inLanguage\":\"es\"},{\"@type\":\"Organization\",\"@id\":\"https:\/\/www.inteligenia.info\/home\/#organization\",\"name\":\"Inteligenia\",\"url\":\"https:\/\/www.inteligenia.info\/home\/\",\"logo\":{\"@type\":\"ImageObject\",\"inLanguage\":\"es\",\"@id\":\"https:\/\/www.inteligenia.info\/home\/#\/schema\/logo\/image\/\",\"url\":\"https:\/\/www.inteligenia.info\/wp-content\/uploads\/2024\/06\/transparent_logo-1-e1718047668142.png\",\"contentUrl\":\"https:\/\/www.inteligenia.info\/wp-content\/uploads\/2024\/06\/transparent_logo-1-e1718047668142.png\",\"width\":674,\"height\":141,\"caption\":\"Inteligenia\"},\"image\":{\"@id\":\"https:\/\/www.inteligenia.info\/home\/#\/schema\/logo\/image\/\"},\"sameAs\":[\"https:\/\/x.com\/INTELIGENIA_\",\"https:\/\/www.linkedin.com\/company\/inteligenia\/?viewAsMember=true\"]},{\"@type\":\"Person\",\"@id\":\"https:\/\/www.inteligenia.info\/home\/#\/schema\/person\/1bf90ee63c207f611a224f9c17dbf031\",\"name\":\"admin\",\"image\":{\"@type\":\"ImageObject\",\"inLanguage\":\"es\",\"@id\":\"https:\/\/www.inteligenia.info\/home\/#\/schema\/person\/image\/\",\"url\":\"https:\/\/secure.gravatar.com\/avatar\/ed712be762908ac190eb3beb8cf9efb0dc9c425bd7b69d40ba8746efca2909c6?s=96&d=mm&r=g\",\"contentUrl\":\"https:\/\/secure.gravatar.com\/avatar\/ed712be762908ac190eb3beb8cf9efb0dc9c425bd7b69d40ba8746efca2909c6?s=96&d=mm&r=g\",\"caption\":\"admin\"},\"sameAs\":[\"http:\/\/www.inteligenia.info\"],\"url\":\"https:\/\/www.inteligenia.info\/home\/author\/admin\/\"}]}<\/script>\n<!-- \/ Yoast SEO plugin. -->","yoast_head_json":{"title":"La necesidad de integrar los Estudios Prospectivos en la psique cognitiva colectiva - Inteligenia","robots":{"index":"index","follow":"follow","max-snippet":"max-snippet:-1","max-image-preview":"max-image-preview:large","max-video-preview":"max-video-preview:-1"},"canonical":"https:\/\/www.inteligenia.info\/home\/la-necesidad-de-integrar-los-estudios-prospectivos-en-la-psique-cognitiva-colectiva\/","og_locale":"es_ES","og_type":"article","og_title":"La necesidad de integrar los Estudios Prospectivos en la psique cognitiva colectiva - Inteligenia","og_description":"1. Introducci\u00f3n: La colonizaci\u00f3n del futuro como acto pedag\u00f3gico Existe una paradoja fundamental en nuestros sistemas educativos globales contempor\u00e1neos: formamos a generaciones enteras para navegar un mundo que ya no existe, mientras el futuro se construye aceleradamente sin su participaci\u00f3n consciente. Esta desconexi\u00f3n no es solo t\u00e9cnica o curricular, sino representa una fractura profunda en [&hellip;]","og_url":"https:\/\/www.inteligenia.info\/home\/la-necesidad-de-integrar-los-estudios-prospectivos-en-la-psique-cognitiva-colectiva\/","og_site_name":"Inteligenia","article_published_time":"2025-11-19T09:04:39+00:00","article_modified_time":"2025-11-19T09:04:41+00:00","og_image":[{"width":1024,"height":683,"url":"https:\/\/www.inteligenia.info\/wp-content\/uploads\/2025\/11\/ChatGPT-Image-19-nov-2025-09_55_17-1024x683.png","type":"image\/png"}],"author":"admin","twitter_card":"summary_large_image","twitter_creator":"@INTELIGENIA_","twitter_site":"@INTELIGENIA_","twitter_misc":{"Escrito por":"admin","Tiempo de lectura":"19 minutos"},"schema":{"@context":"https:\/\/schema.org","@graph":[{"@type":"Article","@id":"https:\/\/www.inteligenia.info\/home\/la-necesidad-de-integrar-los-estudios-prospectivos-en-la-psique-cognitiva-colectiva\/#article","isPartOf":{"@id":"https:\/\/www.inteligenia.info\/home\/la-necesidad-de-integrar-los-estudios-prospectivos-en-la-psique-cognitiva-colectiva\/"},"author":{"name":"admin","@id":"https:\/\/www.inteligenia.info\/home\/#\/schema\/person\/1bf90ee63c207f611a224f9c17dbf031"},"headline":"La necesidad de integrar los Estudios Prospectivos en la psique cognitiva colectiva","datePublished":"2025-11-19T09:04:39+00:00","dateModified":"2025-11-19T09:04:41+00:00","mainEntityOfPage":{"@id":"https:\/\/www.inteligenia.info\/home\/la-necesidad-de-integrar-los-estudios-prospectivos-en-la-psique-cognitiva-colectiva\/"},"wordCount":4562,"commentCount":0,"publisher":{"@id":"https:\/\/www.inteligenia.info\/home\/#organization"},"image":{"@id":"https:\/\/www.inteligenia.info\/home\/la-necesidad-de-integrar-los-estudios-prospectivos-en-la-psique-cognitiva-colectiva\/#primaryimage"},"thumbnailUrl":"https:\/\/www.inteligenia.info\/wp-content\/uploads\/2025\/11\/ChatGPT-Image-19-nov-2025-09_55_17.png","articleSection":["Prospectiva"],"inLanguage":"es","potentialAction":[{"@type":"CommentAction","name":"Comment","target":["https:\/\/www.inteligenia.info\/home\/la-necesidad-de-integrar-los-estudios-prospectivos-en-la-psique-cognitiva-colectiva\/#respond"]}]},{"@type":"WebPage","@id":"https:\/\/www.inteligenia.info\/home\/la-necesidad-de-integrar-los-estudios-prospectivos-en-la-psique-cognitiva-colectiva\/","url":"https:\/\/www.inteligenia.info\/home\/la-necesidad-de-integrar-los-estudios-prospectivos-en-la-psique-cognitiva-colectiva\/","name":"La necesidad de integrar los Estudios Prospectivos en la psique cognitiva colectiva - Inteligenia","isPartOf":{"@id":"https:\/\/www.inteligenia.info\/home\/#website"},"primaryImageOfPage":{"@id":"https:\/\/www.inteligenia.info\/home\/la-necesidad-de-integrar-los-estudios-prospectivos-en-la-psique-cognitiva-colectiva\/#primaryimage"},"image":{"@id":"https:\/\/www.inteligenia.info\/home\/la-necesidad-de-integrar-los-estudios-prospectivos-en-la-psique-cognitiva-colectiva\/#primaryimage"},"thumbnailUrl":"https:\/\/www.inteligenia.info\/wp-content\/uploads\/2025\/11\/ChatGPT-Image-19-nov-2025-09_55_17.png","datePublished":"2025-11-19T09:04:39+00:00","dateModified":"2025-11-19T09:04:41+00:00","breadcrumb":{"@id":"https:\/\/www.inteligenia.info\/home\/la-necesidad-de-integrar-los-estudios-prospectivos-en-la-psique-cognitiva-colectiva\/#breadcrumb"},"inLanguage":"es","potentialAction":[{"@type":"ReadAction","target":["https:\/\/www.inteligenia.info\/home\/la-necesidad-de-integrar-los-estudios-prospectivos-en-la-psique-cognitiva-colectiva\/"]}]},{"@type":"ImageObject","inLanguage":"es","@id":"https:\/\/www.inteligenia.info\/home\/la-necesidad-de-integrar-los-estudios-prospectivos-en-la-psique-cognitiva-colectiva\/#primaryimage","url":"https:\/\/www.inteligenia.info\/wp-content\/uploads\/2025\/11\/ChatGPT-Image-19-nov-2025-09_55_17.png","contentUrl":"https:\/\/www.inteligenia.info\/wp-content\/uploads\/2025\/11\/ChatGPT-Image-19-nov-2025-09_55_17.png","width":1536,"height":1024},{"@type":"BreadcrumbList","@id":"https:\/\/www.inteligenia.info\/home\/la-necesidad-de-integrar-los-estudios-prospectivos-en-la-psique-cognitiva-colectiva\/#breadcrumb","itemListElement":[{"@type":"ListItem","position":1,"name":"Portada","item":"https:\/\/www.inteligenia.info\/home\/"},{"@type":"ListItem","position":2,"name":"La necesidad de integrar los Estudios Prospectivos en la psique cognitiva colectiva"}]},{"@type":"WebSite","@id":"https:\/\/www.inteligenia.info\/home\/#website","url":"https:\/\/www.inteligenia.info\/home\/","name":"Inteligenia","description":"","publisher":{"@id":"https:\/\/www.inteligenia.info\/home\/#organization"},"potentialAction":[{"@type":"SearchAction","target":{"@type":"EntryPoint","urlTemplate":"https:\/\/www.inteligenia.info\/home\/?s={search_term_string}"},"query-input":{"@type":"PropertyValueSpecification","valueRequired":true,"valueName":"search_term_string"}}],"inLanguage":"es"},{"@type":"Organization","@id":"https:\/\/www.inteligenia.info\/home\/#organization","name":"Inteligenia","url":"https:\/\/www.inteligenia.info\/home\/","logo":{"@type":"ImageObject","inLanguage":"es","@id":"https:\/\/www.inteligenia.info\/home\/#\/schema\/logo\/image\/","url":"https:\/\/www.inteligenia.info\/wp-content\/uploads\/2024\/06\/transparent_logo-1-e1718047668142.png","contentUrl":"https:\/\/www.inteligenia.info\/wp-content\/uploads\/2024\/06\/transparent_logo-1-e1718047668142.png","width":674,"height":141,"caption":"Inteligenia"},"image":{"@id":"https:\/\/www.inteligenia.info\/home\/#\/schema\/logo\/image\/"},"sameAs":["https:\/\/x.com\/INTELIGENIA_","https:\/\/www.linkedin.com\/company\/inteligenia\/?viewAsMember=true"]},{"@type":"Person","@id":"https:\/\/www.inteligenia.info\/home\/#\/schema\/person\/1bf90ee63c207f611a224f9c17dbf031","name":"admin","image":{"@type":"ImageObject","inLanguage":"es","@id":"https:\/\/www.inteligenia.info\/home\/#\/schema\/person\/image\/","url":"https:\/\/secure.gravatar.com\/avatar\/ed712be762908ac190eb3beb8cf9efb0dc9c425bd7b69d40ba8746efca2909c6?s=96&d=mm&r=g","contentUrl":"https:\/\/secure.gravatar.com\/avatar\/ed712be762908ac190eb3beb8cf9efb0dc9c425bd7b69d40ba8746efca2909c6?s=96&d=mm&r=g","caption":"admin"},"sameAs":["http:\/\/www.inteligenia.info"],"url":"https:\/\/www.inteligenia.info\/home\/author\/admin\/"}]}},"_links":{"self":[{"href":"https:\/\/www.inteligenia.info\/home\/wp-json\/wp\/v2\/posts\/1295","targetHints":{"allow":["GET"]}}],"collection":[{"href":"https:\/\/www.inteligenia.info\/home\/wp-json\/wp\/v2\/posts"}],"about":[{"href":"https:\/\/www.inteligenia.info\/home\/wp-json\/wp\/v2\/types\/post"}],"author":[{"embeddable":true,"href":"https:\/\/www.inteligenia.info\/home\/wp-json\/wp\/v2\/users\/1"}],"replies":[{"embeddable":true,"href":"https:\/\/www.inteligenia.info\/home\/wp-json\/wp\/v2\/comments?post=1295"}],"version-history":[{"count":1,"href":"https:\/\/www.inteligenia.info\/home\/wp-json\/wp\/v2\/posts\/1295\/revisions"}],"predecessor-version":[{"id":1299,"href":"https:\/\/www.inteligenia.info\/home\/wp-json\/wp\/v2\/posts\/1295\/revisions\/1299"}],"wp:featuredmedia":[{"embeddable":true,"href":"https:\/\/www.inteligenia.info\/home\/wp-json\/wp\/v2\/media\/1297"}],"wp:attachment":[{"href":"https:\/\/www.inteligenia.info\/home\/wp-json\/wp\/v2\/media?parent=1295"}],"wp:term":[{"taxonomy":"category","embeddable":true,"href":"https:\/\/www.inteligenia.info\/home\/wp-json\/wp\/v2\/categories?post=1295"},{"taxonomy":"post_tag","embeddable":true,"href":"https:\/\/www.inteligenia.info\/home\/wp-json\/wp\/v2\/tags?post=1295"}],"curies":[{"name":"wp","href":"https:\/\/api.w.org\/{rel}","templated":true}]}}