{"id":1304,"date":"2025-11-21T09:33:57","date_gmt":"2025-11-21T09:33:57","guid":{"rendered":"https:\/\/www.inteligenia.info\/?p=1304"},"modified":"2025-11-21T10:02:37","modified_gmt":"2025-11-21T10:02:37","slug":"convenio-de-colaboracion-educativa-entre-inteligenia-y-la-universidad-francisco-de-vitoria","status":"publish","type":"post","link":"https:\/\/www.inteligenia.info\/home\/convenio-de-colaboracion-educativa-entre-inteligenia-y-la-universidad-francisco-de-vitoria\/","title":{"rendered":"Convenio de colaboraci\u00f3n educativa entre Inteligenia y la Universidad Francisco de Vitoria"},"content":{"rendered":"\n<p class=\"has-kubio-color-1-color has-text-color has-link-color wp-elements-ba626fe9f17732d0fb53d0be93da5110\" style=\"font-size:18px\">En Inteligenia estamos muy felices de anunciar la firma de un convenio de colaboraci\u00f3n educativa con la Universidad Francisco de Vitoria, un paso que nos permite seguir impulsando el talento joven y contribuir activamente a su formaci\u00f3n. Con este acuerdo reforzamos nuestro compromiso con el desarrollo profesional de los estudiantes, ofreci\u00e9ndoles un entorno real donde puedan aplicar sus conocimientos y crecer como futuros profesionales, especialmente en seguridad, defensa e inteligencia.<\/p>\n\n\n\n<p class=\"has-kubio-color-1-color has-text-color has-link-color wp-elements-91b21f4307ed2ad348a826415a62c98b\" style=\"font-size:18px\">El prop\u00f3sito central de este convenio es <strong>facilitar que los estudiantes de la UFV completen su formaci\u00f3n realizando pr\u00e1cticas en Inteligenia<\/strong>, integr\u00e1ndose en proyectos reales y trabajando junto a nuestros equipos. Gracias a este convenio, los alumnos de la UFV podr\u00e1n unirse a nuestro programa de pr\u00e1cticas, donde tendr\u00e1n la oportunidad de desarrollarse en un entorno innovador y din\u00e1mico.<\/p>\n\n\n\n<p class=\"has-kubio-color-1-color has-text-color has-link-color wp-elements-4149897a5743c4a29ee22d4ec8a550b8\" style=\"font-size:18px\">A trav\u00e9s de esta colaboraci\u00f3n, acogemos a alumnos en pr\u00e1cticas y les ofrecemos acompa\u00f1amiento, tutorizaci\u00f3n y apoyo continuo durante su estancia con nosotros. Nuestro objetivo es que cada estudiante encuentre en Inteligenia un espacio donde aprender, aportar ideas, desarrollar sus capacidades y descubrir nuevas \u00e1reas de inter\u00e9s dentro del \u00e1mbito tecnol\u00f3gico.<\/p>\n\n\n\n<p class=\"has-kubio-color-1-color has-text-color has-link-color wp-elements-496eed031bb37a61aab48684e5fc2ea6\" style=\"font-size:18px\">Estamos convencidos de que esta alianza con la Universidad Francisco de Vitoria supone un paso significativo para seguir promoviendo la innovaci\u00f3n, el aprendizaje y el crecimiento compartido. En Inteligenia seguimos apostando por el talento, y este convenio refuerza nuestra voluntad de abrir nuestras puertas a las nuevas generaciones de profesionales.<\/p>\n\n\n\n<figure class=\"wp-block-image size-large\"><img loading=\"lazy\" decoding=\"async\" width=\"1024\" height=\"1024\" src=\"https:\/\/www.inteligenia.info\/wp-content\/uploads\/2025\/11\/Convenio-de-Colaboracion-Educativa-2-1024x1024.png\" alt=\"\" class=\"wp-image-1307\" srcset=\"https:\/\/www.inteligenia.info\/wp-content\/uploads\/2025\/11\/Convenio-de-Colaboracion-Educativa-2-1024x1024.png 1024w, https:\/\/www.inteligenia.info\/wp-content\/uploads\/2025\/11\/Convenio-de-Colaboracion-Educativa-2-300x300.png 300w, https:\/\/www.inteligenia.info\/wp-content\/uploads\/2025\/11\/Convenio-de-Colaboracion-Educativa-2-150x150.png 150w, https:\/\/www.inteligenia.info\/wp-content\/uploads\/2025\/11\/Convenio-de-Colaboracion-Educativa-2-768x768.png 768w, https:\/\/www.inteligenia.info\/wp-content\/uploads\/2025\/11\/Convenio-de-Colaboracion-Educativa-2-1080x1080.png 1080w, https:\/\/www.inteligenia.info\/wp-content\/uploads\/2025\/11\/Convenio-de-Colaboracion-Educativa-2.png 1200w\" sizes=\"(max-width: 1024px) 100vw, 1024px\" \/><\/figure>\n","protected":false},"excerpt":{"rendered":"<p>En Inteligenia estamos muy felices de anunciar la firma de un convenio de colaboraci\u00f3n educativa con la Universidad Francisco de Vitoria, un paso que nos permite seguir impulsando el talento joven y contribuir activamente a su formaci\u00f3n. Con este acuerdo reforzamos nuestro compromiso con el desarrollo profesional de los estudiantes, ofreci\u00e9ndoles un entorno real donde [&hellip;]<\/p>\n","protected":false},"author":1,"featured_media":1305,"comment_status":"open","ping_status":"open","sticky":false,"template":"","format":"standard","meta":{"saved_in_kubio":false,"footnotes":""},"categories":[12],"tags":[],"class_list":["post-1304","post","type-post","status-publish","format-standard","has-post-thumbnail","hentry","category-noticias"],"yoast_head":"<!-- This site is optimized with the Yoast SEO plugin v27.0 - https:\/\/yoast.com\/product\/yoast-seo-wordpress\/ -->\n<title>Convenio de colaboraci\u00f3n educativa entre Inteligenia y la Universidad Francisco de Vitoria - Inteligenia<\/title>\n<meta name=\"robots\" content=\"index, follow, max-snippet:-1, max-image-preview:large, max-video-preview:-1\" \/>\n<link rel=\"canonical\" href=\"https:\/\/www.inteligenia.info\/home\/convenio-de-colaboracion-educativa-entre-inteligenia-y-la-universidad-francisco-de-vitoria\/\" \/>\n<meta property=\"og:locale\" content=\"es_ES\" \/>\n<meta property=\"og:type\" content=\"article\" \/>\n<meta property=\"og:title\" content=\"Convenio de colaboraci\u00f3n educativa entre Inteligenia y la Universidad Francisco de Vitoria - Inteligenia\" \/>\n<meta property=\"og:description\" content=\"En Inteligenia estamos muy felices de anunciar la firma de un convenio de colaboraci\u00f3n educativa con la Universidad Francisco de Vitoria, un paso que nos permite seguir impulsando el talento joven y contribuir activamente a su formaci\u00f3n. Con este acuerdo reforzamos nuestro compromiso con el desarrollo profesional de los estudiantes, ofreci\u00e9ndoles un entorno real donde [&hellip;]\" \/>\n<meta property=\"og:url\" content=\"https:\/\/www.inteligenia.info\/home\/convenio-de-colaboracion-educativa-entre-inteligenia-y-la-universidad-francisco-de-vitoria\/\" \/>\n<meta property=\"og:site_name\" content=\"Inteligenia\" \/>\n<meta property=\"article:published_time\" content=\"2025-11-21T09:33:57+00:00\" \/>\n<meta property=\"article:modified_time\" content=\"2025-11-21T10:02:37+00:00\" \/>\n<meta property=\"og:image\" content=\"https:\/\/www.inteligenia.info\/wp-content\/uploads\/2025\/11\/Convenio-de-Colaboracion-Educativa.png\" \/>\n\t<meta property=\"og:image:width\" content=\"1200\" \/>\n\t<meta property=\"og:image:height\" content=\"1200\" \/>\n\t<meta property=\"og:image:type\" content=\"image\/png\" \/>\n<meta name=\"author\" content=\"admin\" \/>\n<meta name=\"twitter:card\" content=\"summary_large_image\" \/>\n<meta name=\"twitter:creator\" content=\"@INTELIGENIA_\" \/>\n<meta name=\"twitter:site\" content=\"@INTELIGENIA_\" \/>\n<meta name=\"twitter:label1\" content=\"Escrito por\" \/>\n\t<meta name=\"twitter:data1\" content=\"admin\" \/>\n\t<meta name=\"twitter:label2\" content=\"Tiempo de lectura\" \/>\n\t<meta name=\"twitter:data2\" content=\"2 minutos\" \/>\n<script type=\"application\/ld+json\" class=\"yoast-schema-graph\">{\"@context\":\"https:\/\/schema.org\",\"@graph\":[{\"@type\":\"Article\",\"@id\":\"https:\/\/www.inteligenia.info\/home\/convenio-de-colaboracion-educativa-entre-inteligenia-y-la-universidad-francisco-de-vitoria\/#article\",\"isPartOf\":{\"@id\":\"https:\/\/www.inteligenia.info\/home\/convenio-de-colaboracion-educativa-entre-inteligenia-y-la-universidad-francisco-de-vitoria\/\"},\"author\":{\"name\":\"admin\",\"@id\":\"https:\/\/www.inteligenia.info\/home\/#\/schema\/person\/1bf90ee63c207f611a224f9c17dbf031\"},\"headline\":\"Convenio de colaboraci\u00f3n educativa entre Inteligenia y la Universidad Francisco de Vitoria\",\"datePublished\":\"2025-11-21T09:33:57+00:00\",\"dateModified\":\"2025-11-21T10:02:37+00:00\",\"mainEntityOfPage\":{\"@id\":\"https:\/\/www.inteligenia.info\/home\/convenio-de-colaboracion-educativa-entre-inteligenia-y-la-universidad-francisco-de-vitoria\/\"},\"wordCount\":262,\"commentCount\":0,\"publisher\":{\"@id\":\"https:\/\/www.inteligenia.info\/home\/#organization\"},\"image\":{\"@id\":\"https:\/\/www.inteligenia.info\/home\/convenio-de-colaboracion-educativa-entre-inteligenia-y-la-universidad-francisco-de-vitoria\/#primaryimage\"},\"thumbnailUrl\":\"https:\/\/www.inteligenia.info\/wp-content\/uploads\/2025\/11\/Convenio-de-Colaboracion-Educativa.png\",\"articleSection\":[\"Noticias\"],\"inLanguage\":\"es\",\"potentialAction\":[{\"@type\":\"CommentAction\",\"name\":\"Comment\",\"target\":[\"https:\/\/www.inteligenia.info\/home\/convenio-de-colaboracion-educativa-entre-inteligenia-y-la-universidad-francisco-de-vitoria\/#respond\"]}]},{\"@type\":\"WebPage\",\"@id\":\"https:\/\/www.inteligenia.info\/home\/convenio-de-colaboracion-educativa-entre-inteligenia-y-la-universidad-francisco-de-vitoria\/\",\"url\":\"https:\/\/www.inteligenia.info\/home\/convenio-de-colaboracion-educativa-entre-inteligenia-y-la-universidad-francisco-de-vitoria\/\",\"name\":\"Convenio de colaboraci\u00f3n educativa entre Inteligenia y la Universidad Francisco de Vitoria - Inteligenia\",\"isPartOf\":{\"@id\":\"https:\/\/www.inteligenia.info\/home\/#website\"},\"primaryImageOfPage\":{\"@id\":\"https:\/\/www.inteligenia.info\/home\/convenio-de-colaboracion-educativa-entre-inteligenia-y-la-universidad-francisco-de-vitoria\/#primaryimage\"},\"image\":{\"@id\":\"https:\/\/www.inteligenia.info\/home\/convenio-de-colaboracion-educativa-entre-inteligenia-y-la-universidad-francisco-de-vitoria\/#primaryimage\"},\"thumbnailUrl\":\"https:\/\/www.inteligenia.info\/wp-content\/uploads\/2025\/11\/Convenio-de-Colaboracion-Educativa.png\",\"datePublished\":\"2025-11-21T09:33:57+00:00\",\"dateModified\":\"2025-11-21T10:02:37+00:00\",\"breadcrumb\":{\"@id\":\"https:\/\/www.inteligenia.info\/home\/convenio-de-colaboracion-educativa-entre-inteligenia-y-la-universidad-francisco-de-vitoria\/#breadcrumb\"},\"inLanguage\":\"es\",\"potentialAction\":[{\"@type\":\"ReadAction\",\"target\":[\"https:\/\/www.inteligenia.info\/home\/convenio-de-colaboracion-educativa-entre-inteligenia-y-la-universidad-francisco-de-vitoria\/\"]}]},{\"@type\":\"ImageObject\",\"inLanguage\":\"es\",\"@id\":\"https:\/\/www.inteligenia.info\/home\/convenio-de-colaboracion-educativa-entre-inteligenia-y-la-universidad-francisco-de-vitoria\/#primaryimage\",\"url\":\"https:\/\/www.inteligenia.info\/wp-content\/uploads\/2025\/11\/Convenio-de-Colaboracion-Educativa.png\",\"contentUrl\":\"https:\/\/www.inteligenia.info\/wp-content\/uploads\/2025\/11\/Convenio-de-Colaboracion-Educativa.png\",\"width\":1200,\"height\":1200},{\"@type\":\"BreadcrumbList\",\"@id\":\"https:\/\/www.inteligenia.info\/home\/convenio-de-colaboracion-educativa-entre-inteligenia-y-la-universidad-francisco-de-vitoria\/#breadcrumb\",\"itemListElement\":[{\"@type\":\"ListItem\",\"position\":1,\"name\":\"Portada\",\"item\":\"https:\/\/www.inteligenia.info\/home\/\"},{\"@type\":\"ListItem\",\"position\":2,\"name\":\"Convenio de colaboraci\u00f3n educativa entre Inteligenia y la Universidad Francisco de Vitoria\"}]},{\"@type\":\"WebSite\",\"@id\":\"https:\/\/www.inteligenia.info\/home\/#website\",\"url\":\"https:\/\/www.inteligenia.info\/home\/\",\"name\":\"Inteligenia\",\"description\":\"\",\"publisher\":{\"@id\":\"https:\/\/www.inteligenia.info\/home\/#organization\"},\"potentialAction\":[{\"@type\":\"SearchAction\",\"target\":{\"@type\":\"EntryPoint\",\"urlTemplate\":\"https:\/\/www.inteligenia.info\/home\/?s={search_term_string}\"},\"query-input\":{\"@type\":\"PropertyValueSpecification\",\"valueRequired\":true,\"valueName\":\"search_term_string\"}}],\"inLanguage\":\"es\"},{\"@type\":\"Organization\",\"@id\":\"https:\/\/www.inteligenia.info\/home\/#organization\",\"name\":\"Inteligenia\",\"url\":\"https:\/\/www.inteligenia.info\/home\/\",\"logo\":{\"@type\":\"ImageObject\",\"inLanguage\":\"es\",\"@id\":\"https:\/\/www.inteligenia.info\/home\/#\/schema\/logo\/image\/\",\"url\":\"https:\/\/www.inteligenia.info\/wp-content\/uploads\/2024\/06\/transparent_logo-1-e1718047668142.png\",\"contentUrl\":\"https:\/\/www.inteligenia.info\/wp-content\/uploads\/2024\/06\/transparent_logo-1-e1718047668142.png\",\"width\":674,\"height\":141,\"caption\":\"Inteligenia\"},\"image\":{\"@id\":\"https:\/\/www.inteligenia.info\/home\/#\/schema\/logo\/image\/\"},\"sameAs\":[\"https:\/\/x.com\/INTELIGENIA_\",\"https:\/\/www.linkedin.com\/company\/inteligenia\/?viewAsMember=true\"]},{\"@type\":\"Person\",\"@id\":\"https:\/\/www.inteligenia.info\/home\/#\/schema\/person\/1bf90ee63c207f611a224f9c17dbf031\",\"name\":\"admin\",\"image\":{\"@type\":\"ImageObject\",\"inLanguage\":\"es\",\"@id\":\"https:\/\/www.inteligenia.info\/home\/#\/schema\/person\/image\/\",\"url\":\"https:\/\/secure.gravatar.com\/avatar\/ed712be762908ac190eb3beb8cf9efb0dc9c425bd7b69d40ba8746efca2909c6?s=96&d=mm&r=g\",\"contentUrl\":\"https:\/\/secure.gravatar.com\/avatar\/ed712be762908ac190eb3beb8cf9efb0dc9c425bd7b69d40ba8746efca2909c6?s=96&d=mm&r=g\",\"caption\":\"admin\"},\"sameAs\":[\"http:\/\/www.inteligenia.info\"],\"url\":\"https:\/\/www.inteligenia.info\/home\/author\/admin\/\"}]}<\/script>\n<!-- \/ Yoast SEO plugin. -->","yoast_head_json":{"title":"Convenio de colaboraci\u00f3n educativa entre Inteligenia y la Universidad Francisco de Vitoria - Inteligenia","robots":{"index":"index","follow":"follow","max-snippet":"max-snippet:-1","max-image-preview":"max-image-preview:large","max-video-preview":"max-video-preview:-1"},"canonical":"https:\/\/www.inteligenia.info\/home\/convenio-de-colaboracion-educativa-entre-inteligenia-y-la-universidad-francisco-de-vitoria\/","og_locale":"es_ES","og_type":"article","og_title":"Convenio de colaboraci\u00f3n educativa entre Inteligenia y la Universidad Francisco de Vitoria - Inteligenia","og_description":"En Inteligenia estamos muy felices de anunciar la firma de un convenio de colaboraci\u00f3n educativa con la Universidad Francisco de Vitoria, un paso que nos permite seguir impulsando el talento joven y contribuir activamente a su formaci\u00f3n. Con este acuerdo reforzamos nuestro compromiso con el desarrollo profesional de los estudiantes, ofreci\u00e9ndoles un entorno real donde [&hellip;]","og_url":"https:\/\/www.inteligenia.info\/home\/convenio-de-colaboracion-educativa-entre-inteligenia-y-la-universidad-francisco-de-vitoria\/","og_site_name":"Inteligenia","article_published_time":"2025-11-21T09:33:57+00:00","article_modified_time":"2025-11-21T10:02:37+00:00","og_image":[{"width":1200,"height":1200,"url":"https:\/\/www.inteligenia.info\/wp-content\/uploads\/2025\/11\/Convenio-de-Colaboracion-Educativa.png","type":"image\/png"}],"author":"admin","twitter_card":"summary_large_image","twitter_creator":"@INTELIGENIA_","twitter_site":"@INTELIGENIA_","twitter_misc":{"Escrito por":"admin","Tiempo de lectura":"2 minutos"},"schema":{"@context":"https:\/\/schema.org","@graph":[{"@type":"Article","@id":"https:\/\/www.inteligenia.info\/home\/convenio-de-colaboracion-educativa-entre-inteligenia-y-la-universidad-francisco-de-vitoria\/#article","isPartOf":{"@id":"https:\/\/www.inteligenia.info\/home\/convenio-de-colaboracion-educativa-entre-inteligenia-y-la-universidad-francisco-de-vitoria\/"},"author":{"name":"admin","@id":"https:\/\/www.inteligenia.info\/home\/#\/schema\/person\/1bf90ee63c207f611a224f9c17dbf031"},"headline":"Convenio de colaboraci\u00f3n educativa entre Inteligenia y la Universidad Francisco de Vitoria","datePublished":"2025-11-21T09:33:57+00:00","dateModified":"2025-11-21T10:02:37+00:00","mainEntityOfPage":{"@id":"https:\/\/www.inteligenia.info\/home\/convenio-de-colaboracion-educativa-entre-inteligenia-y-la-universidad-francisco-de-vitoria\/"},"wordCount":262,"commentCount":0,"publisher":{"@id":"https:\/\/www.inteligenia.info\/home\/#organization"},"image":{"@id":"https:\/\/www.inteligenia.info\/home\/convenio-de-colaboracion-educativa-entre-inteligenia-y-la-universidad-francisco-de-vitoria\/#primaryimage"},"thumbnailUrl":"https:\/\/www.inteligenia.info\/wp-content\/uploads\/2025\/11\/Convenio-de-Colaboracion-Educativa.png","articleSection":["Noticias"],"inLanguage":"es","potentialAction":[{"@type":"CommentAction","name":"Comment","target":["https:\/\/www.inteligenia.info\/home\/convenio-de-colaboracion-educativa-entre-inteligenia-y-la-universidad-francisco-de-vitoria\/#respond"]}]},{"@type":"WebPage","@id":"https:\/\/www.inteligenia.info\/home\/convenio-de-colaboracion-educativa-entre-inteligenia-y-la-universidad-francisco-de-vitoria\/","url":"https:\/\/www.inteligenia.info\/home\/convenio-de-colaboracion-educativa-entre-inteligenia-y-la-universidad-francisco-de-vitoria\/","name":"Convenio de colaboraci\u00f3n educativa entre Inteligenia y la Universidad Francisco de Vitoria - Inteligenia","isPartOf":{"@id":"https:\/\/www.inteligenia.info\/home\/#website"},"primaryImageOfPage":{"@id":"https:\/\/www.inteligenia.info\/home\/convenio-de-colaboracion-educativa-entre-inteligenia-y-la-universidad-francisco-de-vitoria\/#primaryimage"},"image":{"@id":"https:\/\/www.inteligenia.info\/home\/convenio-de-colaboracion-educativa-entre-inteligenia-y-la-universidad-francisco-de-vitoria\/#primaryimage"},"thumbnailUrl":"https:\/\/www.inteligenia.info\/wp-content\/uploads\/2025\/11\/Convenio-de-Colaboracion-Educativa.png","datePublished":"2025-11-21T09:33:57+00:00","dateModified":"2025-11-21T10:02:37+00:00","breadcrumb":{"@id":"https:\/\/www.inteligenia.info\/home\/convenio-de-colaboracion-educativa-entre-inteligenia-y-la-universidad-francisco-de-vitoria\/#breadcrumb"},"inLanguage":"es","potentialAction":[{"@type":"ReadAction","target":["https:\/\/www.inteligenia.info\/home\/convenio-de-colaboracion-educativa-entre-inteligenia-y-la-universidad-francisco-de-vitoria\/"]}]},{"@type":"ImageObject","inLanguage":"es","@id":"https:\/\/www.inteligenia.info\/home\/convenio-de-colaboracion-educativa-entre-inteligenia-y-la-universidad-francisco-de-vitoria\/#primaryimage","url":"https:\/\/www.inteligenia.info\/wp-content\/uploads\/2025\/11\/Convenio-de-Colaboracion-Educativa.png","contentUrl":"https:\/\/www.inteligenia.info\/wp-content\/uploads\/2025\/11\/Convenio-de-Colaboracion-Educativa.png","width":1200,"height":1200},{"@type":"BreadcrumbList","@id":"https:\/\/www.inteligenia.info\/home\/convenio-de-colaboracion-educativa-entre-inteligenia-y-la-universidad-francisco-de-vitoria\/#breadcrumb","itemListElement":[{"@type":"ListItem","position":1,"name":"Portada","item":"https:\/\/www.inteligenia.info\/home\/"},{"@type":"ListItem","position":2,"name":"Convenio de colaboraci\u00f3n educativa entre Inteligenia y la Universidad Francisco de Vitoria"}]},{"@type":"WebSite","@id":"https:\/\/www.inteligenia.info\/home\/#website","url":"https:\/\/www.inteligenia.info\/home\/","name":"Inteligenia","description":"","publisher":{"@id":"https:\/\/www.inteligenia.info\/home\/#organization"},"potentialAction":[{"@type":"SearchAction","target":{"@type":"EntryPoint","urlTemplate":"https:\/\/www.inteligenia.info\/home\/?s={search_term_string}"},"query-input":{"@type":"PropertyValueSpecification","valueRequired":true,"valueName":"search_term_string"}}],"inLanguage":"es"},{"@type":"Organization","@id":"https:\/\/www.inteligenia.info\/home\/#organization","name":"Inteligenia","url":"https:\/\/www.inteligenia.info\/home\/","logo":{"@type":"ImageObject","inLanguage":"es","@id":"https:\/\/www.inteligenia.info\/home\/#\/schema\/logo\/image\/","url":"https:\/\/www.inteligenia.info\/wp-content\/uploads\/2024\/06\/transparent_logo-1-e1718047668142.png","contentUrl":"https:\/\/www.inteligenia.info\/wp-content\/uploads\/2024\/06\/transparent_logo-1-e1718047668142.png","width":674,"height":141,"caption":"Inteligenia"},"image":{"@id":"https:\/\/www.inteligenia.info\/home\/#\/schema\/logo\/image\/"},"sameAs":["https:\/\/x.com\/INTELIGENIA_","https:\/\/www.linkedin.com\/company\/inteligenia\/?viewAsMember=true"]},{"@type":"Person","@id":"https:\/\/www.inteligenia.info\/home\/#\/schema\/person\/1bf90ee63c207f611a224f9c17dbf031","name":"admin","image":{"@type":"ImageObject","inLanguage":"es","@id":"https:\/\/www.inteligenia.info\/home\/#\/schema\/person\/image\/","url":"https:\/\/secure.gravatar.com\/avatar\/ed712be762908ac190eb3beb8cf9efb0dc9c425bd7b69d40ba8746efca2909c6?s=96&d=mm&r=g","contentUrl":"https:\/\/secure.gravatar.com\/avatar\/ed712be762908ac190eb3beb8cf9efb0dc9c425bd7b69d40ba8746efca2909c6?s=96&d=mm&r=g","caption":"admin"},"sameAs":["http:\/\/www.inteligenia.info"],"url":"https:\/\/www.inteligenia.info\/home\/author\/admin\/"}]}},"_links":{"self":[{"href":"https:\/\/www.inteligenia.info\/home\/wp-json\/wp\/v2\/posts\/1304","targetHints":{"allow":["GET"]}}],"collection":[{"href":"https:\/\/www.inteligenia.info\/home\/wp-json\/wp\/v2\/posts"}],"about":[{"href":"https:\/\/www.inteligenia.info\/home\/wp-json\/wp\/v2\/types\/post"}],"author":[{"embeddable":true,"href":"https:\/\/www.inteligenia.info\/home\/wp-json\/wp\/v2\/users\/1"}],"replies":[{"embeddable":true,"href":"https:\/\/www.inteligenia.info\/home\/wp-json\/wp\/v2\/comments?post=1304"}],"version-history":[{"count":2,"href":"https:\/\/www.inteligenia.info\/home\/wp-json\/wp\/v2\/posts\/1304\/revisions"}],"predecessor-version":[{"id":1309,"href":"https:\/\/www.inteligenia.info\/home\/wp-json\/wp\/v2\/posts\/1304\/revisions\/1309"}],"wp:featuredmedia":[{"embeddable":true,"href":"https:\/\/www.inteligenia.info\/home\/wp-json\/wp\/v2\/media\/1305"}],"wp:attachment":[{"href":"https:\/\/www.inteligenia.info\/home\/wp-json\/wp\/v2\/media?parent=1304"}],"wp:term":[{"taxonomy":"category","embeddable":true,"href":"https:\/\/www.inteligenia.info\/home\/wp-json\/wp\/v2\/categories?post=1304"},{"taxonomy":"post_tag","embeddable":true,"href":"https:\/\/www.inteligenia.info\/home\/wp-json\/wp\/v2\/tags?post=1304"}],"curies":[{"name":"wp","href":"https:\/\/api.w.org\/{rel}","templated":true}]}}