{"id":1311,"date":"2025-12-01T09:57:48","date_gmt":"2025-12-01T09:57:48","guid":{"rendered":"https:\/\/www.inteligenia.info\/?p=1311"},"modified":"2025-12-01T11:29:34","modified_gmt":"2025-12-01T11:29:34","slug":"curso-politica-y-cultura-de-defensa-en-espana-retos-transformaciones-y-participacion-ciudadana","status":"publish","type":"post","link":"https:\/\/www.inteligenia.info\/home\/curso-politica-y-cultura-de-defensa-en-espana-retos-transformaciones-y-participacion-ciudadana\/","title":{"rendered":"Cronica del curso Pol\u00edtica y Cultura de defensa en Espa\u00f1a: retos, transformaciones y participaci\u00f3n ciudadana"},"content":{"rendered":"\n<p><strong>Los pasados d\u00edas 27 y 28 de noviembre, Inteligenia tuvo el honor de coordinar y dise\u00f1ar el Curso de Oto\u00f1o de la FGUMA: \u00abPol\u00edtica y cultura de Defensa en Espa\u00f1a\u00bb. Dos jornadas intensas de debate, aprendizaje y \u00e9xito de convocatoria que reafirman la necesidad de acercar la Defensa a la ciudadan\u00eda.<\/strong><\/p>\n\n\n\n<p>Vivimos un momento hist\u00f3rico en el que la seguridad global ha dejado de ser un concepto abstracto para convertirse en una preocupaci\u00f3n tangible. En este contexto, entender los mecanismos que garantizan nuestra libertad y bienestar no es solo una cuesti\u00f3n acad\u00e9mica, sino una responsabilidad c\u00edvica. Con esta premisa, y bajo la direcci\u00f3n de la profesora <strong>Mar\u00eda del Pilar Rangel Rojas<\/strong>, desde <strong>Inteligenia<\/strong> hemos trabajado para hacer realidad este encuentro en la Facultad de Derecho de la Universidad de M\u00e1laga.<\/p>\n\n\n\n<p>El resultado ha superado nuestras expectativas: un <strong>Sal\u00f3n de Grados con el aforo completo<\/strong>, m\u00e1s de ochenta asistentes presenciales y una amplia comunidad siguiendo las sesiones v\u00eda streaming.<\/p>\n\n\n\n<h3 class=\"wp-block-heading\">Una inauguraci\u00f3n de alto nivel institucional<\/h3>\n\n\n\n<p>El curso arranc\u00f3 la tarde del mi\u00e9rcoles 27 con una mesa inaugural que evidenci\u00f3 la importancia transversal de la tem\u00e1tica tratada. El ambiente en la sala reflejaba una mezcla de expectaci\u00f3n y compromiso, con un p\u00fablico heterog\u00e9neo formado por estudiantes universitarios, profesionales del sector y miembros de las Fuerzas y Cuerpos de Seguridad.<\/p>\n\n\n\n<p>La apertura cont\u00f3 con la presencia de <strong>Eugenio Luque<\/strong> y <strong>Macarena Parrado<\/strong>, director y subdirectora de la Fundaci\u00f3n General de la UMA (FGUMA), quienes destacaron la apuesta de la Universidad por ofrecer formaci\u00f3n continua en \u00e1reas de m\u00e1xima actualidad geopol\u00edtica. Junto a ellos, <strong>Isabel Gonz\u00e1lez<\/strong>, decana de la Facultad de Derecho, ejerci\u00f3 de anfitriona, subrayando el v\u00ednculo indisoluble entre el Derecho, la Seguridad y el Estado.<\/p>\n\n\n\n<p>Contamos tambi\u00e9n con el respaldo institucional de <strong>Roberto Rodr\u00edguez<\/strong>, comisario provincial de la Polic\u00eda Nacional en M\u00e1laga, cuya presencia reforz\u00f3 la visi\u00f3n integral de la seguridad que este curso pretend\u00eda transmitir. <strong>Pilar Rangel<\/strong>, directora acad\u00e9mica del curso, cerr\u00f3 la inauguraci\u00f3n agradeciendo la respuesta masiva del alumnado y marcando el objetivo de las jornadas: \u00abgenerar cultura de defensa desde el conocimiento riguroso\u00bb.<\/p>\n\n\n<div class=\"wp-block-image\">\n<figure class=\"aligncenter size-large\"><img loading=\"lazy\" decoding=\"async\" width=\"1024\" height=\"768\" src=\"https:\/\/www.inteligenia.info\/wp-content\/uploads\/2025\/12\/IMG-20251128-WA0070-1024x768.jpg\" alt=\"\" class=\"wp-image-1312\" srcset=\"https:\/\/www.inteligenia.info\/wp-content\/uploads\/2025\/12\/IMG-20251128-WA0070-1024x768.jpg 1024w, https:\/\/www.inteligenia.info\/wp-content\/uploads\/2025\/12\/IMG-20251128-WA0070-300x225.jpg 300w, https:\/\/www.inteligenia.info\/wp-content\/uploads\/2025\/12\/IMG-20251128-WA0070-768x576.jpg 768w, https:\/\/www.inteligenia.info\/wp-content\/uploads\/2025\/12\/IMG-20251128-WA0070-1536x1152.jpg 1536w, https:\/\/www.inteligenia.info\/wp-content\/uploads\/2025\/12\/IMG-20251128-WA0070-1440x1080.jpg 1440w, https:\/\/www.inteligenia.info\/wp-content\/uploads\/2025\/12\/IMG-20251128-WA0070.jpg 2048w\" sizes=\"(max-width: 1024px) 100vw, 1024px\" \/><\/figure>\n<\/div>\n\n\n<h3 class=\"wp-block-heading\">Cr\u00f3nica de las Ponencias: Cuatro visiones para una Defensa Global<\/h3>\n\n\n\n<p>El dise\u00f1o acad\u00e9mico del curso, elaborado por el equipo de Inteligenia, se estructur\u00f3 en cuatro bloques tem\u00e1ticos para ofrecer una visi\u00f3n de 360 grados: desde la normativa hasta la tecnolog\u00eda punta.<\/p>\n\n\n\n<h4 class=\"wp-block-heading has-kubio-color-6-color has-text-color has-link-color wp-elements-27c10797b86d0be0230a10fd155b37c7\">1. La Arquitectura de nuestra Seguridad<\/h4>\n\n\n\n<p>El encargado de abrir el bloque acad\u00e9mico fue el <strong>General de Brigada Honorio Cantero L\u00f3pez de Davalillo<\/strong>, con la ponencia <em>\u00abEspa\u00f1a y su Defensa Nacional: pol\u00edtica, estructura y proyecci\u00f3n internacional\u00bb<\/em>.<\/p>\n\n\n\n<p>Su intervenci\u00f3n fue una clase magistral sobre los cimientos del Estado. El General Cantero desgran\u00f3 el marco normativo, partiendo de los art\u00edculos 8 y 30 de la Constituci\u00f3n Espa\u00f1ola, para explicar c\u00f3mo se articula el <strong>Sistema de Seguridad Nacional<\/strong>. Fue especialmente relevante su an\u00e1lisis sobre la proyecci\u00f3n exterior: Espa\u00f1a no se defiende sola, sino integrada en un sistema de seguridad colectiva (OTAN, UE, ONU). Se abordaron temas cr\u00edticos como el compromiso de inversi\u00f3n del 2% del PIB y la necesidad de modernizar capacidades materiales para mantener una disuasi\u00f3n cre\u00edble en un entorno vol\u00e1til.<\/p>\n\n\n<div class=\"wp-block-image\">\n<figure class=\"aligncenter size-large is-resized\"><img loading=\"lazy\" decoding=\"async\" width=\"1036\" height=\"1381\" src=\"https:\/\/www.inteligenia.info\/wp-content\/uploads\/2025\/12\/IMG-20251128-WA0043-edited.jpg\" alt=\"\" class=\"wp-image-1316\" style=\"width:600px\" srcset=\"https:\/\/www.inteligenia.info\/wp-content\/uploads\/2025\/12\/IMG-20251128-WA0043-edited.jpg 1036w, https:\/\/www.inteligenia.info\/wp-content\/uploads\/2025\/12\/IMG-20251128-WA0043-edited-225x300.jpg 225w, https:\/\/www.inteligenia.info\/wp-content\/uploads\/2025\/12\/IMG-20251128-WA0043-edited-768x1024.jpg 768w, https:\/\/www.inteligenia.info\/wp-content\/uploads\/2025\/12\/IMG-20251128-WA0043-edited-810x1080.jpg 810w\" sizes=\"(max-width: 1036px) 100vw, 1036px\" \/><\/figure>\n<\/div>\n\n\n<h4 class=\"wp-block-heading has-kubio-color-6-color has-text-color has-link-color wp-elements-0867048b67cc113124cfa4f180e8afc5\">2. Del \u00abConsumidor\u00bb al \u00abProductor\u00bb de Seguridad<\/h4>\n\n\n\n<p>Nuestro Director General, <strong>\u00c1lvaro Serrano<\/strong>, protagoniz\u00f3 la segunda sesi\u00f3n titulada <em>\u00abCultura de Defensa en Democracia: ciudadan\u00eda, participaci\u00f3n y educaci\u00f3n\u00bb<\/em>.<\/p>\n\n\n\n<p>Lejos de una charla te\u00f3rica, \u00c1lvaro plante\u00f3 un desaf\u00edo directo a los asistentes: cambiar el paradigma social. Expuso que la Defensa debe entenderse como un servicio p\u00fablico esencial, activo 24\/7, comparable a un \u00abseguro\u00bb que garantiza nuestra forma de vida. Critic\u00f3 la visi\u00f3n del ciudadano como un sujeto pasivo y abog\u00f3 por la <strong>corresponsabilidad<\/strong>. En este sentido, destac\u00f3 dos herramientas clave para este cambio: la integraci\u00f3n de estudios de defensa en la <strong>Universidad<\/strong> y, muy especialmente, la figura del <strong>Reservista Voluntario<\/strong>, ese perfil h\u00edbrido capaz de aportar talento civil especializado (ingenieros, m\u00e9dicos, expertos en ciberseguridad) a las Fuerzas Armadas.<\/p>\n\n\n<div class=\"wp-block-image\">\n<figure class=\"aligncenter size-large is-resized\"><img loading=\"lazy\" decoding=\"async\" width=\"1024\" height=\"768\" src=\"https:\/\/www.inteligenia.info\/wp-content\/uploads\/2025\/12\/IMG-20251128-WA0012-1024x768.jpg\" alt=\"\" class=\"wp-image-1317\" style=\"width:600px\" srcset=\"https:\/\/www.inteligenia.info\/wp-content\/uploads\/2025\/12\/IMG-20251128-WA0012-1024x768.jpg 1024w, https:\/\/www.inteligenia.info\/wp-content\/uploads\/2025\/12\/IMG-20251128-WA0012-300x225.jpg 300w, https:\/\/www.inteligenia.info\/wp-content\/uploads\/2025\/12\/IMG-20251128-WA0012-768x576.jpg 768w, https:\/\/www.inteligenia.info\/wp-content\/uploads\/2025\/12\/IMG-20251128-WA0012-1536x1152.jpg 1536w, https:\/\/www.inteligenia.info\/wp-content\/uploads\/2025\/12\/IMG-20251128-WA0012-1440x1080.jpg 1440w, https:\/\/www.inteligenia.info\/wp-content\/uploads\/2025\/12\/IMG-20251128-WA0012.jpg 2048w\" sizes=\"(max-width: 1024px) 100vw, 1024px\" \/><\/figure>\n<\/div>\n\n\n<h4 class=\"wp-block-heading has-kubio-color-6-color has-text-color has-link-color wp-elements-bb2b56fae86bb86f59d40fc6e9446488\">3. Log\u00edstica y Humanidad: La Sanidad Militar<\/h4>\n\n\n\n<p>Ya en la jornada del Viernes, nos adentramos en uno de los aspectos m\u00e1s complejos y desconocidos de la operatividad militar con la ponencia <em>\u00abM\u00e1s all\u00e1 del combate: las Fuerzas Armadas en sanidad, derecho y emergencias\u00bb<\/em>, a cargo del <strong>Coronel Manuel Ruiz Alonso<\/strong> y con la destacada participaci\u00f3n del <strong>General de Brigada m\u00e9dico Manuel Jos\u00e9 Guiote Linares<\/strong>.<\/p>\n\n\n\n<p>Fue una inmersi\u00f3n t\u00e9cnica y humana en la log\u00edstica sanitaria. Se detall\u00f3 la doctrina OTAN de tiempos de respuesta (la regla 10-1-2: 10 minutos para control de sangrado, 1 hora para estabilizaci\u00f3n, 2 horas para cirug\u00eda), y se explic\u00f3 la estructura modular de los hospitales de campa\u00f1a (Roles 1, 2 y 3). Los ponentes ilustraron c\u00f3mo la sanidad militar no solo apoya a la fuerza en combate, sino que es un actor clave en crisis civiles, pandemias y ayuda humanitaria, enfrent\u00e1ndose a retos enormes como el despliegue en zonas austeras y la gesti\u00f3n de la cadena de suministro m\u00e9dica bajo fuego.<\/p>\n\n\n<div class=\"wp-block-image\">\n<figure class=\"aligncenter size-large is-resized\"><img loading=\"lazy\" decoding=\"async\" width=\"1024\" height=\"768\" src=\"https:\/\/www.inteligenia.info\/wp-content\/uploads\/2025\/12\/IMG-20251128-WA0183-1024x768.jpg\" alt=\"\" class=\"wp-image-1318\" style=\"width:600px\" srcset=\"https:\/\/www.inteligenia.info\/wp-content\/uploads\/2025\/12\/IMG-20251128-WA0183-1024x768.jpg 1024w, https:\/\/www.inteligenia.info\/wp-content\/uploads\/2025\/12\/IMG-20251128-WA0183-300x225.jpg 300w, https:\/\/www.inteligenia.info\/wp-content\/uploads\/2025\/12\/IMG-20251128-WA0183-768x576.jpg 768w, https:\/\/www.inteligenia.info\/wp-content\/uploads\/2025\/12\/IMG-20251128-WA0183-1536x1152.jpg 1536w, https:\/\/www.inteligenia.info\/wp-content\/uploads\/2025\/12\/IMG-20251128-WA0183-1440x1080.jpg 1440w, https:\/\/www.inteligenia.info\/wp-content\/uploads\/2025\/12\/IMG-20251128-WA0183.jpg 1600w\" sizes=\"(max-width: 1024px) 100vw, 1024px\" \/><\/figure>\n<\/div>\n\n\n<h4 class=\"wp-block-heading has-kubio-color-6-color has-text-color has-link-color wp-elements-a3e410f838884b1578e7a6233f29ba2f\">4. El Horizonte Tecnol\u00f3gico: Defensa 4.0<\/h4>\n\n\n\n<p>El broche final lo puso <strong>Ricardo Serrano<\/strong>, Presidente de Inteligenia, con una visi\u00f3n prospectiva en su charla <em>\u00abDefensa 4.0: tecnolog\u00eda, talento y desaf\u00edos estrat\u00e9gicos del futuro\u00bb<\/em>.<\/p>\n\n\n\n<p>Ricardo analiz\u00f3 c\u00f3mo la transformaci\u00f3n digital est\u00e1 reescribiendo las reglas de la guerra. Nos habl\u00f3 del <strong>conflicto multidominio<\/strong> (tierra, mar, aire, espacio y ciberespacio) y de c\u00f3mo la superioridad ya no reside en el n\u00famero de efectivos, sino en el dominio del dato y la velocidad de decisi\u00f3n. Se exploraron tecnolog\u00edas disruptivas como la Inteligencia Artificial, los enjambres de drones y los sistemas aut\u00f3nomos. Sin embargo, el mensaje central fue humanista: a pesar de la automatizaci\u00f3n, el <strong>liderazgo \u00e9tico<\/strong> y el control humano significativo sobre el uso de la fuerza siguen siendo insustituibles.<\/p>\n\n\n<div class=\"wp-block-image\">\n<figure class=\"aligncenter size-large is-resized\"><img loading=\"lazy\" decoding=\"async\" width=\"768\" height=\"1024\" src=\"https:\/\/www.inteligenia.info\/wp-content\/uploads\/2025\/12\/IMG-20251128-WA0177-768x1024.jpg\" alt=\"\" class=\"wp-image-1319\" style=\"width:600px\" srcset=\"https:\/\/www.inteligenia.info\/wp-content\/uploads\/2025\/12\/IMG-20251128-WA0177-768x1024.jpg 768w, https:\/\/www.inteligenia.info\/wp-content\/uploads\/2025\/12\/IMG-20251128-WA0177-225x300.jpg 225w, https:\/\/www.inteligenia.info\/wp-content\/uploads\/2025\/12\/IMG-20251128-WA0177-1152x1536.jpg 1152w, https:\/\/www.inteligenia.info\/wp-content\/uploads\/2025\/12\/IMG-20251128-WA0177-810x1080.jpg 810w, https:\/\/www.inteligenia.info\/wp-content\/uploads\/2025\/12\/IMG-20251128-WA0177.jpg 1200w\" sizes=\"(max-width: 768px) 100vw, 768px\" \/><\/figure>\n<\/div>\n\n\n<hr class=\"wp-block-separator has-alpha-channel-opacity\"\/>\n\n\n\n<h3 class=\"wp-block-heading has-kubio-color-6-color has-text-color has-link-color wp-elements-4a60c3f6c0275a1bad9a117dfef971da\">Agradecimientos y Compromiso<\/h3>\n\n\n\n<p>Desde <strong>Inteligenia<\/strong>, queremos expresar nuestro profundo agradecimiento a todas las personas e instituciones que han hecho posible el \u00e9xito de estas jornadas:<\/p>\n\n\n\n<ul class=\"wp-block-list\">\n<li><strong>A Mar\u00eda del Pilar Rangel Rojas<\/strong>, alma m\u00e1ter de este curso, por su liderazgo, su pasi\u00f3n divulgativa y por confiar en nuestro equipo para la coordinaci\u00f3n t\u00e9cnica y el dise\u00f1o de contenidos.<\/li>\n\n\n\n<li><strong>A la Decana Isabel Gonz\u00e1lez<\/strong>, por abrirnos las puertas de la Facultad de Derecho y hacernos sentir en casa.<\/li>\n\n\n\n<li><strong>A la FGUMA<\/strong>, y en especial a su direcci\u00f3n (Eugenio Luque y Macarena Parrado), por su apuesta decidida por una formaci\u00f3n de calidad, rigurosa y necesaria.<\/li>\n\n\n\n<li>A <strong>nuestras compa\u00f1eras de Inteligenia<\/strong>, que se desplazaron presencialmente para que todo el curso se desarrollase de manera excelente.<\/li>\n\n\n\n<li><strong>A las autoridades civiles y militares<\/strong>, cuya presencia valid\u00f3 la importancia de estrechar lazos entre la sociedad y sus defensores.<\/li>\n\n\n\n<li><strong>Y, sobre todo, a los ALUMNOS.<\/strong> Gracias a las m\u00e1s de ochenta personas que llenaron la sala y a quienes nos siguieron online. Vuestras preguntas, vuestro inter\u00e9s y vuestra participaci\u00f3n activa nos demuestran que la sociedad espa\u00f1ola quiere saber, quiere entender y quiere participar en su propia seguridad.<\/li>\n<\/ul>\n\n\n\n<p>Este curso ha sido solo un paso m\u00e1s. Desde Inteligenia seguiremos trabajando para fomentar una Cultura de Defensa s\u00f3lida, moderna y democr\u00e1tica.<\/p>\n\n\n<div class=\"wp-block-image\">\n<figure class=\"aligncenter size-large is-resized\"><img loading=\"lazy\" decoding=\"async\" width=\"768\" height=\"1024\" src=\"https:\/\/www.inteligenia.info\/wp-content\/uploads\/2025\/12\/IMG-20251128-WA0061-768x1024.jpg\" alt=\"\" class=\"wp-image-1320\" style=\"width:600px\" srcset=\"https:\/\/www.inteligenia.info\/wp-content\/uploads\/2025\/12\/IMG-20251128-WA0061-768x1024.jpg 768w, https:\/\/www.inteligenia.info\/wp-content\/uploads\/2025\/12\/IMG-20251128-WA0061-225x300.jpg 225w, https:\/\/www.inteligenia.info\/wp-content\/uploads\/2025\/12\/IMG-20251128-WA0061-1152x1536.jpg 1152w, https:\/\/www.inteligenia.info\/wp-content\/uploads\/2025\/12\/IMG-20251128-WA0061-810x1080.jpg 810w, https:\/\/www.inteligenia.info\/wp-content\/uploads\/2025\/12\/IMG-20251128-WA0061.jpg 1536w\" sizes=\"(max-width: 768px) 100vw, 768px\" \/><\/figure>\n<\/div>\n\n\n<p><strong>\u00a1Gracias por acompa\u00f1arnos!<\/strong><\/p>\n\n\n\n<p><strong>Equipo Inteligenia<\/strong><\/p>\n","protected":false},"excerpt":{"rendered":"<p>Los pasados d\u00edas 27 y 28 de noviembre, Inteligenia tuvo el honor de coordinar y dise\u00f1ar el Curso de Oto\u00f1o de la FGUMA: \u00abPol\u00edtica y cultura de Defensa en Espa\u00f1a\u00bb. Dos jornadas intensas de debate, aprendizaje y \u00e9xito de convocatoria que reafirman la necesidad de acercar la Defensa a la ciudadan\u00eda. Vivimos un momento hist\u00f3rico [&hellip;]<\/p>\n","protected":false},"author":1,"featured_media":1322,"comment_status":"open","ping_status":"open","sticky":false,"template":"","format":"standard","meta":{"saved_in_kubio":false,"footnotes":""},"categories":[12],"tags":[],"class_list":["post-1311","post","type-post","status-publish","format-standard","has-post-thumbnail","hentry","category-noticias"],"yoast_head":"<!-- This site is optimized with the Yoast SEO plugin v27.0 - https:\/\/yoast.com\/product\/yoast-seo-wordpress\/ -->\n<title>Cronica del curso Pol\u00edtica y Cultura de defensa en Espa\u00f1a: retos, transformaciones y participaci\u00f3n ciudadana - Inteligenia<\/title>\n<meta name=\"robots\" content=\"index, follow, max-snippet:-1, max-image-preview:large, max-video-preview:-1\" \/>\n<link rel=\"canonical\" href=\"https:\/\/www.inteligenia.info\/home\/curso-politica-y-cultura-de-defensa-en-espana-retos-transformaciones-y-participacion-ciudadana\/\" \/>\n<meta property=\"og:locale\" content=\"es_ES\" \/>\n<meta property=\"og:type\" content=\"article\" \/>\n<meta property=\"og:title\" content=\"Cronica del curso Pol\u00edtica y Cultura de defensa en Espa\u00f1a: retos, transformaciones y participaci\u00f3n ciudadana - Inteligenia\" \/>\n<meta property=\"og:description\" content=\"Los pasados d\u00edas 27 y 28 de noviembre, Inteligenia tuvo el honor de coordinar y dise\u00f1ar el Curso de Oto\u00f1o de la FGUMA: \u00abPol\u00edtica y cultura de Defensa en Espa\u00f1a\u00bb. Dos jornadas intensas de debate, aprendizaje y \u00e9xito de convocatoria que reafirman la necesidad de acercar la Defensa a la ciudadan\u00eda. Vivimos un momento hist\u00f3rico [&hellip;]\" \/>\n<meta property=\"og:url\" content=\"https:\/\/www.inteligenia.info\/home\/curso-politica-y-cultura-de-defensa-en-espana-retos-transformaciones-y-participacion-ciudadana\/\" \/>\n<meta property=\"og:site_name\" content=\"Inteligenia\" \/>\n<meta property=\"article:published_time\" content=\"2025-12-01T09:57:48+00:00\" \/>\n<meta property=\"article:modified_time\" content=\"2025-12-01T11:29:34+00:00\" \/>\n<meta property=\"og:image\" content=\"https:\/\/www.inteligenia.info\/wp-content\/uploads\/2025\/12\/Captura-de-pantalla-2025-12-01-105712.png\" \/>\n\t<meta property=\"og:image:width\" content=\"681\" \/>\n\t<meta property=\"og:image:height\" content=\"341\" \/>\n\t<meta property=\"og:image:type\" content=\"image\/png\" \/>\n<meta name=\"author\" content=\"admin\" \/>\n<meta name=\"twitter:card\" content=\"summary_large_image\" \/>\n<meta name=\"twitter:creator\" content=\"@INTELIGENIA_\" \/>\n<meta name=\"twitter:site\" content=\"@INTELIGENIA_\" \/>\n<meta name=\"twitter:label1\" content=\"Escrito por\" \/>\n\t<meta name=\"twitter:data1\" content=\"admin\" \/>\n\t<meta name=\"twitter:label2\" content=\"Tiempo de lectura\" \/>\n\t<meta name=\"twitter:data2\" content=\"7 minutos\" \/>\n<script type=\"application\/ld+json\" class=\"yoast-schema-graph\">{\"@context\":\"https:\/\/schema.org\",\"@graph\":[{\"@type\":\"Article\",\"@id\":\"https:\/\/www.inteligenia.info\/home\/curso-politica-y-cultura-de-defensa-en-espana-retos-transformaciones-y-participacion-ciudadana\/#article\",\"isPartOf\":{\"@id\":\"https:\/\/www.inteligenia.info\/home\/curso-politica-y-cultura-de-defensa-en-espana-retos-transformaciones-y-participacion-ciudadana\/\"},\"author\":{\"name\":\"admin\",\"@id\":\"https:\/\/www.inteligenia.info\/home\/#\/schema\/person\/1bf90ee63c207f611a224f9c17dbf031\"},\"headline\":\"Cronica del curso Pol\u00edtica y Cultura de defensa en Espa\u00f1a: retos, transformaciones y participaci\u00f3n ciudadana\",\"datePublished\":\"2025-12-01T09:57:48+00:00\",\"dateModified\":\"2025-12-01T11:29:34+00:00\",\"mainEntityOfPage\":{\"@id\":\"https:\/\/www.inteligenia.info\/home\/curso-politica-y-cultura-de-defensa-en-espana-retos-transformaciones-y-participacion-ciudadana\/\"},\"wordCount\":1262,\"commentCount\":0,\"publisher\":{\"@id\":\"https:\/\/www.inteligenia.info\/home\/#organization\"},\"image\":{\"@id\":\"https:\/\/www.inteligenia.info\/home\/curso-politica-y-cultura-de-defensa-en-espana-retos-transformaciones-y-participacion-ciudadana\/#primaryimage\"},\"thumbnailUrl\":\"https:\/\/www.inteligenia.info\/wp-content\/uploads\/2025\/12\/Captura-de-pantalla-2025-12-01-105712.png\",\"articleSection\":[\"Noticias\"],\"inLanguage\":\"es\",\"potentialAction\":[{\"@type\":\"CommentAction\",\"name\":\"Comment\",\"target\":[\"https:\/\/www.inteligenia.info\/home\/curso-politica-y-cultura-de-defensa-en-espana-retos-transformaciones-y-participacion-ciudadana\/#respond\"]}]},{\"@type\":\"WebPage\",\"@id\":\"https:\/\/www.inteligenia.info\/home\/curso-politica-y-cultura-de-defensa-en-espana-retos-transformaciones-y-participacion-ciudadana\/\",\"url\":\"https:\/\/www.inteligenia.info\/home\/curso-politica-y-cultura-de-defensa-en-espana-retos-transformaciones-y-participacion-ciudadana\/\",\"name\":\"Cronica del curso Pol\u00edtica y Cultura de defensa en Espa\u00f1a: retos, transformaciones y participaci\u00f3n ciudadana - Inteligenia\",\"isPartOf\":{\"@id\":\"https:\/\/www.inteligenia.info\/home\/#website\"},\"primaryImageOfPage\":{\"@id\":\"https:\/\/www.inteligenia.info\/home\/curso-politica-y-cultura-de-defensa-en-espana-retos-transformaciones-y-participacion-ciudadana\/#primaryimage\"},\"image\":{\"@id\":\"https:\/\/www.inteligenia.info\/home\/curso-politica-y-cultura-de-defensa-en-espana-retos-transformaciones-y-participacion-ciudadana\/#primaryimage\"},\"thumbnailUrl\":\"https:\/\/www.inteligenia.info\/wp-content\/uploads\/2025\/12\/Captura-de-pantalla-2025-12-01-105712.png\",\"datePublished\":\"2025-12-01T09:57:48+00:00\",\"dateModified\":\"2025-12-01T11:29:34+00:00\",\"breadcrumb\":{\"@id\":\"https:\/\/www.inteligenia.info\/home\/curso-politica-y-cultura-de-defensa-en-espana-retos-transformaciones-y-participacion-ciudadana\/#breadcrumb\"},\"inLanguage\":\"es\",\"potentialAction\":[{\"@type\":\"ReadAction\",\"target\":[\"https:\/\/www.inteligenia.info\/home\/curso-politica-y-cultura-de-defensa-en-espana-retos-transformaciones-y-participacion-ciudadana\/\"]}]},{\"@type\":\"ImageObject\",\"inLanguage\":\"es\",\"@id\":\"https:\/\/www.inteligenia.info\/home\/curso-politica-y-cultura-de-defensa-en-espana-retos-transformaciones-y-participacion-ciudadana\/#primaryimage\",\"url\":\"https:\/\/www.inteligenia.info\/wp-content\/uploads\/2025\/12\/Captura-de-pantalla-2025-12-01-105712.png\",\"contentUrl\":\"https:\/\/www.inteligenia.info\/wp-content\/uploads\/2025\/12\/Captura-de-pantalla-2025-12-01-105712.png\",\"width\":681,\"height\":341},{\"@type\":\"BreadcrumbList\",\"@id\":\"https:\/\/www.inteligenia.info\/home\/curso-politica-y-cultura-de-defensa-en-espana-retos-transformaciones-y-participacion-ciudadana\/#breadcrumb\",\"itemListElement\":[{\"@type\":\"ListItem\",\"position\":1,\"name\":\"Portada\",\"item\":\"https:\/\/www.inteligenia.info\/home\/\"},{\"@type\":\"ListItem\",\"position\":2,\"name\":\"Cronica del curso Pol\u00edtica y Cultura de defensa en Espa\u00f1a: retos, transformaciones y participaci\u00f3n ciudadana\"}]},{\"@type\":\"WebSite\",\"@id\":\"https:\/\/www.inteligenia.info\/home\/#website\",\"url\":\"https:\/\/www.inteligenia.info\/home\/\",\"name\":\"Inteligenia\",\"description\":\"\",\"publisher\":{\"@id\":\"https:\/\/www.inteligenia.info\/home\/#organization\"},\"potentialAction\":[{\"@type\":\"SearchAction\",\"target\":{\"@type\":\"EntryPoint\",\"urlTemplate\":\"https:\/\/www.inteligenia.info\/home\/?s={search_term_string}\"},\"query-input\":{\"@type\":\"PropertyValueSpecification\",\"valueRequired\":true,\"valueName\":\"search_term_string\"}}],\"inLanguage\":\"es\"},{\"@type\":\"Organization\",\"@id\":\"https:\/\/www.inteligenia.info\/home\/#organization\",\"name\":\"Inteligenia\",\"url\":\"https:\/\/www.inteligenia.info\/home\/\",\"logo\":{\"@type\":\"ImageObject\",\"inLanguage\":\"es\",\"@id\":\"https:\/\/www.inteligenia.info\/home\/#\/schema\/logo\/image\/\",\"url\":\"https:\/\/www.inteligenia.info\/wp-content\/uploads\/2024\/06\/transparent_logo-1-e1718047668142.png\",\"contentUrl\":\"https:\/\/www.inteligenia.info\/wp-content\/uploads\/2024\/06\/transparent_logo-1-e1718047668142.png\",\"width\":674,\"height\":141,\"caption\":\"Inteligenia\"},\"image\":{\"@id\":\"https:\/\/www.inteligenia.info\/home\/#\/schema\/logo\/image\/\"},\"sameAs\":[\"https:\/\/x.com\/INTELIGENIA_\",\"https:\/\/www.linkedin.com\/company\/inteligenia\/?viewAsMember=true\"]},{\"@type\":\"Person\",\"@id\":\"https:\/\/www.inteligenia.info\/home\/#\/schema\/person\/1bf90ee63c207f611a224f9c17dbf031\",\"name\":\"admin\",\"image\":{\"@type\":\"ImageObject\",\"inLanguage\":\"es\",\"@id\":\"https:\/\/www.inteligenia.info\/home\/#\/schema\/person\/image\/\",\"url\":\"https:\/\/secure.gravatar.com\/avatar\/ed712be762908ac190eb3beb8cf9efb0dc9c425bd7b69d40ba8746efca2909c6?s=96&d=mm&r=g\",\"contentUrl\":\"https:\/\/secure.gravatar.com\/avatar\/ed712be762908ac190eb3beb8cf9efb0dc9c425bd7b69d40ba8746efca2909c6?s=96&d=mm&r=g\",\"caption\":\"admin\"},\"sameAs\":[\"http:\/\/www.inteligenia.info\"],\"url\":\"https:\/\/www.inteligenia.info\/home\/author\/admin\/\"}]}<\/script>\n<!-- \/ Yoast SEO plugin. -->","yoast_head_json":{"title":"Cronica del curso Pol\u00edtica y Cultura de defensa en Espa\u00f1a: retos, transformaciones y participaci\u00f3n ciudadana - Inteligenia","robots":{"index":"index","follow":"follow","max-snippet":"max-snippet:-1","max-image-preview":"max-image-preview:large","max-video-preview":"max-video-preview:-1"},"canonical":"https:\/\/www.inteligenia.info\/home\/curso-politica-y-cultura-de-defensa-en-espana-retos-transformaciones-y-participacion-ciudadana\/","og_locale":"es_ES","og_type":"article","og_title":"Cronica del curso Pol\u00edtica y Cultura de defensa en Espa\u00f1a: retos, transformaciones y participaci\u00f3n ciudadana - Inteligenia","og_description":"Los pasados d\u00edas 27 y 28 de noviembre, Inteligenia tuvo el honor de coordinar y dise\u00f1ar el Curso de Oto\u00f1o de la FGUMA: \u00abPol\u00edtica y cultura de Defensa en Espa\u00f1a\u00bb. Dos jornadas intensas de debate, aprendizaje y \u00e9xito de convocatoria que reafirman la necesidad de acercar la Defensa a la ciudadan\u00eda. Vivimos un momento hist\u00f3rico [&hellip;]","og_url":"https:\/\/www.inteligenia.info\/home\/curso-politica-y-cultura-de-defensa-en-espana-retos-transformaciones-y-participacion-ciudadana\/","og_site_name":"Inteligenia","article_published_time":"2025-12-01T09:57:48+00:00","article_modified_time":"2025-12-01T11:29:34+00:00","og_image":[{"width":681,"height":341,"url":"https:\/\/www.inteligenia.info\/wp-content\/uploads\/2025\/12\/Captura-de-pantalla-2025-12-01-105712.png","type":"image\/png"}],"author":"admin","twitter_card":"summary_large_image","twitter_creator":"@INTELIGENIA_","twitter_site":"@INTELIGENIA_","twitter_misc":{"Escrito por":"admin","Tiempo de lectura":"7 minutos"},"schema":{"@context":"https:\/\/schema.org","@graph":[{"@type":"Article","@id":"https:\/\/www.inteligenia.info\/home\/curso-politica-y-cultura-de-defensa-en-espana-retos-transformaciones-y-participacion-ciudadana\/#article","isPartOf":{"@id":"https:\/\/www.inteligenia.info\/home\/curso-politica-y-cultura-de-defensa-en-espana-retos-transformaciones-y-participacion-ciudadana\/"},"author":{"name":"admin","@id":"https:\/\/www.inteligenia.info\/home\/#\/schema\/person\/1bf90ee63c207f611a224f9c17dbf031"},"headline":"Cronica del curso Pol\u00edtica y Cultura de defensa en Espa\u00f1a: retos, transformaciones y participaci\u00f3n ciudadana","datePublished":"2025-12-01T09:57:48+00:00","dateModified":"2025-12-01T11:29:34+00:00","mainEntityOfPage":{"@id":"https:\/\/www.inteligenia.info\/home\/curso-politica-y-cultura-de-defensa-en-espana-retos-transformaciones-y-participacion-ciudadana\/"},"wordCount":1262,"commentCount":0,"publisher":{"@id":"https:\/\/www.inteligenia.info\/home\/#organization"},"image":{"@id":"https:\/\/www.inteligenia.info\/home\/curso-politica-y-cultura-de-defensa-en-espana-retos-transformaciones-y-participacion-ciudadana\/#primaryimage"},"thumbnailUrl":"https:\/\/www.inteligenia.info\/wp-content\/uploads\/2025\/12\/Captura-de-pantalla-2025-12-01-105712.png","articleSection":["Noticias"],"inLanguage":"es","potentialAction":[{"@type":"CommentAction","name":"Comment","target":["https:\/\/www.inteligenia.info\/home\/curso-politica-y-cultura-de-defensa-en-espana-retos-transformaciones-y-participacion-ciudadana\/#respond"]}]},{"@type":"WebPage","@id":"https:\/\/www.inteligenia.info\/home\/curso-politica-y-cultura-de-defensa-en-espana-retos-transformaciones-y-participacion-ciudadana\/","url":"https:\/\/www.inteligenia.info\/home\/curso-politica-y-cultura-de-defensa-en-espana-retos-transformaciones-y-participacion-ciudadana\/","name":"Cronica del curso Pol\u00edtica y Cultura de defensa en Espa\u00f1a: retos, transformaciones y participaci\u00f3n ciudadana - Inteligenia","isPartOf":{"@id":"https:\/\/www.inteligenia.info\/home\/#website"},"primaryImageOfPage":{"@id":"https:\/\/www.inteligenia.info\/home\/curso-politica-y-cultura-de-defensa-en-espana-retos-transformaciones-y-participacion-ciudadana\/#primaryimage"},"image":{"@id":"https:\/\/www.inteligenia.info\/home\/curso-politica-y-cultura-de-defensa-en-espana-retos-transformaciones-y-participacion-ciudadana\/#primaryimage"},"thumbnailUrl":"https:\/\/www.inteligenia.info\/wp-content\/uploads\/2025\/12\/Captura-de-pantalla-2025-12-01-105712.png","datePublished":"2025-12-01T09:57:48+00:00","dateModified":"2025-12-01T11:29:34+00:00","breadcrumb":{"@id":"https:\/\/www.inteligenia.info\/home\/curso-politica-y-cultura-de-defensa-en-espana-retos-transformaciones-y-participacion-ciudadana\/#breadcrumb"},"inLanguage":"es","potentialAction":[{"@type":"ReadAction","target":["https:\/\/www.inteligenia.info\/home\/curso-politica-y-cultura-de-defensa-en-espana-retos-transformaciones-y-participacion-ciudadana\/"]}]},{"@type":"ImageObject","inLanguage":"es","@id":"https:\/\/www.inteligenia.info\/home\/curso-politica-y-cultura-de-defensa-en-espana-retos-transformaciones-y-participacion-ciudadana\/#primaryimage","url":"https:\/\/www.inteligenia.info\/wp-content\/uploads\/2025\/12\/Captura-de-pantalla-2025-12-01-105712.png","contentUrl":"https:\/\/www.inteligenia.info\/wp-content\/uploads\/2025\/12\/Captura-de-pantalla-2025-12-01-105712.png","width":681,"height":341},{"@type":"BreadcrumbList","@id":"https:\/\/www.inteligenia.info\/home\/curso-politica-y-cultura-de-defensa-en-espana-retos-transformaciones-y-participacion-ciudadana\/#breadcrumb","itemListElement":[{"@type":"ListItem","position":1,"name":"Portada","item":"https:\/\/www.inteligenia.info\/home\/"},{"@type":"ListItem","position":2,"name":"Cronica del curso Pol\u00edtica y Cultura de defensa en Espa\u00f1a: retos, transformaciones y participaci\u00f3n ciudadana"}]},{"@type":"WebSite","@id":"https:\/\/www.inteligenia.info\/home\/#website","url":"https:\/\/www.inteligenia.info\/home\/","name":"Inteligenia","description":"","publisher":{"@id":"https:\/\/www.inteligenia.info\/home\/#organization"},"potentialAction":[{"@type":"SearchAction","target":{"@type":"EntryPoint","urlTemplate":"https:\/\/www.inteligenia.info\/home\/?s={search_term_string}"},"query-input":{"@type":"PropertyValueSpecification","valueRequired":true,"valueName":"search_term_string"}}],"inLanguage":"es"},{"@type":"Organization","@id":"https:\/\/www.inteligenia.info\/home\/#organization","name":"Inteligenia","url":"https:\/\/www.inteligenia.info\/home\/","logo":{"@type":"ImageObject","inLanguage":"es","@id":"https:\/\/www.inteligenia.info\/home\/#\/schema\/logo\/image\/","url":"https:\/\/www.inteligenia.info\/wp-content\/uploads\/2024\/06\/transparent_logo-1-e1718047668142.png","contentUrl":"https:\/\/www.inteligenia.info\/wp-content\/uploads\/2024\/06\/transparent_logo-1-e1718047668142.png","width":674,"height":141,"caption":"Inteligenia"},"image":{"@id":"https:\/\/www.inteligenia.info\/home\/#\/schema\/logo\/image\/"},"sameAs":["https:\/\/x.com\/INTELIGENIA_","https:\/\/www.linkedin.com\/company\/inteligenia\/?viewAsMember=true"]},{"@type":"Person","@id":"https:\/\/www.inteligenia.info\/home\/#\/schema\/person\/1bf90ee63c207f611a224f9c17dbf031","name":"admin","image":{"@type":"ImageObject","inLanguage":"es","@id":"https:\/\/www.inteligenia.info\/home\/#\/schema\/person\/image\/","url":"https:\/\/secure.gravatar.com\/avatar\/ed712be762908ac190eb3beb8cf9efb0dc9c425bd7b69d40ba8746efca2909c6?s=96&d=mm&r=g","contentUrl":"https:\/\/secure.gravatar.com\/avatar\/ed712be762908ac190eb3beb8cf9efb0dc9c425bd7b69d40ba8746efca2909c6?s=96&d=mm&r=g","caption":"admin"},"sameAs":["http:\/\/www.inteligenia.info"],"url":"https:\/\/www.inteligenia.info\/home\/author\/admin\/"}]}},"_links":{"self":[{"href":"https:\/\/www.inteligenia.info\/home\/wp-json\/wp\/v2\/posts\/1311","targetHints":{"allow":["GET"]}}],"collection":[{"href":"https:\/\/www.inteligenia.info\/home\/wp-json\/wp\/v2\/posts"}],"about":[{"href":"https:\/\/www.inteligenia.info\/home\/wp-json\/wp\/v2\/types\/post"}],"author":[{"embeddable":true,"href":"https:\/\/www.inteligenia.info\/home\/wp-json\/wp\/v2\/users\/1"}],"replies":[{"embeddable":true,"href":"https:\/\/www.inteligenia.info\/home\/wp-json\/wp\/v2\/comments?post=1311"}],"version-history":[{"count":2,"href":"https:\/\/www.inteligenia.info\/home\/wp-json\/wp\/v2\/posts\/1311\/revisions"}],"predecessor-version":[{"id":1325,"href":"https:\/\/www.inteligenia.info\/home\/wp-json\/wp\/v2\/posts\/1311\/revisions\/1325"}],"wp:featuredmedia":[{"embeddable":true,"href":"https:\/\/www.inteligenia.info\/home\/wp-json\/wp\/v2\/media\/1322"}],"wp:attachment":[{"href":"https:\/\/www.inteligenia.info\/home\/wp-json\/wp\/v2\/media?parent=1311"}],"wp:term":[{"taxonomy":"category","embeddable":true,"href":"https:\/\/www.inteligenia.info\/home\/wp-json\/wp\/v2\/categories?post=1311"},{"taxonomy":"post_tag","embeddable":true,"href":"https:\/\/www.inteligenia.info\/home\/wp-json\/wp\/v2\/tags?post=1311"}],"curies":[{"name":"wp","href":"https:\/\/api.w.org\/{rel}","templated":true}]}}