{"id":1343,"date":"2025-12-15T16:03:09","date_gmt":"2025-12-15T16:03:09","guid":{"rendered":"https:\/\/www.inteligenia.info\/?p=1343"},"modified":"2025-12-15T16:13:02","modified_gmt":"2025-12-15T16:13:02","slug":"organizaciones-terroristasy-grupos-armados-america-latina-y-el-caribe","status":"publish","type":"post","link":"https:\/\/www.inteligenia.info\/home\/organizaciones-terroristasy-grupos-armados-america-latina-y-el-caribe\/","title":{"rendered":"ORGANIZACIONES TERRORISTAS Y GRUPOS ARMADOS &#8211; Am\u00e9rica Latina y el Caribe"},"content":{"rendered":"\n<hr class=\"wp-block-separator has-css-opacity is-style-default\"\/>\n\n\n\n<blockquote class=\"wp-block-quote has-text-align-center is-style-large is-layout-flow wp-block-quote-is-layout-flow\">\n<figure class=\"wp-block-image size-full\"><img loading=\"lazy\" decoding=\"async\" width=\"500\" height=\"197\" src=\"https:\/\/www.inteligenia.info\/wp-content\/uploads\/2025\/09\/LOGO-nombre-COLOR-webp-e1759131481323.webp\" alt=\"\" class=\"wp-image-1203\"\/><\/figure>\n\n\n\n<p><em>Es el\u00a0<\/em><strong>primer think tank independiente de Am\u00e9rica Latina<\/strong><em>\u00a0especializado en an\u00e1lisis de seguridad, inteligencia y gobernanza estrat\u00e9gica, con sede en Argentina. Su compromiso consiste en\u00a0<\/em><strong>transformar el conocimiento especializado en una herramienta para la toma de decisiones informadas<\/strong><em>, estableciendo nuevos est\u00e1ndares de excelencia en el an\u00e1lisis de seguridad latinoamericano y aplicando la\u00a0<\/em><strong>metodolog\u00eda anal\u00edtica rigurosa de Sherman Kent<\/strong><em>\u00a0a los desaf\u00edos contempor\u00e1neos de la regi\u00f3n.<\/em><\/p>\n\n\n<\/blockquote>\n\n\n\n<hr class=\"wp-block-separator has-css-opacity is-style-default\"\/>\n\n\n\n<p>Presentamos la <strong>Apreciaci\u00f3n de Inteligencia: Organizaciones Terroristas y Grupos Armados<\/strong> correspondiente a <strong>septiembre de 2025<\/strong>, elaborada por la <strong>Fundaci\u00f3n Sherman Kent (FUSK)<\/strong><sup><\/sup><sup><\/sup><sup><\/sup><sup><\/sup><sup><\/sup><sup><\/sup><sup><\/sup><sup><\/sup><sup><\/sup>. Este documento constituye un an\u00e1lisis cr\u00edtico y actualizado sobre los desaf\u00edos de seguridad que reconfiguran el orden en Am\u00e9rica Latina y el Caribe<sup><\/sup><sup><\/sup><sup><\/sup><sup><\/sup>.<\/p>\n\n\n\n<hr class=\"wp-block-separator has-alpha-channel-opacity\"\/>\n\n\n\n<h4 class=\"wp-block-heading has-kubio-color-4-color has-text-color has-link-color wp-elements-ee4148112205b75cf0b4d68b564e4a10\"><strong>El Fen\u00f3meno de la Convergencia Criminal-Terrorista<\/strong><\/h4>\n\n\n\n<p>El n\u00facleo de este informe reside en la identificaci\u00f3n de una <strong>metamorfosis cualitativa<\/strong> de las amenazas en la regi\u00f3n<sup><\/sup>. Ya no nos enfrentamos \u00fanicamente a insurgencias ideol\u00f3gicas, sino a un ecosistema donde el terrorismo internacional y el crimen organizado convergen en estructuras h\u00edbridas con capacidades de gobernanza territorial y empresarialidad criminal avanzada<sup><\/sup><sup><\/sup><sup><\/sup>.<\/p>\n\n\n\n<p>A continuaci\u00f3n, se detallan los ejes fundamentales que encontrar\u00e1 en el an\u00e1lisis completo:<\/p>\n\n\n\n<ul class=\"wp-block-list\">\n<li><strong>Designaciones Hist\u00f3ricas:<\/strong> Se analiza el impacto de la declaraci\u00f3n oficial de febrero de 2025, donde se categoriz\u00f3 a estructuras como el <strong>Tren de Aragua<\/strong>, el <strong>C\u00e1rtel de Sinaloa<\/strong> y el <strong>CJNG<\/strong> como Organizaciones Terroristas Extranjeras.<\/li>\n\n\n\n<li><strong>Actores Transnacionales:<\/strong> El documento desglosa la operatividad de <strong>Hezbollah<\/strong>, con ingresos regionales estimados en <strong>U$S 300-500 millones anuales<\/strong> , y la consolidaci\u00f3n binacional del <strong>ELN<\/strong>, con presencia en 232 municipios colombianos y 8 estados venezolanos.<\/li>\n\n\n\n<li><strong>Geograf\u00eda del Riesgo:<\/strong> Se eval\u00faa la situaci\u00f3n de ocho pa\u00edses en crisis inmediata, incluyendo la transformaci\u00f3n de <strong>Ecuador<\/strong> hacia niveles de violencia extrema y el papel de <strong>Hait\u00ed<\/strong> y <strong>Venezuela<\/strong> en el complejo regional.<\/li>\n\n\n\n<li><strong>Prospectiva Tecnol\u00f3gica 2025-2030:<\/strong> El informe proyecta la evoluci\u00f3n de la \u00abguerra de drones\u00bb y el uso sistem\u00e1tico de Dispositivos Explosivos Improvisados (IED) como una revoluci\u00f3n t\u00e1ctica en el hemisferio.<\/li>\n<\/ul>\n\n\n\n<hr class=\"wp-block-separator has-alpha-channel-opacity\"\/>\n\n\n\n<h4 class=\"wp-block-heading has-kubio-color-4-color has-text-color has-link-color wp-elements-3a3f5a5f59a5cc5c34ca660722134904\"><strong>Rigor Metodol\u00f3gico<\/strong><\/h4>\n\n\n\n<p>Este informe es el resultado de un an\u00e1lisis curado por pares acad\u00e9micos y funcionarios de agencias de seguridad, utilizando marcos anal\u00edticos estructurados de la comunidad de inteligencia internacional<sup><\/sup>. La informaci\u00f3n integra datos de fuente abierta verificada con reportes clasificados <strong>FOUO<\/strong> (<em>For Official Use Only<\/em>) del Departamento de Seguridad Nacional estadounidense<sup><\/sup>.<\/p>\n\n\n\n<blockquote class=\"wp-block-quote is-layout-flow wp-block-quote-is-layout-flow\">\n<p>\u00abLa regi\u00f3n experimenta una convergencia cr\u00edtica que desaf\u00eda los marcos anal\u00edticos convencionales y las capacidades estatales existentes\u00bb<sup><\/sup>.<\/p>\n<\/blockquote>\n\n\n\n<p>Invitamos a la lectura profunda de este documento para comprender las variables cr\u00edticas que determinar\u00e1n la estabilidad hemisf\u00e9rica en el pr\u00f3ximo lustro.<\/p>\n\n\n\n<div data-wp-interactive=\"core\/file\" class=\"wp-block-file\"><object data-wp-bind--hidden=\"!state.hasPdfPreview\" hidden class=\"wp-block-file__embed\" data=\"https:\/\/www.inteligenia.info\/wp-content\/uploads\/2025\/12\/FUSK-INFORME-SEPT25-.pdf\" type=\"application\/pdf\" style=\"width:100%;height:600px\" aria-label=\"Incrustado de FUSK-INFORME SEPT25-.\"><\/object><a id=\"wp-block-file--media-16e98447-b9cb-40e1-8c3e-42c192546b90\" href=\"https:\/\/www.inteligenia.info\/wp-content\/uploads\/2025\/12\/FUSK-INFORME-SEPT25-.pdf\">FUSK-INFORME SEPT25-<\/a><a href=\"https:\/\/www.inteligenia.info\/wp-content\/uploads\/2025\/12\/FUSK-INFORME-SEPT25-.pdf\" class=\"wp-block-file__button wp-element-button\" download aria-describedby=\"wp-block-file--media-16e98447-b9cb-40e1-8c3e-42c192546b90\">Descarga<\/a><\/div>\n\n\n\n<p><\/p>\n","protected":false},"excerpt":{"rendered":"<p>Presentamos la Apreciaci\u00f3n de Inteligencia: Organizaciones Terroristas y Grupos Armados correspondiente a septiembre de 2025, elaborada por la Fundaci\u00f3n Sherman Kent (FUSK). Este documento constituye un an\u00e1lisis cr\u00edtico y actualizado sobre los desaf\u00edos de seguridad que reconfiguran el orden en Am\u00e9rica Latina y el Caribe. El Fen\u00f3meno de la Convergencia Criminal-Terrorista El n\u00facleo de este [&hellip;]<\/p>\n","protected":false},"author":1,"featured_media":1203,"comment_status":"open","ping_status":"open","sticky":false,"template":"","format":"standard","meta":{"saved_in_kubio":false,"footnotes":""},"categories":[13,20],"tags":[],"class_list":["post-1343","post","type-post","status-publish","format-standard","has-post-thumbnail","hentry","category-articulos","category-inteligencia"],"yoast_head":"<!-- This site is optimized with the Yoast SEO plugin v27.0 - https:\/\/yoast.com\/product\/yoast-seo-wordpress\/ -->\n<title>ORGANIZACIONES TERRORISTAS Y GRUPOS ARMADOS - Am\u00e9rica Latina y el Caribe - Inteligenia<\/title>\n<meta name=\"robots\" content=\"index, follow, max-snippet:-1, max-image-preview:large, max-video-preview:-1\" \/>\n<link rel=\"canonical\" href=\"https:\/\/www.inteligenia.info\/home\/organizaciones-terroristasy-grupos-armados-america-latina-y-el-caribe\/\" \/>\n<meta property=\"og:locale\" content=\"es_ES\" \/>\n<meta property=\"og:type\" content=\"article\" \/>\n<meta property=\"og:title\" content=\"ORGANIZACIONES TERRORISTAS Y GRUPOS ARMADOS - Am\u00e9rica Latina y el Caribe - Inteligenia\" \/>\n<meta property=\"og:description\" content=\"Presentamos la Apreciaci\u00f3n de Inteligencia: Organizaciones Terroristas y Grupos Armados correspondiente a septiembre de 2025, elaborada por la Fundaci\u00f3n Sherman Kent (FUSK). Este documento constituye un an\u00e1lisis cr\u00edtico y actualizado sobre los desaf\u00edos de seguridad que reconfiguran el orden en Am\u00e9rica Latina y el Caribe. El Fen\u00f3meno de la Convergencia Criminal-Terrorista El n\u00facleo de este [&hellip;]\" \/>\n<meta property=\"og:url\" content=\"https:\/\/www.inteligenia.info\/home\/organizaciones-terroristasy-grupos-armados-america-latina-y-el-caribe\/\" \/>\n<meta property=\"og:site_name\" content=\"Inteligenia\" \/>\n<meta property=\"article:published_time\" content=\"2025-12-15T16:03:09+00:00\" \/>\n<meta property=\"article:modified_time\" content=\"2025-12-15T16:13:02+00:00\" \/>\n<meta property=\"og:image\" content=\"https:\/\/www.inteligenia.info\/wp-content\/uploads\/2025\/09\/LOGO-nombre-COLOR-webp-e1759131481323.webp\" \/>\n\t<meta property=\"og:image:width\" content=\"500\" \/>\n\t<meta property=\"og:image:height\" content=\"197\" \/>\n\t<meta property=\"og:image:type\" content=\"image\/webp\" \/>\n<meta name=\"author\" content=\"admin\" \/>\n<meta name=\"twitter:card\" content=\"summary_large_image\" \/>\n<meta name=\"twitter:creator\" content=\"@INTELIGENIA_\" \/>\n<meta name=\"twitter:site\" content=\"@INTELIGENIA_\" \/>\n<meta name=\"twitter:label1\" content=\"Escrito por\" \/>\n\t<meta name=\"twitter:data1\" content=\"admin\" \/>\n\t<meta name=\"twitter:label2\" content=\"Tiempo de lectura\" \/>\n\t<meta name=\"twitter:data2\" content=\"2 minutos\" \/>\n<script type=\"application\/ld+json\" class=\"yoast-schema-graph\">{\"@context\":\"https:\/\/schema.org\",\"@graph\":[{\"@type\":\"Article\",\"@id\":\"https:\/\/www.inteligenia.info\/home\/organizaciones-terroristasy-grupos-armados-america-latina-y-el-caribe\/#article\",\"isPartOf\":{\"@id\":\"https:\/\/www.inteligenia.info\/home\/organizaciones-terroristasy-grupos-armados-america-latina-y-el-caribe\/\"},\"author\":{\"name\":\"admin\",\"@id\":\"https:\/\/www.inteligenia.info\/home\/#\/schema\/person\/1bf90ee63c207f611a224f9c17dbf031\"},\"headline\":\"ORGANIZACIONES TERRORISTAS Y GRUPOS ARMADOS &#8211; Am\u00e9rica Latina y el Caribe\",\"datePublished\":\"2025-12-15T16:03:09+00:00\",\"dateModified\":\"2025-12-15T16:13:02+00:00\",\"mainEntityOfPage\":{\"@id\":\"https:\/\/www.inteligenia.info\/home\/organizaciones-terroristasy-grupos-armados-america-latina-y-el-caribe\/\"},\"wordCount\":469,\"commentCount\":1,\"publisher\":{\"@id\":\"https:\/\/www.inteligenia.info\/home\/#organization\"},\"image\":{\"@id\":\"https:\/\/www.inteligenia.info\/home\/organizaciones-terroristasy-grupos-armados-america-latina-y-el-caribe\/#primaryimage\"},\"thumbnailUrl\":\"https:\/\/www.inteligenia.info\/wp-content\/uploads\/2025\/09\/LOGO-nombre-COLOR-webp-e1759131481323.webp\",\"articleSection\":[\"Art\u00edculos\",\"Inteligencia\"],\"inLanguage\":\"es\",\"potentialAction\":[{\"@type\":\"CommentAction\",\"name\":\"Comment\",\"target\":[\"https:\/\/www.inteligenia.info\/home\/organizaciones-terroristasy-grupos-armados-america-latina-y-el-caribe\/#respond\"]}]},{\"@type\":\"WebPage\",\"@id\":\"https:\/\/www.inteligenia.info\/home\/organizaciones-terroristasy-grupos-armados-america-latina-y-el-caribe\/\",\"url\":\"https:\/\/www.inteligenia.info\/home\/organizaciones-terroristasy-grupos-armados-america-latina-y-el-caribe\/\",\"name\":\"ORGANIZACIONES TERRORISTAS Y GRUPOS ARMADOS - Am\u00e9rica Latina y el Caribe - Inteligenia\",\"isPartOf\":{\"@id\":\"https:\/\/www.inteligenia.info\/home\/#website\"},\"primaryImageOfPage\":{\"@id\":\"https:\/\/www.inteligenia.info\/home\/organizaciones-terroristasy-grupos-armados-america-latina-y-el-caribe\/#primaryimage\"},\"image\":{\"@id\":\"https:\/\/www.inteligenia.info\/home\/organizaciones-terroristasy-grupos-armados-america-latina-y-el-caribe\/#primaryimage\"},\"thumbnailUrl\":\"https:\/\/www.inteligenia.info\/wp-content\/uploads\/2025\/09\/LOGO-nombre-COLOR-webp-e1759131481323.webp\",\"datePublished\":\"2025-12-15T16:03:09+00:00\",\"dateModified\":\"2025-12-15T16:13:02+00:00\",\"breadcrumb\":{\"@id\":\"https:\/\/www.inteligenia.info\/home\/organizaciones-terroristasy-grupos-armados-america-latina-y-el-caribe\/#breadcrumb\"},\"inLanguage\":\"es\",\"potentialAction\":[{\"@type\":\"ReadAction\",\"target\":[\"https:\/\/www.inteligenia.info\/home\/organizaciones-terroristasy-grupos-armados-america-latina-y-el-caribe\/\"]}]},{\"@type\":\"ImageObject\",\"inLanguage\":\"es\",\"@id\":\"https:\/\/www.inteligenia.info\/home\/organizaciones-terroristasy-grupos-armados-america-latina-y-el-caribe\/#primaryimage\",\"url\":\"https:\/\/www.inteligenia.info\/wp-content\/uploads\/2025\/09\/LOGO-nombre-COLOR-webp-e1759131481323.webp\",\"contentUrl\":\"https:\/\/www.inteligenia.info\/wp-content\/uploads\/2025\/09\/LOGO-nombre-COLOR-webp-e1759131481323.webp\",\"width\":500,\"height\":197},{\"@type\":\"BreadcrumbList\",\"@id\":\"https:\/\/www.inteligenia.info\/home\/organizaciones-terroristasy-grupos-armados-america-latina-y-el-caribe\/#breadcrumb\",\"itemListElement\":[{\"@type\":\"ListItem\",\"position\":1,\"name\":\"Portada\",\"item\":\"https:\/\/www.inteligenia.info\/home\/\"},{\"@type\":\"ListItem\",\"position\":2,\"name\":\"ORGANIZACIONES TERRORISTAS Y GRUPOS ARMADOS &#8211; Am\u00e9rica Latina y el Caribe\"}]},{\"@type\":\"WebSite\",\"@id\":\"https:\/\/www.inteligenia.info\/home\/#website\",\"url\":\"https:\/\/www.inteligenia.info\/home\/\",\"name\":\"Inteligenia\",\"description\":\"\",\"publisher\":{\"@id\":\"https:\/\/www.inteligenia.info\/home\/#organization\"},\"potentialAction\":[{\"@type\":\"SearchAction\",\"target\":{\"@type\":\"EntryPoint\",\"urlTemplate\":\"https:\/\/www.inteligenia.info\/home\/?s={search_term_string}\"},\"query-input\":{\"@type\":\"PropertyValueSpecification\",\"valueRequired\":true,\"valueName\":\"search_term_string\"}}],\"inLanguage\":\"es\"},{\"@type\":\"Organization\",\"@id\":\"https:\/\/www.inteligenia.info\/home\/#organization\",\"name\":\"Inteligenia\",\"url\":\"https:\/\/www.inteligenia.info\/home\/\",\"logo\":{\"@type\":\"ImageObject\",\"inLanguage\":\"es\",\"@id\":\"https:\/\/www.inteligenia.info\/home\/#\/schema\/logo\/image\/\",\"url\":\"https:\/\/www.inteligenia.info\/wp-content\/uploads\/2024\/06\/transparent_logo-1-e1718047668142.png\",\"contentUrl\":\"https:\/\/www.inteligenia.info\/wp-content\/uploads\/2024\/06\/transparent_logo-1-e1718047668142.png\",\"width\":674,\"height\":141,\"caption\":\"Inteligenia\"},\"image\":{\"@id\":\"https:\/\/www.inteligenia.info\/home\/#\/schema\/logo\/image\/\"},\"sameAs\":[\"https:\/\/x.com\/INTELIGENIA_\",\"https:\/\/www.linkedin.com\/company\/inteligenia\/?viewAsMember=true\"]},{\"@type\":\"Person\",\"@id\":\"https:\/\/www.inteligenia.info\/home\/#\/schema\/person\/1bf90ee63c207f611a224f9c17dbf031\",\"name\":\"admin\",\"image\":{\"@type\":\"ImageObject\",\"inLanguage\":\"es\",\"@id\":\"https:\/\/www.inteligenia.info\/home\/#\/schema\/person\/image\/\",\"url\":\"https:\/\/secure.gravatar.com\/avatar\/ed712be762908ac190eb3beb8cf9efb0dc9c425bd7b69d40ba8746efca2909c6?s=96&d=mm&r=g\",\"contentUrl\":\"https:\/\/secure.gravatar.com\/avatar\/ed712be762908ac190eb3beb8cf9efb0dc9c425bd7b69d40ba8746efca2909c6?s=96&d=mm&r=g\",\"caption\":\"admin\"},\"sameAs\":[\"http:\/\/www.inteligenia.info\"],\"url\":\"https:\/\/www.inteligenia.info\/home\/author\/admin\/\"}]}<\/script>\n<!-- \/ Yoast SEO plugin. -->","yoast_head_json":{"title":"ORGANIZACIONES TERRORISTAS Y GRUPOS ARMADOS - Am\u00e9rica Latina y el Caribe - Inteligenia","robots":{"index":"index","follow":"follow","max-snippet":"max-snippet:-1","max-image-preview":"max-image-preview:large","max-video-preview":"max-video-preview:-1"},"canonical":"https:\/\/www.inteligenia.info\/home\/organizaciones-terroristasy-grupos-armados-america-latina-y-el-caribe\/","og_locale":"es_ES","og_type":"article","og_title":"ORGANIZACIONES TERRORISTAS Y GRUPOS ARMADOS - Am\u00e9rica Latina y el Caribe - Inteligenia","og_description":"Presentamos la Apreciaci\u00f3n de Inteligencia: Organizaciones Terroristas y Grupos Armados correspondiente a septiembre de 2025, elaborada por la Fundaci\u00f3n Sherman Kent (FUSK). Este documento constituye un an\u00e1lisis cr\u00edtico y actualizado sobre los desaf\u00edos de seguridad que reconfiguran el orden en Am\u00e9rica Latina y el Caribe. El Fen\u00f3meno de la Convergencia Criminal-Terrorista El n\u00facleo de este [&hellip;]","og_url":"https:\/\/www.inteligenia.info\/home\/organizaciones-terroristasy-grupos-armados-america-latina-y-el-caribe\/","og_site_name":"Inteligenia","article_published_time":"2025-12-15T16:03:09+00:00","article_modified_time":"2025-12-15T16:13:02+00:00","og_image":[{"width":500,"height":197,"url":"https:\/\/www.inteligenia.info\/wp-content\/uploads\/2025\/09\/LOGO-nombre-COLOR-webp-e1759131481323.webp","type":"image\/webp"}],"author":"admin","twitter_card":"summary_large_image","twitter_creator":"@INTELIGENIA_","twitter_site":"@INTELIGENIA_","twitter_misc":{"Escrito por":"admin","Tiempo de lectura":"2 minutos"},"schema":{"@context":"https:\/\/schema.org","@graph":[{"@type":"Article","@id":"https:\/\/www.inteligenia.info\/home\/organizaciones-terroristasy-grupos-armados-america-latina-y-el-caribe\/#article","isPartOf":{"@id":"https:\/\/www.inteligenia.info\/home\/organizaciones-terroristasy-grupos-armados-america-latina-y-el-caribe\/"},"author":{"name":"admin","@id":"https:\/\/www.inteligenia.info\/home\/#\/schema\/person\/1bf90ee63c207f611a224f9c17dbf031"},"headline":"ORGANIZACIONES TERRORISTAS Y GRUPOS ARMADOS &#8211; Am\u00e9rica Latina y el Caribe","datePublished":"2025-12-15T16:03:09+00:00","dateModified":"2025-12-15T16:13:02+00:00","mainEntityOfPage":{"@id":"https:\/\/www.inteligenia.info\/home\/organizaciones-terroristasy-grupos-armados-america-latina-y-el-caribe\/"},"wordCount":469,"commentCount":1,"publisher":{"@id":"https:\/\/www.inteligenia.info\/home\/#organization"},"image":{"@id":"https:\/\/www.inteligenia.info\/home\/organizaciones-terroristasy-grupos-armados-america-latina-y-el-caribe\/#primaryimage"},"thumbnailUrl":"https:\/\/www.inteligenia.info\/wp-content\/uploads\/2025\/09\/LOGO-nombre-COLOR-webp-e1759131481323.webp","articleSection":["Art\u00edculos","Inteligencia"],"inLanguage":"es","potentialAction":[{"@type":"CommentAction","name":"Comment","target":["https:\/\/www.inteligenia.info\/home\/organizaciones-terroristasy-grupos-armados-america-latina-y-el-caribe\/#respond"]}]},{"@type":"WebPage","@id":"https:\/\/www.inteligenia.info\/home\/organizaciones-terroristasy-grupos-armados-america-latina-y-el-caribe\/","url":"https:\/\/www.inteligenia.info\/home\/organizaciones-terroristasy-grupos-armados-america-latina-y-el-caribe\/","name":"ORGANIZACIONES TERRORISTAS Y GRUPOS ARMADOS - Am\u00e9rica Latina y el Caribe - Inteligenia","isPartOf":{"@id":"https:\/\/www.inteligenia.info\/home\/#website"},"primaryImageOfPage":{"@id":"https:\/\/www.inteligenia.info\/home\/organizaciones-terroristasy-grupos-armados-america-latina-y-el-caribe\/#primaryimage"},"image":{"@id":"https:\/\/www.inteligenia.info\/home\/organizaciones-terroristasy-grupos-armados-america-latina-y-el-caribe\/#primaryimage"},"thumbnailUrl":"https:\/\/www.inteligenia.info\/wp-content\/uploads\/2025\/09\/LOGO-nombre-COLOR-webp-e1759131481323.webp","datePublished":"2025-12-15T16:03:09+00:00","dateModified":"2025-12-15T16:13:02+00:00","breadcrumb":{"@id":"https:\/\/www.inteligenia.info\/home\/organizaciones-terroristasy-grupos-armados-america-latina-y-el-caribe\/#breadcrumb"},"inLanguage":"es","potentialAction":[{"@type":"ReadAction","target":["https:\/\/www.inteligenia.info\/home\/organizaciones-terroristasy-grupos-armados-america-latina-y-el-caribe\/"]}]},{"@type":"ImageObject","inLanguage":"es","@id":"https:\/\/www.inteligenia.info\/home\/organizaciones-terroristasy-grupos-armados-america-latina-y-el-caribe\/#primaryimage","url":"https:\/\/www.inteligenia.info\/wp-content\/uploads\/2025\/09\/LOGO-nombre-COLOR-webp-e1759131481323.webp","contentUrl":"https:\/\/www.inteligenia.info\/wp-content\/uploads\/2025\/09\/LOGO-nombre-COLOR-webp-e1759131481323.webp","width":500,"height":197},{"@type":"BreadcrumbList","@id":"https:\/\/www.inteligenia.info\/home\/organizaciones-terroristasy-grupos-armados-america-latina-y-el-caribe\/#breadcrumb","itemListElement":[{"@type":"ListItem","position":1,"name":"Portada","item":"https:\/\/www.inteligenia.info\/home\/"},{"@type":"ListItem","position":2,"name":"ORGANIZACIONES TERRORISTAS Y GRUPOS ARMADOS &#8211; Am\u00e9rica Latina y el Caribe"}]},{"@type":"WebSite","@id":"https:\/\/www.inteligenia.info\/home\/#website","url":"https:\/\/www.inteligenia.info\/home\/","name":"Inteligenia","description":"","publisher":{"@id":"https:\/\/www.inteligenia.info\/home\/#organization"},"potentialAction":[{"@type":"SearchAction","target":{"@type":"EntryPoint","urlTemplate":"https:\/\/www.inteligenia.info\/home\/?s={search_term_string}"},"query-input":{"@type":"PropertyValueSpecification","valueRequired":true,"valueName":"search_term_string"}}],"inLanguage":"es"},{"@type":"Organization","@id":"https:\/\/www.inteligenia.info\/home\/#organization","name":"Inteligenia","url":"https:\/\/www.inteligenia.info\/home\/","logo":{"@type":"ImageObject","inLanguage":"es","@id":"https:\/\/www.inteligenia.info\/home\/#\/schema\/logo\/image\/","url":"https:\/\/www.inteligenia.info\/wp-content\/uploads\/2024\/06\/transparent_logo-1-e1718047668142.png","contentUrl":"https:\/\/www.inteligenia.info\/wp-content\/uploads\/2024\/06\/transparent_logo-1-e1718047668142.png","width":674,"height":141,"caption":"Inteligenia"},"image":{"@id":"https:\/\/www.inteligenia.info\/home\/#\/schema\/logo\/image\/"},"sameAs":["https:\/\/x.com\/INTELIGENIA_","https:\/\/www.linkedin.com\/company\/inteligenia\/?viewAsMember=true"]},{"@type":"Person","@id":"https:\/\/www.inteligenia.info\/home\/#\/schema\/person\/1bf90ee63c207f611a224f9c17dbf031","name":"admin","image":{"@type":"ImageObject","inLanguage":"es","@id":"https:\/\/www.inteligenia.info\/home\/#\/schema\/person\/image\/","url":"https:\/\/secure.gravatar.com\/avatar\/ed712be762908ac190eb3beb8cf9efb0dc9c425bd7b69d40ba8746efca2909c6?s=96&d=mm&r=g","contentUrl":"https:\/\/secure.gravatar.com\/avatar\/ed712be762908ac190eb3beb8cf9efb0dc9c425bd7b69d40ba8746efca2909c6?s=96&d=mm&r=g","caption":"admin"},"sameAs":["http:\/\/www.inteligenia.info"],"url":"https:\/\/www.inteligenia.info\/home\/author\/admin\/"}]}},"_links":{"self":[{"href":"https:\/\/www.inteligenia.info\/home\/wp-json\/wp\/v2\/posts\/1343","targetHints":{"allow":["GET"]}}],"collection":[{"href":"https:\/\/www.inteligenia.info\/home\/wp-json\/wp\/v2\/posts"}],"about":[{"href":"https:\/\/www.inteligenia.info\/home\/wp-json\/wp\/v2\/types\/post"}],"author":[{"embeddable":true,"href":"https:\/\/www.inteligenia.info\/home\/wp-json\/wp\/v2\/users\/1"}],"replies":[{"embeddable":true,"href":"https:\/\/www.inteligenia.info\/home\/wp-json\/wp\/v2\/comments?post=1343"}],"version-history":[{"count":2,"href":"https:\/\/www.inteligenia.info\/home\/wp-json\/wp\/v2\/posts\/1343\/revisions"}],"predecessor-version":[{"id":1346,"href":"https:\/\/www.inteligenia.info\/home\/wp-json\/wp\/v2\/posts\/1343\/revisions\/1346"}],"wp:featuredmedia":[{"embeddable":true,"href":"https:\/\/www.inteligenia.info\/home\/wp-json\/wp\/v2\/media\/1203"}],"wp:attachment":[{"href":"https:\/\/www.inteligenia.info\/home\/wp-json\/wp\/v2\/media?parent=1343"}],"wp:term":[{"taxonomy":"category","embeddable":true,"href":"https:\/\/www.inteligenia.info\/home\/wp-json\/wp\/v2\/categories?post=1343"},{"taxonomy":"post_tag","embeddable":true,"href":"https:\/\/www.inteligenia.info\/home\/wp-json\/wp\/v2\/tags?post=1343"}],"curies":[{"name":"wp","href":"https:\/\/api.w.org\/{rel}","templated":true}]}}