{"id":1397,"date":"2026-01-27T10:28:56","date_gmt":"2026-01-27T10:28:56","guid":{"rendered":"https:\/\/www.inteligenia.info\/?p=1397"},"modified":"2026-01-27T10:28:57","modified_gmt":"2026-01-27T10:28:57","slug":"analisis-del-accidente-ferroviario-en-adamuz-cordoba","status":"publish","type":"post","link":"https:\/\/www.inteligenia.info\/home\/analisis-del-accidente-ferroviario-en-adamuz-cordoba\/","title":{"rendered":"AN\u00c1LISIS DEL ACCIDENTE FERROVIARIO EN ADAMUZ (C\u00d3RDOBA)"},"content":{"rendered":"\n<p class=\"has-text-align-center\"><strong>Elaborado por el Departamento de Inteligencia Anal\u00edtica de Inteligenia<\/strong><\/p>\n\n\n\n<p><br><strong>1. Introducci\u00f3n<\/strong><\/p>\n\n\n\n<p>La <strong>alta velocidad ferroviaria espa\u00f1ola<\/strong> soporta una <strong>gran carga de viajeros tanto anual como diaria<\/strong>, siendo una de las redes de ferrocarril de alta velocidad m\u00e1s intensamente utilizadas del mundo. Aqu\u00ed tienes cifras claras y comparables:<\/p>\n\n\n\n<p><strong>&nbsp;Tr\u00e1fico de viajeros (carga de pasajeros)<\/strong><\/p>\n\n\n\n<p><strong>&nbsp;Pasajeros anuales totales en alta velocidad (AVE y servicios liberalizados):<\/strong><\/p>\n\n\n\n<ul class=\"wp-block-list\">\n<li>En <strong>2024 casi 40 millones de viajeros<\/strong> utilizaron los servicios de alta velocidad comercial en Espa\u00f1a, lo que supone un r\u00e9cord y un crecimiento fuerte respecto a a\u00f1os anteriores.<\/li>\n<\/ul>\n\n\n\n<p><strong>&nbsp;R\u00e9gimen diario de demanda:<\/strong><\/p>\n\n\n\n<ul class=\"wp-block-list\">\n<li>Renfe (incluyendo AVE y Avlo) registr\u00f3 r\u00e9cords <strong>diarios de entre ~118 000 y ~127 500 pasajeros<\/strong> en d\u00edas de alta demanda.<\/li>\n<\/ul>\n\n\n\n<p><strong>Capacidad de los trenes<\/strong><\/p>\n\n\n\n<p>Los trenes de alta velocidad tienen diferentes capacidades seg\u00fan el tipo de material:<\/p>\n\n\n\n<ul class=\"wp-block-list\">\n<li><strong>Modelos tradicionales AVE Serie 102\/112<\/strong>: alrededor de <strong>193\u2013316 plazas<\/strong> por tren est\u00e1ndar en funci\u00f3n de la configuraci\u00f3n.<\/li>\n\n\n\n<li><strong>Nuevos trenes AVE\/Avlo Serie S-106<\/strong>: pueden tener <strong>entre ~507 y ~581 plazas<\/strong>, siendo los de mayor capacidad en la red espa\u00f1ola.<\/li>\n<\/ul>\n\n\n\n<p><strong>Otras cifras representativas<\/strong><\/p>\n\n\n\n<ul class=\"wp-block-list\">\n<li>El uso de la alta velocidad ha ido aumentando con la liberalizaci\u00f3n del sector y la entrada de competidores (Ouigo, Iryo, Avlo), lo que ha impulsado el crecimiento de viajeros y la oferta de plazas.<\/li>\n\n\n\n<li>La red espa\u00f1ola es la <strong>m\u00e1s extensa de alta velocidad en Europa<\/strong> (m\u00e1s de 3 400 km) y, gracias a ello, soporta vol\u00famenes de tr\u00e1fico considerables en corredores clave como <strong>Madrid\u2013Barcelona<\/strong><\/li>\n<\/ul>\n\n\n\n<p>El accidente ferroviario ocurrido en Adamuz (C\u00f3rdoba) constituye un evento de alto impacto, con repercusiones directas sobre la confianza p\u00fablica, la movilidad, las finanzas p\u00fablicas y la estabilidad reputacional del sistema ferroviario espa\u00f1ol. Este informe eval\u00faa dichos impactos desde una perspectiva estrat\u00e9gica.<\/p>\n\n\n\n<p>El presente documento, incorpora un an\u00e1lisis exhaustivo de las consecuencias socioecon\u00f3micas y sus repercusiones a corto y medio plazo. El enfoque empleado es multidisciplinar, combinando an\u00e1lisis econ\u00f3mico, social, institucional y reputacional.<\/p>\n\n\n\n<p><strong>2. Impacto socioecon\u00f3mico inmediato<\/strong><\/p>\n\n\n\n<p>El accidente ha generado un impacto directo sobre la confianza de los usuarios en el sistema ferroviario de alta velocidad, provocando cancelaciones, cambios de medio de transporte y una mayor percepci\u00f3n de riesgo. Este efecto psicol\u00f3gico tiene consecuencias econ\u00f3micas inmediatas en t\u00e9rminos de demanda, ingresos de los operadores y productividad asociada a los tiempos de viaje.<\/p>\n\n\n\n<p><strong>3. Costes econ\u00f3micos directos e indirectos<\/strong><\/p>\n\n\n\n<p>Entre los costes directos destacan las indemnizaciones a v\u00edctimas y familiares, los gastos sanitarios, las compensaciones por retrasos y cancelaciones y los costes legales derivados de litigios. Los costes indirectos incluyen p\u00e9rdida de productividad, impacto reputacional del sistema ferroviario espa\u00f1ol y desviaci\u00f3n de recursos p\u00fablicos hacia medidas de emergencia.<\/p>\n\n\n\n<p><strong>4. Repercusiones en la inversi\u00f3n p\u00fablica y el empleo<\/strong><\/p>\n\n\n\n<p>A corto y medio plazo se espera una reorientaci\u00f3n del gasto p\u00fablico hacia inspecci\u00f3n, mantenimiento y control de calidad de la infraestructura ferroviaria. Este cambio puede generar empleo especializado en ingenier\u00eda y mantenimiento, pero tambi\u00e9n retrasar proyectos de expansi\u00f3n o modernizaci\u00f3n no cr\u00edticos.<\/p>\n\n\n\n<p><strong>5. Impacto territorial y sectorial<\/strong><\/p>\n\n\n\n<p>Las regiones conectadas por la l\u00ednea afectada pueden experimentar una reducci\u00f3n temporal del turismo y los viajes de negocio. Paralelamente, se produce una presi\u00f3n adicional sobre los servicios p\u00fablicos locales y auton\u00f3micos, especialmente sanitarios y de emergencia.<\/p>\n\n\n\n<p><strong>6. Repercusiones a corto plazo (0\u20133 meses)<\/strong><\/p>\n\n\n\n<p>Incremento de restricciones operativas, menor puntualidad, aumento de reclamaciones, presi\u00f3n medi\u00e1tica y debate pol\u00edtico intenso. La incertidumbre afecta tanto a usuarios como a empresas dependientes de la movilidad ferroviaria.<\/p>\n\n\n\n<p><strong>7. Repercusiones a medio plazo (3\u201324 meses)<\/strong><\/p>\n\n\n\n<p>Establecimiento de est\u00e1ndares de seguridad m\u00e1s exigentes, incremento estructural de los costes de mantenimiento, recuperaci\u00f3n gradual de la demanda y posibles cambios regulatorios. La resoluci\u00f3n de litigios y la publicaci\u00f3n de informes t\u00e9cnicos ser\u00e1n determinantes para la recuperaci\u00f3n de la confianza.<\/p>\n\n\n\n<p><strong>8. Escenarios de evoluci\u00f3n<\/strong><\/p>\n\n\n\n<p>Escenario base: fallo localizado y recuperaci\u00f3n progresiva.<br>Escenario adverso: detecci\u00f3n de fallos sist\u00e9micos con impacto prolongado.<br>Escenario cr\u00edtico: repetici\u00f3n de incidentes y deterioro severo de la confianza p\u00fablica.<\/p>\n\n\n\n<p><strong>9. An\u00e1lisis Socioecon\u00f3mico<\/strong><\/p>\n\n\n\n<p>El impacto socioecon\u00f3mico se manifiesta en m\u00faltiples niveles: usuarios, empresas, sector p\u00fablico, operadores ferroviarios y territorios conectados. A corto plazo predominan los efectos psicol\u00f3gicos y operativos; a medio plazo, los estructurales y regulatorios.<\/p>\n\n\n\n<p><strong>10. Tabla de Impactos por Horizonte Temporal<\/strong><\/p>\n\n\n\n<figure class=\"wp-block-table\"><table class=\"has-fixed-layout\"><tbody><tr><td><strong>\u00c1mbito<\/strong><\/td><td><strong>Corto plazo (0\u20133 meses)<\/strong><\/td><td><strong>Medio plazo (3\u201324 meses)<\/strong><\/td><td><strong>Riesgo asociado<\/strong><\/td><\/tr><tr><td><strong>Usuarios<\/strong><strong><\/strong><\/td><td>P\u00e9rdida de confianza, cancelaciones<\/td><td>Recuperaci\u00f3n gradual<\/td><td>Medio<\/td><\/tr><tr><td><strong>Empresas<\/strong><\/td><td>Retrasos y menor productividad<\/td><td>Ajuste log\u00edstico<\/td><td>Medio<\/td><\/tr><tr><td><strong>Sector p\u00fablico<\/strong><strong><\/strong><\/td><td>Costes sanitarios y emergencia<\/td><td>Incremento gasto mantenimiento<\/td><td>Alto<\/td><\/tr><tr><td><strong>Operadores<\/strong><\/td><td>P\u00e9rdida reputacional<\/td><td>Costes estructurales mayores<\/td><td>Alto<\/td><\/tr><\/tbody><\/table><\/figure>\n\n\n\n<p><strong>11. Repercusiones Pol\u00edticas e Institucionales<\/strong><\/p>\n\n\n\n<p>El accidente intensifica la presi\u00f3n pol\u00edtica y medi\u00e1tica, incrementa la exigencia de transparencia y puede derivar en cambios normativos, comparecencias parlamentarias y revisi\u00f3n de responsabilidades.<\/p>\n\n\n\n<p><strong>12. Escenarios Estrat\u00e9gicos<\/strong><\/p>\n\n\n\n<p>&#8211; Escenario base: fallo localizado y recuperaci\u00f3n progresiva.<br>&#8211; Escenario adverso: fallos sist\u00e9micos y prolongaci\u00f3n de la desconfianza.<br>&#8211; Escenario cr\u00edtico: impacto macroecon\u00f3mico relevante y crisis institucional.<\/p>\n\n\n\n<p><strong>13. Conclusi\u00f3n<\/strong><\/p>\n\n\n\n<p>La adecuada gesti\u00f3n t\u00e9cnica, comunicativa y pol\u00edtica del accidente ser\u00e1 determinante para limitar sus efectos socioecon\u00f3micos.<\/p>\n\n\n\n<p>El accidente de Adamuz trasciende el \u00e1mbito t\u00e9cnico y se convierte en un evento con profundas implicaciones socioecon\u00f3micas. Su gesti\u00f3n y las decisiones adoptadas en los pr\u00f3ximos meses determinar\u00e1n el impacto final sobre la econom\u00eda, la cohesi\u00f3n social y la credibilidad institucional.<\/p>\n\n\n\n<p><strong>Anexo I<\/strong><\/p>\n\n\n\n<p><strong>Estimaciones Econ\u00f3micas (rangos preliminares)<\/strong><\/p>\n\n\n\n<figure class=\"wp-block-table\"><table class=\"has-fixed-layout\"><tbody><tr><td><strong>Concepto<\/strong><\/td><td><strong>Corto plazo (\u20ac)<\/strong><\/td><td><strong>Medio plazo (\u20ac)<\/strong><\/td><td><strong>Observaciones<\/strong><\/td><\/tr><tr><td><strong>Costes sanitarios y emergencia<\/strong><strong><\/strong><\/td><td>20\u201335 M<\/td><td>35\u201350 M<\/td><td>UCI, rehabilitaci\u00f3n, apoyo psicol\u00f3gico<\/td><\/tr><tr><td><strong>Indemnizaciones a v\u00edctimas<\/strong><\/td><td>80\u2013120 M<\/td><td>150\u2013250 M<\/td><td>SOV + posibles RC<\/td><\/tr><tr><td><strong>Costes legales y periciales<\/strong><strong><\/strong><\/td><td>10\u201320 M<\/td><td>30\u201360 M<\/td><td>Litigios prolongados<\/td><\/tr><tr><td><strong>P\u00e9rdida de productividad<\/strong><\/td><td>40\u201370 M<\/td><td>90\u2013150 M<\/td><td>Retrasos y cancelaciones<\/td><\/tr><tr><td><strong>Inversi\u00f3n adicional en mantenimiento<\/strong><strong><\/strong><\/td><td>\u2014<\/td><td>200\u2013400 M<\/td><td>Inspecci\u00f3n y refuerzo de red<\/td><\/tr><\/tbody><\/table><\/figure>\n\n\n\n<p>Nota: Las cifras se presentan como rangos estimativos basados en precedentes comparables y podr\u00e1n ajustarse tras los informes t\u00e9cnicos y judiciales definitivos.<\/p>\n\n\n\n<p><strong>Anexo II \u2013 Marco Jur\u00eddico Aplicable<\/strong><\/p>\n\n\n\n<p>\u2022 Ley del Sector Ferroviario y normativa de seguridad ferroviaria.<br>\u2022 Reglamento del Seguro Obligatorio de Viajeros (SOV).<br>\u2022 R\u00e9gimen de responsabilidad patrimonial de la Administraci\u00f3n.<br>\u2022 Responsabilidad civil contractual y extracontractual.<br>\u2022 Competencias de la CIAF y jurisdicci\u00f3n contencioso-administrativa y penal.<\/p>\n\n\n\n<p><strong>Anexo III \u2013 Riesgos Legales Identificados<\/strong><\/p>\n\n\n\n<figure class=\"wp-block-table\"><table class=\"has-fixed-layout\"><tbody><tr><td><strong>Riesgo Legal<\/strong><\/td><td><strong>Probabilidad<\/strong><\/td><td><strong>Impacto<\/strong><\/td><\/tr><tr><td><strong>Responsabilidad patrimonial del Estado<\/strong><strong><\/strong><\/td><td>Alta<\/td><td>Muy alto<\/td><\/tr><tr><td><strong>Acciones colectivas de v\u00edctimas<\/strong><\/td><td>Alta<\/td><td>Alto<\/td><\/tr><tr><td><strong>Reclamaciones contractuales a proveedores<\/strong><strong><\/strong><\/td><td>Media<\/td><td>Media<\/td><\/tr><tr><td><strong>Procedimientos penales por negligencia<\/strong><\/td><td>Baja\u2013Media<\/td><td>Alto<\/td><\/tr><\/tbody><\/table><\/figure>\n\n\n\n<p><strong>Anexo IV \u2013 Implicaciones Jur\u00eddico-Estrat\u00e9gicas<\/strong><\/p>\n\n\n\n<p>La atribuci\u00f3n final de responsabilidades determinar\u00e1 la distribuci\u00f3n de los costes econ\u00f3micos entre operadores, gestor de infraestructuras, aseguradoras y Administraci\u00f3n. La gesti\u00f3n temprana de reclamaciones y la transparencia t\u00e9cnica pueden mitigar el impacto financiero y reputacional.<\/p>\n\n\n\n<p><a><strong>ANEXO V. ESCENARIOS MACROECON\u00d3MICOS<\/strong><\/a><strong><\/strong><\/p>\n\n\n\n<p>Este anexo eval\u00faa el impacto potencial del accidente sobre variables macroecon\u00f3micas clave a nivel nacional y sectorial. Las estimaciones se expresan en rangos y dependen de la evoluci\u00f3n t\u00e9cnica, judicial y reputacional del caso.<\/p>\n\n\n\n<figure class=\"wp-block-table\"><table class=\"has-fixed-layout\"><tbody><tr><td><strong>Escenario<\/strong><\/td><td><strong>PIB nacional<\/strong><\/td><td><strong>Productividad<\/strong><\/td><td><strong>Turismo y movilidad<\/strong><\/td><td><strong>Confianza inversora<\/strong><\/td><\/tr><tr><td><strong>Escenario Base<\/strong><strong><\/strong><\/td><td>Impacto marginal (-0,02% PIB)<\/td><td>Ajuste temporal<\/td><td>Recuperaci\u00f3n en 6\u20139 meses<\/td><td>Leve afectaci\u00f3n<\/td><\/tr><tr><td><strong>Escenario Adverso<\/strong><\/td><td>-0,05% a -0,1% PIB<\/td><td>Reducci\u00f3n sostenida<\/td><td>Ca\u00edda prolongada en AVE<\/td><td>Deterioro moderado<\/td><\/tr><tr><td><strong>Escenario Cr\u00edtico<\/strong><strong><\/strong><\/td><td>-0,15% PIB o superior<\/td><td>P\u00e9rdida estructural<\/td><td>Desviaci\u00f3n a otros modos<\/td><td>Afectaci\u00f3n severa<\/td><\/tr><\/tbody><\/table><\/figure>\n\n\n\n<p><strong>Implicaciones Macrofiscales<\/strong><\/p>\n\n\n\n<p>En los escenarios adverso y cr\u00edtico, el aumento del gasto p\u00fablico en indemnizaciones, mantenimiento e inspecci\u00f3n podr\u00eda generar tensiones presupuestarias, requiriendo reasignaciones internas o ampliaciones de cr\u00e9dito.<\/p>\n\n\n\n<p><strong>Efectos Sectoriales Clave<\/strong><\/p>\n\n\n\n<p>\u2022 Transporte y log\u00edstica: aumento de costes y menor eficiencia.<br>\u2022 Turismo: impacto en viajes de corta estancia y negocio.<br>\u2022 Seguros: incremento de provisiones y primas.<br>\u2022 Ingenier\u00eda y mantenimiento: crecimiento por inversi\u00f3n preventiva.<\/p>\n\n\n\n<p><strong>Lectura Estrat\u00e9gica<\/strong><\/p>\n\n\n\n<p>El escenario base es el m\u00e1s probable si se restablece r\u00e1pidamente la confianza mediante transparencia t\u00e9cnica y estabilidad operativa. La deriva hacia escenarios adversos depender\u00e1 de la aparici\u00f3n de fallos sist\u00e9micos o retrasos en la gesti\u00f3n institucional.<\/p>\n\n\n\n<p><strong>ANEXO VI<\/strong><strong> ESCENARIO ECONOMICO GENERAL<\/strong><\/p>\n\n\n\n<p>La interrupci\u00f3n de la l\u00ednea Madrid\u2013Andaluc\u00eda afecta a uno de los <strong>corredores de mayor densidad de tr\u00e1fico ferroviario del pa\u00eds<\/strong>, tanto por volumen de viajeros como por su peso estrat\u00e9gico (conexi\u00f3n capital\u2013sur peninsular). Su cierre parcial o total genera un <strong>shock de movilidad<\/strong> con impacto macroecon\u00f3mico limitado pero <strong>sectorialmente intenso<\/strong>.<\/p>\n\n\n\n<p>Seg\u00fan el propio informe, el escenario m\u00e1s probable oscila entre el <strong>escenario base y el adverso<\/strong>, con una afectaci\u00f3n al PIB nacional de entre <strong>\u20130,02% y \u20130,1%<\/strong>, concentrada principalmente en transporte, turismo y servicios asociados<\/p>\n\n\n\n<p>Los principales efectos econ\u00f3micos son:<\/p>\n\n\n\n<ul class=\"wp-block-list\">\n<li><strong>P\u00e9rdida de productividad<\/strong> por mayores tiempos de viaje, cancelaciones y cambios modales forzados.<\/li>\n\n\n\n<li><strong>Aumento de costes operativos<\/strong> para operadores ferroviarios y para el sector p\u00fablico (planes alternativos, refuerzo de mantenimiento, inspecciones).<\/li>\n\n\n\n<li><strong>Desviaci\u00f3n de demanda<\/strong> hacia avi\u00f3n, coche y autob\u00fas, con menor eficiencia econ\u00f3mica agregada.<\/li>\n\n\n\n<li><strong>Impacto reputacional<\/strong> sobre la red AVE espa\u00f1ola, que introduce una prima de incertidumbre en decisiones de viaje e inversi\u00f3n.<\/li>\n<\/ul>\n\n\n\n<p><strong>1. Efecto en red: repercusi\u00f3n negativa sobre el resto del AVE<\/strong><\/p>\n\n\n\n<p>El informe subraya que no se trata de un fallo aislado, sino de un evento con <strong>efecto sist\u00e9mico percibido<\/strong><\/p>\n\n\n\n<p>. Aunque t\u00e9cnicamente el problema sea localizado, desde el punto de vista econ\u00f3mico:<\/p>\n\n\n\n<ul class=\"wp-block-list\">\n<li>Se reduce la <strong>confianza global en la Alta Velocidad<\/strong>, afectando a corredores no implicados directamente.<\/li>\n\n\n\n<li>Se incrementan las <strong>restricciones operativas<\/strong> (menor puntualidad, controles adicionales), reduciendo la capacidad efectiva de la red.<\/li>\n\n\n\n<li>Aumentan las <strong>reclamaciones y cancelaciones preventivas<\/strong>, especialmente en viajes de negocio y corta estancia.<\/li>\n<\/ul>\n\n\n\n<p>Esto provoca una <strong>contracci\u00f3n temporal de la demanda AVE<\/strong> a escala nacional, m\u00e1s acusada en los primeros meses.<\/p>\n\n\n\n<p><strong>2. Impacto espec\u00edfico en el turismo<\/strong><\/p>\n\n\n\n<p><strong>2.1 Turismo nacional<\/strong><\/p>\n\n\n\n<p>El impacto tur\u00edstico es uno de los m\u00e1s sensibles:<\/p>\n\n\n\n<ul class=\"wp-block-list\">\n<li>Andaluc\u00eda es uno de los <strong>principales destinos de turismo urbano, cultural y de escapadas cortas<\/strong>, altamente dependiente del AVE desde Madrid.<\/li>\n\n\n\n<li>La interrupci\u00f3n afecta especialmente a:\n<ul class=\"wp-block-list\">\n<li>Viajes de <strong>fin de semana<\/strong><\/li>\n\n\n\n<li>Turismo cultural (Sevilla, C\u00f3rdoba, Granada)<\/li>\n\n\n\n<li>Turismo de eventos y congresos<\/li>\n<\/ul>\n<\/li>\n\n\n\n<li>Se produce una <strong>sustituci\u00f3n imperfecta<\/strong> hacia otros medios (avi\u00f3n o coche), que encarece y desincentiva el viaje.<\/li>\n<\/ul>\n\n\n\n<p>Resultado esperado:<\/p>\n\n\n\n<ul class=\"wp-block-list\">\n<li><strong>Ca\u00edda temporal del turismo nacional<\/strong> hacia Andaluc\u00eda, especialmente en estancias cortas.<\/li>\n\n\n\n<li>Mayor impacto en pymes tur\u00edsticas (hoteles urbanos, restauraci\u00f3n, gu\u00edas, comercio local).<\/li>\n<\/ul>\n\n\n\n<p><strong>2.2 Turismo internacional<\/strong><\/p>\n\n\n\n<p>El impacto es <strong>menor pero no irrelevante<\/strong>:<\/p>\n\n\n\n<ul class=\"wp-block-list\">\n<li>El turista internacional depende menos del AVE, pero:\n<ul class=\"wp-block-list\">\n<li>Percibe mayor <strong>riesgo reputacional<\/strong><\/li>\n\n\n\n<li>Encuentra m\u00e1s compleja la movilidad interna<\/li>\n<\/ul>\n<\/li>\n\n\n\n<li>Puede haber desv\u00edos hacia otros destinos espa\u00f1oles mejor conectados o hacia otros pa\u00edses.<\/li>\n<\/ul>\n\n\n\n<p>En escenarios adversos, el informe contempla una <strong>ca\u00edda prolongada de la movilidad AVE<\/strong>, lo que afecta al atractivo del destino en circuitos multicity (Madrid\u2013Andaluc\u00eda)<\/p>\n\n\n\n<p><strong>3. Escenario temporal resumido<\/strong><\/p>\n\n\n\n<p><strong>Corto plazo (0\u20133 meses)<\/strong><\/p>\n\n\n\n<ul class=\"wp-block-list\">\n<li>Fuerte impacto psicol\u00f3gico y medi\u00e1tico.<\/li>\n\n\n\n<li>Cancelaciones tur\u00edsticas y ca\u00edda de reservas.<\/li>\n\n\n\n<li>P\u00e9rdida de confianza en viajes no esenciales.<\/li>\n\n\n\n<li>Presi\u00f3n sobre transporte alternativo.<\/li>\n<\/ul>\n\n\n\n<p><strong>Medio plazo (3\u201324 meses)<\/strong><\/p>\n\n\n\n<ul class=\"wp-block-list\">\n<li>Recuperaci\u00f3n gradual si no emergen fallos sist\u00e9micos.<\/li>\n\n\n\n<li>Turismo vuelve de forma desigual (primero ocio planificado, despu\u00e9s escapadas).<\/li>\n\n\n\n<li>Costes estructurales m\u00e1s altos en el sistema ferroviario.<\/li>\n\n\n\n<li>Posible reposicionamiento de destinos menos dependientes del AVE.<\/li>\n<\/ul>\n\n\n\n<p><strong>4. Lectura econ\u00f3mica final<\/strong><\/p>\n\n\n\n<p>El escenario econ\u00f3mico no es de crisis macroecon\u00f3mica, pero s\u00ed de <strong>impacto sectorial significativo<\/strong>, con el turismo como uno de los principales damnificados. La duraci\u00f3n de la no operatividad y, sobre todo, la <strong>gesti\u00f3n de la confianza<\/strong> (transparencia, seguridad, comunicaci\u00f3n) ser\u00e1n determinantes para evitar que el escenario derive del <strong>base<\/strong> al <strong>adverso<\/strong> o <strong>cr\u00edtico<\/strong> descrito en el informe<\/p>\n\n\n\n<p><strong>ANEXO VII. Datos oficiales de uso en 2024 (CNMC)<\/strong><\/p>\n\n\n\n<p>Seg\u00fan el <strong>Informe anual del sector ferroviario 2024<\/strong> de la CNMC:<\/p>\n\n\n\n<ul class=\"wp-block-list\">\n<li>El total de <strong>viajeros de alta velocidad comercial en Espa\u00f1a<\/strong> en 2024 fue de <strong>casi 40 millones<\/strong>.<\/li>\n\n\n\n<li>Los principales corredores registraron los siguientes vol\u00famenes de viajeros (aproximados):\n<ul class=\"wp-block-list\">\n<li><strong>Madrid\u2013Barcelona:<\/strong> ~14,6 millones<\/li>\n\n\n\n<li><strong>Madrid\u2013Valencia:<\/strong> ~5,6 millones<\/li>\n\n\n\n<li><strong>Madrid\u2013Sevilla y Madrid\u2013Granada:<\/strong> ~5 millones cada uno<\/li>\n\n\n\n<li><strong>Madrid\u2013M\u00e1laga:<\/strong> ~5 millones<\/li>\n<\/ul>\n<\/li>\n<\/ul>\n\n\n\n<p><em>Nota:<\/em> En algunos informes la cifra de <strong>Madrid-Sevilla y Madrid-Granada<\/strong> a veces aparece combinada o indistinguida en estad\u00edsticas generales; para el c\u00e1lculo de total se agrupan junto al corredor a M\u00e1laga como parte del \u201ceje sur\u201d.<\/p>\n\n\n\n<p><strong>Estimaci\u00f3n de viajeros del eje Madrid\u2013Andaluc\u00eda<\/strong><\/p>\n\n\n\n<p>Sumando los principales corredores andaluces de alta velocidad:<\/p>\n\n\n\n<ul class=\"wp-block-list\">\n<li>Madrid\u2013Sevilla: ~5 M<\/li>\n\n\n\n<li>Madrid\u2013M\u00e1laga: ~5 M<\/li>\n\n\n\n<li>Madrid\u2013Granada: ~5 M<\/li>\n\n\n\n<li>\u00a0Total estimado = <strong>~15 millones de viajeros<\/strong> en 2024.<\/li>\n<\/ul>\n\n\n\n<p><strong>Porcentaje respecto al total de Espa\u00f1a<\/strong><\/p>\n\n\n\n<p>Con casi <strong>40 millones de viajeros<\/strong> en alta velocidad en toda Espa\u00f1a en 2024:<\/p>\n\n\n\n<p><strong>Aproximadamente el 37 \u2013 38 % de los pasajeros de tren de alta velocidad en Espa\u00f1a en 2024 viajaron en el corredor Madrid\u2013Andaluc\u00eda.<\/strong><br>Este porcentaje agrupa los principales servicios de alta velocidad desde <strong>Madrid hacia Sevilla, M\u00e1laga y Granada<\/strong>.<\/p>\n\n\n\n<p><strong>ANEXO VIII. Impacto cient\u00edfico de la paralizaci\u00f3n del 38 % de la alta velocidad espa\u00f1ola<\/strong><\/p>\n\n\n\n<p><br>Una paralizaci\u00f3n o degradaci\u00f3n prolongada del 38 % de la alta velocidad espa\u00f1ola durante seis meses supone millones de viajes afectados, una p\u00e9rdida significativa de bienestar social, un deterioro de la robustez del sistema y un riesgo serio para la reputaci\u00f3n de uno de los pilares del transporte en Espa\u00f1a.<br><br><\/p>\n\n\n\n<p>Este anexo presenta un ejercicio anal\u00edtico, de tipo acad\u00e9mico, para estimar las consecuencias de que aproximadamente el 38 % del tr\u00e1fico de alta velocidad ferroviaria en Espa\u00f1a (correspondiente al eje Madrid\u2013Andaluc\u00eda) permanezca degradado o interrumpido durante varios meses, ya sea por el accidente directo o por efectos indirectos como limitaciones temporales de velocidad, obras, controles reforzados y p\u00e9rdida de confianza del usuario.<\/p>\n\n\n\n<p><strong>1. Magnitud del impacto en volumen de viajeros<\/strong><\/p>\n\n\n\n<p>Con una demanda anual aproximada de 40 millones de viajeros en alta velocidad comercial, el promedio diario se sit\u00faa en torno a 110.000 viajeros. Si el 38 % del sistema queda afectado, se ver\u00edan comprometidos unos 41.000 viajes diarios.<\/p>\n\n\n\n<p>Esto supone:<\/p>\n\n\n\n<p><br>&#8211; En 3 meses: ~3,7 millones de viajes afectados<br>&#8211; En 6 meses: ~7,4 millones de viajes afectados<br>&#8211; En 12 meses: ~15 millones de viajes afectados<\/p>\n\n\n\n<p><strong>2. P\u00e9rdida de demanda y desv\u00edo modal<\/strong><\/p>\n\n\n\n<p>No todos los viajes afectados desaparecen. Se reparte el impacto entre viajes cancelados y viajes desviados a otros modos (carretera, avi\u00f3n u otros servicios ferroviarios). En escenarios razonables:<\/p>\n\n\n\n<p><br>&#8211; Optimista: 10\u201315 % de viajes perdidos<br>&#8211; Central: 20\u201330 % de viajes perdidos<br>&#8211; Pesimista: 35\u201345 % de viajes perdidos<\/p>\n\n\n\n<p>Para un escenario central de 6 meses, esto implica entre 1,8 y 2 millones de viajes que directamente no se realizan.<\/p>\n\n\n\n<p><strong>3. Coste social del tiempo y de la fiabilidad<br><br><\/strong><\/p>\n\n\n\n<p>El impacto no se limita al aumento del tiempo de viaje. La p\u00e9rdida de fiabilidad (incertidumbre sobre la llegada) tiene un coste percibido elevado. En an\u00e1lisis de transporte, el coste de la falta de fiabilidad puede ser comparable o superior al coste del tiempo adicional.<\/p>\n\n\n\n<p>Durante meses, una red menos predecible multiplica el coste social incluso aunque los retrasos medios no sean extremos.<\/p>\n\n\n\n<p><strong>4. Efectos en el resto de la red espa\u00f1ola<\/strong><\/p>\n\n\n\n<p><br>Aunque el problema se origine en el eje sur, el sistema ferroviario es interdependiente:<\/p>\n\n\n\n<p><br>&#8211; El material rodante y las tripulaciones no completan sus rotaciones.<br>&#8211; Se incrementan las cancelaciones y retrasos en otros corredores.<br>&#8211; Las limitaciones temporales de velocidad reducen la capacidad efectiva y aumentan la fragilidad de la malla horaria.<\/p>\n\n\n\n<p>El resultado es una degradaci\u00f3n general de la puntualidad y de la robustez del sistema.<\/p>\n\n\n\n<p><strong>5. Impacto econ\u00f3mico para operadores e infraestructura<\/strong><\/p>\n\n\n\n<p><br>Los efectos econ\u00f3micos incluyen:<br>&#8211; P\u00e9rdida directa de ingresos por viajes cancelados.<br>&#8211; Costes adicionales por planes alternativos, compensaciones y personal.<br>&#8211; Menor utilizaci\u00f3n de activos de alto coste (trenes e infraestructura).<br><br><\/p>\n\n\n\n<p>Estos efectos se acumulan cuanto mayor es la duraci\u00f3n del episodio.<\/p>\n\n\n\n<p><strong>6. Externalidades negativas<\/strong><\/p>\n\n\n\n<p><br>El trasvase modal hacia carretera y avi\u00f3n implica:<br>&#8211; Mayor congesti\u00f3n y riesgo vial.<br>&#8211; Incremento de emisiones contaminantes.<br>&#8211; Saturaci\u00f3n de infraestructuras aeroportuarias en determinados corredores.<\/p>\n\n\n\n<p><strong>7. Da\u00f1o reputacional y efectos a medio plazo<\/strong><\/p>\n\n\n\n<p><br>La alta velocidad espa\u00f1ola ha sido percibida como un sistema fiable y competitivo. Un episodio prolongado introduce un efecto de p\u00e9rdida de confianza:<\/p>\n\n\n\n<p><br>&#8211; Incluso tras la reapertura, puede producirse una reducci\u00f3n persistente de la demanda (5\u201315 % durante varios meses).<br>&#8211; Se frena el crecimiento inducido por la liberalizaci\u00f3n del sector.<br>&#8211; El coste reputacional puede superar al coste directo del incidente.<br><br><\/p>\n\n\n\n<p><strong>Anexo t\u00e9cnico: f\u00f3rmulas y escenarios cuantificados<\/strong><\/p>\n\n\n\n<p><strong>Supuestos base (para cuantificar \u00f3rdenes de magnitud)<\/strong><\/p>\n\n\n\n<p>\u2022 Viajeros anuales en alta velocidad comercial (2024): V_a = 40.000.000<\/p>\n\n\n\n<p>\u2022 Porcentaje del eje Madrid\u2013Andaluc\u00eda sobre el total: p = 0,38<\/p>\n\n\n\n<p>\u2022 Viajeros medios diarios: V_d = V_a \/ 365<\/p>\n\n\n\n<p>\u2022 Viajeros diarios del eje sur: V_sur = p \u00b7 V_d<\/p>\n\n\n\n<p>\u2022 Duraci\u00f3n de la perturbaci\u00f3n (d\u00edas): D<\/p>\n\n\n\n<p>\u2022 Proporci\u00f3n de viajes perdidos (cancelados\/no realizados): s_p<\/p>\n\n\n\n<p>\u2022 Proporci\u00f3n de viajes desviados (realizados por otros modos u otros servicios): s_d = 1 \u2212 s_p<\/p>\n\n\n\n<p>\u2022 Incremento medio de tiempo puerta-a-puerta para los viajes desviados o degradados: \u0394t (horas)<\/p>\n\n\n\n<p>\u2022 Valor del tiempo (euros\/hora): VOT<\/p>\n\n\n\n<p>\u2022 Penalizaci\u00f3n por fiabilidad (equivalente en horas por viaje afectado): \u0394r (horas)<\/p>\n\n\n\n<p>\u2022 Valor de la fiabilidad (euros\/hora): VOR<\/p>\n\n\n\n<p><strong>F\u00f3rmulas de c\u00e1lculo<\/strong><\/p>\n\n\n\n<p>1) Viajes afectados en el periodo:&nbsp; A = V_a \u00b7 p \u00b7 (D \/ 365)<\/p>\n\n\n\n<p>2) Viajes perdidos:&nbsp; A_p = A \u00b7 s_p<\/p>\n\n\n\n<p>3) Viajes desviados: A_d = A \u00b7 (1 \u2212 s_p)<\/p>\n\n\n\n<p>4) Coste de tiempo (aprox.):&nbsp; C_t = A_d \u00b7 \u0394t \u00b7 VOT<\/p>\n\n\n\n<p>5) Coste de fiabilidad (aprox.): C_r = A \u00b7 \u0394r \u00b7 VOR<\/p>\n\n\n\n<p>6) Coste total (aprox.): C \u2248 C_t + C_r&nbsp; (sin incluir costes operativos, compensaciones ni efectos macro)<\/p>\n\n\n\n<p><strong>Escenarios de volumen (viajes)<\/strong><\/p>\n\n\n\n<figure class=\"wp-block-table\"><table class=\"has-fixed-layout\"><tbody><tr><td><strong>Duraci\u00f3n<\/strong><\/td><td><strong>D (d\u00edas)<\/strong><\/td><td><strong>A (afectados)<\/strong><\/td><td><strong>A_p (perdidos)<\/strong><\/td><td><strong>A_d (desviados)<\/strong><\/td><\/tr><tr><td><strong>3 meses<\/strong><strong><\/strong><\/td><td>90<\/td><td>3.747.945<\/td><td>936.986<\/td><td>2.810.959<\/td><\/tr><tr><td><strong>6 meses<\/strong><\/td><td>180<\/td><td>7.495.890<\/td><td>1.873.973<\/td><td>5.621.918<\/td><\/tr><tr><td><strong>9 meses<\/strong><strong><\/strong><\/td><td>270<\/td><td>11.243.836<\/td><td>2.810.959<\/td><td>8.432.877<\/td><\/tr><\/tbody><\/table><\/figure>\n\n\n\n<p>Nota: la tabla usa el escenario central (s_p=0,25). Debajo se incluyen rangos para s_p optimista\/pesimista.<\/p>\n\n\n\n<p><strong>Rangos por incertidumbre en la p\u00e9rdida de demanda (s_p)<\/strong><\/p>\n\n\n\n<p>\u2022 3 meses (A\u22483.747.945): perdidos A_p\u2248562.192\u20131.499.178 (central 936.986).<\/p>\n\n\n\n<p>\u2022 6 meses (A\u22487.495.890): perdidos A_p\u22481.124.384\u20132.998.356 (central 1.873.973).<\/p>\n\n\n\n<p>\u2022 9 meses (A\u224811.243.836): perdidos A_p\u22481.686.575\u20134.497.534 (central 2.810.959).<\/p>\n\n\n\n<p><strong>Ejemplos de coste monetizado del tiempo y la fiabilidad<\/strong><\/p>\n\n\n\n<p>A continuaci\u00f3n se ilustran \u00f3rdenes de magnitud con par\u00e1metros t\u00edpicos. Estos valores pueden ajustarse a perfiles (ocio\/negocio) y a datos reales de transbordos o rutas alternativas.<\/p>\n\n\n\n<figure class=\"wp-block-table\"><table class=\"has-fixed-layout\"><tbody><tr><td><strong>Escenario<\/strong><\/td><td><strong>D<\/strong><\/td><td><strong>s_p<\/strong><\/td><td><strong>\u0394t (h)<\/strong><\/td><td><strong>VOT \u20ac\/h<\/strong><\/td><td><strong>\u0394r (h)<\/strong><\/td><td><strong>VOR \u20ac\/h<\/strong><\/td><td><strong>C_t (M\u20ac)<\/strong><\/td><td><strong>C_r (M\u20ac)<\/strong><\/td><\/tr><tr><td><strong>Escenario A (moderado)<\/strong><strong><\/strong><\/td><td>180<\/td><td>0.25<\/td><td>1.00<\/td><td>20<\/td><td>0.25<\/td><td>20<\/td><td>112.4<\/td><td>37.5<\/td><\/tr><tr><td><strong>Escenario B (tenso)<\/strong><\/td><td>180<\/td><td>0.30<\/td><td>1.50<\/td><td>25<\/td><td>0.40<\/td><td>30<\/td><td>196.8<\/td><td>90.0<\/td><\/tr><tr><td><strong>Escenario C (muy adverso)<\/strong><strong><\/strong><\/td><td>270<\/td><td>0.40<\/td><td>2.00<\/td><td>30<\/td><td>0.60<\/td><td>35<\/td><td>404.8<\/td><td>236.1<\/td><\/tr><\/tbody><\/table><\/figure>\n\n\n\n<p>Interpretaci\u00f3n: C_t monetiza el tiempo adicional en viajes desviados\/degradados; C_r monetiza la p\u00e9rdida de fiabilidad sobre todos los viajes afectados. No incluye costes operativos (buses, personal), compensaciones, ni efectos macroecon\u00f3micos o ambientales.<\/p>\n\n\n\n<p><strong>C\u00f3mo ajustar el modelo con datos reales<\/strong><\/p>\n\n\n\n<p>\u2022 Sustituye V_a por la cifra oficial anual m\u00e1s reciente y p por la cuota real del corredor (por viajeros o por plazas-km).<\/p>\n\n\n\n<p>\u2022 Estima s_p con datos de devoluciones\/cancelaciones y encuestas de sustituci\u00f3n modal.<\/p>\n\n\n\n<p>\u2022 Calcula \u0394t a partir de alternativas implementadas (autob\u00fas + transbordo + esperas).<\/p>\n\n\n\n<p>\u2022 Estima \u0394r con m\u00e9tricas de puntualidad (p. ej., % &gt; 15 min, % &gt; 30 min) y trad\u00facelo a \u2018horas equivalentes\u2019 seg\u00fan literatura de fiabilidad.<\/p>\n\n\n\n<p>\u2022 A\u00f1ade t\u00e9rminos de coste de operaci\u00f3n\/compensaci\u00f3n y externalidades (CO\u2082, siniestralidad) si se requiere una evaluaci\u00f3n socioecon\u00f3mica completa.<\/p>\n\n\n\n<p><\/p>\n","protected":false},"excerpt":{"rendered":"<p>Elaborado por el Departamento de Inteligencia Anal\u00edtica de Inteligenia 1. Introducci\u00f3n La alta velocidad ferroviaria espa\u00f1ola soporta una gran carga de viajeros tanto anual como diaria, siendo una de las redes de ferrocarril de alta velocidad m\u00e1s intensamente utilizadas del mundo. Aqu\u00ed tienes cifras claras y comparables: &nbsp;Tr\u00e1fico de viajeros (carga de pasajeros) &nbsp;Pasajeros anuales [&hellip;]<\/p>\n","protected":false},"author":1,"featured_media":1398,"comment_status":"open","ping_status":"open","sticky":false,"template":"","format":"standard","meta":{"saved_in_kubio":false,"footnotes":""},"categories":[22],"tags":[],"class_list":["post-1397","post","type-post","status-publish","format-standard","has-post-thumbnail","hentry","category-informes-de-inteligencia"],"yoast_head":"<!-- This site is optimized with the Yoast SEO plugin v27.0 - https:\/\/yoast.com\/product\/yoast-seo-wordpress\/ -->\n<title>AN\u00c1LISIS DEL ACCIDENTE FERROVIARIO EN ADAMUZ (C\u00d3RDOBA) - Inteligenia<\/title>\n<meta name=\"robots\" content=\"index, follow, max-snippet:-1, max-image-preview:large, max-video-preview:-1\" \/>\n<link rel=\"canonical\" href=\"https:\/\/www.inteligenia.info\/home\/analisis-del-accidente-ferroviario-en-adamuz-cordoba\/\" \/>\n<meta property=\"og:locale\" content=\"es_ES\" \/>\n<meta property=\"og:type\" content=\"article\" \/>\n<meta property=\"og:title\" content=\"AN\u00c1LISIS DEL ACCIDENTE FERROVIARIO EN ADAMUZ (C\u00d3RDOBA) - Inteligenia\" \/>\n<meta property=\"og:description\" content=\"Elaborado por el Departamento de Inteligencia Anal\u00edtica de Inteligenia 1. Introducci\u00f3n La alta velocidad ferroviaria espa\u00f1ola soporta una gran carga de viajeros tanto anual como diaria, siendo una de las redes de ferrocarril de alta velocidad m\u00e1s intensamente utilizadas del mundo. Aqu\u00ed tienes cifras claras y comparables: &nbsp;Tr\u00e1fico de viajeros (carga de pasajeros) &nbsp;Pasajeros anuales [&hellip;]\" \/>\n<meta property=\"og:url\" content=\"https:\/\/www.inteligenia.info\/home\/analisis-del-accidente-ferroviario-en-adamuz-cordoba\/\" \/>\n<meta property=\"og:site_name\" content=\"Inteligenia\" \/>\n<meta property=\"article:published_time\" content=\"2026-01-27T10:28:56+00:00\" \/>\n<meta property=\"article:modified_time\" content=\"2026-01-27T10:28:57+00:00\" \/>\n<meta property=\"og:image\" content=\"https:\/\/www.inteligenia.info\/wp-content\/uploads\/2026\/01\/ChatGPT-Image-27-ene-2026-11_22_50-1024x683.png\" \/>\n\t<meta property=\"og:image:width\" content=\"1024\" \/>\n\t<meta property=\"og:image:height\" content=\"683\" \/>\n\t<meta property=\"og:image:type\" content=\"image\/png\" \/>\n<meta name=\"author\" content=\"admin\" \/>\n<meta name=\"twitter:card\" content=\"summary_large_image\" \/>\n<meta name=\"twitter:creator\" content=\"@INTELIGENIA_\" \/>\n<meta name=\"twitter:site\" content=\"@INTELIGENIA_\" \/>\n<meta name=\"twitter:label1\" content=\"Escrito por\" \/>\n\t<meta name=\"twitter:data1\" content=\"admin\" \/>\n\t<meta name=\"twitter:label2\" content=\"Tiempo de lectura\" \/>\n\t<meta name=\"twitter:data2\" content=\"15 minutos\" \/>\n<script type=\"application\/ld+json\" class=\"yoast-schema-graph\">{\"@context\":\"https:\/\/schema.org\",\"@graph\":[{\"@type\":\"Article\",\"@id\":\"https:\/\/www.inteligenia.info\/home\/analisis-del-accidente-ferroviario-en-adamuz-cordoba\/#article\",\"isPartOf\":{\"@id\":\"https:\/\/www.inteligenia.info\/home\/analisis-del-accidente-ferroviario-en-adamuz-cordoba\/\"},\"author\":{\"name\":\"admin\",\"@id\":\"https:\/\/www.inteligenia.info\/home\/#\/schema\/person\/1bf90ee63c207f611a224f9c17dbf031\"},\"headline\":\"AN\u00c1LISIS DEL ACCIDENTE FERROVIARIO EN ADAMUZ (C\u00d3RDOBA)\",\"datePublished\":\"2026-01-27T10:28:56+00:00\",\"dateModified\":\"2026-01-27T10:28:57+00:00\",\"mainEntityOfPage\":{\"@id\":\"https:\/\/www.inteligenia.info\/home\/analisis-del-accidente-ferroviario-en-adamuz-cordoba\/\"},\"wordCount\":3230,\"commentCount\":0,\"publisher\":{\"@id\":\"https:\/\/www.inteligenia.info\/home\/#organization\"},\"image\":{\"@id\":\"https:\/\/www.inteligenia.info\/home\/analisis-del-accidente-ferroviario-en-adamuz-cordoba\/#primaryimage\"},\"thumbnailUrl\":\"https:\/\/www.inteligenia.info\/wp-content\/uploads\/2026\/01\/ChatGPT-Image-27-ene-2026-11_22_50.png\",\"articleSection\":[\"Informes de Inteligencia\"],\"inLanguage\":\"es\",\"potentialAction\":[{\"@type\":\"CommentAction\",\"name\":\"Comment\",\"target\":[\"https:\/\/www.inteligenia.info\/home\/analisis-del-accidente-ferroviario-en-adamuz-cordoba\/#respond\"]}]},{\"@type\":\"WebPage\",\"@id\":\"https:\/\/www.inteligenia.info\/home\/analisis-del-accidente-ferroviario-en-adamuz-cordoba\/\",\"url\":\"https:\/\/www.inteligenia.info\/home\/analisis-del-accidente-ferroviario-en-adamuz-cordoba\/\",\"name\":\"AN\u00c1LISIS DEL ACCIDENTE FERROVIARIO EN ADAMUZ (C\u00d3RDOBA) - Inteligenia\",\"isPartOf\":{\"@id\":\"https:\/\/www.inteligenia.info\/home\/#website\"},\"primaryImageOfPage\":{\"@id\":\"https:\/\/www.inteligenia.info\/home\/analisis-del-accidente-ferroviario-en-adamuz-cordoba\/#primaryimage\"},\"image\":{\"@id\":\"https:\/\/www.inteligenia.info\/home\/analisis-del-accidente-ferroviario-en-adamuz-cordoba\/#primaryimage\"},\"thumbnailUrl\":\"https:\/\/www.inteligenia.info\/wp-content\/uploads\/2026\/01\/ChatGPT-Image-27-ene-2026-11_22_50.png\",\"datePublished\":\"2026-01-27T10:28:56+00:00\",\"dateModified\":\"2026-01-27T10:28:57+00:00\",\"breadcrumb\":{\"@id\":\"https:\/\/www.inteligenia.info\/home\/analisis-del-accidente-ferroviario-en-adamuz-cordoba\/#breadcrumb\"},\"inLanguage\":\"es\",\"potentialAction\":[{\"@type\":\"ReadAction\",\"target\":[\"https:\/\/www.inteligenia.info\/home\/analisis-del-accidente-ferroviario-en-adamuz-cordoba\/\"]}]},{\"@type\":\"ImageObject\",\"inLanguage\":\"es\",\"@id\":\"https:\/\/www.inteligenia.info\/home\/analisis-del-accidente-ferroviario-en-adamuz-cordoba\/#primaryimage\",\"url\":\"https:\/\/www.inteligenia.info\/wp-content\/uploads\/2026\/01\/ChatGPT-Image-27-ene-2026-11_22_50.png\",\"contentUrl\":\"https:\/\/www.inteligenia.info\/wp-content\/uploads\/2026\/01\/ChatGPT-Image-27-ene-2026-11_22_50.png\",\"width\":1536,\"height\":1024},{\"@type\":\"BreadcrumbList\",\"@id\":\"https:\/\/www.inteligenia.info\/home\/analisis-del-accidente-ferroviario-en-adamuz-cordoba\/#breadcrumb\",\"itemListElement\":[{\"@type\":\"ListItem\",\"position\":1,\"name\":\"Portada\",\"item\":\"https:\/\/www.inteligenia.info\/home\/\"},{\"@type\":\"ListItem\",\"position\":2,\"name\":\"AN\u00c1LISIS DEL ACCIDENTE FERROVIARIO EN ADAMUZ (C\u00d3RDOBA)\"}]},{\"@type\":\"WebSite\",\"@id\":\"https:\/\/www.inteligenia.info\/home\/#website\",\"url\":\"https:\/\/www.inteligenia.info\/home\/\",\"name\":\"Inteligenia\",\"description\":\"\",\"publisher\":{\"@id\":\"https:\/\/www.inteligenia.info\/home\/#organization\"},\"potentialAction\":[{\"@type\":\"SearchAction\",\"target\":{\"@type\":\"EntryPoint\",\"urlTemplate\":\"https:\/\/www.inteligenia.info\/home\/?s={search_term_string}\"},\"query-input\":{\"@type\":\"PropertyValueSpecification\",\"valueRequired\":true,\"valueName\":\"search_term_string\"}}],\"inLanguage\":\"es\"},{\"@type\":\"Organization\",\"@id\":\"https:\/\/www.inteligenia.info\/home\/#organization\",\"name\":\"Inteligenia\",\"url\":\"https:\/\/www.inteligenia.info\/home\/\",\"logo\":{\"@type\":\"ImageObject\",\"inLanguage\":\"es\",\"@id\":\"https:\/\/www.inteligenia.info\/home\/#\/schema\/logo\/image\/\",\"url\":\"https:\/\/www.inteligenia.info\/wp-content\/uploads\/2024\/06\/transparent_logo-1-e1718047668142.png\",\"contentUrl\":\"https:\/\/www.inteligenia.info\/wp-content\/uploads\/2024\/06\/transparent_logo-1-e1718047668142.png\",\"width\":674,\"height\":141,\"caption\":\"Inteligenia\"},\"image\":{\"@id\":\"https:\/\/www.inteligenia.info\/home\/#\/schema\/logo\/image\/\"},\"sameAs\":[\"https:\/\/x.com\/INTELIGENIA_\",\"https:\/\/www.linkedin.com\/company\/inteligenia\/?viewAsMember=true\"]},{\"@type\":\"Person\",\"@id\":\"https:\/\/www.inteligenia.info\/home\/#\/schema\/person\/1bf90ee63c207f611a224f9c17dbf031\",\"name\":\"admin\",\"image\":{\"@type\":\"ImageObject\",\"inLanguage\":\"es\",\"@id\":\"https:\/\/www.inteligenia.info\/home\/#\/schema\/person\/image\/\",\"url\":\"https:\/\/secure.gravatar.com\/avatar\/ed712be762908ac190eb3beb8cf9efb0dc9c425bd7b69d40ba8746efca2909c6?s=96&d=mm&r=g\",\"contentUrl\":\"https:\/\/secure.gravatar.com\/avatar\/ed712be762908ac190eb3beb8cf9efb0dc9c425bd7b69d40ba8746efca2909c6?s=96&d=mm&r=g\",\"caption\":\"admin\"},\"sameAs\":[\"http:\/\/www.inteligenia.info\"],\"url\":\"https:\/\/www.inteligenia.info\/home\/author\/admin\/\"}]}<\/script>\n<!-- \/ Yoast SEO plugin. -->","yoast_head_json":{"title":"AN\u00c1LISIS DEL ACCIDENTE FERROVIARIO EN ADAMUZ (C\u00d3RDOBA) - Inteligenia","robots":{"index":"index","follow":"follow","max-snippet":"max-snippet:-1","max-image-preview":"max-image-preview:large","max-video-preview":"max-video-preview:-1"},"canonical":"https:\/\/www.inteligenia.info\/home\/analisis-del-accidente-ferroviario-en-adamuz-cordoba\/","og_locale":"es_ES","og_type":"article","og_title":"AN\u00c1LISIS DEL ACCIDENTE FERROVIARIO EN ADAMUZ (C\u00d3RDOBA) - Inteligenia","og_description":"Elaborado por el Departamento de Inteligencia Anal\u00edtica de Inteligenia 1. Introducci\u00f3n La alta velocidad ferroviaria espa\u00f1ola soporta una gran carga de viajeros tanto anual como diaria, siendo una de las redes de ferrocarril de alta velocidad m\u00e1s intensamente utilizadas del mundo. Aqu\u00ed tienes cifras claras y comparables: &nbsp;Tr\u00e1fico de viajeros (carga de pasajeros) &nbsp;Pasajeros anuales [&hellip;]","og_url":"https:\/\/www.inteligenia.info\/home\/analisis-del-accidente-ferroviario-en-adamuz-cordoba\/","og_site_name":"Inteligenia","article_published_time":"2026-01-27T10:28:56+00:00","article_modified_time":"2026-01-27T10:28:57+00:00","og_image":[{"width":1024,"height":683,"url":"https:\/\/www.inteligenia.info\/wp-content\/uploads\/2026\/01\/ChatGPT-Image-27-ene-2026-11_22_50-1024x683.png","type":"image\/png"}],"author":"admin","twitter_card":"summary_large_image","twitter_creator":"@INTELIGENIA_","twitter_site":"@INTELIGENIA_","twitter_misc":{"Escrito por":"admin","Tiempo de lectura":"15 minutos"},"schema":{"@context":"https:\/\/schema.org","@graph":[{"@type":"Article","@id":"https:\/\/www.inteligenia.info\/home\/analisis-del-accidente-ferroviario-en-adamuz-cordoba\/#article","isPartOf":{"@id":"https:\/\/www.inteligenia.info\/home\/analisis-del-accidente-ferroviario-en-adamuz-cordoba\/"},"author":{"name":"admin","@id":"https:\/\/www.inteligenia.info\/home\/#\/schema\/person\/1bf90ee63c207f611a224f9c17dbf031"},"headline":"AN\u00c1LISIS DEL ACCIDENTE FERROVIARIO EN ADAMUZ (C\u00d3RDOBA)","datePublished":"2026-01-27T10:28:56+00:00","dateModified":"2026-01-27T10:28:57+00:00","mainEntityOfPage":{"@id":"https:\/\/www.inteligenia.info\/home\/analisis-del-accidente-ferroviario-en-adamuz-cordoba\/"},"wordCount":3230,"commentCount":0,"publisher":{"@id":"https:\/\/www.inteligenia.info\/home\/#organization"},"image":{"@id":"https:\/\/www.inteligenia.info\/home\/analisis-del-accidente-ferroviario-en-adamuz-cordoba\/#primaryimage"},"thumbnailUrl":"https:\/\/www.inteligenia.info\/wp-content\/uploads\/2026\/01\/ChatGPT-Image-27-ene-2026-11_22_50.png","articleSection":["Informes de Inteligencia"],"inLanguage":"es","potentialAction":[{"@type":"CommentAction","name":"Comment","target":["https:\/\/www.inteligenia.info\/home\/analisis-del-accidente-ferroviario-en-adamuz-cordoba\/#respond"]}]},{"@type":"WebPage","@id":"https:\/\/www.inteligenia.info\/home\/analisis-del-accidente-ferroviario-en-adamuz-cordoba\/","url":"https:\/\/www.inteligenia.info\/home\/analisis-del-accidente-ferroviario-en-adamuz-cordoba\/","name":"AN\u00c1LISIS DEL ACCIDENTE FERROVIARIO EN ADAMUZ (C\u00d3RDOBA) - Inteligenia","isPartOf":{"@id":"https:\/\/www.inteligenia.info\/home\/#website"},"primaryImageOfPage":{"@id":"https:\/\/www.inteligenia.info\/home\/analisis-del-accidente-ferroviario-en-adamuz-cordoba\/#primaryimage"},"image":{"@id":"https:\/\/www.inteligenia.info\/home\/analisis-del-accidente-ferroviario-en-adamuz-cordoba\/#primaryimage"},"thumbnailUrl":"https:\/\/www.inteligenia.info\/wp-content\/uploads\/2026\/01\/ChatGPT-Image-27-ene-2026-11_22_50.png","datePublished":"2026-01-27T10:28:56+00:00","dateModified":"2026-01-27T10:28:57+00:00","breadcrumb":{"@id":"https:\/\/www.inteligenia.info\/home\/analisis-del-accidente-ferroviario-en-adamuz-cordoba\/#breadcrumb"},"inLanguage":"es","potentialAction":[{"@type":"ReadAction","target":["https:\/\/www.inteligenia.info\/home\/analisis-del-accidente-ferroviario-en-adamuz-cordoba\/"]}]},{"@type":"ImageObject","inLanguage":"es","@id":"https:\/\/www.inteligenia.info\/home\/analisis-del-accidente-ferroviario-en-adamuz-cordoba\/#primaryimage","url":"https:\/\/www.inteligenia.info\/wp-content\/uploads\/2026\/01\/ChatGPT-Image-27-ene-2026-11_22_50.png","contentUrl":"https:\/\/www.inteligenia.info\/wp-content\/uploads\/2026\/01\/ChatGPT-Image-27-ene-2026-11_22_50.png","width":1536,"height":1024},{"@type":"BreadcrumbList","@id":"https:\/\/www.inteligenia.info\/home\/analisis-del-accidente-ferroviario-en-adamuz-cordoba\/#breadcrumb","itemListElement":[{"@type":"ListItem","position":1,"name":"Portada","item":"https:\/\/www.inteligenia.info\/home\/"},{"@type":"ListItem","position":2,"name":"AN\u00c1LISIS DEL ACCIDENTE FERROVIARIO EN ADAMUZ (C\u00d3RDOBA)"}]},{"@type":"WebSite","@id":"https:\/\/www.inteligenia.info\/home\/#website","url":"https:\/\/www.inteligenia.info\/home\/","name":"Inteligenia","description":"","publisher":{"@id":"https:\/\/www.inteligenia.info\/home\/#organization"},"potentialAction":[{"@type":"SearchAction","target":{"@type":"EntryPoint","urlTemplate":"https:\/\/www.inteligenia.info\/home\/?s={search_term_string}"},"query-input":{"@type":"PropertyValueSpecification","valueRequired":true,"valueName":"search_term_string"}}],"inLanguage":"es"},{"@type":"Organization","@id":"https:\/\/www.inteligenia.info\/home\/#organization","name":"Inteligenia","url":"https:\/\/www.inteligenia.info\/home\/","logo":{"@type":"ImageObject","inLanguage":"es","@id":"https:\/\/www.inteligenia.info\/home\/#\/schema\/logo\/image\/","url":"https:\/\/www.inteligenia.info\/wp-content\/uploads\/2024\/06\/transparent_logo-1-e1718047668142.png","contentUrl":"https:\/\/www.inteligenia.info\/wp-content\/uploads\/2024\/06\/transparent_logo-1-e1718047668142.png","width":674,"height":141,"caption":"Inteligenia"},"image":{"@id":"https:\/\/www.inteligenia.info\/home\/#\/schema\/logo\/image\/"},"sameAs":["https:\/\/x.com\/INTELIGENIA_","https:\/\/www.linkedin.com\/company\/inteligenia\/?viewAsMember=true"]},{"@type":"Person","@id":"https:\/\/www.inteligenia.info\/home\/#\/schema\/person\/1bf90ee63c207f611a224f9c17dbf031","name":"admin","image":{"@type":"ImageObject","inLanguage":"es","@id":"https:\/\/www.inteligenia.info\/home\/#\/schema\/person\/image\/","url":"https:\/\/secure.gravatar.com\/avatar\/ed712be762908ac190eb3beb8cf9efb0dc9c425bd7b69d40ba8746efca2909c6?s=96&d=mm&r=g","contentUrl":"https:\/\/secure.gravatar.com\/avatar\/ed712be762908ac190eb3beb8cf9efb0dc9c425bd7b69d40ba8746efca2909c6?s=96&d=mm&r=g","caption":"admin"},"sameAs":["http:\/\/www.inteligenia.info"],"url":"https:\/\/www.inteligenia.info\/home\/author\/admin\/"}]}},"_links":{"self":[{"href":"https:\/\/www.inteligenia.info\/home\/wp-json\/wp\/v2\/posts\/1397","targetHints":{"allow":["GET"]}}],"collection":[{"href":"https:\/\/www.inteligenia.info\/home\/wp-json\/wp\/v2\/posts"}],"about":[{"href":"https:\/\/www.inteligenia.info\/home\/wp-json\/wp\/v2\/types\/post"}],"author":[{"embeddable":true,"href":"https:\/\/www.inteligenia.info\/home\/wp-json\/wp\/v2\/users\/1"}],"replies":[{"embeddable":true,"href":"https:\/\/www.inteligenia.info\/home\/wp-json\/wp\/v2\/comments?post=1397"}],"version-history":[{"count":1,"href":"https:\/\/www.inteligenia.info\/home\/wp-json\/wp\/v2\/posts\/1397\/revisions"}],"predecessor-version":[{"id":1399,"href":"https:\/\/www.inteligenia.info\/home\/wp-json\/wp\/v2\/posts\/1397\/revisions\/1399"}],"wp:featuredmedia":[{"embeddable":true,"href":"https:\/\/www.inteligenia.info\/home\/wp-json\/wp\/v2\/media\/1398"}],"wp:attachment":[{"href":"https:\/\/www.inteligenia.info\/home\/wp-json\/wp\/v2\/media?parent=1397"}],"wp:term":[{"taxonomy":"category","embeddable":true,"href":"https:\/\/www.inteligenia.info\/home\/wp-json\/wp\/v2\/categories?post=1397"},{"taxonomy":"post_tag","embeddable":true,"href":"https:\/\/www.inteligenia.info\/home\/wp-json\/wp\/v2\/tags?post=1397"}],"curies":[{"name":"wp","href":"https:\/\/api.w.org\/{rel}","templated":true}]}}