{"id":1417,"date":"2026-02-18T12:33:29","date_gmt":"2026-02-18T12:33:29","guid":{"rendered":"https:\/\/www.inteligenia.info\/?p=1417"},"modified":"2026-02-18T12:33:30","modified_gmt":"2026-02-18T12:33:30","slug":"del-orden-internacional-basado-en-reglas-a-la-postdemocracia","status":"publish","type":"post","link":"https:\/\/www.inteligenia.info\/home\/del-orden-internacional-basado-en-reglas-a-la-postdemocracia\/","title":{"rendered":"Del orden internacional basado en reglas a la postdemocracia"},"content":{"rendered":"\n<p>Elaborado por el Departamento de Inteligencia Anal\u00edtica de Inteligenia<\/p>\n\n\n\n<p>Febrero 2026<\/p>\n\n\n\n<p><strong>Del orden internacional basado en reglas a la postdemocracia<\/strong><\/p>\n\n\n\n<p><em>Transformaciones sist\u00e9micas, reconfiguraci\u00f3n del poder<\/em><\/p>\n\n\n\n<p><strong>Resumen<\/strong><\/p>\n\n\n\n<p>Este trabajo analiza, desde una perspectiva sist\u00e9mica y comparada, la relaci\u00f3n entre la crisis del orden internacional basado en reglas y la consolidaci\u00f3n de din\u00e1micas postdemocr\u00e1ticas en democracias contempor\u00e1neas. Se argumenta que la erosi\u00f3n del orden liberal internacional genera incentivos estructurales que favorecen:<\/p>\n\n\n\n<ul class=\"wp-block-list\">\n<li>la concentraci\u00f3n del poder ejecutivo y la normalizaci\u00f3n de la excepci\u00f3n;<\/li>\n\n\n\n<li>la securitizaci\u00f3n de agendas p\u00fablicas (econom\u00eda, migraciones, tecnolog\u00eda, salud);<\/li>\n\n\n\n<li>la tecnocratizaci\u00f3n y externalizaci\u00f3n de la decisi\u00f3n<\/li>\n\n\n\n<li>la penetraci\u00f3n de actores corporativos estrat\u00e9gicos en la definici\u00f3n de pol\u00edticas de seguridad, industrializaci\u00f3n y gobernanza de datos. A partir de un marco te\u00f3rico integrado (orden liberal internacional, securitizaci\u00f3n, postdemocracia, captura y delegaci\u00f3n) y de evidencia cuantitativa orientativa (V-Dem, Banco Mundial, SIPRI, OCDE) complementada con estudios de caso (Estados Unidos, Uni\u00f3n Europea, Hungr\u00eda, Polonia, Brasil y M\u00e9xico), se muestra que el resultado predominante no es el colapso institucional abierto, sino la persistencia de formas electorales con erosi\u00f3n sustantiva de la igualdad pol\u00edtica y del control ciudadano: la postdemocracia como modo de adaptaci\u00f3n bajo condiciones de rivalidad geopol\u00edtica y econom\u00eda de seguridad.<\/li>\n<\/ul>\n\n\n\n<p>La crisis del orden internacional basado en reglas no es un \u2018desorden\u2019 coyuntural, sino una reconfiguraci\u00f3n profunda de la relaci\u00f3n entre poder, legitimidad y normas. En ese contexto, la postdemocracia emerge como una forma dominante de adaptaci\u00f3n: preserva rituales electorales e instituciones formales, pero desplaza el n\u00facleo decisional hacia esferas ejecutivas, tecnocr\u00e1ticas y corporativas, mientras la ciudadan\u00eda pierde capacidad real de incidencia en decisiones estrat\u00e9gicas. El desaf\u00edo contempor\u00e1neo no es \u00fanicamente evitar el autoritarismo abierto, sino reconstruir mecanismos efectivos de control democr\u00e1tico bajo condiciones de securitizaci\u00f3n, interdependencia tecnol\u00f3gica y competencia geopol\u00edtica.<\/p>\n\n\n\n<p><strong>Palabras clave<\/strong><\/p>\n\n\n\n<p>Orden internacional; crisis del multilateralismo; securitizaci\u00f3n; postdemocracia; tecnocracia; captura corporativa; autocratizaci\u00f3n electoral.<\/p>\n\n\n\n<ol class=\"wp-block-list\">\n<li><strong>INTRODUCCI\u00d3N<\/strong><\/li>\n<\/ol>\n\n\n\n<p>El orden internacional construido tras 1945 se configur\u00f3 como una combinaci\u00f3n singular de hegemon\u00eda estadounidense, instituciones multilaterales y normas compartidas destinadas a limitar parcialmente la arbitrariedad estatal en materia de seguridad, comercio y derechos humanos. Sobre ese entramado se asentaron procesos de apertura econ\u00f3mica, expansi\u00f3n del capitalismo global y difusi\u00f3n de democracias electorales. No obstante, desde comienzos del siglo XXI \u2014y con mayor intensidad tras la crisis financiera de 2008, las guerras pos-11S, la anexi\u00f3n rusa de Crimea, la pandemia de Covid-19 y las guerras en Ucrania y Gaza\u2014 ese orden ha entrado en una fase de contestaci\u00f3n y reconfiguraci\u00f3n estructural.<\/p>\n\n\n\n<p>Este art\u00edculo sostiene que la crisis del orden basado en reglas no constituye un fen\u00f3meno ex\u00f3geno al \u00e1mbito dom\u00e9stico. Por el contrario, opera como variable sist\u00e9mica que reordena incentivos internos: eleva el peso de la seguridad en la agenda, intensifica la competencia tecnol\u00f3gica y econ\u00f3mica, y refuerza coaliciones entre ejecutivos estatales y actores corporativos capaces de controlar infraestructuras cr\u00edticas. En consecuencia, se acelera una mutaci\u00f3n institucional de baja intensidad: subsisten elecciones y formalidades constitucionales, pero el n\u00facleo decisional se desplaza hacia esferas ejecutivas, tecnocr\u00e1ticas y corporativas, erosionando la capacidad ciudadana de incidencia sustantiva. Esta forma de adaptaci\u00f3n puede describirse como postdemocracia.<\/p>\n\n\n\n<p><strong> 1.1 Pregunta de investigaci\u00f3n y aportaci\u00f3n<\/strong><\/p>\n\n\n\n<ol class=\"wp-block-list\"><\/ol>\n\n\n\n<p>La pregunta central es: \u00bfde qu\u00e9 manera la transformaci\u00f3n del entorno internacional \u2014en particular la crisis del orden basado en reglas y la transici\u00f3n hacia una econom\u00eda de seguridad\u2014 contribuye a la consolidaci\u00f3n de din\u00e1micas postdemocr\u00e1ticas en democracias contempor\u00e1neas? La contribuci\u00f3n del trabajo es triple:<\/p>\n\n\n\n<ul class=\"wp-block-list\">\n<li>integra literaturas frecuentemente tratadas por separado (orden internacional, securitizaci\u00f3n y calidad democr\u00e1tica)<\/li>\n\n\n\n<li>propone mecanismos causales claros que conectan cambios sist\u00e9micos con transformaciones dom\u00e9sticas<\/li>\n\n\n\n<li>ofrece evidencia comparada orientativa que ilustra convergencias y variaciones regionales.<\/li>\n<\/ul>\n\n\n\n<p><strong>2. MARCO TE\u00d3RICO<\/strong><\/p>\n\n\n\n<p><strong>2.1. El orden internacional basado en reglas: hegemon\u00eda, instituciones y contestaci\u00f3n<\/strong><\/p>\n\n\n\n<p>El orden liberal internacional puede conceptualizarse como un entramado de instituciones, normas y pr\u00e1cticas que buscaba combinar apertura econ\u00f3mica relativa, seguridad cooperativa y difusi\u00f3n de est\u00e1ndares liberales, dentro de una jerarqu\u00eda centrada en Estados Unidos y sus aliados. Sus pilares incluyeron: (a) densidad institucional (ONU, FMI, Banco Mundial, OMC, OTAN, UE), (b) liberalizaci\u00f3n comercial y financiera que habilit\u00f3 una fase de hiperglobalizaci\u00f3n, y (c) legitimidad ideol\u00f3gica apoyada en el discurso de derechos humanos y democracia liberal, aunque aplicada de forma selectiva.<\/p>\n\n\n\n<p>La contestaci\u00f3n reciente se expresa en la proliferaci\u00f3n de sanciones econ\u00f3micas, la par\u00e1lisis de mecanismos de resoluci\u00f3n de disputas comerciales, la fragmentaci\u00f3n en bloques geoecon\u00f3micos y la reindustrializaci\u00f3n estrat\u00e9gica con subsidios competitivos. En t\u00e9rminos sist\u00e9micos, el resultado es una menor institucionalizaci\u00f3n efectiva y una mayor securitizaci\u00f3n de la econom\u00eda, en la que comercio, inversi\u00f3n, tecnolog\u00eda y energ\u00eda se tratan como activos estrat\u00e9gicos.<\/p>\n\n\n\n<p><strong>2.2. Postdemocracia: forma electoral y vaciamiento sustantivo<\/strong><\/p>\n\n\n\n<p>La noci\u00f3n de postdemocracia describe reg\u00edmenes en los que las elecciones subsisten, pero la igualdad pol\u00edtica y la deliberaci\u00f3n se erosionan debido al desplazamiento del poder hacia \u00e9lites econ\u00f3micas, tecnocr\u00e1ticas y medi\u00e1ticas. No se trata de un autoritarismo cl\u00e1sico que elimina elecciones, sino de una transformaci\u00f3n gradual: la pol\u00edtica se convierte crecientemente en competencia comunicacional; la ciudadan\u00eda participa de manera intermitente; y decisiones sustantivas se toman en espacios opacos o de baja trazabilidad.<\/p>\n\n\n\n<p>En di\u00e1logo con conceptos afines (democracia delegativa, contrademocracia, reg\u00edmenes h\u00edbridos y autocratizaci\u00f3n electoral), aqu\u00ed se define postdemocracia como la coexistencia de procedimientos formales (comicios competitivos, libertades civiles nominales, separaci\u00f3n de poderes) con una erosi\u00f3n persistente del control ciudadano sobre decisiones estrat\u00e9gicas: presupuestos de seguridad, pol\u00edticas industriales, regulaci\u00f3n tecnol\u00f3gica, gesti\u00f3n de crisis y distribuci\u00f3n de costos sociales.<\/p>\n\n\n\n<p><strong>2.3. Articulaci\u00f3n te\u00f3rica: del cambio sist\u00e9mico a la reconfiguraci\u00f3n dom\u00e9stica<\/strong><\/p>\n\n\n\n<p>El v\u00ednculo entre orden internacional y r\u00e9gimen pol\u00edtico dom\u00e9stico se entiende mediante una l\u00f3gica de incentivos. Cuando el entorno internacional incrementa la rivalidad y la incertidumbre, los gobiernos enfrentan presiones para responder con rapidez, garantizar resiliencia econ\u00f3mica y sostener capacidades de seguridad. Este conjunto de presiones favorece arreglos institucionales que privilegian ejecutivos, burocracias especializadas y coaliciones p\u00fablico-privadas en sectores estrat\u00e9gicos, desplazando controles parlamentarios y reduciendo la transparencia.<\/p>\n\n\n\n<p><strong>2.4. Hip\u00f3tesis y expectativas<\/strong><\/p>\n\n\n\n<p>H1 (Securitizaci\u00f3n): A mayor securitizaci\u00f3n del entorno internacional, mayor probabilidad de expansi\u00f3n del poder ejecutivo y normalizaci\u00f3n de medidas excepcionales.<\/p>\n\n\n\n<p>H2 (Econom\u00eda de seguridad): La politizaci\u00f3n estrat\u00e9gica de tecnolog\u00eda, energ\u00eda y cadenas de valor incrementa la captura corporativa y la opacidad en pol\u00edticas industriales y de defensa.<\/p>\n\n\n\n<p>H3 (Desigualdad e influencia): La persistencia de desigualdad socioecon\u00f3mica amplifica asimetr\u00edas de influencia (financiaci\u00f3n, lobby, think tanks) y acelera la desafecci\u00f3n ciudadana.<\/p>\n\n\n\n<p>H4 (Erosi\u00f3n liberal incremental): El resultado predominante ser\u00e1 una degradaci\u00f3n gradual de la democracia liberal (no necesariamente colapso), observable en \u00edndices de calidad democr\u00e1tica.<\/p>\n\n\n\n<p><strong>3. DISE\u00d1O DE INVESTIGACI\u00d3N Y METODOLOG\u00cdA<\/strong><\/p>\n\n\n\n<p>El trabajo combina un enfoque te\u00f3rico-comparado con evidencia cuantitativa orientativa para el periodo 2010\u20132023 y estudios de caso. El objetivo no es estimar relaciones causales de forma exhaustiva, sino identificar mecanismos plausibles y patrones convergentes.<\/p>\n\n\n\n<p><strong>3.1. Estrategia comparada y selecci\u00f3n de casos<\/strong><\/p>\n\n\n\n<p>Se seleccionan casos que representan variaci\u00f3n en nivel de desarrollo, arquitectura institucional y grado de contestaci\u00f3n del Estado de derecho: Estados Unidos y Uni\u00f3n Europea como democracias consolidadas y centros del orden liberal; Hungr\u00eda y Polonia como ejemplos de erosi\u00f3n liberal desde dentro; y Brasil y M\u00e9xico como democracias con alta desigualdad y presiones de seguridad interna. Esta combinaci\u00f3n permite comparar trayectorias postdemocr\u00e1ticas bajo distintas configuraciones estatales.<\/p>\n\n\n\n<p><strong>3.2. Indicadores y fuentes (orientativos)<\/strong><\/p>\n\n\n\n<ul class=\"wp-block-list\">\n<li>Calidad democr\u00e1tica: \u00cdndice de Democracia Liberal (V-Dem).<\/li>\n\n\n\n<li>Desigualdad: coeficiente de Gini (Banco Mundial u organismos equivalentes).<\/li>\n\n\n\n<li>Securitizaci\u00f3n material: gasto militar (% del PIB) y tendencias globales (SIPRI).<\/li>\n\n\n\n<li>Se\u00f1ales de reconfiguraci\u00f3n econ\u00f3mica: comercio mundial (% PIB), sanciones activas y estatus del sistema OMC (indicadores descriptivos).<\/li>\n<\/ul>\n\n\n\n<p>Dado que las fuentes difieren en cobertura y metodolog\u00eda, los valores se utilizan como aproximaciones para detectar tendencias, no como estimaciones definitivas. La interpretaci\u00f3n se apoya en triangulaci\u00f3n con evidencia cualitativa y literatura especializada.<\/p>\n\n\n\n<p><strong>4. TRANSFORMACIONES ESTRUCTURALES DEL SISTEMA INTERNACIONAL (2010\u20132023)<\/strong><\/p>\n\n\n\n<p><strong>4.1. Indicadores globales de cambio sist\u00e9mico<\/strong><\/p>\n\n\n\n<figure class=\"wp-block-table\"><table class=\"has-fixed-layout\"><tbody><tr><td><strong>Indicador<\/strong><\/td><td><strong>2023<\/strong><\/td><td><strong>2024<\/strong><\/td><td><strong>2025<\/strong><\/td><td><strong>Nota \/ tendencia<\/strong><\/td><\/tr><tr><td><strong>Comercio mundial (% del PIB global)<\/strong><strong><\/strong><\/td><td>n\/d (serie hasta 2024)<\/td><td>n\/d<\/td><td>n\/d<\/td><td>Consultar WDI (NE.TRD.GNFS.ZS)<\/td><\/tr><tr><td><strong>Gasto militar mundial (% del PIB global)<\/strong><\/td><td>n\/d<\/td><td>2,5%<\/td><td>n\/d<\/td><td>Burden global 2024 (SIPRI)<\/td><\/tr><tr><td><strong>Sanciones econ\u00f3micas activas (aprox.)<\/strong><strong><\/strong><\/td><td>n\/d<\/td><td>n\/d<\/td><td>n\/d<\/td><td>Indicador no homog\u00e9neo; requiere fuente espec\u00edfica<\/td><\/tr><tr><td><strong>Resoluci\u00f3n de disputas OMC<\/strong><\/td><td>\u00d3rgano de apelaci\u00f3n paralizado<\/td><td>\u00d3rgano de apelaci\u00f3n paralizado<\/td><td>\u00d3rgano de apelaci\u00f3n paralizado<\/td><td>Bloqueo persistente desde 2019<\/td><\/tr><\/tbody><\/table><\/figure>\n\n\n\n<p>Interpretaci\u00f3n: la convergencia de rivalidad geopol\u00edtica, instrumentalizaci\u00f3n de interdependencias y debilitamiento del multilateralismo sugiere una transici\u00f3n hacia una configuraci\u00f3n de \u2018econom\u00eda de seguridad\u2019, donde la gobernanza internacional pierde capacidad de constricci\u00f3n y la pol\u00edtica dom\u00e9stica se reorienta a resiliencia, control y excepci\u00f3n.<\/p>\n\n\n\n<p><strong>4.2. Fragmentaci\u00f3n, friendshoring y pol\u00edticas industriales<\/strong><\/p>\n\n\n\n<p>El desplazamiento desde la hiperglobalizaci\u00f3n hacia estrategias de regionalizaci\u00f3n y friendshoring introduce un cambio cualitativo: los Estados reactivan pol\u00edticas industriales y controles tecnol\u00f3gicos en nombre de la seguridad nacional. Esto refuerza la centralidad de acuerdos p\u00fablico-privados y compras estatales de largo plazo, y aumenta el peso de sectores estrat\u00e9gicos (defensa, semiconductores, energ\u00eda, datos) en la configuraci\u00f3n del poder dom\u00e9stico.<\/p>\n\n\n\n<p><strong>5. MECANISMOS CAUSALES: C\u00d3MO EL CAMBIO SIST\u00c9MICO PRODUCE DIN\u00c1MICA POSTDEMOCR\u00c1TICA<\/strong><\/p>\n\n\n\n<p><strong>5.1. Securitizaci\u00f3n \u2192 expansi\u00f3n ejecutiva y excepci\u00f3n normalizada<\/strong><\/p>\n\n\n\n<p>Cuando problemas p\u00fablicos se enmarcan como amenazas existenciales (terrorismo, migraciones, pandemias, ciberseguridad, coerci\u00f3n econ\u00f3mica), se reduce el espacio para la deliberaci\u00f3n y se legitima la decisi\u00f3n r\u00e1pida. Ello facilita delegaci\u00f3n amplia en el ejecutivo, legislaci\u00f3n acelerada, estados de emergencia prolongados y fortalecimiento de aparatos de seguridad e inteligencia, generalmente bajo condiciones de opacidad y baja rendici\u00f3n de cuentas.<\/p>\n\n\n\n<p><strong>5.2. Econom\u00eda estrat\u00e9gica \u2192 captura corporativa y gobernanza opaca<\/strong><\/p>\n\n\n\n<p>La competencia geoecon\u00f3mica convierte a un n\u00famero reducido de conglomerados en socios indispensables del Estado para proyectar poder y asegurar resiliencia. La dependencia de infraestructuras cr\u00edticas (nubes, sat\u00e9lites, plataformas digitales, cables submarinos) incrementa la capacidad de negociaci\u00f3n corporativa. Las \u2018puertas giratorias\u2019, el lobby especializado y los contratos complejos de defensa y tecnolog\u00eda producen una gobernanza donde la soberan\u00eda efectiva se negocia en foros opacos, debilitando la trazabilidad democr\u00e1tica.<\/p>\n\n\n\n<p><strong>5.3. Desigualdad \u2192 asimetr\u00edas de influencia y crisis de representaci\u00f3n<\/strong><\/p>\n\n\n\n<p>La persistencia de desigualdad socioecon\u00f3mica ampl\u00eda la brecha entre igualdad jur\u00eddica y capacidad real de influencia. El acceso diferencial a financiaci\u00f3n electoral, medios, redes de lobby y producci\u00f3n de ideas (think tanks) reconfigura agendas p\u00fablicas. Paralelamente, la percepci\u00f3n de falta de respuesta institucional alimenta abstenci\u00f3n, desconfianza y apoyo a alternativas antisistema, lo que a su vez refuerza din\u00e1micas de polarizaci\u00f3n y decisi\u00f3n plebiscitaria.<\/p>\n\n\n\n<p><strong>5.4. Mediaci\u00f3n digital \u2192 polarizaci\u00f3n afectiva y debilitamiento deliberative<\/strong><\/p>\n\n\n\n<p>La esfera p\u00fablica digital intensifica incentivos para la pol\u00edtica performativa: mensajes breves, identidades antagonistas y campa\u00f1as basadas en movilizaci\u00f3n afectiva. Esto reduce el espacio para compromisos program\u00e1ticos, facilita la desinformaci\u00f3n y desplaza conflictos hacia tribunales, agencias y plataformas, en detrimento de mecanismos deliberativos tradicionales.<\/p>\n\n\n\n<p><strong>6. EVIDENCIA COMPARADA Y ESTUDIOS DE CASO<\/strong><\/p>\n\n\n\n<p><strong>6.1. Estados Unidos: hiperpolarizaci\u00f3n, dinero pol\u00edtico y gobierno por excepci\u00f3n<\/strong><\/p>\n\n\n\n<figure class=\"wp-block-table\"><table class=\"has-fixed-layout\"><tbody><tr><td><strong>Indicador<\/strong><\/td><td><strong>2023<\/strong><\/td><td><strong>2024<\/strong><\/td><td><strong>2025<\/strong><\/td><td><strong>Fuente \/ nota<\/strong><\/td><\/tr><tr><td><strong>Gasto militar (% PIB)<\/strong><strong><\/strong><\/td><td>3,4%<\/td><td>n\/d<\/td><td>n\/d<\/td><td>SIPRI\/WDI (\u00faltimo dato usado en el texto)<\/td><\/tr><tr><td><strong>Coeficiente Gini<\/strong><\/td><td>41,8<\/td><td>41,8<\/td><td>n\/d<\/td><td>WDI (SI.POV.GINI)<\/td><\/tr><tr><td><strong>\u00cdndice Democracia Liberal (LDI, V-Dem)<\/strong><strong><\/strong><\/td><td>0,771<\/td><td>0,748<\/td><td>n\/d<\/td><td>V-Dem (v15, 2025)<\/td><\/tr><tr><td><strong>Donaciones &gt; 1M USD (campa\u00f1as federales)<\/strong><\/td><td>Muy alta<\/td><td>Muy alta<\/td><td>Muy alta<\/td><td>Indicador cualitativo (mantiene escala del texto)<\/td><\/tr><\/tbody><\/table><\/figure>\n\n\n\n<p>La combinaci\u00f3n de polarizaci\u00f3n extrema, financiaci\u00f3n privada intensiva y uso creciente de instrumentos ejecutivos desplaza el centro de gravedad pol\u00edtico desde el legislativo hacia el ejecutivo y el poder judicial. La instrumentalizaci\u00f3n de sanciones, controles tecnol\u00f3gicos y pol\u00edticas industriales refuerza coaliciones entre burocracias, complejos industriales y actores corporativos, consolidando una din\u00e1mica compatible con la postdemocracia: procedimientos electorales vigentes pero deliberaci\u00f3n debilitada y agenda condicionada por minor\u00edas intensas.<\/p>\n\n\n\n<p><strong>6.2. Uni\u00f3n Europea: tecnocratizaci\u00f3n bajo crisis permanentes<\/strong><\/p>\n\n\n\n<figure class=\"wp-block-table\"><table class=\"has-fixed-layout\"><tbody><tr><td><strong>Indicador<\/strong><\/td><td><strong>2023<\/strong><\/td><td><strong>2024<\/strong><\/td><td><strong>2025<\/strong><\/td><td><strong>Nota<\/strong><\/td><\/tr><tr><td><strong>Gasto militar promedio (% PIB)<\/strong><strong><\/strong><\/td><td>1,6%<\/td><td>n\/d<\/td><td>n\/d<\/td><td>Promedio indicativo; actualizar con SIPRI\/WDI por pa\u00eds<\/td><\/tr><tr><td><strong>\u00cdndice Democracia Liberal (promedio UE)<\/strong><\/td><td>n\/d<\/td><td>0,704<\/td><td>n\/d<\/td><td>Promedio UE 2024 (V-Dem)<\/td><\/tr><tr><td><strong>Deuda p\u00fablica promedio (% PIB)<\/strong><strong><\/strong><\/td><td>n\/d<\/td><td>n\/d<\/td><td>n\/d<\/td><td>Requiere fuente (Eurostat\/AMECO)<\/td><\/tr><tr><td><strong>Participaci\u00f3n electoral Parlamento Europeo<\/strong><\/td><td>n\/d<\/td><td>n\/d<\/td><td>n\/d<\/td><td>Elecciones 2024: usar datos oficiales del PE<\/td><\/tr><\/tbody><\/table><\/figure>\n\n\n\n<p>La gesti\u00f3n de crisis (eurozona, migraci\u00f3n, pandemia, guerra en Ucrania) ha reforzado mecanismos de decisi\u00f3n tecnocr\u00e1ticos y negociaciones intergubernamentales complejas, de baja visibilidad para la ciudadan\u00eda. Aunque se observan mejoras en participaci\u00f3n electoral y nuevas capacidades fiscales extraordinarias, la trazabilidad democr\u00e1tica contin\u00faa limitada por la arquitectura multinivel, facilitando una postdemocracia de baja intensidad donde \u00f3rganos t\u00e9cnicos y ejecutivos dominan decisiones estrat\u00e9gicas.<\/p>\n\n\n\n<p><strong>6.3. Hungr\u00eda y Polonia: erosi\u00f3n liberal con cobertura electoral<\/strong><\/p>\n\n\n\n<figure class=\"wp-block-table\"><table class=\"has-fixed-layout\"><tbody><tr><td><strong>Pa\u00eds<\/strong><\/td><td><strong>Indicador<\/strong><\/td><td><strong>2023<\/strong><\/td><td><strong>2024<\/strong><\/td><td><strong>2025<\/strong><\/td><\/tr><tr><td><strong>Hungr\u00eda<\/strong><strong><\/strong><\/td><td>\u00cdndice Democracia Liberal (LDI)<\/td><td>0,323<\/td><td>0,318<\/td><td>n\/d<\/td><\/tr><tr><td><strong>Hungr\u00eda<\/strong><\/td><td>Gasto militar (% PIB)<\/td><td>n\/d<\/td><td>n\/d<\/td><td>n\/d<\/td><\/tr><tr><td><strong>Hungr\u00eda<\/strong><strong><\/strong><\/td><td>Concentraci\u00f3n medi\u00e1tica<\/td><td>Alta<\/td><td>Alta<\/td><td>Alta<\/td><\/tr><tr><td><strong>Polonia<\/strong><\/td><td>\u00cdndice Democracia Liberal (LDI)<\/td><td>0,452<\/td><td>0,616<\/td><td>n\/d<\/td><\/tr><tr><td><strong>Polonia<\/strong><strong><\/strong><\/td><td>Gasto militar (% PIB)<\/td><td>n\/d<\/td><td>n\/d<\/td><td>n\/d<\/td><\/tr><tr><td><strong>Polonia<\/strong><\/td><td>Concentraci\u00f3n medi\u00e1tica<\/td><td>Alta<\/td><td>Alta<\/td><td>Alta<\/td><\/tr><\/tbody><\/table><\/figure>\n\n\n\n<p>Estos casos ilustran la autocratizaci\u00f3n electoral: reformas judiciales, presi\u00f3n sobre medios y utilizaci\u00f3n del discurso soberanista bajo marcos formales competitivos. La intensificaci\u00f3n de agendas de defensa tras la invasi\u00f3n rusa de Ucrania ha incrementado recursos y centralidad del ejecutivo. La deriva muestra c\u00f3mo la l\u00f3gica postdemocr\u00e1tica puede combinarse con transformaciones legales incrementales que degradan contrapesos sin abolir elecciones.<\/p>\n\n\n\n<p><strong>6.4. Brasil y M\u00e9xico: seguridad interior, militarizaci\u00f3n y volatilidad democr\u00e1tica<\/strong><\/p>\n\n\n\n<figure class=\"wp-block-table\"><table class=\"has-fixed-layout\"><tbody><tr><td><strong>Pa\u00eds<\/strong><\/td><td><strong>Indicador<\/strong><\/td><td><strong>2023<\/strong><\/td><td><strong>2024<\/strong><\/td><td><strong>2025<\/strong><\/td><\/tr><tr><td><strong>Brasil<\/strong><strong><\/strong><\/td><td>\u00cdndice Democracia Liberal (LDI)<\/td><td>0,698<\/td><td>0,712<\/td><td>n\/d<\/td><\/tr><tr><td><strong>Brasil<\/strong><\/td><td>Coeficiente Gini<\/td><td>n\/d<\/td><td>n\/d<\/td><td>n\/d<\/td><\/tr><tr><td><strong>Brasil<\/strong><strong><\/strong><\/td><td>Gasto militar (% PIB)<\/td><td>n\/d<\/td><td>n\/d<\/td><td>n\/d<\/td><\/tr><tr><td><strong>M\u00e9xico<\/strong><\/td><td>\u00cdndice Democracia Liberal (LDI)<\/td><td>0,307<\/td><td>0,251<\/td><td>n\/d<\/td><\/tr><tr><td><strong>M\u00e9xico<\/strong><strong><\/strong><\/td><td>Coeficiente Gini<\/td><td>n\/d<\/td><td>n\/d<\/td><td>n\/d<\/td><\/tr><tr><td><strong>M\u00e9xico<\/strong><\/td><td>Gasto militar (% PIB)<\/td><td>n\/d<\/td><td>n\/d<\/td><td>n\/d<\/td><\/tr><\/tbody><\/table><\/figure>\n\n\n\n<p>En ambos pa\u00edses, la combinaci\u00f3n de desigualdad persistente, econom\u00edas dependientes de ciclos globales y crisis de seguridad ha favorecido soluciones de \u2018mano dura\u2019 y presencia creciente de militares en tareas internas. Las campa\u00f1as altamente mediatizadas y la polarizaci\u00f3n digital debilitan la deliberaci\u00f3n. La postdemocracia adopta aqu\u00ed rasgos de \u2018democracia fatigada\u2019: instituciones formales operativas pero sometidas a presiones constantes y coaliciones personalizadas.<\/p>\n\n\n\n<p><strong>7. COMPARACI\u00d3N TRANSVERSAL Y PATRONES<\/strong><\/p>\n\n\n\n<figure class=\"wp-block-table\"><table class=\"has-fixed-layout\"><tbody><tr><td><strong>Caso<\/strong><\/td><td><strong>LDI 2023<\/strong><\/td><td><strong>LDI 2024<\/strong><\/td><td><strong>LDI 2025<\/strong><\/td><td><strong>Nota<\/strong><\/td><\/tr><tr><td><strong>Estados Unidos<\/strong><strong><\/strong><\/td><td>0,771<\/td><td>0,748<\/td><td>n\/d<\/td><td>V-Dem (v15, 2025)<\/td><\/tr><tr><td><strong>UE (promedio)<\/strong><\/td><td>n\/d<\/td><td>0,704<\/td><td>n\/d<\/td><td>Promedio UE 2024 (V-Dem)<\/td><\/tr><tr><td><strong>Hungr\u00eda<\/strong><strong><\/strong><\/td><td>0,323<\/td><td>0,318<\/td><td>n\/d<\/td><td>V-Dem (v15, 2025)<\/td><\/tr><tr><td><strong>Polonia<\/strong><\/td><td>0,452<\/td><td>0,616<\/td><td>n\/d<\/td><td>V-Dem (v15, 2025)<\/td><\/tr><tr><td><strong>Brasil<\/strong><strong><\/strong><\/td><td>0,698<\/td><td>0,712<\/td><td>n\/d<\/td><td>V-Dem (v15, 2025)<\/td><\/tr><tr><td><strong>M\u00e9xico<\/strong><\/td><td>0,307<\/td><td>0,251<\/td><td>n\/d<\/td><td>V-Dem (v15, 2025)<\/td><\/tr><\/tbody><\/table><\/figure>\n\n\n\n<p>Aun con diferencias institucionales, emergen cuatro vectores comunes:<\/p>\n\n\n\n<ul class=\"wp-block-list\">\n<li>aumento de agendas de seguridad y gasto militar<\/li>\n\n\n\n<li>erosi\u00f3n o estancamiento de indicadores de democracia liberal<\/li>\n\n\n\n<li>persistencia de desigualdad y desafecci\u00f3n<\/li>\n\n\n\n<li>expansi\u00f3n del poder ejecutivo y nodos tecnocr\u00e1ticos en detrimento de controles legislativos y deliberaci\u00f3n p\u00fablica.<\/li>\n<\/ul>\n\n\n\n<p><strong>8. DISCUSI\u00d3N: IMPLICACIONES ANAL\u00cdTICAS Y NORMATIVAS<\/strong><\/p>\n\n\n\n<p>La evidencia comparada sugiere que la crisis del orden basado en reglas act\u00faa como \u2018condici\u00f3n de posibilidad\u2019 para la postdemocracia, al legitimar la excepci\u00f3n y reordenar alianzas de poder. La postdemocracia, sin embargo, no es uniforme: puede adoptar formas tecnocr\u00e1ticas (UE), plebiscitarias\/polarizadas (EE. UU.), o h\u00edbridas con autocratizaci\u00f3n electoral (Hungr\u00eda, Polonia), as\u00ed como variantes marcadas por seguridad interior y volatilidad (Brasil, M\u00e9xico).<\/p>\n\n\n\n<p><strong>8.1. Recomendaciones de refuerzo democr\u00e1tico<\/strong><\/p>\n\n\n\n<ol class=\"wp-block-list\">\n<li>Reforzar y reformar instituciones multilaterales, ampliando representatividad y capacidad de cumplimiento normativo.<\/li>\n\n\n\n<li>Transparentar pol\u00edticas industriales y de defensa: criterios p\u00fablicos, evaluaci\u00f3n ex ante\/ex post y trazabilidad contractual.<\/li>\n\n\n\n<li>Regular financiaci\u00f3n pol\u00edtica y lobby (registro, l\u00edmites, divulgaci\u00f3n, \u2018puertas giratorias\u2019).<\/li>\n\n\n\n<li>Fortalecer controles parlamentarios sobre estados de excepci\u00f3n y pol\u00edticas de seguridad (l\u00edmites temporales, revisiones autom\u00e1ticas).<\/li>\n\n\n\n<li>Democratizar la gobernanza tecnol\u00f3gica (datos, plataformas y algoritmos) y reforzar infraestructuras de conocimiento p\u00fablico.<\/li>\n\n\n\n<li>Reducir desigualdad mediante pol\u00edticas fiscales y sociales que restauren condiciones materiales de igualdad pol\u00edtica.<\/li>\n<\/ol>\n\n\n\n<p><strong><br><\/strong><\/p>\n\n\n\n<h3 class=\"wp-block-heading has-kubio-color-4-color has-text-color has-link-color wp-elements-26dde0bee5006f8a87fcf12b0ac55ec4\"><strong>Espa\u00f1a (febrero de 2026): lectura \u201cpostdemocr\u00e1tica\u201d aplicada al marco anterior<\/strong><\/h3>\n\n\n\n<h4 class=\"wp-block-heading has-kubio-color-1-color has-text-color has-link-color wp-elements-1237abb07949790de4ce81271e8bea1e\"><strong>Foto r\u00e1pida: qu\u00e9 tensiones ordenan hoy la pol\u00edtica y lo social<\/strong><\/h4>\n\n\n\n<ol class=\"wp-block-list\"><\/ol>\n\n\n\n<ul class=\"wp-block-list\">\n<li><strong>La vivienda<\/strong> aparece como el <strong>principal problema del pa\u00eds<\/strong> (39,9% sumando 1\u00ba\/2\u00ba\/3\u00ba problema) y tambi\u00e9n como uno de los principales problemas \u201cpersonales\u201d (27,9%), seg\u00fan el <strong>Bar\u00f3metro CIS (dic. 2025)<\/strong>.<\/li>\n<\/ul>\n\n\n\n<p>Esto se vuelve a\u00fan m\u00e1s cr\u00edtico en 2026 por el <strong>vencimiento masivo de contratos firmados en 2021<\/strong> (m\u00e1s de 630.000), con riesgo de fuertes reajustes de renta y conflictividad.<\/p>\n\n\n\n<ul class=\"wp-block-list\">\n<li><strong>Inflaci\u00f3n moderada<\/strong>, pero con \u201cn\u00facleo\u201d todav\u00eda pegajoso: en <strong>enero de 2026<\/strong> la inflaci\u00f3n interanual se sit\u00faa en torno al <strong>2,3% (IPC nacional)<\/strong> y <strong>2,4% (armonizada UE)<\/strong>; la subyacente ronda el <strong>2,6%<\/strong>.<\/li>\n\n\n\n<li><strong>Crecimiento relativamente s\u00f3lido<\/strong> dentro de la UE, con <strong>paro a la baja<\/strong>: la Comisi\u00f3n Europea proyecta un desempleo alrededor del <strong>9,8% en 2026<\/strong> (bajando de 10,4% en 2025) y una inflaci\u00f3n armonizada aproxim\u00e1ndose al <strong>2,0% en 2026<\/strong>.<\/li>\n\n\n\n<li><strong>Conflicto centro\u2013periferia y polarizaci\u00f3n institucional<\/strong>: la \u201ccuesti\u00f3n catalana\u201d y la <strong>Ley Org\u00e1nica 1\/2024 de amnist\u00eda<\/strong> han tensionado la competencia partidista y la esfera judicial; el <strong>Tribunal Constitucional<\/strong> ha ido resolviendo recursos (sentencias publicadas en BOE) vinculados a esa ley.<\/li>\n\n\n\n<li>En t\u00e9rminos de <strong>calidad democr\u00e1tica<\/strong>, la serie del <strong>Liberal Democracy Index<\/strong> para Espa\u00f1a muestra un leve retroceso reciente (p. ej., 2024 por debajo de 2023, en datos basados en V-Dem).<\/li>\n<\/ul>\n\n\n\n<p><strong>Traducci\u00f3n al marco del trabajo refundido:<\/strong> Espa\u00f1a no est\u00e1 en \u201ccolapso\u201d, pero s\u00ed en una combinaci\u00f3n t\u00edpica de <strong>postdemocracia de baja\/mediana intensidad<\/strong>: elecciones competitivas + pluralismo formal, mientras las decisiones clave se concentran en <strong>negociaciones de \u00e9lite<\/strong>, <strong>judicializaci\u00f3n<\/strong> y <strong>gesti\u00f3n tecnopol\u00edtica<\/strong> de crisis (vivienda, energ\u00eda, seguridad, fondos europeos).<\/p>\n\n\n\n<h4 class=\"wp-block-heading has-kubio-color-1-color has-text-color has-link-color wp-elements-2b7e89703d1f4d5f2687b19a7ed08661\"><strong>Mecanismos del marco aplicado a Espa\u00f1a<\/strong><\/h4>\n\n\n\n<p><strong>A. Securitizaci\u00f3n \u201camplia\u201d y desplazamiento del centro de decisi\u00f3n<\/strong><\/p>\n\n\n\n<p>En Espa\u00f1a la securitizaci\u00f3n no se expresa solo como \u201cdefensa exterior\u201d; opera sobre todo como <strong>securitizaci\u00f3n de orden p\u00fablico y cohesi\u00f3n territorial<\/strong> (Catalu\u00f1a), <strong>migraciones<\/strong> (que ya figura entre los principales problemas mencionados en CIS) y <strong>ciber\/infraestructura<\/strong> (menos visible para el gran p\u00fablico).<\/p>\n\n\n\n<p><strong>Efecto postdemocr\u00e1tico t\u00edpico:<\/strong> se legitima la pol\u00edtica r\u00e1pida (decretos\/urgencias), aumenta el peso del ejecutivo y se normaliza el \u201cmodo crisis\u201d, con menor deliberaci\u00f3n sustantiva.<\/p>\n\n\n\n<p><strong>B. Tecnocratizaci\u00f3n por estructura multinivel (UE) + econom\u00eda de seguridad<\/strong><\/p>\n\n\n\n<p>Espa\u00f1a es un caso claro de <strong>gobernanza multinivel<\/strong>: reglas fiscales, fondos europeos, regulaci\u00f3n energ\u00e9tica y digital. Esto favorece la <strong>decisi\u00f3n tecnocr\u00e1tica<\/strong> (ministerios, agencias, Bruselas) con trazabilidad democr\u00e1tica m\u00e1s d\u00e9bil, incluso cuando el resultado sea \u201cefectivo\u201d macroecon\u00f3micamente (crecimiento\/paro).<\/p>\n\n\n\n<p><strong>Efecto postdemocr\u00e1tico:<\/strong> la pol\u00edtica se vuelve un debate sobre \u201cm\u00e1rgenes\u201d y \u201ccumplimientos\u201d, mientras el conflicto distributivo se desplaza a lo social (vivienda, precariedad, servicios).<\/p>\n\n\n\n<p><strong>C. Desigualdad material \u2192 asimetr\u00edas de influencia y \u201cagenda capturada\u201d<\/strong><\/p>\n\n\n\n<p>La vivienda funciona como <strong>puerta de entrada<\/strong> perfecta al mecanismo postdemocr\u00e1tico:<\/p>\n\n\n\n<ul class=\"wp-block-list\">\n<li>el problema es masivo (CIS),<\/li>\n\n\n\n<li>el mercado est\u00e1 estructuralmente tensionado (oferta escasa, precios altos),<\/li>\n\n\n\n<li>y 2026 a\u00f1ade un shock de renegociaci\u00f3n de contratos.<\/li>\n<\/ul>\n\n\n\n<p><strong>Efecto postdemocr\u00e1tico:<\/strong> cuando el problema es central pero la resoluci\u00f3n requiere tocar intereses fuertes (propiedad, fiscalidad, regulaci\u00f3n tur\u00edstica, suelo, inversi\u00f3n), aumentan la <strong>pol\u00edtica simb\u00f3lica<\/strong> y el <strong>bloqueo<\/strong>, y crece la percepci\u00f3n de \u201cfalta de control ciudadano\u201d.<\/p>\n\n\n\n<p><strong>D. Judicializaci\u00f3n y \u201cpol\u00edtica de legitimidad\u201d<\/strong><\/p>\n\n\n\n<p>El ciclo de la amnist\u00eda ilustra un patr\u00f3n t\u00edpico: decisiones pol\u00edticas cr\u00edticas \u2192 conflicto constitucional \u2192 el \u00e1rbitro judicial se vuelve coprotagonista. La existencia de sentencias del TC\/BOE sobre recursos contra la ley refuerza esa din\u00e1mica.<br><strong>Efecto postdemocr\u00e1tico:<\/strong> la disputa se desplaza desde la arena deliberativa (parlamento y esfera p\u00fablica) hacia arenas <strong>jur\u00eddico-procesales<\/strong> menos accesibles para la ciudadan\u00eda.<\/p>\n\n\n\n<h4 class=\"wp-block-heading has-kubio-color-4-color has-text-color has-link-color wp-elements-69a73f5e6390f94d02ba0fdf885bd76b\"><strong>\u201cS\u00edntomas\u201d postdemocr\u00e1ticos observables en Espa\u00f1a<\/strong><\/h4>\n\n\n\n<ol start=\"1\" class=\"wp-block-list\">\n<li><strong>Centralidad de problemas materiales con respuesta pol\u00edtica percibida como insuficiente<\/strong>: vivienda lidera el ranking nacional; econom\u00eda y \u201cproblemas pol\u00edticos\u201d tambi\u00e9n pesan mucho.<\/li>\n\n\n\n<li><strong>Pol\u00edtica como conflicto identitario-procedimental<\/strong> (legitimidad, legalidad, naci\u00f3n, jueces) m\u00e1s que como competencia program\u00e1tica sostenida.<\/li>\n\n\n\n<li><strong>Gobernanza por acuerdos opacos y transaccionales<\/strong> (propio de sistemas fragmentados): la estabilidad depende de negociaciones de alta complejidad y baja transparencia para el ciudadano medio.<\/li>\n\n\n\n<li><strong>Desplazamiento a lo tecnocr\u00e1tico<\/strong> (UE, reglas, fondos, macro) mientras lo cotidiano (alquiler, suministros, salarios reales) se convierte en el n\u00facleo de malestar, aunque la inflaci\u00f3n baje.<\/li>\n<\/ol>\n\n\n\n<ul class=\"wp-block-list\">\n<li><strong>Dos escenarios plausibles (2026) usando tu marco<\/strong><\/li>\n\n\n\n<li><strong>Escenario 1: postdemocracia \u201cestabilizada\u201d<\/strong><\/li>\n<\/ul>\n\n\n\n<p>Crecimiento moderado, inflaci\u00f3n contenida y paro bajando (marco CE) reducen el riesgo de ruptura. Pero la democracia se \u201cadelgaza\u201d: mucha gesti\u00f3n, poca deliberaci\u00f3n; vivienda sigue siendo el gran agujero.<\/p>\n\n\n\n<ul class=\"wp-block-list\">\n<li><strong>Escenario 2: postdemocracia \u201cconflictiva\u201d<\/strong><\/li>\n<\/ul>\n\n\n\n<p>Si el shock de alquileres 2026 escala (renegociaciones + desahucios + movilizaci\u00f3n) y la polarizaci\u00f3n institucional contin\u00faa, aumenta la protesta y el bloqueo, con m\u00e1s tentaci\u00f3n de respuestas excepcionales o de \u201cmano dura\u201d regulatoria.<\/p>\n\n\n\n<h4 class=\"wp-block-heading has-kubio-color-4-color has-text-color has-link-color wp-elements-f3b20c0534af48bf915b024a20affd59\"><strong>Qu\u00e9 \u201caplicar\u00eda\u201d como recomendaciones (derivadas del marco, aterrizadas a Espa\u00f1a)<\/strong><\/h4>\n\n\n\n<ol start=\"1\" class=\"wp-block-list\">\n<li><strong>Trazabilidad democr\u00e1tica de la pol\u00edtica de vivienda<\/strong>: criterios p\u00fablicos, evaluaci\u00f3n ex ante\/ex post, datos abiertos de oferta, vivienda vac\u00eda, alquiler tur\u00edstico y adjudicaci\u00f3n de suelo. (Si no se ve el \u201cc\u00f3mo\u201d, la pol\u00edtica se percibe como teatro.)<\/li>\n\n\n\n<li><strong>Paquete anti-excepci\u00f3n<\/strong>: l\u00edmites temporales estrictos y control parlamentario reforzado en medidas urgentes y en pol\u00edticas de seguridad\/orden p\u00fablico (evitar que \u201ccrisis\u201d sea el estado normal).<\/li>\n\n\n\n<li><strong>Desjudicializar lo que sea desjudicializable<\/strong>: canales pol\u00edticos estables para conflicto territorial, reduciendo que todo se resuelva como choque de legitimidades ante tribunales.<\/li>\n\n\n\n<li><strong>Regulaci\u00f3n de influencia<\/strong> (lobby\/puertas giratorias\/contrataci\u00f3n) especialmente en sectores estrat\u00e9gicos (energ\u00eda, digital, infraestructuras), porque ah\u00ed es donde la \u201ceconom\u00eda de seguridad\u201d crea dependencia Estado\u2013corporaci\u00f3n.<\/li>\n\n\n\n<li><strong>Recomposici\u00f3n material de la igualdad pol\u00edtica<\/strong>: si vivienda y costes fijos expulsan a clases medias y j\u00f3venes, la igualdad formal se vac\u00eda. El CIS ya muestra que la vivienda domina la agenda; ignorarlo consolida la din\u00e1mica postdemocr\u00e1tica.<\/li>\n<\/ol>\n\n\n\n<p><strong>A 3\u20134 a\u00f1os vista tras unas <\/strong>generales<strong> en Espa\u00f1a, <\/strong>lo m\u00e1s determinante no ser\u00e1 solo \u201cqui\u00e9n gana\u201d, sino <strong>qu\u00e9 coalici\u00f3n se puede sostener<\/strong> y con qu\u00e9 margen fiscal y social. Usando el marco de <em>postdemocracia + securitizaci\u00f3n + econom\u00eda de seguridad + desigualdad\/captura<\/em>, el \u201criesgo pa\u00eds\u201d interno se concentra en <strong>conflictos socioecon\u00f3micos<\/strong> que pueden escalar aunque el PIB aguante.<\/p>\n\n\n\n<h4 class=\"wp-block-heading has-kubio-color-4-color has-text-color has-link-color wp-elements-3284ed209f90e4e76e30f626c7d24a64\"><strong>Conflictos socioecon\u00f3micos con mayor probabilidad de escalar (2026\u20132030)<\/strong><\/h4>\n\n\n\n<p><strong>Vivienda: el eje estructural de conflicto<\/strong><\/p>\n\n\n\n<p>En 2026 coincide un \u201cpico\u201d de tensi\u00f3n: vencen <strong>~630.000 contratos de alquiler de 2021<\/strong> (\u22481,6 millones de personas afectadas) con rentas muy por debajo del mercado actual (subidas acumuladas del 30\u201340% seg\u00fan esa cobertura), lo que puede disparar renegociaciones, movilidad forzada y conflictividad.<\/p>\n\n\n\n<p><br>Si la oferta sigue r\u00edgida, el conflicto tiende a polarizarse en dos bloques:<\/p>\n\n\n\n<ul class=\"wp-block-list\">\n<li><strong>inquilinos\/movimientos de vivienda<\/strong> \u2192 presi\u00f3n por l\u00edmites, parque p\u00fablico, control del alquiler de temporada\/tur\u00edstico, moratorias y sanciones;<\/li>\n\n\n\n<li><strong>peque\u00f1os propietarios\/sector inmobiliario<\/strong> \u2192 presi\u00f3n por seguridad jur\u00eddica, agilizaci\u00f3n de desahucios, incentivos fiscales y retirada de topes.<br>En t\u00e9rminos del marco: vivienda act\u00faa como \u201cmotor\u201d de <strong>desafecci\u00f3n<\/strong> y de <strong>pol\u00edtica de excepci\u00f3n<\/strong> (decretos, medidas urgentes, judicializaci\u00f3n), con alta capacidad de movilizaci\u00f3n.<\/li>\n<\/ul>\n\n\n\n<p><strong>Ajuste fiscal y reparto de costes<\/strong><\/p>\n\n\n\n<p>Espa\u00f1a entra en una fase donde el debate no es \u201cm\u00e1s o menos gasto\u201d sino <strong>qui\u00e9n paga<\/strong> el cumplimiento de reglas fiscales y presiones nuevas (pensiones, intereses, defensa). La Comisi\u00f3n Europea proyecta d\u00e9ficit bajando hacia ~2,1% del PIB (2026\u20132027), pero el propio juego parlamentario ya ha mostrado bloqueo (rechazo de la senda de d\u00e9ficit 2026\u20132028).<br><\/p>\n\n\n\n<p>Aqu\u00ed suele aparecer el conflicto cl\u00e1sico:<\/p>\n\n\n\n<ul class=\"wp-block-list\">\n<li><strong>recortes\/contenci\u00f3n<\/strong> (servicios, inversi\u00f3n, transferencias) vs<\/li>\n\n\n\n<li><strong>subidas de ingresos<\/strong> (impuestos, lucha fraude, tributos sectoriales)<br>y, en paralelo, <strong>tensi\u00f3n territorial<\/strong> por financiaci\u00f3n auton\u00f3mica y reparto de recursos.<\/li>\n<\/ul>\n\n\n\n<p><strong>Mercado de trabajo: \u201cmejora macro\u201d con malestar micro<\/strong><\/p>\n\n\n\n<p>Incluso con crecimiento moderado, el malestar puede persistir por:<\/p>\n\n\n\n<ul class=\"wp-block-list\">\n<li>salarios reales que no \u201ccierran\u201d con alquileres,<\/li>\n\n\n\n<li>dualidad (temporalidad\/rotaci\u00f3n),<\/li>\n\n\n\n<li>precariedad juvenil y emancipaci\u00f3n imposible (lo que ya se ve en relatos sociales extremos: convivir con ex, retraso vital).<br>En clave postdemocr\u00e1tica: <strong>mejores indicadores agregados<\/strong> conviven con <strong>sensaci\u00f3n de no control<\/strong> en lo cotidiano, alimentando voto vol\u00e1til.<\/li>\n<\/ul>\n\n\n\n<p><strong>Orden p\u00fablico, \u201cmano dura\u201d y polarizaci\u00f3n cultural<\/strong><\/p>\n\n\n\n<p>Si vivienda, migraci\u00f3n o inseguridad percibida se convierten en bandera central, es probable un giro hacia reformas punitivas y agenda de orden p\u00fablico (con apoyo transversal parcial), lo que acelera la l\u00f3gica de <strong>securitizaci\u00f3n dom\u00e9stica<\/strong>. Ya hay se\u00f1ales de este tipo de acuerdos amplios en reformas penales sobre reincidencia de hurtos.<\/p>\n\n\n\n<h4 class=\"wp-block-heading has-kubio-color-4-color has-text-color has-link-color wp-elements-7e1d8fd197ffc81ec9600bbeae425159\"><strong>Qu\u00e9 puede pasar \u201cdespu\u00e9s de unas generales\u201d: 3 escenarios plausibles (2026\u20132030)<\/strong><\/h4>\n\n\n\n<ul class=\"wp-block-list\">\n<li><strong>Escenario A \u2014 Estabilidad fr\u00e1gil (postdemocracia \u201cgestionaria\u201d)<\/strong><\/li>\n<\/ul>\n\n\n\n<p><strong>Condici\u00f3n:<\/strong> gobierno de coalici\u00f3n (sea de signo A o B) que logra presupuestos parciales y pactos m\u00ednimos.<\/p>\n\n\n\n<p><strong>Deriva probable:<\/strong><\/p>\n\n\n\n<ul class=\"wp-block-list\">\n<li>mucha pol\u00edtica por decreto\/paquetes urgentes (vivienda y \u201cescudo social\u201d),<\/li>\n\n\n\n<li>negociaci\u00f3n opaca con socios (partidos bisagra) y con sectores econ\u00f3micos clave,<\/li>\n\n\n\n<li>conflictividad social intermitente pero contenida.<\/li>\n<\/ul>\n\n\n\n<p><strong>Riesgo central:<\/strong> el \u201cn\u00facleo decisional\u201d se desplaza a ejecutivos + tecnocracia, mientras la calle se activa por vivienda. (Postdemocracia de baja\/mediana intensidad.)<\/p>\n\n\n\n<ul class=\"wp-block-list\">\n<li><strong>Escenario B \u2014 Bloqueo y repetici\u00f3n de crisis (postdemocracia \u201cconflictiva\u201d)<\/strong><\/li>\n<\/ul>\n\n\n\n<p><strong>Condici\u00f3n:<\/strong> aritm\u00e9tica imposible o muy inestable (presupuestos fallidos, vetos cruzados).<\/p>\n\n\n\n<p><strong>Deriva probable:<\/strong><\/p>\n\n\n\n<ul class=\"wp-block-list\">\n<li>elecciones repetidas o legislatura muy corta,<\/li>\n\n\n\n<li>par\u00e1lisis en vivienda (o medidas contradictorias),<\/li>\n\n\n\n<li>choque por senda fiscal y por financiaci\u00f3n territorial,<\/li>\n\n\n\n<li>aumento de protestas (vivienda) y endurecimiento pol\u00edtico-cultural.<br><strong>Riesgo central:<\/strong> el sistema no colapsa, pero se normaliza el \u201cmodo campa\u00f1a\u201d y la excepci\u00f3n; sube la desafecci\u00f3n y se amplifica la polarizaci\u00f3n.<\/li>\n\n\n\n<li><strong>Escenario C \u2014 Giro punitivo y recentralizador (securitizaci\u00f3n alta)<\/strong><\/li>\n<\/ul>\n\n\n\n<p><strong>Condici\u00f3n:<\/strong> gobierno con mandato fuerte o coalici\u00f3n con componente \u201cley y orden\u201d dominante.<\/p>\n\n\n\n<p><strong>Deriva probable:<\/strong><\/p>\n\n\n\n<ul class=\"wp-block-list\">\n<li>prioridad a seguridad, control migratorio, reformas penales y recentralizaci\u00f3n competencial,<\/li>\n\n\n\n<li>choque con parte del tejido social (movimientos de vivienda, sindicatos, organizaciones de DD. HH.),<\/li>\n\n\n\n<li>conflicto territorial reactivado (Catalu\u00f1a) y mayor judicializaci\u00f3n.<br><strong>Riesgo central:<\/strong> mejora de \u201ccontrol\u201d a corto plazo, pero erosi\u00f3n sostenida de contrapesos y aumento de fractura social.<\/li>\n<\/ul>\n\n\n\n<h4 class=\"wp-block-heading has-kubio-color-4-color has-text-color has-link-color wp-elements-311df604a9f8cc40be81bbeaa125d85a\"><strong>Se\u00f1ales adelantadas que te dir\u00e1n \u201chacia d\u00f3nde va\u201d Espa\u00f1a<\/strong><\/h4>\n\n\n\n<ol start=\"1\" class=\"wp-block-list\">\n<li><strong>Vivienda<\/strong>: si 2026\u20132027 deja una ola de subidas\/expulsiones o un gran acuerdo de oferta (parque p\u00fablico, rehabilitaci\u00f3n, suelo, alquiler asequible).<\/li>\n\n\n\n<li><strong>Presupuestos\/senda fiscal<\/strong>: si el gobierno logra una coalici\u00f3n estable para reglas fiscales o vuelve el bloqueo como norma.<\/li>\n\n\n\n<li><strong>Tipo de agenda dominante<\/strong>: vivienda\/servicios vs orden p\u00fablico\/identidad.<\/li>\n\n\n\n<li><strong>Evoluci\u00f3n del voto de protesta<\/strong>: si sigue creciendo la derecha radical o alternativas antisistema; por ahora Vox aparece en subida fuerte en estimaciones recientes.<\/li>\n<\/ol>\n\n\n\n<h4 class=\"wp-block-heading has-kubio-color-4-color has-text-color has-link-color wp-elements-6673f993cf20fa95d882428f22298661\"><strong>Conclusi\u00f3n final<\/strong><\/h4>\n\n\n\n<p>Lo m\u00e1s probable en 3\u20134 a\u00f1os es una Espa\u00f1a <strong>no \u201crota\u201d<\/strong>, pero s\u00ed con <strong>conflicto social alto por vivienda<\/strong> y <strong>disputa distributiva<\/strong> por el ajuste fiscal, donde la pol\u00edtica tender\u00e1 a:<\/p>\n\n\n\n<ul class=\"wp-block-list\">\n<li>m\u00e1s <strong>excepci\u00f3n\/urgencia<\/strong> (decretos, medidas r\u00e1pidas),<\/li>\n\n\n\n<li>m\u00e1s <strong>negociaci\u00f3n de \u00e9lites<\/strong> (coaliciones y sectores estrat\u00e9gicos),<\/li>\n\n\n\n<li>y una esfera p\u00fablica m\u00e1s <strong>polarizada<\/strong>.<\/li>\n<\/ul>\n\n\n\n<p><\/p>\n","protected":false},"excerpt":{"rendered":"<p>Elaborado por el Departamento de Inteligencia Anal\u00edtica de Inteligenia Febrero 2026 Del orden internacional basado en reglas a la postdemocracia Transformaciones sist\u00e9micas, reconfiguraci\u00f3n del poder Resumen Este trabajo analiza, desde una perspectiva sist\u00e9mica y comparada, la relaci\u00f3n entre la crisis del orden internacional basado en reglas y la consolidaci\u00f3n de din\u00e1micas postdemocr\u00e1ticas en democracias contempor\u00e1neas. [&hellip;]<\/p>\n","protected":false},"author":1,"featured_media":1418,"comment_status":"open","ping_status":"open","sticky":false,"template":"","format":"standard","meta":{"saved_in_kubio":false,"footnotes":""},"categories":[13,17],"tags":[],"class_list":["post-1417","post","type-post","status-publish","format-standard","has-post-thumbnail","hentry","category-articulos","category-geopolitica-y-geoestrategia"],"yoast_head":"<!-- This site is optimized with the Yoast SEO plugin v27.0 - https:\/\/yoast.com\/product\/yoast-seo-wordpress\/ -->\n<title>Del orden internacional basado en reglas a la postdemocracia - Inteligenia<\/title>\n<meta name=\"robots\" content=\"index, follow, max-snippet:-1, max-image-preview:large, max-video-preview:-1\" \/>\n<link rel=\"canonical\" href=\"https:\/\/www.inteligenia.info\/home\/del-orden-internacional-basado-en-reglas-a-la-postdemocracia\/\" \/>\n<meta property=\"og:locale\" content=\"es_ES\" \/>\n<meta property=\"og:type\" content=\"article\" \/>\n<meta property=\"og:title\" content=\"Del orden internacional basado en reglas a la postdemocracia - Inteligenia\" \/>\n<meta property=\"og:description\" content=\"Elaborado por el Departamento de Inteligencia Anal\u00edtica de Inteligenia Febrero 2026 Del orden internacional basado en reglas a la postdemocracia Transformaciones sist\u00e9micas, reconfiguraci\u00f3n del poder Resumen Este trabajo analiza, desde una perspectiva sist\u00e9mica y comparada, la relaci\u00f3n entre la crisis del orden internacional basado en reglas y la consolidaci\u00f3n de din\u00e1micas postdemocr\u00e1ticas en democracias contempor\u00e1neas. [&hellip;]\" \/>\n<meta property=\"og:url\" content=\"https:\/\/www.inteligenia.info\/home\/del-orden-internacional-basado-en-reglas-a-la-postdemocracia\/\" \/>\n<meta property=\"og:site_name\" content=\"Inteligenia\" \/>\n<meta property=\"article:published_time\" content=\"2026-02-18T12:33:29+00:00\" \/>\n<meta property=\"article:modified_time\" content=\"2026-02-18T12:33:30+00:00\" \/>\n<meta property=\"og:image\" content=\"https:\/\/www.inteligenia.info\/wp-content\/uploads\/2026\/02\/Captura-de-pantalla-2026-02-18-132541.png\" \/>\n\t<meta property=\"og:image:width\" content=\"756\" \/>\n\t<meta property=\"og:image:height\" content=\"682\" \/>\n\t<meta property=\"og:image:type\" content=\"image\/png\" \/>\n<meta name=\"author\" content=\"admin\" \/>\n<meta name=\"twitter:card\" content=\"summary_large_image\" \/>\n<meta name=\"twitter:creator\" content=\"@INTELIGENIA_\" \/>\n<meta name=\"twitter:site\" content=\"@INTELIGENIA_\" \/>\n<meta name=\"twitter:label1\" content=\"Escrito por\" \/>\n\t<meta name=\"twitter:data1\" content=\"admin\" \/>\n\t<meta name=\"twitter:label2\" content=\"Tiempo de lectura\" \/>\n\t<meta name=\"twitter:data2\" content=\"20 minutos\" \/>\n<script type=\"application\/ld+json\" class=\"yoast-schema-graph\">{\"@context\":\"https:\/\/schema.org\",\"@graph\":[{\"@type\":\"Article\",\"@id\":\"https:\/\/www.inteligenia.info\/home\/del-orden-internacional-basado-en-reglas-a-la-postdemocracia\/#article\",\"isPartOf\":{\"@id\":\"https:\/\/www.inteligenia.info\/home\/del-orden-internacional-basado-en-reglas-a-la-postdemocracia\/\"},\"author\":{\"name\":\"admin\",\"@id\":\"https:\/\/www.inteligenia.info\/home\/#\/schema\/person\/1bf90ee63c207f611a224f9c17dbf031\"},\"headline\":\"Del orden internacional basado en reglas a la postdemocracia\",\"datePublished\":\"2026-02-18T12:33:29+00:00\",\"dateModified\":\"2026-02-18T12:33:30+00:00\",\"mainEntityOfPage\":{\"@id\":\"https:\/\/www.inteligenia.info\/home\/del-orden-internacional-basado-en-reglas-a-la-postdemocracia\/\"},\"wordCount\":4659,\"commentCount\":0,\"publisher\":{\"@id\":\"https:\/\/www.inteligenia.info\/home\/#organization\"},\"image\":{\"@id\":\"https:\/\/www.inteligenia.info\/home\/del-orden-internacional-basado-en-reglas-a-la-postdemocracia\/#primaryimage\"},\"thumbnailUrl\":\"https:\/\/www.inteligenia.info\/wp-content\/uploads\/2026\/02\/Captura-de-pantalla-2026-02-18-132541.png\",\"articleSection\":[\"Art\u00edculos\",\"Geopolitica y Geoestrategia\"],\"inLanguage\":\"es\",\"potentialAction\":[{\"@type\":\"CommentAction\",\"name\":\"Comment\",\"target\":[\"https:\/\/www.inteligenia.info\/home\/del-orden-internacional-basado-en-reglas-a-la-postdemocracia\/#respond\"]}]},{\"@type\":\"WebPage\",\"@id\":\"https:\/\/www.inteligenia.info\/home\/del-orden-internacional-basado-en-reglas-a-la-postdemocracia\/\",\"url\":\"https:\/\/www.inteligenia.info\/home\/del-orden-internacional-basado-en-reglas-a-la-postdemocracia\/\",\"name\":\"Del orden internacional basado en reglas a la postdemocracia - Inteligenia\",\"isPartOf\":{\"@id\":\"https:\/\/www.inteligenia.info\/home\/#website\"},\"primaryImageOfPage\":{\"@id\":\"https:\/\/www.inteligenia.info\/home\/del-orden-internacional-basado-en-reglas-a-la-postdemocracia\/#primaryimage\"},\"image\":{\"@id\":\"https:\/\/www.inteligenia.info\/home\/del-orden-internacional-basado-en-reglas-a-la-postdemocracia\/#primaryimage\"},\"thumbnailUrl\":\"https:\/\/www.inteligenia.info\/wp-content\/uploads\/2026\/02\/Captura-de-pantalla-2026-02-18-132541.png\",\"datePublished\":\"2026-02-18T12:33:29+00:00\",\"dateModified\":\"2026-02-18T12:33:30+00:00\",\"breadcrumb\":{\"@id\":\"https:\/\/www.inteligenia.info\/home\/del-orden-internacional-basado-en-reglas-a-la-postdemocracia\/#breadcrumb\"},\"inLanguage\":\"es\",\"potentialAction\":[{\"@type\":\"ReadAction\",\"target\":[\"https:\/\/www.inteligenia.info\/home\/del-orden-internacional-basado-en-reglas-a-la-postdemocracia\/\"]}]},{\"@type\":\"ImageObject\",\"inLanguage\":\"es\",\"@id\":\"https:\/\/www.inteligenia.info\/home\/del-orden-internacional-basado-en-reglas-a-la-postdemocracia\/#primaryimage\",\"url\":\"https:\/\/www.inteligenia.info\/wp-content\/uploads\/2026\/02\/Captura-de-pantalla-2026-02-18-132541.png\",\"contentUrl\":\"https:\/\/www.inteligenia.info\/wp-content\/uploads\/2026\/02\/Captura-de-pantalla-2026-02-18-132541.png\",\"width\":756,\"height\":682},{\"@type\":\"BreadcrumbList\",\"@id\":\"https:\/\/www.inteligenia.info\/home\/del-orden-internacional-basado-en-reglas-a-la-postdemocracia\/#breadcrumb\",\"itemListElement\":[{\"@type\":\"ListItem\",\"position\":1,\"name\":\"Portada\",\"item\":\"https:\/\/www.inteligenia.info\/home\/\"},{\"@type\":\"ListItem\",\"position\":2,\"name\":\"Del orden internacional basado en reglas a la postdemocracia\"}]},{\"@type\":\"WebSite\",\"@id\":\"https:\/\/www.inteligenia.info\/home\/#website\",\"url\":\"https:\/\/www.inteligenia.info\/home\/\",\"name\":\"Inteligenia\",\"description\":\"\",\"publisher\":{\"@id\":\"https:\/\/www.inteligenia.info\/home\/#organization\"},\"potentialAction\":[{\"@type\":\"SearchAction\",\"target\":{\"@type\":\"EntryPoint\",\"urlTemplate\":\"https:\/\/www.inteligenia.info\/home\/?s={search_term_string}\"},\"query-input\":{\"@type\":\"PropertyValueSpecification\",\"valueRequired\":true,\"valueName\":\"search_term_string\"}}],\"inLanguage\":\"es\"},{\"@type\":\"Organization\",\"@id\":\"https:\/\/www.inteligenia.info\/home\/#organization\",\"name\":\"Inteligenia\",\"url\":\"https:\/\/www.inteligenia.info\/home\/\",\"logo\":{\"@type\":\"ImageObject\",\"inLanguage\":\"es\",\"@id\":\"https:\/\/www.inteligenia.info\/home\/#\/schema\/logo\/image\/\",\"url\":\"https:\/\/www.inteligenia.info\/wp-content\/uploads\/2024\/06\/transparent_logo-1-e1718047668142.png\",\"contentUrl\":\"https:\/\/www.inteligenia.info\/wp-content\/uploads\/2024\/06\/transparent_logo-1-e1718047668142.png\",\"width\":674,\"height\":141,\"caption\":\"Inteligenia\"},\"image\":{\"@id\":\"https:\/\/www.inteligenia.info\/home\/#\/schema\/logo\/image\/\"},\"sameAs\":[\"https:\/\/x.com\/INTELIGENIA_\",\"https:\/\/www.linkedin.com\/company\/inteligenia\/?viewAsMember=true\"]},{\"@type\":\"Person\",\"@id\":\"https:\/\/www.inteligenia.info\/home\/#\/schema\/person\/1bf90ee63c207f611a224f9c17dbf031\",\"name\":\"admin\",\"image\":{\"@type\":\"ImageObject\",\"inLanguage\":\"es\",\"@id\":\"https:\/\/www.inteligenia.info\/home\/#\/schema\/person\/image\/\",\"url\":\"https:\/\/secure.gravatar.com\/avatar\/ed712be762908ac190eb3beb8cf9efb0dc9c425bd7b69d40ba8746efca2909c6?s=96&d=mm&r=g\",\"contentUrl\":\"https:\/\/secure.gravatar.com\/avatar\/ed712be762908ac190eb3beb8cf9efb0dc9c425bd7b69d40ba8746efca2909c6?s=96&d=mm&r=g\",\"caption\":\"admin\"},\"sameAs\":[\"http:\/\/www.inteligenia.info\"],\"url\":\"https:\/\/www.inteligenia.info\/home\/author\/admin\/\"}]}<\/script>\n<!-- \/ Yoast SEO plugin. -->","yoast_head_json":{"title":"Del orden internacional basado en reglas a la postdemocracia - Inteligenia","robots":{"index":"index","follow":"follow","max-snippet":"max-snippet:-1","max-image-preview":"max-image-preview:large","max-video-preview":"max-video-preview:-1"},"canonical":"https:\/\/www.inteligenia.info\/home\/del-orden-internacional-basado-en-reglas-a-la-postdemocracia\/","og_locale":"es_ES","og_type":"article","og_title":"Del orden internacional basado en reglas a la postdemocracia - Inteligenia","og_description":"Elaborado por el Departamento de Inteligencia Anal\u00edtica de Inteligenia Febrero 2026 Del orden internacional basado en reglas a la postdemocracia Transformaciones sist\u00e9micas, reconfiguraci\u00f3n del poder Resumen Este trabajo analiza, desde una perspectiva sist\u00e9mica y comparada, la relaci\u00f3n entre la crisis del orden internacional basado en reglas y la consolidaci\u00f3n de din\u00e1micas postdemocr\u00e1ticas en democracias contempor\u00e1neas. [&hellip;]","og_url":"https:\/\/www.inteligenia.info\/home\/del-orden-internacional-basado-en-reglas-a-la-postdemocracia\/","og_site_name":"Inteligenia","article_published_time":"2026-02-18T12:33:29+00:00","article_modified_time":"2026-02-18T12:33:30+00:00","og_image":[{"width":756,"height":682,"url":"https:\/\/www.inteligenia.info\/wp-content\/uploads\/2026\/02\/Captura-de-pantalla-2026-02-18-132541.png","type":"image\/png"}],"author":"admin","twitter_card":"summary_large_image","twitter_creator":"@INTELIGENIA_","twitter_site":"@INTELIGENIA_","twitter_misc":{"Escrito por":"admin","Tiempo de lectura":"20 minutos"},"schema":{"@context":"https:\/\/schema.org","@graph":[{"@type":"Article","@id":"https:\/\/www.inteligenia.info\/home\/del-orden-internacional-basado-en-reglas-a-la-postdemocracia\/#article","isPartOf":{"@id":"https:\/\/www.inteligenia.info\/home\/del-orden-internacional-basado-en-reglas-a-la-postdemocracia\/"},"author":{"name":"admin","@id":"https:\/\/www.inteligenia.info\/home\/#\/schema\/person\/1bf90ee63c207f611a224f9c17dbf031"},"headline":"Del orden internacional basado en reglas a la postdemocracia","datePublished":"2026-02-18T12:33:29+00:00","dateModified":"2026-02-18T12:33:30+00:00","mainEntityOfPage":{"@id":"https:\/\/www.inteligenia.info\/home\/del-orden-internacional-basado-en-reglas-a-la-postdemocracia\/"},"wordCount":4659,"commentCount":0,"publisher":{"@id":"https:\/\/www.inteligenia.info\/home\/#organization"},"image":{"@id":"https:\/\/www.inteligenia.info\/home\/del-orden-internacional-basado-en-reglas-a-la-postdemocracia\/#primaryimage"},"thumbnailUrl":"https:\/\/www.inteligenia.info\/wp-content\/uploads\/2026\/02\/Captura-de-pantalla-2026-02-18-132541.png","articleSection":["Art\u00edculos","Geopolitica y Geoestrategia"],"inLanguage":"es","potentialAction":[{"@type":"CommentAction","name":"Comment","target":["https:\/\/www.inteligenia.info\/home\/del-orden-internacional-basado-en-reglas-a-la-postdemocracia\/#respond"]}]},{"@type":"WebPage","@id":"https:\/\/www.inteligenia.info\/home\/del-orden-internacional-basado-en-reglas-a-la-postdemocracia\/","url":"https:\/\/www.inteligenia.info\/home\/del-orden-internacional-basado-en-reglas-a-la-postdemocracia\/","name":"Del orden internacional basado en reglas a la postdemocracia - Inteligenia","isPartOf":{"@id":"https:\/\/www.inteligenia.info\/home\/#website"},"primaryImageOfPage":{"@id":"https:\/\/www.inteligenia.info\/home\/del-orden-internacional-basado-en-reglas-a-la-postdemocracia\/#primaryimage"},"image":{"@id":"https:\/\/www.inteligenia.info\/home\/del-orden-internacional-basado-en-reglas-a-la-postdemocracia\/#primaryimage"},"thumbnailUrl":"https:\/\/www.inteligenia.info\/wp-content\/uploads\/2026\/02\/Captura-de-pantalla-2026-02-18-132541.png","datePublished":"2026-02-18T12:33:29+00:00","dateModified":"2026-02-18T12:33:30+00:00","breadcrumb":{"@id":"https:\/\/www.inteligenia.info\/home\/del-orden-internacional-basado-en-reglas-a-la-postdemocracia\/#breadcrumb"},"inLanguage":"es","potentialAction":[{"@type":"ReadAction","target":["https:\/\/www.inteligenia.info\/home\/del-orden-internacional-basado-en-reglas-a-la-postdemocracia\/"]}]},{"@type":"ImageObject","inLanguage":"es","@id":"https:\/\/www.inteligenia.info\/home\/del-orden-internacional-basado-en-reglas-a-la-postdemocracia\/#primaryimage","url":"https:\/\/www.inteligenia.info\/wp-content\/uploads\/2026\/02\/Captura-de-pantalla-2026-02-18-132541.png","contentUrl":"https:\/\/www.inteligenia.info\/wp-content\/uploads\/2026\/02\/Captura-de-pantalla-2026-02-18-132541.png","width":756,"height":682},{"@type":"BreadcrumbList","@id":"https:\/\/www.inteligenia.info\/home\/del-orden-internacional-basado-en-reglas-a-la-postdemocracia\/#breadcrumb","itemListElement":[{"@type":"ListItem","position":1,"name":"Portada","item":"https:\/\/www.inteligenia.info\/home\/"},{"@type":"ListItem","position":2,"name":"Del orden internacional basado en reglas a la postdemocracia"}]},{"@type":"WebSite","@id":"https:\/\/www.inteligenia.info\/home\/#website","url":"https:\/\/www.inteligenia.info\/home\/","name":"Inteligenia","description":"","publisher":{"@id":"https:\/\/www.inteligenia.info\/home\/#organization"},"potentialAction":[{"@type":"SearchAction","target":{"@type":"EntryPoint","urlTemplate":"https:\/\/www.inteligenia.info\/home\/?s={search_term_string}"},"query-input":{"@type":"PropertyValueSpecification","valueRequired":true,"valueName":"search_term_string"}}],"inLanguage":"es"},{"@type":"Organization","@id":"https:\/\/www.inteligenia.info\/home\/#organization","name":"Inteligenia","url":"https:\/\/www.inteligenia.info\/home\/","logo":{"@type":"ImageObject","inLanguage":"es","@id":"https:\/\/www.inteligenia.info\/home\/#\/schema\/logo\/image\/","url":"https:\/\/www.inteligenia.info\/wp-content\/uploads\/2024\/06\/transparent_logo-1-e1718047668142.png","contentUrl":"https:\/\/www.inteligenia.info\/wp-content\/uploads\/2024\/06\/transparent_logo-1-e1718047668142.png","width":674,"height":141,"caption":"Inteligenia"},"image":{"@id":"https:\/\/www.inteligenia.info\/home\/#\/schema\/logo\/image\/"},"sameAs":["https:\/\/x.com\/INTELIGENIA_","https:\/\/www.linkedin.com\/company\/inteligenia\/?viewAsMember=true"]},{"@type":"Person","@id":"https:\/\/www.inteligenia.info\/home\/#\/schema\/person\/1bf90ee63c207f611a224f9c17dbf031","name":"admin","image":{"@type":"ImageObject","inLanguage":"es","@id":"https:\/\/www.inteligenia.info\/home\/#\/schema\/person\/image\/","url":"https:\/\/secure.gravatar.com\/avatar\/ed712be762908ac190eb3beb8cf9efb0dc9c425bd7b69d40ba8746efca2909c6?s=96&d=mm&r=g","contentUrl":"https:\/\/secure.gravatar.com\/avatar\/ed712be762908ac190eb3beb8cf9efb0dc9c425bd7b69d40ba8746efca2909c6?s=96&d=mm&r=g","caption":"admin"},"sameAs":["http:\/\/www.inteligenia.info"],"url":"https:\/\/www.inteligenia.info\/home\/author\/admin\/"}]}},"_links":{"self":[{"href":"https:\/\/www.inteligenia.info\/home\/wp-json\/wp\/v2\/posts\/1417","targetHints":{"allow":["GET"]}}],"collection":[{"href":"https:\/\/www.inteligenia.info\/home\/wp-json\/wp\/v2\/posts"}],"about":[{"href":"https:\/\/www.inteligenia.info\/home\/wp-json\/wp\/v2\/types\/post"}],"author":[{"embeddable":true,"href":"https:\/\/www.inteligenia.info\/home\/wp-json\/wp\/v2\/users\/1"}],"replies":[{"embeddable":true,"href":"https:\/\/www.inteligenia.info\/home\/wp-json\/wp\/v2\/comments?post=1417"}],"version-history":[{"count":1,"href":"https:\/\/www.inteligenia.info\/home\/wp-json\/wp\/v2\/posts\/1417\/revisions"}],"predecessor-version":[{"id":1419,"href":"https:\/\/www.inteligenia.info\/home\/wp-json\/wp\/v2\/posts\/1417\/revisions\/1419"}],"wp:featuredmedia":[{"embeddable":true,"href":"https:\/\/www.inteligenia.info\/home\/wp-json\/wp\/v2\/media\/1418"}],"wp:attachment":[{"href":"https:\/\/www.inteligenia.info\/home\/wp-json\/wp\/v2\/media?parent=1417"}],"wp:term":[{"taxonomy":"category","embeddable":true,"href":"https:\/\/www.inteligenia.info\/home\/wp-json\/wp\/v2\/categories?post=1417"},{"taxonomy":"post_tag","embeddable":true,"href":"https:\/\/www.inteligenia.info\/home\/wp-json\/wp\/v2\/tags?post=1417"}],"curies":[{"name":"wp","href":"https:\/\/api.w.org\/{rel}","templated":true}]}}