{"id":1420,"date":"2026-02-20T09:17:16","date_gmt":"2026-02-20T09:17:16","guid":{"rendered":"https:\/\/www.inteligenia.info\/?p=1420"},"modified":"2026-02-20T10:06:44","modified_gmt":"2026-02-20T10:06:44","slug":"abrimos-proceso-de-seleccion-en-la-3a-edicion-del-programa-de-practicas-en-unidades-de-inteligencia-aplicada","status":"publish","type":"post","link":"https:\/\/www.inteligenia.info\/home\/abrimos-proceso-de-seleccion-en-la-3a-edicion-del-programa-de-practicas-en-unidades-de-inteligencia-aplicada\/","title":{"rendered":"Abrimos proceso de selecci\u00f3n en la 3\u00aa edici\u00f3n del Programa de Pr\u00e1cticas en Unidades de Inteligencia Aplicada"},"content":{"rendered":"\n<p>Concebimos las pr\u00e1cticas como un entorno real de aprendizaje estrat\u00e9gico. No como una experiencia complementaria, sino como un espacio de profesionalizaci\u00f3n en el que el estudiante se integra en din\u00e1micas propias del an\u00e1lisis de inteligencia y en metodolog\u00edas estructuradas de trabajo.<\/p>\n\n\n\n<p>Tras la consolidaci\u00f3n del modelo en anteriores convocatorias, lanzamos la <strong>3\u00aa edici\u00f3n del Programa de Pr\u00e1cticas en Unidades de Inteligencia Aplicada<\/strong>, reafirmando nuestro compromiso con la formaci\u00f3n especializada y el desarrollo de talento anal\u00edtico orientado a entornos estrat\u00e9gicos complejos.<\/p>\n\n\n\n<h3 class=\"wp-block-heading has-kubio-color-4-color has-text-color has-link-color wp-elements-073f210f1c61ef9ce167db6420f9178a\">Finalidad del programa<\/h3>\n\n\n\n<p>El programa tiene como objetivo complementar la formaci\u00f3n acad\u00e9mica mediante el desarrollo de competencias profesionales en an\u00e1lisis de inteligencia, facilitando una transici\u00f3n rigurosa, progresiva y estructurada hacia el entorno profesional.<\/p>\n\n\n\n<p>Se trata de un modelo dise\u00f1ado para reducir la brecha entre universidad y pr\u00e1ctica profesional, alineando el aprendizaje con procesos reales de an\u00e1lisis estrat\u00e9gico.<\/p>\n\n\n\n<h3 class=\"wp-block-heading has-kubio-color-4-color has-text-color has-link-color wp-elements-bc963541ce28a2e7d8f4d1e59f020e9a\">Modelo formativo<\/h3>\n\n\n\n<p>El programa se articula en torno a la creaci\u00f3n de <strong>Unidades de Inteligencia<\/strong> dise\u00f1adas espec\u00edficamente en funci\u00f3n de:<\/p>\n\n\n\n<ul class=\"wp-block-list\">\n<li>Perfil acad\u00e9mico del participante<\/li>\n\n\n\n<li>Intereses profesionales<\/li>\n\n\n\n<li>Conocimientos previos<\/li>\n\n\n\n<li>Objetivos formativos<\/li>\n<\/ul>\n\n\n\n<p>El modelo se fundamenta en:<\/p>\n\n\n\n<ul class=\"wp-block-list\">\n<li>Formaci\u00f3n aplicada<\/li>\n\n\n\n<li>Desarrollo de proyectos anal\u00edticos estructurados<\/li>\n\n\n\n<li>Simulaci\u00f3n de entornos estrat\u00e9gicos reales<\/li>\n\n\n\n<li>Modalidad online\u2013h\u00edbrida<\/li>\n\n\n\n<li>Tutorizaci\u00f3n continua por profesionales especializados<\/li>\n\n\n\n<li>Seguimiento individualizado y evaluaci\u00f3n progresiva del desempe\u00f1o<\/li>\n<\/ul>\n\n\n\n<p>Este enfoque permite trabajar competencias anal\u00edticas y colaborativas en un marco metodol\u00f3gico propio del an\u00e1lisis de inteligencia.<\/p>\n\n\n\n<h3 class=\"wp-block-heading has-kubio-color-4-color has-text-color has-link-color wp-elements-0b610f2a105670570839adcb7ab0d73d\">\u00c1mbitos de especializaci\u00f3n<\/h3>\n\n\n\n<p>El programa est\u00e1 dirigido a estudiantes y reci\u00e9n titulados que deseen orientar su desarrollo profesional en \u00e1reas como:<\/p>\n\n\n\n<ul class=\"wp-block-list\">\n<li>Seguridad y defensa<\/li>\n\n\n\n<li>Geopol\u00edtica<\/li>\n\n\n\n<li>Inteligencia econ\u00f3mica<\/li>\n\n\n\n<li>Inteligencia tecnol\u00f3gica<\/li>\n\n\n\n<li>An\u00e1lisis estrat\u00e9gico<\/li>\n<\/ul>\n\n\n\n<p>Durante el programa se aplican metodolog\u00edas propias del an\u00e1lisis de inteligencia, incluyendo:<\/p>\n\n\n\n<ul class=\"wp-block-list\">\n<li>An\u00e1lisis prospectivo<\/li>\n\n\n\n<li>An\u00e1lisis de situaci\u00f3n<\/li>\n\n\n\n<li>An\u00e1lisis de actores<\/li>\n\n\n\n<li>Monitorizaci\u00f3n estrat\u00e9gica<\/li>\n<\/ul>\n\n\n\n<h3 class=\"wp-block-heading has-kubio-color-4-color has-text-color has-link-color wp-elements-f43d70a17318e47c1f8845c702deb9cc\">Requisito indispensable<\/h3>\n\n\n\n<p>Para participar en el programa es imprescindible que la universidad o centro educativo del candidato permita la formalizaci\u00f3n de un convenio de pr\u00e1cticas.<\/p>\n\n\n\n<h3 class=\"wp-block-heading has-kubio-color-4-color has-text-color has-link-color wp-elements-26632177853f5be246ca6cda8d0135fe\">Valor formativo y profesional<\/h3>\n\n\n\n<p>La participaci\u00f3n en el programa permite:<\/p>\n\n\n\n<ul class=\"wp-block-list\">\n<li>Acceder a formaci\u00f3n pr\u00e1ctica especializada<\/li>\n\n\n\n<li>Desarrollar competencias anal\u00edticas y estrat\u00e9gicas<\/li>\n\n\n\n<li>Participar en simulaciones de trabajo profesional<\/li>\n\n\n\n<li>Adquirir experiencia estructurada en entornos de an\u00e1lisis<\/li>\n\n\n\n<li>Mejorar la preparaci\u00f3n para la inserci\u00f3n laboral en el \u00e1mbito de la inteligencia aplicada<\/li>\n<\/ul>\n\n\n\n<h3 class=\"wp-block-heading has-kubio-color-4-color has-text-color has-link-color wp-elements-2e04f07da5e51ca5e1e41d80bfbb9d56\">Proceso de candidatura<\/h3>\n\n\n\n<p>La recepci\u00f3n de candidaturas estar\u00e1 abierta hasta el <strong>2 de Marzo (incluido)<\/strong>.<\/p>\n\n\n\n<p>Las personas interesadas deber\u00e1n remitir su Curr\u00edculum Vitae a:<\/p>\n\n\n\n<p><strong><a>practicas@inteligenia.info<\/a><\/strong><\/p>\n\n\n<div class=\"wp-block-image\">\n<figure class=\"aligncenter size-large\"><img loading=\"lazy\" decoding=\"async\" width=\"1024\" height=\"683\" src=\"https:\/\/www.inteligenia.info\/wp-content\/uploads\/2026\/02\/ChatGPT-Image-20-feb-2026-10_12_09-1024x683.png\" alt=\"\" class=\"wp-image-1421\" srcset=\"https:\/\/www.inteligenia.info\/wp-content\/uploads\/2026\/02\/ChatGPT-Image-20-feb-2026-10_12_09-1024x683.png 1024w, https:\/\/www.inteligenia.info\/wp-content\/uploads\/2026\/02\/ChatGPT-Image-20-feb-2026-10_12_09-300x200.png 300w, https:\/\/www.inteligenia.info\/wp-content\/uploads\/2026\/02\/ChatGPT-Image-20-feb-2026-10_12_09-768x512.png 768w, https:\/\/www.inteligenia.info\/wp-content\/uploads\/2026\/02\/ChatGPT-Image-20-feb-2026-10_12_09.png 1536w\" sizes=\"(max-width: 1024px) 100vw, 1024px\" \/><\/figure>\n<\/div>","protected":false},"excerpt":{"rendered":"<p>Concebimos las pr\u00e1cticas como un entorno real de aprendizaje estrat\u00e9gico. No como una experiencia complementaria, sino como un espacio de profesionalizaci\u00f3n en el que el estudiante se integra en din\u00e1micas propias del an\u00e1lisis de inteligencia y en metodolog\u00edas estructuradas de trabajo. Tras la consolidaci\u00f3n del modelo en anteriores convocatorias, lanzamos la 3\u00aa edici\u00f3n del Programa [&hellip;]<\/p>\n","protected":false},"author":1,"featured_media":1422,"comment_status":"open","ping_status":"open","sticky":false,"template":"","format":"standard","meta":{"saved_in_kubio":false,"footnotes":""},"categories":[12],"tags":[],"class_list":["post-1420","post","type-post","status-publish","format-standard","has-post-thumbnail","hentry","category-noticias"],"yoast_head":"<!-- This site is optimized with the Yoast SEO plugin v27.0 - https:\/\/yoast.com\/product\/yoast-seo-wordpress\/ -->\n<title>Abrimos proceso de selecci\u00f3n en la 3\u00aa edici\u00f3n del Programa de Pr\u00e1cticas en Unidades de Inteligencia Aplicada - Inteligenia<\/title>\n<meta name=\"robots\" content=\"index, follow, max-snippet:-1, max-image-preview:large, max-video-preview:-1\" \/>\n<link rel=\"canonical\" href=\"https:\/\/www.inteligenia.info\/home\/abrimos-proceso-de-seleccion-en-la-3a-edicion-del-programa-de-practicas-en-unidades-de-inteligencia-aplicada\/\" \/>\n<meta property=\"og:locale\" content=\"es_ES\" \/>\n<meta property=\"og:type\" content=\"article\" \/>\n<meta property=\"og:title\" content=\"Abrimos proceso de selecci\u00f3n en la 3\u00aa edici\u00f3n del Programa de Pr\u00e1cticas en Unidades de Inteligencia Aplicada - Inteligenia\" \/>\n<meta property=\"og:description\" content=\"Concebimos las pr\u00e1cticas como un entorno real de aprendizaje estrat\u00e9gico. No como una experiencia complementaria, sino como un espacio de profesionalizaci\u00f3n en el que el estudiante se integra en din\u00e1micas propias del an\u00e1lisis de inteligencia y en metodolog\u00edas estructuradas de trabajo. Tras la consolidaci\u00f3n del modelo en anteriores convocatorias, lanzamos la 3\u00aa edici\u00f3n del Programa [&hellip;]\" \/>\n<meta property=\"og:url\" content=\"https:\/\/www.inteligenia.info\/home\/abrimos-proceso-de-seleccion-en-la-3a-edicion-del-programa-de-practicas-en-unidades-de-inteligencia-aplicada\/\" \/>\n<meta property=\"og:site_name\" content=\"Inteligenia\" \/>\n<meta property=\"article:published_time\" content=\"2026-02-20T09:17:16+00:00\" \/>\n<meta property=\"article:modified_time\" content=\"2026-02-20T10:06:44+00:00\" \/>\n<meta property=\"og:image\" content=\"https:\/\/www.inteligenia.info\/wp-content\/uploads\/2026\/02\/ChatGPT-Image-20-feb-2026-10_12_14-1024x683.png\" \/>\n\t<meta property=\"og:image:width\" content=\"1024\" \/>\n\t<meta property=\"og:image:height\" content=\"683\" \/>\n\t<meta property=\"og:image:type\" content=\"image\/png\" \/>\n<meta name=\"author\" content=\"admin\" \/>\n<meta name=\"twitter:card\" content=\"summary_large_image\" \/>\n<meta name=\"twitter:creator\" content=\"@INTELIGENIA_\" \/>\n<meta name=\"twitter:site\" content=\"@INTELIGENIA_\" \/>\n<meta name=\"twitter:label1\" content=\"Escrito por\" \/>\n\t<meta name=\"twitter:data1\" content=\"admin\" \/>\n\t<meta name=\"twitter:label2\" content=\"Tiempo de lectura\" \/>\n\t<meta name=\"twitter:data2\" content=\"3 minutos\" \/>\n<script type=\"application\/ld+json\" class=\"yoast-schema-graph\">{\"@context\":\"https:\/\/schema.org\",\"@graph\":[{\"@type\":\"Article\",\"@id\":\"https:\/\/www.inteligenia.info\/home\/abrimos-proceso-de-seleccion-en-la-3a-edicion-del-programa-de-practicas-en-unidades-de-inteligencia-aplicada\/#article\",\"isPartOf\":{\"@id\":\"https:\/\/www.inteligenia.info\/home\/abrimos-proceso-de-seleccion-en-la-3a-edicion-del-programa-de-practicas-en-unidades-de-inteligencia-aplicada\/\"},\"author\":{\"name\":\"admin\",\"@id\":\"https:\/\/www.inteligenia.info\/home\/#\/schema\/person\/1bf90ee63c207f611a224f9c17dbf031\"},\"headline\":\"Abrimos proceso de selecci\u00f3n en la 3\u00aa edici\u00f3n del Programa de Pr\u00e1cticas en Unidades de Inteligencia Aplicada\",\"datePublished\":\"2026-02-20T09:17:16+00:00\",\"dateModified\":\"2026-02-20T10:06:44+00:00\",\"mainEntityOfPage\":{\"@id\":\"https:\/\/www.inteligenia.info\/home\/abrimos-proceso-de-seleccion-en-la-3a-edicion-del-programa-de-practicas-en-unidades-de-inteligencia-aplicada\/\"},\"wordCount\":449,\"commentCount\":0,\"publisher\":{\"@id\":\"https:\/\/www.inteligenia.info\/home\/#organization\"},\"image\":{\"@id\":\"https:\/\/www.inteligenia.info\/home\/abrimos-proceso-de-seleccion-en-la-3a-edicion-del-programa-de-practicas-en-unidades-de-inteligencia-aplicada\/#primaryimage\"},\"thumbnailUrl\":\"https:\/\/www.inteligenia.info\/wp-content\/uploads\/2026\/02\/ChatGPT-Image-20-feb-2026-10_12_14.png\",\"articleSection\":[\"Noticias\"],\"inLanguage\":\"es\",\"potentialAction\":[{\"@type\":\"CommentAction\",\"name\":\"Comment\",\"target\":[\"https:\/\/www.inteligenia.info\/home\/abrimos-proceso-de-seleccion-en-la-3a-edicion-del-programa-de-practicas-en-unidades-de-inteligencia-aplicada\/#respond\"]}]},{\"@type\":\"WebPage\",\"@id\":\"https:\/\/www.inteligenia.info\/home\/abrimos-proceso-de-seleccion-en-la-3a-edicion-del-programa-de-practicas-en-unidades-de-inteligencia-aplicada\/\",\"url\":\"https:\/\/www.inteligenia.info\/home\/abrimos-proceso-de-seleccion-en-la-3a-edicion-del-programa-de-practicas-en-unidades-de-inteligencia-aplicada\/\",\"name\":\"Abrimos proceso de selecci\u00f3n en la 3\u00aa edici\u00f3n del Programa de Pr\u00e1cticas en Unidades de Inteligencia Aplicada - Inteligenia\",\"isPartOf\":{\"@id\":\"https:\/\/www.inteligenia.info\/home\/#website\"},\"primaryImageOfPage\":{\"@id\":\"https:\/\/www.inteligenia.info\/home\/abrimos-proceso-de-seleccion-en-la-3a-edicion-del-programa-de-practicas-en-unidades-de-inteligencia-aplicada\/#primaryimage\"},\"image\":{\"@id\":\"https:\/\/www.inteligenia.info\/home\/abrimos-proceso-de-seleccion-en-la-3a-edicion-del-programa-de-practicas-en-unidades-de-inteligencia-aplicada\/#primaryimage\"},\"thumbnailUrl\":\"https:\/\/www.inteligenia.info\/wp-content\/uploads\/2026\/02\/ChatGPT-Image-20-feb-2026-10_12_14.png\",\"datePublished\":\"2026-02-20T09:17:16+00:00\",\"dateModified\":\"2026-02-20T10:06:44+00:00\",\"breadcrumb\":{\"@id\":\"https:\/\/www.inteligenia.info\/home\/abrimos-proceso-de-seleccion-en-la-3a-edicion-del-programa-de-practicas-en-unidades-de-inteligencia-aplicada\/#breadcrumb\"},\"inLanguage\":\"es\",\"potentialAction\":[{\"@type\":\"ReadAction\",\"target\":[\"https:\/\/www.inteligenia.info\/home\/abrimos-proceso-de-seleccion-en-la-3a-edicion-del-programa-de-practicas-en-unidades-de-inteligencia-aplicada\/\"]}]},{\"@type\":\"ImageObject\",\"inLanguage\":\"es\",\"@id\":\"https:\/\/www.inteligenia.info\/home\/abrimos-proceso-de-seleccion-en-la-3a-edicion-del-programa-de-practicas-en-unidades-de-inteligencia-aplicada\/#primaryimage\",\"url\":\"https:\/\/www.inteligenia.info\/wp-content\/uploads\/2026\/02\/ChatGPT-Image-20-feb-2026-10_12_14.png\",\"contentUrl\":\"https:\/\/www.inteligenia.info\/wp-content\/uploads\/2026\/02\/ChatGPT-Image-20-feb-2026-10_12_14.png\",\"width\":1536,\"height\":1024},{\"@type\":\"BreadcrumbList\",\"@id\":\"https:\/\/www.inteligenia.info\/home\/abrimos-proceso-de-seleccion-en-la-3a-edicion-del-programa-de-practicas-en-unidades-de-inteligencia-aplicada\/#breadcrumb\",\"itemListElement\":[{\"@type\":\"ListItem\",\"position\":1,\"name\":\"Portada\",\"item\":\"https:\/\/www.inteligenia.info\/home\/\"},{\"@type\":\"ListItem\",\"position\":2,\"name\":\"Abrimos proceso de selecci\u00f3n en la 3\u00aa edici\u00f3n del Programa de Pr\u00e1cticas en Unidades de Inteligencia Aplicada\"}]},{\"@type\":\"WebSite\",\"@id\":\"https:\/\/www.inteligenia.info\/home\/#website\",\"url\":\"https:\/\/www.inteligenia.info\/home\/\",\"name\":\"Inteligenia\",\"description\":\"\",\"publisher\":{\"@id\":\"https:\/\/www.inteligenia.info\/home\/#organization\"},\"potentialAction\":[{\"@type\":\"SearchAction\",\"target\":{\"@type\":\"EntryPoint\",\"urlTemplate\":\"https:\/\/www.inteligenia.info\/home\/?s={search_term_string}\"},\"query-input\":{\"@type\":\"PropertyValueSpecification\",\"valueRequired\":true,\"valueName\":\"search_term_string\"}}],\"inLanguage\":\"es\"},{\"@type\":\"Organization\",\"@id\":\"https:\/\/www.inteligenia.info\/home\/#organization\",\"name\":\"Inteligenia\",\"url\":\"https:\/\/www.inteligenia.info\/home\/\",\"logo\":{\"@type\":\"ImageObject\",\"inLanguage\":\"es\",\"@id\":\"https:\/\/www.inteligenia.info\/home\/#\/schema\/logo\/image\/\",\"url\":\"https:\/\/www.inteligenia.info\/wp-content\/uploads\/2024\/06\/transparent_logo-1-e1718047668142.png\",\"contentUrl\":\"https:\/\/www.inteligenia.info\/wp-content\/uploads\/2024\/06\/transparent_logo-1-e1718047668142.png\",\"width\":674,\"height\":141,\"caption\":\"Inteligenia\"},\"image\":{\"@id\":\"https:\/\/www.inteligenia.info\/home\/#\/schema\/logo\/image\/\"},\"sameAs\":[\"https:\/\/x.com\/INTELIGENIA_\",\"https:\/\/www.linkedin.com\/company\/inteligenia\/?viewAsMember=true\"]},{\"@type\":\"Person\",\"@id\":\"https:\/\/www.inteligenia.info\/home\/#\/schema\/person\/1bf90ee63c207f611a224f9c17dbf031\",\"name\":\"admin\",\"image\":{\"@type\":\"ImageObject\",\"inLanguage\":\"es\",\"@id\":\"https:\/\/www.inteligenia.info\/home\/#\/schema\/person\/image\/\",\"url\":\"https:\/\/secure.gravatar.com\/avatar\/ed712be762908ac190eb3beb8cf9efb0dc9c425bd7b69d40ba8746efca2909c6?s=96&d=mm&r=g\",\"contentUrl\":\"https:\/\/secure.gravatar.com\/avatar\/ed712be762908ac190eb3beb8cf9efb0dc9c425bd7b69d40ba8746efca2909c6?s=96&d=mm&r=g\",\"caption\":\"admin\"},\"sameAs\":[\"http:\/\/www.inteligenia.info\"],\"url\":\"https:\/\/www.inteligenia.info\/home\/author\/admin\/\"}]}<\/script>\n<!-- \/ Yoast SEO plugin. -->","yoast_head_json":{"title":"Abrimos proceso de selecci\u00f3n en la 3\u00aa edici\u00f3n del Programa de Pr\u00e1cticas en Unidades de Inteligencia Aplicada - Inteligenia","robots":{"index":"index","follow":"follow","max-snippet":"max-snippet:-1","max-image-preview":"max-image-preview:large","max-video-preview":"max-video-preview:-1"},"canonical":"https:\/\/www.inteligenia.info\/home\/abrimos-proceso-de-seleccion-en-la-3a-edicion-del-programa-de-practicas-en-unidades-de-inteligencia-aplicada\/","og_locale":"es_ES","og_type":"article","og_title":"Abrimos proceso de selecci\u00f3n en la 3\u00aa edici\u00f3n del Programa de Pr\u00e1cticas en Unidades de Inteligencia Aplicada - Inteligenia","og_description":"Concebimos las pr\u00e1cticas como un entorno real de aprendizaje estrat\u00e9gico. No como una experiencia complementaria, sino como un espacio de profesionalizaci\u00f3n en el que el estudiante se integra en din\u00e1micas propias del an\u00e1lisis de inteligencia y en metodolog\u00edas estructuradas de trabajo. Tras la consolidaci\u00f3n del modelo en anteriores convocatorias, lanzamos la 3\u00aa edici\u00f3n del Programa [&hellip;]","og_url":"https:\/\/www.inteligenia.info\/home\/abrimos-proceso-de-seleccion-en-la-3a-edicion-del-programa-de-practicas-en-unidades-de-inteligencia-aplicada\/","og_site_name":"Inteligenia","article_published_time":"2026-02-20T09:17:16+00:00","article_modified_time":"2026-02-20T10:06:44+00:00","og_image":[{"width":1024,"height":683,"url":"https:\/\/www.inteligenia.info\/wp-content\/uploads\/2026\/02\/ChatGPT-Image-20-feb-2026-10_12_14-1024x683.png","type":"image\/png"}],"author":"admin","twitter_card":"summary_large_image","twitter_creator":"@INTELIGENIA_","twitter_site":"@INTELIGENIA_","twitter_misc":{"Escrito por":"admin","Tiempo de lectura":"3 minutos"},"schema":{"@context":"https:\/\/schema.org","@graph":[{"@type":"Article","@id":"https:\/\/www.inteligenia.info\/home\/abrimos-proceso-de-seleccion-en-la-3a-edicion-del-programa-de-practicas-en-unidades-de-inteligencia-aplicada\/#article","isPartOf":{"@id":"https:\/\/www.inteligenia.info\/home\/abrimos-proceso-de-seleccion-en-la-3a-edicion-del-programa-de-practicas-en-unidades-de-inteligencia-aplicada\/"},"author":{"name":"admin","@id":"https:\/\/www.inteligenia.info\/home\/#\/schema\/person\/1bf90ee63c207f611a224f9c17dbf031"},"headline":"Abrimos proceso de selecci\u00f3n en la 3\u00aa edici\u00f3n del Programa de Pr\u00e1cticas en Unidades de Inteligencia Aplicada","datePublished":"2026-02-20T09:17:16+00:00","dateModified":"2026-02-20T10:06:44+00:00","mainEntityOfPage":{"@id":"https:\/\/www.inteligenia.info\/home\/abrimos-proceso-de-seleccion-en-la-3a-edicion-del-programa-de-practicas-en-unidades-de-inteligencia-aplicada\/"},"wordCount":449,"commentCount":0,"publisher":{"@id":"https:\/\/www.inteligenia.info\/home\/#organization"},"image":{"@id":"https:\/\/www.inteligenia.info\/home\/abrimos-proceso-de-seleccion-en-la-3a-edicion-del-programa-de-practicas-en-unidades-de-inteligencia-aplicada\/#primaryimage"},"thumbnailUrl":"https:\/\/www.inteligenia.info\/wp-content\/uploads\/2026\/02\/ChatGPT-Image-20-feb-2026-10_12_14.png","articleSection":["Noticias"],"inLanguage":"es","potentialAction":[{"@type":"CommentAction","name":"Comment","target":["https:\/\/www.inteligenia.info\/home\/abrimos-proceso-de-seleccion-en-la-3a-edicion-del-programa-de-practicas-en-unidades-de-inteligencia-aplicada\/#respond"]}]},{"@type":"WebPage","@id":"https:\/\/www.inteligenia.info\/home\/abrimos-proceso-de-seleccion-en-la-3a-edicion-del-programa-de-practicas-en-unidades-de-inteligencia-aplicada\/","url":"https:\/\/www.inteligenia.info\/home\/abrimos-proceso-de-seleccion-en-la-3a-edicion-del-programa-de-practicas-en-unidades-de-inteligencia-aplicada\/","name":"Abrimos proceso de selecci\u00f3n en la 3\u00aa edici\u00f3n del Programa de Pr\u00e1cticas en Unidades de Inteligencia Aplicada - Inteligenia","isPartOf":{"@id":"https:\/\/www.inteligenia.info\/home\/#website"},"primaryImageOfPage":{"@id":"https:\/\/www.inteligenia.info\/home\/abrimos-proceso-de-seleccion-en-la-3a-edicion-del-programa-de-practicas-en-unidades-de-inteligencia-aplicada\/#primaryimage"},"image":{"@id":"https:\/\/www.inteligenia.info\/home\/abrimos-proceso-de-seleccion-en-la-3a-edicion-del-programa-de-practicas-en-unidades-de-inteligencia-aplicada\/#primaryimage"},"thumbnailUrl":"https:\/\/www.inteligenia.info\/wp-content\/uploads\/2026\/02\/ChatGPT-Image-20-feb-2026-10_12_14.png","datePublished":"2026-02-20T09:17:16+00:00","dateModified":"2026-02-20T10:06:44+00:00","breadcrumb":{"@id":"https:\/\/www.inteligenia.info\/home\/abrimos-proceso-de-seleccion-en-la-3a-edicion-del-programa-de-practicas-en-unidades-de-inteligencia-aplicada\/#breadcrumb"},"inLanguage":"es","potentialAction":[{"@type":"ReadAction","target":["https:\/\/www.inteligenia.info\/home\/abrimos-proceso-de-seleccion-en-la-3a-edicion-del-programa-de-practicas-en-unidades-de-inteligencia-aplicada\/"]}]},{"@type":"ImageObject","inLanguage":"es","@id":"https:\/\/www.inteligenia.info\/home\/abrimos-proceso-de-seleccion-en-la-3a-edicion-del-programa-de-practicas-en-unidades-de-inteligencia-aplicada\/#primaryimage","url":"https:\/\/www.inteligenia.info\/wp-content\/uploads\/2026\/02\/ChatGPT-Image-20-feb-2026-10_12_14.png","contentUrl":"https:\/\/www.inteligenia.info\/wp-content\/uploads\/2026\/02\/ChatGPT-Image-20-feb-2026-10_12_14.png","width":1536,"height":1024},{"@type":"BreadcrumbList","@id":"https:\/\/www.inteligenia.info\/home\/abrimos-proceso-de-seleccion-en-la-3a-edicion-del-programa-de-practicas-en-unidades-de-inteligencia-aplicada\/#breadcrumb","itemListElement":[{"@type":"ListItem","position":1,"name":"Portada","item":"https:\/\/www.inteligenia.info\/home\/"},{"@type":"ListItem","position":2,"name":"Abrimos proceso de selecci\u00f3n en la 3\u00aa edici\u00f3n del Programa de Pr\u00e1cticas en Unidades de Inteligencia Aplicada"}]},{"@type":"WebSite","@id":"https:\/\/www.inteligenia.info\/home\/#website","url":"https:\/\/www.inteligenia.info\/home\/","name":"Inteligenia","description":"","publisher":{"@id":"https:\/\/www.inteligenia.info\/home\/#organization"},"potentialAction":[{"@type":"SearchAction","target":{"@type":"EntryPoint","urlTemplate":"https:\/\/www.inteligenia.info\/home\/?s={search_term_string}"},"query-input":{"@type":"PropertyValueSpecification","valueRequired":true,"valueName":"search_term_string"}}],"inLanguage":"es"},{"@type":"Organization","@id":"https:\/\/www.inteligenia.info\/home\/#organization","name":"Inteligenia","url":"https:\/\/www.inteligenia.info\/home\/","logo":{"@type":"ImageObject","inLanguage":"es","@id":"https:\/\/www.inteligenia.info\/home\/#\/schema\/logo\/image\/","url":"https:\/\/www.inteligenia.info\/wp-content\/uploads\/2024\/06\/transparent_logo-1-e1718047668142.png","contentUrl":"https:\/\/www.inteligenia.info\/wp-content\/uploads\/2024\/06\/transparent_logo-1-e1718047668142.png","width":674,"height":141,"caption":"Inteligenia"},"image":{"@id":"https:\/\/www.inteligenia.info\/home\/#\/schema\/logo\/image\/"},"sameAs":["https:\/\/x.com\/INTELIGENIA_","https:\/\/www.linkedin.com\/company\/inteligenia\/?viewAsMember=true"]},{"@type":"Person","@id":"https:\/\/www.inteligenia.info\/home\/#\/schema\/person\/1bf90ee63c207f611a224f9c17dbf031","name":"admin","image":{"@type":"ImageObject","inLanguage":"es","@id":"https:\/\/www.inteligenia.info\/home\/#\/schema\/person\/image\/","url":"https:\/\/secure.gravatar.com\/avatar\/ed712be762908ac190eb3beb8cf9efb0dc9c425bd7b69d40ba8746efca2909c6?s=96&d=mm&r=g","contentUrl":"https:\/\/secure.gravatar.com\/avatar\/ed712be762908ac190eb3beb8cf9efb0dc9c425bd7b69d40ba8746efca2909c6?s=96&d=mm&r=g","caption":"admin"},"sameAs":["http:\/\/www.inteligenia.info"],"url":"https:\/\/www.inteligenia.info\/home\/author\/admin\/"}]}},"_links":{"self":[{"href":"https:\/\/www.inteligenia.info\/home\/wp-json\/wp\/v2\/posts\/1420","targetHints":{"allow":["GET"]}}],"collection":[{"href":"https:\/\/www.inteligenia.info\/home\/wp-json\/wp\/v2\/posts"}],"about":[{"href":"https:\/\/www.inteligenia.info\/home\/wp-json\/wp\/v2\/types\/post"}],"author":[{"embeddable":true,"href":"https:\/\/www.inteligenia.info\/home\/wp-json\/wp\/v2\/users\/1"}],"replies":[{"embeddable":true,"href":"https:\/\/www.inteligenia.info\/home\/wp-json\/wp\/v2\/comments?post=1420"}],"version-history":[{"count":2,"href":"https:\/\/www.inteligenia.info\/home\/wp-json\/wp\/v2\/posts\/1420\/revisions"}],"predecessor-version":[{"id":1424,"href":"https:\/\/www.inteligenia.info\/home\/wp-json\/wp\/v2\/posts\/1420\/revisions\/1424"}],"wp:featuredmedia":[{"embeddable":true,"href":"https:\/\/www.inteligenia.info\/home\/wp-json\/wp\/v2\/media\/1422"}],"wp:attachment":[{"href":"https:\/\/www.inteligenia.info\/home\/wp-json\/wp\/v2\/media?parent=1420"}],"wp:term":[{"taxonomy":"category","embeddable":true,"href":"https:\/\/www.inteligenia.info\/home\/wp-json\/wp\/v2\/categories?post=1420"},{"taxonomy":"post_tag","embeddable":true,"href":"https:\/\/www.inteligenia.info\/home\/wp-json\/wp\/v2\/tags?post=1420"}],"curies":[{"name":"wp","href":"https:\/\/api.w.org\/{rel}","templated":true}]}}