{"id":1447,"date":"2026-03-26T07:33:57","date_gmt":"2026-03-26T07:33:57","guid":{"rendered":"https:\/\/www.inteligenia.info\/?p=1447"},"modified":"2026-03-26T07:33:58","modified_gmt":"2026-03-26T07:33:58","slug":"soberania-y-defensa-del-territorio-espanol-amenazas-desafios-y-necesidades","status":"publish","type":"post","link":"https:\/\/www.inteligenia.info\/home\/soberania-y-defensa-del-territorio-espanol-amenazas-desafios-y-necesidades\/","title":{"rendered":"Soberan\u00eda y defensa del territorio espa\u00f1ol: amenazas, desaf\u00edos y necesidades"},"content":{"rendered":"\n<hr class=\"wp-block-separator has-css-opacity is-style-default\"\/>\n\n\n<div class=\"wp-block-image is-style-rounded\">\n<figure class=\"aligncenter size-large is-resized\"><img loading=\"lazy\" decoding=\"async\" width=\"1024\" height=\"1024\" src=\"https:\/\/www.inteligenia.info\/wp-content\/uploads\/2026\/03\/Imagen-Javier-Pena-1024x1024.jpeg\" alt=\"\" class=\"wp-image-1448\" style=\"width:306px;height:auto\" srcset=\"https:\/\/www.inteligenia.info\/wp-content\/uploads\/2026\/03\/Imagen-Javier-Pena-1024x1024.jpeg 1024w, https:\/\/www.inteligenia.info\/wp-content\/uploads\/2026\/03\/Imagen-Javier-Pena-300x300.jpeg 300w, https:\/\/www.inteligenia.info\/wp-content\/uploads\/2026\/03\/Imagen-Javier-Pena-150x150.jpeg 150w, https:\/\/www.inteligenia.info\/wp-content\/uploads\/2026\/03\/Imagen-Javier-Pena-768x768.jpeg 768w, https:\/\/www.inteligenia.info\/wp-content\/uploads\/2026\/03\/Imagen-Javier-Pena-1080x1080.jpeg 1080w, https:\/\/www.inteligenia.info\/wp-content\/uploads\/2026\/03\/Imagen-Javier-Pena.jpeg 1440w\" sizes=\"(max-width: 1024px) 100vw, 1024px\" \/><\/figure>\n<\/div>\n\n\n<blockquote class=\"wp-block-quote has-text-align-center is-style-large is-layout-flow wp-block-quote-is-layout-flow\">\n<p class=\"has-kubio-color-1-color has-text-color has-link-color wp-elements-b5a8384772b7f4f4e0ccd6b78cf569e6\" style=\"font-size:18px\"><strong>Francisco Javier Pe\u00f1a Hern\u00e1ndez<\/strong> es analista de inteligencia con especial inter\u00e9s en la actualidad geopol\u00edtica, los conflictos internacionales, la seguridad y la defensa.<\/p>\n\n\n\n<p class=\"has-kubio-color-1-color has-text-color has-link-color wp-elements-82bf12c37ccd15f1df9de3a1c230b43d\" style=\"font-size:18px\">Se ha formado en los grados de Ingenier\u00eda Inform\u00e1tica y Administraci\u00f3n y Direcci\u00f3n de Empresas de la Universidad Complutense de Madrid, as\u00ed como en el M\u00e1ster de Analista de Inteligencia de LISA Institute.<\/p>\n\n\n\n<p class=\"has-kubio-color-1-color has-text-color has-link-color wp-elements-4ce43cc92906edfbafddda9c81b99cd8\" style=\"font-size:18px\">Cuenta con experiencia profesional en sectores como la ciberseguridad corporativa, el an\u00e1lisis de datos y la inteligencia estrat\u00e9gica, y publica art\u00edculos sobre pol\u00edtica internacional, conflictos armados y organizaciones terroristas.<\/p>\n\n\n\n<p class=\"has-kubio-color-1-color has-text-color has-link-color wp-elements-8dc99fcccb48a66696bb31c352009f61\" style=\"font-size:18px\">Actualmente se encuentra preparando la oposici\u00f3n para el acceso a la escala de tropa del Ej\u00e9rcito de Tierra.<\/p>\n\n\n<\/blockquote>\n\n\n\n<hr class=\"wp-block-separator has-css-opacity is-style-default\"\/>\n\n\n\n<h3 class=\"wp-block-heading has-kubio-color-4-color has-text-color has-link-color wp-elements-fa0e1acd1b9359191f982b69a9056fa9\"><strong>Introducci\u00f3n<\/strong><\/h3>\n\n\n\n<p>&nbsp;&nbsp;&nbsp;&nbsp;&nbsp;&nbsp;&nbsp;&nbsp;&nbsp;&nbsp;&nbsp; La soberan\u00eda territorial constituye uno de los pilares fundamentales sobre los que se construye y sostiene el Estado moderno. En el caso de Espa\u00f1a, esta soberan\u00eda se manifiesta en la capacidad de ejercer control pol\u00edtico, jur\u00eddico y militar en el territorio peninsular, las islas Canarias y Baleares, y las Ciudades Aut\u00f3nomas de Ceuta y Melilla. De igual forma, se debe garantizar la integridad de sus fronteras, la seguridad de sus ciudadanos y la continuidad de sus instituciones. Sin embargo, las amenazas a la soberan\u00eda de un Estado ya no pueden entenderse \u00fanicamente como el riesgo integral de sus fronteras. La globalizaci\u00f3n, la interdependencia econ\u00f3mica, la proliferaci\u00f3n de las amenazas h\u00edbridas y la transformaci\u00f3n tecnol\u00f3gica han ampliado el campo de batalla m\u00e1s all\u00e1 de lo estrictamente militar, <strong>situando a los Estados en un entorno cada vez m\u00e1s complejo y multidimensional<\/strong>. Espa\u00f1a, por su posici\u00f3n geogr\u00e1fica y su pertenencia a estructuras como la OTAN y la Uni\u00f3n Europea, se encuentran en un entorno particularmente sensible donde convergen riesgos internos, presiones externas y amenazas emergentes.<\/p>\n\n\n\n<p>&nbsp;&nbsp;&nbsp;&nbsp;&nbsp;&nbsp;&nbsp;&nbsp;&nbsp;&nbsp;&nbsp; La ubicaci\u00f3n de Espa\u00f1a, en la frontera suroeste del continente europeo, le otorga una relevancia geopol\u00edtica singular. El pa\u00eds cuenta con acceso directo al Mediterr\u00e1neo, el Atl\u00e1ntico y al estrecho de Gibraltar, uno de los pasos mar\u00edtimos m\u00e1s importantes del mundo. Adem\u00e1s, la soberan\u00eda espa\u00f1ola incluye territorios no peninsulares como las Islas Baleares, las Islas Canarias, Ceuta y Melilla, espacios que presentan ventajas y vulnerabilidades espec\u00edficas. <strong>Esta realidad territorial convierte a Espa\u00f1a en un actor clave en la estabilidad del flanco sur de la OTAN<\/strong>, pero tambi\u00e9n en un pa\u00eds expuesto a din\u00e1micas de inseguridad procedentes del norte de \u00c1frica, el Sahel, y las rutas migratorias y comerciales que atraviesan la regi\u00f3n.<\/p>\n\n\n\n<p>En t\u00e9rminos hist\u00f3ricos, la amenaza militar convencional ha sido uno de los principales desaf\u00edos a la soberan\u00eda de los Estados. Aunque en Europa occidental la probabilidad de un conflicto a gran escala parec\u00eda reducida, <strong>la guerra en Ucrania ha demostrado que las campa\u00f1as militares no han desaparecido del continente<\/strong>. La reaparici\u00f3n de la guerra convencional reactiv\u00f3 el debate sobre la necesidad de reforzar las capacidades defensivas europeas, incrementar los presupuestos militares y garantizar la preparaci\u00f3n ante escenarios de alta intensidad. Algunas de las consecuencias m\u00e1s evidentes son la imposici\u00f3n del objetivo de inversi\u00f3n del 5% del PIB en defensa para los miembros de la OTAN y el proceso de rearme que est\u00e1n protagonizando la mayor\u00eda de los pa\u00edses europeos. En el caso de Espa\u00f1a, aunque la amenaza de una invasi\u00f3n directa resulta improbable, esta situaci\u00f3n global puede ser aprovechada para dar un paso adelante en t\u00e9rminos de formaci\u00f3n y equipamiento de las Fuerzas Armadas.<\/p>\n\n\n\n<h3 class=\"wp-block-heading has-kubio-color-4-color has-text-color has-link-color wp-elements-92886320a60fdb2464d2716f09c12844\"><strong>Principales amenazas del entorno estrat\u00e9gico de Espa\u00f1a<\/strong><\/h3>\n\n\n\n<p>&nbsp;&nbsp;&nbsp;&nbsp;&nbsp;&nbsp;&nbsp;&nbsp;&nbsp;&nbsp;&nbsp; El principal desaf\u00edo persistente para la soberan\u00eda espa\u00f1ola es la inestabilidad estructural de su frontera sur. <strong>El Sahel se ha convertido en una de las regiones m\u00e1s conflictivas del mundo<\/strong> con la expansi\u00f3n de grupos yihadistas, como JNIM y el Estado Isl\u00e1mico, golpes de Estado recurrentes y la creciente influencia de actores externos como Rusia y China. <strong>Esta inestabilidad tiene efectos directos sobre Espa\u00f1a<\/strong>, tanto por el riesgo de expansi\u00f3n del terrorismo, como por el incremento de los flujos migratorios irregulares y el fortalecimiento de redes criminales transnacionales. La seguridad espa\u00f1ola est\u00e1 estrechamente vinculada a la estabilidad del norte de \u00c1frica y del Sahel, lo que obliga a mantener una pol\u00edtica exterior activa y unas Fuerzas Armadas capaces de participar en misiones internacionales de estabilizaci\u00f3n, disuasi\u00f3n y cooperaci\u00f3n estrat\u00e9gica en materia de seguridad.<\/p>\n\n\n\n<p>&nbsp;&nbsp;&nbsp;&nbsp;&nbsp;&nbsp;&nbsp;&nbsp;&nbsp;&nbsp;&nbsp; El <strong>terrorismo<\/strong> sigue siendo una de las principales amenazas para la seguridad interior espa\u00f1ola. La <strong>radicalizaci\u00f3n<\/strong> a trav\u00e9s de internet, la posibilidad de atentados perpetrados por lobos solitarios y la inestabilidad generada por conflictos regionales como los de Oriente Medio o el Sahel representan riesgos persistentes, tanto para Europa en su conjunto, como para Espa\u00f1a en particular. En este sentido, las labores de prevenci\u00f3n son esenciales, especialmente las llevadas a cabo por la Polic\u00eda Nacional, la Guardia Civil y los servicios de <strong>inteligencia<\/strong>, que en muchas ocasiones hacen uso de redes de colaboraci\u00f3n internacionales.<\/p>\n\n\n\n<p>&nbsp;&nbsp;&nbsp;&nbsp;&nbsp;&nbsp;&nbsp;&nbsp;&nbsp;&nbsp;&nbsp; Adem\u00e1s, el crimen organizado se ha convertido en un desaf\u00edo creciente para el Estado espa\u00f1ol. Las <strong>redes dedicadas al narcotr\u00e1fico<\/strong>, el tr\u00e1fico de armas o a la trata de personas operan en zonas fronterizas y mar\u00edtimas de especial sensibilidad, como el Estrecho de Gibraltar, las rutas atl\u00e1nticas hacia Canarias o las costas de Andaluc\u00eda y Galicia. En este sentido, la defensa nacional requiere de una coordinaci\u00f3n cada vez m\u00e1s estrecha entre defensa, seguridad interior y la vigilancia mar\u00edtima, as\u00ed como el refuerzo de las capacidades tecnol\u00f3gicas y operativas para controlar espacios de inter\u00e9s.<\/p>\n\n\n\n<p>&nbsp;&nbsp;&nbsp;&nbsp;&nbsp;&nbsp;&nbsp;&nbsp;&nbsp;&nbsp;&nbsp; Sin embargo, las amenazas m\u00e1s determinantes del siglo XXI son aquellas que se sit\u00faan en las llamadas <strong>zonas grises<\/strong>. La soberan\u00eda ya no se ataca \u00fanicamente mediante ej\u00e9rcitos, sino tambi\u00e9n a trav\u00e9s de ciberataques, campa\u00f1as de desinformaci\u00f3n, presi\u00f3n econ\u00f3mica y manipulaci\u00f3n social. Espa\u00f1a, como potencia media altamente digitalizada, es <strong>altamente susceptible de sufrir ataques contra infraestructuras cr\u00edticas<\/strong>, como sistemas financieros, redes energ\u00e9ticas o instituciones p\u00fablicas. La ciberdefensa y la ciberinteligencia, por tanto, se han convertido en una prioridad estrat\u00e9gica, obligando a las Fuerzas Armadas y los Cuerpos de Seguridad del Estado a desarrollar nuevas unidades especializadas, invertir en capacidades tecnol\u00f3gicas avanzadas y coordinarse con actores p\u00fablicos y privados.<\/p>\n\n\n<div class=\"wp-block-image\">\n<figure class=\"aligncenter size-full\"><img loading=\"lazy\" decoding=\"async\" width=\"567\" height=\"314\" src=\"https:\/\/www.inteligenia.info\/wp-content\/uploads\/2026\/03\/image.gif\" alt=\"\" class=\"wp-image-1449\"\/><\/figure>\n<\/div>\n\n\n<p class=\"has-text-align-center\">Imagen 1: Captura de pantalla sobre algunos de los datos filtrados accesibles en la web doxbin.com a fecha de marzo de 2026 (prompt: \u201cspain\u201d)<\/p>\n\n\n\n<p>&nbsp;&nbsp;&nbsp;&nbsp;&nbsp;&nbsp;&nbsp;&nbsp;&nbsp;&nbsp;&nbsp; La guerra informativa representa otro frente central. Las campa\u00f1as de desinformaci\u00f3n pueden influir en la opini\u00f3n p\u00fablica, polarizar a la sociedad y debilitar la posici\u00f3n de los gobiernos. Especialmente a trav\u00e9s de las <strong>redes sociales<\/strong> y otros medios digitales, diferentes actores internos y externos pueden interferir en procesos electorales, alimentar tensiones territoriales o debilitar la legitimidad institucional. En el caso espa\u00f1ol, donde existen debates sensibles relacionados con identidades regionales, la inmigraci\u00f3n o la pol\u00edtica interior y exterior, la manipulaci\u00f3n informativa puede actuar como multiplicador de conflictos internos.<\/p>\n\n\n\n<p>&nbsp;&nbsp;&nbsp;&nbsp;&nbsp;&nbsp;&nbsp;&nbsp;&nbsp;&nbsp;&nbsp; Paralelamente, la dependencia econ\u00f3mica y tecnol\u00f3gica constituye una vulnerabilidad estrat\u00e9gica creciente y com\u00fan al entorno europeo. La soberan\u00eda nacional de los Estados puede verse seriamente condicionada por la incapacidad gubernamental para garantizar el suministro de energ\u00eda, el acceso a materias primas y la continuidad del tejido empresarial. Espa\u00f1a, como parte del mercado europeo, dependen en gran medida de cadenas globales de suministro, lo que la expone a <strong>crisis energ\u00e9ticas<\/strong>, disputas comerciales o presiones geoecon\u00f3micas. La defensa del territorio no puede separarse del desarrollo de la autonom\u00eda estrat\u00e9gica, lo que implica reforzar la industria de defensa nacional, invertir en innovaci\u00f3n tecnol\u00f3gica y asegurar capacidades propias en sectores cr\u00edticos como la ciberseguridad, las redes energ\u00e9ticas o el suministro de combustibles.<\/p>\n\n\n\n<p>&nbsp;&nbsp;&nbsp;&nbsp;&nbsp;&nbsp;&nbsp;&nbsp;&nbsp;&nbsp;&nbsp; En este escenario, las Fuerzas Armadas espa\u00f1olas enfrentan importantes desaf\u00edos de adaptaci\u00f3n. La modernizaci\u00f3n militar ya no consiste \u00fanicamente en adquirir armamento convencional, sino en prepararse para un <strong>entorno hostil multidominio<\/strong>. Espa\u00f1a necesita mantener capacidades disuasorias reales, garantizar la interoperabilidad con los aliados de la OTAN y responder con rapidez a cualquier crisis en su entorno estrat\u00e9gico inmediato. Al mismo tiempo, afronta limitaciones presupuestarias, retos de reclutamiento y retenci\u00f3n de personal especializado, as\u00ed como la necesidad de integrar tecnolog\u00edas emergentes como drones, inteligencia artificial y sistemas aut\u00f3nomos.<\/p>\n\n\n\n<h3 class=\"wp-block-heading has-kubio-color-4-color has-text-color has-link-color wp-elements-6a989ff93dcb3c9b5634856482d71827\"><strong>La frontera sur de Espa\u00f1a y los enclaves no peninsulares<\/strong><\/h3>\n\n\n\n<p>&nbsp;&nbsp;&nbsp;&nbsp;&nbsp;&nbsp;&nbsp;&nbsp;&nbsp;&nbsp;&nbsp; Las ciudades aut\u00f3nomas de Ceuta y Melilla son el ejemplo m\u00e1s evidente de la complejidad de la soberan\u00eda espa\u00f1ola en la actualidad. Situadas en el norte de \u00c1frica, estas ubicaciones representan la \u00fanica frontera terrestre entre la Uni\u00f3n Europea y el continente africano. Aunque se puede afirmar que <strong>actualmente no existe un escenario realista de agresi\u00f3n militar convencional<\/strong> contra estas ciudades, su vulnerabilidad no se manifiesta necesariamente en forma de invasi\u00f3n armada, sino mediante presiones indirectas, como el uso de las corrientes migraci\u00f3n irregular, y estrategias h\u00edbridas que pueden desestabilizar su estabilidad interna sin cruzar el umbral de la guerra formal.<\/p>\n\n\n\n<p>&nbsp;&nbsp;&nbsp;&nbsp;&nbsp;&nbsp;&nbsp;&nbsp;&nbsp;&nbsp;&nbsp; En los \u00faltimos a\u00f1os, la <strong>instrumentalizaci\u00f3n de la migraci\u00f3n irregular<\/strong> ha demostrado ser una herramienta de presi\u00f3n pol\u00edtica de gran impacto. Episodios como la crisis migratoria de Ceuta en 2021, cuando miles de personas cruzaron la frontera en un corto periodo de tiempo impulsados por las fuerzas marroqu\u00edes, evidencian c\u00f3mo <strong>los flujos humanos pueden convertirse en un mecanismo de coerci\u00f3n estatal<\/strong>. Este tipo de situaciones no solo suponen un desaf\u00edo humanitario, sino que afectan directamente a la soberan\u00eda de Espa\u00f1a, en tanto que ponen a prueba la capacidad del Estado para controlar sus fronteras y mantener el orden territorial.<\/p>\n\n\n\n<p>&nbsp;&nbsp;&nbsp;&nbsp;&nbsp;&nbsp;&nbsp;&nbsp;&nbsp;&nbsp;&nbsp; Por otro lado, las Islas Canarias constituyen un espacio de enorme relevancia para la soberan\u00eda espa\u00f1ola, aunque generalmente menos presente en el debate p\u00fablico. El archipi\u00e9lago se sit\u00faa frente a la costa africana, en <strong>una posici\u00f3n clave para el control de las rutas mar\u00edtimas internacionales y el acceso el Mediterr\u00e1neo<\/strong>. Para Espa\u00f1a, las Canarias representan un punto avanzado en el Atl\u00e1ntico, lo que le confiere una gran importancia tanto a nivel nacional, como para la OTAN y la seguridad europea. Sin embargo, su ubicaci\u00f3n tambi\u00e9n implica vulnerabilidades asociadas a su distancia de la pen\u00ednsula y su proximidad a regiones inestables como el Sahel y \u00c1frica Occidental. Las amenazas que afectan a Canarias incluyen din\u00e1micas como la migraci\u00f3n irregular masiva, llegando a sufrir m\u00faltiples eventos de saturaci\u00f3n de los centros de llegada, y la explotaci\u00f3n de las aguas pr\u00f3ximas a las islas para la extracci\u00f3n de recursos naturales y la pesca.<\/p>\n\n\n\n<p>&nbsp;&nbsp;&nbsp;&nbsp;&nbsp;&nbsp;&nbsp;&nbsp;&nbsp;&nbsp;&nbsp; Por tanto, un factor clave que incrementa la sensibilidad soberana en Canarias es la cuesti\u00f3n de los espacios mar\u00edtimos. La delimitaci\u00f3n de zonas econ\u00f3micas exclusivas, la explotaci\u00f3n de recursos naturales y la competencia por \u00e1reas de influencia en el Atl\u00e1ntico generan potenciales <strong>enfrentamientos comerciales con Marruecos<\/strong>. Aunque estas disputas suelen solucionarse a trav\u00e9s de las v\u00edas diplom\u00e1ticas, la falta de contundencia institucional permite que estos hechos se repitan con una cierta frecuencia. En este sentido, Las Fuerzas Armadas, especialmente la Armada espa\u00f1ola, desempe\u00f1an un papel crucial como garante de presencia, vigilancia y control.<\/p>\n\n\n\n<p>&nbsp;&nbsp;&nbsp;&nbsp;&nbsp;&nbsp;&nbsp;&nbsp;&nbsp;&nbsp;&nbsp; Por su parte, las islas Baleares han sufrido un incremento considerable de las llegadas irregulares debido a las <strong>fluctuaciones de las rutas migratorias<\/strong>. En este caso, una parte mayoritaria de los migrantes irregulares procede de las costas de Argelia. Asimismo, este fen\u00f3meno se corresponde con la disminuci\u00f3n de la presi\u00f3n migratoria registrada en los \u00faltimos dos a\u00f1os en las rutas del Atl\u00e1ntico y del Estrecho, lo que demuestra c\u00f3mo las variaciones en los flujos migratorios pueden redistribuir el impacto en distintos puntos del territorio espa\u00f1ol.<\/p>\n\n\n\n<p>&nbsp;&nbsp;&nbsp;&nbsp;&nbsp;&nbsp;&nbsp;&nbsp;&nbsp;&nbsp;&nbsp; En el caso del Estrecho, resulta imprescindible considerar las competencias del Reino Unido sobre Gibraltar. Precisamente, la salida del Reino Unido de la Uni\u00f3n Europea gener\u00f3 <strong>incertidumbre<\/strong> sobre el estatus del territorio, la gesti\u00f3n de sus fronteras y su papel econ\u00f3mico, especialmente en relaci\u00f3n con el Campo de Gibraltar, una zona en la que confluyen problemas de narcotr\u00e1fico, contrabando y diversas formas de crimen organizado. Seg\u00fan Frontex, el Estrecho registr\u00f3 en los primeros meses de 2026 un incremento cercano al 10% en los intentos de migraci\u00f3n irregular respecto al mismo periodo del a\u00f1o anterior, lo que confirma que sigue siendo un punto cr\u00edtico dentro de las rutas migratorias hacia Europa.<\/p>\n\n\n<div class=\"wp-block-image\">\n<figure class=\"aligncenter size-full\"><img loading=\"lazy\" decoding=\"async\" width=\"460\" height=\"629\" src=\"https:\/\/www.inteligenia.info\/wp-content\/uploads\/2026\/03\/image-1.gif\" alt=\"\" class=\"wp-image-1450\"\/><\/figure>\n<\/div>\n\n\n<p class=\"has-text-align-center\">Mapa 1: Principales rutas migratorias a Espa\u00f1a. Fuente: peri\u00f3dico La Raz\u00f3n, 2024.<\/p>\n\n\n\n<p>&nbsp;&nbsp;&nbsp;&nbsp;&nbsp;&nbsp;&nbsp;&nbsp;&nbsp;&nbsp;&nbsp; En conjunto, Ceuta, Melilla, Canarias, Baleares y el estrecho de Gibraltar representan espacios que obligan a Espa\u00f1a a mantener una defensa territorial constante, adaptada a <strong>diferentes realidades<\/strong> y donde las amenazas no se presentan como un ataque frontal, sino como una presi\u00f3n h\u00edbrida o indirecta.<\/p>\n\n\n\n<h3 class=\"wp-block-heading has-kubio-color-4-color has-text-color has-link-color wp-elements-31c1faaedd4fbddb1cb853af1694f090\"><strong>La influencia de Espa\u00f1a en el norte de \u00c1frica y la importancia del flanco sur de la OTAN<\/strong><\/h3>\n\n\n\n<p>&nbsp;&nbsp;&nbsp;&nbsp;&nbsp;&nbsp;&nbsp;&nbsp;&nbsp;&nbsp;&nbsp; La relaci\u00f3n entre Espa\u00f1a y Marruecos constituye uno de los ejes m\u00e1s determinantes para comprender los riesgos que afectan a la soberan\u00eda espa\u00f1ola, especialmente en su dimensi\u00f3n territorial. Marruecos no es un enemigo en t\u00e9rminos formales, ni existe una situaci\u00f3n de confrontaci\u00f3n abierta entre ambos Estados, pero s\u00ed puede considerarse un <strong>actor clave a nivel regional<\/strong>, cuya pol\u00edtica exterior, intereses territoriales y ambiciones geopol\u00edticas pueden desequilibrar la posici\u00f3n de Espa\u00f1a. Esta realidad convierte al reino alau\u00ed en un desaf\u00edo particularmente sensible, no tanto por la probabilidad de un conflicto militar convencional, sino por el uso de instrumentos h\u00edbridos que pueden tensionar el equilibrio en la frontera sur, sobre todo en t\u00e9rminos diplom\u00e1ticos, econ\u00f3micos y migratorios.<\/p>\n\n\n\n<p>Uno de los elementos centrales de esta relaci\u00f3n bilateral es la cuesti\u00f3n de las reivindicaciones territoriales marroqu\u00edes. Rabat ha mantenido hist\u00f3ricamente una posici\u00f3n pol\u00edtica que <strong>cuestiona abiertamente la soberan\u00eda espa\u00f1ola sobre Ceuta y Melilla<\/strong>, as\u00ed como sobre otros peque\u00f1os islotes en la costa norteafricana. &nbsp;Por otra parte, la alineaci\u00f3n del Gobierno espa\u00f1ol con el plan de autonom\u00eda marroqu\u00ed para el S\u00e1hara Occidental contribuy\u00f3 recientemente a un acercamiento diplom\u00e1tico entre ambas partes en detrimento de las relaciones con Argelia, \u00fanico aliado de la causa saharaui.<\/p>\n\n\n\n<p>No obstante, conviene se\u00f1alar que Naciones Unidas nunca ha reconocido los efectos jur\u00eddicos de los Acuerdos de Madrid (1975), mediante los cuales Espa\u00f1a transfiri\u00f3 la administraci\u00f3n del territorio a Marruecos y Mauritania. En consecuencia, <strong>el S\u00e1hara Occidental contin\u00faa siendo un territorio pendiente de descolonizaci\u00f3n<\/strong> en el que Espa\u00f1a mantiene determinadas responsabilidades como potencia administradora. En cualquier caso, aunque las reclamaciones de Marruecos no se traducen en una amenaza militar inmediata, s\u00ed funcionan como un instrumento permanente de presi\u00f3n diplom\u00e1tica y simb\u00f3lica.<\/p>\n\n\n\n<p>&nbsp;&nbsp;&nbsp;&nbsp;&nbsp;&nbsp;&nbsp;&nbsp;&nbsp;&nbsp;&nbsp; Por otra parte, como se ha comentado anteriormente, la instrumentalizaci\u00f3n de la migraci\u00f3n constituye el ejemplo m\u00e1s evidente cuando hablamos de presi\u00f3n h\u00edbrida. Marruecos controla uno de los principales puntos de tr\u00e1nsito entre \u00c1frica y Europa, y su capacidad para modular los flujos migratorios le proporciona una herramienta estrat\u00e9gica de enorme impacto. Las crisis fronterizas en Ceuta, Melilla o Canarias han demostrado que <strong>la migraci\u00f3n puede convertirse en un mecanismo de presi\u00f3n pol\u00edtica<\/strong>.<\/p>\n\n\n\n<p>&nbsp;&nbsp;&nbsp;&nbsp;&nbsp;&nbsp;&nbsp;&nbsp;&nbsp;&nbsp;&nbsp; El desaf\u00edo marroqu\u00ed se manifiesta tambi\u00e9n a trav\u00e9s de su creciente papel como potencia regional emergente en el norte de \u00c1frica. Marruecos ha desarrollado durante las \u00faltimas d\u00e9cadas una pol\u00edtica exterior activa orientada a consolidarse como un socio privilegiado de Estados Unidos, Israel y de ciertas monarqu\u00edas del Golfo, especialmente tras la firma de los Acuerdos de Abraham (2020), durante la primera presidencia de Donald Trump. De igual forma, tambi\u00e9n ha actuado como <strong>socio clave de la Uni\u00f3n Europea en materia migratoria y de seguridad<\/strong>. Esta posici\u00f3n le otorga una capacidad de influencia considerable, sobre todo porque Espa\u00f1a depende en gran medida de la cooperaci\u00f3n marroqu\u00ed para la gesti\u00f3n de los flujos migratorios, el control fronterizo y la lucha contra el terrorismo yihadista.<\/p>\n\n\n\n<p>&nbsp;&nbsp;&nbsp;&nbsp;&nbsp;&nbsp;&nbsp;&nbsp;&nbsp;&nbsp;&nbsp; Con relaci\u00f3n a este proceso, es relevante se\u00f1alar los esfuerzos para la modernizaci\u00f3n militar marroqu\u00ed y el progresivo aumento de sus capacidades defensivas y ofensivas. En los \u00faltimos a\u00f1os, <strong>Marruecos ha incrementado significativamente su inversi\u00f3n en defensa<\/strong>, en gran parte gracias a su estrecha cooperaci\u00f3n con Estados Unidos e Israel. Aunque este rearme no implica necesariamente una intenci\u00f3n agresiva hacia Espa\u00f1a, s\u00ed <strong>modifica el equilibrio regional<\/strong> y obliga a Espa\u00f1a a mantener una capacidad disuasoria superior a la actual, especialmente en su frontera sur.<\/p>\n\n\n\n<p>&nbsp;&nbsp;&nbsp;&nbsp;&nbsp;&nbsp;&nbsp;&nbsp;&nbsp;&nbsp;&nbsp; Para las Fuerzas Armadas espa\u00f1olas, el desaf\u00edo que representa Marruecos no se traduce en preparativos para una guerra abierta, sino en la necesidad de sostener una postura de disuasi\u00f3n y vigilancia. Esto implica reforzar capacidades de defensa a\u00e9rea y un aumento de la presencia naval en el Estrecho y el Atl\u00e1ntico. Los enclaves no peninsulares requieren planes espec\u00edficos de defensa adaptados a su singularidad geogr\u00e1fica, pero tambi\u00e9n <strong>integrados en el marco aliado de la OTAN<\/strong>. La solidez defensiva espa\u00f1ola en estos territorios es un elemento esencial para evitar que la presi\u00f3n h\u00edbrida pueda transformarse en un desaf\u00edo mayor.<\/p>\n\n\n\n<p>&nbsp;&nbsp;&nbsp;&nbsp;&nbsp;&nbsp;&nbsp;&nbsp;&nbsp;&nbsp;&nbsp; Por otro lado, el flanco sur de la OTAN abarca esencialmente las zonas del Magreb, el Sahel y parte de Oriente Medio, pasando por regiones donde convergen colapsos estatales, la expansi\u00f3n yihadista, golpes militares y redes criminales transnacionales. Pa\u00edses como Mali, Burkina Faso o N\u00edger han experimentado un deterioro acelerado de su estabilidad con la retirada casi total de las fuerzas occidentales y la creciente presencia de actores externos como Rusia a trav\u00e9s de compa\u00f1\u00edas militares privadas (Africa Corps o Grupo Wagner) y la firma de acuerdos de extracci\u00f3n de recursos naturales. Este contexto de inestabilidad constante genera <strong>vac\u00edos de poder<\/strong> que son r\u00e1pidamente explotados por grupos insurgentes y terroristas, consolidando al Sahel como una de las zonas m\u00e1s violentas del planeta.<\/p>\n\n\n\n<p>&nbsp;&nbsp;&nbsp;&nbsp;&nbsp;&nbsp;&nbsp;&nbsp;&nbsp;&nbsp;&nbsp; Una de las principales manifestaciones de este fen\u00f3meno es el aumento de la presi\u00f3n migratoria hacia Europa, especialmente hacia Espa\u00f1a. La migraci\u00f3n irregular se ha convertido en un riesgo estructural de la seguridad del flanco sur, impulsada por los conflictos armados, la pobreza extrema, el cambio clim\u00e1tico y la fragilidad de muchos Estados. Canarias, Ceuta, Melilla y las costas andaluzas se han transformado en puntos de entrada y, por tanto, en espacios donde la soberan\u00eda espa\u00f1ola se pone a prueba de manera recurrente.<\/p>\n\n\n\n<p>&nbsp;&nbsp;&nbsp;&nbsp;&nbsp;&nbsp;&nbsp;&nbsp;&nbsp;&nbsp;&nbsp; Al mismo tiempo, el flanco sur se caracteriza por la presencia persistente de organizaciones yihadistas que encuentran en la <strong>fragilidad estatal del Sahel<\/strong> un terreno f\u00e9rtil para su expansi\u00f3n. La amenaza terrorista no se limita a ataques determinados, tambi\u00e9n se manifiesta en la capacidad de estas redes para desestabilizar regiones enteras, generar desplazamientos masivos y alimentar organizaciones criminales basadas en el contrabando y la trata de personas. Espa\u00f1a, como frontera meridional de Europa, se enfrenta al riesgo de que estas din\u00e1micas puedan proyectarse hacia su territorio mediante la radicalizaci\u00f3n, flujos masivos de desplazados de zonas en conflicto o la infiltraci\u00f3n de redes terroristas en rutas migratorias.<\/p>\n\n\n\n<p>&nbsp;&nbsp;&nbsp;&nbsp;&nbsp;&nbsp;&nbsp;&nbsp;&nbsp;&nbsp;&nbsp; En este escenario, las Fuerzas Armadas espa\u00f1olas desempe\u00f1an un papel crucial. Espa\u00f1a ha participado activamente en misiones internacionales en el Sahel y en \u00c1frica Occidental, entendiendo que la <strong>estabilizaci\u00f3n<\/strong> de estos puntos cr\u00edticos es un elemento fundamental para la seguridad nacional. Por tanto, las misiones humanitarias, la cooperaci\u00f3n militar y el apoyo log\u00edstico forman parte de una estrategia que busca contener la inseguridad antes que de que alcance directamente el territorio nacional.<\/p>\n\n\n\n<p>&nbsp;&nbsp;&nbsp;&nbsp;&nbsp;&nbsp;&nbsp;&nbsp;&nbsp;&nbsp;&nbsp; El control y la vigilancia de las aguas del Mediterr\u00e1neo occidental y parte del Atl\u00e1ntico no solo es una cuesti\u00f3n econ\u00f3mica, sino un elemento central de soberan\u00eda. La Armada espa\u00f1ola realiza importantes esfuerzos para garantizar la seguridad de las l\u00edneas mar\u00edtimas de comunicaci\u00f3n, prevenir actividades il\u00edcitas y sostener una presencia disuasoria en un entorno donde el crimen organizado y la competencia con algunos actores estatales se intensifican. Adem\u00e1s, el <strong>cambio clim\u00e1tico<\/strong> act\u00faa como un acelerante de amenazas en el flanco sur. La desertificaci\u00f3n, la escasez de agua y la degradaci\u00f3n de los recursos agrarios intensifican conflictos sociales y empujan a poblaciones enteras hacia la migraci\u00f3n. Espa\u00f1a debe prepararse para un futuro no muy lejano en el que las crisis clim\u00e1ticas en \u00c1frica Occidental tengan efectos directos sobre su estabilidad fronteriza y social.<\/p>\n\n\n\n<p>&nbsp;&nbsp;&nbsp;&nbsp;&nbsp;&nbsp;&nbsp;&nbsp;&nbsp;&nbsp;&nbsp; En definitiva, el flanco sur representa uno de los mayores desaf\u00edos contempor\u00e1neos para la soberan\u00eda espa\u00f1ola, precisamente porque combina amenazas h\u00edbridas que no pueden ser respondidas mediante soluciones puramente militares. Las Fuerzas Armadas seguir\u00e1n siendo un actor central, pero su papel se inserta cada vez m\u00e1s en un marco multidimensional donde la soberan\u00eda se defiende tanto en operaciones exteriores como en la protecci\u00f3n de fronteras, la vigilancia mar\u00edtima y la preparaci\u00f3n frente a crisis sociales.<\/p>\n\n\n\n<h3 class=\"wp-block-heading has-kubio-color-4-color has-text-color has-link-color wp-elements-6348425d09f9ac8f4a4d1cb37d889a57\"><strong>La modernizaci\u00f3n de las Fuerzas Armadas espa\u00f1olas<\/strong><\/h3>\n\n\n\n<p>Las Fuerzas Armada espa\u00f1olas cuentan con una buena imagen a nivel internacional debido a su <strong>experiencia operativa<\/strong> y su alto grado de integraci\u00f3n en estructuras aliadas como la OTAN. Sin embargo, los desaf\u00edos del siglo XXI obligan a una transformaci\u00f3n profunda de sus capacidades y estructura. La modernizaci\u00f3n militar ya no puede concebirse \u00fanicamente como una cuesti\u00f3n de adquisici\u00f3n de armamento convencional, sino como un proceso integral de adaptaci\u00f3n a un escenario multidominio.<\/p>\n\n\n\n<p>&nbsp;&nbsp;&nbsp;&nbsp;&nbsp;&nbsp;&nbsp;&nbsp;&nbsp;&nbsp;&nbsp; Uno de los primeros desaf\u00edos estructurales es el nivel de inversi\u00f3n en defensa. Durante d\u00e9cadas, Espa\u00f1a ha mantenido un gasto militar relativamente moderado en comparaci\u00f3n con otros aliados de la OTAN, situ\u00e1ndose por debajo del objetivo del 2% del PIB demandado por la Alianza. Aunque en los \u00faltimos a\u00f1os se han anunciado incrementos presupuestarios y planes de modernizaci\u00f3n, <strong>el proceso de rearme es lento<\/strong> y afectado en buena medida por la inestabilidad pol\u00edtica, tr\u00e1mites burocr\u00e1ticos y la competencia entre empresas. La soberan\u00eda no puede defenderse \u00fanicamente con voluntad pol\u00edtica, sino con recursos sostenidos que permitan garantizar un equipamiento moderno, mantenimientos adecuados de las infraestructuras y recursos militares, formaci\u00f3n continua y especializada, y capacidades de respuesta r\u00e1pida. En un escenario internacional donde la guerra convencional ha reaparecido en Europa y las amenazas h\u00edbridas se intensifican, la insuficiencia presupuestaria se convierte en una vulnerabilidad estrat\u00e9gica.<\/p>\n\n\n<div class=\"wp-block-image\">\n<figure class=\"aligncenter size-full\"><img loading=\"lazy\" decoding=\"async\" width=\"568\" height=\"283\" src=\"https:\/\/www.inteligenia.info\/wp-content\/uploads\/2026\/03\/image-2.gif\" alt=\"\" class=\"wp-image-1451\"\/><\/figure>\n<\/div>\n\n\n<p class=\"has-text-align-center\">Gr\u00e1fico 1: Gasto de Espa\u00f1a en Defensa en porcentaje del PIB entre 1988 y 2024. Fuente: epdata.es<\/p>\n\n\n\n<p>&nbsp;&nbsp;&nbsp;&nbsp;&nbsp;&nbsp;&nbsp;&nbsp;&nbsp;&nbsp;&nbsp; La modernizaci\u00f3n tecnol\u00f3gica es otro reto fundamental. La guerra contempor\u00e1nea est\u00e1 marcada por la integraci\u00f3n de sistemas no tripulados, la aplicaci\u00f3n de la inteligencia artificial, la vigilancia satelital, el desarrollo de la guerra electr\u00f3nica y las ciberoperaciones. Espa\u00f1a ha avanzado en algunos programas relevantes, como la modernizaci\u00f3n de sus fragatas, submarinos y cazas, pero sigue afrontando el desaf\u00edo de no quedar rezagada frente a otros gobiernos regionales que invierten masivamente en tecnolog\u00edas emergentes. En el plano a\u00e9reo, por ejemplo, la irrupci\u00f3n de los drones est\u00e1 generando una <strong>nueva doctrina militar<\/strong>, lo que implica la necesidad de un personal y un equipamiento especializado.<\/p>\n\n\n\n<p>&nbsp;&nbsp;&nbsp;&nbsp;&nbsp;&nbsp;&nbsp;&nbsp;&nbsp;&nbsp;&nbsp; En este sentido, el ciberespacio se ha convertido en uno de los dominios m\u00e1s cr\u00edticos para la soberan\u00eda nacional. Los ataques cibern\u00e9ticos contra infraestructuras cr\u00edticas, sistemas militares o instituciones p\u00fablicas pueden paralizar un pa\u00eds sin necesidad de una ofensiva convencional. Las Fuerzas Armadas espa\u00f1olas han desarrollado unidades especializadas en ciberdefensa, pero el desaf\u00edo es inmenso, ya que <strong>la guerra digital evoluciona a una velocidad superior a la de los procesos tradicionales de adquisici\u00f3n y adaptaci\u00f3n militar<\/strong>. En este contexto, la autonom\u00eda tecnol\u00f3gica se convierte en un elemento esencial, y depender de sistemas extranjeros o de cadenas de suministro vulnerables puede comprometer las capacidades de reacci\u00f3n en casos de crisis prolongadas.<\/p>\n\n\n\n<p>&nbsp;&nbsp;&nbsp;&nbsp;&nbsp;&nbsp;&nbsp;&nbsp;&nbsp;&nbsp;&nbsp; Otro desaf\u00edo central es el factor humano. Las Fuerzas Armadas espa\u00f1olas, como muchas otras en Europa, afrontan <strong>dificultades para atraer y retener personal cualificado<\/strong>, especialmente en \u00e1reas altamente especializadas como la ciberseguridad, la inteligencia o la ingenier\u00eda aplicada. La competencia con el sector privado, las limitaciones salariales y la evoluci\u00f3n sociol\u00f3gica de las sociedades occidentales generan tensiones en los sistemas de reclutamiento. En un mundo donde la defensa depende cada vez m\u00e1s del conocimiento y la tecnolog\u00eda, el capital humano se convierte en un recurso estrat\u00e9gico tan importante como el armamento. Sin especialistas en ciberdefensa, operadores de drones, analistas de inteligencia o expertos en guerra electr\u00f3nica, la estructura militar pierde efectividad frente a adversarios que s\u00ed han priorizado estas capacidades.<\/p>\n\n\n\n<p>&nbsp;&nbsp;&nbsp;&nbsp;&nbsp;&nbsp;&nbsp;&nbsp;&nbsp;&nbsp;&nbsp; La cuesti\u00f3n demogr\u00e1fica y social tambi\u00e9n influye en la relaci\u00f3n entre sociedad y defensa. En Espa\u00f1a, como en gran parte de Europa, existe una cierta <strong>desconexi\u00f3n cultural <\/strong>entre la poblaci\u00f3n civil y las realidades de la defensa nacional. La percepci\u00f3n de que la guerra es un fen\u00f3meno lejano ha reducido durante a\u00f1os la urgencia pol\u00edtica y social por invertir en capacidades militares. Sin embargo, el retorno de la guerra convencional en Europa, la intensificaci\u00f3n de amenazas h\u00edbridas y la creciente inestabilidad global deber\u00edan obligan a replantear esta percepci\u00f3n.<\/p>\n\n\n\n<p>&nbsp;&nbsp;&nbsp;&nbsp;&nbsp;&nbsp;&nbsp;&nbsp;&nbsp;&nbsp;&nbsp; La modernizaci\u00f3n militar espa\u00f1ola debe vincularse estrechamente con la industria nacional de defensa. El Ej\u00e9rcito espa\u00f1ol no se sostiene \u00fanicamente con fuerzas armadas operativas, sino tambi\u00e9n con una <strong>base industrial<\/strong> capaz de producir, mantener y desarrollar sistemas cr\u00edticos. Espa\u00f1a cuenta con empresas relevantes en diferentes sectores (Indra, Navantia, Santa B\u00e1rbara Sistemas, EM&amp;M), pero enfrenta el desaf\u00edo de consolidar una industria suficientemente robusta como para <strong>evitar dependencias excesivas<\/strong>. La guerra en Ucrania ha demostrado que los conflictos prolongados requieren de una capacidad industrial sostenida, producci\u00f3n masiva de municiones y mantenimientos espec\u00edficos, algo que hoy en d\u00eda depende en gran medida de actores externos.<\/p>\n\n\n\n<p>&nbsp;&nbsp;&nbsp;&nbsp;&nbsp;&nbsp;&nbsp;&nbsp;&nbsp;&nbsp;&nbsp; En conjunto, las Fuerzas Armadas espa\u00f1olas se encuentran en un importante <strong>proceso de transformaci\u00f3n y adaptaci\u00f3n<\/strong>. Defender la soberan\u00eda nacional en el siglo XXI implica comprender las amenazas h\u00edbridas, tecnol\u00f3gicas y multidimensionales, modernizar capacidades, reforzar el capital humano y sostener una inversi\u00f3n estrat\u00e9gica coherente. Espa\u00f1a no enfrenta un riesgo inmediato de invasi\u00f3n convencional, pero s\u00ed un entorno de presiones indirectas, rivalidades regionales y amenazas emergentes que exigen unas capacidades de defensa reales, flexibles y planificadas.<\/p>\n\n\n\n<h3 class=\"wp-block-heading has-kubio-color-4-color has-text-color has-link-color wp-elements-924f31723ae6c67fa03665ce38745e21\"><strong>El peligro de las amenazas h\u00edbridas internas<\/strong><\/h3>\n\n\n\n<p>&nbsp;&nbsp;&nbsp;&nbsp;&nbsp;&nbsp;&nbsp;&nbsp;&nbsp;&nbsp;&nbsp; Espa\u00f1a, como democracia consolidada pero atravesada por tensiones pol\u00edticas y territoriales significativas, se enfrenta a un tipo de amenaza particularmente complejo. Las <strong>amenazas h\u00edbridas internas<\/strong> no operan mediante la ocupaci\u00f3n territorial directa, sino mediante la degradaci\u00f3n gradual de la cohesi\u00f3n nacional, la polarizaci\u00f3n social y la p\u00e9rdida de confianza en las instituciones.<\/p>\n\n\n\n<p>&nbsp;&nbsp;&nbsp;&nbsp;&nbsp;&nbsp;&nbsp;&nbsp;&nbsp;&nbsp;&nbsp; La desinformaci\u00f3n constituye uno de los instrumentos m\u00e1s potentes dentro de esta l\u00f3gica h\u00edbrida. Las campa\u00f1as de manipulaci\u00f3n informativa buscan influir en la opini\u00f3n p\u00fablica, amplificar divisiones existentes y debilitar la capacidad del Estado para actuar con legitimidad. En Espa\u00f1a, como en otras democracias occidentales, el ecosistema medi\u00e1tico digital ha transformado radicalmente la forma en que se construye el debate p\u00fablico. Las redes sociales y los medios digitales permiten la circulaci\u00f3n masiva de contenidos falsos o distorsionados a una velocidad sin precedentes. Esta realidad genera un entorno donde actores externos, estatales y no estatales, pueden intervenir directamente en la pol\u00edtica interna, fomentando la <strong>polarizaci\u00f3n<\/strong> y erosionando la cohesi\u00f3n social sin necesidad de recurrir a medios militares.<\/p>\n\n\n\n<p>&nbsp;&nbsp;&nbsp;&nbsp;&nbsp;&nbsp;&nbsp;&nbsp;&nbsp;&nbsp;&nbsp; Espa\u00f1a presenta fuertes vulnerabilidades en forma de tensiones territoriales, debates identitarios, conflictos pol\u00edticos intensificados y una creciente fragmentaci\u00f3n del espacio p\u00fablico. En este sentido, la soberan\u00eda se ve amenazada cuando la sociedad pierde su capacidad de construir consensos m\u00ednimos y se convierte en un terreno f\u00e9rtil para la <strong>manipulaci\u00f3n externa<\/strong>. La desinformaci\u00f3n no crea divisiones desde cero, pero puede amplificar las ya existentes en gran medida. La soberan\u00eda, por tanto, depende tambi\u00e9n de la fortaleza del tejido social y de la confianza colectiva en el sistema democr\u00e1tico.<\/p>\n\n\n\n<p>&nbsp;&nbsp;&nbsp;&nbsp;&nbsp;&nbsp;&nbsp;&nbsp;&nbsp;&nbsp;&nbsp; Uno de los aspectos m\u00e1s sensibles en el caso espa\u00f1ol es la cuesti\u00f3n territorial. Los <strong>movimientos independentistas<\/strong> o soberanistas en regiones como Catalu\u00f1a o el Pa\u00eds Vasco han demostrado que la cohesi\u00f3n interna puede convertirse en un desaf\u00edo estrat\u00e9gico de primer orden. Aunque estos fen\u00f3menos se desarrollan dentro del marco pol\u00edtico y democr\u00e1tico, su instrumentalizaci\u00f3n por actores internos y externos constituye un peligro real, como se ha podido apreciar en las \u00faltimas legislaturas. La fragmentaci\u00f3n territorial es un punto vulnerable porque afecta directamente a la unidad del Estado. En un contexto de competencia geopol\u00edtica global, cualquier tensi\u00f3n interna puede ser utilizada como palanca para debilitar al pa\u00eds desde dentro mediante apoyo indirecto, propaganda o campa\u00f1as de influencia.<\/p>\n\n\n\n<p>&nbsp;&nbsp;&nbsp;&nbsp;&nbsp;&nbsp;&nbsp;&nbsp;&nbsp;&nbsp;&nbsp; La polarizaci\u00f3n pol\u00edtica general es otro factor que contribuye a esta vulnerabilidad. Espa\u00f1a, como muchas democracias europeas, atraviesa una etapa de <strong>fuerte confrontaci\u00f3n ideol\u00f3gica<\/strong>, donde el debate p\u00fablico se ha radicalizado y la confianza en el adversario pol\u00edtico se ha reducido. Esta polarizaci\u00f3n no solo dificulta la gobernabilidad, sino que debilita la capacidad del Estado para formular estrategias de seguridad a largo plazo. Adem\u00e1s, elementos como la <strong>corrupci\u00f3n<\/strong> o el gasto p\u00fablico deficiente pueden a\u00f1adir un nivel adicional de dificultad. La defensa de la soberan\u00eda requiere de la continuidad institucional, consensos b\u00e1sicos y una visi\u00f3n estrat\u00e9gica compartida. Cuando la pol\u00edtica se convierte en un campo de enfrentamiento permanente, la acci\u00f3n estatal se vuelve m\u00e1s reactiva, menos coherente y m\u00e1s vulnerable a interferencias externas.<\/p>\n\n\n\n<p>En este sentido, la proliferaci\u00f3n de narrativas conspirativas, la deslegitimaci\u00f3n sistem\u00e1tica de las instituciones democr\u00e1ticas y la difusi\u00f3n de discursos que presentan al Estado como un enemigo interno, generan un deterioro progresivo de la autoridad pol\u00edtica. Por su parte, las campa\u00f1as de influencia sostenidas pueden generar un clima incertidumbre o divisi\u00f3n que limite la capacidad de un Estado para actuar con determinaci\u00f3n. La defensa frente a la <strong>desinformaci\u00f3n<\/strong>, la polarizaci\u00f3n o los ataques h\u00edbridos requiere coordinaci\u00f3n entre instituciones civiles, servicios de inteligencia, fuerzas de seguridad y estructuras militares especializadas.<\/p>\n\n\n\n<h3 class=\"wp-block-heading has-kubio-color-4-color has-text-color has-link-color wp-elements-8b0e709836a64f2c3e7ac6385c9cb160\"><strong>La autonom\u00eda estrat\u00e9gica de Espa\u00f1a como miembro de la OTAN<\/strong><\/h3>\n\n\n\n<p>&nbsp;&nbsp;&nbsp;&nbsp;&nbsp;&nbsp;&nbsp;&nbsp;&nbsp;&nbsp;&nbsp; La OTAN contin\u00faa siendo un pilar fundamental de la defensa colectiva europea. Para Espa\u00f1a, la Alianza representa una garant\u00eda esencial frente a amenazas externas, especialmente en un mundo donde el retorno de la guerra convencional en Europa ha reactivado la <strong>necesidad de disuasi\u00f3n militar<\/strong>. Sin embargo, la OTAN tambi\u00e9n plantea interrogantes sobre la distribuci\u00f3n de prioridades estrat\u00e9gicas.<\/p>\n\n\n\n<p>&nbsp;&nbsp;&nbsp;&nbsp;&nbsp;&nbsp;&nbsp;&nbsp;&nbsp;&nbsp;&nbsp; Al mismo tiempo, la <strong>dependencia de Estados Unidos<\/strong> como principal potencia militar aliada introduce un elemento de vulnerabilidad estrat\u00e9gica para Europa en su conjunto. La soberan\u00eda europea, y por extensi\u00f3n la espa\u00f1ola, se ve condicionada por el hecho de que muchas capacidades cr\u00edticas, como la defensa antimisiles o ciertos sistemas tecnol\u00f3gicos avanzados, siguen dependiendo en gran medida de los socios estadounidenses.<\/p>\n\n\n\n<p>&nbsp;&nbsp;&nbsp;&nbsp;&nbsp;&nbsp;&nbsp;&nbsp;&nbsp;&nbsp;&nbsp; La Uni\u00f3n Europea, por su parte, ha avanzado progresivamente hacia una concepci\u00f3n m\u00e1s integral de la seguridad. Iniciativas como la Br\u00fajula Estrat\u00e9gica para la Seguridad y la Defensa, el Fondo Europeo de Defensa o los proyectos de cooperaci\u00f3n estructurada permanente reflejan un intento de fortalecer la capacidad europea para responder a crisis y amenazas multidominio. Sin embargo, la <strong>UE sigue siendo un actor fr\u00e1gil en materia de defensa<\/strong> debido a la fragmentaci\u00f3n industrial, la falta de cultura estrat\u00e9gica unificada y la dependencia estrat\u00e9gica de Estados Unidos. Para Espa\u00f1a, la construcci\u00f3n de una defensa europea m\u00e1s s\u00f3lida representa una oportunidad, pero tambi\u00e9n un desaf\u00edo.<\/p>\n\n\n\n<p>&nbsp;&nbsp;&nbsp;&nbsp;&nbsp;&nbsp;&nbsp;&nbsp;&nbsp;&nbsp;&nbsp; Proyectos como el <em>Future Combat Air Systema<\/em> (FCAS) o el <em>Main Ground Combat System<\/em> (MGCS) representan perfectamente las necesidades y las limitaciones que presenta la industria militar europea, algo que afecta directamente a Espa\u00f1a. Estos proyectos, amparados por marco del Libro Blanco sobre la Defensa Europea y el plan de rearme iniciado tras el inicio de la guerra de Ucrania, buscan establecer una serie de <strong>alternativas a la dependencia del material estadounidense<\/strong>, pero hasta el momento ambos procesos cuentan con bastantes limitaciones productivas. La participaci\u00f3n de Espa\u00f1a en el FCAS y el posible apoyo al MGCS puede plantearse como una nueva oportunidad para las empresas de defensa espa\u00f1olas para consolidarse a la vanguardia de la industria continental.&nbsp;&nbsp;&nbsp;&nbsp;&nbsp;&nbsp;&nbsp;&nbsp;&nbsp;<\/p>\n\n\n\n<h3 class=\"wp-block-heading has-kubio-color-4-color has-text-color has-link-color wp-elements-5ffc46d41c0061148863c60d942cb66c\"><strong>Conclusiones<\/strong><\/h3>\n\n\n\n<p>&nbsp;&nbsp;&nbsp;&nbsp;&nbsp;&nbsp;&nbsp;&nbsp;&nbsp;&nbsp;&nbsp; La soberan\u00eda sigue siendo, en esencia, el control pol\u00edtico y jur\u00eddico sobre un territorio, pero su vulnerabilidad se manifiesta hoy en formas mucho m\u00e1s complejas, indirectas y multidimensionales. Espa\u00f1a, por su posici\u00f3n geogr\u00e1fica, su configuraci\u00f3n territorial y su pertenencia a estructuras como la OTAN y la UE, se encuentra expuesta a un amplio abanico de desaf\u00edos, como las presiones regionales en el flanco sur, las dependencias estructurales y las amenazas h\u00edbridas internas. <strong>La soberan\u00eda exige una adaptaci\u00f3n constante<\/strong>.<\/p>\n\n\n\n<p>&nbsp;&nbsp;&nbsp;&nbsp;&nbsp;&nbsp;&nbsp;&nbsp;&nbsp;&nbsp;&nbsp; Uno de los principales elementos que emergen en este an\u00e1lisis es la importancia del entorno estrat\u00e9gico. El Sahel, el Magreb y el Mediterr\u00e1neo occidental constituyen un arco de inestabilidad cuyas consecuencias impactan directamente sobre Espa\u00f1a. La presi\u00f3n migratoria, el terrorismo transnacional, el crimen organizado y la competencia geopol\u00edtica en \u00c1frica occidental no son fen\u00f3menos ajenos, sino amenazas estructurales que afectan a la seguridad fronteriza y a la <strong>estabilidad interna<\/strong>. La defensa de la soberan\u00eda espa\u00f1ola comienza, en gran medida, en la capacidad de anticipar y contener crisis en su entorno pr\u00f3ximo.<\/p>\n\n\n\n<p>&nbsp;&nbsp;&nbsp;&nbsp;&nbsp;&nbsp;&nbsp;&nbsp;&nbsp;&nbsp;&nbsp; En este marco, <strong>Marruecos representa un desaf\u00edo estrat\u00e9gico de especial sensibilidad.<\/strong> La combinaci\u00f3n de reivindicaciones territoriales, la modernizaci\u00f3n militar creciente y la potencial instrumentalizaci\u00f3n de la migraci\u00f3n, sit\u00faan la relaci\u00f3n entre Madrid y Rabat en un delicado equilibrio. Espa\u00f1a debe sostener una postura de disuasi\u00f3n real y preparaci\u00f3n defensiva, especialmente en territorios sensibles como Ceuta, Melilla y Canarias, pero sin caer en una l\u00f3gica de escalada abierta.<\/p>\n\n\n\n<p>&nbsp;&nbsp;&nbsp;&nbsp;&nbsp;&nbsp;&nbsp;&nbsp;&nbsp;&nbsp;&nbsp; Al mismo tiempo, las amenazas h\u00edbridas y emergentes se consolidan como el n\u00facleo central de los riesgos contempor\u00e1neos. Los ciberataques, las campa\u00f1as de desinformaci\u00f3n, la presi\u00f3n econ\u00f3mica y la manipulaci\u00f3n social representan formas de agresi\u00f3n que operan en <strong>zonas grises<\/strong>, pero que pueden afectar de forma directa a cualquier Estado. En consecuencia, la defensa nacional debe orientarse hacia un modelo multidominio, donde lo militar, lo tecnol\u00f3gico, lo informativo y lo social se integren en una estrategia coherente.<\/p>\n\n\n\n<p>&nbsp;&nbsp;&nbsp;&nbsp;&nbsp;&nbsp;&nbsp;&nbsp;&nbsp;&nbsp;&nbsp; Las Fuerzas Armadas espa\u00f1olas se encuentran en el centro de este desaf\u00edo de transformaci\u00f3n. Su profesionalidad y experiencia internacional constituyen activos esenciales, pero el nuevo entorno estrat\u00e9gico exige una modernizaci\u00f3n profunda a nivel de capacidades y recursos. Espa\u00f1a debe invertir de manera sostenida en tecnolog\u00edas emergentes como la ciberdefensa, los drones, la inteligencia artificial y la guerra electr\u00f3nica, as\u00ed como <strong>garantizar el apoyo de sus aliados de la OTAN y la Uni\u00f3n Europea<\/strong>.<\/p>\n\n\n\n<p>&nbsp;&nbsp;&nbsp;&nbsp;&nbsp;&nbsp;&nbsp;&nbsp;&nbsp;&nbsp;&nbsp; Otro elemento cr\u00edtico es el factor humano. La defensa del siglo XXI requiere de talento especializado, formaci\u00f3n continua y esfuerzos para retener al personal cualificado en \u00e1mbitos clave. Espa\u00f1a afronta desaf\u00edos demogr\u00e1ficos y sociol\u00f3gicos que afectan al reclutamiento y la consolidaci\u00f3n de una cultura estrat\u00e9gica donde la defensa sea comprendida como una <strong>responsabilidad colectiva<\/strong>. La desconexi\u00f3n entre sociedad civil y defensa nacional puede convertirse en una debilidad interna, especialmente en un contexto donde las amenazas h\u00edbridas buscan precisamente erosionar la cohesi\u00f3n social y la confianza institucional.<\/p>\n\n\n\n<p>&nbsp;&nbsp;&nbsp;&nbsp;&nbsp;&nbsp;&nbsp;&nbsp;&nbsp;&nbsp;&nbsp; La pertenencia de Espa\u00f1a a la OTAN y la UE constituye un multiplicador de seguridad, pero tambi\u00e9n plantea dudas sobre la <strong>autonom\u00eda estrat\u00e9gica<\/strong>. La defensa colectiva es indispensable, pero Espa\u00f1a debe asegurar que sus prioridades, particularmente en el flanco sur, sean plenamente incorporadas en la agenda aliada. Asimismo, la soberan\u00eda futura depender\u00e1 en gran medida de la capacidad europea para desarrollar una autonom\u00eda tecnol\u00f3gica, industrial y operativa. Espa\u00f1a debe contribuir activamente a esta construcci\u00f3n europea, fortaleciendo su industria de defensa y asegurando el desarrollo de capacidades cr\u00edticas propias.<\/p>\n","protected":false},"excerpt":{"rendered":"<p>Introducci\u00f3n &nbsp;&nbsp;&nbsp;&nbsp;&nbsp;&nbsp;&nbsp;&nbsp;&nbsp;&nbsp;&nbsp; La soberan\u00eda territorial constituye uno de los pilares fundamentales sobre los que se construye y sostiene el Estado moderno. En el caso de Espa\u00f1a, esta soberan\u00eda se manifiesta en la capacidad de ejercer control pol\u00edtico, jur\u00eddico y militar en el territorio peninsular, las islas Canarias y Baleares, y las Ciudades Aut\u00f3nomas de Ceuta [&hellip;]<\/p>\n","protected":false},"author":1,"featured_media":1452,"comment_status":"open","ping_status":"open","sticky":false,"template":"","format":"standard","meta":{"saved_in_kubio":false,"footnotes":""},"categories":[17,20,15],"tags":[],"class_list":["post-1447","post","type-post","status-publish","format-standard","has-post-thumbnail","hentry","category-geopolitica-y-geoestrategia","category-inteligencia","category-seguridad-y-defensa"],"yoast_head":"<!-- This site is optimized with the Yoast SEO plugin v27.0 - https:\/\/yoast.com\/product\/yoast-seo-wordpress\/ -->\n<title>Soberan\u00eda y defensa del territorio espa\u00f1ol: amenazas, desaf\u00edos y necesidades - Inteligenia<\/title>\n<meta name=\"robots\" content=\"index, follow, max-snippet:-1, max-image-preview:large, max-video-preview:-1\" \/>\n<link rel=\"canonical\" href=\"https:\/\/www.inteligenia.info\/home\/soberania-y-defensa-del-territorio-espanol-amenazas-desafios-y-necesidades\/\" \/>\n<meta property=\"og:locale\" content=\"es_ES\" \/>\n<meta property=\"og:type\" content=\"article\" \/>\n<meta property=\"og:title\" content=\"Soberan\u00eda y defensa del territorio espa\u00f1ol: amenazas, desaf\u00edos y necesidades - Inteligenia\" \/>\n<meta property=\"og:description\" content=\"Introducci\u00f3n &nbsp;&nbsp;&nbsp;&nbsp;&nbsp;&nbsp;&nbsp;&nbsp;&nbsp;&nbsp;&nbsp; La soberan\u00eda territorial constituye uno de los pilares fundamentales sobre los que se construye y sostiene el Estado moderno. En el caso de Espa\u00f1a, esta soberan\u00eda se manifiesta en la capacidad de ejercer control pol\u00edtico, jur\u00eddico y militar en el territorio peninsular, las islas Canarias y Baleares, y las Ciudades Aut\u00f3nomas de Ceuta [&hellip;]\" \/>\n<meta property=\"og:url\" content=\"https:\/\/www.inteligenia.info\/home\/soberania-y-defensa-del-territorio-espanol-amenazas-desafios-y-necesidades\/\" \/>\n<meta property=\"og:site_name\" content=\"Inteligenia\" \/>\n<meta property=\"article:published_time\" content=\"2026-03-26T07:33:57+00:00\" \/>\n<meta property=\"article:modified_time\" content=\"2026-03-26T07:33:58+00:00\" \/>\n<meta property=\"og:image\" content=\"https:\/\/www.inteligenia.info\/wp-content\/uploads\/2026\/03\/ChatGPT-Image-26-mar-2026-08_27_02-1024x683.png\" \/>\n\t<meta property=\"og:image:width\" content=\"1024\" \/>\n\t<meta property=\"og:image:height\" content=\"683\" \/>\n\t<meta property=\"og:image:type\" content=\"image\/png\" \/>\n<meta name=\"author\" content=\"admin\" \/>\n<meta name=\"twitter:card\" content=\"summary_large_image\" \/>\n<meta name=\"twitter:creator\" content=\"@INTELIGENIA_\" \/>\n<meta name=\"twitter:site\" content=\"@INTELIGENIA_\" \/>\n<meta name=\"twitter:label1\" content=\"Escrito por\" \/>\n\t<meta name=\"twitter:data1\" content=\"admin\" \/>\n\t<meta name=\"twitter:label2\" content=\"Tiempo de lectura\" \/>\n\t<meta name=\"twitter:data2\" content=\"27 minutos\" \/>\n<script type=\"application\/ld+json\" class=\"yoast-schema-graph\">{\"@context\":\"https:\/\/schema.org\",\"@graph\":[{\"@type\":\"Article\",\"@id\":\"https:\/\/www.inteligenia.info\/home\/soberania-y-defensa-del-territorio-espanol-amenazas-desafios-y-necesidades\/#article\",\"isPartOf\":{\"@id\":\"https:\/\/www.inteligenia.info\/home\/soberania-y-defensa-del-territorio-espanol-amenazas-desafios-y-necesidades\/\"},\"author\":{\"name\":\"admin\",\"@id\":\"https:\/\/www.inteligenia.info\/home\/#\/schema\/person\/1bf90ee63c207f611a224f9c17dbf031\"},\"headline\":\"Soberan\u00eda y defensa del territorio espa\u00f1ol: amenazas, desaf\u00edos y necesidades\",\"datePublished\":\"2026-03-26T07:33:57+00:00\",\"dateModified\":\"2026-03-26T07:33:58+00:00\",\"mainEntityOfPage\":{\"@id\":\"https:\/\/www.inteligenia.info\/home\/soberania-y-defensa-del-territorio-espanol-amenazas-desafios-y-necesidades\/\"},\"wordCount\":6841,\"commentCount\":0,\"publisher\":{\"@id\":\"https:\/\/www.inteligenia.info\/home\/#organization\"},\"image\":{\"@id\":\"https:\/\/www.inteligenia.info\/home\/soberania-y-defensa-del-territorio-espanol-amenazas-desafios-y-necesidades\/#primaryimage\"},\"thumbnailUrl\":\"https:\/\/www.inteligenia.info\/wp-content\/uploads\/2026\/03\/ChatGPT-Image-26-mar-2026-08_27_02.png\",\"articleSection\":[\"Geopolitica y Geoestrategia\",\"Inteligencia\",\"Seguridad y Defensa\"],\"inLanguage\":\"es\",\"potentialAction\":[{\"@type\":\"CommentAction\",\"name\":\"Comment\",\"target\":[\"https:\/\/www.inteligenia.info\/home\/soberania-y-defensa-del-territorio-espanol-amenazas-desafios-y-necesidades\/#respond\"]}]},{\"@type\":\"WebPage\",\"@id\":\"https:\/\/www.inteligenia.info\/home\/soberania-y-defensa-del-territorio-espanol-amenazas-desafios-y-necesidades\/\",\"url\":\"https:\/\/www.inteligenia.info\/home\/soberania-y-defensa-del-territorio-espanol-amenazas-desafios-y-necesidades\/\",\"name\":\"Soberan\u00eda y defensa del territorio espa\u00f1ol: amenazas, desaf\u00edos y necesidades - Inteligenia\",\"isPartOf\":{\"@id\":\"https:\/\/www.inteligenia.info\/home\/#website\"},\"primaryImageOfPage\":{\"@id\":\"https:\/\/www.inteligenia.info\/home\/soberania-y-defensa-del-territorio-espanol-amenazas-desafios-y-necesidades\/#primaryimage\"},\"image\":{\"@id\":\"https:\/\/www.inteligenia.info\/home\/soberania-y-defensa-del-territorio-espanol-amenazas-desafios-y-necesidades\/#primaryimage\"},\"thumbnailUrl\":\"https:\/\/www.inteligenia.info\/wp-content\/uploads\/2026\/03\/ChatGPT-Image-26-mar-2026-08_27_02.png\",\"datePublished\":\"2026-03-26T07:33:57+00:00\",\"dateModified\":\"2026-03-26T07:33:58+00:00\",\"breadcrumb\":{\"@id\":\"https:\/\/www.inteligenia.info\/home\/soberania-y-defensa-del-territorio-espanol-amenazas-desafios-y-necesidades\/#breadcrumb\"},\"inLanguage\":\"es\",\"potentialAction\":[{\"@type\":\"ReadAction\",\"target\":[\"https:\/\/www.inteligenia.info\/home\/soberania-y-defensa-del-territorio-espanol-amenazas-desafios-y-necesidades\/\"]}]},{\"@type\":\"ImageObject\",\"inLanguage\":\"es\",\"@id\":\"https:\/\/www.inteligenia.info\/home\/soberania-y-defensa-del-territorio-espanol-amenazas-desafios-y-necesidades\/#primaryimage\",\"url\":\"https:\/\/www.inteligenia.info\/wp-content\/uploads\/2026\/03\/ChatGPT-Image-26-mar-2026-08_27_02.png\",\"contentUrl\":\"https:\/\/www.inteligenia.info\/wp-content\/uploads\/2026\/03\/ChatGPT-Image-26-mar-2026-08_27_02.png\",\"width\":1536,\"height\":1024},{\"@type\":\"BreadcrumbList\",\"@id\":\"https:\/\/www.inteligenia.info\/home\/soberania-y-defensa-del-territorio-espanol-amenazas-desafios-y-necesidades\/#breadcrumb\",\"itemListElement\":[{\"@type\":\"ListItem\",\"position\":1,\"name\":\"Portada\",\"item\":\"https:\/\/www.inteligenia.info\/home\/\"},{\"@type\":\"ListItem\",\"position\":2,\"name\":\"Soberan\u00eda y defensa del territorio espa\u00f1ol: amenazas, desaf\u00edos y necesidades\"}]},{\"@type\":\"WebSite\",\"@id\":\"https:\/\/www.inteligenia.info\/home\/#website\",\"url\":\"https:\/\/www.inteligenia.info\/home\/\",\"name\":\"Inteligenia\",\"description\":\"\",\"publisher\":{\"@id\":\"https:\/\/www.inteligenia.info\/home\/#organization\"},\"potentialAction\":[{\"@type\":\"SearchAction\",\"target\":{\"@type\":\"EntryPoint\",\"urlTemplate\":\"https:\/\/www.inteligenia.info\/home\/?s={search_term_string}\"},\"query-input\":{\"@type\":\"PropertyValueSpecification\",\"valueRequired\":true,\"valueName\":\"search_term_string\"}}],\"inLanguage\":\"es\"},{\"@type\":\"Organization\",\"@id\":\"https:\/\/www.inteligenia.info\/home\/#organization\",\"name\":\"Inteligenia\",\"url\":\"https:\/\/www.inteligenia.info\/home\/\",\"logo\":{\"@type\":\"ImageObject\",\"inLanguage\":\"es\",\"@id\":\"https:\/\/www.inteligenia.info\/home\/#\/schema\/logo\/image\/\",\"url\":\"https:\/\/www.inteligenia.info\/wp-content\/uploads\/2024\/06\/transparent_logo-1-e1718047668142.png\",\"contentUrl\":\"https:\/\/www.inteligenia.info\/wp-content\/uploads\/2024\/06\/transparent_logo-1-e1718047668142.png\",\"width\":674,\"height\":141,\"caption\":\"Inteligenia\"},\"image\":{\"@id\":\"https:\/\/www.inteligenia.info\/home\/#\/schema\/logo\/image\/\"},\"sameAs\":[\"https:\/\/x.com\/INTELIGENIA_\",\"https:\/\/www.linkedin.com\/company\/inteligenia\/?viewAsMember=true\"]},{\"@type\":\"Person\",\"@id\":\"https:\/\/www.inteligenia.info\/home\/#\/schema\/person\/1bf90ee63c207f611a224f9c17dbf031\",\"name\":\"admin\",\"image\":{\"@type\":\"ImageObject\",\"inLanguage\":\"es\",\"@id\":\"https:\/\/www.inteligenia.info\/home\/#\/schema\/person\/image\/\",\"url\":\"https:\/\/secure.gravatar.com\/avatar\/ed712be762908ac190eb3beb8cf9efb0dc9c425bd7b69d40ba8746efca2909c6?s=96&d=mm&r=g\",\"contentUrl\":\"https:\/\/secure.gravatar.com\/avatar\/ed712be762908ac190eb3beb8cf9efb0dc9c425bd7b69d40ba8746efca2909c6?s=96&d=mm&r=g\",\"caption\":\"admin\"},\"sameAs\":[\"http:\/\/www.inteligenia.info\"],\"url\":\"https:\/\/www.inteligenia.info\/home\/author\/admin\/\"}]}<\/script>\n<!-- \/ Yoast SEO plugin. -->","yoast_head_json":{"title":"Soberan\u00eda y defensa del territorio espa\u00f1ol: amenazas, desaf\u00edos y necesidades - Inteligenia","robots":{"index":"index","follow":"follow","max-snippet":"max-snippet:-1","max-image-preview":"max-image-preview:large","max-video-preview":"max-video-preview:-1"},"canonical":"https:\/\/www.inteligenia.info\/home\/soberania-y-defensa-del-territorio-espanol-amenazas-desafios-y-necesidades\/","og_locale":"es_ES","og_type":"article","og_title":"Soberan\u00eda y defensa del territorio espa\u00f1ol: amenazas, desaf\u00edos y necesidades - Inteligenia","og_description":"Introducci\u00f3n &nbsp;&nbsp;&nbsp;&nbsp;&nbsp;&nbsp;&nbsp;&nbsp;&nbsp;&nbsp;&nbsp; La soberan\u00eda territorial constituye uno de los pilares fundamentales sobre los que se construye y sostiene el Estado moderno. En el caso de Espa\u00f1a, esta soberan\u00eda se manifiesta en la capacidad de ejercer control pol\u00edtico, jur\u00eddico y militar en el territorio peninsular, las islas Canarias y Baleares, y las Ciudades Aut\u00f3nomas de Ceuta [&hellip;]","og_url":"https:\/\/www.inteligenia.info\/home\/soberania-y-defensa-del-territorio-espanol-amenazas-desafios-y-necesidades\/","og_site_name":"Inteligenia","article_published_time":"2026-03-26T07:33:57+00:00","article_modified_time":"2026-03-26T07:33:58+00:00","og_image":[{"width":1024,"height":683,"url":"https:\/\/www.inteligenia.info\/wp-content\/uploads\/2026\/03\/ChatGPT-Image-26-mar-2026-08_27_02-1024x683.png","type":"image\/png"}],"author":"admin","twitter_card":"summary_large_image","twitter_creator":"@INTELIGENIA_","twitter_site":"@INTELIGENIA_","twitter_misc":{"Escrito por":"admin","Tiempo de lectura":"27 minutos"},"schema":{"@context":"https:\/\/schema.org","@graph":[{"@type":"Article","@id":"https:\/\/www.inteligenia.info\/home\/soberania-y-defensa-del-territorio-espanol-amenazas-desafios-y-necesidades\/#article","isPartOf":{"@id":"https:\/\/www.inteligenia.info\/home\/soberania-y-defensa-del-territorio-espanol-amenazas-desafios-y-necesidades\/"},"author":{"name":"admin","@id":"https:\/\/www.inteligenia.info\/home\/#\/schema\/person\/1bf90ee63c207f611a224f9c17dbf031"},"headline":"Soberan\u00eda y defensa del territorio espa\u00f1ol: amenazas, desaf\u00edos y necesidades","datePublished":"2026-03-26T07:33:57+00:00","dateModified":"2026-03-26T07:33:58+00:00","mainEntityOfPage":{"@id":"https:\/\/www.inteligenia.info\/home\/soberania-y-defensa-del-territorio-espanol-amenazas-desafios-y-necesidades\/"},"wordCount":6841,"commentCount":0,"publisher":{"@id":"https:\/\/www.inteligenia.info\/home\/#organization"},"image":{"@id":"https:\/\/www.inteligenia.info\/home\/soberania-y-defensa-del-territorio-espanol-amenazas-desafios-y-necesidades\/#primaryimage"},"thumbnailUrl":"https:\/\/www.inteligenia.info\/wp-content\/uploads\/2026\/03\/ChatGPT-Image-26-mar-2026-08_27_02.png","articleSection":["Geopolitica y Geoestrategia","Inteligencia","Seguridad y Defensa"],"inLanguage":"es","potentialAction":[{"@type":"CommentAction","name":"Comment","target":["https:\/\/www.inteligenia.info\/home\/soberania-y-defensa-del-territorio-espanol-amenazas-desafios-y-necesidades\/#respond"]}]},{"@type":"WebPage","@id":"https:\/\/www.inteligenia.info\/home\/soberania-y-defensa-del-territorio-espanol-amenazas-desafios-y-necesidades\/","url":"https:\/\/www.inteligenia.info\/home\/soberania-y-defensa-del-territorio-espanol-amenazas-desafios-y-necesidades\/","name":"Soberan\u00eda y defensa del territorio espa\u00f1ol: amenazas, desaf\u00edos y necesidades - Inteligenia","isPartOf":{"@id":"https:\/\/www.inteligenia.info\/home\/#website"},"primaryImageOfPage":{"@id":"https:\/\/www.inteligenia.info\/home\/soberania-y-defensa-del-territorio-espanol-amenazas-desafios-y-necesidades\/#primaryimage"},"image":{"@id":"https:\/\/www.inteligenia.info\/home\/soberania-y-defensa-del-territorio-espanol-amenazas-desafios-y-necesidades\/#primaryimage"},"thumbnailUrl":"https:\/\/www.inteligenia.info\/wp-content\/uploads\/2026\/03\/ChatGPT-Image-26-mar-2026-08_27_02.png","datePublished":"2026-03-26T07:33:57+00:00","dateModified":"2026-03-26T07:33:58+00:00","breadcrumb":{"@id":"https:\/\/www.inteligenia.info\/home\/soberania-y-defensa-del-territorio-espanol-amenazas-desafios-y-necesidades\/#breadcrumb"},"inLanguage":"es","potentialAction":[{"@type":"ReadAction","target":["https:\/\/www.inteligenia.info\/home\/soberania-y-defensa-del-territorio-espanol-amenazas-desafios-y-necesidades\/"]}]},{"@type":"ImageObject","inLanguage":"es","@id":"https:\/\/www.inteligenia.info\/home\/soberania-y-defensa-del-territorio-espanol-amenazas-desafios-y-necesidades\/#primaryimage","url":"https:\/\/www.inteligenia.info\/wp-content\/uploads\/2026\/03\/ChatGPT-Image-26-mar-2026-08_27_02.png","contentUrl":"https:\/\/www.inteligenia.info\/wp-content\/uploads\/2026\/03\/ChatGPT-Image-26-mar-2026-08_27_02.png","width":1536,"height":1024},{"@type":"BreadcrumbList","@id":"https:\/\/www.inteligenia.info\/home\/soberania-y-defensa-del-territorio-espanol-amenazas-desafios-y-necesidades\/#breadcrumb","itemListElement":[{"@type":"ListItem","position":1,"name":"Portada","item":"https:\/\/www.inteligenia.info\/home\/"},{"@type":"ListItem","position":2,"name":"Soberan\u00eda y defensa del territorio espa\u00f1ol: amenazas, desaf\u00edos y necesidades"}]},{"@type":"WebSite","@id":"https:\/\/www.inteligenia.info\/home\/#website","url":"https:\/\/www.inteligenia.info\/home\/","name":"Inteligenia","description":"","publisher":{"@id":"https:\/\/www.inteligenia.info\/home\/#organization"},"potentialAction":[{"@type":"SearchAction","target":{"@type":"EntryPoint","urlTemplate":"https:\/\/www.inteligenia.info\/home\/?s={search_term_string}"},"query-input":{"@type":"PropertyValueSpecification","valueRequired":true,"valueName":"search_term_string"}}],"inLanguage":"es"},{"@type":"Organization","@id":"https:\/\/www.inteligenia.info\/home\/#organization","name":"Inteligenia","url":"https:\/\/www.inteligenia.info\/home\/","logo":{"@type":"ImageObject","inLanguage":"es","@id":"https:\/\/www.inteligenia.info\/home\/#\/schema\/logo\/image\/","url":"https:\/\/www.inteligenia.info\/wp-content\/uploads\/2024\/06\/transparent_logo-1-e1718047668142.png","contentUrl":"https:\/\/www.inteligenia.info\/wp-content\/uploads\/2024\/06\/transparent_logo-1-e1718047668142.png","width":674,"height":141,"caption":"Inteligenia"},"image":{"@id":"https:\/\/www.inteligenia.info\/home\/#\/schema\/logo\/image\/"},"sameAs":["https:\/\/x.com\/INTELIGENIA_","https:\/\/www.linkedin.com\/company\/inteligenia\/?viewAsMember=true"]},{"@type":"Person","@id":"https:\/\/www.inteligenia.info\/home\/#\/schema\/person\/1bf90ee63c207f611a224f9c17dbf031","name":"admin","image":{"@type":"ImageObject","inLanguage":"es","@id":"https:\/\/www.inteligenia.info\/home\/#\/schema\/person\/image\/","url":"https:\/\/secure.gravatar.com\/avatar\/ed712be762908ac190eb3beb8cf9efb0dc9c425bd7b69d40ba8746efca2909c6?s=96&d=mm&r=g","contentUrl":"https:\/\/secure.gravatar.com\/avatar\/ed712be762908ac190eb3beb8cf9efb0dc9c425bd7b69d40ba8746efca2909c6?s=96&d=mm&r=g","caption":"admin"},"sameAs":["http:\/\/www.inteligenia.info"],"url":"https:\/\/www.inteligenia.info\/home\/author\/admin\/"}]}},"_links":{"self":[{"href":"https:\/\/www.inteligenia.info\/home\/wp-json\/wp\/v2\/posts\/1447","targetHints":{"allow":["GET"]}}],"collection":[{"href":"https:\/\/www.inteligenia.info\/home\/wp-json\/wp\/v2\/posts"}],"about":[{"href":"https:\/\/www.inteligenia.info\/home\/wp-json\/wp\/v2\/types\/post"}],"author":[{"embeddable":true,"href":"https:\/\/www.inteligenia.info\/home\/wp-json\/wp\/v2\/users\/1"}],"replies":[{"embeddable":true,"href":"https:\/\/www.inteligenia.info\/home\/wp-json\/wp\/v2\/comments?post=1447"}],"version-history":[{"count":1,"href":"https:\/\/www.inteligenia.info\/home\/wp-json\/wp\/v2\/posts\/1447\/revisions"}],"predecessor-version":[{"id":1453,"href":"https:\/\/www.inteligenia.info\/home\/wp-json\/wp\/v2\/posts\/1447\/revisions\/1453"}],"wp:featuredmedia":[{"embeddable":true,"href":"https:\/\/www.inteligenia.info\/home\/wp-json\/wp\/v2\/media\/1452"}],"wp:attachment":[{"href":"https:\/\/www.inteligenia.info\/home\/wp-json\/wp\/v2\/media?parent=1447"}],"wp:term":[{"taxonomy":"category","embeddable":true,"href":"https:\/\/www.inteligenia.info\/home\/wp-json\/wp\/v2\/categories?post=1447"},{"taxonomy":"post_tag","embeddable":true,"href":"https:\/\/www.inteligenia.info\/home\/wp-json\/wp\/v2\/tags?post=1447"}],"curies":[{"name":"wp","href":"https:\/\/api.w.org\/{rel}","templated":true}]}}