{"id":1455,"date":"2026-04-06T17:33:55","date_gmt":"2026-04-06T17:33:55","guid":{"rendered":"https:\/\/www.inteligenia.info\/?p=1455"},"modified":"2026-04-06T17:33:56","modified_gmt":"2026-04-06T17:33:56","slug":"defensa-de-la-mente-espana-y-el-desafio-de-la-guerra-cognitiva","status":"publish","type":"post","link":"https:\/\/www.inteligenia.info\/home\/defensa-de-la-mente-espana-y-el-desafio-de-la-guerra-cognitiva\/","title":{"rendered":"Defensa de la Mente: Espa\u00f1a y el Desaf\u00edo de la Guerra Cognitiva"},"content":{"rendered":"\n<p class=\"has-text-align-center\"><strong>Elaborado por Alvaro Serrano &#8211; Director de Inteligenia<\/strong><\/p>\n\n\n\n<p><strong>Resumen<\/strong><\/p>\n\n\n\n<p>La <strong>guerra cognitiva<\/strong> se ha consolidado en la pr\u00e1ctica como un \u00e1mbito operativo mayor: no s\u00f3lo compite por informaci\u00f3n sino por decisiones, voluntades y percepciones. El esfuerzo combina operaciones informativas, ciberoperaciones, IA generativa, t\u00e9cnicas de influencia psicol\u00f3gica y, emergentemente, el vector biol\u00f3gico\/neurotecnol\u00f3gico. En el caso de Espa\u00f1a, se han dado pasos institucionales (legislaci\u00f3n org\u00e1nica, inversiones en cibercapacidad, iniciativas en neurotecnolog\u00eda y marcos de resiliencia social) que muestran una respuesta <strong>dual<\/strong>:<\/p>\n\n\n\n<ol style=\"list-style-type:lower-alpha\" class=\"wp-block-list\">\n<li>desarrollar capacidades tecnol\u00f3gicas defensivas\/ofensivas en el ciber-y-cognitivo<\/li>\n\n\n\n<li>proteger derechos individuales y fortalecer la inmunidad social.<\/li>\n<\/ol>\n\n\n\n<p>A continuaci\u00f3n se presenta un an\u00e1lisis detallado, con evaluaci\u00f3n cr\u00edtica de las principales afirmaciones del documento aportado por usted y referencias a fuentes oficiales y acad\u00e9micas consultadas.<\/p>\n\n\n\n<p><strong>Palabras clave:<\/strong> guerra cognitiva; dominio cognitivo; seguridad nacional; amenazas h\u00edbridas; desinformaci\u00f3n; inteligencia artificial generativa; ciberseguridad; resiliencia social; soberan\u00eda cognitiva; operaciones de influencia; conflicto multidominio; neurotecnolog\u00eda; comunicaci\u00f3n estrat\u00e9gica; polarizaci\u00f3n social; geopol\u00edtica de la informaci\u00f3n.<\/p>\n\n\n\n<p><\/p>\n\n\n\n<p><strong>ANALISIS COMPLETO<\/strong><\/p>\n\n\n\n<div data-wp-interactive=\"core\/file\" class=\"wp-block-file\"><object data-wp-bind--hidden=\"!state.hasPdfPreview\" hidden class=\"wp-block-file__embed\" data=\"https:\/\/www.inteligenia.info\/wp-content\/uploads\/2026\/04\/260406-DEFENSA-DE-LA-MENTE.pdf\" type=\"application\/pdf\" style=\"width:100%;height:600px\" aria-label=\"Incrustado de 260406 - DEFENSA DE LA MENTE.\"><\/object><a id=\"wp-block-file--media-f8bce0c6-5208-4f39-9040-9f9df6b6b2f1\" href=\"https:\/\/www.inteligenia.info\/wp-content\/uploads\/2026\/04\/260406-DEFENSA-DE-LA-MENTE.pdf\" target=\"_blank\" rel=\"noreferrer noopener\">260406 &#8211; DEFENSA DE LA MENTE<\/a><a href=\"https:\/\/www.inteligenia.info\/wp-content\/uploads\/2026\/04\/260406-DEFENSA-DE-LA-MENTE.pdf\" class=\"wp-block-file__button wp-element-button\" download aria-describedby=\"wp-block-file--media-f8bce0c6-5208-4f39-9040-9f9df6b6b2f1\">Descarga<\/a><\/div>\n","protected":false},"excerpt":{"rendered":"<p>Elaborado por Alvaro Serrano &#8211; Director de Inteligenia Resumen La guerra cognitiva se ha consolidado en la pr\u00e1ctica como un \u00e1mbito operativo mayor: no s\u00f3lo compite por informaci\u00f3n sino por decisiones, voluntades y percepciones. El esfuerzo combina operaciones informativas, ciberoperaciones, IA generativa, t\u00e9cnicas de influencia psicol\u00f3gica y, emergentemente, el vector biol\u00f3gico\/neurotecnol\u00f3gico. En el caso de [&hellip;]<\/p>\n","protected":false},"author":1,"featured_media":1458,"comment_status":"open","ping_status":"open","sticky":false,"template":"","format":"standard","meta":{"saved_in_kubio":false,"footnotes":""},"categories":[13,27],"tags":[],"class_list":["post-1455","post","type-post","status-publish","format-standard","has-post-thumbnail","hentry","category-articulos","category-cognitivo"],"yoast_head":"<!-- This site is optimized with the Yoast SEO plugin v27.0 - https:\/\/yoast.com\/product\/yoast-seo-wordpress\/ -->\n<title>Defensa de la Mente: Espa\u00f1a y el Desaf\u00edo de la Guerra Cognitiva - Inteligenia<\/title>\n<meta name=\"robots\" content=\"index, follow, max-snippet:-1, max-image-preview:large, max-video-preview:-1\" \/>\n<link rel=\"canonical\" href=\"https:\/\/www.inteligenia.info\/home\/defensa-de-la-mente-espana-y-el-desafio-de-la-guerra-cognitiva\/\" \/>\n<meta property=\"og:locale\" content=\"es_ES\" \/>\n<meta property=\"og:type\" content=\"article\" \/>\n<meta property=\"og:title\" content=\"Defensa de la Mente: Espa\u00f1a y el Desaf\u00edo de la Guerra Cognitiva - Inteligenia\" \/>\n<meta property=\"og:description\" content=\"Elaborado por Alvaro Serrano &#8211; Director de Inteligenia Resumen La guerra cognitiva se ha consolidado en la pr\u00e1ctica como un \u00e1mbito operativo mayor: no s\u00f3lo compite por informaci\u00f3n sino por decisiones, voluntades y percepciones. El esfuerzo combina operaciones informativas, ciberoperaciones, IA generativa, t\u00e9cnicas de influencia psicol\u00f3gica y, emergentemente, el vector biol\u00f3gico\/neurotecnol\u00f3gico. En el caso de [&hellip;]\" \/>\n<meta property=\"og:url\" content=\"https:\/\/www.inteligenia.info\/home\/defensa-de-la-mente-espana-y-el-desafio-de-la-guerra-cognitiva\/\" \/>\n<meta property=\"og:site_name\" content=\"Inteligenia\" \/>\n<meta property=\"article:published_time\" content=\"2026-04-06T17:33:55+00:00\" \/>\n<meta property=\"article:modified_time\" content=\"2026-04-06T17:33:56+00:00\" \/>\n<meta property=\"og:image\" content=\"https:\/\/www.inteligenia.info\/wp-content\/uploads\/2026\/04\/ChatGPT-Image-6-abr-2026-19_15_26.png\" \/>\n\t<meta property=\"og:image:width\" content=\"990\" \/>\n\t<meta property=\"og:image:height\" content=\"742\" \/>\n\t<meta property=\"og:image:type\" content=\"image\/png\" \/>\n<meta name=\"author\" content=\"admin\" \/>\n<meta name=\"twitter:card\" content=\"summary_large_image\" \/>\n<meta name=\"twitter:creator\" content=\"@INTELIGENIA_\" \/>\n<meta name=\"twitter:site\" content=\"@INTELIGENIA_\" \/>\n<meta name=\"twitter:label1\" content=\"Escrito por\" \/>\n\t<meta name=\"twitter:data1\" content=\"admin\" \/>\n\t<meta name=\"twitter:label2\" content=\"Tiempo de lectura\" \/>\n\t<meta name=\"twitter:data2\" content=\"1 minuto\" \/>\n<script type=\"application\/ld+json\" class=\"yoast-schema-graph\">{\"@context\":\"https:\/\/schema.org\",\"@graph\":[{\"@type\":\"Article\",\"@id\":\"https:\/\/www.inteligenia.info\/home\/defensa-de-la-mente-espana-y-el-desafio-de-la-guerra-cognitiva\/#article\",\"isPartOf\":{\"@id\":\"https:\/\/www.inteligenia.info\/home\/defensa-de-la-mente-espana-y-el-desafio-de-la-guerra-cognitiva\/\"},\"author\":{\"name\":\"admin\",\"@id\":\"https:\/\/www.inteligenia.info\/home\/#\/schema\/person\/1bf90ee63c207f611a224f9c17dbf031\"},\"headline\":\"Defensa de la Mente: Espa\u00f1a y el Desaf\u00edo de la Guerra Cognitiva\",\"datePublished\":\"2026-04-06T17:33:55+00:00\",\"dateModified\":\"2026-04-06T17:33:56+00:00\",\"mainEntityOfPage\":{\"@id\":\"https:\/\/www.inteligenia.info\/home\/defensa-de-la-mente-espana-y-el-desafio-de-la-guerra-cognitiva\/\"},\"wordCount\":204,\"commentCount\":0,\"publisher\":{\"@id\":\"https:\/\/www.inteligenia.info\/home\/#organization\"},\"image\":{\"@id\":\"https:\/\/www.inteligenia.info\/home\/defensa-de-la-mente-espana-y-el-desafio-de-la-guerra-cognitiva\/#primaryimage\"},\"thumbnailUrl\":\"https:\/\/www.inteligenia.info\/wp-content\/uploads\/2026\/04\/ChatGPT-Image-6-abr-2026-19_15_26.png\",\"articleSection\":[\"Art\u00edculos\",\"Cognitivo\"],\"inLanguage\":\"es\",\"potentialAction\":[{\"@type\":\"CommentAction\",\"name\":\"Comment\",\"target\":[\"https:\/\/www.inteligenia.info\/home\/defensa-de-la-mente-espana-y-el-desafio-de-la-guerra-cognitiva\/#respond\"]}]},{\"@type\":\"WebPage\",\"@id\":\"https:\/\/www.inteligenia.info\/home\/defensa-de-la-mente-espana-y-el-desafio-de-la-guerra-cognitiva\/\",\"url\":\"https:\/\/www.inteligenia.info\/home\/defensa-de-la-mente-espana-y-el-desafio-de-la-guerra-cognitiva\/\",\"name\":\"Defensa de la Mente: Espa\u00f1a y el Desaf\u00edo de la Guerra Cognitiva - Inteligenia\",\"isPartOf\":{\"@id\":\"https:\/\/www.inteligenia.info\/home\/#website\"},\"primaryImageOfPage\":{\"@id\":\"https:\/\/www.inteligenia.info\/home\/defensa-de-la-mente-espana-y-el-desafio-de-la-guerra-cognitiva\/#primaryimage\"},\"image\":{\"@id\":\"https:\/\/www.inteligenia.info\/home\/defensa-de-la-mente-espana-y-el-desafio-de-la-guerra-cognitiva\/#primaryimage\"},\"thumbnailUrl\":\"https:\/\/www.inteligenia.info\/wp-content\/uploads\/2026\/04\/ChatGPT-Image-6-abr-2026-19_15_26.png\",\"datePublished\":\"2026-04-06T17:33:55+00:00\",\"dateModified\":\"2026-04-06T17:33:56+00:00\",\"breadcrumb\":{\"@id\":\"https:\/\/www.inteligenia.info\/home\/defensa-de-la-mente-espana-y-el-desafio-de-la-guerra-cognitiva\/#breadcrumb\"},\"inLanguage\":\"es\",\"potentialAction\":[{\"@type\":\"ReadAction\",\"target\":[\"https:\/\/www.inteligenia.info\/home\/defensa-de-la-mente-espana-y-el-desafio-de-la-guerra-cognitiva\/\"]}]},{\"@type\":\"ImageObject\",\"inLanguage\":\"es\",\"@id\":\"https:\/\/www.inteligenia.info\/home\/defensa-de-la-mente-espana-y-el-desafio-de-la-guerra-cognitiva\/#primaryimage\",\"url\":\"https:\/\/www.inteligenia.info\/wp-content\/uploads\/2026\/04\/ChatGPT-Image-6-abr-2026-19_15_26.png\",\"contentUrl\":\"https:\/\/www.inteligenia.info\/wp-content\/uploads\/2026\/04\/ChatGPT-Image-6-abr-2026-19_15_26.png\",\"width\":990,\"height\":742},{\"@type\":\"BreadcrumbList\",\"@id\":\"https:\/\/www.inteligenia.info\/home\/defensa-de-la-mente-espana-y-el-desafio-de-la-guerra-cognitiva\/#breadcrumb\",\"itemListElement\":[{\"@type\":\"ListItem\",\"position\":1,\"name\":\"Portada\",\"item\":\"https:\/\/www.inteligenia.info\/home\/\"},{\"@type\":\"ListItem\",\"position\":2,\"name\":\"Defensa de la Mente: Espa\u00f1a y el Desaf\u00edo de la Guerra Cognitiva\"}]},{\"@type\":\"WebSite\",\"@id\":\"https:\/\/www.inteligenia.info\/home\/#website\",\"url\":\"https:\/\/www.inteligenia.info\/home\/\",\"name\":\"Inteligenia\",\"description\":\"\",\"publisher\":{\"@id\":\"https:\/\/www.inteligenia.info\/home\/#organization\"},\"potentialAction\":[{\"@type\":\"SearchAction\",\"target\":{\"@type\":\"EntryPoint\",\"urlTemplate\":\"https:\/\/www.inteligenia.info\/home\/?s={search_term_string}\"},\"query-input\":{\"@type\":\"PropertyValueSpecification\",\"valueRequired\":true,\"valueName\":\"search_term_string\"}}],\"inLanguage\":\"es\"},{\"@type\":\"Organization\",\"@id\":\"https:\/\/www.inteligenia.info\/home\/#organization\",\"name\":\"Inteligenia\",\"url\":\"https:\/\/www.inteligenia.info\/home\/\",\"logo\":{\"@type\":\"ImageObject\",\"inLanguage\":\"es\",\"@id\":\"https:\/\/www.inteligenia.info\/home\/#\/schema\/logo\/image\/\",\"url\":\"https:\/\/www.inteligenia.info\/wp-content\/uploads\/2024\/06\/transparent_logo-1-e1718047668142.png\",\"contentUrl\":\"https:\/\/www.inteligenia.info\/wp-content\/uploads\/2024\/06\/transparent_logo-1-e1718047668142.png\",\"width\":674,\"height\":141,\"caption\":\"Inteligenia\"},\"image\":{\"@id\":\"https:\/\/www.inteligenia.info\/home\/#\/schema\/logo\/image\/\"},\"sameAs\":[\"https:\/\/x.com\/INTELIGENIA_\",\"https:\/\/www.linkedin.com\/company\/inteligenia\/?viewAsMember=true\"]},{\"@type\":\"Person\",\"@id\":\"https:\/\/www.inteligenia.info\/home\/#\/schema\/person\/1bf90ee63c207f611a224f9c17dbf031\",\"name\":\"admin\",\"image\":{\"@type\":\"ImageObject\",\"inLanguage\":\"es\",\"@id\":\"https:\/\/www.inteligenia.info\/home\/#\/schema\/person\/image\/\",\"url\":\"https:\/\/secure.gravatar.com\/avatar\/ed712be762908ac190eb3beb8cf9efb0dc9c425bd7b69d40ba8746efca2909c6?s=96&d=mm&r=g\",\"contentUrl\":\"https:\/\/secure.gravatar.com\/avatar\/ed712be762908ac190eb3beb8cf9efb0dc9c425bd7b69d40ba8746efca2909c6?s=96&d=mm&r=g\",\"caption\":\"admin\"},\"sameAs\":[\"http:\/\/www.inteligenia.info\"],\"url\":\"https:\/\/www.inteligenia.info\/home\/author\/admin\/\"}]}<\/script>\n<!-- \/ Yoast SEO plugin. -->","yoast_head_json":{"title":"Defensa de la Mente: Espa\u00f1a y el Desaf\u00edo de la Guerra Cognitiva - Inteligenia","robots":{"index":"index","follow":"follow","max-snippet":"max-snippet:-1","max-image-preview":"max-image-preview:large","max-video-preview":"max-video-preview:-1"},"canonical":"https:\/\/www.inteligenia.info\/home\/defensa-de-la-mente-espana-y-el-desafio-de-la-guerra-cognitiva\/","og_locale":"es_ES","og_type":"article","og_title":"Defensa de la Mente: Espa\u00f1a y el Desaf\u00edo de la Guerra Cognitiva - Inteligenia","og_description":"Elaborado por Alvaro Serrano &#8211; Director de Inteligenia Resumen La guerra cognitiva se ha consolidado en la pr\u00e1ctica como un \u00e1mbito operativo mayor: no s\u00f3lo compite por informaci\u00f3n sino por decisiones, voluntades y percepciones. El esfuerzo combina operaciones informativas, ciberoperaciones, IA generativa, t\u00e9cnicas de influencia psicol\u00f3gica y, emergentemente, el vector biol\u00f3gico\/neurotecnol\u00f3gico. En el caso de [&hellip;]","og_url":"https:\/\/www.inteligenia.info\/home\/defensa-de-la-mente-espana-y-el-desafio-de-la-guerra-cognitiva\/","og_site_name":"Inteligenia","article_published_time":"2026-04-06T17:33:55+00:00","article_modified_time":"2026-04-06T17:33:56+00:00","og_image":[{"width":990,"height":742,"url":"https:\/\/www.inteligenia.info\/wp-content\/uploads\/2026\/04\/ChatGPT-Image-6-abr-2026-19_15_26.png","type":"image\/png"}],"author":"admin","twitter_card":"summary_large_image","twitter_creator":"@INTELIGENIA_","twitter_site":"@INTELIGENIA_","twitter_misc":{"Escrito por":"admin","Tiempo de lectura":"1 minuto"},"schema":{"@context":"https:\/\/schema.org","@graph":[{"@type":"Article","@id":"https:\/\/www.inteligenia.info\/home\/defensa-de-la-mente-espana-y-el-desafio-de-la-guerra-cognitiva\/#article","isPartOf":{"@id":"https:\/\/www.inteligenia.info\/home\/defensa-de-la-mente-espana-y-el-desafio-de-la-guerra-cognitiva\/"},"author":{"name":"admin","@id":"https:\/\/www.inteligenia.info\/home\/#\/schema\/person\/1bf90ee63c207f611a224f9c17dbf031"},"headline":"Defensa de la Mente: Espa\u00f1a y el Desaf\u00edo de la Guerra Cognitiva","datePublished":"2026-04-06T17:33:55+00:00","dateModified":"2026-04-06T17:33:56+00:00","mainEntityOfPage":{"@id":"https:\/\/www.inteligenia.info\/home\/defensa-de-la-mente-espana-y-el-desafio-de-la-guerra-cognitiva\/"},"wordCount":204,"commentCount":0,"publisher":{"@id":"https:\/\/www.inteligenia.info\/home\/#organization"},"image":{"@id":"https:\/\/www.inteligenia.info\/home\/defensa-de-la-mente-espana-y-el-desafio-de-la-guerra-cognitiva\/#primaryimage"},"thumbnailUrl":"https:\/\/www.inteligenia.info\/wp-content\/uploads\/2026\/04\/ChatGPT-Image-6-abr-2026-19_15_26.png","articleSection":["Art\u00edculos","Cognitivo"],"inLanguage":"es","potentialAction":[{"@type":"CommentAction","name":"Comment","target":["https:\/\/www.inteligenia.info\/home\/defensa-de-la-mente-espana-y-el-desafio-de-la-guerra-cognitiva\/#respond"]}]},{"@type":"WebPage","@id":"https:\/\/www.inteligenia.info\/home\/defensa-de-la-mente-espana-y-el-desafio-de-la-guerra-cognitiva\/","url":"https:\/\/www.inteligenia.info\/home\/defensa-de-la-mente-espana-y-el-desafio-de-la-guerra-cognitiva\/","name":"Defensa de la Mente: Espa\u00f1a y el Desaf\u00edo de la Guerra Cognitiva - Inteligenia","isPartOf":{"@id":"https:\/\/www.inteligenia.info\/home\/#website"},"primaryImageOfPage":{"@id":"https:\/\/www.inteligenia.info\/home\/defensa-de-la-mente-espana-y-el-desafio-de-la-guerra-cognitiva\/#primaryimage"},"image":{"@id":"https:\/\/www.inteligenia.info\/home\/defensa-de-la-mente-espana-y-el-desafio-de-la-guerra-cognitiva\/#primaryimage"},"thumbnailUrl":"https:\/\/www.inteligenia.info\/wp-content\/uploads\/2026\/04\/ChatGPT-Image-6-abr-2026-19_15_26.png","datePublished":"2026-04-06T17:33:55+00:00","dateModified":"2026-04-06T17:33:56+00:00","breadcrumb":{"@id":"https:\/\/www.inteligenia.info\/home\/defensa-de-la-mente-espana-y-el-desafio-de-la-guerra-cognitiva\/#breadcrumb"},"inLanguage":"es","potentialAction":[{"@type":"ReadAction","target":["https:\/\/www.inteligenia.info\/home\/defensa-de-la-mente-espana-y-el-desafio-de-la-guerra-cognitiva\/"]}]},{"@type":"ImageObject","inLanguage":"es","@id":"https:\/\/www.inteligenia.info\/home\/defensa-de-la-mente-espana-y-el-desafio-de-la-guerra-cognitiva\/#primaryimage","url":"https:\/\/www.inteligenia.info\/wp-content\/uploads\/2026\/04\/ChatGPT-Image-6-abr-2026-19_15_26.png","contentUrl":"https:\/\/www.inteligenia.info\/wp-content\/uploads\/2026\/04\/ChatGPT-Image-6-abr-2026-19_15_26.png","width":990,"height":742},{"@type":"BreadcrumbList","@id":"https:\/\/www.inteligenia.info\/home\/defensa-de-la-mente-espana-y-el-desafio-de-la-guerra-cognitiva\/#breadcrumb","itemListElement":[{"@type":"ListItem","position":1,"name":"Portada","item":"https:\/\/www.inteligenia.info\/home\/"},{"@type":"ListItem","position":2,"name":"Defensa de la Mente: Espa\u00f1a y el Desaf\u00edo de la Guerra Cognitiva"}]},{"@type":"WebSite","@id":"https:\/\/www.inteligenia.info\/home\/#website","url":"https:\/\/www.inteligenia.info\/home\/","name":"Inteligenia","description":"","publisher":{"@id":"https:\/\/www.inteligenia.info\/home\/#organization"},"potentialAction":[{"@type":"SearchAction","target":{"@type":"EntryPoint","urlTemplate":"https:\/\/www.inteligenia.info\/home\/?s={search_term_string}"},"query-input":{"@type":"PropertyValueSpecification","valueRequired":true,"valueName":"search_term_string"}}],"inLanguage":"es"},{"@type":"Organization","@id":"https:\/\/www.inteligenia.info\/home\/#organization","name":"Inteligenia","url":"https:\/\/www.inteligenia.info\/home\/","logo":{"@type":"ImageObject","inLanguage":"es","@id":"https:\/\/www.inteligenia.info\/home\/#\/schema\/logo\/image\/","url":"https:\/\/www.inteligenia.info\/wp-content\/uploads\/2024\/06\/transparent_logo-1-e1718047668142.png","contentUrl":"https:\/\/www.inteligenia.info\/wp-content\/uploads\/2024\/06\/transparent_logo-1-e1718047668142.png","width":674,"height":141,"caption":"Inteligenia"},"image":{"@id":"https:\/\/www.inteligenia.info\/home\/#\/schema\/logo\/image\/"},"sameAs":["https:\/\/x.com\/INTELIGENIA_","https:\/\/www.linkedin.com\/company\/inteligenia\/?viewAsMember=true"]},{"@type":"Person","@id":"https:\/\/www.inteligenia.info\/home\/#\/schema\/person\/1bf90ee63c207f611a224f9c17dbf031","name":"admin","image":{"@type":"ImageObject","inLanguage":"es","@id":"https:\/\/www.inteligenia.info\/home\/#\/schema\/person\/image\/","url":"https:\/\/secure.gravatar.com\/avatar\/ed712be762908ac190eb3beb8cf9efb0dc9c425bd7b69d40ba8746efca2909c6?s=96&d=mm&r=g","contentUrl":"https:\/\/secure.gravatar.com\/avatar\/ed712be762908ac190eb3beb8cf9efb0dc9c425bd7b69d40ba8746efca2909c6?s=96&d=mm&r=g","caption":"admin"},"sameAs":["http:\/\/www.inteligenia.info"],"url":"https:\/\/www.inteligenia.info\/home\/author\/admin\/"}]}},"_links":{"self":[{"href":"https:\/\/www.inteligenia.info\/home\/wp-json\/wp\/v2\/posts\/1455","targetHints":{"allow":["GET"]}}],"collection":[{"href":"https:\/\/www.inteligenia.info\/home\/wp-json\/wp\/v2\/posts"}],"about":[{"href":"https:\/\/www.inteligenia.info\/home\/wp-json\/wp\/v2\/types\/post"}],"author":[{"embeddable":true,"href":"https:\/\/www.inteligenia.info\/home\/wp-json\/wp\/v2\/users\/1"}],"replies":[{"embeddable":true,"href":"https:\/\/www.inteligenia.info\/home\/wp-json\/wp\/v2\/comments?post=1455"}],"version-history":[{"count":1,"href":"https:\/\/www.inteligenia.info\/home\/wp-json\/wp\/v2\/posts\/1455\/revisions"}],"predecessor-version":[{"id":1459,"href":"https:\/\/www.inteligenia.info\/home\/wp-json\/wp\/v2\/posts\/1455\/revisions\/1459"}],"wp:featuredmedia":[{"embeddable":true,"href":"https:\/\/www.inteligenia.info\/home\/wp-json\/wp\/v2\/media\/1458"}],"wp:attachment":[{"href":"https:\/\/www.inteligenia.info\/home\/wp-json\/wp\/v2\/media?parent=1455"}],"wp:term":[{"taxonomy":"category","embeddable":true,"href":"https:\/\/www.inteligenia.info\/home\/wp-json\/wp\/v2\/categories?post=1455"},{"taxonomy":"post_tag","embeddable":true,"href":"https:\/\/www.inteligenia.info\/home\/wp-json\/wp\/v2\/tags?post=1455"}],"curies":[{"name":"wp","href":"https:\/\/api.w.org\/{rel}","templated":true}]}}