{"id":1465,"date":"2026-04-28T11:32:34","date_gmt":"2026-04-28T11:32:34","guid":{"rendered":"https:\/\/www.inteligenia.info\/?p=1465"},"modified":"2026-04-28T11:32:36","modified_gmt":"2026-04-28T11:32:36","slug":"informe-analitico-del-apagon-electrico-del-28-de-abril-de-2025-un-ano-despues","status":"publish","type":"post","link":"https:\/\/www.inteligenia.info\/home\/informe-analitico-del-apagon-electrico-del-28-de-abril-de-2025-un-ano-despues\/","title":{"rendered":"Informe anal\u00edtico del apag\u00f3n el\u00e9ctrico del 28 de abril de 2025 un a\u00f1o despu\u00e9s"},"content":{"rendered":"\n<p class=\"has-text-align-center\"><strong>Elaborado por Dpt Inteligencia Anal\u00edtica &#8211; INTELIGENIA<\/strong><\/p>\n\n\n\n<ol class=\"wp-block-list\">\n<li><strong>Resumen ejecutivo<\/strong><\/li>\n<\/ol>\n\n\n\n<p>El gran apag\u00f3n del 28 de abril de 2025 fue un evento&nbsp;<strong>multicausal<\/strong>&nbsp;ligado a una ola de sobretensi\u00f3n y encadenamiento de desconexiones de generaci\u00f3n. La investigaci\u00f3n oficial descart\u00f3 sabotajes o ciberataques, apuntando a deficiencias en el&nbsp;<strong>control din\u00e1mico de tensi\u00f3n<\/strong>&nbsp;del sistema, oscilaciones de frecuencia y desconexiones prematuras de centrales. Red El\u00e9ctrica present\u00f3 un informe t\u00e9cnico identificando \u201ccircunstancias acumulativas\u201d que excedieron la seguridad N\u20111, con tres oscilaciones forzadas y varias \u201cdesconexiones incorrectas\u201d de generaci\u00f3n. El Comit\u00e9 gubernamental de an\u00e1lisis lleg\u00f3 a conclusiones similares de origen multifactorial, confirmadas por el informe final paneuropeo de ENTSO-E (\u201ctormenta perfecta\u201d de factores t\u00e9cnicos).<\/p>\n\n\n\n<p>Tras el incidente se reestableci\u00f3 r\u00e1pidamente el suministro (casi el 100\u202f% de la demanda recuperada antes del 29 de abril) gracias a las aportaciones de interconexiones (Francia, Marruecos) y centrales \u201cde arranque aut\u00f3nomo\u201d. En el a\u00f1o siguiente, el regulador CNMC abri\u00f3 decenas de expedientes sancionadores a generadoras el\u00e9ctricas (p.ej. Iberdrola, Endesa, Engie) y al propio operador REE por posibles incumplimientos normativos en aquella jornada, si bien subraya el car\u00e1cter \u00abmultifactorial\u00bb del evento sin atribuir culpas concluyentes. A nivel judicial se archiv\u00f3 la investigaci\u00f3n penal (terrorismo), mientras un juzgado mercantil admiti\u00f3 la demanda de Iberdrola contra REE\/Redeia por presunta difamaci\u00f3n sobre la causa del apag\u00f3n.<\/p>\n\n\n\n<p>En cuanto a&nbsp;<em>lecciones aprendidas<\/em>, destaca la necesidad de reforzar el control din\u00e1mico de la tensi\u00f3n en todas las plantas (especialmente renovables) y dotar al sistema de medios activos e interoperables para amortiguar oscilaciones. Se impulsaron medidas urgentes (p.ej. RD 997\/2025) para agilizar el despliegue de almacenamiento energ\u00e9tico, mejorar procedimientos de autorizaci\u00f3n y elevar la resiliencia del sistema. Las conclusiones apuntan a revisar la pol\u00edtica energ\u00e9tica y reforzar la supervisi\u00f3n regulatoria, as\u00ed como a mejorar la comunicaci\u00f3n p\u00fablica para evitar atribuciones apresuradas de responsabilidad.<\/p>\n\n\n\n<p>A continuaci\u00f3n se desarrollan en detalle los hechos verificados (cronolog\u00eda), las incertidumbres pendientes, los actores y responsabilidades se\u00f1alados, la situaci\u00f3n actual de la red y la regulaci\u00f3n, as\u00ed como las recomendaciones t\u00e9cnicas y pol\u00edticas derivadas de esta crisis.<\/p>\n\n\n\n<p>2. <strong>\u00bfQu\u00e9 se sabe? \u2013 Hechos verificados y cronolog\u00eda<\/strong><\/p>\n\n\n\n<ul class=\"wp-block-list\">\n<li><strong>Inicio del incidente (28\/04\/2025, mediod\u00eda):<\/strong>\u00a0De 12:00 a 12:30 se registraron varias\u00a0<strong>oscilaciones at\u00edpicas de tensi\u00f3n<\/strong>. A las 12:03 h se detect\u00f3 una oscilaci\u00f3n de ~0,6\u202fHz durante 4,4 min con grandes fluctuaciones de tensi\u00f3n. El operador aplic\u00f3 protocolos (aument\u00f3 mallado de la red, redujo intercambios con Francia), lo que amortigu\u00f3 la oscilaci\u00f3n pero elev\u00f3 las tensiones residuales. Nuevas oscilaciones menores (0,6\u202fHz y 0,2\u202fHz) se dieron a las 12:16 y 12:19 h, igualmente atenuadas con efectos secundarios de alta tensi\u00f3n.<\/li>\n\n\n\n<li><strong>Desencadenamiento y colapso (28\/04\/2025, 12:32-12:33):<\/strong>\u00a0A las 12:32:57 h las tensiones empezaron a subir r\u00e1pidamente, provocando desconexiones progresivas de generadores por sobretensi\u00f3n en diversas provincias (Granada, Badajoz, Segovia, Huelva, Sevilla, C\u00e1ceres\u2026). Entre las 12:33:18 y 12:33:30 h se produjo un\u00a0<strong>efecto cascada de desconexiones<\/strong>\u00a0que colaps\u00f3 el sistema hasta llegar al \u201ccero el\u00e9ctrico\u201d peninsular. La ca\u00edda de frecuencia entr\u00f3 en juego provocando la p\u00e9rdida de sincronismo con Francia y el disparo de la interconexi\u00f3n, empeorando la situaci\u00f3n. Red El\u00e9ctrica confirm\u00f3 que todo el sistema qued\u00f3 sin tensi\u00f3n moment\u00e1neamente a las 12:33:30 h.<\/li>\n\n\n\n<li><strong>Restablecimiento (28-29\/04\/2025):<\/strong>\u00a0A partir de las 12:44 h del 28 de abril se inici\u00f3 la reposici\u00f3n del suministro. A esa hora lleg\u00f3 tensi\u00f3n a la subestaci\u00f3n de\u00a0<strong>Hernani<\/strong>\u00a0(costa vasca) v\u00eda Francia, primer hito de apoyo europeo. El primer \u201cislote\u201d reenergizado fue en Ir\u00fan (31 MW) a las 13:07 h. Otras apoyos: a las 13:35 h se energiz\u00f3 Vic (otro enlace con Francia). Mediante bombas hidroel\u00e9ctricas en Duero y otras plantas \u201cautoarrancables\u201d se fueron formando islas que crecieron r\u00e1pidamente. En la noche del 28 abril la recuperaci\u00f3n fue r\u00e1pida: hacia las 22:00 h m\u00e1s del 50\u202f% de la demanda ya ten\u00eda electricidad. Las \u00faltimas cargas se reactivaron en la madrugada del 29 (p.ej. renovables en Asturias y Galicia, ciclos combinados), y a las 07:00 del 29\/04 se hab\u00eda restablecido el 99,95\u202f% de la demanda nacional. Los trabajos t\u00e9cnicos se completaron por la tarde del 29 (14:36 h).<\/li>\n\n\n\n<li><strong>Investigaciones oficiales:<\/strong>\u00a0El\u00a0<strong>Comit\u00e9 para el an\u00e1lisis de la crisis el\u00e9ctrica<\/strong>\u00a0(creado por el Gobierno) estructur\u00f3 el incidente en cinco fases (incluyendo d\u00edas previos de inestabilidad). El informe aprobado el 17\/06\/2025 concluye que el apag\u00f3n tuvo un origen \u201cmultifactorial\u201d: un sistema con\u00a0<strong>insuficiente capacidad de control de tensi\u00f3n<\/strong>, oscilaciones persistentes y desconexiones de centrales (algunas \u201cindebidas\u201d). El informe de Red El\u00e9ctrica (OS) del 18\/06\/2025 se\u00f1ala 2 oscilaciones forzadas y 3 disparos de generaci\u00f3n inadecuados como desencadenantes. Asimismo, un panel de 49 expertos de ENTSO-E (abril 2026) concluye que no hubo \u201c\u00fanico culpable\u201d sino una \u201ctormenta perfecta\u201d t\u00e9cnica: generadores s\u00edncronos que no operaron como previsto, renovables con factor de potencia fijo incapaces de absorber reactiva y defensas lentas del operador sobrepasadas por la velocidad del suceso. Todos los informes coinciden en descartar a las energ\u00edas renovables como causa \u00fanica y destacan fallos en la regulaci\u00f3n de tensi\u00f3n del sistema.<\/li>\n<\/ul>\n\n\n\n<p>A continuaci\u00f3n se resumen los hitos principales en tabla cronol\u00f3gica.<\/p>\n\n\n\n<figure class=\"wp-block-table\"><table class=\"has-fixed-layout\"><tbody><tr><td><strong>Fecha \/ Hora<\/strong><\/td><td><strong>Evento destacado<\/strong><\/td><td><strong>Fuente<\/strong><\/td><\/tr><tr><td><strong>28\/04\/2025 12:03<\/strong><strong><\/strong><\/td><td>Inicio de oscilaci\u00f3n an\u00f3mala de 0,6\u202fHz (dur\u00f3 ~4,4 min), generando grandes fluctuaciones de tensi\u00f3n.<\/td><td>Comit\u00e9 an\u00e1lisis del 28-A<\/td><\/tr><tr><td><strong>28\/04\/2025 12:16-12:19<\/strong><\/td><td>Nuevas oscilaciones (0,6\u202fHz a las 12:16; 0,2\u202fHz a las 12:19) con fluctuaciones menores. Reducci\u00f3n temporal de intercambios con Francia para amortiguar.<\/td><td>Comit\u00e9 28-A<\/td><\/tr><tr><td><strong>28\/04\/2025 12:32:57-12:33:18<\/strong><strong><\/strong><\/td><td>Alza r\u00e1pida de tensi\u00f3n, numerosas desconexiones de generaci\u00f3n por sobretensi\u00f3n (centralizadas en provincias como Granada, Badajoz, Segovia, Huelva, Sevilla, C\u00e1ceres\u2026).<\/td><td>Comit\u00e9 28-A<\/td><\/tr><tr><td><strong>28\/04\/2025 12:33:18-12:33:30<\/strong><\/td><td>Colapso en cascada hasta el \u201ccero el\u00e9ctrico\u201d (tensiones llegan a cero). P\u00e9rdida de sincronismo con Francia y disparo de interconexiones.<\/td><td>Comit\u00e9 28-A<\/td><\/tr><tr><td><strong>28\/04\/2025 12:44<\/strong><strong><\/strong><\/td><td>Se recibe tensi\u00f3n en la subestaci\u00f3n de&nbsp;<strong>Hernani<\/strong>&nbsp;desde Francia, iniciando la reposici\u00f3n.<\/td><td>Moncloa (cronolog\u00eda)<\/td><\/tr><tr><td><strong>28\/04\/2025 13:07<\/strong><\/td><td>Primera carga de demanda reactivada en Ir\u00fan (31 MW) mediante apoyo de interconexi\u00f3n con Francia.<\/td><td>Moncloa<\/td><\/tr><tr><td><strong>28\/04\/2025 13:35<\/strong><strong><\/strong><\/td><td>Se energiza subestaci\u00f3n de&nbsp;<strong>Vic<\/strong>&nbsp;(enlace Espa\u00f1a-Francia) con energ\u00eda de Francia.<\/td><td>Moncloa<\/td><\/tr><tr><td><strong>28\/04\/2025 22:00<\/strong><\/td><td>~50\u202f% de la demanda nacional atendida (combustibles, hidr\u00e1ulicas y aportes internacionales).<\/td><td>REE \/ Ministerio<\/td><\/tr><tr><td><strong>29\/04\/2025 07:00<\/strong><strong><\/strong><\/td><td>99,95\u202f% de la demanda restablecida. Finalizaci\u00f3n de limitaciones de Red en Trasvase (RCP).<\/td><td>REE; Ministerio<\/td><\/tr><tr><td><strong>29\/04\/2025 14:36<\/strong><\/td><td>Finalizaci\u00f3n de todos los trabajos t\u00e9cnicos de reposici\u00f3n en la red de transporte.<\/td><td>Comit\u00e9 28-A<\/td><\/tr><tr><td><strong>18\/06\/2025<\/strong><strong><\/strong><\/td><td>REE presenta informe del Operador del Sistema (OS) con an\u00e1lisis t\u00e9cnico y 15 recomendaciones (dinamizar control de tensi\u00f3n, mayor observabilidad, etc.).<\/td><td>Red El\u00e9ctrica<\/td><\/tr><tr><td><strong>17\/06\/2025<\/strong><\/td><td>Comit\u00e9 de an\u00e1lisis del 28-A presenta informe oficial al Consejo de Ministros (alerta falta de control de tensi\u00f3n, medidas para reforzar red).<\/td><td>MITECO<\/td><\/tr><tr><td><strong>12\/01\/2026<\/strong><strong><\/strong><\/td><td>La Audiencia Nacional archiva la investigaci\u00f3n penal por supuesto \u201csabotaje\u201d o ciberataque, tras informes t\u00e9cnicos que lo descartan.<\/td><td>El Pa\u00eds<\/td><\/tr><tr><td><strong>17\/04\/2026<\/strong><\/td><td>CNMC inicia expediente \u201cmuy grave\u201d contra REE (v\u00eda art\u00edculo 30.2 LSE) por presunto incumplimiento en la programaci\u00f3n del mix diario.<\/td><td>La Raz\u00f3n<\/td><\/tr><tr><td><strong>23\/04\/2026<\/strong><strong><\/strong><\/td><td>CNMC abre expediente \u201cmuy grave\u201d contra Iberdrola Generaci\u00f3n Nuclear (y otros, como Almaraz-Trillo) por posible reducci\u00f3n no autorizada de producci\u00f3n.<\/td><td>La Raz\u00f3n<\/td><\/tr><tr><td><strong>21\/04\/2026<\/strong><\/td><td>Juzgado Mercantil n\u00ba15 admite demanda de Iberdrola contra REE y Redeia por difamaci\u00f3n (accus\u00e1ndoles de culparle falsamente del apag\u00f3n).<\/td><td>El Independiente<\/td><\/tr><\/tbody><\/table><\/figure>\n\n\n\n<p>3. <strong>\u00bfQu\u00e9 no se sabe? \u2013 Incertidumbres abiertas<\/strong><\/p>\n\n\n\n<p>A pesar de las investigaciones,&nbsp;<strong>no existe un culpable \u00fanico claro<\/strong>. El informe oficial se limita a describir un escenario \u00abmultifactorial\u00bb&nbsp;sin identificar qu\u00e9 pieza desencaden\u00f3 exactamente la cascada. Quedan dudas pendientes sobre, por ejemplo,&nbsp;<strong>c\u00f3mo se program\u00f3 ese d\u00eda<\/strong>&nbsp;el parque generador s\u00edncrono y por qu\u00e9 algunas protecciones actuaron prematuramente. Tampoco se ha hecho p\u00fablico el detalle completo de la programaci\u00f3n de mercado o de la situaci\u00f3n en redes de distribuci\u00f3n (Red El\u00e9ctrica admite que no dispone de datos para evaluar los \u201cdeslastres\u201d realizados en la red de distribuci\u00f3n durante el incidente). En el \u00e1mbito penal, al archivarse el caso de terrorismo se cierra esa v\u00eda, pero los procesos sancionadores a\u00fan no se han resuelto, lo que deja incertidumbre sobre las eventuales sanciones finales (la CNMC enfatiza que investiga muchos expedientes \u201csin atribuir todav\u00eda un origen\u201d \u00fanico).<\/p>\n\n\n\n<p>Otras inc\u00f3gnitas afectan a&nbsp;<strong>nuevos riesgos<\/strong>: por ejemplo, a\u00fan no se sabe si las medidas adoptadas (creaci\u00f3n de reserves s\u00edncronas, cargas de ser de ajuste, mayor almacenamiento, nuevos protocolos) ser\u00e1n suficientes para prevenir escenarios similares con alta penetraci\u00f3n renovable. Tampoco se dispone de informaci\u00f3n detallada sobre el impacto en carga de consumidores finales (insumos perdidos en la industria, picos de demanda) que permitan valorar a plenitud las consecuencias econ\u00f3micas y sociales, m\u00e1s all\u00e1 de estimaciones preliminares. En resumen, faltan datos independientes y transparentes sobre el comportamiento exacto de cada agente en la cadena del apag\u00f3n, lo que puede limitar la precisi\u00f3n de las conclusiones t\u00e9cnicas y jur\u00eddicas.<\/p>\n\n\n\n<p>4. <strong>Responsables se\u00f1alados (empresas, organismos, decisiones)<\/strong><\/p>\n\n\n\n<p>Ning\u00fan informe oficial exculpa o condena unilateralmente a un agente, pero&nbsp;<strong>varios actores han sido implicados<\/strong>&nbsp;en las investigaciones y debates posteriores:<\/p>\n\n\n\n<ul class=\"wp-block-list\">\n<li><strong>Generadores el\u00e9ctricos:<\/strong>\u00a0La CNMC ha abierto decenas de expedientes sancionadores a las grandes el\u00e9ctricas (Iberdrola, Endesa, ContourGlobal, Engie, TotalEnergies, etc.) por presunta \u201creducci\u00f3n de producci\u00f3n o suministro sin autorizaci\u00f3n\u201d el d\u00eda 28\/4. Se investiga especialmente a las sociedades concesionarias de las nucleares (Iberdrola) y termocentrales por posible indisponibilidad no declarada. Adem\u00e1s, Red El\u00e9ctrica y Redeia (transportista) se\u00f1alaron p\u00fablicamente a la planta solar N\u00fa\u00f1ez de Balboa (Iberdrola) como iniciadora de una oscilaci\u00f3n cr\u00edtica, lo que motiv\u00f3 la demanda de Iberdrola contra ambas por \u201cdenigraci\u00f3n\u201d. Por ahora, esas acusaciones son controvertidas y a\u00fan no judicializadas.<\/li>\n\n\n\n<li><strong>Red El\u00e9ctrica de Espa\u00f1a (Operador del Sistema):<\/strong>\u00a0La CNMC inici\u00f3 un expediente \u201cmuy grave\u201d a REE (abril 2026) por posible incumplimiento de sus funciones de programaci\u00f3n del mix diario. No obstante, REE ha defendido que sigui\u00f3 los protocolos y que la sucesi\u00f3n de eventos estaba fuera de un escenario razonable de riesgo N\u20111. El informe gubernamental destaca que REE\u00a0<em>no pudo aislar<\/em>\u00a0el evento con sus sistemas de defensa en cascada habituales, pero atribuye los hechos a factores externos.<\/li>\n\n\n\n<li><strong>Gobierno (Ministerio para la Transici\u00f3n Ecol\u00f3gica):<\/strong>\u00a0La Comisi\u00f3n de Investigaci\u00f3n del Senado (de mayor\u00eda PP) se\u00f1al\u00f3 directamente al Ejecutivo y al Ministerio (Sara Aagesen) por falta de previsi\u00f3n y supervisi\u00f3n. El Partido Popular exigi\u00f3 incluso la dimisi\u00f3n de la ministra, acusando al Gobierno de priorizar \u201cideolog\u00eda sobre tecnolog\u00eda\u201d y crear un discurso de \u201cculpar a terceros\u201d. El informe oficial del Comit\u00e9 de An\u00e1lisis, sin embargo, eximi\u00f3 al Gobierno de una causa \u00fanica, aunque recomend\u00f3 cambios en la pol\u00edtica energ\u00e9tica para reforzar el sistema.<\/li>\n<\/ul>\n\n\n\n<ul class=\"wp-block-list\">\n<li><strong>CNMC (Regulador):<\/strong>\u00a0La comisi\u00f3n del Senado tambi\u00e9n critic\u00f3 a la CNMC por \u201cinacci\u00f3n regulatoria\u201d ante las fragilidades preexistentes del sistema. La CNMC, por su parte, est\u00e1 siguiendo el procedimiento en curso y recalc\u00f3 que, hasta ahora, los expedientes no implican una atribuci\u00f3n directa de culpa, dado el car\u00e1cter multifactorial del incidente.<\/li>\n\n\n\n<li><strong>Otros:<\/strong>\u00a0Inicialmente hubo especulaciones sobre un posible ataque cibern\u00e9tico, pero la investigaci\u00f3n penal (Audiencia Nacional) archiv\u00f3 la causa al no encontrar indicios de sabotaje. El papel de interconexiones (RTE Francia, ONEE Marruecos) fue considerado positivo en la recuperaci\u00f3n y no se les se\u00f1ala de responsabilidad alguna. Tampoco se imput\u00f3 a fabricantes de equipos o a la UE alg\u00fan defecto t\u00e9cnico deliberado.<\/li>\n<\/ul>\n\n\n\n<p>A modo comparativo, la siguiente tabla resume los principales actores implicados y las acusaciones o investigaciones que enfrentan:<\/p>\n\n\n\n<figure class=\"wp-block-table\"><table class=\"has-fixed-layout\"><tbody><tr><td><strong>Actor\/Organismo<\/strong><\/td><td><strong>Acusaciones \/ Investigaci\u00f3n<\/strong><\/td><td><strong>Fuente<\/strong><\/td><\/tr><tr><td><strong>Generadores (Iberdrola, Endesa, etc.)<\/strong><strong><\/strong><\/td><td>Expedientes CNMC por \u201creducci\u00f3n de producci\u00f3n\u201d o falta de disponibilidad durante el apag\u00f3n. En particular, al holding Iberdrola (n\u00facleos Almaraz-Trillo, Cofrentes) le iniciaron expediente&nbsp;<em>muy grave<\/em>&nbsp;por posible no disponibilidad no autorizada. Iberdrola adem\u00e1s demand\u00f3 a REE\/Redeia por difamaci\u00f3n al acusarlo de provocar el apag\u00f3n con su planta solar.<\/td><td>CNMC \/ El Independiente<\/td><\/tr><tr><td><strong>Red El\u00e9ctrica de Espa\u00f1a (REE, Operador)<\/strong><\/td><td>Expediente CNMC \u201cmuy grave\u201d (17\/04\/2026) por posible incumplimiento de funciones (programaci\u00f3n del mix). Red El\u00e9ctrica public\u00f3 informe t\u00e9cnico culpando en parte al propio sistema de generaci\u00f3n (desconexiones incorrectas) pero se\u00f1alando que el incidente excedi\u00f3 cualquier escenario previsto.<\/td><td>CNMC \/ REE (nota oficial)<\/td><\/tr><tr><td><strong>Ministerio \/ Gobierno (MITECO)<\/strong><strong><\/strong><\/td><td>Senadores (PP) responsabilizan al Gobierno de negligencia institucional (\u201cfalta de recursos\/inercia, oscilaciones conocidas\u201d). La ejecuci\u00f3n de pol\u00edticas energ\u00e9ticas previas (n\u00famero de plantas sincr\u00f3nicas, normativa aplicable) est\u00e1 en debate. El informe oficial, sin embargo, concluy\u00f3 que la causa fue t\u00e9cnica multicausal, recomendando pol\u00edticas m\u00e1s exigentes sin culpar exclusivamente al MITECO.<\/td><td>Senado (informe)<\/td><\/tr><tr><td><strong>CNMC (Regulador de mercados)<\/strong><\/td><td>Cr\u00edticas pol\u00edticas por inacci\u00f3n (Senado). Ha incoado m\u00faltiples expedientes sancionadores, pero aclara que a\u00fan no determina el origen de las causas, simplemente investiga posibles infracciones (art. 64.37 LSE).<\/td><td>CNMC \/ La Raz\u00f3n<\/td><\/tr><tr><td><strong>Audiencia Nacional \/ Fiscal\u00eda<\/strong><strong><\/strong><\/td><td>Archiv\u00f3 la causa penal de terrorismo\/ciberataque (enero 2026) al no hallar indicios.<\/td><td>El Pa\u00eds<\/td><\/tr><tr><td><strong>Comisi\u00f3n del Senado<\/strong><\/td><td>Comisi\u00f3n de investigaci\u00f3n (oct 25) culp\u00f3 a REE, Redes y Gobierno (\u201ccadena de fallos concatenados\u201d), se\u00f1alando alto riesgo preexistente.<\/td><td>Diario Dem\u00f3crata<\/td><\/tr><\/tbody><\/table><\/figure>\n\n\n\n<p>5. <strong>Situaci\u00f3n actual \u2013 Medidas tomadas y cambios<\/strong><\/p>\n\n\n\n<p><strong>Medidas reglamentarias:<\/strong>\u00a0El Gobierno aprob\u00f3 el Real Decreto\u00a0<strong>997\/2025<\/strong>\u00a0(5 nov 2025) con\u00a0<strong>medidas urgentes<\/strong>\u00a0para reforzar la resiliencia el\u00e9ctrica. Este decreto enfatiza la necesidad de afrontar la \u201cresiliencia, robustez y estabilidad del sistema\u201d tras el incidente. Incluye novedades para impulsar el\u00a0<strong>almacenamiento energ\u00e9tico<\/strong>\u00a0(hibridaci\u00f3n, agilizar permisos) y refuerza controles t\u00e9cnicos: por ejemplo, mejora la monitorizaci\u00f3n de inyecci\u00f3n activa y de variaciones de tensi\u00f3n. Otras medidas contemplan simplificar tr\u00e1mites administrativos (evaluaci\u00f3n ambiental, repotenciaci\u00f3n, permisos de conexi\u00f3n) para acelerar inversiones en flexibilidad.<\/p>\n\n\n\n<p><strong>Interconexiones y red:<\/strong>\u00a0Se ha reforzado la operaci\u00f3n de los enlaces con Francia (modo potencia fija en el HVDC Santa Llogaia\u2013Baixas) y con Marruecos para garantizar apoyo en crisis. En junio de 2025 ya se destacaba el valor clave de estas interconexiones para la reposici\u00f3n. El operador REE ha iniciado revisiones de protecciones de tensi\u00f3n en las l\u00edneas de evacuaci\u00f3n de generaci\u00f3n (recomendaci\u00f3n de su informe) y prepara inversiones para aumentar capacidad de reguladores est\u00e1ticos (condensadores) y din\u00e1micos (s\u00edncronos\/emuladores).<\/p>\n\n\n\n<p><strong>Procesos judiciales y sancionadores:<\/strong>\u00a0En lo judicial, el archivo de la causa penal por sabotaje es definitivo. Queda pendiente el proceso civil (empresa vs empresa) iniciado por Iberdrola, ahora en fase inicial tras auto judicial. En paralelo, la CNMC sigue con los procedimientos a generadores y a REE, que podr\u00edan culminar en sanciones econ\u00f3micas (posibles multas \u201cmuy graves\u201d de hasta \u20ac60\u202fM para cada infractor). No hay a\u00fan sentencias vinculantes ni sanciones confirmadas, solo propuestas de resoluci\u00f3n en audiencia p\u00fablica.<\/p>\n\n\n\n<p><strong>Estado de la red y suministro:<\/strong>\u00a0El sistema el\u00e9ctrico peninsular ha recobrado su operatividad. Desde 2025 se han implementado algunos planes de contingencia adicionales: se planific\u00f3 mantener mayor\u00a0<strong>reserva de inercia<\/strong>\u00a0s\u00edncrona en situaciones cr\u00edticas, y se actualiz\u00f3 el funcionamiento del \u201cdeslastre autom\u00e1tico\u201d en distribuci\u00f3n para mejorar la trazabilidad. No obstante, seg\u00fan informes oficiales,\u00a0<strong>no se ha detectado un nuevo episodio de inestabilidad<\/strong>\u00a0similar desde entonces. Los colectivos el\u00e9ctricos trabajan en protocolos refinados de emergencia basados en este caso.<\/p>\n\n\n\n<p><strong>Costes estimados:<\/strong>\u00a0La CNMC calcul\u00f3 que la\u00a0<strong>reposici\u00f3n del suministro<\/strong>\u00a0(compensaciones a centrales que reactivaron la red) alcanzar\u00eda unos 51\u202fmillones de euros, distribuidos entre todos los consumidores durante un a\u00f1o. En cambio, el\u00a0<strong>impacto econ\u00f3mico global<\/strong>\u00a0fue mucho mayor: los da\u00f1os directos e indirectos (p\u00e9rdidas de industria, comercio paralizado) se estimaron entre\u00a0<strong>1.000 y 1.500 millones de \u20ac<\/strong>, seg\u00fan asociaciones empresariales (CEOE, ATA). Estos c\u00e1lculos son provisionales pero indican que el costo econ\u00f3mico del apag\u00f3n super\u00f3 ampliamente las eventuales multas o indemnizaciones por reposici\u00f3n.<\/p>\n\n\n\n<p>La situaci\u00f3n actual se resume en la siguiente tabla comparativa de medidas y sanciones recientes:<\/p>\n\n\n\n<figure class=\"wp-block-table\"><table class=\"has-fixed-layout\"><tbody><tr><td><strong>Medida \/ Acci\u00f3n<\/strong><\/td><td><strong>Descripci\u00f3n<\/strong><\/td><td><strong>Fuente<\/strong><\/td><\/tr><tr><td><strong>RD 997\/2025&nbsp;(5 nov 2025)<\/strong><strong><\/strong><\/td><td>Medidas urgentes: agiliza permisos de proyectos de almacenamiento; define nueva regulaci\u00f3n de potencias de m\u00f3dulos h\u00edbridos; prioridad al control din\u00e1mico de tensi\u00f3n.<\/td><td>BOE \/ Informe Comite<\/td><\/tr><tr><td><strong>Expedientes CNMC 2025-2026<\/strong><\/td><td>M\u00e1s de 56 investigaciones sancionadoras abiertas a generadores (Iberdrola, Endesa, etc.) y a REE. Se aplic\u00f3 el art. 64.37 LSE por \u201creducci\u00f3n no autorizada de producci\u00f3n\u201d.<\/td><td>CNMC \/ La Raz\u00f3n<\/td><\/tr><tr><td><strong>Acci\u00f3n judicial civil<\/strong><strong><\/strong><\/td><td>Juzgado Mercantil investiga la demanda de Iberdrola contra REE\/Redeia (abril 2026) por presunta competencia desleal al difamar sobre la causa.<\/td><td>El Independiente<\/td><\/tr><tr><td><strong>Audiencia Nacional<\/strong><\/td><td>Archivado el sumario penal (enero 2026); se da por cerrada la v\u00eda de terrorismo o ciberataque.<\/td><td>El Pa\u00eds<\/td><\/tr><tr><td><strong>Criterios de liquidaci\u00f3n&nbsp;(CNMC)<\/strong><strong><\/strong><\/td><td>En marzo 2026 se someti\u00f3 a audiencia p\u00fablica propuesta de liquidaci\u00f3n de servicios del OS 28\/29 abril 2025, incorporando compensaciones para centrales repositoras (119,49 \u20ac\/MWh para ciclos combinados).<\/td><td>El Period. Energ\u00eda<\/td><\/tr><tr><td><strong>Estado de la red \/ Operaciones<\/strong><\/td><td>Se reforz\u00f3 protocolo interconexi\u00f3n FR y MA; preparados planes de ajuste din\u00e1mico de tensi\u00f3n; se mantienen mayores reservas de potencia s\u00edncrona en horario pico.<\/td><td>REE \/ MITECO (comun.)<\/td><\/tr><\/tbody><\/table><\/figure>\n\n\n\n<p>6. <strong>Lecciones aprendidas y recomendaciones para la resiliencia<\/strong><\/p>\n\n\n\n<ul class=\"wp-block-list\">\n<li><strong>Control din\u00e1mico de tensi\u00f3n y reactiva:<\/strong>\u00a0El incidente puso de manifiesto que los procedimientos est\u00e1ticos fueron insuficientes. Se recomienda implementar un\u00a0<strong>servicio de regulaci\u00f3n din\u00e1mica de la tensi\u00f3n<\/strong>\u00a0que obligue a todos los generadores (especialmente renovables) a proporcionar potencia reactiva de forma coordinada. Las futuras normativas (p.ej. revisiones del P.O.7.4 y \u00f3rdenes ministeriales) deber\u00e1n reforzar estos requisitos t\u00e9cnicos. El informe de ENTSO-E coincide: \u201cel problema no son las renovables, sino el control de la tensi\u00f3n, independientemente del tipo de generaci\u00f3n\u201d. En la pr\u00e1ctica, esto implica ajustar los umbrales de disparo por sobretensi\u00f3n y exigir mejoras en la respuesta de reactiva de las plantas.<\/li>\n\n\n\n<li><strong>Aumento de capacidad de amortiguamiento:<\/strong>\u00a0Las medidas implementadas en tiempo real (aumento del mallado y reducci\u00f3n de intercambios) evidenciaron la falta de margen de maniobra. Se debe\u00a0<strong>incrementar la inercia s\u00edncrona disponible<\/strong>\u00a0y los recursos de compensaci\u00f3n autom\u00e1tica (reactancias, condensadores de red), seg\u00fan lo subrayado tanto por REE como por el Comit\u00e9. Esto puede lograrse reteniendo m\u00e1s centrales t\u00e9rmicas o hidr\u00e1ulicas en servicio bajo demanda baja, o mediante tecnolog\u00edas s\u00edncronas virtuales (bater\u00edas, VSM). Adem\u00e1s, el papel clave de las interconexiones refuerza la necesidad de ampliar su capacidad (proyectos a 2.000 MW con Francia, por ejemplo) para poder importar soporte de forma a\u00fan m\u00e1s efectiva.<\/li>\n\n\n\n<li><strong>Observabilidad y monitorizaci\u00f3n mejoradas:<\/strong>\u00a0La falta de datos en distribuci\u00f3n y la alta velocidad del incidente resaltan la importancia de una\u00a0<strong>supervisi\u00f3n en tiempo real<\/strong>\u00a0m\u00e1s granular. Se aconseja desarrollar sistemas de monitoreo extendido (TELEGESTI\u00d3N\/SCADA) que permitan al OS y al regulador analizar eventos r\u00e1pidamente y en detalle. Red El\u00e9ctrica ya propone \u201cmayor observabilidad\u201d y nuevas herramientas de an\u00e1lisis para incidentes. Esto incluir\u00eda la grabaci\u00f3n y auditabilidad total de comunicaciones de centros de control, algo que futuros protocolos europeos de ciberseguridad reforzar\u00e1n.<\/li>\n\n\n\n<li><strong>Protocolos de respuesta y comunicaci\u00f3n:<\/strong>\u00a0Se aprendi\u00f3 que la coordinaci\u00f3n r\u00e1pida es vital. Las acciones adoptadas (por ejemplo, pasar a modo \u201cpotencia fija\u201d el HVDC) resultaron efectivas pero requieren\u00a0<strong>simulaci\u00f3n y entrenamiento previo<\/strong>, ya que en una crisis real se asume alta presi\u00f3n de tiempo. Se recomienda documentar expl\u00edcitamente estos protocolos y entrenar al personal peri\u00f3dicamente. Adem\u00e1s, las lecciones pol\u00edticas resaltan que la comunicaci\u00f3n p\u00fablica debe ser responsable: el episodio mostr\u00f3 el riesgo de divulgar culpas t\u00e9cnicas sin evidencia (caus\u00f3 litigios posteriores). Se sugiere establecer canales claros de informaci\u00f3n oficial tras incidentes, con voceros designados y datos verificados.<\/li>\n\n\n\n<li><strong>Resiliencia del sistema y diversificaci\u00f3n:<\/strong>\u00a0El apag\u00f3n subraya la fragilidad potencial de un mix muy renovable sin contrapartida s\u00edncrona. Se recomienda fomentar\u00a0<strong>soluciones de almacenamiento y generaci\u00f3n distribuida<\/strong>\u00a0que puedan mantener islas de suministro (p.ej. bater\u00edas de gran escala, redes inteligentes, desconexi\u00f3n controlada de ciertos sectores industriales cr\u00edticos). A nivel regulatorio, esto implica incentivar el almacenamiento diario\/semanal (metas del PNIEC) y flexibilizar la conexi\u00f3n de instalaciones h\u00edbridas.<\/li>\n\n\n\n<li><strong>Revisi\u00f3n de la pol\u00edtica energ\u00e9tica:<\/strong>\u00a0En un nivel estrat\u00e9gico, los expertos coinciden en la necesidad de una \u201ccorrecci\u00f3n integral\u201d post-apag\u00f3n. Esto incluye revisar los criterios de programaci\u00f3n diaria (por qu\u00e9 el 28\/A se program\u00f3 \u201cel n\u00famero m\u00e1s bajo de centrales s\u00edncronas del a\u00f1o\u201d en t\u00e9rminos de regulaci\u00f3n de tensi\u00f3n), ajustar incentivos a generadores para mantener disponibilidad, y evaluar si la transici\u00f3n hacia renovables debe acompa\u00f1arse de requisitos adicionales de respaldo.<\/li>\n<\/ul>\n\n\n\n<ul class=\"wp-block-list\">\n<li><strong>Recomendaciones pr\u00e1cticas<\/strong>\u00a0concretas: reforzar la capacidad de respuesta de la red (p.ej. l\u00edneas dedicadas de emergencias), establecer multas disuasorias para incumplimientos del servicio, fomentar la ciberprotecci\u00f3n (aunque no se demostr\u00f3 ataque, la investigaci\u00f3n fue la mayor a la fecha) y promover normas europeas que exijan resiliencia ante casos extremos. A largo plazo, debe integrarse el aprendizaje de este evento en los planes nacionales de riesgo el\u00e9ctrico (seg\u00fan Reglamento UE 2019\/941) y en futuras revisiones del C\u00f3digo de la Red para asegurar que la recuperaci\u00f3n sea a\u00fan m\u00e1s r\u00e1pida.<\/li>\n<\/ul>\n\n\n\n<p>7. <strong>Conclusi\u00f3n<\/strong><\/p>\n\n\n\n<p>El 28 de abril de 2026, Espa\u00f1a conmemora el primer aniversario del apag\u00f3n en un clima de vigilancia m\u00e1xima. Lo que en 2025 fue un \u00abincidente imprevisible\u00bb es hoy un riesgo gestionado, pero a un coste alt\u00edsimo que se refleja en cada factura el\u00e9ctrica y en una deuda de 666 millones de euros que los consumidores siguen pagando por el \u00abseguro\u00bb de la operaci\u00f3n reforzada.<\/p>\n\n\n\n<p>El sistema el\u00e9ctrico espa\u00f1ol es hoy m\u00e1s robusto, pero tambi\u00e9n m\u00e1s consciente de sus l\u00edmites. La transici\u00f3n energ\u00e9tica ha pasado de ser un debate centrado exclusivamente en la reducci\u00f3n de emisiones a ser un desaf\u00edo de ingenier\u00eda de seguridad nacional. La lecci\u00f3n m\u00e1s profunda del gran apag\u00f3n es que la resiliencia no se hereda de la tecnolog\u00eda, sino que se construye mediante la previsi\u00f3n, la inversi\u00f3n constante en infraestructuras y una regulaci\u00f3n que sea capaz de evolucionar a la misma velocidad que el mix de generaci\u00f3n. Mientras los tribunales dirimen qui\u00e9n pagar\u00e1 las indemnizaciones millonarias exigidas por la industria y los consumidores, el pa\u00eds sigue adelante con una certeza inquietante: la luz es un lujo tecnol\u00f3gico que depende de un equilibrio f\u00edsico tan preciso que un solo fallo en un transformador de Badajoz puede volver a sumir a una naci\u00f3n entera en la oscuridad.<\/p>\n\n\n\n<div data-wp-interactive=\"core\/file\" class=\"wp-block-file\"><object data-wp-bind--hidden=\"!state.hasPdfPreview\" hidden class=\"wp-block-file__embed\" data=\"https:\/\/www.inteligenia.info\/wp-content\/uploads\/2026\/04\/260428-Informe-apagon-un-ano-despues.pdf\" type=\"application\/pdf\" style=\"width:100%;height:600px\" aria-label=\"Incrustado de 260428 - Informe apag\u00f3n un a\u00f1o despu\u00e9s.\"><\/object><a id=\"wp-block-file--media-1299cf8f-cd76-4c54-81ab-2abda7a54477\" href=\"https:\/\/www.inteligenia.info\/wp-content\/uploads\/2026\/04\/260428-Informe-apagon-un-ano-despues.pdf\">260428 &#8211; Informe apag\u00f3n un a\u00f1o despu\u00e9s<\/a><a href=\"https:\/\/www.inteligenia.info\/wp-content\/uploads\/2026\/04\/260428-Informe-apagon-un-ano-despues.pdf\" class=\"wp-block-file__button wp-element-button\" download aria-describedby=\"wp-block-file--media-1299cf8f-cd76-4c54-81ab-2abda7a54477\">Descarga<\/a><\/div>\n","protected":false},"excerpt":{"rendered":"<p>Elaborado por Dpt Inteligencia Anal\u00edtica &#8211; INTELIGENIA El gran apag\u00f3n del 28 de abril de 2025 fue un evento&nbsp;multicausal&nbsp;ligado a una ola de sobretensi\u00f3n y encadenamiento de desconexiones de generaci\u00f3n. La investigaci\u00f3n oficial descart\u00f3 sabotajes o ciberataques, apuntando a deficiencias en el&nbsp;control din\u00e1mico de tensi\u00f3n&nbsp;del sistema, oscilaciones de frecuencia y desconexiones prematuras de centrales. Red [&hellip;]<\/p>\n","protected":false},"author":1,"featured_media":1467,"comment_status":"open","ping_status":"open","sticky":false,"template":"","format":"standard","meta":{"saved_in_kubio":false,"footnotes":""},"categories":[13,20],"tags":[],"class_list":["post-1465","post","type-post","status-publish","format-standard","has-post-thumbnail","hentry","category-articulos","category-inteligencia"],"yoast_head":"<!-- This site is optimized with the Yoast SEO plugin v27.0 - https:\/\/yoast.com\/product\/yoast-seo-wordpress\/ -->\n<title>Informe anal\u00edtico del apag\u00f3n el\u00e9ctrico del 28 de abril de 2025 un a\u00f1o despu\u00e9s - Inteligenia<\/title>\n<meta name=\"robots\" content=\"index, follow, max-snippet:-1, max-image-preview:large, max-video-preview:-1\" \/>\n<link rel=\"canonical\" href=\"https:\/\/www.inteligenia.info\/home\/informe-analitico-del-apagon-electrico-del-28-de-abril-de-2025-un-ano-despues\/\" \/>\n<meta property=\"og:locale\" content=\"es_ES\" \/>\n<meta property=\"og:type\" content=\"article\" \/>\n<meta property=\"og:title\" content=\"Informe anal\u00edtico del apag\u00f3n el\u00e9ctrico del 28 de abril de 2025 un a\u00f1o despu\u00e9s - Inteligenia\" \/>\n<meta property=\"og:description\" content=\"Elaborado por Dpt Inteligencia Anal\u00edtica &#8211; INTELIGENIA El gran apag\u00f3n del 28 de abril de 2025 fue un evento&nbsp;multicausal&nbsp;ligado a una ola de sobretensi\u00f3n y encadenamiento de desconexiones de generaci\u00f3n. La investigaci\u00f3n oficial descart\u00f3 sabotajes o ciberataques, apuntando a deficiencias en el&nbsp;control din\u00e1mico de tensi\u00f3n&nbsp;del sistema, oscilaciones de frecuencia y desconexiones prematuras de centrales. Red [&hellip;]\" \/>\n<meta property=\"og:url\" content=\"https:\/\/www.inteligenia.info\/home\/informe-analitico-del-apagon-electrico-del-28-de-abril-de-2025-un-ano-despues\/\" \/>\n<meta property=\"og:site_name\" content=\"Inteligenia\" \/>\n<meta property=\"article:published_time\" content=\"2026-04-28T11:32:34+00:00\" \/>\n<meta property=\"article:modified_time\" content=\"2026-04-28T11:32:36+00:00\" \/>\n<meta property=\"og:image\" content=\"https:\/\/www.inteligenia.info\/wp-content\/uploads\/2026\/04\/ChatGPT-Image-28-abr-2026-10_33_45.png\" \/>\n\t<meta property=\"og:image:width\" content=\"1055\" \/>\n\t<meta property=\"og:image:height\" content=\"1491\" \/>\n\t<meta property=\"og:image:type\" content=\"image\/png\" \/>\n<meta name=\"author\" content=\"admin\" \/>\n<meta name=\"twitter:card\" content=\"summary_large_image\" \/>\n<meta name=\"twitter:creator\" content=\"@INTELIGENIA_\" \/>\n<meta name=\"twitter:site\" content=\"@INTELIGENIA_\" \/>\n<meta name=\"twitter:label1\" content=\"Escrito por\" \/>\n\t<meta name=\"twitter:data1\" content=\"admin\" \/>\n\t<meta name=\"twitter:label2\" content=\"Tiempo de lectura\" \/>\n\t<meta name=\"twitter:data2\" content=\"17 minutos\" \/>\n<script type=\"application\/ld+json\" class=\"yoast-schema-graph\">{\"@context\":\"https:\/\/schema.org\",\"@graph\":[{\"@type\":\"Article\",\"@id\":\"https:\/\/www.inteligenia.info\/home\/informe-analitico-del-apagon-electrico-del-28-de-abril-de-2025-un-ano-despues\/#article\",\"isPartOf\":{\"@id\":\"https:\/\/www.inteligenia.info\/home\/informe-analitico-del-apagon-electrico-del-28-de-abril-de-2025-un-ano-despues\/\"},\"author\":{\"name\":\"admin\",\"@id\":\"https:\/\/www.inteligenia.info\/home\/#\/schema\/person\/1bf90ee63c207f611a224f9c17dbf031\"},\"headline\":\"Informe anal\u00edtico del apag\u00f3n el\u00e9ctrico del 28 de abril de 2025 un a\u00f1o despu\u00e9s\",\"datePublished\":\"2026-04-28T11:32:34+00:00\",\"dateModified\":\"2026-04-28T11:32:36+00:00\",\"mainEntityOfPage\":{\"@id\":\"https:\/\/www.inteligenia.info\/home\/informe-analitico-del-apagon-electrico-del-28-de-abril-de-2025-un-ano-despues\/\"},\"wordCount\":3867,\"commentCount\":0,\"publisher\":{\"@id\":\"https:\/\/www.inteligenia.info\/home\/#organization\"},\"image\":{\"@id\":\"https:\/\/www.inteligenia.info\/home\/informe-analitico-del-apagon-electrico-del-28-de-abril-de-2025-un-ano-despues\/#primaryimage\"},\"thumbnailUrl\":\"https:\/\/www.inteligenia.info\/wp-content\/uploads\/2026\/04\/ChatGPT-Image-28-abr-2026-10_33_45.png\",\"articleSection\":[\"Art\u00edculos\",\"Inteligencia\"],\"inLanguage\":\"es\",\"potentialAction\":[{\"@type\":\"CommentAction\",\"name\":\"Comment\",\"target\":[\"https:\/\/www.inteligenia.info\/home\/informe-analitico-del-apagon-electrico-del-28-de-abril-de-2025-un-ano-despues\/#respond\"]}]},{\"@type\":\"WebPage\",\"@id\":\"https:\/\/www.inteligenia.info\/home\/informe-analitico-del-apagon-electrico-del-28-de-abril-de-2025-un-ano-despues\/\",\"url\":\"https:\/\/www.inteligenia.info\/home\/informe-analitico-del-apagon-electrico-del-28-de-abril-de-2025-un-ano-despues\/\",\"name\":\"Informe anal\u00edtico del apag\u00f3n el\u00e9ctrico del 28 de abril de 2025 un a\u00f1o despu\u00e9s - Inteligenia\",\"isPartOf\":{\"@id\":\"https:\/\/www.inteligenia.info\/home\/#website\"},\"primaryImageOfPage\":{\"@id\":\"https:\/\/www.inteligenia.info\/home\/informe-analitico-del-apagon-electrico-del-28-de-abril-de-2025-un-ano-despues\/#primaryimage\"},\"image\":{\"@id\":\"https:\/\/www.inteligenia.info\/home\/informe-analitico-del-apagon-electrico-del-28-de-abril-de-2025-un-ano-despues\/#primaryimage\"},\"thumbnailUrl\":\"https:\/\/www.inteligenia.info\/wp-content\/uploads\/2026\/04\/ChatGPT-Image-28-abr-2026-10_33_45.png\",\"datePublished\":\"2026-04-28T11:32:34+00:00\",\"dateModified\":\"2026-04-28T11:32:36+00:00\",\"breadcrumb\":{\"@id\":\"https:\/\/www.inteligenia.info\/home\/informe-analitico-del-apagon-electrico-del-28-de-abril-de-2025-un-ano-despues\/#breadcrumb\"},\"inLanguage\":\"es\",\"potentialAction\":[{\"@type\":\"ReadAction\",\"target\":[\"https:\/\/www.inteligenia.info\/home\/informe-analitico-del-apagon-electrico-del-28-de-abril-de-2025-un-ano-despues\/\"]}]},{\"@type\":\"ImageObject\",\"inLanguage\":\"es\",\"@id\":\"https:\/\/www.inteligenia.info\/home\/informe-analitico-del-apagon-electrico-del-28-de-abril-de-2025-un-ano-despues\/#primaryimage\",\"url\":\"https:\/\/www.inteligenia.info\/wp-content\/uploads\/2026\/04\/ChatGPT-Image-28-abr-2026-10_33_45.png\",\"contentUrl\":\"https:\/\/www.inteligenia.info\/wp-content\/uploads\/2026\/04\/ChatGPT-Image-28-abr-2026-10_33_45.png\",\"width\":1055,\"height\":1491},{\"@type\":\"BreadcrumbList\",\"@id\":\"https:\/\/www.inteligenia.info\/home\/informe-analitico-del-apagon-electrico-del-28-de-abril-de-2025-un-ano-despues\/#breadcrumb\",\"itemListElement\":[{\"@type\":\"ListItem\",\"position\":1,\"name\":\"Portada\",\"item\":\"https:\/\/www.inteligenia.info\/home\/\"},{\"@type\":\"ListItem\",\"position\":2,\"name\":\"Informe anal\u00edtico del apag\u00f3n el\u00e9ctrico del 28 de abril de 2025 un a\u00f1o despu\u00e9s\"}]},{\"@type\":\"WebSite\",\"@id\":\"https:\/\/www.inteligenia.info\/home\/#website\",\"url\":\"https:\/\/www.inteligenia.info\/home\/\",\"name\":\"Inteligenia\",\"description\":\"\",\"publisher\":{\"@id\":\"https:\/\/www.inteligenia.info\/home\/#organization\"},\"potentialAction\":[{\"@type\":\"SearchAction\",\"target\":{\"@type\":\"EntryPoint\",\"urlTemplate\":\"https:\/\/www.inteligenia.info\/home\/?s={search_term_string}\"},\"query-input\":{\"@type\":\"PropertyValueSpecification\",\"valueRequired\":true,\"valueName\":\"search_term_string\"}}],\"inLanguage\":\"es\"},{\"@type\":\"Organization\",\"@id\":\"https:\/\/www.inteligenia.info\/home\/#organization\",\"name\":\"Inteligenia\",\"url\":\"https:\/\/www.inteligenia.info\/home\/\",\"logo\":{\"@type\":\"ImageObject\",\"inLanguage\":\"es\",\"@id\":\"https:\/\/www.inteligenia.info\/home\/#\/schema\/logo\/image\/\",\"url\":\"https:\/\/www.inteligenia.info\/wp-content\/uploads\/2024\/06\/transparent_logo-1-e1718047668142.png\",\"contentUrl\":\"https:\/\/www.inteligenia.info\/wp-content\/uploads\/2024\/06\/transparent_logo-1-e1718047668142.png\",\"width\":674,\"height\":141,\"caption\":\"Inteligenia\"},\"image\":{\"@id\":\"https:\/\/www.inteligenia.info\/home\/#\/schema\/logo\/image\/\"},\"sameAs\":[\"https:\/\/x.com\/INTELIGENIA_\",\"https:\/\/www.linkedin.com\/company\/inteligenia\/?viewAsMember=true\"]},{\"@type\":\"Person\",\"@id\":\"https:\/\/www.inteligenia.info\/home\/#\/schema\/person\/1bf90ee63c207f611a224f9c17dbf031\",\"name\":\"admin\",\"image\":{\"@type\":\"ImageObject\",\"inLanguage\":\"es\",\"@id\":\"https:\/\/www.inteligenia.info\/home\/#\/schema\/person\/image\/\",\"url\":\"https:\/\/secure.gravatar.com\/avatar\/ed712be762908ac190eb3beb8cf9efb0dc9c425bd7b69d40ba8746efca2909c6?s=96&d=mm&r=g\",\"contentUrl\":\"https:\/\/secure.gravatar.com\/avatar\/ed712be762908ac190eb3beb8cf9efb0dc9c425bd7b69d40ba8746efca2909c6?s=96&d=mm&r=g\",\"caption\":\"admin\"},\"sameAs\":[\"http:\/\/www.inteligenia.info\"],\"url\":\"https:\/\/www.inteligenia.info\/home\/author\/admin\/\"}]}<\/script>\n<!-- \/ Yoast SEO plugin. -->","yoast_head_json":{"title":"Informe anal\u00edtico del apag\u00f3n el\u00e9ctrico del 28 de abril de 2025 un a\u00f1o despu\u00e9s - Inteligenia","robots":{"index":"index","follow":"follow","max-snippet":"max-snippet:-1","max-image-preview":"max-image-preview:large","max-video-preview":"max-video-preview:-1"},"canonical":"https:\/\/www.inteligenia.info\/home\/informe-analitico-del-apagon-electrico-del-28-de-abril-de-2025-un-ano-despues\/","og_locale":"es_ES","og_type":"article","og_title":"Informe anal\u00edtico del apag\u00f3n el\u00e9ctrico del 28 de abril de 2025 un a\u00f1o despu\u00e9s - Inteligenia","og_description":"Elaborado por Dpt Inteligencia Anal\u00edtica &#8211; INTELIGENIA El gran apag\u00f3n del 28 de abril de 2025 fue un evento&nbsp;multicausal&nbsp;ligado a una ola de sobretensi\u00f3n y encadenamiento de desconexiones de generaci\u00f3n. La investigaci\u00f3n oficial descart\u00f3 sabotajes o ciberataques, apuntando a deficiencias en el&nbsp;control din\u00e1mico de tensi\u00f3n&nbsp;del sistema, oscilaciones de frecuencia y desconexiones prematuras de centrales. Red [&hellip;]","og_url":"https:\/\/www.inteligenia.info\/home\/informe-analitico-del-apagon-electrico-del-28-de-abril-de-2025-un-ano-despues\/","og_site_name":"Inteligenia","article_published_time":"2026-04-28T11:32:34+00:00","article_modified_time":"2026-04-28T11:32:36+00:00","og_image":[{"width":1055,"height":1491,"url":"https:\/\/www.inteligenia.info\/wp-content\/uploads\/2026\/04\/ChatGPT-Image-28-abr-2026-10_33_45.png","type":"image\/png"}],"author":"admin","twitter_card":"summary_large_image","twitter_creator":"@INTELIGENIA_","twitter_site":"@INTELIGENIA_","twitter_misc":{"Escrito por":"admin","Tiempo de lectura":"17 minutos"},"schema":{"@context":"https:\/\/schema.org","@graph":[{"@type":"Article","@id":"https:\/\/www.inteligenia.info\/home\/informe-analitico-del-apagon-electrico-del-28-de-abril-de-2025-un-ano-despues\/#article","isPartOf":{"@id":"https:\/\/www.inteligenia.info\/home\/informe-analitico-del-apagon-electrico-del-28-de-abril-de-2025-un-ano-despues\/"},"author":{"name":"admin","@id":"https:\/\/www.inteligenia.info\/home\/#\/schema\/person\/1bf90ee63c207f611a224f9c17dbf031"},"headline":"Informe anal\u00edtico del apag\u00f3n el\u00e9ctrico del 28 de abril de 2025 un a\u00f1o despu\u00e9s","datePublished":"2026-04-28T11:32:34+00:00","dateModified":"2026-04-28T11:32:36+00:00","mainEntityOfPage":{"@id":"https:\/\/www.inteligenia.info\/home\/informe-analitico-del-apagon-electrico-del-28-de-abril-de-2025-un-ano-despues\/"},"wordCount":3867,"commentCount":0,"publisher":{"@id":"https:\/\/www.inteligenia.info\/home\/#organization"},"image":{"@id":"https:\/\/www.inteligenia.info\/home\/informe-analitico-del-apagon-electrico-del-28-de-abril-de-2025-un-ano-despues\/#primaryimage"},"thumbnailUrl":"https:\/\/www.inteligenia.info\/wp-content\/uploads\/2026\/04\/ChatGPT-Image-28-abr-2026-10_33_45.png","articleSection":["Art\u00edculos","Inteligencia"],"inLanguage":"es","potentialAction":[{"@type":"CommentAction","name":"Comment","target":["https:\/\/www.inteligenia.info\/home\/informe-analitico-del-apagon-electrico-del-28-de-abril-de-2025-un-ano-despues\/#respond"]}]},{"@type":"WebPage","@id":"https:\/\/www.inteligenia.info\/home\/informe-analitico-del-apagon-electrico-del-28-de-abril-de-2025-un-ano-despues\/","url":"https:\/\/www.inteligenia.info\/home\/informe-analitico-del-apagon-electrico-del-28-de-abril-de-2025-un-ano-despues\/","name":"Informe anal\u00edtico del apag\u00f3n el\u00e9ctrico del 28 de abril de 2025 un a\u00f1o despu\u00e9s - Inteligenia","isPartOf":{"@id":"https:\/\/www.inteligenia.info\/home\/#website"},"primaryImageOfPage":{"@id":"https:\/\/www.inteligenia.info\/home\/informe-analitico-del-apagon-electrico-del-28-de-abril-de-2025-un-ano-despues\/#primaryimage"},"image":{"@id":"https:\/\/www.inteligenia.info\/home\/informe-analitico-del-apagon-electrico-del-28-de-abril-de-2025-un-ano-despues\/#primaryimage"},"thumbnailUrl":"https:\/\/www.inteligenia.info\/wp-content\/uploads\/2026\/04\/ChatGPT-Image-28-abr-2026-10_33_45.png","datePublished":"2026-04-28T11:32:34+00:00","dateModified":"2026-04-28T11:32:36+00:00","breadcrumb":{"@id":"https:\/\/www.inteligenia.info\/home\/informe-analitico-del-apagon-electrico-del-28-de-abril-de-2025-un-ano-despues\/#breadcrumb"},"inLanguage":"es","potentialAction":[{"@type":"ReadAction","target":["https:\/\/www.inteligenia.info\/home\/informe-analitico-del-apagon-electrico-del-28-de-abril-de-2025-un-ano-despues\/"]}]},{"@type":"ImageObject","inLanguage":"es","@id":"https:\/\/www.inteligenia.info\/home\/informe-analitico-del-apagon-electrico-del-28-de-abril-de-2025-un-ano-despues\/#primaryimage","url":"https:\/\/www.inteligenia.info\/wp-content\/uploads\/2026\/04\/ChatGPT-Image-28-abr-2026-10_33_45.png","contentUrl":"https:\/\/www.inteligenia.info\/wp-content\/uploads\/2026\/04\/ChatGPT-Image-28-abr-2026-10_33_45.png","width":1055,"height":1491},{"@type":"BreadcrumbList","@id":"https:\/\/www.inteligenia.info\/home\/informe-analitico-del-apagon-electrico-del-28-de-abril-de-2025-un-ano-despues\/#breadcrumb","itemListElement":[{"@type":"ListItem","position":1,"name":"Portada","item":"https:\/\/www.inteligenia.info\/home\/"},{"@type":"ListItem","position":2,"name":"Informe anal\u00edtico del apag\u00f3n el\u00e9ctrico del 28 de abril de 2025 un a\u00f1o despu\u00e9s"}]},{"@type":"WebSite","@id":"https:\/\/www.inteligenia.info\/home\/#website","url":"https:\/\/www.inteligenia.info\/home\/","name":"Inteligenia","description":"","publisher":{"@id":"https:\/\/www.inteligenia.info\/home\/#organization"},"potentialAction":[{"@type":"SearchAction","target":{"@type":"EntryPoint","urlTemplate":"https:\/\/www.inteligenia.info\/home\/?s={search_term_string}"},"query-input":{"@type":"PropertyValueSpecification","valueRequired":true,"valueName":"search_term_string"}}],"inLanguage":"es"},{"@type":"Organization","@id":"https:\/\/www.inteligenia.info\/home\/#organization","name":"Inteligenia","url":"https:\/\/www.inteligenia.info\/home\/","logo":{"@type":"ImageObject","inLanguage":"es","@id":"https:\/\/www.inteligenia.info\/home\/#\/schema\/logo\/image\/","url":"https:\/\/www.inteligenia.info\/wp-content\/uploads\/2024\/06\/transparent_logo-1-e1718047668142.png","contentUrl":"https:\/\/www.inteligenia.info\/wp-content\/uploads\/2024\/06\/transparent_logo-1-e1718047668142.png","width":674,"height":141,"caption":"Inteligenia"},"image":{"@id":"https:\/\/www.inteligenia.info\/home\/#\/schema\/logo\/image\/"},"sameAs":["https:\/\/x.com\/INTELIGENIA_","https:\/\/www.linkedin.com\/company\/inteligenia\/?viewAsMember=true"]},{"@type":"Person","@id":"https:\/\/www.inteligenia.info\/home\/#\/schema\/person\/1bf90ee63c207f611a224f9c17dbf031","name":"admin","image":{"@type":"ImageObject","inLanguage":"es","@id":"https:\/\/www.inteligenia.info\/home\/#\/schema\/person\/image\/","url":"https:\/\/secure.gravatar.com\/avatar\/ed712be762908ac190eb3beb8cf9efb0dc9c425bd7b69d40ba8746efca2909c6?s=96&d=mm&r=g","contentUrl":"https:\/\/secure.gravatar.com\/avatar\/ed712be762908ac190eb3beb8cf9efb0dc9c425bd7b69d40ba8746efca2909c6?s=96&d=mm&r=g","caption":"admin"},"sameAs":["http:\/\/www.inteligenia.info"],"url":"https:\/\/www.inteligenia.info\/home\/author\/admin\/"}]}},"_links":{"self":[{"href":"https:\/\/www.inteligenia.info\/home\/wp-json\/wp\/v2\/posts\/1465","targetHints":{"allow":["GET"]}}],"collection":[{"href":"https:\/\/www.inteligenia.info\/home\/wp-json\/wp\/v2\/posts"}],"about":[{"href":"https:\/\/www.inteligenia.info\/home\/wp-json\/wp\/v2\/types\/post"}],"author":[{"embeddable":true,"href":"https:\/\/www.inteligenia.info\/home\/wp-json\/wp\/v2\/users\/1"}],"replies":[{"embeddable":true,"href":"https:\/\/www.inteligenia.info\/home\/wp-json\/wp\/v2\/comments?post=1465"}],"version-history":[{"count":1,"href":"https:\/\/www.inteligenia.info\/home\/wp-json\/wp\/v2\/posts\/1465\/revisions"}],"predecessor-version":[{"id":1468,"href":"https:\/\/www.inteligenia.info\/home\/wp-json\/wp\/v2\/posts\/1465\/revisions\/1468"}],"wp:featuredmedia":[{"embeddable":true,"href":"https:\/\/www.inteligenia.info\/home\/wp-json\/wp\/v2\/media\/1467"}],"wp:attachment":[{"href":"https:\/\/www.inteligenia.info\/home\/wp-json\/wp\/v2\/media?parent=1465"}],"wp:term":[{"taxonomy":"category","embeddable":true,"href":"https:\/\/www.inteligenia.info\/home\/wp-json\/wp\/v2\/categories?post=1465"},{"taxonomy":"post_tag","embeddable":true,"href":"https:\/\/www.inteligenia.info\/home\/wp-json\/wp\/v2\/tags?post=1465"}],"curies":[{"name":"wp","href":"https:\/\/api.w.org\/{rel}","templated":true}]}}