{"id":438,"date":"2024-06-11T08:39:57","date_gmt":"2024-06-11T08:39:57","guid":{"rendered":"https:\/\/www.inteligenia.info\/?p=438"},"modified":"2024-06-11T08:39:57","modified_gmt":"2024-06-11T08:39:57","slug":"analisis-de-la-situacion-economica-mundial-con-enfoque-en-espana","status":"publish","type":"post","link":"https:\/\/www.inteligenia.info\/home\/analisis-de-la-situacion-economica-mundial-con-enfoque-en-espana\/","title":{"rendered":"An\u00e1lisis de la Situaci\u00f3n Econ\u00f3mica Mundial con Enfoque en Espa\u00f1a"},"content":{"rendered":"\n<p><strong>Introducci\u00f3n<\/strong><br>En el a\u00f1o 2023, la producci\u00f3n mundial de bienes y servicios en d\u00f3lares corrientes (agregada a tipos de cambio de mercado) alcanz\u00f3 los 105 billones de d\u00f3lares, lo que representa un incremento del 19% respecto a 2019. Sin embargo, a precios constantes, el aumento acumulado fue significativamente menor, del 8,7%, debido al importante incremento de la inflaci\u00f3n desde 2021.<br>Este contexto se da en medio de una serie de perturbaciones econ\u00f3micas, entre las que destacan la mayor crisis sanitaria de las \u00faltimas d\u00e9cadas, interrupciones en las cadenas de suministro globales, y un aumento dr\u00e1stico del riesgo geopol\u00edtico con conflictos activos en Ucrania y Oriente Medio. Adem\u00e1s, la creciente incertidumbre comercial, derivada de la b\u00fasqueda de autonom\u00eda estrat\u00e9gica por parte de las grandes potencias, ha planteado el riesgo de una potencial divisi\u00f3n en bloques comerciales.<\/p>\n\n\n\n<p><strong>Ideas Clave<\/strong><\/p>\n\n\n\n<ol class=\"wp-block-list\">\n<li>Resiliencia Global Post-Pandemia: A pesar de desaf\u00edos como la crisis sanitaria y perturbaciones econ\u00f3micas, la econom\u00eda mundial ha demostrado resiliencia, con un crecimiento moderado y una inflaci\u00f3n elevada.<\/li>\n\n\n\n<li>Perspectivas de Crecimiento Divergentes: Las econom\u00edas avanzadas y emergentes muestran trayectorias divergentes, con EE.UU. liderando en crecimiento, mientras que la eurozona enfrenta desaf\u00edos, con excepciones como Espa\u00f1a.<\/li>\n\n\n\n<li>Pol\u00edticas Monetarias y Fiscales: Se anticipan cambios en la pol\u00edtica monetaria hacia una relajaci\u00f3n, mientras que la pol\u00edtica fiscal expansiva genera preocupaciones sobre d\u00e9ficits y deuda p\u00fablica, especialmente en EE.UU.<\/li>\n\n\n\n<li>Perspectiva para Espa\u00f1a: A pesar de los riesgos, Espa\u00f1a exhibe resiliencia con un crecimiento del 2,5% en 2023, impulsado por exportaciones de servicios y consumo p\u00fablico, pero a\u00fan enfrenta desaf\u00edos en inversi\u00f3n y fragmentaci\u00f3n pol\u00edtica.<\/li>\n\n\n\n<li>Prioridades Pol\u00edticas: Espa\u00f1a debe priorizar la consolidaci\u00f3n fiscal, reformas estructurales para abordar la dualidad del mercado laboral y mejorar la asequibilidad de la vivienda, adem\u00e1s de optimizar el uso de los fondos europeos.<\/li>\n<\/ol>\n\n\n\n<p><strong>Resiliencia y Desaf\u00edos Post-Pandemia<\/strong><br>A pesar de estos desaf\u00edos, la econom\u00eda mundial ha demostrado una notable resiliencia. En 2023, la combinaci\u00f3n de crecimiento e inflaci\u00f3n (3,1% y 6,8%, respectivamente) fue mejor de lo esperado, especialmente considerando las preocupaciones energ\u00e9ticas que surgieron con el cierre de los principales gasoductos de Rusia a Europa del Norte en 2022. La recuperaci\u00f3n ha sido apoyada por la moderaci\u00f3n de los precios de la energ\u00eda, la solidez de los mercados laborales y la mejora en la renta disponible real, impulsada por el crecimiento de los salarios y la disminuci\u00f3n de la inflaci\u00f3n.<\/p>\n\n\n\n<p><strong>Factores Globales que Impactan la Econom\u00eda<\/strong><\/p>\n\n\n\n<ol class=\"wp-block-list\">\n<li>Perspectivas de Crecimiento<br>Se espera que el crecimiento mundial en 2024 se mantenga estable alrededor del 3,2%, con la inflaci\u00f3n general disminuyendo gradualmente. Esta previsi\u00f3n se ve respaldada por la moderaci\u00f3n de los precios energ\u00e9ticos y la solidez de los mercados laborales. En EE.UU., la econom\u00eda ha mostrado una notable fortaleza, con una tasa de crecimiento del 2,5% en 2023, superando las expectativas previas de estancamiento. Por otro lado, la zona euro y China enfrentan desaf\u00edos significativos, con una desaceleraci\u00f3n en el sector inmobiliario chino y los efectos de la contracci\u00f3n monetaria en Europa.<\/li>\n\n\n\n<li>Divergencias Regionales<br>Las econom\u00edas avanzadas y emergentes est\u00e1n experimentando trayectorias divergentes. EE.UU. y varios pa\u00edses emergentes han mostrado un desempe\u00f1o s\u00f3lido, mientras que la eurozona ha registrado una mayor debilidad, salvo excepciones como Espa\u00f1a. A nivel sectorial, el sector servicios ha tenido un mejor desempe\u00f1o en comparaci\u00f3n con la industria, especialmente el sector tecnol\u00f3gico. A pesar del endurecimiento monetario, los mercados laborales han mostrado resiliencia, y el consumo p\u00fablico y privado se ha mantenido fuerte.<\/li>\n\n\n\n<li>Pol\u00edticas Monetarias y Fiscales<br>La pol\u00edtica monetaria ha sido restrictiva en respuesta a la inflaci\u00f3n elevada, pero las expectativas de un giro hacia una relajaci\u00f3n monetaria est\u00e1n creciendo. Se anticipan recortes de tipos de inter\u00e9s en EE.UU. y Europa, lo que podr\u00eda apoyar una mayor actividad econ\u00f3mica en el segundo semestre de 2024. Sin embargo, la pol\u00edtica fiscal expansiva en varios pa\u00edses podr\u00eda generar tensiones, especialmente en EE.UU., donde el d\u00e9ficit fiscal y la deuda p\u00fablica son preocupaciones importantes.<\/li>\n<\/ol>\n\n\n\n<p><strong>Perspectiva para Espa\u00f1a<\/strong><\/p>\n\n\n\n<ol class=\"wp-block-list\">\n<li>Crecimiento y Resiliencia<br>La econom\u00eda espa\u00f1ola ha mostrado una notable resistencia ante la incertidumbre global, con una tasa de crecimiento del 2,5% en 2023. Esta resiliencia se debe en gran parte a la solidez de las exportaciones de servicios y el consumo p\u00fablico. El mercado laboral ha mejorado gracias a la afluencia de inmigrantes y el aumento de la tasa de actividad, aunque la inversi\u00f3n sigue siendo inferior a los niveles prepand\u00e9micos.<\/li>\n\n\n\n<li>Inflaci\u00f3n y Pol\u00edtica Monetaria<br>La inflaci\u00f3n en Espa\u00f1a ha disminuido considerablemente desde su m\u00e1ximo de 2022, con una tendencia a la baja tambi\u00e9n en la inflaci\u00f3n subyacente. El FMI prev\u00e9 que la inflaci\u00f3n se acercar\u00e1 al objetivo del 2% fijado por el BCE para mediados de 2025. Las presiones salariales han sido moderadas, lo que ha ayudado a contener la inflaci\u00f3n.<\/li>\n\n\n\n<li>Riesgos y Retos<br>Espa\u00f1a enfrenta varios riesgos, incluyendo la fragmentaci\u00f3n pol\u00edtica, la posible infrautilizaci\u00f3n de los fondos Next Generation, una desaceleraci\u00f3n global y la fragmentaci\u00f3n geoecon\u00f3mica. La incertidumbre pol\u00edtica podr\u00eda afectar la estabilidad macroecon\u00f3mica y las perspectivas de crecimiento. Adem\u00e1s, la integraci\u00f3n adecuada de las pol\u00edticas activas y pasivas en el mercado laboral y el aumento de la oferta de vivienda son desaf\u00edos cruciales.<\/li>\n\n\n\n<li>Consolidaci\u00f3n Fiscal y Reformas Estructurales<br>El FMI ha destacado la necesidad de una consolidaci\u00f3n fiscal sostenida y favorable al crecimiento. Esto incluye la reducci\u00f3n de ineficiencias tributarias y la ampliaci\u00f3n de la base impositiva para reconstituir las reservas fiscales y mantener la deuda en una trayectoria descendente. Optimizar el uso de los fondos europeos mediante una mejor coordinaci\u00f3n entre administraciones y con reformas e inversiones que aumenten la productividad es esencial.<\/li>\n\n\n\n<li>Dualidad del Mercado Laboral<br>Abordar la dualidad del mercado laboral e integrar adecuadamente las pol\u00edticas laborales es crucial para evitar efectos no deseados sobre el empleo y el crecimiento. Impulsar la oferta de vivienda para mejorar su asequibilidad es un factor cr\u00edtico para la estabilidad social y econ\u00f3mica.<\/li>\n<\/ol>\n\n\n\n<p><strong>Perspectivas de Medio Plazo y Prioridades Pol\u00edticas<\/strong><\/p>\n\n\n\n<ol class=\"wp-block-list\">\n<li>Reservas Fiscales y Consolidaci\u00f3n<br>Reponer las reservas fiscales es una prioridad. A medida que la inflaci\u00f3n retrocede, las tasas de inter\u00e9s reales siguen siendo altas y la din\u00e1mica de la deuda soberana menos favorable. La credibilidad en las consolidaciones fiscales puede ayudar a reducir los<br>costos de financiamiento y mejorar la estabilidad financiera. Se recomienda iniciar consolidaciones fiscales graduales y cre\u00edbles para preparar el terreno para una futura relajaci\u00f3n de la pol\u00edtica monetaria.<\/li>\n\n\n\n<li>Crecimiento y Asignaci\u00f3n de Recursos<br>Revertir el descenso en las perspectivas de crecimiento a mediano plazo es crucial. Facilitar una asignaci\u00f3n m\u00e1s r\u00e1pida y eficiente de recursos impulsar\u00e1 el crecimiento, especialmente en pa\u00edses de ingreso bajo. Las reformas estructurales que fomenten las inversiones y mejoren el capital humano son esenciales para reducir los costos de endeudamiento y las necesidades de financiamiento.<\/li>\n\n\n\n<li>Inteligencia Artificial y Transici\u00f3n Ecol\u00f3gica<br>La inteligencia artificial (IA) ofrece la esperanza de impulsar la productividad, pero tambi\u00e9n puede causar perturbaciones en los mercados laborales y financieros. Aprovechar el potencial de la IA requerir\u00e1 mejorar la infraestructura digital, invertir en capital humano y coordinar las normativas internacionales. La transici\u00f3n ecol\u00f3gica tambi\u00e9n necesita inversiones significativas para recortar emisiones y promover el crecimiento sostenible, especialmente en econom\u00edas emergentes y en desarrollo.<\/li>\n<\/ol>\n\n\n\n<p><strong>Conclusiones<\/strong><br>Espa\u00f1a se encuentra en una posici\u00f3n favorable para enfrentar los desaf\u00edos econ\u00f3micos globales, pero requiere una acci\u00f3n decidida y coordinada para abordar sus desaf\u00edos internos y aprovechar las oportunidades emergentes. La implementaci\u00f3n efectiva de pol\u00edticas fiscales y estructurales ser\u00e1 crucial para garantizar un futuro pr\u00f3spero y estable para Espa\u00f1a en un entorno econ\u00f3mico cambiante y desafiante.<\/p>\n\n\n\n<ol class=\"wp-block-list\">\n<li>La econom\u00eda mundial ha enfrentado desaf\u00edos significativos, desde la pandemia de COVID-19 hasta las tensiones geopol\u00edticas y las interrupciones en las cadenas de suministro. A pesar de estas adversidades, ha demostrado una notable resiliencia, destac\u00e1ndose por un crecimiento e inflaci\u00f3n mejores de lo esperado en 2023. Sin embargo, persisten riesgos importantes, como la incertidumbre comercial y los conflictos geopol\u00edticos, que podr\u00edan impactar negativamente en el crecimiento econ\u00f3mico global y la estabilidad financiera.<\/li>\n\n\n\n<li>A nivel regional, se observa una divergencia en las trayectorias econ\u00f3micas entre las econom\u00edas avanzadas y emergentes. Mientras Estados Unidos y algunos pa\u00edses emergentes muestran un desempe\u00f1o s\u00f3lido, la eurozona enfrenta desaf\u00edos significativos. En el caso espec\u00edfico de Espa\u00f1a, su econom\u00eda ha demostrado resiliencia, aunque persisten desaf\u00edos como la fragmentaci\u00f3n pol\u00edtica y la infrautilizaci\u00f3n de los fondos europeos. Las perspectivas de crecimiento a corto plazo son estables, pero se requiere una atenci\u00f3n cuidadosa para mantener esta tendencia positiva.<\/li>\n\n\n\n<li>Las pol\u00edticas monetarias han sido restrictivas en respuesta a la inflaci\u00f3n elevada, pero se anticipa un giro hacia una relajaci\u00f3n monetaria gradual en algunos pa\u00edses, como Estados Unidos y Europa. Por otro lado, la pol\u00edtica fiscal expansiva plantea preocupaciones sobre el d\u00e9ficit y la deuda p\u00fablica, especialmente en Estados Unidos. Estas pol\u00edticas requieren un equilibrio cuidadoso para asegurar la estabilidad macroecon\u00f3mica y financiera a largo plazo.<\/li>\n\n\n\n<li>Espa\u00f1a ha mostrado una resiliencia notable en medio de la incertidumbre global, con un crecimiento econ\u00f3mico del 2,5% en 2023. Sin embargo, enfrenta desaf\u00edos importantes, como la fragmentaci\u00f3n pol\u00edtica y la infrautilizaci\u00f3n de los fondos europeos. Abordar estos desaf\u00edos requerir\u00e1 una consolidaci\u00f3n fiscal sostenida, reformas estructurales para mejorar el mercado laboral y la oferta de vivienda, y una mejor coordinaci\u00f3n entre las administraciones para optimizar el uso de los fondos europeos.<\/li>\n\n\n\n<li>A medio plazo, es crucial reponer las reservas fiscales y facilitar una asignaci\u00f3n m\u00e1s eficiente de recursos para impulsar el crecimiento econ\u00f3mico y reducir los costos de endeudamiento. Esto implicar\u00e1 consolidaciones fiscales graduales y cre\u00edbles, as\u00ed como reformas estructurales para mejorar la productividad y la tasa de empleo. Adem\u00e1s, se debe aprovechar el potencial de la inteligencia artificial y promover la transici\u00f3n verde para garantizar un crecimiento sostenible y equitativo.<\/li>\n<\/ol>\n","protected":false},"excerpt":{"rendered":"<p>Introducci\u00f3nEn el a\u00f1o 2023, la producci\u00f3n mundial de bienes y servicios en d\u00f3lares corrientes (agregada a tipos de cambio de mercado) alcanz\u00f3 los 105 billones de d\u00f3lares, lo que representa un incremento del 19% respecto a 2019. Sin embargo, a precios constantes, el aumento acumulado fue significativamente menor, del 8,7%, debido al importante incremento de [&hellip;]<\/p>\n","protected":false},"author":1,"featured_media":439,"comment_status":"open","ping_status":"open","sticky":false,"template":"","format":"standard","meta":{"saved_in_kubio":false,"footnotes":""},"categories":[13,14],"tags":[],"class_list":["post-438","post","type-post","status-publish","format-standard","has-post-thumbnail","hentry","category-articulos","category-economia"],"yoast_head":"<!-- This site is optimized with the Yoast SEO plugin v27.0 - https:\/\/yoast.com\/product\/yoast-seo-wordpress\/ -->\n<title>An\u00e1lisis de la Situaci\u00f3n Econ\u00f3mica Mundial con Enfoque en Espa\u00f1a - Inteligenia<\/title>\n<meta name=\"robots\" content=\"index, follow, max-snippet:-1, max-image-preview:large, max-video-preview:-1\" \/>\n<link rel=\"canonical\" href=\"https:\/\/www.inteligenia.info\/home\/analisis-de-la-situacion-economica-mundial-con-enfoque-en-espana\/\" \/>\n<meta property=\"og:locale\" content=\"es_ES\" \/>\n<meta property=\"og:type\" content=\"article\" \/>\n<meta property=\"og:title\" content=\"An\u00e1lisis de la Situaci\u00f3n Econ\u00f3mica Mundial con Enfoque en Espa\u00f1a - Inteligenia\" \/>\n<meta property=\"og:description\" content=\"Introducci\u00f3nEn el a\u00f1o 2023, la producci\u00f3n mundial de bienes y servicios en d\u00f3lares corrientes (agregada a tipos de cambio de mercado) alcanz\u00f3 los 105 billones de d\u00f3lares, lo que representa un incremento del 19% respecto a 2019. Sin embargo, a precios constantes, el aumento acumulado fue significativamente menor, del 8,7%, debido al importante incremento de [&hellip;]\" \/>\n<meta property=\"og:url\" content=\"https:\/\/www.inteligenia.info\/home\/analisis-de-la-situacion-economica-mundial-con-enfoque-en-espana\/\" \/>\n<meta property=\"og:site_name\" content=\"Inteligenia\" \/>\n<meta property=\"article:published_time\" content=\"2024-06-11T08:39:57+00:00\" \/>\n<meta property=\"og:image\" content=\"https:\/\/www.inteligenia.info\/wp-content\/uploads\/2024\/06\/Captura-de-pantalla-2024-06-07-104543.png\" \/>\n\t<meta property=\"og:image:width\" content=\"681\" \/>\n\t<meta property=\"og:image:height\" content=\"849\" \/>\n\t<meta property=\"og:image:type\" content=\"image\/png\" \/>\n<meta name=\"author\" content=\"admin\" \/>\n<meta name=\"twitter:card\" content=\"summary_large_image\" \/>\n<meta name=\"twitter:creator\" content=\"@INTELIGENIA_\" \/>\n<meta name=\"twitter:site\" content=\"@INTELIGENIA_\" \/>\n<meta name=\"twitter:label1\" content=\"Escrito por\" \/>\n\t<meta name=\"twitter:data1\" content=\"admin\" \/>\n\t<meta name=\"twitter:label2\" content=\"Tiempo de lectura\" \/>\n\t<meta name=\"twitter:data2\" content=\"9 minutos\" \/>\n<script type=\"application\/ld+json\" class=\"yoast-schema-graph\">{\"@context\":\"https:\/\/schema.org\",\"@graph\":[{\"@type\":\"Article\",\"@id\":\"https:\/\/www.inteligenia.info\/home\/analisis-de-la-situacion-economica-mundial-con-enfoque-en-espana\/#article\",\"isPartOf\":{\"@id\":\"https:\/\/www.inteligenia.info\/home\/analisis-de-la-situacion-economica-mundial-con-enfoque-en-espana\/\"},\"author\":{\"name\":\"admin\",\"@id\":\"https:\/\/www.inteligenia.info\/home\/#\/schema\/person\/1bf90ee63c207f611a224f9c17dbf031\"},\"headline\":\"An\u00e1lisis de la Situaci\u00f3n Econ\u00f3mica Mundial con Enfoque en Espa\u00f1a\",\"datePublished\":\"2024-06-11T08:39:57+00:00\",\"mainEntityOfPage\":{\"@id\":\"https:\/\/www.inteligenia.info\/home\/analisis-de-la-situacion-economica-mundial-con-enfoque-en-espana\/\"},\"wordCount\":1764,\"commentCount\":0,\"publisher\":{\"@id\":\"https:\/\/www.inteligenia.info\/home\/#organization\"},\"image\":{\"@id\":\"https:\/\/www.inteligenia.info\/home\/analisis-de-la-situacion-economica-mundial-con-enfoque-en-espana\/#primaryimage\"},\"thumbnailUrl\":\"https:\/\/www.inteligenia.info\/wp-content\/uploads\/2024\/06\/Captura-de-pantalla-2024-06-07-104543.png\",\"articleSection\":[\"Art\u00edculos\",\"Econom\u00eda\"],\"inLanguage\":\"es\",\"potentialAction\":[{\"@type\":\"CommentAction\",\"name\":\"Comment\",\"target\":[\"https:\/\/www.inteligenia.info\/home\/analisis-de-la-situacion-economica-mundial-con-enfoque-en-espana\/#respond\"]}]},{\"@type\":\"WebPage\",\"@id\":\"https:\/\/www.inteligenia.info\/home\/analisis-de-la-situacion-economica-mundial-con-enfoque-en-espana\/\",\"url\":\"https:\/\/www.inteligenia.info\/home\/analisis-de-la-situacion-economica-mundial-con-enfoque-en-espana\/\",\"name\":\"An\u00e1lisis de la Situaci\u00f3n Econ\u00f3mica Mundial con Enfoque en Espa\u00f1a - Inteligenia\",\"isPartOf\":{\"@id\":\"https:\/\/www.inteligenia.info\/home\/#website\"},\"primaryImageOfPage\":{\"@id\":\"https:\/\/www.inteligenia.info\/home\/analisis-de-la-situacion-economica-mundial-con-enfoque-en-espana\/#primaryimage\"},\"image\":{\"@id\":\"https:\/\/www.inteligenia.info\/home\/analisis-de-la-situacion-economica-mundial-con-enfoque-en-espana\/#primaryimage\"},\"thumbnailUrl\":\"https:\/\/www.inteligenia.info\/wp-content\/uploads\/2024\/06\/Captura-de-pantalla-2024-06-07-104543.png\",\"datePublished\":\"2024-06-11T08:39:57+00:00\",\"breadcrumb\":{\"@id\":\"https:\/\/www.inteligenia.info\/home\/analisis-de-la-situacion-economica-mundial-con-enfoque-en-espana\/#breadcrumb\"},\"inLanguage\":\"es\",\"potentialAction\":[{\"@type\":\"ReadAction\",\"target\":[\"https:\/\/www.inteligenia.info\/home\/analisis-de-la-situacion-economica-mundial-con-enfoque-en-espana\/\"]}]},{\"@type\":\"ImageObject\",\"inLanguage\":\"es\",\"@id\":\"https:\/\/www.inteligenia.info\/home\/analisis-de-la-situacion-economica-mundial-con-enfoque-en-espana\/#primaryimage\",\"url\":\"https:\/\/www.inteligenia.info\/wp-content\/uploads\/2024\/06\/Captura-de-pantalla-2024-06-07-104543.png\",\"contentUrl\":\"https:\/\/www.inteligenia.info\/wp-content\/uploads\/2024\/06\/Captura-de-pantalla-2024-06-07-104543.png\",\"width\":681,\"height\":849},{\"@type\":\"BreadcrumbList\",\"@id\":\"https:\/\/www.inteligenia.info\/home\/analisis-de-la-situacion-economica-mundial-con-enfoque-en-espana\/#breadcrumb\",\"itemListElement\":[{\"@type\":\"ListItem\",\"position\":1,\"name\":\"Portada\",\"item\":\"https:\/\/www.inteligenia.info\/home\/\"},{\"@type\":\"ListItem\",\"position\":2,\"name\":\"An\u00e1lisis de la Situaci\u00f3n Econ\u00f3mica Mundial con Enfoque en Espa\u00f1a\"}]},{\"@type\":\"WebSite\",\"@id\":\"https:\/\/www.inteligenia.info\/home\/#website\",\"url\":\"https:\/\/www.inteligenia.info\/home\/\",\"name\":\"Inteligenia\",\"description\":\"\",\"publisher\":{\"@id\":\"https:\/\/www.inteligenia.info\/home\/#organization\"},\"potentialAction\":[{\"@type\":\"SearchAction\",\"target\":{\"@type\":\"EntryPoint\",\"urlTemplate\":\"https:\/\/www.inteligenia.info\/home\/?s={search_term_string}\"},\"query-input\":{\"@type\":\"PropertyValueSpecification\",\"valueRequired\":true,\"valueName\":\"search_term_string\"}}],\"inLanguage\":\"es\"},{\"@type\":\"Organization\",\"@id\":\"https:\/\/www.inteligenia.info\/home\/#organization\",\"name\":\"Inteligenia\",\"url\":\"https:\/\/www.inteligenia.info\/home\/\",\"logo\":{\"@type\":\"ImageObject\",\"inLanguage\":\"es\",\"@id\":\"https:\/\/www.inteligenia.info\/home\/#\/schema\/logo\/image\/\",\"url\":\"https:\/\/www.inteligenia.info\/wp-content\/uploads\/2024\/06\/transparent_logo-1-e1718047668142.png\",\"contentUrl\":\"https:\/\/www.inteligenia.info\/wp-content\/uploads\/2024\/06\/transparent_logo-1-e1718047668142.png\",\"width\":674,\"height\":141,\"caption\":\"Inteligenia\"},\"image\":{\"@id\":\"https:\/\/www.inteligenia.info\/home\/#\/schema\/logo\/image\/\"},\"sameAs\":[\"https:\/\/x.com\/INTELIGENIA_\",\"https:\/\/www.linkedin.com\/company\/inteligenia\/?viewAsMember=true\"]},{\"@type\":\"Person\",\"@id\":\"https:\/\/www.inteligenia.info\/home\/#\/schema\/person\/1bf90ee63c207f611a224f9c17dbf031\",\"name\":\"admin\",\"image\":{\"@type\":\"ImageObject\",\"inLanguage\":\"es\",\"@id\":\"https:\/\/www.inteligenia.info\/home\/#\/schema\/person\/image\/\",\"url\":\"https:\/\/secure.gravatar.com\/avatar\/ed712be762908ac190eb3beb8cf9efb0dc9c425bd7b69d40ba8746efca2909c6?s=96&d=mm&r=g\",\"contentUrl\":\"https:\/\/secure.gravatar.com\/avatar\/ed712be762908ac190eb3beb8cf9efb0dc9c425bd7b69d40ba8746efca2909c6?s=96&d=mm&r=g\",\"caption\":\"admin\"},\"sameAs\":[\"http:\/\/www.inteligenia.info\"],\"url\":\"https:\/\/www.inteligenia.info\/home\/author\/admin\/\"}]}<\/script>\n<!-- \/ Yoast SEO plugin. -->","yoast_head_json":{"title":"An\u00e1lisis de la Situaci\u00f3n Econ\u00f3mica Mundial con Enfoque en Espa\u00f1a - Inteligenia","robots":{"index":"index","follow":"follow","max-snippet":"max-snippet:-1","max-image-preview":"max-image-preview:large","max-video-preview":"max-video-preview:-1"},"canonical":"https:\/\/www.inteligenia.info\/home\/analisis-de-la-situacion-economica-mundial-con-enfoque-en-espana\/","og_locale":"es_ES","og_type":"article","og_title":"An\u00e1lisis de la Situaci\u00f3n Econ\u00f3mica Mundial con Enfoque en Espa\u00f1a - Inteligenia","og_description":"Introducci\u00f3nEn el a\u00f1o 2023, la producci\u00f3n mundial de bienes y servicios en d\u00f3lares corrientes (agregada a tipos de cambio de mercado) alcanz\u00f3 los 105 billones de d\u00f3lares, lo que representa un incremento del 19% respecto a 2019. Sin embargo, a precios constantes, el aumento acumulado fue significativamente menor, del 8,7%, debido al importante incremento de [&hellip;]","og_url":"https:\/\/www.inteligenia.info\/home\/analisis-de-la-situacion-economica-mundial-con-enfoque-en-espana\/","og_site_name":"Inteligenia","article_published_time":"2024-06-11T08:39:57+00:00","og_image":[{"width":681,"height":849,"url":"https:\/\/www.inteligenia.info\/wp-content\/uploads\/2024\/06\/Captura-de-pantalla-2024-06-07-104543.png","type":"image\/png"}],"author":"admin","twitter_card":"summary_large_image","twitter_creator":"@INTELIGENIA_","twitter_site":"@INTELIGENIA_","twitter_misc":{"Escrito por":"admin","Tiempo de lectura":"9 minutos"},"schema":{"@context":"https:\/\/schema.org","@graph":[{"@type":"Article","@id":"https:\/\/www.inteligenia.info\/home\/analisis-de-la-situacion-economica-mundial-con-enfoque-en-espana\/#article","isPartOf":{"@id":"https:\/\/www.inteligenia.info\/home\/analisis-de-la-situacion-economica-mundial-con-enfoque-en-espana\/"},"author":{"name":"admin","@id":"https:\/\/www.inteligenia.info\/home\/#\/schema\/person\/1bf90ee63c207f611a224f9c17dbf031"},"headline":"An\u00e1lisis de la Situaci\u00f3n Econ\u00f3mica Mundial con Enfoque en Espa\u00f1a","datePublished":"2024-06-11T08:39:57+00:00","mainEntityOfPage":{"@id":"https:\/\/www.inteligenia.info\/home\/analisis-de-la-situacion-economica-mundial-con-enfoque-en-espana\/"},"wordCount":1764,"commentCount":0,"publisher":{"@id":"https:\/\/www.inteligenia.info\/home\/#organization"},"image":{"@id":"https:\/\/www.inteligenia.info\/home\/analisis-de-la-situacion-economica-mundial-con-enfoque-en-espana\/#primaryimage"},"thumbnailUrl":"https:\/\/www.inteligenia.info\/wp-content\/uploads\/2024\/06\/Captura-de-pantalla-2024-06-07-104543.png","articleSection":["Art\u00edculos","Econom\u00eda"],"inLanguage":"es","potentialAction":[{"@type":"CommentAction","name":"Comment","target":["https:\/\/www.inteligenia.info\/home\/analisis-de-la-situacion-economica-mundial-con-enfoque-en-espana\/#respond"]}]},{"@type":"WebPage","@id":"https:\/\/www.inteligenia.info\/home\/analisis-de-la-situacion-economica-mundial-con-enfoque-en-espana\/","url":"https:\/\/www.inteligenia.info\/home\/analisis-de-la-situacion-economica-mundial-con-enfoque-en-espana\/","name":"An\u00e1lisis de la Situaci\u00f3n Econ\u00f3mica Mundial con Enfoque en Espa\u00f1a - Inteligenia","isPartOf":{"@id":"https:\/\/www.inteligenia.info\/home\/#website"},"primaryImageOfPage":{"@id":"https:\/\/www.inteligenia.info\/home\/analisis-de-la-situacion-economica-mundial-con-enfoque-en-espana\/#primaryimage"},"image":{"@id":"https:\/\/www.inteligenia.info\/home\/analisis-de-la-situacion-economica-mundial-con-enfoque-en-espana\/#primaryimage"},"thumbnailUrl":"https:\/\/www.inteligenia.info\/wp-content\/uploads\/2024\/06\/Captura-de-pantalla-2024-06-07-104543.png","datePublished":"2024-06-11T08:39:57+00:00","breadcrumb":{"@id":"https:\/\/www.inteligenia.info\/home\/analisis-de-la-situacion-economica-mundial-con-enfoque-en-espana\/#breadcrumb"},"inLanguage":"es","potentialAction":[{"@type":"ReadAction","target":["https:\/\/www.inteligenia.info\/home\/analisis-de-la-situacion-economica-mundial-con-enfoque-en-espana\/"]}]},{"@type":"ImageObject","inLanguage":"es","@id":"https:\/\/www.inteligenia.info\/home\/analisis-de-la-situacion-economica-mundial-con-enfoque-en-espana\/#primaryimage","url":"https:\/\/www.inteligenia.info\/wp-content\/uploads\/2024\/06\/Captura-de-pantalla-2024-06-07-104543.png","contentUrl":"https:\/\/www.inteligenia.info\/wp-content\/uploads\/2024\/06\/Captura-de-pantalla-2024-06-07-104543.png","width":681,"height":849},{"@type":"BreadcrumbList","@id":"https:\/\/www.inteligenia.info\/home\/analisis-de-la-situacion-economica-mundial-con-enfoque-en-espana\/#breadcrumb","itemListElement":[{"@type":"ListItem","position":1,"name":"Portada","item":"https:\/\/www.inteligenia.info\/home\/"},{"@type":"ListItem","position":2,"name":"An\u00e1lisis de la Situaci\u00f3n Econ\u00f3mica Mundial con Enfoque en Espa\u00f1a"}]},{"@type":"WebSite","@id":"https:\/\/www.inteligenia.info\/home\/#website","url":"https:\/\/www.inteligenia.info\/home\/","name":"Inteligenia","description":"","publisher":{"@id":"https:\/\/www.inteligenia.info\/home\/#organization"},"potentialAction":[{"@type":"SearchAction","target":{"@type":"EntryPoint","urlTemplate":"https:\/\/www.inteligenia.info\/home\/?s={search_term_string}"},"query-input":{"@type":"PropertyValueSpecification","valueRequired":true,"valueName":"search_term_string"}}],"inLanguage":"es"},{"@type":"Organization","@id":"https:\/\/www.inteligenia.info\/home\/#organization","name":"Inteligenia","url":"https:\/\/www.inteligenia.info\/home\/","logo":{"@type":"ImageObject","inLanguage":"es","@id":"https:\/\/www.inteligenia.info\/home\/#\/schema\/logo\/image\/","url":"https:\/\/www.inteligenia.info\/wp-content\/uploads\/2024\/06\/transparent_logo-1-e1718047668142.png","contentUrl":"https:\/\/www.inteligenia.info\/wp-content\/uploads\/2024\/06\/transparent_logo-1-e1718047668142.png","width":674,"height":141,"caption":"Inteligenia"},"image":{"@id":"https:\/\/www.inteligenia.info\/home\/#\/schema\/logo\/image\/"},"sameAs":["https:\/\/x.com\/INTELIGENIA_","https:\/\/www.linkedin.com\/company\/inteligenia\/?viewAsMember=true"]},{"@type":"Person","@id":"https:\/\/www.inteligenia.info\/home\/#\/schema\/person\/1bf90ee63c207f611a224f9c17dbf031","name":"admin","image":{"@type":"ImageObject","inLanguage":"es","@id":"https:\/\/www.inteligenia.info\/home\/#\/schema\/person\/image\/","url":"https:\/\/secure.gravatar.com\/avatar\/ed712be762908ac190eb3beb8cf9efb0dc9c425bd7b69d40ba8746efca2909c6?s=96&d=mm&r=g","contentUrl":"https:\/\/secure.gravatar.com\/avatar\/ed712be762908ac190eb3beb8cf9efb0dc9c425bd7b69d40ba8746efca2909c6?s=96&d=mm&r=g","caption":"admin"},"sameAs":["http:\/\/www.inteligenia.info"],"url":"https:\/\/www.inteligenia.info\/home\/author\/admin\/"}]}},"_links":{"self":[{"href":"https:\/\/www.inteligenia.info\/home\/wp-json\/wp\/v2\/posts\/438","targetHints":{"allow":["GET"]}}],"collection":[{"href":"https:\/\/www.inteligenia.info\/home\/wp-json\/wp\/v2\/posts"}],"about":[{"href":"https:\/\/www.inteligenia.info\/home\/wp-json\/wp\/v2\/types\/post"}],"author":[{"embeddable":true,"href":"https:\/\/www.inteligenia.info\/home\/wp-json\/wp\/v2\/users\/1"}],"replies":[{"embeddable":true,"href":"https:\/\/www.inteligenia.info\/home\/wp-json\/wp\/v2\/comments?post=438"}],"version-history":[{"count":1,"href":"https:\/\/www.inteligenia.info\/home\/wp-json\/wp\/v2\/posts\/438\/revisions"}],"predecessor-version":[{"id":440,"href":"https:\/\/www.inteligenia.info\/home\/wp-json\/wp\/v2\/posts\/438\/revisions\/440"}],"wp:featuredmedia":[{"embeddable":true,"href":"https:\/\/www.inteligenia.info\/home\/wp-json\/wp\/v2\/media\/439"}],"wp:attachment":[{"href":"https:\/\/www.inteligenia.info\/home\/wp-json\/wp\/v2\/media?parent=438"}],"wp:term":[{"taxonomy":"category","embeddable":true,"href":"https:\/\/www.inteligenia.info\/home\/wp-json\/wp\/v2\/categories?post=438"},{"taxonomy":"post_tag","embeddable":true,"href":"https:\/\/www.inteligenia.info\/home\/wp-json\/wp\/v2\/tags?post=438"}],"curies":[{"name":"wp","href":"https:\/\/api.w.org\/{rel}","templated":true}]}}