{"id":810,"date":"2025-01-17T08:40:15","date_gmt":"2025-01-17T08:40:15","guid":{"rendered":"https:\/\/www.inteligenia.info\/?p=810"},"modified":"2025-01-17T08:46:25","modified_gmt":"2025-01-17T08:46:25","slug":"convenio-de-colaboracion-educativa-inteligenia-universidad-san-pablo-ceu","status":"publish","type":"post","link":"https:\/\/www.inteligenia.info\/home\/convenio-de-colaboracion-educativa-inteligenia-universidad-san-pablo-ceu\/","title":{"rendered":"Convenio de colaboraci\u00f3n educativa Inteligenia &#8211; Universidad San Pablo-CEU"},"content":{"rendered":"<div class=\"wp-block-image\">\n<figure class=\"aligncenter size-large is-resized\"><img loading=\"lazy\" decoding=\"async\" width=\"1024\" height=\"1024\" src=\"https:\/\/www.inteligenia.info\/wp-content\/uploads\/2025\/01\/CONVENIO-SAN-PABLO-CEU-1024x1024.png\" alt=\"\" class=\"wp-image-811\" style=\"width:458px;height:auto\" srcset=\"https:\/\/www.inteligenia.info\/wp-content\/uploads\/2025\/01\/CONVENIO-SAN-PABLO-CEU-1024x1024.png 1024w, https:\/\/www.inteligenia.info\/wp-content\/uploads\/2025\/01\/CONVENIO-SAN-PABLO-CEU-300x300.png 300w, https:\/\/www.inteligenia.info\/wp-content\/uploads\/2025\/01\/CONVENIO-SAN-PABLO-CEU-150x150.png 150w, https:\/\/www.inteligenia.info\/wp-content\/uploads\/2025\/01\/CONVENIO-SAN-PABLO-CEU-768x768.png 768w, https:\/\/www.inteligenia.info\/wp-content\/uploads\/2025\/01\/CONVENIO-SAN-PABLO-CEU.png 1080w\" sizes=\"(max-width: 1024px) 100vw, 1024px\" \/><\/figure>\n<\/div>\n\n\n<p>Estamos muy felices de anunciar nuestro reciente acuerdo de colaboraci\u00f3n con la <strong>Universidad San Pablo-CEU<\/strong>, mediante el cual los alumnos de grados y m\u00e1steres podr\u00e1n realizar pr\u00e1cticas curriculares y extracurriculares en nuestras unidades de inteligencia.<\/p>\n\n\n\n<p>Este convenio est\u00e1 dirigido especialmente a estudiantes de programas relacionados con los \u00e1mbitos de la <strong>seguridad, defensa e inteligencia<\/strong> como por ejemplo, los alumnos del M\u00e1ster en <strong>Geopol\u00edtica, Seguridad y Defensa<\/strong> que podr\u00e1n beneficiarse de esta oportunidad para desarrollar su formaci\u00f3n pr\u00e1ctica con nosotros.<\/p>\n\n\n\n<p>Con este acuerdo, reafirmamos nuestro compromiso con la formaci\u00f3n de las pr\u00f3ximas generaciones de profesionales, impulsando la cultura de seguridad, defensa e inteligencia entre los j\u00f3venes talentos.<\/p>\n\n\n\n<p>Para m\u00e1s informaci\u00f3n, cont\u00e1ctanos en: <strong>info@inteligenia.info<\/strong> &#8211; <strong>practicas@inteligenia.info<\/strong><\/p>\n","protected":false},"excerpt":{"rendered":"<p>Estamos muy felices de anunciar nuestro reciente acuerdo de colaboraci\u00f3n con la Universidad San Pablo-CEU, mediante el cual los alumnos de grados y m\u00e1steres podr\u00e1n realizar pr\u00e1cticas curriculares y extracurriculares en nuestras unidades de inteligencia. Este convenio est\u00e1 dirigido especialmente a estudiantes de programas relacionados con los \u00e1mbitos de la seguridad, defensa e inteligencia como [&hellip;]<\/p>\n","protected":false},"author":1,"featured_media":811,"comment_status":"open","ping_status":"open","sticky":false,"template":"","format":"standard","meta":{"saved_in_kubio":false,"footnotes":""},"categories":[12],"tags":[],"class_list":["post-810","post","type-post","status-publish","format-standard","has-post-thumbnail","hentry","category-noticias"],"yoast_head":"<!-- This site is optimized with the Yoast SEO plugin v27.0 - https:\/\/yoast.com\/product\/yoast-seo-wordpress\/ -->\n<title>Convenio de colaboraci\u00f3n educativa Inteligenia - Universidad San Pablo-CEU - Inteligenia<\/title>\n<meta name=\"robots\" content=\"index, follow, max-snippet:-1, max-image-preview:large, max-video-preview:-1\" \/>\n<link rel=\"canonical\" href=\"https:\/\/www.inteligenia.info\/home\/convenio-de-colaboracion-educativa-inteligenia-universidad-san-pablo-ceu\/\" \/>\n<meta property=\"og:locale\" content=\"es_ES\" \/>\n<meta property=\"og:type\" content=\"article\" \/>\n<meta property=\"og:title\" content=\"Convenio de colaboraci\u00f3n educativa Inteligenia - Universidad San Pablo-CEU - Inteligenia\" \/>\n<meta property=\"og:description\" content=\"Estamos muy felices de anunciar nuestro reciente acuerdo de colaboraci\u00f3n con la Universidad San Pablo-CEU, mediante el cual los alumnos de grados y m\u00e1steres podr\u00e1n realizar pr\u00e1cticas curriculares y extracurriculares en nuestras unidades de inteligencia. Este convenio est\u00e1 dirigido especialmente a estudiantes de programas relacionados con los \u00e1mbitos de la seguridad, defensa e inteligencia como [&hellip;]\" \/>\n<meta property=\"og:url\" content=\"https:\/\/www.inteligenia.info\/home\/convenio-de-colaboracion-educativa-inteligenia-universidad-san-pablo-ceu\/\" \/>\n<meta property=\"og:site_name\" content=\"Inteligenia\" \/>\n<meta property=\"article:published_time\" content=\"2025-01-17T08:40:15+00:00\" \/>\n<meta property=\"article:modified_time\" content=\"2025-01-17T08:46:25+00:00\" \/>\n<meta property=\"og:image\" content=\"https:\/\/www.inteligenia.info\/wp-content\/uploads\/2025\/01\/CONVENIO-SAN-PABLO-CEU.png\" \/>\n\t<meta property=\"og:image:width\" content=\"1080\" \/>\n\t<meta property=\"og:image:height\" content=\"1080\" \/>\n\t<meta property=\"og:image:type\" content=\"image\/png\" \/>\n<meta name=\"author\" content=\"admin\" \/>\n<meta name=\"twitter:card\" content=\"summary_large_image\" \/>\n<meta name=\"twitter:creator\" content=\"@INTELIGENIA_\" \/>\n<meta name=\"twitter:site\" content=\"@INTELIGENIA_\" \/>\n<meta name=\"twitter:label1\" content=\"Escrito por\" \/>\n\t<meta name=\"twitter:data1\" content=\"admin\" \/>\n\t<meta name=\"twitter:label2\" content=\"Tiempo de lectura\" \/>\n\t<meta name=\"twitter:data2\" content=\"1 minuto\" \/>\n<script type=\"application\/ld+json\" class=\"yoast-schema-graph\">{\"@context\":\"https:\/\/schema.org\",\"@graph\":[{\"@type\":\"Article\",\"@id\":\"https:\/\/www.inteligenia.info\/home\/convenio-de-colaboracion-educativa-inteligenia-universidad-san-pablo-ceu\/#article\",\"isPartOf\":{\"@id\":\"https:\/\/www.inteligenia.info\/home\/convenio-de-colaboracion-educativa-inteligenia-universidad-san-pablo-ceu\/\"},\"author\":{\"name\":\"admin\",\"@id\":\"https:\/\/www.inteligenia.info\/home\/#\/schema\/person\/1bf90ee63c207f611a224f9c17dbf031\"},\"headline\":\"Convenio de colaboraci\u00f3n educativa Inteligenia &#8211; Universidad San Pablo-CEU\",\"datePublished\":\"2025-01-17T08:40:15+00:00\",\"dateModified\":\"2025-01-17T08:46:25+00:00\",\"mainEntityOfPage\":{\"@id\":\"https:\/\/www.inteligenia.info\/home\/convenio-de-colaboracion-educativa-inteligenia-universidad-san-pablo-ceu\/\"},\"wordCount\":143,\"commentCount\":0,\"publisher\":{\"@id\":\"https:\/\/www.inteligenia.info\/home\/#organization\"},\"image\":{\"@id\":\"https:\/\/www.inteligenia.info\/home\/convenio-de-colaboracion-educativa-inteligenia-universidad-san-pablo-ceu\/#primaryimage\"},\"thumbnailUrl\":\"https:\/\/www.inteligenia.info\/wp-content\/uploads\/2025\/01\/CONVENIO-SAN-PABLO-CEU.png\",\"articleSection\":[\"Noticias\"],\"inLanguage\":\"es\",\"potentialAction\":[{\"@type\":\"CommentAction\",\"name\":\"Comment\",\"target\":[\"https:\/\/www.inteligenia.info\/home\/convenio-de-colaboracion-educativa-inteligenia-universidad-san-pablo-ceu\/#respond\"]}]},{\"@type\":\"WebPage\",\"@id\":\"https:\/\/www.inteligenia.info\/home\/convenio-de-colaboracion-educativa-inteligenia-universidad-san-pablo-ceu\/\",\"url\":\"https:\/\/www.inteligenia.info\/home\/convenio-de-colaboracion-educativa-inteligenia-universidad-san-pablo-ceu\/\",\"name\":\"Convenio de colaboraci\u00f3n educativa Inteligenia - Universidad San Pablo-CEU - Inteligenia\",\"isPartOf\":{\"@id\":\"https:\/\/www.inteligenia.info\/home\/#website\"},\"primaryImageOfPage\":{\"@id\":\"https:\/\/www.inteligenia.info\/home\/convenio-de-colaboracion-educativa-inteligenia-universidad-san-pablo-ceu\/#primaryimage\"},\"image\":{\"@id\":\"https:\/\/www.inteligenia.info\/home\/convenio-de-colaboracion-educativa-inteligenia-universidad-san-pablo-ceu\/#primaryimage\"},\"thumbnailUrl\":\"https:\/\/www.inteligenia.info\/wp-content\/uploads\/2025\/01\/CONVENIO-SAN-PABLO-CEU.png\",\"datePublished\":\"2025-01-17T08:40:15+00:00\",\"dateModified\":\"2025-01-17T08:46:25+00:00\",\"breadcrumb\":{\"@id\":\"https:\/\/www.inteligenia.info\/home\/convenio-de-colaboracion-educativa-inteligenia-universidad-san-pablo-ceu\/#breadcrumb\"},\"inLanguage\":\"es\",\"potentialAction\":[{\"@type\":\"ReadAction\",\"target\":[\"https:\/\/www.inteligenia.info\/home\/convenio-de-colaboracion-educativa-inteligenia-universidad-san-pablo-ceu\/\"]}]},{\"@type\":\"ImageObject\",\"inLanguage\":\"es\",\"@id\":\"https:\/\/www.inteligenia.info\/home\/convenio-de-colaboracion-educativa-inteligenia-universidad-san-pablo-ceu\/#primaryimage\",\"url\":\"https:\/\/www.inteligenia.info\/wp-content\/uploads\/2025\/01\/CONVENIO-SAN-PABLO-CEU.png\",\"contentUrl\":\"https:\/\/www.inteligenia.info\/wp-content\/uploads\/2025\/01\/CONVENIO-SAN-PABLO-CEU.png\",\"width\":1080,\"height\":1080},{\"@type\":\"BreadcrumbList\",\"@id\":\"https:\/\/www.inteligenia.info\/home\/convenio-de-colaboracion-educativa-inteligenia-universidad-san-pablo-ceu\/#breadcrumb\",\"itemListElement\":[{\"@type\":\"ListItem\",\"position\":1,\"name\":\"Portada\",\"item\":\"https:\/\/www.inteligenia.info\/home\/\"},{\"@type\":\"ListItem\",\"position\":2,\"name\":\"Convenio de colaboraci\u00f3n educativa Inteligenia &#8211; Universidad San Pablo-CEU\"}]},{\"@type\":\"WebSite\",\"@id\":\"https:\/\/www.inteligenia.info\/home\/#website\",\"url\":\"https:\/\/www.inteligenia.info\/home\/\",\"name\":\"Inteligenia\",\"description\":\"\",\"publisher\":{\"@id\":\"https:\/\/www.inteligenia.info\/home\/#organization\"},\"potentialAction\":[{\"@type\":\"SearchAction\",\"target\":{\"@type\":\"EntryPoint\",\"urlTemplate\":\"https:\/\/www.inteligenia.info\/home\/?s={search_term_string}\"},\"query-input\":{\"@type\":\"PropertyValueSpecification\",\"valueRequired\":true,\"valueName\":\"search_term_string\"}}],\"inLanguage\":\"es\"},{\"@type\":\"Organization\",\"@id\":\"https:\/\/www.inteligenia.info\/home\/#organization\",\"name\":\"Inteligenia\",\"url\":\"https:\/\/www.inteligenia.info\/home\/\",\"logo\":{\"@type\":\"ImageObject\",\"inLanguage\":\"es\",\"@id\":\"https:\/\/www.inteligenia.info\/home\/#\/schema\/logo\/image\/\",\"url\":\"https:\/\/www.inteligenia.info\/wp-content\/uploads\/2024\/06\/transparent_logo-1-e1718047668142.png\",\"contentUrl\":\"https:\/\/www.inteligenia.info\/wp-content\/uploads\/2024\/06\/transparent_logo-1-e1718047668142.png\",\"width\":674,\"height\":141,\"caption\":\"Inteligenia\"},\"image\":{\"@id\":\"https:\/\/www.inteligenia.info\/home\/#\/schema\/logo\/image\/\"},\"sameAs\":[\"https:\/\/x.com\/INTELIGENIA_\",\"https:\/\/www.linkedin.com\/company\/inteligenia\/?viewAsMember=true\"]},{\"@type\":\"Person\",\"@id\":\"https:\/\/www.inteligenia.info\/home\/#\/schema\/person\/1bf90ee63c207f611a224f9c17dbf031\",\"name\":\"admin\",\"image\":{\"@type\":\"ImageObject\",\"inLanguage\":\"es\",\"@id\":\"https:\/\/www.inteligenia.info\/home\/#\/schema\/person\/image\/\",\"url\":\"https:\/\/secure.gravatar.com\/avatar\/ed712be762908ac190eb3beb8cf9efb0dc9c425bd7b69d40ba8746efca2909c6?s=96&d=mm&r=g\",\"contentUrl\":\"https:\/\/secure.gravatar.com\/avatar\/ed712be762908ac190eb3beb8cf9efb0dc9c425bd7b69d40ba8746efca2909c6?s=96&d=mm&r=g\",\"caption\":\"admin\"},\"sameAs\":[\"http:\/\/www.inteligenia.info\"],\"url\":\"https:\/\/www.inteligenia.info\/home\/author\/admin\/\"}]}<\/script>\n<!-- \/ Yoast SEO plugin. -->","yoast_head_json":{"title":"Convenio de colaboraci\u00f3n educativa Inteligenia - Universidad San Pablo-CEU - Inteligenia","robots":{"index":"index","follow":"follow","max-snippet":"max-snippet:-1","max-image-preview":"max-image-preview:large","max-video-preview":"max-video-preview:-1"},"canonical":"https:\/\/www.inteligenia.info\/home\/convenio-de-colaboracion-educativa-inteligenia-universidad-san-pablo-ceu\/","og_locale":"es_ES","og_type":"article","og_title":"Convenio de colaboraci\u00f3n educativa Inteligenia - Universidad San Pablo-CEU - Inteligenia","og_description":"Estamos muy felices de anunciar nuestro reciente acuerdo de colaboraci\u00f3n con la Universidad San Pablo-CEU, mediante el cual los alumnos de grados y m\u00e1steres podr\u00e1n realizar pr\u00e1cticas curriculares y extracurriculares en nuestras unidades de inteligencia. Este convenio est\u00e1 dirigido especialmente a estudiantes de programas relacionados con los \u00e1mbitos de la seguridad, defensa e inteligencia como [&hellip;]","og_url":"https:\/\/www.inteligenia.info\/home\/convenio-de-colaboracion-educativa-inteligenia-universidad-san-pablo-ceu\/","og_site_name":"Inteligenia","article_published_time":"2025-01-17T08:40:15+00:00","article_modified_time":"2025-01-17T08:46:25+00:00","og_image":[{"width":1080,"height":1080,"url":"https:\/\/www.inteligenia.info\/wp-content\/uploads\/2025\/01\/CONVENIO-SAN-PABLO-CEU.png","type":"image\/png"}],"author":"admin","twitter_card":"summary_large_image","twitter_creator":"@INTELIGENIA_","twitter_site":"@INTELIGENIA_","twitter_misc":{"Escrito por":"admin","Tiempo de lectura":"1 minuto"},"schema":{"@context":"https:\/\/schema.org","@graph":[{"@type":"Article","@id":"https:\/\/www.inteligenia.info\/home\/convenio-de-colaboracion-educativa-inteligenia-universidad-san-pablo-ceu\/#article","isPartOf":{"@id":"https:\/\/www.inteligenia.info\/home\/convenio-de-colaboracion-educativa-inteligenia-universidad-san-pablo-ceu\/"},"author":{"name":"admin","@id":"https:\/\/www.inteligenia.info\/home\/#\/schema\/person\/1bf90ee63c207f611a224f9c17dbf031"},"headline":"Convenio de colaboraci\u00f3n educativa Inteligenia &#8211; Universidad San Pablo-CEU","datePublished":"2025-01-17T08:40:15+00:00","dateModified":"2025-01-17T08:46:25+00:00","mainEntityOfPage":{"@id":"https:\/\/www.inteligenia.info\/home\/convenio-de-colaboracion-educativa-inteligenia-universidad-san-pablo-ceu\/"},"wordCount":143,"commentCount":0,"publisher":{"@id":"https:\/\/www.inteligenia.info\/home\/#organization"},"image":{"@id":"https:\/\/www.inteligenia.info\/home\/convenio-de-colaboracion-educativa-inteligenia-universidad-san-pablo-ceu\/#primaryimage"},"thumbnailUrl":"https:\/\/www.inteligenia.info\/wp-content\/uploads\/2025\/01\/CONVENIO-SAN-PABLO-CEU.png","articleSection":["Noticias"],"inLanguage":"es","potentialAction":[{"@type":"CommentAction","name":"Comment","target":["https:\/\/www.inteligenia.info\/home\/convenio-de-colaboracion-educativa-inteligenia-universidad-san-pablo-ceu\/#respond"]}]},{"@type":"WebPage","@id":"https:\/\/www.inteligenia.info\/home\/convenio-de-colaboracion-educativa-inteligenia-universidad-san-pablo-ceu\/","url":"https:\/\/www.inteligenia.info\/home\/convenio-de-colaboracion-educativa-inteligenia-universidad-san-pablo-ceu\/","name":"Convenio de colaboraci\u00f3n educativa Inteligenia - Universidad San Pablo-CEU - Inteligenia","isPartOf":{"@id":"https:\/\/www.inteligenia.info\/home\/#website"},"primaryImageOfPage":{"@id":"https:\/\/www.inteligenia.info\/home\/convenio-de-colaboracion-educativa-inteligenia-universidad-san-pablo-ceu\/#primaryimage"},"image":{"@id":"https:\/\/www.inteligenia.info\/home\/convenio-de-colaboracion-educativa-inteligenia-universidad-san-pablo-ceu\/#primaryimage"},"thumbnailUrl":"https:\/\/www.inteligenia.info\/wp-content\/uploads\/2025\/01\/CONVENIO-SAN-PABLO-CEU.png","datePublished":"2025-01-17T08:40:15+00:00","dateModified":"2025-01-17T08:46:25+00:00","breadcrumb":{"@id":"https:\/\/www.inteligenia.info\/home\/convenio-de-colaboracion-educativa-inteligenia-universidad-san-pablo-ceu\/#breadcrumb"},"inLanguage":"es","potentialAction":[{"@type":"ReadAction","target":["https:\/\/www.inteligenia.info\/home\/convenio-de-colaboracion-educativa-inteligenia-universidad-san-pablo-ceu\/"]}]},{"@type":"ImageObject","inLanguage":"es","@id":"https:\/\/www.inteligenia.info\/home\/convenio-de-colaboracion-educativa-inteligenia-universidad-san-pablo-ceu\/#primaryimage","url":"https:\/\/www.inteligenia.info\/wp-content\/uploads\/2025\/01\/CONVENIO-SAN-PABLO-CEU.png","contentUrl":"https:\/\/www.inteligenia.info\/wp-content\/uploads\/2025\/01\/CONVENIO-SAN-PABLO-CEU.png","width":1080,"height":1080},{"@type":"BreadcrumbList","@id":"https:\/\/www.inteligenia.info\/home\/convenio-de-colaboracion-educativa-inteligenia-universidad-san-pablo-ceu\/#breadcrumb","itemListElement":[{"@type":"ListItem","position":1,"name":"Portada","item":"https:\/\/www.inteligenia.info\/home\/"},{"@type":"ListItem","position":2,"name":"Convenio de colaboraci\u00f3n educativa Inteligenia &#8211; Universidad San Pablo-CEU"}]},{"@type":"WebSite","@id":"https:\/\/www.inteligenia.info\/home\/#website","url":"https:\/\/www.inteligenia.info\/home\/","name":"Inteligenia","description":"","publisher":{"@id":"https:\/\/www.inteligenia.info\/home\/#organization"},"potentialAction":[{"@type":"SearchAction","target":{"@type":"EntryPoint","urlTemplate":"https:\/\/www.inteligenia.info\/home\/?s={search_term_string}"},"query-input":{"@type":"PropertyValueSpecification","valueRequired":true,"valueName":"search_term_string"}}],"inLanguage":"es"},{"@type":"Organization","@id":"https:\/\/www.inteligenia.info\/home\/#organization","name":"Inteligenia","url":"https:\/\/www.inteligenia.info\/home\/","logo":{"@type":"ImageObject","inLanguage":"es","@id":"https:\/\/www.inteligenia.info\/home\/#\/schema\/logo\/image\/","url":"https:\/\/www.inteligenia.info\/wp-content\/uploads\/2024\/06\/transparent_logo-1-e1718047668142.png","contentUrl":"https:\/\/www.inteligenia.info\/wp-content\/uploads\/2024\/06\/transparent_logo-1-e1718047668142.png","width":674,"height":141,"caption":"Inteligenia"},"image":{"@id":"https:\/\/www.inteligenia.info\/home\/#\/schema\/logo\/image\/"},"sameAs":["https:\/\/x.com\/INTELIGENIA_","https:\/\/www.linkedin.com\/company\/inteligenia\/?viewAsMember=true"]},{"@type":"Person","@id":"https:\/\/www.inteligenia.info\/home\/#\/schema\/person\/1bf90ee63c207f611a224f9c17dbf031","name":"admin","image":{"@type":"ImageObject","inLanguage":"es","@id":"https:\/\/www.inteligenia.info\/home\/#\/schema\/person\/image\/","url":"https:\/\/secure.gravatar.com\/avatar\/ed712be762908ac190eb3beb8cf9efb0dc9c425bd7b69d40ba8746efca2909c6?s=96&d=mm&r=g","contentUrl":"https:\/\/secure.gravatar.com\/avatar\/ed712be762908ac190eb3beb8cf9efb0dc9c425bd7b69d40ba8746efca2909c6?s=96&d=mm&r=g","caption":"admin"},"sameAs":["http:\/\/www.inteligenia.info"],"url":"https:\/\/www.inteligenia.info\/home\/author\/admin\/"}]}},"_links":{"self":[{"href":"https:\/\/www.inteligenia.info\/home\/wp-json\/wp\/v2\/posts\/810","targetHints":{"allow":["GET"]}}],"collection":[{"href":"https:\/\/www.inteligenia.info\/home\/wp-json\/wp\/v2\/posts"}],"about":[{"href":"https:\/\/www.inteligenia.info\/home\/wp-json\/wp\/v2\/types\/post"}],"author":[{"embeddable":true,"href":"https:\/\/www.inteligenia.info\/home\/wp-json\/wp\/v2\/users\/1"}],"replies":[{"embeddable":true,"href":"https:\/\/www.inteligenia.info\/home\/wp-json\/wp\/v2\/comments?post=810"}],"version-history":[{"count":2,"href":"https:\/\/www.inteligenia.info\/home\/wp-json\/wp\/v2\/posts\/810\/revisions"}],"predecessor-version":[{"id":813,"href":"https:\/\/www.inteligenia.info\/home\/wp-json\/wp\/v2\/posts\/810\/revisions\/813"}],"wp:featuredmedia":[{"embeddable":true,"href":"https:\/\/www.inteligenia.info\/home\/wp-json\/wp\/v2\/media\/811"}],"wp:attachment":[{"href":"https:\/\/www.inteligenia.info\/home\/wp-json\/wp\/v2\/media?parent=810"}],"wp:term":[{"taxonomy":"category","embeddable":true,"href":"https:\/\/www.inteligenia.info\/home\/wp-json\/wp\/v2\/categories?post=810"},{"taxonomy":"post_tag","embeddable":true,"href":"https:\/\/www.inteligenia.info\/home\/wp-json\/wp\/v2\/tags?post=810"}],"curies":[{"name":"wp","href":"https:\/\/api.w.org\/{rel}","templated":true}]}}