{"id":876,"date":"2025-01-28T15:39:26","date_gmt":"2025-01-28T15:39:26","guid":{"rendered":"https:\/\/www.inteligenia.info\/?p=876"},"modified":"2025-01-28T15:46:23","modified_gmt":"2025-01-28T15:46:23","slug":"convenio-de-colaboracion-inteligenia-universidad-udima","status":"publish","type":"post","link":"https:\/\/www.inteligenia.info\/home\/convenio-de-colaboracion-inteligenia-universidad-udima\/","title":{"rendered":"Convenio de colaboraci\u00f3n Inteligenia &#8211; Universidad UDIMA"},"content":{"rendered":"\n<p>Estamos muy felices  anunciar la firma de un <strong>convenio de colaboraci\u00f3n educativa con la Universidad a Distancia de Madrid (UDIMA)<\/strong>, dirigido a aquellos apasionados por los sectores de la <strong>seguridad, defensa e inteligencia<\/strong>.<\/p>\n\n\n\n<p>Gracias a este acuerdo, los estudiantes de <strong>grados y m\u00e1steres<\/strong> podr\u00e1n acceder a las vacantes de nuestro <strong>programa de pr\u00e1cticas profesionales<\/strong>, dise\u00f1adas para quienes buscan formarse como expertos en \u00e1reas estrat\u00e9gicas y de alto impacto. <\/p>\n\n\n\n<p>En INTELIGENIA ofrecemos un entorno donde podr\u00e1s desarrollar competencias clave en campos como la  la <strong>gesti\u00f3n de inteligencia<\/strong> y la <strong>tecnolog\u00eda aplicada a la defensa<\/strong>, trabajando en proyectos innovadores y aprendiendo de profesionales con amplia experiencia. <\/p>\n\n\n\n<p>Si tu objetivo es construir una carrera profesional en estos sectores cr\u00edticos y estar a la vanguardia, \u00a1este es tu momento! Las pr\u00e1cticas est\u00e1n abiertas tanto para estudiantes que necesitan completar cr\u00e9ditos curriculares como para quienes desean adquirir experiencia extracurricular.<\/p>\n\n\n\n<p>M\u00e1s informaci\u00f3n a trav\u00e9s del mail practicas@inteligenia.info<\/p>\n","protected":false},"excerpt":{"rendered":"<p>Estamos muy felices anunciar la firma de un convenio de colaboraci\u00f3n educativa con la Universidad a Distancia de Madrid (UDIMA), dirigido a aquellos apasionados por los sectores de la seguridad, defensa e inteligencia. Gracias a este acuerdo, los estudiantes de grados y m\u00e1steres podr\u00e1n acceder a las vacantes de nuestro programa de pr\u00e1cticas profesionales, dise\u00f1adas [&hellip;]<\/p>\n","protected":false},"author":1,"featured_media":877,"comment_status":"open","ping_status":"open","sticky":false,"template":"","format":"standard","meta":{"saved_in_kubio":false,"footnotes":""},"categories":[12],"tags":[],"class_list":["post-876","post","type-post","status-publish","format-standard","has-post-thumbnail","hentry","category-noticias"],"yoast_head":"<!-- This site is optimized with the Yoast SEO plugin v27.0 - https:\/\/yoast.com\/product\/yoast-seo-wordpress\/ -->\n<title>Convenio de colaboraci\u00f3n Inteligenia - Universidad UDIMA - Inteligenia<\/title>\n<meta name=\"robots\" content=\"index, follow, max-snippet:-1, max-image-preview:large, max-video-preview:-1\" \/>\n<link rel=\"canonical\" href=\"https:\/\/www.inteligenia.info\/home\/convenio-de-colaboracion-inteligenia-universidad-udima\/\" \/>\n<meta property=\"og:locale\" content=\"es_ES\" \/>\n<meta property=\"og:type\" content=\"article\" \/>\n<meta property=\"og:title\" content=\"Convenio de colaboraci\u00f3n Inteligenia - Universidad UDIMA - Inteligenia\" \/>\n<meta property=\"og:description\" content=\"Estamos muy felices anunciar la firma de un convenio de colaboraci\u00f3n educativa con la Universidad a Distancia de Madrid (UDIMA), dirigido a aquellos apasionados por los sectores de la seguridad, defensa e inteligencia. Gracias a este acuerdo, los estudiantes de grados y m\u00e1steres podr\u00e1n acceder a las vacantes de nuestro programa de pr\u00e1cticas profesionales, dise\u00f1adas [&hellip;]\" \/>\n<meta property=\"og:url\" content=\"https:\/\/www.inteligenia.info\/home\/convenio-de-colaboracion-inteligenia-universidad-udima\/\" \/>\n<meta property=\"og:site_name\" content=\"Inteligenia\" \/>\n<meta property=\"article:published_time\" content=\"2025-01-28T15:39:26+00:00\" \/>\n<meta property=\"article:modified_time\" content=\"2025-01-28T15:46:23+00:00\" \/>\n<meta property=\"og:image\" content=\"https:\/\/www.inteligenia.info\/wp-content\/uploads\/2025\/01\/Convenio-UDIMA.png\" \/>\n\t<meta property=\"og:image:width\" content=\"1080\" \/>\n\t<meta property=\"og:image:height\" content=\"1080\" \/>\n\t<meta property=\"og:image:type\" content=\"image\/png\" \/>\n<meta name=\"author\" content=\"admin\" \/>\n<meta name=\"twitter:card\" content=\"summary_large_image\" \/>\n<meta name=\"twitter:creator\" content=\"@INTELIGENIA_\" \/>\n<meta name=\"twitter:site\" content=\"@INTELIGENIA_\" \/>\n<meta name=\"twitter:label1\" content=\"Escrito por\" \/>\n\t<meta name=\"twitter:data1\" content=\"admin\" \/>\n\t<meta name=\"twitter:label2\" content=\"Tiempo de lectura\" \/>\n\t<meta name=\"twitter:data2\" content=\"1 minuto\" \/>\n<script type=\"application\/ld+json\" class=\"yoast-schema-graph\">{\"@context\":\"https:\/\/schema.org\",\"@graph\":[{\"@type\":\"Article\",\"@id\":\"https:\/\/www.inteligenia.info\/home\/convenio-de-colaboracion-inteligenia-universidad-udima\/#article\",\"isPartOf\":{\"@id\":\"https:\/\/www.inteligenia.info\/home\/convenio-de-colaboracion-inteligenia-universidad-udima\/\"},\"author\":{\"name\":\"admin\",\"@id\":\"https:\/\/www.inteligenia.info\/home\/#\/schema\/person\/1bf90ee63c207f611a224f9c17dbf031\"},\"headline\":\"Convenio de colaboraci\u00f3n Inteligenia &#8211; Universidad UDIMA\",\"datePublished\":\"2025-01-28T15:39:26+00:00\",\"dateModified\":\"2025-01-28T15:46:23+00:00\",\"mainEntityOfPage\":{\"@id\":\"https:\/\/www.inteligenia.info\/home\/convenio-de-colaboracion-inteligenia-universidad-udima\/\"},\"wordCount\":177,\"commentCount\":0,\"publisher\":{\"@id\":\"https:\/\/www.inteligenia.info\/home\/#organization\"},\"image\":{\"@id\":\"https:\/\/www.inteligenia.info\/home\/convenio-de-colaboracion-inteligenia-universidad-udima\/#primaryimage\"},\"thumbnailUrl\":\"https:\/\/www.inteligenia.info\/wp-content\/uploads\/2025\/01\/Convenio-UDIMA.png\",\"articleSection\":[\"Noticias\"],\"inLanguage\":\"es\",\"potentialAction\":[{\"@type\":\"CommentAction\",\"name\":\"Comment\",\"target\":[\"https:\/\/www.inteligenia.info\/home\/convenio-de-colaboracion-inteligenia-universidad-udima\/#respond\"]}]},{\"@type\":\"WebPage\",\"@id\":\"https:\/\/www.inteligenia.info\/home\/convenio-de-colaboracion-inteligenia-universidad-udima\/\",\"url\":\"https:\/\/www.inteligenia.info\/home\/convenio-de-colaboracion-inteligenia-universidad-udima\/\",\"name\":\"Convenio de colaboraci\u00f3n Inteligenia - Universidad UDIMA - Inteligenia\",\"isPartOf\":{\"@id\":\"https:\/\/www.inteligenia.info\/home\/#website\"},\"primaryImageOfPage\":{\"@id\":\"https:\/\/www.inteligenia.info\/home\/convenio-de-colaboracion-inteligenia-universidad-udima\/#primaryimage\"},\"image\":{\"@id\":\"https:\/\/www.inteligenia.info\/home\/convenio-de-colaboracion-inteligenia-universidad-udima\/#primaryimage\"},\"thumbnailUrl\":\"https:\/\/www.inteligenia.info\/wp-content\/uploads\/2025\/01\/Convenio-UDIMA.png\",\"datePublished\":\"2025-01-28T15:39:26+00:00\",\"dateModified\":\"2025-01-28T15:46:23+00:00\",\"breadcrumb\":{\"@id\":\"https:\/\/www.inteligenia.info\/home\/convenio-de-colaboracion-inteligenia-universidad-udima\/#breadcrumb\"},\"inLanguage\":\"es\",\"potentialAction\":[{\"@type\":\"ReadAction\",\"target\":[\"https:\/\/www.inteligenia.info\/home\/convenio-de-colaboracion-inteligenia-universidad-udima\/\"]}]},{\"@type\":\"ImageObject\",\"inLanguage\":\"es\",\"@id\":\"https:\/\/www.inteligenia.info\/home\/convenio-de-colaboracion-inteligenia-universidad-udima\/#primaryimage\",\"url\":\"https:\/\/www.inteligenia.info\/wp-content\/uploads\/2025\/01\/Convenio-UDIMA.png\",\"contentUrl\":\"https:\/\/www.inteligenia.info\/wp-content\/uploads\/2025\/01\/Convenio-UDIMA.png\",\"width\":1080,\"height\":1080},{\"@type\":\"BreadcrumbList\",\"@id\":\"https:\/\/www.inteligenia.info\/home\/convenio-de-colaboracion-inteligenia-universidad-udima\/#breadcrumb\",\"itemListElement\":[{\"@type\":\"ListItem\",\"position\":1,\"name\":\"Portada\",\"item\":\"https:\/\/www.inteligenia.info\/home\/\"},{\"@type\":\"ListItem\",\"position\":2,\"name\":\"Convenio de colaboraci\u00f3n Inteligenia &#8211; Universidad UDIMA\"}]},{\"@type\":\"WebSite\",\"@id\":\"https:\/\/www.inteligenia.info\/home\/#website\",\"url\":\"https:\/\/www.inteligenia.info\/home\/\",\"name\":\"Inteligenia\",\"description\":\"\",\"publisher\":{\"@id\":\"https:\/\/www.inteligenia.info\/home\/#organization\"},\"potentialAction\":[{\"@type\":\"SearchAction\",\"target\":{\"@type\":\"EntryPoint\",\"urlTemplate\":\"https:\/\/www.inteligenia.info\/home\/?s={search_term_string}\"},\"query-input\":{\"@type\":\"PropertyValueSpecification\",\"valueRequired\":true,\"valueName\":\"search_term_string\"}}],\"inLanguage\":\"es\"},{\"@type\":\"Organization\",\"@id\":\"https:\/\/www.inteligenia.info\/home\/#organization\",\"name\":\"Inteligenia\",\"url\":\"https:\/\/www.inteligenia.info\/home\/\",\"logo\":{\"@type\":\"ImageObject\",\"inLanguage\":\"es\",\"@id\":\"https:\/\/www.inteligenia.info\/home\/#\/schema\/logo\/image\/\",\"url\":\"https:\/\/www.inteligenia.info\/wp-content\/uploads\/2024\/06\/transparent_logo-1-e1718047668142.png\",\"contentUrl\":\"https:\/\/www.inteligenia.info\/wp-content\/uploads\/2024\/06\/transparent_logo-1-e1718047668142.png\",\"width\":674,\"height\":141,\"caption\":\"Inteligenia\"},\"image\":{\"@id\":\"https:\/\/www.inteligenia.info\/home\/#\/schema\/logo\/image\/\"},\"sameAs\":[\"https:\/\/x.com\/INTELIGENIA_\",\"https:\/\/www.linkedin.com\/company\/inteligenia\/?viewAsMember=true\"]},{\"@type\":\"Person\",\"@id\":\"https:\/\/www.inteligenia.info\/home\/#\/schema\/person\/1bf90ee63c207f611a224f9c17dbf031\",\"name\":\"admin\",\"image\":{\"@type\":\"ImageObject\",\"inLanguage\":\"es\",\"@id\":\"https:\/\/www.inteligenia.info\/home\/#\/schema\/person\/image\/\",\"url\":\"https:\/\/secure.gravatar.com\/avatar\/ed712be762908ac190eb3beb8cf9efb0dc9c425bd7b69d40ba8746efca2909c6?s=96&d=mm&r=g\",\"contentUrl\":\"https:\/\/secure.gravatar.com\/avatar\/ed712be762908ac190eb3beb8cf9efb0dc9c425bd7b69d40ba8746efca2909c6?s=96&d=mm&r=g\",\"caption\":\"admin\"},\"sameAs\":[\"http:\/\/www.inteligenia.info\"],\"url\":\"https:\/\/www.inteligenia.info\/home\/author\/admin\/\"}]}<\/script>\n<!-- \/ Yoast SEO plugin. -->","yoast_head_json":{"title":"Convenio de colaboraci\u00f3n Inteligenia - Universidad UDIMA - Inteligenia","robots":{"index":"index","follow":"follow","max-snippet":"max-snippet:-1","max-image-preview":"max-image-preview:large","max-video-preview":"max-video-preview:-1"},"canonical":"https:\/\/www.inteligenia.info\/home\/convenio-de-colaboracion-inteligenia-universidad-udima\/","og_locale":"es_ES","og_type":"article","og_title":"Convenio de colaboraci\u00f3n Inteligenia - Universidad UDIMA - Inteligenia","og_description":"Estamos muy felices anunciar la firma de un convenio de colaboraci\u00f3n educativa con la Universidad a Distancia de Madrid (UDIMA), dirigido a aquellos apasionados por los sectores de la seguridad, defensa e inteligencia. Gracias a este acuerdo, los estudiantes de grados y m\u00e1steres podr\u00e1n acceder a las vacantes de nuestro programa de pr\u00e1cticas profesionales, dise\u00f1adas [&hellip;]","og_url":"https:\/\/www.inteligenia.info\/home\/convenio-de-colaboracion-inteligenia-universidad-udima\/","og_site_name":"Inteligenia","article_published_time":"2025-01-28T15:39:26+00:00","article_modified_time":"2025-01-28T15:46:23+00:00","og_image":[{"width":1080,"height":1080,"url":"https:\/\/www.inteligenia.info\/wp-content\/uploads\/2025\/01\/Convenio-UDIMA.png","type":"image\/png"}],"author":"admin","twitter_card":"summary_large_image","twitter_creator":"@INTELIGENIA_","twitter_site":"@INTELIGENIA_","twitter_misc":{"Escrito por":"admin","Tiempo de lectura":"1 minuto"},"schema":{"@context":"https:\/\/schema.org","@graph":[{"@type":"Article","@id":"https:\/\/www.inteligenia.info\/home\/convenio-de-colaboracion-inteligenia-universidad-udima\/#article","isPartOf":{"@id":"https:\/\/www.inteligenia.info\/home\/convenio-de-colaboracion-inteligenia-universidad-udima\/"},"author":{"name":"admin","@id":"https:\/\/www.inteligenia.info\/home\/#\/schema\/person\/1bf90ee63c207f611a224f9c17dbf031"},"headline":"Convenio de colaboraci\u00f3n Inteligenia &#8211; Universidad UDIMA","datePublished":"2025-01-28T15:39:26+00:00","dateModified":"2025-01-28T15:46:23+00:00","mainEntityOfPage":{"@id":"https:\/\/www.inteligenia.info\/home\/convenio-de-colaboracion-inteligenia-universidad-udima\/"},"wordCount":177,"commentCount":0,"publisher":{"@id":"https:\/\/www.inteligenia.info\/home\/#organization"},"image":{"@id":"https:\/\/www.inteligenia.info\/home\/convenio-de-colaboracion-inteligenia-universidad-udima\/#primaryimage"},"thumbnailUrl":"https:\/\/www.inteligenia.info\/wp-content\/uploads\/2025\/01\/Convenio-UDIMA.png","articleSection":["Noticias"],"inLanguage":"es","potentialAction":[{"@type":"CommentAction","name":"Comment","target":["https:\/\/www.inteligenia.info\/home\/convenio-de-colaboracion-inteligenia-universidad-udima\/#respond"]}]},{"@type":"WebPage","@id":"https:\/\/www.inteligenia.info\/home\/convenio-de-colaboracion-inteligenia-universidad-udima\/","url":"https:\/\/www.inteligenia.info\/home\/convenio-de-colaboracion-inteligenia-universidad-udima\/","name":"Convenio de colaboraci\u00f3n Inteligenia - Universidad UDIMA - Inteligenia","isPartOf":{"@id":"https:\/\/www.inteligenia.info\/home\/#website"},"primaryImageOfPage":{"@id":"https:\/\/www.inteligenia.info\/home\/convenio-de-colaboracion-inteligenia-universidad-udima\/#primaryimage"},"image":{"@id":"https:\/\/www.inteligenia.info\/home\/convenio-de-colaboracion-inteligenia-universidad-udima\/#primaryimage"},"thumbnailUrl":"https:\/\/www.inteligenia.info\/wp-content\/uploads\/2025\/01\/Convenio-UDIMA.png","datePublished":"2025-01-28T15:39:26+00:00","dateModified":"2025-01-28T15:46:23+00:00","breadcrumb":{"@id":"https:\/\/www.inteligenia.info\/home\/convenio-de-colaboracion-inteligenia-universidad-udima\/#breadcrumb"},"inLanguage":"es","potentialAction":[{"@type":"ReadAction","target":["https:\/\/www.inteligenia.info\/home\/convenio-de-colaboracion-inteligenia-universidad-udima\/"]}]},{"@type":"ImageObject","inLanguage":"es","@id":"https:\/\/www.inteligenia.info\/home\/convenio-de-colaboracion-inteligenia-universidad-udima\/#primaryimage","url":"https:\/\/www.inteligenia.info\/wp-content\/uploads\/2025\/01\/Convenio-UDIMA.png","contentUrl":"https:\/\/www.inteligenia.info\/wp-content\/uploads\/2025\/01\/Convenio-UDIMA.png","width":1080,"height":1080},{"@type":"BreadcrumbList","@id":"https:\/\/www.inteligenia.info\/home\/convenio-de-colaboracion-inteligenia-universidad-udima\/#breadcrumb","itemListElement":[{"@type":"ListItem","position":1,"name":"Portada","item":"https:\/\/www.inteligenia.info\/home\/"},{"@type":"ListItem","position":2,"name":"Convenio de colaboraci\u00f3n Inteligenia &#8211; Universidad UDIMA"}]},{"@type":"WebSite","@id":"https:\/\/www.inteligenia.info\/home\/#website","url":"https:\/\/www.inteligenia.info\/home\/","name":"Inteligenia","description":"","publisher":{"@id":"https:\/\/www.inteligenia.info\/home\/#organization"},"potentialAction":[{"@type":"SearchAction","target":{"@type":"EntryPoint","urlTemplate":"https:\/\/www.inteligenia.info\/home\/?s={search_term_string}"},"query-input":{"@type":"PropertyValueSpecification","valueRequired":true,"valueName":"search_term_string"}}],"inLanguage":"es"},{"@type":"Organization","@id":"https:\/\/www.inteligenia.info\/home\/#organization","name":"Inteligenia","url":"https:\/\/www.inteligenia.info\/home\/","logo":{"@type":"ImageObject","inLanguage":"es","@id":"https:\/\/www.inteligenia.info\/home\/#\/schema\/logo\/image\/","url":"https:\/\/www.inteligenia.info\/wp-content\/uploads\/2024\/06\/transparent_logo-1-e1718047668142.png","contentUrl":"https:\/\/www.inteligenia.info\/wp-content\/uploads\/2024\/06\/transparent_logo-1-e1718047668142.png","width":674,"height":141,"caption":"Inteligenia"},"image":{"@id":"https:\/\/www.inteligenia.info\/home\/#\/schema\/logo\/image\/"},"sameAs":["https:\/\/x.com\/INTELIGENIA_","https:\/\/www.linkedin.com\/company\/inteligenia\/?viewAsMember=true"]},{"@type":"Person","@id":"https:\/\/www.inteligenia.info\/home\/#\/schema\/person\/1bf90ee63c207f611a224f9c17dbf031","name":"admin","image":{"@type":"ImageObject","inLanguage":"es","@id":"https:\/\/www.inteligenia.info\/home\/#\/schema\/person\/image\/","url":"https:\/\/secure.gravatar.com\/avatar\/ed712be762908ac190eb3beb8cf9efb0dc9c425bd7b69d40ba8746efca2909c6?s=96&d=mm&r=g","contentUrl":"https:\/\/secure.gravatar.com\/avatar\/ed712be762908ac190eb3beb8cf9efb0dc9c425bd7b69d40ba8746efca2909c6?s=96&d=mm&r=g","caption":"admin"},"sameAs":["http:\/\/www.inteligenia.info"],"url":"https:\/\/www.inteligenia.info\/home\/author\/admin\/"}]}},"_links":{"self":[{"href":"https:\/\/www.inteligenia.info\/home\/wp-json\/wp\/v2\/posts\/876","targetHints":{"allow":["GET"]}}],"collection":[{"href":"https:\/\/www.inteligenia.info\/home\/wp-json\/wp\/v2\/posts"}],"about":[{"href":"https:\/\/www.inteligenia.info\/home\/wp-json\/wp\/v2\/types\/post"}],"author":[{"embeddable":true,"href":"https:\/\/www.inteligenia.info\/home\/wp-json\/wp\/v2\/users\/1"}],"replies":[{"embeddable":true,"href":"https:\/\/www.inteligenia.info\/home\/wp-json\/wp\/v2\/comments?post=876"}],"version-history":[{"count":2,"href":"https:\/\/www.inteligenia.info\/home\/wp-json\/wp\/v2\/posts\/876\/revisions"}],"predecessor-version":[{"id":879,"href":"https:\/\/www.inteligenia.info\/home\/wp-json\/wp\/v2\/posts\/876\/revisions\/879"}],"wp:featuredmedia":[{"embeddable":true,"href":"https:\/\/www.inteligenia.info\/home\/wp-json\/wp\/v2\/media\/877"}],"wp:attachment":[{"href":"https:\/\/www.inteligenia.info\/home\/wp-json\/wp\/v2\/media?parent=876"}],"wp:term":[{"taxonomy":"category","embeddable":true,"href":"https:\/\/www.inteligenia.info\/home\/wp-json\/wp\/v2\/categories?post=876"},{"taxonomy":"post_tag","embeddable":true,"href":"https:\/\/www.inteligenia.info\/home\/wp-json\/wp\/v2\/tags?post=876"}],"curies":[{"name":"wp","href":"https:\/\/api.w.org\/{rel}","templated":true}]}}