{"id":938,"date":"2025-03-24T13:17:59","date_gmt":"2025-03-24T13:17:59","guid":{"rendered":"https:\/\/www.inteligenia.info\/?p=938"},"modified":"2025-03-24T13:18:00","modified_gmt":"2025-03-24T13:18:00","slug":"informe-de-situacion-general-de-espana-10-al-24-de-marzo-2025","status":"publish","type":"post","link":"https:\/\/www.inteligenia.info\/home\/informe-de-situacion-general-de-espana-10-al-24-de-marzo-2025\/","title":{"rendered":"INFORME DE SITUACI\u00d3N GENERAL DE ESPA\u00d1A: 10 AL 24 DE MARZO 2025"},"content":{"rendered":"\n<p class=\"has-text-align-center has-large-font-size\"><strong>Elaborado por la Unidad de Inteligencia en Pr\u00e1cticas<\/strong><\/p>\n\n\n\n<p><\/p>\n\n\n\n<p><strong>PUNTOS CLAVE<\/strong><\/p>\n\n\n\n<p><strong>1.<\/strong> El <strong>Gobierno central<\/strong> cambia la <strong>redistribuci\u00f3n de menores migrantes<\/strong> a distintas comunidades aut\u00f3nomas mediante <strong>acuerdo con Junts <\/strong>per Catalunya y <strong>reforma la ley de extranjer\u00eda<\/strong>, despu\u00e9s de que el Partido Socialista <strong>(PSOE) y Junts<\/strong> llegasen a un acuerdo para la <strong>cesi\u00f3n de competencias en materia de inmigraci\u00f3n a la Generalitat de Catalu\u00f1a.<\/strong><\/p>\n\n\n\n<p><strong>2. <\/strong>Se han registrado <strong>avances significativos en el caso Koldo.<\/strong><\/p>\n\n\n\n<p><strong>3. PP, Vox y Junts<\/strong> se al\u00edan en el Congreso para tumbar la <strong>Agencia de Salud P\u00fablica.<\/strong><\/p>\n\n\n\n<p><strong>4. <\/strong>Compromiso de <strong>Espa\u00f1a con Ucrania<\/strong> para que el pa\u00eds alcance lo antes posible <strong>una paz justa.<\/strong><\/p>\n\n\n\n<p><strong>5. <\/strong>El <strong>Congreso<\/strong>, con el voto del Partido Popular (PP) y el PSOE, <strong>aprueba el aumento del gasto militar con Sumar en contra.<\/strong><\/p>\n\n\n\n<p><strong>6. Pedro S\u00e1nchez viajar\u00e1 en abril a China <\/strong>para \u00abacercar a la UE a otras potencias en el actual contexto geopol\u00edtico\u00bb.<\/p>\n\n\n\n<p><strong>7<\/strong>. La<strong> presencia de agentes externos<\/strong>, Rusia y Estados Unidos, <strong>en el norte de \u00c1frica, afecta a la seguridad, influencia y presencia militar de Espa\u00f1a<\/strong>, reconociendo la Comisi\u00f3n Europea que el flanco sur de Espa\u00f1a es uno de los focos de potenciales amenazas.<\/p>\n\n\n\n<p><strong>8. Avances,<\/strong> previsi\u00f3n, reajustes,<strong> nuevas oportunidades y alianzas para la econom\u00eda espa\u00f1ola, especialmente tras las pol\u00edticas proteccionistas de Trump.<\/strong><\/p>\n\n\n\n<p><strong>9. <\/strong>El <strong>desaf\u00edo demogr\u00e1fico significativo de Espa\u00f1a<\/strong>, vinculado con la <strong>imposibilidad de frenar la alta inmigraci\u00f3n, en gran parte ilegal, y las revueltas generadas en Catalu\u00f1a.<\/strong><\/p>\n\n\n\n<p><strong>10. Espa\u00f1a y las Fuerzas Armadas<\/strong> enfrentan un <strong>panorama creciente de amenazas h\u00edbridas y retos<\/strong> que comprometen su seguridad nacional, institucional y digital.<\/p>\n\n\n\n<p><strong>RESUMEN QUINCENAL<\/strong><\/p>\n\n\n\n<p>El presente informe ofrece un an\u00e1lisis de los acontecimientos m\u00e1s relevantes en Espa\u00f1a entre el 11 y el 24 de marzo de 2025, abarcando aspectos clave en pol\u00edtica nacional e internacional, seguridad y defensa, econom\u00eda, tecnolog\u00eda y sociedad. Durante este per\u00edodo, el pa\u00eds ha enfrentado importantes desaf\u00edos y oportunidades que impactan su estabilidad y desarrollo a corto, medio y largo plazo. Este informe expone de manera estructurada cada uno de estos aspectos, proporcionando una visi\u00f3n general de la situaci\u00f3n actual y sus implicaciones estrat\u00e9gicas, con el objetivo de informar al lector con datos y sucesos f\u00e1cticos que permitan la correcta formulaci\u00f3n de una opini\u00f3n o juicio pol\u00edtico. En este informe no se introducir\u00e1n opiniones ni valoraciones de \u00edndole pol\u00edtico, religioso o moral, solo se expondr\u00e1 de manera detallada y ordenada los hechos y datos que han acontecido.<\/p>\n\n\n\n<p><strong>\u00c1MBITO POL\u00cdTICA NACIONAL<\/strong><\/p>\n\n\n\n<p>El 4 de marzo PSOE y Junts llegaron a un acuerdo para la cesi\u00f3n de competencias en materia de inmigraci\u00f3n a la Generalitat de Catalu\u00f1a, la cual gener\u00f3 rechazo tanto en los partidos de oposici\u00f3n (PP), como en los socios de gobierno (Sumar y Podemos), lo que parece ir en contra de las competencias exclusivas del Estado, seg\u00fan el art\u00edculo 149 de la Constituci\u00f3n Espa\u00f1ola. Debido a esta situaci\u00f3n, el 18 de marzo el Gobierno central ha alcanzado un acuerdo con Junts para reformar la ley de Extranjer\u00eda y facilitar la redistribuci\u00f3n de 4.400 menores migrantes no acompa\u00f1ados entre las comunidades aut\u00f3nomas. La distribuci\u00f3n se basar\u00e1 en criterios como poblaci\u00f3n, renta per c\u00e1pita y tasa de paro, entre otros, recibiendo Catalu\u00f1a una menor proporci\u00f3n, mientras que la Comunidad de Madrid, Andaluc\u00eda y Valencia, regidas por el PP, acoger\u00e1n la mayor cantidad. Este acuerdo ha generado cr\u00edticas de partidos como el PP y Vox, que lo consideran insolidario y advierten que las comunidades bajo su gesti\u00f3n no acoger\u00e1n m\u00e1s menores sin los recursos adecuados. Por su parte, la presidenta de la Comunidad de Madrid, Isabel D\u00edaz Ayuso, ha anunciado que llevar\u00e1 el pacto ante la Uni\u00f3n Europea y los tribunales.<\/p>\n\n\n\n<p>La investigaci\u00f3n sobre el caso Koldo ha avanzado con varios puntos clave. En primer lugar, la Unidad Central Operativa (UCO) de la Guardia Civil present\u00f3 un informe al Tribunal Supremo detallando el patrimonio de Jos\u00e9 Luis \u00c1balos, que incluye propiedades en Colombia y Per\u00fa. En el informe, se mencionaba un terreno en Colombia valorado inicialmente en 2,1 millones de euros, pero \u00c1balos refut\u00f3 esta cifra, afirmando que el terreno fue vendido en 2013.<\/p>\n\n\n\n<p>Posteriormente, la UCO corrigi\u00f3 este valor, aunque las autoridades sostienen que este error no afecta significativamente la exposici\u00f3n del patrimonio de \u00c1balos. En segundo lugar, la Guardia Civil ha solicitado informaci\u00f3n sobre las transacciones de siete cuentas bancarias de \u00c1balos y sus declaraciones de la renta de los \u00faltimos diez a\u00f1os, con el fin de esclarecer posibles irregularidades financieras. Por \u00faltimo, la investigaci\u00f3n judicial contin\u00faa bajo la supervisi\u00f3n del Tribunal Supremo, que, tras retirar la inmunidad parlamentaria a \u00c1balos, le permite ser investigado formalmente por presuntos delitos como organizaci\u00f3n criminal, tr\u00e1fico de influencias, cohecho y malversaci\u00f3n.<\/p>\n\n\n\n<p>El 20 de marzo, el Congreso de los Diputados aprob\u00f3 aumentar el gasto militar y respaldar el plan de \u201cReArme\u201d de la Uni\u00f3n Europea, con los votos favorables del PP y el PSOE. Sumar, socio del gobierno central, ha votado en contra y ha apoyado que Espa\u00f1a abandone la OTAN. La C\u00e1mara Baja ha rechazado la iniciativa del PP que ped\u00eda al Ejecutivo someter a votaci\u00f3n en el Congreso las decisiones sobre el gasto militar y la guerra de Ucrania, debido a que el PSOE y Sumar votaron en contra y Junts y Vox se han abstenido. No obstante, el PP, este s\u00e1bado 22, reitera que el Presidente del Gobierno prioriza su seguridad personal sobre la nacional, por querer aumentar el gasto militar sin someterlo al Congreso, calificando estas acciones como \u00abchapuzas legislativas\u00bb.<\/p>\n\n\n\n<p>El Congreso de los Diputados rechaz\u00f3, ese mismo d\u00eda 20 de marzo, la creaci\u00f3n de la Agencia Estatal de Salud P\u00fablica (AESAP), herramienta para vigilar amenazas para la salud colectiva, coordinar actuaciones entre las diferentes administraciones y anticiparse a posibles emergencias epidemiol\u00f3gicas, debido a la votaci\u00f3n en contra del PP, Junts y Vox, alegando la \u00abfalta de claridad competencial\u00bb y \u00abduplicidad\u00bb con las competencias de las comunidades aut\u00f3nomas. La ministra de Sanidad, M\u00f3nica Garc\u00eda, lament\u00f3 la decisi\u00f3n y anunci\u00f3 que el Gobierno estudiar\u00e1 c\u00f3mo volver a presentar la propuesta.<\/p>\n\n\n\n<p>En este mismo sentido de alianzas entre PP y Vox, Carlos Maz\u00f3n, presidente de la Generalitat Valenciana, el 17 de marzo, lleg\u00f3 a un acuerdo con Vox para garantizar su apoyo al presupuesto regional de 2025, al que la oposici\u00f3n llama \u201cpacto del Ventorro\u201d. Este acuerdo se centra en los esfuerzos de recuperaci\u00f3n tras las recientes inundaciones, y el proyecto de presupuesto se present\u00f3 tres d\u00edas m\u00e1s tarde. Maz\u00f3n agradeci\u00f3 a Vox su contribuci\u00f3n positiva y se refiri\u00f3 al presupuesto como \u00abpresupuestos de reconstrucci\u00f3n\u00bb, con el objetivo de abordar las necesidades regionales y asegurar la financiaci\u00f3n necesaria. Este pacto incluye compromisos como rechazar la \u00abinmigraci\u00f3n ilegal\u00bb y oponerse al Pacto Verde Europeo.<\/p>\n\n\n\n<p>No obstante, desde la sede nacional del PP en G\u00e9nova, se presiona a Vox para que apoye los presupuestos en otras comunidades aut\u00f3nomas, como Arag\u00f3n, Murcia, Baleares y Castilla y Le\u00f3n. Se espera que estos acuerdos se concreten pr\u00f3ximamente, aunque la relaci\u00f3n tensa entre el PP y Vox en algunas regiones podr\u00eda complicar su materializaci\u00f3n.<\/p>\n\n\n\n<p>Este lunes 24 de marzo, el Tribunal Constitucional, liderado por C\u00e1ndido Conde-Pumpido, se prepara para dictaminar sobre la legalidad de la Ley de Amnist\u00eda durante el verano, con la intenci\u00f3n de declararla constitucional. Se espera que el Tribunal rechace los recursos del PP y las acciones de inconstitucionalidad, allanando el camino para la amnist\u00eda de Carles Puigdemont por el delito de malversaci\u00f3n. Aunque se prev\u00e9 que la ley sea declarada constitucional, el Tribunal podr\u00e1 rechazar los recursos de amparo de los afectados, dejando al Tribunal Supremo la responsabilidad de su aplicaci\u00f3n.<\/p>\n\n\n\n<p>Por \u00faltimo, se anunciaron estos \u00faltimos d\u00edas diversos cambios en las formaciones del PSOE y de Sumar. Con respecto al primero, \u00c1ngel Torres, actual ministro de pol\u00edtica territorial y memoria democr\u00e1tica, abandona temporalmente la pol\u00edtica, sin dejar de estar a cargo del ministerio, debido a un c\u00e1ncer que se le ha detectado, como declar\u00f3 el domingo 23 de marzo, en un post de la red social X (antiguo Twitter). Por otra parte, la direcci\u00f3n del partido Sumar pierde a la fil\u00f3sofa Elisabeth Duval, que ocupaba el puesto de responsable de comunicaci\u00f3n, al no volver a presentarse en la asamblea del partido el pasado viernes 21 de marzo.<\/p>\n\n\n\n<p><strong>\u00c1MBITO POL\u00cdTICA EXTERIOR<\/strong><\/p>\n\n\n\n<p>En el encuentro entre los ministros de Defensa de Espa\u00f1a y Ucrania, celebrado el 14 de marzo, se dej\u00f3 claro el compromiso de Espa\u00f1a con Ucrania para que el pa\u00eds alcance lo antes posible una paz justa y duradera. La Ministra de Defensa espa\u00f1ola, Margarita Robles, ha querido recalcar que el apoyo durar\u00e1 m\u00e1s all\u00e1 de un posible alto al fuego y que se seguir\u00e1n formando a soldados ucranianos. El Ministro Ucraniano, por su parte, ha querido agradecer el apoyo brindado se\u00f1alando a Espa\u00f1a como \u00abun socio fiable\u00bb.<\/p>\n\n\n\n<p>En el mismo hilo, el 15 de marzo, el primer ministro brit\u00e1nico, Keir Starmer, convoc\u00f3 una reuni\u00f3n virtual de la &#8216;Coalici\u00f3n de Voluntarios&#8217;, integrada por m\u00e1s de 30 pa\u00edses, entre ellos Espa\u00f1a, y altos representantes de la UE y la OTAN, con el objetivo de reforzar el apoyo a Ucrania en su conflicto con Rusia. Durante este encuentro, se discuti\u00f3 la posibilidad de desplegar tropas de paz en Ucrania y se acord\u00f3 mantener la presi\u00f3n sobre Rusia para impulsar negociaciones de paz.<\/p>\n\n\n\n<p>Adem\u00e1s, se program\u00f3 una reuni\u00f3n de jefes militares en Londres para evaluar estrategias de seguridad y se enfatiz\u00f3 la necesidad de que Rusia participe en un proceso de negociaci\u00f3n serio. El presidente del gobierno, Pedro S\u00e1nchez, en la reuni\u00f3n recalc\u00f3 que \u00abEspa\u00f1a seguir\u00e1 trabajando para alcanzar una paz justa y duradera en Ucrania.\u00bb<\/p>\n\n\n\n<p>El 20 de marzo, S\u00e1nchez expres\u00f3 su desacuerdo, con el apoyo de Italia, con el t\u00e9rmino \u00abReArme\u00bb, redefiniendo el concepto de \u201cdefensa\u201d por el de \u201cseguridad\u201d, del plan ReArme Europa propuesto por Bruselas, cambiando su discurso y enfatizando esta vez sobre la necesidad de promover una mayor comprensi\u00f3n p\u00fablica sobre los conceptos de defensa y seguridad, para explicar el incremento del gasto en estas \u00e1reas. S\u00e1nchez subraya que el enfoque debe centrarse en la tecnolog\u00eda, particularmente en aquella de doble uso, que tiene aplicaciones tanto civiles como militares. De esta manera, busca aumentar el gasto militar sin confrontar a sus socios de gobierno y cumplir los compromisos de la OTAN.<\/p>\n\n\n\n<p>En distinta l\u00ednea de sucesos, el presidente del Gobierno, realizar\u00e1 una gira asi\u00e1tica del 8 al 12 de abril que incluir\u00e1 visitas a China y Vietnam. En China, se reunir\u00e1 con el presidente Xi Jinping para conmemorar el vig\u00e9simo aniversario de la Asociaci\u00f3n Estrat\u00e9gica entre ambos pa\u00edses. Este encuentro tiene como objetivo reforzar las relaciones de la Uni\u00f3n Europea con potencias y bloques regionales clave en un contexto geopol\u00edtico cambiante. S\u00e1nchez enfatiza la importancia de que la UE busque oportunidades y lidere la defensa de un orden internacional basado en reglas, reivindicando la necesidad de que Europa se entienda con China y diversificar as\u00ed su pol\u00edtica exterior, en vista de la retirada del paraguas de seguridad que proporcionaba los EE.UU. Sin embargo, y seg\u00fan el Libro blanco de la Defensa, ni la UE ni Espa\u00f1a pueden permitirse sustituir su dependencia tradicional de Washington por la de una potencia que supone una amenaza de seguridad para la UE y con la que no se comparten valores democr\u00e1ticos fundamentales.<\/p>\n\n\n\n<p><strong>\u00c1MBITO MILITAR<\/strong><\/p>\n\n\n\n<p>La Comisi\u00f3n Europea, en su recientemente presentado Libro Blanco de la Defensa, ha identificado el flanco sur de Espa\u00f1a como una zona de creciente preocupaci\u00f3n debido a amenazas emergentes. Esta regi\u00f3n, que abarca el Sahel y el norte de \u00c1frica, enfrenta desaf\u00edos como la expansi\u00f3n de grupos terroristas yihadistas y la creciente influencia rusa. La inestabilidad pol\u00edtica en pa\u00edses como Mali y la presencia de mercenarios rusos agravan la situaci\u00f3n, afectando directamente la seguridad de las naciones del sur de Europa, especialmente a Espa\u00f1a.<\/p>\n\n\n\n<p>El Sahel, consolidado como el epicentro del terrorismo yihadista, afecta directamente a la seguridad de Espa\u00f1a, debido a su proximidad geogr\u00e1fica, al potencial de desestabilizaci\u00f3n que representa, y la generaci\u00f3n de flujos migratorios hacia Europa. Adem\u00e1s, la presencia de actores externos como Rusia, China y Ucrania en el Sahel est\u00e1 alterando el equilibrio geopol\u00edtico de la regi\u00f3n, los cuales buscan ampliar su influencia en un territorio, donde operan grupos yihadistas afiliados a organizaciones como Al Qaeda y el Estado Isl\u00e1mico. La complejidad de estas alianzas y la multiplicaci\u00f3n de actores externos, dificultan la resoluci\u00f3n de conflictos y aumentan la amenaza para la seguridad global, incluida la de Espa\u00f1a.<\/p>\n\n\n\n<p>Agregado a lo anterior, Pedro S\u00e1nchez, expresa su preocupaci\u00f3n en que Estados Unidos pueda sustituir a Espa\u00f1a por Marruecos como su socio militar estrat\u00e9gico en el Mediterr\u00e1neo. Esta inquietud surge tras la elecci\u00f3n de Donald Trump y su enfoque en reforzar la presencia militar estadounidense en la regi\u00f3n. Marruecos ha incrementado su relevancia al estrechar lazos con Estados Unidos, participando en maniobras militares conjuntas, como el \u00abAfrican Lion\u00bb, o con la venta de aviones de \u00faltima generaci\u00f3n F-35, como alegan medios marroqu\u00edes. Adem\u00e1s, la administraci\u00f3n Trump ha mostrado inter\u00e9s en establecer una base militar en territorio marroqu\u00ed, lo que podr\u00eda reducir la importancia de las bases espa\u00f1olas de Rota y Mor\u00f3n.<\/p>\n\n\n\n<p>A esto se a\u00f1ade que Marruecos tiene previsto desplegar batallones terrestres especializados en sistemas de guerra electr\u00f3nica cerca de las ciudades de Ceuta y Melilla. Estas unidades tienen la misi\u00f3n de llevar a cabo operaciones ofensivas mediante sistemas de interferencia y neutralizaci\u00f3n de las comunicaciones, radares u otros sistemas de defensa. Para fortalecer la seguridad y la disuasi\u00f3n entre las ciudades aut\u00f3nomas de Ceuta y Melilla, desde el pasado 10 de marzo, las Fuerzas Armadas de Espa\u00f1a han reforzado sus operaciones de vigilancia en esas ciudades, en la conocida como Operaci\u00f3n \u00abPresencia Reforzada\u00bb, y bajo el control del Mando de Operaciones. En Ceuta, el Grupo T\u00e1ctico Ceuta, compuesto por varias unidades militares, realiza patrullas de presencia, vigilancia y disuasi\u00f3n y en Melilla, el Grupo T\u00e1ctico Melilla, liderado por el Grupo de Regulares n\u00ba 52, tambi\u00e9n intensifica sus actividades. A esta situaci\u00f3n de preocupaci\u00f3n por estas zonas clave y la necesidad de aumento de seguridad en ellas, se le suma que las Fuerzas Armadas espa\u00f1olas han alcanzado el m\u00ednimo de efectivos desde el fin del servicio obligatorio de 2001. Esta reducci\u00f3n se debe, en parte, a la dificultad para atraer y retener talento en el ej\u00e9rcito; situaci\u00f3n la cual plantea varios desaf\u00edos para la defensa y la seguridad nacional de Espa\u00f1a.<\/p>\n\n\n\n<p>Este lunes 24 de marzo, la Armada y la OTAN inician el ejercicio Dynamic Mariner, el mayor ejercicio n\u00e1utico en los \u00faltimos a\u00f1os, que se desarrollar\u00e1 desde el 24 de marzo hasta el 4 de abril en el golfo de C\u00e1diz y la costa sur de Andaluc\u00eda. Este busca ejercitar en conjunto la fuerza militar naval de diversos pa\u00edses entre los que se encuentran Alemania o Espa\u00f1a. Durante el ejercicio, los participantes pondr\u00e1n a prueba su capacidad de proyecci\u00f3n del poder naval, mando y control, operaciones anfibias, guerra antisubmarina y ciberdefensa, entre otras, integrando las tecnolog\u00edas m\u00e1s avanzadas y con la participaci\u00f3n de medios no tripulados (UXV) de la OTAN y nacionales. En \u00e9l participar\u00e1 el submarino S-81 Isaac Peral.<\/p>\n\n\n\n<p><strong>\u00c1MBITO ECON\u00d3MICO<\/strong><\/p>\n\n\n\n<p>Las pol\u00edticas proteccionistas de Donald Trump podr\u00edan impactar negativamente en el sector tur\u00edstico espa\u00f1ol, entre otros muchos sectores. A pesar de la recuperaci\u00f3n del turismo tras la pandemia, las tensiones comerciales y la incertidumbre econ\u00f3mica mundial, exacerbadas por la postura de Trump, podr\u00edan afectar la llegada de turistas internacionales, especialmente desde Estados Unidos. Las restricciones y aranceles tambi\u00e9n podr\u00edan frenar el crecimiento del sector, afectando a aeropuertos y empresas como AENA, que dependen del tr\u00e1fico internacional.<\/p>\n\n\n\n<p>Por otro lado, los aranceles impuestos por Trump, en su guerra comercial con la UE, afectan a sectores clave de la industria espa\u00f1ola, especialmente el aluminio y el acero. Las tarifas impuestas sobre estos productos podr\u00edan generar un encarecimiento de las exportaciones espa\u00f1olas, afectando la competitividad de las empresas en estos sectores. Por este motivo, el IBEX 35 experiment\u00f3 una ca\u00edda del 1,57%, situ\u00e1ndose por debajo de los 13.000 puntos, el nivel m\u00e1s bajo en un mes.<\/p>\n\n\n\n<p>Seg\u00fan lo alertado por la Organizaci\u00f3n para la Cooperaci\u00f3n y el Desarrollo Econ\u00f3mico (OCDE) el 18 de marzo, cabe prever el aumento significativo de la deuda p\u00fablica en Espa\u00f1a, destacando que, aunque ha habido mejoras recientes, la deuda actual supera en casi 70 puntos porcentuales al nivel de 2007. Este incremento coloca a Espa\u00f1a como el pa\u00eds de la UE con mayor aumento de deuda en los \u00faltimos 17 a\u00f1os, pasando del 35,7% al 104,3% del PIB. La organizaci\u00f3n advierte que este elevado nivel de deuda podr\u00eda limitar la capacidad de respuesta del pa\u00eds ante futuras crisis econ\u00f3micas y desaf\u00edos en \u00e1reas como la defensa.<\/p>\n\n\n\n<p>No obstante, el Banco de Espa\u00f1a ha incrementado su previsi\u00f3n de crecimiento del PIB para 2025 del 2,5% al 2,7%. Esta mejora se basa en el s\u00f3lido avance del 0,8% trimestral registrado en el \u00faltimo trimestre de 2024 y en el aumento de las rentas y salarios de los hogares. No obstante, el banco advierte sobre la \u00abextraordinaria incertidumbre\u00bb derivada de factores geopol\u00edticos y econ\u00f3micos globales. Por su parte, la C\u00e1mara de Comercio de Espa\u00f1a ha elevado su previsi\u00f3n de crecimiento del PIB para 2025 del 2,1% al 2,4%, situando la de 2026 en el 1,9%. Esta revisi\u00f3n considera el desempe\u00f1o reciente de la econom\u00eda, aunque se\u00f1ala que las tensiones proteccionistas de la administraci\u00f3n estadounidense podr\u00edan afectar las exportaciones.<\/p>\n\n\n\n<p>Como nuevas prioridades econ\u00f3micas para 2025, la Agencia Tributaria ha establecido que su enfoque va a situarse en seis aspectos clave para combatir el fraude fiscal.<\/p>\n\n\n\n<p>En primer lugar, el especial escrutinio en los desajustes entre estilo de vida y declaraciones fiscales, especialmente aquellos que utilizan sociedades para desviar gastos personales o esconder bienes. En segundo lugar, la vigilancia en el uso intensivo del efectivo, sobre todo en aut\u00f3nomos y empresarios que eviten pagos electr\u00f3nicos. En tercer lugar, se controlar\u00e1 a los propietarios que alquilen pisos tur\u00edsticos por plataformas digitales, sin declarar los ingresos correspondientes. En cuarto lugar, se garantizar\u00e1 que las grandes empresas y grupos consolidados tributen adecuadamente, evitando la deslocalizaci\u00f3n de beneficios. En quinto lugar, la recuperaci\u00f3n de avales ICO. Por \u00faltimo, se vigilar\u00e1n las operaciones de fusi\u00f3n empresariales para evitar elusi\u00f3n fiscal, especialmente cuando se utilicen para reducir la carga tributaria personal.<\/p>\n\n\n\n<p>Asimismo, Espa\u00f1a est\u00e1 trabajando en nuevas oportunidades y alianzas para la mejora de la econom\u00eda espa\u00f1ola, las inversiones bilaterales y el aumento del sector productor espa\u00f1ol en el exterior. En relaci\u00f3n con las nuevas oportunidades, Espa\u00f1a est\u00e1 esforz\u00e1ndose para obtener los certificados necesarios que permitan exportar huevos al mercado estadounidense, debido a que EEUU est\u00e1 buscando proveedores internacionales por la escasez de huevos en su pa\u00eds por brotes de gripe aviar y, as\u00ed, abrir el sector productor espa\u00f1ol al exterior, ya que los agricultores espa\u00f1oles se han visto presionados y obligados a reducir sus precios en un 45% desde 2022, por las importaciones de cereales y alimentos marroqu\u00edes a Espa\u00f1a, las cuales aumentaron un 625% en 2024 respecto al a\u00f1o anterior, alcanzando un valor de 1,5 millones de euros.<\/p>\n\n\n\n<p>En relaci\u00f3n con las alianzas llevadas a cabo para consolidar lazos comerciales e inversiones bilaterales, el 13 de marzo, el Ministerio de Econom\u00eda, Comercio y Empresa de Espa\u00f1a, a trav\u00e9s de la Secretar\u00eda de Estado de Comercio, y el Ministerio de Econom\u00eda de la Rep\u00fablica de Azerbaiy\u00e1n, firmaron un Memorando de Entendimiento (MoU) para fortalecer la cooperaci\u00f3n econ\u00f3mica entre ambos pa\u00edses, con una duraci\u00f3n inicial de cinco a\u00f1os prorrogables. Tras la firma, se celebr\u00f3 la primera sesi\u00f3n del Di\u00e1logo Econ\u00f3mico, foro de trabajo para coordinar iniciativas conjuntas, fomentar la colaboraci\u00f3n entre empresas y eliminar barreras comerciales, con una participaci\u00f3n de m\u00e1s de veinte empresas espa\u00f1olas.<\/p>\n\n\n\n<p><strong>\u00c1MBITO SOCIAL<\/strong><\/p>\n\n\n\n<p>Espa\u00f1a se enfrenta a un desaf\u00edo demogr\u00e1fico significativo: durante los \u00faltimos 40 meses, el n\u00famero de defunciones ha superado al de nacimientos, con un 70% m\u00e1s. Esta tendencia se traduce en una p\u00e9rdida diaria de aproximadamente 300 habitantes. Actualmente, cerca de diez millones de residentes en Espa\u00f1a han nacido en el extranjero, representando un 20% de la poblaci\u00f3n, y se est\u00e1 intentando compensar el saldo vegetativo negativo con la inmigraci\u00f3n, a\u00f1adiendo alrededor de medio mill\u00f3n de personas anualmente desde el final de la pandemia.<\/p>\n\n\n\n<p>No obstante, el Ministerio del Interior ha destinado cada vez m\u00e1s dinero para frenar el fen\u00f3meno migratorio, unos 161,65 millones de euros a terceros pa\u00edses, para que sean sus cuerpos policiales los que evitan las llegadas a las costas espa\u00f1olas y, sin embargo, las llegadas no han dejado de aumentar. La comunidad m\u00e1s saturada es Canarias, que a pesar de los intentos de reformar la Ley de Extranjer\u00eda, para que esta no tenga tanta presi\u00f3n, no est\u00e1n funcionando. El Gobierno, por el momento, no se plantea un cierre de fronteras como ya est\u00e1n haciendo otros pa\u00edses del entorno y abogan por una inmigraci\u00f3n ordenada, legal y segura.<\/p>\n\n\n\n<p>En Catalu\u00f1a, donde m\u00e1s se refleja la problem\u00e1tica de la alta inmigraci\u00f3n ilegal, se generaron recientes disturbios en Salt, municipio de Gerona, debido al desalojo de un im\u00e1n, por \u00abocupaci\u00f3n\u00bb de un inmueble junto con su familia, lo que origin\u00f3 una fuerte guerra pol\u00edtica sobre la inmigraci\u00f3n. La Candidatura d\u2019Unitat Popular (CUP) ha defendido la violencia de los inmigrantes como una \u00abexpresi\u00f3n cultural propia\u00bb, aludiendo al hecho de que algunos manifestantes tiraron piedras a los Mossos d&#8217;Esquadra y quemaron contenedores. Este comentario ha intensificado el debate sobre la gesti\u00f3n de la inmigraci\u00f3n y la seguridad en la regi\u00f3n, generando divisi\u00f3n tanto a nivel pol\u00edtico como social.<\/p>\n\n\n\n<p>Seg\u00fan la p\u00e1gina oficial del Ministerio de Educaci\u00f3n, se ha habilitado un programa de Ense\u00f1anza de Lengua \u00c1rabe y Cultura Marroqu\u00ed (PLACM), siendo esta una iniciativa conjunta entre los gobiernos de Espa\u00f1a y Marruecos, gestionada por las comunidades aut\u00f3nomas e impartida por profesorado marroqu\u00ed. Se desarrolla en centros de primaria y secundaria de 12 comunidades aut\u00f3nomas. Su objetivo es ense\u00f1ar \u00e1rabe y cultura marroqu\u00ed a alumnado marroqu\u00ed y no marroqu\u00ed, promover la inclusi\u00f3n, el respeto intercultural y la participaci\u00f3n familiar. Se ofrece en dos modalidades: como actividad extraescolar (modalidad A) o dentro del horario lectivo (modalidad B), predominando la primera. El l\u00edder del partido VOX, Santiago Abascal, el mismo lunes 24 de marzo, ha reaccionado a esta noticia, apodando este programa como un \u201csuicidio cultural\u201d. Ha afirmado que VOX no va a apoyar \u201cni pacto verde, ni pacto migratorio ni plan de islamizaci\u00f3n de Espa\u00f1a\u201d.<\/p>\n\n\n\n<p><strong>\u00c1MBITO TECNOL\u00d3GICO<\/strong><\/p>\n\n\n\n<p>La desinformaci\u00f3n se ha consolidado como el principal riesgo estrat\u00e9gico, por lo que el Gobierno espa\u00f1ol ha encargado la redacci\u00f3n de una Estrategia Nacional contra esta, con el objetivo de reforzar la seguridad democr\u00e1tica y la resiliencia institucional ante campa\u00f1as de manipulaci\u00f3n informativa. Esta estrategia, que estar\u00e1 lista este a\u00f1o, busca coordinar esfuerzos p\u00fablicos y privados para prevenir y contrarrestar la desinformaci\u00f3n, especialmente en contextos electorales o de crisis, incluyendo la creaci\u00f3n de un \u00f3rgano coordinador y mecanismos de alerta temprana.<\/p>\n\n\n\n<p>La desinformaci\u00f3n no es la \u00fanica amenaza h\u00edbrida que experimenta Espa\u00f1a, ya que en lo que llevamos de 2025, el pa\u00eds ha experimentado un aumento significativo en los ciberataques, llegando a superar a Estados Unidos en n\u00famero de incidentes en marzo. Estos ataques han afectado a diversas instituciones p\u00fablicas quedando paralizados los servicios administrativos; fraudes bancarios, dirigidos mediante dispositivos m\u00f3viles; al sector sanitario y a las pymes, representando el 80% de estos; etc. La mayor\u00eda de estos ataques han sido atribuidos a grupos de hackers rusos, como TwoNet y NoName, los cuales estallaron tras el anuncio de Pedro S\u00e1nchez de un paquete de ayuda militar a Ucrania por valor de 1.000 millones de euros. Los atacantes rusos sugirieron que Espa\u00f1a deber\u00eda invertir en mejorar su propia ciberseguridad en lugar de financiar a Ucrania.<\/p>\n\n\n\n<p>Para reforzar su resiliencia, el Ejecutivo avanza tambi\u00e9n en la regulaci\u00f3n de la inteligencia artificial aprobando el Anteproyecto de Ley para el Buen Uso y Gobernanza de la IA, bas\u00e1ndose en la normativa europea del Reglamento (UE) 2024\/1689. Algunos de sus puntos claves son: exigencia de etiquetar todos los contenidos generados con IA, clasificaci\u00f3n de la IA seg\u00fan su nivel de riesgo, designaci\u00f3n de las autoridades encargadas de velar por el cumplimiento de esta Ley, establecimiento de multas por infracciones cometidas, regulaci\u00f3n del uso de la identificaci\u00f3n biom\u00e9trica en espacios p\u00fablicos y la fomentaci\u00f3n del uso de la IA de manera \u00e9tica. La futura Ley de IA busca garantizar un desarrollo \u00e9tico, seguro y transparente, mientras que el sector privado, con proyectos como IndraMind, contribuye a modernizar infraestructuras estrat\u00e9gicas.<\/p>\n\n\n\n<p><strong>CONCLUSIONES<\/strong><\/p>\n\n\n\n<p><strong>1.<\/strong> El PSOE busca <strong>calmar tensiones con sus socios de gobierno<\/strong>, pero ha generado fuertes <strong>cr\u00edticas desde la oposici\u00f3n,<\/strong> escalando la problem\u00e1tica a <strong>acciones legales ante la UE<\/strong>, reflejando que la gesti\u00f3n migratoria es un<strong> foco principal de tensi\u00f3n pol\u00edtica a nivel nacional <\/strong>y evidenciando un <strong>clima de alta confrontaci\u00f3n<\/strong>, debido al debate territorial y las tensiones entre partidos.<\/p>\n\n\n\n<p>2. Este caso subraya el <strong>esfuerzo continuo de las autoridades por esclarecer posibles irregularidades<\/strong> <strong>y garantizar la transparencia en la gesti\u00f3n p\u00fablica.<\/strong><\/p>\n\n\n\n<p>3. La <strong>falta de consenso pol\u00edtico<\/strong> est\u00e1 f<strong>renando iniciativas clave del Gobierno central, <\/strong>pero al mismo tiempo, el <strong>fortalecimiento de alianzas entre PP y Vox<\/strong> revela una creciente polarizaci\u00f3n pol\u00edtica que <strong>complica la gobernabilidad a nivel nacional y auton\u00f3mico.<\/strong> Esta tensi\u00f3n <strong>podr\u00eda obstaculizar futuras reformas y acuerdos interterritoriales.<\/strong><\/p>\n\n\n\n<p>4. La implicaci\u00f3n activa de <strong>Espa\u00f1a en foros multilaterales refuerza su papel como socio fiable en la defensa del orden internacional y la estabilidad europea.<\/strong><\/p>\n\n\n\n<p>5. La<strong> aprobaci\u00f3n del aumento del gasto militar <\/strong>y el respaldo al plan de defensa europeo reflejan la <strong>sinton\u00eda entre PSOE y PP en materia de seguridad,<\/strong> pero tambi\u00e9n profundizan las <strong>divisiones internas del gobierno<\/strong>, evidenciadas por el rechazo de su socio de gobierno. Pedro Sanchez con su <strong>cambio de di\u00e1logo<\/strong>, parece buscar una <strong>mayor aceptaci\u00f3n p\u00fablica, <\/strong>consenso social en un tema altamente sensible <strong>y acuerdos con sus socios de gobierno.<\/strong><\/p>\n\n\n\n<p>6. Esto simboliza una <strong>apuesta estrat\u00e9gica por reforzar los lazos entre la Uni\u00f3n Europea y otras potencias globales en un escenario geopol\u00edtico inestable, posicionando a Espa\u00f1a como actor relevante.<\/strong><\/p>\n\n\n\n<p>7. La <strong>complejidad de estas alianzas y la multiplicaci\u00f3n de actores externos, dificultan la resoluci\u00f3n de conflictos y aumentan la amenaza para la seguridad de Espa\u00f1a, afectando tambi\u00e9n en su influencia y presencia militar en el norte de \u00c1frica. <\/strong>Se refleja que las <strong>Fuerzas Armadas Espa\u00f1olas tienen grandes retos<\/strong> por delante, debido a su <strong>carencia de efectivos,<\/strong> la posible <strong>implementaci\u00f3n del plan \u00abReArme Europa\u00bb<\/strong> y la <strong>situaci\u00f3n particular con Marruecos, especialmente en Ceuta y Melilla.<\/strong><\/p>\n\n\n\n<p>8. Espa\u00f1a enfrenta un <strong>escenario econ\u00f3mico complejo y dual,<\/strong> por un lado, el pa\u00eds muestra signos de <strong>crecimiento y dinamismo, nuevas oportunidades de exportaci\u00f3n y alianzas comerciales, <\/strong>pero, por otro lado, la elevada <strong>deuda p\u00fablica<\/strong>, representa un riesgo estructural que podr\u00eda<strong> limitar su capacidad de respuesta ante futuras crisis<\/strong>, sumando a esto las amenazas de los pa\u00edses externos como EEUU. Tanto el <strong>sector tur\u00edstico como la industria del aluminio y acero, entre otros, en Espa\u00f1a sufrir\u00e1n las consecuencias de las pol\u00edticas proteccionistas de Trump, que afectar\u00e1n las relaciones comerciales y el flujo de turistas hacia el pa\u00eds.<\/strong><\/p>\n\n\n\n<p>9. Una <strong>gesti\u00f3n deficiente del fen\u00f3meno migratorio<\/strong>, en este contexto, <strong>podr\u00eda agravar tanto el declive demogr\u00e1fico como la cohesi\u00f3n social.<\/strong> Sin embargo, esta situaci\u00f3n ha puesto de manifiesto la <strong>creciente polarizaci\u00f3n pol\u00edtica y social, respecto a la inmigraci\u00f3n y la seguridad y han evidenciado la falta de consenso pol\u00edtico sobre c\u00f3mo abordar estos desaf\u00edos de forma responsable y cohesiva.<\/strong><\/p>\n\n\n\n<p>10. Con lo descrito, se deber\u00e1 <strong>gestionar y presionar por el aumento de la ciberseguridad nacional y la inversi\u00f3n en defensa tecnol\u00f3gica, sin quebrar la estabilidad institucional y la confianza ciudadana,<\/strong> por no gestionar de manera eficaz la desinformaci\u00f3n. Asimismo, <strong>aumentar la colaboraci\u00f3n p\u00fablico-privada<\/strong> sostenida para preservar la soberan\u00eda informativa y digital del pa\u00eds.<\/p>\n\n\n\n<div data-wp-interactive=\"core\/file\" class=\"wp-block-file aligncenter\"><object data-wp-bind--hidden=\"!state.hasPdfPreview\" hidden class=\"wp-block-file__embed\" data=\"https:\/\/www.inteligenia.info\/wp-content\/uploads\/2025\/03\/250324INFEspana-Unidad-de-Inteligencia-en-Practicas.pdf\" type=\"application\/pdf\" style=\"width:100%;height:600px\" aria-label=\"Incrustado de 250324INFEspa\u00f1a - Unidad de Inteligencia en Pr\u00e1cticas.\"><\/object><a id=\"wp-block-file--media-df656043-f1a0-40b3-9035-12f7e7ad644f\" href=\"https:\/\/www.inteligenia.info\/wp-content\/uploads\/2025\/03\/250324INFEspana-Unidad-de-Inteligencia-en-Practicas.pdf\" target=\"_blank\" rel=\"noreferrer noopener\">250324INFEspa\u00f1a &#8211; Unidad de Inteligencia en Pr\u00e1cticas<\/a><a href=\"https:\/\/www.inteligenia.info\/wp-content\/uploads\/2025\/03\/250324INFEspana-Unidad-de-Inteligencia-en-Practicas.pdf\" class=\"wp-block-file__button wp-element-button\" download aria-describedby=\"wp-block-file--media-df656043-f1a0-40b3-9035-12f7e7ad644f\">Descarga<\/a><\/div>\n","protected":false},"excerpt":{"rendered":"<p>Elaborado por la Unidad de Inteligencia en Pr\u00e1cticas PUNTOS CLAVE 1. El Gobierno central cambia la redistribuci\u00f3n de menores migrantes a distintas comunidades aut\u00f3nomas mediante acuerdo con Junts per Catalunya y reforma la ley de extranjer\u00eda, despu\u00e9s de que el Partido Socialista (PSOE) y Junts llegasen a un acuerdo para la cesi\u00f3n de competencias en [&hellip;]<\/p>\n","protected":false},"author":1,"featured_media":940,"comment_status":"open","ping_status":"open","sticky":false,"template":"","format":"standard","meta":{"saved_in_kubio":false,"footnotes":""},"categories":[1],"tags":[],"class_list":["post-938","post","type-post","status-publish","format-standard","has-post-thumbnail","hentry","category-sin-categoria"],"yoast_head":"<!-- This site is optimized with the Yoast SEO plugin v27.0 - https:\/\/yoast.com\/product\/yoast-seo-wordpress\/ -->\n<title>INFORME DE SITUACI\u00d3N GENERAL DE ESPA\u00d1A: 10 AL 24 DE MARZO 2025 - Inteligenia<\/title>\n<meta name=\"robots\" content=\"index, follow, max-snippet:-1, max-image-preview:large, max-video-preview:-1\" \/>\n<link rel=\"canonical\" href=\"https:\/\/www.inteligenia.info\/home\/informe-de-situacion-general-de-espana-10-al-24-de-marzo-2025\/\" \/>\n<meta property=\"og:locale\" content=\"es_ES\" \/>\n<meta property=\"og:type\" content=\"article\" \/>\n<meta property=\"og:title\" content=\"INFORME DE SITUACI\u00d3N GENERAL DE ESPA\u00d1A: 10 AL 24 DE MARZO 2025 - Inteligenia\" \/>\n<meta property=\"og:description\" content=\"Elaborado por la Unidad de Inteligencia en Pr\u00e1cticas PUNTOS CLAVE 1. El Gobierno central cambia la redistribuci\u00f3n de menores migrantes a distintas comunidades aut\u00f3nomas mediante acuerdo con Junts per Catalunya y reforma la ley de extranjer\u00eda, despu\u00e9s de que el Partido Socialista (PSOE) y Junts llegasen a un acuerdo para la cesi\u00f3n de competencias en [&hellip;]\" \/>\n<meta property=\"og:url\" content=\"https:\/\/www.inteligenia.info\/home\/informe-de-situacion-general-de-espana-10-al-24-de-marzo-2025\/\" \/>\n<meta property=\"og:site_name\" content=\"Inteligenia\" \/>\n<meta property=\"article:published_time\" content=\"2025-03-24T13:17:59+00:00\" \/>\n<meta property=\"article:modified_time\" content=\"2025-03-24T13:18:00+00:00\" \/>\n<meta property=\"og:image\" content=\"https:\/\/www.inteligenia.info\/wp-content\/uploads\/2025\/03\/Designer.png\" \/>\n\t<meta property=\"og:image:width\" content=\"1024\" \/>\n\t<meta property=\"og:image:height\" content=\"1024\" \/>\n\t<meta property=\"og:image:type\" content=\"image\/png\" \/>\n<meta name=\"author\" content=\"admin\" \/>\n<meta name=\"twitter:card\" content=\"summary_large_image\" \/>\n<meta name=\"twitter:creator\" content=\"@INTELIGENIA_\" \/>\n<meta name=\"twitter:site\" content=\"@INTELIGENIA_\" \/>\n<meta name=\"twitter:label1\" content=\"Escrito por\" \/>\n\t<meta name=\"twitter:data1\" content=\"admin\" \/>\n\t<meta name=\"twitter:label2\" content=\"Tiempo de lectura\" \/>\n\t<meta name=\"twitter:data2\" content=\"22 minutos\" \/>\n<script type=\"application\/ld+json\" class=\"yoast-schema-graph\">{\"@context\":\"https:\/\/schema.org\",\"@graph\":[{\"@type\":\"Article\",\"@id\":\"https:\/\/www.inteligenia.info\/home\/informe-de-situacion-general-de-espana-10-al-24-de-marzo-2025\/#article\",\"isPartOf\":{\"@id\":\"https:\/\/www.inteligenia.info\/home\/informe-de-situacion-general-de-espana-10-al-24-de-marzo-2025\/\"},\"author\":{\"name\":\"admin\",\"@id\":\"https:\/\/www.inteligenia.info\/home\/#\/schema\/person\/1bf90ee63c207f611a224f9c17dbf031\"},\"headline\":\"INFORME DE SITUACI\u00d3N GENERAL DE ESPA\u00d1A: 10 AL 24 DE MARZO 2025\",\"datePublished\":\"2025-03-24T13:17:59+00:00\",\"dateModified\":\"2025-03-24T13:18:00+00:00\",\"mainEntityOfPage\":{\"@id\":\"https:\/\/www.inteligenia.info\/home\/informe-de-situacion-general-de-espana-10-al-24-de-marzo-2025\/\"},\"wordCount\":4999,\"commentCount\":0,\"publisher\":{\"@id\":\"https:\/\/www.inteligenia.info\/home\/#organization\"},\"image\":{\"@id\":\"https:\/\/www.inteligenia.info\/home\/informe-de-situacion-general-de-espana-10-al-24-de-marzo-2025\/#primaryimage\"},\"thumbnailUrl\":\"https:\/\/www.inteligenia.info\/wp-content\/uploads\/2025\/03\/Designer.png\",\"inLanguage\":\"es\",\"potentialAction\":[{\"@type\":\"CommentAction\",\"name\":\"Comment\",\"target\":[\"https:\/\/www.inteligenia.info\/home\/informe-de-situacion-general-de-espana-10-al-24-de-marzo-2025\/#respond\"]}]},{\"@type\":\"WebPage\",\"@id\":\"https:\/\/www.inteligenia.info\/home\/informe-de-situacion-general-de-espana-10-al-24-de-marzo-2025\/\",\"url\":\"https:\/\/www.inteligenia.info\/home\/informe-de-situacion-general-de-espana-10-al-24-de-marzo-2025\/\",\"name\":\"INFORME DE SITUACI\u00d3N GENERAL DE ESPA\u00d1A: 10 AL 24 DE MARZO 2025 - Inteligenia\",\"isPartOf\":{\"@id\":\"https:\/\/www.inteligenia.info\/home\/#website\"},\"primaryImageOfPage\":{\"@id\":\"https:\/\/www.inteligenia.info\/home\/informe-de-situacion-general-de-espana-10-al-24-de-marzo-2025\/#primaryimage\"},\"image\":{\"@id\":\"https:\/\/www.inteligenia.info\/home\/informe-de-situacion-general-de-espana-10-al-24-de-marzo-2025\/#primaryimage\"},\"thumbnailUrl\":\"https:\/\/www.inteligenia.info\/wp-content\/uploads\/2025\/03\/Designer.png\",\"datePublished\":\"2025-03-24T13:17:59+00:00\",\"dateModified\":\"2025-03-24T13:18:00+00:00\",\"breadcrumb\":{\"@id\":\"https:\/\/www.inteligenia.info\/home\/informe-de-situacion-general-de-espana-10-al-24-de-marzo-2025\/#breadcrumb\"},\"inLanguage\":\"es\",\"potentialAction\":[{\"@type\":\"ReadAction\",\"target\":[\"https:\/\/www.inteligenia.info\/home\/informe-de-situacion-general-de-espana-10-al-24-de-marzo-2025\/\"]}]},{\"@type\":\"ImageObject\",\"inLanguage\":\"es\",\"@id\":\"https:\/\/www.inteligenia.info\/home\/informe-de-situacion-general-de-espana-10-al-24-de-marzo-2025\/#primaryimage\",\"url\":\"https:\/\/www.inteligenia.info\/wp-content\/uploads\/2025\/03\/Designer.png\",\"contentUrl\":\"https:\/\/www.inteligenia.info\/wp-content\/uploads\/2025\/03\/Designer.png\",\"width\":1024,\"height\":1024},{\"@type\":\"BreadcrumbList\",\"@id\":\"https:\/\/www.inteligenia.info\/home\/informe-de-situacion-general-de-espana-10-al-24-de-marzo-2025\/#breadcrumb\",\"itemListElement\":[{\"@type\":\"ListItem\",\"position\":1,\"name\":\"Portada\",\"item\":\"https:\/\/www.inteligenia.info\/home\/\"},{\"@type\":\"ListItem\",\"position\":2,\"name\":\"INFORME DE SITUACI\u00d3N GENERAL DE ESPA\u00d1A: 10 AL 24 DE MARZO 2025\"}]},{\"@type\":\"WebSite\",\"@id\":\"https:\/\/www.inteligenia.info\/home\/#website\",\"url\":\"https:\/\/www.inteligenia.info\/home\/\",\"name\":\"Inteligenia\",\"description\":\"\",\"publisher\":{\"@id\":\"https:\/\/www.inteligenia.info\/home\/#organization\"},\"potentialAction\":[{\"@type\":\"SearchAction\",\"target\":{\"@type\":\"EntryPoint\",\"urlTemplate\":\"https:\/\/www.inteligenia.info\/home\/?s={search_term_string}\"},\"query-input\":{\"@type\":\"PropertyValueSpecification\",\"valueRequired\":true,\"valueName\":\"search_term_string\"}}],\"inLanguage\":\"es\"},{\"@type\":\"Organization\",\"@id\":\"https:\/\/www.inteligenia.info\/home\/#organization\",\"name\":\"Inteligenia\",\"url\":\"https:\/\/www.inteligenia.info\/home\/\",\"logo\":{\"@type\":\"ImageObject\",\"inLanguage\":\"es\",\"@id\":\"https:\/\/www.inteligenia.info\/home\/#\/schema\/logo\/image\/\",\"url\":\"https:\/\/www.inteligenia.info\/wp-content\/uploads\/2024\/06\/transparent_logo-1-e1718047668142.png\",\"contentUrl\":\"https:\/\/www.inteligenia.info\/wp-content\/uploads\/2024\/06\/transparent_logo-1-e1718047668142.png\",\"width\":674,\"height\":141,\"caption\":\"Inteligenia\"},\"image\":{\"@id\":\"https:\/\/www.inteligenia.info\/home\/#\/schema\/logo\/image\/\"},\"sameAs\":[\"https:\/\/x.com\/INTELIGENIA_\",\"https:\/\/www.linkedin.com\/company\/inteligenia\/?viewAsMember=true\"]},{\"@type\":\"Person\",\"@id\":\"https:\/\/www.inteligenia.info\/home\/#\/schema\/person\/1bf90ee63c207f611a224f9c17dbf031\",\"name\":\"admin\",\"image\":{\"@type\":\"ImageObject\",\"inLanguage\":\"es\",\"@id\":\"https:\/\/www.inteligenia.info\/home\/#\/schema\/person\/image\/\",\"url\":\"https:\/\/secure.gravatar.com\/avatar\/ed712be762908ac190eb3beb8cf9efb0dc9c425bd7b69d40ba8746efca2909c6?s=96&d=mm&r=g\",\"contentUrl\":\"https:\/\/secure.gravatar.com\/avatar\/ed712be762908ac190eb3beb8cf9efb0dc9c425bd7b69d40ba8746efca2909c6?s=96&d=mm&r=g\",\"caption\":\"admin\"},\"sameAs\":[\"http:\/\/www.inteligenia.info\"],\"url\":\"https:\/\/www.inteligenia.info\/home\/author\/admin\/\"}]}<\/script>\n<!-- \/ Yoast SEO plugin. -->","yoast_head_json":{"title":"INFORME DE SITUACI\u00d3N GENERAL DE ESPA\u00d1A: 10 AL 24 DE MARZO 2025 - Inteligenia","robots":{"index":"index","follow":"follow","max-snippet":"max-snippet:-1","max-image-preview":"max-image-preview:large","max-video-preview":"max-video-preview:-1"},"canonical":"https:\/\/www.inteligenia.info\/home\/informe-de-situacion-general-de-espana-10-al-24-de-marzo-2025\/","og_locale":"es_ES","og_type":"article","og_title":"INFORME DE SITUACI\u00d3N GENERAL DE ESPA\u00d1A: 10 AL 24 DE MARZO 2025 - Inteligenia","og_description":"Elaborado por la Unidad de Inteligencia en Pr\u00e1cticas PUNTOS CLAVE 1. El Gobierno central cambia la redistribuci\u00f3n de menores migrantes a distintas comunidades aut\u00f3nomas mediante acuerdo con Junts per Catalunya y reforma la ley de extranjer\u00eda, despu\u00e9s de que el Partido Socialista (PSOE) y Junts llegasen a un acuerdo para la cesi\u00f3n de competencias en [&hellip;]","og_url":"https:\/\/www.inteligenia.info\/home\/informe-de-situacion-general-de-espana-10-al-24-de-marzo-2025\/","og_site_name":"Inteligenia","article_published_time":"2025-03-24T13:17:59+00:00","article_modified_time":"2025-03-24T13:18:00+00:00","og_image":[{"width":1024,"height":1024,"url":"https:\/\/www.inteligenia.info\/wp-content\/uploads\/2025\/03\/Designer.png","type":"image\/png"}],"author":"admin","twitter_card":"summary_large_image","twitter_creator":"@INTELIGENIA_","twitter_site":"@INTELIGENIA_","twitter_misc":{"Escrito por":"admin","Tiempo de lectura":"22 minutos"},"schema":{"@context":"https:\/\/schema.org","@graph":[{"@type":"Article","@id":"https:\/\/www.inteligenia.info\/home\/informe-de-situacion-general-de-espana-10-al-24-de-marzo-2025\/#article","isPartOf":{"@id":"https:\/\/www.inteligenia.info\/home\/informe-de-situacion-general-de-espana-10-al-24-de-marzo-2025\/"},"author":{"name":"admin","@id":"https:\/\/www.inteligenia.info\/home\/#\/schema\/person\/1bf90ee63c207f611a224f9c17dbf031"},"headline":"INFORME DE SITUACI\u00d3N GENERAL DE ESPA\u00d1A: 10 AL 24 DE MARZO 2025","datePublished":"2025-03-24T13:17:59+00:00","dateModified":"2025-03-24T13:18:00+00:00","mainEntityOfPage":{"@id":"https:\/\/www.inteligenia.info\/home\/informe-de-situacion-general-de-espana-10-al-24-de-marzo-2025\/"},"wordCount":4999,"commentCount":0,"publisher":{"@id":"https:\/\/www.inteligenia.info\/home\/#organization"},"image":{"@id":"https:\/\/www.inteligenia.info\/home\/informe-de-situacion-general-de-espana-10-al-24-de-marzo-2025\/#primaryimage"},"thumbnailUrl":"https:\/\/www.inteligenia.info\/wp-content\/uploads\/2025\/03\/Designer.png","inLanguage":"es","potentialAction":[{"@type":"CommentAction","name":"Comment","target":["https:\/\/www.inteligenia.info\/home\/informe-de-situacion-general-de-espana-10-al-24-de-marzo-2025\/#respond"]}]},{"@type":"WebPage","@id":"https:\/\/www.inteligenia.info\/home\/informe-de-situacion-general-de-espana-10-al-24-de-marzo-2025\/","url":"https:\/\/www.inteligenia.info\/home\/informe-de-situacion-general-de-espana-10-al-24-de-marzo-2025\/","name":"INFORME DE SITUACI\u00d3N GENERAL DE ESPA\u00d1A: 10 AL 24 DE MARZO 2025 - Inteligenia","isPartOf":{"@id":"https:\/\/www.inteligenia.info\/home\/#website"},"primaryImageOfPage":{"@id":"https:\/\/www.inteligenia.info\/home\/informe-de-situacion-general-de-espana-10-al-24-de-marzo-2025\/#primaryimage"},"image":{"@id":"https:\/\/www.inteligenia.info\/home\/informe-de-situacion-general-de-espana-10-al-24-de-marzo-2025\/#primaryimage"},"thumbnailUrl":"https:\/\/www.inteligenia.info\/wp-content\/uploads\/2025\/03\/Designer.png","datePublished":"2025-03-24T13:17:59+00:00","dateModified":"2025-03-24T13:18:00+00:00","breadcrumb":{"@id":"https:\/\/www.inteligenia.info\/home\/informe-de-situacion-general-de-espana-10-al-24-de-marzo-2025\/#breadcrumb"},"inLanguage":"es","potentialAction":[{"@type":"ReadAction","target":["https:\/\/www.inteligenia.info\/home\/informe-de-situacion-general-de-espana-10-al-24-de-marzo-2025\/"]}]},{"@type":"ImageObject","inLanguage":"es","@id":"https:\/\/www.inteligenia.info\/home\/informe-de-situacion-general-de-espana-10-al-24-de-marzo-2025\/#primaryimage","url":"https:\/\/www.inteligenia.info\/wp-content\/uploads\/2025\/03\/Designer.png","contentUrl":"https:\/\/www.inteligenia.info\/wp-content\/uploads\/2025\/03\/Designer.png","width":1024,"height":1024},{"@type":"BreadcrumbList","@id":"https:\/\/www.inteligenia.info\/home\/informe-de-situacion-general-de-espana-10-al-24-de-marzo-2025\/#breadcrumb","itemListElement":[{"@type":"ListItem","position":1,"name":"Portada","item":"https:\/\/www.inteligenia.info\/home\/"},{"@type":"ListItem","position":2,"name":"INFORME DE SITUACI\u00d3N GENERAL DE ESPA\u00d1A: 10 AL 24 DE MARZO 2025"}]},{"@type":"WebSite","@id":"https:\/\/www.inteligenia.info\/home\/#website","url":"https:\/\/www.inteligenia.info\/home\/","name":"Inteligenia","description":"","publisher":{"@id":"https:\/\/www.inteligenia.info\/home\/#organization"},"potentialAction":[{"@type":"SearchAction","target":{"@type":"EntryPoint","urlTemplate":"https:\/\/www.inteligenia.info\/home\/?s={search_term_string}"},"query-input":{"@type":"PropertyValueSpecification","valueRequired":true,"valueName":"search_term_string"}}],"inLanguage":"es"},{"@type":"Organization","@id":"https:\/\/www.inteligenia.info\/home\/#organization","name":"Inteligenia","url":"https:\/\/www.inteligenia.info\/home\/","logo":{"@type":"ImageObject","inLanguage":"es","@id":"https:\/\/www.inteligenia.info\/home\/#\/schema\/logo\/image\/","url":"https:\/\/www.inteligenia.info\/wp-content\/uploads\/2024\/06\/transparent_logo-1-e1718047668142.png","contentUrl":"https:\/\/www.inteligenia.info\/wp-content\/uploads\/2024\/06\/transparent_logo-1-e1718047668142.png","width":674,"height":141,"caption":"Inteligenia"},"image":{"@id":"https:\/\/www.inteligenia.info\/home\/#\/schema\/logo\/image\/"},"sameAs":["https:\/\/x.com\/INTELIGENIA_","https:\/\/www.linkedin.com\/company\/inteligenia\/?viewAsMember=true"]},{"@type":"Person","@id":"https:\/\/www.inteligenia.info\/home\/#\/schema\/person\/1bf90ee63c207f611a224f9c17dbf031","name":"admin","image":{"@type":"ImageObject","inLanguage":"es","@id":"https:\/\/www.inteligenia.info\/home\/#\/schema\/person\/image\/","url":"https:\/\/secure.gravatar.com\/avatar\/ed712be762908ac190eb3beb8cf9efb0dc9c425bd7b69d40ba8746efca2909c6?s=96&d=mm&r=g","contentUrl":"https:\/\/secure.gravatar.com\/avatar\/ed712be762908ac190eb3beb8cf9efb0dc9c425bd7b69d40ba8746efca2909c6?s=96&d=mm&r=g","caption":"admin"},"sameAs":["http:\/\/www.inteligenia.info"],"url":"https:\/\/www.inteligenia.info\/home\/author\/admin\/"}]}},"_links":{"self":[{"href":"https:\/\/www.inteligenia.info\/home\/wp-json\/wp\/v2\/posts\/938","targetHints":{"allow":["GET"]}}],"collection":[{"href":"https:\/\/www.inteligenia.info\/home\/wp-json\/wp\/v2\/posts"}],"about":[{"href":"https:\/\/www.inteligenia.info\/home\/wp-json\/wp\/v2\/types\/post"}],"author":[{"embeddable":true,"href":"https:\/\/www.inteligenia.info\/home\/wp-json\/wp\/v2\/users\/1"}],"replies":[{"embeddable":true,"href":"https:\/\/www.inteligenia.info\/home\/wp-json\/wp\/v2\/comments?post=938"}],"version-history":[{"count":1,"href":"https:\/\/www.inteligenia.info\/home\/wp-json\/wp\/v2\/posts\/938\/revisions"}],"predecessor-version":[{"id":941,"href":"https:\/\/www.inteligenia.info\/home\/wp-json\/wp\/v2\/posts\/938\/revisions\/941"}],"wp:featuredmedia":[{"embeddable":true,"href":"https:\/\/www.inteligenia.info\/home\/wp-json\/wp\/v2\/media\/940"}],"wp:attachment":[{"href":"https:\/\/www.inteligenia.info\/home\/wp-json\/wp\/v2\/media?parent=938"}],"wp:term":[{"taxonomy":"category","embeddable":true,"href":"https:\/\/www.inteligenia.info\/home\/wp-json\/wp\/v2\/categories?post=938"},{"taxonomy":"post_tag","embeddable":true,"href":"https:\/\/www.inteligenia.info\/home\/wp-json\/wp\/v2\/tags?post=938"}],"curies":[{"name":"wp","href":"https:\/\/api.w.org\/{rel}","templated":true}]}}