{"id":966,"date":"2025-04-16T10:48:15","date_gmt":"2025-04-16T10:48:15","guid":{"rendered":"https:\/\/www.inteligenia.info\/?p=966"},"modified":"2025-04-16T10:48:17","modified_gmt":"2025-04-16T10:48:17","slug":"nuevas-vacantes-para-nuestro-programa-de-practicas-profesionales-en-unidades-de-inteligencia","status":"publish","type":"post","link":"https:\/\/www.inteligenia.info\/home\/nuevas-vacantes-para-nuestro-programa-de-practicas-profesionales-en-unidades-de-inteligencia\/","title":{"rendered":"NUEVAS VACANTES PARA NUESTRO PROGRAMA DE PRACTICAS PROFESIONALES EN UNIDADES DE INTELIGENCIA"},"content":{"rendered":"\n<p style=\"font-size:1.2em\"><br>Una de nuestras principales l\u00edneas estrat\u00e9gicas marcada es la creaci\u00f3n de unidades de inteligencia en pr\u00e1cticas para alumnos de grados y m\u00e1sters relacionados con la seguridad, defensa e inteligencia.<br><br>En Febrero, lanzamos la primera unidad de inteligencia en pr\u00e1cticas y ahora abrimos nuevas vacantes para la creaci\u00f3n de nuevas unidades similares a estas.<br><br>\u00bfQu\u00e9 car\u00e1cteristicas tiene este programa?<br><br>1. Creaci\u00f3n de Unidades de Inteligencia Personalizadas: Cada unidad es dise\u00f1ada desde cero, con funciones espec\u00edficas asignadas a los estudiantes.<br><br>2. Enfoque en el Perfil del Estudiante: Las unidades son estructuradas en funci\u00f3n del perfil, intereses, habilidades y conocimientos de cada estudiante, promoviendo y potenciando sus capacidades individuales.<br><br>3. Tutor\u00eda y Seguimiento Individualizado: Cada unidad cuenta con un responsable exclusivo, encargado de supervisar, tutelar y realizar un seguimiento integral de las actividades de los estudiantes, asegurando una experiencia formativa enriquecedora y alineada con sus objetivos acad\u00e9micos y profesionales.<br><br>En este momento, contamos con convenios de colaboraci\u00f3n formativa con las siguientes instituciones para acoger a estudiantes de grado y m\u00e1ster, pero estamos abiertos a cualquier instituci\u00f3n que quiera unirse.<br><br><a href=\"https:\/\/www.linkedin.com\/company\/universidad-de-navarra-cp\/\">Universidad de Navarra<\/a> &#8211; <a href=\"https:\/\/www.linkedin.com\/company\/club-de-seguridad-y-defensa\/\">Club de Seguridad y Defensa<\/a><br><a href=\"https:\/\/www.linkedin.com\/company\/universidad-nebrija\/\">Universidad Nebrija<\/a><br><a href=\"https:\/\/www.linkedin.com\/company\/universidad-rey-juan-carlos\/\">Universidad Rey Juan Carlos<\/a><br><a href=\"https:\/\/www.linkedin.com\/company\/unir-universidad-internet\/\">UNIR-Universidad Internacional de La Rioja<\/a><br><a href=\"https:\/\/www.linkedin.com\/company\/universidad-san-pablo-ceu\/\">Universidad CEU San Pablo<\/a><br><a href=\"https:\/\/www.linkedin.com\/company\/universidad-udima\/\">Universidad UDIMA<\/a><br><br>Si estas interesado\/a en participar en el proceso de selecci\u00f3n para vacantes en pr\u00e1cticas, env\u00eda tu CV acompa\u00f1ado de una breve presentaci\u00f3n a <a href=\"mailto:practicas@inteligenia.info\">practicas@inteligenia.info<\/a> antes del 12 de Mayo de 2025<\/p>\n\n\n\n<p class=\"has-large-font-size\"><strong>Dossier<\/strong><\/p>\n\n\n\n<div data-wp-interactive=\"core\/file\" class=\"wp-block-file aligncenter\"><object data-wp-bind--hidden=\"!state.hasPdfPreview\" hidden class=\"wp-block-file__embed\" data=\"https:\/\/www.inteligenia.info\/wp-content\/uploads\/2025\/04\/DOSSIER-INFORMATIVO-PRACTICAS-INTELIGENIA.pdf\" type=\"application\/pdf\" style=\"width:100%;height:600px\" aria-label=\"Incrustado de DOSSIER INFORMATIVO - PRACTICAS INTELIGENIA.\"><\/object><a id=\"wp-block-file--media-4b873329-7865-4524-bd04-3e8336a7174d\" href=\"https:\/\/www.inteligenia.info\/wp-content\/uploads\/2025\/04\/DOSSIER-INFORMATIVO-PRACTICAS-INTELIGENIA.pdf\">DOSSIER INFORMATIVO &#8211; PRACTICAS INTELIGENIA<\/a><a href=\"https:\/\/www.inteligenia.info\/wp-content\/uploads\/2025\/04\/DOSSIER-INFORMATIVO-PRACTICAS-INTELIGENIA.pdf\" class=\"wp-block-file__button wp-element-button\" download aria-describedby=\"wp-block-file--media-4b873329-7865-4524-bd04-3e8336a7174d\">Descarga<\/a><\/div>\n\n\n\n<p><\/p>\n","protected":false},"excerpt":{"rendered":"<p>Una de nuestras principales l\u00edneas estrat\u00e9gicas marcada es la creaci\u00f3n de unidades de inteligencia en pr\u00e1cticas para alumnos de grados y m\u00e1sters relacionados con la seguridad, defensa e inteligencia. En Febrero, lanzamos la primera unidad de inteligencia en pr\u00e1cticas y ahora abrimos nuevas vacantes para la creaci\u00f3n de nuevas unidades similares a estas. \u00bfQu\u00e9 car\u00e1cteristicas [&hellip;]<\/p>\n","protected":false},"author":1,"featured_media":838,"comment_status":"open","ping_status":"open","sticky":false,"template":"","format":"standard","meta":{"saved_in_kubio":false,"footnotes":""},"categories":[12],"tags":[],"class_list":["post-966","post","type-post","status-publish","format-standard","has-post-thumbnail","hentry","category-noticias"],"yoast_head":"<!-- This site is optimized with the Yoast SEO plugin v27.0 - https:\/\/yoast.com\/product\/yoast-seo-wordpress\/ -->\n<title>NUEVAS VACANTES PARA NUESTRO PROGRAMA DE PRACTICAS PROFESIONALES EN UNIDADES DE INTELIGENCIA - Inteligenia<\/title>\n<meta name=\"robots\" content=\"index, follow, max-snippet:-1, max-image-preview:large, max-video-preview:-1\" \/>\n<link rel=\"canonical\" href=\"https:\/\/www.inteligenia.info\/home\/nuevas-vacantes-para-nuestro-programa-de-practicas-profesionales-en-unidades-de-inteligencia\/\" \/>\n<meta property=\"og:locale\" content=\"es_ES\" \/>\n<meta property=\"og:type\" content=\"article\" \/>\n<meta property=\"og:title\" content=\"NUEVAS VACANTES PARA NUESTRO PROGRAMA DE PRACTICAS PROFESIONALES EN UNIDADES DE INTELIGENCIA - Inteligenia\" \/>\n<meta property=\"og:description\" content=\"Una de nuestras principales l\u00edneas estrat\u00e9gicas marcada es la creaci\u00f3n de unidades de inteligencia en pr\u00e1cticas para alumnos de grados y m\u00e1sters relacionados con la seguridad, defensa e inteligencia. En Febrero, lanzamos la primera unidad de inteligencia en pr\u00e1cticas y ahora abrimos nuevas vacantes para la creaci\u00f3n de nuevas unidades similares a estas. \u00bfQu\u00e9 car\u00e1cteristicas [&hellip;]\" \/>\n<meta property=\"og:url\" content=\"https:\/\/www.inteligenia.info\/home\/nuevas-vacantes-para-nuestro-programa-de-practicas-profesionales-en-unidades-de-inteligencia\/\" \/>\n<meta property=\"og:site_name\" content=\"Inteligenia\" \/>\n<meta property=\"article:published_time\" content=\"2025-04-16T10:48:15+00:00\" \/>\n<meta property=\"article:modified_time\" content=\"2025-04-16T10:48:17+00:00\" \/>\n<meta property=\"og:image\" content=\"https:\/\/www.inteligenia.info\/wp-content\/uploads\/2025\/01\/Captura-de-pantalla-2025-01-19-105629.png\" \/>\n\t<meta property=\"og:image:width\" content=\"1114\" \/>\n\t<meta property=\"og:image:height\" content=\"627\" \/>\n\t<meta property=\"og:image:type\" content=\"image\/png\" \/>\n<meta name=\"author\" content=\"admin\" \/>\n<meta name=\"twitter:card\" content=\"summary_large_image\" \/>\n<meta name=\"twitter:creator\" content=\"@INTELIGENIA_\" \/>\n<meta name=\"twitter:site\" content=\"@INTELIGENIA_\" \/>\n<meta name=\"twitter:label1\" content=\"Escrito por\" \/>\n\t<meta name=\"twitter:data1\" content=\"admin\" \/>\n\t<meta name=\"twitter:label2\" content=\"Tiempo de lectura\" \/>\n\t<meta name=\"twitter:data2\" content=\"2 minutos\" \/>\n<script type=\"application\/ld+json\" class=\"yoast-schema-graph\">{\"@context\":\"https:\/\/schema.org\",\"@graph\":[{\"@type\":\"Article\",\"@id\":\"https:\/\/www.inteligenia.info\/home\/nuevas-vacantes-para-nuestro-programa-de-practicas-profesionales-en-unidades-de-inteligencia\/#article\",\"isPartOf\":{\"@id\":\"https:\/\/www.inteligenia.info\/home\/nuevas-vacantes-para-nuestro-programa-de-practicas-profesionales-en-unidades-de-inteligencia\/\"},\"author\":{\"name\":\"admin\",\"@id\":\"https:\/\/www.inteligenia.info\/home\/#\/schema\/person\/1bf90ee63c207f611a224f9c17dbf031\"},\"headline\":\"NUEVAS VACANTES PARA NUESTRO PROGRAMA DE PRACTICAS PROFESIONALES EN UNIDADES DE INTELIGENCIA\",\"datePublished\":\"2025-04-16T10:48:15+00:00\",\"dateModified\":\"2025-04-16T10:48:17+00:00\",\"mainEntityOfPage\":{\"@id\":\"https:\/\/www.inteligenia.info\/home\/nuevas-vacantes-para-nuestro-programa-de-practicas-profesionales-en-unidades-de-inteligencia\/\"},\"wordCount\":272,\"commentCount\":0,\"publisher\":{\"@id\":\"https:\/\/www.inteligenia.info\/home\/#organization\"},\"image\":{\"@id\":\"https:\/\/www.inteligenia.info\/home\/nuevas-vacantes-para-nuestro-programa-de-practicas-profesionales-en-unidades-de-inteligencia\/#primaryimage\"},\"thumbnailUrl\":\"https:\/\/www.inteligenia.info\/wp-content\/uploads\/2025\/01\/Captura-de-pantalla-2025-01-19-105629.png\",\"articleSection\":[\"Noticias\"],\"inLanguage\":\"es\",\"potentialAction\":[{\"@type\":\"CommentAction\",\"name\":\"Comment\",\"target\":[\"https:\/\/www.inteligenia.info\/home\/nuevas-vacantes-para-nuestro-programa-de-practicas-profesionales-en-unidades-de-inteligencia\/#respond\"]}]},{\"@type\":\"WebPage\",\"@id\":\"https:\/\/www.inteligenia.info\/home\/nuevas-vacantes-para-nuestro-programa-de-practicas-profesionales-en-unidades-de-inteligencia\/\",\"url\":\"https:\/\/www.inteligenia.info\/home\/nuevas-vacantes-para-nuestro-programa-de-practicas-profesionales-en-unidades-de-inteligencia\/\",\"name\":\"NUEVAS VACANTES PARA NUESTRO PROGRAMA DE PRACTICAS PROFESIONALES EN UNIDADES DE INTELIGENCIA - Inteligenia\",\"isPartOf\":{\"@id\":\"https:\/\/www.inteligenia.info\/home\/#website\"},\"primaryImageOfPage\":{\"@id\":\"https:\/\/www.inteligenia.info\/home\/nuevas-vacantes-para-nuestro-programa-de-practicas-profesionales-en-unidades-de-inteligencia\/#primaryimage\"},\"image\":{\"@id\":\"https:\/\/www.inteligenia.info\/home\/nuevas-vacantes-para-nuestro-programa-de-practicas-profesionales-en-unidades-de-inteligencia\/#primaryimage\"},\"thumbnailUrl\":\"https:\/\/www.inteligenia.info\/wp-content\/uploads\/2025\/01\/Captura-de-pantalla-2025-01-19-105629.png\",\"datePublished\":\"2025-04-16T10:48:15+00:00\",\"dateModified\":\"2025-04-16T10:48:17+00:00\",\"breadcrumb\":{\"@id\":\"https:\/\/www.inteligenia.info\/home\/nuevas-vacantes-para-nuestro-programa-de-practicas-profesionales-en-unidades-de-inteligencia\/#breadcrumb\"},\"inLanguage\":\"es\",\"potentialAction\":[{\"@type\":\"ReadAction\",\"target\":[\"https:\/\/www.inteligenia.info\/home\/nuevas-vacantes-para-nuestro-programa-de-practicas-profesionales-en-unidades-de-inteligencia\/\"]}]},{\"@type\":\"ImageObject\",\"inLanguage\":\"es\",\"@id\":\"https:\/\/www.inteligenia.info\/home\/nuevas-vacantes-para-nuestro-programa-de-practicas-profesionales-en-unidades-de-inteligencia\/#primaryimage\",\"url\":\"https:\/\/www.inteligenia.info\/wp-content\/uploads\/2025\/01\/Captura-de-pantalla-2025-01-19-105629.png\",\"contentUrl\":\"https:\/\/www.inteligenia.info\/wp-content\/uploads\/2025\/01\/Captura-de-pantalla-2025-01-19-105629.png\",\"width\":1114,\"height\":627},{\"@type\":\"BreadcrumbList\",\"@id\":\"https:\/\/www.inteligenia.info\/home\/nuevas-vacantes-para-nuestro-programa-de-practicas-profesionales-en-unidades-de-inteligencia\/#breadcrumb\",\"itemListElement\":[{\"@type\":\"ListItem\",\"position\":1,\"name\":\"Portada\",\"item\":\"https:\/\/www.inteligenia.info\/home\/\"},{\"@type\":\"ListItem\",\"position\":2,\"name\":\"NUEVAS VACANTES PARA NUESTRO PROGRAMA DE PRACTICAS PROFESIONALES EN UNIDADES DE INTELIGENCIA\"}]},{\"@type\":\"WebSite\",\"@id\":\"https:\/\/www.inteligenia.info\/home\/#website\",\"url\":\"https:\/\/www.inteligenia.info\/home\/\",\"name\":\"Inteligenia\",\"description\":\"\",\"publisher\":{\"@id\":\"https:\/\/www.inteligenia.info\/home\/#organization\"},\"potentialAction\":[{\"@type\":\"SearchAction\",\"target\":{\"@type\":\"EntryPoint\",\"urlTemplate\":\"https:\/\/www.inteligenia.info\/home\/?s={search_term_string}\"},\"query-input\":{\"@type\":\"PropertyValueSpecification\",\"valueRequired\":true,\"valueName\":\"search_term_string\"}}],\"inLanguage\":\"es\"},{\"@type\":\"Organization\",\"@id\":\"https:\/\/www.inteligenia.info\/home\/#organization\",\"name\":\"Inteligenia\",\"url\":\"https:\/\/www.inteligenia.info\/home\/\",\"logo\":{\"@type\":\"ImageObject\",\"inLanguage\":\"es\",\"@id\":\"https:\/\/www.inteligenia.info\/home\/#\/schema\/logo\/image\/\",\"url\":\"https:\/\/www.inteligenia.info\/wp-content\/uploads\/2024\/06\/transparent_logo-1-e1718047668142.png\",\"contentUrl\":\"https:\/\/www.inteligenia.info\/wp-content\/uploads\/2024\/06\/transparent_logo-1-e1718047668142.png\",\"width\":674,\"height\":141,\"caption\":\"Inteligenia\"},\"image\":{\"@id\":\"https:\/\/www.inteligenia.info\/home\/#\/schema\/logo\/image\/\"},\"sameAs\":[\"https:\/\/x.com\/INTELIGENIA_\",\"https:\/\/www.linkedin.com\/company\/inteligenia\/?viewAsMember=true\"]},{\"@type\":\"Person\",\"@id\":\"https:\/\/www.inteligenia.info\/home\/#\/schema\/person\/1bf90ee63c207f611a224f9c17dbf031\",\"name\":\"admin\",\"image\":{\"@type\":\"ImageObject\",\"inLanguage\":\"es\",\"@id\":\"https:\/\/www.inteligenia.info\/home\/#\/schema\/person\/image\/\",\"url\":\"https:\/\/secure.gravatar.com\/avatar\/ed712be762908ac190eb3beb8cf9efb0dc9c425bd7b69d40ba8746efca2909c6?s=96&d=mm&r=g\",\"contentUrl\":\"https:\/\/secure.gravatar.com\/avatar\/ed712be762908ac190eb3beb8cf9efb0dc9c425bd7b69d40ba8746efca2909c6?s=96&d=mm&r=g\",\"caption\":\"admin\"},\"sameAs\":[\"http:\/\/www.inteligenia.info\"],\"url\":\"https:\/\/www.inteligenia.info\/home\/author\/admin\/\"}]}<\/script>\n<!-- \/ Yoast SEO plugin. -->","yoast_head_json":{"title":"NUEVAS VACANTES PARA NUESTRO PROGRAMA DE PRACTICAS PROFESIONALES EN UNIDADES DE INTELIGENCIA - Inteligenia","robots":{"index":"index","follow":"follow","max-snippet":"max-snippet:-1","max-image-preview":"max-image-preview:large","max-video-preview":"max-video-preview:-1"},"canonical":"https:\/\/www.inteligenia.info\/home\/nuevas-vacantes-para-nuestro-programa-de-practicas-profesionales-en-unidades-de-inteligencia\/","og_locale":"es_ES","og_type":"article","og_title":"NUEVAS VACANTES PARA NUESTRO PROGRAMA DE PRACTICAS PROFESIONALES EN UNIDADES DE INTELIGENCIA - Inteligenia","og_description":"Una de nuestras principales l\u00edneas estrat\u00e9gicas marcada es la creaci\u00f3n de unidades de inteligencia en pr\u00e1cticas para alumnos de grados y m\u00e1sters relacionados con la seguridad, defensa e inteligencia. En Febrero, lanzamos la primera unidad de inteligencia en pr\u00e1cticas y ahora abrimos nuevas vacantes para la creaci\u00f3n de nuevas unidades similares a estas. \u00bfQu\u00e9 car\u00e1cteristicas [&hellip;]","og_url":"https:\/\/www.inteligenia.info\/home\/nuevas-vacantes-para-nuestro-programa-de-practicas-profesionales-en-unidades-de-inteligencia\/","og_site_name":"Inteligenia","article_published_time":"2025-04-16T10:48:15+00:00","article_modified_time":"2025-04-16T10:48:17+00:00","og_image":[{"width":1114,"height":627,"url":"https:\/\/www.inteligenia.info\/wp-content\/uploads\/2025\/01\/Captura-de-pantalla-2025-01-19-105629.png","type":"image\/png"}],"author":"admin","twitter_card":"summary_large_image","twitter_creator":"@INTELIGENIA_","twitter_site":"@INTELIGENIA_","twitter_misc":{"Escrito por":"admin","Tiempo de lectura":"2 minutos"},"schema":{"@context":"https:\/\/schema.org","@graph":[{"@type":"Article","@id":"https:\/\/www.inteligenia.info\/home\/nuevas-vacantes-para-nuestro-programa-de-practicas-profesionales-en-unidades-de-inteligencia\/#article","isPartOf":{"@id":"https:\/\/www.inteligenia.info\/home\/nuevas-vacantes-para-nuestro-programa-de-practicas-profesionales-en-unidades-de-inteligencia\/"},"author":{"name":"admin","@id":"https:\/\/www.inteligenia.info\/home\/#\/schema\/person\/1bf90ee63c207f611a224f9c17dbf031"},"headline":"NUEVAS VACANTES PARA NUESTRO PROGRAMA DE PRACTICAS PROFESIONALES EN UNIDADES DE INTELIGENCIA","datePublished":"2025-04-16T10:48:15+00:00","dateModified":"2025-04-16T10:48:17+00:00","mainEntityOfPage":{"@id":"https:\/\/www.inteligenia.info\/home\/nuevas-vacantes-para-nuestro-programa-de-practicas-profesionales-en-unidades-de-inteligencia\/"},"wordCount":272,"commentCount":0,"publisher":{"@id":"https:\/\/www.inteligenia.info\/home\/#organization"},"image":{"@id":"https:\/\/www.inteligenia.info\/home\/nuevas-vacantes-para-nuestro-programa-de-practicas-profesionales-en-unidades-de-inteligencia\/#primaryimage"},"thumbnailUrl":"https:\/\/www.inteligenia.info\/wp-content\/uploads\/2025\/01\/Captura-de-pantalla-2025-01-19-105629.png","articleSection":["Noticias"],"inLanguage":"es","potentialAction":[{"@type":"CommentAction","name":"Comment","target":["https:\/\/www.inteligenia.info\/home\/nuevas-vacantes-para-nuestro-programa-de-practicas-profesionales-en-unidades-de-inteligencia\/#respond"]}]},{"@type":"WebPage","@id":"https:\/\/www.inteligenia.info\/home\/nuevas-vacantes-para-nuestro-programa-de-practicas-profesionales-en-unidades-de-inteligencia\/","url":"https:\/\/www.inteligenia.info\/home\/nuevas-vacantes-para-nuestro-programa-de-practicas-profesionales-en-unidades-de-inteligencia\/","name":"NUEVAS VACANTES PARA NUESTRO PROGRAMA DE PRACTICAS PROFESIONALES EN UNIDADES DE INTELIGENCIA - Inteligenia","isPartOf":{"@id":"https:\/\/www.inteligenia.info\/home\/#website"},"primaryImageOfPage":{"@id":"https:\/\/www.inteligenia.info\/home\/nuevas-vacantes-para-nuestro-programa-de-practicas-profesionales-en-unidades-de-inteligencia\/#primaryimage"},"image":{"@id":"https:\/\/www.inteligenia.info\/home\/nuevas-vacantes-para-nuestro-programa-de-practicas-profesionales-en-unidades-de-inteligencia\/#primaryimage"},"thumbnailUrl":"https:\/\/www.inteligenia.info\/wp-content\/uploads\/2025\/01\/Captura-de-pantalla-2025-01-19-105629.png","datePublished":"2025-04-16T10:48:15+00:00","dateModified":"2025-04-16T10:48:17+00:00","breadcrumb":{"@id":"https:\/\/www.inteligenia.info\/home\/nuevas-vacantes-para-nuestro-programa-de-practicas-profesionales-en-unidades-de-inteligencia\/#breadcrumb"},"inLanguage":"es","potentialAction":[{"@type":"ReadAction","target":["https:\/\/www.inteligenia.info\/home\/nuevas-vacantes-para-nuestro-programa-de-practicas-profesionales-en-unidades-de-inteligencia\/"]}]},{"@type":"ImageObject","inLanguage":"es","@id":"https:\/\/www.inteligenia.info\/home\/nuevas-vacantes-para-nuestro-programa-de-practicas-profesionales-en-unidades-de-inteligencia\/#primaryimage","url":"https:\/\/www.inteligenia.info\/wp-content\/uploads\/2025\/01\/Captura-de-pantalla-2025-01-19-105629.png","contentUrl":"https:\/\/www.inteligenia.info\/wp-content\/uploads\/2025\/01\/Captura-de-pantalla-2025-01-19-105629.png","width":1114,"height":627},{"@type":"BreadcrumbList","@id":"https:\/\/www.inteligenia.info\/home\/nuevas-vacantes-para-nuestro-programa-de-practicas-profesionales-en-unidades-de-inteligencia\/#breadcrumb","itemListElement":[{"@type":"ListItem","position":1,"name":"Portada","item":"https:\/\/www.inteligenia.info\/home\/"},{"@type":"ListItem","position":2,"name":"NUEVAS VACANTES PARA NUESTRO PROGRAMA DE PRACTICAS PROFESIONALES EN UNIDADES DE INTELIGENCIA"}]},{"@type":"WebSite","@id":"https:\/\/www.inteligenia.info\/home\/#website","url":"https:\/\/www.inteligenia.info\/home\/","name":"Inteligenia","description":"","publisher":{"@id":"https:\/\/www.inteligenia.info\/home\/#organization"},"potentialAction":[{"@type":"SearchAction","target":{"@type":"EntryPoint","urlTemplate":"https:\/\/www.inteligenia.info\/home\/?s={search_term_string}"},"query-input":{"@type":"PropertyValueSpecification","valueRequired":true,"valueName":"search_term_string"}}],"inLanguage":"es"},{"@type":"Organization","@id":"https:\/\/www.inteligenia.info\/home\/#organization","name":"Inteligenia","url":"https:\/\/www.inteligenia.info\/home\/","logo":{"@type":"ImageObject","inLanguage":"es","@id":"https:\/\/www.inteligenia.info\/home\/#\/schema\/logo\/image\/","url":"https:\/\/www.inteligenia.info\/wp-content\/uploads\/2024\/06\/transparent_logo-1-e1718047668142.png","contentUrl":"https:\/\/www.inteligenia.info\/wp-content\/uploads\/2024\/06\/transparent_logo-1-e1718047668142.png","width":674,"height":141,"caption":"Inteligenia"},"image":{"@id":"https:\/\/www.inteligenia.info\/home\/#\/schema\/logo\/image\/"},"sameAs":["https:\/\/x.com\/INTELIGENIA_","https:\/\/www.linkedin.com\/company\/inteligenia\/?viewAsMember=true"]},{"@type":"Person","@id":"https:\/\/www.inteligenia.info\/home\/#\/schema\/person\/1bf90ee63c207f611a224f9c17dbf031","name":"admin","image":{"@type":"ImageObject","inLanguage":"es","@id":"https:\/\/www.inteligenia.info\/home\/#\/schema\/person\/image\/","url":"https:\/\/secure.gravatar.com\/avatar\/ed712be762908ac190eb3beb8cf9efb0dc9c425bd7b69d40ba8746efca2909c6?s=96&d=mm&r=g","contentUrl":"https:\/\/secure.gravatar.com\/avatar\/ed712be762908ac190eb3beb8cf9efb0dc9c425bd7b69d40ba8746efca2909c6?s=96&d=mm&r=g","caption":"admin"},"sameAs":["http:\/\/www.inteligenia.info"],"url":"https:\/\/www.inteligenia.info\/home\/author\/admin\/"}]}},"_links":{"self":[{"href":"https:\/\/www.inteligenia.info\/home\/wp-json\/wp\/v2\/posts\/966","targetHints":{"allow":["GET"]}}],"collection":[{"href":"https:\/\/www.inteligenia.info\/home\/wp-json\/wp\/v2\/posts"}],"about":[{"href":"https:\/\/www.inteligenia.info\/home\/wp-json\/wp\/v2\/types\/post"}],"author":[{"embeddable":true,"href":"https:\/\/www.inteligenia.info\/home\/wp-json\/wp\/v2\/users\/1"}],"replies":[{"embeddable":true,"href":"https:\/\/www.inteligenia.info\/home\/wp-json\/wp\/v2\/comments?post=966"}],"version-history":[{"count":1,"href":"https:\/\/www.inteligenia.info\/home\/wp-json\/wp\/v2\/posts\/966\/revisions"}],"predecessor-version":[{"id":968,"href":"https:\/\/www.inteligenia.info\/home\/wp-json\/wp\/v2\/posts\/966\/revisions\/968"}],"wp:featuredmedia":[{"embeddable":true,"href":"https:\/\/www.inteligenia.info\/home\/wp-json\/wp\/v2\/media\/838"}],"wp:attachment":[{"href":"https:\/\/www.inteligenia.info\/home\/wp-json\/wp\/v2\/media?parent=966"}],"wp:term":[{"taxonomy":"category","embeddable":true,"href":"https:\/\/www.inteligenia.info\/home\/wp-json\/wp\/v2\/categories?post=966"},{"taxonomy":"post_tag","embeddable":true,"href":"https:\/\/www.inteligenia.info\/home\/wp-json\/wp\/v2\/tags?post=966"}],"curies":[{"name":"wp","href":"https:\/\/api.w.org\/{rel}","templated":true}]}}