{"id":982,"date":"2025-04-25T08:03:38","date_gmt":"2025-04-25T08:03:38","guid":{"rendered":"https:\/\/www.inteligenia.info\/?p=982"},"modified":"2025-04-25T08:03:39","modified_gmt":"2025-04-25T08:03:39","slug":"nuevas-vacantes-de-practicas-en-nuestro-departamento-tecnico-id","status":"publish","type":"post","link":"https:\/\/www.inteligenia.info\/home\/nuevas-vacantes-de-practicas-en-nuestro-departamento-tecnico-id\/","title":{"rendered":"Nuevas vacantes de pr\u00e1cticas en nuestro Departamento T\u00e9cnico \u2013 I+D"},"content":{"rendered":"\n<p>\u00bfEst\u00e1s cursando un grado o m\u00e1ster y te interesa desarrollar tus capacidades en desarrollo tecnol\u00f3gico? <\/p>\n\n\n\n<p>Abrimos vacantes de pr\u00e1cticas para perfiles con ganas de aprender, innovar y crecer profesionalmente en un entorno real de desarrollo.<\/p>\n\n\n\n<p><strong>PERFILES DISPONIBLES<\/strong><\/p>\n\n\n\n<p><strong>Perfil 1: Desarrollador\/a Frontend &amp; Mobile (H\u00edbrido)<\/strong><\/p>\n\n\n\n<p><strong>Resumen del perfil:<\/strong><br>Conocimientos de desarrollo frontend y aplicaciones m\u00f3viles h\u00edbridas (iOS\/Android), con s\u00f3lidos conocimientos en HTML, CSS, JavaScript y frameworks como Ionic, React Native o Capacitor. Con enfoque en interfaces modernas, responsive y usabilidad. Capacidad para integrar con APIs REST y colaborar con backend.<\/p>\n\n\n\n<p><strong>Conocimientos y tecnolog\u00edas:<\/strong><\/p>\n\n\n\n<ul class=\"wp-block-list\">\n<li>HTML5, CSS3, JavaScript (ES6+)<br><\/li>\n\n\n\n<li>Conocimientos en alguno de estos frameworks h\u00edbridos: Ionic, Cordova, Capacitor, React Native<br><\/li>\n\n\n\n<li>Frameworks\/librer\u00edas: React.js, Vue.js (deseable)<br><\/li>\n\n\n\n<li>Buen manejo de consumo de APIs REST<br><\/li>\n\n\n\n<li>ConTrol de versiones: Git<br><\/li>\n\n\n\n<li>Conocimientos en seguridad y cifrado en aplicaciones m\u00f3viles<br><\/li>\n\n\n\n<li>Testing b\u00e1sico en frontend<br><\/li>\n\n\n\n<li>Posibles conocimientos en Figma, Zeplin o herramientas similares para dise\u00f1o<\/li>\n<\/ul>\n\n\n\n<p><\/p>\n\n\n\n<p><\/p>\n\n\n\n<p><strong>Perfil 2: Desarrollador\/a Backend PHP + Seguridad<\/strong><\/p>\n\n\n\n<p><br><strong>Resumen del perfil:<\/strong><br>Desarrollador backend con conocimientos en PHP moderno (preferible PHP 8+), dise\u00f1o de APIs RESTful, y administraci\u00f3n de bases de datos relacionales y no relacionales. Con conocimientos en cifrado punto a punto, arquitectura segura de sistemas y manejo de herramientas de IA integradas en backend.<\/p>\n\n\n\n<p><strong>Conocimientos y tecnolog\u00edas:<\/strong><\/p>\n\n\n\n<ul class=\"wp-block-list\">\n<li>Bases de datos: MySQL, PostgreSQL, ElasticSearch<\/li>\n\n\n\n<li>PHP moderno (Laravel, Symfony o sin framework)<\/li>\n\n\n\n<li>Creaci\u00f3n y documentaci\u00f3n de APIs REST<\/li>\n\n\n\n<li>Gesti\u00f3n de autenticaci\u00f3n y autorizaci\u00f3n segura (OAuth2, JWT, etc.)<\/li>\n\n\n\n<li>Cifrado punto a punto (OpenSSL, Sodium, libsodium)<\/li>\n\n\n\n<li>Docker (deseable), sistemas Linux<\/li>\n\n\n\n<li>Integraci\u00f3n de IA (chatbots, asistentes, an\u00e1lisis predictivo, etc.)<\/li>\n<\/ul>\n\n\n\n<p><\/p>\n\n\n\n<p><\/p>\n\n\n\n<p><strong>Perfil 3:<\/strong> Desarrollador\/a Fullstack H\u00edbrido<\/p>\n\n\n\n<p><br><strong>Resumen del perfil:<\/strong><br>Perfil polivalente capaz de abordar tanto el desarrollo del frontend (HTML, CSS, JavaScript, mobile h\u00edbrido) como del backend (PHP, bases de datos, cifrado). Ideal para equipos peque\u00f1os o proyectos donde se necesite una visi\u00f3n integral del sistema.<\/p>\n","protected":false},"excerpt":{"rendered":"<p>\u00bfEst\u00e1s cursando un grado o m\u00e1ster y te interesa desarrollar tus capacidades en desarrollo tecnol\u00f3gico? Abrimos vacantes de pr\u00e1cticas para perfiles con ganas de aprender, innovar y crecer profesionalmente en un entorno real de desarrollo. PERFILES DISPONIBLES Perfil 1: Desarrollador\/a Frontend &amp; Mobile (H\u00edbrido) Resumen del perfil:Conocimientos de desarrollo frontend y aplicaciones m\u00f3viles h\u00edbridas (iOS\/Android), [&hellip;]<\/p>\n","protected":false},"author":1,"featured_media":983,"comment_status":"open","ping_status":"open","sticky":false,"template":"","format":"standard","meta":{"saved_in_kubio":false,"footnotes":""},"categories":[12],"tags":[],"class_list":["post-982","post","type-post","status-publish","format-standard","has-post-thumbnail","hentry","category-noticias"],"yoast_head":"<!-- This site is optimized with the Yoast SEO plugin v27.0 - https:\/\/yoast.com\/product\/yoast-seo-wordpress\/ -->\n<title>Nuevas vacantes de pr\u00e1cticas en nuestro Departamento T\u00e9cnico \u2013 I+D - Inteligenia<\/title>\n<meta name=\"robots\" content=\"index, follow, max-snippet:-1, max-image-preview:large, max-video-preview:-1\" \/>\n<link rel=\"canonical\" href=\"https:\/\/www.inteligenia.info\/home\/nuevas-vacantes-de-practicas-en-nuestro-departamento-tecnico-id\/\" \/>\n<meta property=\"og:locale\" content=\"es_ES\" \/>\n<meta property=\"og:type\" content=\"article\" \/>\n<meta property=\"og:title\" content=\"Nuevas vacantes de pr\u00e1cticas en nuestro Departamento T\u00e9cnico \u2013 I+D - Inteligenia\" \/>\n<meta property=\"og:description\" content=\"\u00bfEst\u00e1s cursando un grado o m\u00e1ster y te interesa desarrollar tus capacidades en desarrollo tecnol\u00f3gico? Abrimos vacantes de pr\u00e1cticas para perfiles con ganas de aprender, innovar y crecer profesionalmente en un entorno real de desarrollo. PERFILES DISPONIBLES Perfil 1: Desarrollador\/a Frontend &amp; Mobile (H\u00edbrido) Resumen del perfil:Conocimientos de desarrollo frontend y aplicaciones m\u00f3viles h\u00edbridas (iOS\/Android), [&hellip;]\" \/>\n<meta property=\"og:url\" content=\"https:\/\/www.inteligenia.info\/home\/nuevas-vacantes-de-practicas-en-nuestro-departamento-tecnico-id\/\" \/>\n<meta property=\"og:site_name\" content=\"Inteligenia\" \/>\n<meta property=\"article:published_time\" content=\"2025-04-25T08:03:38+00:00\" \/>\n<meta property=\"article:modified_time\" content=\"2025-04-25T08:03:39+00:00\" \/>\n<meta property=\"og:image\" content=\"https:\/\/www.inteligenia.info\/wp-content\/uploads\/2025\/04\/representation-user-experience-interface-design-scaled.jpg\" \/>\n\t<meta property=\"og:image:width\" content=\"2560\" \/>\n\t<meta property=\"og:image:height\" content=\"1707\" \/>\n\t<meta property=\"og:image:type\" content=\"image\/jpeg\" \/>\n<meta name=\"author\" content=\"admin\" \/>\n<meta name=\"twitter:card\" content=\"summary_large_image\" \/>\n<meta name=\"twitter:creator\" content=\"@INTELIGENIA_\" \/>\n<meta name=\"twitter:site\" content=\"@INTELIGENIA_\" \/>\n<meta name=\"twitter:label1\" content=\"Escrito por\" \/>\n\t<meta name=\"twitter:data1\" content=\"admin\" \/>\n\t<meta name=\"twitter:label2\" content=\"Tiempo de lectura\" \/>\n\t<meta name=\"twitter:data2\" content=\"2 minutos\" \/>\n<script type=\"application\/ld+json\" class=\"yoast-schema-graph\">{\"@context\":\"https:\/\/schema.org\",\"@graph\":[{\"@type\":\"Article\",\"@id\":\"https:\/\/www.inteligenia.info\/home\/nuevas-vacantes-de-practicas-en-nuestro-departamento-tecnico-id\/#article\",\"isPartOf\":{\"@id\":\"https:\/\/www.inteligenia.info\/home\/nuevas-vacantes-de-practicas-en-nuestro-departamento-tecnico-id\/\"},\"author\":{\"name\":\"admin\",\"@id\":\"https:\/\/www.inteligenia.info\/home\/#\/schema\/person\/1bf90ee63c207f611a224f9c17dbf031\"},\"headline\":\"Nuevas vacantes de pr\u00e1cticas en nuestro Departamento T\u00e9cnico \u2013 I+D\",\"datePublished\":\"2025-04-25T08:03:38+00:00\",\"dateModified\":\"2025-04-25T08:03:39+00:00\",\"mainEntityOfPage\":{\"@id\":\"https:\/\/www.inteligenia.info\/home\/nuevas-vacantes-de-practicas-en-nuestro-departamento-tecnico-id\/\"},\"wordCount\":336,\"commentCount\":0,\"publisher\":{\"@id\":\"https:\/\/www.inteligenia.info\/home\/#organization\"},\"image\":{\"@id\":\"https:\/\/www.inteligenia.info\/home\/nuevas-vacantes-de-practicas-en-nuestro-departamento-tecnico-id\/#primaryimage\"},\"thumbnailUrl\":\"https:\/\/www.inteligenia.info\/wp-content\/uploads\/2025\/04\/representation-user-experience-interface-design-scaled.jpg\",\"articleSection\":[\"Noticias\"],\"inLanguage\":\"es\",\"potentialAction\":[{\"@type\":\"CommentAction\",\"name\":\"Comment\",\"target\":[\"https:\/\/www.inteligenia.info\/home\/nuevas-vacantes-de-practicas-en-nuestro-departamento-tecnico-id\/#respond\"]}]},{\"@type\":\"WebPage\",\"@id\":\"https:\/\/www.inteligenia.info\/home\/nuevas-vacantes-de-practicas-en-nuestro-departamento-tecnico-id\/\",\"url\":\"https:\/\/www.inteligenia.info\/home\/nuevas-vacantes-de-practicas-en-nuestro-departamento-tecnico-id\/\",\"name\":\"Nuevas vacantes de pr\u00e1cticas en nuestro Departamento T\u00e9cnico \u2013 I+D - Inteligenia\",\"isPartOf\":{\"@id\":\"https:\/\/www.inteligenia.info\/home\/#website\"},\"primaryImageOfPage\":{\"@id\":\"https:\/\/www.inteligenia.info\/home\/nuevas-vacantes-de-practicas-en-nuestro-departamento-tecnico-id\/#primaryimage\"},\"image\":{\"@id\":\"https:\/\/www.inteligenia.info\/home\/nuevas-vacantes-de-practicas-en-nuestro-departamento-tecnico-id\/#primaryimage\"},\"thumbnailUrl\":\"https:\/\/www.inteligenia.info\/wp-content\/uploads\/2025\/04\/representation-user-experience-interface-design-scaled.jpg\",\"datePublished\":\"2025-04-25T08:03:38+00:00\",\"dateModified\":\"2025-04-25T08:03:39+00:00\",\"breadcrumb\":{\"@id\":\"https:\/\/www.inteligenia.info\/home\/nuevas-vacantes-de-practicas-en-nuestro-departamento-tecnico-id\/#breadcrumb\"},\"inLanguage\":\"es\",\"potentialAction\":[{\"@type\":\"ReadAction\",\"target\":[\"https:\/\/www.inteligenia.info\/home\/nuevas-vacantes-de-practicas-en-nuestro-departamento-tecnico-id\/\"]}]},{\"@type\":\"ImageObject\",\"inLanguage\":\"es\",\"@id\":\"https:\/\/www.inteligenia.info\/home\/nuevas-vacantes-de-practicas-en-nuestro-departamento-tecnico-id\/#primaryimage\",\"url\":\"https:\/\/www.inteligenia.info\/wp-content\/uploads\/2025\/04\/representation-user-experience-interface-design-scaled.jpg\",\"contentUrl\":\"https:\/\/www.inteligenia.info\/wp-content\/uploads\/2025\/04\/representation-user-experience-interface-design-scaled.jpg\",\"width\":2560,\"height\":1707},{\"@type\":\"BreadcrumbList\",\"@id\":\"https:\/\/www.inteligenia.info\/home\/nuevas-vacantes-de-practicas-en-nuestro-departamento-tecnico-id\/#breadcrumb\",\"itemListElement\":[{\"@type\":\"ListItem\",\"position\":1,\"name\":\"Portada\",\"item\":\"https:\/\/www.inteligenia.info\/home\/\"},{\"@type\":\"ListItem\",\"position\":2,\"name\":\"Nuevas vacantes de pr\u00e1cticas en nuestro Departamento T\u00e9cnico \u2013 I+D\"}]},{\"@type\":\"WebSite\",\"@id\":\"https:\/\/www.inteligenia.info\/home\/#website\",\"url\":\"https:\/\/www.inteligenia.info\/home\/\",\"name\":\"Inteligenia\",\"description\":\"\",\"publisher\":{\"@id\":\"https:\/\/www.inteligenia.info\/home\/#organization\"},\"potentialAction\":[{\"@type\":\"SearchAction\",\"target\":{\"@type\":\"EntryPoint\",\"urlTemplate\":\"https:\/\/www.inteligenia.info\/home\/?s={search_term_string}\"},\"query-input\":{\"@type\":\"PropertyValueSpecification\",\"valueRequired\":true,\"valueName\":\"search_term_string\"}}],\"inLanguage\":\"es\"},{\"@type\":\"Organization\",\"@id\":\"https:\/\/www.inteligenia.info\/home\/#organization\",\"name\":\"Inteligenia\",\"url\":\"https:\/\/www.inteligenia.info\/home\/\",\"logo\":{\"@type\":\"ImageObject\",\"inLanguage\":\"es\",\"@id\":\"https:\/\/www.inteligenia.info\/home\/#\/schema\/logo\/image\/\",\"url\":\"https:\/\/www.inteligenia.info\/wp-content\/uploads\/2024\/06\/transparent_logo-1-e1718047668142.png\",\"contentUrl\":\"https:\/\/www.inteligenia.info\/wp-content\/uploads\/2024\/06\/transparent_logo-1-e1718047668142.png\",\"width\":674,\"height\":141,\"caption\":\"Inteligenia\"},\"image\":{\"@id\":\"https:\/\/www.inteligenia.info\/home\/#\/schema\/logo\/image\/\"},\"sameAs\":[\"https:\/\/x.com\/INTELIGENIA_\",\"https:\/\/www.linkedin.com\/company\/inteligenia\/?viewAsMember=true\"]},{\"@type\":\"Person\",\"@id\":\"https:\/\/www.inteligenia.info\/home\/#\/schema\/person\/1bf90ee63c207f611a224f9c17dbf031\",\"name\":\"admin\",\"image\":{\"@type\":\"ImageObject\",\"inLanguage\":\"es\",\"@id\":\"https:\/\/www.inteligenia.info\/home\/#\/schema\/person\/image\/\",\"url\":\"https:\/\/secure.gravatar.com\/avatar\/ed712be762908ac190eb3beb8cf9efb0dc9c425bd7b69d40ba8746efca2909c6?s=96&d=mm&r=g\",\"contentUrl\":\"https:\/\/secure.gravatar.com\/avatar\/ed712be762908ac190eb3beb8cf9efb0dc9c425bd7b69d40ba8746efca2909c6?s=96&d=mm&r=g\",\"caption\":\"admin\"},\"sameAs\":[\"http:\/\/www.inteligenia.info\"],\"url\":\"https:\/\/www.inteligenia.info\/home\/author\/admin\/\"}]}<\/script>\n<!-- \/ Yoast SEO plugin. -->","yoast_head_json":{"title":"Nuevas vacantes de pr\u00e1cticas en nuestro Departamento T\u00e9cnico \u2013 I+D - Inteligenia","robots":{"index":"index","follow":"follow","max-snippet":"max-snippet:-1","max-image-preview":"max-image-preview:large","max-video-preview":"max-video-preview:-1"},"canonical":"https:\/\/www.inteligenia.info\/home\/nuevas-vacantes-de-practicas-en-nuestro-departamento-tecnico-id\/","og_locale":"es_ES","og_type":"article","og_title":"Nuevas vacantes de pr\u00e1cticas en nuestro Departamento T\u00e9cnico \u2013 I+D - Inteligenia","og_description":"\u00bfEst\u00e1s cursando un grado o m\u00e1ster y te interesa desarrollar tus capacidades en desarrollo tecnol\u00f3gico? Abrimos vacantes de pr\u00e1cticas para perfiles con ganas de aprender, innovar y crecer profesionalmente en un entorno real de desarrollo. PERFILES DISPONIBLES Perfil 1: Desarrollador\/a Frontend &amp; Mobile (H\u00edbrido) Resumen del perfil:Conocimientos de desarrollo frontend y aplicaciones m\u00f3viles h\u00edbridas (iOS\/Android), [&hellip;]","og_url":"https:\/\/www.inteligenia.info\/home\/nuevas-vacantes-de-practicas-en-nuestro-departamento-tecnico-id\/","og_site_name":"Inteligenia","article_published_time":"2025-04-25T08:03:38+00:00","article_modified_time":"2025-04-25T08:03:39+00:00","og_image":[{"width":2560,"height":1707,"url":"https:\/\/www.inteligenia.info\/wp-content\/uploads\/2025\/04\/representation-user-experience-interface-design-scaled.jpg","type":"image\/jpeg"}],"author":"admin","twitter_card":"summary_large_image","twitter_creator":"@INTELIGENIA_","twitter_site":"@INTELIGENIA_","twitter_misc":{"Escrito por":"admin","Tiempo de lectura":"2 minutos"},"schema":{"@context":"https:\/\/schema.org","@graph":[{"@type":"Article","@id":"https:\/\/www.inteligenia.info\/home\/nuevas-vacantes-de-practicas-en-nuestro-departamento-tecnico-id\/#article","isPartOf":{"@id":"https:\/\/www.inteligenia.info\/home\/nuevas-vacantes-de-practicas-en-nuestro-departamento-tecnico-id\/"},"author":{"name":"admin","@id":"https:\/\/www.inteligenia.info\/home\/#\/schema\/person\/1bf90ee63c207f611a224f9c17dbf031"},"headline":"Nuevas vacantes de pr\u00e1cticas en nuestro Departamento T\u00e9cnico \u2013 I+D","datePublished":"2025-04-25T08:03:38+00:00","dateModified":"2025-04-25T08:03:39+00:00","mainEntityOfPage":{"@id":"https:\/\/www.inteligenia.info\/home\/nuevas-vacantes-de-practicas-en-nuestro-departamento-tecnico-id\/"},"wordCount":336,"commentCount":0,"publisher":{"@id":"https:\/\/www.inteligenia.info\/home\/#organization"},"image":{"@id":"https:\/\/www.inteligenia.info\/home\/nuevas-vacantes-de-practicas-en-nuestro-departamento-tecnico-id\/#primaryimage"},"thumbnailUrl":"https:\/\/www.inteligenia.info\/wp-content\/uploads\/2025\/04\/representation-user-experience-interface-design-scaled.jpg","articleSection":["Noticias"],"inLanguage":"es","potentialAction":[{"@type":"CommentAction","name":"Comment","target":["https:\/\/www.inteligenia.info\/home\/nuevas-vacantes-de-practicas-en-nuestro-departamento-tecnico-id\/#respond"]}]},{"@type":"WebPage","@id":"https:\/\/www.inteligenia.info\/home\/nuevas-vacantes-de-practicas-en-nuestro-departamento-tecnico-id\/","url":"https:\/\/www.inteligenia.info\/home\/nuevas-vacantes-de-practicas-en-nuestro-departamento-tecnico-id\/","name":"Nuevas vacantes de pr\u00e1cticas en nuestro Departamento T\u00e9cnico \u2013 I+D - Inteligenia","isPartOf":{"@id":"https:\/\/www.inteligenia.info\/home\/#website"},"primaryImageOfPage":{"@id":"https:\/\/www.inteligenia.info\/home\/nuevas-vacantes-de-practicas-en-nuestro-departamento-tecnico-id\/#primaryimage"},"image":{"@id":"https:\/\/www.inteligenia.info\/home\/nuevas-vacantes-de-practicas-en-nuestro-departamento-tecnico-id\/#primaryimage"},"thumbnailUrl":"https:\/\/www.inteligenia.info\/wp-content\/uploads\/2025\/04\/representation-user-experience-interface-design-scaled.jpg","datePublished":"2025-04-25T08:03:38+00:00","dateModified":"2025-04-25T08:03:39+00:00","breadcrumb":{"@id":"https:\/\/www.inteligenia.info\/home\/nuevas-vacantes-de-practicas-en-nuestro-departamento-tecnico-id\/#breadcrumb"},"inLanguage":"es","potentialAction":[{"@type":"ReadAction","target":["https:\/\/www.inteligenia.info\/home\/nuevas-vacantes-de-practicas-en-nuestro-departamento-tecnico-id\/"]}]},{"@type":"ImageObject","inLanguage":"es","@id":"https:\/\/www.inteligenia.info\/home\/nuevas-vacantes-de-practicas-en-nuestro-departamento-tecnico-id\/#primaryimage","url":"https:\/\/www.inteligenia.info\/wp-content\/uploads\/2025\/04\/representation-user-experience-interface-design-scaled.jpg","contentUrl":"https:\/\/www.inteligenia.info\/wp-content\/uploads\/2025\/04\/representation-user-experience-interface-design-scaled.jpg","width":2560,"height":1707},{"@type":"BreadcrumbList","@id":"https:\/\/www.inteligenia.info\/home\/nuevas-vacantes-de-practicas-en-nuestro-departamento-tecnico-id\/#breadcrumb","itemListElement":[{"@type":"ListItem","position":1,"name":"Portada","item":"https:\/\/www.inteligenia.info\/home\/"},{"@type":"ListItem","position":2,"name":"Nuevas vacantes de pr\u00e1cticas en nuestro Departamento T\u00e9cnico \u2013 I+D"}]},{"@type":"WebSite","@id":"https:\/\/www.inteligenia.info\/home\/#website","url":"https:\/\/www.inteligenia.info\/home\/","name":"Inteligenia","description":"","publisher":{"@id":"https:\/\/www.inteligenia.info\/home\/#organization"},"potentialAction":[{"@type":"SearchAction","target":{"@type":"EntryPoint","urlTemplate":"https:\/\/www.inteligenia.info\/home\/?s={search_term_string}"},"query-input":{"@type":"PropertyValueSpecification","valueRequired":true,"valueName":"search_term_string"}}],"inLanguage":"es"},{"@type":"Organization","@id":"https:\/\/www.inteligenia.info\/home\/#organization","name":"Inteligenia","url":"https:\/\/www.inteligenia.info\/home\/","logo":{"@type":"ImageObject","inLanguage":"es","@id":"https:\/\/www.inteligenia.info\/home\/#\/schema\/logo\/image\/","url":"https:\/\/www.inteligenia.info\/wp-content\/uploads\/2024\/06\/transparent_logo-1-e1718047668142.png","contentUrl":"https:\/\/www.inteligenia.info\/wp-content\/uploads\/2024\/06\/transparent_logo-1-e1718047668142.png","width":674,"height":141,"caption":"Inteligenia"},"image":{"@id":"https:\/\/www.inteligenia.info\/home\/#\/schema\/logo\/image\/"},"sameAs":["https:\/\/x.com\/INTELIGENIA_","https:\/\/www.linkedin.com\/company\/inteligenia\/?viewAsMember=true"]},{"@type":"Person","@id":"https:\/\/www.inteligenia.info\/home\/#\/schema\/person\/1bf90ee63c207f611a224f9c17dbf031","name":"admin","image":{"@type":"ImageObject","inLanguage":"es","@id":"https:\/\/www.inteligenia.info\/home\/#\/schema\/person\/image\/","url":"https:\/\/secure.gravatar.com\/avatar\/ed712be762908ac190eb3beb8cf9efb0dc9c425bd7b69d40ba8746efca2909c6?s=96&d=mm&r=g","contentUrl":"https:\/\/secure.gravatar.com\/avatar\/ed712be762908ac190eb3beb8cf9efb0dc9c425bd7b69d40ba8746efca2909c6?s=96&d=mm&r=g","caption":"admin"},"sameAs":["http:\/\/www.inteligenia.info"],"url":"https:\/\/www.inteligenia.info\/home\/author\/admin\/"}]}},"_links":{"self":[{"href":"https:\/\/www.inteligenia.info\/home\/wp-json\/wp\/v2\/posts\/982","targetHints":{"allow":["GET"]}}],"collection":[{"href":"https:\/\/www.inteligenia.info\/home\/wp-json\/wp\/v2\/posts"}],"about":[{"href":"https:\/\/www.inteligenia.info\/home\/wp-json\/wp\/v2\/types\/post"}],"author":[{"embeddable":true,"href":"https:\/\/www.inteligenia.info\/home\/wp-json\/wp\/v2\/users\/1"}],"replies":[{"embeddable":true,"href":"https:\/\/www.inteligenia.info\/home\/wp-json\/wp\/v2\/comments?post=982"}],"version-history":[{"count":1,"href":"https:\/\/www.inteligenia.info\/home\/wp-json\/wp\/v2\/posts\/982\/revisions"}],"predecessor-version":[{"id":984,"href":"https:\/\/www.inteligenia.info\/home\/wp-json\/wp\/v2\/posts\/982\/revisions\/984"}],"wp:featuredmedia":[{"embeddable":true,"href":"https:\/\/www.inteligenia.info\/home\/wp-json\/wp\/v2\/media\/983"}],"wp:attachment":[{"href":"https:\/\/www.inteligenia.info\/home\/wp-json\/wp\/v2\/media?parent=982"}],"wp:term":[{"taxonomy":"category","embeddable":true,"href":"https:\/\/www.inteligenia.info\/home\/wp-json\/wp\/v2\/categories?post=982"},{"taxonomy":"post_tag","embeddable":true,"href":"https:\/\/www.inteligenia.info\/home\/wp-json\/wp\/v2\/tags?post=982"}],"curies":[{"name":"wp","href":"https:\/\/api.w.org\/{rel}","templated":true}]}}