{"id":985,"date":"2025-04-25T10:00:45","date_gmt":"2025-04-25T10:00:45","guid":{"rendered":"https:\/\/www.inteligenia.info\/?p=985"},"modified":"2025-04-25T10:02:28","modified_gmt":"2025-04-25T10:02:28","slug":"ampliacion-de-la-ue-implicaciones-mas-alla-de-la-defensa-de-la-democracia","status":"publish","type":"post","link":"https:\/\/www.inteligenia.info\/home\/ampliacion-de-la-ue-implicaciones-mas-alla-de-la-defensa-de-la-democracia\/","title":{"rendered":"Ampliaci\u00f3n de la UE: Implicaciones m\u00e1s all\u00e1 de la defensa de la democracia"},"content":{"rendered":"\n<hr class=\"wp-block-separator has-css-opacity is-style-default\"\/>\n\n\n\n<blockquote class=\"wp-block-quote has-text-align-center is-style-large is-layout-flow wp-block-quote-is-layout-flow\">\n<p class=\"has-text-align-left\"><strong>Joan Frau Morey<\/strong>. Graduado en Seguridad por la Universidad de Barcelona. Actualmente est\u00e1 ejerciendo de Jefe de Seguridad en TASP y cursando el M\u00e1ster en Paz, Seguridad y Defensa en el Instituto Universitario General Guti\u00e9rrez Mellado. Sus principales intereses est\u00e1n relacionados con la geoestrategia, la geopol\u00edtica, la inteligencia y las relaciones internacionales.<\/p>\n<\/blockquote>\n\n\n\n<hr class=\"wp-block-separator has-css-opacity is-style-default\"\/>\n\n\n\n<p style=\"font-size:20px\"><strong>1. RESUMEN EJECUTIVO<\/strong><\/p>\n\n\n\n<p>El presente estudio analiza las repercusiones hist\u00f3ricas, actuales y futuras de la expansi\u00f3n oriental de la UE, centrado en la posible integraci\u00f3n de Ucrania y Georgia mayoritariamente, aunque sin perjuicio de incluir a otros pa\u00edses del Este de Europa. A trav\u00e9s de una revisi\u00f3n de antecedentes y opiniones de expertos, se exploran las consecuencias pol\u00edticas, econ\u00f3micas, sociol\u00f3gicas y estrat\u00e9gicas de dicha ampliaci\u00f3n. La integraci\u00f3n de estos pa\u00edses ofrece oportunidades de crecimiento econ\u00f3mico y colaboraci\u00f3n en defensa, pero tambi\u00e9n intensifica las tensiones geopol\u00edticas con Rusia y revela divergencias internas en la UE. Una estrategia equilibrada es esencial para maximizar beneficios y minimizar riesgos.<\/p>\n\n\n\n<p><strong>Palabras clave: <\/strong>Expansi\u00f3n oriental europea, Grupo de Visegrado, Europa del Este, Europa Oriental, Uni\u00f3n Europea<\/p>\n\n\n\n<p><strong>Executive Summary<\/strong><\/p>\n\n\n\n<p>This study provides an in-depth analysis of the historical, current, and future repercussions of the EU&#8217;s eastern expansion, focusing on the potential integration of Ukraine, Moldova, and Georgia. Through a comprehensive review of historical backgrounds and expert opinions, it explores the political, economic, sociological, and strategic consequences of this enlargement. The integration of these countries offers opportunities for economic growth and defense collaboration, but also intensifies geopolitical tensions with Russia and exposes internal divergences within the EU. A balanced strategy is essential to maximize benefits and minimize risks.<\/p>\n\n\n\n<p><strong>Keywords:<\/strong> Eastern European expansion, Visegrad Group, Eastern Europe, East Europe, European Union.<\/p>\n\n\n\n<p><strong>Introducci\u00f3n<\/strong><\/p>\n\n\n\n<p>La emergencia de un contexto b\u00e9lico en el Viejo Continente ha hecho despertar a los seguidores del polit\u00f3logo Francis Fukuyama y su libro El fin de la historia y el \u00faltimo hombre (Fukuyama, 1992) los cuales cre\u00edan haber visto llegar el apogeo de la evoluci\u00f3n hist\u00f3rica donde las democracias liberales supon\u00edan la finalizaci\u00f3n del progreso social y pol\u00edtico. Sin embargo, a finales del s. xx no era tan f\u00e1cil discernir entre la realidad hist\u00f3rica de las relaciones internacionales y la victoria del sistema democr\u00e1tico-liberal. Durante d\u00e9cadas, gran parte del continente europeo ha formulado sus estrategias sin considerar adecuadamente los contextos hist\u00f3ricos y la evoluci\u00f3n reciente, evitando asumir la pol\u00edtica como un proceso din\u00e1mico de acciones y reacciones fundamentado en los intereses de todas las partes implicadas. En este aspecto, la evoluci\u00f3n del conflicto ucraniano ha reestructurado el marco geopol\u00edtico regional, desplazando su centro de gravedad hacia el Este y otorgando un mayor protagonismo a los pa\u00edses de Europa Central (Lagoa, 2024, 137). Como veremos, ese centro de gravedad puede suponer divergencias en el seno de la Uni\u00f3n, no solamente a colaci\u00f3n del conflicto en Ucrania, m\u00e1s bien inherentes a la ampliaci\u00f3n de la Uni\u00f3n y del sistema que representa. Estas tensiones se derivan de la interacci\u00f3n entre los valores fundamentales de la UE arraigados a la Europa Occidental y los desaf\u00edos planteados por la inclusi\u00f3n de nuevos miembros, lo que hace emerger preguntas sobre la cohesi\u00f3n interna y la capacidad de la UE para mantener su identidad y misi\u00f3n en un contexto geopol\u00edtico cambiante.<\/p>\n\n\n\n<p><strong>An\u00e1lisis de la Situaci\u00f3n<\/strong><\/p>\n\n\n\n<p>Si bien este estudio est\u00e1 centrado en el estudio de la expansi\u00f3n de la Uni\u00f3n hacia el este, cabe destacar como los altos mandos de la Federaci\u00f3n Rusa conciben dicha expansi\u00f3n como acciones encubiertas de la OTAN. En febrero de 2013, antes de la destituci\u00f3n de Yanukovich, el Ministro de Asuntos Exteriores ruso, Sergey Lavrov, acus\u00f3 a la UE de intentar crear una esfera de influencia en Europa del Este lo cual era una estrategia encubierta para la expansi\u00f3n de la OTAN (Mearsheimer, 2014, 4). Una vez expuesto, resulta pertinente puntualizar la posici\u00f3n de la Alianza Atl\u00e1ntica en este contexto.<\/p>\n\n\n\n<p>Con la implosi\u00f3n de la URSS y la reunificaci\u00f3n de Alemania a finales del s. XX, se orient\u00f3 el escenario geopol\u00edtico europeo para la expansi\u00f3n de la OTAN. La Alianza Atl\u00e1ntica incorpor\u00f3 algunas de las antiguas Rep\u00fablicas Sovi\u00e9ticas y exmiembros del Pacto de Varsovia adem\u00e1s de apoyar intr\u00ednsicamente la creaci\u00f3n y expansi\u00f3n de la UE. En contraste, la nueva Federaci\u00f3n Rusa atraves\u00f3 un complejo proceso de transici\u00f3n caracterizado por una profunda crisis econ\u00f3mica y de identidad que debilit\u00f3 su posici\u00f3n geoestrat\u00e9gica. Diversas iniciativas, como la OSCE , el Tratado de Fuerzas Convencionales en Europa y su inclusi\u00f3n en el Consejo de Europa, intentaron atraer a Rusia para que colaborase con Occidente mediante el proyecto Partnership for Peace , bajo la expectativa de que aceptara los principios de apertura e interdependencia. Sin embargo, desde la perspectiva rusa, la independencia econ\u00f3mica, la capacidad militar y una estrategia geopol\u00edtica propia son inherentes a su soberan\u00eda nacional. Ello era opuesto a los valores y concepciones de la UE donde su nacimiento surgi\u00f3 como respuesta a los nacionalismos y los enfrentamientos entre los estados-naci\u00f3n en la primera mitad del s. XX (Lagoa, 2024, 139-140).<\/p>\n\n\n\n<p>La OTAN empez\u00f3 a expandirse en 1999 con la incorporaci\u00f3n de Polonia, Rep\u00fablica Checa y Ruman\u00eda seguidas en el 2004 por Bulgaria, Estonia, Letonia, Lituania, Rumania, Eslovaquia y Eslovenia. Desde el principio Mosc\u00fa mostr\u00f3 sus reticencias de manera contundente aunque, seg\u00fan lo ocurrido, la Alianza no se tom\u00f3 \u2013o no quiso tomarse\u2013 estas discrepancias como algo serio al no disponer Rusia de capacidades para detener el avance occidental. Sin embargo, a medida que Rusia fue ganando dichas capacidades, fue oponi\u00e9ndose de manera m\u00e1s categ\u00f3rica a los intereses de la OTAN manifest\u00e1ndose en los enfrentamientos entre las potencias separatistas de Abjasia y Osetia del Sur \u2013proclives a los intereses rusos\u2013 y el gobierno georgiano \u2013proclive a la incorporaci\u00f3n del pa\u00eds a la OTAN\u2013. Finalmente, el conflicto se sald\u00f3 con la toma de control de dichos territorios por parte de las fuerzas rusas dejando clara la postura fehacientemente opuesta a la expansi\u00f3n atl\u00e1ntica por parte de Rusia (Mearsheimer, 2014, 2-3). A pesar de ello, la OTAN \u2013utilizando a la UE como avanzadilla\u2013, no abandona su voluntad de incorporar a Ucrania y a Georgia .<\/p>\n\n\n\n<p>La Uni\u00f3n Europea, concebida a partir del Tratado de Maastricht en 1992 , fue adhiriendo a diversos pa\u00edses. En 2004, diez nuevos Estados miembros se unieron a la Uni\u00f3n incluyendo Chipre, Rep\u00fablica Checa, Estonia, Hungr\u00eda, Letonia, Lituania, Malta, Polonia, Eslovaquia y Eslovenia. En 2007, Bulgaria y Rumania se convirtieron en miembros y, en 2013, Croacia hizo lo propio como el vig\u00e9simo octavo miembro \u2013ahora vig\u00e9simo s\u00e9ptimo tras la salida del Reino Unido\u2013. Actualmente la UE ha propuesto una metodolog\u00eda revisada para el proceso de ampliaci\u00f3n hacia los Balcanes Occidentales, destacando la importancia de abordar de manera prioritaria los cap\u00edtulos relacionados con la reforma judicial y los derechos fundamentales. Adem\u00e1s, se ha establecido un plan de crecimiento financiero de 6 mil millones de euros destinado espec\u00edficamente a esta zona, con el prop\u00f3sito de ofrecer beneficios previos a la adhesi\u00f3n, aunque bajo condiciones rigurosas. La situaci\u00f3n geopol\u00edtica, especialmente la guerra en Ucrania y la evoluci\u00f3n en pa\u00edses como Georgia, Moldavia y Ucrania, ha reforzado el inter\u00e9s de la UE en la integraci\u00f3n de los pa\u00edses candidatos y potenciales de los Balcanes Occidentales. A pesar de la apertura de numerosos cap\u00edtulos de negociaci\u00f3n con Montenegro y Serbia, el avance en las reformas necesarias para la integraci\u00f3n ha experimentado un estancamiento. Por otro lado, se han iniciado negociaciones de adhesi\u00f3n con Albania y Macedonia del Norte, y Bosnia-Herzegovina ha obtenido el estatuto de pa\u00eds candidato, lo que representa un paso adelante en su camino hacia la adhesi\u00f3n. Mientras tanto, Kosovo ha avanzado en su solicitud de adhesi\u00f3n y ha mostrado progresos en la normalizaci\u00f3n de relaciones con Serbia, lo que contribuye al fortalecimiento de la estabilidad regional .<\/p>\n\n\n\n<p>En Europa del Este, en los primeros comicios posteriores al colapso de la URSS, las fuerzas pol\u00edticas liberales jugaron un rol primordial, tanto en el gobierno como en la oposici\u00f3n. Sin embargo, con el paso del tiempo, estas fuerzas fueron perdiendo respaldo electoral, cediendo terreno primero a partidos democristianos y luego, ante los fracasos sucesivos de socialdem\u00f3cratas y post-socialistas, otorgaron el liderazgo a conservadores y ultraconservadores que abandonaron el liberalismo. El partido de Viktor Orb\u00e1n , Fiedsz, establecido en 1988, ejemplifica esta transformaci\u00f3n, pasando de sus ra\u00edces liberales y anticomunistas hacia posturas ultraderechistas y nacionalistas, adoptando una postura anti-liberal. En un lapso de 25 a\u00f1os, Orb\u00e1n pas\u00f3 de abogar por una transici\u00f3n democr\u00e1tica en Hungr\u00eda alejada del comunismo, en 1989, a proclamarla como Estado iliberal en 2014. Durante este per\u00edodo, Orb\u00e1n consolid\u00f3 un r\u00e9gimen cuestionado por Freedom House por su falta de democracia, ejerciendo un control absoluto sobre el Estado y desafiando la UE. En el pa\u00eds h\u00fangaro se han erosionado las bases del Estado de Derecho con la reforma del poder judicial, la vulneraci\u00f3n de derechos de los migrantes y la proliferaci\u00f3n de la corrupci\u00f3n y el nepotismo desconcertando al conjunto de la UE dado que Hungr\u00eda cumple con sus compromisos macroecon\u00f3micos y cuenta con una base social s\u00f3lida (Ferrero-Turri\u00f3n, 2021, 119-120).<\/p>\n\n\n\n<p>El polit\u00f3logo Tony Judt enfatiz\u00f3 que la separaci\u00f3n entre Europa Occidental y Oriental no era simplemente un producto artificial de la Guerra Fr\u00eda, sino que Europa Occidental hab\u00eda sido consolidada por lazos culturales y comerciales profundos que superaban sus divisiones internas, desde el renacimiento urbano hasta la Ilustraci\u00f3n en el siglo XVIII (Judt, 2011, 46 y 50). Las rivalidades hist\u00f3ricas y tradicionales entre conservadores y liberales en los Estados de Europa Central tienen un impacto significativo en su proceso de integraci\u00f3n en la Uni\u00f3n Europea. Estos nuevos miembros, con trayectorias nacionales diversas, est\u00e1n influenciados por narrativas que se basan en interpretaciones occidentales de la Guerra Fr\u00eda y los acontecimientos posteriores. Particularmente, el Grupo de Visegrado (V4), compuesto por Chequia, Hungr\u00eda, Polonia y Eslovaquia, aporta una contribuci\u00f3n significativa a la integraci\u00f3n europea mediante un \u00abregreso a Europa\u00bb, pero tambi\u00e9n introduce un factor de divisi\u00f3n entre el Este y el Oeste al desafiar algunos de los valores fundamentales de la Uni\u00f3n . En especial, Hungr\u00eda y Polonia intentan redefinir Europa desde una perspectiva nacionalista. La identidad geopol\u00edtica particular de Europa Central dentro de la UE pone de relieve que algunos de los supuestos inherentes al proceso de \u00abintegraci\u00f3n europea\u00bb promovido por Bruselas puedan ser vistos como idealistas (Lagoa, 2024, 138-139).<\/p>\n\n\n\n<p>Sumado a ello, Enrique Foj\u00f3n argumenta que la incorporaci\u00f3n de los pa\u00edses de Europa del Este a la Uni\u00f3n Europea marc\u00f3 el comienzo de la decadencia europea, al acercar geogr\u00e1ficamente la Alianza Atl\u00e1ntica y la UE a las fronteras rusas. Este movimiento fue percibido por Rusia como una clara aproximaci\u00f3n de las potencias occidentales a su territorio. En respuesta, Vladimir Putin, desde 2008, tom\u00f3 medidas agresivas: primero, la ocupaci\u00f3n de Abjasia y Osetia del Sur, luego la anexi\u00f3n de Crimea en 2014, y posteriormente, el inicio de la guerra en Donb\u00e1s, encontrando una respuesta occidental insuficiente. Siguiendo la teor\u00eda realista, Foj\u00f3n destaca que en los estados europeos predomina el inter\u00e9s nacional, reflejado en la formulaci\u00f3n de sus Estrategias de Seguridad Nacional (Foj\u00f3n, 2023) lo que explica la tibia respuesta occidental ante agresiones que no afectaban directamente a sus territorios. En esta explicaci\u00f3n encontramos tambi\u00e9n la voluntad por parte de los pa\u00edses del Este europeo de confrontar y tomar medidas m\u00e1s determinantes ante la agresi\u00f3n rusa de Ucrania.<\/p>\n\n\n\n<p>La divergencia entre los Estados Miembros occidentales y orientales puede explicarse a trav\u00e9s del fen\u00f3meno de la \u00abimitaci\u00f3n invertida\u00bb. Este proceso describe c\u00f3mo ciertas sociedades \u2013las de Europa Oriental en este caso\u2013 comienzan a reivindicar su europeidad frente a las tendencias \u00abdescontroladas\u00bb de Europa Occidental, centr\u00e1ndose en ideales nacionales y europeos como lo hac\u00edan los padres fundadores de la UE aludiendo a una Europa cristiana. Estos pa\u00edses promueven una construcci\u00f3n europea que refleja sus expectativas originales, derivando en un conservadurismo extremo. Durante el per\u00edodo socialista, se obstaculiz\u00f3 la preservaci\u00f3n de tradiciones familiares, culturales y religiosas. En la etapa europea, estas tradiciones son reivindicadas con fervor. Las sociedades de la regi\u00f3n demandan un retorno a los valores predominantes en la d\u00e9cada de 1930, oponi\u00e9ndose vehementemente a cualquier alteraci\u00f3n de este orden, el cual consideran un anatema para la naci\u00f3n (Ferrero-Turri\u00f3n, 2021, 118).<\/p>\n\n\n\n<p>Asimismo, el polit\u00f3logo estadounidense Samuel P. Huntington, en su obra El choque de civilizaciones, asegura que la divisi\u00f3n es puramente civilizacional y se origin\u00f3 con la divisi\u00f3n del Imperio Romano en el siglo IV y la formaci\u00f3n del Sacro Imperio Romano en el siglo X, manteni\u00e9ndose por, aproximadamente, cinco siglos. Esta divisi\u00f3n comprende las fronteras actuales entre Finlandia y Rusia, y entre los Estados b\u00e1lticos (Estonia, Letonia y Lituania) y Rusia. Luego, divide a Bielorrusia y a Ucrania separando el oeste uniata del este ortodoxo, pasa por Ruman\u00eda fraccionando Transilvania, con su poblaci\u00f3n cat\u00f3lica h\u00fangara del resto del pa\u00eds y atraviesa la antigua Yugoslavia siguiendo la frontera que separa a Eslovenia y Croacia de las dem\u00e1s rep\u00fablicas. En la regi\u00f3n balc\u00e1nica, la demarcaci\u00f3n hist\u00f3rica corresponde a la separaci\u00f3n entre los imperios austroh\u00fangaro y otomano constituyendo as\u00ed la frontera cultural de Europa y, tras la Guerra Fr\u00eda, la divisi\u00f3n pol\u00edtica y econ\u00f3mica de Europa y Occidente (Huntington, 1997, 151-153).<\/p>\n\n\n\n<p>Adem\u00e1s de lo geogr\u00e1fico, Huntington alude a la religi\u00f3n como algo sociol\u00f3gicamente caracter\u00edstico, de hecho asegura que la civilizaci\u00f3n occidental ha heredado numerosos elementos de la civilizaci\u00f3n cl\u00e1sica, especialmente la filosof\u00eda y el racionalismo griegos, el derecho romano, el lat\u00edn y el cristianismo. Aunque las civilizaciones isl\u00e1mica y ortodoxa tambi\u00e9n recibieron esta herencia, no lo hicieron en la misma medida que Occidente. Tambi\u00e9n alude a la separaci\u00f3n entre la autoridad espiritual y la temporal, donde en la civilizaci\u00f3n ortodoxa \u00abDios es el socio menor del C\u00e9sar\u00bb. La disociaci\u00f3n y los frecuentes enfrentamientos entre la Iglesia y el Estado, caracter\u00edsticas distintivas de la civilizaci\u00f3n occidental, no han sido observados en ninguna otra civilizaci\u00f3n. Esta fragmentaci\u00f3n de la autoridad desempe\u00f1\u00f3 un papel determinante en el fomento de la libertad en Occidente (Huntington, 1997, 63-64).<\/p>\n\n\n\n<p>Podemos observar c\u00f3mo, a ra\u00edz del an\u00e1lisis de las teor\u00edas de diferentes autores, la Uni\u00f3n Europea est\u00e1 dividida en, al menos, dos grandes bloques influenciados por su historia, cultura, religi\u00f3n o civilizaci\u00f3n. Dadas las circunstancias, resulta de imperativa necesidad asumir y aceptar dicha realidad tratando de solventar las posibles diferencias que puedan surgir entre ambos bloques. Asimismo, encontramos otros tipos de dificultades al tratar de concebir una UE unida, aunque sea meramente occidental. Desde sus inicios, la UE ha enfrentado debates sobre el grado de integraci\u00f3n pol\u00edtica y econ\u00f3mica deseado. Algunos pa\u00edses, como Francia y Alemania, han sido promotores de una integraci\u00f3n m\u00e1s profunda, mientras que otros, como el Reino Unido, han preferido una relaci\u00f3n m\u00e1s intergubernamental y menos centralizada (Moravcsik, 1998, 22-45). En cuanto a las econ\u00f3micas, pa\u00edses del norte como Alemania y los Pa\u00edses Bajos a menudo han defendido pol\u00edticas fiscales estrictas y austeridad, mientras que los pa\u00edses del sur, como Grecia e Italia, han abogado por una mayor flexibilidad fiscal y apoyo financiero, especialmente durante la crisis del euro (Baldwin &amp; Wyplosz, 2022, 155-178). A su raz\u00f3n, observamos como las discrepancias internas, occidentales y orientales, norte y sur e incluso entre los que abogan por la centralizaci\u00f3n y los que prefieren un enfoque m\u00e1s intergubernamental, han definido la din\u00e1mica de la integraci\u00f3n europea.<\/p>\n\n\n\n<p><strong>Perspectivas de An\u00e1lisis<\/strong><\/p>\n\n\n\n<p><strong>Riesgos<\/strong><\/p>\n\n\n\n<p>As\u00ed las cosas, los riesgos en este escenario son m\u00faltiples. En primer lugar, existe la posibilidad de influencia por parte de potencias revisionistas, avaladas por la legitimidad de \u2013en el caso de China\u2013 su pol\u00edtica de no injerencia en las pol\u00edticas internas de terceros pa\u00edses. Esta postura resulta especialmente atractiva para gobiernos caracterizados por la corrupci\u00f3n y la falta de valores democr\u00e1ticos, donde prevalece el inter\u00e9s personal y el deseo de acaparar m\u00e1s poder. Adem\u00e1s, China cuenta con una ventaja significativa al disponer de una gran cantidad de empresas inversoras, respaldadas por el Gobierno, que forman parte de la Iniciativa de la Franja y la Ruta y pueden invertir grandes cantidades de dinero en pa\u00edses considerados estrat\u00e9gicos para sus intereses, lo que hace que estos vean positivamente su influencia en el territorio. Esta estrategia de inversi\u00f3n permite a China no solo asegurar su presencia econ\u00f3mica, sino tambi\u00e9n ganar influencia pol\u00edtica (Ortiz, 2022, 774), creando dependencias que pueden ser utilizadas para promover sus propios intereses geopol\u00edticos en detrimento de las democracias occidentales.<\/p>\n\n\n\n<p>Por otro lado, los sistemas democr\u00e1ticos enfrentan una desventaja inherente debido a sus sistemas electorales, que pueden obstaculizar la visi\u00f3n estrat\u00e9gica a largo plazo. Los cambios de gobierno cada cuatro a\u00f1os contrastan con las autocracias, que pueden planear sus estrategias a largo plazo, lo que las deja mejor preparadas para implementar pol\u00edticas sostenidas y coherentes . Esta capacidad de planificaci\u00f3n prolongada permite a los sistemas autocr\u00e1ticos, como China, consolidar su influencia de manera m\u00e1s efectiva en regiones estrat\u00e9gicas como los Balcanes, aumentando as\u00ed los desaf\u00edos para las potencias democr\u00e1ticas en su intento por mantener su influencia y promover sus valores.<\/p>\n\n\n\n<p>De igual manera, Mosc\u00fa ha sabido capitalizar los lazos religiosos, hist\u00f3ricos y culturales que tiene en la zona, en especial con Serbia y Montenegro. Adem\u00e1s de haber aprovechado la dependencia energ\u00e9tica de la regi\u00f3n, lo ha hecho igualmente con la cuesti\u00f3n serbokosovar. Este aspecto resulta insoslayable a la hora de influir en Serbia, ya que, hasta que Belgrado no encuentre una soluci\u00f3n aceptable a nivel nacional para Kosovo, requerir\u00e1 del respaldo diplom\u00e1tico ruso en el Consejo de Seguridad de la ONU para impedir su reconocimiento como naci\u00f3n independiente. Es destacable igualmente, para tener una imagen mental tener en cuenta que Belgrado cuenta con la agencia rusa de noticias m\u00e1s prominente \u2013Sputnik\u2013 la cual transmite en una lengua entendida en todos los pa\u00edses de la antigua Yugoslavia, el serbio (Milosevich-Juaristi, 2021, 5). La dependencia energ\u00e9tica tambi\u00e9n ha aumentado en pa\u00edses como Serbia y Bosnia-Herzegovina, dado que estos se abastecer\u00e1n a trav\u00e9s del gasoducto Turk Stream (Reuters, 2021b). Adem\u00e1s, se ha percibido esta dependencia del pa\u00eds ruso a la hora de abastecer con la vacuna contra el COVID-19, Sputnik V, a Montenegro, Macedonia del Norte, Bosnia-Herzegovina y Albania (Reuters, 2021).<\/p>\n\n\n\n<p><strong>Oportunidades<\/strong><\/p>\n\n\n\n<p>La integraci\u00f3n de los pa\u00edses de Europa del Este en la Uni\u00f3n Europea conlleva una serie de oportunidades estrat\u00e9gicas que pueden impulsar el desarrollo econ\u00f3mico, la estabilidad pol\u00edtica y la influencia global del bloque. Estas oportunidades, fundamentadas en aspectos como la expansi\u00f3n del mercado com\u00fan, la promoci\u00f3n de la seguridad regional y la diversificaci\u00f3n energ\u00e9tica, representan pilares clave para el progreso conjunto de la UE. Por ejemplo, la ampliaci\u00f3n del mercado com\u00fan ofrece nuevas posibilidades comerciales e inversiones para las empresas europeas, fomentando el crecimiento econ\u00f3mico mediante un acceso a un mercado m\u00e1s amplio y diversificado . Adem\u00e1s, la convergencia de normas y valores europeos puede contribuir a reducir la probabilidad de conflictos internos, pero tambi\u00e9n es verdad que no reduce la posibilidad de conflictos externos con potencias no democr\u00e1ticas, v\u00e9ase como la expansi\u00f3n hacia el Este ha sido percibida como amenazante por Rusia.<\/p>\n\n\n\n<p>El progreso hacia un modelo energ\u00e9tico m\u00e1s sostenible, junto con los cambios en la seguridad energ\u00e9tica, posicionar\u00e1 a la UE con una genuina autonom\u00eda estrat\u00e9gica para perseguir sus intereses globales. Reducir las dependencias externas y avanzar hacia el autoconsumo disminuir\u00e1 la vulnerabilidad ante la presi\u00f3n de rivales geoestrat\u00e9gicos que puedan usar la importaci\u00f3n de energ\u00eda como instrumento de coerci\u00f3n. Este impulso podr\u00eda equilibrar la balanza con rivales sist\u00e9micos y posicionar a la UE como un actor global influyente en un contexto geopol\u00edtico competitivo (Guti\u00e9rrez Roa, 2024, 141-142).<\/p>\n\n\n\n<p>Asimismo, la transferencia de tecnolog\u00eda e innovaci\u00f3n en la regi\u00f3n no debe pasarse por alto. En el sector de la defensa, la creciente complejidad, costo y dificultad de producci\u00f3n de los productos militares subraya el beneficio sustancial derivado de la ampliaci\u00f3n de la Uni\u00f3n Europea. La colaboraci\u00f3n entre los Estados Miembros en el marco de las Cooperaciones Estructuradas Permanentes (PESCO) ofrece una alternativa estrat\u00e9gica frente a la disposici\u00f3n de fuerzas armadas nacionales con menor capacidad, que a menudo presentan limitaciones significativas en t\u00e9rminos de interoperabilidad con las fuerzas de sus aliados (Baqu\u00e9s, 2023, 165-166).<\/p>\n\n\n\n<p><strong>Conclusiones<\/strong><\/p>\n\n\n\n<p>Durante el presente escrito se han abordado las implicaciones multifac\u00e9ticas de la expansi\u00f3n oriental de la Uni\u00f3n Europea, centr\u00e1ndose en la posible integraci\u00f3n de pa\u00edses del Este europeo. Hemos explorado la trayectoria hist\u00f3rica y las opiniones de expertos para comprender las consecuencias pol\u00edticas, econ\u00f3micas, sociol\u00f3gicas y estrat\u00e9gicas de esta ampliaci\u00f3n. Se ha destacado c\u00f3mo la expansi\u00f3n de la UE hacia el este es percibida por Rusia como una amenaza, influenciando la din\u00e1mica geopol\u00edtica y generando tensiones en el seno interno de la UE. Adem\u00e1s, se ha evidenciado como la evoluci\u00f3n pol\u00edtica de los pa\u00edses de Europa del Este, as\u00ed como las divergencias internas en la UE podr\u00edan afectar la cohesi\u00f3n y la estabilidad del bloque.<\/p>\n\n\n\n<p>Desde una perspectiva econ\u00f3mica, la ampliaci\u00f3n del mercado com\u00fan promete un crecimiento mediante nuevas posibilidades comerciales e inversiones. En el \u00e1mbito de la defensa, la colaboraci\u00f3n en el marco de las PESCO podr\u00eda mejorar la capacidad militar de la UE frente a amenazas externas.<\/p>\n\n\n\n<p>Sin embargo, la integraci\u00f3n de Ucrania tambi\u00e9n conlleva riesgos, como la posibilidad de aumentar las tensiones con Rusia \u2013en el caso de haber finalizado el conflicto b\u00e9lico; en caso contrario, la UE se adentrar\u00eda de lleno en uno produci\u00e9ndose una escalada de gravedad prominente\u2013 y la necesidad de gestionar las diferencias internas dentro de la UE. La expansi\u00f3n hacia el este podr\u00eda reforzar la influencia global de la UE, pero tambi\u00e9n plantea desaf\u00edos en t\u00e9rminos de cohesi\u00f3n interna y la capacidad de la Uni\u00f3n para mantener su identidad y misi\u00f3n en un contexto geopol\u00edtico cambiante. En \u00faltima instancia, la integraci\u00f3n de Ucrania o Georgia en la UE debe abordarse con una estrategia equilibrada que maximice las oportunidades econ\u00f3micas y de seguridad mientras se minimizan los riesgos asociados a las tensiones geopol\u00edticas y las diferencias internas.<\/p>\n\n\n\n<div data-wp-interactive=\"core\/file\" class=\"wp-block-file aligncenter\"><object data-wp-bind--hidden=\"!state.hasPdfPreview\" hidden class=\"wp-block-file__embed\" data=\"https:\/\/www.inteligenia.info\/wp-content\/uploads\/2025\/04\/Ampliacion-de-la-UE.pdf\" type=\"application\/pdf\" style=\"width:100%;height:600px\" aria-label=\"Incrustado de Ampliaci\u00f3n de la UE.\"><\/object><a id=\"wp-block-file--media-32312a6a-9bad-428d-ae2a-4693cf59b157\" href=\"https:\/\/www.inteligenia.info\/wp-content\/uploads\/2025\/04\/Ampliacion-de-la-UE.pdf\">Ampliaci\u00f3n de la UE<\/a><a href=\"https:\/\/www.inteligenia.info\/wp-content\/uploads\/2025\/04\/Ampliacion-de-la-UE.pdf\" class=\"wp-block-file__button wp-element-button\" download aria-describedby=\"wp-block-file--media-32312a6a-9bad-428d-ae2a-4693cf59b157\">Descarga<\/a><\/div>\n","protected":false},"excerpt":{"rendered":"<p>Joan Frau Morey. Graduado en Seguridad por la Universidad de Barcelona. Actualmente est\u00e1 ejerciendo de Jefe de Seguridad en TASP y cursando el M\u00e1ster en Paz, Seguridad y Defensa en el Instituto Universitario General Guti\u00e9rrez Mellado. Sus principales intereses est\u00e1n relacionados con la geoestrategia, la geopol\u00edtica, la inteligencia y las relaciones internacionales. 1. RESUMEN EJECUTIVO [&hellip;]<\/p>\n","protected":false},"author":1,"featured_media":989,"comment_status":"open","ping_status":"open","sticky":false,"template":"","format":"standard","meta":{"saved_in_kubio":false,"footnotes":""},"categories":[13,17,15],"tags":[],"class_list":["post-985","post","type-post","status-publish","format-standard","has-post-thumbnail","hentry","category-articulos","category-geopolitica-y-geoestrategia","category-seguridad-y-defensa"],"yoast_head":"<!-- This site is optimized with the Yoast SEO plugin v27.0 - https:\/\/yoast.com\/product\/yoast-seo-wordpress\/ -->\n<title>Ampliaci\u00f3n de la UE: Implicaciones m\u00e1s all\u00e1 de la defensa de la democracia - Inteligenia<\/title>\n<meta name=\"robots\" content=\"index, follow, max-snippet:-1, max-image-preview:large, max-video-preview:-1\" \/>\n<link rel=\"canonical\" href=\"https:\/\/www.inteligenia.info\/home\/ampliacion-de-la-ue-implicaciones-mas-alla-de-la-defensa-de-la-democracia\/\" \/>\n<meta property=\"og:locale\" content=\"es_ES\" \/>\n<meta property=\"og:type\" content=\"article\" \/>\n<meta property=\"og:title\" content=\"Ampliaci\u00f3n de la UE: Implicaciones m\u00e1s all\u00e1 de la defensa de la democracia - Inteligenia\" \/>\n<meta property=\"og:description\" content=\"Joan Frau Morey. Graduado en Seguridad por la Universidad de Barcelona. Actualmente est\u00e1 ejerciendo de Jefe de Seguridad en TASP y cursando el M\u00e1ster en Paz, Seguridad y Defensa en el Instituto Universitario General Guti\u00e9rrez Mellado. Sus principales intereses est\u00e1n relacionados con la geoestrategia, la geopol\u00edtica, la inteligencia y las relaciones internacionales. 1. RESUMEN EJECUTIVO [&hellip;]\" \/>\n<meta property=\"og:url\" content=\"https:\/\/www.inteligenia.info\/home\/ampliacion-de-la-ue-implicaciones-mas-alla-de-la-defensa-de-la-democracia\/\" \/>\n<meta property=\"og:site_name\" content=\"Inteligenia\" \/>\n<meta property=\"article:published_time\" content=\"2025-04-25T10:00:45+00:00\" \/>\n<meta property=\"article:modified_time\" content=\"2025-04-25T10:02:28+00:00\" \/>\n<meta property=\"og:image\" content=\"https:\/\/www.inteligenia.info\/wp-content\/uploads\/2025\/04\/ChatGPT-Image-25-abr-2025-11_58_19-1.png\" \/>\n\t<meta property=\"og:image:width\" content=\"1024\" \/>\n\t<meta property=\"og:image:height\" content=\"622\" \/>\n\t<meta property=\"og:image:type\" content=\"image\/png\" \/>\n<meta name=\"author\" content=\"admin\" \/>\n<meta name=\"twitter:card\" content=\"summary_large_image\" \/>\n<meta name=\"twitter:creator\" content=\"@INTELIGENIA_\" \/>\n<meta name=\"twitter:site\" content=\"@INTELIGENIA_\" \/>\n<meta name=\"twitter:label1\" content=\"Escrito por\" \/>\n\t<meta name=\"twitter:data1\" content=\"admin\" \/>\n\t<meta name=\"twitter:label2\" content=\"Tiempo de lectura\" \/>\n\t<meta name=\"twitter:data2\" content=\"17 minutos\" \/>\n<script type=\"application\/ld+json\" class=\"yoast-schema-graph\">{\"@context\":\"https:\/\/schema.org\",\"@graph\":[{\"@type\":\"Article\",\"@id\":\"https:\/\/www.inteligenia.info\/home\/ampliacion-de-la-ue-implicaciones-mas-alla-de-la-defensa-de-la-democracia\/#article\",\"isPartOf\":{\"@id\":\"https:\/\/www.inteligenia.info\/home\/ampliacion-de-la-ue-implicaciones-mas-alla-de-la-defensa-de-la-democracia\/\"},\"author\":{\"name\":\"admin\",\"@id\":\"https:\/\/www.inteligenia.info\/home\/#\/schema\/person\/1bf90ee63c207f611a224f9c17dbf031\"},\"headline\":\"Ampliaci\u00f3n de la UE: Implicaciones m\u00e1s all\u00e1 de la defensa de la democracia\",\"datePublished\":\"2025-04-25T10:00:45+00:00\",\"dateModified\":\"2025-04-25T10:02:28+00:00\",\"mainEntityOfPage\":{\"@id\":\"https:\/\/www.inteligenia.info\/home\/ampliacion-de-la-ue-implicaciones-mas-alla-de-la-defensa-de-la-democracia\/\"},\"wordCount\":3977,\"commentCount\":0,\"publisher\":{\"@id\":\"https:\/\/www.inteligenia.info\/home\/#organization\"},\"image\":{\"@id\":\"https:\/\/www.inteligenia.info\/home\/ampliacion-de-la-ue-implicaciones-mas-alla-de-la-defensa-de-la-democracia\/#primaryimage\"},\"thumbnailUrl\":\"https:\/\/www.inteligenia.info\/wp-content\/uploads\/2025\/04\/ChatGPT-Image-25-abr-2025-11_58_19-1.png\",\"articleSection\":[\"Art\u00edculos\",\"Geopolitica y Geoestrategia\",\"Seguridad y Defensa\"],\"inLanguage\":\"es\",\"potentialAction\":[{\"@type\":\"CommentAction\",\"name\":\"Comment\",\"target\":[\"https:\/\/www.inteligenia.info\/home\/ampliacion-de-la-ue-implicaciones-mas-alla-de-la-defensa-de-la-democracia\/#respond\"]}]},{\"@type\":\"WebPage\",\"@id\":\"https:\/\/www.inteligenia.info\/home\/ampliacion-de-la-ue-implicaciones-mas-alla-de-la-defensa-de-la-democracia\/\",\"url\":\"https:\/\/www.inteligenia.info\/home\/ampliacion-de-la-ue-implicaciones-mas-alla-de-la-defensa-de-la-democracia\/\",\"name\":\"Ampliaci\u00f3n de la UE: Implicaciones m\u00e1s all\u00e1 de la defensa de la democracia - Inteligenia\",\"isPartOf\":{\"@id\":\"https:\/\/www.inteligenia.info\/home\/#website\"},\"primaryImageOfPage\":{\"@id\":\"https:\/\/www.inteligenia.info\/home\/ampliacion-de-la-ue-implicaciones-mas-alla-de-la-defensa-de-la-democracia\/#primaryimage\"},\"image\":{\"@id\":\"https:\/\/www.inteligenia.info\/home\/ampliacion-de-la-ue-implicaciones-mas-alla-de-la-defensa-de-la-democracia\/#primaryimage\"},\"thumbnailUrl\":\"https:\/\/www.inteligenia.info\/wp-content\/uploads\/2025\/04\/ChatGPT-Image-25-abr-2025-11_58_19-1.png\",\"datePublished\":\"2025-04-25T10:00:45+00:00\",\"dateModified\":\"2025-04-25T10:02:28+00:00\",\"breadcrumb\":{\"@id\":\"https:\/\/www.inteligenia.info\/home\/ampliacion-de-la-ue-implicaciones-mas-alla-de-la-defensa-de-la-democracia\/#breadcrumb\"},\"inLanguage\":\"es\",\"potentialAction\":[{\"@type\":\"ReadAction\",\"target\":[\"https:\/\/www.inteligenia.info\/home\/ampliacion-de-la-ue-implicaciones-mas-alla-de-la-defensa-de-la-democracia\/\"]}]},{\"@type\":\"ImageObject\",\"inLanguage\":\"es\",\"@id\":\"https:\/\/www.inteligenia.info\/home\/ampliacion-de-la-ue-implicaciones-mas-alla-de-la-defensa-de-la-democracia\/#primaryimage\",\"url\":\"https:\/\/www.inteligenia.info\/wp-content\/uploads\/2025\/04\/ChatGPT-Image-25-abr-2025-11_58_19-1.png\",\"contentUrl\":\"https:\/\/www.inteligenia.info\/wp-content\/uploads\/2025\/04\/ChatGPT-Image-25-abr-2025-11_58_19-1.png\",\"width\":1024,\"height\":622},{\"@type\":\"BreadcrumbList\",\"@id\":\"https:\/\/www.inteligenia.info\/home\/ampliacion-de-la-ue-implicaciones-mas-alla-de-la-defensa-de-la-democracia\/#breadcrumb\",\"itemListElement\":[{\"@type\":\"ListItem\",\"position\":1,\"name\":\"Portada\",\"item\":\"https:\/\/www.inteligenia.info\/home\/\"},{\"@type\":\"ListItem\",\"position\":2,\"name\":\"Ampliaci\u00f3n de la UE: Implicaciones m\u00e1s all\u00e1 de la defensa de la democracia\"}]},{\"@type\":\"WebSite\",\"@id\":\"https:\/\/www.inteligenia.info\/home\/#website\",\"url\":\"https:\/\/www.inteligenia.info\/home\/\",\"name\":\"Inteligenia\",\"description\":\"\",\"publisher\":{\"@id\":\"https:\/\/www.inteligenia.info\/home\/#organization\"},\"potentialAction\":[{\"@type\":\"SearchAction\",\"target\":{\"@type\":\"EntryPoint\",\"urlTemplate\":\"https:\/\/www.inteligenia.info\/home\/?s={search_term_string}\"},\"query-input\":{\"@type\":\"PropertyValueSpecification\",\"valueRequired\":true,\"valueName\":\"search_term_string\"}}],\"inLanguage\":\"es\"},{\"@type\":\"Organization\",\"@id\":\"https:\/\/www.inteligenia.info\/home\/#organization\",\"name\":\"Inteligenia\",\"url\":\"https:\/\/www.inteligenia.info\/home\/\",\"logo\":{\"@type\":\"ImageObject\",\"inLanguage\":\"es\",\"@id\":\"https:\/\/www.inteligenia.info\/home\/#\/schema\/logo\/image\/\",\"url\":\"https:\/\/www.inteligenia.info\/wp-content\/uploads\/2024\/06\/transparent_logo-1-e1718047668142.png\",\"contentUrl\":\"https:\/\/www.inteligenia.info\/wp-content\/uploads\/2024\/06\/transparent_logo-1-e1718047668142.png\",\"width\":674,\"height\":141,\"caption\":\"Inteligenia\"},\"image\":{\"@id\":\"https:\/\/www.inteligenia.info\/home\/#\/schema\/logo\/image\/\"},\"sameAs\":[\"https:\/\/x.com\/INTELIGENIA_\",\"https:\/\/www.linkedin.com\/company\/inteligenia\/?viewAsMember=true\"]},{\"@type\":\"Person\",\"@id\":\"https:\/\/www.inteligenia.info\/home\/#\/schema\/person\/1bf90ee63c207f611a224f9c17dbf031\",\"name\":\"admin\",\"image\":{\"@type\":\"ImageObject\",\"inLanguage\":\"es\",\"@id\":\"https:\/\/www.inteligenia.info\/home\/#\/schema\/person\/image\/\",\"url\":\"https:\/\/secure.gravatar.com\/avatar\/ed712be762908ac190eb3beb8cf9efb0dc9c425bd7b69d40ba8746efca2909c6?s=96&d=mm&r=g\",\"contentUrl\":\"https:\/\/secure.gravatar.com\/avatar\/ed712be762908ac190eb3beb8cf9efb0dc9c425bd7b69d40ba8746efca2909c6?s=96&d=mm&r=g\",\"caption\":\"admin\"},\"sameAs\":[\"http:\/\/www.inteligenia.info\"],\"url\":\"https:\/\/www.inteligenia.info\/home\/author\/admin\/\"}]}<\/script>\n<!-- \/ Yoast SEO plugin. -->","yoast_head_json":{"title":"Ampliaci\u00f3n de la UE: Implicaciones m\u00e1s all\u00e1 de la defensa de la democracia - Inteligenia","robots":{"index":"index","follow":"follow","max-snippet":"max-snippet:-1","max-image-preview":"max-image-preview:large","max-video-preview":"max-video-preview:-1"},"canonical":"https:\/\/www.inteligenia.info\/home\/ampliacion-de-la-ue-implicaciones-mas-alla-de-la-defensa-de-la-democracia\/","og_locale":"es_ES","og_type":"article","og_title":"Ampliaci\u00f3n de la UE: Implicaciones m\u00e1s all\u00e1 de la defensa de la democracia - Inteligenia","og_description":"Joan Frau Morey. Graduado en Seguridad por la Universidad de Barcelona. Actualmente est\u00e1 ejerciendo de Jefe de Seguridad en TASP y cursando el M\u00e1ster en Paz, Seguridad y Defensa en el Instituto Universitario General Guti\u00e9rrez Mellado. Sus principales intereses est\u00e1n relacionados con la geoestrategia, la geopol\u00edtica, la inteligencia y las relaciones internacionales. 1. RESUMEN EJECUTIVO [&hellip;]","og_url":"https:\/\/www.inteligenia.info\/home\/ampliacion-de-la-ue-implicaciones-mas-alla-de-la-defensa-de-la-democracia\/","og_site_name":"Inteligenia","article_published_time":"2025-04-25T10:00:45+00:00","article_modified_time":"2025-04-25T10:02:28+00:00","og_image":[{"width":1024,"height":622,"url":"https:\/\/www.inteligenia.info\/wp-content\/uploads\/2025\/04\/ChatGPT-Image-25-abr-2025-11_58_19-1.png","type":"image\/png"}],"author":"admin","twitter_card":"summary_large_image","twitter_creator":"@INTELIGENIA_","twitter_site":"@INTELIGENIA_","twitter_misc":{"Escrito por":"admin","Tiempo de lectura":"17 minutos"},"schema":{"@context":"https:\/\/schema.org","@graph":[{"@type":"Article","@id":"https:\/\/www.inteligenia.info\/home\/ampliacion-de-la-ue-implicaciones-mas-alla-de-la-defensa-de-la-democracia\/#article","isPartOf":{"@id":"https:\/\/www.inteligenia.info\/home\/ampliacion-de-la-ue-implicaciones-mas-alla-de-la-defensa-de-la-democracia\/"},"author":{"name":"admin","@id":"https:\/\/www.inteligenia.info\/home\/#\/schema\/person\/1bf90ee63c207f611a224f9c17dbf031"},"headline":"Ampliaci\u00f3n de la UE: Implicaciones m\u00e1s all\u00e1 de la defensa de la democracia","datePublished":"2025-04-25T10:00:45+00:00","dateModified":"2025-04-25T10:02:28+00:00","mainEntityOfPage":{"@id":"https:\/\/www.inteligenia.info\/home\/ampliacion-de-la-ue-implicaciones-mas-alla-de-la-defensa-de-la-democracia\/"},"wordCount":3977,"commentCount":0,"publisher":{"@id":"https:\/\/www.inteligenia.info\/home\/#organization"},"image":{"@id":"https:\/\/www.inteligenia.info\/home\/ampliacion-de-la-ue-implicaciones-mas-alla-de-la-defensa-de-la-democracia\/#primaryimage"},"thumbnailUrl":"https:\/\/www.inteligenia.info\/wp-content\/uploads\/2025\/04\/ChatGPT-Image-25-abr-2025-11_58_19-1.png","articleSection":["Art\u00edculos","Geopolitica y Geoestrategia","Seguridad y Defensa"],"inLanguage":"es","potentialAction":[{"@type":"CommentAction","name":"Comment","target":["https:\/\/www.inteligenia.info\/home\/ampliacion-de-la-ue-implicaciones-mas-alla-de-la-defensa-de-la-democracia\/#respond"]}]},{"@type":"WebPage","@id":"https:\/\/www.inteligenia.info\/home\/ampliacion-de-la-ue-implicaciones-mas-alla-de-la-defensa-de-la-democracia\/","url":"https:\/\/www.inteligenia.info\/home\/ampliacion-de-la-ue-implicaciones-mas-alla-de-la-defensa-de-la-democracia\/","name":"Ampliaci\u00f3n de la UE: Implicaciones m\u00e1s all\u00e1 de la defensa de la democracia - Inteligenia","isPartOf":{"@id":"https:\/\/www.inteligenia.info\/home\/#website"},"primaryImageOfPage":{"@id":"https:\/\/www.inteligenia.info\/home\/ampliacion-de-la-ue-implicaciones-mas-alla-de-la-defensa-de-la-democracia\/#primaryimage"},"image":{"@id":"https:\/\/www.inteligenia.info\/home\/ampliacion-de-la-ue-implicaciones-mas-alla-de-la-defensa-de-la-democracia\/#primaryimage"},"thumbnailUrl":"https:\/\/www.inteligenia.info\/wp-content\/uploads\/2025\/04\/ChatGPT-Image-25-abr-2025-11_58_19-1.png","datePublished":"2025-04-25T10:00:45+00:00","dateModified":"2025-04-25T10:02:28+00:00","breadcrumb":{"@id":"https:\/\/www.inteligenia.info\/home\/ampliacion-de-la-ue-implicaciones-mas-alla-de-la-defensa-de-la-democracia\/#breadcrumb"},"inLanguage":"es","potentialAction":[{"@type":"ReadAction","target":["https:\/\/www.inteligenia.info\/home\/ampliacion-de-la-ue-implicaciones-mas-alla-de-la-defensa-de-la-democracia\/"]}]},{"@type":"ImageObject","inLanguage":"es","@id":"https:\/\/www.inteligenia.info\/home\/ampliacion-de-la-ue-implicaciones-mas-alla-de-la-defensa-de-la-democracia\/#primaryimage","url":"https:\/\/www.inteligenia.info\/wp-content\/uploads\/2025\/04\/ChatGPT-Image-25-abr-2025-11_58_19-1.png","contentUrl":"https:\/\/www.inteligenia.info\/wp-content\/uploads\/2025\/04\/ChatGPT-Image-25-abr-2025-11_58_19-1.png","width":1024,"height":622},{"@type":"BreadcrumbList","@id":"https:\/\/www.inteligenia.info\/home\/ampliacion-de-la-ue-implicaciones-mas-alla-de-la-defensa-de-la-democracia\/#breadcrumb","itemListElement":[{"@type":"ListItem","position":1,"name":"Portada","item":"https:\/\/www.inteligenia.info\/home\/"},{"@type":"ListItem","position":2,"name":"Ampliaci\u00f3n de la UE: Implicaciones m\u00e1s all\u00e1 de la defensa de la democracia"}]},{"@type":"WebSite","@id":"https:\/\/www.inteligenia.info\/home\/#website","url":"https:\/\/www.inteligenia.info\/home\/","name":"Inteligenia","description":"","publisher":{"@id":"https:\/\/www.inteligenia.info\/home\/#organization"},"potentialAction":[{"@type":"SearchAction","target":{"@type":"EntryPoint","urlTemplate":"https:\/\/www.inteligenia.info\/home\/?s={search_term_string}"},"query-input":{"@type":"PropertyValueSpecification","valueRequired":true,"valueName":"search_term_string"}}],"inLanguage":"es"},{"@type":"Organization","@id":"https:\/\/www.inteligenia.info\/home\/#organization","name":"Inteligenia","url":"https:\/\/www.inteligenia.info\/home\/","logo":{"@type":"ImageObject","inLanguage":"es","@id":"https:\/\/www.inteligenia.info\/home\/#\/schema\/logo\/image\/","url":"https:\/\/www.inteligenia.info\/wp-content\/uploads\/2024\/06\/transparent_logo-1-e1718047668142.png","contentUrl":"https:\/\/www.inteligenia.info\/wp-content\/uploads\/2024\/06\/transparent_logo-1-e1718047668142.png","width":674,"height":141,"caption":"Inteligenia"},"image":{"@id":"https:\/\/www.inteligenia.info\/home\/#\/schema\/logo\/image\/"},"sameAs":["https:\/\/x.com\/INTELIGENIA_","https:\/\/www.linkedin.com\/company\/inteligenia\/?viewAsMember=true"]},{"@type":"Person","@id":"https:\/\/www.inteligenia.info\/home\/#\/schema\/person\/1bf90ee63c207f611a224f9c17dbf031","name":"admin","image":{"@type":"ImageObject","inLanguage":"es","@id":"https:\/\/www.inteligenia.info\/home\/#\/schema\/person\/image\/","url":"https:\/\/secure.gravatar.com\/avatar\/ed712be762908ac190eb3beb8cf9efb0dc9c425bd7b69d40ba8746efca2909c6?s=96&d=mm&r=g","contentUrl":"https:\/\/secure.gravatar.com\/avatar\/ed712be762908ac190eb3beb8cf9efb0dc9c425bd7b69d40ba8746efca2909c6?s=96&d=mm&r=g","caption":"admin"},"sameAs":["http:\/\/www.inteligenia.info"],"url":"https:\/\/www.inteligenia.info\/home\/author\/admin\/"}]}},"_links":{"self":[{"href":"https:\/\/www.inteligenia.info\/home\/wp-json\/wp\/v2\/posts\/985","targetHints":{"allow":["GET"]}}],"collection":[{"href":"https:\/\/www.inteligenia.info\/home\/wp-json\/wp\/v2\/posts"}],"about":[{"href":"https:\/\/www.inteligenia.info\/home\/wp-json\/wp\/v2\/types\/post"}],"author":[{"embeddable":true,"href":"https:\/\/www.inteligenia.info\/home\/wp-json\/wp\/v2\/users\/1"}],"replies":[{"embeddable":true,"href":"https:\/\/www.inteligenia.info\/home\/wp-json\/wp\/v2\/comments?post=985"}],"version-history":[{"count":1,"href":"https:\/\/www.inteligenia.info\/home\/wp-json\/wp\/v2\/posts\/985\/revisions"}],"predecessor-version":[{"id":988,"href":"https:\/\/www.inteligenia.info\/home\/wp-json\/wp\/v2\/posts\/985\/revisions\/988"}],"wp:featuredmedia":[{"embeddable":true,"href":"https:\/\/www.inteligenia.info\/home\/wp-json\/wp\/v2\/media\/989"}],"wp:attachment":[{"href":"https:\/\/www.inteligenia.info\/home\/wp-json\/wp\/v2\/media?parent=985"}],"wp:term":[{"taxonomy":"category","embeddable":true,"href":"https:\/\/www.inteligenia.info\/home\/wp-json\/wp\/v2\/categories?post=985"},{"taxonomy":"post_tag","embeddable":true,"href":"https:\/\/www.inteligenia.info\/home\/wp-json\/wp\/v2\/tags?post=985"}],"curies":[{"name":"wp","href":"https:\/\/api.w.org\/{rel}","templated":true}]}}