{"id":992,"date":"2025-04-29T10:12:06","date_gmt":"2025-04-29T10:12:06","guid":{"rendered":"https:\/\/www.inteligenia.info\/?p=992"},"modified":"2025-04-29T10:12:06","modified_gmt":"2025-04-29T10:12:06","slug":"apagon-electrico-del-28-de-abril-de-2025-en-espana-primer-analisis-tecnico-hipotesis-y-escenarios-de-futuro","status":"publish","type":"post","link":"https:\/\/www.inteligenia.info\/home\/apagon-electrico-del-28-de-abril-de-2025-en-espana-primer-analisis-tecnico-hipotesis-y-escenarios-de-futuro\/","title":{"rendered":"Apag\u00f3n El\u00e9ctrico del 28 de abril de 2025 en Espa\u00f1a Primer An\u00e1lisis T\u00e9cnico, Hip\u00f3tesis y Escenarios de Futuro"},"content":{"rendered":"\n<p><strong>1. INTRODUCCION<\/strong><\/p>\n\n\n\n<p>El lunes 28 de abril de 2025, a las 12:33 (hora peninsular), Espa\u00f1a sufri\u00f3 el mayor colapso el\u00e9ctrico de su historia reciente. Una abrupta ca\u00edda de generaci\u00f3n de m\u00e1s de 15.000 megavatios \u2014equivalente al 60% de la demanda nacional en ese momento\u2014 provoc\u00f3 una desconexi\u00f3n autom\u00e1tica de la red el\u00e9ctrica espa\u00f1ola del sistema interconectado europeo. El apag\u00f3n afect\u00f3 a m\u00e1s de 30 millones de personas, paraliz\u00f3 infraestructuras clave y dej\u00f3 fuera de servicio durante horas a hospitales, estaciones de tren, redes de telecomunicaciones, sistemas bancarios, servicios de emergencia y plataformas digitales.<\/p>\n\n\n\n<p>La interrupci\u00f3n fue s\u00fabita: en menos de cinco segundos, una serie de oscilaciones an\u00f3malas en la red de transporte de alta tensi\u00f3n desencadenaron una reacci\u00f3n en cadena que llev\u00f3 al colapso del sistema peninsular. Zonas enteras del pa\u00eds, incluidas grandes ciudades como Madrid, Barcelona, Valencia y Sevilla, quedaron sin suministro el\u00e9ctrico. Solo los sistemas insulares (Baleares y Canarias) permanecieron operativos gracias a su independencia el\u00e9ctrica.<\/p>\n\n\n\n<p>El suceso ha generado una oleada de preocupaci\u00f3n tanto a nivel nacional como internacional, no solo por su alcance, sino por la falta inicial de una causa clara. Red El\u00e9ctrica de Espa\u00f1a (REE), el Ministerio para la Transici\u00f3n Ecol\u00f3gica y el Reto Demogr\u00e1fico, el Centro Nacional de Inteligencia (CNI) y organismos europeos como ENTSO-E han activado investigaciones paralelas para esclarecer el origen de la perturbaci\u00f3n. Mientras tanto, expertos advierten de una posible combinaci\u00f3n de fallos t\u00e9cnicos estructurales, descoordinaci\u00f3n operativa y posibles riesgos cibern\u00e9ticos o de seguridad energ\u00e9tica.<\/p>\n\n\n\n<p>M\u00e1s all\u00e1 de la urgencia inmediata de restablecer el servicio \u2014lograda casi en su totalidad al d\u00eda siguiente\u2014, el incidente reabre el debate sobre la resiliencia del sistema el\u00e9ctrico espa\u00f1ol, la dependencia de interconexiones internacionales y la vulnerabilidad de las infraestructuras cr\u00edticas ante perturbaciones extremas, ya sean accidentales o intencionadas.<\/p>\n\n\n\n<p><strong>2. CRONOLOGIA<\/strong><\/p>\n\n\n\n<p><strong>Lunes, 28 de abril de 2025<\/strong><br>\u2022 12:32\u201312:33 h: Se detecta una fuerte oscilaci\u00f3n en la red el\u00e9ctrica peninsular. En apenas 5 segundos, se pierde repentinamente m\u00e1s de 15.000 MW de generaci\u00f3n, lo que representa aproximadamente el 60% de la demanda en ese momento.<br>\u2022 12:34\u201312:38 h: Activaci\u00f3n de protecciones autom\u00e1ticas. La red el\u00e9ctrica peninsular se desconecta del sistema el\u00e9ctrico europeo (ENTSO-E) para evitar un colapso en cascada. Se cierran interconexiones con Francia y Marruecos.<br>\u2022 12:40\u201314:00 h: Ca\u00edda generalizada del suministro el\u00e9ctrico en m\u00e1s del 85% del territorio peninsular. Las regiones m\u00e1s afectadas son Madrid, Catalu\u00f1a, Comunidad Valenciana, Castilla-La Mancha y Andaluc\u00eda. Baleares y Canarias no resultan afectadas, al contar con sistemas el\u00e9ctricos insulares independientes.<br>\u2022 13:10 h: El Gobierno activa el Gabinete de Crisis en la sede de Red El\u00e9ctrica de Espa\u00f1a (REE). Asisten el presidente Pedro S\u00e1nchez, la vicepresidenta cuarta y ministra de Transici\u00f3n Ecol\u00f3gica, Sara Aagesen, y los ministros del Interior, Defensa y Transportes.<br>\u2022 13:45 h: Se convoca una reuni\u00f3n extraordinaria del Consejo de Seguridad Nacional (CSN) en el Palacio de La Moncloa. Presidida por el presidente del Gobierno, participan los titulares de Defensa, Interior, Transici\u00f3n Ecol\u00f3gica y representantes del CNI y el Departamento de Seguridad Nacional.<br>\u2022 15:00\u201322:00 h: Se activa el protocolo de recuperaci\u00f3n mediante \u201carranque en negro\u201d (black start) y sincronizaci\u00f3n de nodos. Las \u00e1reas del norte y sur de la pen\u00ednsula recuperan el suministro m\u00e1s r\u00e1pidamente gracias a la estabilidad de sus redes regionales.<br>\u2022 18:00 h: Comparecencia del presidente Pedro S\u00e1nchez desde La Moncloa. Informa de que \u00abtodas las hip\u00f3tesis est\u00e1n abiertas\u00bb y que se ha descartado un ciberataque en ese momento. Se remite a los informes preliminares de REE y al seguimiento del ENTSO-E.<br>\u2022 20:30 h: Segunda reuni\u00f3n del Consejo de Seguridad Nacional. Se eval\u00faa la recuperaci\u00f3n progresiva y se ordena mantener vigilancia reforzada sobre infraestructuras cr\u00edticas. El CNI confirma ausencia de ciberactividad an\u00f3mala.<br>\u2022 23:00 h: El operador REE informa que el 61,35% de la demanda ha sido recuperada en la pen\u00ednsula. Se prioriza la alimentaci\u00f3n de instalaciones estrat\u00e9gicas (hospitales, comunicaciones, transporte).<\/p>\n\n\n\n<p><br><strong>Martes, 29 de abril de 2025<\/strong><br>\u2022 04:00 h: Red El\u00e9ctrica de Espa\u00f1a comunica que el 87,37% del suministro ha sido restaurado en la Espa\u00f1a continental. Persisten cortes puntuales en zonas rurales o con redes d\u00e9biles.<br>\u2022 06:00 h: Se alcanza el 99% de recuperaci\u00f3n de la demanda el\u00e9ctrica. Se mantienen mecanismos de protecci\u00f3n activa en subestaciones clave y vigilancia remota reforzada.<br>\u2022 06:30 h: Alc\u00e1zar de San Juan, una de las localidades con mayor duraci\u00f3n del apag\u00f3n (18 horas), recupera la electricidad completamente.<br>\u2022 07:00 h: REE indica que el 99,95% del suministro el\u00e9ctrico nacional est\u00e1 operativo. El sistema est\u00e1 en modo de operaci\u00f3n seguro, pero bajo vigilancia intensa.<br>\u2022 08:00 h: Reactivaci\u00f3n generalizada del transporte urbano:<br>o Metro de Madrid reabre parcialmente, con todas las l\u00edneas operativas salvo una.<br>o En Barcelona, tres l\u00edneas siguen cerradas por inestabilidad del suministro.<br>o Adif confirma normalizaci\u00f3n de la red ferroviaria tras 18 horas de paralizaci\u00f3n.<br>\u2022 09:30 h: Tercera reuni\u00f3n del Consejo de Seguridad Nacional. Se revisan informes t\u00e9cnicos de REE, el CNI y el Ministerio de Transici\u00f3n Ecol\u00f3gica. Se establece una comisi\u00f3n interministerial para investigar las causas estructurales del colapso.<\/p>\n\n\n\n<p><strong>3. CARACTERISTICAS DEL APAGON<\/strong><\/p>\n\n\n\n<p>Red El\u00e9ctrica describi\u00f3 el evento como una \u201coscilaci\u00f3n muy fuerte en los flujos de potencia\u201d que gener\u00f3 desequilibrios cr\u00edticos entre generaci\u00f3n y demanda. La ca\u00edda abrupta de frecuencia llev\u00f3 a la activaci\u00f3n de protecciones autom\u00e1ticas en plantas de generaci\u00f3n y en los sistemas de transporte, lo que desencaden\u00f3 una desconexi\u00f3n en cascada.<\/p>\n\n\n\n<p>Se identificaron tres factores t\u00e9cnicos clave:<br>\u2022 Ca\u00edda masiva de generaci\u00f3n activa (&gt;15 GW en segundos)<br>\u2022 Desconexi\u00f3n autom\u00e1tica de interconexiones internacionales<br>\u2022 Fallo en el rebalanceo inmediato, provocando el blackout generalizado<\/p>\n\n\n\n<p>La centralizaci\u00f3n del incidente en Espa\u00f1a es significativa, aunque Portugal y el sur de Francia tambi\u00e9n se vieron parcialmente afectados. Sin embargo, fue la red espa\u00f1ola la que absorbi\u00f3 el mayor impacto operativo.<\/p>\n\n\n\n<p><strong>4. HIPOTESIS TECNICAS FUNDAMENTADAS<\/strong><\/p>\n\n\n\n<p>A falta de un informe oficial definitivo, estas son las hip\u00f3tesis m\u00e1s respaldadas por datos y expertos:<\/p>\n\n\n\n<p><strong>4.1. Falla s\u00fabita en infraestructura cr\u00edtica<\/strong><\/p>\n\n\n\n<p><br>Una desconexi\u00f3n de gran escala sugiere un posible fallo en un nodo clave de la red de alta tensi\u00f3n, como una subestaci\u00f3n de 400 kV o una l\u00ednea de evacuaci\u00f3n desde varias centrales grandes (por ejemplo, ciclos combinados, hidr\u00e1ulicas o e\u00f3licas agrupadas). Aunque REE no ha identificado p\u00fablicamente un punto espec\u00edfico, algunos analistas apuntan a la zona noreste como posible origen (\u00e1rea de alta carga renovable + proximidad a interconexi\u00f3n con Francia).<\/p>\n\n\n\n<p><br><strong>Probabilidad t\u00e9cnica:<\/strong> Alta<br><strong>Verificabilidad: <\/strong>En curso. Se requiere trazado forense en SCADA y registros PMU.<\/p>\n\n\n\n<p><strong>4.2. Fen\u00f3meno atmosf\u00e9rico inusual<\/strong><\/p>\n\n\n\n<p>REE y REN han se\u00f1alado que una anomal\u00eda t\u00e9rmica en las l\u00edneas de transporte podr\u00eda haber inducido oscilaciones el\u00e9ctricas no controladas. Estas variaciones t\u00e9rmicas pueden causar elongaci\u00f3n o contracci\u00f3n s\u00fabita de conductores, lo cual cambia su impedancia y estabilidad.<\/p>\n\n\n\n<p><strong>Probabilidad t\u00e9cnica:<\/strong> Media<br><strong>Verificabilidad:<\/strong> Requiere an\u00e1lisis meteorol\u00f3gico y datos t\u00e9rmicos de l\u00ednea en tiempo real.<\/p>\n\n\n\n<p><strong>4.3. Sobrecarga del sistema renovable<\/strong><\/p>\n\n\n\n<p>La alta penetraci\u00f3n de renovables intermitentes (solar y e\u00f3lica representaban m\u00e1s del 60% de la generaci\u00f3n activa ese d\u00eda) podr\u00eda haber contribuido a una falta de inercia en la red, dificultando la contenci\u00f3n de oscilaciones. Un peque\u00f1o desbalance de potencia pudo haber escalado r\u00e1pidamente sin generaci\u00f3n firme suficiente.<\/p>\n\n\n\n<p><strong>Probabilidad t\u00e9cnica<\/strong>: Alta<br><strong>Verificabilidad:<\/strong> Alta, mediante datos de despacho horario.<\/p>\n\n\n\n<p><strong>4.4. Error de control autom\u00e1tico o software<\/strong><\/p>\n\n\n\n<p>Los sistemas SCADA y EMS podr\u00edan haber interpretado lecturas err\u00f3neas o activado desconexiones incorrectas ante se\u00f1ales de anomal\u00eda. Fallos de automatizaci\u00f3n en momentos cr\u00edticos han sido causa de apagones en el pasado (Ej. caso India 2012).<\/p>\n\n\n\n<p><strong>Probabilidad t\u00e9cnica:<\/strong> Media-baja<br><strong>Verificabilidad:<\/strong> Requiere auditor\u00eda detallada de logs del sistema.<\/p>\n\n\n\n<p><strong>4.5. Ataque cibern\u00e9tico (descartado preliminarmente)<\/strong><\/p>\n\n\n\n<p>A pesar de los rumores, el Centro Criptol\u00f3gico Nacional (CCN-CERT), el Ministerio de Defensa y REE han indicado que no hay indicios de intrusi\u00f3n digital o sabotaje coordinado.<\/p>\n\n\n\n<p><strong>Probabilidad t\u00e9cnica:<\/strong> Baja<br><strong>Verificabilidad<\/strong>: Alta. No se han detectado rastros de malware, exploits ni control remoto externo.<\/p>\n\n\n\n<p><strong>5. IMPACTO NACIONAL DEL APAGON<\/strong><\/p>\n\n\n\n<p>\u2022 Transporte: Se paralizaron trenes de Renfe (AVE, Media y Cercan\u00edas), Metro en grandes ciudades (Madrid, Barcelona, Valencia), y tranv\u00edas. El caos afect\u00f3 a m\u00e1s de 2 millones de usuarios.<\/p>\n\n\n\n<p>\u2022 Sanidad: Hospitales activaron generadores de emergencia. Algunos quir\u00f3fanos fueron suspendidos. Hubo retrasos en servicios de urgencias y diagn\u00f3stico.<\/p>\n\n\n\n<p>\u2022 Telecomunicaciones: Ca\u00eddas intermitentes de redes m\u00f3viles y datos, en parte por saturaci\u00f3n. Algunas torres repetidoras sin respaldo sufrieron apag\u00f3n completo.<\/p>\n\n\n\n<p>\u2022 Banca y comercios: TPVs inoperativos, cajeros autom\u00e1ticos bloqueados. Cierres temporales en supermercados y estaciones de servicio.<\/p>\n\n\n\n<p>\u2022 Administraci\u00f3n p\u00fablica y ayuntamientos: Paralizaci\u00f3n de servicios electr\u00f3nicos, emisi\u00f3n de certificados, sistemas de tr\u00e1fico y videovigilancia.<\/p>\n\n\n\n<p><strong>6. ESCENARIOS DE FUTURO PARA EL SISTEMA ELECTRICO ESPA\u00d1OL <\/strong><\/p>\n\n\n\n<p><strong>6.1. Refuerzo de interconexiones internacionales<\/strong><\/p>\n\n\n\n<p>Espa\u00f1a tiene una d\u00e9bil integraci\u00f3n el\u00e9ctrica con Europa. Las interconexiones con Francia no alcanzan a\u00fan el m\u00ednimo europeo del 10%. El apag\u00f3n refuerza la urgencia de duplicar la capacidad (de 2,8 GW actuales a >5 GW) con proyectos como:<\/p>\n\n\n\n<p>\u2022 Interconexi\u00f3n Golfo de Vizcaya (2028)<br>\u2022 Interconexi\u00f3n Arag\u00f3n-Aquitania (en desarrollo)<br>\u2022 Interconexi\u00f3n por Navarra y Pa\u00eds Vasco<\/p>\n\n\n\n<p><strong>Ventaja:<\/strong> permite soporte mutuo en situaciones de emergencia.<\/p>\n\n\n\n<p><strong>6.2. Digitalizaci\u00f3n y sensorizaci\u00f3n de la red<\/strong><\/p>\n\n\n\n<p>El despliegue masivo de sensores PMU, SCADA en tiempo real y redes 5G industriales permitir\u00eda detectar oscilaciones el\u00e9ctricas antes de que colapsen el sistema. La inteligencia artificial aplicada al control din\u00e1mico de cargas y generaci\u00f3n ser\u00e1 fundamental.<\/p>\n\n\n\n<p><strong>Prioridad: <\/strong>Alta<br><strong>Inversi\u00f3n estimada<\/strong>: >1.500 millones \u20ac (2025-2030)<\/p>\n\n\n\n<p><strong>6.3. Almacenamiento energ\u00e9tico y flexibilidad de red<\/strong><\/p>\n\n\n\n<p>Espa\u00f1a necesita reforzar la capacidad de amortiguaci\u00f3n del sistema mediante:<\/p>\n\n\n\n<p>\u2022 Bater\u00edas de litio a gran escala (Ej. proyectos en Teruel y Almer\u00eda)<br>\u2022 Bombeo hidr\u00e1ulico (reaprovechamiento de presas)<br>\u2022 Hidr\u00f3geno verde inyectable<br>\u2022 Flexibilidad en grandes consumidores (industria, regad\u00edos)<\/p>\n\n\n\n<p><strong>Objetivo:<\/strong> compensar variaciones s\u00fabitas de renovables.<\/p>\n\n\n\n<p><strong>6.4. Revisi\u00f3n normativa y planes de contingencia<\/strong><\/p>\n\n\n\n<p>El gobierno deber\u00e1 reformar el Plan de Seguridad Energ\u00e9tica Nacional. Entre otras medidas:<\/p>\n\n\n\n<p>\u2022 Garant\u00eda de autonom\u00eda el\u00e9ctrica m\u00ednima para instalaciones cr\u00edticas (&gt;12h)<br>\u2022 Obligaci\u00f3n de planes de continuidad en grandes empresas<br>\u2022 Sistema de alerta ciudadana ante riesgo de blackout<br>\u2022 Auditor\u00edas peri\u00f3dicas a operadores de red<\/p>\n\n\n\n<p><strong>6.5. Educaci\u00f3n y autoconsumo<\/strong><\/p>\n\n\n\n<p>Fomentar el autoconsumo dom\u00e9stico (fotovoltaica + bater\u00edas) y la instalaci\u00f3n de microredes en comunidades, pol\u00edgonos y zonas rurales aumentar\u00e1 la resiliencia del sistema. Una red descentralizada es menos vulnerable a fallos masivos.<\/p>\n\n\n\n<p><strong>Meta 2030:<\/strong> 2,5 millones de hogares con autoconsumo activo.<\/p>\n\n\n\n<p><strong>7.PRIMERAS CONCLUSIONES<\/strong><\/p>\n\n\n\n<p><strong>Vulnerabilidad estructural del sistema el\u00e9ctrico nacional<\/strong><br>El apag\u00f3n del 28 de abril de 2025 ha puesto de manifiesto fragilidades significativas en la arquitectura del sistema el\u00e9ctrico espa\u00f1ol. La limitada resiliencia ante perturbaciones, la d\u00e9bil integraci\u00f3n entre zonas geogr\u00e1ficas y la falta de redundancia en nodos cr\u00edticos han contribuido a la magnitud del incidente.<\/p>\n\n\n\n<p><strong>Origen t\u00e9cnico con consecuencias amplificadas<\/strong><br>Aunque los indicios preliminares apuntan a una causa t\u00e9cnica espec\u00edfica \u2014posiblemente relacionada con fallos en sistemas de control o sobrecarga en ciertas l\u00edneas\u2014, la propagaci\u00f3n del apag\u00f3n fue consecuencia directa de deficiencias sist\u00e9micas acumuladas, tanto en infraestructura como en gesti\u00f3n operativa.<\/p>\n\n\n\n<p><strong>Desbalance entre generaci\u00f3n renovable y respaldo firme<\/strong><br>La creciente participaci\u00f3n de fuentes de energ\u00eda renovable en la matriz energ\u00e9tica nacional, sin un desarrollo proporcional de mecanismos de almacenamiento ni generaci\u00f3n de respaldo (como ciclos combinados o bater\u00edas a gran escala), ha generado una falta de flexibilidad que agrava la inestabilidad de la red en momentos cr\u00edticos.<\/p>\n\n\n\n<p><strong>Insuficiente digitalizaci\u00f3n y automatizaci\u00f3n de la red<\/strong><br>El evento evidenci\u00f3 la necesidad de contar con sistemas m\u00e1s avanzados de monitoreo en tiempo real, predicci\u00f3n de carga y respuesta automatizada ante fallos. La actual capacidad de reacci\u00f3n ante alteraciones en el flujo el\u00e9ctrico sigue siendo inadecuada para un sistema energ\u00e9tico moderno y descentralizado.<\/p>\n\n\n\n<p><strong>Impacto social y econ\u00f3mico considerable<\/strong><br>El apag\u00f3n tuvo consecuencias notables en m\u00faltiples sectores, desde interrupciones en el transporte p\u00fablico y la atenci\u00f3n sanitaria, hasta p\u00e9rdidas econ\u00f3micas en industrias clave. Este impacto pone en relieve la interdependencia cr\u00edtica entre el suministro el\u00e9ctrico y el funcionamiento del tejido social y productivo.<\/p>\n\n\n\n<p><strong>Desaf\u00edo reputacional e institucional<\/strong><br>La p\u00e9rdida de confianza por parte de la ciudadan\u00eda y de los agentes econ\u00f3micos en la fiabilidad del sistema el\u00e9ctrico representa un riesgo reputacional para las instituciones responsables. Recuperar esa confianza exigir\u00e1 transparencia en la comunicaci\u00f3n, as\u00ed como un compromiso claro con reformas estructurales.<\/p>\n\n\n\n<p><strong>Necesidad de inversi\u00f3n y planificaci\u00f3n estrat\u00e9gica<\/strong><br>Espa\u00f1a debe acelerar sus planes de inversi\u00f3n en cuatro ejes fundamentales:<\/p>\n\n\n\n<ul class=\"wp-block-list\">\n<li>Reforzamiento de interconexiones regionales y transfronterizas.<\/li>\n\n\n\n<li>Desarrollo de tecnolog\u00edas de almacenamiento energ\u00e9tico (bater\u00edas, hidr\u00f3geno, bombeo, etc.).<\/li>\n\n\n\n<li>Ampliaci\u00f3n de la digitalizaci\u00f3n y control inteligente de la red (smart grids).<\/li>\n\n\n\n<li>Educaci\u00f3n energ\u00e9tica dirigida tanto a consumidores como a operadores del sistema.<\/li>\n<\/ul>\n\n\n\n<p><strong>Lecci\u00f3n para la transici\u00f3n energ\u00e9tica<\/strong><br>Este evento debe entenderse como una advertencia seria: la transici\u00f3n hacia una econom\u00eda descarbonizada no puede basarse \u00fanicamente en el aumento de fuentes renovables. Es imprescindible que dicha transici\u00f3n se acompa\u00f1e de una transformaci\u00f3n integral del sistema el\u00e9ctrico, que incluya solidez t\u00e9cnica, robustez operativa y una visi\u00f3n estrat\u00e9gica de largo plazo.<\/p>\n\n\n\n<p><\/p>\n","protected":false},"excerpt":{"rendered":"<p>1. INTRODUCCION El lunes 28 de abril de 2025, a las 12:33 (hora peninsular), Espa\u00f1a sufri\u00f3 el mayor colapso el\u00e9ctrico de su historia reciente. Una abrupta ca\u00edda de generaci\u00f3n de m\u00e1s de 15.000 megavatios \u2014equivalente al 60% de la demanda nacional en ese momento\u2014 provoc\u00f3 una desconexi\u00f3n autom\u00e1tica de la red el\u00e9ctrica espa\u00f1ola del sistema [&hellip;]<\/p>\n","protected":false},"author":1,"featured_media":993,"comment_status":"open","ping_status":"open","sticky":false,"template":"","format":"standard","meta":{"saved_in_kubio":false,"footnotes":""},"categories":[13,21],"tags":[],"class_list":["post-992","post","type-post","status-publish","format-standard","has-post-thumbnail","hentry","category-articulos","category-tecnologia"],"yoast_head":"<!-- This site is optimized with the Yoast SEO plugin v27.0 - https:\/\/yoast.com\/product\/yoast-seo-wordpress\/ -->\n<title>Apag\u00f3n El\u00e9ctrico del 28 de abril de 2025 en Espa\u00f1a Primer An\u00e1lisis T\u00e9cnico, Hip\u00f3tesis y Escenarios de Futuro - Inteligenia<\/title>\n<meta name=\"robots\" content=\"index, follow, max-snippet:-1, max-image-preview:large, max-video-preview:-1\" \/>\n<link rel=\"canonical\" href=\"https:\/\/www.inteligenia.info\/home\/apagon-electrico-del-28-de-abril-de-2025-en-espana-primer-analisis-tecnico-hipotesis-y-escenarios-de-futuro\/\" \/>\n<meta property=\"og:locale\" content=\"es_ES\" \/>\n<meta property=\"og:type\" content=\"article\" \/>\n<meta property=\"og:title\" content=\"Apag\u00f3n El\u00e9ctrico del 28 de abril de 2025 en Espa\u00f1a Primer An\u00e1lisis T\u00e9cnico, Hip\u00f3tesis y Escenarios de Futuro - Inteligenia\" \/>\n<meta property=\"og:description\" content=\"1. INTRODUCCION El lunes 28 de abril de 2025, a las 12:33 (hora peninsular), Espa\u00f1a sufri\u00f3 el mayor colapso el\u00e9ctrico de su historia reciente. Una abrupta ca\u00edda de generaci\u00f3n de m\u00e1s de 15.000 megavatios \u2014equivalente al 60% de la demanda nacional en ese momento\u2014 provoc\u00f3 una desconexi\u00f3n autom\u00e1tica de la red el\u00e9ctrica espa\u00f1ola del sistema [&hellip;]\" \/>\n<meta property=\"og:url\" content=\"https:\/\/www.inteligenia.info\/home\/apagon-electrico-del-28-de-abril-de-2025-en-espana-primer-analisis-tecnico-hipotesis-y-escenarios-de-futuro\/\" \/>\n<meta property=\"og:site_name\" content=\"Inteligenia\" \/>\n<meta property=\"article:published_time\" content=\"2025-04-29T10:12:06+00:00\" \/>\n<meta property=\"og:image\" content=\"https:\/\/www.inteligenia.info\/wp-content\/uploads\/2025\/04\/visualization-energy-flowing-through-power-tower-lines-night-sky-infrastructure-ensuring-transmission-electricity-through-voltage-distribution-cables-3d-render-animation-scaled.jpg\" \/>\n\t<meta property=\"og:image:width\" content=\"2560\" \/>\n\t<meta property=\"og:image:height\" content=\"1575\" \/>\n\t<meta property=\"og:image:type\" content=\"image\/jpeg\" \/>\n<meta name=\"author\" content=\"admin\" \/>\n<meta name=\"twitter:card\" content=\"summary_large_image\" \/>\n<meta name=\"twitter:creator\" content=\"@INTELIGENIA_\" \/>\n<meta name=\"twitter:site\" content=\"@INTELIGENIA_\" \/>\n<meta name=\"twitter:label1\" content=\"Escrito por\" \/>\n\t<meta name=\"twitter:data1\" content=\"admin\" \/>\n\t<meta name=\"twitter:label2\" content=\"Tiempo de lectura\" \/>\n\t<meta name=\"twitter:data2\" content=\"10 minutos\" \/>\n<script type=\"application\/ld+json\" class=\"yoast-schema-graph\">{\"@context\":\"https:\/\/schema.org\",\"@graph\":[{\"@type\":\"Article\",\"@id\":\"https:\/\/www.inteligenia.info\/home\/apagon-electrico-del-28-de-abril-de-2025-en-espana-primer-analisis-tecnico-hipotesis-y-escenarios-de-futuro\/#article\",\"isPartOf\":{\"@id\":\"https:\/\/www.inteligenia.info\/home\/apagon-electrico-del-28-de-abril-de-2025-en-espana-primer-analisis-tecnico-hipotesis-y-escenarios-de-futuro\/\"},\"author\":{\"name\":\"admin\",\"@id\":\"https:\/\/www.inteligenia.info\/home\/#\/schema\/person\/1bf90ee63c207f611a224f9c17dbf031\"},\"headline\":\"Apag\u00f3n El\u00e9ctrico del 28 de abril de 2025 en Espa\u00f1a Primer An\u00e1lisis T\u00e9cnico, Hip\u00f3tesis y Escenarios de Futuro\",\"datePublished\":\"2025-04-29T10:12:06+00:00\",\"mainEntityOfPage\":{\"@id\":\"https:\/\/www.inteligenia.info\/home\/apagon-electrico-del-28-de-abril-de-2025-en-espana-primer-analisis-tecnico-hipotesis-y-escenarios-de-futuro\/\"},\"wordCount\":2327,\"commentCount\":1,\"publisher\":{\"@id\":\"https:\/\/www.inteligenia.info\/home\/#organization\"},\"image\":{\"@id\":\"https:\/\/www.inteligenia.info\/home\/apagon-electrico-del-28-de-abril-de-2025-en-espana-primer-analisis-tecnico-hipotesis-y-escenarios-de-futuro\/#primaryimage\"},\"thumbnailUrl\":\"https:\/\/www.inteligenia.info\/wp-content\/uploads\/2025\/04\/visualization-energy-flowing-through-power-tower-lines-night-sky-infrastructure-ensuring-transmission-electricity-through-voltage-distribution-cables-3d-render-animation-scaled.jpg\",\"articleSection\":[\"Art\u00edculos\",\"Tecnolog\u00eda\"],\"inLanguage\":\"es\",\"potentialAction\":[{\"@type\":\"CommentAction\",\"name\":\"Comment\",\"target\":[\"https:\/\/www.inteligenia.info\/home\/apagon-electrico-del-28-de-abril-de-2025-en-espana-primer-analisis-tecnico-hipotesis-y-escenarios-de-futuro\/#respond\"]}]},{\"@type\":\"WebPage\",\"@id\":\"https:\/\/www.inteligenia.info\/home\/apagon-electrico-del-28-de-abril-de-2025-en-espana-primer-analisis-tecnico-hipotesis-y-escenarios-de-futuro\/\",\"url\":\"https:\/\/www.inteligenia.info\/home\/apagon-electrico-del-28-de-abril-de-2025-en-espana-primer-analisis-tecnico-hipotesis-y-escenarios-de-futuro\/\",\"name\":\"Apag\u00f3n El\u00e9ctrico del 28 de abril de 2025 en Espa\u00f1a Primer An\u00e1lisis T\u00e9cnico, Hip\u00f3tesis y Escenarios de Futuro - Inteligenia\",\"isPartOf\":{\"@id\":\"https:\/\/www.inteligenia.info\/home\/#website\"},\"primaryImageOfPage\":{\"@id\":\"https:\/\/www.inteligenia.info\/home\/apagon-electrico-del-28-de-abril-de-2025-en-espana-primer-analisis-tecnico-hipotesis-y-escenarios-de-futuro\/#primaryimage\"},\"image\":{\"@id\":\"https:\/\/www.inteligenia.info\/home\/apagon-electrico-del-28-de-abril-de-2025-en-espana-primer-analisis-tecnico-hipotesis-y-escenarios-de-futuro\/#primaryimage\"},\"thumbnailUrl\":\"https:\/\/www.inteligenia.info\/wp-content\/uploads\/2025\/04\/visualization-energy-flowing-through-power-tower-lines-night-sky-infrastructure-ensuring-transmission-electricity-through-voltage-distribution-cables-3d-render-animation-scaled.jpg\",\"datePublished\":\"2025-04-29T10:12:06+00:00\",\"breadcrumb\":{\"@id\":\"https:\/\/www.inteligenia.info\/home\/apagon-electrico-del-28-de-abril-de-2025-en-espana-primer-analisis-tecnico-hipotesis-y-escenarios-de-futuro\/#breadcrumb\"},\"inLanguage\":\"es\",\"potentialAction\":[{\"@type\":\"ReadAction\",\"target\":[\"https:\/\/www.inteligenia.info\/home\/apagon-electrico-del-28-de-abril-de-2025-en-espana-primer-analisis-tecnico-hipotesis-y-escenarios-de-futuro\/\"]}]},{\"@type\":\"ImageObject\",\"inLanguage\":\"es\",\"@id\":\"https:\/\/www.inteligenia.info\/home\/apagon-electrico-del-28-de-abril-de-2025-en-espana-primer-analisis-tecnico-hipotesis-y-escenarios-de-futuro\/#primaryimage\",\"url\":\"https:\/\/www.inteligenia.info\/wp-content\/uploads\/2025\/04\/visualization-energy-flowing-through-power-tower-lines-night-sky-infrastructure-ensuring-transmission-electricity-through-voltage-distribution-cables-3d-render-animation-scaled.jpg\",\"contentUrl\":\"https:\/\/www.inteligenia.info\/wp-content\/uploads\/2025\/04\/visualization-energy-flowing-through-power-tower-lines-night-sky-infrastructure-ensuring-transmission-electricity-through-voltage-distribution-cables-3d-render-animation-scaled.jpg\",\"width\":2560,\"height\":1575,\"caption\":\"Visualization of energy flowing through power tower lines over night sky. Infrastructure ensuring transmission of electricity through voltage distribution cables, 3D render animation\"},{\"@type\":\"BreadcrumbList\",\"@id\":\"https:\/\/www.inteligenia.info\/home\/apagon-electrico-del-28-de-abril-de-2025-en-espana-primer-analisis-tecnico-hipotesis-y-escenarios-de-futuro\/#breadcrumb\",\"itemListElement\":[{\"@type\":\"ListItem\",\"position\":1,\"name\":\"Portada\",\"item\":\"https:\/\/www.inteligenia.info\/home\/\"},{\"@type\":\"ListItem\",\"position\":2,\"name\":\"Apag\u00f3n El\u00e9ctrico del 28 de abril de 2025 en Espa\u00f1a Primer An\u00e1lisis T\u00e9cnico, Hip\u00f3tesis y Escenarios de Futuro\"}]},{\"@type\":\"WebSite\",\"@id\":\"https:\/\/www.inteligenia.info\/home\/#website\",\"url\":\"https:\/\/www.inteligenia.info\/home\/\",\"name\":\"Inteligenia\",\"description\":\"\",\"publisher\":{\"@id\":\"https:\/\/www.inteligenia.info\/home\/#organization\"},\"potentialAction\":[{\"@type\":\"SearchAction\",\"target\":{\"@type\":\"EntryPoint\",\"urlTemplate\":\"https:\/\/www.inteligenia.info\/home\/?s={search_term_string}\"},\"query-input\":{\"@type\":\"PropertyValueSpecification\",\"valueRequired\":true,\"valueName\":\"search_term_string\"}}],\"inLanguage\":\"es\"},{\"@type\":\"Organization\",\"@id\":\"https:\/\/www.inteligenia.info\/home\/#organization\",\"name\":\"Inteligenia\",\"url\":\"https:\/\/www.inteligenia.info\/home\/\",\"logo\":{\"@type\":\"ImageObject\",\"inLanguage\":\"es\",\"@id\":\"https:\/\/www.inteligenia.info\/home\/#\/schema\/logo\/image\/\",\"url\":\"https:\/\/www.inteligenia.info\/wp-content\/uploads\/2024\/06\/transparent_logo-1-e1718047668142.png\",\"contentUrl\":\"https:\/\/www.inteligenia.info\/wp-content\/uploads\/2024\/06\/transparent_logo-1-e1718047668142.png\",\"width\":674,\"height\":141,\"caption\":\"Inteligenia\"},\"image\":{\"@id\":\"https:\/\/www.inteligenia.info\/home\/#\/schema\/logo\/image\/\"},\"sameAs\":[\"https:\/\/x.com\/INTELIGENIA_\",\"https:\/\/www.linkedin.com\/company\/inteligenia\/?viewAsMember=true\"]},{\"@type\":\"Person\",\"@id\":\"https:\/\/www.inteligenia.info\/home\/#\/schema\/person\/1bf90ee63c207f611a224f9c17dbf031\",\"name\":\"admin\",\"image\":{\"@type\":\"ImageObject\",\"inLanguage\":\"es\",\"@id\":\"https:\/\/www.inteligenia.info\/home\/#\/schema\/person\/image\/\",\"url\":\"https:\/\/secure.gravatar.com\/avatar\/ed712be762908ac190eb3beb8cf9efb0dc9c425bd7b69d40ba8746efca2909c6?s=96&d=mm&r=g\",\"contentUrl\":\"https:\/\/secure.gravatar.com\/avatar\/ed712be762908ac190eb3beb8cf9efb0dc9c425bd7b69d40ba8746efca2909c6?s=96&d=mm&r=g\",\"caption\":\"admin\"},\"sameAs\":[\"http:\/\/www.inteligenia.info\"],\"url\":\"https:\/\/www.inteligenia.info\/home\/author\/admin\/\"}]}<\/script>\n<!-- \/ Yoast SEO plugin. -->","yoast_head_json":{"title":"Apag\u00f3n El\u00e9ctrico del 28 de abril de 2025 en Espa\u00f1a Primer An\u00e1lisis T\u00e9cnico, Hip\u00f3tesis y Escenarios de Futuro - Inteligenia","robots":{"index":"index","follow":"follow","max-snippet":"max-snippet:-1","max-image-preview":"max-image-preview:large","max-video-preview":"max-video-preview:-1"},"canonical":"https:\/\/www.inteligenia.info\/home\/apagon-electrico-del-28-de-abril-de-2025-en-espana-primer-analisis-tecnico-hipotesis-y-escenarios-de-futuro\/","og_locale":"es_ES","og_type":"article","og_title":"Apag\u00f3n El\u00e9ctrico del 28 de abril de 2025 en Espa\u00f1a Primer An\u00e1lisis T\u00e9cnico, Hip\u00f3tesis y Escenarios de Futuro - Inteligenia","og_description":"1. INTRODUCCION El lunes 28 de abril de 2025, a las 12:33 (hora peninsular), Espa\u00f1a sufri\u00f3 el mayor colapso el\u00e9ctrico de su historia reciente. Una abrupta ca\u00edda de generaci\u00f3n de m\u00e1s de 15.000 megavatios \u2014equivalente al 60% de la demanda nacional en ese momento\u2014 provoc\u00f3 una desconexi\u00f3n autom\u00e1tica de la red el\u00e9ctrica espa\u00f1ola del sistema [&hellip;]","og_url":"https:\/\/www.inteligenia.info\/home\/apagon-electrico-del-28-de-abril-de-2025-en-espana-primer-analisis-tecnico-hipotesis-y-escenarios-de-futuro\/","og_site_name":"Inteligenia","article_published_time":"2025-04-29T10:12:06+00:00","og_image":[{"width":2560,"height":1575,"url":"https:\/\/www.inteligenia.info\/wp-content\/uploads\/2025\/04\/visualization-energy-flowing-through-power-tower-lines-night-sky-infrastructure-ensuring-transmission-electricity-through-voltage-distribution-cables-3d-render-animation-scaled.jpg","type":"image\/jpeg"}],"author":"admin","twitter_card":"summary_large_image","twitter_creator":"@INTELIGENIA_","twitter_site":"@INTELIGENIA_","twitter_misc":{"Escrito por":"admin","Tiempo de lectura":"10 minutos"},"schema":{"@context":"https:\/\/schema.org","@graph":[{"@type":"Article","@id":"https:\/\/www.inteligenia.info\/home\/apagon-electrico-del-28-de-abril-de-2025-en-espana-primer-analisis-tecnico-hipotesis-y-escenarios-de-futuro\/#article","isPartOf":{"@id":"https:\/\/www.inteligenia.info\/home\/apagon-electrico-del-28-de-abril-de-2025-en-espana-primer-analisis-tecnico-hipotesis-y-escenarios-de-futuro\/"},"author":{"name":"admin","@id":"https:\/\/www.inteligenia.info\/home\/#\/schema\/person\/1bf90ee63c207f611a224f9c17dbf031"},"headline":"Apag\u00f3n El\u00e9ctrico del 28 de abril de 2025 en Espa\u00f1a Primer An\u00e1lisis T\u00e9cnico, Hip\u00f3tesis y Escenarios de Futuro","datePublished":"2025-04-29T10:12:06+00:00","mainEntityOfPage":{"@id":"https:\/\/www.inteligenia.info\/home\/apagon-electrico-del-28-de-abril-de-2025-en-espana-primer-analisis-tecnico-hipotesis-y-escenarios-de-futuro\/"},"wordCount":2327,"commentCount":1,"publisher":{"@id":"https:\/\/www.inteligenia.info\/home\/#organization"},"image":{"@id":"https:\/\/www.inteligenia.info\/home\/apagon-electrico-del-28-de-abril-de-2025-en-espana-primer-analisis-tecnico-hipotesis-y-escenarios-de-futuro\/#primaryimage"},"thumbnailUrl":"https:\/\/www.inteligenia.info\/wp-content\/uploads\/2025\/04\/visualization-energy-flowing-through-power-tower-lines-night-sky-infrastructure-ensuring-transmission-electricity-through-voltage-distribution-cables-3d-render-animation-scaled.jpg","articleSection":["Art\u00edculos","Tecnolog\u00eda"],"inLanguage":"es","potentialAction":[{"@type":"CommentAction","name":"Comment","target":["https:\/\/www.inteligenia.info\/home\/apagon-electrico-del-28-de-abril-de-2025-en-espana-primer-analisis-tecnico-hipotesis-y-escenarios-de-futuro\/#respond"]}]},{"@type":"WebPage","@id":"https:\/\/www.inteligenia.info\/home\/apagon-electrico-del-28-de-abril-de-2025-en-espana-primer-analisis-tecnico-hipotesis-y-escenarios-de-futuro\/","url":"https:\/\/www.inteligenia.info\/home\/apagon-electrico-del-28-de-abril-de-2025-en-espana-primer-analisis-tecnico-hipotesis-y-escenarios-de-futuro\/","name":"Apag\u00f3n El\u00e9ctrico del 28 de abril de 2025 en Espa\u00f1a Primer An\u00e1lisis T\u00e9cnico, Hip\u00f3tesis y Escenarios de Futuro - Inteligenia","isPartOf":{"@id":"https:\/\/www.inteligenia.info\/home\/#website"},"primaryImageOfPage":{"@id":"https:\/\/www.inteligenia.info\/home\/apagon-electrico-del-28-de-abril-de-2025-en-espana-primer-analisis-tecnico-hipotesis-y-escenarios-de-futuro\/#primaryimage"},"image":{"@id":"https:\/\/www.inteligenia.info\/home\/apagon-electrico-del-28-de-abril-de-2025-en-espana-primer-analisis-tecnico-hipotesis-y-escenarios-de-futuro\/#primaryimage"},"thumbnailUrl":"https:\/\/www.inteligenia.info\/wp-content\/uploads\/2025\/04\/visualization-energy-flowing-through-power-tower-lines-night-sky-infrastructure-ensuring-transmission-electricity-through-voltage-distribution-cables-3d-render-animation-scaled.jpg","datePublished":"2025-04-29T10:12:06+00:00","breadcrumb":{"@id":"https:\/\/www.inteligenia.info\/home\/apagon-electrico-del-28-de-abril-de-2025-en-espana-primer-analisis-tecnico-hipotesis-y-escenarios-de-futuro\/#breadcrumb"},"inLanguage":"es","potentialAction":[{"@type":"ReadAction","target":["https:\/\/www.inteligenia.info\/home\/apagon-electrico-del-28-de-abril-de-2025-en-espana-primer-analisis-tecnico-hipotesis-y-escenarios-de-futuro\/"]}]},{"@type":"ImageObject","inLanguage":"es","@id":"https:\/\/www.inteligenia.info\/home\/apagon-electrico-del-28-de-abril-de-2025-en-espana-primer-analisis-tecnico-hipotesis-y-escenarios-de-futuro\/#primaryimage","url":"https:\/\/www.inteligenia.info\/wp-content\/uploads\/2025\/04\/visualization-energy-flowing-through-power-tower-lines-night-sky-infrastructure-ensuring-transmission-electricity-through-voltage-distribution-cables-3d-render-animation-scaled.jpg","contentUrl":"https:\/\/www.inteligenia.info\/wp-content\/uploads\/2025\/04\/visualization-energy-flowing-through-power-tower-lines-night-sky-infrastructure-ensuring-transmission-electricity-through-voltage-distribution-cables-3d-render-animation-scaled.jpg","width":2560,"height":1575,"caption":"Visualization of energy flowing through power tower lines over night sky. Infrastructure ensuring transmission of electricity through voltage distribution cables, 3D render animation"},{"@type":"BreadcrumbList","@id":"https:\/\/www.inteligenia.info\/home\/apagon-electrico-del-28-de-abril-de-2025-en-espana-primer-analisis-tecnico-hipotesis-y-escenarios-de-futuro\/#breadcrumb","itemListElement":[{"@type":"ListItem","position":1,"name":"Portada","item":"https:\/\/www.inteligenia.info\/home\/"},{"@type":"ListItem","position":2,"name":"Apag\u00f3n El\u00e9ctrico del 28 de abril de 2025 en Espa\u00f1a Primer An\u00e1lisis T\u00e9cnico, Hip\u00f3tesis y Escenarios de Futuro"}]},{"@type":"WebSite","@id":"https:\/\/www.inteligenia.info\/home\/#website","url":"https:\/\/www.inteligenia.info\/home\/","name":"Inteligenia","description":"","publisher":{"@id":"https:\/\/www.inteligenia.info\/home\/#organization"},"potentialAction":[{"@type":"SearchAction","target":{"@type":"EntryPoint","urlTemplate":"https:\/\/www.inteligenia.info\/home\/?s={search_term_string}"},"query-input":{"@type":"PropertyValueSpecification","valueRequired":true,"valueName":"search_term_string"}}],"inLanguage":"es"},{"@type":"Organization","@id":"https:\/\/www.inteligenia.info\/home\/#organization","name":"Inteligenia","url":"https:\/\/www.inteligenia.info\/home\/","logo":{"@type":"ImageObject","inLanguage":"es","@id":"https:\/\/www.inteligenia.info\/home\/#\/schema\/logo\/image\/","url":"https:\/\/www.inteligenia.info\/wp-content\/uploads\/2024\/06\/transparent_logo-1-e1718047668142.png","contentUrl":"https:\/\/www.inteligenia.info\/wp-content\/uploads\/2024\/06\/transparent_logo-1-e1718047668142.png","width":674,"height":141,"caption":"Inteligenia"},"image":{"@id":"https:\/\/www.inteligenia.info\/home\/#\/schema\/logo\/image\/"},"sameAs":["https:\/\/x.com\/INTELIGENIA_","https:\/\/www.linkedin.com\/company\/inteligenia\/?viewAsMember=true"]},{"@type":"Person","@id":"https:\/\/www.inteligenia.info\/home\/#\/schema\/person\/1bf90ee63c207f611a224f9c17dbf031","name":"admin","image":{"@type":"ImageObject","inLanguage":"es","@id":"https:\/\/www.inteligenia.info\/home\/#\/schema\/person\/image\/","url":"https:\/\/secure.gravatar.com\/avatar\/ed712be762908ac190eb3beb8cf9efb0dc9c425bd7b69d40ba8746efca2909c6?s=96&d=mm&r=g","contentUrl":"https:\/\/secure.gravatar.com\/avatar\/ed712be762908ac190eb3beb8cf9efb0dc9c425bd7b69d40ba8746efca2909c6?s=96&d=mm&r=g","caption":"admin"},"sameAs":["http:\/\/www.inteligenia.info"],"url":"https:\/\/www.inteligenia.info\/home\/author\/admin\/"}]}},"_links":{"self":[{"href":"https:\/\/www.inteligenia.info\/home\/wp-json\/wp\/v2\/posts\/992","targetHints":{"allow":["GET"]}}],"collection":[{"href":"https:\/\/www.inteligenia.info\/home\/wp-json\/wp\/v2\/posts"}],"about":[{"href":"https:\/\/www.inteligenia.info\/home\/wp-json\/wp\/v2\/types\/post"}],"author":[{"embeddable":true,"href":"https:\/\/www.inteligenia.info\/home\/wp-json\/wp\/v2\/users\/1"}],"replies":[{"embeddable":true,"href":"https:\/\/www.inteligenia.info\/home\/wp-json\/wp\/v2\/comments?post=992"}],"version-history":[{"count":1,"href":"https:\/\/www.inteligenia.info\/home\/wp-json\/wp\/v2\/posts\/992\/revisions"}],"predecessor-version":[{"id":994,"href":"https:\/\/www.inteligenia.info\/home\/wp-json\/wp\/v2\/posts\/992\/revisions\/994"}],"wp:featuredmedia":[{"embeddable":true,"href":"https:\/\/www.inteligenia.info\/home\/wp-json\/wp\/v2\/media\/993"}],"wp:attachment":[{"href":"https:\/\/www.inteligenia.info\/home\/wp-json\/wp\/v2\/media?parent=992"}],"wp:term":[{"taxonomy":"category","embeddable":true,"href":"https:\/\/www.inteligenia.info\/home\/wp-json\/wp\/v2\/categories?post=992"},{"taxonomy":"post_tag","embeddable":true,"href":"https:\/\/www.inteligenia.info\/home\/wp-json\/wp\/v2\/tags?post=992"}],"curies":[{"name":"wp","href":"https:\/\/api.w.org\/{rel}","templated":true}]}}